{"id":33806,"date":"2024-10-08T12:55:28","date_gmt":"2024-10-08T10:55:28","guid":{"rendered":"https:\/\/www.sindicaturabarcelona.cat\/?p=33806"},"modified":"2024-10-08T13:03:08","modified_gmt":"2024-10-08T11:03:08","slug":"la-feria-de-atracciones-de-la-fiesta-mayor-de-sarria-motivo-de-queja-de-varias-comunidades-de-vecinos-y-vecinas-de-la-zona","status":"publish","type":"post","link":"https:\/\/www.sindicaturabarcelona.cat\/es\/la-feria-de-atracciones-de-la-fiesta-mayor-de-sarria-motivo-de-queja-de-varias-comunidades-de-vecinos-y-vecinas-de-la-zona\/","title":{"rendered":"La feria de atracciones de la Fiesta Mayor de Sarri\u00e1, motivo de queja de varias comunidades de vecinos y vecinas de la zona"},"content":{"rendered":"\n<h2 class=\"wp-block-heading\"><strong><a href=\"https:\/\/www.sindicaturabarcelona.cat\/wp-content\/uploads\/202410_Dret-descans-i-dret-seguretat_molesties-acustiques-derivades-de-la-fira-datraccions-de-la-FM-de-Sarria_24Q000367.pdf\" target=\"_blank\" rel=\"noreferrer noopener\">La Sindicatura ha determinado que la actuaci\u00f3n del Distrito ha sido adecuada en cuanto a la respuesta facilitada al vecindario afectado<\/a>, y le anima a continuar garantizando eficazmente los derechos fundamentales de la ciudadan\u00eda.<\/strong><\/h2>\n\n\n\n<p><strong>Barcelona, 8 de octubre de 2024 \u2013 <\/strong>En el contexto de una nueva edici\u00f3n de la Fiesta Mayor de Sarri\u00e1, la Sindicatura de Greuges de Barcelona ha resuelto una queja de varias comunidades vecinales del barrio, que <strong>denunciaron las molestias ac\u00fasticas ocasionadas durante los 24 d\u00edas que la feria de atracciones est\u00e1 instalada en la zona central de la V\u00eda Augusta (entre las calles Dolors Monserd\u00e0 y el paseo de la Bonanova).<\/strong><\/p>\n\n\n\n<p>Adem\u00e1s de los ruidos, las personas promotoras de la queja <strong>tambi\u00e9n expon\u00edan su preocupaci\u00f3n por el control de seguridad de las atracciones, as\u00ed como por la ubicaci\u00f3n de la pista de coches y la duraci\u00f3n excesiva de la feria<\/strong>. Esta queja vecinal a la Sindicatura tambi\u00e9n fue formulada mediante una instancia municipal, que fue respondida en el plazo establecido.<\/p>\n\n\n\n<h2 class=\"wp-block-heading\"><strong>La respuesta municipal a la instancia presentada por el vecindario<\/strong><\/h2>\n\n\n\n<p>En lo referente al <strong>control ac\u00fastico<\/strong>, el Distrito informa que solo se podr\u00e1 poner m\u00fasica, anuncios, sirenas o cualquier otro de las 11 a las 13 h y de las 17 a las 21 h. Este sonido no podr\u00e1 sobrepasar los decibelios determinados en la Ordenanza de Medio Ambiente.<\/p>\n\n\n\n<p>Relativo al <strong>control de seguridad estructural de las atracciones<\/strong>, el Distrito verifica la mencionada seguridad mediante la aportaci\u00f3n, por parte de los titulares de las atracciones, de un certificado firmado por un t\u00e9cnico competente. Antes de que se ponga en marcha, un t\u00e9cnico competente emite el informe de validaci\u00f3n de toda la feria en conjunto. En cuanto al cableado, desde el Distrito se har\u00e1 seguimiento de la instalaci\u00f3n y se exigir\u00e1 a los feriantes, si procede, la protecci\u00f3n correspondiente.<\/p>\n\n\n\n<p>En cuanto a la petici\u00f3n de <strong>cambio de ubicaci\u00f3n de la pista de coches de choque<\/strong>, se ha acordado ponerla en la parte superior de la feria, junto al c\/ Dolors Monserd\u00e0.<\/p>\n\n\n\n<p>Respecto a la <strong>duraci\u00f3n de la feria<\/strong>, el Distrito comunica que es consciente que la zona de los entornos de la feria soporta una actividad intensiva durante los d\u00edas que dura. Por este motivo, se trabaja para ir reduciendo la duraci\u00f3n progresivamente.<\/p>\n\n\n\n<p>En este contexto, la Sindicatura de Greuges de Barcelona ha determinado que la actuaci\u00f3n del <a href=\"https:\/\/ajuntament.barcelona.cat\/sarria-santgervasi\/es\" target=\"_blank\" rel=\"noreferrer noopener\">Distrito de Sarri\u00e1-Sant Gervasi<\/a> ha sido adecuada en cuanto a la respuesta facilitada, y le anima a continuar garantizando eficazmente los derechos fundamentales de la ciudadan\u00eda. Y lo hace mediante dos recomendaciones y una sugerencia al distrito, as\u00ed como una recomendaci\u00f3n al vecindario afectado:<\/p>\n\n\n\n<figure class=\"wp-block-table\"><table class=\"has-fixed-layout\"><tbody><tr><td>&#8211; <strong>Recomendar al Distrito de Sarri\u00e1-Sant Gervasi<\/strong> que supervise la validez e idoneidad de todos los certificados t\u00e9cnicos que se requieran para la autorizaci\u00f3n de la feria de atracciones antes de su puesta en funcionamiento.\u00a0<br><br>&#8211; <strong>Recomendar al Distrito de Sarri\u00e1-Sant Gervasi<\/strong> que haga un control exhaustivo del cumplimiento del horario y de las condiciones de funcionamiento de la feria.\u00a0<br><br>&#8211; <strong>Recomendar a las personas vecinas<\/strong> que, en caso de detectar cualquier incidencia que pueda afectar la seguridad ciudadana, llamen al 112.\u00a0<br><br>&#8211; <strong>Sugerir al Distrito de Sarri\u00e1-Sant Gervasi<\/strong> que valore otras posibles ubicaciones m\u00e1s adecuadas para instalar la feria de cara a futuras ediciones. \u00a0<\/td><\/tr><\/tbody><\/table><\/figure>\n\n\n\n<p>Durante la celebraci\u00f3n de la Fiesta Mayor de Sarri\u00e1, la Sindicatura estar\u00e1 atenta a la convivencia en este emplazamiento que acoge la feria de atracciones, con el objetivo de garantizar el derecho al descanso del vecindario y el derecho a la seguridad ciudadana.<\/p>\n","protected":false},"excerpt":{"rendered":"<p>La Sindicatura ha determinado que la actuaci\u00f3n del Distrito ha sido adecuada en cuanto a la respuesta facilitada al vecindario afectado, y le anima a continuar garantizando eficazmente los derechos [&hellip;]<\/p>\n","protected":false},"author":2,"featured_media":33802,"comment_status":"closed","ping_status":"closed","sticky":false,"template":"","format":"standard","meta":{"_acf_changed":false,"footnotes":""},"tags":[],"drets":[1583,1477,1596,1584],"class_list":["post-33806","post","type-post","status-publish","format-standard","has-post-thumbnail","hentry","drets-ciudad-garantista","drets-ciudad-habitable-y-sostenible","drets-derecho-al-descanso","drets-derecho-a-la-seguridad-ciudadana"],"acf":[],"yoast_head":"<!-- This site is optimized with the Yoast SEO plugin v27.5 - https:\/\/yoast.com\/product\/yoast-seo-wordpress\/ -->\n<title>La feria de atracciones de la Fiesta Mayor de Sarri\u00e1, motivo de queja de varias comunidades de vecinos y vecinas de la zona - Sindicatura de Greuges de Barcelona<\/title>\n<meta name=\"description\" content=\"Durante la celebraci\u00f3n de la FM de Sarri\u00e1, la Sindicatura estar\u00e1 atenta a la convivencia en este emplazamiento que acoge la feria de atracciones...\" \/>\n<meta name=\"robots\" content=\"index, follow, max-snippet:-1, max-image-preview:large, max-video-preview:-1\" \/>\n<link rel=\"canonical\" href=\"https:\/\/www.sindicaturabarcelona.cat\/es\/la-feria-de-atracciones-de-la-fiesta-mayor-de-sarria-motivo-de-queja-de-varias-comunidades-de-vecinos-y-vecinas-de-la-zona\/\" \/>\n<meta property=\"og:locale\" content=\"es_ES\" \/>\n<meta property=\"og:type\" content=\"article\" \/>\n<meta property=\"og:title\" content=\"La feria de atracciones de la Fiesta Mayor de Sarri\u00e1, motivo de queja de varias comunidades de vecinos y vecinas de la zona - Sindicatura de Greuges de Barcelona\" \/>\n<meta property=\"og:description\" content=\"Durante la celebraci\u00f3n de la FM de Sarri\u00e1, la Sindicatura estar\u00e1 atenta a la convivencia en este emplazamiento que acoge la feria de atracciones...\" \/>\n<meta property=\"og:url\" content=\"https:\/\/www.sindicaturabarcelona.cat\/es\/la-feria-de-atracciones-de-la-fiesta-mayor-de-sarria-motivo-de-queja-de-varias-comunidades-de-vecinos-y-vecinas-de-la-zona\/\" \/>\n<meta property=\"og:site_name\" content=\"Sindicatura de Greuges de Barcelona\" \/>\n<meta property=\"article:published_time\" content=\"2024-10-08T10:55:28+00:00\" \/>\n<meta property=\"article:modified_time\" content=\"2024-10-08T11:03:08+00:00\" \/>\n<meta property=\"og:image\" content=\"https:\/\/www.sindicaturabarcelona.cat\/wp-content\/uploads\/atraccions.760x428.6c766a68.jpg\" \/>\n\t<meta property=\"og:image:width\" content=\"760\" \/>\n\t<meta property=\"og:image:height\" content=\"428\" \/>\n\t<meta property=\"og:image:type\" content=\"image\/jpeg\" \/>\n<meta name=\"author\" content=\"Pablo\" \/>\n<meta name=\"twitter:card\" content=\"summary_large_image\" \/>\n<meta name=\"twitter:creator\" content=\"@sindicbarcelona\" \/>\n<meta name=\"twitter:site\" content=\"@sindicbarcelona\" \/>\n<meta name=\"twitter:label1\" content=\"Escrito por\" \/>\n\t<meta name=\"twitter:data1\" content=\"Pablo\" \/>\n\t<meta name=\"twitter:label2\" content=\"Tiempo de lectura\" \/>\n\t<meta name=\"twitter:data2\" content=\"4 minutos\" \/>\n<script type=\"application\/ld+json\" class=\"yoast-schema-graph\">{\"@context\":\"https:\\\/\\\/schema.org\",\"@graph\":[{\"@type\":\"Article\",\"@id\":\"https:\\\/\\\/www.sindicaturabarcelona.cat\\\/es\\\/la-feria-de-atracciones-de-la-fiesta-mayor-de-sarria-motivo-de-queja-de-varias-comunidades-de-vecinos-y-vecinas-de-la-zona\\\/#article\",\"isPartOf\":{\"@id\":\"https:\\\/\\\/www.sindicaturabarcelona.cat\\\/es\\\/la-feria-de-atracciones-de-la-fiesta-mayor-de-sarria-motivo-de-queja-de-varias-comunidades-de-vecinos-y-vecinas-de-la-zona\\\/\"},\"author\":{\"name\":\"Pablo\",\"@id\":\"https:\\\/\\\/www.sindicaturabarcelona.cat\\\/es\\\/#\\\/schema\\\/person\\\/0e5acffc350ffdbc97578159322c9452\"},\"headline\":\"La feria de atracciones de la Fiesta Mayor de Sarri\u00e1, motivo de queja de varias comunidades de vecinos y vecinas de la zona\",\"datePublished\":\"2024-10-08T10:55:28+00:00\",\"dateModified\":\"2024-10-08T11:03:08+00:00\",\"mainEntityOfPage\":{\"@id\":\"https:\\\/\\\/www.sindicaturabarcelona.cat\\\/es\\\/la-feria-de-atracciones-de-la-fiesta-mayor-de-sarria-motivo-de-queja-de-varias-comunidades-de-vecinos-y-vecinas-de-la-zona\\\/\"},\"wordCount\":635,\"publisher\":{\"@id\":\"https:\\\/\\\/www.sindicaturabarcelona.cat\\\/es\\\/#organization\"},\"image\":{\"@id\":\"https:\\\/\\\/www.sindicaturabarcelona.cat\\\/es\\\/la-feria-de-atracciones-de-la-fiesta-mayor-de-sarria-motivo-de-queja-de-varias-comunidades-de-vecinos-y-vecinas-de-la-zona\\\/#primaryimage\"},\"thumbnailUrl\":\"https:\\\/\\\/www.sindicaturabarcelona.cat\\\/wp-content\\\/uploads\\\/atraccions.760x428.6c766a68.jpg\",\"inLanguage\":\"es\"},{\"@type\":\"WebPage\",\"@id\":\"https:\\\/\\\/www.sindicaturabarcelona.cat\\\/es\\\/la-feria-de-atracciones-de-la-fiesta-mayor-de-sarria-motivo-de-queja-de-varias-comunidades-de-vecinos-y-vecinas-de-la-zona\\\/\",\"url\":\"https:\\\/\\\/www.sindicaturabarcelona.cat\\\/es\\\/la-feria-de-atracciones-de-la-fiesta-mayor-de-sarria-motivo-de-queja-de-varias-comunidades-de-vecinos-y-vecinas-de-la-zona\\\/\",\"name\":\"La feria de atracciones de la Fiesta Mayor de Sarri\u00e1, motivo de queja de varias comunidades de vecinos y vecinas de la zona - Sindicatura de Greuges de Barcelona\",\"isPartOf\":{\"@id\":\"https:\\\/\\\/www.sindicaturabarcelona.cat\\\/es\\\/#website\"},\"primaryImageOfPage\":{\"@id\":\"https:\\\/\\\/www.sindicaturabarcelona.cat\\\/es\\\/la-feria-de-atracciones-de-la-fiesta-mayor-de-sarria-motivo-de-queja-de-varias-comunidades-de-vecinos-y-vecinas-de-la-zona\\\/#primaryimage\"},\"image\":{\"@id\":\"https:\\\/\\\/www.sindicaturabarcelona.cat\\\/es\\\/la-feria-de-atracciones-de-la-fiesta-mayor-de-sarria-motivo-de-queja-de-varias-comunidades-de-vecinos-y-vecinas-de-la-zona\\\/#primaryimage\"},\"thumbnailUrl\":\"https:\\\/\\\/www.sindicaturabarcelona.cat\\\/wp-content\\\/uploads\\\/atraccions.760x428.6c766a68.jpg\",\"datePublished\":\"2024-10-08T10:55:28+00:00\",\"dateModified\":\"2024-10-08T11:03:08+00:00\",\"description\":\"Durante la celebraci\u00f3n de la FM de Sarri\u00e1, la Sindicatura estar\u00e1 atenta a la convivencia en este emplazamiento que acoge la feria de atracciones...\",\"breadcrumb\":{\"@id\":\"https:\\\/\\\/www.sindicaturabarcelona.cat\\\/es\\\/la-feria-de-atracciones-de-la-fiesta-mayor-de-sarria-motivo-de-queja-de-varias-comunidades-de-vecinos-y-vecinas-de-la-zona\\\/#breadcrumb\"},\"inLanguage\":\"es\",\"potentialAction\":[{\"@type\":\"ReadAction\",\"target\":[\"https:\\\/\\\/www.sindicaturabarcelona.cat\\\/es\\\/la-feria-de-atracciones-de-la-fiesta-mayor-de-sarria-motivo-de-queja-de-varias-comunidades-de-vecinos-y-vecinas-de-la-zona\\\/\"]}]},{\"@type\":\"ImageObject\",\"inLanguage\":\"es\",\"@id\":\"https:\\\/\\\/www.sindicaturabarcelona.cat\\\/es\\\/la-feria-de-atracciones-de-la-fiesta-mayor-de-sarria-motivo-de-queja-de-varias-comunidades-de-vecinos-y-vecinas-de-la-zona\\\/#primaryimage\",\"url\":\"https:\\\/\\\/www.sindicaturabarcelona.cat\\\/wp-content\\\/uploads\\\/atraccions.760x428.6c766a68.jpg\",\"contentUrl\":\"https:\\\/\\\/www.sindicaturabarcelona.cat\\\/wp-content\\\/uploads\\\/atraccions.760x428.6c766a68.jpg\",\"width\":760,\"height\":428,\"caption\":\"Fira d'atraccions\"},{\"@type\":\"BreadcrumbList\",\"@id\":\"https:\\\/\\\/www.sindicaturabarcelona.cat\\\/es\\\/la-feria-de-atracciones-de-la-fiesta-mayor-de-sarria-motivo-de-queja-de-varias-comunidades-de-vecinos-y-vecinas-de-la-zona\\\/#breadcrumb\",\"itemListElement\":[{\"@type\":\"ListItem\",\"position\":1,\"name\":\"Inici\",\"item\":\"https:\\\/\\\/www.sindicaturabarcelona.cat\\\/es\\\/\"},{\"@type\":\"ListItem\",\"position\":2,\"name\":\"La feria de atracciones de la Fiesta Mayor de Sarri\u00e1, motivo de queja de varias comunidades de vecinos y vecinas de la zona\"}]},{\"@type\":\"WebSite\",\"@id\":\"https:\\\/\\\/www.sindicaturabarcelona.cat\\\/es\\\/#website\",\"url\":\"https:\\\/\\\/www.sindicaturabarcelona.cat\\\/es\\\/\",\"name\":\"Sindicatura de Greuges de Barcelona\",\"description\":\"La defensoria dels teus drets\",\"publisher\":{\"@id\":\"https:\\\/\\\/www.sindicaturabarcelona.cat\\\/es\\\/#organization\"},\"potentialAction\":[{\"@type\":\"SearchAction\",\"target\":{\"@type\":\"EntryPoint\",\"urlTemplate\":\"https:\\\/\\\/www.sindicaturabarcelona.cat\\\/es\\\/?s={search_term_string}\"},\"query-input\":{\"@type\":\"PropertyValueSpecification\",\"valueRequired\":true,\"valueName\":\"search_term_string\"}}],\"inLanguage\":\"es\"},{\"@type\":\"Organization\",\"@id\":\"https:\\\/\\\/www.sindicaturabarcelona.cat\\\/es\\\/#organization\",\"name\":\"Sindicatura de Greuges de Barcelona\",\"url\":\"https:\\\/\\\/www.sindicaturabarcelona.cat\\\/es\\\/\",\"logo\":{\"@type\":\"ImageObject\",\"inLanguage\":\"es\",\"@id\":\"https:\\\/\\\/www.sindicaturabarcelona.cat\\\/es\\\/#\\\/schema\\\/logo\\\/image\\\/\",\"url\":\"https:\\\/\\\/www.sindicaturabarcelona.cat\\\/wp-content\\\/uploads\\\/2023\\\/02\\\/logo_sindicatura.svg\",\"contentUrl\":\"https:\\\/\\\/www.sindicaturabarcelona.cat\\\/wp-content\\\/uploads\\\/2023\\\/02\\\/logo_sindicatura.svg\",\"caption\":\"Sindicatura de Greuges de Barcelona\"},\"image\":{\"@id\":\"https:\\\/\\\/www.sindicaturabarcelona.cat\\\/es\\\/#\\\/schema\\\/logo\\\/image\\\/\"},\"sameAs\":[\"https:\\\/\\\/x.com\\\/sindicbarcelona\",\"https:\\\/\\\/www.instagram.com\\\/sindicbarcelona\\\/\",\"https:\\\/\\\/www.tiktok.com\\\/@sindicaturabcn\",\"https:\\\/\\\/t.me\\\/sindicaturabarcelona\"]},{\"@type\":\"Person\",\"@id\":\"https:\\\/\\\/www.sindicaturabarcelona.cat\\\/es\\\/#\\\/schema\\\/person\\\/0e5acffc350ffdbc97578159322c9452\",\"name\":\"Pablo\",\"image\":{\"@type\":\"ImageObject\",\"inLanguage\":\"es\",\"@id\":\"https:\\\/\\\/secure.gravatar.com\\\/avatar\\\/c948169b402ef9492afde705c3dfd5e90e1a6a84ef6840a91124f805a25a480f?s=96&d=mm&r=g\",\"url\":\"https:\\\/\\\/secure.gravatar.com\\\/avatar\\\/c948169b402ef9492afde705c3dfd5e90e1a6a84ef6840a91124f805a25a480f?s=96&d=mm&r=g\",\"contentUrl\":\"https:\\\/\\\/secure.gravatar.com\\\/avatar\\\/c948169b402ef9492afde705c3dfd5e90e1a6a84ef6840a91124f805a25a480f?s=96&d=mm&r=g\",\"caption\":\"Pablo\"},\"url\":\"https:\\\/\\\/www.sindicaturabarcelona.cat\\\/es\\\/author\\\/pablo\\\/\"}]}<\/script>\n<!-- \/ Yoast SEO plugin. -->","yoast_head_json":{"title":"La feria de atracciones de la Fiesta Mayor de Sarri\u00e1, motivo de queja de varias comunidades de vecinos y vecinas de la zona - Sindicatura de Greuges de Barcelona","description":"Durante la celebraci\u00f3n de la FM de Sarri\u00e1, la Sindicatura estar\u00e1 atenta a la convivencia en este emplazamiento que acoge la feria de atracciones...","robots":{"index":"index","follow":"follow","max-snippet":"max-snippet:-1","max-image-preview":"max-image-preview:large","max-video-preview":"max-video-preview:-1"},"canonical":"https:\/\/www.sindicaturabarcelona.cat\/es\/la-feria-de-atracciones-de-la-fiesta-mayor-de-sarria-motivo-de-queja-de-varias-comunidades-de-vecinos-y-vecinas-de-la-zona\/","og_locale":"es_ES","og_type":"article","og_title":"La feria de atracciones de la Fiesta Mayor de Sarri\u00e1, motivo de queja de varias comunidades de vecinos y vecinas de la zona - Sindicatura de Greuges de Barcelona","og_description":"Durante la celebraci\u00f3n de la FM de Sarri\u00e1, la Sindicatura estar\u00e1 atenta a la convivencia en este emplazamiento que acoge la feria de atracciones...","og_url":"https:\/\/www.sindicaturabarcelona.cat\/es\/la-feria-de-atracciones-de-la-fiesta-mayor-de-sarria-motivo-de-queja-de-varias-comunidades-de-vecinos-y-vecinas-de-la-zona\/","og_site_name":"Sindicatura de Greuges de Barcelona","article_published_time":"2024-10-08T10:55:28+00:00","article_modified_time":"2024-10-08T11:03:08+00:00","og_image":[{"width":760,"height":428,"url":"https:\/\/www.sindicaturabarcelona.cat\/wp-content\/uploads\/atraccions.760x428.6c766a68.jpg","type":"image\/jpeg"}],"author":"Pablo","twitter_card":"summary_large_image","twitter_creator":"@sindicbarcelona","twitter_site":"@sindicbarcelona","twitter_misc":{"Escrito por":"Pablo","Tiempo de lectura":"4 minutos"},"schema":{"@context":"https:\/\/schema.org","@graph":[{"@type":"Article","@id":"https:\/\/www.sindicaturabarcelona.cat\/es\/la-feria-de-atracciones-de-la-fiesta-mayor-de-sarria-motivo-de-queja-de-varias-comunidades-de-vecinos-y-vecinas-de-la-zona\/#article","isPartOf":{"@id":"https:\/\/www.sindicaturabarcelona.cat\/es\/la-feria-de-atracciones-de-la-fiesta-mayor-de-sarria-motivo-de-queja-de-varias-comunidades-de-vecinos-y-vecinas-de-la-zona\/"},"author":{"name":"Pablo","@id":"https:\/\/www.sindicaturabarcelona.cat\/es\/#\/schema\/person\/0e5acffc350ffdbc97578159322c9452"},"headline":"La feria de atracciones de la Fiesta Mayor de Sarri\u00e1, motivo de queja de varias comunidades de vecinos y vecinas de la zona","datePublished":"2024-10-08T10:55:28+00:00","dateModified":"2024-10-08T11:03:08+00:00","mainEntityOfPage":{"@id":"https:\/\/www.sindicaturabarcelona.cat\/es\/la-feria-de-atracciones-de-la-fiesta-mayor-de-sarria-motivo-de-queja-de-varias-comunidades-de-vecinos-y-vecinas-de-la-zona\/"},"wordCount":635,"publisher":{"@id":"https:\/\/www.sindicaturabarcelona.cat\/es\/#organization"},"image":{"@id":"https:\/\/www.sindicaturabarcelona.cat\/es\/la-feria-de-atracciones-de-la-fiesta-mayor-de-sarria-motivo-de-queja-de-varias-comunidades-de-vecinos-y-vecinas-de-la-zona\/#primaryimage"},"thumbnailUrl":"https:\/\/www.sindicaturabarcelona.cat\/wp-content\/uploads\/atraccions.760x428.6c766a68.jpg","inLanguage":"es"},{"@type":"WebPage","@id":"https:\/\/www.sindicaturabarcelona.cat\/es\/la-feria-de-atracciones-de-la-fiesta-mayor-de-sarria-motivo-de-queja-de-varias-comunidades-de-vecinos-y-vecinas-de-la-zona\/","url":"https:\/\/www.sindicaturabarcelona.cat\/es\/la-feria-de-atracciones-de-la-fiesta-mayor-de-sarria-motivo-de-queja-de-varias-comunidades-de-vecinos-y-vecinas-de-la-zona\/","name":"La feria de atracciones de la Fiesta Mayor de Sarri\u00e1, motivo de queja de varias comunidades de vecinos y vecinas de la zona - Sindicatura de Greuges de Barcelona","isPartOf":{"@id":"https:\/\/www.sindicaturabarcelona.cat\/es\/#website"},"primaryImageOfPage":{"@id":"https:\/\/www.sindicaturabarcelona.cat\/es\/la-feria-de-atracciones-de-la-fiesta-mayor-de-sarria-motivo-de-queja-de-varias-comunidades-de-vecinos-y-vecinas-de-la-zona\/#primaryimage"},"image":{"@id":"https:\/\/www.sindicaturabarcelona.cat\/es\/la-feria-de-atracciones-de-la-fiesta-mayor-de-sarria-motivo-de-queja-de-varias-comunidades-de-vecinos-y-vecinas-de-la-zona\/#primaryimage"},"thumbnailUrl":"https:\/\/www.sindicaturabarcelona.cat\/wp-content\/uploads\/atraccions.760x428.6c766a68.jpg","datePublished":"2024-10-08T10:55:28+00:00","dateModified":"2024-10-08T11:03:08+00:00","description":"Durante la celebraci\u00f3n de la FM de Sarri\u00e1, la Sindicatura estar\u00e1 atenta a la convivencia en este emplazamiento que acoge la feria de atracciones...","breadcrumb":{"@id":"https:\/\/www.sindicaturabarcelona.cat\/es\/la-feria-de-atracciones-de-la-fiesta-mayor-de-sarria-motivo-de-queja-de-varias-comunidades-de-vecinos-y-vecinas-de-la-zona\/#breadcrumb"},"inLanguage":"es","potentialAction":[{"@type":"ReadAction","target":["https:\/\/www.sindicaturabarcelona.cat\/es\/la-feria-de-atracciones-de-la-fiesta-mayor-de-sarria-motivo-de-queja-de-varias-comunidades-de-vecinos-y-vecinas-de-la-zona\/"]}]},{"@type":"ImageObject","inLanguage":"es","@id":"https:\/\/www.sindicaturabarcelona.cat\/es\/la-feria-de-atracciones-de-la-fiesta-mayor-de-sarria-motivo-de-queja-de-varias-comunidades-de-vecinos-y-vecinas-de-la-zona\/#primaryimage","url":"https:\/\/www.sindicaturabarcelona.cat\/wp-content\/uploads\/atraccions.760x428.6c766a68.jpg","contentUrl":"https:\/\/www.sindicaturabarcelona.cat\/wp-content\/uploads\/atraccions.760x428.6c766a68.jpg","width":760,"height":428,"caption":"Fira d'atraccions"},{"@type":"BreadcrumbList","@id":"https:\/\/www.sindicaturabarcelona.cat\/es\/la-feria-de-atracciones-de-la-fiesta-mayor-de-sarria-motivo-de-queja-de-varias-comunidades-de-vecinos-y-vecinas-de-la-zona\/#breadcrumb","itemListElement":[{"@type":"ListItem","position":1,"name":"Inici","item":"https:\/\/www.sindicaturabarcelona.cat\/es\/"},{"@type":"ListItem","position":2,"name":"La feria de atracciones de la Fiesta Mayor de Sarri\u00e1, motivo de queja de varias comunidades de vecinos y vecinas de la zona"}]},{"@type":"WebSite","@id":"https:\/\/www.sindicaturabarcelona.cat\/es\/#website","url":"https:\/\/www.sindicaturabarcelona.cat\/es\/","name":"Sindicatura de Greuges de Barcelona","description":"La defensoria dels teus drets","publisher":{"@id":"https:\/\/www.sindicaturabarcelona.cat\/es\/#organization"},"potentialAction":[{"@type":"SearchAction","target":{"@type":"EntryPoint","urlTemplate":"https:\/\/www.sindicaturabarcelona.cat\/es\/?s={search_term_string}"},"query-input":{"@type":"PropertyValueSpecification","valueRequired":true,"valueName":"search_term_string"}}],"inLanguage":"es"},{"@type":"Organization","@id":"https:\/\/www.sindicaturabarcelona.cat\/es\/#organization","name":"Sindicatura de Greuges de Barcelona","url":"https:\/\/www.sindicaturabarcelona.cat\/es\/","logo":{"@type":"ImageObject","inLanguage":"es","@id":"https:\/\/www.sindicaturabarcelona.cat\/es\/#\/schema\/logo\/image\/","url":"https:\/\/www.sindicaturabarcelona.cat\/wp-content\/uploads\/2023\/02\/logo_sindicatura.svg","contentUrl":"https:\/\/www.sindicaturabarcelona.cat\/wp-content\/uploads\/2023\/02\/logo_sindicatura.svg","caption":"Sindicatura de Greuges de Barcelona"},"image":{"@id":"https:\/\/www.sindicaturabarcelona.cat\/es\/#\/schema\/logo\/image\/"},"sameAs":["https:\/\/x.com\/sindicbarcelona","https:\/\/www.instagram.com\/sindicbarcelona\/","https:\/\/www.tiktok.com\/@sindicaturabcn","https:\/\/t.me\/sindicaturabarcelona"]},{"@type":"Person","@id":"https:\/\/www.sindicaturabarcelona.cat\/es\/#\/schema\/person\/0e5acffc350ffdbc97578159322c9452","name":"Pablo","image":{"@type":"ImageObject","inLanguage":"es","@id":"https:\/\/secure.gravatar.com\/avatar\/c948169b402ef9492afde705c3dfd5e90e1a6a84ef6840a91124f805a25a480f?s=96&d=mm&r=g","url":"https:\/\/secure.gravatar.com\/avatar\/c948169b402ef9492afde705c3dfd5e90e1a6a84ef6840a91124f805a25a480f?s=96&d=mm&r=g","contentUrl":"https:\/\/secure.gravatar.com\/avatar\/c948169b402ef9492afde705c3dfd5e90e1a6a84ef6840a91124f805a25a480f?s=96&d=mm&r=g","caption":"Pablo"},"url":"https:\/\/www.sindicaturabarcelona.cat\/es\/author\/pablo\/"}]}},"_links":{"self":[{"href":"https:\/\/www.sindicaturabarcelona.cat\/es\/wp-json\/wp\/v2\/posts\/33806","targetHints":{"allow":["GET"]}}],"collection":[{"href":"https:\/\/www.sindicaturabarcelona.cat\/es\/wp-json\/wp\/v2\/posts"}],"about":[{"href":"https:\/\/www.sindicaturabarcelona.cat\/es\/wp-json\/wp\/v2\/types\/post"}],"author":[{"embeddable":true,"href":"https:\/\/www.sindicaturabarcelona.cat\/es\/wp-json\/wp\/v2\/users\/2"}],"replies":[{"embeddable":true,"href":"https:\/\/www.sindicaturabarcelona.cat\/es\/wp-json\/wp\/v2\/comments?post=33806"}],"version-history":[{"count":1,"href":"https:\/\/www.sindicaturabarcelona.cat\/es\/wp-json\/wp\/v2\/posts\/33806\/revisions"}],"predecessor-version":[{"id":33807,"href":"https:\/\/www.sindicaturabarcelona.cat\/es\/wp-json\/wp\/v2\/posts\/33806\/revisions\/33807"}],"wp:featuredmedia":[{"embeddable":true,"href":"https:\/\/www.sindicaturabarcelona.cat\/es\/wp-json\/wp\/v2\/media\/33802"}],"wp:attachment":[{"href":"https:\/\/www.sindicaturabarcelona.cat\/es\/wp-json\/wp\/v2\/media?parent=33806"}],"wp:term":[{"taxonomy":"post_tag","embeddable":true,"href":"https:\/\/www.sindicaturabarcelona.cat\/es\/wp-json\/wp\/v2\/tags?post=33806"},{"taxonomy":"drets","embeddable":true,"href":"https:\/\/www.sindicaturabarcelona.cat\/es\/wp-json\/wp\/v2\/drets?post=33806"}],"curies":[{"name":"wp","href":"https:\/\/api.w.org\/{rel}","templated":true}]}}