{"id":33532,"date":"2024-08-29T07:45:00","date_gmt":"2024-08-29T05:45:00","guid":{"rendered":"https:\/\/www.sindicaturabarcelona.cat\/?p=33532"},"modified":"2024-08-28T11:56:42","modified_gmt":"2024-08-28T09:56:42","slug":"la-sindicatura-de-greuges-de-barcelona-recomienda-la-creacion-de-una-comision-de-seguimiento-de-las-obras-de-la-l8-de-fgc-formada-por-ayuntamiento-y-generalitat","status":"publish","type":"post","link":"https:\/\/www.sindicaturabarcelona.cat\/es\/la-sindicatura-de-greuges-de-barcelona-recomienda-la-creacion-de-una-comision-de-seguimiento-de-las-obras-de-la-l8-de-fgc-formada-por-ayuntamiento-y-generalitat\/","title":{"rendered":"La Sindicatura de Greuges de Barcelona recomienda la creaci\u00f3n de una comisi\u00f3n de seguimiento de las obras de la L8 de FGC formada por Ayuntamiento y Generalitat"},"content":{"rendered":"\n<h2 class=\"wp-block-heading\"><strong>El objetivo ser\u00eda el seguimiento y control efectivo de las afectaciones que supongan las obres de la L8 de FGC en el parque de Joan Mir\u00f3.<\/strong><\/h2>\n\n\n\n<h2 class=\"wp-block-heading\"><strong>Entre estas afectaciones, la defensor\u00eda destaca la importancia de reponer los \u00e1rboles talados y recuperar los espacios verdes malogrados.<\/strong><\/h2>\n\n\n\n<p><strong>Barcelona, 29 de agosto de 2024<\/strong> \u2013 <a href=\"https:\/\/www.sindicaturabarcelona.cat\/wp-content\/uploads\/202408_Dret-medi-ambient-dret-espai-public-i-dret-bona-administracio_disconformitat-amb-la-decisio-de-talar-una-arbreda-de-mes-40-anys-al-parc-de-Joan-Miro_23Q000904.pdf\" target=\"_blank\" rel=\"noreferrer noopener\">La Sindicatura de Greuges de Barcelona ha recomendado al Ayuntamiento promover <strong>la creaci\u00f3n de una comisi\u00f3n de seguimiento de las obras de la L8 de FGC, conjunta con la Generalitat de Catalunya<\/strong><\/a>, en el que participen todas las personas interesadas y que asegure la transmisi\u00f3n de informaci\u00f3n sobre la evoluci\u00f3n de las obras y las posibles incidencias.<\/p>\n\n\n\n<p><strong>La defensor\u00eda de la ciudadan\u00eda barcelonesa har\u00e1 un seguimiento de las actuaciones municipales<\/strong> para garantizar que, una vez se acaben las obras en la zona del parque de Joan Mir\u00f3, se repongan los espacios verdes y se trasplanten los \u00e1rboles talados.<\/p>\n\n\n\n<h2 class=\"wp-block-heading\"><strong>Las obras de la L8 de FGC<\/strong><\/h2>\n\n\n\n<p><a href=\"https:\/\/www.amb.cat\/es\/web\/territori\/infraestructures-metropolitanes\/projectes-infraestructures\/detall\/-\/infraestructura\/fgc-l8--prolongacion-placa-espanya---gracia\/328738\/11656?_InfraestructuraSearchListPortlet_WAR_AMBSearchPortletportlet_pageNum=1&amp;_InfraestructuraSearchListPortlet_WAR_AMBSearchPortletportlet_detailBackURL=http%3A%2F%2Famb.cat%2Fes%2Fweb%2Fterritori%2Finfraestructures-metropolitanes%2Fprojectes-infraestructures%2Fllistat\" target=\"_blank\" rel=\"noreferrer noopener\">Las obras de la L8 de los FGC<\/a> empezaron el martes 6 de agosto <strong>y su ejecuci\u00f3n afecta a la arboleda del parque de Joan Mir\u00f3, puesto que se convertir\u00e1 en el espacio log\u00edstico de los trabajos para alargar la l\u00ednea de los ferrocarriles<\/strong> entre la plaza de Espa\u00f1a y Gracia. Seg\u00fan informaci\u00f3n del Ayuntamiento, <strong>entre la vegetaci\u00f3n damnificada, hay 94 elementos: 75 pinos y 19 \u00e1rboles m\u00e1s, de los que casi la mitad son palmeras<\/strong>.<\/p>\n\n\n\n<h2 class=\"wp-block-heading\"><strong>Barcelona, una ciudad con necesidad de espacios verdes<\/strong><\/h2>\n\n\n\n<p>Barcelona se encuentra <strong>muy por debajo de los baremos deseables en cuanto a superficie de verde urbano por habitante<\/strong>: la OMS indica que deber\u00edan ser de 10-15 m\u00b2, mientras que en la ciudad barcelonesa es de menos de 7 m\u00b2. <strong>Justamente en el distrito del Eixample, donde tienen lugar las obras, la cifra es todav\u00eda m\u00e1s negativa: menos de 2 m\u00b2 de verde urbano por habitante.<\/strong><\/p>\n\n\n\n<p>Para trabajar en la mejora de este grave d\u00e9ficit, la Sindicatura ha recordado al consistorio que debe hacer todos los esfuerzos posibles para que los parques y jardines de los que dispone la ciudad est\u00e9n en buenas condiciones y se puedan utilizar para favorecer la calidad de vida y el bienestar de la ciudadan\u00eda. <strong>Es en este punto donde la defensor\u00eda de la ciudadan\u00eda barcelonesa har\u00e1 el seguimiento y control de estas obras, con el objetivo de comprobar que no se pierde ning\u00fan espacio verde en la ciudad.<\/strong><\/p>\n\n\n\n<h2 class=\"wp-block-heading\"><strong>La responsabilidad municipal para minimizar las afectaciones en el vecindario<\/strong><\/h2>\n\n\n\n<p><strong>El Ayuntamiento, a pesar de no ser el responsable directo de las obras de ampliaci\u00f3n de la l\u00ednea L8 de FGC, debe velar para que las incidencias en la ciudadan\u00eda sean las m\u00ednimas posibles y se resuelvan lo m\u00e1s pronto mejor.<\/strong> En concreto, las obras ocasionar\u00e1n afectaciones en el carril bici del lado norte de la Gran V\u00eda, la parada doble de bus, la parada del aerob\u00fas, y otras calles como la carretera de la Bordeta y la avenida del Paralel.<\/p>\n\n\n\n<p><strong>En cuanto a la duraci\u00f3n prevista de la ocupaci\u00f3n del espacio donde se instala la zona log\u00edstica, el consistorio no facilit\u00f3 una respuesta concreta a la Sindicatura de Greuges de Barcelona.<\/strong> Por este motivo, a pesar de que se inform\u00f3 al vecindario que la afectaci\u00f3n seria por dos a\u00f1os y medio, visto lo que ha pasado en otras obras de gran envergadura, la Sindicatura quiere remarcar la conveniencia de ajustarse al m\u00e1ximo a los plazos de ejecuci\u00f3n y, si puede ser, intentar reducirlos por todos los agravios que supondr\u00e1n para el vecindario m\u00e1s pr\u00f3ximo.<\/p>\n\n\n\n<p>En esta l\u00ednea, la Sindicatura ha recomendado al consistorio que promueva la constituci\u00f3n de una <strong>comisi\u00f3n de seguimiento de las obras<\/strong>, conjuntamente con la Generalitat de Catalunya.<\/p>\n","protected":false},"excerpt":{"rendered":"<p>El objetivo ser\u00eda el seguimiento y control efectivo de las afectaciones que supongan las obres de la L8 de FGC en el parque de Joan Mir\u00f3. Entre estas afectaciones, la [&hellip;]<\/p>\n","protected":false},"author":2,"featured_media":33529,"comment_status":"closed","ping_status":"closed","sticky":false,"template":"","format":"standard","meta":{"_acf_changed":false,"footnotes":""},"tags":[],"drets":[1583,1477,1592,1594,1586],"class_list":["post-33532","post","type-post","status-publish","format-standard","has-post-thumbnail","hentry","drets-ciudad-garantista","drets-ciudad-habitable-y-sostenible","drets-derecho-al-medio-ambiente","drets-derecho-al-espacio-publico","drets-derecho-a-una-buena-administracion"],"acf":[],"yoast_head":"<!-- This site is optimized with the Yoast SEO plugin v27.5 - https:\/\/yoast.com\/product\/yoast-seo-wordpress\/ -->\n<title>La Sindicatura de Greuges de Barcelona recomienda la creaci\u00f3n de una comisi\u00f3n de seguimiento de las obras de la L8 de FGC formada por Ayuntamiento y Generalitat - Sindicatura de Greuges de Barcelona<\/title>\n<meta name=\"description\" content=\"El objetivo ser\u00eda el seguimiento y control efectivo de las afectaciones que supongan las obres de la L8 de FGC en el parque de Joan Mir\u00f3.\" \/>\n<meta name=\"robots\" content=\"index, follow, max-snippet:-1, max-image-preview:large, max-video-preview:-1\" \/>\n<link rel=\"canonical\" href=\"https:\/\/www.sindicaturabarcelona.cat\/es\/la-sindicatura-de-greuges-de-barcelona-recomienda-la-creacion-de-una-comision-de-seguimiento-de-las-obras-de-la-l8-de-fgc-formada-por-ayuntamiento-y-generalitat\/\" \/>\n<meta property=\"og:locale\" content=\"es_ES\" \/>\n<meta property=\"og:type\" content=\"article\" \/>\n<meta property=\"og:title\" content=\"La Sindicatura de Greuges de Barcelona recomienda la creaci\u00f3n de una comisi\u00f3n de seguimiento de las obras de la L8 de FGC formada por Ayuntamiento y Generalitat - Sindicatura de Greuges de Barcelona\" \/>\n<meta property=\"og:description\" content=\"El objetivo ser\u00eda el seguimiento y control efectivo de las afectaciones que supongan las obres de la L8 de FGC en el parque de Joan Mir\u00f3.\" \/>\n<meta property=\"og:url\" content=\"https:\/\/www.sindicaturabarcelona.cat\/es\/la-sindicatura-de-greuges-de-barcelona-recomienda-la-creacion-de-una-comision-de-seguimiento-de-las-obras-de-la-l8-de-fgc-formada-por-ayuntamiento-y-generalitat\/\" \/>\n<meta property=\"og:site_name\" content=\"Sindicatura de Greuges de Barcelona\" \/>\n<meta property=\"article:published_time\" content=\"2024-08-29T05:45:00+00:00\" \/>\n<meta property=\"og:image\" content=\"https:\/\/www.sindicaturabarcelona.cat\/wp-content\/uploads\/19246_20200528_Desconfinament_PEspanya_146.jpg\" \/>\n\t<meta property=\"og:image:width\" content=\"1024\" \/>\n\t<meta property=\"og:image:height\" content=\"683\" \/>\n\t<meta property=\"og:image:type\" content=\"image\/jpeg\" \/>\n<meta name=\"author\" content=\"Pablo\" \/>\n<meta name=\"twitter:card\" content=\"summary_large_image\" \/>\n<meta name=\"twitter:creator\" content=\"@sindicbarcelona\" \/>\n<meta name=\"twitter:site\" content=\"@sindicbarcelona\" \/>\n<meta name=\"twitter:label1\" content=\"Escrito por\" \/>\n\t<meta name=\"twitter:data1\" content=\"Pablo\" \/>\n\t<meta name=\"twitter:label2\" content=\"Tiempo de lectura\" \/>\n\t<meta name=\"twitter:data2\" content=\"4 minutos\" \/>\n<script type=\"application\/ld+json\" class=\"yoast-schema-graph\">{\"@context\":\"https:\\\/\\\/schema.org\",\"@graph\":[{\"@type\":\"Article\",\"@id\":\"https:\\\/\\\/www.sindicaturabarcelona.cat\\\/es\\\/la-sindicatura-de-greuges-de-barcelona-recomienda-la-creacion-de-una-comision-de-seguimiento-de-las-obras-de-la-l8-de-fgc-formada-por-ayuntamiento-y-generalitat\\\/#article\",\"isPartOf\":{\"@id\":\"https:\\\/\\\/www.sindicaturabarcelona.cat\\\/es\\\/la-sindicatura-de-greuges-de-barcelona-recomienda-la-creacion-de-una-comision-de-seguimiento-de-las-obras-de-la-l8-de-fgc-formada-por-ayuntamiento-y-generalitat\\\/\"},\"author\":{\"name\":\"Pablo\",\"@id\":\"https:\\\/\\\/www.sindicaturabarcelona.cat\\\/es\\\/#\\\/schema\\\/person\\\/0e5acffc350ffdbc97578159322c9452\"},\"headline\":\"La Sindicatura de Greuges de Barcelona recomienda la creaci\u00f3n de una comisi\u00f3n de seguimiento de las obras de la L8 de FGC formada por Ayuntamiento y Generalitat\",\"datePublished\":\"2024-08-29T05:45:00+00:00\",\"mainEntityOfPage\":{\"@id\":\"https:\\\/\\\/www.sindicaturabarcelona.cat\\\/es\\\/la-sindicatura-de-greuges-de-barcelona-recomienda-la-creacion-de-una-comision-de-seguimiento-de-las-obras-de-la-l8-de-fgc-formada-por-ayuntamiento-y-generalitat\\\/\"},\"wordCount\":674,\"publisher\":{\"@id\":\"https:\\\/\\\/www.sindicaturabarcelona.cat\\\/es\\\/#organization\"},\"image\":{\"@id\":\"https:\\\/\\\/www.sindicaturabarcelona.cat\\\/es\\\/la-sindicatura-de-greuges-de-barcelona-recomienda-la-creacion-de-una-comision-de-seguimiento-de-las-obras-de-la-l8-de-fgc-formada-por-ayuntamiento-y-generalitat\\\/#primaryimage\"},\"thumbnailUrl\":\"https:\\\/\\\/www.sindicaturabarcelona.cat\\\/wp-content\\\/uploads\\\/19246_20200528_Desconfinament_PEspanya_146.jpg\",\"inLanguage\":\"es\"},{\"@type\":\"WebPage\",\"@id\":\"https:\\\/\\\/www.sindicaturabarcelona.cat\\\/es\\\/la-sindicatura-de-greuges-de-barcelona-recomienda-la-creacion-de-una-comision-de-seguimiento-de-las-obras-de-la-l8-de-fgc-formada-por-ayuntamiento-y-generalitat\\\/\",\"url\":\"https:\\\/\\\/www.sindicaturabarcelona.cat\\\/es\\\/la-sindicatura-de-greuges-de-barcelona-recomienda-la-creacion-de-una-comision-de-seguimiento-de-las-obras-de-la-l8-de-fgc-formada-por-ayuntamiento-y-generalitat\\\/\",\"name\":\"La Sindicatura de Greuges de Barcelona recomienda la creaci\u00f3n de una comisi\u00f3n de seguimiento de las obras de la L8 de FGC formada por Ayuntamiento y Generalitat - Sindicatura de Greuges de Barcelona\",\"isPartOf\":{\"@id\":\"https:\\\/\\\/www.sindicaturabarcelona.cat\\\/es\\\/#website\"},\"primaryImageOfPage\":{\"@id\":\"https:\\\/\\\/www.sindicaturabarcelona.cat\\\/es\\\/la-sindicatura-de-greuges-de-barcelona-recomienda-la-creacion-de-una-comision-de-seguimiento-de-las-obras-de-la-l8-de-fgc-formada-por-ayuntamiento-y-generalitat\\\/#primaryimage\"},\"image\":{\"@id\":\"https:\\\/\\\/www.sindicaturabarcelona.cat\\\/es\\\/la-sindicatura-de-greuges-de-barcelona-recomienda-la-creacion-de-una-comision-de-seguimiento-de-las-obras-de-la-l8-de-fgc-formada-por-ayuntamiento-y-generalitat\\\/#primaryimage\"},\"thumbnailUrl\":\"https:\\\/\\\/www.sindicaturabarcelona.cat\\\/wp-content\\\/uploads\\\/19246_20200528_Desconfinament_PEspanya_146.jpg\",\"datePublished\":\"2024-08-29T05:45:00+00:00\",\"description\":\"El objetivo ser\u00eda el seguimiento y control efectivo de las afectaciones que supongan las obres de la L8 de FGC en el parque de Joan Mir\u00f3.\",\"breadcrumb\":{\"@id\":\"https:\\\/\\\/www.sindicaturabarcelona.cat\\\/es\\\/la-sindicatura-de-greuges-de-barcelona-recomienda-la-creacion-de-una-comision-de-seguimiento-de-las-obras-de-la-l8-de-fgc-formada-por-ayuntamiento-y-generalitat\\\/#breadcrumb\"},\"inLanguage\":\"es\",\"potentialAction\":[{\"@type\":\"ReadAction\",\"target\":[\"https:\\\/\\\/www.sindicaturabarcelona.cat\\\/es\\\/la-sindicatura-de-greuges-de-barcelona-recomienda-la-creacion-de-una-comision-de-seguimiento-de-las-obras-de-la-l8-de-fgc-formada-por-ayuntamiento-y-generalitat\\\/\"]}]},{\"@type\":\"ImageObject\",\"inLanguage\":\"es\",\"@id\":\"https:\\\/\\\/www.sindicaturabarcelona.cat\\\/es\\\/la-sindicatura-de-greuges-de-barcelona-recomienda-la-creacion-de-una-comision-de-seguimiento-de-las-obras-de-la-l8-de-fgc-formada-por-ayuntamiento-y-generalitat\\\/#primaryimage\",\"url\":\"https:\\\/\\\/www.sindicaturabarcelona.cat\\\/wp-content\\\/uploads\\\/19246_20200528_Desconfinament_PEspanya_146.jpg\",\"contentUrl\":\"https:\\\/\\\/www.sindicaturabarcelona.cat\\\/wp-content\\\/uploads\\\/19246_20200528_Desconfinament_PEspanya_146.jpg\",\"width\":1024,\"height\":683,\"caption\":\"Barcelona desconfinada. Pla\u00e7a d'Espanya i Parc de l'Escorxador\"},{\"@type\":\"BreadcrumbList\",\"@id\":\"https:\\\/\\\/www.sindicaturabarcelona.cat\\\/es\\\/la-sindicatura-de-greuges-de-barcelona-recomienda-la-creacion-de-una-comision-de-seguimiento-de-las-obras-de-la-l8-de-fgc-formada-por-ayuntamiento-y-generalitat\\\/#breadcrumb\",\"itemListElement\":[{\"@type\":\"ListItem\",\"position\":1,\"name\":\"Inici\",\"item\":\"https:\\\/\\\/www.sindicaturabarcelona.cat\\\/es\\\/\"},{\"@type\":\"ListItem\",\"position\":2,\"name\":\"La Sindicatura de Greuges de Barcelona recomienda la creaci\u00f3n de una comisi\u00f3n de seguimiento de las obras de la L8 de FGC formada por Ayuntamiento y Generalitat\"}]},{\"@type\":\"WebSite\",\"@id\":\"https:\\\/\\\/www.sindicaturabarcelona.cat\\\/es\\\/#website\",\"url\":\"https:\\\/\\\/www.sindicaturabarcelona.cat\\\/es\\\/\",\"name\":\"Sindicatura de Greuges de Barcelona\",\"description\":\"La defensoria dels teus drets\",\"publisher\":{\"@id\":\"https:\\\/\\\/www.sindicaturabarcelona.cat\\\/es\\\/#organization\"},\"potentialAction\":[{\"@type\":\"SearchAction\",\"target\":{\"@type\":\"EntryPoint\",\"urlTemplate\":\"https:\\\/\\\/www.sindicaturabarcelona.cat\\\/es\\\/?s={search_term_string}\"},\"query-input\":{\"@type\":\"PropertyValueSpecification\",\"valueRequired\":true,\"valueName\":\"search_term_string\"}}],\"inLanguage\":\"es\"},{\"@type\":\"Organization\",\"@id\":\"https:\\\/\\\/www.sindicaturabarcelona.cat\\\/es\\\/#organization\",\"name\":\"Sindicatura de Greuges de Barcelona\",\"url\":\"https:\\\/\\\/www.sindicaturabarcelona.cat\\\/es\\\/\",\"logo\":{\"@type\":\"ImageObject\",\"inLanguage\":\"es\",\"@id\":\"https:\\\/\\\/www.sindicaturabarcelona.cat\\\/es\\\/#\\\/schema\\\/logo\\\/image\\\/\",\"url\":\"https:\\\/\\\/www.sindicaturabarcelona.cat\\\/wp-content\\\/uploads\\\/2023\\\/02\\\/logo_sindicatura.svg\",\"contentUrl\":\"https:\\\/\\\/www.sindicaturabarcelona.cat\\\/wp-content\\\/uploads\\\/2023\\\/02\\\/logo_sindicatura.svg\",\"caption\":\"Sindicatura de Greuges de Barcelona\"},\"image\":{\"@id\":\"https:\\\/\\\/www.sindicaturabarcelona.cat\\\/es\\\/#\\\/schema\\\/logo\\\/image\\\/\"},\"sameAs\":[\"https:\\\/\\\/x.com\\\/sindicbarcelona\",\"https:\\\/\\\/www.instagram.com\\\/sindicbarcelona\\\/\",\"https:\\\/\\\/www.tiktok.com\\\/@sindicaturabcn\",\"https:\\\/\\\/t.me\\\/sindicaturabarcelona\"]},{\"@type\":\"Person\",\"@id\":\"https:\\\/\\\/www.sindicaturabarcelona.cat\\\/es\\\/#\\\/schema\\\/person\\\/0e5acffc350ffdbc97578159322c9452\",\"name\":\"Pablo\",\"image\":{\"@type\":\"ImageObject\",\"inLanguage\":\"es\",\"@id\":\"https:\\\/\\\/secure.gravatar.com\\\/avatar\\\/c948169b402ef9492afde705c3dfd5e90e1a6a84ef6840a91124f805a25a480f?s=96&d=mm&r=g\",\"url\":\"https:\\\/\\\/secure.gravatar.com\\\/avatar\\\/c948169b402ef9492afde705c3dfd5e90e1a6a84ef6840a91124f805a25a480f?s=96&d=mm&r=g\",\"contentUrl\":\"https:\\\/\\\/secure.gravatar.com\\\/avatar\\\/c948169b402ef9492afde705c3dfd5e90e1a6a84ef6840a91124f805a25a480f?s=96&d=mm&r=g\",\"caption\":\"Pablo\"},\"url\":\"https:\\\/\\\/www.sindicaturabarcelona.cat\\\/es\\\/author\\\/pablo\\\/\"}]}<\/script>\n<!-- \/ Yoast SEO plugin. -->","yoast_head_json":{"title":"La Sindicatura de Greuges de Barcelona recomienda la creaci\u00f3n de una comisi\u00f3n de seguimiento de las obras de la L8 de FGC formada por Ayuntamiento y Generalitat - Sindicatura de Greuges de Barcelona","description":"El objetivo ser\u00eda el seguimiento y control efectivo de las afectaciones que supongan las obres de la L8 de FGC en el parque de Joan Mir\u00f3.","robots":{"index":"index","follow":"follow","max-snippet":"max-snippet:-1","max-image-preview":"max-image-preview:large","max-video-preview":"max-video-preview:-1"},"canonical":"https:\/\/www.sindicaturabarcelona.cat\/es\/la-sindicatura-de-greuges-de-barcelona-recomienda-la-creacion-de-una-comision-de-seguimiento-de-las-obras-de-la-l8-de-fgc-formada-por-ayuntamiento-y-generalitat\/","og_locale":"es_ES","og_type":"article","og_title":"La Sindicatura de Greuges de Barcelona recomienda la creaci\u00f3n de una comisi\u00f3n de seguimiento de las obras de la L8 de FGC formada por Ayuntamiento y Generalitat - Sindicatura de Greuges de Barcelona","og_description":"El objetivo ser\u00eda el seguimiento y control efectivo de las afectaciones que supongan las obres de la L8 de FGC en el parque de Joan Mir\u00f3.","og_url":"https:\/\/www.sindicaturabarcelona.cat\/es\/la-sindicatura-de-greuges-de-barcelona-recomienda-la-creacion-de-una-comision-de-seguimiento-de-las-obras-de-la-l8-de-fgc-formada-por-ayuntamiento-y-generalitat\/","og_site_name":"Sindicatura de Greuges de Barcelona","article_published_time":"2024-08-29T05:45:00+00:00","og_image":[{"width":1024,"height":683,"url":"https:\/\/www.sindicaturabarcelona.cat\/wp-content\/uploads\/19246_20200528_Desconfinament_PEspanya_146.jpg","type":"image\/jpeg"}],"author":"Pablo","twitter_card":"summary_large_image","twitter_creator":"@sindicbarcelona","twitter_site":"@sindicbarcelona","twitter_misc":{"Escrito por":"Pablo","Tiempo de lectura":"4 minutos"},"schema":{"@context":"https:\/\/schema.org","@graph":[{"@type":"Article","@id":"https:\/\/www.sindicaturabarcelona.cat\/es\/la-sindicatura-de-greuges-de-barcelona-recomienda-la-creacion-de-una-comision-de-seguimiento-de-las-obras-de-la-l8-de-fgc-formada-por-ayuntamiento-y-generalitat\/#article","isPartOf":{"@id":"https:\/\/www.sindicaturabarcelona.cat\/es\/la-sindicatura-de-greuges-de-barcelona-recomienda-la-creacion-de-una-comision-de-seguimiento-de-las-obras-de-la-l8-de-fgc-formada-por-ayuntamiento-y-generalitat\/"},"author":{"name":"Pablo","@id":"https:\/\/www.sindicaturabarcelona.cat\/es\/#\/schema\/person\/0e5acffc350ffdbc97578159322c9452"},"headline":"La Sindicatura de Greuges de Barcelona recomienda la creaci\u00f3n de una comisi\u00f3n de seguimiento de las obras de la L8 de FGC formada por Ayuntamiento y Generalitat","datePublished":"2024-08-29T05:45:00+00:00","mainEntityOfPage":{"@id":"https:\/\/www.sindicaturabarcelona.cat\/es\/la-sindicatura-de-greuges-de-barcelona-recomienda-la-creacion-de-una-comision-de-seguimiento-de-las-obras-de-la-l8-de-fgc-formada-por-ayuntamiento-y-generalitat\/"},"wordCount":674,"publisher":{"@id":"https:\/\/www.sindicaturabarcelona.cat\/es\/#organization"},"image":{"@id":"https:\/\/www.sindicaturabarcelona.cat\/es\/la-sindicatura-de-greuges-de-barcelona-recomienda-la-creacion-de-una-comision-de-seguimiento-de-las-obras-de-la-l8-de-fgc-formada-por-ayuntamiento-y-generalitat\/#primaryimage"},"thumbnailUrl":"https:\/\/www.sindicaturabarcelona.cat\/wp-content\/uploads\/19246_20200528_Desconfinament_PEspanya_146.jpg","inLanguage":"es"},{"@type":"WebPage","@id":"https:\/\/www.sindicaturabarcelona.cat\/es\/la-sindicatura-de-greuges-de-barcelona-recomienda-la-creacion-de-una-comision-de-seguimiento-de-las-obras-de-la-l8-de-fgc-formada-por-ayuntamiento-y-generalitat\/","url":"https:\/\/www.sindicaturabarcelona.cat\/es\/la-sindicatura-de-greuges-de-barcelona-recomienda-la-creacion-de-una-comision-de-seguimiento-de-las-obras-de-la-l8-de-fgc-formada-por-ayuntamiento-y-generalitat\/","name":"La Sindicatura de Greuges de Barcelona recomienda la creaci\u00f3n de una comisi\u00f3n de seguimiento de las obras de la L8 de FGC formada por Ayuntamiento y Generalitat - Sindicatura de Greuges de Barcelona","isPartOf":{"@id":"https:\/\/www.sindicaturabarcelona.cat\/es\/#website"},"primaryImageOfPage":{"@id":"https:\/\/www.sindicaturabarcelona.cat\/es\/la-sindicatura-de-greuges-de-barcelona-recomienda-la-creacion-de-una-comision-de-seguimiento-de-las-obras-de-la-l8-de-fgc-formada-por-ayuntamiento-y-generalitat\/#primaryimage"},"image":{"@id":"https:\/\/www.sindicaturabarcelona.cat\/es\/la-sindicatura-de-greuges-de-barcelona-recomienda-la-creacion-de-una-comision-de-seguimiento-de-las-obras-de-la-l8-de-fgc-formada-por-ayuntamiento-y-generalitat\/#primaryimage"},"thumbnailUrl":"https:\/\/www.sindicaturabarcelona.cat\/wp-content\/uploads\/19246_20200528_Desconfinament_PEspanya_146.jpg","datePublished":"2024-08-29T05:45:00+00:00","description":"El objetivo ser\u00eda el seguimiento y control efectivo de las afectaciones que supongan las obres de la L8 de FGC en el parque de Joan Mir\u00f3.","breadcrumb":{"@id":"https:\/\/www.sindicaturabarcelona.cat\/es\/la-sindicatura-de-greuges-de-barcelona-recomienda-la-creacion-de-una-comision-de-seguimiento-de-las-obras-de-la-l8-de-fgc-formada-por-ayuntamiento-y-generalitat\/#breadcrumb"},"inLanguage":"es","potentialAction":[{"@type":"ReadAction","target":["https:\/\/www.sindicaturabarcelona.cat\/es\/la-sindicatura-de-greuges-de-barcelona-recomienda-la-creacion-de-una-comision-de-seguimiento-de-las-obras-de-la-l8-de-fgc-formada-por-ayuntamiento-y-generalitat\/"]}]},{"@type":"ImageObject","inLanguage":"es","@id":"https:\/\/www.sindicaturabarcelona.cat\/es\/la-sindicatura-de-greuges-de-barcelona-recomienda-la-creacion-de-una-comision-de-seguimiento-de-las-obras-de-la-l8-de-fgc-formada-por-ayuntamiento-y-generalitat\/#primaryimage","url":"https:\/\/www.sindicaturabarcelona.cat\/wp-content\/uploads\/19246_20200528_Desconfinament_PEspanya_146.jpg","contentUrl":"https:\/\/www.sindicaturabarcelona.cat\/wp-content\/uploads\/19246_20200528_Desconfinament_PEspanya_146.jpg","width":1024,"height":683,"caption":"Barcelona desconfinada. Pla\u00e7a d'Espanya i Parc de l'Escorxador"},{"@type":"BreadcrumbList","@id":"https:\/\/www.sindicaturabarcelona.cat\/es\/la-sindicatura-de-greuges-de-barcelona-recomienda-la-creacion-de-una-comision-de-seguimiento-de-las-obras-de-la-l8-de-fgc-formada-por-ayuntamiento-y-generalitat\/#breadcrumb","itemListElement":[{"@type":"ListItem","position":1,"name":"Inici","item":"https:\/\/www.sindicaturabarcelona.cat\/es\/"},{"@type":"ListItem","position":2,"name":"La Sindicatura de Greuges de Barcelona recomienda la creaci\u00f3n de una comisi\u00f3n de seguimiento de las obras de la L8 de FGC formada por Ayuntamiento y Generalitat"}]},{"@type":"WebSite","@id":"https:\/\/www.sindicaturabarcelona.cat\/es\/#website","url":"https:\/\/www.sindicaturabarcelona.cat\/es\/","name":"Sindicatura de Greuges de Barcelona","description":"La defensoria dels teus drets","publisher":{"@id":"https:\/\/www.sindicaturabarcelona.cat\/es\/#organization"},"potentialAction":[{"@type":"SearchAction","target":{"@type":"EntryPoint","urlTemplate":"https:\/\/www.sindicaturabarcelona.cat\/es\/?s={search_term_string}"},"query-input":{"@type":"PropertyValueSpecification","valueRequired":true,"valueName":"search_term_string"}}],"inLanguage":"es"},{"@type":"Organization","@id":"https:\/\/www.sindicaturabarcelona.cat\/es\/#organization","name":"Sindicatura de Greuges de Barcelona","url":"https:\/\/www.sindicaturabarcelona.cat\/es\/","logo":{"@type":"ImageObject","inLanguage":"es","@id":"https:\/\/www.sindicaturabarcelona.cat\/es\/#\/schema\/logo\/image\/","url":"https:\/\/www.sindicaturabarcelona.cat\/wp-content\/uploads\/2023\/02\/logo_sindicatura.svg","contentUrl":"https:\/\/www.sindicaturabarcelona.cat\/wp-content\/uploads\/2023\/02\/logo_sindicatura.svg","caption":"Sindicatura de Greuges de Barcelona"},"image":{"@id":"https:\/\/www.sindicaturabarcelona.cat\/es\/#\/schema\/logo\/image\/"},"sameAs":["https:\/\/x.com\/sindicbarcelona","https:\/\/www.instagram.com\/sindicbarcelona\/","https:\/\/www.tiktok.com\/@sindicaturabcn","https:\/\/t.me\/sindicaturabarcelona"]},{"@type":"Person","@id":"https:\/\/www.sindicaturabarcelona.cat\/es\/#\/schema\/person\/0e5acffc350ffdbc97578159322c9452","name":"Pablo","image":{"@type":"ImageObject","inLanguage":"es","@id":"https:\/\/secure.gravatar.com\/avatar\/c948169b402ef9492afde705c3dfd5e90e1a6a84ef6840a91124f805a25a480f?s=96&d=mm&r=g","url":"https:\/\/secure.gravatar.com\/avatar\/c948169b402ef9492afde705c3dfd5e90e1a6a84ef6840a91124f805a25a480f?s=96&d=mm&r=g","contentUrl":"https:\/\/secure.gravatar.com\/avatar\/c948169b402ef9492afde705c3dfd5e90e1a6a84ef6840a91124f805a25a480f?s=96&d=mm&r=g","caption":"Pablo"},"url":"https:\/\/www.sindicaturabarcelona.cat\/es\/author\/pablo\/"}]}},"_links":{"self":[{"href":"https:\/\/www.sindicaturabarcelona.cat\/es\/wp-json\/wp\/v2\/posts\/33532","targetHints":{"allow":["GET"]}}],"collection":[{"href":"https:\/\/www.sindicaturabarcelona.cat\/es\/wp-json\/wp\/v2\/posts"}],"about":[{"href":"https:\/\/www.sindicaturabarcelona.cat\/es\/wp-json\/wp\/v2\/types\/post"}],"author":[{"embeddable":true,"href":"https:\/\/www.sindicaturabarcelona.cat\/es\/wp-json\/wp\/v2\/users\/2"}],"replies":[{"embeddable":true,"href":"https:\/\/www.sindicaturabarcelona.cat\/es\/wp-json\/wp\/v2\/comments?post=33532"}],"version-history":[{"count":2,"href":"https:\/\/www.sindicaturabarcelona.cat\/es\/wp-json\/wp\/v2\/posts\/33532\/revisions"}],"predecessor-version":[{"id":33535,"href":"https:\/\/www.sindicaturabarcelona.cat\/es\/wp-json\/wp\/v2\/posts\/33532\/revisions\/33535"}],"wp:featuredmedia":[{"embeddable":true,"href":"https:\/\/www.sindicaturabarcelona.cat\/es\/wp-json\/wp\/v2\/media\/33529"}],"wp:attachment":[{"href":"https:\/\/www.sindicaturabarcelona.cat\/es\/wp-json\/wp\/v2\/media?parent=33532"}],"wp:term":[{"taxonomy":"post_tag","embeddable":true,"href":"https:\/\/www.sindicaturabarcelona.cat\/es\/wp-json\/wp\/v2\/tags?post=33532"},{"taxonomy":"drets","embeddable":true,"href":"https:\/\/www.sindicaturabarcelona.cat\/es\/wp-json\/wp\/v2\/drets?post=33532"}],"curies":[{"name":"wp","href":"https:\/\/api.w.org\/{rel}","templated":true}]}}