{"id":33420,"date":"2024-08-14T07:00:00","date_gmt":"2024-08-14T05:00:00","guid":{"rendered":"https:\/\/www.sindicaturabarcelona.cat\/?p=33420"},"modified":"2024-08-13T12:22:52","modified_gmt":"2024-08-13T10:22:52","slug":"es-necesario-insistir-en-la-retirada-de-elementos-en-la-acera-y-adosados-a-la-fachada-que-dificultan-el-paso-a-personas-con-discapacidad-y-otros-colectivos-en-situacion-de-vulnerabilidad","status":"publish","type":"post","link":"https:\/\/www.sindicaturabarcelona.cat\/es\/es-necesario-insistir-en-la-retirada-de-elementos-en-la-acera-y-adosados-a-la-fachada-que-dificultan-el-paso-a-personas-con-discapacidad-y-otros-colectivos-en-situacion-de-vulnerabilidad\/","title":{"rendered":"Es necesario insistir en la retirada de elementos en la acera y adosados a la fachada que dificultan el paso a personas con discapacidad y otros colectivos en situaci\u00f3n de vulnerabilidad"},"content":{"rendered":"\n<h2 class=\"wp-block-heading\"><strong>La Sindicatura ha intervenido despu\u00e9s de una queja que denuncia la presencia de jardineras en acera y adosadas o muy pr\u00f3ximas a la fachada en dos hoteles del Eixample.<\/strong><\/h2>\n\n\n\n<p><strong>Barcelona, 14 de agosto de 2024 \u2013 <\/strong><a href=\"https:\/\/www.sindicaturabarcelona.cat\/wp-content\/uploads\/202407_Dret-accessibilitat-i-inclusivitat-i-dret-igualtat-i-diversitat_ciutada-denuncia-dos-hotels-de-lEixample-que-tenen-jardineres-que-ocupen-lespai-public_24Q000064.pdf\" target=\"_blank\" rel=\"noreferrer noopener\">La Sindicatura de Greuges de Barcelona ha recordado al Distrito del Eixample<\/a> que <strong>debe velar por el cumplimiento de las prescripciones legales de accesibilidad en el espacio p\u00fablico e impulsar las acciones necesarias para que los establecimientos cumplan la Ordenanza<\/strong> de uso de las v\u00edas y los espacios p\u00fablicos.<\/p>\n\n\n\n<p>La intervenci\u00f3n de la Sindicatura reside en una queja ciudadana que denunciaba la presencia de elementos en acera y adosados o muy pr\u00f3ximos a la fachada en dos hoteles del Eixample: <strong>dos jardineras grandes en un hotel de la calle de Roger de Ll\u00faria y siete tiestos grandes en un hotel de la calle del Rossell\u00f3.<\/strong><\/p>\n\n\n\n<h2 class=\"wp-block-heading\"><strong>Qu\u00e9 dice la normativa sobre la colocaci\u00f3n de estos elementos<\/strong><\/h2>\n\n\n\n<p>La normativa en materia de accesibilidad evidencia que la colocaci\u00f3n de estos elementos en acera y adosados o muy pr\u00f3ximos a la fachada no cumple con la legalidad. A continuaci\u00f3n, algunas referencias legales:<\/p>\n\n\n\n<p><a href=\"https:\/\/portaljuridic.gencat.cat\/ca\/document-del-pjur\/?documentId=111610\" target=\"_blank\" rel=\"noreferrer noopener\">El Decret 135\/1995 de desplegament de la Llei 20\/1991 de promoci\u00f3 de l&#8217;accessibilitat i de supressi\u00f3 de barreres arquitect\u00f2niques, i d&#8217;aprovaci\u00f3 del Codi d&#8217;accessibilitat<\/a>, establece que:<\/p>\n\n\n\n<p><strong><em>Un itinerario de peatones se considera adaptado cuando cumple el requisito siguiente, entre otros: tener una anchura libre m\u00ednima de 0,90 metros y una altura libre de obst\u00e1culos de 2,10 metros. En cuanto a los elementos salientes o volantes que hacen m\u00e1s de 15 cent\u00edmetros de vuelo y que limitan con itinerarios, deben tener, como m\u00ednimo, un elemento fijo y perimetral de entre 0 y 15 cent\u00edmetros de altura para que puedan ser detectados por personas invidentes o bien se deben situar a una altura igual o superior a 2,10 metros.<\/em><\/strong><\/p>\n\n\n\n<p><a href=\"https:\/\/www.boe.es\/buscar\/doc.php?id=BOE-A-2010-4057\" target=\"_blank\" rel=\"noreferrer noopener\">L\u2019Ordre VIV\/561\/2010 de condicions b\u00e0siques d\u2019accessibilitat i no-discriminaci\u00f3 per a l\u2019acc\u00e9s i la utilitzaci\u00f3 dels espais p\u00fablics urbanitzats<\/a> dictamina que:<\/p>\n\n\n\n<p><strong><em>Los itinerarios de peatones accesibles deben cumplir los requisitos siguientes, entre otros: discurrir de manera contigua o adyacente a la l\u00ednea de fachada; en todo su desarrollo, tener una anchura libre de paso no inferior a 1,80 metros, y, tambi\u00e9n en todo su desarrollo, tener una altura libre de paso no inferior a 2,20 metros.<\/em><\/strong><strong><em><\/em><\/strong><\/p>\n\n\n\n<p><strong><em>Los elementos de urbanizaci\u00f3n nunca invadir\u00e1n el \u00e1mbito libre de paso de un itinerario de peatones accesibles. Los frentes de parcela marcan el l\u00edmite de la parcela con la v\u00eda p\u00fablica y no pueden invadir el itinerario de peatones ni en el nivel de tierra ni en altura.<\/em><\/strong><\/p>\n\n\n\n<p>Por \u00faltimo, el <a href=\"https:\/\/portaljuridic.gencat.cat\/ca\/document-del-pjur\/?documentId=972919\" target=\"_blank\" rel=\"noreferrer noopener\">Decret 209\/2023 pel qual s\u2019aprova el Codi d\u2019accessibilitat de Catalunya<\/a> determina las condiciones generales que deben cumplir las pilonas y jardineras para que se puedan considerar accesibles <strong>y no tienen esta condici\u00f3n cuando su ubicaci\u00f3n obstaculice o impida la continuidad de la fachada o del elemento que hace la funci\u00f3n de murete-gu\u00eda.<\/strong><\/p>\n\n\n\n<p>La Sindicatura de Greuges de Barcelona concreta que <strong>en ninguno de los tramos de calle se\u00f1alados hay franjas de enrutamiento para personas con discapacidad visual que dibujen un itinerario seguro y, por lo tanto, poder seguir la l\u00ednea de las fachadas es esencial para que puedan orientarse.<\/strong><\/p>\n\n\n\n<h2 class=\"wp-block-heading\"><strong>Las actuaciones del Distrito del Eixample<\/strong><\/h2>\n\n\n\n<p><strong>El Distrito del Eixample ha actuado en los dos casos del mismo modo<\/strong>: llevando a cabo inspecciones de comprobaci\u00f3n, que han dado lugar al inicio de expedientes sancionadores y \u00f3rdenes de retirada.<\/p>\n\n\n\n<p><strong>Durante los meses de junio y julio de 2024, la Sindicatura de Greuges de Barcelona ha visitado presencialmente estas ubicaciones<\/strong> para comprobar si las jardineras han sido retiradas. <strong>En cuanto al hotel de la calle de Roger de Ll\u00faria s\u00ed que han sido retiradas, mientras que en el hotel de la calle del Rossell\u00f3 todo contin\u00faa igual.<\/strong><\/p>\n\n\n\n<p><strong>La Sindicatura ha trasladado al Distrito del Eixample la importancia que, en este \u00faltimo caso, se contin\u00fae con el procedimiento sancionador<\/strong> hasta que se efect\u00fae la retirada de estos elementos del espacio p\u00fablico.<\/p>\n","protected":false},"excerpt":{"rendered":"<p>La Sindicatura ha intervenido despu\u00e9s de una queja que denuncia la presencia de jardineras en acera y adosadas o muy pr\u00f3ximas a la fachada en dos hoteles del Eixample. Barcelona, [&hellip;]<\/p>\n","protected":false},"author":2,"featured_media":33421,"comment_status":"closed","ping_status":"closed","sticky":false,"template":"","format":"standard","meta":{"_acf_changed":false,"footnotes":""},"tags":[],"drets":[1477,1595,1567,1568],"class_list":["post-33420","post","type-post","status-publish","format-standard","has-post-thumbnail","hentry","drets-ciudad-habitable-y-sostenible","drets-derecho-a-la-accesibilidad-y-la-inclusividad","drets-ciudad-diversa","drets-derecho-a-la-igualdad-y-a-la-diversidad"],"acf":[],"yoast_head":"<!-- This site is optimized with the Yoast SEO plugin v27.5 - https:\/\/yoast.com\/product\/yoast-seo-wordpress\/ -->\n<title>Es necesario insistir en la retirada de elementos en la acera y adosados a la fachada que dificultan el paso a personas con discapacidad y otros colectivos en situaci\u00f3n de vulnerabilidad - Sindicatura de Greuges de Barcelona<\/title>\n<meta name=\"description\" content=\"La Sindicatura ha intervenido despu\u00e9s de una queja que denuncia la presencia de jardineras en acera y adosadas o muy pr\u00f3ximas a la...\" \/>\n<meta name=\"robots\" content=\"index, follow, max-snippet:-1, max-image-preview:large, max-video-preview:-1\" \/>\n<link rel=\"canonical\" href=\"https:\/\/www.sindicaturabarcelona.cat\/es\/es-necesario-insistir-en-la-retirada-de-elementos-en-la-acera-y-adosados-a-la-fachada-que-dificultan-el-paso-a-personas-con-discapacidad-y-otros-colectivos-en-situacion-de-vulnerabilidad\/\" \/>\n<meta property=\"og:locale\" content=\"es_ES\" \/>\n<meta property=\"og:type\" content=\"article\" \/>\n<meta property=\"og:title\" content=\"Es necesario insistir en la retirada de elementos en la acera y adosados a la fachada que dificultan el paso a personas con discapacidad y otros colectivos en situaci\u00f3n de vulnerabilidad - Sindicatura de Greuges de Barcelona\" \/>\n<meta property=\"og:description\" content=\"La Sindicatura ha intervenido despu\u00e9s de una queja que denuncia la presencia de jardineras en acera y adosadas o muy pr\u00f3ximas a la...\" \/>\n<meta property=\"og:url\" content=\"https:\/\/www.sindicaturabarcelona.cat\/es\/es-necesario-insistir-en-la-retirada-de-elementos-en-la-acera-y-adosados-a-la-fachada-que-dificultan-el-paso-a-personas-con-discapacidad-y-otros-colectivos-en-situacion-de-vulnerabilidad\/\" \/>\n<meta property=\"og:site_name\" content=\"Sindicatura de Greuges de Barcelona\" \/>\n<meta property=\"article:published_time\" content=\"2024-08-14T05:00:00+00:00\" \/>\n<meta property=\"og:image\" content=\"https:\/\/www.sindicaturabarcelona.cat\/wp-content\/uploads\/Jardineres-adossades-a-la-facana-1.jpg\" \/>\n\t<meta property=\"og:image:width\" content=\"746\" \/>\n\t<meta property=\"og:image:height\" content=\"733\" \/>\n\t<meta property=\"og:image:type\" content=\"image\/jpeg\" \/>\n<meta name=\"author\" content=\"Pablo\" \/>\n<meta name=\"twitter:card\" content=\"summary_large_image\" \/>\n<meta name=\"twitter:creator\" content=\"@sindicbarcelona\" \/>\n<meta name=\"twitter:site\" content=\"@sindicbarcelona\" \/>\n<meta name=\"twitter:label1\" content=\"Escrito por\" \/>\n\t<meta name=\"twitter:data1\" content=\"Pablo\" \/>\n\t<meta name=\"twitter:label2\" content=\"Tiempo de lectura\" \/>\n\t<meta name=\"twitter:data2\" content=\"4 minutos\" \/>\n<script type=\"application\/ld+json\" class=\"yoast-schema-graph\">{\"@context\":\"https:\\\/\\\/schema.org\",\"@graph\":[{\"@type\":\"Article\",\"@id\":\"https:\\\/\\\/www.sindicaturabarcelona.cat\\\/es\\\/es-necesario-insistir-en-la-retirada-de-elementos-en-la-acera-y-adosados-a-la-fachada-que-dificultan-el-paso-a-personas-con-discapacidad-y-otros-colectivos-en-situacion-de-vulnerabilidad\\\/#article\",\"isPartOf\":{\"@id\":\"https:\\\/\\\/www.sindicaturabarcelona.cat\\\/es\\\/es-necesario-insistir-en-la-retirada-de-elementos-en-la-acera-y-adosados-a-la-fachada-que-dificultan-el-paso-a-personas-con-discapacidad-y-otros-colectivos-en-situacion-de-vulnerabilidad\\\/\"},\"author\":{\"name\":\"Pablo\",\"@id\":\"https:\\\/\\\/www.sindicaturabarcelona.cat\\\/es\\\/#\\\/schema\\\/person\\\/0e5acffc350ffdbc97578159322c9452\"},\"headline\":\"Es necesario insistir en la retirada de elementos en la acera y adosados a la fachada que dificultan el paso a personas con discapacidad y otros colectivos en situaci\u00f3n de vulnerabilidad\",\"datePublished\":\"2024-08-14T05:00:00+00:00\",\"mainEntityOfPage\":{\"@id\":\"https:\\\/\\\/www.sindicaturabarcelona.cat\\\/es\\\/es-necesario-insistir-en-la-retirada-de-elementos-en-la-acera-y-adosados-a-la-fachada-que-dificultan-el-paso-a-personas-con-discapacidad-y-otros-colectivos-en-situacion-de-vulnerabilidad\\\/\"},\"wordCount\":720,\"publisher\":{\"@id\":\"https:\\\/\\\/www.sindicaturabarcelona.cat\\\/es\\\/#organization\"},\"image\":{\"@id\":\"https:\\\/\\\/www.sindicaturabarcelona.cat\\\/es\\\/es-necesario-insistir-en-la-retirada-de-elementos-en-la-acera-y-adosados-a-la-fachada-que-dificultan-el-paso-a-personas-con-discapacidad-y-otros-colectivos-en-situacion-de-vulnerabilidad\\\/#primaryimage\"},\"thumbnailUrl\":\"https:\\\/\\\/www.sindicaturabarcelona.cat\\\/wp-content\\\/uploads\\\/Jardineres-adossades-a-la-facana-1.jpg\",\"inLanguage\":\"es\"},{\"@type\":\"WebPage\",\"@id\":\"https:\\\/\\\/www.sindicaturabarcelona.cat\\\/es\\\/es-necesario-insistir-en-la-retirada-de-elementos-en-la-acera-y-adosados-a-la-fachada-que-dificultan-el-paso-a-personas-con-discapacidad-y-otros-colectivos-en-situacion-de-vulnerabilidad\\\/\",\"url\":\"https:\\\/\\\/www.sindicaturabarcelona.cat\\\/es\\\/es-necesario-insistir-en-la-retirada-de-elementos-en-la-acera-y-adosados-a-la-fachada-que-dificultan-el-paso-a-personas-con-discapacidad-y-otros-colectivos-en-situacion-de-vulnerabilidad\\\/\",\"name\":\"Es necesario insistir en la retirada de elementos en la acera y adosados a la fachada que dificultan el paso a personas con discapacidad y otros colectivos en situaci\u00f3n de vulnerabilidad - Sindicatura de Greuges de Barcelona\",\"isPartOf\":{\"@id\":\"https:\\\/\\\/www.sindicaturabarcelona.cat\\\/es\\\/#website\"},\"primaryImageOfPage\":{\"@id\":\"https:\\\/\\\/www.sindicaturabarcelona.cat\\\/es\\\/es-necesario-insistir-en-la-retirada-de-elementos-en-la-acera-y-adosados-a-la-fachada-que-dificultan-el-paso-a-personas-con-discapacidad-y-otros-colectivos-en-situacion-de-vulnerabilidad\\\/#primaryimage\"},\"image\":{\"@id\":\"https:\\\/\\\/www.sindicaturabarcelona.cat\\\/es\\\/es-necesario-insistir-en-la-retirada-de-elementos-en-la-acera-y-adosados-a-la-fachada-que-dificultan-el-paso-a-personas-con-discapacidad-y-otros-colectivos-en-situacion-de-vulnerabilidad\\\/#primaryimage\"},\"thumbnailUrl\":\"https:\\\/\\\/www.sindicaturabarcelona.cat\\\/wp-content\\\/uploads\\\/Jardineres-adossades-a-la-facana-1.jpg\",\"datePublished\":\"2024-08-14T05:00:00+00:00\",\"description\":\"La Sindicatura ha intervenido despu\u00e9s de una queja que denuncia la presencia de jardineras en acera y adosadas o muy pr\u00f3ximas a la...\",\"breadcrumb\":{\"@id\":\"https:\\\/\\\/www.sindicaturabarcelona.cat\\\/es\\\/es-necesario-insistir-en-la-retirada-de-elementos-en-la-acera-y-adosados-a-la-fachada-que-dificultan-el-paso-a-personas-con-discapacidad-y-otros-colectivos-en-situacion-de-vulnerabilidad\\\/#breadcrumb\"},\"inLanguage\":\"es\",\"potentialAction\":[{\"@type\":\"ReadAction\",\"target\":[\"https:\\\/\\\/www.sindicaturabarcelona.cat\\\/es\\\/es-necesario-insistir-en-la-retirada-de-elementos-en-la-acera-y-adosados-a-la-fachada-que-dificultan-el-paso-a-personas-con-discapacidad-y-otros-colectivos-en-situacion-de-vulnerabilidad\\\/\"]}]},{\"@type\":\"ImageObject\",\"inLanguage\":\"es\",\"@id\":\"https:\\\/\\\/www.sindicaturabarcelona.cat\\\/es\\\/es-necesario-insistir-en-la-retirada-de-elementos-en-la-acera-y-adosados-a-la-fachada-que-dificultan-el-paso-a-personas-con-discapacidad-y-otros-colectivos-en-situacion-de-vulnerabilidad\\\/#primaryimage\",\"url\":\"https:\\\/\\\/www.sindicaturabarcelona.cat\\\/wp-content\\\/uploads\\\/Jardineres-adossades-a-la-facana-1.jpg\",\"contentUrl\":\"https:\\\/\\\/www.sindicaturabarcelona.cat\\\/wp-content\\\/uploads\\\/Jardineres-adossades-a-la-facana-1.jpg\",\"width\":746,\"height\":733,\"caption\":\"Jardineras adosadas a la fachada\"},{\"@type\":\"BreadcrumbList\",\"@id\":\"https:\\\/\\\/www.sindicaturabarcelona.cat\\\/es\\\/es-necesario-insistir-en-la-retirada-de-elementos-en-la-acera-y-adosados-a-la-fachada-que-dificultan-el-paso-a-personas-con-discapacidad-y-otros-colectivos-en-situacion-de-vulnerabilidad\\\/#breadcrumb\",\"itemListElement\":[{\"@type\":\"ListItem\",\"position\":1,\"name\":\"Inici\",\"item\":\"https:\\\/\\\/www.sindicaturabarcelona.cat\\\/es\\\/\"},{\"@type\":\"ListItem\",\"position\":2,\"name\":\"Es necesario insistir en la retirada de elementos en la acera y adosados a la fachada que dificultan el paso a personas con discapacidad y otros colectivos en situaci\u00f3n de vulnerabilidad\"}]},{\"@type\":\"WebSite\",\"@id\":\"https:\\\/\\\/www.sindicaturabarcelona.cat\\\/es\\\/#website\",\"url\":\"https:\\\/\\\/www.sindicaturabarcelona.cat\\\/es\\\/\",\"name\":\"Sindicatura de Greuges de Barcelona\",\"description\":\"La defensoria dels teus drets\",\"publisher\":{\"@id\":\"https:\\\/\\\/www.sindicaturabarcelona.cat\\\/es\\\/#organization\"},\"potentialAction\":[{\"@type\":\"SearchAction\",\"target\":{\"@type\":\"EntryPoint\",\"urlTemplate\":\"https:\\\/\\\/www.sindicaturabarcelona.cat\\\/es\\\/?s={search_term_string}\"},\"query-input\":{\"@type\":\"PropertyValueSpecification\",\"valueRequired\":true,\"valueName\":\"search_term_string\"}}],\"inLanguage\":\"es\"},{\"@type\":\"Organization\",\"@id\":\"https:\\\/\\\/www.sindicaturabarcelona.cat\\\/es\\\/#organization\",\"name\":\"Sindicatura de Greuges de Barcelona\",\"url\":\"https:\\\/\\\/www.sindicaturabarcelona.cat\\\/es\\\/\",\"logo\":{\"@type\":\"ImageObject\",\"inLanguage\":\"es\",\"@id\":\"https:\\\/\\\/www.sindicaturabarcelona.cat\\\/es\\\/#\\\/schema\\\/logo\\\/image\\\/\",\"url\":\"https:\\\/\\\/www.sindicaturabarcelona.cat\\\/wp-content\\\/uploads\\\/2023\\\/02\\\/logo_sindicatura.svg\",\"contentUrl\":\"https:\\\/\\\/www.sindicaturabarcelona.cat\\\/wp-content\\\/uploads\\\/2023\\\/02\\\/logo_sindicatura.svg\",\"caption\":\"Sindicatura de Greuges de Barcelona\"},\"image\":{\"@id\":\"https:\\\/\\\/www.sindicaturabarcelona.cat\\\/es\\\/#\\\/schema\\\/logo\\\/image\\\/\"},\"sameAs\":[\"https:\\\/\\\/x.com\\\/sindicbarcelona\",\"https:\\\/\\\/www.instagram.com\\\/sindicbarcelona\\\/\",\"https:\\\/\\\/www.tiktok.com\\\/@sindicaturabcn\",\"https:\\\/\\\/t.me\\\/sindicaturabarcelona\"]},{\"@type\":\"Person\",\"@id\":\"https:\\\/\\\/www.sindicaturabarcelona.cat\\\/es\\\/#\\\/schema\\\/person\\\/0e5acffc350ffdbc97578159322c9452\",\"name\":\"Pablo\",\"image\":{\"@type\":\"ImageObject\",\"inLanguage\":\"es\",\"@id\":\"https:\\\/\\\/secure.gravatar.com\\\/avatar\\\/c948169b402ef9492afde705c3dfd5e90e1a6a84ef6840a91124f805a25a480f?s=96&d=mm&r=g\",\"url\":\"https:\\\/\\\/secure.gravatar.com\\\/avatar\\\/c948169b402ef9492afde705c3dfd5e90e1a6a84ef6840a91124f805a25a480f?s=96&d=mm&r=g\",\"contentUrl\":\"https:\\\/\\\/secure.gravatar.com\\\/avatar\\\/c948169b402ef9492afde705c3dfd5e90e1a6a84ef6840a91124f805a25a480f?s=96&d=mm&r=g\",\"caption\":\"Pablo\"},\"url\":\"https:\\\/\\\/www.sindicaturabarcelona.cat\\\/es\\\/author\\\/pablo\\\/\"}]}<\/script>\n<!-- \/ Yoast SEO plugin. -->","yoast_head_json":{"title":"Es necesario insistir en la retirada de elementos en la acera y adosados a la fachada que dificultan el paso a personas con discapacidad y otros colectivos en situaci\u00f3n de vulnerabilidad - Sindicatura de Greuges de Barcelona","description":"La Sindicatura ha intervenido despu\u00e9s de una queja que denuncia la presencia de jardineras en acera y adosadas o muy pr\u00f3ximas a la...","robots":{"index":"index","follow":"follow","max-snippet":"max-snippet:-1","max-image-preview":"max-image-preview:large","max-video-preview":"max-video-preview:-1"},"canonical":"https:\/\/www.sindicaturabarcelona.cat\/es\/es-necesario-insistir-en-la-retirada-de-elementos-en-la-acera-y-adosados-a-la-fachada-que-dificultan-el-paso-a-personas-con-discapacidad-y-otros-colectivos-en-situacion-de-vulnerabilidad\/","og_locale":"es_ES","og_type":"article","og_title":"Es necesario insistir en la retirada de elementos en la acera y adosados a la fachada que dificultan el paso a personas con discapacidad y otros colectivos en situaci\u00f3n de vulnerabilidad - Sindicatura de Greuges de Barcelona","og_description":"La Sindicatura ha intervenido despu\u00e9s de una queja que denuncia la presencia de jardineras en acera y adosadas o muy pr\u00f3ximas a la...","og_url":"https:\/\/www.sindicaturabarcelona.cat\/es\/es-necesario-insistir-en-la-retirada-de-elementos-en-la-acera-y-adosados-a-la-fachada-que-dificultan-el-paso-a-personas-con-discapacidad-y-otros-colectivos-en-situacion-de-vulnerabilidad\/","og_site_name":"Sindicatura de Greuges de Barcelona","article_published_time":"2024-08-14T05:00:00+00:00","og_image":[{"width":746,"height":733,"url":"https:\/\/www.sindicaturabarcelona.cat\/wp-content\/uploads\/Jardineres-adossades-a-la-facana-1.jpg","type":"image\/jpeg"}],"author":"Pablo","twitter_card":"summary_large_image","twitter_creator":"@sindicbarcelona","twitter_site":"@sindicbarcelona","twitter_misc":{"Escrito por":"Pablo","Tiempo de lectura":"4 minutos"},"schema":{"@context":"https:\/\/schema.org","@graph":[{"@type":"Article","@id":"https:\/\/www.sindicaturabarcelona.cat\/es\/es-necesario-insistir-en-la-retirada-de-elementos-en-la-acera-y-adosados-a-la-fachada-que-dificultan-el-paso-a-personas-con-discapacidad-y-otros-colectivos-en-situacion-de-vulnerabilidad\/#article","isPartOf":{"@id":"https:\/\/www.sindicaturabarcelona.cat\/es\/es-necesario-insistir-en-la-retirada-de-elementos-en-la-acera-y-adosados-a-la-fachada-que-dificultan-el-paso-a-personas-con-discapacidad-y-otros-colectivos-en-situacion-de-vulnerabilidad\/"},"author":{"name":"Pablo","@id":"https:\/\/www.sindicaturabarcelona.cat\/es\/#\/schema\/person\/0e5acffc350ffdbc97578159322c9452"},"headline":"Es necesario insistir en la retirada de elementos en la acera y adosados a la fachada que dificultan el paso a personas con discapacidad y otros colectivos en situaci\u00f3n de vulnerabilidad","datePublished":"2024-08-14T05:00:00+00:00","mainEntityOfPage":{"@id":"https:\/\/www.sindicaturabarcelona.cat\/es\/es-necesario-insistir-en-la-retirada-de-elementos-en-la-acera-y-adosados-a-la-fachada-que-dificultan-el-paso-a-personas-con-discapacidad-y-otros-colectivos-en-situacion-de-vulnerabilidad\/"},"wordCount":720,"publisher":{"@id":"https:\/\/www.sindicaturabarcelona.cat\/es\/#organization"},"image":{"@id":"https:\/\/www.sindicaturabarcelona.cat\/es\/es-necesario-insistir-en-la-retirada-de-elementos-en-la-acera-y-adosados-a-la-fachada-que-dificultan-el-paso-a-personas-con-discapacidad-y-otros-colectivos-en-situacion-de-vulnerabilidad\/#primaryimage"},"thumbnailUrl":"https:\/\/www.sindicaturabarcelona.cat\/wp-content\/uploads\/Jardineres-adossades-a-la-facana-1.jpg","inLanguage":"es"},{"@type":"WebPage","@id":"https:\/\/www.sindicaturabarcelona.cat\/es\/es-necesario-insistir-en-la-retirada-de-elementos-en-la-acera-y-adosados-a-la-fachada-que-dificultan-el-paso-a-personas-con-discapacidad-y-otros-colectivos-en-situacion-de-vulnerabilidad\/","url":"https:\/\/www.sindicaturabarcelona.cat\/es\/es-necesario-insistir-en-la-retirada-de-elementos-en-la-acera-y-adosados-a-la-fachada-que-dificultan-el-paso-a-personas-con-discapacidad-y-otros-colectivos-en-situacion-de-vulnerabilidad\/","name":"Es necesario insistir en la retirada de elementos en la acera y adosados a la fachada que dificultan el paso a personas con discapacidad y otros colectivos en situaci\u00f3n de vulnerabilidad - Sindicatura de Greuges de Barcelona","isPartOf":{"@id":"https:\/\/www.sindicaturabarcelona.cat\/es\/#website"},"primaryImageOfPage":{"@id":"https:\/\/www.sindicaturabarcelona.cat\/es\/es-necesario-insistir-en-la-retirada-de-elementos-en-la-acera-y-adosados-a-la-fachada-que-dificultan-el-paso-a-personas-con-discapacidad-y-otros-colectivos-en-situacion-de-vulnerabilidad\/#primaryimage"},"image":{"@id":"https:\/\/www.sindicaturabarcelona.cat\/es\/es-necesario-insistir-en-la-retirada-de-elementos-en-la-acera-y-adosados-a-la-fachada-que-dificultan-el-paso-a-personas-con-discapacidad-y-otros-colectivos-en-situacion-de-vulnerabilidad\/#primaryimage"},"thumbnailUrl":"https:\/\/www.sindicaturabarcelona.cat\/wp-content\/uploads\/Jardineres-adossades-a-la-facana-1.jpg","datePublished":"2024-08-14T05:00:00+00:00","description":"La Sindicatura ha intervenido despu\u00e9s de una queja que denuncia la presencia de jardineras en acera y adosadas o muy pr\u00f3ximas a la...","breadcrumb":{"@id":"https:\/\/www.sindicaturabarcelona.cat\/es\/es-necesario-insistir-en-la-retirada-de-elementos-en-la-acera-y-adosados-a-la-fachada-que-dificultan-el-paso-a-personas-con-discapacidad-y-otros-colectivos-en-situacion-de-vulnerabilidad\/#breadcrumb"},"inLanguage":"es","potentialAction":[{"@type":"ReadAction","target":["https:\/\/www.sindicaturabarcelona.cat\/es\/es-necesario-insistir-en-la-retirada-de-elementos-en-la-acera-y-adosados-a-la-fachada-que-dificultan-el-paso-a-personas-con-discapacidad-y-otros-colectivos-en-situacion-de-vulnerabilidad\/"]}]},{"@type":"ImageObject","inLanguage":"es","@id":"https:\/\/www.sindicaturabarcelona.cat\/es\/es-necesario-insistir-en-la-retirada-de-elementos-en-la-acera-y-adosados-a-la-fachada-que-dificultan-el-paso-a-personas-con-discapacidad-y-otros-colectivos-en-situacion-de-vulnerabilidad\/#primaryimage","url":"https:\/\/www.sindicaturabarcelona.cat\/wp-content\/uploads\/Jardineres-adossades-a-la-facana-1.jpg","contentUrl":"https:\/\/www.sindicaturabarcelona.cat\/wp-content\/uploads\/Jardineres-adossades-a-la-facana-1.jpg","width":746,"height":733,"caption":"Jardineras adosadas a la fachada"},{"@type":"BreadcrumbList","@id":"https:\/\/www.sindicaturabarcelona.cat\/es\/es-necesario-insistir-en-la-retirada-de-elementos-en-la-acera-y-adosados-a-la-fachada-que-dificultan-el-paso-a-personas-con-discapacidad-y-otros-colectivos-en-situacion-de-vulnerabilidad\/#breadcrumb","itemListElement":[{"@type":"ListItem","position":1,"name":"Inici","item":"https:\/\/www.sindicaturabarcelona.cat\/es\/"},{"@type":"ListItem","position":2,"name":"Es necesario insistir en la retirada de elementos en la acera y adosados a la fachada que dificultan el paso a personas con discapacidad y otros colectivos en situaci\u00f3n de vulnerabilidad"}]},{"@type":"WebSite","@id":"https:\/\/www.sindicaturabarcelona.cat\/es\/#website","url":"https:\/\/www.sindicaturabarcelona.cat\/es\/","name":"Sindicatura de Greuges de Barcelona","description":"La defensoria dels teus drets","publisher":{"@id":"https:\/\/www.sindicaturabarcelona.cat\/es\/#organization"},"potentialAction":[{"@type":"SearchAction","target":{"@type":"EntryPoint","urlTemplate":"https:\/\/www.sindicaturabarcelona.cat\/es\/?s={search_term_string}"},"query-input":{"@type":"PropertyValueSpecification","valueRequired":true,"valueName":"search_term_string"}}],"inLanguage":"es"},{"@type":"Organization","@id":"https:\/\/www.sindicaturabarcelona.cat\/es\/#organization","name":"Sindicatura de Greuges de Barcelona","url":"https:\/\/www.sindicaturabarcelona.cat\/es\/","logo":{"@type":"ImageObject","inLanguage":"es","@id":"https:\/\/www.sindicaturabarcelona.cat\/es\/#\/schema\/logo\/image\/","url":"https:\/\/www.sindicaturabarcelona.cat\/wp-content\/uploads\/2023\/02\/logo_sindicatura.svg","contentUrl":"https:\/\/www.sindicaturabarcelona.cat\/wp-content\/uploads\/2023\/02\/logo_sindicatura.svg","caption":"Sindicatura de Greuges de Barcelona"},"image":{"@id":"https:\/\/www.sindicaturabarcelona.cat\/es\/#\/schema\/logo\/image\/"},"sameAs":["https:\/\/x.com\/sindicbarcelona","https:\/\/www.instagram.com\/sindicbarcelona\/","https:\/\/www.tiktok.com\/@sindicaturabcn","https:\/\/t.me\/sindicaturabarcelona"]},{"@type":"Person","@id":"https:\/\/www.sindicaturabarcelona.cat\/es\/#\/schema\/person\/0e5acffc350ffdbc97578159322c9452","name":"Pablo","image":{"@type":"ImageObject","inLanguage":"es","@id":"https:\/\/secure.gravatar.com\/avatar\/c948169b402ef9492afde705c3dfd5e90e1a6a84ef6840a91124f805a25a480f?s=96&d=mm&r=g","url":"https:\/\/secure.gravatar.com\/avatar\/c948169b402ef9492afde705c3dfd5e90e1a6a84ef6840a91124f805a25a480f?s=96&d=mm&r=g","contentUrl":"https:\/\/secure.gravatar.com\/avatar\/c948169b402ef9492afde705c3dfd5e90e1a6a84ef6840a91124f805a25a480f?s=96&d=mm&r=g","caption":"Pablo"},"url":"https:\/\/www.sindicaturabarcelona.cat\/es\/author\/pablo\/"}]}},"_links":{"self":[{"href":"https:\/\/www.sindicaturabarcelona.cat\/es\/wp-json\/wp\/v2\/posts\/33420","targetHints":{"allow":["GET"]}}],"collection":[{"href":"https:\/\/www.sindicaturabarcelona.cat\/es\/wp-json\/wp\/v2\/posts"}],"about":[{"href":"https:\/\/www.sindicaturabarcelona.cat\/es\/wp-json\/wp\/v2\/types\/post"}],"author":[{"embeddable":true,"href":"https:\/\/www.sindicaturabarcelona.cat\/es\/wp-json\/wp\/v2\/users\/2"}],"replies":[{"embeddable":true,"href":"https:\/\/www.sindicaturabarcelona.cat\/es\/wp-json\/wp\/v2\/comments?post=33420"}],"version-history":[{"count":2,"href":"https:\/\/www.sindicaturabarcelona.cat\/es\/wp-json\/wp\/v2\/posts\/33420\/revisions"}],"predecessor-version":[{"id":33426,"href":"https:\/\/www.sindicaturabarcelona.cat\/es\/wp-json\/wp\/v2\/posts\/33420\/revisions\/33426"}],"wp:featuredmedia":[{"embeddable":true,"href":"https:\/\/www.sindicaturabarcelona.cat\/es\/wp-json\/wp\/v2\/media\/33421"}],"wp:attachment":[{"href":"https:\/\/www.sindicaturabarcelona.cat\/es\/wp-json\/wp\/v2\/media?parent=33420"}],"wp:term":[{"taxonomy":"post_tag","embeddable":true,"href":"https:\/\/www.sindicaturabarcelona.cat\/es\/wp-json\/wp\/v2\/tags?post=33420"},{"taxonomy":"drets","embeddable":true,"href":"https:\/\/www.sindicaturabarcelona.cat\/es\/wp-json\/wp\/v2\/drets?post=33420"}],"curies":[{"name":"wp","href":"https:\/\/api.w.org\/{rel}","templated":true}]}}