{"id":33200,"date":"2024-08-08T07:30:00","date_gmt":"2024-08-08T05:30:00","guid":{"rendered":"https:\/\/www.sindicaturabarcelona.cat\/?p=33200"},"modified":"2024-08-07T13:21:22","modified_gmt":"2024-08-07T11:21:22","slug":"la-sindicatura-de-greuges-de-barcelona-reclama-al-ayuntamiento-implementar-un-respir-plus-para-personas-menores-de-60-anos-con-la-mayor-brevedad-posible","status":"publish","type":"post","link":"https:\/\/www.sindicaturabarcelona.cat\/es\/la-sindicatura-de-greuges-de-barcelona-reclama-al-ayuntamiento-implementar-un-respir-plus-para-personas-menores-de-60-anos-con-la-mayor-brevedad-posible\/","title":{"rendered":"La Sindicatura de Greuges de Barcelona reclama al Ayuntamiento implementar un Respir Plus para personas menores de 60 a\u00f1os con la mayor brevedad posible"},"content":{"rendered":"\n<p><strong>Barcelona, 8 de agosto de 2024<\/strong> \u2013 Con el prop\u00f3sito de que los recursos municipales traten a la ciudadan\u00eda de acuerdo a los principios de igualdad y equidad, <a href=\"https:\/\/www.sindicaturabarcelona.cat\/wp-content\/uploads\/202407_Dret-salut-i-dret-igualtat_reclama-el-programa-Respir-Plus-per-a-persones-menors-de-60-anys_23Q000982.pdf\" target=\"_blank\" rel=\"noreferrer noopener\"><strong>la Sindicatura de Greuges de Barcelona ha recomendado al Ayuntamiento que implemente, con la mayor brevedad posible, un Respir Plus para personas menores de 60 a\u00f1os<\/strong>.<\/a><\/p>\n\n\n\n<p>La defensor\u00eda tambi\u00e9n ha hecho inciso en que <strong>si es imprescindible un plan piloto del Respir Plus, el Ayuntamiento lo lleve a cabo durante el a\u00f1o 2024<\/strong>.<\/p>\n\n\n\n<p><strong>\u201cEntendemos que todav\u00eda hay dificultades importantes, pero tambi\u00e9n consideramos necesario dar prioridad a esta cuesti\u00f3n, atendiendo el retraso en la implementaci\u00f3n de un Respir Plus que no implique ning\u00fan tipo de discriminaci\u00f3n\u201d<\/strong>, ha expresado el s\u00edndic de greuges de Barcelona, David Bondia.<\/p>\n\n\n\n<h2 class=\"wp-block-heading\"><strong>Qu\u00e9 es el Respir Plus<\/strong><\/h2>\n\n\n\n<p>El <a href=\"https:\/\/ajuntament.barcelona.cat\/personesgrans\/es\/canal\/programa-respir-plus\" target=\"_blank\" rel=\"noreferrer noopener\">Respir Plus<\/a> es una prestaci\u00f3n social de car\u00e1cter econ\u00f3mico que se facilita a personas mayores en situaci\u00f3n de dependencia (y que requieren un apoyo continuado para el desarrollo de las actividades b\u00e1sicas de la vida diaria), para que <strong>puedan hacer frente al pago de un servicio de apoyo que permita mejorar su calidad de vida y la de sus cuidadores.<\/strong><\/p>\n\n\n\n<p><strong>Entre otros requisitos, destacan los siguientes: tener 65 a\u00f1os o m\u00e1s (excepcionalmente se pueden admitir personas de 60 a 64 a\u00f1os)<\/strong> y estar empadronado y residir en un domicilio particular en la ciudad de Barcelona de manera continuada durante los cinco a\u00f1os anteriores a la fecha de presentaci\u00f3n de la solicitud.<\/p>\n\n\n\n<h2 class=\"wp-block-heading\"><strong>La limitaci\u00f3n de edad puede considerarse discriminatoria<\/strong><\/h2>\n\n\n\n<p>La Sindicatura de Greuges de Barcelona considera que <strong>el requisit que limita l\u2019edat per accedir al Respir Plus pot ser discriminatori, ja que d\u2019aquesta manera nom\u00e9s es dirigeix a les persones grans i exclou la resta de col\u00b7lectius<\/strong>, com poden ser les persones joves en situaci\u00f3 de depend\u00e8ncia.<\/p>\n\n\n\n<h2 class=\"wp-block-heading\"><strong>La especial necesidad de apoyo a las familias con hijos\/as en situaci\u00f3n de dependencia<\/strong><\/h2>\n\n\n\n<p>Las familias que se dirigieron a la Sindicatura tienen hijos e hijas con porcentajes elevados de discapacidad y grados II y III de dependencia, que corresponden a dependencia severa y a gran dependencia. Se a\u00f1aden tambi\u00e9n otros factores adicionales que agravian las condiciones de las curas. Por un lado, la sobrecarga de las personas que realizan las curas genera un impacto importante en su salud y en su calidad de vida, lo que se incrementa cuando se lleva a cabo el cuidado de un hijo o hija. De la otra, el IMPD (Instituto Municipal de Personas con Discapacidad) en el documento \u201cEl agravio econ\u00f3mico de las personas con discapacidad de la ciudad de Barcelona\u201d (2019) determinaba la existencia de un agravio econ\u00f3mico m\u00e1s elevado en el grupo comprendido entre los 6 y los 64 a\u00f1os.<\/p>\n\n\n\n<h2 class=\"wp-block-heading\"><strong>El origen de la intervenci\u00f3n de la Sindicatura<\/strong><\/h2>\n\n\n\n<p><strong>Varias familias con hijos e hijas con grados II o III de dependencia, y en muchos casos con grados de discapacidad reconocida del 65% o superior<\/strong>, se dirigieron a la Sindicatura para reclamar el Respir Plus para menores de 60 a\u00f1os.<\/p>\n\n\n\n<p>Denunciaban que despu\u00e9s de un proceso dilatado, en el cual hab\u00edan presentado quejas al Ayuntamiento de Barcelona solicitando el Respir Plus para menores de 60 a\u00f1os, no hab\u00edan conseguido una respuesta concreta, a pesar de que hab\u00edan mantenido reuniones con representantes municipales.<\/p>\n\n\n\n<p>En concreto, expon\u00edan que cuando los hijos e hijas son menores de edad s\u00ed que hay m\u00e1s recursos de Respir, pero cuando pasan a ser mayores de edad se restringe mucho el acceso a estos recursos. <strong>Buena parte de sus hijos tienen discapacidades intelectuales, que en muchos casos comportan trastornos de conducta, y esta \u00faltima condici\u00f3n los excluye de los pocos recursos Respir que existen para j\u00f3venes<\/strong>. Adem\u00e1s, los medios privados pueden ser inalcanzables econ\u00f3micamente para muchas familias.<\/p>\n\n\n\n<h2 class=\"wp-block-heading\"><strong>Qu\u00e9 dice el Ayuntamiento sobre la opci\u00f3n de un Respir Plus para menores de 60 a\u00f1os<\/strong><\/h2>\n\n\n\n<p>El Instituto Municipal de Personas con Discapacidad ha manifestado a la Sindicatura de Greuges de Barcelona que <strong>est\u00e1 analizando la demanda del sector y las diferentes modalidades de Respir posibles. Uno de los colectivos en los cuales se ha visto una necesidad m\u00e1s flagrante es el de familias monoparentales con hijos e hijas con discapacidad.<\/strong><\/p>\n\n\n\n<p>El IMPD a\u00f1ade que, una vez analizada y dimensionada la necesidad, se deber\u00e1 definir el modelo de prestaci\u00f3n del servicio y dotarlo de presupuesto. En esta l\u00ednea, hay la voluntad de poder activar este servicio lo antes posible y dar respuesta a las demandas de las familias.<\/p>\n\n\n\n<p>A pesar de que el Ayuntamiento muestra su predisposici\u00f3n a abrir el acceso al Respir Plus a otros colectivos, <strong>la Sindicatura quiere incidir en el hecho que desde la primera convocatoria del Respir Plus en 2013 hasta la actualidad, el consistorio no haya podido articular un programa con un alcance m\u00e1s amplio para las personas con dependencia de todas las edades.<\/strong><strong><\/strong><\/p>\n","protected":false},"excerpt":{"rendered":"<p>Barcelona, 8 de agosto de 2024 \u2013 Con el prop\u00f3sito de que los recursos municipales traten a la ciudadan\u00eda de acuerdo a los principios de igualdad y equidad, la Sindicatura [&hellip;]<\/p>\n","protected":false},"author":2,"featured_media":33197,"comment_status":"closed","ping_status":"closed","sticky":false,"template":"","format":"standard","meta":{"_acf_changed":false,"footnotes":""},"tags":[],"drets":[1475,1579,1567,1568],"class_list":["post-33200","post","type-post","status-publish","format-standard","has-post-thumbnail","hentry","drets-ciudad-equitativa","drets-derecho-a-la-salud","drets-ciudad-diversa","drets-derecho-a-la-igualdad-y-a-la-diversidad"],"acf":[],"yoast_head":"<!-- This site is optimized with the Yoast SEO plugin v27.5 - https:\/\/yoast.com\/product\/yoast-seo-wordpress\/ -->\n<title>La Sindicatura de Greuges de Barcelona reclama al Ayuntamiento implementar un Respir Plus para personas menores de 60 a\u00f1os con la mayor brevedad posible - Sindicatura de Greuges de Barcelona<\/title>\n<meta name=\"description\" content=\"La defensor\u00eda tambi\u00e9n ha hecho inciso en que si es imprescindible un plan piloto del Respir Plus, el Ayuntamiento lo lleve a cabo durante el a\u00f1o 2024.\" \/>\n<meta name=\"robots\" content=\"index, follow, max-snippet:-1, max-image-preview:large, max-video-preview:-1\" \/>\n<link rel=\"canonical\" href=\"https:\/\/www.sindicaturabarcelona.cat\/es\/la-sindicatura-de-greuges-de-barcelona-reclama-al-ayuntamiento-implementar-un-respir-plus-para-personas-menores-de-60-anos-con-la-mayor-brevedad-posible\/\" \/>\n<meta property=\"og:locale\" content=\"es_ES\" \/>\n<meta property=\"og:type\" content=\"article\" \/>\n<meta property=\"og:title\" content=\"La Sindicatura de Greuges de Barcelona reclama al Ayuntamiento implementar un Respir Plus para personas menores de 60 a\u00f1os con la mayor brevedad posible - Sindicatura de Greuges de Barcelona\" \/>\n<meta property=\"og:description\" content=\"La defensor\u00eda tambi\u00e9n ha hecho inciso en que si es imprescindible un plan piloto del Respir Plus, el Ayuntamiento lo lleve a cabo durante el a\u00f1o 2024.\" \/>\n<meta property=\"og:url\" content=\"https:\/\/www.sindicaturabarcelona.cat\/es\/la-sindicatura-de-greuges-de-barcelona-reclama-al-ayuntamiento-implementar-un-respir-plus-para-personas-menores-de-60-anos-con-la-mayor-brevedad-posible\/\" \/>\n<meta property=\"og:site_name\" content=\"Sindicatura de Greuges de Barcelona\" \/>\n<meta property=\"article:published_time\" content=\"2024-08-08T05:30:00+00:00\" \/>\n<meta property=\"og:image\" content=\"https:\/\/www.sindicaturabarcelona.cat\/wp-content\/uploads\/15745_180922_AF_MerceRespira_011.jpg\" \/>\n\t<meta property=\"og:image:width\" content=\"1024\" \/>\n\t<meta property=\"og:image:height\" content=\"684\" \/>\n\t<meta property=\"og:image:type\" content=\"image\/jpeg\" \/>\n<meta name=\"author\" content=\"Pablo\" \/>\n<meta name=\"twitter:card\" content=\"summary_large_image\" \/>\n<meta name=\"twitter:creator\" content=\"@sindicbarcelona\" \/>\n<meta name=\"twitter:site\" content=\"@sindicbarcelona\" \/>\n<meta name=\"twitter:label1\" content=\"Escrito por\" \/>\n\t<meta name=\"twitter:data1\" content=\"Pablo\" \/>\n\t<meta name=\"twitter:label2\" content=\"Tiempo de lectura\" \/>\n\t<meta name=\"twitter:data2\" content=\"5 minutos\" \/>\n<script type=\"application\/ld+json\" class=\"yoast-schema-graph\">{\"@context\":\"https:\\\/\\\/schema.org\",\"@graph\":[{\"@type\":\"Article\",\"@id\":\"https:\\\/\\\/www.sindicaturabarcelona.cat\\\/es\\\/la-sindicatura-de-greuges-de-barcelona-reclama-al-ayuntamiento-implementar-un-respir-plus-para-personas-menores-de-60-anos-con-la-mayor-brevedad-posible\\\/#article\",\"isPartOf\":{\"@id\":\"https:\\\/\\\/www.sindicaturabarcelona.cat\\\/es\\\/la-sindicatura-de-greuges-de-barcelona-reclama-al-ayuntamiento-implementar-un-respir-plus-para-personas-menores-de-60-anos-con-la-mayor-brevedad-posible\\\/\"},\"author\":{\"name\":\"Pablo\",\"@id\":\"https:\\\/\\\/www.sindicaturabarcelona.cat\\\/es\\\/#\\\/schema\\\/person\\\/0e5acffc350ffdbc97578159322c9452\"},\"headline\":\"La Sindicatura de Greuges de Barcelona reclama al Ayuntamiento implementar un Respir Plus para personas menores de 60 a\u00f1os con la mayor brevedad posible\",\"datePublished\":\"2024-08-08T05:30:00+00:00\",\"mainEntityOfPage\":{\"@id\":\"https:\\\/\\\/www.sindicaturabarcelona.cat\\\/es\\\/la-sindicatura-de-greuges-de-barcelona-reclama-al-ayuntamiento-implementar-un-respir-plus-para-personas-menores-de-60-anos-con-la-mayor-brevedad-posible\\\/\"},\"wordCount\":858,\"publisher\":{\"@id\":\"https:\\\/\\\/www.sindicaturabarcelona.cat\\\/es\\\/#organization\"},\"image\":{\"@id\":\"https:\\\/\\\/www.sindicaturabarcelona.cat\\\/es\\\/la-sindicatura-de-greuges-de-barcelona-reclama-al-ayuntamiento-implementar-un-respir-plus-para-personas-menores-de-60-anos-con-la-mayor-brevedad-posible\\\/#primaryimage\"},\"thumbnailUrl\":\"https:\\\/\\\/www.sindicaturabarcelona.cat\\\/wp-content\\\/uploads\\\/15745_180922_AF_MerceRespira_011.jpg\",\"inLanguage\":\"es\"},{\"@type\":\"WebPage\",\"@id\":\"https:\\\/\\\/www.sindicaturabarcelona.cat\\\/es\\\/la-sindicatura-de-greuges-de-barcelona-reclama-al-ayuntamiento-implementar-un-respir-plus-para-personas-menores-de-60-anos-con-la-mayor-brevedad-posible\\\/\",\"url\":\"https:\\\/\\\/www.sindicaturabarcelona.cat\\\/es\\\/la-sindicatura-de-greuges-de-barcelona-reclama-al-ayuntamiento-implementar-un-respir-plus-para-personas-menores-de-60-anos-con-la-mayor-brevedad-posible\\\/\",\"name\":\"La Sindicatura de Greuges de Barcelona reclama al Ayuntamiento implementar un Respir Plus para personas menores de 60 a\u00f1os con la mayor brevedad posible - Sindicatura de Greuges de Barcelona\",\"isPartOf\":{\"@id\":\"https:\\\/\\\/www.sindicaturabarcelona.cat\\\/es\\\/#website\"},\"primaryImageOfPage\":{\"@id\":\"https:\\\/\\\/www.sindicaturabarcelona.cat\\\/es\\\/la-sindicatura-de-greuges-de-barcelona-reclama-al-ayuntamiento-implementar-un-respir-plus-para-personas-menores-de-60-anos-con-la-mayor-brevedad-posible\\\/#primaryimage\"},\"image\":{\"@id\":\"https:\\\/\\\/www.sindicaturabarcelona.cat\\\/es\\\/la-sindicatura-de-greuges-de-barcelona-reclama-al-ayuntamiento-implementar-un-respir-plus-para-personas-menores-de-60-anos-con-la-mayor-brevedad-posible\\\/#primaryimage\"},\"thumbnailUrl\":\"https:\\\/\\\/www.sindicaturabarcelona.cat\\\/wp-content\\\/uploads\\\/15745_180922_AF_MerceRespira_011.jpg\",\"datePublished\":\"2024-08-08T05:30:00+00:00\",\"description\":\"La defensor\u00eda tambi\u00e9n ha hecho inciso en que si es imprescindible un plan piloto del Respir Plus, el Ayuntamiento lo lleve a cabo durante el a\u00f1o 2024.\",\"breadcrumb\":{\"@id\":\"https:\\\/\\\/www.sindicaturabarcelona.cat\\\/es\\\/la-sindicatura-de-greuges-de-barcelona-reclama-al-ayuntamiento-implementar-un-respir-plus-para-personas-menores-de-60-anos-con-la-mayor-brevedad-posible\\\/#breadcrumb\"},\"inLanguage\":\"es\",\"potentialAction\":[{\"@type\":\"ReadAction\",\"target\":[\"https:\\\/\\\/www.sindicaturabarcelona.cat\\\/es\\\/la-sindicatura-de-greuges-de-barcelona-reclama-al-ayuntamiento-implementar-un-respir-plus-para-personas-menores-de-60-anos-con-la-mayor-brevedad-posible\\\/\"]}]},{\"@type\":\"ImageObject\",\"inLanguage\":\"es\",\"@id\":\"https:\\\/\\\/www.sindicaturabarcelona.cat\\\/es\\\/la-sindicatura-de-greuges-de-barcelona-reclama-al-ayuntamiento-implementar-un-respir-plus-para-personas-menores-de-60-anos-con-la-mayor-brevedad-posible\\\/#primaryimage\",\"url\":\"https:\\\/\\\/www.sindicaturabarcelona.cat\\\/wp-content\\\/uploads\\\/15745_180922_AF_MerceRespira_011.jpg\",\"contentUrl\":\"https:\\\/\\\/www.sindicaturabarcelona.cat\\\/wp-content\\\/uploads\\\/15745_180922_AF_MerceRespira_011.jpg\",\"width\":1024,\"height\":684,\"caption\":\"Respir Plus\"},{\"@type\":\"BreadcrumbList\",\"@id\":\"https:\\\/\\\/www.sindicaturabarcelona.cat\\\/es\\\/la-sindicatura-de-greuges-de-barcelona-reclama-al-ayuntamiento-implementar-un-respir-plus-para-personas-menores-de-60-anos-con-la-mayor-brevedad-posible\\\/#breadcrumb\",\"itemListElement\":[{\"@type\":\"ListItem\",\"position\":1,\"name\":\"Inici\",\"item\":\"https:\\\/\\\/www.sindicaturabarcelona.cat\\\/es\\\/\"},{\"@type\":\"ListItem\",\"position\":2,\"name\":\"La Sindicatura de Greuges de Barcelona reclama al Ayuntamiento implementar un Respir Plus para personas menores de 60 a\u00f1os con la mayor brevedad posible\"}]},{\"@type\":\"WebSite\",\"@id\":\"https:\\\/\\\/www.sindicaturabarcelona.cat\\\/es\\\/#website\",\"url\":\"https:\\\/\\\/www.sindicaturabarcelona.cat\\\/es\\\/\",\"name\":\"Sindicatura de Greuges de Barcelona\",\"description\":\"La defensoria dels teus drets\",\"publisher\":{\"@id\":\"https:\\\/\\\/www.sindicaturabarcelona.cat\\\/es\\\/#organization\"},\"potentialAction\":[{\"@type\":\"SearchAction\",\"target\":{\"@type\":\"EntryPoint\",\"urlTemplate\":\"https:\\\/\\\/www.sindicaturabarcelona.cat\\\/es\\\/?s={search_term_string}\"},\"query-input\":{\"@type\":\"PropertyValueSpecification\",\"valueRequired\":true,\"valueName\":\"search_term_string\"}}],\"inLanguage\":\"es\"},{\"@type\":\"Organization\",\"@id\":\"https:\\\/\\\/www.sindicaturabarcelona.cat\\\/es\\\/#organization\",\"name\":\"Sindicatura de Greuges de Barcelona\",\"url\":\"https:\\\/\\\/www.sindicaturabarcelona.cat\\\/es\\\/\",\"logo\":{\"@type\":\"ImageObject\",\"inLanguage\":\"es\",\"@id\":\"https:\\\/\\\/www.sindicaturabarcelona.cat\\\/es\\\/#\\\/schema\\\/logo\\\/image\\\/\",\"url\":\"https:\\\/\\\/www.sindicaturabarcelona.cat\\\/wp-content\\\/uploads\\\/2023\\\/02\\\/logo_sindicatura.svg\",\"contentUrl\":\"https:\\\/\\\/www.sindicaturabarcelona.cat\\\/wp-content\\\/uploads\\\/2023\\\/02\\\/logo_sindicatura.svg\",\"caption\":\"Sindicatura de Greuges de Barcelona\"},\"image\":{\"@id\":\"https:\\\/\\\/www.sindicaturabarcelona.cat\\\/es\\\/#\\\/schema\\\/logo\\\/image\\\/\"},\"sameAs\":[\"https:\\\/\\\/x.com\\\/sindicbarcelona\",\"https:\\\/\\\/www.instagram.com\\\/sindicbarcelona\\\/\",\"https:\\\/\\\/www.tiktok.com\\\/@sindicaturabcn\",\"https:\\\/\\\/t.me\\\/sindicaturabarcelona\"]},{\"@type\":\"Person\",\"@id\":\"https:\\\/\\\/www.sindicaturabarcelona.cat\\\/es\\\/#\\\/schema\\\/person\\\/0e5acffc350ffdbc97578159322c9452\",\"name\":\"Pablo\",\"image\":{\"@type\":\"ImageObject\",\"inLanguage\":\"es\",\"@id\":\"https:\\\/\\\/secure.gravatar.com\\\/avatar\\\/c948169b402ef9492afde705c3dfd5e90e1a6a84ef6840a91124f805a25a480f?s=96&d=mm&r=g\",\"url\":\"https:\\\/\\\/secure.gravatar.com\\\/avatar\\\/c948169b402ef9492afde705c3dfd5e90e1a6a84ef6840a91124f805a25a480f?s=96&d=mm&r=g\",\"contentUrl\":\"https:\\\/\\\/secure.gravatar.com\\\/avatar\\\/c948169b402ef9492afde705c3dfd5e90e1a6a84ef6840a91124f805a25a480f?s=96&d=mm&r=g\",\"caption\":\"Pablo\"},\"url\":\"https:\\\/\\\/www.sindicaturabarcelona.cat\\\/es\\\/author\\\/pablo\\\/\"}]}<\/script>\n<!-- \/ Yoast SEO plugin. -->","yoast_head_json":{"title":"La Sindicatura de Greuges de Barcelona reclama al Ayuntamiento implementar un Respir Plus para personas menores de 60 a\u00f1os con la mayor brevedad posible - Sindicatura de Greuges de Barcelona","description":"La defensor\u00eda tambi\u00e9n ha hecho inciso en que si es imprescindible un plan piloto del Respir Plus, el Ayuntamiento lo lleve a cabo durante el a\u00f1o 2024.","robots":{"index":"index","follow":"follow","max-snippet":"max-snippet:-1","max-image-preview":"max-image-preview:large","max-video-preview":"max-video-preview:-1"},"canonical":"https:\/\/www.sindicaturabarcelona.cat\/es\/la-sindicatura-de-greuges-de-barcelona-reclama-al-ayuntamiento-implementar-un-respir-plus-para-personas-menores-de-60-anos-con-la-mayor-brevedad-posible\/","og_locale":"es_ES","og_type":"article","og_title":"La Sindicatura de Greuges de Barcelona reclama al Ayuntamiento implementar un Respir Plus para personas menores de 60 a\u00f1os con la mayor brevedad posible - Sindicatura de Greuges de Barcelona","og_description":"La defensor\u00eda tambi\u00e9n ha hecho inciso en que si es imprescindible un plan piloto del Respir Plus, el Ayuntamiento lo lleve a cabo durante el a\u00f1o 2024.","og_url":"https:\/\/www.sindicaturabarcelona.cat\/es\/la-sindicatura-de-greuges-de-barcelona-reclama-al-ayuntamiento-implementar-un-respir-plus-para-personas-menores-de-60-anos-con-la-mayor-brevedad-posible\/","og_site_name":"Sindicatura de Greuges de Barcelona","article_published_time":"2024-08-08T05:30:00+00:00","og_image":[{"width":1024,"height":684,"url":"https:\/\/www.sindicaturabarcelona.cat\/wp-content\/uploads\/15745_180922_AF_MerceRespira_011.jpg","type":"image\/jpeg"}],"author":"Pablo","twitter_card":"summary_large_image","twitter_creator":"@sindicbarcelona","twitter_site":"@sindicbarcelona","twitter_misc":{"Escrito por":"Pablo","Tiempo de lectura":"5 minutos"},"schema":{"@context":"https:\/\/schema.org","@graph":[{"@type":"Article","@id":"https:\/\/www.sindicaturabarcelona.cat\/es\/la-sindicatura-de-greuges-de-barcelona-reclama-al-ayuntamiento-implementar-un-respir-plus-para-personas-menores-de-60-anos-con-la-mayor-brevedad-posible\/#article","isPartOf":{"@id":"https:\/\/www.sindicaturabarcelona.cat\/es\/la-sindicatura-de-greuges-de-barcelona-reclama-al-ayuntamiento-implementar-un-respir-plus-para-personas-menores-de-60-anos-con-la-mayor-brevedad-posible\/"},"author":{"name":"Pablo","@id":"https:\/\/www.sindicaturabarcelona.cat\/es\/#\/schema\/person\/0e5acffc350ffdbc97578159322c9452"},"headline":"La Sindicatura de Greuges de Barcelona reclama al Ayuntamiento implementar un Respir Plus para personas menores de 60 a\u00f1os con la mayor brevedad posible","datePublished":"2024-08-08T05:30:00+00:00","mainEntityOfPage":{"@id":"https:\/\/www.sindicaturabarcelona.cat\/es\/la-sindicatura-de-greuges-de-barcelona-reclama-al-ayuntamiento-implementar-un-respir-plus-para-personas-menores-de-60-anos-con-la-mayor-brevedad-posible\/"},"wordCount":858,"publisher":{"@id":"https:\/\/www.sindicaturabarcelona.cat\/es\/#organization"},"image":{"@id":"https:\/\/www.sindicaturabarcelona.cat\/es\/la-sindicatura-de-greuges-de-barcelona-reclama-al-ayuntamiento-implementar-un-respir-plus-para-personas-menores-de-60-anos-con-la-mayor-brevedad-posible\/#primaryimage"},"thumbnailUrl":"https:\/\/www.sindicaturabarcelona.cat\/wp-content\/uploads\/15745_180922_AF_MerceRespira_011.jpg","inLanguage":"es"},{"@type":"WebPage","@id":"https:\/\/www.sindicaturabarcelona.cat\/es\/la-sindicatura-de-greuges-de-barcelona-reclama-al-ayuntamiento-implementar-un-respir-plus-para-personas-menores-de-60-anos-con-la-mayor-brevedad-posible\/","url":"https:\/\/www.sindicaturabarcelona.cat\/es\/la-sindicatura-de-greuges-de-barcelona-reclama-al-ayuntamiento-implementar-un-respir-plus-para-personas-menores-de-60-anos-con-la-mayor-brevedad-posible\/","name":"La Sindicatura de Greuges de Barcelona reclama al Ayuntamiento implementar un Respir Plus para personas menores de 60 a\u00f1os con la mayor brevedad posible - Sindicatura de Greuges de Barcelona","isPartOf":{"@id":"https:\/\/www.sindicaturabarcelona.cat\/es\/#website"},"primaryImageOfPage":{"@id":"https:\/\/www.sindicaturabarcelona.cat\/es\/la-sindicatura-de-greuges-de-barcelona-reclama-al-ayuntamiento-implementar-un-respir-plus-para-personas-menores-de-60-anos-con-la-mayor-brevedad-posible\/#primaryimage"},"image":{"@id":"https:\/\/www.sindicaturabarcelona.cat\/es\/la-sindicatura-de-greuges-de-barcelona-reclama-al-ayuntamiento-implementar-un-respir-plus-para-personas-menores-de-60-anos-con-la-mayor-brevedad-posible\/#primaryimage"},"thumbnailUrl":"https:\/\/www.sindicaturabarcelona.cat\/wp-content\/uploads\/15745_180922_AF_MerceRespira_011.jpg","datePublished":"2024-08-08T05:30:00+00:00","description":"La defensor\u00eda tambi\u00e9n ha hecho inciso en que si es imprescindible un plan piloto del Respir Plus, el Ayuntamiento lo lleve a cabo durante el a\u00f1o 2024.","breadcrumb":{"@id":"https:\/\/www.sindicaturabarcelona.cat\/es\/la-sindicatura-de-greuges-de-barcelona-reclama-al-ayuntamiento-implementar-un-respir-plus-para-personas-menores-de-60-anos-con-la-mayor-brevedad-posible\/#breadcrumb"},"inLanguage":"es","potentialAction":[{"@type":"ReadAction","target":["https:\/\/www.sindicaturabarcelona.cat\/es\/la-sindicatura-de-greuges-de-barcelona-reclama-al-ayuntamiento-implementar-un-respir-plus-para-personas-menores-de-60-anos-con-la-mayor-brevedad-posible\/"]}]},{"@type":"ImageObject","inLanguage":"es","@id":"https:\/\/www.sindicaturabarcelona.cat\/es\/la-sindicatura-de-greuges-de-barcelona-reclama-al-ayuntamiento-implementar-un-respir-plus-para-personas-menores-de-60-anos-con-la-mayor-brevedad-posible\/#primaryimage","url":"https:\/\/www.sindicaturabarcelona.cat\/wp-content\/uploads\/15745_180922_AF_MerceRespira_011.jpg","contentUrl":"https:\/\/www.sindicaturabarcelona.cat\/wp-content\/uploads\/15745_180922_AF_MerceRespira_011.jpg","width":1024,"height":684,"caption":"Respir Plus"},{"@type":"BreadcrumbList","@id":"https:\/\/www.sindicaturabarcelona.cat\/es\/la-sindicatura-de-greuges-de-barcelona-reclama-al-ayuntamiento-implementar-un-respir-plus-para-personas-menores-de-60-anos-con-la-mayor-brevedad-posible\/#breadcrumb","itemListElement":[{"@type":"ListItem","position":1,"name":"Inici","item":"https:\/\/www.sindicaturabarcelona.cat\/es\/"},{"@type":"ListItem","position":2,"name":"La Sindicatura de Greuges de Barcelona reclama al Ayuntamiento implementar un Respir Plus para personas menores de 60 a\u00f1os con la mayor brevedad posible"}]},{"@type":"WebSite","@id":"https:\/\/www.sindicaturabarcelona.cat\/es\/#website","url":"https:\/\/www.sindicaturabarcelona.cat\/es\/","name":"Sindicatura de Greuges de Barcelona","description":"La defensoria dels teus drets","publisher":{"@id":"https:\/\/www.sindicaturabarcelona.cat\/es\/#organization"},"potentialAction":[{"@type":"SearchAction","target":{"@type":"EntryPoint","urlTemplate":"https:\/\/www.sindicaturabarcelona.cat\/es\/?s={search_term_string}"},"query-input":{"@type":"PropertyValueSpecification","valueRequired":true,"valueName":"search_term_string"}}],"inLanguage":"es"},{"@type":"Organization","@id":"https:\/\/www.sindicaturabarcelona.cat\/es\/#organization","name":"Sindicatura de Greuges de Barcelona","url":"https:\/\/www.sindicaturabarcelona.cat\/es\/","logo":{"@type":"ImageObject","inLanguage":"es","@id":"https:\/\/www.sindicaturabarcelona.cat\/es\/#\/schema\/logo\/image\/","url":"https:\/\/www.sindicaturabarcelona.cat\/wp-content\/uploads\/2023\/02\/logo_sindicatura.svg","contentUrl":"https:\/\/www.sindicaturabarcelona.cat\/wp-content\/uploads\/2023\/02\/logo_sindicatura.svg","caption":"Sindicatura de Greuges de Barcelona"},"image":{"@id":"https:\/\/www.sindicaturabarcelona.cat\/es\/#\/schema\/logo\/image\/"},"sameAs":["https:\/\/x.com\/sindicbarcelona","https:\/\/www.instagram.com\/sindicbarcelona\/","https:\/\/www.tiktok.com\/@sindicaturabcn","https:\/\/t.me\/sindicaturabarcelona"]},{"@type":"Person","@id":"https:\/\/www.sindicaturabarcelona.cat\/es\/#\/schema\/person\/0e5acffc350ffdbc97578159322c9452","name":"Pablo","image":{"@type":"ImageObject","inLanguage":"es","@id":"https:\/\/secure.gravatar.com\/avatar\/c948169b402ef9492afde705c3dfd5e90e1a6a84ef6840a91124f805a25a480f?s=96&d=mm&r=g","url":"https:\/\/secure.gravatar.com\/avatar\/c948169b402ef9492afde705c3dfd5e90e1a6a84ef6840a91124f805a25a480f?s=96&d=mm&r=g","contentUrl":"https:\/\/secure.gravatar.com\/avatar\/c948169b402ef9492afde705c3dfd5e90e1a6a84ef6840a91124f805a25a480f?s=96&d=mm&r=g","caption":"Pablo"},"url":"https:\/\/www.sindicaturabarcelona.cat\/es\/author\/pablo\/"}]}},"_links":{"self":[{"href":"https:\/\/www.sindicaturabarcelona.cat\/es\/wp-json\/wp\/v2\/posts\/33200","targetHints":{"allow":["GET"]}}],"collection":[{"href":"https:\/\/www.sindicaturabarcelona.cat\/es\/wp-json\/wp\/v2\/posts"}],"about":[{"href":"https:\/\/www.sindicaturabarcelona.cat\/es\/wp-json\/wp\/v2\/types\/post"}],"author":[{"embeddable":true,"href":"https:\/\/www.sindicaturabarcelona.cat\/es\/wp-json\/wp\/v2\/users\/2"}],"replies":[{"embeddable":true,"href":"https:\/\/www.sindicaturabarcelona.cat\/es\/wp-json\/wp\/v2\/comments?post=33200"}],"version-history":[{"count":2,"href":"https:\/\/www.sindicaturabarcelona.cat\/es\/wp-json\/wp\/v2\/posts\/33200\/revisions"}],"predecessor-version":[{"id":33202,"href":"https:\/\/www.sindicaturabarcelona.cat\/es\/wp-json\/wp\/v2\/posts\/33200\/revisions\/33202"}],"wp:featuredmedia":[{"embeddable":true,"href":"https:\/\/www.sindicaturabarcelona.cat\/es\/wp-json\/wp\/v2\/media\/33197"}],"wp:attachment":[{"href":"https:\/\/www.sindicaturabarcelona.cat\/es\/wp-json\/wp\/v2\/media?parent=33200"}],"wp:term":[{"taxonomy":"post_tag","embeddable":true,"href":"https:\/\/www.sindicaturabarcelona.cat\/es\/wp-json\/wp\/v2\/tags?post=33200"},{"taxonomy":"drets","embeddable":true,"href":"https:\/\/www.sindicaturabarcelona.cat\/es\/wp-json\/wp\/v2\/drets?post=33200"}],"curies":[{"name":"wp","href":"https:\/\/api.w.org\/{rel}","templated":true}]}}