{"id":32977,"date":"2024-06-21T06:00:00","date_gmt":"2024-06-21T04:00:00","guid":{"rendered":"https:\/\/www.sindicaturabarcelona.cat\/?p=32977"},"modified":"2024-06-20T18:22:13","modified_gmt":"2024-06-20T16:22:13","slug":"el-deficit-de-equipamientos-deportivos-en-la-ciudad-para-cubrir-las-necesidades-de-las-entidades-deportivas","status":"publish","type":"post","link":"https:\/\/www.sindicaturabarcelona.cat\/es\/el-deficit-de-equipamientos-deportivos-en-la-ciudad-para-cubrir-las-necesidades-de-las-entidades-deportivas\/","title":{"rendered":"El d\u00e9ficit de equipamientos deportivos en la ciudad para cubrir las necesidades de las entidades deportivas"},"content":{"rendered":"\n<h2 class=\"wp-block-heading\"><strong>El <em>Mapa de instalaciones deportivas del municipio de Barcelona y Plan de equipamientos deportivos 2019-2035<\/em> ya reconoce la gran saturaci\u00f3n de los polideportivos de la ciudad. En algunos distritos, como el de Sant Andreu, la saturaci\u00f3n llega al 100%.<\/strong><\/h2>\n\n\n\n<p><strong>Barcelona, 21 de junio de 2024<\/strong> \u2013 La ciudad de Barcelona promociona activamente la pr\u00e1ctica deportiva entre la ciudadan\u00eda, a la vez que sufre un d\u00e9ficit de equipamientos deportivos que permita cubrir las necesidades de los clubes y asociaciones.<\/p>\n\n\n\n<p><strong>El <\/strong><a href=\"https:\/\/ajuntament.barcelona.cat\/esports\/sites\/default\/files\/2021-05\/volum_ii_pla_dequipaments_esportius_2019-2035_0.pdf\" target=\"_blank\" rel=\"noreferrer noopener\"><strong><em>Mapa de instalaciones deportivas del municipio de Barcelona y Plan de equipamientos deportivos 2019-2035<\/em><\/strong><\/a><strong> ya reconoce la gran saturaci\u00f3n de los polideportivos de la ciudad. <\/strong>En algunos distritos, como el de Sant Andreu, la saturaci\u00f3n llega al 100%. Este documento, promovido por el Ayuntamiento de Barcelona, incide en el d\u00e9ficit de polideportivos y campos para satisfacer la demanda actual y futura, y destaca<strong> la opci\u00f3n de aprovechar los patios de los centros escolares fuera del horario lectivo y la posibilidad de incorporar pabellones en determinadas escuelas.<\/strong><\/p>\n\n\n\n<h2 class=\"wp-block-heading\"><strong>La situaci\u00f3n en el Distrito de Sant Andreu<\/strong><\/h2>\n\n\n\n<p><strong>El Ayuntamiento detecta el d\u00e9ficit de dos pabellones en el distrito de Sant Andreu<\/strong>. El consistorio ha informado a la Sindicatura que tanto el Institut Barcelona Esports como el Distrito trabajan para solucionar esta carencia de equipamientos deportivos. <strong>Entre sus propuestas de actuaci\u00f3n para resolverlo, destacan varias construcciones<\/strong>: un pabell\u00f3n en el Complex Esportiu Espronceda; el pabell\u00f3n Casernes Sant Andreu; un pabell\u00f3n en el Can\u00f3dromo y un pabell\u00f3n en el futuro IES Llosa Triangle Ferroviari.<\/p>\n\n\n\n<p><strong>Actualmente, est\u00e1 en construcci\u00f3n el polideportivo Espronceda, con la previsi\u00f3n que entre en funcionamiento el primer semestre de 2025<\/strong>. Esta instalaci\u00f3n ser\u00e1 tipo PAV-3: una planta destinada al tiro con arco; otra al tenis mesa y salas deportivas, y la \u00faltima a la gimnasia art\u00edstica. La Sindicatura ha recomendado al Institut Barcelona Esports que en la distribuci\u00f3n de los usos del nuevo polideportivo Espronceda se tengan en cuenta las necesidades expresadas por la Associaci\u00f3 Esportiva Futbol Sala Arrels.<\/p>\n\n\n\n<p>En cuanto al <strong>pabell\u00f3n del Can\u00f3dromo, el Distrito de Sant Andreu ha manifestado a la <a href=\"https:\/\/www.sindicaturabarcelona.cat\/es\/\" target=\"_blank\" rel=\"noreferrer noopener\">Sindicatura de Greuges de Barcelona<\/a> que estima que el anteproyecto de este futuro equipamiento deportivo se elaborar\u00e1 durante este mandato<\/strong>, con la voluntad de avanzar en el proyecto ejecutivo y empezar la obra en el siguiente mandato. El Distrito tambi\u00e9n ha trasladado a la Sindicatura que <strong>la construcci\u00f3n de una instalaci\u00f3n deportiva de estas dimensiones, desde el momento en el que se empieza la elaboraci\u00f3n del anteproyecto, tiene una duraci\u00f3n media de 6 a\u00f1os<\/strong>.<\/p>\n\n\n\n<p>Por lo tanto, <strong>parece dif\u00edcil que los clubes y asociaciones deportivas puedan contar con este pabell\u00f3n antes de la d\u00e9cada del 2030, situaci\u00f3n que no resuelve el problema a corto o medio plazo.<\/strong><\/p>\n\n\n\n<h2 class=\"wp-block-heading\"><strong>El uso de pistas deportivas escolares como alternativa temporal<\/strong><\/h2>\n\n\n\n<p>Ante la saturaci\u00f3n de las pocas instalaciones deportivas en Sant Andreu, el Distrito ha indicado a la Sindicatura que una alternativa es el uso de las pistas deportivas de las escuelas y los institutos. En esta l\u00ednea, y <strong>ante el alto volumen de demandas de entidades deportivas de los barrios de Sant Andreu, el Distrito ha contactado con las direcciones de los centros educativos para gestionar espacios para la pr\u00e1ctica deportiva<\/strong>. En algunos casos se han concretado convenios de cesi\u00f3n a entidades, y, en otras, al mismo Ayuntamiento.<\/p>\n\n\n\n<p>En cuanto a las pistas deportivas escolares, el <strong>Decreto 102\/2010<\/strong>, de 3 de agosto, de autonom\u00eda de los centros educativos, determina los criterios, los procesos y los requisitos que regulan el uso social de edificios e instalaciones de los centros educativos p\u00fablicos <strong>Otorga un rol relevante a las direcciones de los centros escolares de titularidad auton\u00f3mica a la hora de decidir sobre el uso social de sus instalaciones<\/strong>. Probablemente esta sea una de las causas por las cuales algunas de las escuelas no tengan incorporado un pabell\u00f3n o est\u00e9n infrautilizadas fuera del horario lectivo.<\/p>\n\n\n\n<p><strong>En este punto, conviene recordar que el Ayuntamiento no puede interferir en materias de competencia auton\u00f3mica.<\/strong> Sin embargo, esto no impide que s\u00ed pueda hacer una valoraci\u00f3n contrastada sobre el resultado de la aplicaci\u00f3n del Decreto 102\/2010 en cuanto a los usos sociales de los centros educativos, especialmente en los barrios y distritos m\u00e1s tensionados deportivamente, con el objetivo de trasladarla al \u00f3rgano auton\u00f3mico competente y poder llegar a un cambio en la normativa (si se considera).<\/p>\n\n\n\n<p><strong>La Sindicatura de Greuges de Barcelona tambi\u00e9n ha propuesto explorar el uso de las pistas deportivas de escuelas concertadas<\/strong>, con el fin de ofrecer nuevos espacios para la pr\u00e1ctica deportiva de las entidades del distrito y, de este modo, ampliar el cat\u00e1logo de espacios disponibles mientras no se construyan los polideportivos proyectados.<\/p>\n\n\n\n<h2 class=\"wp-block-heading\"><strong>La comunicaci\u00f3n entre el Distrito de Sant Andreu y las entidades deportivas<\/strong><\/h2>\n\n\n\n<p>El Distrito de Sant Andreu es conocedor del problema que sufren varias entidades deportivas de la zona, pero argumenta que es dif\u00edcil atender todas las peticiones, puesto que normalmente quieren los mismos espacios en las mismas horas. De hecho, el Distrito tambi\u00e9n ha informado que crear\u00e1 un grupo de trabajo con las entidades del territorio con necesidades deportivas durante el proceso de elaboraci\u00f3n del anteproyecto del futuro pabell\u00f3n del Can\u00f3dromo.<\/p>\n\n\n\n<p><strong>La Sindicatura de Greuges de Barcelona ha emplazado al Distrito de Sant Andreu a mantener una comunicaci\u00f3n fluida con las entidades deportivas afectadas por el d\u00e9ficit de equipamientos<\/strong>, con el objetivo de que tengan conocimiento de la evoluci\u00f3n de la construcci\u00f3n de las nuevas instalaciones deportivas y encontrar soluciones alternativas para superar las dificultades que sufren actualmente<\/p>\n","protected":false},"excerpt":{"rendered":"<p>El Mapa de instalaciones deportivas del municipio de Barcelona y Plan de equipamientos deportivos 2019-2035 ya reconoce la gran saturaci\u00f3n de los polideportivos de la ciudad. En algunos distritos, como [&hellip;]<\/p>\n","protected":false},"author":2,"featured_media":32975,"comment_status":"closed","ping_status":"closed","sticky":false,"template":"","format":"standard","meta":{"_acf_changed":false,"footnotes":""},"tags":[],"drets":[1475,1576],"class_list":["post-32977","post","type-post","status-publish","format-standard","has-post-thumbnail","hentry","drets-ciudad-equitativa","drets-derecho-al-deporte"],"acf":[],"yoast_head":"<!-- This site is optimized with the Yoast SEO plugin v27.5 - https:\/\/yoast.com\/product\/yoast-seo-wordpress\/ -->\n<title>El d\u00e9ficit de equipamientos deportivos en la ciudad para cubrir las necesidades de las entidades deportivas - Sindicatura de Greuges de Barcelona<\/title>\n<meta name=\"robots\" content=\"index, follow, max-snippet:-1, max-image-preview:large, max-video-preview:-1\" \/>\n<link rel=\"canonical\" href=\"https:\/\/www.sindicaturabarcelona.cat\/es\/el-deficit-de-equipamientos-deportivos-en-la-ciudad-para-cubrir-las-necesidades-de-las-entidades-deportivas\/\" \/>\n<meta property=\"og:locale\" content=\"es_ES\" \/>\n<meta property=\"og:type\" content=\"article\" \/>\n<meta property=\"og:title\" content=\"El d\u00e9ficit de equipamientos deportivos en la ciudad para cubrir las necesidades de las entidades deportivas - Sindicatura de Greuges de Barcelona\" \/>\n<meta property=\"og:description\" content=\"El Mapa de instalaciones deportivas del municipio de Barcelona y Plan de equipamientos deportivos 2019-2035 ya reconoce la gran saturaci\u00f3n de los polideportivos de la ciudad. En algunos distritos, como [&hellip;]\" \/>\n<meta property=\"og:url\" content=\"https:\/\/www.sindicaturabarcelona.cat\/es\/el-deficit-de-equipamientos-deportivos-en-la-ciudad-para-cubrir-las-necesidades-de-las-entidades-deportivas\/\" \/>\n<meta property=\"og:site_name\" content=\"Sindicatura de Greuges de Barcelona\" \/>\n<meta property=\"article:published_time\" content=\"2024-06-21T04:00:00+00:00\" \/>\n<meta property=\"og:image\" content=\"https:\/\/www.sindicaturabarcelona.cat\/wp-content\/uploads\/22571_20211023_InauguracioPoliesportiuLaSagi_04.jpg\" \/>\n\t<meta property=\"og:image:width\" content=\"1536\" \/>\n\t<meta property=\"og:image:height\" content=\"1024\" \/>\n\t<meta property=\"og:image:type\" content=\"image\/jpeg\" \/>\n<meta name=\"author\" content=\"Pablo\" \/>\n<meta name=\"twitter:card\" content=\"summary_large_image\" \/>\n<meta name=\"twitter:creator\" content=\"@sindicbarcelona\" \/>\n<meta name=\"twitter:site\" content=\"@sindicbarcelona\" \/>\n<meta name=\"twitter:label1\" content=\"Escrito por\" \/>\n\t<meta name=\"twitter:data1\" content=\"Pablo\" \/>\n\t<meta name=\"twitter:label2\" content=\"Tiempo de lectura\" \/>\n\t<meta name=\"twitter:data2\" content=\"6 minutos\" \/>\n<script type=\"application\/ld+json\" class=\"yoast-schema-graph\">{\"@context\":\"https:\\\/\\\/schema.org\",\"@graph\":[{\"@type\":\"Article\",\"@id\":\"https:\\\/\\\/www.sindicaturabarcelona.cat\\\/es\\\/el-deficit-de-equipamientos-deportivos-en-la-ciudad-para-cubrir-las-necesidades-de-las-entidades-deportivas\\\/#article\",\"isPartOf\":{\"@id\":\"https:\\\/\\\/www.sindicaturabarcelona.cat\\\/es\\\/el-deficit-de-equipamientos-deportivos-en-la-ciudad-para-cubrir-las-necesidades-de-las-entidades-deportivas\\\/\"},\"author\":{\"name\":\"Pablo\",\"@id\":\"https:\\\/\\\/www.sindicaturabarcelona.cat\\\/es\\\/#\\\/schema\\\/person\\\/0e5acffc350ffdbc97578159322c9452\"},\"headline\":\"El d\u00e9ficit de equipamientos deportivos en la ciudad para cubrir las necesidades de las entidades deportivas\",\"datePublished\":\"2024-06-21T04:00:00+00:00\",\"mainEntityOfPage\":{\"@id\":\"https:\\\/\\\/www.sindicaturabarcelona.cat\\\/es\\\/el-deficit-de-equipamientos-deportivos-en-la-ciudad-para-cubrir-las-necesidades-de-las-entidades-deportivas\\\/\"},\"wordCount\":974,\"publisher\":{\"@id\":\"https:\\\/\\\/www.sindicaturabarcelona.cat\\\/es\\\/#organization\"},\"image\":{\"@id\":\"https:\\\/\\\/www.sindicaturabarcelona.cat\\\/es\\\/el-deficit-de-equipamientos-deportivos-en-la-ciudad-para-cubrir-las-necesidades-de-las-entidades-deportivas\\\/#primaryimage\"},\"thumbnailUrl\":\"https:\\\/\\\/www.sindicaturabarcelona.cat\\\/wp-content\\\/uploads\\\/22571_20211023_InauguracioPoliesportiuLaSagi_04.jpg\",\"inLanguage\":\"es\"},{\"@type\":\"WebPage\",\"@id\":\"https:\\\/\\\/www.sindicaturabarcelona.cat\\\/es\\\/el-deficit-de-equipamientos-deportivos-en-la-ciudad-para-cubrir-las-necesidades-de-las-entidades-deportivas\\\/\",\"url\":\"https:\\\/\\\/www.sindicaturabarcelona.cat\\\/es\\\/el-deficit-de-equipamientos-deportivos-en-la-ciudad-para-cubrir-las-necesidades-de-las-entidades-deportivas\\\/\",\"name\":\"El d\u00e9ficit de equipamientos deportivos en la ciudad para cubrir las necesidades de las entidades deportivas - Sindicatura de Greuges de Barcelona\",\"isPartOf\":{\"@id\":\"https:\\\/\\\/www.sindicaturabarcelona.cat\\\/es\\\/#website\"},\"primaryImageOfPage\":{\"@id\":\"https:\\\/\\\/www.sindicaturabarcelona.cat\\\/es\\\/el-deficit-de-equipamientos-deportivos-en-la-ciudad-para-cubrir-las-necesidades-de-las-entidades-deportivas\\\/#primaryimage\"},\"image\":{\"@id\":\"https:\\\/\\\/www.sindicaturabarcelona.cat\\\/es\\\/el-deficit-de-equipamientos-deportivos-en-la-ciudad-para-cubrir-las-necesidades-de-las-entidades-deportivas\\\/#primaryimage\"},\"thumbnailUrl\":\"https:\\\/\\\/www.sindicaturabarcelona.cat\\\/wp-content\\\/uploads\\\/22571_20211023_InauguracioPoliesportiuLaSagi_04.jpg\",\"datePublished\":\"2024-06-21T04:00:00+00:00\",\"breadcrumb\":{\"@id\":\"https:\\\/\\\/www.sindicaturabarcelona.cat\\\/es\\\/el-deficit-de-equipamientos-deportivos-en-la-ciudad-para-cubrir-las-necesidades-de-las-entidades-deportivas\\\/#breadcrumb\"},\"inLanguage\":\"es\",\"potentialAction\":[{\"@type\":\"ReadAction\",\"target\":[\"https:\\\/\\\/www.sindicaturabarcelona.cat\\\/es\\\/el-deficit-de-equipamientos-deportivos-en-la-ciudad-para-cubrir-las-necesidades-de-las-entidades-deportivas\\\/\"]}]},{\"@type\":\"ImageObject\",\"inLanguage\":\"es\",\"@id\":\"https:\\\/\\\/www.sindicaturabarcelona.cat\\\/es\\\/el-deficit-de-equipamientos-deportivos-en-la-ciudad-para-cubrir-las-necesidades-de-las-entidades-deportivas\\\/#primaryimage\",\"url\":\"https:\\\/\\\/www.sindicaturabarcelona.cat\\\/wp-content\\\/uploads\\\/22571_20211023_InauguracioPoliesportiuLaSagi_04.jpg\",\"contentUrl\":\"https:\\\/\\\/www.sindicaturabarcelona.cat\\\/wp-content\\\/uploads\\\/22571_20211023_InauguracioPoliesportiuLaSagi_04.jpg\",\"width\":1536,\"height\":1024,\"caption\":\"Inauguraci\u00f3 del Poliesportiu La Sagi\"},{\"@type\":\"BreadcrumbList\",\"@id\":\"https:\\\/\\\/www.sindicaturabarcelona.cat\\\/es\\\/el-deficit-de-equipamientos-deportivos-en-la-ciudad-para-cubrir-las-necesidades-de-las-entidades-deportivas\\\/#breadcrumb\",\"itemListElement\":[{\"@type\":\"ListItem\",\"position\":1,\"name\":\"Inici\",\"item\":\"https:\\\/\\\/www.sindicaturabarcelona.cat\\\/es\\\/\"},{\"@type\":\"ListItem\",\"position\":2,\"name\":\"El d\u00e9ficit de equipamientos deportivos en la ciudad para cubrir las necesidades de las entidades deportivas\"}]},{\"@type\":\"WebSite\",\"@id\":\"https:\\\/\\\/www.sindicaturabarcelona.cat\\\/es\\\/#website\",\"url\":\"https:\\\/\\\/www.sindicaturabarcelona.cat\\\/es\\\/\",\"name\":\"Sindicatura de Greuges de Barcelona\",\"description\":\"La defensoria dels teus drets\",\"publisher\":{\"@id\":\"https:\\\/\\\/www.sindicaturabarcelona.cat\\\/es\\\/#organization\"},\"potentialAction\":[{\"@type\":\"SearchAction\",\"target\":{\"@type\":\"EntryPoint\",\"urlTemplate\":\"https:\\\/\\\/www.sindicaturabarcelona.cat\\\/es\\\/?s={search_term_string}\"},\"query-input\":{\"@type\":\"PropertyValueSpecification\",\"valueRequired\":true,\"valueName\":\"search_term_string\"}}],\"inLanguage\":\"es\"},{\"@type\":\"Organization\",\"@id\":\"https:\\\/\\\/www.sindicaturabarcelona.cat\\\/es\\\/#organization\",\"name\":\"Sindicatura de Greuges de Barcelona\",\"url\":\"https:\\\/\\\/www.sindicaturabarcelona.cat\\\/es\\\/\",\"logo\":{\"@type\":\"ImageObject\",\"inLanguage\":\"es\",\"@id\":\"https:\\\/\\\/www.sindicaturabarcelona.cat\\\/es\\\/#\\\/schema\\\/logo\\\/image\\\/\",\"url\":\"https:\\\/\\\/www.sindicaturabarcelona.cat\\\/wp-content\\\/uploads\\\/2023\\\/02\\\/logo_sindicatura.svg\",\"contentUrl\":\"https:\\\/\\\/www.sindicaturabarcelona.cat\\\/wp-content\\\/uploads\\\/2023\\\/02\\\/logo_sindicatura.svg\",\"caption\":\"Sindicatura de Greuges de Barcelona\"},\"image\":{\"@id\":\"https:\\\/\\\/www.sindicaturabarcelona.cat\\\/es\\\/#\\\/schema\\\/logo\\\/image\\\/\"},\"sameAs\":[\"https:\\\/\\\/x.com\\\/sindicbarcelona\",\"https:\\\/\\\/www.instagram.com\\\/sindicbarcelona\\\/\",\"https:\\\/\\\/www.tiktok.com\\\/@sindicaturabcn\",\"https:\\\/\\\/t.me\\\/sindicaturabarcelona\"]},{\"@type\":\"Person\",\"@id\":\"https:\\\/\\\/www.sindicaturabarcelona.cat\\\/es\\\/#\\\/schema\\\/person\\\/0e5acffc350ffdbc97578159322c9452\",\"name\":\"Pablo\",\"image\":{\"@type\":\"ImageObject\",\"inLanguage\":\"es\",\"@id\":\"https:\\\/\\\/secure.gravatar.com\\\/avatar\\\/c948169b402ef9492afde705c3dfd5e90e1a6a84ef6840a91124f805a25a480f?s=96&d=mm&r=g\",\"url\":\"https:\\\/\\\/secure.gravatar.com\\\/avatar\\\/c948169b402ef9492afde705c3dfd5e90e1a6a84ef6840a91124f805a25a480f?s=96&d=mm&r=g\",\"contentUrl\":\"https:\\\/\\\/secure.gravatar.com\\\/avatar\\\/c948169b402ef9492afde705c3dfd5e90e1a6a84ef6840a91124f805a25a480f?s=96&d=mm&r=g\",\"caption\":\"Pablo\"},\"url\":\"https:\\\/\\\/www.sindicaturabarcelona.cat\\\/es\\\/author\\\/pablo\\\/\"}]}<\/script>\n<!-- \/ Yoast SEO plugin. -->","yoast_head_json":{"title":"El d\u00e9ficit de equipamientos deportivos en la ciudad para cubrir las necesidades de las entidades deportivas - Sindicatura de Greuges de Barcelona","robots":{"index":"index","follow":"follow","max-snippet":"max-snippet:-1","max-image-preview":"max-image-preview:large","max-video-preview":"max-video-preview:-1"},"canonical":"https:\/\/www.sindicaturabarcelona.cat\/es\/el-deficit-de-equipamientos-deportivos-en-la-ciudad-para-cubrir-las-necesidades-de-las-entidades-deportivas\/","og_locale":"es_ES","og_type":"article","og_title":"El d\u00e9ficit de equipamientos deportivos en la ciudad para cubrir las necesidades de las entidades deportivas - Sindicatura de Greuges de Barcelona","og_description":"El Mapa de instalaciones deportivas del municipio de Barcelona y Plan de equipamientos deportivos 2019-2035 ya reconoce la gran saturaci\u00f3n de los polideportivos de la ciudad. En algunos distritos, como [&hellip;]","og_url":"https:\/\/www.sindicaturabarcelona.cat\/es\/el-deficit-de-equipamientos-deportivos-en-la-ciudad-para-cubrir-las-necesidades-de-las-entidades-deportivas\/","og_site_name":"Sindicatura de Greuges de Barcelona","article_published_time":"2024-06-21T04:00:00+00:00","og_image":[{"width":1536,"height":1024,"url":"https:\/\/www.sindicaturabarcelona.cat\/wp-content\/uploads\/22571_20211023_InauguracioPoliesportiuLaSagi_04.jpg","type":"image\/jpeg"}],"author":"Pablo","twitter_card":"summary_large_image","twitter_creator":"@sindicbarcelona","twitter_site":"@sindicbarcelona","twitter_misc":{"Escrito por":"Pablo","Tiempo de lectura":"6 minutos"},"schema":{"@context":"https:\/\/schema.org","@graph":[{"@type":"Article","@id":"https:\/\/www.sindicaturabarcelona.cat\/es\/el-deficit-de-equipamientos-deportivos-en-la-ciudad-para-cubrir-las-necesidades-de-las-entidades-deportivas\/#article","isPartOf":{"@id":"https:\/\/www.sindicaturabarcelona.cat\/es\/el-deficit-de-equipamientos-deportivos-en-la-ciudad-para-cubrir-las-necesidades-de-las-entidades-deportivas\/"},"author":{"name":"Pablo","@id":"https:\/\/www.sindicaturabarcelona.cat\/es\/#\/schema\/person\/0e5acffc350ffdbc97578159322c9452"},"headline":"El d\u00e9ficit de equipamientos deportivos en la ciudad para cubrir las necesidades de las entidades deportivas","datePublished":"2024-06-21T04:00:00+00:00","mainEntityOfPage":{"@id":"https:\/\/www.sindicaturabarcelona.cat\/es\/el-deficit-de-equipamientos-deportivos-en-la-ciudad-para-cubrir-las-necesidades-de-las-entidades-deportivas\/"},"wordCount":974,"publisher":{"@id":"https:\/\/www.sindicaturabarcelona.cat\/es\/#organization"},"image":{"@id":"https:\/\/www.sindicaturabarcelona.cat\/es\/el-deficit-de-equipamientos-deportivos-en-la-ciudad-para-cubrir-las-necesidades-de-las-entidades-deportivas\/#primaryimage"},"thumbnailUrl":"https:\/\/www.sindicaturabarcelona.cat\/wp-content\/uploads\/22571_20211023_InauguracioPoliesportiuLaSagi_04.jpg","inLanguage":"es"},{"@type":"WebPage","@id":"https:\/\/www.sindicaturabarcelona.cat\/es\/el-deficit-de-equipamientos-deportivos-en-la-ciudad-para-cubrir-las-necesidades-de-las-entidades-deportivas\/","url":"https:\/\/www.sindicaturabarcelona.cat\/es\/el-deficit-de-equipamientos-deportivos-en-la-ciudad-para-cubrir-las-necesidades-de-las-entidades-deportivas\/","name":"El d\u00e9ficit de equipamientos deportivos en la ciudad para cubrir las necesidades de las entidades deportivas - Sindicatura de Greuges de Barcelona","isPartOf":{"@id":"https:\/\/www.sindicaturabarcelona.cat\/es\/#website"},"primaryImageOfPage":{"@id":"https:\/\/www.sindicaturabarcelona.cat\/es\/el-deficit-de-equipamientos-deportivos-en-la-ciudad-para-cubrir-las-necesidades-de-las-entidades-deportivas\/#primaryimage"},"image":{"@id":"https:\/\/www.sindicaturabarcelona.cat\/es\/el-deficit-de-equipamientos-deportivos-en-la-ciudad-para-cubrir-las-necesidades-de-las-entidades-deportivas\/#primaryimage"},"thumbnailUrl":"https:\/\/www.sindicaturabarcelona.cat\/wp-content\/uploads\/22571_20211023_InauguracioPoliesportiuLaSagi_04.jpg","datePublished":"2024-06-21T04:00:00+00:00","breadcrumb":{"@id":"https:\/\/www.sindicaturabarcelona.cat\/es\/el-deficit-de-equipamientos-deportivos-en-la-ciudad-para-cubrir-las-necesidades-de-las-entidades-deportivas\/#breadcrumb"},"inLanguage":"es","potentialAction":[{"@type":"ReadAction","target":["https:\/\/www.sindicaturabarcelona.cat\/es\/el-deficit-de-equipamientos-deportivos-en-la-ciudad-para-cubrir-las-necesidades-de-las-entidades-deportivas\/"]}]},{"@type":"ImageObject","inLanguage":"es","@id":"https:\/\/www.sindicaturabarcelona.cat\/es\/el-deficit-de-equipamientos-deportivos-en-la-ciudad-para-cubrir-las-necesidades-de-las-entidades-deportivas\/#primaryimage","url":"https:\/\/www.sindicaturabarcelona.cat\/wp-content\/uploads\/22571_20211023_InauguracioPoliesportiuLaSagi_04.jpg","contentUrl":"https:\/\/www.sindicaturabarcelona.cat\/wp-content\/uploads\/22571_20211023_InauguracioPoliesportiuLaSagi_04.jpg","width":1536,"height":1024,"caption":"Inauguraci\u00f3 del Poliesportiu La Sagi"},{"@type":"BreadcrumbList","@id":"https:\/\/www.sindicaturabarcelona.cat\/es\/el-deficit-de-equipamientos-deportivos-en-la-ciudad-para-cubrir-las-necesidades-de-las-entidades-deportivas\/#breadcrumb","itemListElement":[{"@type":"ListItem","position":1,"name":"Inici","item":"https:\/\/www.sindicaturabarcelona.cat\/es\/"},{"@type":"ListItem","position":2,"name":"El d\u00e9ficit de equipamientos deportivos en la ciudad para cubrir las necesidades de las entidades deportivas"}]},{"@type":"WebSite","@id":"https:\/\/www.sindicaturabarcelona.cat\/es\/#website","url":"https:\/\/www.sindicaturabarcelona.cat\/es\/","name":"Sindicatura de Greuges de Barcelona","description":"La defensoria dels teus drets","publisher":{"@id":"https:\/\/www.sindicaturabarcelona.cat\/es\/#organization"},"potentialAction":[{"@type":"SearchAction","target":{"@type":"EntryPoint","urlTemplate":"https:\/\/www.sindicaturabarcelona.cat\/es\/?s={search_term_string}"},"query-input":{"@type":"PropertyValueSpecification","valueRequired":true,"valueName":"search_term_string"}}],"inLanguage":"es"},{"@type":"Organization","@id":"https:\/\/www.sindicaturabarcelona.cat\/es\/#organization","name":"Sindicatura de Greuges de Barcelona","url":"https:\/\/www.sindicaturabarcelona.cat\/es\/","logo":{"@type":"ImageObject","inLanguage":"es","@id":"https:\/\/www.sindicaturabarcelona.cat\/es\/#\/schema\/logo\/image\/","url":"https:\/\/www.sindicaturabarcelona.cat\/wp-content\/uploads\/2023\/02\/logo_sindicatura.svg","contentUrl":"https:\/\/www.sindicaturabarcelona.cat\/wp-content\/uploads\/2023\/02\/logo_sindicatura.svg","caption":"Sindicatura de Greuges de Barcelona"},"image":{"@id":"https:\/\/www.sindicaturabarcelona.cat\/es\/#\/schema\/logo\/image\/"},"sameAs":["https:\/\/x.com\/sindicbarcelona","https:\/\/www.instagram.com\/sindicbarcelona\/","https:\/\/www.tiktok.com\/@sindicaturabcn","https:\/\/t.me\/sindicaturabarcelona"]},{"@type":"Person","@id":"https:\/\/www.sindicaturabarcelona.cat\/es\/#\/schema\/person\/0e5acffc350ffdbc97578159322c9452","name":"Pablo","image":{"@type":"ImageObject","inLanguage":"es","@id":"https:\/\/secure.gravatar.com\/avatar\/c948169b402ef9492afde705c3dfd5e90e1a6a84ef6840a91124f805a25a480f?s=96&d=mm&r=g","url":"https:\/\/secure.gravatar.com\/avatar\/c948169b402ef9492afde705c3dfd5e90e1a6a84ef6840a91124f805a25a480f?s=96&d=mm&r=g","contentUrl":"https:\/\/secure.gravatar.com\/avatar\/c948169b402ef9492afde705c3dfd5e90e1a6a84ef6840a91124f805a25a480f?s=96&d=mm&r=g","caption":"Pablo"},"url":"https:\/\/www.sindicaturabarcelona.cat\/es\/author\/pablo\/"}]}},"_links":{"self":[{"href":"https:\/\/www.sindicaturabarcelona.cat\/es\/wp-json\/wp\/v2\/posts\/32977","targetHints":{"allow":["GET"]}}],"collection":[{"href":"https:\/\/www.sindicaturabarcelona.cat\/es\/wp-json\/wp\/v2\/posts"}],"about":[{"href":"https:\/\/www.sindicaturabarcelona.cat\/es\/wp-json\/wp\/v2\/types\/post"}],"author":[{"embeddable":true,"href":"https:\/\/www.sindicaturabarcelona.cat\/es\/wp-json\/wp\/v2\/users\/2"}],"replies":[{"embeddable":true,"href":"https:\/\/www.sindicaturabarcelona.cat\/es\/wp-json\/wp\/v2\/comments?post=32977"}],"version-history":[{"count":1,"href":"https:\/\/www.sindicaturabarcelona.cat\/es\/wp-json\/wp\/v2\/posts\/32977\/revisions"}],"predecessor-version":[{"id":32978,"href":"https:\/\/www.sindicaturabarcelona.cat\/es\/wp-json\/wp\/v2\/posts\/32977\/revisions\/32978"}],"wp:featuredmedia":[{"embeddable":true,"href":"https:\/\/www.sindicaturabarcelona.cat\/es\/wp-json\/wp\/v2\/media\/32975"}],"wp:attachment":[{"href":"https:\/\/www.sindicaturabarcelona.cat\/es\/wp-json\/wp\/v2\/media?parent=32977"}],"wp:term":[{"taxonomy":"post_tag","embeddable":true,"href":"https:\/\/www.sindicaturabarcelona.cat\/es\/wp-json\/wp\/v2\/tags?post=32977"},{"taxonomy":"drets","embeddable":true,"href":"https:\/\/www.sindicaturabarcelona.cat\/es\/wp-json\/wp\/v2\/drets?post=32977"}],"curies":[{"name":"wp","href":"https:\/\/api.w.org\/{rel}","templated":true}]}}