{"id":32956,"date":"2024-06-12T07:30:00","date_gmt":"2024-06-12T05:30:00","guid":{"rendered":"https:\/\/www.sindicaturabarcelona.cat\/?p=32956"},"modified":"2025-12-09T11:13:20","modified_gmt":"2025-12-09T09:13:20","slug":"la-sindicatura-considera-que-el-road-show-de-la-formula-1-no-deberia-celebrarse-en-la-ciudad-y-sugiere-al-ayuntamiento-que-la-ubicacion-sea-el-circuito-barcelona-catalunya","status":"publish","type":"post","link":"https:\/\/www.sindicaturabarcelona.cat\/es\/la-sindicatura-considera-que-el-road-show-de-la-formula-1-no-deberia-celebrarse-en-la-ciudad-y-sugiere-al-ayuntamiento-que-la-ubicacion-sea-el-circuito-barcelona-catalunya\/","title":{"rendered":"La Sindicatura considera que el Road Show de la Formula 1 no deber\u00eda celebrarse en la ciudad y sugiere al Ayuntamiento que la ubicaci\u00f3n sea el Circuito Barcelona-Catalunya"},"content":{"rendered":"\n<h2 class=\"wp-block-heading\"><strong>La defensor\u00eda pide al Ayuntamiento que vele por la coherencia de las pol\u00edticas y las decisiones municipales, y reconsidere la celebraci\u00f3n del <em>Road Show<\/em> de la F1 en la ciudad.<\/strong><\/h2>\n\n\n\n<p><strong>Barcelona, 12 de junio de 2024 &#8211;<\/strong> <a href=\"https:\/\/www.sindicaturabarcelona.cat\/wp-content\/uploads\/202406_Dret-medi-ambient-dret-mobilitat-i-dret-espai-public_F1-Road-Show.pdf\" target=\"_blank\" rel=\"noreferrer noopener\">La Sindicatura de Greuges de Barcelona ha concluido que la actuaci\u00f3n municipal de permitir <strong>la celebraci\u00f3n del <em>Road Show<\/em> de la Formula<\/strong><\/a><strong> 1 en el paseo de Gracia no es coherente con las pol\u00edticas locales de movilidad sostenible, ni con el respeto a los derechos al espacio p\u00fablico, a un medio ambiente sano y a la salud.<\/strong><\/p>\n\n\n\n<p>La defensor\u00eda<strong> ha pedido al Ayuntamiento de Barcelona que pondere los beneficios que obtendr\u00e1 la ciudad acogiendo esta actividad y la afectaci\u00f3n de derechos de ciudadan\u00eda que supondr\u00e1. <\/strong>En este ejercicio de ponderaci\u00f3n, <strong>hay que tener en cuenta que las pol\u00edticas medioambientales de los municipios deben seguir el principio de precauci\u00f3n, <\/strong>seg\u00fan el cual si una acci\u00f3n o pol\u00edtica puede causar da\u00f1os al medio ambiente o a la salud, esta no debe ejecutarse.<\/p>\n\n\n\n<p>La Sindicatura de Greuges de Barcelona ha trasladado las siguientes recomendaciones y sugerencias al Ayuntamiento de Barcelona:<\/p>\n\n\n\n<figure class=\"wp-block-table\"><table><tbody><tr><td>&#8211; Recomendar al Distrito del Eixample y al \u00c1rea de Econom\u00eda, Hacienda, Promoci\u00f3n Econ\u00f3mica y Turismo <strong>que valoren la afectaci\u00f3n de derechos que comporta la celebraci\u00f3n del <em>Road Show<\/em> y consideren la posibilidad de cancelar la actividad.<\/strong>&nbsp;<br><br>&#8211; Sugerir al Distrito del Eixample y al \u00c1rea de Econom\u00eda, Hacienda, Promoci\u00f3n Econ\u00f3mica y Turismo <strong>que la celebraci\u00f3n del <em>Road Show<\/em> se lleve a cabo en un espacio habilitado para acoger este tipo de actividad, como puede ser el Circuito de Barcelona-Catalunya, y que habilite medios de transporte p\u00fablico para posibilitar el desplazamiento de la ciudadan\u00eda<\/strong> que quiera asistir a este espect\u00e1culo.&nbsp;<br><br>&#8211; Sugerir al \u00c1rea de Econom\u00eda, Hacienda, Promoci\u00f3n Econ\u00f3mica y Turismo que en las decisiones sobre la promoci\u00f3n y celebraci\u00f3n de grandes acontecimientos <strong>vele por la coherencia de las pol\u00edticas municipales y el respeto de los derechos de ciudadan\u00eda.<\/strong> &nbsp;<\/td><\/tr><\/tbody><\/table><\/figure>\n\n\n\n<p><strong>El origen de la actuaci\u00f3n de la Sindicatura de Greuges de Barcelona reside en una queja formalizada por diez entidades y asociaciones: <\/strong>Catalunya Camina; FAVB (Federaci\u00f3 d\u2019Associacions Ve\u00efnals de Barcelona); BACC (Bicicleta Club de Catalunya); Eixample Respira; P(A)T-APAT &#8211; Prevenci\u00f3 Accidents Tr\u00e0nsit; PTP (Promoci\u00f3 del Transport P\u00fablic); Revolta Escolar; Mother\u2019s Rebellion Barcelona; Maragall Respira y Sant Mart\u00ed Respira.<\/p>\n\n\n\n<h2 class=\"wp-block-heading\"><strong>Qu\u00e9 es el <em>Road Show<\/em> de la Formula 1<\/strong><\/h2>\n\n\n\n<p>En el contexto del Grand Premio de F1 que se celebrar\u00e1 entre el 21 y el 23 de junio en el Circuito de Barcelona-Catalu\u00f1a, la ciudad acoger\u00e1 una serie de actividades en el centro de la ciudad entre el 15 y el 22 de junio. Entre estas iniciativas, se encuentra el <strong><em>Road Show <\/em>(19 de junio a las 18 h en el paseo de Gracia)<em>:<\/em> <\/strong>los pilotos de F1 saldr\u00e1n con sus monoplazas desde la ronda Universitat, girar\u00e1n en la rotonda de la Gran V\u00eda y continuar\u00e1n hasta llegar casi a la calle Arag\u00f3, donde volver\u00e1n a girar hacia el sur. <strong>La velocidad m\u00e1xima permitida ser\u00e1 de 100 km\/h, seg\u00fan ha anunciado el consistorio.<\/strong><\/p>\n\n\n\n<h2 class=\"wp-block-heading\"><strong>El derecho al espacio p\u00fablico y los usos privativos de la v\u00eda p\u00fablica<\/strong><\/h2>\n\n\n\n<p>El espacio p\u00fablico de la ciudad est\u00e1 destinado al uso y disfrute de todas las personas. Sin embargo, las v\u00edas p\u00fablicas pueden admitir diferentes tipos de usos. Incluso, si se re\u00fanen determinadas circunstancias, estos pueden ser de car\u00e1cter privativo cuando un determinado uso impide otros.<\/p>\n\n\n\n<p><strong>En el caso del <em>Road Show<\/em> de la F1, el acontecimiento requiere la obtenci\u00f3n de una licencia municipal<\/strong>, puesto que afectar\u00e1 otros usos (la circulaci\u00f3n y la estancia de las personas) y puede suponer un incremento del riesgo o peligrosidad de la v\u00eda.<\/p>\n\n\n\n<p>La Sindicatura de Greuges de Barcelona ha incidido en el hecho de que <strong>la concesi\u00f3n de la autorizaci\u00f3n municipal no solo legitima la realizaci\u00f3n de la actividad con las condiciones adecuadas, sino que tambi\u00e9n permite a las autoridades locales actuar de manera planificada y adoptar las medidas necesarias<\/strong> para minimizar el impacto del acontecimiento en el espacio p\u00fablico y asegurar el derecho de la ciudadan\u00eda de disfrutarlo.<\/p>\n\n\n\n<p><strong>Las actividades que se desarrollen en la v\u00eda p\u00fablica solo pueden limitar el derecho de la ciudadan\u00eda a los usos generales si se dispone de la autorizaci\u00f3n municipal correspondiente<\/strong>. En esta l\u00ednea, hay que decir que <strong>el Ayuntamiento no ha enviado a la Sindicatura la autorizaci\u00f3n municipal, ni tampoco ninguna informaci\u00f3n solicitada referente a esta cuesti\u00f3n.<\/strong><\/p>\n\n\n\n<h2 class=\"wp-block-heading\"><strong>El deber de protecci\u00f3n del medio ambiente y el derecho a la salud<\/strong><\/h2>\n\n\n\n<p>La Sindicatura considera que <strong>acoger un acontecimiento de exhibici\u00f3n de veh\u00edculos de F1 en una ciudad que hist\u00f3ricamente ha superado los umbrales de contaminaci\u00f3n atmosf\u00e9rica admitidos no es una decisi\u00f3n alineada con el deber de protecci\u00f3n del medio ambiente.<\/strong> Adem\u00e1s, el distrito del Eixample, donde est\u00e1 previsto llevar a cabo el <em>Road Show<\/em>, es donde se producen los niveles m\u00e1s elevados de exposici\u00f3n al NO2. Hay que tener en cuenta que los veh\u00edculos monoplazas, adem\u00e1s del ruido que emiten cuando circulan a gran velocidad, son una fuente generadora de gases contaminantes, sobre todo si derrapan.<\/p>\n\n\n\n<p><strong>Resulta dif\u00edcilmente justificable autorizar actividades contaminantes en un contexto de crisis clim\u00e1tica y de un amplio consenso mundial hacia la necesidad de reducir las emisiones de gas de efecto invernadero<\/strong>. De hecho, el Ayuntamiento de Barcelona promueve iniciativas relevantes que permiten reducir la contaminaci\u00f3n del tr\u00e1fico rodado, como el establecimiento de zonas de bajas emisiones o la conversi\u00f3n de calles en calles de peatones. La Sindicatura de Greuges de Barcelona considera que el derecho de las personas a vivir en un medio sano, sostenible y respetuoso con la salud debe prevalecer ante otros factores.<\/p>\n","protected":false},"excerpt":{"rendered":"<p>La defensor\u00eda pide al Ayuntamiento que vele por la coherencia de las pol\u00edticas y las decisiones municipales, y reconsidere la celebraci\u00f3n del Road Show de la F1 en la ciudad. [&hellip;]<\/p>\n","protected":false},"author":2,"featured_media":32953,"comment_status":"closed","ping_status":"closed","sticky":false,"template":"","format":"standard","meta":{"_acf_changed":false,"footnotes":""},"tags":[],"drets":[1477,1592,1593,1594],"class_list":["post-32956","post","type-post","status-publish","format-standard","has-post-thumbnail","hentry","drets-ciudad-habitable-y-sostenible","drets-derecho-al-medio-ambiente","drets-derecho-a-la-movilidad","drets-derecho-al-espacio-publico"],"acf":[],"yoast_head":"<!-- This site is optimized with the Yoast SEO plugin v27.5 - https:\/\/yoast.com\/product\/yoast-seo-wordpress\/ -->\n<title>La Sindicatura considera que el Road Show de la Formula 1 no deber\u00eda celebrarse en la ciudad y sugiere al Ayuntamiento que la ubicaci\u00f3n sea el Circuito Barcelona-Catalunya - Sindicatura de Greuges de Barcelona<\/title>\n<meta name=\"description\" content=\"La defensor\u00eda pide al Ayuntamiento que vele por la coherencia de las pol\u00edticas municipales, y reconsidere la celebraci\u00f3n del Road Show de la F1 en la ciudad.\" \/>\n<meta name=\"robots\" content=\"index, follow, max-snippet:-1, max-image-preview:large, max-video-preview:-1\" \/>\n<link rel=\"canonical\" href=\"https:\/\/www.sindicaturabarcelona.cat\/es\/la-sindicatura-considera-que-el-road-show-de-la-formula-1-no-deberia-celebrarse-en-la-ciudad-y-sugiere-al-ayuntamiento-que-la-ubicacion-sea-el-circuito-barcelona-catalunya\/\" \/>\n<meta property=\"og:locale\" content=\"es_ES\" \/>\n<meta property=\"og:type\" content=\"article\" \/>\n<meta property=\"og:title\" content=\"La Sindicatura considera que el Road Show de la Formula 1 no deber\u00eda celebrarse en la ciudad y sugiere al Ayuntamiento que la ubicaci\u00f3n sea el Circuito Barcelona-Catalunya - Sindicatura de Greuges de Barcelona\" \/>\n<meta property=\"og:description\" content=\"La defensor\u00eda pide al Ayuntamiento que vele por la coherencia de las pol\u00edticas municipales, y reconsidere la celebraci\u00f3n del Road Show de la F1 en la ciudad.\" \/>\n<meta property=\"og:url\" content=\"https:\/\/www.sindicaturabarcelona.cat\/es\/la-sindicatura-considera-que-el-road-show-de-la-formula-1-no-deberia-celebrarse-en-la-ciudad-y-sugiere-al-ayuntamiento-que-la-ubicacion-sea-el-circuito-barcelona-catalunya\/\" \/>\n<meta property=\"og:site_name\" content=\"Sindicatura de Greuges de Barcelona\" \/>\n<meta property=\"article:published_time\" content=\"2024-06-12T05:30:00+00:00\" \/>\n<meta property=\"article:modified_time\" content=\"2025-12-09T09:13:20+00:00\" \/>\n<meta property=\"og:image\" content=\"https:\/\/www.sindicaturabarcelona.cat\/wp-content\/uploads\/F1-Road-Show.jpg\" \/>\n\t<meta property=\"og:image:width\" content=\"1500\" \/>\n\t<meta property=\"og:image:height\" content=\"841\" \/>\n\t<meta property=\"og:image:type\" content=\"image\/jpeg\" \/>\n<meta name=\"author\" content=\"Pablo\" \/>\n<meta name=\"twitter:card\" content=\"summary_large_image\" \/>\n<meta name=\"twitter:creator\" content=\"@sindicbarcelona\" \/>\n<meta name=\"twitter:site\" content=\"@sindicbarcelona\" \/>\n<meta name=\"twitter:label1\" content=\"Escrito por\" \/>\n\t<meta name=\"twitter:data1\" content=\"Pablo\" \/>\n\t<meta name=\"twitter:label2\" content=\"Tiempo de lectura\" \/>\n\t<meta name=\"twitter:data2\" content=\"6 minutos\" \/>\n<script type=\"application\/ld+json\" class=\"yoast-schema-graph\">{\"@context\":\"https:\\\/\\\/schema.org\",\"@graph\":[{\"@type\":\"Article\",\"@id\":\"https:\\\/\\\/www.sindicaturabarcelona.cat\\\/es\\\/la-sindicatura-considera-que-el-road-show-de-la-formula-1-no-deberia-celebrarse-en-la-ciudad-y-sugiere-al-ayuntamiento-que-la-ubicacion-sea-el-circuito-barcelona-catalunya\\\/#article\",\"isPartOf\":{\"@id\":\"https:\\\/\\\/www.sindicaturabarcelona.cat\\\/es\\\/la-sindicatura-considera-que-el-road-show-de-la-formula-1-no-deberia-celebrarse-en-la-ciudad-y-sugiere-al-ayuntamiento-que-la-ubicacion-sea-el-circuito-barcelona-catalunya\\\/\"},\"author\":{\"name\":\"Pablo\",\"@id\":\"https:\\\/\\\/www.sindicaturabarcelona.cat\\\/es\\\/#\\\/schema\\\/person\\\/0e5acffc350ffdbc97578159322c9452\"},\"headline\":\"La Sindicatura considera que el Road Show de la Formula 1 no deber\u00eda celebrarse en la ciudad y sugiere al Ayuntamiento que la ubicaci\u00f3n sea el Circuito Barcelona-Catalunya\",\"datePublished\":\"2024-06-12T05:30:00+00:00\",\"dateModified\":\"2025-12-09T09:13:20+00:00\",\"mainEntityOfPage\":{\"@id\":\"https:\\\/\\\/www.sindicaturabarcelona.cat\\\/es\\\/la-sindicatura-considera-que-el-road-show-de-la-formula-1-no-deberia-celebrarse-en-la-ciudad-y-sugiere-al-ayuntamiento-que-la-ubicacion-sea-el-circuito-barcelona-catalunya\\\/\"},\"wordCount\":1047,\"publisher\":{\"@id\":\"https:\\\/\\\/www.sindicaturabarcelona.cat\\\/es\\\/#organization\"},\"image\":{\"@id\":\"https:\\\/\\\/www.sindicaturabarcelona.cat\\\/es\\\/la-sindicatura-considera-que-el-road-show-de-la-formula-1-no-deberia-celebrarse-en-la-ciudad-y-sugiere-al-ayuntamiento-que-la-ubicacion-sea-el-circuito-barcelona-catalunya\\\/#primaryimage\"},\"thumbnailUrl\":\"https:\\\/\\\/www.sindicaturabarcelona.cat\\\/wp-content\\\/uploads\\\/F1-Road-Show.jpg\",\"inLanguage\":\"es\"},{\"@type\":\"WebPage\",\"@id\":\"https:\\\/\\\/www.sindicaturabarcelona.cat\\\/es\\\/la-sindicatura-considera-que-el-road-show-de-la-formula-1-no-deberia-celebrarse-en-la-ciudad-y-sugiere-al-ayuntamiento-que-la-ubicacion-sea-el-circuito-barcelona-catalunya\\\/\",\"url\":\"https:\\\/\\\/www.sindicaturabarcelona.cat\\\/es\\\/la-sindicatura-considera-que-el-road-show-de-la-formula-1-no-deberia-celebrarse-en-la-ciudad-y-sugiere-al-ayuntamiento-que-la-ubicacion-sea-el-circuito-barcelona-catalunya\\\/\",\"name\":\"La Sindicatura considera que el Road Show de la Formula 1 no deber\u00eda celebrarse en la ciudad y sugiere al Ayuntamiento que la ubicaci\u00f3n sea el Circuito Barcelona-Catalunya - Sindicatura de Greuges de Barcelona\",\"isPartOf\":{\"@id\":\"https:\\\/\\\/www.sindicaturabarcelona.cat\\\/es\\\/#website\"},\"primaryImageOfPage\":{\"@id\":\"https:\\\/\\\/www.sindicaturabarcelona.cat\\\/es\\\/la-sindicatura-considera-que-el-road-show-de-la-formula-1-no-deberia-celebrarse-en-la-ciudad-y-sugiere-al-ayuntamiento-que-la-ubicacion-sea-el-circuito-barcelona-catalunya\\\/#primaryimage\"},\"image\":{\"@id\":\"https:\\\/\\\/www.sindicaturabarcelona.cat\\\/es\\\/la-sindicatura-considera-que-el-road-show-de-la-formula-1-no-deberia-celebrarse-en-la-ciudad-y-sugiere-al-ayuntamiento-que-la-ubicacion-sea-el-circuito-barcelona-catalunya\\\/#primaryimage\"},\"thumbnailUrl\":\"https:\\\/\\\/www.sindicaturabarcelona.cat\\\/wp-content\\\/uploads\\\/F1-Road-Show.jpg\",\"datePublished\":\"2024-06-12T05:30:00+00:00\",\"dateModified\":\"2025-12-09T09:13:20+00:00\",\"description\":\"La defensor\u00eda pide al Ayuntamiento que vele por la coherencia de las pol\u00edticas municipales, y reconsidere la celebraci\u00f3n del Road Show de la F1 en la ciudad.\",\"breadcrumb\":{\"@id\":\"https:\\\/\\\/www.sindicaturabarcelona.cat\\\/es\\\/la-sindicatura-considera-que-el-road-show-de-la-formula-1-no-deberia-celebrarse-en-la-ciudad-y-sugiere-al-ayuntamiento-que-la-ubicacion-sea-el-circuito-barcelona-catalunya\\\/#breadcrumb\"},\"inLanguage\":\"es\",\"potentialAction\":[{\"@type\":\"ReadAction\",\"target\":[\"https:\\\/\\\/www.sindicaturabarcelona.cat\\\/es\\\/la-sindicatura-considera-que-el-road-show-de-la-formula-1-no-deberia-celebrarse-en-la-ciudad-y-sugiere-al-ayuntamiento-que-la-ubicacion-sea-el-circuito-barcelona-catalunya\\\/\"]}]},{\"@type\":\"ImageObject\",\"inLanguage\":\"es\",\"@id\":\"https:\\\/\\\/www.sindicaturabarcelona.cat\\\/es\\\/la-sindicatura-considera-que-el-road-show-de-la-formula-1-no-deberia-celebrarse-en-la-ciudad-y-sugiere-al-ayuntamiento-que-la-ubicacion-sea-el-circuito-barcelona-catalunya\\\/#primaryimage\",\"url\":\"https:\\\/\\\/www.sindicaturabarcelona.cat\\\/wp-content\\\/uploads\\\/F1-Road-Show.jpg\",\"contentUrl\":\"https:\\\/\\\/www.sindicaturabarcelona.cat\\\/wp-content\\\/uploads\\\/F1-Road-Show.jpg\",\"width\":1500,\"height\":841},{\"@type\":\"BreadcrumbList\",\"@id\":\"https:\\\/\\\/www.sindicaturabarcelona.cat\\\/es\\\/la-sindicatura-considera-que-el-road-show-de-la-formula-1-no-deberia-celebrarse-en-la-ciudad-y-sugiere-al-ayuntamiento-que-la-ubicacion-sea-el-circuito-barcelona-catalunya\\\/#breadcrumb\",\"itemListElement\":[{\"@type\":\"ListItem\",\"position\":1,\"name\":\"Inici\",\"item\":\"https:\\\/\\\/www.sindicaturabarcelona.cat\\\/es\\\/\"},{\"@type\":\"ListItem\",\"position\":2,\"name\":\"La Sindicatura considera que el Road Show de la Formula 1 no deber\u00eda celebrarse en la ciudad y sugiere al Ayuntamiento que la ubicaci\u00f3n sea el Circuito Barcelona-Catalunya\"}]},{\"@type\":\"WebSite\",\"@id\":\"https:\\\/\\\/www.sindicaturabarcelona.cat\\\/es\\\/#website\",\"url\":\"https:\\\/\\\/www.sindicaturabarcelona.cat\\\/es\\\/\",\"name\":\"Sindicatura de Greuges de Barcelona\",\"description\":\"La defensoria dels teus drets\",\"publisher\":{\"@id\":\"https:\\\/\\\/www.sindicaturabarcelona.cat\\\/es\\\/#organization\"},\"potentialAction\":[{\"@type\":\"SearchAction\",\"target\":{\"@type\":\"EntryPoint\",\"urlTemplate\":\"https:\\\/\\\/www.sindicaturabarcelona.cat\\\/es\\\/?s={search_term_string}\"},\"query-input\":{\"@type\":\"PropertyValueSpecification\",\"valueRequired\":true,\"valueName\":\"search_term_string\"}}],\"inLanguage\":\"es\"},{\"@type\":\"Organization\",\"@id\":\"https:\\\/\\\/www.sindicaturabarcelona.cat\\\/es\\\/#organization\",\"name\":\"Sindicatura de Greuges de Barcelona\",\"url\":\"https:\\\/\\\/www.sindicaturabarcelona.cat\\\/es\\\/\",\"logo\":{\"@type\":\"ImageObject\",\"inLanguage\":\"es\",\"@id\":\"https:\\\/\\\/www.sindicaturabarcelona.cat\\\/es\\\/#\\\/schema\\\/logo\\\/image\\\/\",\"url\":\"https:\\\/\\\/www.sindicaturabarcelona.cat\\\/wp-content\\\/uploads\\\/2023\\\/02\\\/logo_sindicatura.svg\",\"contentUrl\":\"https:\\\/\\\/www.sindicaturabarcelona.cat\\\/wp-content\\\/uploads\\\/2023\\\/02\\\/logo_sindicatura.svg\",\"caption\":\"Sindicatura de Greuges de Barcelona\"},\"image\":{\"@id\":\"https:\\\/\\\/www.sindicaturabarcelona.cat\\\/es\\\/#\\\/schema\\\/logo\\\/image\\\/\"},\"sameAs\":[\"https:\\\/\\\/x.com\\\/sindicbarcelona\",\"https:\\\/\\\/www.instagram.com\\\/sindicbarcelona\\\/\",\"https:\\\/\\\/www.tiktok.com\\\/@sindicaturabcn\",\"https:\\\/\\\/t.me\\\/sindicaturabarcelona\"]},{\"@type\":\"Person\",\"@id\":\"https:\\\/\\\/www.sindicaturabarcelona.cat\\\/es\\\/#\\\/schema\\\/person\\\/0e5acffc350ffdbc97578159322c9452\",\"name\":\"Pablo\",\"image\":{\"@type\":\"ImageObject\",\"inLanguage\":\"es\",\"@id\":\"https:\\\/\\\/secure.gravatar.com\\\/avatar\\\/c948169b402ef9492afde705c3dfd5e90e1a6a84ef6840a91124f805a25a480f?s=96&d=mm&r=g\",\"url\":\"https:\\\/\\\/secure.gravatar.com\\\/avatar\\\/c948169b402ef9492afde705c3dfd5e90e1a6a84ef6840a91124f805a25a480f?s=96&d=mm&r=g\",\"contentUrl\":\"https:\\\/\\\/secure.gravatar.com\\\/avatar\\\/c948169b402ef9492afde705c3dfd5e90e1a6a84ef6840a91124f805a25a480f?s=96&d=mm&r=g\",\"caption\":\"Pablo\"},\"url\":\"https:\\\/\\\/www.sindicaturabarcelona.cat\\\/es\\\/author\\\/pablo\\\/\"}]}<\/script>\n<!-- \/ Yoast SEO plugin. -->","yoast_head_json":{"title":"La Sindicatura considera que el Road Show de la Formula 1 no deber\u00eda celebrarse en la ciudad y sugiere al Ayuntamiento que la ubicaci\u00f3n sea el Circuito Barcelona-Catalunya - Sindicatura de Greuges de Barcelona","description":"La defensor\u00eda pide al Ayuntamiento que vele por la coherencia de las pol\u00edticas municipales, y reconsidere la celebraci\u00f3n del Road Show de la F1 en la ciudad.","robots":{"index":"index","follow":"follow","max-snippet":"max-snippet:-1","max-image-preview":"max-image-preview:large","max-video-preview":"max-video-preview:-1"},"canonical":"https:\/\/www.sindicaturabarcelona.cat\/es\/la-sindicatura-considera-que-el-road-show-de-la-formula-1-no-deberia-celebrarse-en-la-ciudad-y-sugiere-al-ayuntamiento-que-la-ubicacion-sea-el-circuito-barcelona-catalunya\/","og_locale":"es_ES","og_type":"article","og_title":"La Sindicatura considera que el Road Show de la Formula 1 no deber\u00eda celebrarse en la ciudad y sugiere al Ayuntamiento que la ubicaci\u00f3n sea el Circuito Barcelona-Catalunya - Sindicatura de Greuges de Barcelona","og_description":"La defensor\u00eda pide al Ayuntamiento que vele por la coherencia de las pol\u00edticas municipales, y reconsidere la celebraci\u00f3n del Road Show de la F1 en la ciudad.","og_url":"https:\/\/www.sindicaturabarcelona.cat\/es\/la-sindicatura-considera-que-el-road-show-de-la-formula-1-no-deberia-celebrarse-en-la-ciudad-y-sugiere-al-ayuntamiento-que-la-ubicacion-sea-el-circuito-barcelona-catalunya\/","og_site_name":"Sindicatura de Greuges de Barcelona","article_published_time":"2024-06-12T05:30:00+00:00","article_modified_time":"2025-12-09T09:13:20+00:00","og_image":[{"width":1500,"height":841,"url":"https:\/\/www.sindicaturabarcelona.cat\/wp-content\/uploads\/F1-Road-Show.jpg","type":"image\/jpeg"}],"author":"Pablo","twitter_card":"summary_large_image","twitter_creator":"@sindicbarcelona","twitter_site":"@sindicbarcelona","twitter_misc":{"Escrito por":"Pablo","Tiempo de lectura":"6 minutos"},"schema":{"@context":"https:\/\/schema.org","@graph":[{"@type":"Article","@id":"https:\/\/www.sindicaturabarcelona.cat\/es\/la-sindicatura-considera-que-el-road-show-de-la-formula-1-no-deberia-celebrarse-en-la-ciudad-y-sugiere-al-ayuntamiento-que-la-ubicacion-sea-el-circuito-barcelona-catalunya\/#article","isPartOf":{"@id":"https:\/\/www.sindicaturabarcelona.cat\/es\/la-sindicatura-considera-que-el-road-show-de-la-formula-1-no-deberia-celebrarse-en-la-ciudad-y-sugiere-al-ayuntamiento-que-la-ubicacion-sea-el-circuito-barcelona-catalunya\/"},"author":{"name":"Pablo","@id":"https:\/\/www.sindicaturabarcelona.cat\/es\/#\/schema\/person\/0e5acffc350ffdbc97578159322c9452"},"headline":"La Sindicatura considera que el Road Show de la Formula 1 no deber\u00eda celebrarse en la ciudad y sugiere al Ayuntamiento que la ubicaci\u00f3n sea el Circuito Barcelona-Catalunya","datePublished":"2024-06-12T05:30:00+00:00","dateModified":"2025-12-09T09:13:20+00:00","mainEntityOfPage":{"@id":"https:\/\/www.sindicaturabarcelona.cat\/es\/la-sindicatura-considera-que-el-road-show-de-la-formula-1-no-deberia-celebrarse-en-la-ciudad-y-sugiere-al-ayuntamiento-que-la-ubicacion-sea-el-circuito-barcelona-catalunya\/"},"wordCount":1047,"publisher":{"@id":"https:\/\/www.sindicaturabarcelona.cat\/es\/#organization"},"image":{"@id":"https:\/\/www.sindicaturabarcelona.cat\/es\/la-sindicatura-considera-que-el-road-show-de-la-formula-1-no-deberia-celebrarse-en-la-ciudad-y-sugiere-al-ayuntamiento-que-la-ubicacion-sea-el-circuito-barcelona-catalunya\/#primaryimage"},"thumbnailUrl":"https:\/\/www.sindicaturabarcelona.cat\/wp-content\/uploads\/F1-Road-Show.jpg","inLanguage":"es"},{"@type":"WebPage","@id":"https:\/\/www.sindicaturabarcelona.cat\/es\/la-sindicatura-considera-que-el-road-show-de-la-formula-1-no-deberia-celebrarse-en-la-ciudad-y-sugiere-al-ayuntamiento-que-la-ubicacion-sea-el-circuito-barcelona-catalunya\/","url":"https:\/\/www.sindicaturabarcelona.cat\/es\/la-sindicatura-considera-que-el-road-show-de-la-formula-1-no-deberia-celebrarse-en-la-ciudad-y-sugiere-al-ayuntamiento-que-la-ubicacion-sea-el-circuito-barcelona-catalunya\/","name":"La Sindicatura considera que el Road Show de la Formula 1 no deber\u00eda celebrarse en la ciudad y sugiere al Ayuntamiento que la ubicaci\u00f3n sea el Circuito Barcelona-Catalunya - Sindicatura de Greuges de Barcelona","isPartOf":{"@id":"https:\/\/www.sindicaturabarcelona.cat\/es\/#website"},"primaryImageOfPage":{"@id":"https:\/\/www.sindicaturabarcelona.cat\/es\/la-sindicatura-considera-que-el-road-show-de-la-formula-1-no-deberia-celebrarse-en-la-ciudad-y-sugiere-al-ayuntamiento-que-la-ubicacion-sea-el-circuito-barcelona-catalunya\/#primaryimage"},"image":{"@id":"https:\/\/www.sindicaturabarcelona.cat\/es\/la-sindicatura-considera-que-el-road-show-de-la-formula-1-no-deberia-celebrarse-en-la-ciudad-y-sugiere-al-ayuntamiento-que-la-ubicacion-sea-el-circuito-barcelona-catalunya\/#primaryimage"},"thumbnailUrl":"https:\/\/www.sindicaturabarcelona.cat\/wp-content\/uploads\/F1-Road-Show.jpg","datePublished":"2024-06-12T05:30:00+00:00","dateModified":"2025-12-09T09:13:20+00:00","description":"La defensor\u00eda pide al Ayuntamiento que vele por la coherencia de las pol\u00edticas municipales, y reconsidere la celebraci\u00f3n del Road Show de la F1 en la ciudad.","breadcrumb":{"@id":"https:\/\/www.sindicaturabarcelona.cat\/es\/la-sindicatura-considera-que-el-road-show-de-la-formula-1-no-deberia-celebrarse-en-la-ciudad-y-sugiere-al-ayuntamiento-que-la-ubicacion-sea-el-circuito-barcelona-catalunya\/#breadcrumb"},"inLanguage":"es","potentialAction":[{"@type":"ReadAction","target":["https:\/\/www.sindicaturabarcelona.cat\/es\/la-sindicatura-considera-que-el-road-show-de-la-formula-1-no-deberia-celebrarse-en-la-ciudad-y-sugiere-al-ayuntamiento-que-la-ubicacion-sea-el-circuito-barcelona-catalunya\/"]}]},{"@type":"ImageObject","inLanguage":"es","@id":"https:\/\/www.sindicaturabarcelona.cat\/es\/la-sindicatura-considera-que-el-road-show-de-la-formula-1-no-deberia-celebrarse-en-la-ciudad-y-sugiere-al-ayuntamiento-que-la-ubicacion-sea-el-circuito-barcelona-catalunya\/#primaryimage","url":"https:\/\/www.sindicaturabarcelona.cat\/wp-content\/uploads\/F1-Road-Show.jpg","contentUrl":"https:\/\/www.sindicaturabarcelona.cat\/wp-content\/uploads\/F1-Road-Show.jpg","width":1500,"height":841},{"@type":"BreadcrumbList","@id":"https:\/\/www.sindicaturabarcelona.cat\/es\/la-sindicatura-considera-que-el-road-show-de-la-formula-1-no-deberia-celebrarse-en-la-ciudad-y-sugiere-al-ayuntamiento-que-la-ubicacion-sea-el-circuito-barcelona-catalunya\/#breadcrumb","itemListElement":[{"@type":"ListItem","position":1,"name":"Inici","item":"https:\/\/www.sindicaturabarcelona.cat\/es\/"},{"@type":"ListItem","position":2,"name":"La Sindicatura considera que el Road Show de la Formula 1 no deber\u00eda celebrarse en la ciudad y sugiere al Ayuntamiento que la ubicaci\u00f3n sea el Circuito Barcelona-Catalunya"}]},{"@type":"WebSite","@id":"https:\/\/www.sindicaturabarcelona.cat\/es\/#website","url":"https:\/\/www.sindicaturabarcelona.cat\/es\/","name":"Sindicatura de Greuges de Barcelona","description":"La defensoria dels teus drets","publisher":{"@id":"https:\/\/www.sindicaturabarcelona.cat\/es\/#organization"},"potentialAction":[{"@type":"SearchAction","target":{"@type":"EntryPoint","urlTemplate":"https:\/\/www.sindicaturabarcelona.cat\/es\/?s={search_term_string}"},"query-input":{"@type":"PropertyValueSpecification","valueRequired":true,"valueName":"search_term_string"}}],"inLanguage":"es"},{"@type":"Organization","@id":"https:\/\/www.sindicaturabarcelona.cat\/es\/#organization","name":"Sindicatura de Greuges de Barcelona","url":"https:\/\/www.sindicaturabarcelona.cat\/es\/","logo":{"@type":"ImageObject","inLanguage":"es","@id":"https:\/\/www.sindicaturabarcelona.cat\/es\/#\/schema\/logo\/image\/","url":"https:\/\/www.sindicaturabarcelona.cat\/wp-content\/uploads\/2023\/02\/logo_sindicatura.svg","contentUrl":"https:\/\/www.sindicaturabarcelona.cat\/wp-content\/uploads\/2023\/02\/logo_sindicatura.svg","caption":"Sindicatura de Greuges de Barcelona"},"image":{"@id":"https:\/\/www.sindicaturabarcelona.cat\/es\/#\/schema\/logo\/image\/"},"sameAs":["https:\/\/x.com\/sindicbarcelona","https:\/\/www.instagram.com\/sindicbarcelona\/","https:\/\/www.tiktok.com\/@sindicaturabcn","https:\/\/t.me\/sindicaturabarcelona"]},{"@type":"Person","@id":"https:\/\/www.sindicaturabarcelona.cat\/es\/#\/schema\/person\/0e5acffc350ffdbc97578159322c9452","name":"Pablo","image":{"@type":"ImageObject","inLanguage":"es","@id":"https:\/\/secure.gravatar.com\/avatar\/c948169b402ef9492afde705c3dfd5e90e1a6a84ef6840a91124f805a25a480f?s=96&d=mm&r=g","url":"https:\/\/secure.gravatar.com\/avatar\/c948169b402ef9492afde705c3dfd5e90e1a6a84ef6840a91124f805a25a480f?s=96&d=mm&r=g","contentUrl":"https:\/\/secure.gravatar.com\/avatar\/c948169b402ef9492afde705c3dfd5e90e1a6a84ef6840a91124f805a25a480f?s=96&d=mm&r=g","caption":"Pablo"},"url":"https:\/\/www.sindicaturabarcelona.cat\/es\/author\/pablo\/"}]}},"_links":{"self":[{"href":"https:\/\/www.sindicaturabarcelona.cat\/es\/wp-json\/wp\/v2\/posts\/32956","targetHints":{"allow":["GET"]}}],"collection":[{"href":"https:\/\/www.sindicaturabarcelona.cat\/es\/wp-json\/wp\/v2\/posts"}],"about":[{"href":"https:\/\/www.sindicaturabarcelona.cat\/es\/wp-json\/wp\/v2\/types\/post"}],"author":[{"embeddable":true,"href":"https:\/\/www.sindicaturabarcelona.cat\/es\/wp-json\/wp\/v2\/users\/2"}],"replies":[{"embeddable":true,"href":"https:\/\/www.sindicaturabarcelona.cat\/es\/wp-json\/wp\/v2\/comments?post=32956"}],"version-history":[{"count":2,"href":"https:\/\/www.sindicaturabarcelona.cat\/es\/wp-json\/wp\/v2\/posts\/32956\/revisions"}],"predecessor-version":[{"id":40705,"href":"https:\/\/www.sindicaturabarcelona.cat\/es\/wp-json\/wp\/v2\/posts\/32956\/revisions\/40705"}],"wp:featuredmedia":[{"embeddable":true,"href":"https:\/\/www.sindicaturabarcelona.cat\/es\/wp-json\/wp\/v2\/media\/32953"}],"wp:attachment":[{"href":"https:\/\/www.sindicaturabarcelona.cat\/es\/wp-json\/wp\/v2\/media?parent=32956"}],"wp:term":[{"taxonomy":"post_tag","embeddable":true,"href":"https:\/\/www.sindicaturabarcelona.cat\/es\/wp-json\/wp\/v2\/tags?post=32956"},{"taxonomy":"drets","embeddable":true,"href":"https:\/\/www.sindicaturabarcelona.cat\/es\/wp-json\/wp\/v2\/drets?post=32956"}],"curies":[{"name":"wp","href":"https:\/\/api.w.org\/{rel}","templated":true}]}}