{"id":32670,"date":"2024-05-14T08:30:13","date_gmt":"2024-05-14T06:30:13","guid":{"rendered":"https:\/\/www.sindicaturabarcelona.cat\/?p=32670"},"modified":"2024-05-14T08:43:06","modified_gmt":"2024-05-14T06:43:06","slug":"la-sindicatura-de-greuges-de-barcelona-participa-en-el-iii-congreso-internacional-de-agol","status":"publish","type":"post","link":"https:\/\/www.sindicaturabarcelona.cat\/es\/la-sindicatura-de-greuges-de-barcelona-participa-en-el-iii-congreso-internacional-de-agol\/","title":{"rendered":"La Sindicatura de Greuges de Barcelona participa en el III Congreso Internacional de AGOL"},"content":{"rendered":"\n<h2 class=\"wp-block-heading\"><strong>El encuentro ha tratado las migraciones desde una mirada local y c\u00f3mo las ciudades pueden gestionar la movilidad humana garantizando la inclusi\u00f3n, la prosperidad y la cohesi\u00f3n social.<\/strong><\/h2>\n\n\n\n<p><strong>Barcelona, 14 de mayo de 2024<\/strong> &#8211; La Sindicatura de Greuges de Barcelona ha participado en el <a href=\"https:\/\/agol.es\/congreso24\/\" target=\"_blank\" rel=\"noreferrer noopener\">III Congreso Internacional de AGOL<\/a>, celebrado en la ciudad de Buenos Aires del 7 al 9 de mayo de 2024. El encuentro ha tratado las migraciones de personas desde una mirada local y c\u00f3mo las ciudades pueden gestionar la movilidad humana garantizando la inclusi\u00f3n, la prosperidad y la cohesi\u00f3n social.<\/p>\n\n\n\n<p>El representante de la Sindicatura de Greuges de Barcelona que ha participado ha sido el jefe de gabinete, Oriol Puig, que ha llevado a cabo una ponencia sobre el informe <a href=\"https:\/\/www.sindicaturabarcelona.cat\/wp-content\/uploads\/2022\/05\/Informe-JMSRF.pdf\" target=\"_blank\" rel=\"noreferrer noopener\"><em>Joves migrants sense referents familiars a la ciutat de Barcelona<\/em><\/a><em>,<\/em> en el contexto de la mesa \u2018Pr\u00e1cticas Sostenibles de Ombudsperson para avanzar hacia pol\u00edticas de inclusi\u00f3n\u2019.<\/p>\n\n\n\n<h2 class=\"wp-block-heading\"><strong>El <\/strong><strong>informe de j\u00f3venes migrantes sin referentes familiares en la ciudad de Barcelona<\/strong><\/h2>\n\n\n\n<p>En 2022 la Sindicatura de Greuges de Barcelona elabor\u00f3 este informe con el fin de abordar la realidad de este colectivo vulnerabilizado desde la perspectiva de la garant\u00eda de derechos. El estudio identifica c\u00f3mo mejorar y facilitar la transici\u00f3n a la edad adulta en condiciones de igualdad y equidad, y traslada una serie de recomendaciones jur\u00eddicas, socioecon\u00f3micas, comunitarias y de gobernanza.<\/p>\n\n\n\n<h2 class=\"wp-block-heading\"><strong>Qu\u00e9 es AGOL<\/strong><\/h2>\n\n\n\n<p>La Alianza Global del Ombudsperson Local (AGOL) es una ONGD internacional constituida en la ciudad de R\u00edo Cuarto, en C\u00f3rdoba (Argentina) el a\u00f1o 2019. AGOL re\u00fane m\u00e1s de 100 ombudspersons, defensoras y defensores del pueblo, personeros, s\u00edndics, mediadores, y presidentes de comisiones de DDHH de m\u00e1s de 10 pa\u00edses, con el objetivo de ser una organizaci\u00f3n que promueva la discusi\u00f3n, la cooperaci\u00f3n y el intercambio de experiencias entre Ombudsperson Locales.<\/p>\n","protected":false},"excerpt":{"rendered":"<p>El encuentro ha tratado las migraciones desde una mirada local y c\u00f3mo las ciudades pueden gestionar la movilidad humana garantizando la inclusi\u00f3n, la prosperidad y la cohesi\u00f3n social. Barcelona, 14 [&hellip;]<\/p>\n","protected":false},"author":2,"featured_media":32667,"comment_status":"closed","ping_status":"closed","sticky":false,"template":"","format":"standard","meta":{"_acf_changed":false,"footnotes":""},"tags":[],"drets":[1475,1581,1567,1571],"class_list":["post-32670","post","type-post","status-publish","format-standard","has-post-thumbnail","hentry","drets-ciudad-equitativa","drets-derechos-de-acogida","drets-ciudad-diversa","drets-derechos-de-la-infancia-y-la-adolescencia"],"acf":[],"yoast_head":"<!-- This site is optimized with the Yoast SEO plugin v27.5 - https:\/\/yoast.com\/product\/yoast-seo-wordpress\/ -->\n<title>La Sindicatura de Greuges de Barcelona participa en el III Congreso Internacional de AGOL - Sindicatura de Greuges de Barcelona<\/title>\n<meta name=\"description\" content=\"El encuentro ha tratado las migraciones desde una mirada local y c\u00f3mo las ciudades pueden gestionar la movilidad humana...\" \/>\n<meta name=\"robots\" content=\"index, follow, max-snippet:-1, max-image-preview:large, max-video-preview:-1\" \/>\n<link rel=\"canonical\" href=\"https:\/\/www.sindicaturabarcelona.cat\/es\/la-sindicatura-de-greuges-de-barcelona-participa-en-el-iii-congreso-internacional-de-agol\/\" \/>\n<meta property=\"og:locale\" content=\"es_ES\" \/>\n<meta property=\"og:type\" content=\"article\" \/>\n<meta property=\"og:title\" content=\"La Sindicatura de Greuges de Barcelona participa en el III Congreso Internacional de AGOL - Sindicatura de Greuges de Barcelona\" \/>\n<meta property=\"og:description\" content=\"El encuentro ha tratado las migraciones desde una mirada local y c\u00f3mo las ciudades pueden gestionar la movilidad humana...\" \/>\n<meta property=\"og:url\" content=\"https:\/\/www.sindicaturabarcelona.cat\/es\/la-sindicatura-de-greuges-de-barcelona-participa-en-el-iii-congreso-internacional-de-agol\/\" \/>\n<meta property=\"og:site_name\" content=\"Sindicatura de Greuges de Barcelona\" \/>\n<meta property=\"article:published_time\" content=\"2024-05-14T06:30:13+00:00\" \/>\n<meta property=\"article:modified_time\" content=\"2024-05-14T06:43:06+00:00\" \/>\n<meta property=\"og:image\" content=\"https:\/\/www.sindicaturabarcelona.cat\/wp-content\/uploads\/ok2-scaled.jpg\" \/>\n\t<meta property=\"og:image:width\" content=\"2560\" \/>\n\t<meta property=\"og:image:height\" content=\"1709\" \/>\n\t<meta property=\"og:image:type\" content=\"image\/jpeg\" \/>\n<meta name=\"author\" content=\"Pablo\" \/>\n<meta name=\"twitter:card\" content=\"summary_large_image\" \/>\n<meta name=\"twitter:creator\" content=\"@sindicbarcelona\" \/>\n<meta name=\"twitter:site\" content=\"@sindicbarcelona\" \/>\n<meta name=\"twitter:label1\" content=\"Escrito por\" \/>\n\t<meta name=\"twitter:data1\" content=\"Pablo\" \/>\n\t<meta name=\"twitter:label2\" content=\"Tiempo de lectura\" \/>\n\t<meta name=\"twitter:data2\" content=\"2 minutos\" \/>\n<script type=\"application\/ld+json\" class=\"yoast-schema-graph\">{\"@context\":\"https:\\\/\\\/schema.org\",\"@graph\":[{\"@type\":\"Article\",\"@id\":\"https:\\\/\\\/www.sindicaturabarcelona.cat\\\/es\\\/la-sindicatura-de-greuges-de-barcelona-participa-en-el-iii-congreso-internacional-de-agol\\\/#article\",\"isPartOf\":{\"@id\":\"https:\\\/\\\/www.sindicaturabarcelona.cat\\\/es\\\/la-sindicatura-de-greuges-de-barcelona-participa-en-el-iii-congreso-internacional-de-agol\\\/\"},\"author\":{\"name\":\"Pablo\",\"@id\":\"https:\\\/\\\/www.sindicaturabarcelona.cat\\\/es\\\/#\\\/schema\\\/person\\\/0e5acffc350ffdbc97578159322c9452\"},\"headline\":\"La Sindicatura de Greuges de Barcelona participa en el III Congreso Internacional de AGOL\",\"datePublished\":\"2024-05-14T06:30:13+00:00\",\"dateModified\":\"2024-05-14T06:43:06+00:00\",\"mainEntityOfPage\":{\"@id\":\"https:\\\/\\\/www.sindicaturabarcelona.cat\\\/es\\\/la-sindicatura-de-greuges-de-barcelona-participa-en-el-iii-congreso-internacional-de-agol\\\/\"},\"wordCount\":329,\"publisher\":{\"@id\":\"https:\\\/\\\/www.sindicaturabarcelona.cat\\\/es\\\/#organization\"},\"image\":{\"@id\":\"https:\\\/\\\/www.sindicaturabarcelona.cat\\\/es\\\/la-sindicatura-de-greuges-de-barcelona-participa-en-el-iii-congreso-internacional-de-agol\\\/#primaryimage\"},\"thumbnailUrl\":\"https:\\\/\\\/www.sindicaturabarcelona.cat\\\/wp-content\\\/uploads\\\/ok2-scaled.jpg\",\"inLanguage\":\"es\"},{\"@type\":\"WebPage\",\"@id\":\"https:\\\/\\\/www.sindicaturabarcelona.cat\\\/es\\\/la-sindicatura-de-greuges-de-barcelona-participa-en-el-iii-congreso-internacional-de-agol\\\/\",\"url\":\"https:\\\/\\\/www.sindicaturabarcelona.cat\\\/es\\\/la-sindicatura-de-greuges-de-barcelona-participa-en-el-iii-congreso-internacional-de-agol\\\/\",\"name\":\"La Sindicatura de Greuges de Barcelona participa en el III Congreso Internacional de AGOL - Sindicatura de Greuges de Barcelona\",\"isPartOf\":{\"@id\":\"https:\\\/\\\/www.sindicaturabarcelona.cat\\\/es\\\/#website\"},\"primaryImageOfPage\":{\"@id\":\"https:\\\/\\\/www.sindicaturabarcelona.cat\\\/es\\\/la-sindicatura-de-greuges-de-barcelona-participa-en-el-iii-congreso-internacional-de-agol\\\/#primaryimage\"},\"image\":{\"@id\":\"https:\\\/\\\/www.sindicaturabarcelona.cat\\\/es\\\/la-sindicatura-de-greuges-de-barcelona-participa-en-el-iii-congreso-internacional-de-agol\\\/#primaryimage\"},\"thumbnailUrl\":\"https:\\\/\\\/www.sindicaturabarcelona.cat\\\/wp-content\\\/uploads\\\/ok2-scaled.jpg\",\"datePublished\":\"2024-05-14T06:30:13+00:00\",\"dateModified\":\"2024-05-14T06:43:06+00:00\",\"description\":\"El encuentro ha tratado las migraciones desde una mirada local y c\u00f3mo las ciudades pueden gestionar la movilidad humana...\",\"breadcrumb\":{\"@id\":\"https:\\\/\\\/www.sindicaturabarcelona.cat\\\/es\\\/la-sindicatura-de-greuges-de-barcelona-participa-en-el-iii-congreso-internacional-de-agol\\\/#breadcrumb\"},\"inLanguage\":\"es\",\"potentialAction\":[{\"@type\":\"ReadAction\",\"target\":[\"https:\\\/\\\/www.sindicaturabarcelona.cat\\\/es\\\/la-sindicatura-de-greuges-de-barcelona-participa-en-el-iii-congreso-internacional-de-agol\\\/\"]}]},{\"@type\":\"ImageObject\",\"inLanguage\":\"es\",\"@id\":\"https:\\\/\\\/www.sindicaturabarcelona.cat\\\/es\\\/la-sindicatura-de-greuges-de-barcelona-participa-en-el-iii-congreso-internacional-de-agol\\\/#primaryimage\",\"url\":\"https:\\\/\\\/www.sindicaturabarcelona.cat\\\/wp-content\\\/uploads\\\/ok2-scaled.jpg\",\"contentUrl\":\"https:\\\/\\\/www.sindicaturabarcelona.cat\\\/wp-content\\\/uploads\\\/ok2-scaled.jpg\",\"width\":2560,\"height\":1709,\"caption\":\"III Congres Internacional AGOL\"},{\"@type\":\"BreadcrumbList\",\"@id\":\"https:\\\/\\\/www.sindicaturabarcelona.cat\\\/es\\\/la-sindicatura-de-greuges-de-barcelona-participa-en-el-iii-congreso-internacional-de-agol\\\/#breadcrumb\",\"itemListElement\":[{\"@type\":\"ListItem\",\"position\":1,\"name\":\"Inici\",\"item\":\"https:\\\/\\\/www.sindicaturabarcelona.cat\\\/es\\\/\"},{\"@type\":\"ListItem\",\"position\":2,\"name\":\"La Sindicatura de Greuges de Barcelona participa en el III Congreso Internacional de AGOL\"}]},{\"@type\":\"WebSite\",\"@id\":\"https:\\\/\\\/www.sindicaturabarcelona.cat\\\/es\\\/#website\",\"url\":\"https:\\\/\\\/www.sindicaturabarcelona.cat\\\/es\\\/\",\"name\":\"Sindicatura de Greuges de Barcelona\",\"description\":\"La defensoria dels teus drets\",\"publisher\":{\"@id\":\"https:\\\/\\\/www.sindicaturabarcelona.cat\\\/es\\\/#organization\"},\"potentialAction\":[{\"@type\":\"SearchAction\",\"target\":{\"@type\":\"EntryPoint\",\"urlTemplate\":\"https:\\\/\\\/www.sindicaturabarcelona.cat\\\/es\\\/?s={search_term_string}\"},\"query-input\":{\"@type\":\"PropertyValueSpecification\",\"valueRequired\":true,\"valueName\":\"search_term_string\"}}],\"inLanguage\":\"es\"},{\"@type\":\"Organization\",\"@id\":\"https:\\\/\\\/www.sindicaturabarcelona.cat\\\/es\\\/#organization\",\"name\":\"Sindicatura de Greuges de Barcelona\",\"url\":\"https:\\\/\\\/www.sindicaturabarcelona.cat\\\/es\\\/\",\"logo\":{\"@type\":\"ImageObject\",\"inLanguage\":\"es\",\"@id\":\"https:\\\/\\\/www.sindicaturabarcelona.cat\\\/es\\\/#\\\/schema\\\/logo\\\/image\\\/\",\"url\":\"https:\\\/\\\/www.sindicaturabarcelona.cat\\\/wp-content\\\/uploads\\\/2023\\\/02\\\/logo_sindicatura.svg\",\"contentUrl\":\"https:\\\/\\\/www.sindicaturabarcelona.cat\\\/wp-content\\\/uploads\\\/2023\\\/02\\\/logo_sindicatura.svg\",\"caption\":\"Sindicatura de Greuges de Barcelona\"},\"image\":{\"@id\":\"https:\\\/\\\/www.sindicaturabarcelona.cat\\\/es\\\/#\\\/schema\\\/logo\\\/image\\\/\"},\"sameAs\":[\"https:\\\/\\\/x.com\\\/sindicbarcelona\",\"https:\\\/\\\/www.instagram.com\\\/sindicbarcelona\\\/\",\"https:\\\/\\\/www.tiktok.com\\\/@sindicaturabcn\",\"https:\\\/\\\/t.me\\\/sindicaturabarcelona\"]},{\"@type\":\"Person\",\"@id\":\"https:\\\/\\\/www.sindicaturabarcelona.cat\\\/es\\\/#\\\/schema\\\/person\\\/0e5acffc350ffdbc97578159322c9452\",\"name\":\"Pablo\",\"image\":{\"@type\":\"ImageObject\",\"inLanguage\":\"es\",\"@id\":\"https:\\\/\\\/secure.gravatar.com\\\/avatar\\\/c948169b402ef9492afde705c3dfd5e90e1a6a84ef6840a91124f805a25a480f?s=96&d=mm&r=g\",\"url\":\"https:\\\/\\\/secure.gravatar.com\\\/avatar\\\/c948169b402ef9492afde705c3dfd5e90e1a6a84ef6840a91124f805a25a480f?s=96&d=mm&r=g\",\"contentUrl\":\"https:\\\/\\\/secure.gravatar.com\\\/avatar\\\/c948169b402ef9492afde705c3dfd5e90e1a6a84ef6840a91124f805a25a480f?s=96&d=mm&r=g\",\"caption\":\"Pablo\"},\"url\":\"https:\\\/\\\/www.sindicaturabarcelona.cat\\\/es\\\/author\\\/pablo\\\/\"}]}<\/script>\n<!-- \/ Yoast SEO plugin. -->","yoast_head_json":{"title":"La Sindicatura de Greuges de Barcelona participa en el III Congreso Internacional de AGOL - Sindicatura de Greuges de Barcelona","description":"El encuentro ha tratado las migraciones desde una mirada local y c\u00f3mo las ciudades pueden gestionar la movilidad humana...","robots":{"index":"index","follow":"follow","max-snippet":"max-snippet:-1","max-image-preview":"max-image-preview:large","max-video-preview":"max-video-preview:-1"},"canonical":"https:\/\/www.sindicaturabarcelona.cat\/es\/la-sindicatura-de-greuges-de-barcelona-participa-en-el-iii-congreso-internacional-de-agol\/","og_locale":"es_ES","og_type":"article","og_title":"La Sindicatura de Greuges de Barcelona participa en el III Congreso Internacional de AGOL - Sindicatura de Greuges de Barcelona","og_description":"El encuentro ha tratado las migraciones desde una mirada local y c\u00f3mo las ciudades pueden gestionar la movilidad humana...","og_url":"https:\/\/www.sindicaturabarcelona.cat\/es\/la-sindicatura-de-greuges-de-barcelona-participa-en-el-iii-congreso-internacional-de-agol\/","og_site_name":"Sindicatura de Greuges de Barcelona","article_published_time":"2024-05-14T06:30:13+00:00","article_modified_time":"2024-05-14T06:43:06+00:00","og_image":[{"width":2560,"height":1709,"url":"https:\/\/www.sindicaturabarcelona.cat\/wp-content\/uploads\/ok2-scaled.jpg","type":"image\/jpeg"}],"author":"Pablo","twitter_card":"summary_large_image","twitter_creator":"@sindicbarcelona","twitter_site":"@sindicbarcelona","twitter_misc":{"Escrito por":"Pablo","Tiempo de lectura":"2 minutos"},"schema":{"@context":"https:\/\/schema.org","@graph":[{"@type":"Article","@id":"https:\/\/www.sindicaturabarcelona.cat\/es\/la-sindicatura-de-greuges-de-barcelona-participa-en-el-iii-congreso-internacional-de-agol\/#article","isPartOf":{"@id":"https:\/\/www.sindicaturabarcelona.cat\/es\/la-sindicatura-de-greuges-de-barcelona-participa-en-el-iii-congreso-internacional-de-agol\/"},"author":{"name":"Pablo","@id":"https:\/\/www.sindicaturabarcelona.cat\/es\/#\/schema\/person\/0e5acffc350ffdbc97578159322c9452"},"headline":"La Sindicatura de Greuges de Barcelona participa en el III Congreso Internacional de AGOL","datePublished":"2024-05-14T06:30:13+00:00","dateModified":"2024-05-14T06:43:06+00:00","mainEntityOfPage":{"@id":"https:\/\/www.sindicaturabarcelona.cat\/es\/la-sindicatura-de-greuges-de-barcelona-participa-en-el-iii-congreso-internacional-de-agol\/"},"wordCount":329,"publisher":{"@id":"https:\/\/www.sindicaturabarcelona.cat\/es\/#organization"},"image":{"@id":"https:\/\/www.sindicaturabarcelona.cat\/es\/la-sindicatura-de-greuges-de-barcelona-participa-en-el-iii-congreso-internacional-de-agol\/#primaryimage"},"thumbnailUrl":"https:\/\/www.sindicaturabarcelona.cat\/wp-content\/uploads\/ok2-scaled.jpg","inLanguage":"es"},{"@type":"WebPage","@id":"https:\/\/www.sindicaturabarcelona.cat\/es\/la-sindicatura-de-greuges-de-barcelona-participa-en-el-iii-congreso-internacional-de-agol\/","url":"https:\/\/www.sindicaturabarcelona.cat\/es\/la-sindicatura-de-greuges-de-barcelona-participa-en-el-iii-congreso-internacional-de-agol\/","name":"La Sindicatura de Greuges de Barcelona participa en el III Congreso Internacional de AGOL - Sindicatura de Greuges de Barcelona","isPartOf":{"@id":"https:\/\/www.sindicaturabarcelona.cat\/es\/#website"},"primaryImageOfPage":{"@id":"https:\/\/www.sindicaturabarcelona.cat\/es\/la-sindicatura-de-greuges-de-barcelona-participa-en-el-iii-congreso-internacional-de-agol\/#primaryimage"},"image":{"@id":"https:\/\/www.sindicaturabarcelona.cat\/es\/la-sindicatura-de-greuges-de-barcelona-participa-en-el-iii-congreso-internacional-de-agol\/#primaryimage"},"thumbnailUrl":"https:\/\/www.sindicaturabarcelona.cat\/wp-content\/uploads\/ok2-scaled.jpg","datePublished":"2024-05-14T06:30:13+00:00","dateModified":"2024-05-14T06:43:06+00:00","description":"El encuentro ha tratado las migraciones desde una mirada local y c\u00f3mo las ciudades pueden gestionar la movilidad humana...","breadcrumb":{"@id":"https:\/\/www.sindicaturabarcelona.cat\/es\/la-sindicatura-de-greuges-de-barcelona-participa-en-el-iii-congreso-internacional-de-agol\/#breadcrumb"},"inLanguage":"es","potentialAction":[{"@type":"ReadAction","target":["https:\/\/www.sindicaturabarcelona.cat\/es\/la-sindicatura-de-greuges-de-barcelona-participa-en-el-iii-congreso-internacional-de-agol\/"]}]},{"@type":"ImageObject","inLanguage":"es","@id":"https:\/\/www.sindicaturabarcelona.cat\/es\/la-sindicatura-de-greuges-de-barcelona-participa-en-el-iii-congreso-internacional-de-agol\/#primaryimage","url":"https:\/\/www.sindicaturabarcelona.cat\/wp-content\/uploads\/ok2-scaled.jpg","contentUrl":"https:\/\/www.sindicaturabarcelona.cat\/wp-content\/uploads\/ok2-scaled.jpg","width":2560,"height":1709,"caption":"III Congres Internacional AGOL"},{"@type":"BreadcrumbList","@id":"https:\/\/www.sindicaturabarcelona.cat\/es\/la-sindicatura-de-greuges-de-barcelona-participa-en-el-iii-congreso-internacional-de-agol\/#breadcrumb","itemListElement":[{"@type":"ListItem","position":1,"name":"Inici","item":"https:\/\/www.sindicaturabarcelona.cat\/es\/"},{"@type":"ListItem","position":2,"name":"La Sindicatura de Greuges de Barcelona participa en el III Congreso Internacional de AGOL"}]},{"@type":"WebSite","@id":"https:\/\/www.sindicaturabarcelona.cat\/es\/#website","url":"https:\/\/www.sindicaturabarcelona.cat\/es\/","name":"Sindicatura de Greuges de Barcelona","description":"La defensoria dels teus drets","publisher":{"@id":"https:\/\/www.sindicaturabarcelona.cat\/es\/#organization"},"potentialAction":[{"@type":"SearchAction","target":{"@type":"EntryPoint","urlTemplate":"https:\/\/www.sindicaturabarcelona.cat\/es\/?s={search_term_string}"},"query-input":{"@type":"PropertyValueSpecification","valueRequired":true,"valueName":"search_term_string"}}],"inLanguage":"es"},{"@type":"Organization","@id":"https:\/\/www.sindicaturabarcelona.cat\/es\/#organization","name":"Sindicatura de Greuges de Barcelona","url":"https:\/\/www.sindicaturabarcelona.cat\/es\/","logo":{"@type":"ImageObject","inLanguage":"es","@id":"https:\/\/www.sindicaturabarcelona.cat\/es\/#\/schema\/logo\/image\/","url":"https:\/\/www.sindicaturabarcelona.cat\/wp-content\/uploads\/2023\/02\/logo_sindicatura.svg","contentUrl":"https:\/\/www.sindicaturabarcelona.cat\/wp-content\/uploads\/2023\/02\/logo_sindicatura.svg","caption":"Sindicatura de Greuges de Barcelona"},"image":{"@id":"https:\/\/www.sindicaturabarcelona.cat\/es\/#\/schema\/logo\/image\/"},"sameAs":["https:\/\/x.com\/sindicbarcelona","https:\/\/www.instagram.com\/sindicbarcelona\/","https:\/\/www.tiktok.com\/@sindicaturabcn","https:\/\/t.me\/sindicaturabarcelona"]},{"@type":"Person","@id":"https:\/\/www.sindicaturabarcelona.cat\/es\/#\/schema\/person\/0e5acffc350ffdbc97578159322c9452","name":"Pablo","image":{"@type":"ImageObject","inLanguage":"es","@id":"https:\/\/secure.gravatar.com\/avatar\/c948169b402ef9492afde705c3dfd5e90e1a6a84ef6840a91124f805a25a480f?s=96&d=mm&r=g","url":"https:\/\/secure.gravatar.com\/avatar\/c948169b402ef9492afde705c3dfd5e90e1a6a84ef6840a91124f805a25a480f?s=96&d=mm&r=g","contentUrl":"https:\/\/secure.gravatar.com\/avatar\/c948169b402ef9492afde705c3dfd5e90e1a6a84ef6840a91124f805a25a480f?s=96&d=mm&r=g","caption":"Pablo"},"url":"https:\/\/www.sindicaturabarcelona.cat\/es\/author\/pablo\/"}]}},"_links":{"self":[{"href":"https:\/\/www.sindicaturabarcelona.cat\/es\/wp-json\/wp\/v2\/posts\/32670","targetHints":{"allow":["GET"]}}],"collection":[{"href":"https:\/\/www.sindicaturabarcelona.cat\/es\/wp-json\/wp\/v2\/posts"}],"about":[{"href":"https:\/\/www.sindicaturabarcelona.cat\/es\/wp-json\/wp\/v2\/types\/post"}],"author":[{"embeddable":true,"href":"https:\/\/www.sindicaturabarcelona.cat\/es\/wp-json\/wp\/v2\/users\/2"}],"replies":[{"embeddable":true,"href":"https:\/\/www.sindicaturabarcelona.cat\/es\/wp-json\/wp\/v2\/comments?post=32670"}],"version-history":[{"count":1,"href":"https:\/\/www.sindicaturabarcelona.cat\/es\/wp-json\/wp\/v2\/posts\/32670\/revisions"}],"predecessor-version":[{"id":32671,"href":"https:\/\/www.sindicaturabarcelona.cat\/es\/wp-json\/wp\/v2\/posts\/32670\/revisions\/32671"}],"wp:featuredmedia":[{"embeddable":true,"href":"https:\/\/www.sindicaturabarcelona.cat\/es\/wp-json\/wp\/v2\/media\/32667"}],"wp:attachment":[{"href":"https:\/\/www.sindicaturabarcelona.cat\/es\/wp-json\/wp\/v2\/media?parent=32670"}],"wp:term":[{"taxonomy":"post_tag","embeddable":true,"href":"https:\/\/www.sindicaturabarcelona.cat\/es\/wp-json\/wp\/v2\/tags?post=32670"},{"taxonomy":"drets","embeddable":true,"href":"https:\/\/www.sindicaturabarcelona.cat\/es\/wp-json\/wp\/v2\/drets?post=32670"}],"curies":[{"name":"wp","href":"https:\/\/api.w.org\/{rel}","templated":true}]}}