{"id":32321,"date":"2024-04-10T07:30:00","date_gmt":"2024-04-10T05:30:00","guid":{"rendered":"https:\/\/www.sindicaturabarcelona.cat\/?p=32321"},"modified":"2024-04-09T17:49:51","modified_gmt":"2024-04-09T15:49:51","slug":"la-sindicatura-de-greuges-de-barcelona-recuerda-la-importancia-de-continuar-avanzando-en-la-retirada-de-simbologia-fascista-en-la-ciudad","status":"publish","type":"post","link":"https:\/\/www.sindicaturabarcelona.cat\/es\/la-sindicatura-de-greuges-de-barcelona-recuerda-la-importancia-de-continuar-avanzando-en-la-retirada-de-simbologia-fascista-en-la-ciudad\/","title":{"rendered":"La Sindicatura de Greuges de Barcelona recuerda la importancia de continuar avanzando en la retirada de simbolog\u00eda fascista en la ciudad"},"content":{"rendered":"\n<h2 class=\"wp-block-heading\"><strong>La Sindicatura considera que el censo de simbolog\u00eda fascista que est\u00e1 elaborando el Ayuntamiento de Barcelona deber\u00eda ser p\u00fablico.<\/strong><\/h2>\n\n\n\n<p>La Sindicatura de Greuges de Barcelona se ha dirigido al Ayuntamiento <a href=\"https:\/\/www.sindicaturabarcelona.cat\/wp-content\/uploads\/202403_Dret-cultura_disconformitat-amb-presencia-simbologia-feixista-a-facanes-de-finques-de-Sant-Marti-i-la-Verneda.pdf\" target=\"_blank\" rel=\"noreferrer noopener\">para insistir en la relevancia de continuar avanzando en la retirada de simbolog\u00eda fascista en la ciudad<\/a>, <strong>con el objetivo de eliminar todos los vestigios existentes sobre un per\u00edodo de la historia en el que se vulneraron los derechos humanos de manera sistem\u00e1tica<\/strong>.<\/p>\n\n\n\n<p><strong>La Sindicatura ha trasladado dos recomendaciones m\u00e1s <\/strong>a la Concejal\u00eda de Promoci\u00f3n Econ\u00f3mica, Trabajo, Feminismos y Memoria Democr\u00e1tica del Ayuntamiento de Barcelona:<strong> que haga p\u00fablico el censo de placas y otras referencias a retirar en la ciudad, y que valore la conveniencia de establecer un canal para que la ciudadan\u00eda pueda comunicar la detecci\u00f3n de simbolog\u00eda fascista.<\/strong><\/p>\n\n\n\n<h2 class=\"wp-block-heading\"><strong>La normativa vigente en la eliminaci\u00f3n de elementos contrarios a la memoria democr\u00e1tica<\/strong><\/h2>\n\n\n\n<p><strong>La <\/strong><a href=\"https:\/\/www.boe.es\/buscar\/act.php?lang=es&amp;id=BOE-A-2022-17099&amp;tn=1&amp;p=\" target=\"_blank\" rel=\"noreferrer noopener\"><strong>Ley 20\/2022<\/strong> <strong>de Memoria Democr\u00e1tica<\/strong><\/a> tiene por objeto la recuperaci\u00f3n, salvaguardia y difusi\u00f3n de la memoria democr\u00e1tica, entendi\u00e9ndola como la reivindicaci\u00f3n y defensa de los valores democr\u00e1ticos y los derechos y libertades fundamentales a lo largo de la historia contempor\u00e1nea de Espa\u00f1a. Define cu\u00e1les son los elementos contrarios a la memoria democr\u00e1tica, establece el procedimiento para su retirada o eliminaci\u00f3n, y dictamina las formas y los plazos de estas actuaciones, sean iniciadas por la administraci\u00f3n p\u00fablica o por la ciudadan\u00eda.<\/p>\n\n\n\n<p>En cuanto a las administraciones p\u00fablicas, <strong>la Ley 20\/2022 de Memoria Democr\u00e1tica determina que la Administraci\u00f3n General del Estado, con la colaboraci\u00f3n del resto de administraciones, debe elaborar un Cat\u00e1logo de s\u00edmbolos y elementos contrarios a la memoria democr\u00e1tica<\/strong>. A pesar de que este cat\u00e1logo todav\u00eda no est\u00e1 disponible, permitir\u00e1 a las administraciones mejorar sus protocolos y disponer de una visi\u00f3n m\u00e1s integral de su tarea.<\/p>\n\n\n\n<h2 class=\"wp-block-heading\"><strong>C\u00f3mo act\u00faa el consistorio en la retirada de simbolog\u00eda fascista del espacio p\u00fablico<\/strong><\/h2>\n\n\n\n<p>El Ayuntamiento de Barcelona de Barcelona expone que el proceso de retirada iniciado en 2015, bajo el amparo de la legislaci\u00f3n en materia de memoria democr\u00e1tica, se mantiene hasta la actualidad. De este modo, <strong>si se detecta cualquier elemento contrario a la Ley de Memoria Democr\u00e1tica, los servicios t\u00e9cnicos de cada distrito proceden a activar su retirada.<\/strong><\/p>\n\n\n\n<h2 class=\"wp-block-heading\"><strong>El censo de simbolog\u00eda fascista a retirar de la ciudad de Barcelona<\/strong><\/h2>\n\n\n\n<p>El consistorio tambi\u00e9n informa que contin\u00faa trabajando en el proceso de detecci\u00f3n y retirada de simbolog\u00eda fascista en toda la ciudad. <strong>Se prev\u00e9 tener una propuesta de censo de elementos a retirar en junio de 2024<\/strong>, a partir de las informaciones de los distritos afectados y de la valoraci\u00f3n de los servicios jur\u00eddicos.<\/p>\n\n\n\n<p><strong>La Sindicatura de Greuges de Barcelona cree que el Ayuntamiento ha mostrado su voluntad y determinaci\u00f3n para retirar la presencia de simbolog\u00eda fascista en la ciudad<\/strong>, y lo anima a continuar avanzando en esta direcci\u00f3n, de acuerdo con la nueva normativa del a\u00f1o 2022.<\/p>\n\n\n\n<p><strong>La Sindicatura considera tambi\u00e9n que el censo de simbolog\u00eda fascista a retirar deber\u00eda ser p\u00fablico<\/strong> (preservando siempre aquellos datos que sean susceptibles de trato confidencial), <strong>as\u00ed como el procedimiento a seguir para su retirada<\/strong>. La defensor\u00eda a\u00f1ade que se deber\u00eda <strong>valorar la conveniencia de establecer un canal para que la ciudadan\u00eda pueda comunicar la detecci\u00f3n de simbolog\u00eda fascista que no conste en el censo elaborado por el Ayuntamiento de Barcelona<\/strong>.<\/p>\n","protected":false},"excerpt":{"rendered":"<p>La Sindicatura considera que el censo de simbolog\u00eda fascista que est\u00e1 elaborando el Ayuntamiento de Barcelona deber\u00eda ser p\u00fablico. La Sindicatura de Greuges de Barcelona se ha dirigido al Ayuntamiento [&hellip;]<\/p>\n","protected":false},"author":2,"featured_media":32317,"comment_status":"closed","ping_status":"closed","sticky":false,"template":"","format":"standard","meta":{"_acf_changed":false,"footnotes":""},"tags":[],"drets":[1567],"class_list":["post-32321","post","type-post","status-publish","format-standard","has-post-thumbnail","hentry","drets-ciudad-diversa"],"acf":[],"yoast_head":"<!-- This site is optimized with the Yoast SEO plugin v27.5 - https:\/\/yoast.com\/product\/yoast-seo-wordpress\/ -->\n<title>La Sindicatura de Greuges de Barcelona recuerda la importancia de continuar avanzando en la retirada de simbolog\u00eda fascista en la ciudad - Sindicatura de Greuges de Barcelona<\/title>\n<meta name=\"description\" content=\"La Sindicatura considera que el censo de simbolog\u00eda fascista que est\u00e1 elaborando el Ayuntamiento de Barcelona deber\u00eda ser p\u00fablico.\" \/>\n<meta name=\"robots\" content=\"index, follow, max-snippet:-1, max-image-preview:large, max-video-preview:-1\" \/>\n<link rel=\"canonical\" href=\"https:\/\/www.sindicaturabarcelona.cat\/es\/la-sindicatura-de-greuges-de-barcelona-recuerda-la-importancia-de-continuar-avanzando-en-la-retirada-de-simbologia-fascista-en-la-ciudad\/\" \/>\n<meta property=\"og:locale\" content=\"es_ES\" \/>\n<meta property=\"og:type\" content=\"article\" \/>\n<meta property=\"og:title\" content=\"La Sindicatura de Greuges de Barcelona recuerda la importancia de continuar avanzando en la retirada de simbolog\u00eda fascista en la ciudad - Sindicatura de Greuges de Barcelona\" \/>\n<meta property=\"og:description\" content=\"La Sindicatura considera que el censo de simbolog\u00eda fascista que est\u00e1 elaborando el Ayuntamiento de Barcelona deber\u00eda ser p\u00fablico.\" \/>\n<meta property=\"og:url\" content=\"https:\/\/www.sindicaturabarcelona.cat\/es\/la-sindicatura-de-greuges-de-barcelona-recuerda-la-importancia-de-continuar-avanzando-en-la-retirada-de-simbologia-fascista-en-la-ciudad\/\" \/>\n<meta property=\"og:site_name\" content=\"Sindicatura de Greuges de Barcelona\" \/>\n<meta property=\"article:published_time\" content=\"2024-04-10T05:30:00+00:00\" \/>\n<meta property=\"og:image\" content=\"https:\/\/www.sindicaturabarcelona.cat\/wp-content\/uploads\/Retirada-simbologia-feixista-ciutat-de-Barcelona.jpg\" \/>\n\t<meta property=\"og:image:width\" content=\"1280\" \/>\n\t<meta property=\"og:image:height\" content=\"855\" \/>\n\t<meta property=\"og:image:type\" content=\"image\/jpeg\" \/>\n<meta name=\"author\" content=\"Pablo\" \/>\n<meta name=\"twitter:card\" content=\"summary_large_image\" \/>\n<meta name=\"twitter:creator\" content=\"@sindicbarcelona\" \/>\n<meta name=\"twitter:site\" content=\"@sindicbarcelona\" \/>\n<meta name=\"twitter:label1\" content=\"Escrito por\" \/>\n\t<meta name=\"twitter:data1\" content=\"Pablo\" \/>\n\t<meta name=\"twitter:label2\" content=\"Tiempo de lectura\" \/>\n\t<meta name=\"twitter:data2\" content=\"4 minutos\" \/>\n<script type=\"application\/ld+json\" class=\"yoast-schema-graph\">{\"@context\":\"https:\\\/\\\/schema.org\",\"@graph\":[{\"@type\":\"Article\",\"@id\":\"https:\\\/\\\/www.sindicaturabarcelona.cat\\\/es\\\/la-sindicatura-de-greuges-de-barcelona-recuerda-la-importancia-de-continuar-avanzando-en-la-retirada-de-simbologia-fascista-en-la-ciudad\\\/#article\",\"isPartOf\":{\"@id\":\"https:\\\/\\\/www.sindicaturabarcelona.cat\\\/es\\\/la-sindicatura-de-greuges-de-barcelona-recuerda-la-importancia-de-continuar-avanzando-en-la-retirada-de-simbologia-fascista-en-la-ciudad\\\/\"},\"author\":{\"name\":\"Pablo\",\"@id\":\"https:\\\/\\\/www.sindicaturabarcelona.cat\\\/es\\\/#\\\/schema\\\/person\\\/0e5acffc350ffdbc97578159322c9452\"},\"headline\":\"La Sindicatura de Greuges de Barcelona recuerda la importancia de continuar avanzando en la retirada de simbolog\u00eda fascista en la ciudad\",\"datePublished\":\"2024-04-10T05:30:00+00:00\",\"mainEntityOfPage\":{\"@id\":\"https:\\\/\\\/www.sindicaturabarcelona.cat\\\/es\\\/la-sindicatura-de-greuges-de-barcelona-recuerda-la-importancia-de-continuar-avanzando-en-la-retirada-de-simbologia-fascista-en-la-ciudad\\\/\"},\"wordCount\":628,\"publisher\":{\"@id\":\"https:\\\/\\\/www.sindicaturabarcelona.cat\\\/es\\\/#organization\"},\"image\":{\"@id\":\"https:\\\/\\\/www.sindicaturabarcelona.cat\\\/es\\\/la-sindicatura-de-greuges-de-barcelona-recuerda-la-importancia-de-continuar-avanzando-en-la-retirada-de-simbologia-fascista-en-la-ciudad\\\/#primaryimage\"},\"thumbnailUrl\":\"https:\\\/\\\/www.sindicaturabarcelona.cat\\\/wp-content\\\/uploads\\\/Retirada-simbologia-feixista-ciutat-de-Barcelona.jpg\",\"inLanguage\":\"es\"},{\"@type\":\"WebPage\",\"@id\":\"https:\\\/\\\/www.sindicaturabarcelona.cat\\\/es\\\/la-sindicatura-de-greuges-de-barcelona-recuerda-la-importancia-de-continuar-avanzando-en-la-retirada-de-simbologia-fascista-en-la-ciudad\\\/\",\"url\":\"https:\\\/\\\/www.sindicaturabarcelona.cat\\\/es\\\/la-sindicatura-de-greuges-de-barcelona-recuerda-la-importancia-de-continuar-avanzando-en-la-retirada-de-simbologia-fascista-en-la-ciudad\\\/\",\"name\":\"La Sindicatura de Greuges de Barcelona recuerda la importancia de continuar avanzando en la retirada de simbolog\u00eda fascista en la ciudad - Sindicatura de Greuges de Barcelona\",\"isPartOf\":{\"@id\":\"https:\\\/\\\/www.sindicaturabarcelona.cat\\\/es\\\/#website\"},\"primaryImageOfPage\":{\"@id\":\"https:\\\/\\\/www.sindicaturabarcelona.cat\\\/es\\\/la-sindicatura-de-greuges-de-barcelona-recuerda-la-importancia-de-continuar-avanzando-en-la-retirada-de-simbologia-fascista-en-la-ciudad\\\/#primaryimage\"},\"image\":{\"@id\":\"https:\\\/\\\/www.sindicaturabarcelona.cat\\\/es\\\/la-sindicatura-de-greuges-de-barcelona-recuerda-la-importancia-de-continuar-avanzando-en-la-retirada-de-simbologia-fascista-en-la-ciudad\\\/#primaryimage\"},\"thumbnailUrl\":\"https:\\\/\\\/www.sindicaturabarcelona.cat\\\/wp-content\\\/uploads\\\/Retirada-simbologia-feixista-ciutat-de-Barcelona.jpg\",\"datePublished\":\"2024-04-10T05:30:00+00:00\",\"description\":\"La Sindicatura considera que el censo de simbolog\u00eda fascista que est\u00e1 elaborando el Ayuntamiento de Barcelona deber\u00eda ser p\u00fablico.\",\"breadcrumb\":{\"@id\":\"https:\\\/\\\/www.sindicaturabarcelona.cat\\\/es\\\/la-sindicatura-de-greuges-de-barcelona-recuerda-la-importancia-de-continuar-avanzando-en-la-retirada-de-simbologia-fascista-en-la-ciudad\\\/#breadcrumb\"},\"inLanguage\":\"es\",\"potentialAction\":[{\"@type\":\"ReadAction\",\"target\":[\"https:\\\/\\\/www.sindicaturabarcelona.cat\\\/es\\\/la-sindicatura-de-greuges-de-barcelona-recuerda-la-importancia-de-continuar-avanzando-en-la-retirada-de-simbologia-fascista-en-la-ciudad\\\/\"]}]},{\"@type\":\"ImageObject\",\"inLanguage\":\"es\",\"@id\":\"https:\\\/\\\/www.sindicaturabarcelona.cat\\\/es\\\/la-sindicatura-de-greuges-de-barcelona-recuerda-la-importancia-de-continuar-avanzando-en-la-retirada-de-simbologia-fascista-en-la-ciudad\\\/#primaryimage\",\"url\":\"https:\\\/\\\/www.sindicaturabarcelona.cat\\\/wp-content\\\/uploads\\\/Retirada-simbologia-feixista-ciutat-de-Barcelona.jpg\",\"contentUrl\":\"https:\\\/\\\/www.sindicaturabarcelona.cat\\\/wp-content\\\/uploads\\\/Retirada-simbologia-feixista-ciutat-de-Barcelona.jpg\",\"width\":1280,\"height\":855,\"caption\":\"Retirada simbologia fascista ciudad de Barcelona\"},{\"@type\":\"BreadcrumbList\",\"@id\":\"https:\\\/\\\/www.sindicaturabarcelona.cat\\\/es\\\/la-sindicatura-de-greuges-de-barcelona-recuerda-la-importancia-de-continuar-avanzando-en-la-retirada-de-simbologia-fascista-en-la-ciudad\\\/#breadcrumb\",\"itemListElement\":[{\"@type\":\"ListItem\",\"position\":1,\"name\":\"Inici\",\"item\":\"https:\\\/\\\/www.sindicaturabarcelona.cat\\\/es\\\/\"},{\"@type\":\"ListItem\",\"position\":2,\"name\":\"La Sindicatura de Greuges de Barcelona recuerda la importancia de continuar avanzando en la retirada de simbolog\u00eda fascista en la ciudad\"}]},{\"@type\":\"WebSite\",\"@id\":\"https:\\\/\\\/www.sindicaturabarcelona.cat\\\/es\\\/#website\",\"url\":\"https:\\\/\\\/www.sindicaturabarcelona.cat\\\/es\\\/\",\"name\":\"Sindicatura de Greuges de Barcelona\",\"description\":\"La defensoria dels teus drets\",\"publisher\":{\"@id\":\"https:\\\/\\\/www.sindicaturabarcelona.cat\\\/es\\\/#organization\"},\"potentialAction\":[{\"@type\":\"SearchAction\",\"target\":{\"@type\":\"EntryPoint\",\"urlTemplate\":\"https:\\\/\\\/www.sindicaturabarcelona.cat\\\/es\\\/?s={search_term_string}\"},\"query-input\":{\"@type\":\"PropertyValueSpecification\",\"valueRequired\":true,\"valueName\":\"search_term_string\"}}],\"inLanguage\":\"es\"},{\"@type\":\"Organization\",\"@id\":\"https:\\\/\\\/www.sindicaturabarcelona.cat\\\/es\\\/#organization\",\"name\":\"Sindicatura de Greuges de Barcelona\",\"url\":\"https:\\\/\\\/www.sindicaturabarcelona.cat\\\/es\\\/\",\"logo\":{\"@type\":\"ImageObject\",\"inLanguage\":\"es\",\"@id\":\"https:\\\/\\\/www.sindicaturabarcelona.cat\\\/es\\\/#\\\/schema\\\/logo\\\/image\\\/\",\"url\":\"https:\\\/\\\/www.sindicaturabarcelona.cat\\\/wp-content\\\/uploads\\\/2023\\\/02\\\/logo_sindicatura.svg\",\"contentUrl\":\"https:\\\/\\\/www.sindicaturabarcelona.cat\\\/wp-content\\\/uploads\\\/2023\\\/02\\\/logo_sindicatura.svg\",\"caption\":\"Sindicatura de Greuges de Barcelona\"},\"image\":{\"@id\":\"https:\\\/\\\/www.sindicaturabarcelona.cat\\\/es\\\/#\\\/schema\\\/logo\\\/image\\\/\"},\"sameAs\":[\"https:\\\/\\\/x.com\\\/sindicbarcelona\",\"https:\\\/\\\/www.instagram.com\\\/sindicbarcelona\\\/\",\"https:\\\/\\\/www.tiktok.com\\\/@sindicaturabcn\",\"https:\\\/\\\/t.me\\\/sindicaturabarcelona\"]},{\"@type\":\"Person\",\"@id\":\"https:\\\/\\\/www.sindicaturabarcelona.cat\\\/es\\\/#\\\/schema\\\/person\\\/0e5acffc350ffdbc97578159322c9452\",\"name\":\"Pablo\",\"image\":{\"@type\":\"ImageObject\",\"inLanguage\":\"es\",\"@id\":\"https:\\\/\\\/secure.gravatar.com\\\/avatar\\\/c948169b402ef9492afde705c3dfd5e90e1a6a84ef6840a91124f805a25a480f?s=96&d=mm&r=g\",\"url\":\"https:\\\/\\\/secure.gravatar.com\\\/avatar\\\/c948169b402ef9492afde705c3dfd5e90e1a6a84ef6840a91124f805a25a480f?s=96&d=mm&r=g\",\"contentUrl\":\"https:\\\/\\\/secure.gravatar.com\\\/avatar\\\/c948169b402ef9492afde705c3dfd5e90e1a6a84ef6840a91124f805a25a480f?s=96&d=mm&r=g\",\"caption\":\"Pablo\"},\"url\":\"https:\\\/\\\/www.sindicaturabarcelona.cat\\\/es\\\/author\\\/pablo\\\/\"}]}<\/script>\n<!-- \/ Yoast SEO plugin. -->","yoast_head_json":{"title":"La Sindicatura de Greuges de Barcelona recuerda la importancia de continuar avanzando en la retirada de simbolog\u00eda fascista en la ciudad - Sindicatura de Greuges de Barcelona","description":"La Sindicatura considera que el censo de simbolog\u00eda fascista que est\u00e1 elaborando el Ayuntamiento de Barcelona deber\u00eda ser p\u00fablico.","robots":{"index":"index","follow":"follow","max-snippet":"max-snippet:-1","max-image-preview":"max-image-preview:large","max-video-preview":"max-video-preview:-1"},"canonical":"https:\/\/www.sindicaturabarcelona.cat\/es\/la-sindicatura-de-greuges-de-barcelona-recuerda-la-importancia-de-continuar-avanzando-en-la-retirada-de-simbologia-fascista-en-la-ciudad\/","og_locale":"es_ES","og_type":"article","og_title":"La Sindicatura de Greuges de Barcelona recuerda la importancia de continuar avanzando en la retirada de simbolog\u00eda fascista en la ciudad - Sindicatura de Greuges de Barcelona","og_description":"La Sindicatura considera que el censo de simbolog\u00eda fascista que est\u00e1 elaborando el Ayuntamiento de Barcelona deber\u00eda ser p\u00fablico.","og_url":"https:\/\/www.sindicaturabarcelona.cat\/es\/la-sindicatura-de-greuges-de-barcelona-recuerda-la-importancia-de-continuar-avanzando-en-la-retirada-de-simbologia-fascista-en-la-ciudad\/","og_site_name":"Sindicatura de Greuges de Barcelona","article_published_time":"2024-04-10T05:30:00+00:00","og_image":[{"width":1280,"height":855,"url":"https:\/\/www.sindicaturabarcelona.cat\/wp-content\/uploads\/Retirada-simbologia-feixista-ciutat-de-Barcelona.jpg","type":"image\/jpeg"}],"author":"Pablo","twitter_card":"summary_large_image","twitter_creator":"@sindicbarcelona","twitter_site":"@sindicbarcelona","twitter_misc":{"Escrito por":"Pablo","Tiempo de lectura":"4 minutos"},"schema":{"@context":"https:\/\/schema.org","@graph":[{"@type":"Article","@id":"https:\/\/www.sindicaturabarcelona.cat\/es\/la-sindicatura-de-greuges-de-barcelona-recuerda-la-importancia-de-continuar-avanzando-en-la-retirada-de-simbologia-fascista-en-la-ciudad\/#article","isPartOf":{"@id":"https:\/\/www.sindicaturabarcelona.cat\/es\/la-sindicatura-de-greuges-de-barcelona-recuerda-la-importancia-de-continuar-avanzando-en-la-retirada-de-simbologia-fascista-en-la-ciudad\/"},"author":{"name":"Pablo","@id":"https:\/\/www.sindicaturabarcelona.cat\/es\/#\/schema\/person\/0e5acffc350ffdbc97578159322c9452"},"headline":"La Sindicatura de Greuges de Barcelona recuerda la importancia de continuar avanzando en la retirada de simbolog\u00eda fascista en la ciudad","datePublished":"2024-04-10T05:30:00+00:00","mainEntityOfPage":{"@id":"https:\/\/www.sindicaturabarcelona.cat\/es\/la-sindicatura-de-greuges-de-barcelona-recuerda-la-importancia-de-continuar-avanzando-en-la-retirada-de-simbologia-fascista-en-la-ciudad\/"},"wordCount":628,"publisher":{"@id":"https:\/\/www.sindicaturabarcelona.cat\/es\/#organization"},"image":{"@id":"https:\/\/www.sindicaturabarcelona.cat\/es\/la-sindicatura-de-greuges-de-barcelona-recuerda-la-importancia-de-continuar-avanzando-en-la-retirada-de-simbologia-fascista-en-la-ciudad\/#primaryimage"},"thumbnailUrl":"https:\/\/www.sindicaturabarcelona.cat\/wp-content\/uploads\/Retirada-simbologia-feixista-ciutat-de-Barcelona.jpg","inLanguage":"es"},{"@type":"WebPage","@id":"https:\/\/www.sindicaturabarcelona.cat\/es\/la-sindicatura-de-greuges-de-barcelona-recuerda-la-importancia-de-continuar-avanzando-en-la-retirada-de-simbologia-fascista-en-la-ciudad\/","url":"https:\/\/www.sindicaturabarcelona.cat\/es\/la-sindicatura-de-greuges-de-barcelona-recuerda-la-importancia-de-continuar-avanzando-en-la-retirada-de-simbologia-fascista-en-la-ciudad\/","name":"La Sindicatura de Greuges de Barcelona recuerda la importancia de continuar avanzando en la retirada de simbolog\u00eda fascista en la ciudad - Sindicatura de Greuges de Barcelona","isPartOf":{"@id":"https:\/\/www.sindicaturabarcelona.cat\/es\/#website"},"primaryImageOfPage":{"@id":"https:\/\/www.sindicaturabarcelona.cat\/es\/la-sindicatura-de-greuges-de-barcelona-recuerda-la-importancia-de-continuar-avanzando-en-la-retirada-de-simbologia-fascista-en-la-ciudad\/#primaryimage"},"image":{"@id":"https:\/\/www.sindicaturabarcelona.cat\/es\/la-sindicatura-de-greuges-de-barcelona-recuerda-la-importancia-de-continuar-avanzando-en-la-retirada-de-simbologia-fascista-en-la-ciudad\/#primaryimage"},"thumbnailUrl":"https:\/\/www.sindicaturabarcelona.cat\/wp-content\/uploads\/Retirada-simbologia-feixista-ciutat-de-Barcelona.jpg","datePublished":"2024-04-10T05:30:00+00:00","description":"La Sindicatura considera que el censo de simbolog\u00eda fascista que est\u00e1 elaborando el Ayuntamiento de Barcelona deber\u00eda ser p\u00fablico.","breadcrumb":{"@id":"https:\/\/www.sindicaturabarcelona.cat\/es\/la-sindicatura-de-greuges-de-barcelona-recuerda-la-importancia-de-continuar-avanzando-en-la-retirada-de-simbologia-fascista-en-la-ciudad\/#breadcrumb"},"inLanguage":"es","potentialAction":[{"@type":"ReadAction","target":["https:\/\/www.sindicaturabarcelona.cat\/es\/la-sindicatura-de-greuges-de-barcelona-recuerda-la-importancia-de-continuar-avanzando-en-la-retirada-de-simbologia-fascista-en-la-ciudad\/"]}]},{"@type":"ImageObject","inLanguage":"es","@id":"https:\/\/www.sindicaturabarcelona.cat\/es\/la-sindicatura-de-greuges-de-barcelona-recuerda-la-importancia-de-continuar-avanzando-en-la-retirada-de-simbologia-fascista-en-la-ciudad\/#primaryimage","url":"https:\/\/www.sindicaturabarcelona.cat\/wp-content\/uploads\/Retirada-simbologia-feixista-ciutat-de-Barcelona.jpg","contentUrl":"https:\/\/www.sindicaturabarcelona.cat\/wp-content\/uploads\/Retirada-simbologia-feixista-ciutat-de-Barcelona.jpg","width":1280,"height":855,"caption":"Retirada simbologia fascista ciudad de Barcelona"},{"@type":"BreadcrumbList","@id":"https:\/\/www.sindicaturabarcelona.cat\/es\/la-sindicatura-de-greuges-de-barcelona-recuerda-la-importancia-de-continuar-avanzando-en-la-retirada-de-simbologia-fascista-en-la-ciudad\/#breadcrumb","itemListElement":[{"@type":"ListItem","position":1,"name":"Inici","item":"https:\/\/www.sindicaturabarcelona.cat\/es\/"},{"@type":"ListItem","position":2,"name":"La Sindicatura de Greuges de Barcelona recuerda la importancia de continuar avanzando en la retirada de simbolog\u00eda fascista en la ciudad"}]},{"@type":"WebSite","@id":"https:\/\/www.sindicaturabarcelona.cat\/es\/#website","url":"https:\/\/www.sindicaturabarcelona.cat\/es\/","name":"Sindicatura de Greuges de Barcelona","description":"La defensoria dels teus drets","publisher":{"@id":"https:\/\/www.sindicaturabarcelona.cat\/es\/#organization"},"potentialAction":[{"@type":"SearchAction","target":{"@type":"EntryPoint","urlTemplate":"https:\/\/www.sindicaturabarcelona.cat\/es\/?s={search_term_string}"},"query-input":{"@type":"PropertyValueSpecification","valueRequired":true,"valueName":"search_term_string"}}],"inLanguage":"es"},{"@type":"Organization","@id":"https:\/\/www.sindicaturabarcelona.cat\/es\/#organization","name":"Sindicatura de Greuges de Barcelona","url":"https:\/\/www.sindicaturabarcelona.cat\/es\/","logo":{"@type":"ImageObject","inLanguage":"es","@id":"https:\/\/www.sindicaturabarcelona.cat\/es\/#\/schema\/logo\/image\/","url":"https:\/\/www.sindicaturabarcelona.cat\/wp-content\/uploads\/2023\/02\/logo_sindicatura.svg","contentUrl":"https:\/\/www.sindicaturabarcelona.cat\/wp-content\/uploads\/2023\/02\/logo_sindicatura.svg","caption":"Sindicatura de Greuges de Barcelona"},"image":{"@id":"https:\/\/www.sindicaturabarcelona.cat\/es\/#\/schema\/logo\/image\/"},"sameAs":["https:\/\/x.com\/sindicbarcelona","https:\/\/www.instagram.com\/sindicbarcelona\/","https:\/\/www.tiktok.com\/@sindicaturabcn","https:\/\/t.me\/sindicaturabarcelona"]},{"@type":"Person","@id":"https:\/\/www.sindicaturabarcelona.cat\/es\/#\/schema\/person\/0e5acffc350ffdbc97578159322c9452","name":"Pablo","image":{"@type":"ImageObject","inLanguage":"es","@id":"https:\/\/secure.gravatar.com\/avatar\/c948169b402ef9492afde705c3dfd5e90e1a6a84ef6840a91124f805a25a480f?s=96&d=mm&r=g","url":"https:\/\/secure.gravatar.com\/avatar\/c948169b402ef9492afde705c3dfd5e90e1a6a84ef6840a91124f805a25a480f?s=96&d=mm&r=g","contentUrl":"https:\/\/secure.gravatar.com\/avatar\/c948169b402ef9492afde705c3dfd5e90e1a6a84ef6840a91124f805a25a480f?s=96&d=mm&r=g","caption":"Pablo"},"url":"https:\/\/www.sindicaturabarcelona.cat\/es\/author\/pablo\/"}]}},"_links":{"self":[{"href":"https:\/\/www.sindicaturabarcelona.cat\/es\/wp-json\/wp\/v2\/posts\/32321","targetHints":{"allow":["GET"]}}],"collection":[{"href":"https:\/\/www.sindicaturabarcelona.cat\/es\/wp-json\/wp\/v2\/posts"}],"about":[{"href":"https:\/\/www.sindicaturabarcelona.cat\/es\/wp-json\/wp\/v2\/types\/post"}],"author":[{"embeddable":true,"href":"https:\/\/www.sindicaturabarcelona.cat\/es\/wp-json\/wp\/v2\/users\/2"}],"replies":[{"embeddable":true,"href":"https:\/\/www.sindicaturabarcelona.cat\/es\/wp-json\/wp\/v2\/comments?post=32321"}],"version-history":[{"count":3,"href":"https:\/\/www.sindicaturabarcelona.cat\/es\/wp-json\/wp\/v2\/posts\/32321\/revisions"}],"predecessor-version":[{"id":32326,"href":"https:\/\/www.sindicaturabarcelona.cat\/es\/wp-json\/wp\/v2\/posts\/32321\/revisions\/32326"}],"wp:featuredmedia":[{"embeddable":true,"href":"https:\/\/www.sindicaturabarcelona.cat\/es\/wp-json\/wp\/v2\/media\/32317"}],"wp:attachment":[{"href":"https:\/\/www.sindicaturabarcelona.cat\/es\/wp-json\/wp\/v2\/media?parent=32321"}],"wp:term":[{"taxonomy":"post_tag","embeddable":true,"href":"https:\/\/www.sindicaturabarcelona.cat\/es\/wp-json\/wp\/v2\/tags?post=32321"},{"taxonomy":"drets","embeddable":true,"href":"https:\/\/www.sindicaturabarcelona.cat\/es\/wp-json\/wp\/v2\/drets?post=32321"}],"curies":[{"name":"wp","href":"https:\/\/api.w.org\/{rel}","templated":true}]}}