{"id":32109,"date":"2024-04-04T07:58:55","date_gmt":"2024-04-04T05:58:55","guid":{"rendered":"https:\/\/www.sindicaturabarcelona.cat\/?p=32109"},"modified":"2024-04-04T07:59:15","modified_gmt":"2024-04-04T05:59:15","slug":"la-sindicatura-de-greuges-de-barcelona-y-la-sindica-de-greuges-de-catalunya-piden-una-ubicacion-definitiva-para-la-escola-entenca","status":"publish","type":"post","link":"https:\/\/www.sindicaturabarcelona.cat\/es\/la-sindicatura-de-greuges-de-barcelona-y-la-sindica-de-greuges-de-catalunya-piden-una-ubicacion-definitiva-para-la-escola-entenca\/","title":{"rendered":"La Sindicatura de Greuges de Barcelona y la S\u00edndica de Greuges de Catalunya piden una ubicaci\u00f3n definitiva para la Escola Enten\u00e7a"},"content":{"rendered":"\n<h2 class=\"wp-block-heading\"><strong>Ocho a\u00f1os despu\u00e9s de la creaci\u00f3n de la Escola Enten\u00e7a, a\u00fan no se ha definido una ubicaci\u00f3n definitiva y un calendario de actuaci\u00f3n, a pesar de las reclamaciones y la movilizaci\u00f3n de la comunidad educativa.<\/strong><\/h2>\n\n\n\n<p>Con el objetivo de que la Escola Enten\u00e7a pueda tener una ubicaci\u00f3n definitiva, la <a href=\"https:\/\/www.sindicaturabarcelona.cat\/es\/\" target=\"_blank\" rel=\"noreferrer noopener\">Sindicatura de Greuges de Barcelona<\/a> y la <a href=\"https:\/\/www.sindic.cat\/es\/page.asp?id=1\" target=\"_blank\" rel=\"noreferrer noopener\">S\u00edndica de Greuges de Catalunya<\/a> <strong>piden al Ayuntamiento de Barcelona que concrete la cesi\u00f3n del solar situado sobre el Mercat del Ninot, en la confluencia de las calles de Proven\u00e7a y Casanova, y que es propiedad del Hospital Cl\u00ednic.<\/strong><\/p>\n\n\n\n<p>La Escola Enten\u00e7a se cre\u00f3 en el curso 2016\/2017 y el emplazamiento definitivo deb\u00eda ser al recinto de La Modelo. Pero en julio de 2017, el Ayuntamiento de Barcelona y el Consorcio de Educaci\u00f3n de Barcelona informaron a la escuela de la posibilidad que su emplazamiento definitivo fuera otro, en la Escuela Industrial. Este segundo se descart\u00f3 por riesgos en la salud del alumnado, puesto que hab\u00eda una subestaci\u00f3n el\u00e9ctrica. Posteriormente, se ha trabajado con otras ubicaciones, como los jardines Paula Montal, pero esta opci\u00f3n no cumpl\u00eda con los<em> Criterios para la construcci\u00f3n de nuevos edificios para centros docentes p\u00fablicos<\/em>, y tambi\u00e9n se descart\u00f3.<\/p>\n\n\n\n<p>En octubre de 2018 el Ayuntamiento comunic\u00f3 a la escuela que exist\u00eda un acuerdo verbal con la Generalitat para que la ubicaci\u00f3n definitiva de la escuela fuese el solar posterior del Mercat del Ninot, que pertenec\u00eda al Hospital Cl\u00ednic. Sin embargo, hoy en d\u00eda todav\u00eda no se ha concretado definitivamente la cesi\u00f3n de este solar.<\/p>\n\n\n\n<p>En 2022 el Ayuntamiento comunic\u00f3 que el instituto escuela que contemplaba el Plan Director de La Modelo era finalmente para la Escola Xirinacs, que tambi\u00e9n estaba ubicada provisionalmente en el recinto. Al mismo tiempo comunicaba a la Escola Enten\u00e7a que su emplazamiento definitivo no ser\u00eda en La Modelo, pero se compromet\u00eda a buscar otro.<\/p>\n\n\n\n<p><strong>Las dos instituciones concluyen que la comunidad educativa de este centro ha sufrido un agravio significativo desde que se cre\u00f3 y que las condiciones de provisionalidad, prolongadas en el tiempo, pueden malograr el derecho a una educaci\u00f3n de calidad y en condiciones de equidad.<\/strong><\/p>\n\n\n\n<p>Recuerdan a las administraciones implicadas que todos los ni\u00f1os tienen derecho a recibir una educaci\u00f3n de calidad, tal como prev\u00e9 el art\u00edculo 2 de la Ley 12\/2009, del 10 de julio, de educaci\u00f3n. Esta previsi\u00f3n no solo incluye la calidad del proyecto pedag\u00f3gico del centro o la ense\u00f1anza, sino tambi\u00e9n en un sentido global las instalaciones en las cuales se lleva a cabo. <strong>Por lo tanto, les piden que, sin m\u00e1s dilaci\u00f3n y con la m\u00e1xima prioridad, determinen una ubicaci\u00f3n adecuada y definitiva para esta escuela.<\/strong><strong><\/strong><\/p>\n","protected":false},"excerpt":{"rendered":"<p>Ocho a\u00f1os despu\u00e9s de la creaci\u00f3n de la Escola Enten\u00e7a, a\u00fan no se ha definido una ubicaci\u00f3n definitiva y un calendario de actuaci\u00f3n, a pesar de las reclamaciones y la [&hellip;]<\/p>\n","protected":false},"author":2,"featured_media":32107,"comment_status":"closed","ping_status":"closed","sticky":false,"template":"","format":"standard","meta":{"_acf_changed":false,"footnotes":""},"tags":[],"drets":[1475,1575,1567,1571],"class_list":["post-32109","post","type-post","status-publish","format-standard","has-post-thumbnail","hentry","drets-ciudad-equitativa","drets-derecho-a-la-educacion-y-al-ocio","drets-ciudad-diversa","drets-derechos-de-la-infancia-y-la-adolescencia"],"acf":[],"yoast_head":"<!-- This site is optimized with the Yoast SEO plugin v27.5 - https:\/\/yoast.com\/product\/yoast-seo-wordpress\/ -->\n<title>La Sindicatura de Greuges de Barcelona y la S\u00edndica de Greuges de Catalunya piden una ubicaci\u00f3n definitiva para la Escola Enten\u00e7a - Sindicatura de Greuges de Barcelona<\/title>\n<meta name=\"description\" content=\"Ocho a\u00f1os despu\u00e9s de la creaci\u00f3n de la Escola Enten\u00e7a, a\u00fan no se ha definido una ubicaci\u00f3n definitiva y un...\" \/>\n<meta name=\"robots\" content=\"index, follow, max-snippet:-1, max-image-preview:large, max-video-preview:-1\" \/>\n<link rel=\"canonical\" href=\"https:\/\/www.sindicaturabarcelona.cat\/es\/la-sindicatura-de-greuges-de-barcelona-y-la-sindica-de-greuges-de-catalunya-piden-una-ubicacion-definitiva-para-la-escola-entenca\/\" \/>\n<meta property=\"og:locale\" content=\"es_ES\" \/>\n<meta property=\"og:type\" content=\"article\" \/>\n<meta property=\"og:title\" content=\"La Sindicatura de Greuges de Barcelona y la S\u00edndica de Greuges de Catalunya piden una ubicaci\u00f3n definitiva para la Escola Enten\u00e7a - Sindicatura de Greuges de Barcelona\" \/>\n<meta property=\"og:description\" content=\"Ocho a\u00f1os despu\u00e9s de la creaci\u00f3n de la Escola Enten\u00e7a, a\u00fan no se ha definido una ubicaci\u00f3n definitiva y un...\" \/>\n<meta property=\"og:url\" content=\"https:\/\/www.sindicaturabarcelona.cat\/es\/la-sindicatura-de-greuges-de-barcelona-y-la-sindica-de-greuges-de-catalunya-piden-una-ubicacion-definitiva-para-la-escola-entenca\/\" \/>\n<meta property=\"og:site_name\" content=\"Sindicatura de Greuges de Barcelona\" \/>\n<meta property=\"article:published_time\" content=\"2024-04-04T05:58:55+00:00\" \/>\n<meta property=\"article:modified_time\" content=\"2024-04-04T05:59:15+00:00\" \/>\n<meta property=\"og:image\" content=\"https:\/\/www.sindicaturabarcelona.cat\/wp-content\/uploads\/Escola-Entenca-ubicacio-definitiva.jpg\" \/>\n\t<meta property=\"og:image:width\" content=\"1024\" \/>\n\t<meta property=\"og:image:height\" content=\"683\" \/>\n\t<meta property=\"og:image:type\" content=\"image\/jpeg\" \/>\n<meta name=\"author\" content=\"Pablo\" \/>\n<meta name=\"twitter:card\" content=\"summary_large_image\" \/>\n<meta name=\"twitter:creator\" content=\"@sindicbarcelona\" \/>\n<meta name=\"twitter:site\" content=\"@sindicbarcelona\" \/>\n<meta name=\"twitter:label1\" content=\"Escrito por\" \/>\n\t<meta name=\"twitter:data1\" content=\"Pablo\" \/>\n\t<meta name=\"twitter:label2\" content=\"Tiempo de lectura\" \/>\n\t<meta name=\"twitter:data2\" content=\"3 minutos\" \/>\n<script type=\"application\/ld+json\" class=\"yoast-schema-graph\">{\"@context\":\"https:\\\/\\\/schema.org\",\"@graph\":[{\"@type\":\"Article\",\"@id\":\"https:\\\/\\\/www.sindicaturabarcelona.cat\\\/es\\\/la-sindicatura-de-greuges-de-barcelona-y-la-sindica-de-greuges-de-catalunya-piden-una-ubicacion-definitiva-para-la-escola-entenca\\\/#article\",\"isPartOf\":{\"@id\":\"https:\\\/\\\/www.sindicaturabarcelona.cat\\\/es\\\/la-sindicatura-de-greuges-de-barcelona-y-la-sindica-de-greuges-de-catalunya-piden-una-ubicacion-definitiva-para-la-escola-entenca\\\/\"},\"author\":{\"name\":\"Pablo\",\"@id\":\"https:\\\/\\\/www.sindicaturabarcelona.cat\\\/es\\\/#\\\/schema\\\/person\\\/0e5acffc350ffdbc97578159322c9452\"},\"headline\":\"La Sindicatura de Greuges de Barcelona y la S\u00edndica de Greuges de Catalunya piden una ubicaci\u00f3n definitiva para la Escola Enten\u00e7a\",\"datePublished\":\"2024-04-04T05:58:55+00:00\",\"dateModified\":\"2024-04-04T05:59:15+00:00\",\"mainEntityOfPage\":{\"@id\":\"https:\\\/\\\/www.sindicaturabarcelona.cat\\\/es\\\/la-sindicatura-de-greuges-de-barcelona-y-la-sindica-de-greuges-de-catalunya-piden-una-ubicacion-definitiva-para-la-escola-entenca\\\/\"},\"wordCount\":504,\"publisher\":{\"@id\":\"https:\\\/\\\/www.sindicaturabarcelona.cat\\\/es\\\/#organization\"},\"image\":{\"@id\":\"https:\\\/\\\/www.sindicaturabarcelona.cat\\\/es\\\/la-sindicatura-de-greuges-de-barcelona-y-la-sindica-de-greuges-de-catalunya-piden-una-ubicacion-definitiva-para-la-escola-entenca\\\/#primaryimage\"},\"thumbnailUrl\":\"https:\\\/\\\/www.sindicaturabarcelona.cat\\\/wp-content\\\/uploads\\\/Escola-Entenca-ubicacio-definitiva.jpg\",\"inLanguage\":\"es\"},{\"@type\":\"WebPage\",\"@id\":\"https:\\\/\\\/www.sindicaturabarcelona.cat\\\/es\\\/la-sindicatura-de-greuges-de-barcelona-y-la-sindica-de-greuges-de-catalunya-piden-una-ubicacion-definitiva-para-la-escola-entenca\\\/\",\"url\":\"https:\\\/\\\/www.sindicaturabarcelona.cat\\\/es\\\/la-sindicatura-de-greuges-de-barcelona-y-la-sindica-de-greuges-de-catalunya-piden-una-ubicacion-definitiva-para-la-escola-entenca\\\/\",\"name\":\"La Sindicatura de Greuges de Barcelona y la S\u00edndica de Greuges de Catalunya piden una ubicaci\u00f3n definitiva para la Escola Enten\u00e7a - Sindicatura de Greuges de Barcelona\",\"isPartOf\":{\"@id\":\"https:\\\/\\\/www.sindicaturabarcelona.cat\\\/es\\\/#website\"},\"primaryImageOfPage\":{\"@id\":\"https:\\\/\\\/www.sindicaturabarcelona.cat\\\/es\\\/la-sindicatura-de-greuges-de-barcelona-y-la-sindica-de-greuges-de-catalunya-piden-una-ubicacion-definitiva-para-la-escola-entenca\\\/#primaryimage\"},\"image\":{\"@id\":\"https:\\\/\\\/www.sindicaturabarcelona.cat\\\/es\\\/la-sindicatura-de-greuges-de-barcelona-y-la-sindica-de-greuges-de-catalunya-piden-una-ubicacion-definitiva-para-la-escola-entenca\\\/#primaryimage\"},\"thumbnailUrl\":\"https:\\\/\\\/www.sindicaturabarcelona.cat\\\/wp-content\\\/uploads\\\/Escola-Entenca-ubicacio-definitiva.jpg\",\"datePublished\":\"2024-04-04T05:58:55+00:00\",\"dateModified\":\"2024-04-04T05:59:15+00:00\",\"description\":\"Ocho a\u00f1os despu\u00e9s de la creaci\u00f3n de la Escola Enten\u00e7a, a\u00fan no se ha definido una ubicaci\u00f3n definitiva y un...\",\"breadcrumb\":{\"@id\":\"https:\\\/\\\/www.sindicaturabarcelona.cat\\\/es\\\/la-sindicatura-de-greuges-de-barcelona-y-la-sindica-de-greuges-de-catalunya-piden-una-ubicacion-definitiva-para-la-escola-entenca\\\/#breadcrumb\"},\"inLanguage\":\"es\",\"potentialAction\":[{\"@type\":\"ReadAction\",\"target\":[\"https:\\\/\\\/www.sindicaturabarcelona.cat\\\/es\\\/la-sindicatura-de-greuges-de-barcelona-y-la-sindica-de-greuges-de-catalunya-piden-una-ubicacion-definitiva-para-la-escola-entenca\\\/\"]}]},{\"@type\":\"ImageObject\",\"inLanguage\":\"es\",\"@id\":\"https:\\\/\\\/www.sindicaturabarcelona.cat\\\/es\\\/la-sindicatura-de-greuges-de-barcelona-y-la-sindica-de-greuges-de-catalunya-piden-una-ubicacion-definitiva-para-la-escola-entenca\\\/#primaryimage\",\"url\":\"https:\\\/\\\/www.sindicaturabarcelona.cat\\\/wp-content\\\/uploads\\\/Escola-Entenca-ubicacio-definitiva.jpg\",\"contentUrl\":\"https:\\\/\\\/www.sindicaturabarcelona.cat\\\/wp-content\\\/uploads\\\/Escola-Entenca-ubicacio-definitiva.jpg\",\"width\":1024,\"height\":683,\"caption\":\"Entorns escolars. Escola Enten\u00e7a. Fotos del despr\u00e9s en al\u00e7ada\"},{\"@type\":\"BreadcrumbList\",\"@id\":\"https:\\\/\\\/www.sindicaturabarcelona.cat\\\/es\\\/la-sindicatura-de-greuges-de-barcelona-y-la-sindica-de-greuges-de-catalunya-piden-una-ubicacion-definitiva-para-la-escola-entenca\\\/#breadcrumb\",\"itemListElement\":[{\"@type\":\"ListItem\",\"position\":1,\"name\":\"Inici\",\"item\":\"https:\\\/\\\/www.sindicaturabarcelona.cat\\\/es\\\/\"},{\"@type\":\"ListItem\",\"position\":2,\"name\":\"La Sindicatura de Greuges de Barcelona y la S\u00edndica de Greuges de Catalunya piden una ubicaci\u00f3n definitiva para la Escola Enten\u00e7a\"}]},{\"@type\":\"WebSite\",\"@id\":\"https:\\\/\\\/www.sindicaturabarcelona.cat\\\/es\\\/#website\",\"url\":\"https:\\\/\\\/www.sindicaturabarcelona.cat\\\/es\\\/\",\"name\":\"Sindicatura de Greuges de Barcelona\",\"description\":\"La defensoria dels teus drets\",\"publisher\":{\"@id\":\"https:\\\/\\\/www.sindicaturabarcelona.cat\\\/es\\\/#organization\"},\"potentialAction\":[{\"@type\":\"SearchAction\",\"target\":{\"@type\":\"EntryPoint\",\"urlTemplate\":\"https:\\\/\\\/www.sindicaturabarcelona.cat\\\/es\\\/?s={search_term_string}\"},\"query-input\":{\"@type\":\"PropertyValueSpecification\",\"valueRequired\":true,\"valueName\":\"search_term_string\"}}],\"inLanguage\":\"es\"},{\"@type\":\"Organization\",\"@id\":\"https:\\\/\\\/www.sindicaturabarcelona.cat\\\/es\\\/#organization\",\"name\":\"Sindicatura de Greuges de Barcelona\",\"url\":\"https:\\\/\\\/www.sindicaturabarcelona.cat\\\/es\\\/\",\"logo\":{\"@type\":\"ImageObject\",\"inLanguage\":\"es\",\"@id\":\"https:\\\/\\\/www.sindicaturabarcelona.cat\\\/es\\\/#\\\/schema\\\/logo\\\/image\\\/\",\"url\":\"https:\\\/\\\/www.sindicaturabarcelona.cat\\\/wp-content\\\/uploads\\\/2023\\\/02\\\/logo_sindicatura.svg\",\"contentUrl\":\"https:\\\/\\\/www.sindicaturabarcelona.cat\\\/wp-content\\\/uploads\\\/2023\\\/02\\\/logo_sindicatura.svg\",\"caption\":\"Sindicatura de Greuges de Barcelona\"},\"image\":{\"@id\":\"https:\\\/\\\/www.sindicaturabarcelona.cat\\\/es\\\/#\\\/schema\\\/logo\\\/image\\\/\"},\"sameAs\":[\"https:\\\/\\\/x.com\\\/sindicbarcelona\",\"https:\\\/\\\/www.instagram.com\\\/sindicbarcelona\\\/\",\"https:\\\/\\\/www.tiktok.com\\\/@sindicaturabcn\",\"https:\\\/\\\/t.me\\\/sindicaturabarcelona\"]},{\"@type\":\"Person\",\"@id\":\"https:\\\/\\\/www.sindicaturabarcelona.cat\\\/es\\\/#\\\/schema\\\/person\\\/0e5acffc350ffdbc97578159322c9452\",\"name\":\"Pablo\",\"image\":{\"@type\":\"ImageObject\",\"inLanguage\":\"es\",\"@id\":\"https:\\\/\\\/secure.gravatar.com\\\/avatar\\\/c948169b402ef9492afde705c3dfd5e90e1a6a84ef6840a91124f805a25a480f?s=96&d=mm&r=g\",\"url\":\"https:\\\/\\\/secure.gravatar.com\\\/avatar\\\/c948169b402ef9492afde705c3dfd5e90e1a6a84ef6840a91124f805a25a480f?s=96&d=mm&r=g\",\"contentUrl\":\"https:\\\/\\\/secure.gravatar.com\\\/avatar\\\/c948169b402ef9492afde705c3dfd5e90e1a6a84ef6840a91124f805a25a480f?s=96&d=mm&r=g\",\"caption\":\"Pablo\"},\"url\":\"https:\\\/\\\/www.sindicaturabarcelona.cat\\\/es\\\/author\\\/pablo\\\/\"}]}<\/script>\n<!-- \/ Yoast SEO plugin. -->","yoast_head_json":{"title":"La Sindicatura de Greuges de Barcelona y la S\u00edndica de Greuges de Catalunya piden una ubicaci\u00f3n definitiva para la Escola Enten\u00e7a - Sindicatura de Greuges de Barcelona","description":"Ocho a\u00f1os despu\u00e9s de la creaci\u00f3n de la Escola Enten\u00e7a, a\u00fan no se ha definido una ubicaci\u00f3n definitiva y un...","robots":{"index":"index","follow":"follow","max-snippet":"max-snippet:-1","max-image-preview":"max-image-preview:large","max-video-preview":"max-video-preview:-1"},"canonical":"https:\/\/www.sindicaturabarcelona.cat\/es\/la-sindicatura-de-greuges-de-barcelona-y-la-sindica-de-greuges-de-catalunya-piden-una-ubicacion-definitiva-para-la-escola-entenca\/","og_locale":"es_ES","og_type":"article","og_title":"La Sindicatura de Greuges de Barcelona y la S\u00edndica de Greuges de Catalunya piden una ubicaci\u00f3n definitiva para la Escola Enten\u00e7a - Sindicatura de Greuges de Barcelona","og_description":"Ocho a\u00f1os despu\u00e9s de la creaci\u00f3n de la Escola Enten\u00e7a, a\u00fan no se ha definido una ubicaci\u00f3n definitiva y un...","og_url":"https:\/\/www.sindicaturabarcelona.cat\/es\/la-sindicatura-de-greuges-de-barcelona-y-la-sindica-de-greuges-de-catalunya-piden-una-ubicacion-definitiva-para-la-escola-entenca\/","og_site_name":"Sindicatura de Greuges de Barcelona","article_published_time":"2024-04-04T05:58:55+00:00","article_modified_time":"2024-04-04T05:59:15+00:00","og_image":[{"width":1024,"height":683,"url":"https:\/\/www.sindicaturabarcelona.cat\/wp-content\/uploads\/Escola-Entenca-ubicacio-definitiva.jpg","type":"image\/jpeg"}],"author":"Pablo","twitter_card":"summary_large_image","twitter_creator":"@sindicbarcelona","twitter_site":"@sindicbarcelona","twitter_misc":{"Escrito por":"Pablo","Tiempo de lectura":"3 minutos"},"schema":{"@context":"https:\/\/schema.org","@graph":[{"@type":"Article","@id":"https:\/\/www.sindicaturabarcelona.cat\/es\/la-sindicatura-de-greuges-de-barcelona-y-la-sindica-de-greuges-de-catalunya-piden-una-ubicacion-definitiva-para-la-escola-entenca\/#article","isPartOf":{"@id":"https:\/\/www.sindicaturabarcelona.cat\/es\/la-sindicatura-de-greuges-de-barcelona-y-la-sindica-de-greuges-de-catalunya-piden-una-ubicacion-definitiva-para-la-escola-entenca\/"},"author":{"name":"Pablo","@id":"https:\/\/www.sindicaturabarcelona.cat\/es\/#\/schema\/person\/0e5acffc350ffdbc97578159322c9452"},"headline":"La Sindicatura de Greuges de Barcelona y la S\u00edndica de Greuges de Catalunya piden una ubicaci\u00f3n definitiva para la Escola Enten\u00e7a","datePublished":"2024-04-04T05:58:55+00:00","dateModified":"2024-04-04T05:59:15+00:00","mainEntityOfPage":{"@id":"https:\/\/www.sindicaturabarcelona.cat\/es\/la-sindicatura-de-greuges-de-barcelona-y-la-sindica-de-greuges-de-catalunya-piden-una-ubicacion-definitiva-para-la-escola-entenca\/"},"wordCount":504,"publisher":{"@id":"https:\/\/www.sindicaturabarcelona.cat\/es\/#organization"},"image":{"@id":"https:\/\/www.sindicaturabarcelona.cat\/es\/la-sindicatura-de-greuges-de-barcelona-y-la-sindica-de-greuges-de-catalunya-piden-una-ubicacion-definitiva-para-la-escola-entenca\/#primaryimage"},"thumbnailUrl":"https:\/\/www.sindicaturabarcelona.cat\/wp-content\/uploads\/Escola-Entenca-ubicacio-definitiva.jpg","inLanguage":"es"},{"@type":"WebPage","@id":"https:\/\/www.sindicaturabarcelona.cat\/es\/la-sindicatura-de-greuges-de-barcelona-y-la-sindica-de-greuges-de-catalunya-piden-una-ubicacion-definitiva-para-la-escola-entenca\/","url":"https:\/\/www.sindicaturabarcelona.cat\/es\/la-sindicatura-de-greuges-de-barcelona-y-la-sindica-de-greuges-de-catalunya-piden-una-ubicacion-definitiva-para-la-escola-entenca\/","name":"La Sindicatura de Greuges de Barcelona y la S\u00edndica de Greuges de Catalunya piden una ubicaci\u00f3n definitiva para la Escola Enten\u00e7a - Sindicatura de Greuges de Barcelona","isPartOf":{"@id":"https:\/\/www.sindicaturabarcelona.cat\/es\/#website"},"primaryImageOfPage":{"@id":"https:\/\/www.sindicaturabarcelona.cat\/es\/la-sindicatura-de-greuges-de-barcelona-y-la-sindica-de-greuges-de-catalunya-piden-una-ubicacion-definitiva-para-la-escola-entenca\/#primaryimage"},"image":{"@id":"https:\/\/www.sindicaturabarcelona.cat\/es\/la-sindicatura-de-greuges-de-barcelona-y-la-sindica-de-greuges-de-catalunya-piden-una-ubicacion-definitiva-para-la-escola-entenca\/#primaryimage"},"thumbnailUrl":"https:\/\/www.sindicaturabarcelona.cat\/wp-content\/uploads\/Escola-Entenca-ubicacio-definitiva.jpg","datePublished":"2024-04-04T05:58:55+00:00","dateModified":"2024-04-04T05:59:15+00:00","description":"Ocho a\u00f1os despu\u00e9s de la creaci\u00f3n de la Escola Enten\u00e7a, a\u00fan no se ha definido una ubicaci\u00f3n definitiva y un...","breadcrumb":{"@id":"https:\/\/www.sindicaturabarcelona.cat\/es\/la-sindicatura-de-greuges-de-barcelona-y-la-sindica-de-greuges-de-catalunya-piden-una-ubicacion-definitiva-para-la-escola-entenca\/#breadcrumb"},"inLanguage":"es","potentialAction":[{"@type":"ReadAction","target":["https:\/\/www.sindicaturabarcelona.cat\/es\/la-sindicatura-de-greuges-de-barcelona-y-la-sindica-de-greuges-de-catalunya-piden-una-ubicacion-definitiva-para-la-escola-entenca\/"]}]},{"@type":"ImageObject","inLanguage":"es","@id":"https:\/\/www.sindicaturabarcelona.cat\/es\/la-sindicatura-de-greuges-de-barcelona-y-la-sindica-de-greuges-de-catalunya-piden-una-ubicacion-definitiva-para-la-escola-entenca\/#primaryimage","url":"https:\/\/www.sindicaturabarcelona.cat\/wp-content\/uploads\/Escola-Entenca-ubicacio-definitiva.jpg","contentUrl":"https:\/\/www.sindicaturabarcelona.cat\/wp-content\/uploads\/Escola-Entenca-ubicacio-definitiva.jpg","width":1024,"height":683,"caption":"Entorns escolars. Escola Enten\u00e7a. Fotos del despr\u00e9s en al\u00e7ada"},{"@type":"BreadcrumbList","@id":"https:\/\/www.sindicaturabarcelona.cat\/es\/la-sindicatura-de-greuges-de-barcelona-y-la-sindica-de-greuges-de-catalunya-piden-una-ubicacion-definitiva-para-la-escola-entenca\/#breadcrumb","itemListElement":[{"@type":"ListItem","position":1,"name":"Inici","item":"https:\/\/www.sindicaturabarcelona.cat\/es\/"},{"@type":"ListItem","position":2,"name":"La Sindicatura de Greuges de Barcelona y la S\u00edndica de Greuges de Catalunya piden una ubicaci\u00f3n definitiva para la Escola Enten\u00e7a"}]},{"@type":"WebSite","@id":"https:\/\/www.sindicaturabarcelona.cat\/es\/#website","url":"https:\/\/www.sindicaturabarcelona.cat\/es\/","name":"Sindicatura de Greuges de Barcelona","description":"La defensoria dels teus drets","publisher":{"@id":"https:\/\/www.sindicaturabarcelona.cat\/es\/#organization"},"potentialAction":[{"@type":"SearchAction","target":{"@type":"EntryPoint","urlTemplate":"https:\/\/www.sindicaturabarcelona.cat\/es\/?s={search_term_string}"},"query-input":{"@type":"PropertyValueSpecification","valueRequired":true,"valueName":"search_term_string"}}],"inLanguage":"es"},{"@type":"Organization","@id":"https:\/\/www.sindicaturabarcelona.cat\/es\/#organization","name":"Sindicatura de Greuges de Barcelona","url":"https:\/\/www.sindicaturabarcelona.cat\/es\/","logo":{"@type":"ImageObject","inLanguage":"es","@id":"https:\/\/www.sindicaturabarcelona.cat\/es\/#\/schema\/logo\/image\/","url":"https:\/\/www.sindicaturabarcelona.cat\/wp-content\/uploads\/2023\/02\/logo_sindicatura.svg","contentUrl":"https:\/\/www.sindicaturabarcelona.cat\/wp-content\/uploads\/2023\/02\/logo_sindicatura.svg","caption":"Sindicatura de Greuges de Barcelona"},"image":{"@id":"https:\/\/www.sindicaturabarcelona.cat\/es\/#\/schema\/logo\/image\/"},"sameAs":["https:\/\/x.com\/sindicbarcelona","https:\/\/www.instagram.com\/sindicbarcelona\/","https:\/\/www.tiktok.com\/@sindicaturabcn","https:\/\/t.me\/sindicaturabarcelona"]},{"@type":"Person","@id":"https:\/\/www.sindicaturabarcelona.cat\/es\/#\/schema\/person\/0e5acffc350ffdbc97578159322c9452","name":"Pablo","image":{"@type":"ImageObject","inLanguage":"es","@id":"https:\/\/secure.gravatar.com\/avatar\/c948169b402ef9492afde705c3dfd5e90e1a6a84ef6840a91124f805a25a480f?s=96&d=mm&r=g","url":"https:\/\/secure.gravatar.com\/avatar\/c948169b402ef9492afde705c3dfd5e90e1a6a84ef6840a91124f805a25a480f?s=96&d=mm&r=g","contentUrl":"https:\/\/secure.gravatar.com\/avatar\/c948169b402ef9492afde705c3dfd5e90e1a6a84ef6840a91124f805a25a480f?s=96&d=mm&r=g","caption":"Pablo"},"url":"https:\/\/www.sindicaturabarcelona.cat\/es\/author\/pablo\/"}]}},"_links":{"self":[{"href":"https:\/\/www.sindicaturabarcelona.cat\/es\/wp-json\/wp\/v2\/posts\/32109","targetHints":{"allow":["GET"]}}],"collection":[{"href":"https:\/\/www.sindicaturabarcelona.cat\/es\/wp-json\/wp\/v2\/posts"}],"about":[{"href":"https:\/\/www.sindicaturabarcelona.cat\/es\/wp-json\/wp\/v2\/types\/post"}],"author":[{"embeddable":true,"href":"https:\/\/www.sindicaturabarcelona.cat\/es\/wp-json\/wp\/v2\/users\/2"}],"replies":[{"embeddable":true,"href":"https:\/\/www.sindicaturabarcelona.cat\/es\/wp-json\/wp\/v2\/comments?post=32109"}],"version-history":[{"count":1,"href":"https:\/\/www.sindicaturabarcelona.cat\/es\/wp-json\/wp\/v2\/posts\/32109\/revisions"}],"predecessor-version":[{"id":32110,"href":"https:\/\/www.sindicaturabarcelona.cat\/es\/wp-json\/wp\/v2\/posts\/32109\/revisions\/32110"}],"wp:featuredmedia":[{"embeddable":true,"href":"https:\/\/www.sindicaturabarcelona.cat\/es\/wp-json\/wp\/v2\/media\/32107"}],"wp:attachment":[{"href":"https:\/\/www.sindicaturabarcelona.cat\/es\/wp-json\/wp\/v2\/media?parent=32109"}],"wp:term":[{"taxonomy":"post_tag","embeddable":true,"href":"https:\/\/www.sindicaturabarcelona.cat\/es\/wp-json\/wp\/v2\/tags?post=32109"},{"taxonomy":"drets","embeddable":true,"href":"https:\/\/www.sindicaturabarcelona.cat\/es\/wp-json\/wp\/v2\/drets?post=32109"}],"curies":[{"name":"wp","href":"https:\/\/api.w.org\/{rel}","templated":true}]}}