{"id":32056,"date":"2024-03-26T14:06:33","date_gmt":"2024-03-26T12:06:33","guid":{"rendered":"https:\/\/www.sindicaturabarcelona.cat\/?p=32056"},"modified":"2024-03-26T14:10:21","modified_gmt":"2024-03-26T12:10:21","slug":"la-sindicatura-de-greuges-de-barcelona-visita-el-servicio-de-atencion-a-la-victima-de-la-guardia-urbana-ubicado-en-la-rambla","status":"publish","type":"post","link":"https:\/\/www.sindicaturabarcelona.cat\/es\/la-sindicatura-de-greuges-de-barcelona-visita-el-servicio-de-atencion-a-la-victima-de-la-guardia-urbana-ubicado-en-la-rambla\/","title":{"rendered":"La Sindicatura de Greuges de Barcelona visita el Servicio de Atenci\u00f3n a la V\u00edctima de la Guardia Urbana ubicado en La Rambla"},"content":{"rendered":"\n<p>La Sindicatura de Greuges de Barcelona ha visitado el Servicio de Atenci\u00f3n a la V\u00edctima (SAV) de la Guardia Urbana ubicado en La Rambla, 43, en el contexto de una acci\u00f3n conjunta con los c\u00f3nsules internacionales con destino en Barcelona. Esta visita se ha llevado a cabo gracias a la intermediaci\u00f3n de la Direcci\u00f3n de Relaciones Internacionales del Ayuntamiento de Barcelona.<\/p>\n\n\n\n<p>Tambi\u00e9n de la mano de la Guardia Urbana, el 14 de abril de 2023 la Sindicatura de Greuges de Barcelona ya visit\u00f3 el otro Servicio de Atenci\u00f3n a la V\u00edctima de la ciudad, emplazado en Nou Barris (c\/ Marie Curie, 20).<\/p>\n\n\n\n<p>Dando cumplimiento al <strong><a href=\"https:\/\/www.barcelona.cat\/infobarcelona\/es\/la-guardia-urbana-podra-gestionar-denuncias-de-mujeres-que-sufren-violencias-machistas-en-la-pareja_1228507.html\" target=\"_blank\" rel=\"noreferrer noopener\">nuevo protocolo de noviembre de 2022 entre el Ayuntamiento y el Departamento de Interior de la Generalitat<\/a> para ampliar la coordinaci\u00f3n entre los cuerpos policiales y mejorar la atenci\u00f3n a mujeres que sufren violencias machistas en el \u00e1mbito de la pareja<\/strong>, la Guardia Urbana ha creado estos dos Servicios de Atenci\u00f3n a la V\u00edctima a lo largo del a\u00f1o 2023.<\/p>\n\n\n\n<h2 class=\"wp-block-heading\"><strong>Qu\u00e9 es el SAV<\/strong><\/h2>\n\n\n\n<p>El SAV est\u00e1 pensado y dise\u00f1ado para las v\u00edctimas, donde la prioridad es su atenci\u00f3n coordinando los servicios asistenciales y policiales. Las dependencias est\u00e1n dise\u00f1adas con una mirada criminol\u00f3gica, dotadas de espacios amables con zonas para la estancia de ni\u00f1os y boxes de atenci\u00f3n adecuados, que ayudar\u00e1n a reducir el estr\u00e9s y la angustia emocional, facilitando de este modo el confort de la v\u00edctima.<\/p>\n\n\n\n<p>Los actuales dos SAV de la Guardia Urbana nacen con la voluntad de ser un punto de atenci\u00f3n integral a mujeres v\u00edctimas de violencia g\u00e9nero y a sus hijos e hijas que se dirigen a dependencias policiales a efectuar la denuncia o cualquier intervenci\u00f3n de las patrullas de la polic\u00eda local de Barcelona.<\/p>\n\n\n\n<h2 class=\"wp-block-heading\"><strong>La Sindicatura celebra el nuevo protocolo Mossos\u2013Guardia Urbana, que ya recomendaba en 2022<\/strong><\/h2>\n\n\n\n<p>En el informe <a href=\"https:\/\/www.sindicaturabarcelona.cat\/wp-content\/uploads\/2022\/10\/Guardia-Urbana-i-DDHH-de-proximitat.-Analisi-equipaments-policials-de-la-ciutat.pdf\" target=\"_blank\" rel=\"noreferrer noopener\"><em>Gu\u00e0rdia Urbana i drets humans de proximitat: an\u00e0lisi d\u2019equipaments policials de la ciutat<\/em><\/a>, la Sindicatura de Greuges de Barcelona lamentaba que el cuerpo policial municipal no tuviera competencias para recoger denuncias en materia de violencia machista, a la vez que valoraba de manera muy positiva las acciones de prevenci\u00f3n, sensibilizaci\u00f3n y acompa\u00f1amiento a las v\u00edctimas.<\/p>\n\n\n\n<p>En esta l\u00ednea, en el informe presentado en octubre del 2022, <strong>la Sindicatura ya recomend\u00f3 la necesidad de un acuerdo de colaboraci\u00f3n entre la Generalitat de Catalu\u00f1a y el Ayuntamiento de Barcelona, en el cual se otorgaran competencias a la Guardia Urbana para recoger denuncias en casos de violencia machista<\/strong>, puesto que en muchos casos el hecho de redirigir a las mujeres v\u00edctimas a otros centros policiales puede generar procesos de revictimizaci\u00f3n.<\/p>\n\n\n\n<p>El nuevo protocolo, firmado en noviembre de 2022 entre el Ayuntamiento y el Departamento de Interior de la Generalitat, permite, por primera vez, que la Guardia Urbana tramite directamente denuncias relacionadas con este tipo de casos, a la vez que unifica el protocolo de atenci\u00f3n en primera instancia de las posibles v\u00edctimas que comparecen en una comisar\u00eda policial.<\/p>\n\n\n\n<h2 class=\"wp-block-heading\"><strong>La prevenci\u00f3n y la proximidad, elementos clave en la lucha contra las violencias machistas<\/strong><\/h2>\n\n\n\n<p>En los \u00faltimos a\u00f1os se han puesto en marcha varias acciones para mejorar la protecci\u00f3n y la atenci\u00f3n a las mujeres que viven situaciones de violencias machistas, como <strong>la Gu\u00eda de indicadores de alerta<\/strong>, para detectar y actuar ante un posible caso, <strong>o la creaci\u00f3n de un agente referente en violencias machistas en cada distrito<\/strong>, que se coordina e intercambia informaci\u00f3n con el Grupo de Atenci\u00f3n a la V\u00edctima de los Mossos.<\/p>\n\n\n\n<p><strong>La Sindicatura de Greuges de Barcelona valora la tarea de prevenci\u00f3n llevada a cabo, que reh\u00faye de las miradas y actuaciones \u00fanicamente reactivas. Tambi\u00e9n el trabajo de proximidad<\/strong>, que permite detectar muchas situaciones en las que se pueden reconocer indicadores de estas violencias, y para las cuales hay que dise\u00f1ar una respuesta transversal cuidadosa.<\/p>\n","protected":false},"excerpt":{"rendered":"<p>La Sindicatura de Greuges de Barcelona ha visitado el Servicio de Atenci\u00f3n a la V\u00edctima (SAV) de la Guardia Urbana ubicado en La Rambla, 43, en el contexto de una [&hellip;]<\/p>\n","protected":false},"author":2,"featured_media":32044,"comment_status":"closed","ping_status":"closed","sticky":false,"template":"","format":"standard","meta":{"_acf_changed":false,"footnotes":""},"tags":[],"drets":[1475,1582],"class_list":["post-32056","post","type-post","status-publish","format-standard","has-post-thumbnail","hentry","drets-ciudad-equitativa","drets-derecho-a-una-vida-libre-de-violencias"],"acf":[],"yoast_head":"<!-- This site is optimized with the Yoast SEO plugin v27.5 - https:\/\/yoast.com\/product\/yoast-seo-wordpress\/ -->\n<title>La Sindicatura de Greuges de Barcelona visita el Servicio de Atenci\u00f3n a la V\u00edctima de la Guardia Urbana ubicado en La Rambla - Sindicatura de Greuges de Barcelona<\/title>\n<meta name=\"description\" content=\"La Sindicatura de Greuges de Barcelona ha visitado el Servicio de Atenci\u00f3n a la V\u00edctima (SAV) de la Guardia Urbana ubicado en La Rambla...\" \/>\n<meta name=\"robots\" content=\"index, follow, max-snippet:-1, max-image-preview:large, max-video-preview:-1\" \/>\n<link rel=\"canonical\" href=\"https:\/\/www.sindicaturabarcelona.cat\/es\/la-sindicatura-de-greuges-de-barcelona-visita-el-servicio-de-atencion-a-la-victima-de-la-guardia-urbana-ubicado-en-la-rambla\/\" \/>\n<meta property=\"og:locale\" content=\"es_ES\" \/>\n<meta property=\"og:type\" content=\"article\" \/>\n<meta property=\"og:title\" content=\"La Sindicatura de Greuges de Barcelona visita el Servicio de Atenci\u00f3n a la V\u00edctima de la Guardia Urbana ubicado en La Rambla - Sindicatura de Greuges de Barcelona\" \/>\n<meta property=\"og:description\" content=\"La Sindicatura de Greuges de Barcelona ha visitado el Servicio de Atenci\u00f3n a la V\u00edctima (SAV) de la Guardia Urbana ubicado en La Rambla...\" \/>\n<meta property=\"og:url\" content=\"https:\/\/www.sindicaturabarcelona.cat\/es\/la-sindicatura-de-greuges-de-barcelona-visita-el-servicio-de-atencion-a-la-victima-de-la-guardia-urbana-ubicado-en-la-rambla\/\" \/>\n<meta property=\"og:site_name\" content=\"Sindicatura de Greuges de Barcelona\" \/>\n<meta property=\"article:published_time\" content=\"2024-03-26T12:06:33+00:00\" \/>\n<meta property=\"article:modified_time\" content=\"2024-03-26T12:10:21+00:00\" \/>\n<meta property=\"og:image\" content=\"https:\/\/www.sindicaturabarcelona.cat\/wp-content\/uploads\/27062_20230806_InauguracioServeiAtencioVictimesViolenciaMasclista_27.jpg\" \/>\n\t<meta property=\"og:image:width\" content=\"1535\" \/>\n\t<meta property=\"og:image:height\" content=\"1024\" \/>\n\t<meta property=\"og:image:type\" content=\"image\/jpeg\" \/>\n<meta name=\"author\" content=\"Pablo\" \/>\n<meta name=\"twitter:card\" content=\"summary_large_image\" \/>\n<meta name=\"twitter:creator\" content=\"@sindicbarcelona\" \/>\n<meta name=\"twitter:site\" content=\"@sindicbarcelona\" \/>\n<meta name=\"twitter:label1\" content=\"Escrito por\" \/>\n\t<meta name=\"twitter:data1\" content=\"Pablo\" \/>\n\t<meta name=\"twitter:label2\" content=\"Tiempo de lectura\" \/>\n\t<meta name=\"twitter:data2\" content=\"4 minutos\" \/>\n<script type=\"application\/ld+json\" class=\"yoast-schema-graph\">{\"@context\":\"https:\\\/\\\/schema.org\",\"@graph\":[{\"@type\":\"Article\",\"@id\":\"https:\\\/\\\/www.sindicaturabarcelona.cat\\\/es\\\/la-sindicatura-de-greuges-de-barcelona-visita-el-servicio-de-atencion-a-la-victima-de-la-guardia-urbana-ubicado-en-la-rambla\\\/#article\",\"isPartOf\":{\"@id\":\"https:\\\/\\\/www.sindicaturabarcelona.cat\\\/es\\\/la-sindicatura-de-greuges-de-barcelona-visita-el-servicio-de-atencion-a-la-victima-de-la-guardia-urbana-ubicado-en-la-rambla\\\/\"},\"author\":{\"name\":\"Pablo\",\"@id\":\"https:\\\/\\\/www.sindicaturabarcelona.cat\\\/es\\\/#\\\/schema\\\/person\\\/0e5acffc350ffdbc97578159322c9452\"},\"headline\":\"La Sindicatura de Greuges de Barcelona visita el Servicio de Atenci\u00f3n a la V\u00edctima de la Guardia Urbana ubicado en La Rambla\",\"datePublished\":\"2024-03-26T12:06:33+00:00\",\"dateModified\":\"2024-03-26T12:10:21+00:00\",\"mainEntityOfPage\":{\"@id\":\"https:\\\/\\\/www.sindicaturabarcelona.cat\\\/es\\\/la-sindicatura-de-greuges-de-barcelona-visita-el-servicio-de-atencion-a-la-victima-de-la-guardia-urbana-ubicado-en-la-rambla\\\/\"},\"wordCount\":701,\"publisher\":{\"@id\":\"https:\\\/\\\/www.sindicaturabarcelona.cat\\\/es\\\/#organization\"},\"image\":{\"@id\":\"https:\\\/\\\/www.sindicaturabarcelona.cat\\\/es\\\/la-sindicatura-de-greuges-de-barcelona-visita-el-servicio-de-atencion-a-la-victima-de-la-guardia-urbana-ubicado-en-la-rambla\\\/#primaryimage\"},\"thumbnailUrl\":\"https:\\\/\\\/www.sindicaturabarcelona.cat\\\/wp-content\\\/uploads\\\/27062_20230806_InauguracioServeiAtencioVictimesViolenciaMasclista_27.jpg\",\"inLanguage\":\"es\"},{\"@type\":\"WebPage\",\"@id\":\"https:\\\/\\\/www.sindicaturabarcelona.cat\\\/es\\\/la-sindicatura-de-greuges-de-barcelona-visita-el-servicio-de-atencion-a-la-victima-de-la-guardia-urbana-ubicado-en-la-rambla\\\/\",\"url\":\"https:\\\/\\\/www.sindicaturabarcelona.cat\\\/es\\\/la-sindicatura-de-greuges-de-barcelona-visita-el-servicio-de-atencion-a-la-victima-de-la-guardia-urbana-ubicado-en-la-rambla\\\/\",\"name\":\"La Sindicatura de Greuges de Barcelona visita el Servicio de Atenci\u00f3n a la V\u00edctima de la Guardia Urbana ubicado en La Rambla - Sindicatura de Greuges de Barcelona\",\"isPartOf\":{\"@id\":\"https:\\\/\\\/www.sindicaturabarcelona.cat\\\/es\\\/#website\"},\"primaryImageOfPage\":{\"@id\":\"https:\\\/\\\/www.sindicaturabarcelona.cat\\\/es\\\/la-sindicatura-de-greuges-de-barcelona-visita-el-servicio-de-atencion-a-la-victima-de-la-guardia-urbana-ubicado-en-la-rambla\\\/#primaryimage\"},\"image\":{\"@id\":\"https:\\\/\\\/www.sindicaturabarcelona.cat\\\/es\\\/la-sindicatura-de-greuges-de-barcelona-visita-el-servicio-de-atencion-a-la-victima-de-la-guardia-urbana-ubicado-en-la-rambla\\\/#primaryimage\"},\"thumbnailUrl\":\"https:\\\/\\\/www.sindicaturabarcelona.cat\\\/wp-content\\\/uploads\\\/27062_20230806_InauguracioServeiAtencioVictimesViolenciaMasclista_27.jpg\",\"datePublished\":\"2024-03-26T12:06:33+00:00\",\"dateModified\":\"2024-03-26T12:10:21+00:00\",\"description\":\"La Sindicatura de Greuges de Barcelona ha visitado el Servicio de Atenci\u00f3n a la V\u00edctima (SAV) de la Guardia Urbana ubicado en La Rambla...\",\"breadcrumb\":{\"@id\":\"https:\\\/\\\/www.sindicaturabarcelona.cat\\\/es\\\/la-sindicatura-de-greuges-de-barcelona-visita-el-servicio-de-atencion-a-la-victima-de-la-guardia-urbana-ubicado-en-la-rambla\\\/#breadcrumb\"},\"inLanguage\":\"es\",\"potentialAction\":[{\"@type\":\"ReadAction\",\"target\":[\"https:\\\/\\\/www.sindicaturabarcelona.cat\\\/es\\\/la-sindicatura-de-greuges-de-barcelona-visita-el-servicio-de-atencion-a-la-victima-de-la-guardia-urbana-ubicado-en-la-rambla\\\/\"]}]},{\"@type\":\"ImageObject\",\"inLanguage\":\"es\",\"@id\":\"https:\\\/\\\/www.sindicaturabarcelona.cat\\\/es\\\/la-sindicatura-de-greuges-de-barcelona-visita-el-servicio-de-atencion-a-la-victima-de-la-guardia-urbana-ubicado-en-la-rambla\\\/#primaryimage\",\"url\":\"https:\\\/\\\/www.sindicaturabarcelona.cat\\\/wp-content\\\/uploads\\\/27062_20230806_InauguracioServeiAtencioVictimesViolenciaMasclista_27.jpg\",\"contentUrl\":\"https:\\\/\\\/www.sindicaturabarcelona.cat\\\/wp-content\\\/uploads\\\/27062_20230806_InauguracioServeiAtencioVictimesViolenciaMasclista_27.jpg\",\"width\":1535,\"height\":1024,\"caption\":\"Inauguraci\u00f3 del Servei Atenci\u00f3 a les V\u00edctimes de Viol\u00e8ncia Masclista\"},{\"@type\":\"BreadcrumbList\",\"@id\":\"https:\\\/\\\/www.sindicaturabarcelona.cat\\\/es\\\/la-sindicatura-de-greuges-de-barcelona-visita-el-servicio-de-atencion-a-la-victima-de-la-guardia-urbana-ubicado-en-la-rambla\\\/#breadcrumb\",\"itemListElement\":[{\"@type\":\"ListItem\",\"position\":1,\"name\":\"Inici\",\"item\":\"https:\\\/\\\/www.sindicaturabarcelona.cat\\\/es\\\/\"},{\"@type\":\"ListItem\",\"position\":2,\"name\":\"La Sindicatura de Greuges de Barcelona visita el Servicio de Atenci\u00f3n a la V\u00edctima de la Guardia Urbana ubicado en La Rambla\"}]},{\"@type\":\"WebSite\",\"@id\":\"https:\\\/\\\/www.sindicaturabarcelona.cat\\\/es\\\/#website\",\"url\":\"https:\\\/\\\/www.sindicaturabarcelona.cat\\\/es\\\/\",\"name\":\"Sindicatura de Greuges de Barcelona\",\"description\":\"La defensoria dels teus drets\",\"publisher\":{\"@id\":\"https:\\\/\\\/www.sindicaturabarcelona.cat\\\/es\\\/#organization\"},\"potentialAction\":[{\"@type\":\"SearchAction\",\"target\":{\"@type\":\"EntryPoint\",\"urlTemplate\":\"https:\\\/\\\/www.sindicaturabarcelona.cat\\\/es\\\/?s={search_term_string}\"},\"query-input\":{\"@type\":\"PropertyValueSpecification\",\"valueRequired\":true,\"valueName\":\"search_term_string\"}}],\"inLanguage\":\"es\"},{\"@type\":\"Organization\",\"@id\":\"https:\\\/\\\/www.sindicaturabarcelona.cat\\\/es\\\/#organization\",\"name\":\"Sindicatura de Greuges de Barcelona\",\"url\":\"https:\\\/\\\/www.sindicaturabarcelona.cat\\\/es\\\/\",\"logo\":{\"@type\":\"ImageObject\",\"inLanguage\":\"es\",\"@id\":\"https:\\\/\\\/www.sindicaturabarcelona.cat\\\/es\\\/#\\\/schema\\\/logo\\\/image\\\/\",\"url\":\"https:\\\/\\\/www.sindicaturabarcelona.cat\\\/wp-content\\\/uploads\\\/2023\\\/02\\\/logo_sindicatura.svg\",\"contentUrl\":\"https:\\\/\\\/www.sindicaturabarcelona.cat\\\/wp-content\\\/uploads\\\/2023\\\/02\\\/logo_sindicatura.svg\",\"caption\":\"Sindicatura de Greuges de Barcelona\"},\"image\":{\"@id\":\"https:\\\/\\\/www.sindicaturabarcelona.cat\\\/es\\\/#\\\/schema\\\/logo\\\/image\\\/\"},\"sameAs\":[\"https:\\\/\\\/x.com\\\/sindicbarcelona\",\"https:\\\/\\\/www.instagram.com\\\/sindicbarcelona\\\/\",\"https:\\\/\\\/www.tiktok.com\\\/@sindicaturabcn\",\"https:\\\/\\\/t.me\\\/sindicaturabarcelona\"]},{\"@type\":\"Person\",\"@id\":\"https:\\\/\\\/www.sindicaturabarcelona.cat\\\/es\\\/#\\\/schema\\\/person\\\/0e5acffc350ffdbc97578159322c9452\",\"name\":\"Pablo\",\"image\":{\"@type\":\"ImageObject\",\"inLanguage\":\"es\",\"@id\":\"https:\\\/\\\/secure.gravatar.com\\\/avatar\\\/c948169b402ef9492afde705c3dfd5e90e1a6a84ef6840a91124f805a25a480f?s=96&d=mm&r=g\",\"url\":\"https:\\\/\\\/secure.gravatar.com\\\/avatar\\\/c948169b402ef9492afde705c3dfd5e90e1a6a84ef6840a91124f805a25a480f?s=96&d=mm&r=g\",\"contentUrl\":\"https:\\\/\\\/secure.gravatar.com\\\/avatar\\\/c948169b402ef9492afde705c3dfd5e90e1a6a84ef6840a91124f805a25a480f?s=96&d=mm&r=g\",\"caption\":\"Pablo\"},\"url\":\"https:\\\/\\\/www.sindicaturabarcelona.cat\\\/es\\\/author\\\/pablo\\\/\"}]}<\/script>\n<!-- \/ Yoast SEO plugin. -->","yoast_head_json":{"title":"La Sindicatura de Greuges de Barcelona visita el Servicio de Atenci\u00f3n a la V\u00edctima de la Guardia Urbana ubicado en La Rambla - Sindicatura de Greuges de Barcelona","description":"La Sindicatura de Greuges de Barcelona ha visitado el Servicio de Atenci\u00f3n a la V\u00edctima (SAV) de la Guardia Urbana ubicado en La Rambla...","robots":{"index":"index","follow":"follow","max-snippet":"max-snippet:-1","max-image-preview":"max-image-preview:large","max-video-preview":"max-video-preview:-1"},"canonical":"https:\/\/www.sindicaturabarcelona.cat\/es\/la-sindicatura-de-greuges-de-barcelona-visita-el-servicio-de-atencion-a-la-victima-de-la-guardia-urbana-ubicado-en-la-rambla\/","og_locale":"es_ES","og_type":"article","og_title":"La Sindicatura de Greuges de Barcelona visita el Servicio de Atenci\u00f3n a la V\u00edctima de la Guardia Urbana ubicado en La Rambla - Sindicatura de Greuges de Barcelona","og_description":"La Sindicatura de Greuges de Barcelona ha visitado el Servicio de Atenci\u00f3n a la V\u00edctima (SAV) de la Guardia Urbana ubicado en La Rambla...","og_url":"https:\/\/www.sindicaturabarcelona.cat\/es\/la-sindicatura-de-greuges-de-barcelona-visita-el-servicio-de-atencion-a-la-victima-de-la-guardia-urbana-ubicado-en-la-rambla\/","og_site_name":"Sindicatura de Greuges de Barcelona","article_published_time":"2024-03-26T12:06:33+00:00","article_modified_time":"2024-03-26T12:10:21+00:00","og_image":[{"width":1535,"height":1024,"url":"https:\/\/www.sindicaturabarcelona.cat\/wp-content\/uploads\/27062_20230806_InauguracioServeiAtencioVictimesViolenciaMasclista_27.jpg","type":"image\/jpeg"}],"author":"Pablo","twitter_card":"summary_large_image","twitter_creator":"@sindicbarcelona","twitter_site":"@sindicbarcelona","twitter_misc":{"Escrito por":"Pablo","Tiempo de lectura":"4 minutos"},"schema":{"@context":"https:\/\/schema.org","@graph":[{"@type":"Article","@id":"https:\/\/www.sindicaturabarcelona.cat\/es\/la-sindicatura-de-greuges-de-barcelona-visita-el-servicio-de-atencion-a-la-victima-de-la-guardia-urbana-ubicado-en-la-rambla\/#article","isPartOf":{"@id":"https:\/\/www.sindicaturabarcelona.cat\/es\/la-sindicatura-de-greuges-de-barcelona-visita-el-servicio-de-atencion-a-la-victima-de-la-guardia-urbana-ubicado-en-la-rambla\/"},"author":{"name":"Pablo","@id":"https:\/\/www.sindicaturabarcelona.cat\/es\/#\/schema\/person\/0e5acffc350ffdbc97578159322c9452"},"headline":"La Sindicatura de Greuges de Barcelona visita el Servicio de Atenci\u00f3n a la V\u00edctima de la Guardia Urbana ubicado en La Rambla","datePublished":"2024-03-26T12:06:33+00:00","dateModified":"2024-03-26T12:10:21+00:00","mainEntityOfPage":{"@id":"https:\/\/www.sindicaturabarcelona.cat\/es\/la-sindicatura-de-greuges-de-barcelona-visita-el-servicio-de-atencion-a-la-victima-de-la-guardia-urbana-ubicado-en-la-rambla\/"},"wordCount":701,"publisher":{"@id":"https:\/\/www.sindicaturabarcelona.cat\/es\/#organization"},"image":{"@id":"https:\/\/www.sindicaturabarcelona.cat\/es\/la-sindicatura-de-greuges-de-barcelona-visita-el-servicio-de-atencion-a-la-victima-de-la-guardia-urbana-ubicado-en-la-rambla\/#primaryimage"},"thumbnailUrl":"https:\/\/www.sindicaturabarcelona.cat\/wp-content\/uploads\/27062_20230806_InauguracioServeiAtencioVictimesViolenciaMasclista_27.jpg","inLanguage":"es"},{"@type":"WebPage","@id":"https:\/\/www.sindicaturabarcelona.cat\/es\/la-sindicatura-de-greuges-de-barcelona-visita-el-servicio-de-atencion-a-la-victima-de-la-guardia-urbana-ubicado-en-la-rambla\/","url":"https:\/\/www.sindicaturabarcelona.cat\/es\/la-sindicatura-de-greuges-de-barcelona-visita-el-servicio-de-atencion-a-la-victima-de-la-guardia-urbana-ubicado-en-la-rambla\/","name":"La Sindicatura de Greuges de Barcelona visita el Servicio de Atenci\u00f3n a la V\u00edctima de la Guardia Urbana ubicado en La Rambla - Sindicatura de Greuges de Barcelona","isPartOf":{"@id":"https:\/\/www.sindicaturabarcelona.cat\/es\/#website"},"primaryImageOfPage":{"@id":"https:\/\/www.sindicaturabarcelona.cat\/es\/la-sindicatura-de-greuges-de-barcelona-visita-el-servicio-de-atencion-a-la-victima-de-la-guardia-urbana-ubicado-en-la-rambla\/#primaryimage"},"image":{"@id":"https:\/\/www.sindicaturabarcelona.cat\/es\/la-sindicatura-de-greuges-de-barcelona-visita-el-servicio-de-atencion-a-la-victima-de-la-guardia-urbana-ubicado-en-la-rambla\/#primaryimage"},"thumbnailUrl":"https:\/\/www.sindicaturabarcelona.cat\/wp-content\/uploads\/27062_20230806_InauguracioServeiAtencioVictimesViolenciaMasclista_27.jpg","datePublished":"2024-03-26T12:06:33+00:00","dateModified":"2024-03-26T12:10:21+00:00","description":"La Sindicatura de Greuges de Barcelona ha visitado el Servicio de Atenci\u00f3n a la V\u00edctima (SAV) de la Guardia Urbana ubicado en La Rambla...","breadcrumb":{"@id":"https:\/\/www.sindicaturabarcelona.cat\/es\/la-sindicatura-de-greuges-de-barcelona-visita-el-servicio-de-atencion-a-la-victima-de-la-guardia-urbana-ubicado-en-la-rambla\/#breadcrumb"},"inLanguage":"es","potentialAction":[{"@type":"ReadAction","target":["https:\/\/www.sindicaturabarcelona.cat\/es\/la-sindicatura-de-greuges-de-barcelona-visita-el-servicio-de-atencion-a-la-victima-de-la-guardia-urbana-ubicado-en-la-rambla\/"]}]},{"@type":"ImageObject","inLanguage":"es","@id":"https:\/\/www.sindicaturabarcelona.cat\/es\/la-sindicatura-de-greuges-de-barcelona-visita-el-servicio-de-atencion-a-la-victima-de-la-guardia-urbana-ubicado-en-la-rambla\/#primaryimage","url":"https:\/\/www.sindicaturabarcelona.cat\/wp-content\/uploads\/27062_20230806_InauguracioServeiAtencioVictimesViolenciaMasclista_27.jpg","contentUrl":"https:\/\/www.sindicaturabarcelona.cat\/wp-content\/uploads\/27062_20230806_InauguracioServeiAtencioVictimesViolenciaMasclista_27.jpg","width":1535,"height":1024,"caption":"Inauguraci\u00f3 del Servei Atenci\u00f3 a les V\u00edctimes de Viol\u00e8ncia Masclista"},{"@type":"BreadcrumbList","@id":"https:\/\/www.sindicaturabarcelona.cat\/es\/la-sindicatura-de-greuges-de-barcelona-visita-el-servicio-de-atencion-a-la-victima-de-la-guardia-urbana-ubicado-en-la-rambla\/#breadcrumb","itemListElement":[{"@type":"ListItem","position":1,"name":"Inici","item":"https:\/\/www.sindicaturabarcelona.cat\/es\/"},{"@type":"ListItem","position":2,"name":"La Sindicatura de Greuges de Barcelona visita el Servicio de Atenci\u00f3n a la V\u00edctima de la Guardia Urbana ubicado en La Rambla"}]},{"@type":"WebSite","@id":"https:\/\/www.sindicaturabarcelona.cat\/es\/#website","url":"https:\/\/www.sindicaturabarcelona.cat\/es\/","name":"Sindicatura de Greuges de Barcelona","description":"La defensoria dels teus drets","publisher":{"@id":"https:\/\/www.sindicaturabarcelona.cat\/es\/#organization"},"potentialAction":[{"@type":"SearchAction","target":{"@type":"EntryPoint","urlTemplate":"https:\/\/www.sindicaturabarcelona.cat\/es\/?s={search_term_string}"},"query-input":{"@type":"PropertyValueSpecification","valueRequired":true,"valueName":"search_term_string"}}],"inLanguage":"es"},{"@type":"Organization","@id":"https:\/\/www.sindicaturabarcelona.cat\/es\/#organization","name":"Sindicatura de Greuges de Barcelona","url":"https:\/\/www.sindicaturabarcelona.cat\/es\/","logo":{"@type":"ImageObject","inLanguage":"es","@id":"https:\/\/www.sindicaturabarcelona.cat\/es\/#\/schema\/logo\/image\/","url":"https:\/\/www.sindicaturabarcelona.cat\/wp-content\/uploads\/2023\/02\/logo_sindicatura.svg","contentUrl":"https:\/\/www.sindicaturabarcelona.cat\/wp-content\/uploads\/2023\/02\/logo_sindicatura.svg","caption":"Sindicatura de Greuges de Barcelona"},"image":{"@id":"https:\/\/www.sindicaturabarcelona.cat\/es\/#\/schema\/logo\/image\/"},"sameAs":["https:\/\/x.com\/sindicbarcelona","https:\/\/www.instagram.com\/sindicbarcelona\/","https:\/\/www.tiktok.com\/@sindicaturabcn","https:\/\/t.me\/sindicaturabarcelona"]},{"@type":"Person","@id":"https:\/\/www.sindicaturabarcelona.cat\/es\/#\/schema\/person\/0e5acffc350ffdbc97578159322c9452","name":"Pablo","image":{"@type":"ImageObject","inLanguage":"es","@id":"https:\/\/secure.gravatar.com\/avatar\/c948169b402ef9492afde705c3dfd5e90e1a6a84ef6840a91124f805a25a480f?s=96&d=mm&r=g","url":"https:\/\/secure.gravatar.com\/avatar\/c948169b402ef9492afde705c3dfd5e90e1a6a84ef6840a91124f805a25a480f?s=96&d=mm&r=g","contentUrl":"https:\/\/secure.gravatar.com\/avatar\/c948169b402ef9492afde705c3dfd5e90e1a6a84ef6840a91124f805a25a480f?s=96&d=mm&r=g","caption":"Pablo"},"url":"https:\/\/www.sindicaturabarcelona.cat\/es\/author\/pablo\/"}]}},"_links":{"self":[{"href":"https:\/\/www.sindicaturabarcelona.cat\/es\/wp-json\/wp\/v2\/posts\/32056","targetHints":{"allow":["GET"]}}],"collection":[{"href":"https:\/\/www.sindicaturabarcelona.cat\/es\/wp-json\/wp\/v2\/posts"}],"about":[{"href":"https:\/\/www.sindicaturabarcelona.cat\/es\/wp-json\/wp\/v2\/types\/post"}],"author":[{"embeddable":true,"href":"https:\/\/www.sindicaturabarcelona.cat\/es\/wp-json\/wp\/v2\/users\/2"}],"replies":[{"embeddable":true,"href":"https:\/\/www.sindicaturabarcelona.cat\/es\/wp-json\/wp\/v2\/comments?post=32056"}],"version-history":[{"count":1,"href":"https:\/\/www.sindicaturabarcelona.cat\/es\/wp-json\/wp\/v2\/posts\/32056\/revisions"}],"predecessor-version":[{"id":32058,"href":"https:\/\/www.sindicaturabarcelona.cat\/es\/wp-json\/wp\/v2\/posts\/32056\/revisions\/32058"}],"wp:featuredmedia":[{"embeddable":true,"href":"https:\/\/www.sindicaturabarcelona.cat\/es\/wp-json\/wp\/v2\/media\/32044"}],"wp:attachment":[{"href":"https:\/\/www.sindicaturabarcelona.cat\/es\/wp-json\/wp\/v2\/media?parent=32056"}],"wp:term":[{"taxonomy":"post_tag","embeddable":true,"href":"https:\/\/www.sindicaturabarcelona.cat\/es\/wp-json\/wp\/v2\/tags?post=32056"},{"taxonomy":"drets","embeddable":true,"href":"https:\/\/www.sindicaturabarcelona.cat\/es\/wp-json\/wp\/v2\/drets?post=32056"}],"curies":[{"name":"wp","href":"https:\/\/api.w.org\/{rel}","templated":true}]}}