{"id":31961,"date":"2024-03-22T14:29:10","date_gmt":"2024-03-22T12:29:10","guid":{"rendered":"https:\/\/www.sindicaturabarcelona.cat\/?p=31961"},"modified":"2024-03-26T13:42:58","modified_gmt":"2024-03-26T11:42:58","slug":"galeria-fotografica-de-la-presentacion-del-informe-anual-2023-en-el-pleno-del-consejo-municipal","status":"publish","type":"post","link":"https:\/\/www.sindicaturabarcelona.cat\/es\/galeria-fotografica-de-la-presentacion-del-informe-anual-2023-en-el-pleno-del-consejo-municipal\/","title":{"rendered":"Galer\u00eda fotogr\u00e1fica de la presentaci\u00f3n del informe anual 2023 en el Pleno del Consejo Municipal"},"content":{"rendered":"\n<figure class=\"wp-block-gallery has-nested-images columns-default is-cropped wp-block-gallery-1 is-layout-flex wp-block-gallery-is-layout-flex\">\n<figure class=\"wp-block-image size-large\"><img loading=\"lazy\" decoding=\"async\" width=\"1200\" height=\"675\" data-id=\"32028\" src=\"https:\/\/www.sindicaturabarcelona.cat\/wp-content\/uploads\/VideoCapture_20240325-193720-1200x675.jpg\" alt=\"\" class=\"wp-image-32028\" srcset=\"https:\/\/www.sindicaturabarcelona.cat\/wp-content\/uploads\/VideoCapture_20240325-193720-1200x675.jpg 1200w, https:\/\/www.sindicaturabarcelona.cat\/wp-content\/uploads\/VideoCapture_20240325-193720-800x450.jpg 800w, https:\/\/www.sindicaturabarcelona.cat\/wp-content\/uploads\/VideoCapture_20240325-193720-495x278.jpg 495w, https:\/\/www.sindicaturabarcelona.cat\/wp-content\/uploads\/VideoCapture_20240325-193720-768x432.jpg 768w, https:\/\/www.sindicaturabarcelona.cat\/wp-content\/uploads\/VideoCapture_20240325-193720-1536x864.jpg 1536w, https:\/\/www.sindicaturabarcelona.cat\/wp-content\/uploads\/VideoCapture_20240325-193720.jpg 1920w\" sizes=\"auto, (max-width: 1200px) 100vw, 1200px\" \/><\/figure>\n\n\n\n<figure class=\"wp-block-image size-large\"><img loading=\"lazy\" decoding=\"async\" width=\"1200\" height=\"675\" data-id=\"32027\" src=\"https:\/\/www.sindicaturabarcelona.cat\/wp-content\/uploads\/VideoCapture_20240325-193717-1-1200x675.jpg\" alt=\"\" class=\"wp-image-32027\" srcset=\"https:\/\/www.sindicaturabarcelona.cat\/wp-content\/uploads\/VideoCapture_20240325-193717-1-1200x675.jpg 1200w, https:\/\/www.sindicaturabarcelona.cat\/wp-content\/uploads\/VideoCapture_20240325-193717-1-800x450.jpg 800w, https:\/\/www.sindicaturabarcelona.cat\/wp-content\/uploads\/VideoCapture_20240325-193717-1-495x278.jpg 495w, https:\/\/www.sindicaturabarcelona.cat\/wp-content\/uploads\/VideoCapture_20240325-193717-1-768x432.jpg 768w, https:\/\/www.sindicaturabarcelona.cat\/wp-content\/uploads\/VideoCapture_20240325-193717-1-1536x864.jpg 1536w, https:\/\/www.sindicaturabarcelona.cat\/wp-content\/uploads\/VideoCapture_20240325-193717-1.jpg 1920w\" sizes=\"auto, (max-width: 1200px) 100vw, 1200px\" \/><\/figure>\n\n\n\n<figure class=\"wp-block-image size-large\"><img loading=\"lazy\" decoding=\"async\" width=\"1200\" height=\"675\" data-id=\"32029\" src=\"https:\/\/www.sindicaturabarcelona.cat\/wp-content\/uploads\/VideoCapture_20240325-193700-1200x675.jpg\" alt=\"\" class=\"wp-image-32029\" srcset=\"https:\/\/www.sindicaturabarcelona.cat\/wp-content\/uploads\/VideoCapture_20240325-193700-1200x675.jpg 1200w, https:\/\/www.sindicaturabarcelona.cat\/wp-content\/uploads\/VideoCapture_20240325-193700-800x450.jpg 800w, https:\/\/www.sindicaturabarcelona.cat\/wp-content\/uploads\/VideoCapture_20240325-193700-495x278.jpg 495w, https:\/\/www.sindicaturabarcelona.cat\/wp-content\/uploads\/VideoCapture_20240325-193700-768x432.jpg 768w, https:\/\/www.sindicaturabarcelona.cat\/wp-content\/uploads\/VideoCapture_20240325-193700-1536x864.jpg 1536w, https:\/\/www.sindicaturabarcelona.cat\/wp-content\/uploads\/VideoCapture_20240325-193700.jpg 1920w\" sizes=\"auto, (max-width: 1200px) 100vw, 1200px\" \/><\/figure>\n\n\n\n<figure class=\"wp-block-image size-large\"><img loading=\"lazy\" decoding=\"async\" width=\"1200\" height=\"800\" data-id=\"32002\" src=\"https:\/\/www.sindicaturabarcelona.cat\/wp-content\/uploads\/7D9A2724-1200x800.jpg\" alt=\"\" class=\"wp-image-32002\" srcset=\"https:\/\/www.sindicaturabarcelona.cat\/wp-content\/uploads\/7D9A2724-1200x800.jpg 1200w, https:\/\/www.sindicaturabarcelona.cat\/wp-content\/uploads\/7D9A2724-800x533.jpg 800w, https:\/\/www.sindicaturabarcelona.cat\/wp-content\/uploads\/7D9A2724-768x512.jpg 768w, https:\/\/www.sindicaturabarcelona.cat\/wp-content\/uploads\/7D9A2724-1536x1024.jpg 1536w, https:\/\/www.sindicaturabarcelona.cat\/wp-content\/uploads\/7D9A2724-2048x1365.jpg 2048w\" sizes=\"auto, (max-width: 1200px) 100vw, 1200px\" \/><\/figure>\n\n\n\n<figure class=\"wp-block-image size-large\"><img loading=\"lazy\" decoding=\"async\" width=\"1200\" height=\"802\" data-id=\"31929\" src=\"https:\/\/www.sindicaturabarcelona.cat\/wp-content\/uploads\/DSC03107-1200x802.jpg\" alt=\"\" class=\"wp-image-31929\" srcset=\"https:\/\/www.sindicaturabarcelona.cat\/wp-content\/uploads\/DSC03107-1200x802.jpg 1200w, https:\/\/www.sindicaturabarcelona.cat\/wp-content\/uploads\/DSC03107-798x533.jpg 798w, https:\/\/www.sindicaturabarcelona.cat\/wp-content\/uploads\/DSC03107-768x513.jpg 768w, https:\/\/www.sindicaturabarcelona.cat\/wp-content\/uploads\/DSC03107-1536x1026.jpg 1536w, https:\/\/www.sindicaturabarcelona.cat\/wp-content\/uploads\/DSC03107-2048x1368.jpg 2048w\" sizes=\"auto, (max-width: 1200px) 100vw, 1200px\" \/><\/figure>\n\n\n\n<figure class=\"wp-block-image size-large\"><img decoding=\"async\" data-id=\"32035\" src=\"https:\/\/www.sindicaturabarcelona.cat\/wp-content\/uploads\/7D9A2718-scaled.jpg\" alt=\"\" class=\"wp-image-32035\"\/><\/figure>\n\n\n\n<figure class=\"wp-block-image size-large\"><img loading=\"lazy\" decoding=\"async\" width=\"1200\" height=\"802\" data-id=\"31959\" src=\"https:\/\/www.sindicaturabarcelona.cat\/wp-content\/uploads\/IMG_0112-1200x802.jpg\" alt=\"\" class=\"wp-image-31959\" srcset=\"https:\/\/www.sindicaturabarcelona.cat\/wp-content\/uploads\/IMG_0112-1200x802.jpg 1200w, https:\/\/www.sindicaturabarcelona.cat\/wp-content\/uploads\/IMG_0112-798x533.jpg 798w, https:\/\/www.sindicaturabarcelona.cat\/wp-content\/uploads\/IMG_0112-768x513.jpg 768w, https:\/\/www.sindicaturabarcelona.cat\/wp-content\/uploads\/IMG_0112-1536x1026.jpg 1536w, https:\/\/www.sindicaturabarcelona.cat\/wp-content\/uploads\/IMG_0112-2048x1368.jpg 2048w\" sizes=\"auto, (max-width: 1200px) 100vw, 1200px\" \/><\/figure>\n\n\n\n<figure class=\"wp-block-image size-large\"><img loading=\"lazy\" decoding=\"async\" width=\"1200\" height=\"802\" data-id=\"31956\" src=\"https:\/\/www.sindicaturabarcelona.cat\/wp-content\/uploads\/IMG_0111-1200x802.jpg\" alt=\"\" class=\"wp-image-31956\" srcset=\"https:\/\/www.sindicaturabarcelona.cat\/wp-content\/uploads\/IMG_0111-1200x802.jpg 1200w, https:\/\/www.sindicaturabarcelona.cat\/wp-content\/uploads\/IMG_0111-798x533.jpg 798w, https:\/\/www.sindicaturabarcelona.cat\/wp-content\/uploads\/IMG_0111-768x513.jpg 768w, https:\/\/www.sindicaturabarcelona.cat\/wp-content\/uploads\/IMG_0111-1536x1026.jpg 1536w, https:\/\/www.sindicaturabarcelona.cat\/wp-content\/uploads\/IMG_0111-2048x1368.jpg 2048w\" sizes=\"auto, (max-width: 1200px) 100vw, 1200px\" \/><\/figure>\n\n\n\n<figure class=\"wp-block-image size-large\"><img loading=\"lazy\" decoding=\"async\" width=\"1200\" height=\"802\" data-id=\"31953\" src=\"https:\/\/www.sindicaturabarcelona.cat\/wp-content\/uploads\/IMG_0110-1200x802.jpg\" alt=\"\" class=\"wp-image-31953\" srcset=\"https:\/\/www.sindicaturabarcelona.cat\/wp-content\/uploads\/IMG_0110-1200x802.jpg 1200w, https:\/\/www.sindicaturabarcelona.cat\/wp-content\/uploads\/IMG_0110-798x533.jpg 798w, https:\/\/www.sindicaturabarcelona.cat\/wp-content\/uploads\/IMG_0110-768x513.jpg 768w, https:\/\/www.sindicaturabarcelona.cat\/wp-content\/uploads\/IMG_0110-1536x1026.jpg 1536w, https:\/\/www.sindicaturabarcelona.cat\/wp-content\/uploads\/IMG_0110-2048x1368.jpg 2048w\" sizes=\"auto, (max-width: 1200px) 100vw, 1200px\" \/><\/figure>\n\n\n\n<figure class=\"wp-block-image size-large\"><img loading=\"lazy\" decoding=\"async\" width=\"1200\" height=\"802\" data-id=\"31950\" src=\"https:\/\/www.sindicaturabarcelona.cat\/wp-content\/uploads\/IMG_0098-1200x802.jpg\" alt=\"\" class=\"wp-image-31950\" srcset=\"https:\/\/www.sindicaturabarcelona.cat\/wp-content\/uploads\/IMG_0098-1200x802.jpg 1200w, https:\/\/www.sindicaturabarcelona.cat\/wp-content\/uploads\/IMG_0098-798x533.jpg 798w, https:\/\/www.sindicaturabarcelona.cat\/wp-content\/uploads\/IMG_0098-768x513.jpg 768w, https:\/\/www.sindicaturabarcelona.cat\/wp-content\/uploads\/IMG_0098-1536x1026.jpg 1536w, https:\/\/www.sindicaturabarcelona.cat\/wp-content\/uploads\/IMG_0098-2048x1368.jpg 2048w\" sizes=\"auto, (max-width: 1200px) 100vw, 1200px\" \/><\/figure>\n\n\n\n<figure class=\"wp-block-image size-large\"><img loading=\"lazy\" decoding=\"async\" width=\"1200\" height=\"802\" data-id=\"31947\" src=\"https:\/\/www.sindicaturabarcelona.cat\/wp-content\/uploads\/IMG_0097-1200x802.jpg\" alt=\"\" class=\"wp-image-31947\" srcset=\"https:\/\/www.sindicaturabarcelona.cat\/wp-content\/uploads\/IMG_0097-1200x802.jpg 1200w, https:\/\/www.sindicaturabarcelona.cat\/wp-content\/uploads\/IMG_0097-798x533.jpg 798w, https:\/\/www.sindicaturabarcelona.cat\/wp-content\/uploads\/IMG_0097-768x513.jpg 768w, https:\/\/www.sindicaturabarcelona.cat\/wp-content\/uploads\/IMG_0097-1536x1026.jpg 1536w, https:\/\/www.sindicaturabarcelona.cat\/wp-content\/uploads\/IMG_0097-2048x1368.jpg 2048w\" sizes=\"auto, (max-width: 1200px) 100vw, 1200px\" \/><\/figure>\n\n\n\n<figure class=\"wp-block-image size-large\"><img loading=\"lazy\" decoding=\"async\" width=\"1200\" height=\"802\" data-id=\"31944\" src=\"https:\/\/www.sindicaturabarcelona.cat\/wp-content\/uploads\/IMG_0104-1200x802.jpg\" alt=\"\" class=\"wp-image-31944\" srcset=\"https:\/\/www.sindicaturabarcelona.cat\/wp-content\/uploads\/IMG_0104-1200x802.jpg 1200w, https:\/\/www.sindicaturabarcelona.cat\/wp-content\/uploads\/IMG_0104-798x533.jpg 798w, https:\/\/www.sindicaturabarcelona.cat\/wp-content\/uploads\/IMG_0104-768x513.jpg 768w, https:\/\/www.sindicaturabarcelona.cat\/wp-content\/uploads\/IMG_0104-1536x1026.jpg 1536w, https:\/\/www.sindicaturabarcelona.cat\/wp-content\/uploads\/IMG_0104-2048x1368.jpg 2048w\" sizes=\"auto, (max-width: 1200px) 100vw, 1200px\" \/><\/figure>\n\n\n\n<figure class=\"wp-block-image size-large\"><img loading=\"lazy\" decoding=\"async\" width=\"1200\" height=\"802\" data-id=\"31941\" src=\"https:\/\/www.sindicaturabarcelona.cat\/wp-content\/uploads\/IMG_0102-1200x802.jpg\" alt=\"\" class=\"wp-image-31941\" srcset=\"https:\/\/www.sindicaturabarcelona.cat\/wp-content\/uploads\/IMG_0102-1200x802.jpg 1200w, https:\/\/www.sindicaturabarcelona.cat\/wp-content\/uploads\/IMG_0102-798x533.jpg 798w, https:\/\/www.sindicaturabarcelona.cat\/wp-content\/uploads\/IMG_0102-768x513.jpg 768w, https:\/\/www.sindicaturabarcelona.cat\/wp-content\/uploads\/IMG_0102-1536x1026.jpg 1536w, https:\/\/www.sindicaturabarcelona.cat\/wp-content\/uploads\/IMG_0102-2048x1368.jpg 2048w\" sizes=\"auto, (max-width: 1200px) 100vw, 1200px\" \/><\/figure>\n\n\n\n<figure class=\"wp-block-image size-large\"><img loading=\"lazy\" decoding=\"async\" width=\"1200\" height=\"802\" data-id=\"31938\" src=\"https:\/\/www.sindicaturabarcelona.cat\/wp-content\/uploads\/IMG_0105-1200x802.jpg\" alt=\"\" class=\"wp-image-31938\" srcset=\"https:\/\/www.sindicaturabarcelona.cat\/wp-content\/uploads\/IMG_0105-1200x802.jpg 1200w, https:\/\/www.sindicaturabarcelona.cat\/wp-content\/uploads\/IMG_0105-798x533.jpg 798w, https:\/\/www.sindicaturabarcelona.cat\/wp-content\/uploads\/IMG_0105-768x513.jpg 768w, https:\/\/www.sindicaturabarcelona.cat\/wp-content\/uploads\/IMG_0105-1536x1026.jpg 1536w, https:\/\/www.sindicaturabarcelona.cat\/wp-content\/uploads\/IMG_0105-2048x1368.jpg 2048w\" sizes=\"auto, (max-width: 1200px) 100vw, 1200px\" \/><\/figure>\n\n\n\n<figure class=\"wp-block-image size-large\"><img loading=\"lazy\" decoding=\"async\" width=\"1200\" height=\"802\" data-id=\"31935\" src=\"https:\/\/www.sindicaturabarcelona.cat\/wp-content\/uploads\/IMG_0107-1200x802.jpg\" alt=\"\" class=\"wp-image-31935\" srcset=\"https:\/\/www.sindicaturabarcelona.cat\/wp-content\/uploads\/IMG_0107-1200x802.jpg 1200w, https:\/\/www.sindicaturabarcelona.cat\/wp-content\/uploads\/IMG_0107-798x533.jpg 798w, https:\/\/www.sindicaturabarcelona.cat\/wp-content\/uploads\/IMG_0107-768x513.jpg 768w, https:\/\/www.sindicaturabarcelona.cat\/wp-content\/uploads\/IMG_0107-1536x1026.jpg 1536w, https:\/\/www.sindicaturabarcelona.cat\/wp-content\/uploads\/IMG_0107-2048x1368.jpg 2048w\" sizes=\"auto, (max-width: 1200px) 100vw, 1200px\" \/><\/figure>\n\n\n\n<figure class=\"wp-block-image size-large\"><img loading=\"lazy\" decoding=\"async\" width=\"1200\" height=\"801\" data-id=\"31932\" src=\"https:\/\/www.sindicaturabarcelona.cat\/wp-content\/uploads\/DSC03118-1200x801.jpg\" alt=\"\" class=\"wp-image-31932\" srcset=\"https:\/\/www.sindicaturabarcelona.cat\/wp-content\/uploads\/DSC03118-1200x801.jpg 1200w, https:\/\/www.sindicaturabarcelona.cat\/wp-content\/uploads\/DSC03118-798x533.jpg 798w, https:\/\/www.sindicaturabarcelona.cat\/wp-content\/uploads\/DSC03118-768x513.jpg 768w, https:\/\/www.sindicaturabarcelona.cat\/wp-content\/uploads\/DSC03118-1536x1026.jpg 1536w, https:\/\/www.sindicaturabarcelona.cat\/wp-content\/uploads\/DSC03118-2048x1368.jpg 2048w\" sizes=\"auto, (max-width: 1200px) 100vw, 1200px\" \/><\/figure>\n<\/figure>\n","protected":false},"excerpt":{"rendered":"","protected":false},"author":2,"featured_media":31947,"comment_status":"closed","ping_status":"closed","sticky":false,"template":"","format":"standard","meta":{"_acf_changed":false,"footnotes":""},"tags":[],"drets":[1475,1476,1575,1579,1578,1576,1580,1577,1581,1582,1583,1477,1591,1514,1592,1593,1594,1595,1596,1590,1586,1588,1587,1589,1584,1585,1648,1664,1669,1567,1571,1573,1568,1574,1569],"class_list":["post-31961","post","type-post","status-publish","format-standard","has-post-thumbnail","hentry","drets-ciudad-equitativa","drets-derecho-a-los-servicios-de-proteccion-social","drets-derecho-a-la-educacion-y-al-ocio","drets-derecho-a-la-salud","drets-derechos-culturales","drets-derecho-al-deporte","drets-derecho-al-trabajo","drets-derecho-a-la-vivienda","drets-derechos-de-acogida","drets-derecho-a-una-vida-libre-de-violencias","drets-ciudad-garantista","drets-ciudad-habitable-y-sostenible","drets-derecho-a-un-urbanismo-harmonioso","drets-derecho-a-una-convivencia-pacifica","drets-derecho-al-medio-ambiente","drets-derecho-a-la-movilidad","drets-derecho-al-espacio-publico","drets-derecho-a-la-accesibilidad-y-la-inclusividad","drets-derecho-al-descanso","drets-derecho-al-bienestar-animal","drets-derecho-a-una-buena-administracion","drets-derechos-digitales","drets-derechos-de-las-personas-consumidoras","drets-derechos-funerarios","drets-derecho-a-la-seguridad-ciudadana","drets-derecho-al-empadronamiento","drets-derecho-a-la-informacion","drets-dret-a-la-memoria-democratica-es","drets-derecho-a-la-integridad","drets-ciudad-diversa","drets-derechos-de-la-infancia-y-la-adolescencia","drets-derechos-de-participacion","drets-derecho-a-la-igualdad-y-a-la-diversidad","drets-derechos-linguisticos","drets-derecho-a-los-cuidados"],"acf":[],"yoast_head":"<!-- This site is optimized with the Yoast SEO plugin v27.5 - https:\/\/yoast.com\/product\/yoast-seo-wordpress\/ -->\n<title>Galer\u00eda fotogr\u00e1fica de la presentaci\u00f3n del informe anual 2023 en el Pleno del Consejo Municipal - Sindicatura de Greuges de Barcelona<\/title>\n<meta name=\"description\" content=\"La Sindicatura de Greuges de Barcelona ha presentado el informe anual 2023 en el Pleno del Consejo Municipal del Ayuntamiento de Barcelona.\" \/>\n<meta name=\"robots\" content=\"index, follow, max-snippet:-1, max-image-preview:large, max-video-preview:-1\" \/>\n<link rel=\"canonical\" href=\"https:\/\/www.sindicaturabarcelona.cat\/es\/galeria-fotografica-de-la-presentacion-del-informe-anual-2023-en-el-pleno-del-consejo-municipal\/\" \/>\n<meta property=\"og:locale\" content=\"es_ES\" \/>\n<meta property=\"og:type\" content=\"article\" \/>\n<meta property=\"og:title\" content=\"Galer\u00eda fotogr\u00e1fica de la presentaci\u00f3n del informe anual 2023 en el Pleno del Consejo Municipal - Sindicatura de Greuges de Barcelona\" \/>\n<meta property=\"og:description\" content=\"La Sindicatura de Greuges de Barcelona ha presentado el informe anual 2023 en el Pleno del Consejo Municipal del Ayuntamiento de Barcelona.\" \/>\n<meta property=\"og:url\" content=\"https:\/\/www.sindicaturabarcelona.cat\/es\/galeria-fotografica-de-la-presentacion-del-informe-anual-2023-en-el-pleno-del-consejo-municipal\/\" \/>\n<meta property=\"og:site_name\" content=\"Sindicatura de Greuges de Barcelona\" \/>\n<meta property=\"article:published_time\" content=\"2024-03-22T12:29:10+00:00\" \/>\n<meta property=\"article:modified_time\" content=\"2024-03-26T11:42:58+00:00\" \/>\n<meta property=\"og:image\" content=\"https:\/\/www.sindicaturabarcelona.cat\/wp-content\/uploads\/IMG_0097-scaled.jpg\" \/>\n\t<meta property=\"og:image:width\" content=\"2560\" \/>\n\t<meta property=\"og:image:height\" content=\"1710\" \/>\n\t<meta property=\"og:image:type\" content=\"image\/jpeg\" \/>\n<meta name=\"author\" content=\"Pablo\" \/>\n<meta name=\"twitter:card\" content=\"summary_large_image\" \/>\n<meta name=\"twitter:creator\" content=\"@sindicbarcelona\" \/>\n<meta name=\"twitter:site\" content=\"@sindicbarcelona\" \/>\n<meta name=\"twitter:label1\" content=\"Escrito por\" \/>\n\t<meta name=\"twitter:data1\" content=\"Pablo\" \/>\n\t<meta name=\"twitter:label2\" content=\"Tiempo de lectura\" \/>\n\t<meta name=\"twitter:data2\" content=\"4 minutos\" \/>\n<script type=\"application\/ld+json\" class=\"yoast-schema-graph\">{\"@context\":\"https:\\\/\\\/schema.org\",\"@graph\":[{\"@type\":\"Article\",\"@id\":\"https:\\\/\\\/www.sindicaturabarcelona.cat\\\/es\\\/galeria-fotografica-de-la-presentacion-del-informe-anual-2023-en-el-pleno-del-consejo-municipal\\\/#article\",\"isPartOf\":{\"@id\":\"https:\\\/\\\/www.sindicaturabarcelona.cat\\\/es\\\/galeria-fotografica-de-la-presentacion-del-informe-anual-2023-en-el-pleno-del-consejo-municipal\\\/\"},\"author\":{\"name\":\"Pablo\",\"@id\":\"https:\\\/\\\/www.sindicaturabarcelona.cat\\\/es\\\/#\\\/schema\\\/person\\\/0e5acffc350ffdbc97578159322c9452\"},\"headline\":\"Galer\u00eda fotogr\u00e1fica de la presentaci\u00f3n del informe anual 2023 en el Pleno del Consejo Municipal\",\"datePublished\":\"2024-03-22T12:29:10+00:00\",\"dateModified\":\"2024-03-26T11:42:58+00:00\",\"mainEntityOfPage\":{\"@id\":\"https:\\\/\\\/www.sindicaturabarcelona.cat\\\/es\\\/galeria-fotografica-de-la-presentacion-del-informe-anual-2023-en-el-pleno-del-consejo-municipal\\\/\"},\"wordCount\":17,\"publisher\":{\"@id\":\"https:\\\/\\\/www.sindicaturabarcelona.cat\\\/es\\\/#organization\"},\"image\":{\"@id\":\"https:\\\/\\\/www.sindicaturabarcelona.cat\\\/es\\\/galeria-fotografica-de-la-presentacion-del-informe-anual-2023-en-el-pleno-del-consejo-municipal\\\/#primaryimage\"},\"thumbnailUrl\":\"https:\\\/\\\/www.sindicaturabarcelona.cat\\\/wp-content\\\/uploads\\\/IMG_0097-scaled.jpg\",\"inLanguage\":\"es\"},{\"@type\":\"WebPage\",\"@id\":\"https:\\\/\\\/www.sindicaturabarcelona.cat\\\/es\\\/galeria-fotografica-de-la-presentacion-del-informe-anual-2023-en-el-pleno-del-consejo-municipal\\\/\",\"url\":\"https:\\\/\\\/www.sindicaturabarcelona.cat\\\/es\\\/galeria-fotografica-de-la-presentacion-del-informe-anual-2023-en-el-pleno-del-consejo-municipal\\\/\",\"name\":\"Galer\u00eda fotogr\u00e1fica de la presentaci\u00f3n del informe anual 2023 en el Pleno del Consejo Municipal - Sindicatura de Greuges de Barcelona\",\"isPartOf\":{\"@id\":\"https:\\\/\\\/www.sindicaturabarcelona.cat\\\/es\\\/#website\"},\"primaryImageOfPage\":{\"@id\":\"https:\\\/\\\/www.sindicaturabarcelona.cat\\\/es\\\/galeria-fotografica-de-la-presentacion-del-informe-anual-2023-en-el-pleno-del-consejo-municipal\\\/#primaryimage\"},\"image\":{\"@id\":\"https:\\\/\\\/www.sindicaturabarcelona.cat\\\/es\\\/galeria-fotografica-de-la-presentacion-del-informe-anual-2023-en-el-pleno-del-consejo-municipal\\\/#primaryimage\"},\"thumbnailUrl\":\"https:\\\/\\\/www.sindicaturabarcelona.cat\\\/wp-content\\\/uploads\\\/IMG_0097-scaled.jpg\",\"datePublished\":\"2024-03-22T12:29:10+00:00\",\"dateModified\":\"2024-03-26T11:42:58+00:00\",\"description\":\"La Sindicatura de Greuges de Barcelona ha presentado el informe anual 2023 en el Pleno del Consejo Municipal del Ayuntamiento de Barcelona.\",\"breadcrumb\":{\"@id\":\"https:\\\/\\\/www.sindicaturabarcelona.cat\\\/es\\\/galeria-fotografica-de-la-presentacion-del-informe-anual-2023-en-el-pleno-del-consejo-municipal\\\/#breadcrumb\"},\"inLanguage\":\"es\",\"potentialAction\":[{\"@type\":\"ReadAction\",\"target\":[\"https:\\\/\\\/www.sindicaturabarcelona.cat\\\/es\\\/galeria-fotografica-de-la-presentacion-del-informe-anual-2023-en-el-pleno-del-consejo-municipal\\\/\"]}]},{\"@type\":\"ImageObject\",\"inLanguage\":\"es\",\"@id\":\"https:\\\/\\\/www.sindicaturabarcelona.cat\\\/es\\\/galeria-fotografica-de-la-presentacion-del-informe-anual-2023-en-el-pleno-del-consejo-municipal\\\/#primaryimage\",\"url\":\"https:\\\/\\\/www.sindicaturabarcelona.cat\\\/wp-content\\\/uploads\\\/IMG_0097-scaled.jpg\",\"contentUrl\":\"https:\\\/\\\/www.sindicaturabarcelona.cat\\\/wp-content\\\/uploads\\\/IMG_0097-scaled.jpg\",\"width\":2560,\"height\":1710},{\"@type\":\"BreadcrumbList\",\"@id\":\"https:\\\/\\\/www.sindicaturabarcelona.cat\\\/es\\\/galeria-fotografica-de-la-presentacion-del-informe-anual-2023-en-el-pleno-del-consejo-municipal\\\/#breadcrumb\",\"itemListElement\":[{\"@type\":\"ListItem\",\"position\":1,\"name\":\"Inici\",\"item\":\"https:\\\/\\\/www.sindicaturabarcelona.cat\\\/es\\\/\"},{\"@type\":\"ListItem\",\"position\":2,\"name\":\"Galer\u00eda fotogr\u00e1fica de la presentaci\u00f3n del informe anual 2023 en el Pleno del Consejo Municipal\"}]},{\"@type\":\"WebSite\",\"@id\":\"https:\\\/\\\/www.sindicaturabarcelona.cat\\\/es\\\/#website\",\"url\":\"https:\\\/\\\/www.sindicaturabarcelona.cat\\\/es\\\/\",\"name\":\"Sindicatura de Greuges de Barcelona\",\"description\":\"La defensoria dels teus drets\",\"publisher\":{\"@id\":\"https:\\\/\\\/www.sindicaturabarcelona.cat\\\/es\\\/#organization\"},\"potentialAction\":[{\"@type\":\"SearchAction\",\"target\":{\"@type\":\"EntryPoint\",\"urlTemplate\":\"https:\\\/\\\/www.sindicaturabarcelona.cat\\\/es\\\/?s={search_term_string}\"},\"query-input\":{\"@type\":\"PropertyValueSpecification\",\"valueRequired\":true,\"valueName\":\"search_term_string\"}}],\"inLanguage\":\"es\"},{\"@type\":\"Organization\",\"@id\":\"https:\\\/\\\/www.sindicaturabarcelona.cat\\\/es\\\/#organization\",\"name\":\"Sindicatura de Greuges de Barcelona\",\"url\":\"https:\\\/\\\/www.sindicaturabarcelona.cat\\\/es\\\/\",\"logo\":{\"@type\":\"ImageObject\",\"inLanguage\":\"es\",\"@id\":\"https:\\\/\\\/www.sindicaturabarcelona.cat\\\/es\\\/#\\\/schema\\\/logo\\\/image\\\/\",\"url\":\"https:\\\/\\\/www.sindicaturabarcelona.cat\\\/wp-content\\\/uploads\\\/2023\\\/02\\\/logo_sindicatura.svg\",\"contentUrl\":\"https:\\\/\\\/www.sindicaturabarcelona.cat\\\/wp-content\\\/uploads\\\/2023\\\/02\\\/logo_sindicatura.svg\",\"caption\":\"Sindicatura de Greuges de Barcelona\"},\"image\":{\"@id\":\"https:\\\/\\\/www.sindicaturabarcelona.cat\\\/es\\\/#\\\/schema\\\/logo\\\/image\\\/\"},\"sameAs\":[\"https:\\\/\\\/x.com\\\/sindicbarcelona\",\"https:\\\/\\\/www.instagram.com\\\/sindicbarcelona\\\/\",\"https:\\\/\\\/www.tiktok.com\\\/@sindicaturabcn\",\"https:\\\/\\\/t.me\\\/sindicaturabarcelona\"]},{\"@type\":\"Person\",\"@id\":\"https:\\\/\\\/www.sindicaturabarcelona.cat\\\/es\\\/#\\\/schema\\\/person\\\/0e5acffc350ffdbc97578159322c9452\",\"name\":\"Pablo\",\"image\":{\"@type\":\"ImageObject\",\"inLanguage\":\"es\",\"@id\":\"https:\\\/\\\/secure.gravatar.com\\\/avatar\\\/c948169b402ef9492afde705c3dfd5e90e1a6a84ef6840a91124f805a25a480f?s=96&d=mm&r=g\",\"url\":\"https:\\\/\\\/secure.gravatar.com\\\/avatar\\\/c948169b402ef9492afde705c3dfd5e90e1a6a84ef6840a91124f805a25a480f?s=96&d=mm&r=g\",\"contentUrl\":\"https:\\\/\\\/secure.gravatar.com\\\/avatar\\\/c948169b402ef9492afde705c3dfd5e90e1a6a84ef6840a91124f805a25a480f?s=96&d=mm&r=g\",\"caption\":\"Pablo\"},\"url\":\"https:\\\/\\\/www.sindicaturabarcelona.cat\\\/es\\\/author\\\/pablo\\\/\"}]}<\/script>\n<!-- \/ Yoast SEO plugin. -->","yoast_head_json":{"title":"Galer\u00eda fotogr\u00e1fica de la presentaci\u00f3n del informe anual 2023 en el Pleno del Consejo Municipal - Sindicatura de Greuges de Barcelona","description":"La Sindicatura de Greuges de Barcelona ha presentado el informe anual 2023 en el Pleno del Consejo Municipal del Ayuntamiento de Barcelona.","robots":{"index":"index","follow":"follow","max-snippet":"max-snippet:-1","max-image-preview":"max-image-preview:large","max-video-preview":"max-video-preview:-1"},"canonical":"https:\/\/www.sindicaturabarcelona.cat\/es\/galeria-fotografica-de-la-presentacion-del-informe-anual-2023-en-el-pleno-del-consejo-municipal\/","og_locale":"es_ES","og_type":"article","og_title":"Galer\u00eda fotogr\u00e1fica de la presentaci\u00f3n del informe anual 2023 en el Pleno del Consejo Municipal - Sindicatura de Greuges de Barcelona","og_description":"La Sindicatura de Greuges de Barcelona ha presentado el informe anual 2023 en el Pleno del Consejo Municipal del Ayuntamiento de Barcelona.","og_url":"https:\/\/www.sindicaturabarcelona.cat\/es\/galeria-fotografica-de-la-presentacion-del-informe-anual-2023-en-el-pleno-del-consejo-municipal\/","og_site_name":"Sindicatura de Greuges de Barcelona","article_published_time":"2024-03-22T12:29:10+00:00","article_modified_time":"2024-03-26T11:42:58+00:00","og_image":[{"width":2560,"height":1710,"url":"https:\/\/www.sindicaturabarcelona.cat\/wp-content\/uploads\/IMG_0097-scaled.jpg","type":"image\/jpeg"}],"author":"Pablo","twitter_card":"summary_large_image","twitter_creator":"@sindicbarcelona","twitter_site":"@sindicbarcelona","twitter_misc":{"Escrito por":"Pablo","Tiempo de lectura":"4 minutos"},"schema":{"@context":"https:\/\/schema.org","@graph":[{"@type":"Article","@id":"https:\/\/www.sindicaturabarcelona.cat\/es\/galeria-fotografica-de-la-presentacion-del-informe-anual-2023-en-el-pleno-del-consejo-municipal\/#article","isPartOf":{"@id":"https:\/\/www.sindicaturabarcelona.cat\/es\/galeria-fotografica-de-la-presentacion-del-informe-anual-2023-en-el-pleno-del-consejo-municipal\/"},"author":{"name":"Pablo","@id":"https:\/\/www.sindicaturabarcelona.cat\/es\/#\/schema\/person\/0e5acffc350ffdbc97578159322c9452"},"headline":"Galer\u00eda fotogr\u00e1fica de la presentaci\u00f3n del informe anual 2023 en el Pleno del Consejo Municipal","datePublished":"2024-03-22T12:29:10+00:00","dateModified":"2024-03-26T11:42:58+00:00","mainEntityOfPage":{"@id":"https:\/\/www.sindicaturabarcelona.cat\/es\/galeria-fotografica-de-la-presentacion-del-informe-anual-2023-en-el-pleno-del-consejo-municipal\/"},"wordCount":17,"publisher":{"@id":"https:\/\/www.sindicaturabarcelona.cat\/es\/#organization"},"image":{"@id":"https:\/\/www.sindicaturabarcelona.cat\/es\/galeria-fotografica-de-la-presentacion-del-informe-anual-2023-en-el-pleno-del-consejo-municipal\/#primaryimage"},"thumbnailUrl":"https:\/\/www.sindicaturabarcelona.cat\/wp-content\/uploads\/IMG_0097-scaled.jpg","inLanguage":"es"},{"@type":"WebPage","@id":"https:\/\/www.sindicaturabarcelona.cat\/es\/galeria-fotografica-de-la-presentacion-del-informe-anual-2023-en-el-pleno-del-consejo-municipal\/","url":"https:\/\/www.sindicaturabarcelona.cat\/es\/galeria-fotografica-de-la-presentacion-del-informe-anual-2023-en-el-pleno-del-consejo-municipal\/","name":"Galer\u00eda fotogr\u00e1fica de la presentaci\u00f3n del informe anual 2023 en el Pleno del Consejo Municipal - Sindicatura de Greuges de Barcelona","isPartOf":{"@id":"https:\/\/www.sindicaturabarcelona.cat\/es\/#website"},"primaryImageOfPage":{"@id":"https:\/\/www.sindicaturabarcelona.cat\/es\/galeria-fotografica-de-la-presentacion-del-informe-anual-2023-en-el-pleno-del-consejo-municipal\/#primaryimage"},"image":{"@id":"https:\/\/www.sindicaturabarcelona.cat\/es\/galeria-fotografica-de-la-presentacion-del-informe-anual-2023-en-el-pleno-del-consejo-municipal\/#primaryimage"},"thumbnailUrl":"https:\/\/www.sindicaturabarcelona.cat\/wp-content\/uploads\/IMG_0097-scaled.jpg","datePublished":"2024-03-22T12:29:10+00:00","dateModified":"2024-03-26T11:42:58+00:00","description":"La Sindicatura de Greuges de Barcelona ha presentado el informe anual 2023 en el Pleno del Consejo Municipal del Ayuntamiento de Barcelona.","breadcrumb":{"@id":"https:\/\/www.sindicaturabarcelona.cat\/es\/galeria-fotografica-de-la-presentacion-del-informe-anual-2023-en-el-pleno-del-consejo-municipal\/#breadcrumb"},"inLanguage":"es","potentialAction":[{"@type":"ReadAction","target":["https:\/\/www.sindicaturabarcelona.cat\/es\/galeria-fotografica-de-la-presentacion-del-informe-anual-2023-en-el-pleno-del-consejo-municipal\/"]}]},{"@type":"ImageObject","inLanguage":"es","@id":"https:\/\/www.sindicaturabarcelona.cat\/es\/galeria-fotografica-de-la-presentacion-del-informe-anual-2023-en-el-pleno-del-consejo-municipal\/#primaryimage","url":"https:\/\/www.sindicaturabarcelona.cat\/wp-content\/uploads\/IMG_0097-scaled.jpg","contentUrl":"https:\/\/www.sindicaturabarcelona.cat\/wp-content\/uploads\/IMG_0097-scaled.jpg","width":2560,"height":1710},{"@type":"BreadcrumbList","@id":"https:\/\/www.sindicaturabarcelona.cat\/es\/galeria-fotografica-de-la-presentacion-del-informe-anual-2023-en-el-pleno-del-consejo-municipal\/#breadcrumb","itemListElement":[{"@type":"ListItem","position":1,"name":"Inici","item":"https:\/\/www.sindicaturabarcelona.cat\/es\/"},{"@type":"ListItem","position":2,"name":"Galer\u00eda fotogr\u00e1fica de la presentaci\u00f3n del informe anual 2023 en el Pleno del Consejo Municipal"}]},{"@type":"WebSite","@id":"https:\/\/www.sindicaturabarcelona.cat\/es\/#website","url":"https:\/\/www.sindicaturabarcelona.cat\/es\/","name":"Sindicatura de Greuges de Barcelona","description":"La defensoria dels teus drets","publisher":{"@id":"https:\/\/www.sindicaturabarcelona.cat\/es\/#organization"},"potentialAction":[{"@type":"SearchAction","target":{"@type":"EntryPoint","urlTemplate":"https:\/\/www.sindicaturabarcelona.cat\/es\/?s={search_term_string}"},"query-input":{"@type":"PropertyValueSpecification","valueRequired":true,"valueName":"search_term_string"}}],"inLanguage":"es"},{"@type":"Organization","@id":"https:\/\/www.sindicaturabarcelona.cat\/es\/#organization","name":"Sindicatura de Greuges de Barcelona","url":"https:\/\/www.sindicaturabarcelona.cat\/es\/","logo":{"@type":"ImageObject","inLanguage":"es","@id":"https:\/\/www.sindicaturabarcelona.cat\/es\/#\/schema\/logo\/image\/","url":"https:\/\/www.sindicaturabarcelona.cat\/wp-content\/uploads\/2023\/02\/logo_sindicatura.svg","contentUrl":"https:\/\/www.sindicaturabarcelona.cat\/wp-content\/uploads\/2023\/02\/logo_sindicatura.svg","caption":"Sindicatura de Greuges de Barcelona"},"image":{"@id":"https:\/\/www.sindicaturabarcelona.cat\/es\/#\/schema\/logo\/image\/"},"sameAs":["https:\/\/x.com\/sindicbarcelona","https:\/\/www.instagram.com\/sindicbarcelona\/","https:\/\/www.tiktok.com\/@sindicaturabcn","https:\/\/t.me\/sindicaturabarcelona"]},{"@type":"Person","@id":"https:\/\/www.sindicaturabarcelona.cat\/es\/#\/schema\/person\/0e5acffc350ffdbc97578159322c9452","name":"Pablo","image":{"@type":"ImageObject","inLanguage":"es","@id":"https:\/\/secure.gravatar.com\/avatar\/c948169b402ef9492afde705c3dfd5e90e1a6a84ef6840a91124f805a25a480f?s=96&d=mm&r=g","url":"https:\/\/secure.gravatar.com\/avatar\/c948169b402ef9492afde705c3dfd5e90e1a6a84ef6840a91124f805a25a480f?s=96&d=mm&r=g","contentUrl":"https:\/\/secure.gravatar.com\/avatar\/c948169b402ef9492afde705c3dfd5e90e1a6a84ef6840a91124f805a25a480f?s=96&d=mm&r=g","caption":"Pablo"},"url":"https:\/\/www.sindicaturabarcelona.cat\/es\/author\/pablo\/"}]}},"_links":{"self":[{"href":"https:\/\/www.sindicaturabarcelona.cat\/es\/wp-json\/wp\/v2\/posts\/31961","targetHints":{"allow":["GET"]}}],"collection":[{"href":"https:\/\/www.sindicaturabarcelona.cat\/es\/wp-json\/wp\/v2\/posts"}],"about":[{"href":"https:\/\/www.sindicaturabarcelona.cat\/es\/wp-json\/wp\/v2\/types\/post"}],"author":[{"embeddable":true,"href":"https:\/\/www.sindicaturabarcelona.cat\/es\/wp-json\/wp\/v2\/users\/2"}],"replies":[{"embeddable":true,"href":"https:\/\/www.sindicaturabarcelona.cat\/es\/wp-json\/wp\/v2\/comments?post=31961"}],"version-history":[{"count":3,"href":"https:\/\/www.sindicaturabarcelona.cat\/es\/wp-json\/wp\/v2\/posts\/31961\/revisions"}],"predecessor-version":[{"id":32041,"href":"https:\/\/www.sindicaturabarcelona.cat\/es\/wp-json\/wp\/v2\/posts\/31961\/revisions\/32041"}],"wp:featuredmedia":[{"embeddable":true,"href":"https:\/\/www.sindicaturabarcelona.cat\/es\/wp-json\/wp\/v2\/media\/31947"}],"wp:attachment":[{"href":"https:\/\/www.sindicaturabarcelona.cat\/es\/wp-json\/wp\/v2\/media?parent=31961"}],"wp:term":[{"taxonomy":"post_tag","embeddable":true,"href":"https:\/\/www.sindicaturabarcelona.cat\/es\/wp-json\/wp\/v2\/tags?post=31961"},{"taxonomy":"drets","embeddable":true,"href":"https:\/\/www.sindicaturabarcelona.cat\/es\/wp-json\/wp\/v2\/drets?post=31961"}],"curies":[{"name":"wp","href":"https:\/\/api.w.org\/{rel}","templated":true}]}}