{"id":31066,"date":"2024-01-19T10:41:31","date_gmt":"2024-01-19T08:41:31","guid":{"rendered":"https:\/\/www.sindicaturabarcelona.cat\/?p=31066"},"modified":"2024-01-22T12:34:03","modified_gmt":"2024-01-22T10:34:03","slug":"la-sindicatura-recomienda-una-campana-de-concienciacion-ciudadana-para-combatir-el-exceso-de-suciedad-en-la-calle-nou-de-la-rambla","status":"publish","type":"post","link":"https:\/\/www.sindicaturabarcelona.cat\/es\/la-sindicatura-recomienda-una-campana-de-concienciacion-ciudadana-para-combatir-el-exceso-de-suciedad-en-la-calle-nou-de-la-rambla\/","title":{"rendered":"La Sindicatura recomienda una campa\u00f1a de concienciaci\u00f3n ciudadana para combatir el exceso de suciedad en la calle Nou de la Rambla"},"content":{"rendered":"\n<h2 class=\"wp-block-heading\">El origen de esta actuaci\u00f3n reside en la queja de un ciudadano a la Sindicatura, afirmando que la limpieza efectuada por los servicios municipales es insuficiente, situaci\u00f3n que genera cierto malestar entre el vecindario.<\/h2>\n\n\n\n<p>La <a href=\"https:\/\/www.sindicaturabarcelona.cat\/es\/\" target=\"_blank\" rel=\"noreferrer noopener\">Sindicatura de Greuges de Barcelona<\/a> ha comprobado c\u00f3mo <strong>la calle Nou de la Rambla, especialmente el tramo comprendido entre las calles Piqu\u00e9 y Vila y Vil\u00e0, se acumula m\u00e1s suciedad que en otras calles del entorno<\/strong>. Una de las causas, entre otros factores, es <strong>la presi\u00f3n tur\u00edstica que sufre la zona.<\/strong><\/p>\n\n\n\n<p><strong>C\u00f3mo act\u00faa la Sindicatura ante estos casos<\/strong><\/p>\n\n\n\n<p>Para valorar la situaci\u00f3n, desde la defensor\u00eda de la ciudadan\u00eda barcelonesa se pidi\u00f3 a la Concejal\u00eda de Emergencia Clim\u00e1tica y Transici\u00f3n Ecol\u00f3gica informaci\u00f3n relacionada con la queja presentada<strong>. Esta informaci\u00f3n ha tardado m\u00e1s de 16 meses en ser facilitada, hecho que supera con creces lo que puede considerarse un tiempo razonable de acuerdo con los principios de eficiencia y buena administraci\u00f3n <\/strong>que deben regir los servicios municipales, e incumple el deber de colaboraci\u00f3n.<\/p>\n\n\n\n<p>El consistorio admite haber recibido, desde junio de 2022, diversas reclamaciones por parte del ciudadano, pero asegura haber respondido a la mayor\u00eda de las comunicaciones inform\u00e1ndolo de las actuaciones llevadas a cabo en cada caso y de las tareas de limpieza programadas de manera regular en la calle.<\/p>\n\n\n\n<p><strong>A las tareas programadas semanalmente se ha a\u00f1adido la actuaci\u00f3n de las brigadas de barrio para mejorar la calidad de la limpieza en los puntos donde se acostumbra a acumular m\u00e1s suciedad. Tambi\u00e9n se llevan a cabo intervenciones de seguimiento para comprobar y valorar si los servicios de limpieza est\u00e1n bien dimensionados, y si las tareas se ejecutan correctamente.<\/strong> En caso de que no sea as\u00ed, se aplican nuevas medidas para adecuarlas.<\/p>\n\n\n\n<p><strong>El Ayuntamiento informa que se debe tener en cuenta que en el tramo de la calle Nou de la Rambla objeto de la queja hay una gran cantidad de locales de ocio nocturno y de restauraci\u00f3n, as\u00ed como un elevado n\u00famero de personas en situaci\u00f3n de sinhogarismo. A su vez, las obras de urbanizaci\u00f3n de la calle Piqu\u00e9 obligaron a desplazar durante un tiempo los contenedores<\/strong> de recogida de basura, y conllevaron algunos actos inc\u00edvicos en cuanto al dep\u00f3sito de desechos y residuos de materiales de obra de manera inadecuada.<\/p>\n\n\n\n<p>En este sentido<strong>, la Sindicatura es consciente de la complejidad de la limpieza y el mantenimiento de las v\u00edas y los espacios p\u00fablicos de la ciudad<\/strong>. Ciertos emplazamientos resultan m\u00e1s dif\u00edciles de preservar en condiciones \u00f3ptimas de salubridad por varias circunstancias que, en muchas ocasiones, est\u00e1n relacionadas con el <strong>comportamiento ciudadano<\/strong>.<\/p>\n\n\n\n<p>Desde la Sindicatura de Greuges recordamos que todas las personas tienen la obligaci\u00f3n de utilizar correctamente los espacios p\u00fablicos de la ciudad, respetando el derecho que tambi\u00e9n tienen los otros ciudadanos de usarlos y disfrutarlos. A su vez, es competencia del Ayuntamiento promover acciones c\u00edvicas que constituyan un ejemplo de convivencia y perseguir las actuaciones de quienes perturben indebidamente la vida cotidiana.<\/p>\n\n\n\n<p><strong>La resoluci\u00f3n de la Sindicatura<\/strong><\/p>\n\n\n\n<p>De acuerdo con todo lo expuesto, la Sindicatura considera que el <a href=\"https:\/\/ajuntament.barcelona.cat\/es\/\" target=\"_blank\" rel=\"noreferrer noopener\">Ayuntamiento de Barcelona<\/a> dispone de una planificaci\u00f3n de limpieza que tiene en cuenta los usos y necesidades de cada zona, y que trabaja con varios procesos de implicaci\u00f3n ciudadana basados en la corresponsabilidad para hacer m\u00e1s incidencia en determinadas zonas de la ciudad.<\/p>\n\n\n\n<p>Adem\u00e1s, a lo largo de los \u00faltimos a\u00f1os ha desarrollado varias campa\u00f1as y actuaciones para promover el civismo. <strong>En este sentido, se recomienda a la Direcci\u00f3n de Servicios de Limpieza y Gesti\u00f3n de Residuos que contin\u00fae haciendo seguimiento de las condiciones de limpieza en el tramo de la calle Nou de la Rambla y que valore la conveniencia de llevar a cabo una campa\u00f1a espec\u00edfica de concienciaci\u00f3n ciudadana en este barrio.<\/strong><\/p>\n\n\n\n<p>Y es que la limpieza y el civismo deben continuar mejorando, pero en la mayor\u00eda de ocasiones la responsabilidad recae en los ciudadanos, quienes, con su comportamiento y h\u00e1bitos c\u00edvicos, deben facilitar la hegemon\u00eda social y el m\u00ednimo de intervenci\u00f3n posible de los servicios municipales.<\/p>\n","protected":false},"excerpt":{"rendered":"<p>El origen de esta actuaci\u00f3n reside en la queja de un ciudadano a la Sindicatura, afirmando que la limpieza efectuada por los servicios municipales es insuficiente, situaci\u00f3n que genera cierto [&hellip;]<\/p>\n","protected":false},"author":2,"featured_media":31059,"comment_status":"closed","ping_status":"closed","sticky":false,"template":"","format":"standard","meta":{"_acf_changed":false,"footnotes":""},"tags":[],"drets":[1477,1592],"class_list":["post-31066","post","type-post","status-publish","format-standard","has-post-thumbnail","hentry","drets-ciudad-habitable-y-sostenible","drets-derecho-al-medio-ambiente"],"acf":[],"yoast_head":"<!-- This site is optimized with the Yoast SEO plugin v27.5 - https:\/\/yoast.com\/product\/yoast-seo-wordpress\/ -->\n<title>La Sindicatura recomienda una campa\u00f1a de concienciaci\u00f3n ciudadana para combatir el exceso de suciedad en la calle Nou de la Rambla - Sindicatura de Greuges de Barcelona<\/title>\n<meta name=\"description\" content=\"La defensoria ha comprobado que en la calle Nou de la Rambla, especialmente en el tramo entre las calles Piqu\u00e9 y Vila i Vil\u00e0, se acumula...\" \/>\n<meta name=\"robots\" content=\"index, follow, max-snippet:-1, max-image-preview:large, max-video-preview:-1\" \/>\n<link rel=\"canonical\" href=\"https:\/\/www.sindicaturabarcelona.cat\/es\/la-sindicatura-recomienda-una-campana-de-concienciacion-ciudadana-para-combatir-el-exceso-de-suciedad-en-la-calle-nou-de-la-rambla\/\" \/>\n<meta property=\"og:locale\" content=\"es_ES\" \/>\n<meta property=\"og:type\" content=\"article\" \/>\n<meta property=\"og:title\" content=\"La Sindicatura recomienda una campa\u00f1a de concienciaci\u00f3n ciudadana para combatir el exceso de suciedad en la calle Nou de la Rambla - Sindicatura de Greuges de Barcelona\" \/>\n<meta property=\"og:description\" content=\"La defensoria ha comprobado que en la calle Nou de la Rambla, especialmente en el tramo entre las calles Piqu\u00e9 y Vila i Vil\u00e0, se acumula...\" \/>\n<meta property=\"og:url\" content=\"https:\/\/www.sindicaturabarcelona.cat\/es\/la-sindicatura-recomienda-una-campana-de-concienciacion-ciudadana-para-combatir-el-exceso-de-suciedad-en-la-calle-nou-de-la-rambla\/\" \/>\n<meta property=\"og:site_name\" content=\"Sindicatura de Greuges de Barcelona\" \/>\n<meta property=\"article:published_time\" content=\"2024-01-19T08:41:31+00:00\" \/>\n<meta property=\"article:modified_time\" content=\"2024-01-22T10:34:03+00:00\" \/>\n<meta property=\"og:image\" content=\"https:\/\/www.sindicaturabarcelona.cat\/wp-content\/uploads\/27304_230907_AF_NetejaGraffitis_14.jpg\" \/>\n\t<meta property=\"og:image:width\" content=\"1533\" \/>\n\t<meta property=\"og:image:height\" content=\"1024\" \/>\n\t<meta property=\"og:image:type\" content=\"image\/jpeg\" \/>\n<meta name=\"author\" content=\"Pablo\" \/>\n<meta name=\"twitter:card\" content=\"summary_large_image\" \/>\n<meta name=\"twitter:creator\" content=\"@sindicbarcelona\" \/>\n<meta name=\"twitter:site\" content=\"@sindicbarcelona\" \/>\n<meta name=\"twitter:label1\" content=\"Escrito por\" \/>\n\t<meta name=\"twitter:data1\" content=\"Pablo\" \/>\n\t<meta name=\"twitter:label2\" content=\"Tiempo de lectura\" \/>\n\t<meta name=\"twitter:data2\" content=\"4 minutos\" \/>\n<script type=\"application\/ld+json\" class=\"yoast-schema-graph\">{\"@context\":\"https:\\\/\\\/schema.org\",\"@graph\":[{\"@type\":\"Article\",\"@id\":\"https:\\\/\\\/www.sindicaturabarcelona.cat\\\/es\\\/la-sindicatura-recomienda-una-campana-de-concienciacion-ciudadana-para-combatir-el-exceso-de-suciedad-en-la-calle-nou-de-la-rambla\\\/#article\",\"isPartOf\":{\"@id\":\"https:\\\/\\\/www.sindicaturabarcelona.cat\\\/es\\\/la-sindicatura-recomienda-una-campana-de-concienciacion-ciudadana-para-combatir-el-exceso-de-suciedad-en-la-calle-nou-de-la-rambla\\\/\"},\"author\":{\"name\":\"Pablo\",\"@id\":\"https:\\\/\\\/www.sindicaturabarcelona.cat\\\/es\\\/#\\\/schema\\\/person\\\/0e5acffc350ffdbc97578159322c9452\"},\"headline\":\"La Sindicatura recomienda una campa\u00f1a de concienciaci\u00f3n ciudadana para combatir el exceso de suciedad en la calle Nou de la Rambla\",\"datePublished\":\"2024-01-19T08:41:31+00:00\",\"dateModified\":\"2024-01-22T10:34:03+00:00\",\"mainEntityOfPage\":{\"@id\":\"https:\\\/\\\/www.sindicaturabarcelona.cat\\\/es\\\/la-sindicatura-recomienda-una-campana-de-concienciacion-ciudadana-para-combatir-el-exceso-de-suciedad-en-la-calle-nou-de-la-rambla\\\/\"},\"wordCount\":746,\"publisher\":{\"@id\":\"https:\\\/\\\/www.sindicaturabarcelona.cat\\\/es\\\/#organization\"},\"image\":{\"@id\":\"https:\\\/\\\/www.sindicaturabarcelona.cat\\\/es\\\/la-sindicatura-recomienda-una-campana-de-concienciacion-ciudadana-para-combatir-el-exceso-de-suciedad-en-la-calle-nou-de-la-rambla\\\/#primaryimage\"},\"thumbnailUrl\":\"https:\\\/\\\/www.sindicaturabarcelona.cat\\\/wp-content\\\/uploads\\\/27304_230907_AF_NetejaGraffitis_14.jpg\",\"inLanguage\":\"es\"},{\"@type\":\"WebPage\",\"@id\":\"https:\\\/\\\/www.sindicaturabarcelona.cat\\\/es\\\/la-sindicatura-recomienda-una-campana-de-concienciacion-ciudadana-para-combatir-el-exceso-de-suciedad-en-la-calle-nou-de-la-rambla\\\/\",\"url\":\"https:\\\/\\\/www.sindicaturabarcelona.cat\\\/es\\\/la-sindicatura-recomienda-una-campana-de-concienciacion-ciudadana-para-combatir-el-exceso-de-suciedad-en-la-calle-nou-de-la-rambla\\\/\",\"name\":\"La Sindicatura recomienda una campa\u00f1a de concienciaci\u00f3n ciudadana para combatir el exceso de suciedad en la calle Nou de la Rambla - Sindicatura de Greuges de Barcelona\",\"isPartOf\":{\"@id\":\"https:\\\/\\\/www.sindicaturabarcelona.cat\\\/es\\\/#website\"},\"primaryImageOfPage\":{\"@id\":\"https:\\\/\\\/www.sindicaturabarcelona.cat\\\/es\\\/la-sindicatura-recomienda-una-campana-de-concienciacion-ciudadana-para-combatir-el-exceso-de-suciedad-en-la-calle-nou-de-la-rambla\\\/#primaryimage\"},\"image\":{\"@id\":\"https:\\\/\\\/www.sindicaturabarcelona.cat\\\/es\\\/la-sindicatura-recomienda-una-campana-de-concienciacion-ciudadana-para-combatir-el-exceso-de-suciedad-en-la-calle-nou-de-la-rambla\\\/#primaryimage\"},\"thumbnailUrl\":\"https:\\\/\\\/www.sindicaturabarcelona.cat\\\/wp-content\\\/uploads\\\/27304_230907_AF_NetejaGraffitis_14.jpg\",\"datePublished\":\"2024-01-19T08:41:31+00:00\",\"dateModified\":\"2024-01-22T10:34:03+00:00\",\"description\":\"La defensoria ha comprobado que en la calle Nou de la Rambla, especialmente en el tramo entre las calles Piqu\u00e9 y Vila i Vil\u00e0, se acumula...\",\"breadcrumb\":{\"@id\":\"https:\\\/\\\/www.sindicaturabarcelona.cat\\\/es\\\/la-sindicatura-recomienda-una-campana-de-concienciacion-ciudadana-para-combatir-el-exceso-de-suciedad-en-la-calle-nou-de-la-rambla\\\/#breadcrumb\"},\"inLanguage\":\"es\",\"potentialAction\":[{\"@type\":\"ReadAction\",\"target\":[\"https:\\\/\\\/www.sindicaturabarcelona.cat\\\/es\\\/la-sindicatura-recomienda-una-campana-de-concienciacion-ciudadana-para-combatir-el-exceso-de-suciedad-en-la-calle-nou-de-la-rambla\\\/\"]}]},{\"@type\":\"ImageObject\",\"inLanguage\":\"es\",\"@id\":\"https:\\\/\\\/www.sindicaturabarcelona.cat\\\/es\\\/la-sindicatura-recomienda-una-campana-de-concienciacion-ciudadana-para-combatir-el-exceso-de-suciedad-en-la-calle-nou-de-la-rambla\\\/#primaryimage\",\"url\":\"https:\\\/\\\/www.sindicaturabarcelona.cat\\\/wp-content\\\/uploads\\\/27304_230907_AF_NetejaGraffitis_14.jpg\",\"contentUrl\":\"https:\\\/\\\/www.sindicaturabarcelona.cat\\\/wp-content\\\/uploads\\\/27304_230907_AF_NetejaGraffitis_14.jpg\",\"width\":1533,\"height\":1024,\"caption\":\"Nou de la Rambla\"},{\"@type\":\"BreadcrumbList\",\"@id\":\"https:\\\/\\\/www.sindicaturabarcelona.cat\\\/es\\\/la-sindicatura-recomienda-una-campana-de-concienciacion-ciudadana-para-combatir-el-exceso-de-suciedad-en-la-calle-nou-de-la-rambla\\\/#breadcrumb\",\"itemListElement\":[{\"@type\":\"ListItem\",\"position\":1,\"name\":\"Inici\",\"item\":\"https:\\\/\\\/www.sindicaturabarcelona.cat\\\/es\\\/\"},{\"@type\":\"ListItem\",\"position\":2,\"name\":\"La Sindicatura recomienda una campa\u00f1a de concienciaci\u00f3n ciudadana para combatir el exceso de suciedad en la calle Nou de la Rambla\"}]},{\"@type\":\"WebSite\",\"@id\":\"https:\\\/\\\/www.sindicaturabarcelona.cat\\\/es\\\/#website\",\"url\":\"https:\\\/\\\/www.sindicaturabarcelona.cat\\\/es\\\/\",\"name\":\"Sindicatura de Greuges de Barcelona\",\"description\":\"La defensoria dels teus drets\",\"publisher\":{\"@id\":\"https:\\\/\\\/www.sindicaturabarcelona.cat\\\/es\\\/#organization\"},\"potentialAction\":[{\"@type\":\"SearchAction\",\"target\":{\"@type\":\"EntryPoint\",\"urlTemplate\":\"https:\\\/\\\/www.sindicaturabarcelona.cat\\\/es\\\/?s={search_term_string}\"},\"query-input\":{\"@type\":\"PropertyValueSpecification\",\"valueRequired\":true,\"valueName\":\"search_term_string\"}}],\"inLanguage\":\"es\"},{\"@type\":\"Organization\",\"@id\":\"https:\\\/\\\/www.sindicaturabarcelona.cat\\\/es\\\/#organization\",\"name\":\"Sindicatura de Greuges de Barcelona\",\"url\":\"https:\\\/\\\/www.sindicaturabarcelona.cat\\\/es\\\/\",\"logo\":{\"@type\":\"ImageObject\",\"inLanguage\":\"es\",\"@id\":\"https:\\\/\\\/www.sindicaturabarcelona.cat\\\/es\\\/#\\\/schema\\\/logo\\\/image\\\/\",\"url\":\"https:\\\/\\\/www.sindicaturabarcelona.cat\\\/wp-content\\\/uploads\\\/2023\\\/02\\\/logo_sindicatura.svg\",\"contentUrl\":\"https:\\\/\\\/www.sindicaturabarcelona.cat\\\/wp-content\\\/uploads\\\/2023\\\/02\\\/logo_sindicatura.svg\",\"caption\":\"Sindicatura de Greuges de Barcelona\"},\"image\":{\"@id\":\"https:\\\/\\\/www.sindicaturabarcelona.cat\\\/es\\\/#\\\/schema\\\/logo\\\/image\\\/\"},\"sameAs\":[\"https:\\\/\\\/x.com\\\/sindicbarcelona\",\"https:\\\/\\\/www.instagram.com\\\/sindicbarcelona\\\/\",\"https:\\\/\\\/www.tiktok.com\\\/@sindicaturabcn\",\"https:\\\/\\\/t.me\\\/sindicaturabarcelona\"]},{\"@type\":\"Person\",\"@id\":\"https:\\\/\\\/www.sindicaturabarcelona.cat\\\/es\\\/#\\\/schema\\\/person\\\/0e5acffc350ffdbc97578159322c9452\",\"name\":\"Pablo\",\"image\":{\"@type\":\"ImageObject\",\"inLanguage\":\"es\",\"@id\":\"https:\\\/\\\/secure.gravatar.com\\\/avatar\\\/c948169b402ef9492afde705c3dfd5e90e1a6a84ef6840a91124f805a25a480f?s=96&d=mm&r=g\",\"url\":\"https:\\\/\\\/secure.gravatar.com\\\/avatar\\\/c948169b402ef9492afde705c3dfd5e90e1a6a84ef6840a91124f805a25a480f?s=96&d=mm&r=g\",\"contentUrl\":\"https:\\\/\\\/secure.gravatar.com\\\/avatar\\\/c948169b402ef9492afde705c3dfd5e90e1a6a84ef6840a91124f805a25a480f?s=96&d=mm&r=g\",\"caption\":\"Pablo\"},\"url\":\"https:\\\/\\\/www.sindicaturabarcelona.cat\\\/es\\\/author\\\/pablo\\\/\"}]}<\/script>\n<!-- \/ Yoast SEO plugin. -->","yoast_head_json":{"title":"La Sindicatura recomienda una campa\u00f1a de concienciaci\u00f3n ciudadana para combatir el exceso de suciedad en la calle Nou de la Rambla - Sindicatura de Greuges de Barcelona","description":"La defensoria ha comprobado que en la calle Nou de la Rambla, especialmente en el tramo entre las calles Piqu\u00e9 y Vila i Vil\u00e0, se acumula...","robots":{"index":"index","follow":"follow","max-snippet":"max-snippet:-1","max-image-preview":"max-image-preview:large","max-video-preview":"max-video-preview:-1"},"canonical":"https:\/\/www.sindicaturabarcelona.cat\/es\/la-sindicatura-recomienda-una-campana-de-concienciacion-ciudadana-para-combatir-el-exceso-de-suciedad-en-la-calle-nou-de-la-rambla\/","og_locale":"es_ES","og_type":"article","og_title":"La Sindicatura recomienda una campa\u00f1a de concienciaci\u00f3n ciudadana para combatir el exceso de suciedad en la calle Nou de la Rambla - Sindicatura de Greuges de Barcelona","og_description":"La defensoria ha comprobado que en la calle Nou de la Rambla, especialmente en el tramo entre las calles Piqu\u00e9 y Vila i Vil\u00e0, se acumula...","og_url":"https:\/\/www.sindicaturabarcelona.cat\/es\/la-sindicatura-recomienda-una-campana-de-concienciacion-ciudadana-para-combatir-el-exceso-de-suciedad-en-la-calle-nou-de-la-rambla\/","og_site_name":"Sindicatura de Greuges de Barcelona","article_published_time":"2024-01-19T08:41:31+00:00","article_modified_time":"2024-01-22T10:34:03+00:00","og_image":[{"width":1533,"height":1024,"url":"https:\/\/www.sindicaturabarcelona.cat\/wp-content\/uploads\/27304_230907_AF_NetejaGraffitis_14.jpg","type":"image\/jpeg"}],"author":"Pablo","twitter_card":"summary_large_image","twitter_creator":"@sindicbarcelona","twitter_site":"@sindicbarcelona","twitter_misc":{"Escrito por":"Pablo","Tiempo de lectura":"4 minutos"},"schema":{"@context":"https:\/\/schema.org","@graph":[{"@type":"Article","@id":"https:\/\/www.sindicaturabarcelona.cat\/es\/la-sindicatura-recomienda-una-campana-de-concienciacion-ciudadana-para-combatir-el-exceso-de-suciedad-en-la-calle-nou-de-la-rambla\/#article","isPartOf":{"@id":"https:\/\/www.sindicaturabarcelona.cat\/es\/la-sindicatura-recomienda-una-campana-de-concienciacion-ciudadana-para-combatir-el-exceso-de-suciedad-en-la-calle-nou-de-la-rambla\/"},"author":{"name":"Pablo","@id":"https:\/\/www.sindicaturabarcelona.cat\/es\/#\/schema\/person\/0e5acffc350ffdbc97578159322c9452"},"headline":"La Sindicatura recomienda una campa\u00f1a de concienciaci\u00f3n ciudadana para combatir el exceso de suciedad en la calle Nou de la Rambla","datePublished":"2024-01-19T08:41:31+00:00","dateModified":"2024-01-22T10:34:03+00:00","mainEntityOfPage":{"@id":"https:\/\/www.sindicaturabarcelona.cat\/es\/la-sindicatura-recomienda-una-campana-de-concienciacion-ciudadana-para-combatir-el-exceso-de-suciedad-en-la-calle-nou-de-la-rambla\/"},"wordCount":746,"publisher":{"@id":"https:\/\/www.sindicaturabarcelona.cat\/es\/#organization"},"image":{"@id":"https:\/\/www.sindicaturabarcelona.cat\/es\/la-sindicatura-recomienda-una-campana-de-concienciacion-ciudadana-para-combatir-el-exceso-de-suciedad-en-la-calle-nou-de-la-rambla\/#primaryimage"},"thumbnailUrl":"https:\/\/www.sindicaturabarcelona.cat\/wp-content\/uploads\/27304_230907_AF_NetejaGraffitis_14.jpg","inLanguage":"es"},{"@type":"WebPage","@id":"https:\/\/www.sindicaturabarcelona.cat\/es\/la-sindicatura-recomienda-una-campana-de-concienciacion-ciudadana-para-combatir-el-exceso-de-suciedad-en-la-calle-nou-de-la-rambla\/","url":"https:\/\/www.sindicaturabarcelona.cat\/es\/la-sindicatura-recomienda-una-campana-de-concienciacion-ciudadana-para-combatir-el-exceso-de-suciedad-en-la-calle-nou-de-la-rambla\/","name":"La Sindicatura recomienda una campa\u00f1a de concienciaci\u00f3n ciudadana para combatir el exceso de suciedad en la calle Nou de la Rambla - Sindicatura de Greuges de Barcelona","isPartOf":{"@id":"https:\/\/www.sindicaturabarcelona.cat\/es\/#website"},"primaryImageOfPage":{"@id":"https:\/\/www.sindicaturabarcelona.cat\/es\/la-sindicatura-recomienda-una-campana-de-concienciacion-ciudadana-para-combatir-el-exceso-de-suciedad-en-la-calle-nou-de-la-rambla\/#primaryimage"},"image":{"@id":"https:\/\/www.sindicaturabarcelona.cat\/es\/la-sindicatura-recomienda-una-campana-de-concienciacion-ciudadana-para-combatir-el-exceso-de-suciedad-en-la-calle-nou-de-la-rambla\/#primaryimage"},"thumbnailUrl":"https:\/\/www.sindicaturabarcelona.cat\/wp-content\/uploads\/27304_230907_AF_NetejaGraffitis_14.jpg","datePublished":"2024-01-19T08:41:31+00:00","dateModified":"2024-01-22T10:34:03+00:00","description":"La defensoria ha comprobado que en la calle Nou de la Rambla, especialmente en el tramo entre las calles Piqu\u00e9 y Vila i Vil\u00e0, se acumula...","breadcrumb":{"@id":"https:\/\/www.sindicaturabarcelona.cat\/es\/la-sindicatura-recomienda-una-campana-de-concienciacion-ciudadana-para-combatir-el-exceso-de-suciedad-en-la-calle-nou-de-la-rambla\/#breadcrumb"},"inLanguage":"es","potentialAction":[{"@type":"ReadAction","target":["https:\/\/www.sindicaturabarcelona.cat\/es\/la-sindicatura-recomienda-una-campana-de-concienciacion-ciudadana-para-combatir-el-exceso-de-suciedad-en-la-calle-nou-de-la-rambla\/"]}]},{"@type":"ImageObject","inLanguage":"es","@id":"https:\/\/www.sindicaturabarcelona.cat\/es\/la-sindicatura-recomienda-una-campana-de-concienciacion-ciudadana-para-combatir-el-exceso-de-suciedad-en-la-calle-nou-de-la-rambla\/#primaryimage","url":"https:\/\/www.sindicaturabarcelona.cat\/wp-content\/uploads\/27304_230907_AF_NetejaGraffitis_14.jpg","contentUrl":"https:\/\/www.sindicaturabarcelona.cat\/wp-content\/uploads\/27304_230907_AF_NetejaGraffitis_14.jpg","width":1533,"height":1024,"caption":"Nou de la Rambla"},{"@type":"BreadcrumbList","@id":"https:\/\/www.sindicaturabarcelona.cat\/es\/la-sindicatura-recomienda-una-campana-de-concienciacion-ciudadana-para-combatir-el-exceso-de-suciedad-en-la-calle-nou-de-la-rambla\/#breadcrumb","itemListElement":[{"@type":"ListItem","position":1,"name":"Inici","item":"https:\/\/www.sindicaturabarcelona.cat\/es\/"},{"@type":"ListItem","position":2,"name":"La Sindicatura recomienda una campa\u00f1a de concienciaci\u00f3n ciudadana para combatir el exceso de suciedad en la calle Nou de la Rambla"}]},{"@type":"WebSite","@id":"https:\/\/www.sindicaturabarcelona.cat\/es\/#website","url":"https:\/\/www.sindicaturabarcelona.cat\/es\/","name":"Sindicatura de Greuges de Barcelona","description":"La defensoria dels teus drets","publisher":{"@id":"https:\/\/www.sindicaturabarcelona.cat\/es\/#organization"},"potentialAction":[{"@type":"SearchAction","target":{"@type":"EntryPoint","urlTemplate":"https:\/\/www.sindicaturabarcelona.cat\/es\/?s={search_term_string}"},"query-input":{"@type":"PropertyValueSpecification","valueRequired":true,"valueName":"search_term_string"}}],"inLanguage":"es"},{"@type":"Organization","@id":"https:\/\/www.sindicaturabarcelona.cat\/es\/#organization","name":"Sindicatura de Greuges de Barcelona","url":"https:\/\/www.sindicaturabarcelona.cat\/es\/","logo":{"@type":"ImageObject","inLanguage":"es","@id":"https:\/\/www.sindicaturabarcelona.cat\/es\/#\/schema\/logo\/image\/","url":"https:\/\/www.sindicaturabarcelona.cat\/wp-content\/uploads\/2023\/02\/logo_sindicatura.svg","contentUrl":"https:\/\/www.sindicaturabarcelona.cat\/wp-content\/uploads\/2023\/02\/logo_sindicatura.svg","caption":"Sindicatura de Greuges de Barcelona"},"image":{"@id":"https:\/\/www.sindicaturabarcelona.cat\/es\/#\/schema\/logo\/image\/"},"sameAs":["https:\/\/x.com\/sindicbarcelona","https:\/\/www.instagram.com\/sindicbarcelona\/","https:\/\/www.tiktok.com\/@sindicaturabcn","https:\/\/t.me\/sindicaturabarcelona"]},{"@type":"Person","@id":"https:\/\/www.sindicaturabarcelona.cat\/es\/#\/schema\/person\/0e5acffc350ffdbc97578159322c9452","name":"Pablo","image":{"@type":"ImageObject","inLanguage":"es","@id":"https:\/\/secure.gravatar.com\/avatar\/c948169b402ef9492afde705c3dfd5e90e1a6a84ef6840a91124f805a25a480f?s=96&d=mm&r=g","url":"https:\/\/secure.gravatar.com\/avatar\/c948169b402ef9492afde705c3dfd5e90e1a6a84ef6840a91124f805a25a480f?s=96&d=mm&r=g","contentUrl":"https:\/\/secure.gravatar.com\/avatar\/c948169b402ef9492afde705c3dfd5e90e1a6a84ef6840a91124f805a25a480f?s=96&d=mm&r=g","caption":"Pablo"},"url":"https:\/\/www.sindicaturabarcelona.cat\/es\/author\/pablo\/"}]}},"_links":{"self":[{"href":"https:\/\/www.sindicaturabarcelona.cat\/es\/wp-json\/wp\/v2\/posts\/31066","targetHints":{"allow":["GET"]}}],"collection":[{"href":"https:\/\/www.sindicaturabarcelona.cat\/es\/wp-json\/wp\/v2\/posts"}],"about":[{"href":"https:\/\/www.sindicaturabarcelona.cat\/es\/wp-json\/wp\/v2\/types\/post"}],"author":[{"embeddable":true,"href":"https:\/\/www.sindicaturabarcelona.cat\/es\/wp-json\/wp\/v2\/users\/2"}],"replies":[{"embeddable":true,"href":"https:\/\/www.sindicaturabarcelona.cat\/es\/wp-json\/wp\/v2\/comments?post=31066"}],"version-history":[{"count":2,"href":"https:\/\/www.sindicaturabarcelona.cat\/es\/wp-json\/wp\/v2\/posts\/31066\/revisions"}],"predecessor-version":[{"id":31079,"href":"https:\/\/www.sindicaturabarcelona.cat\/es\/wp-json\/wp\/v2\/posts\/31066\/revisions\/31079"}],"wp:featuredmedia":[{"embeddable":true,"href":"https:\/\/www.sindicaturabarcelona.cat\/es\/wp-json\/wp\/v2\/media\/31059"}],"wp:attachment":[{"href":"https:\/\/www.sindicaturabarcelona.cat\/es\/wp-json\/wp\/v2\/media?parent=31066"}],"wp:term":[{"taxonomy":"post_tag","embeddable":true,"href":"https:\/\/www.sindicaturabarcelona.cat\/es\/wp-json\/wp\/v2\/tags?post=31066"},{"taxonomy":"drets","embeddable":true,"href":"https:\/\/www.sindicaturabarcelona.cat\/es\/wp-json\/wp\/v2\/drets?post=31066"}],"curies":[{"name":"wp","href":"https:\/\/api.w.org\/{rel}","templated":true}]}}