{"id":30468,"date":"2023-11-10T13:45:04","date_gmt":"2023-11-10T11:45:04","guid":{"rendered":"https:\/\/www.sindicaturabarcelona.cat\/?p=30468"},"modified":"2023-11-10T13:51:14","modified_gmt":"2023-11-10T11:51:14","slug":"la-ubicacion-de-los-contenedores-motivo-de-queja-recurrente-de-la-ciudadania-barcelonesa","status":"publish","type":"post","link":"https:\/\/www.sindicaturabarcelona.cat\/es\/la-ubicacion-de-los-contenedores-motivo-de-queja-recurrente-de-la-ciudadania-barcelonesa\/","title":{"rendered":"La ubicaci\u00f3n de los contenedores, motivo de queja recurrente de la ciudadan\u00eda barcelonesa"},"content":{"rendered":"\n<p>Recurrentemente, la ciudadan\u00eda barcelonesa se dirige a la <a href=\"https:\/\/www.sindicaturabarcelona.cat\/es\/\" target=\"_blank\" rel=\"noreferrer noopener\">Sindicatura de Greuges de Barcelona<\/a> para expresar su disconformidad con la ubicaci\u00f3n de los contenedores y pedir cambios de emplazamiento, puesto que las molestias ocasionadas a menudo impiden al vecindario llevar a cabo su d\u00eda a d\u00eda con normalidad.<br><br>Desde la defensor\u00eda de la ciudadan\u00eda barcelonesa se recuerda al <a href=\"https:\/\/ajuntament.barcelona.cat\/es\/\" target=\"_blank\" rel=\"noreferrer noopener\">Ayuntamiento<\/a> que, debe procurar, entre otros aspectos, que la ubicaci\u00f3n escogida para instalar los contenedores de recogida de residuos resulte la menos molesta posible para las personas vecinas.<\/p>\n\n\n\n<p><strong>C\u00f3mo act\u00faa la Sindicatura ante estos casos<\/strong><\/p>\n\n\n\n<p>La funci\u00f3n de la Sindicatura de Greuges de Barcelona es la <strong>defensa de los derechos de la ciudadan\u00eda cuando se puedan ver afectados por la actuaci\u00f3n municipal. Pero no es funci\u00f3n de esta instituci\u00f3n determinar la forma concreta de prestar el servicio de recogida de residuos<\/strong>, puesto que hay que tenerlo en cuenta en conjunto, y valorar los condicionantes t\u00e9cnicos que exigen adoptar decisiones basadas en la discrecionalidad.<\/p>\n\n\n\n<p>Sin embargo, conviene adoptar las decisiones m\u00e1s beneficiosas para el conjunto de la poblaci\u00f3n, siempre intentando que haya el m\u00ednimo n\u00famero de afectaciones posibles. En el supuesto de que se compruebe alguna afectaci\u00f3n, hay que tomar las medidas adecuadas para minimizar las incidencias que puedan producirse.<\/p>\n\n\n\n<p><strong>C\u00f3mo se elige la ubicaci\u00f3n de los contenedores<\/strong><\/p>\n\n\n\n<p>Primeramente, la Sindicatura quiere compartir informaci\u00f3n relevante sobre los criterios a tener en cuenta en la elecci\u00f3n de la ubicaci\u00f3n de los contenedores. <strong>La recogida de residuos urbanos es un servicio de prestaci\u00f3n esencial y se caracteriza por una especial y elevada complejidad de organizaci\u00f3n y de requerimientos log\u00edsticos<\/strong>.<\/p>\n\n\n\n<p>El dise\u00f1o del sistema y del procedimiento de recogida de residuos urbanos por parte de los ayuntamientos es de <strong>potestad de decisi\u00f3n discrecional<\/strong> de las administraciones p\u00fablicas. Este hecho se da cuando, entre soluciones t\u00e9cnicas diferentes, todas posibles y leg\u00edtimas, la administraci\u00f3n p\u00fablica opta por una, motivada como la mejor de acuerdo con el principio de buena administraci\u00f3n.<\/p>\n\n\n\n<p><strong>Hay un documento municipal que recoge los criterios t\u00e9cnicos<\/strong> para instalar elementos, mobiliario y accesorios para la gesti\u00f3n de residuos y la limpieza viaria. <strong>Entre estos criterios, destacan los siguientes:<\/strong> preferiblemente no poner contenedores delante de fincas de vecinos en aceras inferiores a 4 metros; prioritariamente se deben buscar espacios donde no haya viviendas (plazas, solares, casas deshabitadas); hay que situarlos preferiblemente en la calzada y el carril de estacionamiento. Por lo tanto, hay que evitar al m\u00e1ximo ponerlos sobre la acera.<\/p>\n\n\n\n<p><strong>Un motivo de queja en Barcelona<\/strong><\/p>\n\n\n\n<p>Las quejas de la ciudadan\u00eda por la ubicaci\u00f3n de los contenedores se extienden a lo largo de los diez distritos y setenta y tres barrios de Barcelona. A continuaci\u00f3n, se detallan algunos de los casos m\u00e1s recientes recibidos en la Sindicatura de Greuges.<\/p>\n\n\n\n<p><strong>Contenedores en la calle Encarnaci\u00f3 (Distrito de Gracia)<\/strong><\/p>\n\n\n\n<p>Una queja ciudadana ha expuesto la disconformidad por la nueva ubicaci\u00f3n de los contenedores de basura de la calle Encarnaci\u00f3n, justo delante de su vivienda, que es la planta baja de la finca. Antes no estaban ubicados en este emplazamiento, pero con la construcci\u00f3n de la Escuela Municipal Teixidores de Gracia, se hizo una remodelaci\u00f3n de la calle y se han cambiado de lugar. Present\u00f3 un escrito en el Ayuntamiento en el que propon\u00eda alternativas para ubicarlos, pero ha sido desestimado.<\/p>\n\n\n\n<p><strong>C\u00f3mo hace habitualmente en estos casos, la Sindicatura ha llevado a cabo una visita presencial en esta zona, y ha comprobado que los cinco contenedores est\u00e1n delante de la finca de la ciudadana, en una acera inferior a 4 metros y que contradice tres de los criterios municipales mencionados con anterioridad. Por este motivo, la Sindicatura de Greuges de Barcelona ha recomendado al Ayuntamiento que busque una nueva ubicaci\u00f3n de los contenedores.<\/strong><\/p>\n\n\n\n<p><strong>Contenedores en la calle Jocs Florals (Distrito de Sants-Montjuic)<\/strong><\/p>\n\n\n\n<p>Un vecino ha trasladado a la Sindicatura su malestar por la ubicaci\u00f3n de los contenedores delante de la finca de la calle Jocs Florals, 110-112, donde la acera es muy estrecha y hay problemas de acceso y movilidad. Ha propuesto desplazarlos en una calle pr\u00f3xima, que tiene una acera m\u00e1s ancha y d\u00f3nde no hay entradas a viviendas ni comercios.<\/p>\n\n\n\n<p>A ra\u00edz de la intervenci\u00f3n de la Sindicatura, el Ayuntamiento volvi\u00f3 a valorar la ubicaci\u00f3n de los contenedores, pero sin encontrar ninguna alternativa. La propuesta que hace el ciudadano no se considera adecuada, puesto que entonces el paso para transe\u00fantes ser\u00eda muy estrecho. <strong>En este caso, la Sindicatura ha recomendado al Distrito que, si no encuentra otras ubicaciones m\u00e1s adecuadas para estos contenedores, haga un seguimiento constante del estado que presentan para evitar afectaciones en la movilidad y la accesibilidad de las personas peatones.<\/strong><\/p>\n\n\n\n<p><strong>Contenedores en la calle Avenir (Distrito de Sarri\u00e1-Sant Gervasi)<\/strong><\/p>\n\n\n\n<p>Una ciudadana se ha dirigido a la Sindicatura para expresar su disconformidad por la nueva <strong>ubicaci\u00f3n de unos contenedores delante de su finca, en la calle Avenir. Ya se hab\u00eda dirigido al Ayuntamiento para presentar una queja firmada por 81 personas<\/strong> y que defend\u00eda que en la anterior ubicaci\u00f3n no molestaban estos contenedores y que la calle permite situarlos en tramos donde no hay fincas de vecindario o entradas de tiendas.<\/p>\n\n\n\n<p>La defensor\u00eda ha contactado con el Departamento de Obras y Mantenimiento del Distrito de Sarri\u00e1-Sant Gervasi, que ha detallado todas las opciones que han tenido en cuenta para instalar los contenedores y la justificaci\u00f3n del emplazamiento final. <strong>En este caso, la Sindicatura ha llegado a la conclusi\u00f3n que el Distrito ha tenido en cuenta todas las ubicaciones posibles antes de decidir definitivamente cu\u00e1l era la opci\u00f3n m\u00e1s conveniente para reubicar los tres contenedores.<\/strong><\/p>\n\n\n\n<p><strong>Contenedores en la calle Josep Torres (Distrito de Gracia)<\/strong><\/p>\n\n\n\n<p>Otra ciudadana ha explicado que vive en una planta baja en la calle Josep Torres, y que los dos contenedores que tiene delante generan: <strong>malos olores, acumulaci\u00f3n de desechos, y presencia de ratas y cucarachas. La Sindicatura ha visitado la calle de Josep Torres y ha confirmado que los contenedores quedan delante de una vivienda a pie de calle. En esta visita tambi\u00e9n se ha observado que en el mismo tramo de calle hay alguna finca que no tiene vivienda en la planta baja ni vado en la acera del delante.<\/strong><\/p>\n\n\n\n<p>El consistorio ha detallado que tampoco los pueden poner en este espacio porque hay una salida de aparcamiento, pero a la vez dice que se trata de un vado antiguo del cual no se prev\u00e9 la restituci\u00f3n, puesto que no constan licencia ni garant\u00eda para la retirada subsidiaria.<\/p>\n\n\n\n<p><strong>La Sindicatura ha pedido explicaciones al Ayuntamiento para que aclare este punto, puesto que si el vado es antiguo y no se prev\u00e9 que se restituya, no entiende por qu\u00e9 no se pueden colocar los contenedores.<\/strong><\/p>\n","protected":false},"excerpt":{"rendered":"<p>Recurrentemente, la ciudadan\u00eda barcelonesa se dirige a la Sindicatura de Greuges de Barcelona para expresar su disconformidad con la ubicaci\u00f3n de los contenedores y pedir cambios de emplazamiento, puesto que [&hellip;]<\/p>\n","protected":false},"author":2,"featured_media":30469,"comment_status":"closed","ping_status":"closed","sticky":false,"template":"","format":"standard","meta":{"_acf_changed":false,"footnotes":""},"tags":[],"drets":[1477,1592],"class_list":["post-30468","post","type-post","status-publish","format-standard","has-post-thumbnail","hentry","drets-ciudad-habitable-y-sostenible","drets-derecho-al-medio-ambiente"],"acf":[],"yoast_head":"<!-- This site is optimized with the Yoast SEO plugin v27.5 - https:\/\/yoast.com\/product\/yoast-seo-wordpress\/ -->\n<title>La ubicaci\u00f3n de los contenedores, motivo de queja recurrente de la ciudadan\u00eda barcelonesa - Sindicatura de Greuges de Barcelona<\/title>\n<meta name=\"description\" content=\"Recurrentemente, la ciudadan\u00eda se dirige a la Sindicatura para mostrar disconformidad con la ubicaci\u00f3n de los contenedores y pedir cambios.\" \/>\n<meta name=\"robots\" content=\"index, follow, max-snippet:-1, max-image-preview:large, max-video-preview:-1\" \/>\n<link rel=\"canonical\" href=\"https:\/\/www.sindicaturabarcelona.cat\/es\/la-ubicacion-de-los-contenedores-motivo-de-queja-recurrente-de-la-ciudadania-barcelonesa\/\" \/>\n<meta property=\"og:locale\" content=\"es_ES\" \/>\n<meta property=\"og:type\" content=\"article\" \/>\n<meta property=\"og:title\" content=\"La ubicaci\u00f3n de los contenedores, motivo de queja recurrente de la ciudadan\u00eda barcelonesa - Sindicatura de Greuges de Barcelona\" \/>\n<meta property=\"og:description\" content=\"Recurrentemente, la ciudadan\u00eda se dirige a la Sindicatura para mostrar disconformidad con la ubicaci\u00f3n de los contenedores y pedir cambios.\" \/>\n<meta property=\"og:url\" content=\"https:\/\/www.sindicaturabarcelona.cat\/es\/la-ubicacion-de-los-contenedores-motivo-de-queja-recurrente-de-la-ciudadania-barcelonesa\/\" \/>\n<meta property=\"og:site_name\" content=\"Sindicatura de Greuges de Barcelona\" \/>\n<meta property=\"article:published_time\" content=\"2023-11-10T11:45:04+00:00\" \/>\n<meta property=\"article:modified_time\" content=\"2023-11-10T11:51:14+00:00\" \/>\n<meta property=\"og:image\" content=\"https:\/\/www.sindicaturabarcelona.cat\/wp-content\/uploads\/Contenidors-motiu-recurrent-queixa-1.jpg\" \/>\n\t<meta property=\"og:image:width\" content=\"1533\" \/>\n\t<meta property=\"og:image:height\" content=\"1024\" \/>\n\t<meta property=\"og:image:type\" content=\"image\/jpeg\" \/>\n<meta name=\"author\" content=\"Pablo\" \/>\n<meta name=\"twitter:card\" content=\"summary_large_image\" \/>\n<meta name=\"twitter:creator\" content=\"@sindicbarcelona\" \/>\n<meta name=\"twitter:site\" content=\"@sindicbarcelona\" \/>\n<meta name=\"twitter:label1\" content=\"Escrito por\" \/>\n\t<meta name=\"twitter:data1\" content=\"Pablo\" \/>\n\t<meta name=\"twitter:label2\" content=\"Tiempo de lectura\" \/>\n\t<meta name=\"twitter:data2\" content=\"7 minutos\" \/>\n<script type=\"application\/ld+json\" class=\"yoast-schema-graph\">{\"@context\":\"https:\\\/\\\/schema.org\",\"@graph\":[{\"@type\":\"Article\",\"@id\":\"https:\\\/\\\/www.sindicaturabarcelona.cat\\\/es\\\/la-ubicacion-de-los-contenedores-motivo-de-queja-recurrente-de-la-ciudadania-barcelonesa\\\/#article\",\"isPartOf\":{\"@id\":\"https:\\\/\\\/www.sindicaturabarcelona.cat\\\/es\\\/la-ubicacion-de-los-contenedores-motivo-de-queja-recurrente-de-la-ciudadania-barcelonesa\\\/\"},\"author\":{\"name\":\"Pablo\",\"@id\":\"https:\\\/\\\/www.sindicaturabarcelona.cat\\\/es\\\/#\\\/schema\\\/person\\\/0e5acffc350ffdbc97578159322c9452\"},\"headline\":\"La ubicaci\u00f3n de los contenedores, motivo de queja recurrente de la ciudadan\u00eda barcelonesa\",\"datePublished\":\"2023-11-10T11:45:04+00:00\",\"dateModified\":\"2023-11-10T11:51:14+00:00\",\"mainEntityOfPage\":{\"@id\":\"https:\\\/\\\/www.sindicaturabarcelona.cat\\\/es\\\/la-ubicacion-de-los-contenedores-motivo-de-queja-recurrente-de-la-ciudadania-barcelonesa\\\/\"},\"wordCount\":1192,\"publisher\":{\"@id\":\"https:\\\/\\\/www.sindicaturabarcelona.cat\\\/es\\\/#organization\"},\"image\":{\"@id\":\"https:\\\/\\\/www.sindicaturabarcelona.cat\\\/es\\\/la-ubicacion-de-los-contenedores-motivo-de-queja-recurrente-de-la-ciudadania-barcelonesa\\\/#primaryimage\"},\"thumbnailUrl\":\"https:\\\/\\\/www.sindicaturabarcelona.cat\\\/wp-content\\\/uploads\\\/Contenidors-motiu-recurrent-queixa-1.jpg\",\"inLanguage\":\"es\"},{\"@type\":\"WebPage\",\"@id\":\"https:\\\/\\\/www.sindicaturabarcelona.cat\\\/es\\\/la-ubicacion-de-los-contenedores-motivo-de-queja-recurrente-de-la-ciudadania-barcelonesa\\\/\",\"url\":\"https:\\\/\\\/www.sindicaturabarcelona.cat\\\/es\\\/la-ubicacion-de-los-contenedores-motivo-de-queja-recurrente-de-la-ciudadania-barcelonesa\\\/\",\"name\":\"La ubicaci\u00f3n de los contenedores, motivo de queja recurrente de la ciudadan\u00eda barcelonesa - Sindicatura de Greuges de Barcelona\",\"isPartOf\":{\"@id\":\"https:\\\/\\\/www.sindicaturabarcelona.cat\\\/es\\\/#website\"},\"primaryImageOfPage\":{\"@id\":\"https:\\\/\\\/www.sindicaturabarcelona.cat\\\/es\\\/la-ubicacion-de-los-contenedores-motivo-de-queja-recurrente-de-la-ciudadania-barcelonesa\\\/#primaryimage\"},\"image\":{\"@id\":\"https:\\\/\\\/www.sindicaturabarcelona.cat\\\/es\\\/la-ubicacion-de-los-contenedores-motivo-de-queja-recurrente-de-la-ciudadania-barcelonesa\\\/#primaryimage\"},\"thumbnailUrl\":\"https:\\\/\\\/www.sindicaturabarcelona.cat\\\/wp-content\\\/uploads\\\/Contenidors-motiu-recurrent-queixa-1.jpg\",\"datePublished\":\"2023-11-10T11:45:04+00:00\",\"dateModified\":\"2023-11-10T11:51:14+00:00\",\"description\":\"Recurrentemente, la ciudadan\u00eda se dirige a la Sindicatura para mostrar disconformidad con la ubicaci\u00f3n de los contenedores y pedir cambios.\",\"breadcrumb\":{\"@id\":\"https:\\\/\\\/www.sindicaturabarcelona.cat\\\/es\\\/la-ubicacion-de-los-contenedores-motivo-de-queja-recurrente-de-la-ciudadania-barcelonesa\\\/#breadcrumb\"},\"inLanguage\":\"es\",\"potentialAction\":[{\"@type\":\"ReadAction\",\"target\":[\"https:\\\/\\\/www.sindicaturabarcelona.cat\\\/es\\\/la-ubicacion-de-los-contenedores-motivo-de-queja-recurrente-de-la-ciudadania-barcelonesa\\\/\"]}]},{\"@type\":\"ImageObject\",\"inLanguage\":\"es\",\"@id\":\"https:\\\/\\\/www.sindicaturabarcelona.cat\\\/es\\\/la-ubicacion-de-los-contenedores-motivo-de-queja-recurrente-de-la-ciudadania-barcelonesa\\\/#primaryimage\",\"url\":\"https:\\\/\\\/www.sindicaturabarcelona.cat\\\/wp-content\\\/uploads\\\/Contenidors-motiu-recurrent-queixa-1.jpg\",\"contentUrl\":\"https:\\\/\\\/www.sindicaturabarcelona.cat\\\/wp-content\\\/uploads\\\/Contenidors-motiu-recurrent-queixa-1.jpg\",\"width\":1533,\"height\":1024,\"caption\":\"Contenedores motivo recurrente queja\"},{\"@type\":\"BreadcrumbList\",\"@id\":\"https:\\\/\\\/www.sindicaturabarcelona.cat\\\/es\\\/la-ubicacion-de-los-contenedores-motivo-de-queja-recurrente-de-la-ciudadania-barcelonesa\\\/#breadcrumb\",\"itemListElement\":[{\"@type\":\"ListItem\",\"position\":1,\"name\":\"Inici\",\"item\":\"https:\\\/\\\/www.sindicaturabarcelona.cat\\\/es\\\/\"},{\"@type\":\"ListItem\",\"position\":2,\"name\":\"La ubicaci\u00f3n de los contenedores, motivo de queja recurrente de la ciudadan\u00eda barcelonesa\"}]},{\"@type\":\"WebSite\",\"@id\":\"https:\\\/\\\/www.sindicaturabarcelona.cat\\\/es\\\/#website\",\"url\":\"https:\\\/\\\/www.sindicaturabarcelona.cat\\\/es\\\/\",\"name\":\"Sindicatura de Greuges de Barcelona\",\"description\":\"La defensoria dels teus drets\",\"publisher\":{\"@id\":\"https:\\\/\\\/www.sindicaturabarcelona.cat\\\/es\\\/#organization\"},\"potentialAction\":[{\"@type\":\"SearchAction\",\"target\":{\"@type\":\"EntryPoint\",\"urlTemplate\":\"https:\\\/\\\/www.sindicaturabarcelona.cat\\\/es\\\/?s={search_term_string}\"},\"query-input\":{\"@type\":\"PropertyValueSpecification\",\"valueRequired\":true,\"valueName\":\"search_term_string\"}}],\"inLanguage\":\"es\"},{\"@type\":\"Organization\",\"@id\":\"https:\\\/\\\/www.sindicaturabarcelona.cat\\\/es\\\/#organization\",\"name\":\"Sindicatura de Greuges de Barcelona\",\"url\":\"https:\\\/\\\/www.sindicaturabarcelona.cat\\\/es\\\/\",\"logo\":{\"@type\":\"ImageObject\",\"inLanguage\":\"es\",\"@id\":\"https:\\\/\\\/www.sindicaturabarcelona.cat\\\/es\\\/#\\\/schema\\\/logo\\\/image\\\/\",\"url\":\"https:\\\/\\\/www.sindicaturabarcelona.cat\\\/wp-content\\\/uploads\\\/2023\\\/02\\\/logo_sindicatura.svg\",\"contentUrl\":\"https:\\\/\\\/www.sindicaturabarcelona.cat\\\/wp-content\\\/uploads\\\/2023\\\/02\\\/logo_sindicatura.svg\",\"caption\":\"Sindicatura de Greuges de Barcelona\"},\"image\":{\"@id\":\"https:\\\/\\\/www.sindicaturabarcelona.cat\\\/es\\\/#\\\/schema\\\/logo\\\/image\\\/\"},\"sameAs\":[\"https:\\\/\\\/x.com\\\/sindicbarcelona\",\"https:\\\/\\\/www.instagram.com\\\/sindicbarcelona\\\/\",\"https:\\\/\\\/www.tiktok.com\\\/@sindicaturabcn\",\"https:\\\/\\\/t.me\\\/sindicaturabarcelona\"]},{\"@type\":\"Person\",\"@id\":\"https:\\\/\\\/www.sindicaturabarcelona.cat\\\/es\\\/#\\\/schema\\\/person\\\/0e5acffc350ffdbc97578159322c9452\",\"name\":\"Pablo\",\"image\":{\"@type\":\"ImageObject\",\"inLanguage\":\"es\",\"@id\":\"https:\\\/\\\/secure.gravatar.com\\\/avatar\\\/c948169b402ef9492afde705c3dfd5e90e1a6a84ef6840a91124f805a25a480f?s=96&d=mm&r=g\",\"url\":\"https:\\\/\\\/secure.gravatar.com\\\/avatar\\\/c948169b402ef9492afde705c3dfd5e90e1a6a84ef6840a91124f805a25a480f?s=96&d=mm&r=g\",\"contentUrl\":\"https:\\\/\\\/secure.gravatar.com\\\/avatar\\\/c948169b402ef9492afde705c3dfd5e90e1a6a84ef6840a91124f805a25a480f?s=96&d=mm&r=g\",\"caption\":\"Pablo\"},\"url\":\"https:\\\/\\\/www.sindicaturabarcelona.cat\\\/es\\\/author\\\/pablo\\\/\"}]}<\/script>\n<!-- \/ Yoast SEO plugin. -->","yoast_head_json":{"title":"La ubicaci\u00f3n de los contenedores, motivo de queja recurrente de la ciudadan\u00eda barcelonesa - Sindicatura de Greuges de Barcelona","description":"Recurrentemente, la ciudadan\u00eda se dirige a la Sindicatura para mostrar disconformidad con la ubicaci\u00f3n de los contenedores y pedir cambios.","robots":{"index":"index","follow":"follow","max-snippet":"max-snippet:-1","max-image-preview":"max-image-preview:large","max-video-preview":"max-video-preview:-1"},"canonical":"https:\/\/www.sindicaturabarcelona.cat\/es\/la-ubicacion-de-los-contenedores-motivo-de-queja-recurrente-de-la-ciudadania-barcelonesa\/","og_locale":"es_ES","og_type":"article","og_title":"La ubicaci\u00f3n de los contenedores, motivo de queja recurrente de la ciudadan\u00eda barcelonesa - Sindicatura de Greuges de Barcelona","og_description":"Recurrentemente, la ciudadan\u00eda se dirige a la Sindicatura para mostrar disconformidad con la ubicaci\u00f3n de los contenedores y pedir cambios.","og_url":"https:\/\/www.sindicaturabarcelona.cat\/es\/la-ubicacion-de-los-contenedores-motivo-de-queja-recurrente-de-la-ciudadania-barcelonesa\/","og_site_name":"Sindicatura de Greuges de Barcelona","article_published_time":"2023-11-10T11:45:04+00:00","article_modified_time":"2023-11-10T11:51:14+00:00","og_image":[{"width":1533,"height":1024,"url":"https:\/\/www.sindicaturabarcelona.cat\/wp-content\/uploads\/Contenidors-motiu-recurrent-queixa-1.jpg","type":"image\/jpeg"}],"author":"Pablo","twitter_card":"summary_large_image","twitter_creator":"@sindicbarcelona","twitter_site":"@sindicbarcelona","twitter_misc":{"Escrito por":"Pablo","Tiempo de lectura":"7 minutos"},"schema":{"@context":"https:\/\/schema.org","@graph":[{"@type":"Article","@id":"https:\/\/www.sindicaturabarcelona.cat\/es\/la-ubicacion-de-los-contenedores-motivo-de-queja-recurrente-de-la-ciudadania-barcelonesa\/#article","isPartOf":{"@id":"https:\/\/www.sindicaturabarcelona.cat\/es\/la-ubicacion-de-los-contenedores-motivo-de-queja-recurrente-de-la-ciudadania-barcelonesa\/"},"author":{"name":"Pablo","@id":"https:\/\/www.sindicaturabarcelona.cat\/es\/#\/schema\/person\/0e5acffc350ffdbc97578159322c9452"},"headline":"La ubicaci\u00f3n de los contenedores, motivo de queja recurrente de la ciudadan\u00eda barcelonesa","datePublished":"2023-11-10T11:45:04+00:00","dateModified":"2023-11-10T11:51:14+00:00","mainEntityOfPage":{"@id":"https:\/\/www.sindicaturabarcelona.cat\/es\/la-ubicacion-de-los-contenedores-motivo-de-queja-recurrente-de-la-ciudadania-barcelonesa\/"},"wordCount":1192,"publisher":{"@id":"https:\/\/www.sindicaturabarcelona.cat\/es\/#organization"},"image":{"@id":"https:\/\/www.sindicaturabarcelona.cat\/es\/la-ubicacion-de-los-contenedores-motivo-de-queja-recurrente-de-la-ciudadania-barcelonesa\/#primaryimage"},"thumbnailUrl":"https:\/\/www.sindicaturabarcelona.cat\/wp-content\/uploads\/Contenidors-motiu-recurrent-queixa-1.jpg","inLanguage":"es"},{"@type":"WebPage","@id":"https:\/\/www.sindicaturabarcelona.cat\/es\/la-ubicacion-de-los-contenedores-motivo-de-queja-recurrente-de-la-ciudadania-barcelonesa\/","url":"https:\/\/www.sindicaturabarcelona.cat\/es\/la-ubicacion-de-los-contenedores-motivo-de-queja-recurrente-de-la-ciudadania-barcelonesa\/","name":"La ubicaci\u00f3n de los contenedores, motivo de queja recurrente de la ciudadan\u00eda barcelonesa - Sindicatura de Greuges de Barcelona","isPartOf":{"@id":"https:\/\/www.sindicaturabarcelona.cat\/es\/#website"},"primaryImageOfPage":{"@id":"https:\/\/www.sindicaturabarcelona.cat\/es\/la-ubicacion-de-los-contenedores-motivo-de-queja-recurrente-de-la-ciudadania-barcelonesa\/#primaryimage"},"image":{"@id":"https:\/\/www.sindicaturabarcelona.cat\/es\/la-ubicacion-de-los-contenedores-motivo-de-queja-recurrente-de-la-ciudadania-barcelonesa\/#primaryimage"},"thumbnailUrl":"https:\/\/www.sindicaturabarcelona.cat\/wp-content\/uploads\/Contenidors-motiu-recurrent-queixa-1.jpg","datePublished":"2023-11-10T11:45:04+00:00","dateModified":"2023-11-10T11:51:14+00:00","description":"Recurrentemente, la ciudadan\u00eda se dirige a la Sindicatura para mostrar disconformidad con la ubicaci\u00f3n de los contenedores y pedir cambios.","breadcrumb":{"@id":"https:\/\/www.sindicaturabarcelona.cat\/es\/la-ubicacion-de-los-contenedores-motivo-de-queja-recurrente-de-la-ciudadania-barcelonesa\/#breadcrumb"},"inLanguage":"es","potentialAction":[{"@type":"ReadAction","target":["https:\/\/www.sindicaturabarcelona.cat\/es\/la-ubicacion-de-los-contenedores-motivo-de-queja-recurrente-de-la-ciudadania-barcelonesa\/"]}]},{"@type":"ImageObject","inLanguage":"es","@id":"https:\/\/www.sindicaturabarcelona.cat\/es\/la-ubicacion-de-los-contenedores-motivo-de-queja-recurrente-de-la-ciudadania-barcelonesa\/#primaryimage","url":"https:\/\/www.sindicaturabarcelona.cat\/wp-content\/uploads\/Contenidors-motiu-recurrent-queixa-1.jpg","contentUrl":"https:\/\/www.sindicaturabarcelona.cat\/wp-content\/uploads\/Contenidors-motiu-recurrent-queixa-1.jpg","width":1533,"height":1024,"caption":"Contenedores motivo recurrente queja"},{"@type":"BreadcrumbList","@id":"https:\/\/www.sindicaturabarcelona.cat\/es\/la-ubicacion-de-los-contenedores-motivo-de-queja-recurrente-de-la-ciudadania-barcelonesa\/#breadcrumb","itemListElement":[{"@type":"ListItem","position":1,"name":"Inici","item":"https:\/\/www.sindicaturabarcelona.cat\/es\/"},{"@type":"ListItem","position":2,"name":"La ubicaci\u00f3n de los contenedores, motivo de queja recurrente de la ciudadan\u00eda barcelonesa"}]},{"@type":"WebSite","@id":"https:\/\/www.sindicaturabarcelona.cat\/es\/#website","url":"https:\/\/www.sindicaturabarcelona.cat\/es\/","name":"Sindicatura de Greuges de Barcelona","description":"La defensoria dels teus drets","publisher":{"@id":"https:\/\/www.sindicaturabarcelona.cat\/es\/#organization"},"potentialAction":[{"@type":"SearchAction","target":{"@type":"EntryPoint","urlTemplate":"https:\/\/www.sindicaturabarcelona.cat\/es\/?s={search_term_string}"},"query-input":{"@type":"PropertyValueSpecification","valueRequired":true,"valueName":"search_term_string"}}],"inLanguage":"es"},{"@type":"Organization","@id":"https:\/\/www.sindicaturabarcelona.cat\/es\/#organization","name":"Sindicatura de Greuges de Barcelona","url":"https:\/\/www.sindicaturabarcelona.cat\/es\/","logo":{"@type":"ImageObject","inLanguage":"es","@id":"https:\/\/www.sindicaturabarcelona.cat\/es\/#\/schema\/logo\/image\/","url":"https:\/\/www.sindicaturabarcelona.cat\/wp-content\/uploads\/2023\/02\/logo_sindicatura.svg","contentUrl":"https:\/\/www.sindicaturabarcelona.cat\/wp-content\/uploads\/2023\/02\/logo_sindicatura.svg","caption":"Sindicatura de Greuges de Barcelona"},"image":{"@id":"https:\/\/www.sindicaturabarcelona.cat\/es\/#\/schema\/logo\/image\/"},"sameAs":["https:\/\/x.com\/sindicbarcelona","https:\/\/www.instagram.com\/sindicbarcelona\/","https:\/\/www.tiktok.com\/@sindicaturabcn","https:\/\/t.me\/sindicaturabarcelona"]},{"@type":"Person","@id":"https:\/\/www.sindicaturabarcelona.cat\/es\/#\/schema\/person\/0e5acffc350ffdbc97578159322c9452","name":"Pablo","image":{"@type":"ImageObject","inLanguage":"es","@id":"https:\/\/secure.gravatar.com\/avatar\/c948169b402ef9492afde705c3dfd5e90e1a6a84ef6840a91124f805a25a480f?s=96&d=mm&r=g","url":"https:\/\/secure.gravatar.com\/avatar\/c948169b402ef9492afde705c3dfd5e90e1a6a84ef6840a91124f805a25a480f?s=96&d=mm&r=g","contentUrl":"https:\/\/secure.gravatar.com\/avatar\/c948169b402ef9492afde705c3dfd5e90e1a6a84ef6840a91124f805a25a480f?s=96&d=mm&r=g","caption":"Pablo"},"url":"https:\/\/www.sindicaturabarcelona.cat\/es\/author\/pablo\/"}]}},"_links":{"self":[{"href":"https:\/\/www.sindicaturabarcelona.cat\/es\/wp-json\/wp\/v2\/posts\/30468","targetHints":{"allow":["GET"]}}],"collection":[{"href":"https:\/\/www.sindicaturabarcelona.cat\/es\/wp-json\/wp\/v2\/posts"}],"about":[{"href":"https:\/\/www.sindicaturabarcelona.cat\/es\/wp-json\/wp\/v2\/types\/post"}],"author":[{"embeddable":true,"href":"https:\/\/www.sindicaturabarcelona.cat\/es\/wp-json\/wp\/v2\/users\/2"}],"replies":[{"embeddable":true,"href":"https:\/\/www.sindicaturabarcelona.cat\/es\/wp-json\/wp\/v2\/comments?post=30468"}],"version-history":[{"count":1,"href":"https:\/\/www.sindicaturabarcelona.cat\/es\/wp-json\/wp\/v2\/posts\/30468\/revisions"}],"predecessor-version":[{"id":30472,"href":"https:\/\/www.sindicaturabarcelona.cat\/es\/wp-json\/wp\/v2\/posts\/30468\/revisions\/30472"}],"wp:featuredmedia":[{"embeddable":true,"href":"https:\/\/www.sindicaturabarcelona.cat\/es\/wp-json\/wp\/v2\/media\/30469"}],"wp:attachment":[{"href":"https:\/\/www.sindicaturabarcelona.cat\/es\/wp-json\/wp\/v2\/media?parent=30468"}],"wp:term":[{"taxonomy":"post_tag","embeddable":true,"href":"https:\/\/www.sindicaturabarcelona.cat\/es\/wp-json\/wp\/v2\/tags?post=30468"},{"taxonomy":"drets","embeddable":true,"href":"https:\/\/www.sindicaturabarcelona.cat\/es\/wp-json\/wp\/v2\/drets?post=30468"}],"curies":[{"name":"wp","href":"https:\/\/api.w.org\/{rel}","templated":true}]}}