{"id":30366,"date":"2023-10-24T11:40:43","date_gmt":"2023-10-24T09:40:43","guid":{"rendered":"https:\/\/www.sindicaturabarcelona.cat\/?p=30366"},"modified":"2025-04-08T09:25:39","modified_gmt":"2025-04-08T07:25:39","slug":"la-sindicatura-de-greuges-de-barcelona-propone-la-creacion-de-un-punto-de-asesoramiento-derivacion-y-acompanamiento-por-familias-de-personas-encarceladas","status":"publish","type":"post","link":"https:\/\/www.sindicaturabarcelona.cat\/es\/la-sindicatura-de-greuges-de-barcelona-propone-la-creacion-de-un-punto-de-asesoramiento-derivacion-y-acompanamiento-por-familias-de-personas-encarceladas\/","title":{"rendered":"La Sindicatura de Greuges de Barcelona propone la creaci\u00f3n de un Punto de Asesoramiento, Derivaci\u00f3n y Acompa\u00f1amiento para familias de personas encarceladas"},"content":{"rendered":"\n<h2 class=\"wp-block-heading\"><strong>La defensor\u00eda publica un informe sobre la atenci\u00f3n a las familias de personas encarceladas residentes en Barcelona y su \u00e1rea metropolitana<\/strong><\/h2>\n\n\n\n<p><strong>La Sindicatura de Greuges de Barcelona ha presentado el informe \u00ab<em>La atenci\u00f3n a las familias de personas encarceladas residentes en Barcelona y su \u00e1rea metropolitana<\/em>\u00ab<\/strong>, en el que se analiza la afectaci\u00f3n de derechos de este colectivo. Este estudio pone de manifiesto carencias espec\u00edficas en el apoyo que reciben estas personas y apunta a soluciones en dos direcciones: una serie de recomendaciones a las administraciones p\u00fablicas y <strong>la propuesta de creaci\u00f3n de un Punto de Asesoramiento, Derivaci\u00f3n y Acompa\u00f1amiento (<em>PADA<\/em>) para familias de personas presas<\/strong>.<\/p>\n\n\n\n<p>Por un correcto abordaje de esta situaci\u00f3n teniendo en cuenta su dimensi\u00f3n metropolitana, el informe ha sido elaborado en colaboraci\u00f3n con el S\u00edndic de Greuges de Catalunya, el Foro de S\u00edndics y Defensores Locales de Catalunya, y los s\u00edndicos y s\u00edndicas de Badalona, Cornell\u00e0, L&#8217;Hospitalet de Llobregat, Rub\u00ed, Sabadell, Sant Boi, Santa Coloma de Gramanet, Sant Feliu de Llobregat y Terrassa.<\/p>\n\n\n\n<h3 class=\"wp-block-heading\"><strong>Las familias de personas encarceladas, un colectivo invisibilizado<\/strong><\/h3>\n\n\n\n<p><strong>Habitualmente se han invisibilizado las necesidades de las familias de las personas encarceladas y los problemas que deben afrontar<\/strong>, a la vez que se pone de manifiesto una cierta falta de protecci\u00f3n institucional hacia este colectivo. El objetivo de la investigaci\u00f3n consiste en analizar c\u00f3mo se puede ayudar a revertir esta situaci\u00f3n ya paliar estos problemas y necesidades desde los servicios municipales.<\/p>\n\n\n\n<p>Este informe busca <strong>diagnosticar la situaci\u00f3n de las familias de personas presas para detectar carencias o deficiencias en la atenci\u00f3n por parte de las administraciones p\u00fablicas<\/strong>, as\u00ed como elaborar recomendaciones o propuestas de mejora.<\/p>\n\n\n\n<p>Para llegar a este diagn\u00f3stico se ha realizado una investigaci\u00f3n documental, que ha permitido elaborar una radiograf\u00eda de los problemas y establecer una relaci\u00f3n de las necesidades, y una investigaci\u00f3n emp\u00edrica con entrevistas, cuestionarios y din\u00e1micas de grupo focalizadas que han servido para valorar los servicios existentes , el grado de conocimiento de \u00e9stos y la cobertura de necesidades. Necesidades que han estado divididas en cuatro \u00e1mbitos: las derivadas del impacto emocional y psicosocial, las vinculadas a la relaci\u00f3n con la instituci\u00f3n penitenciaria, las derivadas del impacto econ\u00f3mico y laboral, y por \u00faltimo aquellas vinculadas a la cuesti\u00f3n de salud f\u00edsica y mental.<\/p>\n\n\n\n<h3 class=\"wp-block-heading\"><strong>Necesidades principales de las familias de personas encarceladas<\/strong><\/h3>\n\n\n\n<p>De la primera parte del estudio se pueden extraer <strong>las principales necesidades que tienen las familias de las personas encarceladas<\/strong>:<\/p>\n\n\n\n<p>\u25cf Necesidad de informaci\u00f3n, orientaci\u00f3n y acompa\u00f1amiento, tanto sobre la afectaci\u00f3n sociofamiliar, como respecto de la situaci\u00f3n de la persona encarcelada y el funcionamiento mismo del sistema penitenciario.<\/p>\n\n\n\n<p>\u25cf Necesidad de apoyo psicol\u00f3gico al inicio del encarcelamiento, durante \u00e9ste y una vez se produce la liberaci\u00f3n.<\/p>\n\n\n\n<p>\u25cf Necesidad de apoyo jur\u00eddico para atender incidencias o solicitudes, as\u00ed como las situaciones de indefensi\u00f3n.<\/p>\n\n\n\n<p>\u25cf Necesidad de orientaci\u00f3n, asesoramiento y acompa\u00f1amiento en cuestiones econ\u00f3micas y laborales.<\/p>\n\n\n\n<p>\u25cf Necesidad de orientaci\u00f3n, asesoramiento y acompa\u00f1amiento en cuestiones de salud f\u00edsica y mental.<\/p>\n\n\n\n<h3 class=\"wp-block-heading\"><strong>Propuestas en las administraciones p\u00fablicas<\/strong><\/h3>\n\n\n\n<p>El informe permite apreciar c\u00f3mo, aunque la pol\u00edtica penitenciaria catalana considera a las familias un agente fundamental en el proceso de desistimiento y reinserci\u00f3n, los servicios que se ponen a disposici\u00f3n de estas familias no tienen capacidad para dar respuesta a gran parte de las sus necesidades. En este contexto, se ponen de manifiesto una serie de carencias en cuanto a la cobertura de estas necesidades, las cuales se pueden agrupar en dos bloques principales:<\/p>\n\n\n\n<ol style=\"list-style-type:1\" class=\"wp-block-list\">\n<li>D\u00e9ficit en la informaci\u00f3n, orientaci\u00f3n y asesoramiento<\/li>\n\n\n\n<li>Falta de apoyo psicosocial con el que se encuentran la mayor parte de estas personas para hacer frente a la experiencia del encarcelamiento de su familiar<\/li>\n<\/ol>\n\n\n\n<p>Por este motivo, este informe incluye propuestas o recomendaciones dirigidas a administraciones p\u00fablicas que escapan a las competencias municipales, como la Secretar\u00eda de Medidas Penales, Reinserci\u00f3n y Atenci\u00f3n a la V\u00edctima (SMPRAV) y el Programa de Salud Penitenciaria del Institut Catal\u00e0 de Salut (ICS), organizaciones que dependen en \u00faltima instancia de la Generalitat de Catalunya. El listado de recomendaciones est\u00e1n disponibles tanto en el informe como en su resumen ejecutivo.<\/p>\n\n\n\n<p>En el \u00e1mbito de la competencia municipal, <strong>se recomienda a los Servicios Sociales de Atenci\u00f3n Primaria:<\/strong><\/p>\n\n\n\n<p>\u25cf Considerar el hecho de que la persona usuaria de los Servicios Sociales tenga a una persona de su unidad familiar privada de libertad como una <strong>variable que puede aumentar su riesgo de exclusi\u00f3n social<\/strong>.<\/p>\n\n\n\n<p>\u25cf Cuando la persona usuaria de los servicios sociales municipales tenga alg\u00fan familiar en privaci\u00f3n de libertad, <strong>tener en cuenta los posibles problemas y necesidades en el \u00e1mbito econ\u00f3mico y laboral<\/strong>.<\/p>\n\n\n\n<p>\u25cf Cuando la persona usuaria de los servicios sociales municipales tenga a alg\u00fan familiar en privaci\u00f3n de libertad, <strong>potenciar la coordinaci\u00f3n con los servicios sociales penitenciarios<\/strong>, con el objetivo de garantizar la cobertura de sus necesidades.<\/p>\n\n\n\n<p>Pero la principal recomendaci\u00f3n en el \u00e1mbito municipal es la creaci\u00f3n de un <strong>Punto de Asesoramiento, Derivaci\u00f3n y Acompa\u00f1amiento<\/strong> (<em>PADA<\/em>) para familias de personas presas en la ciudad de Barcelona.<\/p>\n\n\n\n<h3 class=\"wp-block-heading\"><strong>La creaci\u00f3n del primer <em>PADA<\/em> en Barcelona<\/strong><\/h3>\n\n\n\n<p>La propuesta m\u00e1s relevante de este informe es la de <strong>crear un nuevo servicio municipal para familias de personas encarceladas<\/strong>. Un <em>PADA<\/em> donde se pueda atender a las familias de forma personalizada, dando informaci\u00f3n y orientaci\u00f3n sobre sus problemas, necesidades y casu\u00edsticas particulares. <strong>Un servicio centralizado (al estilo de una ventanilla \u00fanica)<\/strong>, frente a la gran diversidad de recursos potencialmente disponibles ya los que se les pueda derivar y acompa\u00f1ar. Un espacio independiente de la propia Administraci\u00f3n Penitenciaria.<\/p>\n\n\n\n<p>Esta propuesta de punto de atenci\u00f3n se basa en experiencias y servicios similares de Europa y Am\u00e9rica Latina, e incluso se mira como posible inspiraci\u00f3n de cara al dise\u00f1o de los <em>PADA<\/em> el Servicio de Atenci\u00f3n a Inmigrantes, Emigrantes y Refugiados (SAIER) del Ayuntamiento de Barcelona, aunque ofrece atenci\u00f3n sobre otras situaciones y colectivos.<\/p>\n\n\n\n<p>En una primera delimitaci\u00f3n de las funciones de este <em>PADA<\/em> de la ciudad de Barcelona, deber\u00edan ser:<\/p>\n\n\n\n<ul class=\"wp-block-list\">\n<li><strong>Centralizaci\u00f3n de la atenci\u00f3n a las familias de personas<\/strong> <strong>encarceladas<\/strong>: el <em>PADA<\/em> quiere constituirse en un \u00fanico punto en el que atender cualquier problema o necesidad.<\/li>\n\n\n\n<li><strong>Atenci\u00f3n personalizada y confidencial: <\/strong>el <em>PADA<\/em> debe garantizar una atenci\u00f3n personalizada y confidencial.<\/li>\n\n\n\n<li><strong>Informaci\u00f3n:<\/strong> se podr\u00eda informar sobre el funcionamiento general del sistema penitenciario, los pasos a realizar ante incidencias vividas, los diferentes recursos sociales, y las entidades que pueden ayudar en t\u00e9rminos de apoyo mutuo.<\/li>\n\n\n\n<li><strong>Orientaci\u00f3n y asesoramiento:<\/strong> desde el <em>PADA<\/em> se puede llevar a cabo una orientaci\u00f3n y asesoramiento ajustados a la casu\u00edstica particular de cada usuario del servicio.<\/li>\n\n\n\n<li><strong>Derivaci\u00f3n: <\/strong>El <em>PADA<\/em> est\u00e1 pensado para atender a las familias, analizar los problemas que presentan, informarlas, orientarlas, asesorarlas y, una vez hecho esto, derivarlas hacia los recursos existentes. Esto puede permitir tambi\u00e9n aumentar el uso de estos recursos, a menudo desconocidos por las familias.<\/li>\n\n\n\n<li><strong>Acompa\u00f1amiento:<\/strong> Desde el <em>PADA<\/em>, si se considera necesario, se puede realizar un acompa\u00f1amiento en estos procesos para ayudar a llevarlos a cabo y hacer su seguimiento.<\/li>\n\n\n\n<li><strong>Apoyo psicosocial: <\/strong>Los <em>PADA<\/em> deber\u00edan ofrecer soporte psicosocial y potenciar el acceso de estas personas a recursos o profesionales con capacidad para dar una respuesta adaptada a las necesidades de \u00e1mbito psicosocial que puedan presentar.<\/li>\n\n\n\n<li><strong>Documentaci\u00f3n: <\/strong>Entre las tareas del <em>PADA<\/em> tambi\u00e9n estar\u00eda la elaboraci\u00f3n de informes anuales sobre las situaciones e incidencias atendidas.<\/li>\n<\/ul>\n\n\n\n<p><strong>Esta propuesta de la Sindicatura de Greuges de Barcelona tiene como objetivo la creaci\u00f3n de un primer <em>PADA<\/em> en la ciudad de Barcelona que se pueda replicar posteriormente en otros lugares del territorio.<\/strong><\/p>\n","protected":false},"excerpt":{"rendered":"<p>La defensor\u00eda publica un informe sobre la atenci\u00f3n a las familias de personas encarceladas residentes en Barcelona y su \u00e1rea metropolitana La Sindicatura de Greuges de Barcelona ha presentado el [&hellip;]<\/p>\n","protected":false},"author":2,"featured_media":30362,"comment_status":"closed","ping_status":"closed","sticky":false,"template":"","format":"standard","meta":{"_acf_changed":false,"footnotes":""},"tags":[],"drets":[1583],"class_list":["post-30366","post","type-post","status-publish","format-standard","has-post-thumbnail","hentry","drets-ciudad-garantista"],"acf":[],"yoast_head":"<!-- This site is optimized with the Yoast SEO plugin v27.5 - https:\/\/yoast.com\/product\/yoast-seo-wordpress\/ -->\n<title>La Sindicatura de Greuges de Barcelona propone la creaci\u00f3n de un Punto de Asesoramiento, Derivaci\u00f3n y Acompa\u00f1amiento para familias de personas encarceladas - Sindicatura de Greuges de Barcelona<\/title>\n<meta name=\"robots\" content=\"index, follow, max-snippet:-1, max-image-preview:large, max-video-preview:-1\" \/>\n<link rel=\"canonical\" href=\"https:\/\/www.sindicaturabarcelona.cat\/es\/la-sindicatura-de-greuges-de-barcelona-propone-la-creacion-de-un-punto-de-asesoramiento-derivacion-y-acompanamiento-por-familias-de-personas-encarceladas\/\" \/>\n<meta property=\"og:locale\" content=\"es_ES\" \/>\n<meta property=\"og:type\" content=\"article\" \/>\n<meta property=\"og:title\" content=\"La Sindicatura de Greuges de Barcelona propone la creaci\u00f3n de un Punto de Asesoramiento, Derivaci\u00f3n y Acompa\u00f1amiento para familias de personas encarceladas - Sindicatura de Greuges de Barcelona\" \/>\n<meta property=\"og:description\" content=\"La defensor\u00eda publica un informe sobre la atenci\u00f3n a las familias de personas encarceladas residentes en Barcelona y su \u00e1rea metropolitana La Sindicatura de Greuges de Barcelona ha presentado el [&hellip;]\" \/>\n<meta property=\"og:url\" content=\"https:\/\/www.sindicaturabarcelona.cat\/es\/la-sindicatura-de-greuges-de-barcelona-propone-la-creacion-de-un-punto-de-asesoramiento-derivacion-y-acompanamiento-por-familias-de-personas-encarceladas\/\" \/>\n<meta property=\"og:site_name\" content=\"Sindicatura de Greuges de Barcelona\" \/>\n<meta property=\"article:published_time\" content=\"2023-10-24T09:40:43+00:00\" \/>\n<meta property=\"article:modified_time\" content=\"2025-04-08T07:25:39+00:00\" \/>\n<meta property=\"og:image\" content=\"https:\/\/www.sindicaturabarcelona.cat\/wp-content\/uploads\/nina-jaula-Blue-scaled.jpg\" \/>\n\t<meta property=\"og:image:width\" content=\"2560\" \/>\n\t<meta property=\"og:image:height\" content=\"1570\" \/>\n\t<meta property=\"og:image:type\" content=\"image\/jpeg\" \/>\n<meta name=\"author\" content=\"Pablo\" \/>\n<meta name=\"twitter:card\" content=\"summary_large_image\" \/>\n<meta name=\"twitter:creator\" content=\"@sindicbarcelona\" \/>\n<meta name=\"twitter:site\" content=\"@sindicbarcelona\" \/>\n<meta name=\"twitter:label1\" content=\"Escrito por\" \/>\n\t<meta name=\"twitter:data1\" content=\"Pablo\" \/>\n\t<meta name=\"twitter:label2\" content=\"Tiempo de lectura\" \/>\n\t<meta name=\"twitter:data2\" content=\"7 minutos\" \/>\n<script type=\"application\/ld+json\" class=\"yoast-schema-graph\">{\"@context\":\"https:\\\/\\\/schema.org\",\"@graph\":[{\"@type\":\"Article\",\"@id\":\"https:\\\/\\\/www.sindicaturabarcelona.cat\\\/es\\\/la-sindicatura-de-greuges-de-barcelona-propone-la-creacion-de-un-punto-de-asesoramiento-derivacion-y-acompanamiento-por-familias-de-personas-encarceladas\\\/#article\",\"isPartOf\":{\"@id\":\"https:\\\/\\\/www.sindicaturabarcelona.cat\\\/es\\\/la-sindicatura-de-greuges-de-barcelona-propone-la-creacion-de-un-punto-de-asesoramiento-derivacion-y-acompanamiento-por-familias-de-personas-encarceladas\\\/\"},\"author\":{\"name\":\"Pablo\",\"@id\":\"https:\\\/\\\/www.sindicaturabarcelona.cat\\\/es\\\/#\\\/schema\\\/person\\\/0e5acffc350ffdbc97578159322c9452\"},\"headline\":\"La Sindicatura de Greuges de Barcelona propone la creaci\u00f3n de un Punto de Asesoramiento, Derivaci\u00f3n y Acompa\u00f1amiento para familias de personas encarceladas\",\"datePublished\":\"2023-10-24T09:40:43+00:00\",\"dateModified\":\"2025-04-08T07:25:39+00:00\",\"mainEntityOfPage\":{\"@id\":\"https:\\\/\\\/www.sindicaturabarcelona.cat\\\/es\\\/la-sindicatura-de-greuges-de-barcelona-propone-la-creacion-de-un-punto-de-asesoramiento-derivacion-y-acompanamiento-por-familias-de-personas-encarceladas\\\/\"},\"wordCount\":1359,\"publisher\":{\"@id\":\"https:\\\/\\\/www.sindicaturabarcelona.cat\\\/es\\\/#organization\"},\"image\":{\"@id\":\"https:\\\/\\\/www.sindicaturabarcelona.cat\\\/es\\\/la-sindicatura-de-greuges-de-barcelona-propone-la-creacion-de-un-punto-de-asesoramiento-derivacion-y-acompanamiento-por-familias-de-personas-encarceladas\\\/#primaryimage\"},\"thumbnailUrl\":\"https:\\\/\\\/www.sindicaturabarcelona.cat\\\/wp-content\\\/uploads\\\/nina-jaula-Blue-scaled.jpg\",\"inLanguage\":\"es\"},{\"@type\":\"WebPage\",\"@id\":\"https:\\\/\\\/www.sindicaturabarcelona.cat\\\/es\\\/la-sindicatura-de-greuges-de-barcelona-propone-la-creacion-de-un-punto-de-asesoramiento-derivacion-y-acompanamiento-por-familias-de-personas-encarceladas\\\/\",\"url\":\"https:\\\/\\\/www.sindicaturabarcelona.cat\\\/es\\\/la-sindicatura-de-greuges-de-barcelona-propone-la-creacion-de-un-punto-de-asesoramiento-derivacion-y-acompanamiento-por-familias-de-personas-encarceladas\\\/\",\"name\":\"La Sindicatura de Greuges de Barcelona propone la creaci\u00f3n de un Punto de Asesoramiento, Derivaci\u00f3n y Acompa\u00f1amiento para familias de personas encarceladas - Sindicatura de Greuges de Barcelona\",\"isPartOf\":{\"@id\":\"https:\\\/\\\/www.sindicaturabarcelona.cat\\\/es\\\/#website\"},\"primaryImageOfPage\":{\"@id\":\"https:\\\/\\\/www.sindicaturabarcelona.cat\\\/es\\\/la-sindicatura-de-greuges-de-barcelona-propone-la-creacion-de-un-punto-de-asesoramiento-derivacion-y-acompanamiento-por-familias-de-personas-encarceladas\\\/#primaryimage\"},\"image\":{\"@id\":\"https:\\\/\\\/www.sindicaturabarcelona.cat\\\/es\\\/la-sindicatura-de-greuges-de-barcelona-propone-la-creacion-de-un-punto-de-asesoramiento-derivacion-y-acompanamiento-por-familias-de-personas-encarceladas\\\/#primaryimage\"},\"thumbnailUrl\":\"https:\\\/\\\/www.sindicaturabarcelona.cat\\\/wp-content\\\/uploads\\\/nina-jaula-Blue-scaled.jpg\",\"datePublished\":\"2023-10-24T09:40:43+00:00\",\"dateModified\":\"2025-04-08T07:25:39+00:00\",\"breadcrumb\":{\"@id\":\"https:\\\/\\\/www.sindicaturabarcelona.cat\\\/es\\\/la-sindicatura-de-greuges-de-barcelona-propone-la-creacion-de-un-punto-de-asesoramiento-derivacion-y-acompanamiento-por-familias-de-personas-encarceladas\\\/#breadcrumb\"},\"inLanguage\":\"es\",\"potentialAction\":[{\"@type\":\"ReadAction\",\"target\":[\"https:\\\/\\\/www.sindicaturabarcelona.cat\\\/es\\\/la-sindicatura-de-greuges-de-barcelona-propone-la-creacion-de-un-punto-de-asesoramiento-derivacion-y-acompanamiento-por-familias-de-personas-encarceladas\\\/\"]}]},{\"@type\":\"ImageObject\",\"inLanguage\":\"es\",\"@id\":\"https:\\\/\\\/www.sindicaturabarcelona.cat\\\/es\\\/la-sindicatura-de-greuges-de-barcelona-propone-la-creacion-de-un-punto-de-asesoramiento-derivacion-y-acompanamiento-por-familias-de-personas-encarceladas\\\/#primaryimage\",\"url\":\"https:\\\/\\\/www.sindicaturabarcelona.cat\\\/wp-content\\\/uploads\\\/nina-jaula-Blue-scaled.jpg\",\"contentUrl\":\"https:\\\/\\\/www.sindicaturabarcelona.cat\\\/wp-content\\\/uploads\\\/nina-jaula-Blue-scaled.jpg\",\"width\":2560,\"height\":1570,\"caption\":\"Asia girl hands steel net behind cage.\"},{\"@type\":\"BreadcrumbList\",\"@id\":\"https:\\\/\\\/www.sindicaturabarcelona.cat\\\/es\\\/la-sindicatura-de-greuges-de-barcelona-propone-la-creacion-de-un-punto-de-asesoramiento-derivacion-y-acompanamiento-por-familias-de-personas-encarceladas\\\/#breadcrumb\",\"itemListElement\":[{\"@type\":\"ListItem\",\"position\":1,\"name\":\"Inici\",\"item\":\"https:\\\/\\\/www.sindicaturabarcelona.cat\\\/es\\\/\"},{\"@type\":\"ListItem\",\"position\":2,\"name\":\"La Sindicatura de Greuges de Barcelona propone la creaci\u00f3n de un Punto de Asesoramiento, Derivaci\u00f3n y Acompa\u00f1amiento para familias de personas encarceladas\"}]},{\"@type\":\"WebSite\",\"@id\":\"https:\\\/\\\/www.sindicaturabarcelona.cat\\\/es\\\/#website\",\"url\":\"https:\\\/\\\/www.sindicaturabarcelona.cat\\\/es\\\/\",\"name\":\"Sindicatura de Greuges de Barcelona\",\"description\":\"La defensoria dels teus drets\",\"publisher\":{\"@id\":\"https:\\\/\\\/www.sindicaturabarcelona.cat\\\/es\\\/#organization\"},\"potentialAction\":[{\"@type\":\"SearchAction\",\"target\":{\"@type\":\"EntryPoint\",\"urlTemplate\":\"https:\\\/\\\/www.sindicaturabarcelona.cat\\\/es\\\/?s={search_term_string}\"},\"query-input\":{\"@type\":\"PropertyValueSpecification\",\"valueRequired\":true,\"valueName\":\"search_term_string\"}}],\"inLanguage\":\"es\"},{\"@type\":\"Organization\",\"@id\":\"https:\\\/\\\/www.sindicaturabarcelona.cat\\\/es\\\/#organization\",\"name\":\"Sindicatura de Greuges de Barcelona\",\"url\":\"https:\\\/\\\/www.sindicaturabarcelona.cat\\\/es\\\/\",\"logo\":{\"@type\":\"ImageObject\",\"inLanguage\":\"es\",\"@id\":\"https:\\\/\\\/www.sindicaturabarcelona.cat\\\/es\\\/#\\\/schema\\\/logo\\\/image\\\/\",\"url\":\"https:\\\/\\\/www.sindicaturabarcelona.cat\\\/wp-content\\\/uploads\\\/2023\\\/02\\\/logo_sindicatura.svg\",\"contentUrl\":\"https:\\\/\\\/www.sindicaturabarcelona.cat\\\/wp-content\\\/uploads\\\/2023\\\/02\\\/logo_sindicatura.svg\",\"caption\":\"Sindicatura de Greuges de Barcelona\"},\"image\":{\"@id\":\"https:\\\/\\\/www.sindicaturabarcelona.cat\\\/es\\\/#\\\/schema\\\/logo\\\/image\\\/\"},\"sameAs\":[\"https:\\\/\\\/x.com\\\/sindicbarcelona\",\"https:\\\/\\\/www.instagram.com\\\/sindicbarcelona\\\/\",\"https:\\\/\\\/www.tiktok.com\\\/@sindicaturabcn\",\"https:\\\/\\\/t.me\\\/sindicaturabarcelona\"]},{\"@type\":\"Person\",\"@id\":\"https:\\\/\\\/www.sindicaturabarcelona.cat\\\/es\\\/#\\\/schema\\\/person\\\/0e5acffc350ffdbc97578159322c9452\",\"name\":\"Pablo\",\"image\":{\"@type\":\"ImageObject\",\"inLanguage\":\"es\",\"@id\":\"https:\\\/\\\/secure.gravatar.com\\\/avatar\\\/c948169b402ef9492afde705c3dfd5e90e1a6a84ef6840a91124f805a25a480f?s=96&d=mm&r=g\",\"url\":\"https:\\\/\\\/secure.gravatar.com\\\/avatar\\\/c948169b402ef9492afde705c3dfd5e90e1a6a84ef6840a91124f805a25a480f?s=96&d=mm&r=g\",\"contentUrl\":\"https:\\\/\\\/secure.gravatar.com\\\/avatar\\\/c948169b402ef9492afde705c3dfd5e90e1a6a84ef6840a91124f805a25a480f?s=96&d=mm&r=g\",\"caption\":\"Pablo\"},\"url\":\"https:\\\/\\\/www.sindicaturabarcelona.cat\\\/es\\\/author\\\/pablo\\\/\"}]}<\/script>\n<!-- \/ Yoast SEO plugin. -->","yoast_head_json":{"title":"La Sindicatura de Greuges de Barcelona propone la creaci\u00f3n de un Punto de Asesoramiento, Derivaci\u00f3n y Acompa\u00f1amiento para familias de personas encarceladas - Sindicatura de Greuges de Barcelona","robots":{"index":"index","follow":"follow","max-snippet":"max-snippet:-1","max-image-preview":"max-image-preview:large","max-video-preview":"max-video-preview:-1"},"canonical":"https:\/\/www.sindicaturabarcelona.cat\/es\/la-sindicatura-de-greuges-de-barcelona-propone-la-creacion-de-un-punto-de-asesoramiento-derivacion-y-acompanamiento-por-familias-de-personas-encarceladas\/","og_locale":"es_ES","og_type":"article","og_title":"La Sindicatura de Greuges de Barcelona propone la creaci\u00f3n de un Punto de Asesoramiento, Derivaci\u00f3n y Acompa\u00f1amiento para familias de personas encarceladas - Sindicatura de Greuges de Barcelona","og_description":"La defensor\u00eda publica un informe sobre la atenci\u00f3n a las familias de personas encarceladas residentes en Barcelona y su \u00e1rea metropolitana La Sindicatura de Greuges de Barcelona ha presentado el [&hellip;]","og_url":"https:\/\/www.sindicaturabarcelona.cat\/es\/la-sindicatura-de-greuges-de-barcelona-propone-la-creacion-de-un-punto-de-asesoramiento-derivacion-y-acompanamiento-por-familias-de-personas-encarceladas\/","og_site_name":"Sindicatura de Greuges de Barcelona","article_published_time":"2023-10-24T09:40:43+00:00","article_modified_time":"2025-04-08T07:25:39+00:00","og_image":[{"width":2560,"height":1570,"url":"https:\/\/www.sindicaturabarcelona.cat\/wp-content\/uploads\/nina-jaula-Blue-scaled.jpg","type":"image\/jpeg"}],"author":"Pablo","twitter_card":"summary_large_image","twitter_creator":"@sindicbarcelona","twitter_site":"@sindicbarcelona","twitter_misc":{"Escrito por":"Pablo","Tiempo de lectura":"7 minutos"},"schema":{"@context":"https:\/\/schema.org","@graph":[{"@type":"Article","@id":"https:\/\/www.sindicaturabarcelona.cat\/es\/la-sindicatura-de-greuges-de-barcelona-propone-la-creacion-de-un-punto-de-asesoramiento-derivacion-y-acompanamiento-por-familias-de-personas-encarceladas\/#article","isPartOf":{"@id":"https:\/\/www.sindicaturabarcelona.cat\/es\/la-sindicatura-de-greuges-de-barcelona-propone-la-creacion-de-un-punto-de-asesoramiento-derivacion-y-acompanamiento-por-familias-de-personas-encarceladas\/"},"author":{"name":"Pablo","@id":"https:\/\/www.sindicaturabarcelona.cat\/es\/#\/schema\/person\/0e5acffc350ffdbc97578159322c9452"},"headline":"La Sindicatura de Greuges de Barcelona propone la creaci\u00f3n de un Punto de Asesoramiento, Derivaci\u00f3n y Acompa\u00f1amiento para familias de personas encarceladas","datePublished":"2023-10-24T09:40:43+00:00","dateModified":"2025-04-08T07:25:39+00:00","mainEntityOfPage":{"@id":"https:\/\/www.sindicaturabarcelona.cat\/es\/la-sindicatura-de-greuges-de-barcelona-propone-la-creacion-de-un-punto-de-asesoramiento-derivacion-y-acompanamiento-por-familias-de-personas-encarceladas\/"},"wordCount":1359,"publisher":{"@id":"https:\/\/www.sindicaturabarcelona.cat\/es\/#organization"},"image":{"@id":"https:\/\/www.sindicaturabarcelona.cat\/es\/la-sindicatura-de-greuges-de-barcelona-propone-la-creacion-de-un-punto-de-asesoramiento-derivacion-y-acompanamiento-por-familias-de-personas-encarceladas\/#primaryimage"},"thumbnailUrl":"https:\/\/www.sindicaturabarcelona.cat\/wp-content\/uploads\/nina-jaula-Blue-scaled.jpg","inLanguage":"es"},{"@type":"WebPage","@id":"https:\/\/www.sindicaturabarcelona.cat\/es\/la-sindicatura-de-greuges-de-barcelona-propone-la-creacion-de-un-punto-de-asesoramiento-derivacion-y-acompanamiento-por-familias-de-personas-encarceladas\/","url":"https:\/\/www.sindicaturabarcelona.cat\/es\/la-sindicatura-de-greuges-de-barcelona-propone-la-creacion-de-un-punto-de-asesoramiento-derivacion-y-acompanamiento-por-familias-de-personas-encarceladas\/","name":"La Sindicatura de Greuges de Barcelona propone la creaci\u00f3n de un Punto de Asesoramiento, Derivaci\u00f3n y Acompa\u00f1amiento para familias de personas encarceladas - Sindicatura de Greuges de Barcelona","isPartOf":{"@id":"https:\/\/www.sindicaturabarcelona.cat\/es\/#website"},"primaryImageOfPage":{"@id":"https:\/\/www.sindicaturabarcelona.cat\/es\/la-sindicatura-de-greuges-de-barcelona-propone-la-creacion-de-un-punto-de-asesoramiento-derivacion-y-acompanamiento-por-familias-de-personas-encarceladas\/#primaryimage"},"image":{"@id":"https:\/\/www.sindicaturabarcelona.cat\/es\/la-sindicatura-de-greuges-de-barcelona-propone-la-creacion-de-un-punto-de-asesoramiento-derivacion-y-acompanamiento-por-familias-de-personas-encarceladas\/#primaryimage"},"thumbnailUrl":"https:\/\/www.sindicaturabarcelona.cat\/wp-content\/uploads\/nina-jaula-Blue-scaled.jpg","datePublished":"2023-10-24T09:40:43+00:00","dateModified":"2025-04-08T07:25:39+00:00","breadcrumb":{"@id":"https:\/\/www.sindicaturabarcelona.cat\/es\/la-sindicatura-de-greuges-de-barcelona-propone-la-creacion-de-un-punto-de-asesoramiento-derivacion-y-acompanamiento-por-familias-de-personas-encarceladas\/#breadcrumb"},"inLanguage":"es","potentialAction":[{"@type":"ReadAction","target":["https:\/\/www.sindicaturabarcelona.cat\/es\/la-sindicatura-de-greuges-de-barcelona-propone-la-creacion-de-un-punto-de-asesoramiento-derivacion-y-acompanamiento-por-familias-de-personas-encarceladas\/"]}]},{"@type":"ImageObject","inLanguage":"es","@id":"https:\/\/www.sindicaturabarcelona.cat\/es\/la-sindicatura-de-greuges-de-barcelona-propone-la-creacion-de-un-punto-de-asesoramiento-derivacion-y-acompanamiento-por-familias-de-personas-encarceladas\/#primaryimage","url":"https:\/\/www.sindicaturabarcelona.cat\/wp-content\/uploads\/nina-jaula-Blue-scaled.jpg","contentUrl":"https:\/\/www.sindicaturabarcelona.cat\/wp-content\/uploads\/nina-jaula-Blue-scaled.jpg","width":2560,"height":1570,"caption":"Asia girl hands steel net behind cage."},{"@type":"BreadcrumbList","@id":"https:\/\/www.sindicaturabarcelona.cat\/es\/la-sindicatura-de-greuges-de-barcelona-propone-la-creacion-de-un-punto-de-asesoramiento-derivacion-y-acompanamiento-por-familias-de-personas-encarceladas\/#breadcrumb","itemListElement":[{"@type":"ListItem","position":1,"name":"Inici","item":"https:\/\/www.sindicaturabarcelona.cat\/es\/"},{"@type":"ListItem","position":2,"name":"La Sindicatura de Greuges de Barcelona propone la creaci\u00f3n de un Punto de Asesoramiento, Derivaci\u00f3n y Acompa\u00f1amiento para familias de personas encarceladas"}]},{"@type":"WebSite","@id":"https:\/\/www.sindicaturabarcelona.cat\/es\/#website","url":"https:\/\/www.sindicaturabarcelona.cat\/es\/","name":"Sindicatura de Greuges de Barcelona","description":"La defensoria dels teus drets","publisher":{"@id":"https:\/\/www.sindicaturabarcelona.cat\/es\/#organization"},"potentialAction":[{"@type":"SearchAction","target":{"@type":"EntryPoint","urlTemplate":"https:\/\/www.sindicaturabarcelona.cat\/es\/?s={search_term_string}"},"query-input":{"@type":"PropertyValueSpecification","valueRequired":true,"valueName":"search_term_string"}}],"inLanguage":"es"},{"@type":"Organization","@id":"https:\/\/www.sindicaturabarcelona.cat\/es\/#organization","name":"Sindicatura de Greuges de Barcelona","url":"https:\/\/www.sindicaturabarcelona.cat\/es\/","logo":{"@type":"ImageObject","inLanguage":"es","@id":"https:\/\/www.sindicaturabarcelona.cat\/es\/#\/schema\/logo\/image\/","url":"https:\/\/www.sindicaturabarcelona.cat\/wp-content\/uploads\/2023\/02\/logo_sindicatura.svg","contentUrl":"https:\/\/www.sindicaturabarcelona.cat\/wp-content\/uploads\/2023\/02\/logo_sindicatura.svg","caption":"Sindicatura de Greuges de Barcelona"},"image":{"@id":"https:\/\/www.sindicaturabarcelona.cat\/es\/#\/schema\/logo\/image\/"},"sameAs":["https:\/\/x.com\/sindicbarcelona","https:\/\/www.instagram.com\/sindicbarcelona\/","https:\/\/www.tiktok.com\/@sindicaturabcn","https:\/\/t.me\/sindicaturabarcelona"]},{"@type":"Person","@id":"https:\/\/www.sindicaturabarcelona.cat\/es\/#\/schema\/person\/0e5acffc350ffdbc97578159322c9452","name":"Pablo","image":{"@type":"ImageObject","inLanguage":"es","@id":"https:\/\/secure.gravatar.com\/avatar\/c948169b402ef9492afde705c3dfd5e90e1a6a84ef6840a91124f805a25a480f?s=96&d=mm&r=g","url":"https:\/\/secure.gravatar.com\/avatar\/c948169b402ef9492afde705c3dfd5e90e1a6a84ef6840a91124f805a25a480f?s=96&d=mm&r=g","contentUrl":"https:\/\/secure.gravatar.com\/avatar\/c948169b402ef9492afde705c3dfd5e90e1a6a84ef6840a91124f805a25a480f?s=96&d=mm&r=g","caption":"Pablo"},"url":"https:\/\/www.sindicaturabarcelona.cat\/es\/author\/pablo\/"}]}},"_links":{"self":[{"href":"https:\/\/www.sindicaturabarcelona.cat\/es\/wp-json\/wp\/v2\/posts\/30366","targetHints":{"allow":["GET"]}}],"collection":[{"href":"https:\/\/www.sindicaturabarcelona.cat\/es\/wp-json\/wp\/v2\/posts"}],"about":[{"href":"https:\/\/www.sindicaturabarcelona.cat\/es\/wp-json\/wp\/v2\/types\/post"}],"author":[{"embeddable":true,"href":"https:\/\/www.sindicaturabarcelona.cat\/es\/wp-json\/wp\/v2\/users\/2"}],"replies":[{"embeddable":true,"href":"https:\/\/www.sindicaturabarcelona.cat\/es\/wp-json\/wp\/v2\/comments?post=30366"}],"version-history":[{"count":3,"href":"https:\/\/www.sindicaturabarcelona.cat\/es\/wp-json\/wp\/v2\/posts\/30366\/revisions"}],"predecessor-version":[{"id":36607,"href":"https:\/\/www.sindicaturabarcelona.cat\/es\/wp-json\/wp\/v2\/posts\/30366\/revisions\/36607"}],"wp:featuredmedia":[{"embeddable":true,"href":"https:\/\/www.sindicaturabarcelona.cat\/es\/wp-json\/wp\/v2\/media\/30362"}],"wp:attachment":[{"href":"https:\/\/www.sindicaturabarcelona.cat\/es\/wp-json\/wp\/v2\/media?parent=30366"}],"wp:term":[{"taxonomy":"post_tag","embeddable":true,"href":"https:\/\/www.sindicaturabarcelona.cat\/es\/wp-json\/wp\/v2\/tags?post=30366"},{"taxonomy":"drets","embeddable":true,"href":"https:\/\/www.sindicaturabarcelona.cat\/es\/wp-json\/wp\/v2\/drets?post=30366"}],"curies":[{"name":"wp","href":"https:\/\/api.w.org\/{rel}","templated":true}]}}