{"id":30310,"date":"2023-10-11T14:55:42","date_gmt":"2023-10-11T12:55:42","guid":{"rendered":"https:\/\/www.sindicaturabarcelona.cat\/?p=30310"},"modified":"2023-10-11T14:59:49","modified_gmt":"2023-10-11T12:59:49","slug":"la-sindicatura-recomienda-facilitar-las-altas-y-bajas-telematicas-de-vehiculos-de-la-zona-de-residente-de-area","status":"publish","type":"post","link":"https:\/\/www.sindicaturabarcelona.cat\/es\/la-sindicatura-recomienda-facilitar-las-altas-y-bajas-telematicas-de-vehiculos-de-la-zona-de-residente-de-area\/","title":{"rendered":"La Sindicatura recomienda facilitar las altas y bajas telem\u00e1ticas de veh\u00edculos de la zona de residente de AREA"},"content":{"rendered":"\n<h2 class=\"wp-block-heading\">La Sindicatura de Greuges de Barcelona recomienda habilitar la tramitaci\u00f3n por medios electr\u00f3nicos de la baja de la zona de residente de AREA o de cambio de un veh\u00edculo por otro.<\/h2>\n\n\n\n<p>A ra\u00edz de la <a href=\"https:\/\/www.sindicaturabarcelona.cat\/wp-content\/uploads\/202309_Drets-digitals-dificultat-per-tramitar-altes-i-baixes-Area-Verda.pdf\">queja de un ciudadano por las dificultades para tramitar, de forma digital, la baja de un veh\u00edculo del \u00c1rea Verde y el alta del nuevo veh\u00edculo<\/a>, la defensor\u00eda cree necesario incorporar el tr\u00e1mite de baja de veh\u00edculos en el portal de tr\u00e1mites del Ayuntamiento, ausente bajo el pretexto de que la baja se realiza sin comunicaci\u00f3n ciudadana, utilizando las bases de datos del padr\u00f3n municipal y de la Direcci\u00f3n General de Tr\u00e1fico.<\/p>\n\n\n\n<h3 class=\"wp-block-heading\">La baja de veh\u00edculos de la zona de residente de AREA<\/h3>\n\n\n\n<p>Seg\u00fan la Direcci\u00f3n de Servicios de Informaci\u00f3n y Atenci\u00f3n Ciudadana (DIAC), el Ayuntamiento consulta las bases de datos del padr\u00f3n municipal y de la Direcci\u00f3n General de Tr\u00e1fico de forma peri\u00f3dica y, en caso de que los veh\u00edculos dejen de cumplir los requisitos para disfrutar de los derechos de residente de AREA, les da de baja sin necesidad de realizar ning\u00fan tr\u00e1mite. Por ello, no ha habilitado ning\u00fan medio telem\u00e1tico para comunicar la baja de un veh\u00edculo, aunque s\u00ed acepta estas comunicaciones de forma telef\u00f3nica.<\/p>\n\n\n\n<p>Se entender\u00eda la l\u00f3gica de este procedimiento si la baja de un veh\u00edculo de la zona de residente de AREA se diera, de forma mayoritaria, por cambio de domicilio o por no seguir disponiendo del veh\u00edculo. Pero <strong>el cambio de un veh\u00edculo por otro es, probablemente, una situaci\u00f3n que tiene lugar con frecuencia, y la ciudadan\u00eda deber\u00eda poder realizar los tr\u00e1mites correspondientes de forma electr\u00f3nica.<\/strong><\/p>\n\n\n\n<h3 class=\"wp-block-heading\">La ciudadan\u00eda debe poder escoger c\u00f3mo comunicarse con la Administraci\u00f3n<\/h3>\n\n\n\n<p>Sin embargo, hay que reconocer que el hecho de que exista la opci\u00f3n del tr\u00e1mite telef\u00f3nico gratuito constituye una opci\u00f3n f\u00e1cil y asequible para la ciudadan\u00eda. En este sentido, por tanto, el Ayuntamiento vela por que las personas puedan ejercer sus derechos y deberes a trav\u00e9s de medios alternativos, como prev\u00e9 el art\u00edculo 5 de la \u201c<a href=\"https:\/\/ajuntament.barcelona.cat\/dretssocials\/sites\/default\/files\/arxius-documents\/%5BPDF%5D%20Carta%20de%20Ciutadania.Carta%20de%20drets%20i%20deures%20de%20Barcelona.pdf\">Carta de ciudadan\u00eda. Carta de derechos y deberes de Barcelona<\/a>\u201d.<\/p>\n\n\n\n<p>Pero como marca la <a href=\"https:\/\/www.boe.es\/boe_catalan\/dias\/2015\/10\/02\/pdfs\/BOE-A-2015-10565-C.pdf\">Ley 39\/2015<\/a> del procedimiento administrativo com\u00fan de las administraciones p\u00fablicas, <strong>las personas f\u00edsicas deben poder elegir en todo momento si se comunican con las administraciones p\u00fablicas para ejercer sus derechos y obligaciones a trav\u00e9s de medios electr\u00f3nicos o no<\/strong>. De esta forma, teniendo en cuenta la frecuencia con que se da la necesidad de comunicar la baja de un veh\u00edculo, ser\u00eda adecuado garantizar que la ciudadan\u00eda pueda hacerlo de forma telem\u00e1tica.<\/p>\n","protected":false},"excerpt":{"rendered":"<p>La Sindicatura de Greuges de Barcelona recomienda habilitar la tramitaci\u00f3n por medios electr\u00f3nicos de la baja de la zona de residente de AREA o de cambio de un veh\u00edculo por [&hellip;]<\/p>\n","protected":false},"author":2,"featured_media":30308,"comment_status":"closed","ping_status":"closed","sticky":false,"template":"","format":"standard","meta":{"_acf_changed":false,"footnotes":""},"tags":[],"drets":[1583,1588],"class_list":["post-30310","post","type-post","status-publish","format-standard","has-post-thumbnail","hentry","drets-ciudad-garantista","drets-derechos-digitales"],"acf":[],"yoast_head":"<!-- This site is optimized with the Yoast SEO plugin v27.5 - https:\/\/yoast.com\/product\/yoast-seo-wordpress\/ -->\n<title>La Sindicatura recomienda facilitar las altas y bajas telem\u00e1ticas de veh\u00edculos de la zona de residente de AREA - Sindicatura de Greuges de Barcelona<\/title>\n<meta name=\"robots\" content=\"index, follow, max-snippet:-1, max-image-preview:large, max-video-preview:-1\" \/>\n<link rel=\"canonical\" href=\"https:\/\/www.sindicaturabarcelona.cat\/es\/la-sindicatura-recomienda-facilitar-las-altas-y-bajas-telematicas-de-vehiculos-de-la-zona-de-residente-de-area\/\" \/>\n<meta property=\"og:locale\" content=\"es_ES\" \/>\n<meta property=\"og:type\" content=\"article\" \/>\n<meta property=\"og:title\" content=\"La Sindicatura recomienda facilitar las altas y bajas telem\u00e1ticas de veh\u00edculos de la zona de residente de AREA - Sindicatura de Greuges de Barcelona\" \/>\n<meta property=\"og:description\" content=\"La Sindicatura de Greuges de Barcelona recomienda habilitar la tramitaci\u00f3n por medios electr\u00f3nicos de la baja de la zona de residente de AREA o de cambio de un veh\u00edculo por [&hellip;]\" \/>\n<meta property=\"og:url\" content=\"https:\/\/www.sindicaturabarcelona.cat\/es\/la-sindicatura-recomienda-facilitar-las-altas-y-bajas-telematicas-de-vehiculos-de-la-zona-de-residente-de-area\/\" \/>\n<meta property=\"og:site_name\" content=\"Sindicatura de Greuges de Barcelona\" \/>\n<meta property=\"article:published_time\" content=\"2023-10-11T12:55:42+00:00\" \/>\n<meta property=\"article:modified_time\" content=\"2023-10-11T12:59:49+00:00\" \/>\n<meta property=\"og:image\" content=\"https:\/\/www.sindicaturabarcelona.cat\/wp-content\/uploads\/avinguda-de-roma-sense-transit-ni-gen.jpg\" \/>\n\t<meta property=\"og:image:width\" content=\"1662\" \/>\n\t<meta property=\"og:image:height\" content=\"800\" \/>\n\t<meta property=\"og:image:type\" content=\"image\/jpeg\" \/>\n<meta name=\"author\" content=\"Pablo\" \/>\n<meta name=\"twitter:card\" content=\"summary_large_image\" \/>\n<meta name=\"twitter:creator\" content=\"@sindicbarcelona\" \/>\n<meta name=\"twitter:site\" content=\"@sindicbarcelona\" \/>\n<meta name=\"twitter:label1\" content=\"Escrito por\" \/>\n\t<meta name=\"twitter:data1\" content=\"Pablo\" \/>\n\t<meta name=\"twitter:label2\" content=\"Tiempo de lectura\" \/>\n\t<meta name=\"twitter:data2\" content=\"3 minutos\" \/>\n<script type=\"application\/ld+json\" class=\"yoast-schema-graph\">{\"@context\":\"https:\\\/\\\/schema.org\",\"@graph\":[{\"@type\":\"Article\",\"@id\":\"https:\\\/\\\/www.sindicaturabarcelona.cat\\\/es\\\/la-sindicatura-recomienda-facilitar-las-altas-y-bajas-telematicas-de-vehiculos-de-la-zona-de-residente-de-area\\\/#article\",\"isPartOf\":{\"@id\":\"https:\\\/\\\/www.sindicaturabarcelona.cat\\\/es\\\/la-sindicatura-recomienda-facilitar-las-altas-y-bajas-telematicas-de-vehiculos-de-la-zona-de-residente-de-area\\\/\"},\"author\":{\"name\":\"Pablo\",\"@id\":\"https:\\\/\\\/www.sindicaturabarcelona.cat\\\/es\\\/#\\\/schema\\\/person\\\/0e5acffc350ffdbc97578159322c9452\"},\"headline\":\"La Sindicatura recomienda facilitar las altas y bajas telem\u00e1ticas de veh\u00edculos de la zona de residente de AREA\",\"datePublished\":\"2023-10-11T12:55:42+00:00\",\"dateModified\":\"2023-10-11T12:59:49+00:00\",\"mainEntityOfPage\":{\"@id\":\"https:\\\/\\\/www.sindicaturabarcelona.cat\\\/es\\\/la-sindicatura-recomienda-facilitar-las-altas-y-bajas-telematicas-de-vehiculos-de-la-zona-de-residente-de-area\\\/\"},\"wordCount\":499,\"publisher\":{\"@id\":\"https:\\\/\\\/www.sindicaturabarcelona.cat\\\/es\\\/#organization\"},\"image\":{\"@id\":\"https:\\\/\\\/www.sindicaturabarcelona.cat\\\/es\\\/la-sindicatura-recomienda-facilitar-las-altas-y-bajas-telematicas-de-vehiculos-de-la-zona-de-residente-de-area\\\/#primaryimage\"},\"thumbnailUrl\":\"https:\\\/\\\/www.sindicaturabarcelona.cat\\\/wp-content\\\/uploads\\\/avinguda-de-roma-sense-transit-ni-gen.jpg\",\"inLanguage\":\"es\"},{\"@type\":\"WebPage\",\"@id\":\"https:\\\/\\\/www.sindicaturabarcelona.cat\\\/es\\\/la-sindicatura-recomienda-facilitar-las-altas-y-bajas-telematicas-de-vehiculos-de-la-zona-de-residente-de-area\\\/\",\"url\":\"https:\\\/\\\/www.sindicaturabarcelona.cat\\\/es\\\/la-sindicatura-recomienda-facilitar-las-altas-y-bajas-telematicas-de-vehiculos-de-la-zona-de-residente-de-area\\\/\",\"name\":\"La Sindicatura recomienda facilitar las altas y bajas telem\u00e1ticas de veh\u00edculos de la zona de residente de AREA - Sindicatura de Greuges de Barcelona\",\"isPartOf\":{\"@id\":\"https:\\\/\\\/www.sindicaturabarcelona.cat\\\/es\\\/#website\"},\"primaryImageOfPage\":{\"@id\":\"https:\\\/\\\/www.sindicaturabarcelona.cat\\\/es\\\/la-sindicatura-recomienda-facilitar-las-altas-y-bajas-telematicas-de-vehiculos-de-la-zona-de-residente-de-area\\\/#primaryimage\"},\"image\":{\"@id\":\"https:\\\/\\\/www.sindicaturabarcelona.cat\\\/es\\\/la-sindicatura-recomienda-facilitar-las-altas-y-bajas-telematicas-de-vehiculos-de-la-zona-de-residente-de-area\\\/#primaryimage\"},\"thumbnailUrl\":\"https:\\\/\\\/www.sindicaturabarcelona.cat\\\/wp-content\\\/uploads\\\/avinguda-de-roma-sense-transit-ni-gen.jpg\",\"datePublished\":\"2023-10-11T12:55:42+00:00\",\"dateModified\":\"2023-10-11T12:59:49+00:00\",\"breadcrumb\":{\"@id\":\"https:\\\/\\\/www.sindicaturabarcelona.cat\\\/es\\\/la-sindicatura-recomienda-facilitar-las-altas-y-bajas-telematicas-de-vehiculos-de-la-zona-de-residente-de-area\\\/#breadcrumb\"},\"inLanguage\":\"es\",\"potentialAction\":[{\"@type\":\"ReadAction\",\"target\":[\"https:\\\/\\\/www.sindicaturabarcelona.cat\\\/es\\\/la-sindicatura-recomienda-facilitar-las-altas-y-bajas-telematicas-de-vehiculos-de-la-zona-de-residente-de-area\\\/\"]}]},{\"@type\":\"ImageObject\",\"inLanguage\":\"es\",\"@id\":\"https:\\\/\\\/www.sindicaturabarcelona.cat\\\/es\\\/la-sindicatura-recomienda-facilitar-las-altas-y-bajas-telematicas-de-vehiculos-de-la-zona-de-residente-de-area\\\/#primaryimage\",\"url\":\"https:\\\/\\\/www.sindicaturabarcelona.cat\\\/wp-content\\\/uploads\\\/avinguda-de-roma-sense-transit-ni-gen.jpg\",\"contentUrl\":\"https:\\\/\\\/www.sindicaturabarcelona.cat\\\/wp-content\\\/uploads\\\/avinguda-de-roma-sense-transit-ni-gen.jpg\",\"width\":1662,\"height\":800,\"caption\":\"Zona verda d'aparcament per resident d'AREA\"},{\"@type\":\"BreadcrumbList\",\"@id\":\"https:\\\/\\\/www.sindicaturabarcelona.cat\\\/es\\\/la-sindicatura-recomienda-facilitar-las-altas-y-bajas-telematicas-de-vehiculos-de-la-zona-de-residente-de-area\\\/#breadcrumb\",\"itemListElement\":[{\"@type\":\"ListItem\",\"position\":1,\"name\":\"Inici\",\"item\":\"https:\\\/\\\/www.sindicaturabarcelona.cat\\\/es\\\/\"},{\"@type\":\"ListItem\",\"position\":2,\"name\":\"La Sindicatura recomienda facilitar las altas y bajas telem\u00e1ticas de veh\u00edculos de la zona de residente de AREA\"}]},{\"@type\":\"WebSite\",\"@id\":\"https:\\\/\\\/www.sindicaturabarcelona.cat\\\/es\\\/#website\",\"url\":\"https:\\\/\\\/www.sindicaturabarcelona.cat\\\/es\\\/\",\"name\":\"Sindicatura de Greuges de Barcelona\",\"description\":\"La defensoria dels teus drets\",\"publisher\":{\"@id\":\"https:\\\/\\\/www.sindicaturabarcelona.cat\\\/es\\\/#organization\"},\"potentialAction\":[{\"@type\":\"SearchAction\",\"target\":{\"@type\":\"EntryPoint\",\"urlTemplate\":\"https:\\\/\\\/www.sindicaturabarcelona.cat\\\/es\\\/?s={search_term_string}\"},\"query-input\":{\"@type\":\"PropertyValueSpecification\",\"valueRequired\":true,\"valueName\":\"search_term_string\"}}],\"inLanguage\":\"es\"},{\"@type\":\"Organization\",\"@id\":\"https:\\\/\\\/www.sindicaturabarcelona.cat\\\/es\\\/#organization\",\"name\":\"Sindicatura de Greuges de Barcelona\",\"url\":\"https:\\\/\\\/www.sindicaturabarcelona.cat\\\/es\\\/\",\"logo\":{\"@type\":\"ImageObject\",\"inLanguage\":\"es\",\"@id\":\"https:\\\/\\\/www.sindicaturabarcelona.cat\\\/es\\\/#\\\/schema\\\/logo\\\/image\\\/\",\"url\":\"https:\\\/\\\/www.sindicaturabarcelona.cat\\\/wp-content\\\/uploads\\\/2023\\\/02\\\/logo_sindicatura.svg\",\"contentUrl\":\"https:\\\/\\\/www.sindicaturabarcelona.cat\\\/wp-content\\\/uploads\\\/2023\\\/02\\\/logo_sindicatura.svg\",\"caption\":\"Sindicatura de Greuges de Barcelona\"},\"image\":{\"@id\":\"https:\\\/\\\/www.sindicaturabarcelona.cat\\\/es\\\/#\\\/schema\\\/logo\\\/image\\\/\"},\"sameAs\":[\"https:\\\/\\\/x.com\\\/sindicbarcelona\",\"https:\\\/\\\/www.instagram.com\\\/sindicbarcelona\\\/\",\"https:\\\/\\\/www.tiktok.com\\\/@sindicaturabcn\",\"https:\\\/\\\/t.me\\\/sindicaturabarcelona\"]},{\"@type\":\"Person\",\"@id\":\"https:\\\/\\\/www.sindicaturabarcelona.cat\\\/es\\\/#\\\/schema\\\/person\\\/0e5acffc350ffdbc97578159322c9452\",\"name\":\"Pablo\",\"image\":{\"@type\":\"ImageObject\",\"inLanguage\":\"es\",\"@id\":\"https:\\\/\\\/secure.gravatar.com\\\/avatar\\\/c948169b402ef9492afde705c3dfd5e90e1a6a84ef6840a91124f805a25a480f?s=96&d=mm&r=g\",\"url\":\"https:\\\/\\\/secure.gravatar.com\\\/avatar\\\/c948169b402ef9492afde705c3dfd5e90e1a6a84ef6840a91124f805a25a480f?s=96&d=mm&r=g\",\"contentUrl\":\"https:\\\/\\\/secure.gravatar.com\\\/avatar\\\/c948169b402ef9492afde705c3dfd5e90e1a6a84ef6840a91124f805a25a480f?s=96&d=mm&r=g\",\"caption\":\"Pablo\"},\"url\":\"https:\\\/\\\/www.sindicaturabarcelona.cat\\\/es\\\/author\\\/pablo\\\/\"}]}<\/script>\n<!-- \/ Yoast SEO plugin. -->","yoast_head_json":{"title":"La Sindicatura recomienda facilitar las altas y bajas telem\u00e1ticas de veh\u00edculos de la zona de residente de AREA - Sindicatura de Greuges de Barcelona","robots":{"index":"index","follow":"follow","max-snippet":"max-snippet:-1","max-image-preview":"max-image-preview:large","max-video-preview":"max-video-preview:-1"},"canonical":"https:\/\/www.sindicaturabarcelona.cat\/es\/la-sindicatura-recomienda-facilitar-las-altas-y-bajas-telematicas-de-vehiculos-de-la-zona-de-residente-de-area\/","og_locale":"es_ES","og_type":"article","og_title":"La Sindicatura recomienda facilitar las altas y bajas telem\u00e1ticas de veh\u00edculos de la zona de residente de AREA - Sindicatura de Greuges de Barcelona","og_description":"La Sindicatura de Greuges de Barcelona recomienda habilitar la tramitaci\u00f3n por medios electr\u00f3nicos de la baja de la zona de residente de AREA o de cambio de un veh\u00edculo por [&hellip;]","og_url":"https:\/\/www.sindicaturabarcelona.cat\/es\/la-sindicatura-recomienda-facilitar-las-altas-y-bajas-telematicas-de-vehiculos-de-la-zona-de-residente-de-area\/","og_site_name":"Sindicatura de Greuges de Barcelona","article_published_time":"2023-10-11T12:55:42+00:00","article_modified_time":"2023-10-11T12:59:49+00:00","og_image":[{"width":1662,"height":800,"url":"https:\/\/www.sindicaturabarcelona.cat\/wp-content\/uploads\/avinguda-de-roma-sense-transit-ni-gen.jpg","type":"image\/jpeg"}],"author":"Pablo","twitter_card":"summary_large_image","twitter_creator":"@sindicbarcelona","twitter_site":"@sindicbarcelona","twitter_misc":{"Escrito por":"Pablo","Tiempo de lectura":"3 minutos"},"schema":{"@context":"https:\/\/schema.org","@graph":[{"@type":"Article","@id":"https:\/\/www.sindicaturabarcelona.cat\/es\/la-sindicatura-recomienda-facilitar-las-altas-y-bajas-telematicas-de-vehiculos-de-la-zona-de-residente-de-area\/#article","isPartOf":{"@id":"https:\/\/www.sindicaturabarcelona.cat\/es\/la-sindicatura-recomienda-facilitar-las-altas-y-bajas-telematicas-de-vehiculos-de-la-zona-de-residente-de-area\/"},"author":{"name":"Pablo","@id":"https:\/\/www.sindicaturabarcelona.cat\/es\/#\/schema\/person\/0e5acffc350ffdbc97578159322c9452"},"headline":"La Sindicatura recomienda facilitar las altas y bajas telem\u00e1ticas de veh\u00edculos de la zona de residente de AREA","datePublished":"2023-10-11T12:55:42+00:00","dateModified":"2023-10-11T12:59:49+00:00","mainEntityOfPage":{"@id":"https:\/\/www.sindicaturabarcelona.cat\/es\/la-sindicatura-recomienda-facilitar-las-altas-y-bajas-telematicas-de-vehiculos-de-la-zona-de-residente-de-area\/"},"wordCount":499,"publisher":{"@id":"https:\/\/www.sindicaturabarcelona.cat\/es\/#organization"},"image":{"@id":"https:\/\/www.sindicaturabarcelona.cat\/es\/la-sindicatura-recomienda-facilitar-las-altas-y-bajas-telematicas-de-vehiculos-de-la-zona-de-residente-de-area\/#primaryimage"},"thumbnailUrl":"https:\/\/www.sindicaturabarcelona.cat\/wp-content\/uploads\/avinguda-de-roma-sense-transit-ni-gen.jpg","inLanguage":"es"},{"@type":"WebPage","@id":"https:\/\/www.sindicaturabarcelona.cat\/es\/la-sindicatura-recomienda-facilitar-las-altas-y-bajas-telematicas-de-vehiculos-de-la-zona-de-residente-de-area\/","url":"https:\/\/www.sindicaturabarcelona.cat\/es\/la-sindicatura-recomienda-facilitar-las-altas-y-bajas-telematicas-de-vehiculos-de-la-zona-de-residente-de-area\/","name":"La Sindicatura recomienda facilitar las altas y bajas telem\u00e1ticas de veh\u00edculos de la zona de residente de AREA - Sindicatura de Greuges de Barcelona","isPartOf":{"@id":"https:\/\/www.sindicaturabarcelona.cat\/es\/#website"},"primaryImageOfPage":{"@id":"https:\/\/www.sindicaturabarcelona.cat\/es\/la-sindicatura-recomienda-facilitar-las-altas-y-bajas-telematicas-de-vehiculos-de-la-zona-de-residente-de-area\/#primaryimage"},"image":{"@id":"https:\/\/www.sindicaturabarcelona.cat\/es\/la-sindicatura-recomienda-facilitar-las-altas-y-bajas-telematicas-de-vehiculos-de-la-zona-de-residente-de-area\/#primaryimage"},"thumbnailUrl":"https:\/\/www.sindicaturabarcelona.cat\/wp-content\/uploads\/avinguda-de-roma-sense-transit-ni-gen.jpg","datePublished":"2023-10-11T12:55:42+00:00","dateModified":"2023-10-11T12:59:49+00:00","breadcrumb":{"@id":"https:\/\/www.sindicaturabarcelona.cat\/es\/la-sindicatura-recomienda-facilitar-las-altas-y-bajas-telematicas-de-vehiculos-de-la-zona-de-residente-de-area\/#breadcrumb"},"inLanguage":"es","potentialAction":[{"@type":"ReadAction","target":["https:\/\/www.sindicaturabarcelona.cat\/es\/la-sindicatura-recomienda-facilitar-las-altas-y-bajas-telematicas-de-vehiculos-de-la-zona-de-residente-de-area\/"]}]},{"@type":"ImageObject","inLanguage":"es","@id":"https:\/\/www.sindicaturabarcelona.cat\/es\/la-sindicatura-recomienda-facilitar-las-altas-y-bajas-telematicas-de-vehiculos-de-la-zona-de-residente-de-area\/#primaryimage","url":"https:\/\/www.sindicaturabarcelona.cat\/wp-content\/uploads\/avinguda-de-roma-sense-transit-ni-gen.jpg","contentUrl":"https:\/\/www.sindicaturabarcelona.cat\/wp-content\/uploads\/avinguda-de-roma-sense-transit-ni-gen.jpg","width":1662,"height":800,"caption":"Zona verda d'aparcament per resident d'AREA"},{"@type":"BreadcrumbList","@id":"https:\/\/www.sindicaturabarcelona.cat\/es\/la-sindicatura-recomienda-facilitar-las-altas-y-bajas-telematicas-de-vehiculos-de-la-zona-de-residente-de-area\/#breadcrumb","itemListElement":[{"@type":"ListItem","position":1,"name":"Inici","item":"https:\/\/www.sindicaturabarcelona.cat\/es\/"},{"@type":"ListItem","position":2,"name":"La Sindicatura recomienda facilitar las altas y bajas telem\u00e1ticas de veh\u00edculos de la zona de residente de AREA"}]},{"@type":"WebSite","@id":"https:\/\/www.sindicaturabarcelona.cat\/es\/#website","url":"https:\/\/www.sindicaturabarcelona.cat\/es\/","name":"Sindicatura de Greuges de Barcelona","description":"La defensoria dels teus drets","publisher":{"@id":"https:\/\/www.sindicaturabarcelona.cat\/es\/#organization"},"potentialAction":[{"@type":"SearchAction","target":{"@type":"EntryPoint","urlTemplate":"https:\/\/www.sindicaturabarcelona.cat\/es\/?s={search_term_string}"},"query-input":{"@type":"PropertyValueSpecification","valueRequired":true,"valueName":"search_term_string"}}],"inLanguage":"es"},{"@type":"Organization","@id":"https:\/\/www.sindicaturabarcelona.cat\/es\/#organization","name":"Sindicatura de Greuges de Barcelona","url":"https:\/\/www.sindicaturabarcelona.cat\/es\/","logo":{"@type":"ImageObject","inLanguage":"es","@id":"https:\/\/www.sindicaturabarcelona.cat\/es\/#\/schema\/logo\/image\/","url":"https:\/\/www.sindicaturabarcelona.cat\/wp-content\/uploads\/2023\/02\/logo_sindicatura.svg","contentUrl":"https:\/\/www.sindicaturabarcelona.cat\/wp-content\/uploads\/2023\/02\/logo_sindicatura.svg","caption":"Sindicatura de Greuges de Barcelona"},"image":{"@id":"https:\/\/www.sindicaturabarcelona.cat\/es\/#\/schema\/logo\/image\/"},"sameAs":["https:\/\/x.com\/sindicbarcelona","https:\/\/www.instagram.com\/sindicbarcelona\/","https:\/\/www.tiktok.com\/@sindicaturabcn","https:\/\/t.me\/sindicaturabarcelona"]},{"@type":"Person","@id":"https:\/\/www.sindicaturabarcelona.cat\/es\/#\/schema\/person\/0e5acffc350ffdbc97578159322c9452","name":"Pablo","image":{"@type":"ImageObject","inLanguage":"es","@id":"https:\/\/secure.gravatar.com\/avatar\/c948169b402ef9492afde705c3dfd5e90e1a6a84ef6840a91124f805a25a480f?s=96&d=mm&r=g","url":"https:\/\/secure.gravatar.com\/avatar\/c948169b402ef9492afde705c3dfd5e90e1a6a84ef6840a91124f805a25a480f?s=96&d=mm&r=g","contentUrl":"https:\/\/secure.gravatar.com\/avatar\/c948169b402ef9492afde705c3dfd5e90e1a6a84ef6840a91124f805a25a480f?s=96&d=mm&r=g","caption":"Pablo"},"url":"https:\/\/www.sindicaturabarcelona.cat\/es\/author\/pablo\/"}]}},"_links":{"self":[{"href":"https:\/\/www.sindicaturabarcelona.cat\/es\/wp-json\/wp\/v2\/posts\/30310","targetHints":{"allow":["GET"]}}],"collection":[{"href":"https:\/\/www.sindicaturabarcelona.cat\/es\/wp-json\/wp\/v2\/posts"}],"about":[{"href":"https:\/\/www.sindicaturabarcelona.cat\/es\/wp-json\/wp\/v2\/types\/post"}],"author":[{"embeddable":true,"href":"https:\/\/www.sindicaturabarcelona.cat\/es\/wp-json\/wp\/v2\/users\/2"}],"replies":[{"embeddable":true,"href":"https:\/\/www.sindicaturabarcelona.cat\/es\/wp-json\/wp\/v2\/comments?post=30310"}],"version-history":[{"count":1,"href":"https:\/\/www.sindicaturabarcelona.cat\/es\/wp-json\/wp\/v2\/posts\/30310\/revisions"}],"predecessor-version":[{"id":30311,"href":"https:\/\/www.sindicaturabarcelona.cat\/es\/wp-json\/wp\/v2\/posts\/30310\/revisions\/30311"}],"wp:featuredmedia":[{"embeddable":true,"href":"https:\/\/www.sindicaturabarcelona.cat\/es\/wp-json\/wp\/v2\/media\/30308"}],"wp:attachment":[{"href":"https:\/\/www.sindicaturabarcelona.cat\/es\/wp-json\/wp\/v2\/media?parent=30310"}],"wp:term":[{"taxonomy":"post_tag","embeddable":true,"href":"https:\/\/www.sindicaturabarcelona.cat\/es\/wp-json\/wp\/v2\/tags?post=30310"},{"taxonomy":"drets","embeddable":true,"href":"https:\/\/www.sindicaturabarcelona.cat\/es\/wp-json\/wp\/v2\/drets?post=30310"}],"curies":[{"name":"wp","href":"https:\/\/api.w.org\/{rel}","templated":true}]}}