{"id":30171,"date":"2023-10-04T06:55:00","date_gmt":"2023-10-04T04:55:00","guid":{"rendered":"https:\/\/www.sindicaturabarcelona.cat\/?p=30171"},"modified":"2023-10-04T06:49:20","modified_gmt":"2023-10-04T04:49:20","slug":"preocupacion-en-la-sindicatura-por-dificultades-en-el-empadronamiento-de-personas-sin-hogar","status":"publish","type":"post","link":"https:\/\/www.sindicaturabarcelona.cat\/es\/preocupacion-en-la-sindicatura-por-dificultades-en-el-empadronamiento-de-personas-sin-hogar\/","title":{"rendered":"Preocupaci\u00f3n en la Sindicatura por dificultades en el empadronamiento de personas sin hogar"},"content":{"rendered":"\n<h2 class=\"wp-block-heading\"><strong>Tras la queja de diversas entidades sociales, la defensor\u00eda ha pedido informaci\u00f3n al consistorio para saber si ha cambiado el circuito para la tramitaci\u00f3n de los informes de conocimiento de residencia<\/strong><\/h2>\n\n\n\n<p><strong>La Sindicatura de Greuges ha pedido informaci\u00f3n al Ayuntamiento de Barcelona sobre la tramitaci\u00f3n de los informes de conocimiento de residencia (ICR),<\/strong> necesarios para garantizar el <a href=\"https:\/\/www.sindicaturabarcelona.cat\/es\/el-derecho-al-empadronamiento-de-las-personas-sin-domicilio-fijo\/\">empadronamiento de personas sin domicilio fijo<\/a> en la ciudad.<\/p>\n\n\n\n<p>Esta petici\u00f3n de informaci\u00f3n parte de la queja de una entidad social que atiende a personas que est\u00e1n en situaci\u00f3n de calle y que necesitan empadronarse, y coincide con lo que tambi\u00e9n manifiestan diversas entidades. <strong>Seg\u00fan esta queja, la Oficina de Prestaciones Sociales y Econ\u00f3micas del Ayuntamiento de Barcelona, donde esta entidad se dirig\u00eda habitualmente para realizar este tr\u00e1mite, ahora no registra las peticiones para realizar el ICR y se les dirige a otros servicios<\/strong>, la lo que retrasa el proceso de empadronamiento varios meses.<\/p>\n\n\n\n<h3 class=\"wp-block-heading\"><strong>Dificultades y cambios en el circuito de tramitaci\u00f3n<\/strong><\/h3>\n\n\n\n<p>La entidad promotora de la queja expresa que acudi\u00f3 a la Oficina de Prestaciones Sociales y Econ\u00f3micas del Ayuntamiento de Barcelona a presentar la instancia para pedir el ICR, tal y como hac\u00eda habitualmente. Desde hace algunos meses, al d\u00eda siguiente de realizar esta gesti\u00f3n las personas interesadas recib\u00edan un mensaje en su tel\u00e9fono m\u00f3vil conforme no se hab\u00eda podido corroborar su domicilio, sin que previamente recibieran ninguna llamada.<\/p>\n\n\n\n<p>En alguna ocasi\u00f3n, el tel\u00e9fono de contacto facilitado en la instancia era el de personas trabajadoras de la entidad, que pudieron comprobar esta pr\u00e1ctica municipal.<\/p>\n\n\n\n<p>La Oficina de Prestaciones Sociales y Econ\u00f3micas ha comunicado recientemente a la entidad promotora de la queja <strong>que ya no emiten ICR y que es necesario acudir al SAIER o al Servicio de inserci\u00f3n Social (SIS)<\/strong>, en el supuesto de que la persona haga m\u00e1s de un a\u00f1o que reside en Barcelona.<\/p>\n\n\n\n<p>Tanto en el SAIER como en el SIS hay que ir con cita previa, y no hay disponibilidad hasta un m\u00ednimo de tres meses. Posteriormente, se debe realizar un seguimiento, entrevistas, etc. Entre tanto, la persona no puede acceder a los servicios que requieren de empadronamiento, (como los servicios de salud) y las personas que tienen menores a cargo tampoco pueden escolarizarlos.<\/p>\n\n\n\n<h3 class=\"wp-block-heading\"><strong>Un impedimento por el disfrute de derechos<\/strong><\/h3>\n\n\n\n<p>\u00daltimamente, las personas en situaci\u00f3n de calle pod\u00edan acceder al empadronamiento sin domicilio fijo mediante los ICR registrados en la Oficina de Prestaciones Sociales y Econ\u00f3micas, por lo que obtener el informe era independiente de recibir atenci\u00f3n social en otros servicios del Ayuntamiento. Pero si este tr\u00e1mite requiere de la atenci\u00f3n social previa de servicios como SAIER o SIS, que adem\u00e1s tienen una fuerte presi\u00f3n asistencial, se dilata el proceso de empadronamiento.<\/p>\n\n\n\n<p><strong>Esta situaci\u00f3n es especialmente preocupante si tenemos en cuenta que el empadronamiento es uno en metaderecho<\/strong>, es decir, es la puerta de acceso al disfrute de otro conjunto de derechos como el acceso a la sanidad, al sufragio universal oa determinados ayudas.<\/p>\n","protected":false},"excerpt":{"rendered":"<p>Tras la queja de diversas entidades sociales, la defensor\u00eda ha pedido informaci\u00f3n al consistorio para saber si ha cambiado el circuito para la tramitaci\u00f3n de los informes de conocimiento de [&hellip;]<\/p>\n","protected":false},"author":2,"featured_media":30169,"comment_status":"closed","ping_status":"closed","sticky":false,"template":"","format":"standard","meta":{"_acf_changed":false,"footnotes":""},"tags":[],"drets":[1583,1585],"class_list":["post-30171","post","type-post","status-publish","format-standard","has-post-thumbnail","hentry","drets-ciudad-garantista","drets-derecho-al-empadronamiento"],"acf":[],"yoast_head":"<!-- This site is optimized with the Yoast SEO plugin v27.5 - https:\/\/yoast.com\/product\/yoast-seo-wordpress\/ -->\n<title>Preocupaci\u00f3n en la Sindicatura por dificultades en el empadronamiento de personas sin hogar - Sindicatura de Greuges de Barcelona<\/title>\n<meta name=\"robots\" content=\"index, follow, max-snippet:-1, max-image-preview:large, max-video-preview:-1\" \/>\n<link rel=\"canonical\" href=\"https:\/\/www.sindicaturabarcelona.cat\/es\/preocupacion-en-la-sindicatura-por-dificultades-en-el-empadronamiento-de-personas-sin-hogar\/\" \/>\n<meta property=\"og:locale\" content=\"es_ES\" \/>\n<meta property=\"og:type\" content=\"article\" \/>\n<meta property=\"og:title\" content=\"Preocupaci\u00f3n en la Sindicatura por dificultades en el empadronamiento de personas sin hogar - Sindicatura de Greuges de Barcelona\" \/>\n<meta property=\"og:description\" content=\"Tras la queja de diversas entidades sociales, la defensor\u00eda ha pedido informaci\u00f3n al consistorio para saber si ha cambiado el circuito para la tramitaci\u00f3n de los informes de conocimiento de [&hellip;]\" \/>\n<meta property=\"og:url\" content=\"https:\/\/www.sindicaturabarcelona.cat\/es\/preocupacion-en-la-sindicatura-por-dificultades-en-el-empadronamiento-de-personas-sin-hogar\/\" \/>\n<meta property=\"og:site_name\" content=\"Sindicatura de Greuges de Barcelona\" \/>\n<meta property=\"article:published_time\" content=\"2023-10-04T04:55:00+00:00\" \/>\n<meta property=\"og:image\" content=\"https:\/\/www.sindicaturabarcelona.cat\/wp-content\/uploads\/dos-membres-dels-serveis-socials-conv.jpg\" \/>\n\t<meta property=\"og:image:width\" content=\"720\" \/>\n\t<meta property=\"og:image:height\" content=\"480\" \/>\n\t<meta property=\"og:image:type\" content=\"image\/jpeg\" \/>\n<meta name=\"author\" content=\"Pablo\" \/>\n<meta name=\"twitter:card\" content=\"summary_large_image\" \/>\n<meta name=\"twitter:creator\" content=\"@sindicbarcelona\" \/>\n<meta name=\"twitter:site\" content=\"@sindicbarcelona\" \/>\n<meta name=\"twitter:label1\" content=\"Escrito por\" \/>\n\t<meta name=\"twitter:data1\" content=\"Pablo\" \/>\n\t<meta name=\"twitter:label2\" content=\"Tiempo de lectura\" \/>\n\t<meta name=\"twitter:data2\" content=\"3 minutos\" \/>\n<script type=\"application\/ld+json\" class=\"yoast-schema-graph\">{\"@context\":\"https:\\\/\\\/schema.org\",\"@graph\":[{\"@type\":\"Article\",\"@id\":\"https:\\\/\\\/www.sindicaturabarcelona.cat\\\/es\\\/preocupacion-en-la-sindicatura-por-dificultades-en-el-empadronamiento-de-personas-sin-hogar\\\/#article\",\"isPartOf\":{\"@id\":\"https:\\\/\\\/www.sindicaturabarcelona.cat\\\/es\\\/preocupacion-en-la-sindicatura-por-dificultades-en-el-empadronamiento-de-personas-sin-hogar\\\/\"},\"author\":{\"name\":\"Pablo\",\"@id\":\"https:\\\/\\\/www.sindicaturabarcelona.cat\\\/es\\\/#\\\/schema\\\/person\\\/0e5acffc350ffdbc97578159322c9452\"},\"headline\":\"Preocupaci\u00f3n en la Sindicatura por dificultades en el empadronamiento de personas sin hogar\",\"datePublished\":\"2023-10-04T04:55:00+00:00\",\"mainEntityOfPage\":{\"@id\":\"https:\\\/\\\/www.sindicaturabarcelona.cat\\\/es\\\/preocupacion-en-la-sindicatura-por-dificultades-en-el-empadronamiento-de-personas-sin-hogar\\\/\"},\"wordCount\":542,\"publisher\":{\"@id\":\"https:\\\/\\\/www.sindicaturabarcelona.cat\\\/es\\\/#organization\"},\"image\":{\"@id\":\"https:\\\/\\\/www.sindicaturabarcelona.cat\\\/es\\\/preocupacion-en-la-sindicatura-por-dificultades-en-el-empadronamiento-de-personas-sin-hogar\\\/#primaryimage\"},\"thumbnailUrl\":\"https:\\\/\\\/www.sindicaturabarcelona.cat\\\/wp-content\\\/uploads\\\/dos-membres-dels-serveis-socials-conv.jpg\",\"inLanguage\":\"es\"},{\"@type\":\"WebPage\",\"@id\":\"https:\\\/\\\/www.sindicaturabarcelona.cat\\\/es\\\/preocupacion-en-la-sindicatura-por-dificultades-en-el-empadronamiento-de-personas-sin-hogar\\\/\",\"url\":\"https:\\\/\\\/www.sindicaturabarcelona.cat\\\/es\\\/preocupacion-en-la-sindicatura-por-dificultades-en-el-empadronamiento-de-personas-sin-hogar\\\/\",\"name\":\"Preocupaci\u00f3n en la Sindicatura por dificultades en el empadronamiento de personas sin hogar - Sindicatura de Greuges de Barcelona\",\"isPartOf\":{\"@id\":\"https:\\\/\\\/www.sindicaturabarcelona.cat\\\/es\\\/#website\"},\"primaryImageOfPage\":{\"@id\":\"https:\\\/\\\/www.sindicaturabarcelona.cat\\\/es\\\/preocupacion-en-la-sindicatura-por-dificultades-en-el-empadronamiento-de-personas-sin-hogar\\\/#primaryimage\"},\"image\":{\"@id\":\"https:\\\/\\\/www.sindicaturabarcelona.cat\\\/es\\\/preocupacion-en-la-sindicatura-por-dificultades-en-el-empadronamiento-de-personas-sin-hogar\\\/#primaryimage\"},\"thumbnailUrl\":\"https:\\\/\\\/www.sindicaturabarcelona.cat\\\/wp-content\\\/uploads\\\/dos-membres-dels-serveis-socials-conv.jpg\",\"datePublished\":\"2023-10-04T04:55:00+00:00\",\"breadcrumb\":{\"@id\":\"https:\\\/\\\/www.sindicaturabarcelona.cat\\\/es\\\/preocupacion-en-la-sindicatura-por-dificultades-en-el-empadronamiento-de-personas-sin-hogar\\\/#breadcrumb\"},\"inLanguage\":\"es\",\"potentialAction\":[{\"@type\":\"ReadAction\",\"target\":[\"https:\\\/\\\/www.sindicaturabarcelona.cat\\\/es\\\/preocupacion-en-la-sindicatura-por-dificultades-en-el-empadronamiento-de-personas-sin-hogar\\\/\"]}]},{\"@type\":\"ImageObject\",\"inLanguage\":\"es\",\"@id\":\"https:\\\/\\\/www.sindicaturabarcelona.cat\\\/es\\\/preocupacion-en-la-sindicatura-por-dificultades-en-el-empadronamiento-de-personas-sin-hogar\\\/#primaryimage\",\"url\":\"https:\\\/\\\/www.sindicaturabarcelona.cat\\\/wp-content\\\/uploads\\\/dos-membres-dels-serveis-socials-conv.jpg\",\"contentUrl\":\"https:\\\/\\\/www.sindicaturabarcelona.cat\\\/wp-content\\\/uploads\\\/dos-membres-dels-serveis-socials-conv.jpg\",\"width\":720,\"height\":480,\"caption\":\"Dos membres dels serveis socials conversen amb persones sense llar - empadronament sense llar\"},{\"@type\":\"BreadcrumbList\",\"@id\":\"https:\\\/\\\/www.sindicaturabarcelona.cat\\\/es\\\/preocupacion-en-la-sindicatura-por-dificultades-en-el-empadronamiento-de-personas-sin-hogar\\\/#breadcrumb\",\"itemListElement\":[{\"@type\":\"ListItem\",\"position\":1,\"name\":\"Inici\",\"item\":\"https:\\\/\\\/www.sindicaturabarcelona.cat\\\/es\\\/\"},{\"@type\":\"ListItem\",\"position\":2,\"name\":\"Preocupaci\u00f3n en la Sindicatura por dificultades en el empadronamiento de personas sin hogar\"}]},{\"@type\":\"WebSite\",\"@id\":\"https:\\\/\\\/www.sindicaturabarcelona.cat\\\/es\\\/#website\",\"url\":\"https:\\\/\\\/www.sindicaturabarcelona.cat\\\/es\\\/\",\"name\":\"Sindicatura de Greuges de Barcelona\",\"description\":\"La defensoria dels teus drets\",\"publisher\":{\"@id\":\"https:\\\/\\\/www.sindicaturabarcelona.cat\\\/es\\\/#organization\"},\"potentialAction\":[{\"@type\":\"SearchAction\",\"target\":{\"@type\":\"EntryPoint\",\"urlTemplate\":\"https:\\\/\\\/www.sindicaturabarcelona.cat\\\/es\\\/?s={search_term_string}\"},\"query-input\":{\"@type\":\"PropertyValueSpecification\",\"valueRequired\":true,\"valueName\":\"search_term_string\"}}],\"inLanguage\":\"es\"},{\"@type\":\"Organization\",\"@id\":\"https:\\\/\\\/www.sindicaturabarcelona.cat\\\/es\\\/#organization\",\"name\":\"Sindicatura de Greuges de Barcelona\",\"url\":\"https:\\\/\\\/www.sindicaturabarcelona.cat\\\/es\\\/\",\"logo\":{\"@type\":\"ImageObject\",\"inLanguage\":\"es\",\"@id\":\"https:\\\/\\\/www.sindicaturabarcelona.cat\\\/es\\\/#\\\/schema\\\/logo\\\/image\\\/\",\"url\":\"https:\\\/\\\/www.sindicaturabarcelona.cat\\\/wp-content\\\/uploads\\\/2023\\\/02\\\/logo_sindicatura.svg\",\"contentUrl\":\"https:\\\/\\\/www.sindicaturabarcelona.cat\\\/wp-content\\\/uploads\\\/2023\\\/02\\\/logo_sindicatura.svg\",\"caption\":\"Sindicatura de Greuges de Barcelona\"},\"image\":{\"@id\":\"https:\\\/\\\/www.sindicaturabarcelona.cat\\\/es\\\/#\\\/schema\\\/logo\\\/image\\\/\"},\"sameAs\":[\"https:\\\/\\\/x.com\\\/sindicbarcelona\",\"https:\\\/\\\/www.instagram.com\\\/sindicbarcelona\\\/\",\"https:\\\/\\\/www.tiktok.com\\\/@sindicaturabcn\",\"https:\\\/\\\/t.me\\\/sindicaturabarcelona\"]},{\"@type\":\"Person\",\"@id\":\"https:\\\/\\\/www.sindicaturabarcelona.cat\\\/es\\\/#\\\/schema\\\/person\\\/0e5acffc350ffdbc97578159322c9452\",\"name\":\"Pablo\",\"image\":{\"@type\":\"ImageObject\",\"inLanguage\":\"es\",\"@id\":\"https:\\\/\\\/secure.gravatar.com\\\/avatar\\\/c948169b402ef9492afde705c3dfd5e90e1a6a84ef6840a91124f805a25a480f?s=96&d=mm&r=g\",\"url\":\"https:\\\/\\\/secure.gravatar.com\\\/avatar\\\/c948169b402ef9492afde705c3dfd5e90e1a6a84ef6840a91124f805a25a480f?s=96&d=mm&r=g\",\"contentUrl\":\"https:\\\/\\\/secure.gravatar.com\\\/avatar\\\/c948169b402ef9492afde705c3dfd5e90e1a6a84ef6840a91124f805a25a480f?s=96&d=mm&r=g\",\"caption\":\"Pablo\"},\"url\":\"https:\\\/\\\/www.sindicaturabarcelona.cat\\\/es\\\/author\\\/pablo\\\/\"}]}<\/script>\n<!-- \/ Yoast SEO plugin. -->","yoast_head_json":{"title":"Preocupaci\u00f3n en la Sindicatura por dificultades en el empadronamiento de personas sin hogar - Sindicatura de Greuges de Barcelona","robots":{"index":"index","follow":"follow","max-snippet":"max-snippet:-1","max-image-preview":"max-image-preview:large","max-video-preview":"max-video-preview:-1"},"canonical":"https:\/\/www.sindicaturabarcelona.cat\/es\/preocupacion-en-la-sindicatura-por-dificultades-en-el-empadronamiento-de-personas-sin-hogar\/","og_locale":"es_ES","og_type":"article","og_title":"Preocupaci\u00f3n en la Sindicatura por dificultades en el empadronamiento de personas sin hogar - Sindicatura de Greuges de Barcelona","og_description":"Tras la queja de diversas entidades sociales, la defensor\u00eda ha pedido informaci\u00f3n al consistorio para saber si ha cambiado el circuito para la tramitaci\u00f3n de los informes de conocimiento de [&hellip;]","og_url":"https:\/\/www.sindicaturabarcelona.cat\/es\/preocupacion-en-la-sindicatura-por-dificultades-en-el-empadronamiento-de-personas-sin-hogar\/","og_site_name":"Sindicatura de Greuges de Barcelona","article_published_time":"2023-10-04T04:55:00+00:00","og_image":[{"width":720,"height":480,"url":"https:\/\/www.sindicaturabarcelona.cat\/wp-content\/uploads\/dos-membres-dels-serveis-socials-conv.jpg","type":"image\/jpeg"}],"author":"Pablo","twitter_card":"summary_large_image","twitter_creator":"@sindicbarcelona","twitter_site":"@sindicbarcelona","twitter_misc":{"Escrito por":"Pablo","Tiempo de lectura":"3 minutos"},"schema":{"@context":"https:\/\/schema.org","@graph":[{"@type":"Article","@id":"https:\/\/www.sindicaturabarcelona.cat\/es\/preocupacion-en-la-sindicatura-por-dificultades-en-el-empadronamiento-de-personas-sin-hogar\/#article","isPartOf":{"@id":"https:\/\/www.sindicaturabarcelona.cat\/es\/preocupacion-en-la-sindicatura-por-dificultades-en-el-empadronamiento-de-personas-sin-hogar\/"},"author":{"name":"Pablo","@id":"https:\/\/www.sindicaturabarcelona.cat\/es\/#\/schema\/person\/0e5acffc350ffdbc97578159322c9452"},"headline":"Preocupaci\u00f3n en la Sindicatura por dificultades en el empadronamiento de personas sin hogar","datePublished":"2023-10-04T04:55:00+00:00","mainEntityOfPage":{"@id":"https:\/\/www.sindicaturabarcelona.cat\/es\/preocupacion-en-la-sindicatura-por-dificultades-en-el-empadronamiento-de-personas-sin-hogar\/"},"wordCount":542,"publisher":{"@id":"https:\/\/www.sindicaturabarcelona.cat\/es\/#organization"},"image":{"@id":"https:\/\/www.sindicaturabarcelona.cat\/es\/preocupacion-en-la-sindicatura-por-dificultades-en-el-empadronamiento-de-personas-sin-hogar\/#primaryimage"},"thumbnailUrl":"https:\/\/www.sindicaturabarcelona.cat\/wp-content\/uploads\/dos-membres-dels-serveis-socials-conv.jpg","inLanguage":"es"},{"@type":"WebPage","@id":"https:\/\/www.sindicaturabarcelona.cat\/es\/preocupacion-en-la-sindicatura-por-dificultades-en-el-empadronamiento-de-personas-sin-hogar\/","url":"https:\/\/www.sindicaturabarcelona.cat\/es\/preocupacion-en-la-sindicatura-por-dificultades-en-el-empadronamiento-de-personas-sin-hogar\/","name":"Preocupaci\u00f3n en la Sindicatura por dificultades en el empadronamiento de personas sin hogar - Sindicatura de Greuges de Barcelona","isPartOf":{"@id":"https:\/\/www.sindicaturabarcelona.cat\/es\/#website"},"primaryImageOfPage":{"@id":"https:\/\/www.sindicaturabarcelona.cat\/es\/preocupacion-en-la-sindicatura-por-dificultades-en-el-empadronamiento-de-personas-sin-hogar\/#primaryimage"},"image":{"@id":"https:\/\/www.sindicaturabarcelona.cat\/es\/preocupacion-en-la-sindicatura-por-dificultades-en-el-empadronamiento-de-personas-sin-hogar\/#primaryimage"},"thumbnailUrl":"https:\/\/www.sindicaturabarcelona.cat\/wp-content\/uploads\/dos-membres-dels-serveis-socials-conv.jpg","datePublished":"2023-10-04T04:55:00+00:00","breadcrumb":{"@id":"https:\/\/www.sindicaturabarcelona.cat\/es\/preocupacion-en-la-sindicatura-por-dificultades-en-el-empadronamiento-de-personas-sin-hogar\/#breadcrumb"},"inLanguage":"es","potentialAction":[{"@type":"ReadAction","target":["https:\/\/www.sindicaturabarcelona.cat\/es\/preocupacion-en-la-sindicatura-por-dificultades-en-el-empadronamiento-de-personas-sin-hogar\/"]}]},{"@type":"ImageObject","inLanguage":"es","@id":"https:\/\/www.sindicaturabarcelona.cat\/es\/preocupacion-en-la-sindicatura-por-dificultades-en-el-empadronamiento-de-personas-sin-hogar\/#primaryimage","url":"https:\/\/www.sindicaturabarcelona.cat\/wp-content\/uploads\/dos-membres-dels-serveis-socials-conv.jpg","contentUrl":"https:\/\/www.sindicaturabarcelona.cat\/wp-content\/uploads\/dos-membres-dels-serveis-socials-conv.jpg","width":720,"height":480,"caption":"Dos membres dels serveis socials conversen amb persones sense llar - empadronament sense llar"},{"@type":"BreadcrumbList","@id":"https:\/\/www.sindicaturabarcelona.cat\/es\/preocupacion-en-la-sindicatura-por-dificultades-en-el-empadronamiento-de-personas-sin-hogar\/#breadcrumb","itemListElement":[{"@type":"ListItem","position":1,"name":"Inici","item":"https:\/\/www.sindicaturabarcelona.cat\/es\/"},{"@type":"ListItem","position":2,"name":"Preocupaci\u00f3n en la Sindicatura por dificultades en el empadronamiento de personas sin hogar"}]},{"@type":"WebSite","@id":"https:\/\/www.sindicaturabarcelona.cat\/es\/#website","url":"https:\/\/www.sindicaturabarcelona.cat\/es\/","name":"Sindicatura de Greuges de Barcelona","description":"La defensoria dels teus drets","publisher":{"@id":"https:\/\/www.sindicaturabarcelona.cat\/es\/#organization"},"potentialAction":[{"@type":"SearchAction","target":{"@type":"EntryPoint","urlTemplate":"https:\/\/www.sindicaturabarcelona.cat\/es\/?s={search_term_string}"},"query-input":{"@type":"PropertyValueSpecification","valueRequired":true,"valueName":"search_term_string"}}],"inLanguage":"es"},{"@type":"Organization","@id":"https:\/\/www.sindicaturabarcelona.cat\/es\/#organization","name":"Sindicatura de Greuges de Barcelona","url":"https:\/\/www.sindicaturabarcelona.cat\/es\/","logo":{"@type":"ImageObject","inLanguage":"es","@id":"https:\/\/www.sindicaturabarcelona.cat\/es\/#\/schema\/logo\/image\/","url":"https:\/\/www.sindicaturabarcelona.cat\/wp-content\/uploads\/2023\/02\/logo_sindicatura.svg","contentUrl":"https:\/\/www.sindicaturabarcelona.cat\/wp-content\/uploads\/2023\/02\/logo_sindicatura.svg","caption":"Sindicatura de Greuges de Barcelona"},"image":{"@id":"https:\/\/www.sindicaturabarcelona.cat\/es\/#\/schema\/logo\/image\/"},"sameAs":["https:\/\/x.com\/sindicbarcelona","https:\/\/www.instagram.com\/sindicbarcelona\/","https:\/\/www.tiktok.com\/@sindicaturabcn","https:\/\/t.me\/sindicaturabarcelona"]},{"@type":"Person","@id":"https:\/\/www.sindicaturabarcelona.cat\/es\/#\/schema\/person\/0e5acffc350ffdbc97578159322c9452","name":"Pablo","image":{"@type":"ImageObject","inLanguage":"es","@id":"https:\/\/secure.gravatar.com\/avatar\/c948169b402ef9492afde705c3dfd5e90e1a6a84ef6840a91124f805a25a480f?s=96&d=mm&r=g","url":"https:\/\/secure.gravatar.com\/avatar\/c948169b402ef9492afde705c3dfd5e90e1a6a84ef6840a91124f805a25a480f?s=96&d=mm&r=g","contentUrl":"https:\/\/secure.gravatar.com\/avatar\/c948169b402ef9492afde705c3dfd5e90e1a6a84ef6840a91124f805a25a480f?s=96&d=mm&r=g","caption":"Pablo"},"url":"https:\/\/www.sindicaturabarcelona.cat\/es\/author\/pablo\/"}]}},"_links":{"self":[{"href":"https:\/\/www.sindicaturabarcelona.cat\/es\/wp-json\/wp\/v2\/posts\/30171","targetHints":{"allow":["GET"]}}],"collection":[{"href":"https:\/\/www.sindicaturabarcelona.cat\/es\/wp-json\/wp\/v2\/posts"}],"about":[{"href":"https:\/\/www.sindicaturabarcelona.cat\/es\/wp-json\/wp\/v2\/types\/post"}],"author":[{"embeddable":true,"href":"https:\/\/www.sindicaturabarcelona.cat\/es\/wp-json\/wp\/v2\/users\/2"}],"replies":[{"embeddable":true,"href":"https:\/\/www.sindicaturabarcelona.cat\/es\/wp-json\/wp\/v2\/comments?post=30171"}],"version-history":[{"count":1,"href":"https:\/\/www.sindicaturabarcelona.cat\/es\/wp-json\/wp\/v2\/posts\/30171\/revisions"}],"predecessor-version":[{"id":30172,"href":"https:\/\/www.sindicaturabarcelona.cat\/es\/wp-json\/wp\/v2\/posts\/30171\/revisions\/30172"}],"wp:featuredmedia":[{"embeddable":true,"href":"https:\/\/www.sindicaturabarcelona.cat\/es\/wp-json\/wp\/v2\/media\/30169"}],"wp:attachment":[{"href":"https:\/\/www.sindicaturabarcelona.cat\/es\/wp-json\/wp\/v2\/media?parent=30171"}],"wp:term":[{"taxonomy":"post_tag","embeddable":true,"href":"https:\/\/www.sindicaturabarcelona.cat\/es\/wp-json\/wp\/v2\/tags?post=30171"},{"taxonomy":"drets","embeddable":true,"href":"https:\/\/www.sindicaturabarcelona.cat\/es\/wp-json\/wp\/v2\/drets?post=30171"}],"curies":[{"name":"wp","href":"https:\/\/api.w.org\/{rel}","templated":true}]}}