{"id":30047,"date":"2023-08-04T17:21:49","date_gmt":"2023-08-04T15:21:49","guid":{"rendered":"https:\/\/www.sindicaturabarcelona.cat\/?p=30047"},"modified":"2023-09-20T17:28:52","modified_gmt":"2023-09-20T15:28:52","slug":"la-sindicatura-de-greuges-de-barcelona-abre-una-actuacion-de-oficio-por-la-caida-de-una-palmera-que-ha-provocado-una-victima-mortal-en-la-plaza-emili-vendrell","status":"publish","type":"post","link":"https:\/\/www.sindicaturabarcelona.cat\/es\/la-sindicatura-de-greuges-de-barcelona-abre-una-actuacion-de-oficio-por-la-caida-de-una-palmera-que-ha-provocado-una-victima-mortal-en-la-plaza-emili-vendrell\/","title":{"rendered":"La Sindicatura de Greuges de Barcelona abre una actuaci\u00f3n de oficio por la ca\u00edda de una palmera que ha provocado una v\u00edctima mortal en la plaza Emili Vendrell"},"content":{"rendered":"\n<h2 class=\"wp-block-heading\"><strong>La Sindicatura lamenta la muerte de una mujer de veinte a\u00f1os por la ca\u00edda de una palmera y env\u00eda las condolencias a su familia<\/strong><\/h2>\n\n\n\n<h2 class=\"wp-block-heading\"><a href=\"https:\/\/www.sindicaturabarcelona.cat\/wp-content\/uploads\/2023\/08\/DQ_22Q001459_05_R.pdf\"><strong>En una resoluci\u00f3n de febrero de 2023<\/strong><\/a><strong>, la Sindicatura ya se dirigi\u00f3 al Instituto Municipal de Parques y Jardines para proponer que valorara acortar el periodo de dos a\u00f1os establecido para hacer la revisi\u00f3n del arbolado de la ciudad, con el objetivo de minimizar cualquier riesgo para la ciudadan\u00eda<\/strong><\/h2>\n\n\n\n<p>La Sindicatura de Greuges de Barcelona ha abierto una <strong>actuaci\u00f3n de oficio para recibir informaci\u00f3n del Ayuntamiento sobre en qu\u00e9 nivel de evaluaci\u00f3n se encontraba la palmera que ha ca\u00eddo en la plaza Emili Vendrell<\/strong>, y que ha provocado una v\u00edctima mortal, <strong>y cu\u00e1ndo se hizo la \u00faltima revisi\u00f3n de este \u00e1rbol.<\/strong><strong><\/strong><\/p>\n\n\n\n<h3 class=\"wp-block-heading\"><strong>La Sindicatura ya propuso m\u00e1s frecuencia en las revisiones del arbolado<\/strong><\/h3>\n\n\n\n<p>La defensor\u00eda de la ciudadan\u00eda barcelonesa ya mostr\u00f3 su preocupaci\u00f3n por la gesti\u00f3n del arbolado de la ciudad en una resoluci\u00f3n del pasado mes de febrero de 2023. Ante la situaci\u00f3n de cambio clim\u00e1tico y los <strong>consecuentes fen\u00f3menos meteorol\u00f3gicos que pueden ocasionar graves da\u00f1os, la Sindicatura ya plante\u00f3 al Institut Municipal de Parcs i Jardins la conveniencia de acortar el periodo establecido para hacer la revisi\u00f3n del estado de los \u00e1rboles de la ciudad, con el objetivo de prevenir cualquier riesgo para la ciudadan\u00eda.<\/strong><\/p>\n\n\n\n<h3 class=\"wp-block-heading\"><strong>C\u00f3mo se eval\u00faa el riesgo del arbolado<\/strong><\/h3>\n\n\n\n<p>En la <strong>respuesta de la Gerencia de Medio Ambiente y Servicios Urbanos y el Institut Municipal de Parcs i Jardins a la resoluci\u00f3n de la Sindicatura de Greuges de Barcelon<\/strong>a, se detall\u00f3 el funcionamiento del <em>Plan de Gesti\u00f3n de Riesgo de Arbolado<\/em>.<\/p>\n\n\n\n<p>Este protocolo establece que <strong>todos los \u00e1rboles y palmeras de Barcelona est\u00e1n incluidos en un Primer Nivel de Evaluaci\u00f3n y se revisan cada dos a\u00f1os<\/strong>. Por otro lado, <strong>aquellos \u00e1rboles y palmeras que, por sus dimensiones, peculiaridad bot\u00e1nica, medida o defecto, tienen una diagnosis dif\u00edcil de ejecutar, forman parte del Segundo Nivel de Evaluaci\u00f3n<\/strong>. En esta segunda escala de \u00e1rboles y palmeras, se lleva a cabo una <strong>revisi\u00f3n con car\u00e1cter anual<\/strong>.<\/p>\n\n\n\n<p>Con esta informaci\u00f3n, la Sindicatura de Greuges de Barcelona ha abierto una actuaci\u00f3n de oficio para averiguar en qu\u00e9 nivel de evaluaci\u00f3n se encontraba la palmera ca\u00edda ayer en la plaza de Emili Vendrell, y cu\u00e1l es la fecha de la \u00faltima revisi\u00f3n.<\/p>\n","protected":false},"excerpt":{"rendered":"<p>La Sindicatura lamenta la muerte de una mujer de veinte a\u00f1os por la ca\u00edda de una palmera y env\u00eda las condolencias a su familia En una resoluci\u00f3n de febrero de [&hellip;]<\/p>\n","protected":false},"author":2,"featured_media":30045,"comment_status":"closed","ping_status":"closed","sticky":false,"template":"","format":"standard","meta":{"_acf_changed":false,"footnotes":""},"tags":[],"drets":[1583,1586,1584],"class_list":["post-30047","post","type-post","status-publish","format-standard","has-post-thumbnail","hentry","drets-ciudad-garantista","drets-derecho-a-una-buena-administracion","drets-derecho-a-la-seguridad-ciudadana"],"acf":[],"yoast_head":"<!-- This site is optimized with the Yoast SEO plugin v27.5 - https:\/\/yoast.com\/product\/yoast-seo-wordpress\/ -->\n<title>La Sindicatura de Greuges de Barcelona abre una actuaci\u00f3n de oficio por la ca\u00edda de una palmera que ha provocado una v\u00edctima mortal en la plaza Emili Vendrell - Sindicatura de Greuges de Barcelona<\/title>\n<meta name=\"robots\" content=\"index, follow, max-snippet:-1, max-image-preview:large, max-video-preview:-1\" \/>\n<link rel=\"canonical\" href=\"https:\/\/www.sindicaturabarcelona.cat\/es\/la-sindicatura-de-greuges-de-barcelona-abre-una-actuacion-de-oficio-por-la-caida-de-una-palmera-que-ha-provocado-una-victima-mortal-en-la-plaza-emili-vendrell\/\" \/>\n<meta property=\"og:locale\" content=\"es_ES\" \/>\n<meta property=\"og:type\" content=\"article\" \/>\n<meta property=\"og:title\" content=\"La Sindicatura de Greuges de Barcelona abre una actuaci\u00f3n de oficio por la ca\u00edda de una palmera que ha provocado una v\u00edctima mortal en la plaza Emili Vendrell - Sindicatura de Greuges de Barcelona\" \/>\n<meta property=\"og:description\" content=\"La Sindicatura lamenta la muerte de una mujer de veinte a\u00f1os por la ca\u00edda de una palmera y env\u00eda las condolencias a su familia En una resoluci\u00f3n de febrero de [&hellip;]\" \/>\n<meta property=\"og:url\" content=\"https:\/\/www.sindicaturabarcelona.cat\/es\/la-sindicatura-de-greuges-de-barcelona-abre-una-actuacion-de-oficio-por-la-caida-de-una-palmera-que-ha-provocado-una-victima-mortal-en-la-plaza-emili-vendrell\/\" \/>\n<meta property=\"og:site_name\" content=\"Sindicatura de Greuges de Barcelona\" \/>\n<meta property=\"article:published_time\" content=\"2023-08-04T15:21:49+00:00\" \/>\n<meta property=\"article:modified_time\" content=\"2023-09-20T15:28:52+00:00\" \/>\n<meta property=\"og:image\" content=\"https:\/\/www.sindicaturabarcelona.cat\/wp-content\/uploads\/photo_2023-09-20_17-23-49.jpg\" \/>\n\t<meta property=\"og:image:width\" content=\"1280\" \/>\n\t<meta property=\"og:image:height\" content=\"720\" \/>\n\t<meta property=\"og:image:type\" content=\"image\/jpeg\" \/>\n<meta name=\"author\" content=\"Pablo\" \/>\n<meta name=\"twitter:card\" content=\"summary_large_image\" \/>\n<meta name=\"twitter:creator\" content=\"@sindicbarcelona\" \/>\n<meta name=\"twitter:site\" content=\"@sindicbarcelona\" \/>\n<meta name=\"twitter:label1\" content=\"Escrito por\" \/>\n\t<meta name=\"twitter:data1\" content=\"Pablo\" \/>\n\t<meta name=\"twitter:label2\" content=\"Tiempo de lectura\" \/>\n\t<meta name=\"twitter:data2\" content=\"3 minutos\" \/>\n<script type=\"application\/ld+json\" class=\"yoast-schema-graph\">{\"@context\":\"https:\\\/\\\/schema.org\",\"@graph\":[{\"@type\":\"Article\",\"@id\":\"https:\\\/\\\/www.sindicaturabarcelona.cat\\\/es\\\/la-sindicatura-de-greuges-de-barcelona-abre-una-actuacion-de-oficio-por-la-caida-de-una-palmera-que-ha-provocado-una-victima-mortal-en-la-plaza-emili-vendrell\\\/#article\",\"isPartOf\":{\"@id\":\"https:\\\/\\\/www.sindicaturabarcelona.cat\\\/es\\\/la-sindicatura-de-greuges-de-barcelona-abre-una-actuacion-de-oficio-por-la-caida-de-una-palmera-que-ha-provocado-una-victima-mortal-en-la-plaza-emili-vendrell\\\/\"},\"author\":{\"name\":\"Pablo\",\"@id\":\"https:\\\/\\\/www.sindicaturabarcelona.cat\\\/es\\\/#\\\/schema\\\/person\\\/0e5acffc350ffdbc97578159322c9452\"},\"headline\":\"La Sindicatura de Greuges de Barcelona abre una actuaci\u00f3n de oficio por la ca\u00edda de una palmera que ha provocado una v\u00edctima mortal en la plaza Emili Vendrell\",\"datePublished\":\"2023-08-04T15:21:49+00:00\",\"dateModified\":\"2023-09-20T15:28:52+00:00\",\"mainEntityOfPage\":{\"@id\":\"https:\\\/\\\/www.sindicaturabarcelona.cat\\\/es\\\/la-sindicatura-de-greuges-de-barcelona-abre-una-actuacion-de-oficio-por-la-caida-de-una-palmera-que-ha-provocado-una-victima-mortal-en-la-plaza-emili-vendrell\\\/\"},\"wordCount\":457,\"publisher\":{\"@id\":\"https:\\\/\\\/www.sindicaturabarcelona.cat\\\/es\\\/#organization\"},\"image\":{\"@id\":\"https:\\\/\\\/www.sindicaturabarcelona.cat\\\/es\\\/la-sindicatura-de-greuges-de-barcelona-abre-una-actuacion-de-oficio-por-la-caida-de-una-palmera-que-ha-provocado-una-victima-mortal-en-la-plaza-emili-vendrell\\\/#primaryimage\"},\"thumbnailUrl\":\"https:\\\/\\\/www.sindicaturabarcelona.cat\\\/wp-content\\\/uploads\\\/photo_2023-09-20_17-23-49.jpg\",\"inLanguage\":\"es\"},{\"@type\":\"WebPage\",\"@id\":\"https:\\\/\\\/www.sindicaturabarcelona.cat\\\/es\\\/la-sindicatura-de-greuges-de-barcelona-abre-una-actuacion-de-oficio-por-la-caida-de-una-palmera-que-ha-provocado-una-victima-mortal-en-la-plaza-emili-vendrell\\\/\",\"url\":\"https:\\\/\\\/www.sindicaturabarcelona.cat\\\/es\\\/la-sindicatura-de-greuges-de-barcelona-abre-una-actuacion-de-oficio-por-la-caida-de-una-palmera-que-ha-provocado-una-victima-mortal-en-la-plaza-emili-vendrell\\\/\",\"name\":\"La Sindicatura de Greuges de Barcelona abre una actuaci\u00f3n de oficio por la ca\u00edda de una palmera que ha provocado una v\u00edctima mortal en la plaza Emili Vendrell - Sindicatura de Greuges de Barcelona\",\"isPartOf\":{\"@id\":\"https:\\\/\\\/www.sindicaturabarcelona.cat\\\/es\\\/#website\"},\"primaryImageOfPage\":{\"@id\":\"https:\\\/\\\/www.sindicaturabarcelona.cat\\\/es\\\/la-sindicatura-de-greuges-de-barcelona-abre-una-actuacion-de-oficio-por-la-caida-de-una-palmera-que-ha-provocado-una-victima-mortal-en-la-plaza-emili-vendrell\\\/#primaryimage\"},\"image\":{\"@id\":\"https:\\\/\\\/www.sindicaturabarcelona.cat\\\/es\\\/la-sindicatura-de-greuges-de-barcelona-abre-una-actuacion-de-oficio-por-la-caida-de-una-palmera-que-ha-provocado-una-victima-mortal-en-la-plaza-emili-vendrell\\\/#primaryimage\"},\"thumbnailUrl\":\"https:\\\/\\\/www.sindicaturabarcelona.cat\\\/wp-content\\\/uploads\\\/photo_2023-09-20_17-23-49.jpg\",\"datePublished\":\"2023-08-04T15:21:49+00:00\",\"dateModified\":\"2023-09-20T15:28:52+00:00\",\"breadcrumb\":{\"@id\":\"https:\\\/\\\/www.sindicaturabarcelona.cat\\\/es\\\/la-sindicatura-de-greuges-de-barcelona-abre-una-actuacion-de-oficio-por-la-caida-de-una-palmera-que-ha-provocado-una-victima-mortal-en-la-plaza-emili-vendrell\\\/#breadcrumb\"},\"inLanguage\":\"es\",\"potentialAction\":[{\"@type\":\"ReadAction\",\"target\":[\"https:\\\/\\\/www.sindicaturabarcelona.cat\\\/es\\\/la-sindicatura-de-greuges-de-barcelona-abre-una-actuacion-de-oficio-por-la-caida-de-una-palmera-que-ha-provocado-una-victima-mortal-en-la-plaza-emili-vendrell\\\/\"]}]},{\"@type\":\"ImageObject\",\"inLanguage\":\"es\",\"@id\":\"https:\\\/\\\/www.sindicaturabarcelona.cat\\\/es\\\/la-sindicatura-de-greuges-de-barcelona-abre-una-actuacion-de-oficio-por-la-caida-de-una-palmera-que-ha-provocado-una-victima-mortal-en-la-plaza-emili-vendrell\\\/#primaryimage\",\"url\":\"https:\\\/\\\/www.sindicaturabarcelona.cat\\\/wp-content\\\/uploads\\\/photo_2023-09-20_17-23-49.jpg\",\"contentUrl\":\"https:\\\/\\\/www.sindicaturabarcelona.cat\\\/wp-content\\\/uploads\\\/photo_2023-09-20_17-23-49.jpg\",\"width\":1280,\"height\":720,\"caption\":\"pla\u00e7a Emili Vendrell\"},{\"@type\":\"BreadcrumbList\",\"@id\":\"https:\\\/\\\/www.sindicaturabarcelona.cat\\\/es\\\/la-sindicatura-de-greuges-de-barcelona-abre-una-actuacion-de-oficio-por-la-caida-de-una-palmera-que-ha-provocado-una-victima-mortal-en-la-plaza-emili-vendrell\\\/#breadcrumb\",\"itemListElement\":[{\"@type\":\"ListItem\",\"position\":1,\"name\":\"Inici\",\"item\":\"https:\\\/\\\/www.sindicaturabarcelona.cat\\\/es\\\/\"},{\"@type\":\"ListItem\",\"position\":2,\"name\":\"La Sindicatura de Greuges de Barcelona abre una actuaci\u00f3n de oficio por la ca\u00edda de una palmera que ha provocado una v\u00edctima mortal en la plaza Emili Vendrell\"}]},{\"@type\":\"WebSite\",\"@id\":\"https:\\\/\\\/www.sindicaturabarcelona.cat\\\/es\\\/#website\",\"url\":\"https:\\\/\\\/www.sindicaturabarcelona.cat\\\/es\\\/\",\"name\":\"Sindicatura de Greuges de Barcelona\",\"description\":\"La defensoria dels teus drets\",\"publisher\":{\"@id\":\"https:\\\/\\\/www.sindicaturabarcelona.cat\\\/es\\\/#organization\"},\"potentialAction\":[{\"@type\":\"SearchAction\",\"target\":{\"@type\":\"EntryPoint\",\"urlTemplate\":\"https:\\\/\\\/www.sindicaturabarcelona.cat\\\/es\\\/?s={search_term_string}\"},\"query-input\":{\"@type\":\"PropertyValueSpecification\",\"valueRequired\":true,\"valueName\":\"search_term_string\"}}],\"inLanguage\":\"es\"},{\"@type\":\"Organization\",\"@id\":\"https:\\\/\\\/www.sindicaturabarcelona.cat\\\/es\\\/#organization\",\"name\":\"Sindicatura de Greuges de Barcelona\",\"url\":\"https:\\\/\\\/www.sindicaturabarcelona.cat\\\/es\\\/\",\"logo\":{\"@type\":\"ImageObject\",\"inLanguage\":\"es\",\"@id\":\"https:\\\/\\\/www.sindicaturabarcelona.cat\\\/es\\\/#\\\/schema\\\/logo\\\/image\\\/\",\"url\":\"https:\\\/\\\/www.sindicaturabarcelona.cat\\\/wp-content\\\/uploads\\\/2023\\\/02\\\/logo_sindicatura.svg\",\"contentUrl\":\"https:\\\/\\\/www.sindicaturabarcelona.cat\\\/wp-content\\\/uploads\\\/2023\\\/02\\\/logo_sindicatura.svg\",\"caption\":\"Sindicatura de Greuges de Barcelona\"},\"image\":{\"@id\":\"https:\\\/\\\/www.sindicaturabarcelona.cat\\\/es\\\/#\\\/schema\\\/logo\\\/image\\\/\"},\"sameAs\":[\"https:\\\/\\\/x.com\\\/sindicbarcelona\",\"https:\\\/\\\/www.instagram.com\\\/sindicbarcelona\\\/\",\"https:\\\/\\\/www.tiktok.com\\\/@sindicaturabcn\",\"https:\\\/\\\/t.me\\\/sindicaturabarcelona\"]},{\"@type\":\"Person\",\"@id\":\"https:\\\/\\\/www.sindicaturabarcelona.cat\\\/es\\\/#\\\/schema\\\/person\\\/0e5acffc350ffdbc97578159322c9452\",\"name\":\"Pablo\",\"image\":{\"@type\":\"ImageObject\",\"inLanguage\":\"es\",\"@id\":\"https:\\\/\\\/secure.gravatar.com\\\/avatar\\\/c948169b402ef9492afde705c3dfd5e90e1a6a84ef6840a91124f805a25a480f?s=96&d=mm&r=g\",\"url\":\"https:\\\/\\\/secure.gravatar.com\\\/avatar\\\/c948169b402ef9492afde705c3dfd5e90e1a6a84ef6840a91124f805a25a480f?s=96&d=mm&r=g\",\"contentUrl\":\"https:\\\/\\\/secure.gravatar.com\\\/avatar\\\/c948169b402ef9492afde705c3dfd5e90e1a6a84ef6840a91124f805a25a480f?s=96&d=mm&r=g\",\"caption\":\"Pablo\"},\"url\":\"https:\\\/\\\/www.sindicaturabarcelona.cat\\\/es\\\/author\\\/pablo\\\/\"}]}<\/script>\n<!-- \/ Yoast SEO plugin. -->","yoast_head_json":{"title":"La Sindicatura de Greuges de Barcelona abre una actuaci\u00f3n de oficio por la ca\u00edda de una palmera que ha provocado una v\u00edctima mortal en la plaza Emili Vendrell - Sindicatura de Greuges de Barcelona","robots":{"index":"index","follow":"follow","max-snippet":"max-snippet:-1","max-image-preview":"max-image-preview:large","max-video-preview":"max-video-preview:-1"},"canonical":"https:\/\/www.sindicaturabarcelona.cat\/es\/la-sindicatura-de-greuges-de-barcelona-abre-una-actuacion-de-oficio-por-la-caida-de-una-palmera-que-ha-provocado-una-victima-mortal-en-la-plaza-emili-vendrell\/","og_locale":"es_ES","og_type":"article","og_title":"La Sindicatura de Greuges de Barcelona abre una actuaci\u00f3n de oficio por la ca\u00edda de una palmera que ha provocado una v\u00edctima mortal en la plaza Emili Vendrell - Sindicatura de Greuges de Barcelona","og_description":"La Sindicatura lamenta la muerte de una mujer de veinte a\u00f1os por la ca\u00edda de una palmera y env\u00eda las condolencias a su familia En una resoluci\u00f3n de febrero de [&hellip;]","og_url":"https:\/\/www.sindicaturabarcelona.cat\/es\/la-sindicatura-de-greuges-de-barcelona-abre-una-actuacion-de-oficio-por-la-caida-de-una-palmera-que-ha-provocado-una-victima-mortal-en-la-plaza-emili-vendrell\/","og_site_name":"Sindicatura de Greuges de Barcelona","article_published_time":"2023-08-04T15:21:49+00:00","article_modified_time":"2023-09-20T15:28:52+00:00","og_image":[{"width":1280,"height":720,"url":"https:\/\/www.sindicaturabarcelona.cat\/wp-content\/uploads\/photo_2023-09-20_17-23-49.jpg","type":"image\/jpeg"}],"author":"Pablo","twitter_card":"summary_large_image","twitter_creator":"@sindicbarcelona","twitter_site":"@sindicbarcelona","twitter_misc":{"Escrito por":"Pablo","Tiempo de lectura":"3 minutos"},"schema":{"@context":"https:\/\/schema.org","@graph":[{"@type":"Article","@id":"https:\/\/www.sindicaturabarcelona.cat\/es\/la-sindicatura-de-greuges-de-barcelona-abre-una-actuacion-de-oficio-por-la-caida-de-una-palmera-que-ha-provocado-una-victima-mortal-en-la-plaza-emili-vendrell\/#article","isPartOf":{"@id":"https:\/\/www.sindicaturabarcelona.cat\/es\/la-sindicatura-de-greuges-de-barcelona-abre-una-actuacion-de-oficio-por-la-caida-de-una-palmera-que-ha-provocado-una-victima-mortal-en-la-plaza-emili-vendrell\/"},"author":{"name":"Pablo","@id":"https:\/\/www.sindicaturabarcelona.cat\/es\/#\/schema\/person\/0e5acffc350ffdbc97578159322c9452"},"headline":"La Sindicatura de Greuges de Barcelona abre una actuaci\u00f3n de oficio por la ca\u00edda de una palmera que ha provocado una v\u00edctima mortal en la plaza Emili Vendrell","datePublished":"2023-08-04T15:21:49+00:00","dateModified":"2023-09-20T15:28:52+00:00","mainEntityOfPage":{"@id":"https:\/\/www.sindicaturabarcelona.cat\/es\/la-sindicatura-de-greuges-de-barcelona-abre-una-actuacion-de-oficio-por-la-caida-de-una-palmera-que-ha-provocado-una-victima-mortal-en-la-plaza-emili-vendrell\/"},"wordCount":457,"publisher":{"@id":"https:\/\/www.sindicaturabarcelona.cat\/es\/#organization"},"image":{"@id":"https:\/\/www.sindicaturabarcelona.cat\/es\/la-sindicatura-de-greuges-de-barcelona-abre-una-actuacion-de-oficio-por-la-caida-de-una-palmera-que-ha-provocado-una-victima-mortal-en-la-plaza-emili-vendrell\/#primaryimage"},"thumbnailUrl":"https:\/\/www.sindicaturabarcelona.cat\/wp-content\/uploads\/photo_2023-09-20_17-23-49.jpg","inLanguage":"es"},{"@type":"WebPage","@id":"https:\/\/www.sindicaturabarcelona.cat\/es\/la-sindicatura-de-greuges-de-barcelona-abre-una-actuacion-de-oficio-por-la-caida-de-una-palmera-que-ha-provocado-una-victima-mortal-en-la-plaza-emili-vendrell\/","url":"https:\/\/www.sindicaturabarcelona.cat\/es\/la-sindicatura-de-greuges-de-barcelona-abre-una-actuacion-de-oficio-por-la-caida-de-una-palmera-que-ha-provocado-una-victima-mortal-en-la-plaza-emili-vendrell\/","name":"La Sindicatura de Greuges de Barcelona abre una actuaci\u00f3n de oficio por la ca\u00edda de una palmera que ha provocado una v\u00edctima mortal en la plaza Emili Vendrell - Sindicatura de Greuges de Barcelona","isPartOf":{"@id":"https:\/\/www.sindicaturabarcelona.cat\/es\/#website"},"primaryImageOfPage":{"@id":"https:\/\/www.sindicaturabarcelona.cat\/es\/la-sindicatura-de-greuges-de-barcelona-abre-una-actuacion-de-oficio-por-la-caida-de-una-palmera-que-ha-provocado-una-victima-mortal-en-la-plaza-emili-vendrell\/#primaryimage"},"image":{"@id":"https:\/\/www.sindicaturabarcelona.cat\/es\/la-sindicatura-de-greuges-de-barcelona-abre-una-actuacion-de-oficio-por-la-caida-de-una-palmera-que-ha-provocado-una-victima-mortal-en-la-plaza-emili-vendrell\/#primaryimage"},"thumbnailUrl":"https:\/\/www.sindicaturabarcelona.cat\/wp-content\/uploads\/photo_2023-09-20_17-23-49.jpg","datePublished":"2023-08-04T15:21:49+00:00","dateModified":"2023-09-20T15:28:52+00:00","breadcrumb":{"@id":"https:\/\/www.sindicaturabarcelona.cat\/es\/la-sindicatura-de-greuges-de-barcelona-abre-una-actuacion-de-oficio-por-la-caida-de-una-palmera-que-ha-provocado-una-victima-mortal-en-la-plaza-emili-vendrell\/#breadcrumb"},"inLanguage":"es","potentialAction":[{"@type":"ReadAction","target":["https:\/\/www.sindicaturabarcelona.cat\/es\/la-sindicatura-de-greuges-de-barcelona-abre-una-actuacion-de-oficio-por-la-caida-de-una-palmera-que-ha-provocado-una-victima-mortal-en-la-plaza-emili-vendrell\/"]}]},{"@type":"ImageObject","inLanguage":"es","@id":"https:\/\/www.sindicaturabarcelona.cat\/es\/la-sindicatura-de-greuges-de-barcelona-abre-una-actuacion-de-oficio-por-la-caida-de-una-palmera-que-ha-provocado-una-victima-mortal-en-la-plaza-emili-vendrell\/#primaryimage","url":"https:\/\/www.sindicaturabarcelona.cat\/wp-content\/uploads\/photo_2023-09-20_17-23-49.jpg","contentUrl":"https:\/\/www.sindicaturabarcelona.cat\/wp-content\/uploads\/photo_2023-09-20_17-23-49.jpg","width":1280,"height":720,"caption":"pla\u00e7a Emili Vendrell"},{"@type":"BreadcrumbList","@id":"https:\/\/www.sindicaturabarcelona.cat\/es\/la-sindicatura-de-greuges-de-barcelona-abre-una-actuacion-de-oficio-por-la-caida-de-una-palmera-que-ha-provocado-una-victima-mortal-en-la-plaza-emili-vendrell\/#breadcrumb","itemListElement":[{"@type":"ListItem","position":1,"name":"Inici","item":"https:\/\/www.sindicaturabarcelona.cat\/es\/"},{"@type":"ListItem","position":2,"name":"La Sindicatura de Greuges de Barcelona abre una actuaci\u00f3n de oficio por la ca\u00edda de una palmera que ha provocado una v\u00edctima mortal en la plaza Emili Vendrell"}]},{"@type":"WebSite","@id":"https:\/\/www.sindicaturabarcelona.cat\/es\/#website","url":"https:\/\/www.sindicaturabarcelona.cat\/es\/","name":"Sindicatura de Greuges de Barcelona","description":"La defensoria dels teus drets","publisher":{"@id":"https:\/\/www.sindicaturabarcelona.cat\/es\/#organization"},"potentialAction":[{"@type":"SearchAction","target":{"@type":"EntryPoint","urlTemplate":"https:\/\/www.sindicaturabarcelona.cat\/es\/?s={search_term_string}"},"query-input":{"@type":"PropertyValueSpecification","valueRequired":true,"valueName":"search_term_string"}}],"inLanguage":"es"},{"@type":"Organization","@id":"https:\/\/www.sindicaturabarcelona.cat\/es\/#organization","name":"Sindicatura de Greuges de Barcelona","url":"https:\/\/www.sindicaturabarcelona.cat\/es\/","logo":{"@type":"ImageObject","inLanguage":"es","@id":"https:\/\/www.sindicaturabarcelona.cat\/es\/#\/schema\/logo\/image\/","url":"https:\/\/www.sindicaturabarcelona.cat\/wp-content\/uploads\/2023\/02\/logo_sindicatura.svg","contentUrl":"https:\/\/www.sindicaturabarcelona.cat\/wp-content\/uploads\/2023\/02\/logo_sindicatura.svg","caption":"Sindicatura de Greuges de Barcelona"},"image":{"@id":"https:\/\/www.sindicaturabarcelona.cat\/es\/#\/schema\/logo\/image\/"},"sameAs":["https:\/\/x.com\/sindicbarcelona","https:\/\/www.instagram.com\/sindicbarcelona\/","https:\/\/www.tiktok.com\/@sindicaturabcn","https:\/\/t.me\/sindicaturabarcelona"]},{"@type":"Person","@id":"https:\/\/www.sindicaturabarcelona.cat\/es\/#\/schema\/person\/0e5acffc350ffdbc97578159322c9452","name":"Pablo","image":{"@type":"ImageObject","inLanguage":"es","@id":"https:\/\/secure.gravatar.com\/avatar\/c948169b402ef9492afde705c3dfd5e90e1a6a84ef6840a91124f805a25a480f?s=96&d=mm&r=g","url":"https:\/\/secure.gravatar.com\/avatar\/c948169b402ef9492afde705c3dfd5e90e1a6a84ef6840a91124f805a25a480f?s=96&d=mm&r=g","contentUrl":"https:\/\/secure.gravatar.com\/avatar\/c948169b402ef9492afde705c3dfd5e90e1a6a84ef6840a91124f805a25a480f?s=96&d=mm&r=g","caption":"Pablo"},"url":"https:\/\/www.sindicaturabarcelona.cat\/es\/author\/pablo\/"}]}},"_links":{"self":[{"href":"https:\/\/www.sindicaturabarcelona.cat\/es\/wp-json\/wp\/v2\/posts\/30047","targetHints":{"allow":["GET"]}}],"collection":[{"href":"https:\/\/www.sindicaturabarcelona.cat\/es\/wp-json\/wp\/v2\/posts"}],"about":[{"href":"https:\/\/www.sindicaturabarcelona.cat\/es\/wp-json\/wp\/v2\/types\/post"}],"author":[{"embeddable":true,"href":"https:\/\/www.sindicaturabarcelona.cat\/es\/wp-json\/wp\/v2\/users\/2"}],"replies":[{"embeddable":true,"href":"https:\/\/www.sindicaturabarcelona.cat\/es\/wp-json\/wp\/v2\/comments?post=30047"}],"version-history":[{"count":1,"href":"https:\/\/www.sindicaturabarcelona.cat\/es\/wp-json\/wp\/v2\/posts\/30047\/revisions"}],"predecessor-version":[{"id":30048,"href":"https:\/\/www.sindicaturabarcelona.cat\/es\/wp-json\/wp\/v2\/posts\/30047\/revisions\/30048"}],"wp:featuredmedia":[{"embeddable":true,"href":"https:\/\/www.sindicaturabarcelona.cat\/es\/wp-json\/wp\/v2\/media\/30045"}],"wp:attachment":[{"href":"https:\/\/www.sindicaturabarcelona.cat\/es\/wp-json\/wp\/v2\/media?parent=30047"}],"wp:term":[{"taxonomy":"post_tag","embeddable":true,"href":"https:\/\/www.sindicaturabarcelona.cat\/es\/wp-json\/wp\/v2\/tags?post=30047"},{"taxonomy":"drets","embeddable":true,"href":"https:\/\/www.sindicaturabarcelona.cat\/es\/wp-json\/wp\/v2\/drets?post=30047"}],"curies":[{"name":"wp","href":"https:\/\/api.w.org\/{rel}","templated":true}]}}