{"id":30040,"date":"2023-08-10T17:11:02","date_gmt":"2023-08-10T15:11:02","guid":{"rendered":"https:\/\/www.sindicaturabarcelona.cat\/?p=30040"},"modified":"2023-09-20T17:21:26","modified_gmt":"2023-09-20T15:21:26","slug":"la-sindicatura-advierte-al-ayuntamiento-y-al-consorcio-de-educacion-de-la-necesidad-de-establecer-la-ubicacion-definitiva-de-la-escuela-entenca","status":"publish","type":"post","link":"https:\/\/www.sindicaturabarcelona.cat\/es\/la-sindicatura-advierte-al-ayuntamiento-y-al-consorcio-de-educacion-de-la-necesidad-de-establecer-la-ubicacion-definitiva-de-la-escuela-entenca\/","title":{"rendered":"La Sindicatura advierte al Ayuntamiento y al Consorcio de Educaci\u00f3n de la necesidad de establecer la ubicaci\u00f3n definitiva de la Escuela Enten\u00e7a"},"content":{"rendered":"\n<h2 class=\"wp-block-heading\"><strong>Siete a\u00f1os despu\u00e9s de la creaci\u00f3n de la escuela, sigue sin definirse la ubicaci\u00f3n definitiva del centro y un calendario de actuaci\u00f3n, a pesar de las reclamaciones y la movilizaci\u00f3n de la comunidad educativa<\/strong><\/h2>\n\n\n\n<p>La Sindicatura de Greuges de Barcelona ha advertido al Ayuntamiento y al Consorcio de Educaci\u00f3n de la <strong>necesidad de establecer, sin m\u00e1s dilaci\u00f3n y con la m\u00e1xima prioridad, una ubicaci\u00f3n adecuada y definitiva para la Escuela Enten\u00e7a con el consenso de toda la comunidad educativa<\/strong>.<\/p>\n\n\n\n<p>A ra\u00edz de una queja de la AFA de la Escuela Enten\u00e7a en que denuncia el enquistamiento de esta situaci\u00f3n, la Sindicatura de Greuges de Barcelona ha analizado c\u00f3mo ha evolucionado la gesti\u00f3n y la planificaci\u00f3n del emplazamiento definitivo. <a href=\"https:\/\/www.sindicaturabarcelona.cat\/wp-content\/uploads\/2023\/07\/202307_Drets-infancia-i-dret-educacio_ubicacio-definitiva-Escola-Entenca-22Q001104.pdf\" target=\"_blank\" rel=\"noreferrer noopener\">La defensor\u00eda ha concluido que la comunidad educativa de este centro docente ha sufrido un agravio significativo desde que se cre\u00f3 la escuela.<\/a><\/p>\n\n\n\n<h3 class=\"wp-block-heading\"><strong>La cronolog\u00eda de la Escuela Enten\u00e7a<\/strong><\/h3>\n\n\n\n<ul class=\"wp-block-list\">\n<li>La Escuela Enten\u00e7a es un centro de nueva creaci\u00f3n que abre las puertas el curso 2016\/2017. En aquel momento, el emplazamiento definitivo previsto era el recinto de La Modelo.<\/li>\n<\/ul>\n\n\n\n<ul class=\"wp-block-list\">\n<li>Sin embargo, en <strong>julio de 2017<\/strong>, el Ayuntamiento de Barcelona y el Consorcio de Educaci\u00f3n de Barcelona informaron que los posibles <strong>emplazamientos definitivos que se planteaban para la Escuela Enten\u00e7a eran dos: La Modelo<\/strong> (posibilidad de construir dos escuelas dependiendo del resultado de la revisi\u00f3n del Plan Director) <strong>o la Escuela Industrial. En aquel momento, manifestaron una clara preferencia por esta segunda opci\u00f3n.<\/strong><\/li>\n<\/ul>\n\n\n\n<ul class=\"wp-block-list\">\n<li><strong>El a\u00f1o 2018 se descart\u00f3 la posible ubicaci\u00f3n de la Escuela Industrial <\/strong>por presi\u00f3n de la AFA, puesto que el espacio se encontraba muy cerca de una subestaci\u00f3n el\u00e9ctrica. La Agencia de Salud P\u00fablica tampoco validaba esta ubicaci\u00f3n.<\/li>\n<\/ul>\n\n\n\n<ul class=\"wp-block-list\">\n<li><strong>En octubre de 2018 se comunic\u00f3 que exist\u00eda un acuerdo verbal con la Generalitat y el Hospital Cl\u00ednic para que la ubicaci\u00f3n definitiva de la Escuela Enten\u00e7a fuera el solar posterior del Mercado del Ninot<\/strong>, que pertenec\u00eda al hospital. Informaban que el acuerdo se concretar\u00eda por escrito de manera inmediata.<\/li>\n<\/ul>\n\n\n\n<ul class=\"wp-block-list\">\n<li><strong>El a\u00f1o 2019 se aprueba el Plan Director de La Modelo<\/strong>, que contempla los siguientes equipamientos a construir en una primera fase: un instituto escuela, un polideportivo y el Espacio Memorial.<\/li>\n<\/ul>\n\n\n\n<ul class=\"wp-block-list\">\n<li><strong>En febrero de 2019<\/strong>, todav\u00eda sin acuerdo escrito con la Generalitat y el Hospital Cl\u00ednic, <strong>el Gobierno municipal firm\u00f3 un compromiso<\/strong> seg\u00fan el cual se comunicar\u00eda <strong>la ubicaci\u00f3n definitiva de la escuela antes de la finalizaci\u00f3n del mandato (mayo 2019)<\/strong>.<\/li>\n<\/ul>\n\n\n\n<ul class=\"wp-block-list\">\n<li>Pero no fue hasta <strong>febrero del a\u00f1o 2020 que el Ayuntamiento inform\u00f3 de una nueva ubicaci\u00f3n definitiva para la Escuela&nbsp;Enten\u00e7a: los jardines de Paula&nbsp;Montal. La AFA&nbsp;rechaz\u00f3 esta opci\u00f3n<\/strong>, <strong>puesto que significaba crear una escuela sin patio propio, incumpliendo los <em>Criterios para la construcci\u00f3n de nuevos edificios para centros docentes p\u00fablicos<\/em><\/strong>, que establece que los espacios exteriores para una escuela de dos l\u00edneas deben contar con una superficie m\u00ednima de 1.986 metros cuadrados (esta ubicaci\u00f3n tendr\u00eda unos 1.000 metros cuadrados).<\/li>\n<\/ul>\n\n\n\n<ul class=\"wp-block-list\">\n<li><strong>En mayo del 2020 la AFA&nbsp;present\u00f3 una reclamaci\u00f3n al Ayuntamiento en la que ped\u00eda desestimar los jardines Paula&nbsp;Montal&nbsp;como ubicaci\u00f3n y solicitaban que el centro escolar se ubicara de manera definitiva en el recinto de La Modelo<\/strong>. Hicieron alegaciones a la modificaci\u00f3n del&nbsp;PGM&nbsp;para la transformaci\u00f3n de La Modelo y en el Plan director de La Modelo de 2019, pero no obtuvieron respuesta.<\/li>\n<\/ul>\n\n\n\n<ul class=\"wp-block-list\">\n<li><strong>El a\u00f1o 2022<\/strong> el Ayuntamiento comunica que el nuevo instituto escuela de La Modelo ser\u00e1 finalmente para la Escuela&nbsp;Xirinacs, uno de los dos centros educativos que ocupa el espacio de forma provisional. Tambi\u00e9n se informa que <strong>el otro centro, la Escuela&nbsp;Enten\u00e7a, no se ubicar\u00e1 de forma definitiva en este recinto y se buscar\u00e1 otro emplazamiento.<\/strong><\/li>\n<\/ul>\n\n\n\n<ul class=\"wp-block-list\">\n<li><strong>El primer semestre de 2023, la Sindicatura de Greuges de Barcelona mantuvo varias reuniones con representantes del Ayuntamiento de Barcelona<\/strong> (Concejal\u00eda de Educaci\u00f3n, Distrito del Eixample y \u00c1rea de Ecolog\u00eda Urbana), en las que <strong>proporcionaron informaciones contradictorias respecto a la ubicaci\u00f3n definitiva de la Escuela&nbsp;Enten\u00e7a<\/strong>. Por un lado, dec\u00edan que las gestiones con el Hospital Cl\u00ednic estaban avanzadas, y por el otro, que los jardines Paula&nbsp;Montal&nbsp;eran la ubicaci\u00f3n definitiva por ahora, a pesar de que la reubicaci\u00f3n no ten\u00eda calendario previsto (se trabajaba con el horizonte 2028-2030).<\/li>\n<\/ul>\n\n\n\n<p>Ya es agosto del 2023 y todos los posibles emplazamientos definitivos previstos para la Escuela&nbsp;Enten\u00e7a&nbsp;han sido descartados por no ser id\u00f3neos, o no se han materializado sin informar de los motivos (el caso del Hospital Cl\u00ednic). <strong>Siete a\u00f1os despu\u00e9s de la creaci\u00f3n de la escuela, la ubicaci\u00f3n definitiva del centro contin\u00faa sin resolverse y sin disponer de un calendario de actuaci\u00f3n, a pesar de los reclamos y la movilizaci\u00f3n de la comunidad educativa.<\/strong><\/p>\n","protected":false},"excerpt":{"rendered":"<p>Siete a\u00f1os despu\u00e9s de la creaci\u00f3n de la escuela, sigue sin definirse la ubicaci\u00f3n definitiva del centro y un calendario de actuaci\u00f3n, a pesar de las reclamaciones y la movilizaci\u00f3n [&hellip;]<\/p>\n","protected":false},"author":2,"featured_media":30038,"comment_status":"closed","ping_status":"closed","sticky":false,"template":"","format":"standard","meta":{"_acf_changed":false,"footnotes":""},"tags":[],"drets":[1475,1575,1567,1571],"class_list":["post-30040","post","type-post","status-publish","format-standard","has-post-thumbnail","hentry","drets-ciudad-equitativa","drets-derecho-a-la-educacion-y-al-ocio","drets-ciudad-diversa","drets-derechos-de-la-infancia-y-la-adolescencia"],"acf":[],"yoast_head":"<!-- This site is optimized with the Yoast SEO plugin v27.5 - https:\/\/yoast.com\/product\/yoast-seo-wordpress\/ -->\n<title>La Sindicatura advierte al Ayuntamiento y al Consorcio de Educaci\u00f3n de la necesidad de establecer la ubicaci\u00f3n definitiva de la Escuela Enten\u00e7a - Sindicatura de Greuges de Barcelona<\/title>\n<meta name=\"robots\" content=\"index, follow, max-snippet:-1, max-image-preview:large, max-video-preview:-1\" \/>\n<link rel=\"canonical\" href=\"https:\/\/www.sindicaturabarcelona.cat\/es\/la-sindicatura-advierte-al-ayuntamiento-y-al-consorcio-de-educacion-de-la-necesidad-de-establecer-la-ubicacion-definitiva-de-la-escuela-entenca\/\" \/>\n<meta property=\"og:locale\" content=\"es_ES\" \/>\n<meta property=\"og:type\" content=\"article\" \/>\n<meta property=\"og:title\" content=\"La Sindicatura advierte al Ayuntamiento y al Consorcio de Educaci\u00f3n de la necesidad de establecer la ubicaci\u00f3n definitiva de la Escuela Enten\u00e7a - Sindicatura de Greuges de Barcelona\" \/>\n<meta property=\"og:description\" content=\"Siete a\u00f1os despu\u00e9s de la creaci\u00f3n de la escuela, sigue sin definirse la ubicaci\u00f3n definitiva del centro y un calendario de actuaci\u00f3n, a pesar de las reclamaciones y la movilizaci\u00f3n [&hellip;]\" \/>\n<meta property=\"og:url\" content=\"https:\/\/www.sindicaturabarcelona.cat\/es\/la-sindicatura-advierte-al-ayuntamiento-y-al-consorcio-de-educacion-de-la-necesidad-de-establecer-la-ubicacion-definitiva-de-la-escuela-entenca\/\" \/>\n<meta property=\"og:site_name\" content=\"Sindicatura de Greuges de Barcelona\" \/>\n<meta property=\"article:published_time\" content=\"2023-08-10T15:11:02+00:00\" \/>\n<meta property=\"article:modified_time\" content=\"2023-09-20T15:21:26+00:00\" \/>\n<meta property=\"og:image\" content=\"https:\/\/www.sindicaturabarcelona.cat\/wp-content\/uploads\/escola-entenca.jpg\" \/>\n\t<meta property=\"og:image:width\" content=\"1000\" \/>\n\t<meta property=\"og:image:height\" content=\"750\" \/>\n\t<meta property=\"og:image:type\" content=\"image\/jpeg\" \/>\n<meta name=\"author\" content=\"Pablo\" \/>\n<meta name=\"twitter:card\" content=\"summary_large_image\" \/>\n<meta name=\"twitter:creator\" content=\"@sindicbarcelona\" \/>\n<meta name=\"twitter:site\" content=\"@sindicbarcelona\" \/>\n<meta name=\"twitter:label1\" content=\"Escrito por\" \/>\n\t<meta name=\"twitter:data1\" content=\"Pablo\" \/>\n\t<meta name=\"twitter:label2\" content=\"Tiempo de lectura\" \/>\n\t<meta name=\"twitter:data2\" content=\"5 minutos\" \/>\n<script type=\"application\/ld+json\" class=\"yoast-schema-graph\">{\"@context\":\"https:\\\/\\\/schema.org\",\"@graph\":[{\"@type\":\"Article\",\"@id\":\"https:\\\/\\\/www.sindicaturabarcelona.cat\\\/es\\\/la-sindicatura-advierte-al-ayuntamiento-y-al-consorcio-de-educacion-de-la-necesidad-de-establecer-la-ubicacion-definitiva-de-la-escuela-entenca\\\/#article\",\"isPartOf\":{\"@id\":\"https:\\\/\\\/www.sindicaturabarcelona.cat\\\/es\\\/la-sindicatura-advierte-al-ayuntamiento-y-al-consorcio-de-educacion-de-la-necesidad-de-establecer-la-ubicacion-definitiva-de-la-escuela-entenca\\\/\"},\"author\":{\"name\":\"Pablo\",\"@id\":\"https:\\\/\\\/www.sindicaturabarcelona.cat\\\/es\\\/#\\\/schema\\\/person\\\/0e5acffc350ffdbc97578159322c9452\"},\"headline\":\"La Sindicatura advierte al Ayuntamiento y al Consorcio de Educaci\u00f3n de la necesidad de establecer la ubicaci\u00f3n definitiva de la Escuela Enten\u00e7a\",\"datePublished\":\"2023-08-10T15:11:02+00:00\",\"dateModified\":\"2023-09-20T15:21:26+00:00\",\"mainEntityOfPage\":{\"@id\":\"https:\\\/\\\/www.sindicaturabarcelona.cat\\\/es\\\/la-sindicatura-advierte-al-ayuntamiento-y-al-consorcio-de-educacion-de-la-necesidad-de-establecer-la-ubicacion-definitiva-de-la-escuela-entenca\\\/\"},\"wordCount\":878,\"publisher\":{\"@id\":\"https:\\\/\\\/www.sindicaturabarcelona.cat\\\/es\\\/#organization\"},\"image\":{\"@id\":\"https:\\\/\\\/www.sindicaturabarcelona.cat\\\/es\\\/la-sindicatura-advierte-al-ayuntamiento-y-al-consorcio-de-educacion-de-la-necesidad-de-establecer-la-ubicacion-definitiva-de-la-escuela-entenca\\\/#primaryimage\"},\"thumbnailUrl\":\"https:\\\/\\\/www.sindicaturabarcelona.cat\\\/wp-content\\\/uploads\\\/escola-entenca.jpg\",\"inLanguage\":\"es\"},{\"@type\":\"WebPage\",\"@id\":\"https:\\\/\\\/www.sindicaturabarcelona.cat\\\/es\\\/la-sindicatura-advierte-al-ayuntamiento-y-al-consorcio-de-educacion-de-la-necesidad-de-establecer-la-ubicacion-definitiva-de-la-escuela-entenca\\\/\",\"url\":\"https:\\\/\\\/www.sindicaturabarcelona.cat\\\/es\\\/la-sindicatura-advierte-al-ayuntamiento-y-al-consorcio-de-educacion-de-la-necesidad-de-establecer-la-ubicacion-definitiva-de-la-escuela-entenca\\\/\",\"name\":\"La Sindicatura advierte al Ayuntamiento y al Consorcio de Educaci\u00f3n de la necesidad de establecer la ubicaci\u00f3n definitiva de la Escuela Enten\u00e7a - Sindicatura de Greuges de Barcelona\",\"isPartOf\":{\"@id\":\"https:\\\/\\\/www.sindicaturabarcelona.cat\\\/es\\\/#website\"},\"primaryImageOfPage\":{\"@id\":\"https:\\\/\\\/www.sindicaturabarcelona.cat\\\/es\\\/la-sindicatura-advierte-al-ayuntamiento-y-al-consorcio-de-educacion-de-la-necesidad-de-establecer-la-ubicacion-definitiva-de-la-escuela-entenca\\\/#primaryimage\"},\"image\":{\"@id\":\"https:\\\/\\\/www.sindicaturabarcelona.cat\\\/es\\\/la-sindicatura-advierte-al-ayuntamiento-y-al-consorcio-de-educacion-de-la-necesidad-de-establecer-la-ubicacion-definitiva-de-la-escuela-entenca\\\/#primaryimage\"},\"thumbnailUrl\":\"https:\\\/\\\/www.sindicaturabarcelona.cat\\\/wp-content\\\/uploads\\\/escola-entenca.jpg\",\"datePublished\":\"2023-08-10T15:11:02+00:00\",\"dateModified\":\"2023-09-20T15:21:26+00:00\",\"breadcrumb\":{\"@id\":\"https:\\\/\\\/www.sindicaturabarcelona.cat\\\/es\\\/la-sindicatura-advierte-al-ayuntamiento-y-al-consorcio-de-educacion-de-la-necesidad-de-establecer-la-ubicacion-definitiva-de-la-escuela-entenca\\\/#breadcrumb\"},\"inLanguage\":\"es\",\"potentialAction\":[{\"@type\":\"ReadAction\",\"target\":[\"https:\\\/\\\/www.sindicaturabarcelona.cat\\\/es\\\/la-sindicatura-advierte-al-ayuntamiento-y-al-consorcio-de-educacion-de-la-necesidad-de-establecer-la-ubicacion-definitiva-de-la-escuela-entenca\\\/\"]}]},{\"@type\":\"ImageObject\",\"inLanguage\":\"es\",\"@id\":\"https:\\\/\\\/www.sindicaturabarcelona.cat\\\/es\\\/la-sindicatura-advierte-al-ayuntamiento-y-al-consorcio-de-educacion-de-la-necesidad-de-establecer-la-ubicacion-definitiva-de-la-escuela-entenca\\\/#primaryimage\",\"url\":\"https:\\\/\\\/www.sindicaturabarcelona.cat\\\/wp-content\\\/uploads\\\/escola-entenca.jpg\",\"contentUrl\":\"https:\\\/\\\/www.sindicaturabarcelona.cat\\\/wp-content\\\/uploads\\\/escola-entenca.jpg\",\"width\":1000,\"height\":750,\"caption\":\"Escola Enten\u00e7a\"},{\"@type\":\"BreadcrumbList\",\"@id\":\"https:\\\/\\\/www.sindicaturabarcelona.cat\\\/es\\\/la-sindicatura-advierte-al-ayuntamiento-y-al-consorcio-de-educacion-de-la-necesidad-de-establecer-la-ubicacion-definitiva-de-la-escuela-entenca\\\/#breadcrumb\",\"itemListElement\":[{\"@type\":\"ListItem\",\"position\":1,\"name\":\"Inici\",\"item\":\"https:\\\/\\\/www.sindicaturabarcelona.cat\\\/es\\\/\"},{\"@type\":\"ListItem\",\"position\":2,\"name\":\"La Sindicatura advierte al Ayuntamiento y al Consorcio de Educaci\u00f3n de la necesidad de establecer la ubicaci\u00f3n definitiva de la Escuela Enten\u00e7a\"}]},{\"@type\":\"WebSite\",\"@id\":\"https:\\\/\\\/www.sindicaturabarcelona.cat\\\/es\\\/#website\",\"url\":\"https:\\\/\\\/www.sindicaturabarcelona.cat\\\/es\\\/\",\"name\":\"Sindicatura de Greuges de Barcelona\",\"description\":\"La defensoria dels teus drets\",\"publisher\":{\"@id\":\"https:\\\/\\\/www.sindicaturabarcelona.cat\\\/es\\\/#organization\"},\"potentialAction\":[{\"@type\":\"SearchAction\",\"target\":{\"@type\":\"EntryPoint\",\"urlTemplate\":\"https:\\\/\\\/www.sindicaturabarcelona.cat\\\/es\\\/?s={search_term_string}\"},\"query-input\":{\"@type\":\"PropertyValueSpecification\",\"valueRequired\":true,\"valueName\":\"search_term_string\"}}],\"inLanguage\":\"es\"},{\"@type\":\"Organization\",\"@id\":\"https:\\\/\\\/www.sindicaturabarcelona.cat\\\/es\\\/#organization\",\"name\":\"Sindicatura de Greuges de Barcelona\",\"url\":\"https:\\\/\\\/www.sindicaturabarcelona.cat\\\/es\\\/\",\"logo\":{\"@type\":\"ImageObject\",\"inLanguage\":\"es\",\"@id\":\"https:\\\/\\\/www.sindicaturabarcelona.cat\\\/es\\\/#\\\/schema\\\/logo\\\/image\\\/\",\"url\":\"https:\\\/\\\/www.sindicaturabarcelona.cat\\\/wp-content\\\/uploads\\\/2023\\\/02\\\/logo_sindicatura.svg\",\"contentUrl\":\"https:\\\/\\\/www.sindicaturabarcelona.cat\\\/wp-content\\\/uploads\\\/2023\\\/02\\\/logo_sindicatura.svg\",\"caption\":\"Sindicatura de Greuges de Barcelona\"},\"image\":{\"@id\":\"https:\\\/\\\/www.sindicaturabarcelona.cat\\\/es\\\/#\\\/schema\\\/logo\\\/image\\\/\"},\"sameAs\":[\"https:\\\/\\\/x.com\\\/sindicbarcelona\",\"https:\\\/\\\/www.instagram.com\\\/sindicbarcelona\\\/\",\"https:\\\/\\\/www.tiktok.com\\\/@sindicaturabcn\",\"https:\\\/\\\/t.me\\\/sindicaturabarcelona\"]},{\"@type\":\"Person\",\"@id\":\"https:\\\/\\\/www.sindicaturabarcelona.cat\\\/es\\\/#\\\/schema\\\/person\\\/0e5acffc350ffdbc97578159322c9452\",\"name\":\"Pablo\",\"image\":{\"@type\":\"ImageObject\",\"inLanguage\":\"es\",\"@id\":\"https:\\\/\\\/secure.gravatar.com\\\/avatar\\\/c948169b402ef9492afde705c3dfd5e90e1a6a84ef6840a91124f805a25a480f?s=96&d=mm&r=g\",\"url\":\"https:\\\/\\\/secure.gravatar.com\\\/avatar\\\/c948169b402ef9492afde705c3dfd5e90e1a6a84ef6840a91124f805a25a480f?s=96&d=mm&r=g\",\"contentUrl\":\"https:\\\/\\\/secure.gravatar.com\\\/avatar\\\/c948169b402ef9492afde705c3dfd5e90e1a6a84ef6840a91124f805a25a480f?s=96&d=mm&r=g\",\"caption\":\"Pablo\"},\"url\":\"https:\\\/\\\/www.sindicaturabarcelona.cat\\\/es\\\/author\\\/pablo\\\/\"}]}<\/script>\n<!-- \/ Yoast SEO plugin. -->","yoast_head_json":{"title":"La Sindicatura advierte al Ayuntamiento y al Consorcio de Educaci\u00f3n de la necesidad de establecer la ubicaci\u00f3n definitiva de la Escuela Enten\u00e7a - Sindicatura de Greuges de Barcelona","robots":{"index":"index","follow":"follow","max-snippet":"max-snippet:-1","max-image-preview":"max-image-preview:large","max-video-preview":"max-video-preview:-1"},"canonical":"https:\/\/www.sindicaturabarcelona.cat\/es\/la-sindicatura-advierte-al-ayuntamiento-y-al-consorcio-de-educacion-de-la-necesidad-de-establecer-la-ubicacion-definitiva-de-la-escuela-entenca\/","og_locale":"es_ES","og_type":"article","og_title":"La Sindicatura advierte al Ayuntamiento y al Consorcio de Educaci\u00f3n de la necesidad de establecer la ubicaci\u00f3n definitiva de la Escuela Enten\u00e7a - Sindicatura de Greuges de Barcelona","og_description":"Siete a\u00f1os despu\u00e9s de la creaci\u00f3n de la escuela, sigue sin definirse la ubicaci\u00f3n definitiva del centro y un calendario de actuaci\u00f3n, a pesar de las reclamaciones y la movilizaci\u00f3n [&hellip;]","og_url":"https:\/\/www.sindicaturabarcelona.cat\/es\/la-sindicatura-advierte-al-ayuntamiento-y-al-consorcio-de-educacion-de-la-necesidad-de-establecer-la-ubicacion-definitiva-de-la-escuela-entenca\/","og_site_name":"Sindicatura de Greuges de Barcelona","article_published_time":"2023-08-10T15:11:02+00:00","article_modified_time":"2023-09-20T15:21:26+00:00","og_image":[{"width":1000,"height":750,"url":"https:\/\/www.sindicaturabarcelona.cat\/wp-content\/uploads\/escola-entenca.jpg","type":"image\/jpeg"}],"author":"Pablo","twitter_card":"summary_large_image","twitter_creator":"@sindicbarcelona","twitter_site":"@sindicbarcelona","twitter_misc":{"Escrito por":"Pablo","Tiempo de lectura":"5 minutos"},"schema":{"@context":"https:\/\/schema.org","@graph":[{"@type":"Article","@id":"https:\/\/www.sindicaturabarcelona.cat\/es\/la-sindicatura-advierte-al-ayuntamiento-y-al-consorcio-de-educacion-de-la-necesidad-de-establecer-la-ubicacion-definitiva-de-la-escuela-entenca\/#article","isPartOf":{"@id":"https:\/\/www.sindicaturabarcelona.cat\/es\/la-sindicatura-advierte-al-ayuntamiento-y-al-consorcio-de-educacion-de-la-necesidad-de-establecer-la-ubicacion-definitiva-de-la-escuela-entenca\/"},"author":{"name":"Pablo","@id":"https:\/\/www.sindicaturabarcelona.cat\/es\/#\/schema\/person\/0e5acffc350ffdbc97578159322c9452"},"headline":"La Sindicatura advierte al Ayuntamiento y al Consorcio de Educaci\u00f3n de la necesidad de establecer la ubicaci\u00f3n definitiva de la Escuela Enten\u00e7a","datePublished":"2023-08-10T15:11:02+00:00","dateModified":"2023-09-20T15:21:26+00:00","mainEntityOfPage":{"@id":"https:\/\/www.sindicaturabarcelona.cat\/es\/la-sindicatura-advierte-al-ayuntamiento-y-al-consorcio-de-educacion-de-la-necesidad-de-establecer-la-ubicacion-definitiva-de-la-escuela-entenca\/"},"wordCount":878,"publisher":{"@id":"https:\/\/www.sindicaturabarcelona.cat\/es\/#organization"},"image":{"@id":"https:\/\/www.sindicaturabarcelona.cat\/es\/la-sindicatura-advierte-al-ayuntamiento-y-al-consorcio-de-educacion-de-la-necesidad-de-establecer-la-ubicacion-definitiva-de-la-escuela-entenca\/#primaryimage"},"thumbnailUrl":"https:\/\/www.sindicaturabarcelona.cat\/wp-content\/uploads\/escola-entenca.jpg","inLanguage":"es"},{"@type":"WebPage","@id":"https:\/\/www.sindicaturabarcelona.cat\/es\/la-sindicatura-advierte-al-ayuntamiento-y-al-consorcio-de-educacion-de-la-necesidad-de-establecer-la-ubicacion-definitiva-de-la-escuela-entenca\/","url":"https:\/\/www.sindicaturabarcelona.cat\/es\/la-sindicatura-advierte-al-ayuntamiento-y-al-consorcio-de-educacion-de-la-necesidad-de-establecer-la-ubicacion-definitiva-de-la-escuela-entenca\/","name":"La Sindicatura advierte al Ayuntamiento y al Consorcio de Educaci\u00f3n de la necesidad de establecer la ubicaci\u00f3n definitiva de la Escuela Enten\u00e7a - Sindicatura de Greuges de Barcelona","isPartOf":{"@id":"https:\/\/www.sindicaturabarcelona.cat\/es\/#website"},"primaryImageOfPage":{"@id":"https:\/\/www.sindicaturabarcelona.cat\/es\/la-sindicatura-advierte-al-ayuntamiento-y-al-consorcio-de-educacion-de-la-necesidad-de-establecer-la-ubicacion-definitiva-de-la-escuela-entenca\/#primaryimage"},"image":{"@id":"https:\/\/www.sindicaturabarcelona.cat\/es\/la-sindicatura-advierte-al-ayuntamiento-y-al-consorcio-de-educacion-de-la-necesidad-de-establecer-la-ubicacion-definitiva-de-la-escuela-entenca\/#primaryimage"},"thumbnailUrl":"https:\/\/www.sindicaturabarcelona.cat\/wp-content\/uploads\/escola-entenca.jpg","datePublished":"2023-08-10T15:11:02+00:00","dateModified":"2023-09-20T15:21:26+00:00","breadcrumb":{"@id":"https:\/\/www.sindicaturabarcelona.cat\/es\/la-sindicatura-advierte-al-ayuntamiento-y-al-consorcio-de-educacion-de-la-necesidad-de-establecer-la-ubicacion-definitiva-de-la-escuela-entenca\/#breadcrumb"},"inLanguage":"es","potentialAction":[{"@type":"ReadAction","target":["https:\/\/www.sindicaturabarcelona.cat\/es\/la-sindicatura-advierte-al-ayuntamiento-y-al-consorcio-de-educacion-de-la-necesidad-de-establecer-la-ubicacion-definitiva-de-la-escuela-entenca\/"]}]},{"@type":"ImageObject","inLanguage":"es","@id":"https:\/\/www.sindicaturabarcelona.cat\/es\/la-sindicatura-advierte-al-ayuntamiento-y-al-consorcio-de-educacion-de-la-necesidad-de-establecer-la-ubicacion-definitiva-de-la-escuela-entenca\/#primaryimage","url":"https:\/\/www.sindicaturabarcelona.cat\/wp-content\/uploads\/escola-entenca.jpg","contentUrl":"https:\/\/www.sindicaturabarcelona.cat\/wp-content\/uploads\/escola-entenca.jpg","width":1000,"height":750,"caption":"Escola Enten\u00e7a"},{"@type":"BreadcrumbList","@id":"https:\/\/www.sindicaturabarcelona.cat\/es\/la-sindicatura-advierte-al-ayuntamiento-y-al-consorcio-de-educacion-de-la-necesidad-de-establecer-la-ubicacion-definitiva-de-la-escuela-entenca\/#breadcrumb","itemListElement":[{"@type":"ListItem","position":1,"name":"Inici","item":"https:\/\/www.sindicaturabarcelona.cat\/es\/"},{"@type":"ListItem","position":2,"name":"La Sindicatura advierte al Ayuntamiento y al Consorcio de Educaci\u00f3n de la necesidad de establecer la ubicaci\u00f3n definitiva de la Escuela Enten\u00e7a"}]},{"@type":"WebSite","@id":"https:\/\/www.sindicaturabarcelona.cat\/es\/#website","url":"https:\/\/www.sindicaturabarcelona.cat\/es\/","name":"Sindicatura de Greuges de Barcelona","description":"La defensoria dels teus drets","publisher":{"@id":"https:\/\/www.sindicaturabarcelona.cat\/es\/#organization"},"potentialAction":[{"@type":"SearchAction","target":{"@type":"EntryPoint","urlTemplate":"https:\/\/www.sindicaturabarcelona.cat\/es\/?s={search_term_string}"},"query-input":{"@type":"PropertyValueSpecification","valueRequired":true,"valueName":"search_term_string"}}],"inLanguage":"es"},{"@type":"Organization","@id":"https:\/\/www.sindicaturabarcelona.cat\/es\/#organization","name":"Sindicatura de Greuges de Barcelona","url":"https:\/\/www.sindicaturabarcelona.cat\/es\/","logo":{"@type":"ImageObject","inLanguage":"es","@id":"https:\/\/www.sindicaturabarcelona.cat\/es\/#\/schema\/logo\/image\/","url":"https:\/\/www.sindicaturabarcelona.cat\/wp-content\/uploads\/2023\/02\/logo_sindicatura.svg","contentUrl":"https:\/\/www.sindicaturabarcelona.cat\/wp-content\/uploads\/2023\/02\/logo_sindicatura.svg","caption":"Sindicatura de Greuges de Barcelona"},"image":{"@id":"https:\/\/www.sindicaturabarcelona.cat\/es\/#\/schema\/logo\/image\/"},"sameAs":["https:\/\/x.com\/sindicbarcelona","https:\/\/www.instagram.com\/sindicbarcelona\/","https:\/\/www.tiktok.com\/@sindicaturabcn","https:\/\/t.me\/sindicaturabarcelona"]},{"@type":"Person","@id":"https:\/\/www.sindicaturabarcelona.cat\/es\/#\/schema\/person\/0e5acffc350ffdbc97578159322c9452","name":"Pablo","image":{"@type":"ImageObject","inLanguage":"es","@id":"https:\/\/secure.gravatar.com\/avatar\/c948169b402ef9492afde705c3dfd5e90e1a6a84ef6840a91124f805a25a480f?s=96&d=mm&r=g","url":"https:\/\/secure.gravatar.com\/avatar\/c948169b402ef9492afde705c3dfd5e90e1a6a84ef6840a91124f805a25a480f?s=96&d=mm&r=g","contentUrl":"https:\/\/secure.gravatar.com\/avatar\/c948169b402ef9492afde705c3dfd5e90e1a6a84ef6840a91124f805a25a480f?s=96&d=mm&r=g","caption":"Pablo"},"url":"https:\/\/www.sindicaturabarcelona.cat\/es\/author\/pablo\/"}]}},"_links":{"self":[{"href":"https:\/\/www.sindicaturabarcelona.cat\/es\/wp-json\/wp\/v2\/posts\/30040","targetHints":{"allow":["GET"]}}],"collection":[{"href":"https:\/\/www.sindicaturabarcelona.cat\/es\/wp-json\/wp\/v2\/posts"}],"about":[{"href":"https:\/\/www.sindicaturabarcelona.cat\/es\/wp-json\/wp\/v2\/types\/post"}],"author":[{"embeddable":true,"href":"https:\/\/www.sindicaturabarcelona.cat\/es\/wp-json\/wp\/v2\/users\/2"}],"replies":[{"embeddable":true,"href":"https:\/\/www.sindicaturabarcelona.cat\/es\/wp-json\/wp\/v2\/comments?post=30040"}],"version-history":[{"count":1,"href":"https:\/\/www.sindicaturabarcelona.cat\/es\/wp-json\/wp\/v2\/posts\/30040\/revisions"}],"predecessor-version":[{"id":30041,"href":"https:\/\/www.sindicaturabarcelona.cat\/es\/wp-json\/wp\/v2\/posts\/30040\/revisions\/30041"}],"wp:featuredmedia":[{"embeddable":true,"href":"https:\/\/www.sindicaturabarcelona.cat\/es\/wp-json\/wp\/v2\/media\/30038"}],"wp:attachment":[{"href":"https:\/\/www.sindicaturabarcelona.cat\/es\/wp-json\/wp\/v2\/media?parent=30040"}],"wp:term":[{"taxonomy":"post_tag","embeddable":true,"href":"https:\/\/www.sindicaturabarcelona.cat\/es\/wp-json\/wp\/v2\/tags?post=30040"},{"taxonomy":"drets","embeddable":true,"href":"https:\/\/www.sindicaturabarcelona.cat\/es\/wp-json\/wp\/v2\/drets?post=30040"}],"curies":[{"name":"wp","href":"https:\/\/api.w.org\/{rel}","templated":true}]}}