{"id":30033,"date":"2023-08-16T16:55:16","date_gmt":"2023-08-16T14:55:16","guid":{"rendered":"https:\/\/www.sindicaturabarcelona.cat\/?p=30033"},"modified":"2023-09-20T17:09:21","modified_gmt":"2023-09-20T15:09:21","slug":"el-sindic-participa-en-el-congreso-internacional-de-la-personeria-de-bogota-sobre-derechos-humanos-emergentes","status":"publish","type":"post","link":"https:\/\/www.sindicaturabarcelona.cat\/es\/el-sindic-participa-en-el-congreso-internacional-de-la-personeria-de-bogota-sobre-derechos-humanos-emergentes\/","title":{"rendered":"El s\u00edndic participa en el Congreso Internacional de la Personer\u00eda de Bogot\u00e1 sobre Derechos Humanos Emergentes"},"content":{"rendered":"\n<p>El s\u00edndic de greuges de Barcelona, David Bondia, llevar\u00e1 a cabo la conferencia inaugural del Congreso Internacional sobre Derechos Humanos Emergentes, organizado por la\u00a0Personer\u00eda\u00a0de Bogot\u00e1 (Colombia), que tendr\u00e1 lugar el jueves 17 de agosto a las 15 horas (hora espa\u00f1ola). La ponencia del s\u00edndic puede seguirse en directo a trav\u00e9s de <a href=\"https:\/\/www.youtube.com\/watch?v=8kjCxq3vvHs\">este enlace<\/a>.<\/p>\n\n\n\n<p>En el Congreso Internacional participar\u00e1n, entre otros, las siguientes instituciones: la\u00a0Personer\u00eda\u00a0de\u00a0Bogot\u00e1; la\u00a0Defensor\u00eda\u00a0del\u00a0Pueblo\u00a0de\u00a0Colombia; la\u00a0Alianza\u00a0Global de\u00a0Ombudsman\u00a0Local (AGOL); la Comisi\u00f3n de Derechos Humanos de\u00a0M\u00e9xico\u00a0DF, o el Mediateur\u00a0de la\u00a0Seine\u00a0de\u00a0Saint-Denis\u00a0de Par\u00eds.<\/p>\n\n\n\n<h2 class=\"wp-block-heading\"><strong>Construcci\u00f3n,\u00a0deconstrucci\u00f3n\u00a0y reconstrucci\u00f3n de los derechos humanos<\/strong> <\/h2>\n\n\n\n<p>El s\u00edndic de greuges de Barcelona, David Bondia, centrar\u00e1 su parlamento en la construcci\u00f3n,\u00a0deconstrucci\u00f3n\u00a0y reconstrucci\u00f3n de los derechos humanos. En concreto, el defensor de la ciudadan\u00eda barcelonesa tratar\u00e1 las etapas de consolidaci\u00f3n de los\u00a0DDHH; los niveles de garant\u00eda que ofrecen; su titularidad; la internacionalizaci\u00f3n de la protecci\u00f3n de los derechos humanos; los retos actuales; las nuevas realidades y los nuevos derechos, y la revoluci\u00f3n de los derechos humanos emergentes.<\/p>\n","protected":false},"excerpt":{"rendered":"<p>El s\u00edndic de greuges de Barcelona, David Bondia, llevar\u00e1 a cabo la conferencia inaugural del Congreso Internacional sobre Derechos Humanos Emergentes, organizado por la\u00a0Personer\u00eda\u00a0de Bogot\u00e1 (Colombia), que tendr\u00e1 lugar el [&hellip;]<\/p>\n","protected":false},"author":2,"featured_media":23434,"comment_status":"closed","ping_status":"closed","sticky":false,"template":"","format":"standard","meta":{"_acf_changed":false,"footnotes":""},"tags":[],"drets":[],"class_list":["post-30033","post","type-post","status-publish","format-standard","has-post-thumbnail","hentry"],"acf":[],"yoast_head":"<!-- This site is optimized with the Yoast SEO plugin v27.5 - https:\/\/yoast.com\/product\/yoast-seo-wordpress\/ -->\n<title>El s\u00edndic participa en el Congreso Internacional de la Personer\u00eda de Bogot\u00e1 sobre Derechos Humanos Emergentes - Sindicatura de Greuges de Barcelona<\/title>\n<meta name=\"robots\" content=\"index, follow, max-snippet:-1, max-image-preview:large, max-video-preview:-1\" \/>\n<link rel=\"canonical\" href=\"https:\/\/www.sindicaturabarcelona.cat\/es\/el-sindic-participa-en-el-congreso-internacional-de-la-personeria-de-bogota-sobre-derechos-humanos-emergentes\/\" \/>\n<meta property=\"og:locale\" content=\"es_ES\" \/>\n<meta property=\"og:type\" content=\"article\" \/>\n<meta property=\"og:title\" content=\"El s\u00edndic participa en el Congreso Internacional de la Personer\u00eda de Bogot\u00e1 sobre Derechos Humanos Emergentes - Sindicatura de Greuges de Barcelona\" \/>\n<meta property=\"og:description\" content=\"El s\u00edndic de greuges de Barcelona, David Bondia, llevar\u00e1 a cabo la conferencia inaugural del Congreso Internacional sobre Derechos Humanos Emergentes, organizado por la\u00a0Personer\u00eda\u00a0de Bogot\u00e1 (Colombia), que tendr\u00e1 lugar el [&hellip;]\" \/>\n<meta property=\"og:url\" content=\"https:\/\/www.sindicaturabarcelona.cat\/es\/el-sindic-participa-en-el-congreso-internacional-de-la-personeria-de-bogota-sobre-derechos-humanos-emergentes\/\" \/>\n<meta property=\"og:site_name\" content=\"Sindicatura de Greuges de Barcelona\" \/>\n<meta property=\"article:published_time\" content=\"2023-08-16T14:55:16+00:00\" \/>\n<meta property=\"article:modified_time\" content=\"2023-09-20T15:09:21+00:00\" \/>\n<meta property=\"og:image\" content=\"https:\/\/www.sindicaturabarcelona.cat\/wp-content\/uploads\/2021nov-sindic.jpg\" \/>\n\t<meta property=\"og:image:width\" content=\"1920\" \/>\n\t<meta property=\"og:image:height\" content=\"1281\" \/>\n\t<meta property=\"og:image:type\" content=\"image\/jpeg\" \/>\n<meta name=\"author\" content=\"Pablo\" \/>\n<meta name=\"twitter:card\" content=\"summary_large_image\" \/>\n<meta name=\"twitter:creator\" content=\"@sindicbarcelona\" \/>\n<meta name=\"twitter:site\" content=\"@sindicbarcelona\" \/>\n<meta name=\"twitter:label1\" content=\"Escrito por\" \/>\n\t<meta name=\"twitter:data1\" content=\"Pablo\" \/>\n\t<meta name=\"twitter:label2\" content=\"Tiempo de lectura\" \/>\n\t<meta name=\"twitter:data2\" content=\"1 minuto\" \/>\n<script type=\"application\/ld+json\" class=\"yoast-schema-graph\">{\"@context\":\"https:\\\/\\\/schema.org\",\"@graph\":[{\"@type\":\"Article\",\"@id\":\"https:\\\/\\\/www.sindicaturabarcelona.cat\\\/es\\\/el-sindic-participa-en-el-congreso-internacional-de-la-personeria-de-bogota-sobre-derechos-humanos-emergentes\\\/#article\",\"isPartOf\":{\"@id\":\"https:\\\/\\\/www.sindicaturabarcelona.cat\\\/es\\\/el-sindic-participa-en-el-congreso-internacional-de-la-personeria-de-bogota-sobre-derechos-humanos-emergentes\\\/\"},\"author\":{\"name\":\"Pablo\",\"@id\":\"https:\\\/\\\/www.sindicaturabarcelona.cat\\\/es\\\/#\\\/schema\\\/person\\\/0e5acffc350ffdbc97578159322c9452\"},\"headline\":\"El s\u00edndic participa en el Congreso Internacional de la Personer\u00eda de Bogot\u00e1 sobre Derechos Humanos Emergentes\",\"datePublished\":\"2023-08-16T14:55:16+00:00\",\"dateModified\":\"2023-09-20T15:09:21+00:00\",\"mainEntityOfPage\":{\"@id\":\"https:\\\/\\\/www.sindicaturabarcelona.cat\\\/es\\\/el-sindic-participa-en-el-congreso-internacional-de-la-personeria-de-bogota-sobre-derechos-humanos-emergentes\\\/\"},\"wordCount\":220,\"publisher\":{\"@id\":\"https:\\\/\\\/www.sindicaturabarcelona.cat\\\/es\\\/#organization\"},\"image\":{\"@id\":\"https:\\\/\\\/www.sindicaturabarcelona.cat\\\/es\\\/el-sindic-participa-en-el-congreso-internacional-de-la-personeria-de-bogota-sobre-derechos-humanos-emergentes\\\/#primaryimage\"},\"thumbnailUrl\":\"https:\\\/\\\/www.sindicaturabarcelona.cat\\\/wp-content\\\/uploads\\\/2021nov-sindic.jpg\",\"inLanguage\":\"es\"},{\"@type\":\"WebPage\",\"@id\":\"https:\\\/\\\/www.sindicaturabarcelona.cat\\\/es\\\/el-sindic-participa-en-el-congreso-internacional-de-la-personeria-de-bogota-sobre-derechos-humanos-emergentes\\\/\",\"url\":\"https:\\\/\\\/www.sindicaturabarcelona.cat\\\/es\\\/el-sindic-participa-en-el-congreso-internacional-de-la-personeria-de-bogota-sobre-derechos-humanos-emergentes\\\/\",\"name\":\"El s\u00edndic participa en el Congreso Internacional de la Personer\u00eda de Bogot\u00e1 sobre Derechos Humanos Emergentes - Sindicatura de Greuges de Barcelona\",\"isPartOf\":{\"@id\":\"https:\\\/\\\/www.sindicaturabarcelona.cat\\\/es\\\/#website\"},\"primaryImageOfPage\":{\"@id\":\"https:\\\/\\\/www.sindicaturabarcelona.cat\\\/es\\\/el-sindic-participa-en-el-congreso-internacional-de-la-personeria-de-bogota-sobre-derechos-humanos-emergentes\\\/#primaryimage\"},\"image\":{\"@id\":\"https:\\\/\\\/www.sindicaturabarcelona.cat\\\/es\\\/el-sindic-participa-en-el-congreso-internacional-de-la-personeria-de-bogota-sobre-derechos-humanos-emergentes\\\/#primaryimage\"},\"thumbnailUrl\":\"https:\\\/\\\/www.sindicaturabarcelona.cat\\\/wp-content\\\/uploads\\\/2021nov-sindic.jpg\",\"datePublished\":\"2023-08-16T14:55:16+00:00\",\"dateModified\":\"2023-09-20T15:09:21+00:00\",\"breadcrumb\":{\"@id\":\"https:\\\/\\\/www.sindicaturabarcelona.cat\\\/es\\\/el-sindic-participa-en-el-congreso-internacional-de-la-personeria-de-bogota-sobre-derechos-humanos-emergentes\\\/#breadcrumb\"},\"inLanguage\":\"es\",\"potentialAction\":[{\"@type\":\"ReadAction\",\"target\":[\"https:\\\/\\\/www.sindicaturabarcelona.cat\\\/es\\\/el-sindic-participa-en-el-congreso-internacional-de-la-personeria-de-bogota-sobre-derechos-humanos-emergentes\\\/\"]}]},{\"@type\":\"ImageObject\",\"inLanguage\":\"es\",\"@id\":\"https:\\\/\\\/www.sindicaturabarcelona.cat\\\/es\\\/el-sindic-participa-en-el-congreso-internacional-de-la-personeria-de-bogota-sobre-derechos-humanos-emergentes\\\/#primaryimage\",\"url\":\"https:\\\/\\\/www.sindicaturabarcelona.cat\\\/wp-content\\\/uploads\\\/2021nov-sindic.jpg\",\"contentUrl\":\"https:\\\/\\\/www.sindicaturabarcelona.cat\\\/wp-content\\\/uploads\\\/2021nov-sindic.jpg\",\"width\":1920,\"height\":1281,\"caption\":\"David Bondia\"},{\"@type\":\"BreadcrumbList\",\"@id\":\"https:\\\/\\\/www.sindicaturabarcelona.cat\\\/es\\\/el-sindic-participa-en-el-congreso-internacional-de-la-personeria-de-bogota-sobre-derechos-humanos-emergentes\\\/#breadcrumb\",\"itemListElement\":[{\"@type\":\"ListItem\",\"position\":1,\"name\":\"Inici\",\"item\":\"https:\\\/\\\/www.sindicaturabarcelona.cat\\\/es\\\/\"},{\"@type\":\"ListItem\",\"position\":2,\"name\":\"El s\u00edndic participa en el Congreso Internacional de la Personer\u00eda de Bogot\u00e1 sobre Derechos Humanos Emergentes\"}]},{\"@type\":\"WebSite\",\"@id\":\"https:\\\/\\\/www.sindicaturabarcelona.cat\\\/es\\\/#website\",\"url\":\"https:\\\/\\\/www.sindicaturabarcelona.cat\\\/es\\\/\",\"name\":\"Sindicatura de Greuges de Barcelona\",\"description\":\"La defensoria dels teus drets\",\"publisher\":{\"@id\":\"https:\\\/\\\/www.sindicaturabarcelona.cat\\\/es\\\/#organization\"},\"potentialAction\":[{\"@type\":\"SearchAction\",\"target\":{\"@type\":\"EntryPoint\",\"urlTemplate\":\"https:\\\/\\\/www.sindicaturabarcelona.cat\\\/es\\\/?s={search_term_string}\"},\"query-input\":{\"@type\":\"PropertyValueSpecification\",\"valueRequired\":true,\"valueName\":\"search_term_string\"}}],\"inLanguage\":\"es\"},{\"@type\":\"Organization\",\"@id\":\"https:\\\/\\\/www.sindicaturabarcelona.cat\\\/es\\\/#organization\",\"name\":\"Sindicatura de Greuges de Barcelona\",\"url\":\"https:\\\/\\\/www.sindicaturabarcelona.cat\\\/es\\\/\",\"logo\":{\"@type\":\"ImageObject\",\"inLanguage\":\"es\",\"@id\":\"https:\\\/\\\/www.sindicaturabarcelona.cat\\\/es\\\/#\\\/schema\\\/logo\\\/image\\\/\",\"url\":\"https:\\\/\\\/www.sindicaturabarcelona.cat\\\/wp-content\\\/uploads\\\/2023\\\/02\\\/logo_sindicatura.svg\",\"contentUrl\":\"https:\\\/\\\/www.sindicaturabarcelona.cat\\\/wp-content\\\/uploads\\\/2023\\\/02\\\/logo_sindicatura.svg\",\"caption\":\"Sindicatura de Greuges de Barcelona\"},\"image\":{\"@id\":\"https:\\\/\\\/www.sindicaturabarcelona.cat\\\/es\\\/#\\\/schema\\\/logo\\\/image\\\/\"},\"sameAs\":[\"https:\\\/\\\/x.com\\\/sindicbarcelona\",\"https:\\\/\\\/www.instagram.com\\\/sindicbarcelona\\\/\",\"https:\\\/\\\/www.tiktok.com\\\/@sindicaturabcn\",\"https:\\\/\\\/t.me\\\/sindicaturabarcelona\"]},{\"@type\":\"Person\",\"@id\":\"https:\\\/\\\/www.sindicaturabarcelona.cat\\\/es\\\/#\\\/schema\\\/person\\\/0e5acffc350ffdbc97578159322c9452\",\"name\":\"Pablo\",\"image\":{\"@type\":\"ImageObject\",\"inLanguage\":\"es\",\"@id\":\"https:\\\/\\\/secure.gravatar.com\\\/avatar\\\/c948169b402ef9492afde705c3dfd5e90e1a6a84ef6840a91124f805a25a480f?s=96&d=mm&r=g\",\"url\":\"https:\\\/\\\/secure.gravatar.com\\\/avatar\\\/c948169b402ef9492afde705c3dfd5e90e1a6a84ef6840a91124f805a25a480f?s=96&d=mm&r=g\",\"contentUrl\":\"https:\\\/\\\/secure.gravatar.com\\\/avatar\\\/c948169b402ef9492afde705c3dfd5e90e1a6a84ef6840a91124f805a25a480f?s=96&d=mm&r=g\",\"caption\":\"Pablo\"},\"url\":\"https:\\\/\\\/www.sindicaturabarcelona.cat\\\/es\\\/author\\\/pablo\\\/\"}]}<\/script>\n<!-- \/ Yoast SEO plugin. -->","yoast_head_json":{"title":"El s\u00edndic participa en el Congreso Internacional de la Personer\u00eda de Bogot\u00e1 sobre Derechos Humanos Emergentes - Sindicatura de Greuges de Barcelona","robots":{"index":"index","follow":"follow","max-snippet":"max-snippet:-1","max-image-preview":"max-image-preview:large","max-video-preview":"max-video-preview:-1"},"canonical":"https:\/\/www.sindicaturabarcelona.cat\/es\/el-sindic-participa-en-el-congreso-internacional-de-la-personeria-de-bogota-sobre-derechos-humanos-emergentes\/","og_locale":"es_ES","og_type":"article","og_title":"El s\u00edndic participa en el Congreso Internacional de la Personer\u00eda de Bogot\u00e1 sobre Derechos Humanos Emergentes - Sindicatura de Greuges de Barcelona","og_description":"El s\u00edndic de greuges de Barcelona, David Bondia, llevar\u00e1 a cabo la conferencia inaugural del Congreso Internacional sobre Derechos Humanos Emergentes, organizado por la\u00a0Personer\u00eda\u00a0de Bogot\u00e1 (Colombia), que tendr\u00e1 lugar el [&hellip;]","og_url":"https:\/\/www.sindicaturabarcelona.cat\/es\/el-sindic-participa-en-el-congreso-internacional-de-la-personeria-de-bogota-sobre-derechos-humanos-emergentes\/","og_site_name":"Sindicatura de Greuges de Barcelona","article_published_time":"2023-08-16T14:55:16+00:00","article_modified_time":"2023-09-20T15:09:21+00:00","og_image":[{"width":1920,"height":1281,"url":"https:\/\/www.sindicaturabarcelona.cat\/wp-content\/uploads\/2021nov-sindic.jpg","type":"image\/jpeg"}],"author":"Pablo","twitter_card":"summary_large_image","twitter_creator":"@sindicbarcelona","twitter_site":"@sindicbarcelona","twitter_misc":{"Escrito por":"Pablo","Tiempo de lectura":"1 minuto"},"schema":{"@context":"https:\/\/schema.org","@graph":[{"@type":"Article","@id":"https:\/\/www.sindicaturabarcelona.cat\/es\/el-sindic-participa-en-el-congreso-internacional-de-la-personeria-de-bogota-sobre-derechos-humanos-emergentes\/#article","isPartOf":{"@id":"https:\/\/www.sindicaturabarcelona.cat\/es\/el-sindic-participa-en-el-congreso-internacional-de-la-personeria-de-bogota-sobre-derechos-humanos-emergentes\/"},"author":{"name":"Pablo","@id":"https:\/\/www.sindicaturabarcelona.cat\/es\/#\/schema\/person\/0e5acffc350ffdbc97578159322c9452"},"headline":"El s\u00edndic participa en el Congreso Internacional de la Personer\u00eda de Bogot\u00e1 sobre Derechos Humanos Emergentes","datePublished":"2023-08-16T14:55:16+00:00","dateModified":"2023-09-20T15:09:21+00:00","mainEntityOfPage":{"@id":"https:\/\/www.sindicaturabarcelona.cat\/es\/el-sindic-participa-en-el-congreso-internacional-de-la-personeria-de-bogota-sobre-derechos-humanos-emergentes\/"},"wordCount":220,"publisher":{"@id":"https:\/\/www.sindicaturabarcelona.cat\/es\/#organization"},"image":{"@id":"https:\/\/www.sindicaturabarcelona.cat\/es\/el-sindic-participa-en-el-congreso-internacional-de-la-personeria-de-bogota-sobre-derechos-humanos-emergentes\/#primaryimage"},"thumbnailUrl":"https:\/\/www.sindicaturabarcelona.cat\/wp-content\/uploads\/2021nov-sindic.jpg","inLanguage":"es"},{"@type":"WebPage","@id":"https:\/\/www.sindicaturabarcelona.cat\/es\/el-sindic-participa-en-el-congreso-internacional-de-la-personeria-de-bogota-sobre-derechos-humanos-emergentes\/","url":"https:\/\/www.sindicaturabarcelona.cat\/es\/el-sindic-participa-en-el-congreso-internacional-de-la-personeria-de-bogota-sobre-derechos-humanos-emergentes\/","name":"El s\u00edndic participa en el Congreso Internacional de la Personer\u00eda de Bogot\u00e1 sobre Derechos Humanos Emergentes - Sindicatura de Greuges de Barcelona","isPartOf":{"@id":"https:\/\/www.sindicaturabarcelona.cat\/es\/#website"},"primaryImageOfPage":{"@id":"https:\/\/www.sindicaturabarcelona.cat\/es\/el-sindic-participa-en-el-congreso-internacional-de-la-personeria-de-bogota-sobre-derechos-humanos-emergentes\/#primaryimage"},"image":{"@id":"https:\/\/www.sindicaturabarcelona.cat\/es\/el-sindic-participa-en-el-congreso-internacional-de-la-personeria-de-bogota-sobre-derechos-humanos-emergentes\/#primaryimage"},"thumbnailUrl":"https:\/\/www.sindicaturabarcelona.cat\/wp-content\/uploads\/2021nov-sindic.jpg","datePublished":"2023-08-16T14:55:16+00:00","dateModified":"2023-09-20T15:09:21+00:00","breadcrumb":{"@id":"https:\/\/www.sindicaturabarcelona.cat\/es\/el-sindic-participa-en-el-congreso-internacional-de-la-personeria-de-bogota-sobre-derechos-humanos-emergentes\/#breadcrumb"},"inLanguage":"es","potentialAction":[{"@type":"ReadAction","target":["https:\/\/www.sindicaturabarcelona.cat\/es\/el-sindic-participa-en-el-congreso-internacional-de-la-personeria-de-bogota-sobre-derechos-humanos-emergentes\/"]}]},{"@type":"ImageObject","inLanguage":"es","@id":"https:\/\/www.sindicaturabarcelona.cat\/es\/el-sindic-participa-en-el-congreso-internacional-de-la-personeria-de-bogota-sobre-derechos-humanos-emergentes\/#primaryimage","url":"https:\/\/www.sindicaturabarcelona.cat\/wp-content\/uploads\/2021nov-sindic.jpg","contentUrl":"https:\/\/www.sindicaturabarcelona.cat\/wp-content\/uploads\/2021nov-sindic.jpg","width":1920,"height":1281,"caption":"David Bondia"},{"@type":"BreadcrumbList","@id":"https:\/\/www.sindicaturabarcelona.cat\/es\/el-sindic-participa-en-el-congreso-internacional-de-la-personeria-de-bogota-sobre-derechos-humanos-emergentes\/#breadcrumb","itemListElement":[{"@type":"ListItem","position":1,"name":"Inici","item":"https:\/\/www.sindicaturabarcelona.cat\/es\/"},{"@type":"ListItem","position":2,"name":"El s\u00edndic participa en el Congreso Internacional de la Personer\u00eda de Bogot\u00e1 sobre Derechos Humanos Emergentes"}]},{"@type":"WebSite","@id":"https:\/\/www.sindicaturabarcelona.cat\/es\/#website","url":"https:\/\/www.sindicaturabarcelona.cat\/es\/","name":"Sindicatura de Greuges de Barcelona","description":"La defensoria dels teus drets","publisher":{"@id":"https:\/\/www.sindicaturabarcelona.cat\/es\/#organization"},"potentialAction":[{"@type":"SearchAction","target":{"@type":"EntryPoint","urlTemplate":"https:\/\/www.sindicaturabarcelona.cat\/es\/?s={search_term_string}"},"query-input":{"@type":"PropertyValueSpecification","valueRequired":true,"valueName":"search_term_string"}}],"inLanguage":"es"},{"@type":"Organization","@id":"https:\/\/www.sindicaturabarcelona.cat\/es\/#organization","name":"Sindicatura de Greuges de Barcelona","url":"https:\/\/www.sindicaturabarcelona.cat\/es\/","logo":{"@type":"ImageObject","inLanguage":"es","@id":"https:\/\/www.sindicaturabarcelona.cat\/es\/#\/schema\/logo\/image\/","url":"https:\/\/www.sindicaturabarcelona.cat\/wp-content\/uploads\/2023\/02\/logo_sindicatura.svg","contentUrl":"https:\/\/www.sindicaturabarcelona.cat\/wp-content\/uploads\/2023\/02\/logo_sindicatura.svg","caption":"Sindicatura de Greuges de Barcelona"},"image":{"@id":"https:\/\/www.sindicaturabarcelona.cat\/es\/#\/schema\/logo\/image\/"},"sameAs":["https:\/\/x.com\/sindicbarcelona","https:\/\/www.instagram.com\/sindicbarcelona\/","https:\/\/www.tiktok.com\/@sindicaturabcn","https:\/\/t.me\/sindicaturabarcelona"]},{"@type":"Person","@id":"https:\/\/www.sindicaturabarcelona.cat\/es\/#\/schema\/person\/0e5acffc350ffdbc97578159322c9452","name":"Pablo","image":{"@type":"ImageObject","inLanguage":"es","@id":"https:\/\/secure.gravatar.com\/avatar\/c948169b402ef9492afde705c3dfd5e90e1a6a84ef6840a91124f805a25a480f?s=96&d=mm&r=g","url":"https:\/\/secure.gravatar.com\/avatar\/c948169b402ef9492afde705c3dfd5e90e1a6a84ef6840a91124f805a25a480f?s=96&d=mm&r=g","contentUrl":"https:\/\/secure.gravatar.com\/avatar\/c948169b402ef9492afde705c3dfd5e90e1a6a84ef6840a91124f805a25a480f?s=96&d=mm&r=g","caption":"Pablo"},"url":"https:\/\/www.sindicaturabarcelona.cat\/es\/author\/pablo\/"}]}},"_links":{"self":[{"href":"https:\/\/www.sindicaturabarcelona.cat\/es\/wp-json\/wp\/v2\/posts\/30033","targetHints":{"allow":["GET"]}}],"collection":[{"href":"https:\/\/www.sindicaturabarcelona.cat\/es\/wp-json\/wp\/v2\/posts"}],"about":[{"href":"https:\/\/www.sindicaturabarcelona.cat\/es\/wp-json\/wp\/v2\/types\/post"}],"author":[{"embeddable":true,"href":"https:\/\/www.sindicaturabarcelona.cat\/es\/wp-json\/wp\/v2\/users\/2"}],"replies":[{"embeddable":true,"href":"https:\/\/www.sindicaturabarcelona.cat\/es\/wp-json\/wp\/v2\/comments?post=30033"}],"version-history":[{"count":1,"href":"https:\/\/www.sindicaturabarcelona.cat\/es\/wp-json\/wp\/v2\/posts\/30033\/revisions"}],"predecessor-version":[{"id":30034,"href":"https:\/\/www.sindicaturabarcelona.cat\/es\/wp-json\/wp\/v2\/posts\/30033\/revisions\/30034"}],"wp:featuredmedia":[{"embeddable":true,"href":"https:\/\/www.sindicaturabarcelona.cat\/es\/wp-json\/wp\/v2\/media\/23434"}],"wp:attachment":[{"href":"https:\/\/www.sindicaturabarcelona.cat\/es\/wp-json\/wp\/v2\/media?parent=30033"}],"wp:term":[{"taxonomy":"post_tag","embeddable":true,"href":"https:\/\/www.sindicaturabarcelona.cat\/es\/wp-json\/wp\/v2\/tags?post=30033"},{"taxonomy":"drets","embeddable":true,"href":"https:\/\/www.sindicaturabarcelona.cat\/es\/wp-json\/wp\/v2\/drets?post=30033"}],"curies":[{"name":"wp","href":"https:\/\/api.w.org\/{rel}","templated":true}]}}