{"id":30029,"date":"2023-08-24T16:49:51","date_gmt":"2023-08-24T14:49:51","guid":{"rendered":"https:\/\/www.sindicaturabarcelona.cat\/?p=30029"},"modified":"2023-09-20T16:53:46","modified_gmt":"2023-09-20T14:53:46","slug":"la-sindicatura-analiza-la-circulacion-y-la-movilidad-en-la-calle-vila-y-vila-y-emite-recomendaciones-al-ayuntamiento","status":"publish","type":"post","link":"https:\/\/www.sindicaturabarcelona.cat\/es\/la-sindicatura-analiza-la-circulacion-y-la-movilidad-en-la-calle-vila-y-vila-y-emite-recomendaciones-al-ayuntamiento\/","title":{"rendered":"La Sindicatura analiza la circulaci\u00f3n y la movilidad en la calle Vila y Vil\u00e0 y emite recomendaciones al Ayuntamiento"},"content":{"rendered":"\n<p>Despu\u00e9s de analizar la circulaci\u00f3n y la movilidad en la calle Vila y Vil\u00e0, la Sindicatura de Greuges de Barcelona ha concluido que <strong>la actuaci\u00f3n municipal podr\u00eda ser m\u00e1s eficaz en el control de la velocidad de los veh\u00edculos en el cruce<\/strong> con la calle de Fontrodona, as\u00ed como en el estacionamiento correcto de veh\u00edculos de transporte de mercanc\u00edas.<\/p>\n\n\n\n<p>En concreto, la Sindicatura ha trasladado tres recomendaciones:<\/p>\n\n\n\n<figure class=\"wp-block-table\"><table><tbody><tr><td>Recomendar al Distrito de Sants-Montjuic que, para preservar la seguridad de los peatones y aclarar el sentido permitido de circulaci\u00f3n para bicicletas y VMP en la calle Vila y Vil\u00e0, <strong>se se\u00f1alice la prohibici\u00f3n expresa de circular en el sentido contrario a la marcha de la v\u00eda.<\/strong><\/td><\/tr><tr><td>Recomendar al Distrito de Sants-Montjuic <strong>valorar la instalaci\u00f3n de un elemento <\/strong>que impida estacionar a veh\u00edculos de transporte de mercanc\u00edas<strong>, o pintar el pavimento indicando la prohibici\u00f3n de estacionamiento en el cruce con la calle de Fontrodona.<\/strong><\/td><\/tr><tr><td>Recomendar al \u00c1rea de Prevenci\u00f3n y Seguridad que efect\u00fae un <strong>control m\u00e1s eficaz de las infracciones viarias que se producen en el cruce<\/strong> de la calle Vila y Vil\u00e0 con la calle de Fontrodona.<\/td><\/tr><\/tbody><\/table><\/figure>\n\n\n\n<h2 class=\"wp-block-heading\"><strong>El cruce de la calle Vila y Vil\u00e0 con la calle de Fontrodona<\/strong><\/h2>\n\n\n\n<p>El 27 de junio de este a\u00f1o, miembros del equipo de la Sindicatura de Greuges de Barcelona visitaron este cruce con el objetivo de analizar posibles problemas de circulaci\u00f3n y movilidad ocasionados por los diferentes veh\u00edculos que circulan.<\/p>\n\n\n\n<p>Entre los n\u00fameros 73 y 95, la calle Vila y Vil\u00e0 cruza con la calle de Fontrodona y con la calle Nou de la Rambla. <strong>Se trata de una calle de plataforma \u00fanica, con una anchura aproximada de 18 metros, con pavimento diferenciado para el espacio central, donde est\u00e1 permitida la circulaci\u00f3n de veh\u00edculos. Los espacios laterales est\u00e1n destinados a peatones, terrazas, zonas de aparcamiento de motocicletas, bicicletas y de distribuci\u00f3n de mercanc\u00edas urbanas (DUM).<\/strong><\/p>\n\n\n\n<p>El acceso a la circulaci\u00f3n de esta calle se hace desde una v\u00eda principal de tr\u00e1fico constante: la avenida del Paralel. Con un giro a la derecha, se accede a la calle de Fontrodona, pasando por la parte inferior de la plaza de la Bella Dorita. En este punto, o bien se puede girar a la izquierda (calle Vila y Vil\u00e0), o bien continuar recto por Fontrodona.<\/p>\n\n\n\n<p>En este cruce de calles hay <strong>se\u00f1alizaci\u00f3n vertical que indica que la velocidad m\u00e1xima es de 10 km\/h para la calle de Vila y Vil\u00e0, y de 30 km\/h para los veh\u00edculos que contin\u00faan recto por la calle de Fontrodona<\/strong>. No existe se\u00f1alizaci\u00f3n que proh\u00edba el sentido contrario en la v\u00eda.<\/p>\n\n\n\n<p>Hay que destacar que en este cruce <strong>hay tres terrazas y varias pilonas que marcan las posibles trayectorias de la circulaci\u00f3n<\/strong>, sin que haya mucho espacio libre.<\/p>\n\n\n\n<p><strong>En cuanto a las zonas de estacionamiento de bicicletas y veh\u00edculos de movilidad personal (VMP)<\/strong>, existen varias zonas con arcos de apoyo para esta finalidad.<\/p>\n\n\n\n<p><strong>En cuanto al aparcamiento de motocicletas<\/strong>, hay una zona con se\u00f1alizaci\u00f3n vertical, pero sin pintura en el suelo que delimite una superficie espec\u00edfica. A lo largo de la calle se detectan zonas sin ninguna se\u00f1alizaci\u00f3n espec\u00edfica, ni vertical ni en el pavimento, donde habitualmente estacionan motocicletas.<\/p>\n\n\n\n<p><strong>En cuanto a la carga y descarga<\/strong>, en este tramo de calle hay dos zonas de distribuci\u00f3n urbana de mercanc\u00edas (DUM), establecidas con pintura amarilla en el suelo y con se\u00f1alizaci\u00f3n vertical.<\/p>\n\n\n\n<h3 class=\"wp-block-heading\"><strong>La circulaci\u00f3n de bicicletas y VMP en direcci\u00f3n contraria<\/strong><\/h3>\n\n\n\n<p>Uno de los motivos de queja es que hay bicicletas y VMP que circulan por Vila y Vil\u00e0 en sentido contrario y a m\u00e1s velocidad de la permitida (10 km\/h).<\/p>\n\n\n\n<p>Como ya se ha detallado, la calle Vila y Vil\u00e0 es de sentido \u00fanico y con una limitaci\u00f3n de velocidad de 10 km\/h. De acuerdo con el informe recibido del \u00c1rea de Prevenci\u00f3n y Seguridad del Ayuntamiento de Barcelona, s\u00ed que ha habido sanciones por circular en direcci\u00f3n contraria y por superar el l\u00edmite de velocidad establecido.<\/p>\n\n\n\n<p>Por lo tanto, <strong>en la calle Vila y Vil\u00e0 no consta se\u00f1alizaci\u00f3n que proh\u00edba a las bicicletas o VMP circular en ambos sentidos<\/strong>, en estricta aplicaci\u00f3n de la normativa actualmente vigente. La circulaci\u00f3n en ambos sentidos es correcta siempre que se respete la preferencia de paso de los peatones y no suponga un peligro para su seguridad.<\/p>\n\n\n\n<p>Debido al intenso tr\u00e1fico en esta calle, y con el fin de preservar la seguridad de los peatones, <strong>la Sindicatura de Greuges de Barcelona considera que ser\u00eda aconsejable que se tuviera en cuenta se\u00f1alizar la prohibici\u00f3n expresa para las bicicletas y VMP de circular en el sentido contrario a la marcha de la v\u00eda.<\/strong><\/p>\n\n\n\n<h3 class=\"wp-block-heading\"><strong>El estacionamiento en el cruce de la calle Vila y Vil\u00e0 con Fontrodona<\/strong><\/h3>\n\n\n\n<p>Con la constante frecuencia de tr\u00e1fico de la calle, la presencia de terrazas en tres de las cuatro esquinas del cruce de las calles, y la ubicaci\u00f3n de las pilonas, el estacionamiento incorrecto puede resultar muy molesto para los peatones y veh\u00edculos que circulan.<\/p>\n\n\n\n<p>Ciertamente, las dos zonas de Distribuci\u00f3n Urbana de Mercanc\u00edas (DUM), amplias y muy se\u00f1alizadas, aportan espacio suficiente para la carga y descarga de mercanc\u00edas.<\/p>\n\n\n\n<p><strong>En esta l\u00ednea, la Sindicatura de Greuges de Barcelona ha recomendado al Distrito de Sants-Montjuic que<\/strong> valore la instalaci\u00f3n de un elemento que impida estacionar a veh\u00edculos de transporte de mercanc\u00edas, o pintar el pavimento indicando la prohibici\u00f3n de estacionamiento en el cruce con la calle de en Fontrodona.<\/p>\n","protected":false},"excerpt":{"rendered":"<p>Despu\u00e9s de analizar la circulaci\u00f3n y la movilidad en la calle Vila y Vil\u00e0, la Sindicatura de Greuges de Barcelona ha concluido que la actuaci\u00f3n municipal podr\u00eda ser m\u00e1s eficaz [&hellip;]<\/p>\n","protected":false},"author":2,"featured_media":30027,"comment_status":"closed","ping_status":"closed","sticky":false,"template":"","format":"standard","meta":{"_acf_changed":false,"footnotes":""},"tags":[],"drets":[1477,1593],"class_list":["post-30029","post","type-post","status-publish","format-standard","has-post-thumbnail","hentry","drets-ciudad-habitable-y-sostenible","drets-derecho-a-la-movilidad"],"acf":[],"yoast_head":"<!-- This site is optimized with the Yoast SEO plugin v27.5 - https:\/\/yoast.com\/product\/yoast-seo-wordpress\/ -->\n<title>La Sindicatura analiza la circulaci\u00f3n y la movilidad en la calle Vila y Vil\u00e0 y emite recomendaciones al Ayuntamiento - Sindicatura de Greuges de Barcelona<\/title>\n<meta name=\"robots\" content=\"index, follow, max-snippet:-1, max-image-preview:large, max-video-preview:-1\" \/>\n<link rel=\"canonical\" href=\"https:\/\/www.sindicaturabarcelona.cat\/es\/la-sindicatura-analiza-la-circulacion-y-la-movilidad-en-la-calle-vila-y-vila-y-emite-recomendaciones-al-ayuntamiento\/\" \/>\n<meta property=\"og:locale\" content=\"es_ES\" \/>\n<meta property=\"og:type\" content=\"article\" \/>\n<meta property=\"og:title\" content=\"La Sindicatura analiza la circulaci\u00f3n y la movilidad en la calle Vila y Vil\u00e0 y emite recomendaciones al Ayuntamiento - Sindicatura de Greuges de Barcelona\" \/>\n<meta property=\"og:description\" content=\"Despu\u00e9s de analizar la circulaci\u00f3n y la movilidad en la calle Vila y Vil\u00e0, la Sindicatura de Greuges de Barcelona ha concluido que la actuaci\u00f3n municipal podr\u00eda ser m\u00e1s eficaz [&hellip;]\" \/>\n<meta property=\"og:url\" content=\"https:\/\/www.sindicaturabarcelona.cat\/es\/la-sindicatura-analiza-la-circulacion-y-la-movilidad-en-la-calle-vila-y-vila-y-emite-recomendaciones-al-ayuntamiento\/\" \/>\n<meta property=\"og:site_name\" content=\"Sindicatura de Greuges de Barcelona\" \/>\n<meta property=\"article:published_time\" content=\"2023-08-24T14:49:51+00:00\" \/>\n<meta property=\"article:modified_time\" content=\"2023-09-20T14:53:46+00:00\" \/>\n<meta property=\"og:image\" content=\"https:\/\/www.sindicaturabarcelona.cat\/wp-content\/uploads\/photo_2023-09-20_16-51-24.jpg\" \/>\n\t<meta property=\"og:image:width\" content=\"1167\" \/>\n\t<meta property=\"og:image:height\" content=\"746\" \/>\n\t<meta property=\"og:image:type\" content=\"image\/jpeg\" \/>\n<meta name=\"author\" content=\"Pablo\" \/>\n<meta name=\"twitter:card\" content=\"summary_large_image\" \/>\n<meta name=\"twitter:creator\" content=\"@sindicbarcelona\" \/>\n<meta name=\"twitter:site\" content=\"@sindicbarcelona\" \/>\n<meta name=\"twitter:label1\" content=\"Escrito por\" \/>\n\t<meta name=\"twitter:data1\" content=\"Pablo\" \/>\n\t<meta name=\"twitter:label2\" content=\"Tiempo de lectura\" \/>\n\t<meta name=\"twitter:data2\" content=\"5 minutos\" \/>\n<script type=\"application\/ld+json\" class=\"yoast-schema-graph\">{\"@context\":\"https:\\\/\\\/schema.org\",\"@graph\":[{\"@type\":\"Article\",\"@id\":\"https:\\\/\\\/www.sindicaturabarcelona.cat\\\/es\\\/la-sindicatura-analiza-la-circulacion-y-la-movilidad-en-la-calle-vila-y-vila-y-emite-recomendaciones-al-ayuntamiento\\\/#article\",\"isPartOf\":{\"@id\":\"https:\\\/\\\/www.sindicaturabarcelona.cat\\\/es\\\/la-sindicatura-analiza-la-circulacion-y-la-movilidad-en-la-calle-vila-y-vila-y-emite-recomendaciones-al-ayuntamiento\\\/\"},\"author\":{\"name\":\"Pablo\",\"@id\":\"https:\\\/\\\/www.sindicaturabarcelona.cat\\\/es\\\/#\\\/schema\\\/person\\\/0e5acffc350ffdbc97578159322c9452\"},\"headline\":\"La Sindicatura analiza la circulaci\u00f3n y la movilidad en la calle Vila y Vil\u00e0 y emite recomendaciones al Ayuntamiento\",\"datePublished\":\"2023-08-24T14:49:51+00:00\",\"dateModified\":\"2023-09-20T14:53:46+00:00\",\"mainEntityOfPage\":{\"@id\":\"https:\\\/\\\/www.sindicaturabarcelona.cat\\\/es\\\/la-sindicatura-analiza-la-circulacion-y-la-movilidad-en-la-calle-vila-y-vila-y-emite-recomendaciones-al-ayuntamiento\\\/\"},\"wordCount\":993,\"publisher\":{\"@id\":\"https:\\\/\\\/www.sindicaturabarcelona.cat\\\/es\\\/#organization\"},\"image\":{\"@id\":\"https:\\\/\\\/www.sindicaturabarcelona.cat\\\/es\\\/la-sindicatura-analiza-la-circulacion-y-la-movilidad-en-la-calle-vila-y-vila-y-emite-recomendaciones-al-ayuntamiento\\\/#primaryimage\"},\"thumbnailUrl\":\"https:\\\/\\\/www.sindicaturabarcelona.cat\\\/wp-content\\\/uploads\\\/photo_2023-09-20_16-51-24.jpg\",\"inLanguage\":\"es\"},{\"@type\":\"WebPage\",\"@id\":\"https:\\\/\\\/www.sindicaturabarcelona.cat\\\/es\\\/la-sindicatura-analiza-la-circulacion-y-la-movilidad-en-la-calle-vila-y-vila-y-emite-recomendaciones-al-ayuntamiento\\\/\",\"url\":\"https:\\\/\\\/www.sindicaturabarcelona.cat\\\/es\\\/la-sindicatura-analiza-la-circulacion-y-la-movilidad-en-la-calle-vila-y-vila-y-emite-recomendaciones-al-ayuntamiento\\\/\",\"name\":\"La Sindicatura analiza la circulaci\u00f3n y la movilidad en la calle Vila y Vil\u00e0 y emite recomendaciones al Ayuntamiento - Sindicatura de Greuges de Barcelona\",\"isPartOf\":{\"@id\":\"https:\\\/\\\/www.sindicaturabarcelona.cat\\\/es\\\/#website\"},\"primaryImageOfPage\":{\"@id\":\"https:\\\/\\\/www.sindicaturabarcelona.cat\\\/es\\\/la-sindicatura-analiza-la-circulacion-y-la-movilidad-en-la-calle-vila-y-vila-y-emite-recomendaciones-al-ayuntamiento\\\/#primaryimage\"},\"image\":{\"@id\":\"https:\\\/\\\/www.sindicaturabarcelona.cat\\\/es\\\/la-sindicatura-analiza-la-circulacion-y-la-movilidad-en-la-calle-vila-y-vila-y-emite-recomendaciones-al-ayuntamiento\\\/#primaryimage\"},\"thumbnailUrl\":\"https:\\\/\\\/www.sindicaturabarcelona.cat\\\/wp-content\\\/uploads\\\/photo_2023-09-20_16-51-24.jpg\",\"datePublished\":\"2023-08-24T14:49:51+00:00\",\"dateModified\":\"2023-09-20T14:53:46+00:00\",\"breadcrumb\":{\"@id\":\"https:\\\/\\\/www.sindicaturabarcelona.cat\\\/es\\\/la-sindicatura-analiza-la-circulacion-y-la-movilidad-en-la-calle-vila-y-vila-y-emite-recomendaciones-al-ayuntamiento\\\/#breadcrumb\"},\"inLanguage\":\"es\",\"potentialAction\":[{\"@type\":\"ReadAction\",\"target\":[\"https:\\\/\\\/www.sindicaturabarcelona.cat\\\/es\\\/la-sindicatura-analiza-la-circulacion-y-la-movilidad-en-la-calle-vila-y-vila-y-emite-recomendaciones-al-ayuntamiento\\\/\"]}]},{\"@type\":\"ImageObject\",\"inLanguage\":\"es\",\"@id\":\"https:\\\/\\\/www.sindicaturabarcelona.cat\\\/es\\\/la-sindicatura-analiza-la-circulacion-y-la-movilidad-en-la-calle-vila-y-vila-y-emite-recomendaciones-al-ayuntamiento\\\/#primaryimage\",\"url\":\"https:\\\/\\\/www.sindicaturabarcelona.cat\\\/wp-content\\\/uploads\\\/photo_2023-09-20_16-51-24.jpg\",\"contentUrl\":\"https:\\\/\\\/www.sindicaturabarcelona.cat\\\/wp-content\\\/uploads\\\/photo_2023-09-20_16-51-24.jpg\",\"width\":1167,\"height\":746,\"caption\":\"Foto del carrer Vila i Vil\u00e0\"},{\"@type\":\"BreadcrumbList\",\"@id\":\"https:\\\/\\\/www.sindicaturabarcelona.cat\\\/es\\\/la-sindicatura-analiza-la-circulacion-y-la-movilidad-en-la-calle-vila-y-vila-y-emite-recomendaciones-al-ayuntamiento\\\/#breadcrumb\",\"itemListElement\":[{\"@type\":\"ListItem\",\"position\":1,\"name\":\"Inici\",\"item\":\"https:\\\/\\\/www.sindicaturabarcelona.cat\\\/es\\\/\"},{\"@type\":\"ListItem\",\"position\":2,\"name\":\"La Sindicatura analiza la circulaci\u00f3n y la movilidad en la calle Vila y Vil\u00e0 y emite recomendaciones al Ayuntamiento\"}]},{\"@type\":\"WebSite\",\"@id\":\"https:\\\/\\\/www.sindicaturabarcelona.cat\\\/es\\\/#website\",\"url\":\"https:\\\/\\\/www.sindicaturabarcelona.cat\\\/es\\\/\",\"name\":\"Sindicatura de Greuges de Barcelona\",\"description\":\"La defensoria dels teus drets\",\"publisher\":{\"@id\":\"https:\\\/\\\/www.sindicaturabarcelona.cat\\\/es\\\/#organization\"},\"potentialAction\":[{\"@type\":\"SearchAction\",\"target\":{\"@type\":\"EntryPoint\",\"urlTemplate\":\"https:\\\/\\\/www.sindicaturabarcelona.cat\\\/es\\\/?s={search_term_string}\"},\"query-input\":{\"@type\":\"PropertyValueSpecification\",\"valueRequired\":true,\"valueName\":\"search_term_string\"}}],\"inLanguage\":\"es\"},{\"@type\":\"Organization\",\"@id\":\"https:\\\/\\\/www.sindicaturabarcelona.cat\\\/es\\\/#organization\",\"name\":\"Sindicatura de Greuges de Barcelona\",\"url\":\"https:\\\/\\\/www.sindicaturabarcelona.cat\\\/es\\\/\",\"logo\":{\"@type\":\"ImageObject\",\"inLanguage\":\"es\",\"@id\":\"https:\\\/\\\/www.sindicaturabarcelona.cat\\\/es\\\/#\\\/schema\\\/logo\\\/image\\\/\",\"url\":\"https:\\\/\\\/www.sindicaturabarcelona.cat\\\/wp-content\\\/uploads\\\/2023\\\/02\\\/logo_sindicatura.svg\",\"contentUrl\":\"https:\\\/\\\/www.sindicaturabarcelona.cat\\\/wp-content\\\/uploads\\\/2023\\\/02\\\/logo_sindicatura.svg\",\"caption\":\"Sindicatura de Greuges de Barcelona\"},\"image\":{\"@id\":\"https:\\\/\\\/www.sindicaturabarcelona.cat\\\/es\\\/#\\\/schema\\\/logo\\\/image\\\/\"},\"sameAs\":[\"https:\\\/\\\/x.com\\\/sindicbarcelona\",\"https:\\\/\\\/www.instagram.com\\\/sindicbarcelona\\\/\",\"https:\\\/\\\/www.tiktok.com\\\/@sindicaturabcn\",\"https:\\\/\\\/t.me\\\/sindicaturabarcelona\"]},{\"@type\":\"Person\",\"@id\":\"https:\\\/\\\/www.sindicaturabarcelona.cat\\\/es\\\/#\\\/schema\\\/person\\\/0e5acffc350ffdbc97578159322c9452\",\"name\":\"Pablo\",\"image\":{\"@type\":\"ImageObject\",\"inLanguage\":\"es\",\"@id\":\"https:\\\/\\\/secure.gravatar.com\\\/avatar\\\/c948169b402ef9492afde705c3dfd5e90e1a6a84ef6840a91124f805a25a480f?s=96&d=mm&r=g\",\"url\":\"https:\\\/\\\/secure.gravatar.com\\\/avatar\\\/c948169b402ef9492afde705c3dfd5e90e1a6a84ef6840a91124f805a25a480f?s=96&d=mm&r=g\",\"contentUrl\":\"https:\\\/\\\/secure.gravatar.com\\\/avatar\\\/c948169b402ef9492afde705c3dfd5e90e1a6a84ef6840a91124f805a25a480f?s=96&d=mm&r=g\",\"caption\":\"Pablo\"},\"url\":\"https:\\\/\\\/www.sindicaturabarcelona.cat\\\/es\\\/author\\\/pablo\\\/\"}]}<\/script>\n<!-- \/ Yoast SEO plugin. -->","yoast_head_json":{"title":"La Sindicatura analiza la circulaci\u00f3n y la movilidad en la calle Vila y Vil\u00e0 y emite recomendaciones al Ayuntamiento - Sindicatura de Greuges de Barcelona","robots":{"index":"index","follow":"follow","max-snippet":"max-snippet:-1","max-image-preview":"max-image-preview:large","max-video-preview":"max-video-preview:-1"},"canonical":"https:\/\/www.sindicaturabarcelona.cat\/es\/la-sindicatura-analiza-la-circulacion-y-la-movilidad-en-la-calle-vila-y-vila-y-emite-recomendaciones-al-ayuntamiento\/","og_locale":"es_ES","og_type":"article","og_title":"La Sindicatura analiza la circulaci\u00f3n y la movilidad en la calle Vila y Vil\u00e0 y emite recomendaciones al Ayuntamiento - Sindicatura de Greuges de Barcelona","og_description":"Despu\u00e9s de analizar la circulaci\u00f3n y la movilidad en la calle Vila y Vil\u00e0, la Sindicatura de Greuges de Barcelona ha concluido que la actuaci\u00f3n municipal podr\u00eda ser m\u00e1s eficaz [&hellip;]","og_url":"https:\/\/www.sindicaturabarcelona.cat\/es\/la-sindicatura-analiza-la-circulacion-y-la-movilidad-en-la-calle-vila-y-vila-y-emite-recomendaciones-al-ayuntamiento\/","og_site_name":"Sindicatura de Greuges de Barcelona","article_published_time":"2023-08-24T14:49:51+00:00","article_modified_time":"2023-09-20T14:53:46+00:00","og_image":[{"width":1167,"height":746,"url":"https:\/\/www.sindicaturabarcelona.cat\/wp-content\/uploads\/photo_2023-09-20_16-51-24.jpg","type":"image\/jpeg"}],"author":"Pablo","twitter_card":"summary_large_image","twitter_creator":"@sindicbarcelona","twitter_site":"@sindicbarcelona","twitter_misc":{"Escrito por":"Pablo","Tiempo de lectura":"5 minutos"},"schema":{"@context":"https:\/\/schema.org","@graph":[{"@type":"Article","@id":"https:\/\/www.sindicaturabarcelona.cat\/es\/la-sindicatura-analiza-la-circulacion-y-la-movilidad-en-la-calle-vila-y-vila-y-emite-recomendaciones-al-ayuntamiento\/#article","isPartOf":{"@id":"https:\/\/www.sindicaturabarcelona.cat\/es\/la-sindicatura-analiza-la-circulacion-y-la-movilidad-en-la-calle-vila-y-vila-y-emite-recomendaciones-al-ayuntamiento\/"},"author":{"name":"Pablo","@id":"https:\/\/www.sindicaturabarcelona.cat\/es\/#\/schema\/person\/0e5acffc350ffdbc97578159322c9452"},"headline":"La Sindicatura analiza la circulaci\u00f3n y la movilidad en la calle Vila y Vil\u00e0 y emite recomendaciones al Ayuntamiento","datePublished":"2023-08-24T14:49:51+00:00","dateModified":"2023-09-20T14:53:46+00:00","mainEntityOfPage":{"@id":"https:\/\/www.sindicaturabarcelona.cat\/es\/la-sindicatura-analiza-la-circulacion-y-la-movilidad-en-la-calle-vila-y-vila-y-emite-recomendaciones-al-ayuntamiento\/"},"wordCount":993,"publisher":{"@id":"https:\/\/www.sindicaturabarcelona.cat\/es\/#organization"},"image":{"@id":"https:\/\/www.sindicaturabarcelona.cat\/es\/la-sindicatura-analiza-la-circulacion-y-la-movilidad-en-la-calle-vila-y-vila-y-emite-recomendaciones-al-ayuntamiento\/#primaryimage"},"thumbnailUrl":"https:\/\/www.sindicaturabarcelona.cat\/wp-content\/uploads\/photo_2023-09-20_16-51-24.jpg","inLanguage":"es"},{"@type":"WebPage","@id":"https:\/\/www.sindicaturabarcelona.cat\/es\/la-sindicatura-analiza-la-circulacion-y-la-movilidad-en-la-calle-vila-y-vila-y-emite-recomendaciones-al-ayuntamiento\/","url":"https:\/\/www.sindicaturabarcelona.cat\/es\/la-sindicatura-analiza-la-circulacion-y-la-movilidad-en-la-calle-vila-y-vila-y-emite-recomendaciones-al-ayuntamiento\/","name":"La Sindicatura analiza la circulaci\u00f3n y la movilidad en la calle Vila y Vil\u00e0 y emite recomendaciones al Ayuntamiento - Sindicatura de Greuges de Barcelona","isPartOf":{"@id":"https:\/\/www.sindicaturabarcelona.cat\/es\/#website"},"primaryImageOfPage":{"@id":"https:\/\/www.sindicaturabarcelona.cat\/es\/la-sindicatura-analiza-la-circulacion-y-la-movilidad-en-la-calle-vila-y-vila-y-emite-recomendaciones-al-ayuntamiento\/#primaryimage"},"image":{"@id":"https:\/\/www.sindicaturabarcelona.cat\/es\/la-sindicatura-analiza-la-circulacion-y-la-movilidad-en-la-calle-vila-y-vila-y-emite-recomendaciones-al-ayuntamiento\/#primaryimage"},"thumbnailUrl":"https:\/\/www.sindicaturabarcelona.cat\/wp-content\/uploads\/photo_2023-09-20_16-51-24.jpg","datePublished":"2023-08-24T14:49:51+00:00","dateModified":"2023-09-20T14:53:46+00:00","breadcrumb":{"@id":"https:\/\/www.sindicaturabarcelona.cat\/es\/la-sindicatura-analiza-la-circulacion-y-la-movilidad-en-la-calle-vila-y-vila-y-emite-recomendaciones-al-ayuntamiento\/#breadcrumb"},"inLanguage":"es","potentialAction":[{"@type":"ReadAction","target":["https:\/\/www.sindicaturabarcelona.cat\/es\/la-sindicatura-analiza-la-circulacion-y-la-movilidad-en-la-calle-vila-y-vila-y-emite-recomendaciones-al-ayuntamiento\/"]}]},{"@type":"ImageObject","inLanguage":"es","@id":"https:\/\/www.sindicaturabarcelona.cat\/es\/la-sindicatura-analiza-la-circulacion-y-la-movilidad-en-la-calle-vila-y-vila-y-emite-recomendaciones-al-ayuntamiento\/#primaryimage","url":"https:\/\/www.sindicaturabarcelona.cat\/wp-content\/uploads\/photo_2023-09-20_16-51-24.jpg","contentUrl":"https:\/\/www.sindicaturabarcelona.cat\/wp-content\/uploads\/photo_2023-09-20_16-51-24.jpg","width":1167,"height":746,"caption":"Foto del carrer Vila i Vil\u00e0"},{"@type":"BreadcrumbList","@id":"https:\/\/www.sindicaturabarcelona.cat\/es\/la-sindicatura-analiza-la-circulacion-y-la-movilidad-en-la-calle-vila-y-vila-y-emite-recomendaciones-al-ayuntamiento\/#breadcrumb","itemListElement":[{"@type":"ListItem","position":1,"name":"Inici","item":"https:\/\/www.sindicaturabarcelona.cat\/es\/"},{"@type":"ListItem","position":2,"name":"La Sindicatura analiza la circulaci\u00f3n y la movilidad en la calle Vila y Vil\u00e0 y emite recomendaciones al Ayuntamiento"}]},{"@type":"WebSite","@id":"https:\/\/www.sindicaturabarcelona.cat\/es\/#website","url":"https:\/\/www.sindicaturabarcelona.cat\/es\/","name":"Sindicatura de Greuges de Barcelona","description":"La defensoria dels teus drets","publisher":{"@id":"https:\/\/www.sindicaturabarcelona.cat\/es\/#organization"},"potentialAction":[{"@type":"SearchAction","target":{"@type":"EntryPoint","urlTemplate":"https:\/\/www.sindicaturabarcelona.cat\/es\/?s={search_term_string}"},"query-input":{"@type":"PropertyValueSpecification","valueRequired":true,"valueName":"search_term_string"}}],"inLanguage":"es"},{"@type":"Organization","@id":"https:\/\/www.sindicaturabarcelona.cat\/es\/#organization","name":"Sindicatura de Greuges de Barcelona","url":"https:\/\/www.sindicaturabarcelona.cat\/es\/","logo":{"@type":"ImageObject","inLanguage":"es","@id":"https:\/\/www.sindicaturabarcelona.cat\/es\/#\/schema\/logo\/image\/","url":"https:\/\/www.sindicaturabarcelona.cat\/wp-content\/uploads\/2023\/02\/logo_sindicatura.svg","contentUrl":"https:\/\/www.sindicaturabarcelona.cat\/wp-content\/uploads\/2023\/02\/logo_sindicatura.svg","caption":"Sindicatura de Greuges de Barcelona"},"image":{"@id":"https:\/\/www.sindicaturabarcelona.cat\/es\/#\/schema\/logo\/image\/"},"sameAs":["https:\/\/x.com\/sindicbarcelona","https:\/\/www.instagram.com\/sindicbarcelona\/","https:\/\/www.tiktok.com\/@sindicaturabcn","https:\/\/t.me\/sindicaturabarcelona"]},{"@type":"Person","@id":"https:\/\/www.sindicaturabarcelona.cat\/es\/#\/schema\/person\/0e5acffc350ffdbc97578159322c9452","name":"Pablo","image":{"@type":"ImageObject","inLanguage":"es","@id":"https:\/\/secure.gravatar.com\/avatar\/c948169b402ef9492afde705c3dfd5e90e1a6a84ef6840a91124f805a25a480f?s=96&d=mm&r=g","url":"https:\/\/secure.gravatar.com\/avatar\/c948169b402ef9492afde705c3dfd5e90e1a6a84ef6840a91124f805a25a480f?s=96&d=mm&r=g","contentUrl":"https:\/\/secure.gravatar.com\/avatar\/c948169b402ef9492afde705c3dfd5e90e1a6a84ef6840a91124f805a25a480f?s=96&d=mm&r=g","caption":"Pablo"},"url":"https:\/\/www.sindicaturabarcelona.cat\/es\/author\/pablo\/"}]}},"_links":{"self":[{"href":"https:\/\/www.sindicaturabarcelona.cat\/es\/wp-json\/wp\/v2\/posts\/30029","targetHints":{"allow":["GET"]}}],"collection":[{"href":"https:\/\/www.sindicaturabarcelona.cat\/es\/wp-json\/wp\/v2\/posts"}],"about":[{"href":"https:\/\/www.sindicaturabarcelona.cat\/es\/wp-json\/wp\/v2\/types\/post"}],"author":[{"embeddable":true,"href":"https:\/\/www.sindicaturabarcelona.cat\/es\/wp-json\/wp\/v2\/users\/2"}],"replies":[{"embeddable":true,"href":"https:\/\/www.sindicaturabarcelona.cat\/es\/wp-json\/wp\/v2\/comments?post=30029"}],"version-history":[{"count":1,"href":"https:\/\/www.sindicaturabarcelona.cat\/es\/wp-json\/wp\/v2\/posts\/30029\/revisions"}],"predecessor-version":[{"id":30030,"href":"https:\/\/www.sindicaturabarcelona.cat\/es\/wp-json\/wp\/v2\/posts\/30029\/revisions\/30030"}],"wp:featuredmedia":[{"embeddable":true,"href":"https:\/\/www.sindicaturabarcelona.cat\/es\/wp-json\/wp\/v2\/media\/30027"}],"wp:attachment":[{"href":"https:\/\/www.sindicaturabarcelona.cat\/es\/wp-json\/wp\/v2\/media?parent=30029"}],"wp:term":[{"taxonomy":"post_tag","embeddable":true,"href":"https:\/\/www.sindicaturabarcelona.cat\/es\/wp-json\/wp\/v2\/tags?post=30029"},{"taxonomy":"drets","embeddable":true,"href":"https:\/\/www.sindicaturabarcelona.cat\/es\/wp-json\/wp\/v2\/drets?post=30029"}],"curies":[{"name":"wp","href":"https:\/\/api.w.org\/{rel}","templated":true}]}}