{"id":30015,"date":"2023-09-07T12:20:27","date_gmt":"2023-09-07T10:20:27","guid":{"rendered":"https:\/\/www.sindicaturabarcelona.cat\/?p=30015"},"modified":"2023-09-20T12:23:14","modified_gmt":"2023-09-20T10:23:14","slug":"la-merce-2023-el-cambio-de-ubicacion-del-escenario-de-maria-cristina-y-otras-propuestas-de-la-sindicatura","status":"publish","type":"post","link":"https:\/\/www.sindicaturabarcelona.cat\/es\/la-merce-2023-el-cambio-de-ubicacion-del-escenario-de-maria-cristina-y-otras-propuestas-de-la-sindicatura\/","title":{"rendered":"La Merc\u00e8 2023: el cambio de ubicaci\u00f3n del escenario de Maria Cristina y otras propuestas de la Sindicatura"},"content":{"rendered":"\n<h2 class=\"wp-block-heading\"><strong>La Sindicatura hace seguimiento de sus recomendaciones para unas fiestas m\u00e1s seguras, sin aglomeraciones como las vividas en 2019<\/strong><\/h2>\n\n\n\n<p>Despu\u00e9s de que se haya hecho oficial que las Fiestas de la Merc\u00e8 de este a\u00f1o ya no contar\u00e1n con el escenario de Maria Cristina, la Sindicatura de Greuges de Barcelona quiere realizar un repaso del seguimiento y las acciones llevadas a cabo <a href=\"https:\/\/www.sindicaturabarcelona.cat\/es\/la-sindicatura-ya-alerto-al-ayuntamiento-por-las-aglomeraciones-en-la-avenida-maria-cristina-durante-la-merce-2019%ef%bf%bc\/\">desde que el a\u00f1o 2019 iniciara una actuaci\u00f3n de oficio por las aglomeraciones vividas, finalizada en octubre de 2021 con cuatro recomendaciones<\/a>. En 2022, despu\u00e9s de la repetici\u00f3n de incidentes similares a los que ya se hab\u00edan producido en 2019, la Sindicatura volvi\u00f3 a insistir en el Ayuntamiento en sus recomendaciones.<\/p>\n\n\n\n<figure class=\"wp-block-table\"><table><tbody><tr><td><strong><u>Recomendaci\u00f3n 1<\/u><\/strong> Velar de forma m\u00e1s proactiva por la seguridad en los actos de gran formato en el espacio p\u00fablico. &nbsp;<\/td><\/tr><tr><td><strong><u>Recomendaci\u00f3n 2<\/u><\/strong> Planificar los actos con otros formatos que diversifiquen la oferta y asistencia para evitar aglomeraciones y el peligro que ello pueda comportar. &nbsp;<\/td><\/tr><tr><td><strong><u>Recomendaci\u00f3n 3<\/u><\/strong> Tomar medidas para controlar los aforos en los actos en los espacios p\u00fablicos. &nbsp;<\/td><\/tr><tr><td><strong><u>Recomendaci\u00f3n 4<\/u><\/strong> Velar por la protecci\u00f3n de la salud de la ciudadan\u00eda, especialmente de las personas menores de edad, y asegurar que no se les vendan bebidas alcoh\u00f3licas. &nbsp;<\/td><\/tr><\/tbody><\/table><\/figure>\n\n\n\n<h3 class=\"wp-block-heading\"><strong>Las consideraciones del Ayuntamiento en las recomendaciones de la Sindicatura<\/strong><\/h3>\n\n\n\n<p>En <strong>noviembre de 2022<\/strong> la Sindicatura de Greuges de Barcelona recibi\u00f3 la informaci\u00f3n municipal solicitada al Ayuntamiento, relativa a los actos de la Merc\u00e8 2022 en la avenida Maria Cristina. <strong>En este informe municipal, el consistorio ya adelantaba la necesidad de encontrar espacios alternativos en la avenida Maria Cristina<\/strong>.<\/p>\n\n\n\n<p>Unos meses m\u00e1s tarde, <strong>en julio de 2023, el Instituto de Cultura de Barcelona (ICUB) traslad\u00f3 a la Sindicatura que, en la edici\u00f3n de este a\u00f1o, se optar\u00e1 claramente por unas Fiestas de la Merc\u00e8 descentralizadas que lleguen a todos los distritos<\/strong>, detallando los nuevos espacios previstos para la celebraci\u00f3n. El Ayuntamiento tambi\u00e9n contempla <strong>programar dos espacios para macroconciertos, con una oferta similar dirigida al mismo tipo de p\u00fablico, de forma que la afluencia de personas quede m\u00e1s repartida entre las dos ubicaciones.<\/strong><\/p>\n\n\n\n<h3 class=\"wp-block-heading\"><strong>Las valoraciones de la Sindicatura sobre las actuaciones del Ayuntamiento<\/strong><\/h3>\n\n\n\n<figure class=\"wp-block-table\"><table><tbody><tr><td><strong><u>Recomendaci\u00f3n 1<\/u><\/strong> Se ha podido constatar que el Ayuntamiento de Barcelona, siguiendo la primera de las recomendaciones hechas, vela proactivamente por <strong>la seguridad en actos de gran formato y, en esta l\u00ednea, ha ido incorporando acciones y cambios<\/strong>. Destacan, entre otros, <strong>el cambio de ubicaci\u00f3n de actos de la avenida de Maria Cristina por el espacio de Les Corts, y la disposici\u00f3n de un centro de mando avanzado en los espacios donde est\u00e1 previsto realizar actos con una gran afluencia de p\u00fablico.<\/strong> &nbsp;<\/td><\/tr><tr><td><strong><u>Recomendaci\u00f3n 2<\/u><\/strong> <strong>Se observa que, en cada edici\u00f3n, se han implantado mejoras en cuanto a diversificar la oferta y la asistencia. Tambi\u00e9n se ha acercado la cultura a los barrios <\/strong>(como se determina en el art\u00edculo 113 de la Carta municipal de Barcelona), a la vez que se ha contribuido a una ciudad m\u00e1s segura y sostenible. &nbsp;<\/td><\/tr><tr><td><strong><u>Recomendaci\u00f3n 3<\/u><\/strong> Por lo que respecta al <strong>control de los aforos, el Ayuntamiento de Barcelona mantiene el debate abierto<\/strong>. Justifican que no se ha implantado, entre otros, debido a que este control no garantiza la carencia de concentraciones fuera de los actos promovidos por el consistorio. &nbsp;<\/td><\/tr><tr><td><strong><u>Recomendaci\u00f3n 4<\/u><\/strong> Sobre la <strong>protecci\u00f3n de la salud de la ciudadan\u00eda, especialmente en lo que se refiere a las personas menores de edad<\/strong>, la Sindicatura entiende que se act\u00faa desde la generalidad de toda la poblaci\u00f3n a trav\u00e9s de los dispositivos de emergencia sanitaria. Sin embargo, <strong>no se han captado actuaciones espec\u00edficas en este \u00e1mbito<\/strong>. &nbsp;<\/td><\/tr><\/tbody><\/table><\/figure>\n","protected":false},"excerpt":{"rendered":"<p>La Sindicatura hace seguimiento de sus recomendaciones para unas fiestas m\u00e1s seguras, sin aglomeraciones como las vividas en 2019 Despu\u00e9s de que se haya hecho oficial que las Fiestas de [&hellip;]<\/p>\n","protected":false},"author":2,"featured_media":30013,"comment_status":"closed","ping_status":"closed","sticky":false,"template":"","format":"standard","meta":{"_acf_changed":false,"footnotes":""},"tags":[],"drets":[1475,1579,1578,1583,1584],"class_list":["post-30015","post","type-post","status-publish","format-standard","has-post-thumbnail","hentry","drets-ciudad-equitativa","drets-derecho-a-la-salud","drets-derechos-culturales","drets-ciudad-garantista","drets-derecho-a-la-seguridad-ciudadana"],"acf":[],"yoast_head":"<!-- This site is optimized with the Yoast SEO plugin v27.5 - https:\/\/yoast.com\/product\/yoast-seo-wordpress\/ -->\n<title>La Merc\u00e8 2023: el cambio de ubicaci\u00f3n del escenario de Maria Cristina y otras propuestas de la Sindicatura - Sindicatura de Greuges de Barcelona<\/title>\n<meta name=\"robots\" content=\"index, follow, max-snippet:-1, max-image-preview:large, max-video-preview:-1\" \/>\n<link rel=\"canonical\" href=\"https:\/\/www.sindicaturabarcelona.cat\/es\/la-merce-2023-el-cambio-de-ubicacion-del-escenario-de-maria-cristina-y-otras-propuestas-de-la-sindicatura\/\" \/>\n<meta property=\"og:locale\" content=\"es_ES\" \/>\n<meta property=\"og:type\" content=\"article\" \/>\n<meta property=\"og:title\" content=\"La Merc\u00e8 2023: el cambio de ubicaci\u00f3n del escenario de Maria Cristina y otras propuestas de la Sindicatura - Sindicatura de Greuges de Barcelona\" \/>\n<meta property=\"og:description\" content=\"La Sindicatura hace seguimiento de sus recomendaciones para unas fiestas m\u00e1s seguras, sin aglomeraciones como las vividas en 2019 Despu\u00e9s de que se haya hecho oficial que las Fiestas de [&hellip;]\" \/>\n<meta property=\"og:url\" content=\"https:\/\/www.sindicaturabarcelona.cat\/es\/la-merce-2023-el-cambio-de-ubicacion-del-escenario-de-maria-cristina-y-otras-propuestas-de-la-sindicatura\/\" \/>\n<meta property=\"og:site_name\" content=\"Sindicatura de Greuges de Barcelona\" \/>\n<meta property=\"article:published_time\" content=\"2023-09-07T10:20:27+00:00\" \/>\n<meta property=\"article:modified_time\" content=\"2023-09-20T10:23:14+00:00\" \/>\n<meta property=\"og:image\" content=\"https:\/\/www.sindicaturabarcelona.cat\/wp-content\/uploads\/moment-de-lactuacio-de-la-oreja-de-v.jpg\" \/>\n\t<meta property=\"og:image:width\" content=\"1534\" \/>\n\t<meta property=\"og:image:height\" content=\"1024\" \/>\n\t<meta property=\"og:image:type\" content=\"image\/jpeg\" \/>\n<meta name=\"author\" content=\"Pablo\" \/>\n<meta name=\"twitter:card\" content=\"summary_large_image\" \/>\n<meta name=\"twitter:creator\" content=\"@sindicbarcelona\" \/>\n<meta name=\"twitter:site\" content=\"@sindicbarcelona\" \/>\n<meta name=\"twitter:label1\" content=\"Escrito por\" \/>\n\t<meta name=\"twitter:data1\" content=\"Pablo\" \/>\n\t<meta name=\"twitter:label2\" content=\"Tiempo de lectura\" \/>\n\t<meta name=\"twitter:data2\" content=\"4 minutos\" \/>\n<script type=\"application\/ld+json\" class=\"yoast-schema-graph\">{\"@context\":\"https:\\\/\\\/schema.org\",\"@graph\":[{\"@type\":\"Article\",\"@id\":\"https:\\\/\\\/www.sindicaturabarcelona.cat\\\/es\\\/la-merce-2023-el-cambio-de-ubicacion-del-escenario-de-maria-cristina-y-otras-propuestas-de-la-sindicatura\\\/#article\",\"isPartOf\":{\"@id\":\"https:\\\/\\\/www.sindicaturabarcelona.cat\\\/es\\\/la-merce-2023-el-cambio-de-ubicacion-del-escenario-de-maria-cristina-y-otras-propuestas-de-la-sindicatura\\\/\"},\"author\":{\"name\":\"Pablo\",\"@id\":\"https:\\\/\\\/www.sindicaturabarcelona.cat\\\/es\\\/#\\\/schema\\\/person\\\/0e5acffc350ffdbc97578159322c9452\"},\"headline\":\"La Merc\u00e8 2023: el cambio de ubicaci\u00f3n del escenario de Maria Cristina y otras propuestas de la Sindicatura\",\"datePublished\":\"2023-09-07T10:20:27+00:00\",\"dateModified\":\"2023-09-20T10:23:14+00:00\",\"mainEntityOfPage\":{\"@id\":\"https:\\\/\\\/www.sindicaturabarcelona.cat\\\/es\\\/la-merce-2023-el-cambio-de-ubicacion-del-escenario-de-maria-cristina-y-otras-propuestas-de-la-sindicatura\\\/\"},\"wordCount\":646,\"publisher\":{\"@id\":\"https:\\\/\\\/www.sindicaturabarcelona.cat\\\/es\\\/#organization\"},\"image\":{\"@id\":\"https:\\\/\\\/www.sindicaturabarcelona.cat\\\/es\\\/la-merce-2023-el-cambio-de-ubicacion-del-escenario-de-maria-cristina-y-otras-propuestas-de-la-sindicatura\\\/#primaryimage\"},\"thumbnailUrl\":\"https:\\\/\\\/www.sindicaturabarcelona.cat\\\/wp-content\\\/uploads\\\/moment-de-lactuacio-de-la-oreja-de-v.jpg\",\"inLanguage\":\"es\"},{\"@type\":\"WebPage\",\"@id\":\"https:\\\/\\\/www.sindicaturabarcelona.cat\\\/es\\\/la-merce-2023-el-cambio-de-ubicacion-del-escenario-de-maria-cristina-y-otras-propuestas-de-la-sindicatura\\\/\",\"url\":\"https:\\\/\\\/www.sindicaturabarcelona.cat\\\/es\\\/la-merce-2023-el-cambio-de-ubicacion-del-escenario-de-maria-cristina-y-otras-propuestas-de-la-sindicatura\\\/\",\"name\":\"La Merc\u00e8 2023: el cambio de ubicaci\u00f3n del escenario de Maria Cristina y otras propuestas de la Sindicatura - Sindicatura de Greuges de Barcelona\",\"isPartOf\":{\"@id\":\"https:\\\/\\\/www.sindicaturabarcelona.cat\\\/es\\\/#website\"},\"primaryImageOfPage\":{\"@id\":\"https:\\\/\\\/www.sindicaturabarcelona.cat\\\/es\\\/la-merce-2023-el-cambio-de-ubicacion-del-escenario-de-maria-cristina-y-otras-propuestas-de-la-sindicatura\\\/#primaryimage\"},\"image\":{\"@id\":\"https:\\\/\\\/www.sindicaturabarcelona.cat\\\/es\\\/la-merce-2023-el-cambio-de-ubicacion-del-escenario-de-maria-cristina-y-otras-propuestas-de-la-sindicatura\\\/#primaryimage\"},\"thumbnailUrl\":\"https:\\\/\\\/www.sindicaturabarcelona.cat\\\/wp-content\\\/uploads\\\/moment-de-lactuacio-de-la-oreja-de-v.jpg\",\"datePublished\":\"2023-09-07T10:20:27+00:00\",\"dateModified\":\"2023-09-20T10:23:14+00:00\",\"breadcrumb\":{\"@id\":\"https:\\\/\\\/www.sindicaturabarcelona.cat\\\/es\\\/la-merce-2023-el-cambio-de-ubicacion-del-escenario-de-maria-cristina-y-otras-propuestas-de-la-sindicatura\\\/#breadcrumb\"},\"inLanguage\":\"es\",\"potentialAction\":[{\"@type\":\"ReadAction\",\"target\":[\"https:\\\/\\\/www.sindicaturabarcelona.cat\\\/es\\\/la-merce-2023-el-cambio-de-ubicacion-del-escenario-de-maria-cristina-y-otras-propuestas-de-la-sindicatura\\\/\"]}]},{\"@type\":\"ImageObject\",\"inLanguage\":\"es\",\"@id\":\"https:\\\/\\\/www.sindicaturabarcelona.cat\\\/es\\\/la-merce-2023-el-cambio-de-ubicacion-del-escenario-de-maria-cristina-y-otras-propuestas-de-la-sindicatura\\\/#primaryimage\",\"url\":\"https:\\\/\\\/www.sindicaturabarcelona.cat\\\/wp-content\\\/uploads\\\/moment-de-lactuacio-de-la-oreja-de-v.jpg\",\"contentUrl\":\"https:\\\/\\\/www.sindicaturabarcelona.cat\\\/wp-content\\\/uploads\\\/moment-de-lactuacio-de-la-oreja-de-v.jpg\",\"width\":1534,\"height\":1024,\"caption\":\"Actuaci\u00f3 a l'escenari de Maria Cristina durant les festes de la Merc\u00e8\"},{\"@type\":\"BreadcrumbList\",\"@id\":\"https:\\\/\\\/www.sindicaturabarcelona.cat\\\/es\\\/la-merce-2023-el-cambio-de-ubicacion-del-escenario-de-maria-cristina-y-otras-propuestas-de-la-sindicatura\\\/#breadcrumb\",\"itemListElement\":[{\"@type\":\"ListItem\",\"position\":1,\"name\":\"Inici\",\"item\":\"https:\\\/\\\/www.sindicaturabarcelona.cat\\\/es\\\/\"},{\"@type\":\"ListItem\",\"position\":2,\"name\":\"La Merc\u00e8 2023: el cambio de ubicaci\u00f3n del escenario de Maria Cristina y otras propuestas de la Sindicatura\"}]},{\"@type\":\"WebSite\",\"@id\":\"https:\\\/\\\/www.sindicaturabarcelona.cat\\\/es\\\/#website\",\"url\":\"https:\\\/\\\/www.sindicaturabarcelona.cat\\\/es\\\/\",\"name\":\"Sindicatura de Greuges de Barcelona\",\"description\":\"La defensoria dels teus drets\",\"publisher\":{\"@id\":\"https:\\\/\\\/www.sindicaturabarcelona.cat\\\/es\\\/#organization\"},\"potentialAction\":[{\"@type\":\"SearchAction\",\"target\":{\"@type\":\"EntryPoint\",\"urlTemplate\":\"https:\\\/\\\/www.sindicaturabarcelona.cat\\\/es\\\/?s={search_term_string}\"},\"query-input\":{\"@type\":\"PropertyValueSpecification\",\"valueRequired\":true,\"valueName\":\"search_term_string\"}}],\"inLanguage\":\"es\"},{\"@type\":\"Organization\",\"@id\":\"https:\\\/\\\/www.sindicaturabarcelona.cat\\\/es\\\/#organization\",\"name\":\"Sindicatura de Greuges de Barcelona\",\"url\":\"https:\\\/\\\/www.sindicaturabarcelona.cat\\\/es\\\/\",\"logo\":{\"@type\":\"ImageObject\",\"inLanguage\":\"es\",\"@id\":\"https:\\\/\\\/www.sindicaturabarcelona.cat\\\/es\\\/#\\\/schema\\\/logo\\\/image\\\/\",\"url\":\"https:\\\/\\\/www.sindicaturabarcelona.cat\\\/wp-content\\\/uploads\\\/2023\\\/02\\\/logo_sindicatura.svg\",\"contentUrl\":\"https:\\\/\\\/www.sindicaturabarcelona.cat\\\/wp-content\\\/uploads\\\/2023\\\/02\\\/logo_sindicatura.svg\",\"caption\":\"Sindicatura de Greuges de Barcelona\"},\"image\":{\"@id\":\"https:\\\/\\\/www.sindicaturabarcelona.cat\\\/es\\\/#\\\/schema\\\/logo\\\/image\\\/\"},\"sameAs\":[\"https:\\\/\\\/x.com\\\/sindicbarcelona\",\"https:\\\/\\\/www.instagram.com\\\/sindicbarcelona\\\/\",\"https:\\\/\\\/www.tiktok.com\\\/@sindicaturabcn\",\"https:\\\/\\\/t.me\\\/sindicaturabarcelona\"]},{\"@type\":\"Person\",\"@id\":\"https:\\\/\\\/www.sindicaturabarcelona.cat\\\/es\\\/#\\\/schema\\\/person\\\/0e5acffc350ffdbc97578159322c9452\",\"name\":\"Pablo\",\"image\":{\"@type\":\"ImageObject\",\"inLanguage\":\"es\",\"@id\":\"https:\\\/\\\/secure.gravatar.com\\\/avatar\\\/c948169b402ef9492afde705c3dfd5e90e1a6a84ef6840a91124f805a25a480f?s=96&d=mm&r=g\",\"url\":\"https:\\\/\\\/secure.gravatar.com\\\/avatar\\\/c948169b402ef9492afde705c3dfd5e90e1a6a84ef6840a91124f805a25a480f?s=96&d=mm&r=g\",\"contentUrl\":\"https:\\\/\\\/secure.gravatar.com\\\/avatar\\\/c948169b402ef9492afde705c3dfd5e90e1a6a84ef6840a91124f805a25a480f?s=96&d=mm&r=g\",\"caption\":\"Pablo\"},\"url\":\"https:\\\/\\\/www.sindicaturabarcelona.cat\\\/es\\\/author\\\/pablo\\\/\"}]}<\/script>\n<!-- \/ Yoast SEO plugin. -->","yoast_head_json":{"title":"La Merc\u00e8 2023: el cambio de ubicaci\u00f3n del escenario de Maria Cristina y otras propuestas de la Sindicatura - Sindicatura de Greuges de Barcelona","robots":{"index":"index","follow":"follow","max-snippet":"max-snippet:-1","max-image-preview":"max-image-preview:large","max-video-preview":"max-video-preview:-1"},"canonical":"https:\/\/www.sindicaturabarcelona.cat\/es\/la-merce-2023-el-cambio-de-ubicacion-del-escenario-de-maria-cristina-y-otras-propuestas-de-la-sindicatura\/","og_locale":"es_ES","og_type":"article","og_title":"La Merc\u00e8 2023: el cambio de ubicaci\u00f3n del escenario de Maria Cristina y otras propuestas de la Sindicatura - Sindicatura de Greuges de Barcelona","og_description":"La Sindicatura hace seguimiento de sus recomendaciones para unas fiestas m\u00e1s seguras, sin aglomeraciones como las vividas en 2019 Despu\u00e9s de que se haya hecho oficial que las Fiestas de [&hellip;]","og_url":"https:\/\/www.sindicaturabarcelona.cat\/es\/la-merce-2023-el-cambio-de-ubicacion-del-escenario-de-maria-cristina-y-otras-propuestas-de-la-sindicatura\/","og_site_name":"Sindicatura de Greuges de Barcelona","article_published_time":"2023-09-07T10:20:27+00:00","article_modified_time":"2023-09-20T10:23:14+00:00","og_image":[{"width":1534,"height":1024,"url":"https:\/\/www.sindicaturabarcelona.cat\/wp-content\/uploads\/moment-de-lactuacio-de-la-oreja-de-v.jpg","type":"image\/jpeg"}],"author":"Pablo","twitter_card":"summary_large_image","twitter_creator":"@sindicbarcelona","twitter_site":"@sindicbarcelona","twitter_misc":{"Escrito por":"Pablo","Tiempo de lectura":"4 minutos"},"schema":{"@context":"https:\/\/schema.org","@graph":[{"@type":"Article","@id":"https:\/\/www.sindicaturabarcelona.cat\/es\/la-merce-2023-el-cambio-de-ubicacion-del-escenario-de-maria-cristina-y-otras-propuestas-de-la-sindicatura\/#article","isPartOf":{"@id":"https:\/\/www.sindicaturabarcelona.cat\/es\/la-merce-2023-el-cambio-de-ubicacion-del-escenario-de-maria-cristina-y-otras-propuestas-de-la-sindicatura\/"},"author":{"name":"Pablo","@id":"https:\/\/www.sindicaturabarcelona.cat\/es\/#\/schema\/person\/0e5acffc350ffdbc97578159322c9452"},"headline":"La Merc\u00e8 2023: el cambio de ubicaci\u00f3n del escenario de Maria Cristina y otras propuestas de la Sindicatura","datePublished":"2023-09-07T10:20:27+00:00","dateModified":"2023-09-20T10:23:14+00:00","mainEntityOfPage":{"@id":"https:\/\/www.sindicaturabarcelona.cat\/es\/la-merce-2023-el-cambio-de-ubicacion-del-escenario-de-maria-cristina-y-otras-propuestas-de-la-sindicatura\/"},"wordCount":646,"publisher":{"@id":"https:\/\/www.sindicaturabarcelona.cat\/es\/#organization"},"image":{"@id":"https:\/\/www.sindicaturabarcelona.cat\/es\/la-merce-2023-el-cambio-de-ubicacion-del-escenario-de-maria-cristina-y-otras-propuestas-de-la-sindicatura\/#primaryimage"},"thumbnailUrl":"https:\/\/www.sindicaturabarcelona.cat\/wp-content\/uploads\/moment-de-lactuacio-de-la-oreja-de-v.jpg","inLanguage":"es"},{"@type":"WebPage","@id":"https:\/\/www.sindicaturabarcelona.cat\/es\/la-merce-2023-el-cambio-de-ubicacion-del-escenario-de-maria-cristina-y-otras-propuestas-de-la-sindicatura\/","url":"https:\/\/www.sindicaturabarcelona.cat\/es\/la-merce-2023-el-cambio-de-ubicacion-del-escenario-de-maria-cristina-y-otras-propuestas-de-la-sindicatura\/","name":"La Merc\u00e8 2023: el cambio de ubicaci\u00f3n del escenario de Maria Cristina y otras propuestas de la Sindicatura - Sindicatura de Greuges de Barcelona","isPartOf":{"@id":"https:\/\/www.sindicaturabarcelona.cat\/es\/#website"},"primaryImageOfPage":{"@id":"https:\/\/www.sindicaturabarcelona.cat\/es\/la-merce-2023-el-cambio-de-ubicacion-del-escenario-de-maria-cristina-y-otras-propuestas-de-la-sindicatura\/#primaryimage"},"image":{"@id":"https:\/\/www.sindicaturabarcelona.cat\/es\/la-merce-2023-el-cambio-de-ubicacion-del-escenario-de-maria-cristina-y-otras-propuestas-de-la-sindicatura\/#primaryimage"},"thumbnailUrl":"https:\/\/www.sindicaturabarcelona.cat\/wp-content\/uploads\/moment-de-lactuacio-de-la-oreja-de-v.jpg","datePublished":"2023-09-07T10:20:27+00:00","dateModified":"2023-09-20T10:23:14+00:00","breadcrumb":{"@id":"https:\/\/www.sindicaturabarcelona.cat\/es\/la-merce-2023-el-cambio-de-ubicacion-del-escenario-de-maria-cristina-y-otras-propuestas-de-la-sindicatura\/#breadcrumb"},"inLanguage":"es","potentialAction":[{"@type":"ReadAction","target":["https:\/\/www.sindicaturabarcelona.cat\/es\/la-merce-2023-el-cambio-de-ubicacion-del-escenario-de-maria-cristina-y-otras-propuestas-de-la-sindicatura\/"]}]},{"@type":"ImageObject","inLanguage":"es","@id":"https:\/\/www.sindicaturabarcelona.cat\/es\/la-merce-2023-el-cambio-de-ubicacion-del-escenario-de-maria-cristina-y-otras-propuestas-de-la-sindicatura\/#primaryimage","url":"https:\/\/www.sindicaturabarcelona.cat\/wp-content\/uploads\/moment-de-lactuacio-de-la-oreja-de-v.jpg","contentUrl":"https:\/\/www.sindicaturabarcelona.cat\/wp-content\/uploads\/moment-de-lactuacio-de-la-oreja-de-v.jpg","width":1534,"height":1024,"caption":"Actuaci\u00f3 a l'escenari de Maria Cristina durant les festes de la Merc\u00e8"},{"@type":"BreadcrumbList","@id":"https:\/\/www.sindicaturabarcelona.cat\/es\/la-merce-2023-el-cambio-de-ubicacion-del-escenario-de-maria-cristina-y-otras-propuestas-de-la-sindicatura\/#breadcrumb","itemListElement":[{"@type":"ListItem","position":1,"name":"Inici","item":"https:\/\/www.sindicaturabarcelona.cat\/es\/"},{"@type":"ListItem","position":2,"name":"La Merc\u00e8 2023: el cambio de ubicaci\u00f3n del escenario de Maria Cristina y otras propuestas de la Sindicatura"}]},{"@type":"WebSite","@id":"https:\/\/www.sindicaturabarcelona.cat\/es\/#website","url":"https:\/\/www.sindicaturabarcelona.cat\/es\/","name":"Sindicatura de Greuges de Barcelona","description":"La defensoria dels teus drets","publisher":{"@id":"https:\/\/www.sindicaturabarcelona.cat\/es\/#organization"},"potentialAction":[{"@type":"SearchAction","target":{"@type":"EntryPoint","urlTemplate":"https:\/\/www.sindicaturabarcelona.cat\/es\/?s={search_term_string}"},"query-input":{"@type":"PropertyValueSpecification","valueRequired":true,"valueName":"search_term_string"}}],"inLanguage":"es"},{"@type":"Organization","@id":"https:\/\/www.sindicaturabarcelona.cat\/es\/#organization","name":"Sindicatura de Greuges de Barcelona","url":"https:\/\/www.sindicaturabarcelona.cat\/es\/","logo":{"@type":"ImageObject","inLanguage":"es","@id":"https:\/\/www.sindicaturabarcelona.cat\/es\/#\/schema\/logo\/image\/","url":"https:\/\/www.sindicaturabarcelona.cat\/wp-content\/uploads\/2023\/02\/logo_sindicatura.svg","contentUrl":"https:\/\/www.sindicaturabarcelona.cat\/wp-content\/uploads\/2023\/02\/logo_sindicatura.svg","caption":"Sindicatura de Greuges de Barcelona"},"image":{"@id":"https:\/\/www.sindicaturabarcelona.cat\/es\/#\/schema\/logo\/image\/"},"sameAs":["https:\/\/x.com\/sindicbarcelona","https:\/\/www.instagram.com\/sindicbarcelona\/","https:\/\/www.tiktok.com\/@sindicaturabcn","https:\/\/t.me\/sindicaturabarcelona"]},{"@type":"Person","@id":"https:\/\/www.sindicaturabarcelona.cat\/es\/#\/schema\/person\/0e5acffc350ffdbc97578159322c9452","name":"Pablo","image":{"@type":"ImageObject","inLanguage":"es","@id":"https:\/\/secure.gravatar.com\/avatar\/c948169b402ef9492afde705c3dfd5e90e1a6a84ef6840a91124f805a25a480f?s=96&d=mm&r=g","url":"https:\/\/secure.gravatar.com\/avatar\/c948169b402ef9492afde705c3dfd5e90e1a6a84ef6840a91124f805a25a480f?s=96&d=mm&r=g","contentUrl":"https:\/\/secure.gravatar.com\/avatar\/c948169b402ef9492afde705c3dfd5e90e1a6a84ef6840a91124f805a25a480f?s=96&d=mm&r=g","caption":"Pablo"},"url":"https:\/\/www.sindicaturabarcelona.cat\/es\/author\/pablo\/"}]}},"_links":{"self":[{"href":"https:\/\/www.sindicaturabarcelona.cat\/es\/wp-json\/wp\/v2\/posts\/30015","targetHints":{"allow":["GET"]}}],"collection":[{"href":"https:\/\/www.sindicaturabarcelona.cat\/es\/wp-json\/wp\/v2\/posts"}],"about":[{"href":"https:\/\/www.sindicaturabarcelona.cat\/es\/wp-json\/wp\/v2\/types\/post"}],"author":[{"embeddable":true,"href":"https:\/\/www.sindicaturabarcelona.cat\/es\/wp-json\/wp\/v2\/users\/2"}],"replies":[{"embeddable":true,"href":"https:\/\/www.sindicaturabarcelona.cat\/es\/wp-json\/wp\/v2\/comments?post=30015"}],"version-history":[{"count":1,"href":"https:\/\/www.sindicaturabarcelona.cat\/es\/wp-json\/wp\/v2\/posts\/30015\/revisions"}],"predecessor-version":[{"id":30016,"href":"https:\/\/www.sindicaturabarcelona.cat\/es\/wp-json\/wp\/v2\/posts\/30015\/revisions\/30016"}],"wp:featuredmedia":[{"embeddable":true,"href":"https:\/\/www.sindicaturabarcelona.cat\/es\/wp-json\/wp\/v2\/media\/30013"}],"wp:attachment":[{"href":"https:\/\/www.sindicaturabarcelona.cat\/es\/wp-json\/wp\/v2\/media?parent=30015"}],"wp:term":[{"taxonomy":"post_tag","embeddable":true,"href":"https:\/\/www.sindicaturabarcelona.cat\/es\/wp-json\/wp\/v2\/tags?post=30015"},{"taxonomy":"drets","embeddable":true,"href":"https:\/\/www.sindicaturabarcelona.cat\/es\/wp-json\/wp\/v2\/drets?post=30015"}],"curies":[{"name":"wp","href":"https:\/\/api.w.org\/{rel}","templated":true}]}}