{"id":30008,"date":"2023-09-15T11:47:58","date_gmt":"2023-09-15T09:47:58","guid":{"rendered":"https:\/\/www.sindicaturabarcelona.cat\/?p=30008"},"modified":"2025-04-15T08:59:30","modified_gmt":"2025-04-15T06:59:30","slug":"la-sindicatura-pone-en-valor-el-trabajo-de-los-distritos-y-asiste-a-sus-plenarios-de-constitucion","status":"publish","type":"post","link":"https:\/\/www.sindicaturabarcelona.cat\/es\/la-sindicatura-pone-en-valor-el-trabajo-de-los-distritos-y-asiste-a-sus-plenarios-de-constitucion\/","title":{"rendered":"La Sindicatura destaca el trabajo de los distritos y asiste a sus plenarios de constituci\u00f3n"},"content":{"rendered":"\n<p>El s\u00edndic de greuges de Barcelona ha asistido esta semana a los plenarios de constituci\u00f3n de los distritos de Ciutat Vella y Sants-Montju\u00efc. Una presencia que quiere hacer extensiva a los 10 plenarios que se han conformado esta semana. <strong>La Sindicatura desea la mejor suerte y aciertos a los consejeros y consejeras de distrito ya las concejal\u00edas presidentes nombrados esta semana.<\/strong><\/p>\n\n\n\n<p>Esta presencia tiene la voluntad de acompa\u00f1arles durante este mandato y poner en valor su trabajo. Asimismo, espera que la colaboraci\u00f3n entre los distintos distritos y la defensor\u00eda sea fluida y proactiva para potenciar la resoluci\u00f3n de los conflictos de la ciudadan\u00eda.<\/p>\n\n\n\n<h2 class=\"wp-block-heading\">Los distritos, clave en la proximidad de la instituci\u00f3n<\/h2>\n\n\n\n<p>La labor de los plenos de distrito y de las consejer\u00edas de distrito es esencial para acercar el Ayuntamiento de Barcelona a la ciudadan\u00eda y conseguir una Barcelona comprometida con el derecho a la ciudad.<\/p>\n\n\n\n<p>La asistencia a los plenarios de distrito ser\u00e1 una t\u00f3nica habitual de la Sindicatura, reforzando su presencia en todo el territorio de la ciudad. Junto con los otros proyectos de territorio, la Sindicatura de Greuges de Barcelona hace una fuerte apuesta por conseguir una mayor capilaridad de la instituci\u00f3n en los 73 barrios de la ciudad.<\/p>\n","protected":false},"excerpt":{"rendered":"<p>El s\u00edndic de greuges de Barcelona ha asistido esta semana a los plenarios de constituci\u00f3n de los distritos de Ciutat Vella y Sants-Montju\u00efc. Una presencia que quiere hacer extensiva a [&hellip;]<\/p>\n","protected":false},"author":2,"featured_media":30006,"comment_status":"closed","ping_status":"closed","sticky":false,"template":"","format":"standard","meta":{"_acf_changed":false,"footnotes":""},"tags":[],"drets":[],"class_list":["post-30008","post","type-post","status-publish","format-standard","has-post-thumbnail","hentry"],"acf":[],"yoast_head":"<!-- This site is optimized with the Yoast SEO plugin v27.5 - https:\/\/yoast.com\/product\/yoast-seo-wordpress\/ -->\n<title>La Sindicatura destaca el trabajo de los distritos y asiste a sus plenarios de constituci\u00f3n - Sindicatura de Greuges de Barcelona<\/title>\n<meta name=\"robots\" content=\"index, follow, max-snippet:-1, max-image-preview:large, max-video-preview:-1\" \/>\n<link rel=\"canonical\" href=\"https:\/\/www.sindicaturabarcelona.cat\/es\/la-sindicatura-pone-en-valor-el-trabajo-de-los-distritos-y-asiste-a-sus-plenarios-de-constitucion\/\" \/>\n<meta property=\"og:locale\" content=\"es_ES\" \/>\n<meta property=\"og:type\" content=\"article\" \/>\n<meta property=\"og:title\" content=\"La Sindicatura destaca el trabajo de los distritos y asiste a sus plenarios de constituci\u00f3n - Sindicatura de Greuges de Barcelona\" \/>\n<meta property=\"og:description\" content=\"El s\u00edndic de greuges de Barcelona ha asistido esta semana a los plenarios de constituci\u00f3n de los distritos de Ciutat Vella y Sants-Montju\u00efc. Una presencia que quiere hacer extensiva a [&hellip;]\" \/>\n<meta property=\"og:url\" content=\"https:\/\/www.sindicaturabarcelona.cat\/es\/la-sindicatura-pone-en-valor-el-trabajo-de-los-distritos-y-asiste-a-sus-plenarios-de-constitucion\/\" \/>\n<meta property=\"og:site_name\" content=\"Sindicatura de Greuges de Barcelona\" \/>\n<meta property=\"article:published_time\" content=\"2023-09-15T09:47:58+00:00\" \/>\n<meta property=\"article:modified_time\" content=\"2025-04-15T06:59:30+00:00\" \/>\n<meta property=\"og:image\" content=\"https:\/\/www.sindicaturabarcelona.cat\/wp-content\/uploads\/photo_2023-09-14_18-32-58.jpg\" \/>\n\t<meta property=\"og:image:width\" content=\"1280\" \/>\n\t<meta property=\"og:image:height\" content=\"960\" \/>\n\t<meta property=\"og:image:type\" content=\"image\/jpeg\" \/>\n<meta name=\"author\" content=\"Pablo\" \/>\n<meta name=\"twitter:card\" content=\"summary_large_image\" \/>\n<meta name=\"twitter:creator\" content=\"@sindicbarcelona\" \/>\n<meta name=\"twitter:site\" content=\"@sindicbarcelona\" \/>\n<meta name=\"twitter:label1\" content=\"Escrito por\" \/>\n\t<meta name=\"twitter:data1\" content=\"Pablo\" \/>\n\t<meta name=\"twitter:label2\" content=\"Tiempo de lectura\" \/>\n\t<meta name=\"twitter:data2\" content=\"2 minutos\" \/>\n<script type=\"application\/ld+json\" class=\"yoast-schema-graph\">{\"@context\":\"https:\\\/\\\/schema.org\",\"@graph\":[{\"@type\":\"Article\",\"@id\":\"https:\\\/\\\/www.sindicaturabarcelona.cat\\\/es\\\/la-sindicatura-pone-en-valor-el-trabajo-de-los-distritos-y-asiste-a-sus-plenarios-de-constitucion\\\/#article\",\"isPartOf\":{\"@id\":\"https:\\\/\\\/www.sindicaturabarcelona.cat\\\/es\\\/la-sindicatura-pone-en-valor-el-trabajo-de-los-distritos-y-asiste-a-sus-plenarios-de-constitucion\\\/\"},\"author\":{\"name\":\"Pablo\",\"@id\":\"https:\\\/\\\/www.sindicaturabarcelona.cat\\\/es\\\/#\\\/schema\\\/person\\\/0e5acffc350ffdbc97578159322c9452\"},\"headline\":\"La Sindicatura destaca el trabajo de los distritos y asiste a sus plenarios de constituci\u00f3n\",\"datePublished\":\"2023-09-15T09:47:58+00:00\",\"dateModified\":\"2025-04-15T06:59:30+00:00\",\"mainEntityOfPage\":{\"@id\":\"https:\\\/\\\/www.sindicaturabarcelona.cat\\\/es\\\/la-sindicatura-pone-en-valor-el-trabajo-de-los-distritos-y-asiste-a-sus-plenarios-de-constitucion\\\/\"},\"wordCount\":231,\"publisher\":{\"@id\":\"https:\\\/\\\/www.sindicaturabarcelona.cat\\\/es\\\/#organization\"},\"image\":{\"@id\":\"https:\\\/\\\/www.sindicaturabarcelona.cat\\\/es\\\/la-sindicatura-pone-en-valor-el-trabajo-de-los-distritos-y-asiste-a-sus-plenarios-de-constitucion\\\/#primaryimage\"},\"thumbnailUrl\":\"https:\\\/\\\/www.sindicaturabarcelona.cat\\\/wp-content\\\/uploads\\\/photo_2023-09-14_18-32-58.jpg\",\"inLanguage\":\"es\"},{\"@type\":\"WebPage\",\"@id\":\"https:\\\/\\\/www.sindicaturabarcelona.cat\\\/es\\\/la-sindicatura-pone-en-valor-el-trabajo-de-los-distritos-y-asiste-a-sus-plenarios-de-constitucion\\\/\",\"url\":\"https:\\\/\\\/www.sindicaturabarcelona.cat\\\/es\\\/la-sindicatura-pone-en-valor-el-trabajo-de-los-distritos-y-asiste-a-sus-plenarios-de-constitucion\\\/\",\"name\":\"La Sindicatura destaca el trabajo de los distritos y asiste a sus plenarios de constituci\u00f3n - Sindicatura de Greuges de Barcelona\",\"isPartOf\":{\"@id\":\"https:\\\/\\\/www.sindicaturabarcelona.cat\\\/es\\\/#website\"},\"primaryImageOfPage\":{\"@id\":\"https:\\\/\\\/www.sindicaturabarcelona.cat\\\/es\\\/la-sindicatura-pone-en-valor-el-trabajo-de-los-distritos-y-asiste-a-sus-plenarios-de-constitucion\\\/#primaryimage\"},\"image\":{\"@id\":\"https:\\\/\\\/www.sindicaturabarcelona.cat\\\/es\\\/la-sindicatura-pone-en-valor-el-trabajo-de-los-distritos-y-asiste-a-sus-plenarios-de-constitucion\\\/#primaryimage\"},\"thumbnailUrl\":\"https:\\\/\\\/www.sindicaturabarcelona.cat\\\/wp-content\\\/uploads\\\/photo_2023-09-14_18-32-58.jpg\",\"datePublished\":\"2023-09-15T09:47:58+00:00\",\"dateModified\":\"2025-04-15T06:59:30+00:00\",\"breadcrumb\":{\"@id\":\"https:\\\/\\\/www.sindicaturabarcelona.cat\\\/es\\\/la-sindicatura-pone-en-valor-el-trabajo-de-los-distritos-y-asiste-a-sus-plenarios-de-constitucion\\\/#breadcrumb\"},\"inLanguage\":\"es\",\"potentialAction\":[{\"@type\":\"ReadAction\",\"target\":[\"https:\\\/\\\/www.sindicaturabarcelona.cat\\\/es\\\/la-sindicatura-pone-en-valor-el-trabajo-de-los-distritos-y-asiste-a-sus-plenarios-de-constitucion\\\/\"]}]},{\"@type\":\"ImageObject\",\"inLanguage\":\"es\",\"@id\":\"https:\\\/\\\/www.sindicaturabarcelona.cat\\\/es\\\/la-sindicatura-pone-en-valor-el-trabajo-de-los-distritos-y-asiste-a-sus-plenarios-de-constitucion\\\/#primaryimage\",\"url\":\"https:\\\/\\\/www.sindicaturabarcelona.cat\\\/wp-content\\\/uploads\\\/photo_2023-09-14_18-32-58.jpg\",\"contentUrl\":\"https:\\\/\\\/www.sindicaturabarcelona.cat\\\/wp-content\\\/uploads\\\/photo_2023-09-14_18-32-58.jpg\",\"width\":1280,\"height\":960,\"caption\":\"El s\u00edndic de greuges assisteix al Plenari de constituci\u00f3 de Ciutat Vella\"},{\"@type\":\"BreadcrumbList\",\"@id\":\"https:\\\/\\\/www.sindicaturabarcelona.cat\\\/es\\\/la-sindicatura-pone-en-valor-el-trabajo-de-los-distritos-y-asiste-a-sus-plenarios-de-constitucion\\\/#breadcrumb\",\"itemListElement\":[{\"@type\":\"ListItem\",\"position\":1,\"name\":\"Inici\",\"item\":\"https:\\\/\\\/www.sindicaturabarcelona.cat\\\/es\\\/\"},{\"@type\":\"ListItem\",\"position\":2,\"name\":\"La Sindicatura destaca el trabajo de los distritos y asiste a sus plenarios de constituci\u00f3n\"}]},{\"@type\":\"WebSite\",\"@id\":\"https:\\\/\\\/www.sindicaturabarcelona.cat\\\/es\\\/#website\",\"url\":\"https:\\\/\\\/www.sindicaturabarcelona.cat\\\/es\\\/\",\"name\":\"Sindicatura de Greuges de Barcelona\",\"description\":\"La defensoria dels teus drets\",\"publisher\":{\"@id\":\"https:\\\/\\\/www.sindicaturabarcelona.cat\\\/es\\\/#organization\"},\"potentialAction\":[{\"@type\":\"SearchAction\",\"target\":{\"@type\":\"EntryPoint\",\"urlTemplate\":\"https:\\\/\\\/www.sindicaturabarcelona.cat\\\/es\\\/?s={search_term_string}\"},\"query-input\":{\"@type\":\"PropertyValueSpecification\",\"valueRequired\":true,\"valueName\":\"search_term_string\"}}],\"inLanguage\":\"es\"},{\"@type\":\"Organization\",\"@id\":\"https:\\\/\\\/www.sindicaturabarcelona.cat\\\/es\\\/#organization\",\"name\":\"Sindicatura de Greuges de Barcelona\",\"url\":\"https:\\\/\\\/www.sindicaturabarcelona.cat\\\/es\\\/\",\"logo\":{\"@type\":\"ImageObject\",\"inLanguage\":\"es\",\"@id\":\"https:\\\/\\\/www.sindicaturabarcelona.cat\\\/es\\\/#\\\/schema\\\/logo\\\/image\\\/\",\"url\":\"https:\\\/\\\/www.sindicaturabarcelona.cat\\\/wp-content\\\/uploads\\\/2023\\\/02\\\/logo_sindicatura.svg\",\"contentUrl\":\"https:\\\/\\\/www.sindicaturabarcelona.cat\\\/wp-content\\\/uploads\\\/2023\\\/02\\\/logo_sindicatura.svg\",\"caption\":\"Sindicatura de Greuges de Barcelona\"},\"image\":{\"@id\":\"https:\\\/\\\/www.sindicaturabarcelona.cat\\\/es\\\/#\\\/schema\\\/logo\\\/image\\\/\"},\"sameAs\":[\"https:\\\/\\\/x.com\\\/sindicbarcelona\",\"https:\\\/\\\/www.instagram.com\\\/sindicbarcelona\\\/\",\"https:\\\/\\\/www.tiktok.com\\\/@sindicaturabcn\",\"https:\\\/\\\/t.me\\\/sindicaturabarcelona\"]},{\"@type\":\"Person\",\"@id\":\"https:\\\/\\\/www.sindicaturabarcelona.cat\\\/es\\\/#\\\/schema\\\/person\\\/0e5acffc350ffdbc97578159322c9452\",\"name\":\"Pablo\",\"image\":{\"@type\":\"ImageObject\",\"inLanguage\":\"es\",\"@id\":\"https:\\\/\\\/secure.gravatar.com\\\/avatar\\\/c948169b402ef9492afde705c3dfd5e90e1a6a84ef6840a91124f805a25a480f?s=96&d=mm&r=g\",\"url\":\"https:\\\/\\\/secure.gravatar.com\\\/avatar\\\/c948169b402ef9492afde705c3dfd5e90e1a6a84ef6840a91124f805a25a480f?s=96&d=mm&r=g\",\"contentUrl\":\"https:\\\/\\\/secure.gravatar.com\\\/avatar\\\/c948169b402ef9492afde705c3dfd5e90e1a6a84ef6840a91124f805a25a480f?s=96&d=mm&r=g\",\"caption\":\"Pablo\"},\"url\":\"https:\\\/\\\/www.sindicaturabarcelona.cat\\\/es\\\/author\\\/pablo\\\/\"}]}<\/script>\n<!-- \/ Yoast SEO plugin. -->","yoast_head_json":{"title":"La Sindicatura destaca el trabajo de los distritos y asiste a sus plenarios de constituci\u00f3n - Sindicatura de Greuges de Barcelona","robots":{"index":"index","follow":"follow","max-snippet":"max-snippet:-1","max-image-preview":"max-image-preview:large","max-video-preview":"max-video-preview:-1"},"canonical":"https:\/\/www.sindicaturabarcelona.cat\/es\/la-sindicatura-pone-en-valor-el-trabajo-de-los-distritos-y-asiste-a-sus-plenarios-de-constitucion\/","og_locale":"es_ES","og_type":"article","og_title":"La Sindicatura destaca el trabajo de los distritos y asiste a sus plenarios de constituci\u00f3n - Sindicatura de Greuges de Barcelona","og_description":"El s\u00edndic de greuges de Barcelona ha asistido esta semana a los plenarios de constituci\u00f3n de los distritos de Ciutat Vella y Sants-Montju\u00efc. Una presencia que quiere hacer extensiva a [&hellip;]","og_url":"https:\/\/www.sindicaturabarcelona.cat\/es\/la-sindicatura-pone-en-valor-el-trabajo-de-los-distritos-y-asiste-a-sus-plenarios-de-constitucion\/","og_site_name":"Sindicatura de Greuges de Barcelona","article_published_time":"2023-09-15T09:47:58+00:00","article_modified_time":"2025-04-15T06:59:30+00:00","og_image":[{"width":1280,"height":960,"url":"https:\/\/www.sindicaturabarcelona.cat\/wp-content\/uploads\/photo_2023-09-14_18-32-58.jpg","type":"image\/jpeg"}],"author":"Pablo","twitter_card":"summary_large_image","twitter_creator":"@sindicbarcelona","twitter_site":"@sindicbarcelona","twitter_misc":{"Escrito por":"Pablo","Tiempo de lectura":"2 minutos"},"schema":{"@context":"https:\/\/schema.org","@graph":[{"@type":"Article","@id":"https:\/\/www.sindicaturabarcelona.cat\/es\/la-sindicatura-pone-en-valor-el-trabajo-de-los-distritos-y-asiste-a-sus-plenarios-de-constitucion\/#article","isPartOf":{"@id":"https:\/\/www.sindicaturabarcelona.cat\/es\/la-sindicatura-pone-en-valor-el-trabajo-de-los-distritos-y-asiste-a-sus-plenarios-de-constitucion\/"},"author":{"name":"Pablo","@id":"https:\/\/www.sindicaturabarcelona.cat\/es\/#\/schema\/person\/0e5acffc350ffdbc97578159322c9452"},"headline":"La Sindicatura destaca el trabajo de los distritos y asiste a sus plenarios de constituci\u00f3n","datePublished":"2023-09-15T09:47:58+00:00","dateModified":"2025-04-15T06:59:30+00:00","mainEntityOfPage":{"@id":"https:\/\/www.sindicaturabarcelona.cat\/es\/la-sindicatura-pone-en-valor-el-trabajo-de-los-distritos-y-asiste-a-sus-plenarios-de-constitucion\/"},"wordCount":231,"publisher":{"@id":"https:\/\/www.sindicaturabarcelona.cat\/es\/#organization"},"image":{"@id":"https:\/\/www.sindicaturabarcelona.cat\/es\/la-sindicatura-pone-en-valor-el-trabajo-de-los-distritos-y-asiste-a-sus-plenarios-de-constitucion\/#primaryimage"},"thumbnailUrl":"https:\/\/www.sindicaturabarcelona.cat\/wp-content\/uploads\/photo_2023-09-14_18-32-58.jpg","inLanguage":"es"},{"@type":"WebPage","@id":"https:\/\/www.sindicaturabarcelona.cat\/es\/la-sindicatura-pone-en-valor-el-trabajo-de-los-distritos-y-asiste-a-sus-plenarios-de-constitucion\/","url":"https:\/\/www.sindicaturabarcelona.cat\/es\/la-sindicatura-pone-en-valor-el-trabajo-de-los-distritos-y-asiste-a-sus-plenarios-de-constitucion\/","name":"La Sindicatura destaca el trabajo de los distritos y asiste a sus plenarios de constituci\u00f3n - Sindicatura de Greuges de Barcelona","isPartOf":{"@id":"https:\/\/www.sindicaturabarcelona.cat\/es\/#website"},"primaryImageOfPage":{"@id":"https:\/\/www.sindicaturabarcelona.cat\/es\/la-sindicatura-pone-en-valor-el-trabajo-de-los-distritos-y-asiste-a-sus-plenarios-de-constitucion\/#primaryimage"},"image":{"@id":"https:\/\/www.sindicaturabarcelona.cat\/es\/la-sindicatura-pone-en-valor-el-trabajo-de-los-distritos-y-asiste-a-sus-plenarios-de-constitucion\/#primaryimage"},"thumbnailUrl":"https:\/\/www.sindicaturabarcelona.cat\/wp-content\/uploads\/photo_2023-09-14_18-32-58.jpg","datePublished":"2023-09-15T09:47:58+00:00","dateModified":"2025-04-15T06:59:30+00:00","breadcrumb":{"@id":"https:\/\/www.sindicaturabarcelona.cat\/es\/la-sindicatura-pone-en-valor-el-trabajo-de-los-distritos-y-asiste-a-sus-plenarios-de-constitucion\/#breadcrumb"},"inLanguage":"es","potentialAction":[{"@type":"ReadAction","target":["https:\/\/www.sindicaturabarcelona.cat\/es\/la-sindicatura-pone-en-valor-el-trabajo-de-los-distritos-y-asiste-a-sus-plenarios-de-constitucion\/"]}]},{"@type":"ImageObject","inLanguage":"es","@id":"https:\/\/www.sindicaturabarcelona.cat\/es\/la-sindicatura-pone-en-valor-el-trabajo-de-los-distritos-y-asiste-a-sus-plenarios-de-constitucion\/#primaryimage","url":"https:\/\/www.sindicaturabarcelona.cat\/wp-content\/uploads\/photo_2023-09-14_18-32-58.jpg","contentUrl":"https:\/\/www.sindicaturabarcelona.cat\/wp-content\/uploads\/photo_2023-09-14_18-32-58.jpg","width":1280,"height":960,"caption":"El s\u00edndic de greuges assisteix al Plenari de constituci\u00f3 de Ciutat Vella"},{"@type":"BreadcrumbList","@id":"https:\/\/www.sindicaturabarcelona.cat\/es\/la-sindicatura-pone-en-valor-el-trabajo-de-los-distritos-y-asiste-a-sus-plenarios-de-constitucion\/#breadcrumb","itemListElement":[{"@type":"ListItem","position":1,"name":"Inici","item":"https:\/\/www.sindicaturabarcelona.cat\/es\/"},{"@type":"ListItem","position":2,"name":"La Sindicatura destaca el trabajo de los distritos y asiste a sus plenarios de constituci\u00f3n"}]},{"@type":"WebSite","@id":"https:\/\/www.sindicaturabarcelona.cat\/es\/#website","url":"https:\/\/www.sindicaturabarcelona.cat\/es\/","name":"Sindicatura de Greuges de Barcelona","description":"La defensoria dels teus drets","publisher":{"@id":"https:\/\/www.sindicaturabarcelona.cat\/es\/#organization"},"potentialAction":[{"@type":"SearchAction","target":{"@type":"EntryPoint","urlTemplate":"https:\/\/www.sindicaturabarcelona.cat\/es\/?s={search_term_string}"},"query-input":{"@type":"PropertyValueSpecification","valueRequired":true,"valueName":"search_term_string"}}],"inLanguage":"es"},{"@type":"Organization","@id":"https:\/\/www.sindicaturabarcelona.cat\/es\/#organization","name":"Sindicatura de Greuges de Barcelona","url":"https:\/\/www.sindicaturabarcelona.cat\/es\/","logo":{"@type":"ImageObject","inLanguage":"es","@id":"https:\/\/www.sindicaturabarcelona.cat\/es\/#\/schema\/logo\/image\/","url":"https:\/\/www.sindicaturabarcelona.cat\/wp-content\/uploads\/2023\/02\/logo_sindicatura.svg","contentUrl":"https:\/\/www.sindicaturabarcelona.cat\/wp-content\/uploads\/2023\/02\/logo_sindicatura.svg","caption":"Sindicatura de Greuges de Barcelona"},"image":{"@id":"https:\/\/www.sindicaturabarcelona.cat\/es\/#\/schema\/logo\/image\/"},"sameAs":["https:\/\/x.com\/sindicbarcelona","https:\/\/www.instagram.com\/sindicbarcelona\/","https:\/\/www.tiktok.com\/@sindicaturabcn","https:\/\/t.me\/sindicaturabarcelona"]},{"@type":"Person","@id":"https:\/\/www.sindicaturabarcelona.cat\/es\/#\/schema\/person\/0e5acffc350ffdbc97578159322c9452","name":"Pablo","image":{"@type":"ImageObject","inLanguage":"es","@id":"https:\/\/secure.gravatar.com\/avatar\/c948169b402ef9492afde705c3dfd5e90e1a6a84ef6840a91124f805a25a480f?s=96&d=mm&r=g","url":"https:\/\/secure.gravatar.com\/avatar\/c948169b402ef9492afde705c3dfd5e90e1a6a84ef6840a91124f805a25a480f?s=96&d=mm&r=g","contentUrl":"https:\/\/secure.gravatar.com\/avatar\/c948169b402ef9492afde705c3dfd5e90e1a6a84ef6840a91124f805a25a480f?s=96&d=mm&r=g","caption":"Pablo"},"url":"https:\/\/www.sindicaturabarcelona.cat\/es\/author\/pablo\/"}]}},"_links":{"self":[{"href":"https:\/\/www.sindicaturabarcelona.cat\/es\/wp-json\/wp\/v2\/posts\/30008","targetHints":{"allow":["GET"]}}],"collection":[{"href":"https:\/\/www.sindicaturabarcelona.cat\/es\/wp-json\/wp\/v2\/posts"}],"about":[{"href":"https:\/\/www.sindicaturabarcelona.cat\/es\/wp-json\/wp\/v2\/types\/post"}],"author":[{"embeddable":true,"href":"https:\/\/www.sindicaturabarcelona.cat\/es\/wp-json\/wp\/v2\/users\/2"}],"replies":[{"embeddable":true,"href":"https:\/\/www.sindicaturabarcelona.cat\/es\/wp-json\/wp\/v2\/comments?post=30008"}],"version-history":[{"count":2,"href":"https:\/\/www.sindicaturabarcelona.cat\/es\/wp-json\/wp\/v2\/posts\/30008\/revisions"}],"predecessor-version":[{"id":37027,"href":"https:\/\/www.sindicaturabarcelona.cat\/es\/wp-json\/wp\/v2\/posts\/30008\/revisions\/37027"}],"wp:featuredmedia":[{"embeddable":true,"href":"https:\/\/www.sindicaturabarcelona.cat\/es\/wp-json\/wp\/v2\/media\/30006"}],"wp:attachment":[{"href":"https:\/\/www.sindicaturabarcelona.cat\/es\/wp-json\/wp\/v2\/media?parent=30008"}],"wp:term":[{"taxonomy":"post_tag","embeddable":true,"href":"https:\/\/www.sindicaturabarcelona.cat\/es\/wp-json\/wp\/v2\/tags?post=30008"},{"taxonomy":"drets","embeddable":true,"href":"https:\/\/www.sindicaturabarcelona.cat\/es\/wp-json\/wp\/v2\/drets?post=30008"}],"curies":[{"name":"wp","href":"https:\/\/api.w.org\/{rel}","templated":true}]}}