{"id":29881,"date":"2023-07-21T12:00:15","date_gmt":"2023-07-21T10:00:15","guid":{"rendered":"https:\/\/www.sindicaturabarcelona.cat\/?p=29881"},"modified":"2023-07-25T12:14:36","modified_gmt":"2023-07-25T10:14:36","slug":"el-acceso-a-la-participacion-de-las-personas-en-situacion-de-vulnerabilidad-eje-principal-de-un-proyecto-europeo-en-el-que-participa-la-sindicatura","status":"publish","type":"post","link":"https:\/\/www.sindicaturabarcelona.cat\/es\/el-acceso-a-la-participacion-de-las-personas-en-situacion-de-vulnerabilidad-eje-principal-de-un-proyecto-europeo-en-el-que-participa-la-sindicatura\/","title":{"rendered":"El acceso a la participaci\u00f3n de las personas en situaci\u00f3n de vulnerabilidad, eje principal de un proyecto Europeo en el que participa la Sindicatura"},"content":{"rendered":"\n<p id=\"block-79a10da2-82f7-46e8-be84-9f4ea2539afc\">La Uni\u00f3n Europea ha dotado de presupuesto el proyecto<strong> \u00abiDEM: Espacios democr\u00e1ticos innovadores e inclusivos para la deliberaci\u00f3n y la participaci\u00f3n\u00bb<\/strong>, en el que participa <strong>la Sindicatura de Greuges de Barcelona.<\/strong><\/p>\n\n\n\n<p id=\"block-153dab89-26b7-447c-a867-8ab10ccbceaa\">Esta iniciativa, liderada por la <strong>Universidad Pompeu Fabra<\/strong>, busca potenciar el acceso a los procesos de participaci\u00f3n y deliberaci\u00f3n a personas con diversidad funcional, y cuenta con la participaci\u00f3n de 11 instituciones de 6 pa\u00edses diferentes.<\/p>\n\n\n\n<p id=\"block-6400802b-cdbb-4b59-a72c-6bf846c70394\"><strong>Entidades participantes<\/strong><\/p>\n\n\n\n<p id=\"block-eee08794-4357-4411-ba13-405d7e0f8dad\">El proyecto cuenta con una <strong>diversidad de instituciones participantes<\/strong>: la <strong><a href=\"https:\/\/www.upf.edu\/\" target=\"_blank\" rel=\"noreferrer noopener\">Universidad Pompeu Fabra<\/a><\/strong>, la <strong><a href=\"https:\/\/www.sindicaturabarcelona.cat\/\" target=\"_blank\" rel=\"noreferrer noopener\">Sindicatura de Greuges de Barcelona<\/a>, la <a href=\"https:\/\/ajuntament.barcelona.cat\/accessible\/es\/quienes-somos\/instituto-municipal-de-personas-con-discapacidad\" target=\"_blank\" rel=\"noreferrer noopener\">Instituto Municipal de Personas con Discapacidad<\/a>, la <a href=\"https:\/\/www.cibervoluntarios.org\/\" target=\"_blank\" rel=\"noreferrer noopener\">Fundaci\u00f3n Cibervoluntarios<\/a> , la <a href=\"https:\/\/plenainclusionmadrid.org\/\" target=\"_blank\" rel=\"noreferrer noopener\">Organizaci\u00f3n de entidades a favor de las personas con Discapacidad Intelectual de la Comunidad de Madrid<\/a> (Plena Inclusi\u00f3n Madrid) por parte del estado espa\u00f1ol, junto con la <a href=\"https:\/\/www.leeds.ac.uk\/\">Universidad de Leeds<\/a> (Reino Unido), <a href=\"https:\/\/cfs-nuernberg.com\/\" target=\"_blank\" rel=\"noreferrer noopener\">CFS GmbH<\/a> (Austria), el <a href=\"https:\/\/nexusinstitut.de\/\" target=\"_blank\" rel=\"noreferrer noopener\">Nexus Institut Fur Kooperations Managemenet und Interdisziplinare Forschung GMBH<\/a> (Alemania), el <a href=\"http:\/\/www.mac.ie\/\" target=\"_blank\" rel=\"noreferrer noopener\">National Microelectronics Applications Centre Ltd<\/a> (Irlanda), y <a href=\"http:\/\/www.anffas.net\/\" target=\"_blank\" rel=\"noreferrer noopener\">Anffas Nazionale<\/a> y <a href=\"https:\/\/%20actionaid.org\/\" target=\"_blank\" rel=\"noreferrer noopener\">Actionaid International Italia Onlus<\/a> (Italia).<\/strong><\/p>\n\n\n\n<p id=\"block-870b3626-0ad7-459f-9ce0-9252bb11b52e\">Cada una de estas instituciones aportar\u00e1 una parte clave en el proceso, siendo el rol de la Sindicatura el de <strong>implementar y potenciar canales de participaci\u00f3n para fomentar la implicaci\u00f3n de personas con situaciones de vulnerabilidad<\/strong> (diversidad funcional , personas mayores, personas migradas) <strong>en espacios de decisi\u00f3n sobre el derecho a la ciudad y los derechos humanos de proximidad<\/strong>.<\/p>\n\n\n\n<p id=\"block-003738cd-fb00-4ddb-b950-35cf4691415d\"><strong>Facilitar el acceso a la participaci\u00f3n<\/strong><\/p>\n\n\n\n<p id=\"block-d31a75a4-52c6-4986-a13d-0e06314db150\">\u00abiDEM: Espacios democr\u00e1ticos innovadores e inclusivos para la deliberaci\u00f3n y la participaci\u00f3n\u00bb quiere servir para entender las limitaciones en la participaci\u00f3n de estos colectivos de manera interseccional y dise\u00f1ar una soluci\u00f3n para acercar estos procesos en estos sectores de la ciudadan\u00eda. El proyecto parte de un an\u00e1lisis interseccional de las condiciones bajo las que las estructuras de poder existentes limitan la participaci\u00f3n de colectivos vulnerabilizados.<\/p>\n\n\n\n<p id=\"block-08ebcc94-688d-4447-90f8-a6cc752f67fd\"><strong>Este ser\u00e1 el primer estudio que investigar\u00e1 la inteligencia artificial y los m\u00e9todos de procesamiento del lenguaje natural como facilitadores para abordar la desigualdad pol\u00edtica para la deliberaci\u00f3n y la participaci\u00f3n en espacios democr\u00e1ticos<\/strong>.<\/p>\n","protected":false},"excerpt":{"rendered":"<p>La Uni\u00f3n Europea ha dotado de presupuesto el proyecto \u00abiDEM: Espacios democr\u00e1ticos innovadores e inclusivos para la deliberaci\u00f3n y la participaci\u00f3n\u00bb, en el que participa la Sindicatura de Greuges de [&hellip;]<\/p>\n","protected":false},"author":2,"featured_media":29879,"comment_status":"closed","ping_status":"closed","sticky":false,"template":"","format":"standard","meta":{"_acf_changed":false,"footnotes":""},"tags":[1558,1559,1560,1562,1561],"drets":[1477],"class_list":["post-29881","post","type-post","status-publish","format-standard","has-post-thumbnail","hentry","tag-derecho-participacion","tag-inclusion","tag-participacion","tag-personas-diversidad-funcional-2","tag-personas-vulnerables","drets-ciudad-habitable-y-sostenible"],"acf":[],"yoast_head":"<!-- This site is optimized with the Yoast SEO plugin v27.5 - https:\/\/yoast.com\/product\/yoast-seo-wordpress\/ -->\n<title>El acceso a la participaci\u00f3n de las personas en situaci\u00f3n de vulnerabilidad, eje principal de un proyecto Europeo en el que participa la Sindicatura - Sindicatura de Greuges de Barcelona<\/title>\n<meta name=\"robots\" content=\"index, follow, max-snippet:-1, max-image-preview:large, max-video-preview:-1\" \/>\n<link rel=\"canonical\" href=\"https:\/\/www.sindicaturabarcelona.cat\/es\/el-acceso-a-la-participacion-de-las-personas-en-situacion-de-vulnerabilidad-eje-principal-de-un-proyecto-europeo-en-el-que-participa-la-sindicatura\/\" \/>\n<meta property=\"og:locale\" content=\"es_ES\" \/>\n<meta property=\"og:type\" content=\"article\" \/>\n<meta property=\"og:title\" content=\"El acceso a la participaci\u00f3n de las personas en situaci\u00f3n de vulnerabilidad, eje principal de un proyecto Europeo en el que participa la Sindicatura - Sindicatura de Greuges de Barcelona\" \/>\n<meta property=\"og:description\" content=\"La Uni\u00f3n Europea ha dotado de presupuesto el proyecto \u00abiDEM: Espacios democr\u00e1ticos innovadores e inclusivos para la deliberaci\u00f3n y la participaci\u00f3n\u00bb, en el que participa la Sindicatura de Greuges de [&hellip;]\" \/>\n<meta property=\"og:url\" content=\"https:\/\/www.sindicaturabarcelona.cat\/es\/el-acceso-a-la-participacion-de-las-personas-en-situacion-de-vulnerabilidad-eje-principal-de-un-proyecto-europeo-en-el-que-participa-la-sindicatura\/\" \/>\n<meta property=\"og:site_name\" content=\"Sindicatura de Greuges de Barcelona\" \/>\n<meta property=\"article:published_time\" content=\"2023-07-21T10:00:15+00:00\" \/>\n<meta property=\"article:modified_time\" content=\"2023-07-25T10:14:36+00:00\" \/>\n<meta property=\"og:image\" content=\"https:\/\/www.sindicaturabarcelona.cat\/wp-content\/uploads\/un-jove-amb-discapacitat-treballa-amb.jpg\" \/>\n\t<meta property=\"og:image:width\" content=\"1024\" \/>\n\t<meta property=\"og:image:height\" content=\"684\" \/>\n\t<meta property=\"og:image:type\" content=\"image\/jpeg\" \/>\n<meta name=\"author\" content=\"Pablo\" \/>\n<meta name=\"twitter:card\" content=\"summary_large_image\" \/>\n<meta name=\"twitter:creator\" content=\"@sindicbarcelona\" \/>\n<meta name=\"twitter:site\" content=\"@sindicbarcelona\" \/>\n<meta name=\"twitter:label1\" content=\"Escrito por\" \/>\n\t<meta name=\"twitter:data1\" content=\"Pablo\" \/>\n\t<meta name=\"twitter:label2\" content=\"Tiempo de lectura\" \/>\n\t<meta name=\"twitter:data2\" content=\"2 minutos\" \/>\n<script type=\"application\/ld+json\" class=\"yoast-schema-graph\">{\"@context\":\"https:\\\/\\\/schema.org\",\"@graph\":[{\"@type\":\"Article\",\"@id\":\"https:\\\/\\\/www.sindicaturabarcelona.cat\\\/es\\\/el-acceso-a-la-participacion-de-las-personas-en-situacion-de-vulnerabilidad-eje-principal-de-un-proyecto-europeo-en-el-que-participa-la-sindicatura\\\/#article\",\"isPartOf\":{\"@id\":\"https:\\\/\\\/www.sindicaturabarcelona.cat\\\/es\\\/el-acceso-a-la-participacion-de-las-personas-en-situacion-de-vulnerabilidad-eje-principal-de-un-proyecto-europeo-en-el-que-participa-la-sindicatura\\\/\"},\"author\":{\"name\":\"Pablo\",\"@id\":\"https:\\\/\\\/www.sindicaturabarcelona.cat\\\/es\\\/#\\\/schema\\\/person\\\/0e5acffc350ffdbc97578159322c9452\"},\"headline\":\"El acceso a la participaci\u00f3n de las personas en situaci\u00f3n de vulnerabilidad, eje principal de un proyecto Europeo en el que participa la Sindicatura\",\"datePublished\":\"2023-07-21T10:00:15+00:00\",\"dateModified\":\"2023-07-25T10:14:36+00:00\",\"mainEntityOfPage\":{\"@id\":\"https:\\\/\\\/www.sindicaturabarcelona.cat\\\/es\\\/el-acceso-a-la-participacion-de-las-personas-en-situacion-de-vulnerabilidad-eje-principal-de-un-proyecto-europeo-en-el-que-participa-la-sindicatura\\\/\"},\"wordCount\":378,\"publisher\":{\"@id\":\"https:\\\/\\\/www.sindicaturabarcelona.cat\\\/es\\\/#organization\"},\"image\":{\"@id\":\"https:\\\/\\\/www.sindicaturabarcelona.cat\\\/es\\\/el-acceso-a-la-participacion-de-las-personas-en-situacion-de-vulnerabilidad-eje-principal-de-un-proyecto-europeo-en-el-que-participa-la-sindicatura\\\/#primaryimage\"},\"thumbnailUrl\":\"https:\\\/\\\/www.sindicaturabarcelona.cat\\\/wp-content\\\/uploads\\\/un-jove-amb-discapacitat-treballa-amb.jpg\",\"keywords\":[\"derecho participacion\",\"inclusion\",\"participacion\",\"personas diversidad funcional\",\"personas vulnerables\"],\"inLanguage\":\"es\"},{\"@type\":\"WebPage\",\"@id\":\"https:\\\/\\\/www.sindicaturabarcelona.cat\\\/es\\\/el-acceso-a-la-participacion-de-las-personas-en-situacion-de-vulnerabilidad-eje-principal-de-un-proyecto-europeo-en-el-que-participa-la-sindicatura\\\/\",\"url\":\"https:\\\/\\\/www.sindicaturabarcelona.cat\\\/es\\\/el-acceso-a-la-participacion-de-las-personas-en-situacion-de-vulnerabilidad-eje-principal-de-un-proyecto-europeo-en-el-que-participa-la-sindicatura\\\/\",\"name\":\"El acceso a la participaci\u00f3n de las personas en situaci\u00f3n de vulnerabilidad, eje principal de un proyecto Europeo en el que participa la Sindicatura - Sindicatura de Greuges de Barcelona\",\"isPartOf\":{\"@id\":\"https:\\\/\\\/www.sindicaturabarcelona.cat\\\/es\\\/#website\"},\"primaryImageOfPage\":{\"@id\":\"https:\\\/\\\/www.sindicaturabarcelona.cat\\\/es\\\/el-acceso-a-la-participacion-de-las-personas-en-situacion-de-vulnerabilidad-eje-principal-de-un-proyecto-europeo-en-el-que-participa-la-sindicatura\\\/#primaryimage\"},\"image\":{\"@id\":\"https:\\\/\\\/www.sindicaturabarcelona.cat\\\/es\\\/el-acceso-a-la-participacion-de-las-personas-en-situacion-de-vulnerabilidad-eje-principal-de-un-proyecto-europeo-en-el-que-participa-la-sindicatura\\\/#primaryimage\"},\"thumbnailUrl\":\"https:\\\/\\\/www.sindicaturabarcelona.cat\\\/wp-content\\\/uploads\\\/un-jove-amb-discapacitat-treballa-amb.jpg\",\"datePublished\":\"2023-07-21T10:00:15+00:00\",\"dateModified\":\"2023-07-25T10:14:36+00:00\",\"breadcrumb\":{\"@id\":\"https:\\\/\\\/www.sindicaturabarcelona.cat\\\/es\\\/el-acceso-a-la-participacion-de-las-personas-en-situacion-de-vulnerabilidad-eje-principal-de-un-proyecto-europeo-en-el-que-participa-la-sindicatura\\\/#breadcrumb\"},\"inLanguage\":\"es\",\"potentialAction\":[{\"@type\":\"ReadAction\",\"target\":[\"https:\\\/\\\/www.sindicaturabarcelona.cat\\\/es\\\/el-acceso-a-la-participacion-de-las-personas-en-situacion-de-vulnerabilidad-eje-principal-de-un-proyecto-europeo-en-el-que-participa-la-sindicatura\\\/\"]}]},{\"@type\":\"ImageObject\",\"inLanguage\":\"es\",\"@id\":\"https:\\\/\\\/www.sindicaturabarcelona.cat\\\/es\\\/el-acceso-a-la-participacion-de-las-personas-en-situacion-de-vulnerabilidad-eje-principal-de-un-proyecto-europeo-en-el-que-participa-la-sindicatura\\\/#primaryimage\",\"url\":\"https:\\\/\\\/www.sindicaturabarcelona.cat\\\/wp-content\\\/uploads\\\/un-jove-amb-discapacitat-treballa-amb.jpg\",\"contentUrl\":\"https:\\\/\\\/www.sindicaturabarcelona.cat\\\/wp-content\\\/uploads\\\/un-jove-amb-discapacitat-treballa-amb.jpg\",\"width\":1024,\"height\":684,\"caption\":\"Projecte europeu persones amb diversitat funcional\"},{\"@type\":\"BreadcrumbList\",\"@id\":\"https:\\\/\\\/www.sindicaturabarcelona.cat\\\/es\\\/el-acceso-a-la-participacion-de-las-personas-en-situacion-de-vulnerabilidad-eje-principal-de-un-proyecto-europeo-en-el-que-participa-la-sindicatura\\\/#breadcrumb\",\"itemListElement\":[{\"@type\":\"ListItem\",\"position\":1,\"name\":\"Inici\",\"item\":\"https:\\\/\\\/www.sindicaturabarcelona.cat\\\/es\\\/\"},{\"@type\":\"ListItem\",\"position\":2,\"name\":\"El acceso a la participaci\u00f3n de las personas en situaci\u00f3n de vulnerabilidad, eje principal de un proyecto Europeo en el que participa la Sindicatura\"}]},{\"@type\":\"WebSite\",\"@id\":\"https:\\\/\\\/www.sindicaturabarcelona.cat\\\/es\\\/#website\",\"url\":\"https:\\\/\\\/www.sindicaturabarcelona.cat\\\/es\\\/\",\"name\":\"Sindicatura de Greuges de Barcelona\",\"description\":\"La defensoria dels teus drets\",\"publisher\":{\"@id\":\"https:\\\/\\\/www.sindicaturabarcelona.cat\\\/es\\\/#organization\"},\"potentialAction\":[{\"@type\":\"SearchAction\",\"target\":{\"@type\":\"EntryPoint\",\"urlTemplate\":\"https:\\\/\\\/www.sindicaturabarcelona.cat\\\/es\\\/?s={search_term_string}\"},\"query-input\":{\"@type\":\"PropertyValueSpecification\",\"valueRequired\":true,\"valueName\":\"search_term_string\"}}],\"inLanguage\":\"es\"},{\"@type\":\"Organization\",\"@id\":\"https:\\\/\\\/www.sindicaturabarcelona.cat\\\/es\\\/#organization\",\"name\":\"Sindicatura de Greuges de Barcelona\",\"url\":\"https:\\\/\\\/www.sindicaturabarcelona.cat\\\/es\\\/\",\"logo\":{\"@type\":\"ImageObject\",\"inLanguage\":\"es\",\"@id\":\"https:\\\/\\\/www.sindicaturabarcelona.cat\\\/es\\\/#\\\/schema\\\/logo\\\/image\\\/\",\"url\":\"https:\\\/\\\/www.sindicaturabarcelona.cat\\\/wp-content\\\/uploads\\\/2023\\\/02\\\/logo_sindicatura.svg\",\"contentUrl\":\"https:\\\/\\\/www.sindicaturabarcelona.cat\\\/wp-content\\\/uploads\\\/2023\\\/02\\\/logo_sindicatura.svg\",\"caption\":\"Sindicatura de Greuges de Barcelona\"},\"image\":{\"@id\":\"https:\\\/\\\/www.sindicaturabarcelona.cat\\\/es\\\/#\\\/schema\\\/logo\\\/image\\\/\"},\"sameAs\":[\"https:\\\/\\\/x.com\\\/sindicbarcelona\",\"https:\\\/\\\/www.instagram.com\\\/sindicbarcelona\\\/\",\"https:\\\/\\\/www.tiktok.com\\\/@sindicaturabcn\",\"https:\\\/\\\/t.me\\\/sindicaturabarcelona\"]},{\"@type\":\"Person\",\"@id\":\"https:\\\/\\\/www.sindicaturabarcelona.cat\\\/es\\\/#\\\/schema\\\/person\\\/0e5acffc350ffdbc97578159322c9452\",\"name\":\"Pablo\",\"image\":{\"@type\":\"ImageObject\",\"inLanguage\":\"es\",\"@id\":\"https:\\\/\\\/secure.gravatar.com\\\/avatar\\\/c948169b402ef9492afde705c3dfd5e90e1a6a84ef6840a91124f805a25a480f?s=96&d=mm&r=g\",\"url\":\"https:\\\/\\\/secure.gravatar.com\\\/avatar\\\/c948169b402ef9492afde705c3dfd5e90e1a6a84ef6840a91124f805a25a480f?s=96&d=mm&r=g\",\"contentUrl\":\"https:\\\/\\\/secure.gravatar.com\\\/avatar\\\/c948169b402ef9492afde705c3dfd5e90e1a6a84ef6840a91124f805a25a480f?s=96&d=mm&r=g\",\"caption\":\"Pablo\"},\"url\":\"https:\\\/\\\/www.sindicaturabarcelona.cat\\\/es\\\/author\\\/pablo\\\/\"}]}<\/script>\n<!-- \/ Yoast SEO plugin. -->","yoast_head_json":{"title":"El acceso a la participaci\u00f3n de las personas en situaci\u00f3n de vulnerabilidad, eje principal de un proyecto Europeo en el que participa la Sindicatura - Sindicatura de Greuges de Barcelona","robots":{"index":"index","follow":"follow","max-snippet":"max-snippet:-1","max-image-preview":"max-image-preview:large","max-video-preview":"max-video-preview:-1"},"canonical":"https:\/\/www.sindicaturabarcelona.cat\/es\/el-acceso-a-la-participacion-de-las-personas-en-situacion-de-vulnerabilidad-eje-principal-de-un-proyecto-europeo-en-el-que-participa-la-sindicatura\/","og_locale":"es_ES","og_type":"article","og_title":"El acceso a la participaci\u00f3n de las personas en situaci\u00f3n de vulnerabilidad, eje principal de un proyecto Europeo en el que participa la Sindicatura - Sindicatura de Greuges de Barcelona","og_description":"La Uni\u00f3n Europea ha dotado de presupuesto el proyecto \u00abiDEM: Espacios democr\u00e1ticos innovadores e inclusivos para la deliberaci\u00f3n y la participaci\u00f3n\u00bb, en el que participa la Sindicatura de Greuges de [&hellip;]","og_url":"https:\/\/www.sindicaturabarcelona.cat\/es\/el-acceso-a-la-participacion-de-las-personas-en-situacion-de-vulnerabilidad-eje-principal-de-un-proyecto-europeo-en-el-que-participa-la-sindicatura\/","og_site_name":"Sindicatura de Greuges de Barcelona","article_published_time":"2023-07-21T10:00:15+00:00","article_modified_time":"2023-07-25T10:14:36+00:00","og_image":[{"width":1024,"height":684,"url":"https:\/\/www.sindicaturabarcelona.cat\/wp-content\/uploads\/un-jove-amb-discapacitat-treballa-amb.jpg","type":"image\/jpeg"}],"author":"Pablo","twitter_card":"summary_large_image","twitter_creator":"@sindicbarcelona","twitter_site":"@sindicbarcelona","twitter_misc":{"Escrito por":"Pablo","Tiempo de lectura":"2 minutos"},"schema":{"@context":"https:\/\/schema.org","@graph":[{"@type":"Article","@id":"https:\/\/www.sindicaturabarcelona.cat\/es\/el-acceso-a-la-participacion-de-las-personas-en-situacion-de-vulnerabilidad-eje-principal-de-un-proyecto-europeo-en-el-que-participa-la-sindicatura\/#article","isPartOf":{"@id":"https:\/\/www.sindicaturabarcelona.cat\/es\/el-acceso-a-la-participacion-de-las-personas-en-situacion-de-vulnerabilidad-eje-principal-de-un-proyecto-europeo-en-el-que-participa-la-sindicatura\/"},"author":{"name":"Pablo","@id":"https:\/\/www.sindicaturabarcelona.cat\/es\/#\/schema\/person\/0e5acffc350ffdbc97578159322c9452"},"headline":"El acceso a la participaci\u00f3n de las personas en situaci\u00f3n de vulnerabilidad, eje principal de un proyecto Europeo en el que participa la Sindicatura","datePublished":"2023-07-21T10:00:15+00:00","dateModified":"2023-07-25T10:14:36+00:00","mainEntityOfPage":{"@id":"https:\/\/www.sindicaturabarcelona.cat\/es\/el-acceso-a-la-participacion-de-las-personas-en-situacion-de-vulnerabilidad-eje-principal-de-un-proyecto-europeo-en-el-que-participa-la-sindicatura\/"},"wordCount":378,"publisher":{"@id":"https:\/\/www.sindicaturabarcelona.cat\/es\/#organization"},"image":{"@id":"https:\/\/www.sindicaturabarcelona.cat\/es\/el-acceso-a-la-participacion-de-las-personas-en-situacion-de-vulnerabilidad-eje-principal-de-un-proyecto-europeo-en-el-que-participa-la-sindicatura\/#primaryimage"},"thumbnailUrl":"https:\/\/www.sindicaturabarcelona.cat\/wp-content\/uploads\/un-jove-amb-discapacitat-treballa-amb.jpg","keywords":["derecho participacion","inclusion","participacion","personas diversidad funcional","personas vulnerables"],"inLanguage":"es"},{"@type":"WebPage","@id":"https:\/\/www.sindicaturabarcelona.cat\/es\/el-acceso-a-la-participacion-de-las-personas-en-situacion-de-vulnerabilidad-eje-principal-de-un-proyecto-europeo-en-el-que-participa-la-sindicatura\/","url":"https:\/\/www.sindicaturabarcelona.cat\/es\/el-acceso-a-la-participacion-de-las-personas-en-situacion-de-vulnerabilidad-eje-principal-de-un-proyecto-europeo-en-el-que-participa-la-sindicatura\/","name":"El acceso a la participaci\u00f3n de las personas en situaci\u00f3n de vulnerabilidad, eje principal de un proyecto Europeo en el que participa la Sindicatura - Sindicatura de Greuges de Barcelona","isPartOf":{"@id":"https:\/\/www.sindicaturabarcelona.cat\/es\/#website"},"primaryImageOfPage":{"@id":"https:\/\/www.sindicaturabarcelona.cat\/es\/el-acceso-a-la-participacion-de-las-personas-en-situacion-de-vulnerabilidad-eje-principal-de-un-proyecto-europeo-en-el-que-participa-la-sindicatura\/#primaryimage"},"image":{"@id":"https:\/\/www.sindicaturabarcelona.cat\/es\/el-acceso-a-la-participacion-de-las-personas-en-situacion-de-vulnerabilidad-eje-principal-de-un-proyecto-europeo-en-el-que-participa-la-sindicatura\/#primaryimage"},"thumbnailUrl":"https:\/\/www.sindicaturabarcelona.cat\/wp-content\/uploads\/un-jove-amb-discapacitat-treballa-amb.jpg","datePublished":"2023-07-21T10:00:15+00:00","dateModified":"2023-07-25T10:14:36+00:00","breadcrumb":{"@id":"https:\/\/www.sindicaturabarcelona.cat\/es\/el-acceso-a-la-participacion-de-las-personas-en-situacion-de-vulnerabilidad-eje-principal-de-un-proyecto-europeo-en-el-que-participa-la-sindicatura\/#breadcrumb"},"inLanguage":"es","potentialAction":[{"@type":"ReadAction","target":["https:\/\/www.sindicaturabarcelona.cat\/es\/el-acceso-a-la-participacion-de-las-personas-en-situacion-de-vulnerabilidad-eje-principal-de-un-proyecto-europeo-en-el-que-participa-la-sindicatura\/"]}]},{"@type":"ImageObject","inLanguage":"es","@id":"https:\/\/www.sindicaturabarcelona.cat\/es\/el-acceso-a-la-participacion-de-las-personas-en-situacion-de-vulnerabilidad-eje-principal-de-un-proyecto-europeo-en-el-que-participa-la-sindicatura\/#primaryimage","url":"https:\/\/www.sindicaturabarcelona.cat\/wp-content\/uploads\/un-jove-amb-discapacitat-treballa-amb.jpg","contentUrl":"https:\/\/www.sindicaturabarcelona.cat\/wp-content\/uploads\/un-jove-amb-discapacitat-treballa-amb.jpg","width":1024,"height":684,"caption":"Projecte europeu persones amb diversitat funcional"},{"@type":"BreadcrumbList","@id":"https:\/\/www.sindicaturabarcelona.cat\/es\/el-acceso-a-la-participacion-de-las-personas-en-situacion-de-vulnerabilidad-eje-principal-de-un-proyecto-europeo-en-el-que-participa-la-sindicatura\/#breadcrumb","itemListElement":[{"@type":"ListItem","position":1,"name":"Inici","item":"https:\/\/www.sindicaturabarcelona.cat\/es\/"},{"@type":"ListItem","position":2,"name":"El acceso a la participaci\u00f3n de las personas en situaci\u00f3n de vulnerabilidad, eje principal de un proyecto Europeo en el que participa la Sindicatura"}]},{"@type":"WebSite","@id":"https:\/\/www.sindicaturabarcelona.cat\/es\/#website","url":"https:\/\/www.sindicaturabarcelona.cat\/es\/","name":"Sindicatura de Greuges de Barcelona","description":"La defensoria dels teus drets","publisher":{"@id":"https:\/\/www.sindicaturabarcelona.cat\/es\/#organization"},"potentialAction":[{"@type":"SearchAction","target":{"@type":"EntryPoint","urlTemplate":"https:\/\/www.sindicaturabarcelona.cat\/es\/?s={search_term_string}"},"query-input":{"@type":"PropertyValueSpecification","valueRequired":true,"valueName":"search_term_string"}}],"inLanguage":"es"},{"@type":"Organization","@id":"https:\/\/www.sindicaturabarcelona.cat\/es\/#organization","name":"Sindicatura de Greuges de Barcelona","url":"https:\/\/www.sindicaturabarcelona.cat\/es\/","logo":{"@type":"ImageObject","inLanguage":"es","@id":"https:\/\/www.sindicaturabarcelona.cat\/es\/#\/schema\/logo\/image\/","url":"https:\/\/www.sindicaturabarcelona.cat\/wp-content\/uploads\/2023\/02\/logo_sindicatura.svg","contentUrl":"https:\/\/www.sindicaturabarcelona.cat\/wp-content\/uploads\/2023\/02\/logo_sindicatura.svg","caption":"Sindicatura de Greuges de Barcelona"},"image":{"@id":"https:\/\/www.sindicaturabarcelona.cat\/es\/#\/schema\/logo\/image\/"},"sameAs":["https:\/\/x.com\/sindicbarcelona","https:\/\/www.instagram.com\/sindicbarcelona\/","https:\/\/www.tiktok.com\/@sindicaturabcn","https:\/\/t.me\/sindicaturabarcelona"]},{"@type":"Person","@id":"https:\/\/www.sindicaturabarcelona.cat\/es\/#\/schema\/person\/0e5acffc350ffdbc97578159322c9452","name":"Pablo","image":{"@type":"ImageObject","inLanguage":"es","@id":"https:\/\/secure.gravatar.com\/avatar\/c948169b402ef9492afde705c3dfd5e90e1a6a84ef6840a91124f805a25a480f?s=96&d=mm&r=g","url":"https:\/\/secure.gravatar.com\/avatar\/c948169b402ef9492afde705c3dfd5e90e1a6a84ef6840a91124f805a25a480f?s=96&d=mm&r=g","contentUrl":"https:\/\/secure.gravatar.com\/avatar\/c948169b402ef9492afde705c3dfd5e90e1a6a84ef6840a91124f805a25a480f?s=96&d=mm&r=g","caption":"Pablo"},"url":"https:\/\/www.sindicaturabarcelona.cat\/es\/author\/pablo\/"}]}},"_links":{"self":[{"href":"https:\/\/www.sindicaturabarcelona.cat\/es\/wp-json\/wp\/v2\/posts\/29881","targetHints":{"allow":["GET"]}}],"collection":[{"href":"https:\/\/www.sindicaturabarcelona.cat\/es\/wp-json\/wp\/v2\/posts"}],"about":[{"href":"https:\/\/www.sindicaturabarcelona.cat\/es\/wp-json\/wp\/v2\/types\/post"}],"author":[{"embeddable":true,"href":"https:\/\/www.sindicaturabarcelona.cat\/es\/wp-json\/wp\/v2\/users\/2"}],"replies":[{"embeddable":true,"href":"https:\/\/www.sindicaturabarcelona.cat\/es\/wp-json\/wp\/v2\/comments?post=29881"}],"version-history":[{"count":1,"href":"https:\/\/www.sindicaturabarcelona.cat\/es\/wp-json\/wp\/v2\/posts\/29881\/revisions"}],"predecessor-version":[{"id":29882,"href":"https:\/\/www.sindicaturabarcelona.cat\/es\/wp-json\/wp\/v2\/posts\/29881\/revisions\/29882"}],"wp:featuredmedia":[{"embeddable":true,"href":"https:\/\/www.sindicaturabarcelona.cat\/es\/wp-json\/wp\/v2\/media\/29879"}],"wp:attachment":[{"href":"https:\/\/www.sindicaturabarcelona.cat\/es\/wp-json\/wp\/v2\/media?parent=29881"}],"wp:term":[{"taxonomy":"post_tag","embeddable":true,"href":"https:\/\/www.sindicaturabarcelona.cat\/es\/wp-json\/wp\/v2\/tags?post=29881"},{"taxonomy":"drets","embeddable":true,"href":"https:\/\/www.sindicaturabarcelona.cat\/es\/wp-json\/wp\/v2\/drets?post=29881"}],"curies":[{"name":"wp","href":"https:\/\/api.w.org\/{rel}","templated":true}]}}