{"id":29867,"date":"2023-07-05T11:18:07","date_gmt":"2023-07-05T09:18:07","guid":{"rendered":"https:\/\/www.sindicaturabarcelona.cat\/?p=29867"},"modified":"2024-03-24T19:09:49","modified_gmt":"2024-03-24T17:09:49","slug":"cual-es-la-carga-turistica-que-puede-sostener-el-barrio-de-la-sagrada-familia","status":"publish","type":"post","link":"https:\/\/www.sindicaturabarcelona.cat\/es\/cual-es-la-carga-turistica-que-puede-sostener-el-barrio-de-la-sagrada-familia\/","title":{"rendered":"\u00bfCu\u00e1l es la carga tur\u00edstica que puede sostener el barrio de la Sagrada Fam\u00edlia?"},"content":{"rendered":"\n<p><strong>La Sindicatura de Greuges de Barcelona reclama al Ayuntamiento de Barcelona que proteja los derechos del vecindario de Sagrada Fam\u00edlia<\/strong>, que tiene dificultades para conciliar su vida diaria con los usos tur\u00edsticos del entorno .<\/p>\n\n\n\n<p>A ra\u00edz de la <a href=\"https:\/\/www.sindicaturabarcelona.cat\/wp-content\/uploads\/2023\/07\/202307_Dret-convivencia-pacifica-i-espai-public-massificacio-turistica-a-Sagrada-Familia.pdf\" target=\"_blank\" rel=\"noreferrer noopener\">queja de una persona por los efectos de la turistificaci\u00f3n en su barrio<\/a>, la Sindicatura ha estudiado este fen\u00f3meno y la afectaci\u00f3n de los derechos del vecindario que comporta. La conclusi\u00f3n es que, aunque la actuaci\u00f3n del consistorio se ajusta a lo que establece la ley y que se est\u00e1 actuando para conseguir una gesti\u00f3n adecuada del turismo, <strong>no se est\u00e1 protegiendo de manera eficaz a la poblaci\u00f3n de los entornos del templo<\/strong>.<\/p>\n\n\n\n<p class=\"has-medium-font-size\"><strong><u>La turistificaci\u00f3n afecta a multitud de derechos<\/u><\/strong><\/p>\n\n\n\n<p><strong>La actividad tur\u00edstica que rodea la Sagrada Familia afecta al disfrute de diferentes derechos de la ciudadan\u00eda<\/strong>, como el derecho a la convivencia pac\u00edfica, al espacio p\u00fablico, a la vivienda o al medio ambiente, entre otros.<\/p>\n\n\n\n<p>La Sindicatura recibe numerosas quejas relacionadas con problemas de convivencia derivados del uso intensivo del espacio p\u00fablico por parte de las personas visitantes. Estas problem\u00e1ticas encarnan las denominadas \u201cexternalidades negativas\u201d del turismo, entrando en conflicto con el derecho a la ciudad de la poblaci\u00f3n local. Recientemente la Sindicatura se ha pronunciado sobre otros casos relacionados con la actividad tur\u00edstica, como hizo en mayo con <a href=\"https:\/\/www.sindicaturabarcelona.cat\/es\/2023\/05\/17\/la-sindicatura-recomienda-revisar-la-no-transmisibilidad-de-licencias-en-las-viviendas-de-uso-turistico-de-las-zonas-tensionadas\/\" target=\"_blank\" rel=\"noreferrer noopener\">la recomendaci\u00f3n de reforzar la no transmisibilidad de las licencias por viviendas de uso tur\u00edstico<\/a>.<\/p>\n\n\n\n<p><strong>Requiere especial atenci\u00f3n la situaci\u00f3n en los espacios de gran afluencia<\/strong> (EGA), como es la Sagrada Fam\u00edlia y su entorno. \u00c9stos son lugares donde se concentra una gran cantidad de visitantes, incrementando el impacto sobre la convivencia con el vecindario de la zona.<\/p>\n\n\n\n<p class=\"has-medium-font-size\"><strong><u>P\u00e9rdida de la identidad de los barrios<\/u><\/strong><\/p>\n\n\n\n<p><strong>Uno de los efectos preocupantes que observa la Sindicatura ante la turistificaci\u00f3n de espacios como el entorno de la Sagrada Fam\u00edlia es la p\u00e9rdida de la identidad de los barrios<\/strong> y la dedicaci\u00f3n del tejido comercial a las necesidades de las personas visitantes por delante del vecindario.<\/p>\n\n\n\n<p>La transformaci\u00f3n de los usos comerciales de los locales de la zona puede generar dificultades para la poblaci\u00f3n que quiere desarrollar una vida cotidiana. Tanto por el acceso a bienes y servicios, como por el incremento de su precio.<\/p>\n\n\n\n<p>Esta transformaci\u00f3n tambi\u00e9n afecta al tejido asociativo del barrio, especialmente ante la dificultad para garantizar el acceso a una vivienda en el barrio por la poblaci\u00f3n. Adem\u00e1s, personas mayores e infancia sufren una afectaci\u00f3n especial por la turistificaci\u00f3n, ya que las primeras a menudo son las m\u00e1s afectadas por una p\u00e9rdida del sentimiento de pertenencia al lugar, mientras que las segundas no pueden gozar de autonom\u00eda ni espacio de recreo suficiente.<\/p>\n\n\n\n<p class=\"has-medium-font-size\"><strong><u>La acci\u00f3n del Ayuntamiento<\/u><\/strong><\/p>\n\n\n\n<p>El Ayuntamiento de Barcelona est\u00e1 actuando para gestionar de forma adecuada la afluencia tur\u00edstica a la ciudad, como muestran los diferentes planes estrat\u00e9gicos y medidas de gobierno en esta materia y la creaci\u00f3n de \u00f3rganos como el Consejo de Turismo y Ciudad o la Mesa de Gesti\u00f3n Tur\u00edstica. Pero <strong>esta actuaci\u00f3n no es suficiente para garantizar los derechos de la ciudadan\u00eda de la Sagrada Fam\u00edlia y otros entornos tur\u00edsticos<\/strong>.<\/p>\n\n\n\n<p>Uno de los aspectos de la estrategia municipal que preocupa a la Sindicatura es la desconcentraci\u00f3n tur\u00edstica. El impulso de medidas correctoras del impacto negativo de la actividad tur\u00edstica es positivo, pero existe un riesgo de expulsar hacia otros territorios los mismos problemas que se dan ahora en los barrios m\u00e1s tensionados por el turismo.<\/p>\n\n\n\n<p>Finalmente, <strong>la Sindicatura ha emitido una serie de recomendaciones para asegurar la protecci\u00f3n del derecho a la ciudad de la poblaci\u00f3n de este barrio<\/strong>, que pasan por reforzar el control de las actividades comerciales y la seguridad de la zona, la revisi\u00f3n de la eficacia de las medidas adoptadas, que se cree un espacio de debate para repensar el modelo de turismo con el fin de hacerlo compatible con la protecci\u00f3n de los derechos de proximidad, y que estas recomendaciones se hagan extensivas al resto de distritos afectados por la turistificaci\u00f3n.<\/p>\n\n\n\n<p>En cuanto a la recomendaci\u00f3n de crear un espacio de debate para repensar el modelo de turismo con el fin de hacerlo compatible con la protecci\u00f3n de los derechos de proximidad, <strong>en marzo de 2024 el Ayuntamiento de Barcelona ha trasladado a la Sindicatura que valora la\u00a0idoneidad de esta recomendaci\u00f3n y que la incorpora como propuesta para el grupo de trabajo &#8216;Prioridades para el modelo tur\u00edstico de la ciudad en los pr\u00f3ximos a\u00f1os&#8217;<\/strong>, que forma parte del Consejo de Turismo y Ciudad.<\/p>\n","protected":false},"excerpt":{"rendered":"<p>La Sindicatura de Greuges de Barcelona reclama al Ayuntamiento de Barcelona que proteja los derechos del vecindario de Sagrada Fam\u00edlia, que tiene dificultades para conciliar su vida diaria con los [&hellip;]<\/p>\n","protected":false},"author":2,"featured_media":29865,"comment_status":"closed","ping_status":"closed","sticky":false,"template":"","format":"standard","meta":{"_acf_changed":false,"footnotes":""},"tags":[1534,1537,1536,1535],"drets":[1477,1514,1594],"class_list":["post-29867","post","type-post","status-publish","format-standard","has-post-thumbnail","hentry","tag-convivencia-2","tag-derecho-convivencia-pacifica","tag-derecho-espacio-publico","tag-espacio-publico-2","drets-ciudad-habitable-y-sostenible","drets-derecho-a-una-convivencia-pacifica","drets-derecho-al-espacio-publico"],"acf":[],"yoast_head":"<!-- This site is optimized with the Yoast SEO plugin v27.5 - https:\/\/yoast.com\/product\/yoast-seo-wordpress\/ -->\n<title>\u00bfCu\u00e1l es la carga tur\u00edstica que puede sostener el barrio de la Sagrada Fam\u00edlia? - Sindicatura de Greuges de Barcelona<\/title>\n<meta name=\"robots\" content=\"index, follow, max-snippet:-1, max-image-preview:large, max-video-preview:-1\" \/>\n<link rel=\"canonical\" href=\"https:\/\/www.sindicaturabarcelona.cat\/es\/cual-es-la-carga-turistica-que-puede-sostener-el-barrio-de-la-sagrada-familia\/\" \/>\n<meta property=\"og:locale\" content=\"es_ES\" \/>\n<meta property=\"og:type\" content=\"article\" \/>\n<meta property=\"og:title\" content=\"\u00bfCu\u00e1l es la carga tur\u00edstica que puede sostener el barrio de la Sagrada Fam\u00edlia? - Sindicatura de Greuges de Barcelona\" \/>\n<meta property=\"og:description\" content=\"La Sindicatura de Greuges de Barcelona reclama al Ayuntamiento de Barcelona que proteja los derechos del vecindario de Sagrada Fam\u00edlia, que tiene dificultades para conciliar su vida diaria con los [&hellip;]\" \/>\n<meta property=\"og:url\" content=\"https:\/\/www.sindicaturabarcelona.cat\/es\/cual-es-la-carga-turistica-que-puede-sostener-el-barrio-de-la-sagrada-familia\/\" \/>\n<meta property=\"og:site_name\" content=\"Sindicatura de Greuges de Barcelona\" \/>\n<meta property=\"article:published_time\" content=\"2023-07-05T09:18:07+00:00\" \/>\n<meta property=\"article:modified_time\" content=\"2024-03-24T17:09:49+00:00\" \/>\n<meta property=\"og:image\" content=\"https:\/\/www.sindicaturabarcelona.cat\/wp-content\/uploads\/sagrada-familia-parella-de-visitants.jpg\" \/>\n\t<meta property=\"og:image:width\" content=\"1024\" \/>\n\t<meta property=\"og:image:height\" content=\"768\" \/>\n\t<meta property=\"og:image:type\" content=\"image\/jpeg\" \/>\n<meta name=\"author\" content=\"Pablo\" \/>\n<meta name=\"twitter:card\" content=\"summary_large_image\" \/>\n<meta name=\"twitter:creator\" content=\"@sindicbarcelona\" \/>\n<meta name=\"twitter:site\" content=\"@sindicbarcelona\" \/>\n<meta name=\"twitter:label1\" content=\"Escrito por\" \/>\n\t<meta name=\"twitter:data1\" content=\"Pablo\" \/>\n\t<meta name=\"twitter:label2\" content=\"Tiempo de lectura\" \/>\n\t<meta name=\"twitter:data2\" content=\"5 minutos\" \/>\n<script type=\"application\/ld+json\" class=\"yoast-schema-graph\">{\"@context\":\"https:\\\/\\\/schema.org\",\"@graph\":[{\"@type\":\"Article\",\"@id\":\"https:\\\/\\\/www.sindicaturabarcelona.cat\\\/es\\\/cual-es-la-carga-turistica-que-puede-sostener-el-barrio-de-la-sagrada-familia\\\/#article\",\"isPartOf\":{\"@id\":\"https:\\\/\\\/www.sindicaturabarcelona.cat\\\/es\\\/cual-es-la-carga-turistica-que-puede-sostener-el-barrio-de-la-sagrada-familia\\\/\"},\"author\":{\"name\":\"Pablo\",\"@id\":\"https:\\\/\\\/www.sindicaturabarcelona.cat\\\/es\\\/#\\\/schema\\\/person\\\/0e5acffc350ffdbc97578159322c9452\"},\"headline\":\"\u00bfCu\u00e1l es la carga tur\u00edstica que puede sostener el barrio de la Sagrada Fam\u00edlia?\",\"datePublished\":\"2023-07-05T09:18:07+00:00\",\"dateModified\":\"2024-03-24T17:09:49+00:00\",\"mainEntityOfPage\":{\"@id\":\"https:\\\/\\\/www.sindicaturabarcelona.cat\\\/es\\\/cual-es-la-carga-turistica-que-puede-sostener-el-barrio-de-la-sagrada-familia\\\/\"},\"wordCount\":823,\"publisher\":{\"@id\":\"https:\\\/\\\/www.sindicaturabarcelona.cat\\\/es\\\/#organization\"},\"image\":{\"@id\":\"https:\\\/\\\/www.sindicaturabarcelona.cat\\\/es\\\/cual-es-la-carga-turistica-que-puede-sostener-el-barrio-de-la-sagrada-familia\\\/#primaryimage\"},\"thumbnailUrl\":\"https:\\\/\\\/www.sindicaturabarcelona.cat\\\/wp-content\\\/uploads\\\/sagrada-familia-parella-de-visitants.jpg\",\"keywords\":[\"convivencia\",\"derecho convivencia pacifica\",\"derecho espacio publico\",\"espacio publico\"],\"inLanguage\":\"es\"},{\"@type\":\"WebPage\",\"@id\":\"https:\\\/\\\/www.sindicaturabarcelona.cat\\\/es\\\/cual-es-la-carga-turistica-que-puede-sostener-el-barrio-de-la-sagrada-familia\\\/\",\"url\":\"https:\\\/\\\/www.sindicaturabarcelona.cat\\\/es\\\/cual-es-la-carga-turistica-que-puede-sostener-el-barrio-de-la-sagrada-familia\\\/\",\"name\":\"\u00bfCu\u00e1l es la carga tur\u00edstica que puede sostener el barrio de la Sagrada Fam\u00edlia? - Sindicatura de Greuges de Barcelona\",\"isPartOf\":{\"@id\":\"https:\\\/\\\/www.sindicaturabarcelona.cat\\\/es\\\/#website\"},\"primaryImageOfPage\":{\"@id\":\"https:\\\/\\\/www.sindicaturabarcelona.cat\\\/es\\\/cual-es-la-carga-turistica-que-puede-sostener-el-barrio-de-la-sagrada-familia\\\/#primaryimage\"},\"image\":{\"@id\":\"https:\\\/\\\/www.sindicaturabarcelona.cat\\\/es\\\/cual-es-la-carga-turistica-que-puede-sostener-el-barrio-de-la-sagrada-familia\\\/#primaryimage\"},\"thumbnailUrl\":\"https:\\\/\\\/www.sindicaturabarcelona.cat\\\/wp-content\\\/uploads\\\/sagrada-familia-parella-de-visitants.jpg\",\"datePublished\":\"2023-07-05T09:18:07+00:00\",\"dateModified\":\"2024-03-24T17:09:49+00:00\",\"breadcrumb\":{\"@id\":\"https:\\\/\\\/www.sindicaturabarcelona.cat\\\/es\\\/cual-es-la-carga-turistica-que-puede-sostener-el-barrio-de-la-sagrada-familia\\\/#breadcrumb\"},\"inLanguage\":\"es\",\"potentialAction\":[{\"@type\":\"ReadAction\",\"target\":[\"https:\\\/\\\/www.sindicaturabarcelona.cat\\\/es\\\/cual-es-la-carga-turistica-que-puede-sostener-el-barrio-de-la-sagrada-familia\\\/\"]}]},{\"@type\":\"ImageObject\",\"inLanguage\":\"es\",\"@id\":\"https:\\\/\\\/www.sindicaturabarcelona.cat\\\/es\\\/cual-es-la-carga-turistica-que-puede-sostener-el-barrio-de-la-sagrada-familia\\\/#primaryimage\",\"url\":\"https:\\\/\\\/www.sindicaturabarcelona.cat\\\/wp-content\\\/uploads\\\/sagrada-familia-parella-de-visitants.jpg\",\"contentUrl\":\"https:\\\/\\\/www.sindicaturabarcelona.cat\\\/wp-content\\\/uploads\\\/sagrada-familia-parella-de-visitants.jpg\",\"width\":1024,\"height\":768,\"caption\":\"Turistificaci\u00f3n Sagrada Familia\"},{\"@type\":\"BreadcrumbList\",\"@id\":\"https:\\\/\\\/www.sindicaturabarcelona.cat\\\/es\\\/cual-es-la-carga-turistica-que-puede-sostener-el-barrio-de-la-sagrada-familia\\\/#breadcrumb\",\"itemListElement\":[{\"@type\":\"ListItem\",\"position\":1,\"name\":\"Inici\",\"item\":\"https:\\\/\\\/www.sindicaturabarcelona.cat\\\/es\\\/\"},{\"@type\":\"ListItem\",\"position\":2,\"name\":\"\u00bfCu\u00e1l es la carga tur\u00edstica que puede sostener el barrio de la Sagrada Fam\u00edlia?\"}]},{\"@type\":\"WebSite\",\"@id\":\"https:\\\/\\\/www.sindicaturabarcelona.cat\\\/es\\\/#website\",\"url\":\"https:\\\/\\\/www.sindicaturabarcelona.cat\\\/es\\\/\",\"name\":\"Sindicatura de Greuges de Barcelona\",\"description\":\"La defensoria dels teus drets\",\"publisher\":{\"@id\":\"https:\\\/\\\/www.sindicaturabarcelona.cat\\\/es\\\/#organization\"},\"potentialAction\":[{\"@type\":\"SearchAction\",\"target\":{\"@type\":\"EntryPoint\",\"urlTemplate\":\"https:\\\/\\\/www.sindicaturabarcelona.cat\\\/es\\\/?s={search_term_string}\"},\"query-input\":{\"@type\":\"PropertyValueSpecification\",\"valueRequired\":true,\"valueName\":\"search_term_string\"}}],\"inLanguage\":\"es\"},{\"@type\":\"Organization\",\"@id\":\"https:\\\/\\\/www.sindicaturabarcelona.cat\\\/es\\\/#organization\",\"name\":\"Sindicatura de Greuges de Barcelona\",\"url\":\"https:\\\/\\\/www.sindicaturabarcelona.cat\\\/es\\\/\",\"logo\":{\"@type\":\"ImageObject\",\"inLanguage\":\"es\",\"@id\":\"https:\\\/\\\/www.sindicaturabarcelona.cat\\\/es\\\/#\\\/schema\\\/logo\\\/image\\\/\",\"url\":\"https:\\\/\\\/www.sindicaturabarcelona.cat\\\/wp-content\\\/uploads\\\/2023\\\/02\\\/logo_sindicatura.svg\",\"contentUrl\":\"https:\\\/\\\/www.sindicaturabarcelona.cat\\\/wp-content\\\/uploads\\\/2023\\\/02\\\/logo_sindicatura.svg\",\"caption\":\"Sindicatura de Greuges de Barcelona\"},\"image\":{\"@id\":\"https:\\\/\\\/www.sindicaturabarcelona.cat\\\/es\\\/#\\\/schema\\\/logo\\\/image\\\/\"},\"sameAs\":[\"https:\\\/\\\/x.com\\\/sindicbarcelona\",\"https:\\\/\\\/www.instagram.com\\\/sindicbarcelona\\\/\",\"https:\\\/\\\/www.tiktok.com\\\/@sindicaturabcn\",\"https:\\\/\\\/t.me\\\/sindicaturabarcelona\"]},{\"@type\":\"Person\",\"@id\":\"https:\\\/\\\/www.sindicaturabarcelona.cat\\\/es\\\/#\\\/schema\\\/person\\\/0e5acffc350ffdbc97578159322c9452\",\"name\":\"Pablo\",\"image\":{\"@type\":\"ImageObject\",\"inLanguage\":\"es\",\"@id\":\"https:\\\/\\\/secure.gravatar.com\\\/avatar\\\/c948169b402ef9492afde705c3dfd5e90e1a6a84ef6840a91124f805a25a480f?s=96&d=mm&r=g\",\"url\":\"https:\\\/\\\/secure.gravatar.com\\\/avatar\\\/c948169b402ef9492afde705c3dfd5e90e1a6a84ef6840a91124f805a25a480f?s=96&d=mm&r=g\",\"contentUrl\":\"https:\\\/\\\/secure.gravatar.com\\\/avatar\\\/c948169b402ef9492afde705c3dfd5e90e1a6a84ef6840a91124f805a25a480f?s=96&d=mm&r=g\",\"caption\":\"Pablo\"},\"url\":\"https:\\\/\\\/www.sindicaturabarcelona.cat\\\/es\\\/author\\\/pablo\\\/\"}]}<\/script>\n<!-- \/ Yoast SEO plugin. -->","yoast_head_json":{"title":"\u00bfCu\u00e1l es la carga tur\u00edstica que puede sostener el barrio de la Sagrada Fam\u00edlia? - Sindicatura de Greuges de Barcelona","robots":{"index":"index","follow":"follow","max-snippet":"max-snippet:-1","max-image-preview":"max-image-preview:large","max-video-preview":"max-video-preview:-1"},"canonical":"https:\/\/www.sindicaturabarcelona.cat\/es\/cual-es-la-carga-turistica-que-puede-sostener-el-barrio-de-la-sagrada-familia\/","og_locale":"es_ES","og_type":"article","og_title":"\u00bfCu\u00e1l es la carga tur\u00edstica que puede sostener el barrio de la Sagrada Fam\u00edlia? - Sindicatura de Greuges de Barcelona","og_description":"La Sindicatura de Greuges de Barcelona reclama al Ayuntamiento de Barcelona que proteja los derechos del vecindario de Sagrada Fam\u00edlia, que tiene dificultades para conciliar su vida diaria con los [&hellip;]","og_url":"https:\/\/www.sindicaturabarcelona.cat\/es\/cual-es-la-carga-turistica-que-puede-sostener-el-barrio-de-la-sagrada-familia\/","og_site_name":"Sindicatura de Greuges de Barcelona","article_published_time":"2023-07-05T09:18:07+00:00","article_modified_time":"2024-03-24T17:09:49+00:00","og_image":[{"width":1024,"height":768,"url":"https:\/\/www.sindicaturabarcelona.cat\/wp-content\/uploads\/sagrada-familia-parella-de-visitants.jpg","type":"image\/jpeg"}],"author":"Pablo","twitter_card":"summary_large_image","twitter_creator":"@sindicbarcelona","twitter_site":"@sindicbarcelona","twitter_misc":{"Escrito por":"Pablo","Tiempo de lectura":"5 minutos"},"schema":{"@context":"https:\/\/schema.org","@graph":[{"@type":"Article","@id":"https:\/\/www.sindicaturabarcelona.cat\/es\/cual-es-la-carga-turistica-que-puede-sostener-el-barrio-de-la-sagrada-familia\/#article","isPartOf":{"@id":"https:\/\/www.sindicaturabarcelona.cat\/es\/cual-es-la-carga-turistica-que-puede-sostener-el-barrio-de-la-sagrada-familia\/"},"author":{"name":"Pablo","@id":"https:\/\/www.sindicaturabarcelona.cat\/es\/#\/schema\/person\/0e5acffc350ffdbc97578159322c9452"},"headline":"\u00bfCu\u00e1l es la carga tur\u00edstica que puede sostener el barrio de la Sagrada Fam\u00edlia?","datePublished":"2023-07-05T09:18:07+00:00","dateModified":"2024-03-24T17:09:49+00:00","mainEntityOfPage":{"@id":"https:\/\/www.sindicaturabarcelona.cat\/es\/cual-es-la-carga-turistica-que-puede-sostener-el-barrio-de-la-sagrada-familia\/"},"wordCount":823,"publisher":{"@id":"https:\/\/www.sindicaturabarcelona.cat\/es\/#organization"},"image":{"@id":"https:\/\/www.sindicaturabarcelona.cat\/es\/cual-es-la-carga-turistica-que-puede-sostener-el-barrio-de-la-sagrada-familia\/#primaryimage"},"thumbnailUrl":"https:\/\/www.sindicaturabarcelona.cat\/wp-content\/uploads\/sagrada-familia-parella-de-visitants.jpg","keywords":["convivencia","derecho convivencia pacifica","derecho espacio publico","espacio publico"],"inLanguage":"es"},{"@type":"WebPage","@id":"https:\/\/www.sindicaturabarcelona.cat\/es\/cual-es-la-carga-turistica-que-puede-sostener-el-barrio-de-la-sagrada-familia\/","url":"https:\/\/www.sindicaturabarcelona.cat\/es\/cual-es-la-carga-turistica-que-puede-sostener-el-barrio-de-la-sagrada-familia\/","name":"\u00bfCu\u00e1l es la carga tur\u00edstica que puede sostener el barrio de la Sagrada Fam\u00edlia? - Sindicatura de Greuges de Barcelona","isPartOf":{"@id":"https:\/\/www.sindicaturabarcelona.cat\/es\/#website"},"primaryImageOfPage":{"@id":"https:\/\/www.sindicaturabarcelona.cat\/es\/cual-es-la-carga-turistica-que-puede-sostener-el-barrio-de-la-sagrada-familia\/#primaryimage"},"image":{"@id":"https:\/\/www.sindicaturabarcelona.cat\/es\/cual-es-la-carga-turistica-que-puede-sostener-el-barrio-de-la-sagrada-familia\/#primaryimage"},"thumbnailUrl":"https:\/\/www.sindicaturabarcelona.cat\/wp-content\/uploads\/sagrada-familia-parella-de-visitants.jpg","datePublished":"2023-07-05T09:18:07+00:00","dateModified":"2024-03-24T17:09:49+00:00","breadcrumb":{"@id":"https:\/\/www.sindicaturabarcelona.cat\/es\/cual-es-la-carga-turistica-que-puede-sostener-el-barrio-de-la-sagrada-familia\/#breadcrumb"},"inLanguage":"es","potentialAction":[{"@type":"ReadAction","target":["https:\/\/www.sindicaturabarcelona.cat\/es\/cual-es-la-carga-turistica-que-puede-sostener-el-barrio-de-la-sagrada-familia\/"]}]},{"@type":"ImageObject","inLanguage":"es","@id":"https:\/\/www.sindicaturabarcelona.cat\/es\/cual-es-la-carga-turistica-que-puede-sostener-el-barrio-de-la-sagrada-familia\/#primaryimage","url":"https:\/\/www.sindicaturabarcelona.cat\/wp-content\/uploads\/sagrada-familia-parella-de-visitants.jpg","contentUrl":"https:\/\/www.sindicaturabarcelona.cat\/wp-content\/uploads\/sagrada-familia-parella-de-visitants.jpg","width":1024,"height":768,"caption":"Turistificaci\u00f3n Sagrada Familia"},{"@type":"BreadcrumbList","@id":"https:\/\/www.sindicaturabarcelona.cat\/es\/cual-es-la-carga-turistica-que-puede-sostener-el-barrio-de-la-sagrada-familia\/#breadcrumb","itemListElement":[{"@type":"ListItem","position":1,"name":"Inici","item":"https:\/\/www.sindicaturabarcelona.cat\/es\/"},{"@type":"ListItem","position":2,"name":"\u00bfCu\u00e1l es la carga tur\u00edstica que puede sostener el barrio de la Sagrada Fam\u00edlia?"}]},{"@type":"WebSite","@id":"https:\/\/www.sindicaturabarcelona.cat\/es\/#website","url":"https:\/\/www.sindicaturabarcelona.cat\/es\/","name":"Sindicatura de Greuges de Barcelona","description":"La defensoria dels teus drets","publisher":{"@id":"https:\/\/www.sindicaturabarcelona.cat\/es\/#organization"},"potentialAction":[{"@type":"SearchAction","target":{"@type":"EntryPoint","urlTemplate":"https:\/\/www.sindicaturabarcelona.cat\/es\/?s={search_term_string}"},"query-input":{"@type":"PropertyValueSpecification","valueRequired":true,"valueName":"search_term_string"}}],"inLanguage":"es"},{"@type":"Organization","@id":"https:\/\/www.sindicaturabarcelona.cat\/es\/#organization","name":"Sindicatura de Greuges de Barcelona","url":"https:\/\/www.sindicaturabarcelona.cat\/es\/","logo":{"@type":"ImageObject","inLanguage":"es","@id":"https:\/\/www.sindicaturabarcelona.cat\/es\/#\/schema\/logo\/image\/","url":"https:\/\/www.sindicaturabarcelona.cat\/wp-content\/uploads\/2023\/02\/logo_sindicatura.svg","contentUrl":"https:\/\/www.sindicaturabarcelona.cat\/wp-content\/uploads\/2023\/02\/logo_sindicatura.svg","caption":"Sindicatura de Greuges de Barcelona"},"image":{"@id":"https:\/\/www.sindicaturabarcelona.cat\/es\/#\/schema\/logo\/image\/"},"sameAs":["https:\/\/x.com\/sindicbarcelona","https:\/\/www.instagram.com\/sindicbarcelona\/","https:\/\/www.tiktok.com\/@sindicaturabcn","https:\/\/t.me\/sindicaturabarcelona"]},{"@type":"Person","@id":"https:\/\/www.sindicaturabarcelona.cat\/es\/#\/schema\/person\/0e5acffc350ffdbc97578159322c9452","name":"Pablo","image":{"@type":"ImageObject","inLanguage":"es","@id":"https:\/\/secure.gravatar.com\/avatar\/c948169b402ef9492afde705c3dfd5e90e1a6a84ef6840a91124f805a25a480f?s=96&d=mm&r=g","url":"https:\/\/secure.gravatar.com\/avatar\/c948169b402ef9492afde705c3dfd5e90e1a6a84ef6840a91124f805a25a480f?s=96&d=mm&r=g","contentUrl":"https:\/\/secure.gravatar.com\/avatar\/c948169b402ef9492afde705c3dfd5e90e1a6a84ef6840a91124f805a25a480f?s=96&d=mm&r=g","caption":"Pablo"},"url":"https:\/\/www.sindicaturabarcelona.cat\/es\/author\/pablo\/"}]}},"_links":{"self":[{"href":"https:\/\/www.sindicaturabarcelona.cat\/es\/wp-json\/wp\/v2\/posts\/29867","targetHints":{"allow":["GET"]}}],"collection":[{"href":"https:\/\/www.sindicaturabarcelona.cat\/es\/wp-json\/wp\/v2\/posts"}],"about":[{"href":"https:\/\/www.sindicaturabarcelona.cat\/es\/wp-json\/wp\/v2\/types\/post"}],"author":[{"embeddable":true,"href":"https:\/\/www.sindicaturabarcelona.cat\/es\/wp-json\/wp\/v2\/users\/2"}],"replies":[{"embeddable":true,"href":"https:\/\/www.sindicaturabarcelona.cat\/es\/wp-json\/wp\/v2\/comments?post=29867"}],"version-history":[{"count":2,"href":"https:\/\/www.sindicaturabarcelona.cat\/es\/wp-json\/wp\/v2\/posts\/29867\/revisions"}],"predecessor-version":[{"id":31967,"href":"https:\/\/www.sindicaturabarcelona.cat\/es\/wp-json\/wp\/v2\/posts\/29867\/revisions\/31967"}],"wp:featuredmedia":[{"embeddable":true,"href":"https:\/\/www.sindicaturabarcelona.cat\/es\/wp-json\/wp\/v2\/media\/29865"}],"wp:attachment":[{"href":"https:\/\/www.sindicaturabarcelona.cat\/es\/wp-json\/wp\/v2\/media?parent=29867"}],"wp:term":[{"taxonomy":"post_tag","embeddable":true,"href":"https:\/\/www.sindicaturabarcelona.cat\/es\/wp-json\/wp\/v2\/tags?post=29867"},{"taxonomy":"drets","embeddable":true,"href":"https:\/\/www.sindicaturabarcelona.cat\/es\/wp-json\/wp\/v2\/drets?post=29867"}],"curies":[{"name":"wp","href":"https:\/\/api.w.org\/{rel}","templated":true}]}}