{"id":29818,"date":"2023-06-29T09:23:34","date_gmt":"2023-06-29T07:23:34","guid":{"rendered":"https:\/\/www.sindicaturabarcelona.cat\/?p=29818"},"modified":"2023-06-29T09:24:08","modified_gmt":"2023-06-29T07:24:08","slug":"la-sindicatura-invita-a-mantener-el-equilibrio-entre-el-respeto-al-derecho-al-descanso-y-el-disfrute-del-derecho-a-la-cultura","status":"publish","type":"post","link":"https:\/\/www.sindicaturabarcelona.cat\/es\/la-sindicatura-invita-a-mantener-el-equilibrio-entre-el-respeto-al-derecho-al-descanso-y-el-disfrute-del-derecho-a-la-cultura\/","title":{"rendered":"La Sindicatura invita a mantener el equilibrio entre el respeto al derecho al descanso y el disfrute del derecho a la cultura"},"content":{"rendered":"\n<p><strong>La armon\u00eda entre el derecho a la cultura y el ocio relacionada con la celebraci\u00f3n de fiestas populares y el derecho al descanso del vecindario es un elemento delicado de la convivencia ciudadana<\/strong>. La Sindicatura se ha pronunciado recordando la importancia de que la Administraci\u00f3n vele por el mantenimiento el equilibrio de estos derechos ante la&nbsp;<a href=\"https:\/\/www.sindicaturabarcelona.cat\/wp-content\/uploads\/2023\/06\/202306_Dret-descans-i-espai-public-soroll-de-festes-al-carrer.pdf\">queja de una ciudadana de Gr\u00e0cia<\/a>&nbsp;con motivo de las molestias ocasionadas por las celebraciones de fiestas populares en su calle.<\/p>\n\n\n\n<h2 class=\"wp-block-heading\"><strong>El derecho al descanso, en conflicto<\/strong><\/h2>\n\n\n\n<p>Poder descansar y tener garantizada la intimidad en el hogar es esencial para poder desarrollar una vida saludable. Adem\u00e1s, son derechos contemplados y protegidos, tambi\u00e9n, en la normativa municipal. Pero en ocasiones puede entrar en conflicto con otros derechos de la ciudadan\u00eda, como es el caso de la celebraci\u00f3n de actividades l\u00fadicas en el espacio p\u00fablico.<\/p>\n\n\n\n<p>Las molestias que pueden provocar las celebraciones o conciertos en la calle y la disconformidad con la actuaci\u00f3n municipal ante estas situaciones son objeto de conocimiento frecuente por parte de la Sindicatura de Greuges.<\/p>\n\n\n\n<p>La utilizaci\u00f3n de la v\u00eda p\u00fablica con motivo de fiestas mayores o fiestas populares es una pr\u00e1ctica habitual en los municipios. Sin embargo,&nbsp;<strong>se trata de hacer posible, en lo posible, la conciliaci\u00f3n entre el derecho a disfrutar de actividades culturales y festivas en el espacio p\u00fablico y los derechos a disponer de unas condiciones de vida saludables, asegurando la tranquilidad en el interior de las viviendas<\/strong>.<\/p>\n\n\n\n<p>Con este objetivo&nbsp;<strong>ha establecido un n\u00famero m\u00e1ximo de doce espect\u00e1culos o actividades recreativas anuales en el mismo espacio<\/strong>. Esta limitaci\u00f3n tambi\u00e9n consta en las recomendaciones de horarios, duraci\u00f3n y medidas de mejora del impacto ac\u00fastico para la realizaci\u00f3n de eventos en la v\u00eda p\u00fablica, que elabor\u00f3 la Comisi\u00f3n Barcelona Eventos del Ayuntamiento de Barcelona, el 3 de febrero de 2022.<\/p>\n\n\n\n<h3 class=\"wp-block-heading\"><strong>La convivencia de estos derechos<\/strong><\/h3>\n\n\n\n<p>Si bien es cierto que en las ciudades debemos poder vivir de forma confortable, no lo es menos que las din\u00e1micas de uso del espacio p\u00fablico pueden confrontar los intereses de la ciudadan\u00eda. Tan leg\u00edtimo es querer disfrutar de las fiestas y encuentros en la calle como querer descansar en el mismo domicilio sin sufrir el ruido que provocan estos encuentros.<\/p>\n\n\n\n<p>No podemos olvidar que la celebraci\u00f3n de actividades l\u00fadicas y los encuentros en la calle entre las personas que forman parte de una misma asociaci\u00f3n o de un mismo barrio, son eventos especiales que contribuyen a humanizar nuestro entorno y que, en definitiva, pretenden compartir valores culturales y experiencias que fomenten la unidad entre generaciones y grupos del propio territorio.<\/p>\n\n\n\n<p>Estas din\u00e1micas de uso del espacio p\u00fablico implican que&nbsp;<strong>la Administraci\u00f3n tenga que emplear esfuerzos en hacer compatible el derecho al descanso con la realizaci\u00f3n de estos encuentros vecinales<\/strong>. Por tanto, hay que velar por que se respete el n\u00famero m\u00e1ximo de doce actividades previstas por la norma, para el cumplimiento de los \u00edndices permitidos de inmisi\u00f3n ac\u00fastica, realizar un control estricto de los horarios autorizados y valorar la posibilidad de realizar cambios peri\u00f3dicos de ubicaci\u00f3n de la celebraci\u00f3n de este tipo de eventos.<\/p>\n","protected":false},"excerpt":{"rendered":"<p>La armon\u00eda entre el derecho a la cultura y el ocio relacionada con la celebraci\u00f3n de fiestas populares y el derecho al descanso del vecindario es un elemento delicado de [&hellip;]<\/p>\n","protected":false},"author":2,"featured_media":29816,"comment_status":"closed","ping_status":"closed","sticky":false,"template":"","format":"standard","meta":{"_acf_changed":false,"footnotes":""},"tags":[],"drets":[1477],"class_list":["post-29818","post","type-post","status-publish","format-standard","has-post-thumbnail","hentry","drets-ciudad-habitable-y-sostenible"],"acf":[],"yoast_head":"<!-- This site is optimized with the Yoast SEO plugin v27.5 - https:\/\/yoast.com\/product\/yoast-seo-wordpress\/ -->\n<title>La Sindicatura invita a mantener el equilibrio entre el respeto al derecho al descanso y el disfrute del derecho a la cultura - Sindicatura de Greuges de Barcelona<\/title>\n<meta name=\"robots\" content=\"index, follow, max-snippet:-1, max-image-preview:large, max-video-preview:-1\" \/>\n<link rel=\"canonical\" href=\"https:\/\/www.sindicaturabarcelona.cat\/es\/la-sindicatura-invita-a-mantener-el-equilibrio-entre-el-respeto-al-derecho-al-descanso-y-el-disfrute-del-derecho-a-la-cultura\/\" \/>\n<meta property=\"og:locale\" content=\"es_ES\" \/>\n<meta property=\"og:type\" content=\"article\" \/>\n<meta property=\"og:title\" content=\"La Sindicatura invita a mantener el equilibrio entre el respeto al derecho al descanso y el disfrute del derecho a la cultura - Sindicatura de Greuges de Barcelona\" \/>\n<meta property=\"og:description\" content=\"La armon\u00eda entre el derecho a la cultura y el ocio relacionada con la celebraci\u00f3n de fiestas populares y el derecho al descanso del vecindario es un elemento delicado de [&hellip;]\" \/>\n<meta property=\"og:url\" content=\"https:\/\/www.sindicaturabarcelona.cat\/es\/la-sindicatura-invita-a-mantener-el-equilibrio-entre-el-respeto-al-derecho-al-descanso-y-el-disfrute-del-derecho-a-la-cultura\/\" \/>\n<meta property=\"og:site_name\" content=\"Sindicatura de Greuges de Barcelona\" \/>\n<meta property=\"article:published_time\" content=\"2023-06-29T07:23:34+00:00\" \/>\n<meta property=\"article:modified_time\" content=\"2023-06-29T07:24:08+00:00\" \/>\n<meta property=\"og:image\" content=\"https:\/\/www.sindicaturabarcelona.cat\/wp-content\/uploads\/dinar-popular-de-la-festa-major-del.jpg\" \/>\n\t<meta property=\"og:image:width\" content=\"1024\" \/>\n\t<meta property=\"og:image:height\" content=\"683\" \/>\n\t<meta property=\"og:image:type\" content=\"image\/jpeg\" \/>\n<meta name=\"author\" content=\"Pablo\" \/>\n<meta name=\"twitter:card\" content=\"summary_large_image\" \/>\n<meta name=\"twitter:creator\" content=\"@sindicbarcelona\" \/>\n<meta name=\"twitter:site\" content=\"@sindicbarcelona\" \/>\n<meta name=\"twitter:label1\" content=\"Escrito por\" \/>\n\t<meta name=\"twitter:data1\" content=\"Pablo\" \/>\n\t<meta name=\"twitter:label2\" content=\"Tiempo de lectura\" \/>\n\t<meta name=\"twitter:data2\" content=\"3 minutos\" \/>\n<script type=\"application\/ld+json\" class=\"yoast-schema-graph\">{\"@context\":\"https:\\\/\\\/schema.org\",\"@graph\":[{\"@type\":\"Article\",\"@id\":\"https:\\\/\\\/www.sindicaturabarcelona.cat\\\/es\\\/la-sindicatura-invita-a-mantener-el-equilibrio-entre-el-respeto-al-derecho-al-descanso-y-el-disfrute-del-derecho-a-la-cultura\\\/#article\",\"isPartOf\":{\"@id\":\"https:\\\/\\\/www.sindicaturabarcelona.cat\\\/es\\\/la-sindicatura-invita-a-mantener-el-equilibrio-entre-el-respeto-al-derecho-al-descanso-y-el-disfrute-del-derecho-a-la-cultura\\\/\"},\"author\":{\"name\":\"Pablo\",\"@id\":\"https:\\\/\\\/www.sindicaturabarcelona.cat\\\/es\\\/#\\\/schema\\\/person\\\/0e5acffc350ffdbc97578159322c9452\"},\"headline\":\"La Sindicatura invita a mantener el equilibrio entre el respeto al derecho al descanso y el disfrute del derecho a la cultura\",\"datePublished\":\"2023-06-29T07:23:34+00:00\",\"dateModified\":\"2023-06-29T07:24:08+00:00\",\"mainEntityOfPage\":{\"@id\":\"https:\\\/\\\/www.sindicaturabarcelona.cat\\\/es\\\/la-sindicatura-invita-a-mantener-el-equilibrio-entre-el-respeto-al-derecho-al-descanso-y-el-disfrute-del-derecho-a-la-cultura\\\/\"},\"wordCount\":582,\"publisher\":{\"@id\":\"https:\\\/\\\/www.sindicaturabarcelona.cat\\\/es\\\/#organization\"},\"image\":{\"@id\":\"https:\\\/\\\/www.sindicaturabarcelona.cat\\\/es\\\/la-sindicatura-invita-a-mantener-el-equilibrio-entre-el-respeto-al-derecho-al-descanso-y-el-disfrute-del-derecho-a-la-cultura\\\/#primaryimage\"},\"thumbnailUrl\":\"https:\\\/\\\/www.sindicaturabarcelona.cat\\\/wp-content\\\/uploads\\\/dinar-popular-de-la-festa-major-del.jpg\",\"inLanguage\":\"es\"},{\"@type\":\"WebPage\",\"@id\":\"https:\\\/\\\/www.sindicaturabarcelona.cat\\\/es\\\/la-sindicatura-invita-a-mantener-el-equilibrio-entre-el-respeto-al-derecho-al-descanso-y-el-disfrute-del-derecho-a-la-cultura\\\/\",\"url\":\"https:\\\/\\\/www.sindicaturabarcelona.cat\\\/es\\\/la-sindicatura-invita-a-mantener-el-equilibrio-entre-el-respeto-al-derecho-al-descanso-y-el-disfrute-del-derecho-a-la-cultura\\\/\",\"name\":\"La Sindicatura invita a mantener el equilibrio entre el respeto al derecho al descanso y el disfrute del derecho a la cultura - Sindicatura de Greuges de Barcelona\",\"isPartOf\":{\"@id\":\"https:\\\/\\\/www.sindicaturabarcelona.cat\\\/es\\\/#website\"},\"primaryImageOfPage\":{\"@id\":\"https:\\\/\\\/www.sindicaturabarcelona.cat\\\/es\\\/la-sindicatura-invita-a-mantener-el-equilibrio-entre-el-respeto-al-derecho-al-descanso-y-el-disfrute-del-derecho-a-la-cultura\\\/#primaryimage\"},\"image\":{\"@id\":\"https:\\\/\\\/www.sindicaturabarcelona.cat\\\/es\\\/la-sindicatura-invita-a-mantener-el-equilibrio-entre-el-respeto-al-derecho-al-descanso-y-el-disfrute-del-derecho-a-la-cultura\\\/#primaryimage\"},\"thumbnailUrl\":\"https:\\\/\\\/www.sindicaturabarcelona.cat\\\/wp-content\\\/uploads\\\/dinar-popular-de-la-festa-major-del.jpg\",\"datePublished\":\"2023-06-29T07:23:34+00:00\",\"dateModified\":\"2023-06-29T07:24:08+00:00\",\"breadcrumb\":{\"@id\":\"https:\\\/\\\/www.sindicaturabarcelona.cat\\\/es\\\/la-sindicatura-invita-a-mantener-el-equilibrio-entre-el-respeto-al-derecho-al-descanso-y-el-disfrute-del-derecho-a-la-cultura\\\/#breadcrumb\"},\"inLanguage\":\"es\",\"potentialAction\":[{\"@type\":\"ReadAction\",\"target\":[\"https:\\\/\\\/www.sindicaturabarcelona.cat\\\/es\\\/la-sindicatura-invita-a-mantener-el-equilibrio-entre-el-respeto-al-derecho-al-descanso-y-el-disfrute-del-derecho-a-la-cultura\\\/\"]}]},{\"@type\":\"ImageObject\",\"inLanguage\":\"es\",\"@id\":\"https:\\\/\\\/www.sindicaturabarcelona.cat\\\/es\\\/la-sindicatura-invita-a-mantener-el-equilibrio-entre-el-respeto-al-derecho-al-descanso-y-el-disfrute-del-derecho-a-la-cultura\\\/#primaryimage\",\"url\":\"https:\\\/\\\/www.sindicaturabarcelona.cat\\\/wp-content\\\/uploads\\\/dinar-popular-de-la-festa-major-del.jpg\",\"contentUrl\":\"https:\\\/\\\/www.sindicaturabarcelona.cat\\\/wp-content\\\/uploads\\\/dinar-popular-de-la-festa-major-del.jpg\",\"width\":1024,\"height\":683,\"caption\":\"Dinar popular al barri del Raval\"},{\"@type\":\"BreadcrumbList\",\"@id\":\"https:\\\/\\\/www.sindicaturabarcelona.cat\\\/es\\\/la-sindicatura-invita-a-mantener-el-equilibrio-entre-el-respeto-al-derecho-al-descanso-y-el-disfrute-del-derecho-a-la-cultura\\\/#breadcrumb\",\"itemListElement\":[{\"@type\":\"ListItem\",\"position\":1,\"name\":\"Inici\",\"item\":\"https:\\\/\\\/www.sindicaturabarcelona.cat\\\/es\\\/\"},{\"@type\":\"ListItem\",\"position\":2,\"name\":\"La Sindicatura invita a mantener el equilibrio entre el respeto al derecho al descanso y el disfrute del derecho a la cultura\"}]},{\"@type\":\"WebSite\",\"@id\":\"https:\\\/\\\/www.sindicaturabarcelona.cat\\\/es\\\/#website\",\"url\":\"https:\\\/\\\/www.sindicaturabarcelona.cat\\\/es\\\/\",\"name\":\"Sindicatura de Greuges de Barcelona\",\"description\":\"La defensoria dels teus drets\",\"publisher\":{\"@id\":\"https:\\\/\\\/www.sindicaturabarcelona.cat\\\/es\\\/#organization\"},\"potentialAction\":[{\"@type\":\"SearchAction\",\"target\":{\"@type\":\"EntryPoint\",\"urlTemplate\":\"https:\\\/\\\/www.sindicaturabarcelona.cat\\\/es\\\/?s={search_term_string}\"},\"query-input\":{\"@type\":\"PropertyValueSpecification\",\"valueRequired\":true,\"valueName\":\"search_term_string\"}}],\"inLanguage\":\"es\"},{\"@type\":\"Organization\",\"@id\":\"https:\\\/\\\/www.sindicaturabarcelona.cat\\\/es\\\/#organization\",\"name\":\"Sindicatura de Greuges de Barcelona\",\"url\":\"https:\\\/\\\/www.sindicaturabarcelona.cat\\\/es\\\/\",\"logo\":{\"@type\":\"ImageObject\",\"inLanguage\":\"es\",\"@id\":\"https:\\\/\\\/www.sindicaturabarcelona.cat\\\/es\\\/#\\\/schema\\\/logo\\\/image\\\/\",\"url\":\"https:\\\/\\\/www.sindicaturabarcelona.cat\\\/wp-content\\\/uploads\\\/2023\\\/02\\\/logo_sindicatura.svg\",\"contentUrl\":\"https:\\\/\\\/www.sindicaturabarcelona.cat\\\/wp-content\\\/uploads\\\/2023\\\/02\\\/logo_sindicatura.svg\",\"caption\":\"Sindicatura de Greuges de Barcelona\"},\"image\":{\"@id\":\"https:\\\/\\\/www.sindicaturabarcelona.cat\\\/es\\\/#\\\/schema\\\/logo\\\/image\\\/\"},\"sameAs\":[\"https:\\\/\\\/x.com\\\/sindicbarcelona\",\"https:\\\/\\\/www.instagram.com\\\/sindicbarcelona\\\/\",\"https:\\\/\\\/www.tiktok.com\\\/@sindicaturabcn\",\"https:\\\/\\\/t.me\\\/sindicaturabarcelona\"]},{\"@type\":\"Person\",\"@id\":\"https:\\\/\\\/www.sindicaturabarcelona.cat\\\/es\\\/#\\\/schema\\\/person\\\/0e5acffc350ffdbc97578159322c9452\",\"name\":\"Pablo\",\"image\":{\"@type\":\"ImageObject\",\"inLanguage\":\"es\",\"@id\":\"https:\\\/\\\/secure.gravatar.com\\\/avatar\\\/c948169b402ef9492afde705c3dfd5e90e1a6a84ef6840a91124f805a25a480f?s=96&d=mm&r=g\",\"url\":\"https:\\\/\\\/secure.gravatar.com\\\/avatar\\\/c948169b402ef9492afde705c3dfd5e90e1a6a84ef6840a91124f805a25a480f?s=96&d=mm&r=g\",\"contentUrl\":\"https:\\\/\\\/secure.gravatar.com\\\/avatar\\\/c948169b402ef9492afde705c3dfd5e90e1a6a84ef6840a91124f805a25a480f?s=96&d=mm&r=g\",\"caption\":\"Pablo\"},\"url\":\"https:\\\/\\\/www.sindicaturabarcelona.cat\\\/es\\\/author\\\/pablo\\\/\"}]}<\/script>\n<!-- \/ Yoast SEO plugin. -->","yoast_head_json":{"title":"La Sindicatura invita a mantener el equilibrio entre el respeto al derecho al descanso y el disfrute del derecho a la cultura - Sindicatura de Greuges de Barcelona","robots":{"index":"index","follow":"follow","max-snippet":"max-snippet:-1","max-image-preview":"max-image-preview:large","max-video-preview":"max-video-preview:-1"},"canonical":"https:\/\/www.sindicaturabarcelona.cat\/es\/la-sindicatura-invita-a-mantener-el-equilibrio-entre-el-respeto-al-derecho-al-descanso-y-el-disfrute-del-derecho-a-la-cultura\/","og_locale":"es_ES","og_type":"article","og_title":"La Sindicatura invita a mantener el equilibrio entre el respeto al derecho al descanso y el disfrute del derecho a la cultura - Sindicatura de Greuges de Barcelona","og_description":"La armon\u00eda entre el derecho a la cultura y el ocio relacionada con la celebraci\u00f3n de fiestas populares y el derecho al descanso del vecindario es un elemento delicado de [&hellip;]","og_url":"https:\/\/www.sindicaturabarcelona.cat\/es\/la-sindicatura-invita-a-mantener-el-equilibrio-entre-el-respeto-al-derecho-al-descanso-y-el-disfrute-del-derecho-a-la-cultura\/","og_site_name":"Sindicatura de Greuges de Barcelona","article_published_time":"2023-06-29T07:23:34+00:00","article_modified_time":"2023-06-29T07:24:08+00:00","og_image":[{"width":1024,"height":683,"url":"https:\/\/www.sindicaturabarcelona.cat\/wp-content\/uploads\/dinar-popular-de-la-festa-major-del.jpg","type":"image\/jpeg"}],"author":"Pablo","twitter_card":"summary_large_image","twitter_creator":"@sindicbarcelona","twitter_site":"@sindicbarcelona","twitter_misc":{"Escrito por":"Pablo","Tiempo de lectura":"3 minutos"},"schema":{"@context":"https:\/\/schema.org","@graph":[{"@type":"Article","@id":"https:\/\/www.sindicaturabarcelona.cat\/es\/la-sindicatura-invita-a-mantener-el-equilibrio-entre-el-respeto-al-derecho-al-descanso-y-el-disfrute-del-derecho-a-la-cultura\/#article","isPartOf":{"@id":"https:\/\/www.sindicaturabarcelona.cat\/es\/la-sindicatura-invita-a-mantener-el-equilibrio-entre-el-respeto-al-derecho-al-descanso-y-el-disfrute-del-derecho-a-la-cultura\/"},"author":{"name":"Pablo","@id":"https:\/\/www.sindicaturabarcelona.cat\/es\/#\/schema\/person\/0e5acffc350ffdbc97578159322c9452"},"headline":"La Sindicatura invita a mantener el equilibrio entre el respeto al derecho al descanso y el disfrute del derecho a la cultura","datePublished":"2023-06-29T07:23:34+00:00","dateModified":"2023-06-29T07:24:08+00:00","mainEntityOfPage":{"@id":"https:\/\/www.sindicaturabarcelona.cat\/es\/la-sindicatura-invita-a-mantener-el-equilibrio-entre-el-respeto-al-derecho-al-descanso-y-el-disfrute-del-derecho-a-la-cultura\/"},"wordCount":582,"publisher":{"@id":"https:\/\/www.sindicaturabarcelona.cat\/es\/#organization"},"image":{"@id":"https:\/\/www.sindicaturabarcelona.cat\/es\/la-sindicatura-invita-a-mantener-el-equilibrio-entre-el-respeto-al-derecho-al-descanso-y-el-disfrute-del-derecho-a-la-cultura\/#primaryimage"},"thumbnailUrl":"https:\/\/www.sindicaturabarcelona.cat\/wp-content\/uploads\/dinar-popular-de-la-festa-major-del.jpg","inLanguage":"es"},{"@type":"WebPage","@id":"https:\/\/www.sindicaturabarcelona.cat\/es\/la-sindicatura-invita-a-mantener-el-equilibrio-entre-el-respeto-al-derecho-al-descanso-y-el-disfrute-del-derecho-a-la-cultura\/","url":"https:\/\/www.sindicaturabarcelona.cat\/es\/la-sindicatura-invita-a-mantener-el-equilibrio-entre-el-respeto-al-derecho-al-descanso-y-el-disfrute-del-derecho-a-la-cultura\/","name":"La Sindicatura invita a mantener el equilibrio entre el respeto al derecho al descanso y el disfrute del derecho a la cultura - Sindicatura de Greuges de Barcelona","isPartOf":{"@id":"https:\/\/www.sindicaturabarcelona.cat\/es\/#website"},"primaryImageOfPage":{"@id":"https:\/\/www.sindicaturabarcelona.cat\/es\/la-sindicatura-invita-a-mantener-el-equilibrio-entre-el-respeto-al-derecho-al-descanso-y-el-disfrute-del-derecho-a-la-cultura\/#primaryimage"},"image":{"@id":"https:\/\/www.sindicaturabarcelona.cat\/es\/la-sindicatura-invita-a-mantener-el-equilibrio-entre-el-respeto-al-derecho-al-descanso-y-el-disfrute-del-derecho-a-la-cultura\/#primaryimage"},"thumbnailUrl":"https:\/\/www.sindicaturabarcelona.cat\/wp-content\/uploads\/dinar-popular-de-la-festa-major-del.jpg","datePublished":"2023-06-29T07:23:34+00:00","dateModified":"2023-06-29T07:24:08+00:00","breadcrumb":{"@id":"https:\/\/www.sindicaturabarcelona.cat\/es\/la-sindicatura-invita-a-mantener-el-equilibrio-entre-el-respeto-al-derecho-al-descanso-y-el-disfrute-del-derecho-a-la-cultura\/#breadcrumb"},"inLanguage":"es","potentialAction":[{"@type":"ReadAction","target":["https:\/\/www.sindicaturabarcelona.cat\/es\/la-sindicatura-invita-a-mantener-el-equilibrio-entre-el-respeto-al-derecho-al-descanso-y-el-disfrute-del-derecho-a-la-cultura\/"]}]},{"@type":"ImageObject","inLanguage":"es","@id":"https:\/\/www.sindicaturabarcelona.cat\/es\/la-sindicatura-invita-a-mantener-el-equilibrio-entre-el-respeto-al-derecho-al-descanso-y-el-disfrute-del-derecho-a-la-cultura\/#primaryimage","url":"https:\/\/www.sindicaturabarcelona.cat\/wp-content\/uploads\/dinar-popular-de-la-festa-major-del.jpg","contentUrl":"https:\/\/www.sindicaturabarcelona.cat\/wp-content\/uploads\/dinar-popular-de-la-festa-major-del.jpg","width":1024,"height":683,"caption":"Dinar popular al barri del Raval"},{"@type":"BreadcrumbList","@id":"https:\/\/www.sindicaturabarcelona.cat\/es\/la-sindicatura-invita-a-mantener-el-equilibrio-entre-el-respeto-al-derecho-al-descanso-y-el-disfrute-del-derecho-a-la-cultura\/#breadcrumb","itemListElement":[{"@type":"ListItem","position":1,"name":"Inici","item":"https:\/\/www.sindicaturabarcelona.cat\/es\/"},{"@type":"ListItem","position":2,"name":"La Sindicatura invita a mantener el equilibrio entre el respeto al derecho al descanso y el disfrute del derecho a la cultura"}]},{"@type":"WebSite","@id":"https:\/\/www.sindicaturabarcelona.cat\/es\/#website","url":"https:\/\/www.sindicaturabarcelona.cat\/es\/","name":"Sindicatura de Greuges de Barcelona","description":"La defensoria dels teus drets","publisher":{"@id":"https:\/\/www.sindicaturabarcelona.cat\/es\/#organization"},"potentialAction":[{"@type":"SearchAction","target":{"@type":"EntryPoint","urlTemplate":"https:\/\/www.sindicaturabarcelona.cat\/es\/?s={search_term_string}"},"query-input":{"@type":"PropertyValueSpecification","valueRequired":true,"valueName":"search_term_string"}}],"inLanguage":"es"},{"@type":"Organization","@id":"https:\/\/www.sindicaturabarcelona.cat\/es\/#organization","name":"Sindicatura de Greuges de Barcelona","url":"https:\/\/www.sindicaturabarcelona.cat\/es\/","logo":{"@type":"ImageObject","inLanguage":"es","@id":"https:\/\/www.sindicaturabarcelona.cat\/es\/#\/schema\/logo\/image\/","url":"https:\/\/www.sindicaturabarcelona.cat\/wp-content\/uploads\/2023\/02\/logo_sindicatura.svg","contentUrl":"https:\/\/www.sindicaturabarcelona.cat\/wp-content\/uploads\/2023\/02\/logo_sindicatura.svg","caption":"Sindicatura de Greuges de Barcelona"},"image":{"@id":"https:\/\/www.sindicaturabarcelona.cat\/es\/#\/schema\/logo\/image\/"},"sameAs":["https:\/\/x.com\/sindicbarcelona","https:\/\/www.instagram.com\/sindicbarcelona\/","https:\/\/www.tiktok.com\/@sindicaturabcn","https:\/\/t.me\/sindicaturabarcelona"]},{"@type":"Person","@id":"https:\/\/www.sindicaturabarcelona.cat\/es\/#\/schema\/person\/0e5acffc350ffdbc97578159322c9452","name":"Pablo","image":{"@type":"ImageObject","inLanguage":"es","@id":"https:\/\/secure.gravatar.com\/avatar\/c948169b402ef9492afde705c3dfd5e90e1a6a84ef6840a91124f805a25a480f?s=96&d=mm&r=g","url":"https:\/\/secure.gravatar.com\/avatar\/c948169b402ef9492afde705c3dfd5e90e1a6a84ef6840a91124f805a25a480f?s=96&d=mm&r=g","contentUrl":"https:\/\/secure.gravatar.com\/avatar\/c948169b402ef9492afde705c3dfd5e90e1a6a84ef6840a91124f805a25a480f?s=96&d=mm&r=g","caption":"Pablo"},"url":"https:\/\/www.sindicaturabarcelona.cat\/es\/author\/pablo\/"}]}},"_links":{"self":[{"href":"https:\/\/www.sindicaturabarcelona.cat\/es\/wp-json\/wp\/v2\/posts\/29818","targetHints":{"allow":["GET"]}}],"collection":[{"href":"https:\/\/www.sindicaturabarcelona.cat\/es\/wp-json\/wp\/v2\/posts"}],"about":[{"href":"https:\/\/www.sindicaturabarcelona.cat\/es\/wp-json\/wp\/v2\/types\/post"}],"author":[{"embeddable":true,"href":"https:\/\/www.sindicaturabarcelona.cat\/es\/wp-json\/wp\/v2\/users\/2"}],"replies":[{"embeddable":true,"href":"https:\/\/www.sindicaturabarcelona.cat\/es\/wp-json\/wp\/v2\/comments?post=29818"}],"version-history":[{"count":1,"href":"https:\/\/www.sindicaturabarcelona.cat\/es\/wp-json\/wp\/v2\/posts\/29818\/revisions"}],"predecessor-version":[{"id":29819,"href":"https:\/\/www.sindicaturabarcelona.cat\/es\/wp-json\/wp\/v2\/posts\/29818\/revisions\/29819"}],"wp:featuredmedia":[{"embeddable":true,"href":"https:\/\/www.sindicaturabarcelona.cat\/es\/wp-json\/wp\/v2\/media\/29816"}],"wp:attachment":[{"href":"https:\/\/www.sindicaturabarcelona.cat\/es\/wp-json\/wp\/v2\/media?parent=29818"}],"wp:term":[{"taxonomy":"post_tag","embeddable":true,"href":"https:\/\/www.sindicaturabarcelona.cat\/es\/wp-json\/wp\/v2\/tags?post=29818"},{"taxonomy":"drets","embeddable":true,"href":"https:\/\/www.sindicaturabarcelona.cat\/es\/wp-json\/wp\/v2\/drets?post=29818"}],"curies":[{"name":"wp","href":"https:\/\/api.w.org\/{rel}","templated":true}]}}