{"id":29429,"date":"2023-06-08T12:13:40","date_gmt":"2023-06-08T10:13:40","guid":{"rendered":"https:\/\/www.sindicaturabarcelona.cat\/?p=29429"},"modified":"2023-06-15T12:19:48","modified_gmt":"2023-06-15T10:19:48","slug":"la-sindicatura-pide-un-mayor-control-por-el-uso-de-bicicletas-en-collserola","status":"publish","type":"post","link":"https:\/\/www.sindicaturabarcelona.cat\/es\/la-sindicatura-pide-un-mayor-control-por-el-uso-de-bicicletas-en-collserola\/","title":{"rendered":"La Sindicatura pide un mayor control por el uso de bicicletas en Collserola"},"content":{"rendered":"\n<p><strong>El uso de bicicletas en el Parque Natural de Collserola est\u00e1 regulado y limitado por diferentes ordenanzas.<\/strong> Pero estas limitaciones no siempre se respetan, como apunta la queja de un ciudadano en la Sindicatura de Greuges de Barcelona.<\/p>\n\n\n\n<p>A continuaci\u00f3n detallamos los usos permitidos de bicicletas en el Parque de Collserola y las recomendaciones de la Sindicatura al respecto de esta pr\u00e1ctica para garantizar el derecho al medio ambiente ya una convivencia pac\u00edfica.<\/p>\n\n\n\n<h2 class=\"wp-block-heading has-medium-font-size\"><strong>\u00bfQu\u00e9 uso se puede hacer de la bicicleta en Collserola?<\/strong><\/h2>\n\n\n\n<p><strong>Las <a href=\"https:\/\/parcnaturalcollserola.cat\/normativa-i-ordenances\/\" class=\"ek-link\">ordenanzas del Parque de Collserola<\/a> se\u00f1ala unas pautas de comportamiento para hacer compatible el uso de la bicicleta con el uso a pie del parque y la protecci\u00f3n del patrimonio natural del parque<\/strong>. Este texto establece por la circulaci\u00f3n en bicicleta en el parque las siguientes normas:<\/p>\n\n\n\n<ol class=\"wp-block-list\" type=\"1\">\n<li>S\u00f3lo se podr\u00e1 circular en bicicleta por los itinerarios y pistas se\u00f1alizados a tal efecto: v\u00edas principales, pistas forestales y caminos de paseo con una anchura de m\u00e1s de tres metros.<\/li>\n\n\n\n<li>Queda expresamente prohibido circular en bicicleta por senderos, rieras, campos a trav\u00e9s, caminos de anchura inferior a tres metros y v\u00edas especializadas para otros usos.<\/li>\n\n\n\n<li>En ning\u00fan caso se podr\u00e1 circular a una velocidad superior a los 20 km\/h ni organizar o llevar a cabo carreras ciclistas.<\/li>\n\n\n\n<li>Los ciclistas que circulen por las v\u00edas del Parque tienen la obligaci\u00f3n de respetar a los peatones, sin ocasionarles molestias y respetando su preferencia.&lt; \/li&gt;<\/li>\n<\/ol>\n\n\n\n<h3 class=\"wp-block-heading has-medium-font-size\"><strong>Sanciones por uso inadecuado de la bicicleta en Collserola y recomendaciones de la Sindicatura<\/strong><\/h3>\n\n\n\n<p>La sanci\u00f3n del incumplimiento de estas normas requiere, sin embargo, que los nueve municipios de los que forma parte el Parque Natural de Collserola incorporen facultades sancionadoras que permitan corregir actuaciones ilegales o prohibidas en cuanto al uso de la misma bicicleta en el Parque.<\/p>\n\n\n\n<p>Aunque la Asamblea General del Consorcio del Parque Natural de la Sierra de Collserola aprob\u00f3 el Marco sancionador de las ordenanzas sobre el uso de la bicicleta en el Parque, <strong>no todos los municipios han incorporado facultades sancionadoras, dificultando la imposici\u00f3n de multas a las que incumple la normativa establecida<\/strong>.<\/p>\n\n\n\n<p>Dentro del Parque de Collserola hay una serie de paseos, itinerarios y recorridos, tanto para andar como para ir en bicicleta, y todos ellos est\u00e1n se\u00f1alizados con los correspondientes indicadores. <strong>Actualmente el Parque de Collserola tiene m\u00e1s de 250 Km aptos para el uso ciclista<\/strong>, pero <strong>aun as\u00ed se observa un uso inadecuado de itinerarios prohibidos en la circulaci\u00f3n de bicicletas<\/strong>. Lo que tiene un impacto negativo sobre el medio ambiente y sobre la convivencia ciudadana.<\/p>\n\n\n\n<p>Por tanto, <strong>una de las principales recomendaciones de la Sindicatura para asegurar que se mantiene el parque y la convivencia en este espacio pasa por una mejora de la coordinaci\u00f3n entre el Consorcio y los ayuntamientos que forman parte del mismo <\/strong>, trabajando para detectar cu\u00e1les son los puntos m\u00e1s conflictivos y d\u00f3nde se cometen a menudo infracciones, y c\u00f3mo evitarlas.<\/p>\n","protected":false},"excerpt":{"rendered":"<p>El uso de bicicletas en el Parque Natural de Collserola est\u00e1 regulado y limitado por diferentes ordenanzas. Pero estas limitaciones no siempre se respetan, como apunta la queja de un [&hellip;]<\/p>\n","protected":false},"author":2,"featured_media":29427,"comment_status":"closed","ping_status":"closed","sticky":false,"template":"","format":"standard","meta":{"_acf_changed":false,"footnotes":""},"tags":[],"drets":[1477],"class_list":["post-29429","post","type-post","status-publish","format-standard","has-post-thumbnail","hentry","drets-ciudad-habitable-y-sostenible"],"acf":[],"yoast_head":"<!-- This site is optimized with the Yoast SEO plugin v27.5 - https:\/\/yoast.com\/product\/yoast-seo-wordpress\/ -->\n<title>La Sindicatura pide un mayor control por el uso de bicicletas en Collserola - Sindicatura de Greuges de Barcelona<\/title>\n<meta name=\"robots\" content=\"index, follow, max-snippet:-1, max-image-preview:large, max-video-preview:-1\" \/>\n<link rel=\"canonical\" href=\"https:\/\/www.sindicaturabarcelona.cat\/es\/la-sindicatura-pide-un-mayor-control-por-el-uso-de-bicicletas-en-collserola\/\" \/>\n<meta property=\"og:locale\" content=\"es_ES\" \/>\n<meta property=\"og:type\" content=\"article\" \/>\n<meta property=\"og:title\" content=\"La Sindicatura pide un mayor control por el uso de bicicletas en Collserola - Sindicatura de Greuges de Barcelona\" \/>\n<meta property=\"og:description\" content=\"El uso de bicicletas en el Parque Natural de Collserola est\u00e1 regulado y limitado por diferentes ordenanzas. Pero estas limitaciones no siempre se respetan, como apunta la queja de un [&hellip;]\" \/>\n<meta property=\"og:url\" content=\"https:\/\/www.sindicaturabarcelona.cat\/es\/la-sindicatura-pide-un-mayor-control-por-el-uso-de-bicicletas-en-collserola\/\" \/>\n<meta property=\"og:site_name\" content=\"Sindicatura de Greuges de Barcelona\" \/>\n<meta property=\"article:published_time\" content=\"2023-06-08T10:13:40+00:00\" \/>\n<meta property=\"article:modified_time\" content=\"2023-06-15T10:19:48+00:00\" \/>\n<meta property=\"og:image\" content=\"https:\/\/www.sindicaturabarcelona.cat\/wp-content\/uploads\/zones-forestals-de-collserola-muntanya.jpg\" \/>\n\t<meta property=\"og:image:width\" content=\"1024\" \/>\n\t<meta property=\"og:image:height\" content=\"680\" \/>\n\t<meta property=\"og:image:type\" content=\"image\/jpeg\" \/>\n<meta name=\"author\" content=\"Pablo\" \/>\n<meta name=\"twitter:card\" content=\"summary_large_image\" \/>\n<meta name=\"twitter:creator\" content=\"@sindicbarcelona\" \/>\n<meta name=\"twitter:site\" content=\"@sindicbarcelona\" \/>\n<meta name=\"twitter:label1\" content=\"Escrito por\" \/>\n\t<meta name=\"twitter:data1\" content=\"Pablo\" \/>\n\t<meta name=\"twitter:label2\" content=\"Tiempo de lectura\" \/>\n\t<meta name=\"twitter:data2\" content=\"3 minutos\" \/>\n<script type=\"application\/ld+json\" class=\"yoast-schema-graph\">{\"@context\":\"https:\\\/\\\/schema.org\",\"@graph\":[{\"@type\":\"Article\",\"@id\":\"https:\\\/\\\/www.sindicaturabarcelona.cat\\\/es\\\/la-sindicatura-pide-un-mayor-control-por-el-uso-de-bicicletas-en-collserola\\\/#article\",\"isPartOf\":{\"@id\":\"https:\\\/\\\/www.sindicaturabarcelona.cat\\\/es\\\/la-sindicatura-pide-un-mayor-control-por-el-uso-de-bicicletas-en-collserola\\\/\"},\"author\":{\"name\":\"Pablo\",\"@id\":\"https:\\\/\\\/www.sindicaturabarcelona.cat\\\/es\\\/#\\\/schema\\\/person\\\/0e5acffc350ffdbc97578159322c9452\"},\"headline\":\"La Sindicatura pide un mayor control por el uso de bicicletas en Collserola\",\"datePublished\":\"2023-06-08T10:13:40+00:00\",\"dateModified\":\"2023-06-15T10:19:48+00:00\",\"mainEntityOfPage\":{\"@id\":\"https:\\\/\\\/www.sindicaturabarcelona.cat\\\/es\\\/la-sindicatura-pide-un-mayor-control-por-el-uso-de-bicicletas-en-collserola\\\/\"},\"wordCount\":519,\"publisher\":{\"@id\":\"https:\\\/\\\/www.sindicaturabarcelona.cat\\\/es\\\/#organization\"},\"image\":{\"@id\":\"https:\\\/\\\/www.sindicaturabarcelona.cat\\\/es\\\/la-sindicatura-pide-un-mayor-control-por-el-uso-de-bicicletas-en-collserola\\\/#primaryimage\"},\"thumbnailUrl\":\"https:\\\/\\\/www.sindicaturabarcelona.cat\\\/wp-content\\\/uploads\\\/zones-forestals-de-collserola-muntanya.jpg\",\"inLanguage\":\"es\"},{\"@type\":\"WebPage\",\"@id\":\"https:\\\/\\\/www.sindicaturabarcelona.cat\\\/es\\\/la-sindicatura-pide-un-mayor-control-por-el-uso-de-bicicletas-en-collserola\\\/\",\"url\":\"https:\\\/\\\/www.sindicaturabarcelona.cat\\\/es\\\/la-sindicatura-pide-un-mayor-control-por-el-uso-de-bicicletas-en-collserola\\\/\",\"name\":\"La Sindicatura pide un mayor control por el uso de bicicletas en Collserola - Sindicatura de Greuges de Barcelona\",\"isPartOf\":{\"@id\":\"https:\\\/\\\/www.sindicaturabarcelona.cat\\\/es\\\/#website\"},\"primaryImageOfPage\":{\"@id\":\"https:\\\/\\\/www.sindicaturabarcelona.cat\\\/es\\\/la-sindicatura-pide-un-mayor-control-por-el-uso-de-bicicletas-en-collserola\\\/#primaryimage\"},\"image\":{\"@id\":\"https:\\\/\\\/www.sindicaturabarcelona.cat\\\/es\\\/la-sindicatura-pide-un-mayor-control-por-el-uso-de-bicicletas-en-collserola\\\/#primaryimage\"},\"thumbnailUrl\":\"https:\\\/\\\/www.sindicaturabarcelona.cat\\\/wp-content\\\/uploads\\\/zones-forestals-de-collserola-muntanya.jpg\",\"datePublished\":\"2023-06-08T10:13:40+00:00\",\"dateModified\":\"2023-06-15T10:19:48+00:00\",\"breadcrumb\":{\"@id\":\"https:\\\/\\\/www.sindicaturabarcelona.cat\\\/es\\\/la-sindicatura-pide-un-mayor-control-por-el-uso-de-bicicletas-en-collserola\\\/#breadcrumb\"},\"inLanguage\":\"es\",\"potentialAction\":[{\"@type\":\"ReadAction\",\"target\":[\"https:\\\/\\\/www.sindicaturabarcelona.cat\\\/es\\\/la-sindicatura-pide-un-mayor-control-por-el-uso-de-bicicletas-en-collserola\\\/\"]}]},{\"@type\":\"ImageObject\",\"inLanguage\":\"es\",\"@id\":\"https:\\\/\\\/www.sindicaturabarcelona.cat\\\/es\\\/la-sindicatura-pide-un-mayor-control-por-el-uso-de-bicicletas-en-collserola\\\/#primaryimage\",\"url\":\"https:\\\/\\\/www.sindicaturabarcelona.cat\\\/wp-content\\\/uploads\\\/zones-forestals-de-collserola-muntanya.jpg\",\"contentUrl\":\"https:\\\/\\\/www.sindicaturabarcelona.cat\\\/wp-content\\\/uploads\\\/zones-forestals-de-collserola-muntanya.jpg\",\"width\":1024,\"height\":680,\"caption\":\"Imatge de zona forestal de Collserola\"},{\"@type\":\"BreadcrumbList\",\"@id\":\"https:\\\/\\\/www.sindicaturabarcelona.cat\\\/es\\\/la-sindicatura-pide-un-mayor-control-por-el-uso-de-bicicletas-en-collserola\\\/#breadcrumb\",\"itemListElement\":[{\"@type\":\"ListItem\",\"position\":1,\"name\":\"Inici\",\"item\":\"https:\\\/\\\/www.sindicaturabarcelona.cat\\\/es\\\/\"},{\"@type\":\"ListItem\",\"position\":2,\"name\":\"La Sindicatura pide un mayor control por el uso de bicicletas en Collserola\"}]},{\"@type\":\"WebSite\",\"@id\":\"https:\\\/\\\/www.sindicaturabarcelona.cat\\\/es\\\/#website\",\"url\":\"https:\\\/\\\/www.sindicaturabarcelona.cat\\\/es\\\/\",\"name\":\"Sindicatura de Greuges de Barcelona\",\"description\":\"La defensoria dels teus drets\",\"publisher\":{\"@id\":\"https:\\\/\\\/www.sindicaturabarcelona.cat\\\/es\\\/#organization\"},\"potentialAction\":[{\"@type\":\"SearchAction\",\"target\":{\"@type\":\"EntryPoint\",\"urlTemplate\":\"https:\\\/\\\/www.sindicaturabarcelona.cat\\\/es\\\/?s={search_term_string}\"},\"query-input\":{\"@type\":\"PropertyValueSpecification\",\"valueRequired\":true,\"valueName\":\"search_term_string\"}}],\"inLanguage\":\"es\"},{\"@type\":\"Organization\",\"@id\":\"https:\\\/\\\/www.sindicaturabarcelona.cat\\\/es\\\/#organization\",\"name\":\"Sindicatura de Greuges de Barcelona\",\"url\":\"https:\\\/\\\/www.sindicaturabarcelona.cat\\\/es\\\/\",\"logo\":{\"@type\":\"ImageObject\",\"inLanguage\":\"es\",\"@id\":\"https:\\\/\\\/www.sindicaturabarcelona.cat\\\/es\\\/#\\\/schema\\\/logo\\\/image\\\/\",\"url\":\"https:\\\/\\\/www.sindicaturabarcelona.cat\\\/wp-content\\\/uploads\\\/2023\\\/02\\\/logo_sindicatura.svg\",\"contentUrl\":\"https:\\\/\\\/www.sindicaturabarcelona.cat\\\/wp-content\\\/uploads\\\/2023\\\/02\\\/logo_sindicatura.svg\",\"caption\":\"Sindicatura de Greuges de Barcelona\"},\"image\":{\"@id\":\"https:\\\/\\\/www.sindicaturabarcelona.cat\\\/es\\\/#\\\/schema\\\/logo\\\/image\\\/\"},\"sameAs\":[\"https:\\\/\\\/x.com\\\/sindicbarcelona\",\"https:\\\/\\\/www.instagram.com\\\/sindicbarcelona\\\/\",\"https:\\\/\\\/www.tiktok.com\\\/@sindicaturabcn\",\"https:\\\/\\\/t.me\\\/sindicaturabarcelona\"]},{\"@type\":\"Person\",\"@id\":\"https:\\\/\\\/www.sindicaturabarcelona.cat\\\/es\\\/#\\\/schema\\\/person\\\/0e5acffc350ffdbc97578159322c9452\",\"name\":\"Pablo\",\"image\":{\"@type\":\"ImageObject\",\"inLanguage\":\"es\",\"@id\":\"https:\\\/\\\/secure.gravatar.com\\\/avatar\\\/c948169b402ef9492afde705c3dfd5e90e1a6a84ef6840a91124f805a25a480f?s=96&d=mm&r=g\",\"url\":\"https:\\\/\\\/secure.gravatar.com\\\/avatar\\\/c948169b402ef9492afde705c3dfd5e90e1a6a84ef6840a91124f805a25a480f?s=96&d=mm&r=g\",\"contentUrl\":\"https:\\\/\\\/secure.gravatar.com\\\/avatar\\\/c948169b402ef9492afde705c3dfd5e90e1a6a84ef6840a91124f805a25a480f?s=96&d=mm&r=g\",\"caption\":\"Pablo\"},\"url\":\"https:\\\/\\\/www.sindicaturabarcelona.cat\\\/es\\\/author\\\/pablo\\\/\"}]}<\/script>\n<!-- \/ Yoast SEO plugin. -->","yoast_head_json":{"title":"La Sindicatura pide un mayor control por el uso de bicicletas en Collserola - Sindicatura de Greuges de Barcelona","robots":{"index":"index","follow":"follow","max-snippet":"max-snippet:-1","max-image-preview":"max-image-preview:large","max-video-preview":"max-video-preview:-1"},"canonical":"https:\/\/www.sindicaturabarcelona.cat\/es\/la-sindicatura-pide-un-mayor-control-por-el-uso-de-bicicletas-en-collserola\/","og_locale":"es_ES","og_type":"article","og_title":"La Sindicatura pide un mayor control por el uso de bicicletas en Collserola - Sindicatura de Greuges de Barcelona","og_description":"El uso de bicicletas en el Parque Natural de Collserola est\u00e1 regulado y limitado por diferentes ordenanzas. Pero estas limitaciones no siempre se respetan, como apunta la queja de un [&hellip;]","og_url":"https:\/\/www.sindicaturabarcelona.cat\/es\/la-sindicatura-pide-un-mayor-control-por-el-uso-de-bicicletas-en-collserola\/","og_site_name":"Sindicatura de Greuges de Barcelona","article_published_time":"2023-06-08T10:13:40+00:00","article_modified_time":"2023-06-15T10:19:48+00:00","og_image":[{"width":1024,"height":680,"url":"https:\/\/www.sindicaturabarcelona.cat\/wp-content\/uploads\/zones-forestals-de-collserola-muntanya.jpg","type":"image\/jpeg"}],"author":"Pablo","twitter_card":"summary_large_image","twitter_creator":"@sindicbarcelona","twitter_site":"@sindicbarcelona","twitter_misc":{"Escrito por":"Pablo","Tiempo de lectura":"3 minutos"},"schema":{"@context":"https:\/\/schema.org","@graph":[{"@type":"Article","@id":"https:\/\/www.sindicaturabarcelona.cat\/es\/la-sindicatura-pide-un-mayor-control-por-el-uso-de-bicicletas-en-collserola\/#article","isPartOf":{"@id":"https:\/\/www.sindicaturabarcelona.cat\/es\/la-sindicatura-pide-un-mayor-control-por-el-uso-de-bicicletas-en-collserola\/"},"author":{"name":"Pablo","@id":"https:\/\/www.sindicaturabarcelona.cat\/es\/#\/schema\/person\/0e5acffc350ffdbc97578159322c9452"},"headline":"La Sindicatura pide un mayor control por el uso de bicicletas en Collserola","datePublished":"2023-06-08T10:13:40+00:00","dateModified":"2023-06-15T10:19:48+00:00","mainEntityOfPage":{"@id":"https:\/\/www.sindicaturabarcelona.cat\/es\/la-sindicatura-pide-un-mayor-control-por-el-uso-de-bicicletas-en-collserola\/"},"wordCount":519,"publisher":{"@id":"https:\/\/www.sindicaturabarcelona.cat\/es\/#organization"},"image":{"@id":"https:\/\/www.sindicaturabarcelona.cat\/es\/la-sindicatura-pide-un-mayor-control-por-el-uso-de-bicicletas-en-collserola\/#primaryimage"},"thumbnailUrl":"https:\/\/www.sindicaturabarcelona.cat\/wp-content\/uploads\/zones-forestals-de-collserola-muntanya.jpg","inLanguage":"es"},{"@type":"WebPage","@id":"https:\/\/www.sindicaturabarcelona.cat\/es\/la-sindicatura-pide-un-mayor-control-por-el-uso-de-bicicletas-en-collserola\/","url":"https:\/\/www.sindicaturabarcelona.cat\/es\/la-sindicatura-pide-un-mayor-control-por-el-uso-de-bicicletas-en-collserola\/","name":"La Sindicatura pide un mayor control por el uso de bicicletas en Collserola - Sindicatura de Greuges de Barcelona","isPartOf":{"@id":"https:\/\/www.sindicaturabarcelona.cat\/es\/#website"},"primaryImageOfPage":{"@id":"https:\/\/www.sindicaturabarcelona.cat\/es\/la-sindicatura-pide-un-mayor-control-por-el-uso-de-bicicletas-en-collserola\/#primaryimage"},"image":{"@id":"https:\/\/www.sindicaturabarcelona.cat\/es\/la-sindicatura-pide-un-mayor-control-por-el-uso-de-bicicletas-en-collserola\/#primaryimage"},"thumbnailUrl":"https:\/\/www.sindicaturabarcelona.cat\/wp-content\/uploads\/zones-forestals-de-collserola-muntanya.jpg","datePublished":"2023-06-08T10:13:40+00:00","dateModified":"2023-06-15T10:19:48+00:00","breadcrumb":{"@id":"https:\/\/www.sindicaturabarcelona.cat\/es\/la-sindicatura-pide-un-mayor-control-por-el-uso-de-bicicletas-en-collserola\/#breadcrumb"},"inLanguage":"es","potentialAction":[{"@type":"ReadAction","target":["https:\/\/www.sindicaturabarcelona.cat\/es\/la-sindicatura-pide-un-mayor-control-por-el-uso-de-bicicletas-en-collserola\/"]}]},{"@type":"ImageObject","inLanguage":"es","@id":"https:\/\/www.sindicaturabarcelona.cat\/es\/la-sindicatura-pide-un-mayor-control-por-el-uso-de-bicicletas-en-collserola\/#primaryimage","url":"https:\/\/www.sindicaturabarcelona.cat\/wp-content\/uploads\/zones-forestals-de-collserola-muntanya.jpg","contentUrl":"https:\/\/www.sindicaturabarcelona.cat\/wp-content\/uploads\/zones-forestals-de-collserola-muntanya.jpg","width":1024,"height":680,"caption":"Imatge de zona forestal de Collserola"},{"@type":"BreadcrumbList","@id":"https:\/\/www.sindicaturabarcelona.cat\/es\/la-sindicatura-pide-un-mayor-control-por-el-uso-de-bicicletas-en-collserola\/#breadcrumb","itemListElement":[{"@type":"ListItem","position":1,"name":"Inici","item":"https:\/\/www.sindicaturabarcelona.cat\/es\/"},{"@type":"ListItem","position":2,"name":"La Sindicatura pide un mayor control por el uso de bicicletas en Collserola"}]},{"@type":"WebSite","@id":"https:\/\/www.sindicaturabarcelona.cat\/es\/#website","url":"https:\/\/www.sindicaturabarcelona.cat\/es\/","name":"Sindicatura de Greuges de Barcelona","description":"La defensoria dels teus drets","publisher":{"@id":"https:\/\/www.sindicaturabarcelona.cat\/es\/#organization"},"potentialAction":[{"@type":"SearchAction","target":{"@type":"EntryPoint","urlTemplate":"https:\/\/www.sindicaturabarcelona.cat\/es\/?s={search_term_string}"},"query-input":{"@type":"PropertyValueSpecification","valueRequired":true,"valueName":"search_term_string"}}],"inLanguage":"es"},{"@type":"Organization","@id":"https:\/\/www.sindicaturabarcelona.cat\/es\/#organization","name":"Sindicatura de Greuges de Barcelona","url":"https:\/\/www.sindicaturabarcelona.cat\/es\/","logo":{"@type":"ImageObject","inLanguage":"es","@id":"https:\/\/www.sindicaturabarcelona.cat\/es\/#\/schema\/logo\/image\/","url":"https:\/\/www.sindicaturabarcelona.cat\/wp-content\/uploads\/2023\/02\/logo_sindicatura.svg","contentUrl":"https:\/\/www.sindicaturabarcelona.cat\/wp-content\/uploads\/2023\/02\/logo_sindicatura.svg","caption":"Sindicatura de Greuges de Barcelona"},"image":{"@id":"https:\/\/www.sindicaturabarcelona.cat\/es\/#\/schema\/logo\/image\/"},"sameAs":["https:\/\/x.com\/sindicbarcelona","https:\/\/www.instagram.com\/sindicbarcelona\/","https:\/\/www.tiktok.com\/@sindicaturabcn","https:\/\/t.me\/sindicaturabarcelona"]},{"@type":"Person","@id":"https:\/\/www.sindicaturabarcelona.cat\/es\/#\/schema\/person\/0e5acffc350ffdbc97578159322c9452","name":"Pablo","image":{"@type":"ImageObject","inLanguage":"es","@id":"https:\/\/secure.gravatar.com\/avatar\/c948169b402ef9492afde705c3dfd5e90e1a6a84ef6840a91124f805a25a480f?s=96&d=mm&r=g","url":"https:\/\/secure.gravatar.com\/avatar\/c948169b402ef9492afde705c3dfd5e90e1a6a84ef6840a91124f805a25a480f?s=96&d=mm&r=g","contentUrl":"https:\/\/secure.gravatar.com\/avatar\/c948169b402ef9492afde705c3dfd5e90e1a6a84ef6840a91124f805a25a480f?s=96&d=mm&r=g","caption":"Pablo"},"url":"https:\/\/www.sindicaturabarcelona.cat\/es\/author\/pablo\/"}]}},"_links":{"self":[{"href":"https:\/\/www.sindicaturabarcelona.cat\/es\/wp-json\/wp\/v2\/posts\/29429","targetHints":{"allow":["GET"]}}],"collection":[{"href":"https:\/\/www.sindicaturabarcelona.cat\/es\/wp-json\/wp\/v2\/posts"}],"about":[{"href":"https:\/\/www.sindicaturabarcelona.cat\/es\/wp-json\/wp\/v2\/types\/post"}],"author":[{"embeddable":true,"href":"https:\/\/www.sindicaturabarcelona.cat\/es\/wp-json\/wp\/v2\/users\/2"}],"replies":[{"embeddable":true,"href":"https:\/\/www.sindicaturabarcelona.cat\/es\/wp-json\/wp\/v2\/comments?post=29429"}],"version-history":[{"count":1,"href":"https:\/\/www.sindicaturabarcelona.cat\/es\/wp-json\/wp\/v2\/posts\/29429\/revisions"}],"predecessor-version":[{"id":29430,"href":"https:\/\/www.sindicaturabarcelona.cat\/es\/wp-json\/wp\/v2\/posts\/29429\/revisions\/29430"}],"wp:featuredmedia":[{"embeddable":true,"href":"https:\/\/www.sindicaturabarcelona.cat\/es\/wp-json\/wp\/v2\/media\/29427"}],"wp:attachment":[{"href":"https:\/\/www.sindicaturabarcelona.cat\/es\/wp-json\/wp\/v2\/media?parent=29429"}],"wp:term":[{"taxonomy":"post_tag","embeddable":true,"href":"https:\/\/www.sindicaturabarcelona.cat\/es\/wp-json\/wp\/v2\/tags?post=29429"},{"taxonomy":"drets","embeddable":true,"href":"https:\/\/www.sindicaturabarcelona.cat\/es\/wp-json\/wp\/v2\/drets?post=29429"}],"curies":[{"name":"wp","href":"https:\/\/api.w.org\/{rel}","templated":true}]}}