{"id":28460,"date":"2023-05-10T12:51:25","date_gmt":"2023-05-10T10:51:25","guid":{"rendered":"https:\/\/www.sindicaturabarcelona.cat\/?p=28460"},"modified":"2023-05-22T12:57:42","modified_gmt":"2023-05-22T10:57:42","slug":"la-sindicatura-de-greuges-de-barcelona-insta-a-una-buena-coordinacion-entre-administraciones-por-la-convivencia-en-el-barrio-de-la-bonanova","status":"publish","type":"post","link":"https:\/\/www.sindicaturabarcelona.cat\/es\/la-sindicatura-de-greuges-de-barcelona-insta-a-una-buena-coordinacion-entre-administraciones-por-la-convivencia-en-el-barrio-de-la-bonanova\/","title":{"rendered":"La Sindicatura de Greuges de Barcelona insta a una buena coordinaci\u00f3n entre administraciones por la convivencia en el barrio de la Bonanova"},"content":{"rendered":"\n<figure class=\"wp-block-pullquote\"><blockquote><p><strong>La defensor\u00eda recuerda que existe un proceso legal y se\u00f1ala que amenazas como la realizada por Desokupa generan un gasto p\u00fablico innecesario<\/strong><\/p><\/blockquote><\/figure>\n\n\n\n<p><strong>A la Sindicatura de Greuges de Barcelona le preocupa la situaci\u00f3n de tensi\u00f3n que se est\u00e1 viviendo en el barrio de la Bonanova<\/strong>, despu\u00e9s de que la empresa Desokupa, que se autocalifica como especializada en mediaci\u00f3n y desahucios, anunciara su voluntad de actuar al margen de la ley para desalojar los edificios el Kubo y la Ru\u00efna.<\/p>\n\n\n\n<p>Kubo y Ru\u00efna son dos edificios ocupados desde hace a\u00f1os y que son mayoritariamente propiedad de la SAREB, empresa creada precisamente para gestionar viviendas afectadas por ejecuciones hipotecarias de entidades bancarias rescatadas con capital p\u00fablico.<\/p>\n\n\n\n<p>Cabe recordar que <strong>cualquier proceso de recuperaci\u00f3n de la posesi\u00f3n de inmuebles tiene un recorrido legal, que debe ser ejecutado por las instituciones pertinentes<\/strong>, y no por particulares. De esta forma se puede garantizar la seguridad de las personas y una actuaci\u00f3n ajustada a derecho.<\/p>\n\n\n\n<p>Es importante resaltar que, si no existen motivos de riesgo para la seguridad de las personas que ocupan, el proceso para la recuperaci\u00f3n de la posesi\u00f3n de inmuebles debe instarle la propiedad. En este proceso pautado jur\u00eddicamente, intervienen distintas instituciones. Por una parte la autoridad judicial, que debe dictar la orden de lanzamiento y, por otra parte, los cuerpos policiales, que intervendr\u00e1n para ejecutar la orden judicial y garantizar la seguridad de las personas. Por tanto, en este caso<strong>, la intervenci\u00f3n en el proceso de cualquier otro agente no est\u00e1 amparada legalmente.<\/strong><\/p>\n\n\n\n<p>El resultado de desafiar a los poderes p\u00fablicos, con la amenaza de procedimientos de desahucio que se apartan de lo establecido legalmente, no s\u00f3lo est\u00e1 generando crispaci\u00f3n y una ruptura no deseada de la paz social del barrio. Tambi\u00e9n est\u00e1 ocasionando un <strong>importante gasto p\u00fablico<\/strong>, obligando a los cuerpos de seguridad a dise\u00f1ar dispositivos espec\u00edficos para evitar enfrentamientos y impedir que la empresa Desokupa intervenga en un proceso que en estos momentos se encuentra en sede judicial.<\/p>\n\n\n\n<p>Sin duda, <strong>las consecuencias de la provocaci\u00f3n irresponsable de este gasto p\u00fablico deber\u00edan ser imputables a las personas y actores que han atizado este conflicto de orden p\u00fablico<\/strong>.<\/p>\n\n\n\n<p>Desde la Sindicatura de Greuges de Barcelona instamos a todas las administraciones competentes para que realicen sus funciones con absoluta coordinaci\u00f3n, a fin de gestionar la situaci\u00f3n, y conseguir el restablecimiento de la paz social en el barrio.<\/p>\n","protected":false},"excerpt":{"rendered":"<p>La defensor\u00eda recuerda que existe un proceso legal y se\u00f1ala que amenazas como la realizada por Desokupa generan un gasto p\u00fablico innecesario A la Sindicatura de Greuges de Barcelona le [&hellip;]<\/p>\n","protected":false},"author":2,"featured_media":28458,"comment_status":"closed","ping_status":"closed","sticky":false,"template":"","format":"standard","meta":{"_acf_changed":false,"footnotes":""},"tags":[],"drets":[1477,1440,1452],"class_list":["post-28460","post","type-post","status-publish","format-standard","has-post-thumbnail","hentry","drets-ciudad-habitable-y-sostenible","drets-ciutat-garantista","drets-dret-a-la-seguretat-ciutadana"],"acf":[],"yoast_head":"<!-- This site is optimized with the Yoast SEO plugin v27.5 - https:\/\/yoast.com\/product\/yoast-seo-wordpress\/ -->\n<title>La Sindicatura de Greuges de Barcelona insta a una buena coordinaci\u00f3n entre administraciones por la convivencia en el barrio de la Bonanova - Sindicatura de Greuges de Barcelona<\/title>\n<meta name=\"robots\" content=\"index, follow, max-snippet:-1, max-image-preview:large, max-video-preview:-1\" \/>\n<link rel=\"canonical\" href=\"https:\/\/www.sindicaturabarcelona.cat\/es\/la-sindicatura-de-greuges-de-barcelona-insta-a-una-buena-coordinacion-entre-administraciones-por-la-convivencia-en-el-barrio-de-la-bonanova\/\" \/>\n<meta property=\"og:locale\" content=\"es_ES\" \/>\n<meta property=\"og:type\" content=\"article\" \/>\n<meta property=\"og:title\" content=\"La Sindicatura de Greuges de Barcelona insta a una buena coordinaci\u00f3n entre administraciones por la convivencia en el barrio de la Bonanova - Sindicatura de Greuges de Barcelona\" \/>\n<meta property=\"og:description\" content=\"La defensor\u00eda recuerda que existe un proceso legal y se\u00f1ala que amenazas como la realizada por Desokupa generan un gasto p\u00fablico innecesario A la Sindicatura de Greuges de Barcelona le [&hellip;]\" \/>\n<meta property=\"og:url\" content=\"https:\/\/www.sindicaturabarcelona.cat\/es\/la-sindicatura-de-greuges-de-barcelona-insta-a-una-buena-coordinacion-entre-administraciones-por-la-convivencia-en-el-barrio-de-la-bonanova\/\" \/>\n<meta property=\"og:site_name\" content=\"Sindicatura de Greuges de Barcelona\" \/>\n<meta property=\"article:published_time\" content=\"2023-05-10T10:51:25+00:00\" \/>\n<meta property=\"article:modified_time\" content=\"2023-05-22T10:57:42+00:00\" \/>\n<meta property=\"og:image\" content=\"https:\/\/www.sindicaturabarcelona.cat\/wp-content\/uploads\/OKUPA_BARCELONA.jpg\" \/>\n\t<meta property=\"og:image:width\" content=\"512\" \/>\n\t<meta property=\"og:image:height\" content=\"384\" \/>\n\t<meta property=\"og:image:type\" content=\"image\/jpeg\" \/>\n<meta name=\"author\" content=\"Pablo\" \/>\n<meta name=\"twitter:card\" content=\"summary_large_image\" \/>\n<meta name=\"twitter:creator\" content=\"@sindicbarcelona\" \/>\n<meta name=\"twitter:site\" content=\"@sindicbarcelona\" \/>\n<meta name=\"twitter:label1\" content=\"Escrito por\" \/>\n\t<meta name=\"twitter:data1\" content=\"Pablo\" \/>\n\t<meta name=\"twitter:label2\" content=\"Tiempo de lectura\" \/>\n\t<meta name=\"twitter:data2\" content=\"2 minutos\" \/>\n<script type=\"application\/ld+json\" class=\"yoast-schema-graph\">{\"@context\":\"https:\\\/\\\/schema.org\",\"@graph\":[{\"@type\":\"Article\",\"@id\":\"https:\\\/\\\/www.sindicaturabarcelona.cat\\\/es\\\/la-sindicatura-de-greuges-de-barcelona-insta-a-una-buena-coordinacion-entre-administraciones-por-la-convivencia-en-el-barrio-de-la-bonanova\\\/#article\",\"isPartOf\":{\"@id\":\"https:\\\/\\\/www.sindicaturabarcelona.cat\\\/es\\\/la-sindicatura-de-greuges-de-barcelona-insta-a-una-buena-coordinacion-entre-administraciones-por-la-convivencia-en-el-barrio-de-la-bonanova\\\/\"},\"author\":{\"name\":\"Pablo\",\"@id\":\"https:\\\/\\\/www.sindicaturabarcelona.cat\\\/es\\\/#\\\/schema\\\/person\\\/0e5acffc350ffdbc97578159322c9452\"},\"headline\":\"La Sindicatura de Greuges de Barcelona insta a una buena coordinaci\u00f3n entre administraciones por la convivencia en el barrio de la Bonanova\",\"datePublished\":\"2023-05-10T10:51:25+00:00\",\"dateModified\":\"2023-05-22T10:57:42+00:00\",\"mainEntityOfPage\":{\"@id\":\"https:\\\/\\\/www.sindicaturabarcelona.cat\\\/es\\\/la-sindicatura-de-greuges-de-barcelona-insta-a-una-buena-coordinacion-entre-administraciones-por-la-convivencia-en-el-barrio-de-la-bonanova\\\/\"},\"wordCount\":449,\"publisher\":{\"@id\":\"https:\\\/\\\/www.sindicaturabarcelona.cat\\\/es\\\/#organization\"},\"image\":{\"@id\":\"https:\\\/\\\/www.sindicaturabarcelona.cat\\\/es\\\/la-sindicatura-de-greuges-de-barcelona-insta-a-una-buena-coordinacion-entre-administraciones-por-la-convivencia-en-el-barrio-de-la-bonanova\\\/#primaryimage\"},\"thumbnailUrl\":\"https:\\\/\\\/www.sindicaturabarcelona.cat\\\/wp-content\\\/uploads\\\/OKUPA_BARCELONA.jpg\",\"inLanguage\":\"es\"},{\"@type\":\"WebPage\",\"@id\":\"https:\\\/\\\/www.sindicaturabarcelona.cat\\\/es\\\/la-sindicatura-de-greuges-de-barcelona-insta-a-una-buena-coordinacion-entre-administraciones-por-la-convivencia-en-el-barrio-de-la-bonanova\\\/\",\"url\":\"https:\\\/\\\/www.sindicaturabarcelona.cat\\\/es\\\/la-sindicatura-de-greuges-de-barcelona-insta-a-una-buena-coordinacion-entre-administraciones-por-la-convivencia-en-el-barrio-de-la-bonanova\\\/\",\"name\":\"La Sindicatura de Greuges de Barcelona insta a una buena coordinaci\u00f3n entre administraciones por la convivencia en el barrio de la Bonanova - Sindicatura de Greuges de Barcelona\",\"isPartOf\":{\"@id\":\"https:\\\/\\\/www.sindicaturabarcelona.cat\\\/es\\\/#website\"},\"primaryImageOfPage\":{\"@id\":\"https:\\\/\\\/www.sindicaturabarcelona.cat\\\/es\\\/la-sindicatura-de-greuges-de-barcelona-insta-a-una-buena-coordinacion-entre-administraciones-por-la-convivencia-en-el-barrio-de-la-bonanova\\\/#primaryimage\"},\"image\":{\"@id\":\"https:\\\/\\\/www.sindicaturabarcelona.cat\\\/es\\\/la-sindicatura-de-greuges-de-barcelona-insta-a-una-buena-coordinacion-entre-administraciones-por-la-convivencia-en-el-barrio-de-la-bonanova\\\/#primaryimage\"},\"thumbnailUrl\":\"https:\\\/\\\/www.sindicaturabarcelona.cat\\\/wp-content\\\/uploads\\\/OKUPA_BARCELONA.jpg\",\"datePublished\":\"2023-05-10T10:51:25+00:00\",\"dateModified\":\"2023-05-22T10:57:42+00:00\",\"breadcrumb\":{\"@id\":\"https:\\\/\\\/www.sindicaturabarcelona.cat\\\/es\\\/la-sindicatura-de-greuges-de-barcelona-insta-a-una-buena-coordinacion-entre-administraciones-por-la-convivencia-en-el-barrio-de-la-bonanova\\\/#breadcrumb\"},\"inLanguage\":\"es\",\"potentialAction\":[{\"@type\":\"ReadAction\",\"target\":[\"https:\\\/\\\/www.sindicaturabarcelona.cat\\\/es\\\/la-sindicatura-de-greuges-de-barcelona-insta-a-una-buena-coordinacion-entre-administraciones-por-la-convivencia-en-el-barrio-de-la-bonanova\\\/\"]}]},{\"@type\":\"ImageObject\",\"inLanguage\":\"es\",\"@id\":\"https:\\\/\\\/www.sindicaturabarcelona.cat\\\/es\\\/la-sindicatura-de-greuges-de-barcelona-insta-a-una-buena-coordinacion-entre-administraciones-por-la-convivencia-en-el-barrio-de-la-bonanova\\\/#primaryimage\",\"url\":\"https:\\\/\\\/www.sindicaturabarcelona.cat\\\/wp-content\\\/uploads\\\/OKUPA_BARCELONA.jpg\",\"contentUrl\":\"https:\\\/\\\/www.sindicaturabarcelona.cat\\\/wp-content\\\/uploads\\\/OKUPA_BARCELONA.jpg\",\"width\":512,\"height\":384,\"caption\":\"\\\"OKUPA BARCELONA\\\" by Ntabares is licensed under CC BY-SA 4.0.\"},{\"@type\":\"BreadcrumbList\",\"@id\":\"https:\\\/\\\/www.sindicaturabarcelona.cat\\\/es\\\/la-sindicatura-de-greuges-de-barcelona-insta-a-una-buena-coordinacion-entre-administraciones-por-la-convivencia-en-el-barrio-de-la-bonanova\\\/#breadcrumb\",\"itemListElement\":[{\"@type\":\"ListItem\",\"position\":1,\"name\":\"Inici\",\"item\":\"https:\\\/\\\/www.sindicaturabarcelona.cat\\\/es\\\/\"},{\"@type\":\"ListItem\",\"position\":2,\"name\":\"La Sindicatura de Greuges de Barcelona insta a una buena coordinaci\u00f3n entre administraciones por la convivencia en el barrio de la Bonanova\"}]},{\"@type\":\"WebSite\",\"@id\":\"https:\\\/\\\/www.sindicaturabarcelona.cat\\\/es\\\/#website\",\"url\":\"https:\\\/\\\/www.sindicaturabarcelona.cat\\\/es\\\/\",\"name\":\"Sindicatura de Greuges de Barcelona\",\"description\":\"La defensoria dels teus drets\",\"publisher\":{\"@id\":\"https:\\\/\\\/www.sindicaturabarcelona.cat\\\/es\\\/#organization\"},\"potentialAction\":[{\"@type\":\"SearchAction\",\"target\":{\"@type\":\"EntryPoint\",\"urlTemplate\":\"https:\\\/\\\/www.sindicaturabarcelona.cat\\\/es\\\/?s={search_term_string}\"},\"query-input\":{\"@type\":\"PropertyValueSpecification\",\"valueRequired\":true,\"valueName\":\"search_term_string\"}}],\"inLanguage\":\"es\"},{\"@type\":\"Organization\",\"@id\":\"https:\\\/\\\/www.sindicaturabarcelona.cat\\\/es\\\/#organization\",\"name\":\"Sindicatura de Greuges de Barcelona\",\"url\":\"https:\\\/\\\/www.sindicaturabarcelona.cat\\\/es\\\/\",\"logo\":{\"@type\":\"ImageObject\",\"inLanguage\":\"es\",\"@id\":\"https:\\\/\\\/www.sindicaturabarcelona.cat\\\/es\\\/#\\\/schema\\\/logo\\\/image\\\/\",\"url\":\"https:\\\/\\\/www.sindicaturabarcelona.cat\\\/wp-content\\\/uploads\\\/2023\\\/02\\\/logo_sindicatura.svg\",\"contentUrl\":\"https:\\\/\\\/www.sindicaturabarcelona.cat\\\/wp-content\\\/uploads\\\/2023\\\/02\\\/logo_sindicatura.svg\",\"caption\":\"Sindicatura de Greuges de Barcelona\"},\"image\":{\"@id\":\"https:\\\/\\\/www.sindicaturabarcelona.cat\\\/es\\\/#\\\/schema\\\/logo\\\/image\\\/\"},\"sameAs\":[\"https:\\\/\\\/x.com\\\/sindicbarcelona\",\"https:\\\/\\\/www.instagram.com\\\/sindicbarcelona\\\/\",\"https:\\\/\\\/www.tiktok.com\\\/@sindicaturabcn\",\"https:\\\/\\\/t.me\\\/sindicaturabarcelona\"]},{\"@type\":\"Person\",\"@id\":\"https:\\\/\\\/www.sindicaturabarcelona.cat\\\/es\\\/#\\\/schema\\\/person\\\/0e5acffc350ffdbc97578159322c9452\",\"name\":\"Pablo\",\"image\":{\"@type\":\"ImageObject\",\"inLanguage\":\"es\",\"@id\":\"https:\\\/\\\/secure.gravatar.com\\\/avatar\\\/c948169b402ef9492afde705c3dfd5e90e1a6a84ef6840a91124f805a25a480f?s=96&d=mm&r=g\",\"url\":\"https:\\\/\\\/secure.gravatar.com\\\/avatar\\\/c948169b402ef9492afde705c3dfd5e90e1a6a84ef6840a91124f805a25a480f?s=96&d=mm&r=g\",\"contentUrl\":\"https:\\\/\\\/secure.gravatar.com\\\/avatar\\\/c948169b402ef9492afde705c3dfd5e90e1a6a84ef6840a91124f805a25a480f?s=96&d=mm&r=g\",\"caption\":\"Pablo\"},\"url\":\"https:\\\/\\\/www.sindicaturabarcelona.cat\\\/es\\\/author\\\/pablo\\\/\"}]}<\/script>\n<!-- \/ Yoast SEO plugin. -->","yoast_head_json":{"title":"La Sindicatura de Greuges de Barcelona insta a una buena coordinaci\u00f3n entre administraciones por la convivencia en el barrio de la Bonanova - Sindicatura de Greuges de Barcelona","robots":{"index":"index","follow":"follow","max-snippet":"max-snippet:-1","max-image-preview":"max-image-preview:large","max-video-preview":"max-video-preview:-1"},"canonical":"https:\/\/www.sindicaturabarcelona.cat\/es\/la-sindicatura-de-greuges-de-barcelona-insta-a-una-buena-coordinacion-entre-administraciones-por-la-convivencia-en-el-barrio-de-la-bonanova\/","og_locale":"es_ES","og_type":"article","og_title":"La Sindicatura de Greuges de Barcelona insta a una buena coordinaci\u00f3n entre administraciones por la convivencia en el barrio de la Bonanova - Sindicatura de Greuges de Barcelona","og_description":"La defensor\u00eda recuerda que existe un proceso legal y se\u00f1ala que amenazas como la realizada por Desokupa generan un gasto p\u00fablico innecesario A la Sindicatura de Greuges de Barcelona le [&hellip;]","og_url":"https:\/\/www.sindicaturabarcelona.cat\/es\/la-sindicatura-de-greuges-de-barcelona-insta-a-una-buena-coordinacion-entre-administraciones-por-la-convivencia-en-el-barrio-de-la-bonanova\/","og_site_name":"Sindicatura de Greuges de Barcelona","article_published_time":"2023-05-10T10:51:25+00:00","article_modified_time":"2023-05-22T10:57:42+00:00","og_image":[{"width":512,"height":384,"url":"https:\/\/www.sindicaturabarcelona.cat\/wp-content\/uploads\/OKUPA_BARCELONA.jpg","type":"image\/jpeg"}],"author":"Pablo","twitter_card":"summary_large_image","twitter_creator":"@sindicbarcelona","twitter_site":"@sindicbarcelona","twitter_misc":{"Escrito por":"Pablo","Tiempo de lectura":"2 minutos"},"schema":{"@context":"https:\/\/schema.org","@graph":[{"@type":"Article","@id":"https:\/\/www.sindicaturabarcelona.cat\/es\/la-sindicatura-de-greuges-de-barcelona-insta-a-una-buena-coordinacion-entre-administraciones-por-la-convivencia-en-el-barrio-de-la-bonanova\/#article","isPartOf":{"@id":"https:\/\/www.sindicaturabarcelona.cat\/es\/la-sindicatura-de-greuges-de-barcelona-insta-a-una-buena-coordinacion-entre-administraciones-por-la-convivencia-en-el-barrio-de-la-bonanova\/"},"author":{"name":"Pablo","@id":"https:\/\/www.sindicaturabarcelona.cat\/es\/#\/schema\/person\/0e5acffc350ffdbc97578159322c9452"},"headline":"La Sindicatura de Greuges de Barcelona insta a una buena coordinaci\u00f3n entre administraciones por la convivencia en el barrio de la Bonanova","datePublished":"2023-05-10T10:51:25+00:00","dateModified":"2023-05-22T10:57:42+00:00","mainEntityOfPage":{"@id":"https:\/\/www.sindicaturabarcelona.cat\/es\/la-sindicatura-de-greuges-de-barcelona-insta-a-una-buena-coordinacion-entre-administraciones-por-la-convivencia-en-el-barrio-de-la-bonanova\/"},"wordCount":449,"publisher":{"@id":"https:\/\/www.sindicaturabarcelona.cat\/es\/#organization"},"image":{"@id":"https:\/\/www.sindicaturabarcelona.cat\/es\/la-sindicatura-de-greuges-de-barcelona-insta-a-una-buena-coordinacion-entre-administraciones-por-la-convivencia-en-el-barrio-de-la-bonanova\/#primaryimage"},"thumbnailUrl":"https:\/\/www.sindicaturabarcelona.cat\/wp-content\/uploads\/OKUPA_BARCELONA.jpg","inLanguage":"es"},{"@type":"WebPage","@id":"https:\/\/www.sindicaturabarcelona.cat\/es\/la-sindicatura-de-greuges-de-barcelona-insta-a-una-buena-coordinacion-entre-administraciones-por-la-convivencia-en-el-barrio-de-la-bonanova\/","url":"https:\/\/www.sindicaturabarcelona.cat\/es\/la-sindicatura-de-greuges-de-barcelona-insta-a-una-buena-coordinacion-entre-administraciones-por-la-convivencia-en-el-barrio-de-la-bonanova\/","name":"La Sindicatura de Greuges de Barcelona insta a una buena coordinaci\u00f3n entre administraciones por la convivencia en el barrio de la Bonanova - Sindicatura de Greuges de Barcelona","isPartOf":{"@id":"https:\/\/www.sindicaturabarcelona.cat\/es\/#website"},"primaryImageOfPage":{"@id":"https:\/\/www.sindicaturabarcelona.cat\/es\/la-sindicatura-de-greuges-de-barcelona-insta-a-una-buena-coordinacion-entre-administraciones-por-la-convivencia-en-el-barrio-de-la-bonanova\/#primaryimage"},"image":{"@id":"https:\/\/www.sindicaturabarcelona.cat\/es\/la-sindicatura-de-greuges-de-barcelona-insta-a-una-buena-coordinacion-entre-administraciones-por-la-convivencia-en-el-barrio-de-la-bonanova\/#primaryimage"},"thumbnailUrl":"https:\/\/www.sindicaturabarcelona.cat\/wp-content\/uploads\/OKUPA_BARCELONA.jpg","datePublished":"2023-05-10T10:51:25+00:00","dateModified":"2023-05-22T10:57:42+00:00","breadcrumb":{"@id":"https:\/\/www.sindicaturabarcelona.cat\/es\/la-sindicatura-de-greuges-de-barcelona-insta-a-una-buena-coordinacion-entre-administraciones-por-la-convivencia-en-el-barrio-de-la-bonanova\/#breadcrumb"},"inLanguage":"es","potentialAction":[{"@type":"ReadAction","target":["https:\/\/www.sindicaturabarcelona.cat\/es\/la-sindicatura-de-greuges-de-barcelona-insta-a-una-buena-coordinacion-entre-administraciones-por-la-convivencia-en-el-barrio-de-la-bonanova\/"]}]},{"@type":"ImageObject","inLanguage":"es","@id":"https:\/\/www.sindicaturabarcelona.cat\/es\/la-sindicatura-de-greuges-de-barcelona-insta-a-una-buena-coordinacion-entre-administraciones-por-la-convivencia-en-el-barrio-de-la-bonanova\/#primaryimage","url":"https:\/\/www.sindicaturabarcelona.cat\/wp-content\/uploads\/OKUPA_BARCELONA.jpg","contentUrl":"https:\/\/www.sindicaturabarcelona.cat\/wp-content\/uploads\/OKUPA_BARCELONA.jpg","width":512,"height":384,"caption":"\"OKUPA BARCELONA\" by Ntabares is licensed under CC BY-SA 4.0."},{"@type":"BreadcrumbList","@id":"https:\/\/www.sindicaturabarcelona.cat\/es\/la-sindicatura-de-greuges-de-barcelona-insta-a-una-buena-coordinacion-entre-administraciones-por-la-convivencia-en-el-barrio-de-la-bonanova\/#breadcrumb","itemListElement":[{"@type":"ListItem","position":1,"name":"Inici","item":"https:\/\/www.sindicaturabarcelona.cat\/es\/"},{"@type":"ListItem","position":2,"name":"La Sindicatura de Greuges de Barcelona insta a una buena coordinaci\u00f3n entre administraciones por la convivencia en el barrio de la Bonanova"}]},{"@type":"WebSite","@id":"https:\/\/www.sindicaturabarcelona.cat\/es\/#website","url":"https:\/\/www.sindicaturabarcelona.cat\/es\/","name":"Sindicatura de Greuges de Barcelona","description":"La defensoria dels teus drets","publisher":{"@id":"https:\/\/www.sindicaturabarcelona.cat\/es\/#organization"},"potentialAction":[{"@type":"SearchAction","target":{"@type":"EntryPoint","urlTemplate":"https:\/\/www.sindicaturabarcelona.cat\/es\/?s={search_term_string}"},"query-input":{"@type":"PropertyValueSpecification","valueRequired":true,"valueName":"search_term_string"}}],"inLanguage":"es"},{"@type":"Organization","@id":"https:\/\/www.sindicaturabarcelona.cat\/es\/#organization","name":"Sindicatura de Greuges de Barcelona","url":"https:\/\/www.sindicaturabarcelona.cat\/es\/","logo":{"@type":"ImageObject","inLanguage":"es","@id":"https:\/\/www.sindicaturabarcelona.cat\/es\/#\/schema\/logo\/image\/","url":"https:\/\/www.sindicaturabarcelona.cat\/wp-content\/uploads\/2023\/02\/logo_sindicatura.svg","contentUrl":"https:\/\/www.sindicaturabarcelona.cat\/wp-content\/uploads\/2023\/02\/logo_sindicatura.svg","caption":"Sindicatura de Greuges de Barcelona"},"image":{"@id":"https:\/\/www.sindicaturabarcelona.cat\/es\/#\/schema\/logo\/image\/"},"sameAs":["https:\/\/x.com\/sindicbarcelona","https:\/\/www.instagram.com\/sindicbarcelona\/","https:\/\/www.tiktok.com\/@sindicaturabcn","https:\/\/t.me\/sindicaturabarcelona"]},{"@type":"Person","@id":"https:\/\/www.sindicaturabarcelona.cat\/es\/#\/schema\/person\/0e5acffc350ffdbc97578159322c9452","name":"Pablo","image":{"@type":"ImageObject","inLanguage":"es","@id":"https:\/\/secure.gravatar.com\/avatar\/c948169b402ef9492afde705c3dfd5e90e1a6a84ef6840a91124f805a25a480f?s=96&d=mm&r=g","url":"https:\/\/secure.gravatar.com\/avatar\/c948169b402ef9492afde705c3dfd5e90e1a6a84ef6840a91124f805a25a480f?s=96&d=mm&r=g","contentUrl":"https:\/\/secure.gravatar.com\/avatar\/c948169b402ef9492afde705c3dfd5e90e1a6a84ef6840a91124f805a25a480f?s=96&d=mm&r=g","caption":"Pablo"},"url":"https:\/\/www.sindicaturabarcelona.cat\/es\/author\/pablo\/"}]}},"_links":{"self":[{"href":"https:\/\/www.sindicaturabarcelona.cat\/es\/wp-json\/wp\/v2\/posts\/28460","targetHints":{"allow":["GET"]}}],"collection":[{"href":"https:\/\/www.sindicaturabarcelona.cat\/es\/wp-json\/wp\/v2\/posts"}],"about":[{"href":"https:\/\/www.sindicaturabarcelona.cat\/es\/wp-json\/wp\/v2\/types\/post"}],"author":[{"embeddable":true,"href":"https:\/\/www.sindicaturabarcelona.cat\/es\/wp-json\/wp\/v2\/users\/2"}],"replies":[{"embeddable":true,"href":"https:\/\/www.sindicaturabarcelona.cat\/es\/wp-json\/wp\/v2\/comments?post=28460"}],"version-history":[{"count":0,"href":"https:\/\/www.sindicaturabarcelona.cat\/es\/wp-json\/wp\/v2\/posts\/28460\/revisions"}],"wp:featuredmedia":[{"embeddable":true,"href":"https:\/\/www.sindicaturabarcelona.cat\/es\/wp-json\/wp\/v2\/media\/28458"}],"wp:attachment":[{"href":"https:\/\/www.sindicaturabarcelona.cat\/es\/wp-json\/wp\/v2\/media?parent=28460"}],"wp:term":[{"taxonomy":"post_tag","embeddable":true,"href":"https:\/\/www.sindicaturabarcelona.cat\/es\/wp-json\/wp\/v2\/tags?post=28460"},{"taxonomy":"drets","embeddable":true,"href":"https:\/\/www.sindicaturabarcelona.cat\/es\/wp-json\/wp\/v2\/drets?post=28460"}],"curies":[{"name":"wp","href":"https:\/\/api.w.org\/{rel}","templated":true}]}}