{"id":27620,"date":"2023-05-05T14:21:21","date_gmt":"2023-05-05T12:21:21","guid":{"rendered":"https:\/\/www.sindicaturabarcelona.cat\/?p=16289"},"modified":"2023-05-09T16:30:22","modified_gmt":"2023-05-09T14:30:22","slug":"el-ayuntamiento-de-barcelona-debe-mejorar-su-comunicacion-y-transparencia-de-los-programas-de-accesibilidad-para-actividades-en-centros-civicos","status":"publish","type":"post","link":"https:\/\/www.sindicaturabarcelona.cat\/es\/el-ayuntamiento-de-barcelona-debe-mejorar-su-comunicacion-y-transparencia-de-los-programas-de-accesibilidad-para-actividades-en-centros-civicos\/","title":{"rendered":"El Ayuntamiento de Barcelona debe mejorar su comunicaci\u00f3n y transparencia de los programas de accesibilidad para actividades en centros c\u00edvicos"},"content":{"rendered":"\n<p>A ra\u00edz de la <a href=\"https:\/\/www.sindicaturabarcelona.cat\/wp-content\/uploads\/2023\/05\/202305_Dret-a-laccessibilitat-i-la-inclusivitat-espais-i-serveis-publics -acces-a-un-assistent-personal-por-activitats-a-centres-civics.pdf\">queja de una ciudadana con diversidad funcional&nbsp; por las dificultades con las que se encontraba para poder contar con la figura de asistente personal para la realizaci\u00f3n de actividades en centros c\u00edvicos<\/a>, la Sindicatura de Greuges de Barcelona ha concluido que <strong>el IMPD, conjuntamente con el ICUB, debe mejorar la comunicaci\u00f3n de los programas de apoyo a la accesibilidad por actividades a centros c\u00edvicos<\/strong>.<\/p>\n\n\n\n<p>La informaci\u00f3n relativa a programas como el Proyecto Ocio Inclusivo, que promueve el derecho de acceso a la cultura a trav\u00e9s de un sistema de bonificaciones, as\u00ed como con soportes adicionales, no est\u00e1 recogida en documentos oficiales del Ayuntamiento de Barcelona de forma suficientemente accesible y transparente. Por esta raz\u00f3n, desde la Sindicatura recomendamos que el Ayuntamiento haga mayor difusi\u00f3n de las condiciones necesarias para acceder en este tipo de programas a trav\u00e9s de la web correspondiente y de cualquier otro medio de informaci\u00f3n relevante.<\/p>\n\n\n\n<p class=\"has-medium-font-size\"><strong>El caso objeto de queja<\/strong><\/p>\n\n\n\n<p>Una ciudadana realizaba diversas actividades en el Centro C\u00edvico de Sant Mart\u00ed durante el curso 2021-22, con apoyo de un asistente personal en varias de ellas. Pero al empezar otra actividad se le comunic\u00f3 que no recibir\u00eda ese tipo de apoyo porque era innecesario ante las condiciones de la actividad: dispondr\u00eda de apuntes con letra ampliada y espacio en primera fila. Por otro lado, desde el IMPD se subvencion\u00f3 el servicio puerta a puerta para la vuelta a su domicilio frente a sus problemas de movilidad y visi\u00f3n.<\/p>\n\n\n\n<p>La afectada afirmaba que, seg\u00fan le hab\u00edan informado, ten\u00eda presupuestado el servicio de asistente personal para tres actividades hasta diciembre de 2022. Pero <strong>en el informe municipal se expone que el programa al que se acogi\u00f3 a la ciudadana prev\u00e9 el apoyo de un asistente personal por un solo taller por trimestre y centro c\u00edvico, aunque ella estuviera recibiendo apoyo a tres actividades<\/strong>. Lo que indica que se le estaba ofreciendo una cobertura mayor de lo que marca el Proyecto Ocio Inclusivo, aunque no se le comunicara.<\/p>\n\n\n\n<p>Hay que decir que <strong>esta informaci\u00f3n seg\u00fan la cual el apoyo de un asistente personal est\u00e9 previsto para un solo trimestre y centro c\u00edvico no aparece de forma p\u00fablica en la <\/strong><a href=\"https:\/ \/ajuntament.barcelona.cat\/centrescivics\/ca\"><strong>web de la Red de Centros C\u00edvicos de Barcelona<\/strong><\/a><strong> <\/strong>ni se ha podido localizar a la medida de gobierno Plan de centros c\u00edvicos de Barcelona 2019-2023.<\/p>\n\n\n\n<p class=\"has-medium-font-size\"><strong>Una informaci\u00f3n m\u00e1s transparente<\/strong><\/p>\n\n\n\n<p>La ciudadana se refer\u00eda, a la queja presentada a la Sindicatura, a dificultades en el uso de servicios ofrecidos desde centros c\u00edvicos de la ciudad ya la falta de respuesta municipal en relaci\u00f3n con un asistente personal para la realizaci\u00f3n de una tercera actividad.<\/p>\n\n\n\n<p>Los centros c\u00edvicos de la ciudad son muy diversos y su oferta puede incluir cursos, talleres, exposiciones, charlas y diversas actividades culturales.<\/p>\n\n\n\n<p>Tal y como establece la Convenci\u00f3n sobre los derechos de las personas con discapacidad y protocolo facultativo de las Naciones Unidas, debe reconocerse el derecho de las personas con discapacidad a participar, en igualdad de condiciones con las dem\u00e1s, en la vida cultural y deben adoptarse todas las medidas pertinentes.<\/p>\n\n\n\n<p>De acuerdo con estos preceptos, desde el Ayuntamiento de Barcelona, con la Red de Accesibilidad y Vida Independiente (XAVI), se desarrolla el Proyecto Ocio Inclusivo.<\/p>\n\n\n\n<p>Pero <strong>en la informaci\u00f3n p\u00fablica sobre este proyecto carecen de concreciones, como la limitaci\u00f3n en la disponibilidad de asistentes personales<\/strong>. Aspectos importantes para que la ciudadan\u00eda pueda disfrutar de una informaci\u00f3n transparente que facilite el acceso a programas como \u00e9ste cuando sea adecuado.<\/p>\n\n\n\n<p>Por esta raz\u00f3n, <strong>la Sindicatura de Greuges de Barcelona recomienda al IMPD que, conjuntamente con el ICUB, incluya la concreci\u00f3n de las actividades que puede desarrollar una persona con asistente personal<\/strong>, por trimestre y centro c\u00edvico, en la web correspondiente y otros medios de informaci\u00f3n ciudadana.<\/p>\n","protected":false},"excerpt":{"rendered":"<p>A ra\u00edz de la queja de una ciudadana con diversidad funcional&nbsp; por las dificultades con las que se encontraba para poder contar con la figura de asistente personal para la [&hellip;]<\/p>\n","protected":false},"author":2,"featured_media":16286,"comment_status":"closed","ping_status":"open","sticky":false,"template":"","format":"standard","meta":{"_acf_changed":false,"footnotes":""},"tags":[],"drets":[1477],"class_list":["post-27620","post","type-post","status-publish","format-standard","has-post-thumbnail","hentry","drets-ciudad-habitable-y-sostenible"],"acf":[],"yoast_head":"<!-- This site is optimized with the Yoast SEO plugin v27.5 - https:\/\/yoast.com\/product\/yoast-seo-wordpress\/ -->\n<title>El Ayuntamiento de Barcelona debe mejorar su comunicaci\u00f3n y transparencia de los programas de accesibilidad para actividades en centros c\u00edvicos - Sindicatura de Greuges de Barcelona<\/title>\n<meta name=\"robots\" content=\"index, follow, max-snippet:-1, max-image-preview:large, max-video-preview:-1\" \/>\n<link rel=\"canonical\" href=\"https:\/\/www.sindicaturabarcelona.cat\/es\/el-ayuntamiento-de-barcelona-debe-mejorar-su-comunicacion-y-transparencia-de-los-programas-de-accesibilidad-para-actividades-en-centros-civicos\/\" \/>\n<meta property=\"og:locale\" content=\"es_ES\" \/>\n<meta property=\"og:type\" content=\"article\" \/>\n<meta property=\"og:title\" content=\"El Ayuntamiento de Barcelona debe mejorar su comunicaci\u00f3n y transparencia de los programas de accesibilidad para actividades en centros c\u00edvicos - Sindicatura de Greuges de Barcelona\" \/>\n<meta property=\"og:description\" content=\"A ra\u00edz de la queja de una ciudadana con diversidad funcional&nbsp; por las dificultades con las que se encontraba para poder contar con la figura de asistente personal para la [&hellip;]\" \/>\n<meta property=\"og:url\" content=\"https:\/\/www.sindicaturabarcelona.cat\/es\/el-ayuntamiento-de-barcelona-debe-mejorar-su-comunicacion-y-transparencia-de-los-programas-de-accesibilidad-para-actividades-en-centros-civicos\/\" \/>\n<meta property=\"og:site_name\" content=\"Sindicatura de Greuges de Barcelona\" \/>\n<meta property=\"article:published_time\" content=\"2023-05-05T12:21:21+00:00\" \/>\n<meta property=\"article:modified_time\" content=\"2023-05-09T14:30:22+00:00\" \/>\n<meta property=\"og:image\" content=\"https:\/\/www.sindicaturabarcelona.cat\/wp-content\/uploads\/2020\/08\/img_631519989884.jpg\" \/>\n\t<meta property=\"og:image:width\" content=\"1984\" \/>\n\t<meta property=\"og:image:height\" content=\"1488\" \/>\n\t<meta property=\"og:image:type\" content=\"image\/jpeg\" \/>\n<meta name=\"author\" content=\"Pablo\" \/>\n<meta name=\"twitter:card\" content=\"summary_large_image\" \/>\n<meta name=\"twitter:creator\" content=\"@sindicbarcelona\" \/>\n<meta name=\"twitter:site\" content=\"@sindicbarcelona\" \/>\n<meta name=\"twitter:label1\" content=\"Escrito por\" \/>\n\t<meta name=\"twitter:data1\" content=\"Pablo\" \/>\n\t<meta name=\"twitter:label2\" content=\"Tiempo de lectura\" \/>\n\t<meta name=\"twitter:data2\" content=\"4 minutos\" \/>\n<script type=\"application\/ld+json\" class=\"yoast-schema-graph\">{\"@context\":\"https:\\\/\\\/schema.org\",\"@graph\":[{\"@type\":\"Article\",\"@id\":\"https:\\\/\\\/www.sindicaturabarcelona.cat\\\/es\\\/el-ayuntamiento-de-barcelona-debe-mejorar-su-comunicacion-y-transparencia-de-los-programas-de-accesibilidad-para-actividades-en-centros-civicos\\\/#article\",\"isPartOf\":{\"@id\":\"https:\\\/\\\/www.sindicaturabarcelona.cat\\\/es\\\/el-ayuntamiento-de-barcelona-debe-mejorar-su-comunicacion-y-transparencia-de-los-programas-de-accesibilidad-para-actividades-en-centros-civicos\\\/\"},\"author\":{\"name\":\"Pablo\",\"@id\":\"https:\\\/\\\/www.sindicaturabarcelona.cat\\\/es\\\/#\\\/schema\\\/person\\\/0e5acffc350ffdbc97578159322c9452\"},\"headline\":\"El Ayuntamiento de Barcelona debe mejorar su comunicaci\u00f3n y transparencia de los programas de accesibilidad para actividades en centros c\u00edvicos\",\"datePublished\":\"2023-05-05T12:21:21+00:00\",\"dateModified\":\"2023-05-09T14:30:22+00:00\",\"mainEntityOfPage\":{\"@id\":\"https:\\\/\\\/www.sindicaturabarcelona.cat\\\/es\\\/el-ayuntamiento-de-barcelona-debe-mejorar-su-comunicacion-y-transparencia-de-los-programas-de-accesibilidad-para-actividades-en-centros-civicos\\\/\"},\"wordCount\":689,\"publisher\":{\"@id\":\"https:\\\/\\\/www.sindicaturabarcelona.cat\\\/es\\\/#organization\"},\"image\":{\"@id\":\"https:\\\/\\\/www.sindicaturabarcelona.cat\\\/es\\\/el-ayuntamiento-de-barcelona-debe-mejorar-su-comunicacion-y-transparencia-de-los-programas-de-accesibilidad-para-actividades-en-centros-civicos\\\/#primaryimage\"},\"thumbnailUrl\":\"https:\\\/\\\/www.sindicaturabarcelona.cat\\\/wp-content\\\/uploads\\\/2020\\\/08\\\/img_631519989884.jpg\",\"articleSection\":[\"Accesibilidad\",\"Educaci\u00f3n, deporte y cultura\"],\"inLanguage\":\"es\"},{\"@type\":\"WebPage\",\"@id\":\"https:\\\/\\\/www.sindicaturabarcelona.cat\\\/es\\\/el-ayuntamiento-de-barcelona-debe-mejorar-su-comunicacion-y-transparencia-de-los-programas-de-accesibilidad-para-actividades-en-centros-civicos\\\/\",\"url\":\"https:\\\/\\\/www.sindicaturabarcelona.cat\\\/es\\\/el-ayuntamiento-de-barcelona-debe-mejorar-su-comunicacion-y-transparencia-de-los-programas-de-accesibilidad-para-actividades-en-centros-civicos\\\/\",\"name\":\"El Ayuntamiento de Barcelona debe mejorar su comunicaci\u00f3n y transparencia de los programas de accesibilidad para actividades en centros c\u00edvicos - Sindicatura de Greuges de Barcelona\",\"isPartOf\":{\"@id\":\"https:\\\/\\\/www.sindicaturabarcelona.cat\\\/es\\\/#website\"},\"primaryImageOfPage\":{\"@id\":\"https:\\\/\\\/www.sindicaturabarcelona.cat\\\/es\\\/el-ayuntamiento-de-barcelona-debe-mejorar-su-comunicacion-y-transparencia-de-los-programas-de-accesibilidad-para-actividades-en-centros-civicos\\\/#primaryimage\"},\"image\":{\"@id\":\"https:\\\/\\\/www.sindicaturabarcelona.cat\\\/es\\\/el-ayuntamiento-de-barcelona-debe-mejorar-su-comunicacion-y-transparencia-de-los-programas-de-accesibilidad-para-actividades-en-centros-civicos\\\/#primaryimage\"},\"thumbnailUrl\":\"https:\\\/\\\/www.sindicaturabarcelona.cat\\\/wp-content\\\/uploads\\\/2020\\\/08\\\/img_631519989884.jpg\",\"datePublished\":\"2023-05-05T12:21:21+00:00\",\"dateModified\":\"2023-05-09T14:30:22+00:00\",\"breadcrumb\":{\"@id\":\"https:\\\/\\\/www.sindicaturabarcelona.cat\\\/es\\\/el-ayuntamiento-de-barcelona-debe-mejorar-su-comunicacion-y-transparencia-de-los-programas-de-accesibilidad-para-actividades-en-centros-civicos\\\/#breadcrumb\"},\"inLanguage\":\"es\",\"potentialAction\":[{\"@type\":\"ReadAction\",\"target\":[\"https:\\\/\\\/www.sindicaturabarcelona.cat\\\/es\\\/el-ayuntamiento-de-barcelona-debe-mejorar-su-comunicacion-y-transparencia-de-los-programas-de-accesibilidad-para-actividades-en-centros-civicos\\\/\"]}]},{\"@type\":\"ImageObject\",\"inLanguage\":\"es\",\"@id\":\"https:\\\/\\\/www.sindicaturabarcelona.cat\\\/es\\\/el-ayuntamiento-de-barcelona-debe-mejorar-su-comunicacion-y-transparencia-de-los-programas-de-accesibilidad-para-actividades-en-centros-civicos\\\/#primaryimage\",\"url\":\"https:\\\/\\\/www.sindicaturabarcelona.cat\\\/wp-content\\\/uploads\\\/2020\\\/08\\\/img_631519989884.jpg\",\"contentUrl\":\"https:\\\/\\\/www.sindicaturabarcelona.cat\\\/wp-content\\\/uploads\\\/2020\\\/08\\\/img_631519989884.jpg\",\"width\":1984,\"height\":1488},{\"@type\":\"BreadcrumbList\",\"@id\":\"https:\\\/\\\/www.sindicaturabarcelona.cat\\\/es\\\/el-ayuntamiento-de-barcelona-debe-mejorar-su-comunicacion-y-transparencia-de-los-programas-de-accesibilidad-para-actividades-en-centros-civicos\\\/#breadcrumb\",\"itemListElement\":[{\"@type\":\"ListItem\",\"position\":1,\"name\":\"Inici\",\"item\":\"https:\\\/\\\/www.sindicaturabarcelona.cat\\\/es\\\/\"},{\"@type\":\"ListItem\",\"position\":2,\"name\":\"El Ayuntamiento de Barcelona debe mejorar su comunicaci\u00f3n y transparencia de los programas de accesibilidad para actividades en centros c\u00edvicos\"}]},{\"@type\":\"WebSite\",\"@id\":\"https:\\\/\\\/www.sindicaturabarcelona.cat\\\/es\\\/#website\",\"url\":\"https:\\\/\\\/www.sindicaturabarcelona.cat\\\/es\\\/\",\"name\":\"Sindicatura de Greuges de Barcelona\",\"description\":\"La defensoria dels teus drets\",\"publisher\":{\"@id\":\"https:\\\/\\\/www.sindicaturabarcelona.cat\\\/es\\\/#organization\"},\"potentialAction\":[{\"@type\":\"SearchAction\",\"target\":{\"@type\":\"EntryPoint\",\"urlTemplate\":\"https:\\\/\\\/www.sindicaturabarcelona.cat\\\/es\\\/?s={search_term_string}\"},\"query-input\":{\"@type\":\"PropertyValueSpecification\",\"valueRequired\":true,\"valueName\":\"search_term_string\"}}],\"inLanguage\":\"es\"},{\"@type\":\"Organization\",\"@id\":\"https:\\\/\\\/www.sindicaturabarcelona.cat\\\/es\\\/#organization\",\"name\":\"Sindicatura de Greuges de Barcelona\",\"url\":\"https:\\\/\\\/www.sindicaturabarcelona.cat\\\/es\\\/\",\"logo\":{\"@type\":\"ImageObject\",\"inLanguage\":\"es\",\"@id\":\"https:\\\/\\\/www.sindicaturabarcelona.cat\\\/es\\\/#\\\/schema\\\/logo\\\/image\\\/\",\"url\":\"https:\\\/\\\/www.sindicaturabarcelona.cat\\\/wp-content\\\/uploads\\\/2023\\\/02\\\/logo_sindicatura.svg\",\"contentUrl\":\"https:\\\/\\\/www.sindicaturabarcelona.cat\\\/wp-content\\\/uploads\\\/2023\\\/02\\\/logo_sindicatura.svg\",\"caption\":\"Sindicatura de Greuges de Barcelona\"},\"image\":{\"@id\":\"https:\\\/\\\/www.sindicaturabarcelona.cat\\\/es\\\/#\\\/schema\\\/logo\\\/image\\\/\"},\"sameAs\":[\"https:\\\/\\\/x.com\\\/sindicbarcelona\",\"https:\\\/\\\/www.instagram.com\\\/sindicbarcelona\\\/\",\"https:\\\/\\\/www.tiktok.com\\\/@sindicaturabcn\",\"https:\\\/\\\/t.me\\\/sindicaturabarcelona\"]},{\"@type\":\"Person\",\"@id\":\"https:\\\/\\\/www.sindicaturabarcelona.cat\\\/es\\\/#\\\/schema\\\/person\\\/0e5acffc350ffdbc97578159322c9452\",\"name\":\"Pablo\",\"image\":{\"@type\":\"ImageObject\",\"inLanguage\":\"es\",\"@id\":\"https:\\\/\\\/secure.gravatar.com\\\/avatar\\\/c948169b402ef9492afde705c3dfd5e90e1a6a84ef6840a91124f805a25a480f?s=96&d=mm&r=g\",\"url\":\"https:\\\/\\\/secure.gravatar.com\\\/avatar\\\/c948169b402ef9492afde705c3dfd5e90e1a6a84ef6840a91124f805a25a480f?s=96&d=mm&r=g\",\"contentUrl\":\"https:\\\/\\\/secure.gravatar.com\\\/avatar\\\/c948169b402ef9492afde705c3dfd5e90e1a6a84ef6840a91124f805a25a480f?s=96&d=mm&r=g\",\"caption\":\"Pablo\"},\"url\":\"https:\\\/\\\/www.sindicaturabarcelona.cat\\\/es\\\/author\\\/pablo\\\/\"}]}<\/script>\n<!-- \/ Yoast SEO plugin. -->","yoast_head_json":{"title":"El Ayuntamiento de Barcelona debe mejorar su comunicaci\u00f3n y transparencia de los programas de accesibilidad para actividades en centros c\u00edvicos - Sindicatura de Greuges de Barcelona","robots":{"index":"index","follow":"follow","max-snippet":"max-snippet:-1","max-image-preview":"max-image-preview:large","max-video-preview":"max-video-preview:-1"},"canonical":"https:\/\/www.sindicaturabarcelona.cat\/es\/el-ayuntamiento-de-barcelona-debe-mejorar-su-comunicacion-y-transparencia-de-los-programas-de-accesibilidad-para-actividades-en-centros-civicos\/","og_locale":"es_ES","og_type":"article","og_title":"El Ayuntamiento de Barcelona debe mejorar su comunicaci\u00f3n y transparencia de los programas de accesibilidad para actividades en centros c\u00edvicos - Sindicatura de Greuges de Barcelona","og_description":"A ra\u00edz de la queja de una ciudadana con diversidad funcional&nbsp; por las dificultades con las que se encontraba para poder contar con la figura de asistente personal para la [&hellip;]","og_url":"https:\/\/www.sindicaturabarcelona.cat\/es\/el-ayuntamiento-de-barcelona-debe-mejorar-su-comunicacion-y-transparencia-de-los-programas-de-accesibilidad-para-actividades-en-centros-civicos\/","og_site_name":"Sindicatura de Greuges de Barcelona","article_published_time":"2023-05-05T12:21:21+00:00","article_modified_time":"2023-05-09T14:30:22+00:00","og_image":[{"width":1984,"height":1488,"url":"https:\/\/www.sindicaturabarcelona.cat\/wp-content\/uploads\/2020\/08\/img_631519989884.jpg","type":"image\/jpeg"}],"author":"Pablo","twitter_card":"summary_large_image","twitter_creator":"@sindicbarcelona","twitter_site":"@sindicbarcelona","twitter_misc":{"Escrito por":"Pablo","Tiempo de lectura":"4 minutos"},"schema":{"@context":"https:\/\/schema.org","@graph":[{"@type":"Article","@id":"https:\/\/www.sindicaturabarcelona.cat\/es\/el-ayuntamiento-de-barcelona-debe-mejorar-su-comunicacion-y-transparencia-de-los-programas-de-accesibilidad-para-actividades-en-centros-civicos\/#article","isPartOf":{"@id":"https:\/\/www.sindicaturabarcelona.cat\/es\/el-ayuntamiento-de-barcelona-debe-mejorar-su-comunicacion-y-transparencia-de-los-programas-de-accesibilidad-para-actividades-en-centros-civicos\/"},"author":{"name":"Pablo","@id":"https:\/\/www.sindicaturabarcelona.cat\/es\/#\/schema\/person\/0e5acffc350ffdbc97578159322c9452"},"headline":"El Ayuntamiento de Barcelona debe mejorar su comunicaci\u00f3n y transparencia de los programas de accesibilidad para actividades en centros c\u00edvicos","datePublished":"2023-05-05T12:21:21+00:00","dateModified":"2023-05-09T14:30:22+00:00","mainEntityOfPage":{"@id":"https:\/\/www.sindicaturabarcelona.cat\/es\/el-ayuntamiento-de-barcelona-debe-mejorar-su-comunicacion-y-transparencia-de-los-programas-de-accesibilidad-para-actividades-en-centros-civicos\/"},"wordCount":689,"publisher":{"@id":"https:\/\/www.sindicaturabarcelona.cat\/es\/#organization"},"image":{"@id":"https:\/\/www.sindicaturabarcelona.cat\/es\/el-ayuntamiento-de-barcelona-debe-mejorar-su-comunicacion-y-transparencia-de-los-programas-de-accesibilidad-para-actividades-en-centros-civicos\/#primaryimage"},"thumbnailUrl":"https:\/\/www.sindicaturabarcelona.cat\/wp-content\/uploads\/2020\/08\/img_631519989884.jpg","articleSection":["Accesibilidad","Educaci\u00f3n, deporte y cultura"],"inLanguage":"es"},{"@type":"WebPage","@id":"https:\/\/www.sindicaturabarcelona.cat\/es\/el-ayuntamiento-de-barcelona-debe-mejorar-su-comunicacion-y-transparencia-de-los-programas-de-accesibilidad-para-actividades-en-centros-civicos\/","url":"https:\/\/www.sindicaturabarcelona.cat\/es\/el-ayuntamiento-de-barcelona-debe-mejorar-su-comunicacion-y-transparencia-de-los-programas-de-accesibilidad-para-actividades-en-centros-civicos\/","name":"El Ayuntamiento de Barcelona debe mejorar su comunicaci\u00f3n y transparencia de los programas de accesibilidad para actividades en centros c\u00edvicos - Sindicatura de Greuges de Barcelona","isPartOf":{"@id":"https:\/\/www.sindicaturabarcelona.cat\/es\/#website"},"primaryImageOfPage":{"@id":"https:\/\/www.sindicaturabarcelona.cat\/es\/el-ayuntamiento-de-barcelona-debe-mejorar-su-comunicacion-y-transparencia-de-los-programas-de-accesibilidad-para-actividades-en-centros-civicos\/#primaryimage"},"image":{"@id":"https:\/\/www.sindicaturabarcelona.cat\/es\/el-ayuntamiento-de-barcelona-debe-mejorar-su-comunicacion-y-transparencia-de-los-programas-de-accesibilidad-para-actividades-en-centros-civicos\/#primaryimage"},"thumbnailUrl":"https:\/\/www.sindicaturabarcelona.cat\/wp-content\/uploads\/2020\/08\/img_631519989884.jpg","datePublished":"2023-05-05T12:21:21+00:00","dateModified":"2023-05-09T14:30:22+00:00","breadcrumb":{"@id":"https:\/\/www.sindicaturabarcelona.cat\/es\/el-ayuntamiento-de-barcelona-debe-mejorar-su-comunicacion-y-transparencia-de-los-programas-de-accesibilidad-para-actividades-en-centros-civicos\/#breadcrumb"},"inLanguage":"es","potentialAction":[{"@type":"ReadAction","target":["https:\/\/www.sindicaturabarcelona.cat\/es\/el-ayuntamiento-de-barcelona-debe-mejorar-su-comunicacion-y-transparencia-de-los-programas-de-accesibilidad-para-actividades-en-centros-civicos\/"]}]},{"@type":"ImageObject","inLanguage":"es","@id":"https:\/\/www.sindicaturabarcelona.cat\/es\/el-ayuntamiento-de-barcelona-debe-mejorar-su-comunicacion-y-transparencia-de-los-programas-de-accesibilidad-para-actividades-en-centros-civicos\/#primaryimage","url":"https:\/\/www.sindicaturabarcelona.cat\/wp-content\/uploads\/2020\/08\/img_631519989884.jpg","contentUrl":"https:\/\/www.sindicaturabarcelona.cat\/wp-content\/uploads\/2020\/08\/img_631519989884.jpg","width":1984,"height":1488},{"@type":"BreadcrumbList","@id":"https:\/\/www.sindicaturabarcelona.cat\/es\/el-ayuntamiento-de-barcelona-debe-mejorar-su-comunicacion-y-transparencia-de-los-programas-de-accesibilidad-para-actividades-en-centros-civicos\/#breadcrumb","itemListElement":[{"@type":"ListItem","position":1,"name":"Inici","item":"https:\/\/www.sindicaturabarcelona.cat\/es\/"},{"@type":"ListItem","position":2,"name":"El Ayuntamiento de Barcelona debe mejorar su comunicaci\u00f3n y transparencia de los programas de accesibilidad para actividades en centros c\u00edvicos"}]},{"@type":"WebSite","@id":"https:\/\/www.sindicaturabarcelona.cat\/es\/#website","url":"https:\/\/www.sindicaturabarcelona.cat\/es\/","name":"Sindicatura de Greuges de Barcelona","description":"La defensoria dels teus drets","publisher":{"@id":"https:\/\/www.sindicaturabarcelona.cat\/es\/#organization"},"potentialAction":[{"@type":"SearchAction","target":{"@type":"EntryPoint","urlTemplate":"https:\/\/www.sindicaturabarcelona.cat\/es\/?s={search_term_string}"},"query-input":{"@type":"PropertyValueSpecification","valueRequired":true,"valueName":"search_term_string"}}],"inLanguage":"es"},{"@type":"Organization","@id":"https:\/\/www.sindicaturabarcelona.cat\/es\/#organization","name":"Sindicatura de Greuges de Barcelona","url":"https:\/\/www.sindicaturabarcelona.cat\/es\/","logo":{"@type":"ImageObject","inLanguage":"es","@id":"https:\/\/www.sindicaturabarcelona.cat\/es\/#\/schema\/logo\/image\/","url":"https:\/\/www.sindicaturabarcelona.cat\/wp-content\/uploads\/2023\/02\/logo_sindicatura.svg","contentUrl":"https:\/\/www.sindicaturabarcelona.cat\/wp-content\/uploads\/2023\/02\/logo_sindicatura.svg","caption":"Sindicatura de Greuges de Barcelona"},"image":{"@id":"https:\/\/www.sindicaturabarcelona.cat\/es\/#\/schema\/logo\/image\/"},"sameAs":["https:\/\/x.com\/sindicbarcelona","https:\/\/www.instagram.com\/sindicbarcelona\/","https:\/\/www.tiktok.com\/@sindicaturabcn","https:\/\/t.me\/sindicaturabarcelona"]},{"@type":"Person","@id":"https:\/\/www.sindicaturabarcelona.cat\/es\/#\/schema\/person\/0e5acffc350ffdbc97578159322c9452","name":"Pablo","image":{"@type":"ImageObject","inLanguage":"es","@id":"https:\/\/secure.gravatar.com\/avatar\/c948169b402ef9492afde705c3dfd5e90e1a6a84ef6840a91124f805a25a480f?s=96&d=mm&r=g","url":"https:\/\/secure.gravatar.com\/avatar\/c948169b402ef9492afde705c3dfd5e90e1a6a84ef6840a91124f805a25a480f?s=96&d=mm&r=g","contentUrl":"https:\/\/secure.gravatar.com\/avatar\/c948169b402ef9492afde705c3dfd5e90e1a6a84ef6840a91124f805a25a480f?s=96&d=mm&r=g","caption":"Pablo"},"url":"https:\/\/www.sindicaturabarcelona.cat\/es\/author\/pablo\/"}]}},"_links":{"self":[{"href":"https:\/\/www.sindicaturabarcelona.cat\/es\/wp-json\/wp\/v2\/posts\/27620","targetHints":{"allow":["GET"]}}],"collection":[{"href":"https:\/\/www.sindicaturabarcelona.cat\/es\/wp-json\/wp\/v2\/posts"}],"about":[{"href":"https:\/\/www.sindicaturabarcelona.cat\/es\/wp-json\/wp\/v2\/types\/post"}],"author":[{"embeddable":true,"href":"https:\/\/www.sindicaturabarcelona.cat\/es\/wp-json\/wp\/v2\/users\/2"}],"replies":[{"embeddable":true,"href":"https:\/\/www.sindicaturabarcelona.cat\/es\/wp-json\/wp\/v2\/comments?post=27620"}],"version-history":[{"count":0,"href":"https:\/\/www.sindicaturabarcelona.cat\/es\/wp-json\/wp\/v2\/posts\/27620\/revisions"}],"wp:featuredmedia":[{"embeddable":true,"href":"https:\/\/www.sindicaturabarcelona.cat\/es\/wp-json\/wp\/v2\/media\/16286"}],"wp:attachment":[{"href":"https:\/\/www.sindicaturabarcelona.cat\/es\/wp-json\/wp\/v2\/media?parent=27620"}],"wp:term":[{"taxonomy":"post_tag","embeddable":true,"href":"https:\/\/www.sindicaturabarcelona.cat\/es\/wp-json\/wp\/v2\/tags?post=27620"},{"taxonomy":"drets","embeddable":true,"href":"https:\/\/www.sindicaturabarcelona.cat\/es\/wp-json\/wp\/v2\/drets?post=27620"}],"curies":[{"name":"wp","href":"https:\/\/api.w.org\/{rel}","templated":true}]}}