{"id":27618,"date":"2023-04-26T17:03:59","date_gmt":"2023-04-26T15:03:59","guid":{"rendered":"https:\/\/www.sindicaturabarcelona.cat\/?p=16219"},"modified":"2025-06-03T10:09:07","modified_gmt":"2025-06-03T08:09:07","slug":"la-sindicatura-de-greuges-de-barcelona-reclama-mas-espacio-para-la-juventud-en-las-politicas-publicas","status":"publish","type":"post","link":"https:\/\/www.sindicaturabarcelona.cat\/es\/la-sindicatura-de-greuges-de-barcelona-reclama-mas-espacio-para-la-juventud-en-las-politicas-publicas\/","title":{"rendered":"La Sindicatura de Greuges de Barcelona reclama m\u00e1s espacio para la juventud en las pol\u00edticas p\u00fablicas"},"content":{"rendered":"\n<figure class=\"wp-block-pullquote\"><blockquote><p><strong>Publica un nuevo informe con 11 propuestas para fomentar la inclusi\u00f3n de la perspectiva juvenil en la elaboraci\u00f3n de pol\u00edticas p\u00fablicas locales<\/strong><\/p><\/blockquote><\/figure>\n\n\n\n<p><strong>La Sindicatura de Greuges de Barcelona ha presentado el informe \u201c<em>Adultocentrismo y pol\u00edticas p\u00fablicas locales: percepciones y propuestas juveniles<\/em>\u201d<\/strong>, en el que se analiza c\u00f3mo vive la juventud la relaci\u00f3n con la administraci\u00f3n municipal y de qu\u00e9 forma mejorarla. Para fomentar su participaci\u00f3n y combatir el desapego de las nuevas generaciones, este informe incluye 11 recomendaciones.<\/p>\n\n\n\n<p>Las propuestas de este informe abordan la <strong>necesidad de una transformaci\u00f3n para incluir la perspectiva juvenil durante todo el proceso de creaci\u00f3n de pol\u00edticas p\u00fablicas<\/strong>, tanto en el punto de partida y dise\u00f1o de las mismas, como en su ejecuci\u00f3n y evaluaci\u00f3n.<\/p>\n\n\n\n<p>Sin embargo, como concluye este estudio, el adultocentrismo no se supera o elimina desde pol\u00edticas o iniciativas puntuales, sino que requiere un cambio en las din\u00e1micas adultoc\u00e9ntricas existentes. Por eso, la Sindicatura propone un <strong>nuevo marco de actuaci\u00f3n como un todo que \u00fanicamente desde la actuaci\u00f3n coordinada y relacional en diversos \u00e1mbitos podr\u00e1 producir los cambios necesarios.<\/strong><\/p>\n\n\n\n<p>El informe fue encargado al Consell de la Joventut de Barcelona y coordinado por dos investigadores expertos en la materia.<\/p>\n\n\n\n<p><strong><u>La dif\u00edcil relaci\u00f3n entre persones j\u00f3venes y pol\u00edticas p\u00fablicas<\/u><\/strong><\/p>\n\n\n\n<p><strong>La relaci\u00f3n entre las personas j\u00f3venes y las pol\u00edticas p\u00fablicas ha estado ubicada recurrentemente en el centro del debate p\u00fablico, social y pol\u00edtico.<\/strong> La dificultad de las administraciones para llegar a los j\u00f3venes, el sentimiento de distancia y desatenci\u00f3n hacia las pol\u00edticas p\u00fablicas por parte de los j\u00f3venes o las diferentes experiencias negativas o insuficientes que han vivido estos en estas relaciones son algunos de los puntos m\u00e1s significativos que visibilizan una cierta ruptura generacional .<\/p>\n\n\n\n<p>Es de ah\u00ed de donde emerge este estudio. Un estudio que busca comprender c\u00f3mo se materializan, perciben y viven estas relaciones con las administraciones p\u00fablicas para observar la posici\u00f3n social y pol\u00edtica que ocupa la juventud.<\/p>\n\n\n\n<p>El objetivo del estudio es doble. Por un lado, analizar de qu\u00e9 manera se materializa lo adultocentrisme en las pol\u00edticas p\u00fablicas locales, <strong>escuchar y plasmar las experiencias, percepciones y relatos de las personas j\u00f3venes participantes en su relaci\u00f3n con las pol\u00edticas p\u00fablicas.<\/strong> Esto permite, adem\u00e1s de escuchar las propias voces, analizar qu\u00e9 efectos tienen las pol\u00edticas p\u00fablicas para ellos y, en consecuencia, entender c\u00f3mo son vividas e interiorizadas. Tambi\u00e9n permite entender c\u00f3mo de esta relaci\u00f3n emergen posiciones sociales y pol\u00edticas diferenciadas en funci\u00f3n de diferentes condicionantes interseccionales.<\/p>\n\n\n\n<p>Por otro lado, el estudio persigue producir marcos propositivos de mejora para incorporar una perspectiva juvenil no adultoc\u00e9ntrica dentro de las instituciones locales.<\/p>\n\n\n\n<p><strong><u>Un estudio participativo<\/u><\/strong><\/p>\n\n\n\n<p>Para comprender las posiciones que ocupan las juventudes en relaci\u00f3n con las pol\u00edticas p\u00fablicas, este estudio ha utilizado una <strong>metodolog\u00eda participativa<\/strong>, con grupos de discusi\u00f3n con suficiente pluralidad y diversidad de perfiles para conseguir visiones y relatos heterog\u00e9neos. <strong>Los grupos se idearon sobre dos ejes transversales: un eje de edad y un eje interseccional<\/strong>, para dar espacio a voces que a menudo quedan m\u00e1s invisibilizadas.<\/p>\n\n\n\n<p>De esta forma, por el eje de edades se crearon grupos de j\u00f3venes de 16 a 18 a\u00f1os, de 24 a 28 a\u00f1os y de 30 a 35 a\u00f1os, con entre cinco y siete participantes a cada uno. Por el eje interseccional, se crearon grupos de j\u00f3venes asociados, de j\u00f3venes racializados y de j\u00f3venes de identidades disidentes, con cinco participantes a cada uno.<\/p>\n\n\n\n<p>La participaci\u00f3n del Consell de la Joventut de Barcelona en todo el proceso desempe\u00f1\u00f3 un papel protagonista y crucial. Las dinamizadoras fueron las encargadas de escoger a las personas participantes de cada grupo y tambi\u00e9n de realizar la tarea de contacto y convocatoria y de gesti\u00f3n de cada sesi\u00f3n.<\/p>\n\n\n\n<p><strong><u>Combatir la desafecci\u00f3n institucional<\/u><\/strong><\/p>\n\n\n\n<p>Las pol\u00edticas de juventud en Barcelona y en todo el pa\u00eds han puesto un \u00e9nfasis muy especial en la participaci\u00f3n de la juventud. Sin embargo, <strong>la sensaci\u00f3n de las generaciones j\u00f3venes es que su voz es menospreciada y sus demandas no son priorizadas.<\/strong> Y una prueba de este argumento es la posici\u00f3n marginal que todav\u00eda ocupan las pol\u00edticas de juventud y la escasa prioridad en la agenda pol\u00edtica de las necesidades y demandas de la gente joven.<\/p>\n\n\n\n<p><strong>La mejor manera de combatir el descontento y el desapego institucional de la juventud es haciendo pol\u00edticas para la juventud<\/strong>. La incorporaci\u00f3n de una perspectiva juvenil a las pol\u00edticas p\u00fablicas que reconozca la huella del adultocentrismo, cambie din\u00e1micas institucionales y prioridades pol\u00edticas es imprescindible para realizar este cambio.<\/p>\n\n\n\n<p><strong><u>Una mirada juvenil y interseccional<\/u><\/strong><\/p>\n\n\n\n<p>Para conseguir la inclusi\u00f3n de las nuevas generaciones, es necesario incorporar una perspectiva juvenil no adultoc\u00e9ntrica que siempre est\u00e9 acompa\u00f1ada de una mirada interseccional. <strong>La juventud no es una entidad s\u00f3lida y espec\u00edfica que act\u00faa y se mueve por cuestiones comunes<\/strong>. Por tanto, si no se atiende a su diversidad, se seguir\u00e1n invisibilizando las diferentes posiciones, marginalidades y opresiones que afectan a las diferentes personas j\u00f3venes.<\/p>\n\n\n\n<p>La Sindicatura de Greuges de Barcelona ha se\u00f1alado anteriormente la importancia de aplicar una mirada interseccional en la defensa de los derechos de la ciudadan\u00eda para ser conscientes de la multiplicidad de discriminaciones y opresiones que experimentan las personas seg\u00fan las diferentes capas de opresi\u00f3n a las que se enfrentan, c\u00f3mo se recogi\u00f3 en el <a href=\"http:\/\/sindicaturabarcelona.cat\/wp-content\/uploads\/InformeAnual2022_com.pdf\" target=\"_blank\" rel=\"noreferrer noopener\">Informe Anual 2022 de la Sindicatura de Greuges de Barcelona<\/a>.<\/p>\n\n\n\n<p><strong><u>Conclusiones del informe<\/u><\/strong><\/p>\n\n\n\n<p>El estudio se ha articulado a trav\u00e9s de dos bloques. El primero se refiere a las <strong>percepciones y experiencias que tienen las personas j\u00f3venes<\/strong> participantes sobre las pol\u00edticas p\u00fablicas. Y el segundo analiza la cuesti\u00f3n de forma tem\u00e1tica en relaci\u00f3n con tres ejes: el derecho a la participaci\u00f3n, la seguridad vital y la emancipaci\u00f3n y el derecho en el espacio p\u00fablico.<\/p>\n\n\n\n<p>Ha aparecido con fuerza la <strong>percepci\u00f3n generalizada de que la administraci\u00f3n y las instituciones son algo extremadamente burocratizado<\/strong>. Un exceso de burocracia que se centra en la <strong>utilizaci\u00f3n de lenguajes y procedimientos que generan dificultades de comprensi\u00f3n<\/strong> para las personas j\u00f3venes y tambi\u00e9n la <strong>no adaptaci\u00f3n a las realidades juveniles<\/strong> tanto temporales (en horarios de atenci\u00f3n, por ejemplo) como de conocimiento de los procesos (sentimientos de distancia, menoscabo, exceso de requisitos o de procesos, entre otros). Espec\u00edficamente, en muchos de los grupos se vincula este exceso de burocratizaci\u00f3n a cierto envejecimiento de las instituciones. Un envejecimiento que va vinculado tanto al perfil de las personas que trabajan con \u00e9l como a la centralidad que ocupan las cuestiones vinculadas a los adultos frente a las vinculadas a los j\u00f3venes. Todo ello desemboca en la generaci\u00f3n de un imaginario de que las instituciones son algo hecho por y para los adultos.<\/p>\n\n\n\n<p>Por \u00faltimo, todo esto desemboca tambi\u00e9n en una percepci\u00f3n compartida de que el resultado de las pol\u00edticas p\u00fablicas dirigidas a la juventud o, dicho de otra forma, los resultados de las relaciones entre j\u00f3venes e instituciones es parcial, insuficiente y no resuelve de forma completa las sus necesidades.<\/p>\n\n\n\n<p><strong>Este informe tambi\u00e9n ha puesto de manifiesto la posici\u00f3n marginal que todav\u00eda ocupan las pol\u00edticas de juventud en nuestro contexto y la escasa prioridad en la agenda pol\u00edtica de las necesidades y demandas de la gente joven<\/strong>. Por tanto, hay que reivindicar la centralidad de las pol\u00edticas dirigidas a las personas j\u00f3venes y en particular las que tienen un mayor impacto sobre sus transiciones.<\/p>\n\n\n\n<p><strong><u>11 propuestas para incluir la perspectiva juvenil<\/u><\/strong><\/p>\n\n\n\n<p>El estudio concluye con el listado de propuestas que plantea la Sindicatura de Greuges de Barcelona. Son las siguientes:<\/p>\n\n\n\n<ul class=\"wp-block-list\">\n<li><strong>Impulsar un nuevo pacto intergeneracional:<\/strong> Con voluntad pol\u00edtica y social, debe trabajarse en un acuerdo para poner las bases bajo las que incluir la perspectiva juvenil. El pacto deber\u00eda identificar los efectos del adultocentrismo en las instituciones y en las oportunidades de la gente joven, enmarcar los fundamentos de la perspectiva juvenil en las pol\u00edticas p\u00fablicas y sentar las bases para su desarrollo.<\/li>\n\n\n\n<li><strong>Formar a trabajadoras y representantes institucionales sobre interseccionalidad, adultocentrismo y perspectiva juvenil:<\/strong> Es necesaria una formaci\u00f3n a trabajadores y representantes de las administraciones que contribuya a aclarar conceptos, compartir la visi\u00f3n de las personas j\u00f3venes y sensibilizar sobre algunas din\u00e1micas muy integradas e invisibilizadas adultocentrismo en las instituciones. Una formaci\u00f3n transversal tanto en los diferentes \u00e1mbitos y departamento de actuaci\u00f3n de la administraci\u00f3n, como en los diferentes niveles de responsabilidad en las trabajadoras y cargos p\u00fablicos.<\/li>\n\n\n\n<li><strong>Dotar de una estructura pol\u00edtica y t\u00e9cnica, propia y al mismo tiempo transversal, a las pol\u00edticas de juventud (concejal\u00eda y comisi\u00f3n interdepartamental):<\/strong> Esta voluntad pol\u00edtica debe ir acompa\u00f1ada de una concejal\u00eda espec\u00edfica con un v\u00ednculo org\u00e1nico directo con Alcald\u00eda y una Comisi\u00f3n Interdepartamental de Perspectiva Juvenil de car\u00e1cter pol\u00edtico con el liderazgo de la concejal\u00eda de juventud y de alcald\u00eda que garantice la incorporaci\u00f3n de la perspectiva juvenil a todos los \u00e1mbitos que afectan a la vida de las personas j\u00f3venes.<\/li>\n\n\n\n<li><strong>Priorizar las pol\u00edticas de apoyo a la juventud y sus transiciones e incrementar su presupuesto: <\/strong>El trabajo de campo de esta investigaci\u00f3n ha hecho evidente que la desatenci\u00f3n de las necesidades y demandas de la juventud tambi\u00e9n es percibida por la gente joven, lo que alimenta el c\u00edrculo vicioso del alejamiento entre juventud e instituciones democr\u00e1ticas. Es necesario poner en primer plano las necesidades de la gente joven, muy especialmente en las pol\u00edticas de educaci\u00f3n, trabajo y vivienda, con un incremento significativo del presupuesto a aquellas pol\u00edticas orientadas a la juventud.<\/li>\n\n\n\n<li><strong>Integrar las voces de las personas j\u00f3venes a trav\u00e9s de sus propios espacios de participaci\u00f3n:<\/strong> Es necesario poner m\u00e1s esfuerzo para abrir las instituciones a lo que est\u00e1 pasando en la calle, y no tanto para generar espacios y plataformas de participaci\u00f3n ad hoc, y procurar que las personas j\u00f3venes se acerquen. Las instituciones deben entender que las formas m\u00e1s espont\u00e1neas de participaci\u00f3n y movilizaci\u00f3n social de la juventud son tambi\u00e9n espacios de expresi\u00f3n democr\u00e1tica que pueden orientar las pol\u00edticas p\u00fablicas.<\/li>\n\n\n\n<li><strong>Acomodar los espacios de participaci\u00f3n institucionales y hacerlos significativos: <\/strong>Debe realizarse una transformaci\u00f3n interna de los espacios de participaci\u00f3n y di\u00e1logo propuestos e impulsados desde las propias administraciones. Es necesario, a trav\u00e9s de la formaci\u00f3n propuesta en el primer punto, acomodar los espacios a las realidades juveniles y adoptar nuevos formatos internos que los hagan m\u00e1s amables y se alejen de la reproducci\u00f3n de pr\u00e1cticas o din\u00e1micas adultoc\u00e9ntricas.<\/li>\n\n\n\n<li><strong>Informar sobre las pol\u00edticas y servicios a trav\u00e9s de canales espec\u00edficamente juveniles:<\/strong> portal joven de ventanilla \u00fanica digital, puntos de informaci\u00f3n juvenil e informaci\u00f3n proactiva: Existe la percepci\u00f3n de que la informaci\u00f3n sobre servicios y prestaciones no llega por canales p\u00fablicos y evidentes, sino que normalmente se realiza a trav\u00e9s de canales y contactos personales e informales. Se valor\u00f3 positivamente en los grupos de trabajo la posibilidad de crear un portal digital personalizado donde centralizar las diversas pol\u00edticas dirigidas a la juventud y fomentar una informaci\u00f3n proactiva de servicios y oferta de pol\u00edticas p\u00fablica. Es necesario promover un tipo de informaci\u00f3n proactiva de la oferta de pol\u00edticas p\u00fablicas para colectivos espec\u00edficos.<\/li>\n\n\n\n<li><strong>Promover la universalizaci\u00f3n de los servicios y prestaciones de apoyo a las transiciones juveniles:<\/strong> Las personas j\u00f3venes identifican las pol\u00edticas asociadas a las transiciones juveniles (apoyo a los estudios, facilidades de acceso al mercado laboral o acceso a la vivienda) como las m\u00e1s relevantes y que tienen mayor impacto sobre sus oportunidades. En nuestro entorno las transiciones juveniles han sido olvidadas a menudo por las pol\u00edticas p\u00fablicas y han dejado toda la responsabilidad de apoyo a las familias. Esto hace que las oportunidades y estrategias de transici\u00f3n est\u00e9n muy condicionadas por la familia de origen y se alimente una din\u00e1mica de reproducci\u00f3n intergeneracional de las desigualdades.<\/li>\n\n\n\n<li><strong>Rejuvenecer de la Administraci\u00f3n:<\/strong> Es necesario proponerse actuar para rejuvenecer la administraci\u00f3n y facilitar la identificaci\u00f3n de la juventud con las instituciones. Por ello, es necesario buscar estrategias con los agentes sociales para facilitar el acceso a puestos de trabajo de la administraci\u00f3n y la promoci\u00f3n de personas j\u00f3venes a trav\u00e9s, por ejemplo, de plazas espec\u00edficas, de la mejora de la informaci\u00f3n sobre ofertas y bolsas de trabajo, de la inclusi\u00f3n de criterios de edad en determinadas convocatorias, etc.<\/li>\n\n\n\n<li><strong>Establecer una estrategia de evaluaci\u00f3n de la perspectiva juvenil en las pol\u00edticas p\u00fablicas:<\/strong> M\u00e1s all\u00e1 de la adopci\u00f3n de medidas concretas, es necesario mantener una visi\u00f3n global de la situaci\u00f3n de la juventud y de la aplicaci\u00f3n de esta perspectiva. Hay que partir, de entrada, de un diagn\u00f3stico de la situaci\u00f3n de la juventud. Y que estas diagnosis est\u00e9n m\u00e1s vinculadas a la voluntad de transformaci\u00f3n de las condiciones de vida y oportunidades de los j\u00f3venes y de las pol\u00edticas que les afectan.<\/li>\n\n\n\n<li><strong>Poner en marcha un sistema de indicadores sobre la perspectiva juvenil en las pol\u00edticas p\u00fablicas:<\/strong> Estos indicadores deben medir aspectos vinculados tanto a la situaci\u00f3n de las personas j\u00f3venes y como a las pol\u00edticas que les afectan. Los indicadores deben poner \u00e9nfasis en las situaciones de discriminaci\u00f3n adultoc\u00e9ntrica desde una l\u00f3gica interseccional. Tambi\u00e9n es necesario que recojan el grado de cumplimiento de los compromisos adquiridos.<\/li>\n<\/ul>\n","protected":false},"excerpt":{"rendered":"<p>Publica un nuevo informe con 11 propuestas para fomentar la inclusi\u00f3n de la perspectiva juvenil en la elaboraci\u00f3n de pol\u00edticas p\u00fablicas locales La Sindicatura de Greuges de Barcelona ha presentado [&hellip;]<\/p>\n","protected":false},"author":2,"featured_media":27634,"comment_status":"closed","ping_status":"closed","sticky":false,"template":"","format":"standard","meta":{"_acf_changed":false,"footnotes":""},"tags":[],"drets":[1567,1572,1573],"class_list":["post-27618","post","type-post","status-publish","format-standard","has-post-thumbnail","hentry","drets-ciudad-diversa","drets-derechos-de-la-juventud","drets-derechos-de-participacion"],"acf":[],"yoast_head":"<!-- This site is optimized with the Yoast SEO plugin v27.5 - https:\/\/yoast.com\/product\/yoast-seo-wordpress\/ -->\n<title>La Sindicatura de Greuges de Barcelona reclama m\u00e1s espacio para la juventud en las pol\u00edticas p\u00fablicas - Sindicatura de Greuges de Barcelona<\/title>\n<meta name=\"robots\" content=\"index, follow, max-snippet:-1, max-image-preview:large, max-video-preview:-1\" \/>\n<link rel=\"canonical\" href=\"https:\/\/www.sindicaturabarcelona.cat\/es\/la-sindicatura-de-greuges-de-barcelona-reclama-mas-espacio-para-la-juventud-en-las-politicas-publicas\/\" \/>\n<meta property=\"og:locale\" content=\"es_ES\" \/>\n<meta property=\"og:type\" content=\"article\" \/>\n<meta property=\"og:title\" content=\"La Sindicatura de Greuges de Barcelona reclama m\u00e1s espacio para la juventud en las pol\u00edticas p\u00fablicas - Sindicatura de Greuges de Barcelona\" \/>\n<meta property=\"og:description\" content=\"Publica un nuevo informe con 11 propuestas para fomentar la inclusi\u00f3n de la perspectiva juvenil en la elaboraci\u00f3n de pol\u00edticas p\u00fablicas locales La Sindicatura de Greuges de Barcelona ha presentado [&hellip;]\" \/>\n<meta property=\"og:url\" content=\"https:\/\/www.sindicaturabarcelona.cat\/es\/la-sindicatura-de-greuges-de-barcelona-reclama-mas-espacio-para-la-juventud-en-las-politicas-publicas\/\" \/>\n<meta property=\"og:site_name\" content=\"Sindicatura de Greuges de Barcelona\" \/>\n<meta property=\"article:published_time\" content=\"2023-04-26T15:03:59+00:00\" \/>\n<meta property=\"article:modified_time\" content=\"2025-06-03T08:09:07+00:00\" \/>\n<meta property=\"og:image\" content=\"https:\/\/www.sindicaturabarcelona.cat\/wp-content\/uploads\/3A5A8113-scaled-2.jpg\" \/>\n\t<meta property=\"og:image:width\" content=\"2560\" \/>\n\t<meta property=\"og:image:height\" content=\"1707\" \/>\n\t<meta property=\"og:image:type\" content=\"image\/jpeg\" \/>\n<meta name=\"author\" content=\"Pablo\" \/>\n<meta name=\"twitter:card\" content=\"summary_large_image\" \/>\n<meta name=\"twitter:creator\" content=\"@sindicbarcelona\" \/>\n<meta name=\"twitter:site\" content=\"@sindicbarcelona\" \/>\n<meta name=\"twitter:label1\" content=\"Escrito por\" \/>\n\t<meta name=\"twitter:data1\" content=\"Pablo\" \/>\n\t<meta name=\"twitter:label2\" content=\"Tiempo de lectura\" \/>\n\t<meta name=\"twitter:data2\" content=\"12 minutos\" \/>\n<script type=\"application\/ld+json\" class=\"yoast-schema-graph\">{\"@context\":\"https:\\\/\\\/schema.org\",\"@graph\":[{\"@type\":\"Article\",\"@id\":\"https:\\\/\\\/www.sindicaturabarcelona.cat\\\/es\\\/la-sindicatura-de-greuges-de-barcelona-reclama-mas-espacio-para-la-juventud-en-las-politicas-publicas\\\/#article\",\"isPartOf\":{\"@id\":\"https:\\\/\\\/www.sindicaturabarcelona.cat\\\/es\\\/la-sindicatura-de-greuges-de-barcelona-reclama-mas-espacio-para-la-juventud-en-las-politicas-publicas\\\/\"},\"author\":{\"name\":\"Pablo\",\"@id\":\"https:\\\/\\\/www.sindicaturabarcelona.cat\\\/es\\\/#\\\/schema\\\/person\\\/0e5acffc350ffdbc97578159322c9452\"},\"headline\":\"La Sindicatura de Greuges de Barcelona reclama m\u00e1s espacio para la juventud en las pol\u00edticas p\u00fablicas\",\"datePublished\":\"2023-04-26T15:03:59+00:00\",\"dateModified\":\"2025-06-03T08:09:07+00:00\",\"mainEntityOfPage\":{\"@id\":\"https:\\\/\\\/www.sindicaturabarcelona.cat\\\/es\\\/la-sindicatura-de-greuges-de-barcelona-reclama-mas-espacio-para-la-juventud-en-las-politicas-publicas\\\/\"},\"wordCount\":2403,\"publisher\":{\"@id\":\"https:\\\/\\\/www.sindicaturabarcelona.cat\\\/es\\\/#organization\"},\"image\":{\"@id\":\"https:\\\/\\\/www.sindicaturabarcelona.cat\\\/es\\\/la-sindicatura-de-greuges-de-barcelona-reclama-mas-espacio-para-la-juventud-en-las-politicas-publicas\\\/#primaryimage\"},\"thumbnailUrl\":\"https:\\\/\\\/www.sindicaturabarcelona.cat\\\/wp-content\\\/uploads\\\/3A5A8113-scaled-2.jpg\",\"articleSection\":[\"Uncategorized @ca\"],\"inLanguage\":\"es\"},{\"@type\":\"WebPage\",\"@id\":\"https:\\\/\\\/www.sindicaturabarcelona.cat\\\/es\\\/la-sindicatura-de-greuges-de-barcelona-reclama-mas-espacio-para-la-juventud-en-las-politicas-publicas\\\/\",\"url\":\"https:\\\/\\\/www.sindicaturabarcelona.cat\\\/es\\\/la-sindicatura-de-greuges-de-barcelona-reclama-mas-espacio-para-la-juventud-en-las-politicas-publicas\\\/\",\"name\":\"La Sindicatura de Greuges de Barcelona reclama m\u00e1s espacio para la juventud en las pol\u00edticas p\u00fablicas - Sindicatura de Greuges de Barcelona\",\"isPartOf\":{\"@id\":\"https:\\\/\\\/www.sindicaturabarcelona.cat\\\/es\\\/#website\"},\"primaryImageOfPage\":{\"@id\":\"https:\\\/\\\/www.sindicaturabarcelona.cat\\\/es\\\/la-sindicatura-de-greuges-de-barcelona-reclama-mas-espacio-para-la-juventud-en-las-politicas-publicas\\\/#primaryimage\"},\"image\":{\"@id\":\"https:\\\/\\\/www.sindicaturabarcelona.cat\\\/es\\\/la-sindicatura-de-greuges-de-barcelona-reclama-mas-espacio-para-la-juventud-en-las-politicas-publicas\\\/#primaryimage\"},\"thumbnailUrl\":\"https:\\\/\\\/www.sindicaturabarcelona.cat\\\/wp-content\\\/uploads\\\/3A5A8113-scaled-2.jpg\",\"datePublished\":\"2023-04-26T15:03:59+00:00\",\"dateModified\":\"2025-06-03T08:09:07+00:00\",\"breadcrumb\":{\"@id\":\"https:\\\/\\\/www.sindicaturabarcelona.cat\\\/es\\\/la-sindicatura-de-greuges-de-barcelona-reclama-mas-espacio-para-la-juventud-en-las-politicas-publicas\\\/#breadcrumb\"},\"inLanguage\":\"es\",\"potentialAction\":[{\"@type\":\"ReadAction\",\"target\":[\"https:\\\/\\\/www.sindicaturabarcelona.cat\\\/es\\\/la-sindicatura-de-greuges-de-barcelona-reclama-mas-espacio-para-la-juventud-en-las-politicas-publicas\\\/\"]}]},{\"@type\":\"ImageObject\",\"inLanguage\":\"es\",\"@id\":\"https:\\\/\\\/www.sindicaturabarcelona.cat\\\/es\\\/la-sindicatura-de-greuges-de-barcelona-reclama-mas-espacio-para-la-juventud-en-las-politicas-publicas\\\/#primaryimage\",\"url\":\"https:\\\/\\\/www.sindicaturabarcelona.cat\\\/wp-content\\\/uploads\\\/3A5A8113-scaled-2.jpg\",\"contentUrl\":\"https:\\\/\\\/www.sindicaturabarcelona.cat\\\/wp-content\\\/uploads\\\/3A5A8113-scaled-2.jpg\",\"width\":2560,\"height\":1707},{\"@type\":\"BreadcrumbList\",\"@id\":\"https:\\\/\\\/www.sindicaturabarcelona.cat\\\/es\\\/la-sindicatura-de-greuges-de-barcelona-reclama-mas-espacio-para-la-juventud-en-las-politicas-publicas\\\/#breadcrumb\",\"itemListElement\":[{\"@type\":\"ListItem\",\"position\":1,\"name\":\"Inici\",\"item\":\"https:\\\/\\\/www.sindicaturabarcelona.cat\\\/es\\\/\"},{\"@type\":\"ListItem\",\"position\":2,\"name\":\"La Sindicatura de Greuges de Barcelona reclama m\u00e1s espacio para la juventud en las pol\u00edticas p\u00fablicas\"}]},{\"@type\":\"WebSite\",\"@id\":\"https:\\\/\\\/www.sindicaturabarcelona.cat\\\/es\\\/#website\",\"url\":\"https:\\\/\\\/www.sindicaturabarcelona.cat\\\/es\\\/\",\"name\":\"Sindicatura de Greuges de Barcelona\",\"description\":\"La defensoria dels teus drets\",\"publisher\":{\"@id\":\"https:\\\/\\\/www.sindicaturabarcelona.cat\\\/es\\\/#organization\"},\"potentialAction\":[{\"@type\":\"SearchAction\",\"target\":{\"@type\":\"EntryPoint\",\"urlTemplate\":\"https:\\\/\\\/www.sindicaturabarcelona.cat\\\/es\\\/?s={search_term_string}\"},\"query-input\":{\"@type\":\"PropertyValueSpecification\",\"valueRequired\":true,\"valueName\":\"search_term_string\"}}],\"inLanguage\":\"es\"},{\"@type\":\"Organization\",\"@id\":\"https:\\\/\\\/www.sindicaturabarcelona.cat\\\/es\\\/#organization\",\"name\":\"Sindicatura de Greuges de Barcelona\",\"url\":\"https:\\\/\\\/www.sindicaturabarcelona.cat\\\/es\\\/\",\"logo\":{\"@type\":\"ImageObject\",\"inLanguage\":\"es\",\"@id\":\"https:\\\/\\\/www.sindicaturabarcelona.cat\\\/es\\\/#\\\/schema\\\/logo\\\/image\\\/\",\"url\":\"https:\\\/\\\/www.sindicaturabarcelona.cat\\\/wp-content\\\/uploads\\\/2023\\\/02\\\/logo_sindicatura.svg\",\"contentUrl\":\"https:\\\/\\\/www.sindicaturabarcelona.cat\\\/wp-content\\\/uploads\\\/2023\\\/02\\\/logo_sindicatura.svg\",\"caption\":\"Sindicatura de Greuges de Barcelona\"},\"image\":{\"@id\":\"https:\\\/\\\/www.sindicaturabarcelona.cat\\\/es\\\/#\\\/schema\\\/logo\\\/image\\\/\"},\"sameAs\":[\"https:\\\/\\\/x.com\\\/sindicbarcelona\",\"https:\\\/\\\/www.instagram.com\\\/sindicbarcelona\\\/\",\"https:\\\/\\\/www.tiktok.com\\\/@sindicaturabcn\",\"https:\\\/\\\/t.me\\\/sindicaturabarcelona\"]},{\"@type\":\"Person\",\"@id\":\"https:\\\/\\\/www.sindicaturabarcelona.cat\\\/es\\\/#\\\/schema\\\/person\\\/0e5acffc350ffdbc97578159322c9452\",\"name\":\"Pablo\",\"image\":{\"@type\":\"ImageObject\",\"inLanguage\":\"es\",\"@id\":\"https:\\\/\\\/secure.gravatar.com\\\/avatar\\\/c948169b402ef9492afde705c3dfd5e90e1a6a84ef6840a91124f805a25a480f?s=96&d=mm&r=g\",\"url\":\"https:\\\/\\\/secure.gravatar.com\\\/avatar\\\/c948169b402ef9492afde705c3dfd5e90e1a6a84ef6840a91124f805a25a480f?s=96&d=mm&r=g\",\"contentUrl\":\"https:\\\/\\\/secure.gravatar.com\\\/avatar\\\/c948169b402ef9492afde705c3dfd5e90e1a6a84ef6840a91124f805a25a480f?s=96&d=mm&r=g\",\"caption\":\"Pablo\"},\"url\":\"https:\\\/\\\/www.sindicaturabarcelona.cat\\\/es\\\/author\\\/pablo\\\/\"}]}<\/script>\n<!-- \/ Yoast SEO plugin. -->","yoast_head_json":{"title":"La Sindicatura de Greuges de Barcelona reclama m\u00e1s espacio para la juventud en las pol\u00edticas p\u00fablicas - Sindicatura de Greuges de Barcelona","robots":{"index":"index","follow":"follow","max-snippet":"max-snippet:-1","max-image-preview":"max-image-preview:large","max-video-preview":"max-video-preview:-1"},"canonical":"https:\/\/www.sindicaturabarcelona.cat\/es\/la-sindicatura-de-greuges-de-barcelona-reclama-mas-espacio-para-la-juventud-en-las-politicas-publicas\/","og_locale":"es_ES","og_type":"article","og_title":"La Sindicatura de Greuges de Barcelona reclama m\u00e1s espacio para la juventud en las pol\u00edticas p\u00fablicas - Sindicatura de Greuges de Barcelona","og_description":"Publica un nuevo informe con 11 propuestas para fomentar la inclusi\u00f3n de la perspectiva juvenil en la elaboraci\u00f3n de pol\u00edticas p\u00fablicas locales La Sindicatura de Greuges de Barcelona ha presentado [&hellip;]","og_url":"https:\/\/www.sindicaturabarcelona.cat\/es\/la-sindicatura-de-greuges-de-barcelona-reclama-mas-espacio-para-la-juventud-en-las-politicas-publicas\/","og_site_name":"Sindicatura de Greuges de Barcelona","article_published_time":"2023-04-26T15:03:59+00:00","article_modified_time":"2025-06-03T08:09:07+00:00","og_image":[{"width":2560,"height":1707,"url":"https:\/\/www.sindicaturabarcelona.cat\/wp-content\/uploads\/3A5A8113-scaled-2.jpg","type":"image\/jpeg"}],"author":"Pablo","twitter_card":"summary_large_image","twitter_creator":"@sindicbarcelona","twitter_site":"@sindicbarcelona","twitter_misc":{"Escrito por":"Pablo","Tiempo de lectura":"12 minutos"},"schema":{"@context":"https:\/\/schema.org","@graph":[{"@type":"Article","@id":"https:\/\/www.sindicaturabarcelona.cat\/es\/la-sindicatura-de-greuges-de-barcelona-reclama-mas-espacio-para-la-juventud-en-las-politicas-publicas\/#article","isPartOf":{"@id":"https:\/\/www.sindicaturabarcelona.cat\/es\/la-sindicatura-de-greuges-de-barcelona-reclama-mas-espacio-para-la-juventud-en-las-politicas-publicas\/"},"author":{"name":"Pablo","@id":"https:\/\/www.sindicaturabarcelona.cat\/es\/#\/schema\/person\/0e5acffc350ffdbc97578159322c9452"},"headline":"La Sindicatura de Greuges de Barcelona reclama m\u00e1s espacio para la juventud en las pol\u00edticas p\u00fablicas","datePublished":"2023-04-26T15:03:59+00:00","dateModified":"2025-06-03T08:09:07+00:00","mainEntityOfPage":{"@id":"https:\/\/www.sindicaturabarcelona.cat\/es\/la-sindicatura-de-greuges-de-barcelona-reclama-mas-espacio-para-la-juventud-en-las-politicas-publicas\/"},"wordCount":2403,"publisher":{"@id":"https:\/\/www.sindicaturabarcelona.cat\/es\/#organization"},"image":{"@id":"https:\/\/www.sindicaturabarcelona.cat\/es\/la-sindicatura-de-greuges-de-barcelona-reclama-mas-espacio-para-la-juventud-en-las-politicas-publicas\/#primaryimage"},"thumbnailUrl":"https:\/\/www.sindicaturabarcelona.cat\/wp-content\/uploads\/3A5A8113-scaled-2.jpg","articleSection":["Uncategorized @ca"],"inLanguage":"es"},{"@type":"WebPage","@id":"https:\/\/www.sindicaturabarcelona.cat\/es\/la-sindicatura-de-greuges-de-barcelona-reclama-mas-espacio-para-la-juventud-en-las-politicas-publicas\/","url":"https:\/\/www.sindicaturabarcelona.cat\/es\/la-sindicatura-de-greuges-de-barcelona-reclama-mas-espacio-para-la-juventud-en-las-politicas-publicas\/","name":"La Sindicatura de Greuges de Barcelona reclama m\u00e1s espacio para la juventud en las pol\u00edticas p\u00fablicas - Sindicatura de Greuges de Barcelona","isPartOf":{"@id":"https:\/\/www.sindicaturabarcelona.cat\/es\/#website"},"primaryImageOfPage":{"@id":"https:\/\/www.sindicaturabarcelona.cat\/es\/la-sindicatura-de-greuges-de-barcelona-reclama-mas-espacio-para-la-juventud-en-las-politicas-publicas\/#primaryimage"},"image":{"@id":"https:\/\/www.sindicaturabarcelona.cat\/es\/la-sindicatura-de-greuges-de-barcelona-reclama-mas-espacio-para-la-juventud-en-las-politicas-publicas\/#primaryimage"},"thumbnailUrl":"https:\/\/www.sindicaturabarcelona.cat\/wp-content\/uploads\/3A5A8113-scaled-2.jpg","datePublished":"2023-04-26T15:03:59+00:00","dateModified":"2025-06-03T08:09:07+00:00","breadcrumb":{"@id":"https:\/\/www.sindicaturabarcelona.cat\/es\/la-sindicatura-de-greuges-de-barcelona-reclama-mas-espacio-para-la-juventud-en-las-politicas-publicas\/#breadcrumb"},"inLanguage":"es","potentialAction":[{"@type":"ReadAction","target":["https:\/\/www.sindicaturabarcelona.cat\/es\/la-sindicatura-de-greuges-de-barcelona-reclama-mas-espacio-para-la-juventud-en-las-politicas-publicas\/"]}]},{"@type":"ImageObject","inLanguage":"es","@id":"https:\/\/www.sindicaturabarcelona.cat\/es\/la-sindicatura-de-greuges-de-barcelona-reclama-mas-espacio-para-la-juventud-en-las-politicas-publicas\/#primaryimage","url":"https:\/\/www.sindicaturabarcelona.cat\/wp-content\/uploads\/3A5A8113-scaled-2.jpg","contentUrl":"https:\/\/www.sindicaturabarcelona.cat\/wp-content\/uploads\/3A5A8113-scaled-2.jpg","width":2560,"height":1707},{"@type":"BreadcrumbList","@id":"https:\/\/www.sindicaturabarcelona.cat\/es\/la-sindicatura-de-greuges-de-barcelona-reclama-mas-espacio-para-la-juventud-en-las-politicas-publicas\/#breadcrumb","itemListElement":[{"@type":"ListItem","position":1,"name":"Inici","item":"https:\/\/www.sindicaturabarcelona.cat\/es\/"},{"@type":"ListItem","position":2,"name":"La Sindicatura de Greuges de Barcelona reclama m\u00e1s espacio para la juventud en las pol\u00edticas p\u00fablicas"}]},{"@type":"WebSite","@id":"https:\/\/www.sindicaturabarcelona.cat\/es\/#website","url":"https:\/\/www.sindicaturabarcelona.cat\/es\/","name":"Sindicatura de Greuges de Barcelona","description":"La defensoria dels teus drets","publisher":{"@id":"https:\/\/www.sindicaturabarcelona.cat\/es\/#organization"},"potentialAction":[{"@type":"SearchAction","target":{"@type":"EntryPoint","urlTemplate":"https:\/\/www.sindicaturabarcelona.cat\/es\/?s={search_term_string}"},"query-input":{"@type":"PropertyValueSpecification","valueRequired":true,"valueName":"search_term_string"}}],"inLanguage":"es"},{"@type":"Organization","@id":"https:\/\/www.sindicaturabarcelona.cat\/es\/#organization","name":"Sindicatura de Greuges de Barcelona","url":"https:\/\/www.sindicaturabarcelona.cat\/es\/","logo":{"@type":"ImageObject","inLanguage":"es","@id":"https:\/\/www.sindicaturabarcelona.cat\/es\/#\/schema\/logo\/image\/","url":"https:\/\/www.sindicaturabarcelona.cat\/wp-content\/uploads\/2023\/02\/logo_sindicatura.svg","contentUrl":"https:\/\/www.sindicaturabarcelona.cat\/wp-content\/uploads\/2023\/02\/logo_sindicatura.svg","caption":"Sindicatura de Greuges de Barcelona"},"image":{"@id":"https:\/\/www.sindicaturabarcelona.cat\/es\/#\/schema\/logo\/image\/"},"sameAs":["https:\/\/x.com\/sindicbarcelona","https:\/\/www.instagram.com\/sindicbarcelona\/","https:\/\/www.tiktok.com\/@sindicaturabcn","https:\/\/t.me\/sindicaturabarcelona"]},{"@type":"Person","@id":"https:\/\/www.sindicaturabarcelona.cat\/es\/#\/schema\/person\/0e5acffc350ffdbc97578159322c9452","name":"Pablo","image":{"@type":"ImageObject","inLanguage":"es","@id":"https:\/\/secure.gravatar.com\/avatar\/c948169b402ef9492afde705c3dfd5e90e1a6a84ef6840a91124f805a25a480f?s=96&d=mm&r=g","url":"https:\/\/secure.gravatar.com\/avatar\/c948169b402ef9492afde705c3dfd5e90e1a6a84ef6840a91124f805a25a480f?s=96&d=mm&r=g","contentUrl":"https:\/\/secure.gravatar.com\/avatar\/c948169b402ef9492afde705c3dfd5e90e1a6a84ef6840a91124f805a25a480f?s=96&d=mm&r=g","caption":"Pablo"},"url":"https:\/\/www.sindicaturabarcelona.cat\/es\/author\/pablo\/"}]}},"_links":{"self":[{"href":"https:\/\/www.sindicaturabarcelona.cat\/es\/wp-json\/wp\/v2\/posts\/27618","targetHints":{"allow":["GET"]}}],"collection":[{"href":"https:\/\/www.sindicaturabarcelona.cat\/es\/wp-json\/wp\/v2\/posts"}],"about":[{"href":"https:\/\/www.sindicaturabarcelona.cat\/es\/wp-json\/wp\/v2\/types\/post"}],"author":[{"embeddable":true,"href":"https:\/\/www.sindicaturabarcelona.cat\/es\/wp-json\/wp\/v2\/users\/2"}],"replies":[{"embeddable":true,"href":"https:\/\/www.sindicaturabarcelona.cat\/es\/wp-json\/wp\/v2\/comments?post=27618"}],"version-history":[{"count":1,"href":"https:\/\/www.sindicaturabarcelona.cat\/es\/wp-json\/wp\/v2\/posts\/27618\/revisions"}],"predecessor-version":[{"id":37711,"href":"https:\/\/www.sindicaturabarcelona.cat\/es\/wp-json\/wp\/v2\/posts\/27618\/revisions\/37711"}],"wp:featuredmedia":[{"embeddable":true,"href":"https:\/\/www.sindicaturabarcelona.cat\/es\/wp-json\/wp\/v2\/media\/27634"}],"wp:attachment":[{"href":"https:\/\/www.sindicaturabarcelona.cat\/es\/wp-json\/wp\/v2\/media?parent=27618"}],"wp:term":[{"taxonomy":"post_tag","embeddable":true,"href":"https:\/\/www.sindicaturabarcelona.cat\/es\/wp-json\/wp\/v2\/tags?post=27618"},{"taxonomy":"drets","embeddable":true,"href":"https:\/\/www.sindicaturabarcelona.cat\/es\/wp-json\/wp\/v2\/drets?post=27618"}],"curies":[{"name":"wp","href":"https:\/\/api.w.org\/{rel}","templated":true}]}}