{"id":18039,"date":"2022-12-02T12:14:07","date_gmt":"2022-12-02T10:14:07","guid":{"rendered":"https:\/\/www.sindicaturabarcelona.cat\/?p=15542"},"modified":"2023-03-21T13:12:04","modified_gmt":"2023-03-21T11:12:04","slug":"la-sindicatura-cerca-de-la-ciudadania-barrios-de-montana-la-marina-de-port-y-la-marina-del-prat-vermell-2","status":"publish","type":"post","link":"https:\/\/www.sindicaturabarcelona.cat\/es\/la-sindicatura-cerca-de-la-ciudadania-barrios-de-montana-la-marina-de-port-y-la-marina-del-prat-vermell-2\/","title":{"rendered":"La Sindicatura, cerca de la ciudadan\u00eda: barrios de monta\u00f1a, la Marina de Port y la Marina del Prat Vermell"},"content":{"rendered":"\n<p class=\"has-text-align-justify\">Durante esta semana de cierre de noviembre e inicio de diciembre, la defensor\u00eda de la ciudadan\u00eda barcelonesa ha llevado a cabo nuevas acciones en diferentes territorios: <em>La Sindicatura, a prop teu<\/em> en los barrios de monta\u00f1a (Vallvidrera, Tibidabo y les Planes) y <em>La Sindicatura, a peu de carrer<\/em> en la Marina de Port y la Marina del Prat Vermell.<\/p>\n\n\n\n<p><strong><span style=\"text-decoration: underline;\" class=\"ek-underline\"><em>La Sindicatura, a prop teu<\/em> en los barrios de monta\u00f1a<\/span><\/strong><\/p>\n\n\n\n<p class=\"has-text-align-justify\">El Casal de Barrio de&nbsp;Can&nbsp;Rectoret&nbsp;ha acogido una nueva sesi\u00f3n de <em>La Sindicatura, a prop teu<\/em>, despu\u00e9s de que <a href=\"https:\/\/beteve.cat\/societat\/ruta-sindic-barcelona-un-barri-setmana\/\" target=\"_blank\" aria-label=\" (opens in a new tab)\" rel=\"noreferrer noopener\" class=\"ek-link\">la Sindicatura de Greuges de Barcelona ya visitara <em>a peu de carrer<\/em> las problem\u00e1ticas de los barrios de monta\u00f1a el pasado mes de febrero<\/a>. <em>La Sindicatura, a prop teu<\/em> es una audiencia del s\u00edndico, David Bondia, y la adjunta, Eva Garcia Chueca, en los diferentes barrios de la ciudad, con el objetivo de presentar la instituci\u00f3n a la ciudadan\u00eda y que esta plantee los reclamos m\u00e1s destacados. El acto fue moderado por la periodista Carme Rocamora.<\/p>\n\n\n\n<p class=\"has-text-align-justify\">Algunas de las quejas vecinales han puesto de manifiesto los problemas de planeamiento urban\u00edstico, la pavimentaci\u00f3n de las calles o la canalizaci\u00f3n de las aguas. El vecindario tambi\u00e9n ha denunciado el procedimiento de limpieza de los bosques y la gesti\u00f3n forestal del Parc de Collserola, ya que ha expuesto su preocupaci\u00f3n por posibles incendios futuros.<\/p>\n\n\n\n<p class=\"has-text-align-justify\">Finalmente, la ciudadan\u00eda ha reivindicado la preservaci\u00f3n del patrimonio arquitect\u00f3nico de la zona, sobre todo el edificio del Sanatorio, y ha insistido en una reclamaci\u00f3n hist\u00f3rica de los barrios de monta\u00f1a: la mejora del transporte p\u00fablico. No comparten la propuesta municipal del bus a demanda, y exponen que el necesario es una mejora de los horarios y de las frecuencias de de los autobuses que ya recorren los barrios de monta\u00f1a.<\/p>\n\n\n\n<p><strong><span style=\"text-decoration: underline;\" class=\"ek-underline\"><em>La Sindicatura, a peu de carrer<\/em> a la Marina de Port y la Marina del Prat Vermell<\/span><\/strong><\/p>\n\n\n\n<p class=\"has-text-align-justify\">Durante esta semana tambi\u00e9n se ha producido una nueva edici\u00f3n de <em>La Sindicatura, a peu de carrer<\/em>. En este caso, en los barrios de la Marina de Port y la Marina del Prat Vermell. Esta iniciativa consta de una ruta por los diferentes barrios de la ciudad, acompa\u00f1adas de representantes de los movimientos vecinales, sectoriales, educativos, etc. Posteriormente, la <a href=\"http:\/\/www.sindicaturabarcelona.cat\/\" target=\"_blank\" aria-label=\" (opens in a new tab)\" rel=\"noreferrer noopener\" class=\"ek-link\">Sindicatura<\/a> traslada los reclamos recibidos a la Gerencia de Distrito y al \u00e1mbito pol\u00edtico correspondiente.<\/p>\n\n\n\n<p class=\"has-text-align-justify\">La jornada ha empezado con una reuni\u00f3n con La Marina, un proyecto comunitario y de proximidad que va m\u00e1s all\u00e1 de un medio de comunicaci\u00f3n. La Marina cuenta con una tirada de 6.000 ejemplares mensuales y es el peri\u00f3dico gratuito de referencia en la zona. A la vez tambi\u00e9n tiene la versi\u00f3n digital y una emisora de radio (102.5 FM), en funcionamiento desde el a\u00f1o 1988.<\/p>\n\n\n\n<p class=\"has-text-align-justify\">El <em>A peu de carrer<\/em> ha continuado con una visita a dos zonas del espacio p\u00fablico donde se practica deporte al aire libre: el tenis mesa en la plaza de Sant Crist\u00f2fol y el&nbsp;skatepark&nbsp;en la plaza del Moviment Obrer. En la primera de las ubicaciones, han sido unos deportistas jubilados qui\u00e9n han recuperado y mantenido el espacio de tenis mesa durante los \u00faltimos meses.<\/p>\n\n\n\n<p class=\"has-text-align-justify\">A continuaci\u00f3n, el equipo de la Sindicatura se ha desplazado a la <a href=\"https:\/\/suara.coop\/ca\/escola-bressol-somriures\" class=\"ek-link\">Escola Bressol Somriures,<\/a> gestionada por la cooperativa Suara. Se trata de una guarder\u00eda situada dentro de&nbsp;Mercabarna&nbsp;y que ofrece servicio a los padres y madres que trabajan all\u00ed. Para acabar, se ha visitado el <a href=\"https:\/\/labascula.cat\/\" target=\"_blank\" aria-label=\" (opens in a new tab)\" rel=\"noreferrer noopener\" class=\"ek-link\">Espai Jove La B\u00e1scula<\/a>, un equipamiento municipal de la Marina que da respuesta a las necesidades e inquietudes de los adolescentes y j\u00f3venes del barrio, y las instalaciones deportivas ubicadas en el mismo complejo.<\/p>\n","protected":false},"excerpt":{"rendered":"<p>Durante esta semana de cierre de noviembre e inicio de diciembre, la defensor\u00eda de la ciudadan\u00eda barcelonesa ha llevado a cabo nuevas acciones en diferentes territorios: La Sindicatura, a prop [&hellip;]<\/p>\n","protected":false},"author":3,"featured_media":15543,"comment_status":"closed","ping_status":"open","sticky":false,"template":"","format":"standard","meta":{"_acf_changed":false,"footnotes":""},"tags":[],"drets":[],"class_list":["post-18039","post","type-post","status-publish","format-standard","has-post-thumbnail","hentry"],"acf":[],"yoast_head":"<!-- This site is optimized with the Yoast SEO plugin v27.5 - https:\/\/yoast.com\/product\/yoast-seo-wordpress\/ -->\n<title>La Sindicatura, cerca de la ciudadan\u00eda: barrios de monta\u00f1a, la Marina de Port y la Marina del Prat Vermell - Sindicatura de Greuges de Barcelona<\/title>\n<meta name=\"description\" content=\"La defensor\u00eda ha llevado a cabo &#039;La Sindicatura, cerca tuyo&#039; en los barrios de monta\u00f1a y &#039;La Sindicatura, a pie de calle&#039; a la Marina.\" \/>\n<meta name=\"robots\" content=\"index, follow, max-snippet:-1, max-image-preview:large, max-video-preview:-1\" \/>\n<link rel=\"canonical\" href=\"https:\/\/www.sindicaturabarcelona.cat\/es\/la-sindicatura-cerca-de-la-ciudadania-barrios-de-montana-la-marina-de-port-y-la-marina-del-prat-vermell-2\/\" \/>\n<meta property=\"og:locale\" content=\"es_ES\" \/>\n<meta property=\"og:type\" content=\"article\" \/>\n<meta property=\"og:title\" content=\"La Sindicatura, cerca de la ciudadan\u00eda: barrios de monta\u00f1a, la Marina de Port y la Marina del Prat Vermell - Sindicatura de Greuges de Barcelona\" \/>\n<meta property=\"og:description\" content=\"La defensor\u00eda ha llevado a cabo &#039;La Sindicatura, cerca tuyo&#039; en los barrios de monta\u00f1a y &#039;La Sindicatura, a pie de calle&#039; a la Marina.\" \/>\n<meta property=\"og:url\" content=\"https:\/\/www.sindicaturabarcelona.cat\/es\/la-sindicatura-cerca-de-la-ciudadania-barrios-de-montana-la-marina-de-port-y-la-marina-del-prat-vermell-2\/\" \/>\n<meta property=\"og:site_name\" content=\"Sindicatura de Greuges de Barcelona\" \/>\n<meta property=\"article:published_time\" content=\"2022-12-02T10:14:07+00:00\" \/>\n<meta property=\"article:modified_time\" content=\"2023-03-21T11:12:04+00:00\" \/>\n<meta property=\"og:image\" content=\"https:\/\/www.sindicaturabarcelona.cat\/wp-content\/uploads\/2022\/12\/7D9A1013-1-scaled.jpg\" \/>\n\t<meta property=\"og:image:width\" content=\"2560\" \/>\n\t<meta property=\"og:image:height\" content=\"1707\" \/>\n\t<meta property=\"og:image:type\" content=\"image\/jpeg\" \/>\n<meta name=\"author\" content=\"pimpampum\" \/>\n<meta name=\"twitter:card\" content=\"summary_large_image\" \/>\n<meta name=\"twitter:creator\" content=\"@sindicbarcelona\" \/>\n<meta name=\"twitter:site\" content=\"@sindicbarcelona\" \/>\n<meta name=\"twitter:label1\" content=\"Escrito por\" \/>\n\t<meta name=\"twitter:data1\" content=\"pimpampum\" \/>\n\t<meta name=\"twitter:label2\" content=\"Tiempo de lectura\" \/>\n\t<meta name=\"twitter:data2\" content=\"4 minutos\" \/>\n<script type=\"application\/ld+json\" class=\"yoast-schema-graph\">{\"@context\":\"https:\\\/\\\/schema.org\",\"@graph\":[{\"@type\":\"Article\",\"@id\":\"https:\\\/\\\/www.sindicaturabarcelona.cat\\\/es\\\/la-sindicatura-cerca-de-la-ciudadania-barrios-de-montana-la-marina-de-port-y-la-marina-del-prat-vermell-2\\\/#article\",\"isPartOf\":{\"@id\":\"https:\\\/\\\/www.sindicaturabarcelona.cat\\\/es\\\/la-sindicatura-cerca-de-la-ciudadania-barrios-de-montana-la-marina-de-port-y-la-marina-del-prat-vermell-2\\\/\"},\"author\":{\"name\":\"pimpampum\",\"@id\":\"https:\\\/\\\/www.sindicaturabarcelona.cat\\\/es\\\/#\\\/schema\\\/person\\\/c59ed89663074658008f0ca9a8865afd\"},\"headline\":\"La Sindicatura, cerca de la ciudadan\u00eda: barrios de monta\u00f1a, la Marina de Port y la Marina del Prat Vermell\",\"datePublished\":\"2022-12-02T10:14:07+00:00\",\"dateModified\":\"2023-03-21T11:12:04+00:00\",\"mainEntityOfPage\":{\"@id\":\"https:\\\/\\\/www.sindicaturabarcelona.cat\\\/es\\\/la-sindicatura-cerca-de-la-ciudadania-barrios-de-montana-la-marina-de-port-y-la-marina-del-prat-vermell-2\\\/\"},\"wordCount\":665,\"publisher\":{\"@id\":\"https:\\\/\\\/www.sindicaturabarcelona.cat\\\/es\\\/#organization\"},\"image\":{\"@id\":\"https:\\\/\\\/www.sindicaturabarcelona.cat\\\/es\\\/la-sindicatura-cerca-de-la-ciudadania-barrios-de-montana-la-marina-de-port-y-la-marina-del-prat-vermell-2\\\/#primaryimage\"},\"thumbnailUrl\":\"https:\\\/\\\/www.sindicaturabarcelona.cat\\\/wp-content\\\/uploads\\\/2022\\\/12\\\/7D9A1013-1-scaled.jpg\",\"articleSection\":[\"Institucional\"],\"inLanguage\":\"es\"},{\"@type\":\"WebPage\",\"@id\":\"https:\\\/\\\/www.sindicaturabarcelona.cat\\\/es\\\/la-sindicatura-cerca-de-la-ciudadania-barrios-de-montana-la-marina-de-port-y-la-marina-del-prat-vermell-2\\\/\",\"url\":\"https:\\\/\\\/www.sindicaturabarcelona.cat\\\/es\\\/la-sindicatura-cerca-de-la-ciudadania-barrios-de-montana-la-marina-de-port-y-la-marina-del-prat-vermell-2\\\/\",\"name\":\"La Sindicatura, cerca de la ciudadan\u00eda: barrios de monta\u00f1a, la Marina de Port y la Marina del Prat Vermell - Sindicatura de Greuges de Barcelona\",\"isPartOf\":{\"@id\":\"https:\\\/\\\/www.sindicaturabarcelona.cat\\\/es\\\/#website\"},\"primaryImageOfPage\":{\"@id\":\"https:\\\/\\\/www.sindicaturabarcelona.cat\\\/es\\\/la-sindicatura-cerca-de-la-ciudadania-barrios-de-montana-la-marina-de-port-y-la-marina-del-prat-vermell-2\\\/#primaryimage\"},\"image\":{\"@id\":\"https:\\\/\\\/www.sindicaturabarcelona.cat\\\/es\\\/la-sindicatura-cerca-de-la-ciudadania-barrios-de-montana-la-marina-de-port-y-la-marina-del-prat-vermell-2\\\/#primaryimage\"},\"thumbnailUrl\":\"https:\\\/\\\/www.sindicaturabarcelona.cat\\\/wp-content\\\/uploads\\\/2022\\\/12\\\/7D9A1013-1-scaled.jpg\",\"datePublished\":\"2022-12-02T10:14:07+00:00\",\"dateModified\":\"2023-03-21T11:12:04+00:00\",\"description\":\"La defensor\u00eda ha llevado a cabo 'La Sindicatura, cerca tuyo' en los barrios de monta\u00f1a y 'La Sindicatura, a pie de calle' a la Marina.\",\"breadcrumb\":{\"@id\":\"https:\\\/\\\/www.sindicaturabarcelona.cat\\\/es\\\/la-sindicatura-cerca-de-la-ciudadania-barrios-de-montana-la-marina-de-port-y-la-marina-del-prat-vermell-2\\\/#breadcrumb\"},\"inLanguage\":\"es\",\"potentialAction\":[{\"@type\":\"ReadAction\",\"target\":[\"https:\\\/\\\/www.sindicaturabarcelona.cat\\\/es\\\/la-sindicatura-cerca-de-la-ciudadania-barrios-de-montana-la-marina-de-port-y-la-marina-del-prat-vermell-2\\\/\"]}]},{\"@type\":\"ImageObject\",\"inLanguage\":\"es\",\"@id\":\"https:\\\/\\\/www.sindicaturabarcelona.cat\\\/es\\\/la-sindicatura-cerca-de-la-ciudadania-barrios-de-montana-la-marina-de-port-y-la-marina-del-prat-vermell-2\\\/#primaryimage\",\"url\":\"https:\\\/\\\/www.sindicaturabarcelona.cat\\\/wp-content\\\/uploads\\\/2022\\\/12\\\/7D9A1013-1-scaled.jpg\",\"contentUrl\":\"https:\\\/\\\/www.sindicaturabarcelona.cat\\\/wp-content\\\/uploads\\\/2022\\\/12\\\/7D9A1013-1-scaled.jpg\",\"width\":2560,\"height\":1707,\"caption\":\"la Marina\"},{\"@type\":\"BreadcrumbList\",\"@id\":\"https:\\\/\\\/www.sindicaturabarcelona.cat\\\/es\\\/la-sindicatura-cerca-de-la-ciudadania-barrios-de-montana-la-marina-de-port-y-la-marina-del-prat-vermell-2\\\/#breadcrumb\",\"itemListElement\":[{\"@type\":\"ListItem\",\"position\":1,\"name\":\"Inici\",\"item\":\"https:\\\/\\\/www.sindicaturabarcelona.cat\\\/es\\\/\"},{\"@type\":\"ListItem\",\"position\":2,\"name\":\"La Sindicatura, cerca de la ciudadan\u00eda: barrios de monta\u00f1a, la Marina de Port y la Marina del Prat Vermell\"}]},{\"@type\":\"WebSite\",\"@id\":\"https:\\\/\\\/www.sindicaturabarcelona.cat\\\/es\\\/#website\",\"url\":\"https:\\\/\\\/www.sindicaturabarcelona.cat\\\/es\\\/\",\"name\":\"Sindicatura de Greuges de Barcelona\",\"description\":\"La defensoria dels teus drets\",\"publisher\":{\"@id\":\"https:\\\/\\\/www.sindicaturabarcelona.cat\\\/es\\\/#organization\"},\"potentialAction\":[{\"@type\":\"SearchAction\",\"target\":{\"@type\":\"EntryPoint\",\"urlTemplate\":\"https:\\\/\\\/www.sindicaturabarcelona.cat\\\/es\\\/?s={search_term_string}\"},\"query-input\":{\"@type\":\"PropertyValueSpecification\",\"valueRequired\":true,\"valueName\":\"search_term_string\"}}],\"inLanguage\":\"es\"},{\"@type\":\"Organization\",\"@id\":\"https:\\\/\\\/www.sindicaturabarcelona.cat\\\/es\\\/#organization\",\"name\":\"Sindicatura de Greuges de Barcelona\",\"url\":\"https:\\\/\\\/www.sindicaturabarcelona.cat\\\/es\\\/\",\"logo\":{\"@type\":\"ImageObject\",\"inLanguage\":\"es\",\"@id\":\"https:\\\/\\\/www.sindicaturabarcelona.cat\\\/es\\\/#\\\/schema\\\/logo\\\/image\\\/\",\"url\":\"https:\\\/\\\/www.sindicaturabarcelona.cat\\\/wp-content\\\/uploads\\\/2023\\\/02\\\/logo_sindicatura.svg\",\"contentUrl\":\"https:\\\/\\\/www.sindicaturabarcelona.cat\\\/wp-content\\\/uploads\\\/2023\\\/02\\\/logo_sindicatura.svg\",\"caption\":\"Sindicatura de Greuges de Barcelona\"},\"image\":{\"@id\":\"https:\\\/\\\/www.sindicaturabarcelona.cat\\\/es\\\/#\\\/schema\\\/logo\\\/image\\\/\"},\"sameAs\":[\"https:\\\/\\\/x.com\\\/sindicbarcelona\",\"https:\\\/\\\/www.instagram.com\\\/sindicbarcelona\\\/\",\"https:\\\/\\\/www.tiktok.com\\\/@sindicaturabcn\",\"https:\\\/\\\/t.me\\\/sindicaturabarcelona\"]},{\"@type\":\"Person\",\"@id\":\"https:\\\/\\\/www.sindicaturabarcelona.cat\\\/es\\\/#\\\/schema\\\/person\\\/c59ed89663074658008f0ca9a8865afd\",\"name\":\"pimpampum\",\"image\":{\"@type\":\"ImageObject\",\"inLanguage\":\"es\",\"@id\":\"https:\\\/\\\/secure.gravatar.com\\\/avatar\\\/0d03f560c3fabe6b313e752c4968ec2013544e170b12d7d70838d2667cf54815?s=96&d=mm&r=g\",\"url\":\"https:\\\/\\\/secure.gravatar.com\\\/avatar\\\/0d03f560c3fabe6b313e752c4968ec2013544e170b12d7d70838d2667cf54815?s=96&d=mm&r=g\",\"contentUrl\":\"https:\\\/\\\/secure.gravatar.com\\\/avatar\\\/0d03f560c3fabe6b313e752c4968ec2013544e170b12d7d70838d2667cf54815?s=96&d=mm&r=g\",\"caption\":\"pimpampum\"},\"url\":\"https:\\\/\\\/www.sindicaturabarcelona.cat\\\/es\\\/author\\\/pimpampum\\\/\"}]}<\/script>\n<!-- \/ Yoast SEO plugin. -->","yoast_head_json":{"title":"La Sindicatura, cerca de la ciudadan\u00eda: barrios de monta\u00f1a, la Marina de Port y la Marina del Prat Vermell - Sindicatura de Greuges de Barcelona","description":"La defensor\u00eda ha llevado a cabo 'La Sindicatura, cerca tuyo' en los barrios de monta\u00f1a y 'La Sindicatura, a pie de calle' a la Marina.","robots":{"index":"index","follow":"follow","max-snippet":"max-snippet:-1","max-image-preview":"max-image-preview:large","max-video-preview":"max-video-preview:-1"},"canonical":"https:\/\/www.sindicaturabarcelona.cat\/es\/la-sindicatura-cerca-de-la-ciudadania-barrios-de-montana-la-marina-de-port-y-la-marina-del-prat-vermell-2\/","og_locale":"es_ES","og_type":"article","og_title":"La Sindicatura, cerca de la ciudadan\u00eda: barrios de monta\u00f1a, la Marina de Port y la Marina del Prat Vermell - Sindicatura de Greuges de Barcelona","og_description":"La defensor\u00eda ha llevado a cabo 'La Sindicatura, cerca tuyo' en los barrios de monta\u00f1a y 'La Sindicatura, a pie de calle' a la Marina.","og_url":"https:\/\/www.sindicaturabarcelona.cat\/es\/la-sindicatura-cerca-de-la-ciudadania-barrios-de-montana-la-marina-de-port-y-la-marina-del-prat-vermell-2\/","og_site_name":"Sindicatura de Greuges de Barcelona","article_published_time":"2022-12-02T10:14:07+00:00","article_modified_time":"2023-03-21T11:12:04+00:00","og_image":[{"width":2560,"height":1707,"url":"https:\/\/www.sindicaturabarcelona.cat\/wp-content\/uploads\/2022\/12\/7D9A1013-1-scaled.jpg","type":"image\/jpeg"}],"author":"pimpampum","twitter_card":"summary_large_image","twitter_creator":"@sindicbarcelona","twitter_site":"@sindicbarcelona","twitter_misc":{"Escrito por":"pimpampum","Tiempo de lectura":"4 minutos"},"schema":{"@context":"https:\/\/schema.org","@graph":[{"@type":"Article","@id":"https:\/\/www.sindicaturabarcelona.cat\/es\/la-sindicatura-cerca-de-la-ciudadania-barrios-de-montana-la-marina-de-port-y-la-marina-del-prat-vermell-2\/#article","isPartOf":{"@id":"https:\/\/www.sindicaturabarcelona.cat\/es\/la-sindicatura-cerca-de-la-ciudadania-barrios-de-montana-la-marina-de-port-y-la-marina-del-prat-vermell-2\/"},"author":{"name":"pimpampum","@id":"https:\/\/www.sindicaturabarcelona.cat\/es\/#\/schema\/person\/c59ed89663074658008f0ca9a8865afd"},"headline":"La Sindicatura, cerca de la ciudadan\u00eda: barrios de monta\u00f1a, la Marina de Port y la Marina del Prat Vermell","datePublished":"2022-12-02T10:14:07+00:00","dateModified":"2023-03-21T11:12:04+00:00","mainEntityOfPage":{"@id":"https:\/\/www.sindicaturabarcelona.cat\/es\/la-sindicatura-cerca-de-la-ciudadania-barrios-de-montana-la-marina-de-port-y-la-marina-del-prat-vermell-2\/"},"wordCount":665,"publisher":{"@id":"https:\/\/www.sindicaturabarcelona.cat\/es\/#organization"},"image":{"@id":"https:\/\/www.sindicaturabarcelona.cat\/es\/la-sindicatura-cerca-de-la-ciudadania-barrios-de-montana-la-marina-de-port-y-la-marina-del-prat-vermell-2\/#primaryimage"},"thumbnailUrl":"https:\/\/www.sindicaturabarcelona.cat\/wp-content\/uploads\/2022\/12\/7D9A1013-1-scaled.jpg","articleSection":["Institucional"],"inLanguage":"es"},{"@type":"WebPage","@id":"https:\/\/www.sindicaturabarcelona.cat\/es\/la-sindicatura-cerca-de-la-ciudadania-barrios-de-montana-la-marina-de-port-y-la-marina-del-prat-vermell-2\/","url":"https:\/\/www.sindicaturabarcelona.cat\/es\/la-sindicatura-cerca-de-la-ciudadania-barrios-de-montana-la-marina-de-port-y-la-marina-del-prat-vermell-2\/","name":"La Sindicatura, cerca de la ciudadan\u00eda: barrios de monta\u00f1a, la Marina de Port y la Marina del Prat Vermell - Sindicatura de Greuges de Barcelona","isPartOf":{"@id":"https:\/\/www.sindicaturabarcelona.cat\/es\/#website"},"primaryImageOfPage":{"@id":"https:\/\/www.sindicaturabarcelona.cat\/es\/la-sindicatura-cerca-de-la-ciudadania-barrios-de-montana-la-marina-de-port-y-la-marina-del-prat-vermell-2\/#primaryimage"},"image":{"@id":"https:\/\/www.sindicaturabarcelona.cat\/es\/la-sindicatura-cerca-de-la-ciudadania-barrios-de-montana-la-marina-de-port-y-la-marina-del-prat-vermell-2\/#primaryimage"},"thumbnailUrl":"https:\/\/www.sindicaturabarcelona.cat\/wp-content\/uploads\/2022\/12\/7D9A1013-1-scaled.jpg","datePublished":"2022-12-02T10:14:07+00:00","dateModified":"2023-03-21T11:12:04+00:00","description":"La defensor\u00eda ha llevado a cabo 'La Sindicatura, cerca tuyo' en los barrios de monta\u00f1a y 'La Sindicatura, a pie de calle' a la Marina.","breadcrumb":{"@id":"https:\/\/www.sindicaturabarcelona.cat\/es\/la-sindicatura-cerca-de-la-ciudadania-barrios-de-montana-la-marina-de-port-y-la-marina-del-prat-vermell-2\/#breadcrumb"},"inLanguage":"es","potentialAction":[{"@type":"ReadAction","target":["https:\/\/www.sindicaturabarcelona.cat\/es\/la-sindicatura-cerca-de-la-ciudadania-barrios-de-montana-la-marina-de-port-y-la-marina-del-prat-vermell-2\/"]}]},{"@type":"ImageObject","inLanguage":"es","@id":"https:\/\/www.sindicaturabarcelona.cat\/es\/la-sindicatura-cerca-de-la-ciudadania-barrios-de-montana-la-marina-de-port-y-la-marina-del-prat-vermell-2\/#primaryimage","url":"https:\/\/www.sindicaturabarcelona.cat\/wp-content\/uploads\/2022\/12\/7D9A1013-1-scaled.jpg","contentUrl":"https:\/\/www.sindicaturabarcelona.cat\/wp-content\/uploads\/2022\/12\/7D9A1013-1-scaled.jpg","width":2560,"height":1707,"caption":"la Marina"},{"@type":"BreadcrumbList","@id":"https:\/\/www.sindicaturabarcelona.cat\/es\/la-sindicatura-cerca-de-la-ciudadania-barrios-de-montana-la-marina-de-port-y-la-marina-del-prat-vermell-2\/#breadcrumb","itemListElement":[{"@type":"ListItem","position":1,"name":"Inici","item":"https:\/\/www.sindicaturabarcelona.cat\/es\/"},{"@type":"ListItem","position":2,"name":"La Sindicatura, cerca de la ciudadan\u00eda: barrios de monta\u00f1a, la Marina de Port y la Marina del Prat Vermell"}]},{"@type":"WebSite","@id":"https:\/\/www.sindicaturabarcelona.cat\/es\/#website","url":"https:\/\/www.sindicaturabarcelona.cat\/es\/","name":"Sindicatura de Greuges de Barcelona","description":"La defensoria dels teus drets","publisher":{"@id":"https:\/\/www.sindicaturabarcelona.cat\/es\/#organization"},"potentialAction":[{"@type":"SearchAction","target":{"@type":"EntryPoint","urlTemplate":"https:\/\/www.sindicaturabarcelona.cat\/es\/?s={search_term_string}"},"query-input":{"@type":"PropertyValueSpecification","valueRequired":true,"valueName":"search_term_string"}}],"inLanguage":"es"},{"@type":"Organization","@id":"https:\/\/www.sindicaturabarcelona.cat\/es\/#organization","name":"Sindicatura de Greuges de Barcelona","url":"https:\/\/www.sindicaturabarcelona.cat\/es\/","logo":{"@type":"ImageObject","inLanguage":"es","@id":"https:\/\/www.sindicaturabarcelona.cat\/es\/#\/schema\/logo\/image\/","url":"https:\/\/www.sindicaturabarcelona.cat\/wp-content\/uploads\/2023\/02\/logo_sindicatura.svg","contentUrl":"https:\/\/www.sindicaturabarcelona.cat\/wp-content\/uploads\/2023\/02\/logo_sindicatura.svg","caption":"Sindicatura de Greuges de Barcelona"},"image":{"@id":"https:\/\/www.sindicaturabarcelona.cat\/es\/#\/schema\/logo\/image\/"},"sameAs":["https:\/\/x.com\/sindicbarcelona","https:\/\/www.instagram.com\/sindicbarcelona\/","https:\/\/www.tiktok.com\/@sindicaturabcn","https:\/\/t.me\/sindicaturabarcelona"]},{"@type":"Person","@id":"https:\/\/www.sindicaturabarcelona.cat\/es\/#\/schema\/person\/c59ed89663074658008f0ca9a8865afd","name":"pimpampum","image":{"@type":"ImageObject","inLanguage":"es","@id":"https:\/\/secure.gravatar.com\/avatar\/0d03f560c3fabe6b313e752c4968ec2013544e170b12d7d70838d2667cf54815?s=96&d=mm&r=g","url":"https:\/\/secure.gravatar.com\/avatar\/0d03f560c3fabe6b313e752c4968ec2013544e170b12d7d70838d2667cf54815?s=96&d=mm&r=g","contentUrl":"https:\/\/secure.gravatar.com\/avatar\/0d03f560c3fabe6b313e752c4968ec2013544e170b12d7d70838d2667cf54815?s=96&d=mm&r=g","caption":"pimpampum"},"url":"https:\/\/www.sindicaturabarcelona.cat\/es\/author\/pimpampum\/"}]}},"_links":{"self":[{"href":"https:\/\/www.sindicaturabarcelona.cat\/es\/wp-json\/wp\/v2\/posts\/18039","targetHints":{"allow":["GET"]}}],"collection":[{"href":"https:\/\/www.sindicaturabarcelona.cat\/es\/wp-json\/wp\/v2\/posts"}],"about":[{"href":"https:\/\/www.sindicaturabarcelona.cat\/es\/wp-json\/wp\/v2\/types\/post"}],"author":[{"embeddable":true,"href":"https:\/\/www.sindicaturabarcelona.cat\/es\/wp-json\/wp\/v2\/users\/3"}],"replies":[{"embeddable":true,"href":"https:\/\/www.sindicaturabarcelona.cat\/es\/wp-json\/wp\/v2\/comments?post=18039"}],"version-history":[{"count":0,"href":"https:\/\/www.sindicaturabarcelona.cat\/es\/wp-json\/wp\/v2\/posts\/18039\/revisions"}],"wp:featuredmedia":[{"embeddable":true,"href":"https:\/\/www.sindicaturabarcelona.cat\/es\/wp-json\/wp\/v2\/media\/15543"}],"wp:attachment":[{"href":"https:\/\/www.sindicaturabarcelona.cat\/es\/wp-json\/wp\/v2\/media?parent=18039"}],"wp:term":[{"taxonomy":"post_tag","embeddable":true,"href":"https:\/\/www.sindicaturabarcelona.cat\/es\/wp-json\/wp\/v2\/tags?post=18039"},{"taxonomy":"drets","embeddable":true,"href":"https:\/\/www.sindicaturabarcelona.cat\/es\/wp-json\/wp\/v2\/drets?post=18039"}],"curies":[{"name":"wp","href":"https:\/\/api.w.org\/{rel}","templated":true}]}}