{"id":16178,"date":"2023-04-14T14:24:32","date_gmt":"2023-04-14T12:24:32","guid":{"rendered":"https:\/\/www.sindicaturabarcelona.cat\/?p=16178"},"modified":"2023-05-09T16:30:22","modified_gmt":"2023-05-09T14:30:22","slug":"la-sindicatura-pide-una-estrategia-de-ciudad-y-metropolitana-en-materia-de-asentamientos","status":"publish","type":"post","link":"https:\/\/www.sindicaturabarcelona.cat\/es\/la-sindicatura-pide-una-estrategia-de-ciudad-y-metropolitana-en-materia-de-asentamientos\/","title":{"rendered":"La Sindicatura pide una estrategia de ciudad y metropolitana en materia de asentamientos"},"content":{"rendered":"<strong>Ser\u00eda necesario que la ciudad se dotara de una estrategia que permita orientar la pol\u00edtica municipal en materia de asentamientos hacia un objetivo com\u00fan, de los diferentes servicios municipales<\/strong>. \u00c9sta es una de las principales conclusiones de la resoluci\u00f3n de la Sindicatura de Agravios de Barcelona a ra\u00edz de <a class=\"ek-link\" href=\"https:\/\/www.sindicaturabarcelona.cat\/wp-content\/uploads\/2023\/04\/202304_Dret-a-lhabitatge- a los-derechos-de-proteccion-social-y-a-la-seguridad-ciudadana-queja-por-desahucios-desentamientos-a-Sant-Marti-i-Sant-Andreu.pdf\">la queja de una ciudadana en representaci\u00f3n de 22 familias que viv\u00edan en solares y naves en desuso, as\u00ed como de representantes de Amigos del Movimiento Cuarto Mundo<\/a>.\n\n<!-- \/wp:post-content -->\n\n<!-- wp:paragraph -->\n\nAnte el riesgo de vulneraci\u00f3n de los derechos de las personas que viven en espacios ocupados declarados como infraviviendas, cobra especial importancia actuar para asegurar unas condiciones de vida adecuadas y el respeto a sus derechos.\n<h2><strong>El desahucio de asentamientos: punto de conflicto<\/strong><\/h2>\nLa queja presentada ante la Sindicatura expresaba una contradicci\u00f3n entre la raz\u00f3n que mov\u00eda al Ayuntamiento de Barcelona a ordenar desalojar los asentamientos y condiciones posteriores de las familias. <strong>El desahucio de estos espacios se hace porque no son seguros, pero la falta de alternativa residencial y los desalojos frecuentes hace que el problema persista o se agrave.<\/strong>\n\nLos distritos donde se ubican los espacios de los asentamientos inician el procedimiento administrativo para la declaraci\u00f3n de infravivienda despu\u00e9s de constatar que el espacio no re\u00fane las condiciones de habitabilidad. Este procedimiento se inicia a ra\u00edz de informes de los servicios de Protecci\u00f3n Civil, Prevenci\u00f3n, Extinci\u00f3n de Incendios y Salvamento, donde se hace constar que no se re\u00fanen condiciones b\u00e1sicas de seguridad en caso de incendio, ni condiciones de seguridad estructural, de accesibilidad o de salubridad. En base a estas circunstancias, se decide que es necesario desalojar.\n\nPero a pesar de la participaci\u00f3n de los servicios sociales en el proceso, <strong>la falta de recursos de alojamiento adecuados para las familias desahuciadas hace que \u00e9stas puedan quedar en una situaci\u00f3n especialmente vulnerable.<\/strong>\n<h2><strong>La vivienda como puerta de entrada a otros derechos<\/strong><\/h2>\nEl <strong><a href=\"https:\/\/www.habitatge.barcelona\/es\/estrategia\/dret-habitatge\">derecho a la vivienda<\/a> <\/strong>es central en nuestra sociedad, ya que afecta al acceso a otros derechos como el derecho a la educaci\u00f3n, o la salud. Por esta raz\u00f3n, es de vital importancia facilitar el acceso a una vivienda digna a la ciudadan\u00eda, y sobre todo a aquellas personas m\u00e1s vulnerabilizadas.\n\nLa Sindicatura considera que, especialmente en lo que respecta a las familias que dispongan de un plan de intervenci\u00f3n con los servicios sociales municipales, debe valorarse la posibilidad de derivarlas a un piso de inclusi\u00f3n con el fin de trabajar con m\u00e1s garant\u00edas por su inserci\u00f3n social.\n\nEste recurso puede dar una respuesta m\u00e1s integral al problema que viven las personas que habitan en asentamientos. Tal y como hemos indicado anteriormente, m\u00e1s all\u00e1 de la necesidad de ver garantizado su derecho a la vivienda, <strong>hay que trabajar en su inclusi\u00f3n socioeducativa y laboral para conseguir erradicar las causas que pueden abocar a determinados colectivos a vivir en asentamientos<\/strong>.\n<h2>La colaboraci\u00f3n con el tercer sector<\/h2>\nUn aspecto detectado en el estudio de la queja, y corroborado en las visitas y contactos mantenidos en asentamientos de la ciudad, es la actuaci\u00f3n de los servicios sociales en los mismos grupos de poblaci\u00f3n en los que tambi\u00e9n intervienen algunas entidades sociales. A pesar de que los equipos pueden conocerse, a menudo las acciones de unos y otros no est\u00e1n suficientemente coordinadas o no se comparten informaciones b\u00e1sicas que pueden ser fundamentales en momentos clave, como los de los desalojos.\n\nEste hecho contribuye a un cierto desconcierto por parte de las familias, que no tienen claro a qui\u00e9n y cu\u00e1ndo deben dirigirse para determinadas cuestiones y en qui\u00e9n hay que confiar.\n\nEl hecho de que haya una entidad trabajando en estos territorios, con una trayectoria hist\u00f3rica probada, es un valor que deber\u00eda aportar riqueza en la intervenci\u00f3n social y en el bienestar de las familias. Por este motivo, <strong>esta Sindicatura considera necesario que el di\u00e1logo entre el IMSS y las entidades sociales sea fluido y transparente<\/strong> para que puedan trabajar juntos, de forma coordinada y sumando esfuerzos.\n<h2><strong>Una mirada metropolitana<\/strong><\/h2>\nM\u00e1s all\u00e1 del reto que se plantea en el \u00e1mbito de la ciudad de Barcelona por la situaci\u00f3n de las personas en asentamientos, por la Sindicatura de Greuges de Barcelona este problema tiene una dimensi\u00f3n superior a la municipal.\n\nDesgraciadamente observamos una <strong>falta de coordinaciones pol\u00edticas de alcance metropolitano<\/strong>, as\u00ed como la existencia de determinadas pol\u00edticas expulsivas en algunos municipios. Lo que comporta un efecto que concentra en la ciudad de Barcelona buena parte de esta poblaci\u00f3n excluida.\n\nAnte esto, el Ayuntamiento de Barcelona ha incrementado de manera continua los recursos municipales que atienden a esta realidad. Pero es necesario tener presente que <strong>este problema desborda la capacidad de actuaci\u00f3n del Ayuntamiento de Barcelona y requiere un compromiso metropolitano<\/strong>.\n\nEn consecuencia, esta Sindicatura pide al consistorio que inste al resto de administraciones p\u00fablicas competentes a que asuman sus responsabilidades y busquen, de forma colaborativa, la forma de garantizar los derechos de todas las personas que se ven abocadas a vivir en asentamientos.\n\n<!-- \/wp:paragraph -->","protected":false},"excerpt":{"rendered":"<p>Ser\u00eda necesario que la ciudad se dotara de una estrategia que permita orientar la pol\u00edtica municipal en materia de asentamientos hacia un objetivo com\u00fan, de los diferentes servicios municipales. \u00c9sta [&hellip;]<\/p>\n","protected":false},"author":2,"featured_media":16175,"comment_status":"closed","ping_status":"open","sticky":false,"template":"","format":"standard","meta":{"_acf_changed":false,"footnotes":""},"tags":[],"drets":[1475,1476],"class_list":["post-16178","post","type-post","status-publish","format-standard","has-post-thumbnail","hentry","drets-ciudad-equitativa","drets-derecho-a-los-servicios-de-proteccion-social"],"acf":[],"yoast_head":"<!-- This site is optimized with the Yoast SEO plugin v27.5 - https:\/\/yoast.com\/product\/yoast-seo-wordpress\/ -->\n<title>La Sindicatura pide una estrategia de ciudad y metropolitana en materia de asentamientos - Sindicatura de Greuges de Barcelona<\/title>\n<meta name=\"robots\" content=\"index, follow, max-snippet:-1, max-image-preview:large, max-video-preview:-1\" \/>\n<link rel=\"canonical\" href=\"https:\/\/www.sindicaturabarcelona.cat\/es\/la-sindicatura-pide-una-estrategia-de-ciudad-y-metropolitana-en-materia-de-asentamientos\/\" \/>\n<meta property=\"og:locale\" content=\"es_ES\" \/>\n<meta property=\"og:type\" content=\"article\" \/>\n<meta property=\"og:title\" content=\"La Sindicatura pide una estrategia de ciudad y metropolitana en materia de asentamientos - Sindicatura de Greuges de Barcelona\" \/>\n<meta property=\"og:description\" content=\"Ser\u00eda necesario que la ciudad se dotara de una estrategia que permita orientar la pol\u00edtica municipal en materia de asentamientos hacia un objetivo com\u00fan, de los diferentes servicios municipales. \u00c9sta [&hellip;]\" \/>\n<meta property=\"og:url\" content=\"https:\/\/www.sindicaturabarcelona.cat\/es\/la-sindicatura-pide-una-estrategia-de-ciudad-y-metropolitana-en-materia-de-asentamientos\/\" \/>\n<meta property=\"og:site_name\" content=\"Sindicatura de Greuges de Barcelona\" \/>\n<meta property=\"article:published_time\" content=\"2023-04-14T12:24:32+00:00\" \/>\n<meta property=\"article:modified_time\" content=\"2023-05-09T14:30:22+00:00\" \/>\n<meta property=\"og:image\" content=\"https:\/\/www.sindicaturabarcelona.cat\/wp-content\/uploads\/dos-membres-dels-serveis-socials-conv.jpg\" \/>\n\t<meta property=\"og:image:width\" content=\"720\" \/>\n\t<meta property=\"og:image:height\" content=\"480\" \/>\n\t<meta property=\"og:image:type\" content=\"image\/jpeg\" \/>\n<meta name=\"author\" content=\"Pablo\" \/>\n<meta name=\"twitter:card\" content=\"summary_large_image\" \/>\n<meta name=\"twitter:creator\" content=\"@sindicbarcelona\" \/>\n<meta name=\"twitter:site\" content=\"@sindicbarcelona\" \/>\n<meta name=\"twitter:label1\" content=\"Escrito por\" \/>\n\t<meta name=\"twitter:data1\" content=\"Pablo\" \/>\n\t<meta name=\"twitter:label2\" content=\"Tiempo de lectura\" \/>\n\t<meta name=\"twitter:data2\" content=\"5 minutos\" \/>\n<script type=\"application\/ld+json\" class=\"yoast-schema-graph\">{\"@context\":\"https:\\\/\\\/schema.org\",\"@graph\":[{\"@type\":\"Article\",\"@id\":\"https:\\\/\\\/www.sindicaturabarcelona.cat\\\/es\\\/la-sindicatura-pide-una-estrategia-de-ciudad-y-metropolitana-en-materia-de-asentamientos\\\/#article\",\"isPartOf\":{\"@id\":\"https:\\\/\\\/www.sindicaturabarcelona.cat\\\/es\\\/la-sindicatura-pide-una-estrategia-de-ciudad-y-metropolitana-en-materia-de-asentamientos\\\/\"},\"author\":{\"name\":\"Pablo\",\"@id\":\"https:\\\/\\\/www.sindicaturabarcelona.cat\\\/es\\\/#\\\/schema\\\/person\\\/0e5acffc350ffdbc97578159322c9452\"},\"headline\":\"La Sindicatura pide una estrategia de ciudad y metropolitana en materia de asentamientos\",\"datePublished\":\"2023-04-14T12:24:32+00:00\",\"dateModified\":\"2023-05-09T14:30:22+00:00\",\"mainEntityOfPage\":{\"@id\":\"https:\\\/\\\/www.sindicaturabarcelona.cat\\\/es\\\/la-sindicatura-pide-una-estrategia-de-ciudad-y-metropolitana-en-materia-de-asentamientos\\\/\"},\"wordCount\":885,\"publisher\":{\"@id\":\"https:\\\/\\\/www.sindicaturabarcelona.cat\\\/es\\\/#organization\"},\"image\":{\"@id\":\"https:\\\/\\\/www.sindicaturabarcelona.cat\\\/es\\\/la-sindicatura-pide-una-estrategia-de-ciudad-y-metropolitana-en-materia-de-asentamientos\\\/#primaryimage\"},\"thumbnailUrl\":\"https:\\\/\\\/www.sindicaturabarcelona.cat\\\/wp-content\\\/uploads\\\/dos-membres-dels-serveis-socials-conv.jpg\",\"articleSection\":[\"Servicios sociales\",\"Vivienda y urbanismo\"],\"inLanguage\":\"es\"},{\"@type\":\"WebPage\",\"@id\":\"https:\\\/\\\/www.sindicaturabarcelona.cat\\\/es\\\/la-sindicatura-pide-una-estrategia-de-ciudad-y-metropolitana-en-materia-de-asentamientos\\\/\",\"url\":\"https:\\\/\\\/www.sindicaturabarcelona.cat\\\/es\\\/la-sindicatura-pide-una-estrategia-de-ciudad-y-metropolitana-en-materia-de-asentamientos\\\/\",\"name\":\"La Sindicatura pide una estrategia de ciudad y metropolitana en materia de asentamientos - Sindicatura de Greuges de Barcelona\",\"isPartOf\":{\"@id\":\"https:\\\/\\\/www.sindicaturabarcelona.cat\\\/es\\\/#website\"},\"primaryImageOfPage\":{\"@id\":\"https:\\\/\\\/www.sindicaturabarcelona.cat\\\/es\\\/la-sindicatura-pide-una-estrategia-de-ciudad-y-metropolitana-en-materia-de-asentamientos\\\/#primaryimage\"},\"image\":{\"@id\":\"https:\\\/\\\/www.sindicaturabarcelona.cat\\\/es\\\/la-sindicatura-pide-una-estrategia-de-ciudad-y-metropolitana-en-materia-de-asentamientos\\\/#primaryimage\"},\"thumbnailUrl\":\"https:\\\/\\\/www.sindicaturabarcelona.cat\\\/wp-content\\\/uploads\\\/dos-membres-dels-serveis-socials-conv.jpg\",\"datePublished\":\"2023-04-14T12:24:32+00:00\",\"dateModified\":\"2023-05-09T14:30:22+00:00\",\"breadcrumb\":{\"@id\":\"https:\\\/\\\/www.sindicaturabarcelona.cat\\\/es\\\/la-sindicatura-pide-una-estrategia-de-ciudad-y-metropolitana-en-materia-de-asentamientos\\\/#breadcrumb\"},\"inLanguage\":\"es\",\"potentialAction\":[{\"@type\":\"ReadAction\",\"target\":[\"https:\\\/\\\/www.sindicaturabarcelona.cat\\\/es\\\/la-sindicatura-pide-una-estrategia-de-ciudad-y-metropolitana-en-materia-de-asentamientos\\\/\"]}]},{\"@type\":\"ImageObject\",\"inLanguage\":\"es\",\"@id\":\"https:\\\/\\\/www.sindicaturabarcelona.cat\\\/es\\\/la-sindicatura-pide-una-estrategia-de-ciudad-y-metropolitana-en-materia-de-asentamientos\\\/#primaryimage\",\"url\":\"https:\\\/\\\/www.sindicaturabarcelona.cat\\\/wp-content\\\/uploads\\\/dos-membres-dels-serveis-socials-conv.jpg\",\"contentUrl\":\"https:\\\/\\\/www.sindicaturabarcelona.cat\\\/wp-content\\\/uploads\\\/dos-membres-dels-serveis-socials-conv.jpg\",\"width\":720,\"height\":480,\"caption\":\"Dos membres dels serveis socials conversen amb persones sense llar - empadronament sense llar\"},{\"@type\":\"BreadcrumbList\",\"@id\":\"https:\\\/\\\/www.sindicaturabarcelona.cat\\\/es\\\/la-sindicatura-pide-una-estrategia-de-ciudad-y-metropolitana-en-materia-de-asentamientos\\\/#breadcrumb\",\"itemListElement\":[{\"@type\":\"ListItem\",\"position\":1,\"name\":\"Inici\",\"item\":\"https:\\\/\\\/www.sindicaturabarcelona.cat\\\/es\\\/\"},{\"@type\":\"ListItem\",\"position\":2,\"name\":\"La Sindicatura pide una estrategia de ciudad y metropolitana en materia de asentamientos\"}]},{\"@type\":\"WebSite\",\"@id\":\"https:\\\/\\\/www.sindicaturabarcelona.cat\\\/es\\\/#website\",\"url\":\"https:\\\/\\\/www.sindicaturabarcelona.cat\\\/es\\\/\",\"name\":\"Sindicatura de Greuges de Barcelona\",\"description\":\"La defensoria dels teus drets\",\"publisher\":{\"@id\":\"https:\\\/\\\/www.sindicaturabarcelona.cat\\\/es\\\/#organization\"},\"potentialAction\":[{\"@type\":\"SearchAction\",\"target\":{\"@type\":\"EntryPoint\",\"urlTemplate\":\"https:\\\/\\\/www.sindicaturabarcelona.cat\\\/es\\\/?s={search_term_string}\"},\"query-input\":{\"@type\":\"PropertyValueSpecification\",\"valueRequired\":true,\"valueName\":\"search_term_string\"}}],\"inLanguage\":\"es\"},{\"@type\":\"Organization\",\"@id\":\"https:\\\/\\\/www.sindicaturabarcelona.cat\\\/es\\\/#organization\",\"name\":\"Sindicatura de Greuges de Barcelona\",\"url\":\"https:\\\/\\\/www.sindicaturabarcelona.cat\\\/es\\\/\",\"logo\":{\"@type\":\"ImageObject\",\"inLanguage\":\"es\",\"@id\":\"https:\\\/\\\/www.sindicaturabarcelona.cat\\\/es\\\/#\\\/schema\\\/logo\\\/image\\\/\",\"url\":\"https:\\\/\\\/www.sindicaturabarcelona.cat\\\/wp-content\\\/uploads\\\/2023\\\/02\\\/logo_sindicatura.svg\",\"contentUrl\":\"https:\\\/\\\/www.sindicaturabarcelona.cat\\\/wp-content\\\/uploads\\\/2023\\\/02\\\/logo_sindicatura.svg\",\"caption\":\"Sindicatura de Greuges de Barcelona\"},\"image\":{\"@id\":\"https:\\\/\\\/www.sindicaturabarcelona.cat\\\/es\\\/#\\\/schema\\\/logo\\\/image\\\/\"},\"sameAs\":[\"https:\\\/\\\/x.com\\\/sindicbarcelona\",\"https:\\\/\\\/www.instagram.com\\\/sindicbarcelona\\\/\",\"https:\\\/\\\/www.tiktok.com\\\/@sindicaturabcn\",\"https:\\\/\\\/t.me\\\/sindicaturabarcelona\"]},{\"@type\":\"Person\",\"@id\":\"https:\\\/\\\/www.sindicaturabarcelona.cat\\\/es\\\/#\\\/schema\\\/person\\\/0e5acffc350ffdbc97578159322c9452\",\"name\":\"Pablo\",\"image\":{\"@type\":\"ImageObject\",\"inLanguage\":\"es\",\"@id\":\"https:\\\/\\\/secure.gravatar.com\\\/avatar\\\/c948169b402ef9492afde705c3dfd5e90e1a6a84ef6840a91124f805a25a480f?s=96&d=mm&r=g\",\"url\":\"https:\\\/\\\/secure.gravatar.com\\\/avatar\\\/c948169b402ef9492afde705c3dfd5e90e1a6a84ef6840a91124f805a25a480f?s=96&d=mm&r=g\",\"contentUrl\":\"https:\\\/\\\/secure.gravatar.com\\\/avatar\\\/c948169b402ef9492afde705c3dfd5e90e1a6a84ef6840a91124f805a25a480f?s=96&d=mm&r=g\",\"caption\":\"Pablo\"},\"url\":\"https:\\\/\\\/www.sindicaturabarcelona.cat\\\/es\\\/author\\\/pablo\\\/\"}]}<\/script>\n<!-- \/ Yoast SEO plugin. -->","yoast_head_json":{"title":"La Sindicatura pide una estrategia de ciudad y metropolitana en materia de asentamientos - Sindicatura de Greuges de Barcelona","robots":{"index":"index","follow":"follow","max-snippet":"max-snippet:-1","max-image-preview":"max-image-preview:large","max-video-preview":"max-video-preview:-1"},"canonical":"https:\/\/www.sindicaturabarcelona.cat\/es\/la-sindicatura-pide-una-estrategia-de-ciudad-y-metropolitana-en-materia-de-asentamientos\/","og_locale":"es_ES","og_type":"article","og_title":"La Sindicatura pide una estrategia de ciudad y metropolitana en materia de asentamientos - Sindicatura de Greuges de Barcelona","og_description":"Ser\u00eda necesario que la ciudad se dotara de una estrategia que permita orientar la pol\u00edtica municipal en materia de asentamientos hacia un objetivo com\u00fan, de los diferentes servicios municipales. \u00c9sta [&hellip;]","og_url":"https:\/\/www.sindicaturabarcelona.cat\/es\/la-sindicatura-pide-una-estrategia-de-ciudad-y-metropolitana-en-materia-de-asentamientos\/","og_site_name":"Sindicatura de Greuges de Barcelona","article_published_time":"2023-04-14T12:24:32+00:00","article_modified_time":"2023-05-09T14:30:22+00:00","og_image":[{"width":720,"height":480,"url":"https:\/\/www.sindicaturabarcelona.cat\/wp-content\/uploads\/dos-membres-dels-serveis-socials-conv.jpg","type":"image\/jpeg"}],"author":"Pablo","twitter_card":"summary_large_image","twitter_creator":"@sindicbarcelona","twitter_site":"@sindicbarcelona","twitter_misc":{"Escrito por":"Pablo","Tiempo de lectura":"5 minutos"},"schema":{"@context":"https:\/\/schema.org","@graph":[{"@type":"Article","@id":"https:\/\/www.sindicaturabarcelona.cat\/es\/la-sindicatura-pide-una-estrategia-de-ciudad-y-metropolitana-en-materia-de-asentamientos\/#article","isPartOf":{"@id":"https:\/\/www.sindicaturabarcelona.cat\/es\/la-sindicatura-pide-una-estrategia-de-ciudad-y-metropolitana-en-materia-de-asentamientos\/"},"author":{"name":"Pablo","@id":"https:\/\/www.sindicaturabarcelona.cat\/es\/#\/schema\/person\/0e5acffc350ffdbc97578159322c9452"},"headline":"La Sindicatura pide una estrategia de ciudad y metropolitana en materia de asentamientos","datePublished":"2023-04-14T12:24:32+00:00","dateModified":"2023-05-09T14:30:22+00:00","mainEntityOfPage":{"@id":"https:\/\/www.sindicaturabarcelona.cat\/es\/la-sindicatura-pide-una-estrategia-de-ciudad-y-metropolitana-en-materia-de-asentamientos\/"},"wordCount":885,"publisher":{"@id":"https:\/\/www.sindicaturabarcelona.cat\/es\/#organization"},"image":{"@id":"https:\/\/www.sindicaturabarcelona.cat\/es\/la-sindicatura-pide-una-estrategia-de-ciudad-y-metropolitana-en-materia-de-asentamientos\/#primaryimage"},"thumbnailUrl":"https:\/\/www.sindicaturabarcelona.cat\/wp-content\/uploads\/dos-membres-dels-serveis-socials-conv.jpg","articleSection":["Servicios sociales","Vivienda y urbanismo"],"inLanguage":"es"},{"@type":"WebPage","@id":"https:\/\/www.sindicaturabarcelona.cat\/es\/la-sindicatura-pide-una-estrategia-de-ciudad-y-metropolitana-en-materia-de-asentamientos\/","url":"https:\/\/www.sindicaturabarcelona.cat\/es\/la-sindicatura-pide-una-estrategia-de-ciudad-y-metropolitana-en-materia-de-asentamientos\/","name":"La Sindicatura pide una estrategia de ciudad y metropolitana en materia de asentamientos - Sindicatura de Greuges de Barcelona","isPartOf":{"@id":"https:\/\/www.sindicaturabarcelona.cat\/es\/#website"},"primaryImageOfPage":{"@id":"https:\/\/www.sindicaturabarcelona.cat\/es\/la-sindicatura-pide-una-estrategia-de-ciudad-y-metropolitana-en-materia-de-asentamientos\/#primaryimage"},"image":{"@id":"https:\/\/www.sindicaturabarcelona.cat\/es\/la-sindicatura-pide-una-estrategia-de-ciudad-y-metropolitana-en-materia-de-asentamientos\/#primaryimage"},"thumbnailUrl":"https:\/\/www.sindicaturabarcelona.cat\/wp-content\/uploads\/dos-membres-dels-serveis-socials-conv.jpg","datePublished":"2023-04-14T12:24:32+00:00","dateModified":"2023-05-09T14:30:22+00:00","breadcrumb":{"@id":"https:\/\/www.sindicaturabarcelona.cat\/es\/la-sindicatura-pide-una-estrategia-de-ciudad-y-metropolitana-en-materia-de-asentamientos\/#breadcrumb"},"inLanguage":"es","potentialAction":[{"@type":"ReadAction","target":["https:\/\/www.sindicaturabarcelona.cat\/es\/la-sindicatura-pide-una-estrategia-de-ciudad-y-metropolitana-en-materia-de-asentamientos\/"]}]},{"@type":"ImageObject","inLanguage":"es","@id":"https:\/\/www.sindicaturabarcelona.cat\/es\/la-sindicatura-pide-una-estrategia-de-ciudad-y-metropolitana-en-materia-de-asentamientos\/#primaryimage","url":"https:\/\/www.sindicaturabarcelona.cat\/wp-content\/uploads\/dos-membres-dels-serveis-socials-conv.jpg","contentUrl":"https:\/\/www.sindicaturabarcelona.cat\/wp-content\/uploads\/dos-membres-dels-serveis-socials-conv.jpg","width":720,"height":480,"caption":"Dos membres dels serveis socials conversen amb persones sense llar - empadronament sense llar"},{"@type":"BreadcrumbList","@id":"https:\/\/www.sindicaturabarcelona.cat\/es\/la-sindicatura-pide-una-estrategia-de-ciudad-y-metropolitana-en-materia-de-asentamientos\/#breadcrumb","itemListElement":[{"@type":"ListItem","position":1,"name":"Inici","item":"https:\/\/www.sindicaturabarcelona.cat\/es\/"},{"@type":"ListItem","position":2,"name":"La Sindicatura pide una estrategia de ciudad y metropolitana en materia de asentamientos"}]},{"@type":"WebSite","@id":"https:\/\/www.sindicaturabarcelona.cat\/es\/#website","url":"https:\/\/www.sindicaturabarcelona.cat\/es\/","name":"Sindicatura de Greuges de Barcelona","description":"La defensoria dels teus drets","publisher":{"@id":"https:\/\/www.sindicaturabarcelona.cat\/es\/#organization"},"potentialAction":[{"@type":"SearchAction","target":{"@type":"EntryPoint","urlTemplate":"https:\/\/www.sindicaturabarcelona.cat\/es\/?s={search_term_string}"},"query-input":{"@type":"PropertyValueSpecification","valueRequired":true,"valueName":"search_term_string"}}],"inLanguage":"es"},{"@type":"Organization","@id":"https:\/\/www.sindicaturabarcelona.cat\/es\/#organization","name":"Sindicatura de Greuges de Barcelona","url":"https:\/\/www.sindicaturabarcelona.cat\/es\/","logo":{"@type":"ImageObject","inLanguage":"es","@id":"https:\/\/www.sindicaturabarcelona.cat\/es\/#\/schema\/logo\/image\/","url":"https:\/\/www.sindicaturabarcelona.cat\/wp-content\/uploads\/2023\/02\/logo_sindicatura.svg","contentUrl":"https:\/\/www.sindicaturabarcelona.cat\/wp-content\/uploads\/2023\/02\/logo_sindicatura.svg","caption":"Sindicatura de Greuges de Barcelona"},"image":{"@id":"https:\/\/www.sindicaturabarcelona.cat\/es\/#\/schema\/logo\/image\/"},"sameAs":["https:\/\/x.com\/sindicbarcelona","https:\/\/www.instagram.com\/sindicbarcelona\/","https:\/\/www.tiktok.com\/@sindicaturabcn","https:\/\/t.me\/sindicaturabarcelona"]},{"@type":"Person","@id":"https:\/\/www.sindicaturabarcelona.cat\/es\/#\/schema\/person\/0e5acffc350ffdbc97578159322c9452","name":"Pablo","image":{"@type":"ImageObject","inLanguage":"es","@id":"https:\/\/secure.gravatar.com\/avatar\/c948169b402ef9492afde705c3dfd5e90e1a6a84ef6840a91124f805a25a480f?s=96&d=mm&r=g","url":"https:\/\/secure.gravatar.com\/avatar\/c948169b402ef9492afde705c3dfd5e90e1a6a84ef6840a91124f805a25a480f?s=96&d=mm&r=g","contentUrl":"https:\/\/secure.gravatar.com\/avatar\/c948169b402ef9492afde705c3dfd5e90e1a6a84ef6840a91124f805a25a480f?s=96&d=mm&r=g","caption":"Pablo"},"url":"https:\/\/www.sindicaturabarcelona.cat\/es\/author\/pablo\/"}]}},"_links":{"self":[{"href":"https:\/\/www.sindicaturabarcelona.cat\/es\/wp-json\/wp\/v2\/posts\/16178","targetHints":{"allow":["GET"]}}],"collection":[{"href":"https:\/\/www.sindicaturabarcelona.cat\/es\/wp-json\/wp\/v2\/posts"}],"about":[{"href":"https:\/\/www.sindicaturabarcelona.cat\/es\/wp-json\/wp\/v2\/types\/post"}],"author":[{"embeddable":true,"href":"https:\/\/www.sindicaturabarcelona.cat\/es\/wp-json\/wp\/v2\/users\/2"}],"replies":[{"embeddable":true,"href":"https:\/\/www.sindicaturabarcelona.cat\/es\/wp-json\/wp\/v2\/comments?post=16178"}],"version-history":[{"count":0,"href":"https:\/\/www.sindicaturabarcelona.cat\/es\/wp-json\/wp\/v2\/posts\/16178\/revisions"}],"wp:featuredmedia":[{"embeddable":true,"href":"https:\/\/www.sindicaturabarcelona.cat\/es\/wp-json\/wp\/v2\/media\/16175"}],"wp:attachment":[{"href":"https:\/\/www.sindicaturabarcelona.cat\/es\/wp-json\/wp\/v2\/media?parent=16178"}],"wp:term":[{"taxonomy":"post_tag","embeddable":true,"href":"https:\/\/www.sindicaturabarcelona.cat\/es\/wp-json\/wp\/v2\/tags?post=16178"},{"taxonomy":"drets","embeddable":true,"href":"https:\/\/www.sindicaturabarcelona.cat\/es\/wp-json\/wp\/v2\/drets?post=16178"}],"curies":[{"name":"wp","href":"https:\/\/api.w.org\/{rel}","templated":true}]}}