{"id":16004,"date":"2023-03-24T15:25:24","date_gmt":"2023-03-24T13:25:24","guid":{"rendered":"https:\/\/www.sindicaturabarcelona.cat\/?p=16004"},"modified":"2023-05-09T16:31:25","modified_gmt":"2023-05-09T14:31:25","slug":"tmb-debe-velar-por-que-sus-trabajadores-y-trabajadoras-no-lleven-a-cabo-conductas-discriminatorias","status":"publish","type":"post","link":"https:\/\/www.sindicaturabarcelona.cat\/es\/tmb-debe-velar-por-que-sus-trabajadores-y-trabajadoras-no-lleven-a-cabo-conductas-discriminatorias\/","title":{"rendered":"TMB debe velar por que sus trabajadores y trabajadoras no lleven a cabo conductas discriminatorias"},"content":{"rendered":"\n<p>Esta semana, en la que se ha celebrado el D\u00eda por la eliminaci\u00f3n de la discriminaci\u00f3n racial, <a href=\"https:\/\/beteve.cat\/societat\/sis-mesos-preso-conductor-bus-tmb-estirar-vel-dona\/\" class=\"ek-link\">la Audiencia de Barcelona ha condenado a un conductor de autob\u00fas de TMB que discrimin\u00f3 a una familia de origen marroqu\u00ed, llegando a agredir a la madre y una de las hijas<\/a>. M\u00e1s all\u00e1 de su recorrido judicial, <a href=\"https:\/\/www.sindicaturabarcelona.cat\/wp-content\/uploads\/2023\/03\/202107_Tracte-discriminatori-per-part-dun-treballador-dun-servei-public.pdf\" class=\"ek-link\">la Sindicatura de Greuges de Barcelona se pronunci\u00f3 en 2021 sobre este caso<\/a> ante la queja de la ciudadana agredida, <strong>recordando a TMB que tiene el deber de velar por que no se produzcan conductas discriminatorias negativas en la prestaci\u00f3n del servicio de transporte p\u00fablico<\/strong>.<\/p>\n\n\n\n<p>Recuperamos este caso a ra\u00edz de la sentencia para destacar la importancia de que los servicios p\u00fablicos controlen la actuaci\u00f3n de sus trabajadores y trabajadoras y revisen las actuaciones, con la contundencia disciplinaria debida ante pr\u00e1cticas discriminatorias.<\/p>\n\n\n\n<p class=\"has-medium-font-size\"><strong>Un caso de discriminaci\u00f3n y agresi\u00f3n en el transporte p\u00fablico<\/strong><\/p>\n\n\n\n<p>En mayo de 2020, una mujer de origen marroqu\u00ed y sus hijas menores de edad tomaron un autob\u00fas. Ante un problema con la validaci\u00f3n del t\u00edtulo de transporte, el conductor reaccion\u00f3 con un comportamiento agresivo y xen\u00f3fobo, con insultos de car\u00e1cter racista y una agresi\u00f3n a la mujer, intentando quitarle el velo que llevaba.<\/p>\n\n\n\n<p>Ante estos hechos, <strong>la ciudadana denunci\u00f3 al conductor ante la justicia e interpuso una queja en la Sindicatura de Greuges de Barcelona<\/strong>. \u00c9sta pidi\u00f3 informaci\u00f3n a TMB sobre las medidas disciplinarias para conocer el control interno que se hab\u00eda hecho del incidente.<\/p>\n\n\n\n<p class=\"has-medium-font-size\"><strong>Una gesti\u00f3n poco contundente<\/strong><\/p>\n\n\n\n<p>Ante la demanda de informaci\u00f3n de la Sindicatura en julio de 2020, <strong>TMB manifest\u00f3 en junio de 2021 que se le hab\u00eda abierto un expediente disciplinario al trabajador<\/strong>, que estaba en fase de instrucci\u00f3n. A\u00f1ad\u00edan que, dado que se hab\u00eda presentado denuncia por los mismos hechos ante los Mossos d&#8217;Esquadra, no pod\u00edan hacer ning\u00fan comentario sobre la actuaci\u00f3n hasta que el caso estuviera resuelto.<\/p>\n\n\n\n<p>Finalizada la instrucci\u00f3n del expediente disciplinario, TMB comunic\u00f3 que se hab\u00eda estimado que esta actuaci\u00f3n comportaba una falta y la adopci\u00f3n de las correspondientes medidas disciplinarias. Sin embargo, por motivos de confidencialidad no pod\u00edan facilitar m\u00e1s detalles. Por tanto, <strong>no se facilit\u00f3 informaci\u00f3n de qu\u00e9 medidas disciplinarias se hab\u00edan aplicado<\/strong>, por lo que la Sindicatura no pudo evaluar su proporcionalidad.<\/p>\n\n\n\n<p>La Sindicatura de Greuges de Barcelona resolvi\u00f3 que TMB hab\u00eda actuado de forma ajustada al derecho, pero que, <strong>ante un presunto delito de odio y discriminaci\u00f3n cometido por un prestamista de un servicio p\u00fablico, no se hab\u00eda proporcionado la informaci\u00f3n necesaria para poder valorar de forma adecuada el proceso sancionador llevado a cabo<\/strong>. La Sindicatura tambi\u00e9n pidi\u00f3 que se le informara sobre el pronunciamiento judicial de este caso para poder revisar las medidas finalmente adoptadas.<\/p>\n\n\n\n<p class=\"has-medium-font-size\"><strong>La condena<\/strong><\/p>\n\n\n\n<p>Una vez que la Audiencia de Barcelona ha resuelto el juicio, con una condena por el conductor, esta Sindicatura encuentra de especial importancia contrastar las medidas disciplinarias impuestas y pedir\u00e1 a TMB informaci\u00f3n del caso nuevamente.<\/p>\n\n\n\n<p>Cabe recordar que l<strong>os delitos de odio y discriminaci\u00f3n no s\u00f3lo atacan y ponen en riesgo la seguridad individual, sino tambi\u00e9n la colectiva<\/strong>, constituyendo vulneraciones directas de los principios de libertad, igualdad, dignidad, democracia, respeto a los derechos humanos ya las libertades p\u00fablicas. Y resulta una conducta del todo intolerable por parte de un prestamista de servicio p\u00fablico.<\/p>\n","protected":false},"excerpt":{"rendered":"<p>Esta semana, en la que se ha celebrado el D\u00eda por la eliminaci\u00f3n de la discriminaci\u00f3n racial, la Audiencia de Barcelona ha condenado a un conductor de autob\u00fas de TMB [&hellip;]<\/p>\n","protected":false},"author":2,"featured_media":16001,"comment_status":"closed","ping_status":"open","sticky":false,"template":"","format":"standard","meta":{"_acf_changed":false,"footnotes":""},"tags":[494],"drets":[],"class_list":["post-16004","post","type-post","status-publish","format-standard","has-post-thumbnail","hentry","tag-seguridad-y-convivencia"],"acf":[],"yoast_head":"<!-- This site is optimized with the Yoast SEO plugin v27.5 - https:\/\/yoast.com\/product\/yoast-seo-wordpress\/ -->\n<title>TMB debe velar por que sus trabajadores y trabajadoras no lleven a cabo conductas discriminatorias - Sindicatura de Greuges de Barcelona<\/title>\n<meta name=\"description\" content=\"TMB ha de vetllar perqu\u00e8 els seus treballadors i treballadores no duguin a terme conductes discriminat\u00f2ries.\" \/>\n<meta name=\"robots\" content=\"index, follow, max-snippet:-1, max-image-preview:large, max-video-preview:-1\" \/>\n<link rel=\"canonical\" href=\"https:\/\/www.sindicaturabarcelona.cat\/es\/tmb-debe-velar-por-que-sus-trabajadores-y-trabajadoras-no-lleven-a-cabo-conductas-discriminatorias\/\" \/>\n<meta property=\"og:locale\" content=\"es_ES\" \/>\n<meta property=\"og:type\" content=\"article\" \/>\n<meta property=\"og:title\" content=\"TMB debe velar por que sus trabajadores y trabajadoras no lleven a cabo conductas discriminatorias - Sindicatura de Greuges de Barcelona\" \/>\n<meta property=\"og:description\" content=\"TMB ha de vetllar perqu\u00e8 els seus treballadors i treballadores no duguin a terme conductes discriminat\u00f2ries.\" \/>\n<meta property=\"og:url\" content=\"https:\/\/www.sindicaturabarcelona.cat\/es\/tmb-debe-velar-por-que-sus-trabajadores-y-trabajadoras-no-lleven-a-cabo-conductas-discriminatorias\/\" \/>\n<meta property=\"og:site_name\" content=\"Sindicatura de Greuges de Barcelona\" \/>\n<meta property=\"article:published_time\" content=\"2023-03-24T13:25:24+00:00\" \/>\n<meta property=\"article:modified_time\" content=\"2023-05-09T14:31:25+00:00\" \/>\n<meta property=\"og:image\" content=\"https:\/\/www.sindicaturabarcelona.cat\/wp-content\/uploads\/interior-de-la-cabina-del-conductor-a.jpg\" \/>\n\t<meta property=\"og:image:width\" content=\"800\" \/>\n\t<meta property=\"og:image:height\" content=\"534\" \/>\n\t<meta property=\"og:image:type\" content=\"image\/jpeg\" \/>\n<meta name=\"author\" content=\"Pablo\" \/>\n<meta name=\"twitter:card\" content=\"summary_large_image\" \/>\n<meta name=\"twitter:creator\" content=\"@sindicbarcelona\" \/>\n<meta name=\"twitter:site\" content=\"@sindicbarcelona\" \/>\n<meta name=\"twitter:label1\" content=\"Escrito por\" \/>\n\t<meta name=\"twitter:data1\" content=\"Pablo\" \/>\n\t<meta name=\"twitter:label2\" content=\"Tiempo de lectura\" \/>\n\t<meta name=\"twitter:data2\" content=\"3 minutos\" \/>\n<script type=\"application\/ld+json\" class=\"yoast-schema-graph\">{\"@context\":\"https:\\\/\\\/schema.org\",\"@graph\":[{\"@type\":\"Article\",\"@id\":\"https:\\\/\\\/www.sindicaturabarcelona.cat\\\/es\\\/tmb-debe-velar-por-que-sus-trabajadores-y-trabajadoras-no-lleven-a-cabo-conductas-discriminatorias\\\/#article\",\"isPartOf\":{\"@id\":\"https:\\\/\\\/www.sindicaturabarcelona.cat\\\/es\\\/tmb-debe-velar-por-que-sus-trabajadores-y-trabajadoras-no-lleven-a-cabo-conductas-discriminatorias\\\/\"},\"author\":{\"name\":\"Pablo\",\"@id\":\"https:\\\/\\\/www.sindicaturabarcelona.cat\\\/es\\\/#\\\/schema\\\/person\\\/0e5acffc350ffdbc97578159322c9452\"},\"headline\":\"TMB debe velar por que sus trabajadores y trabajadoras no lleven a cabo conductas discriminatorias\",\"datePublished\":\"2023-03-24T13:25:24+00:00\",\"dateModified\":\"2023-05-09T14:31:25+00:00\",\"mainEntityOfPage\":{\"@id\":\"https:\\\/\\\/www.sindicaturabarcelona.cat\\\/es\\\/tmb-debe-velar-por-que-sus-trabajadores-y-trabajadoras-no-lleven-a-cabo-conductas-discriminatorias\\\/\"},\"wordCount\":606,\"publisher\":{\"@id\":\"https:\\\/\\\/www.sindicaturabarcelona.cat\\\/es\\\/#organization\"},\"image\":{\"@id\":\"https:\\\/\\\/www.sindicaturabarcelona.cat\\\/es\\\/tmb-debe-velar-por-que-sus-trabajadores-y-trabajadoras-no-lleven-a-cabo-conductas-discriminatorias\\\/#primaryimage\"},\"thumbnailUrl\":\"https:\\\/\\\/www.sindicaturabarcelona.cat\\\/wp-content\\\/uploads\\\/interior-de-la-cabina-del-conductor-a.jpg\",\"keywords\":[\"Seguridad y convivencia\"],\"articleSection\":[\"Seguridad y convivencia\"],\"inLanguage\":\"es\"},{\"@type\":\"WebPage\",\"@id\":\"https:\\\/\\\/www.sindicaturabarcelona.cat\\\/es\\\/tmb-debe-velar-por-que-sus-trabajadores-y-trabajadoras-no-lleven-a-cabo-conductas-discriminatorias\\\/\",\"url\":\"https:\\\/\\\/www.sindicaturabarcelona.cat\\\/es\\\/tmb-debe-velar-por-que-sus-trabajadores-y-trabajadoras-no-lleven-a-cabo-conductas-discriminatorias\\\/\",\"name\":\"TMB debe velar por que sus trabajadores y trabajadoras no lleven a cabo conductas discriminatorias - Sindicatura de Greuges de Barcelona\",\"isPartOf\":{\"@id\":\"https:\\\/\\\/www.sindicaturabarcelona.cat\\\/es\\\/#website\"},\"primaryImageOfPage\":{\"@id\":\"https:\\\/\\\/www.sindicaturabarcelona.cat\\\/es\\\/tmb-debe-velar-por-que-sus-trabajadores-y-trabajadoras-no-lleven-a-cabo-conductas-discriminatorias\\\/#primaryimage\"},\"image\":{\"@id\":\"https:\\\/\\\/www.sindicaturabarcelona.cat\\\/es\\\/tmb-debe-velar-por-que-sus-trabajadores-y-trabajadoras-no-lleven-a-cabo-conductas-discriminatorias\\\/#primaryimage\"},\"thumbnailUrl\":\"https:\\\/\\\/www.sindicaturabarcelona.cat\\\/wp-content\\\/uploads\\\/interior-de-la-cabina-del-conductor-a.jpg\",\"datePublished\":\"2023-03-24T13:25:24+00:00\",\"dateModified\":\"2023-05-09T14:31:25+00:00\",\"description\":\"TMB ha de vetllar perqu\u00e8 els seus treballadors i treballadores no duguin a terme conductes discriminat\u00f2ries.\",\"breadcrumb\":{\"@id\":\"https:\\\/\\\/www.sindicaturabarcelona.cat\\\/es\\\/tmb-debe-velar-por-que-sus-trabajadores-y-trabajadoras-no-lleven-a-cabo-conductas-discriminatorias\\\/#breadcrumb\"},\"inLanguage\":\"es\",\"potentialAction\":[{\"@type\":\"ReadAction\",\"target\":[\"https:\\\/\\\/www.sindicaturabarcelona.cat\\\/es\\\/tmb-debe-velar-por-que-sus-trabajadores-y-trabajadoras-no-lleven-a-cabo-conductas-discriminatorias\\\/\"]}]},{\"@type\":\"ImageObject\",\"inLanguage\":\"es\",\"@id\":\"https:\\\/\\\/www.sindicaturabarcelona.cat\\\/es\\\/tmb-debe-velar-por-que-sus-trabajadores-y-trabajadoras-no-lleven-a-cabo-conductas-discriminatorias\\\/#primaryimage\",\"url\":\"https:\\\/\\\/www.sindicaturabarcelona.cat\\\/wp-content\\\/uploads\\\/interior-de-la-cabina-del-conductor-a.jpg\",\"contentUrl\":\"https:\\\/\\\/www.sindicaturabarcelona.cat\\\/wp-content\\\/uploads\\\/interior-de-la-cabina-del-conductor-a.jpg\",\"width\":800,\"height\":534,\"caption\":\"Cabina conductor autobus\"},{\"@type\":\"BreadcrumbList\",\"@id\":\"https:\\\/\\\/www.sindicaturabarcelona.cat\\\/es\\\/tmb-debe-velar-por-que-sus-trabajadores-y-trabajadoras-no-lleven-a-cabo-conductas-discriminatorias\\\/#breadcrumb\",\"itemListElement\":[{\"@type\":\"ListItem\",\"position\":1,\"name\":\"Inici\",\"item\":\"https:\\\/\\\/www.sindicaturabarcelona.cat\\\/es\\\/\"},{\"@type\":\"ListItem\",\"position\":2,\"name\":\"TMB debe velar por que sus trabajadores y trabajadoras no lleven a cabo conductas discriminatorias\"}]},{\"@type\":\"WebSite\",\"@id\":\"https:\\\/\\\/www.sindicaturabarcelona.cat\\\/es\\\/#website\",\"url\":\"https:\\\/\\\/www.sindicaturabarcelona.cat\\\/es\\\/\",\"name\":\"Sindicatura de Greuges de Barcelona\",\"description\":\"La defensoria dels teus drets\",\"publisher\":{\"@id\":\"https:\\\/\\\/www.sindicaturabarcelona.cat\\\/es\\\/#organization\"},\"potentialAction\":[{\"@type\":\"SearchAction\",\"target\":{\"@type\":\"EntryPoint\",\"urlTemplate\":\"https:\\\/\\\/www.sindicaturabarcelona.cat\\\/es\\\/?s={search_term_string}\"},\"query-input\":{\"@type\":\"PropertyValueSpecification\",\"valueRequired\":true,\"valueName\":\"search_term_string\"}}],\"inLanguage\":\"es\"},{\"@type\":\"Organization\",\"@id\":\"https:\\\/\\\/www.sindicaturabarcelona.cat\\\/es\\\/#organization\",\"name\":\"Sindicatura de Greuges de Barcelona\",\"url\":\"https:\\\/\\\/www.sindicaturabarcelona.cat\\\/es\\\/\",\"logo\":{\"@type\":\"ImageObject\",\"inLanguage\":\"es\",\"@id\":\"https:\\\/\\\/www.sindicaturabarcelona.cat\\\/es\\\/#\\\/schema\\\/logo\\\/image\\\/\",\"url\":\"https:\\\/\\\/www.sindicaturabarcelona.cat\\\/wp-content\\\/uploads\\\/2023\\\/02\\\/logo_sindicatura.svg\",\"contentUrl\":\"https:\\\/\\\/www.sindicaturabarcelona.cat\\\/wp-content\\\/uploads\\\/2023\\\/02\\\/logo_sindicatura.svg\",\"caption\":\"Sindicatura de Greuges de Barcelona\"},\"image\":{\"@id\":\"https:\\\/\\\/www.sindicaturabarcelona.cat\\\/es\\\/#\\\/schema\\\/logo\\\/image\\\/\"},\"sameAs\":[\"https:\\\/\\\/x.com\\\/sindicbarcelona\",\"https:\\\/\\\/www.instagram.com\\\/sindicbarcelona\\\/\",\"https:\\\/\\\/www.tiktok.com\\\/@sindicaturabcn\",\"https:\\\/\\\/t.me\\\/sindicaturabarcelona\"]},{\"@type\":\"Person\",\"@id\":\"https:\\\/\\\/www.sindicaturabarcelona.cat\\\/es\\\/#\\\/schema\\\/person\\\/0e5acffc350ffdbc97578159322c9452\",\"name\":\"Pablo\",\"image\":{\"@type\":\"ImageObject\",\"inLanguage\":\"es\",\"@id\":\"https:\\\/\\\/secure.gravatar.com\\\/avatar\\\/c948169b402ef9492afde705c3dfd5e90e1a6a84ef6840a91124f805a25a480f?s=96&d=mm&r=g\",\"url\":\"https:\\\/\\\/secure.gravatar.com\\\/avatar\\\/c948169b402ef9492afde705c3dfd5e90e1a6a84ef6840a91124f805a25a480f?s=96&d=mm&r=g\",\"contentUrl\":\"https:\\\/\\\/secure.gravatar.com\\\/avatar\\\/c948169b402ef9492afde705c3dfd5e90e1a6a84ef6840a91124f805a25a480f?s=96&d=mm&r=g\",\"caption\":\"Pablo\"},\"url\":\"https:\\\/\\\/www.sindicaturabarcelona.cat\\\/es\\\/author\\\/pablo\\\/\"}]}<\/script>\n<!-- \/ Yoast SEO plugin. -->","yoast_head_json":{"title":"TMB debe velar por que sus trabajadores y trabajadoras no lleven a cabo conductas discriminatorias - Sindicatura de Greuges de Barcelona","description":"TMB ha de vetllar perqu\u00e8 els seus treballadors i treballadores no duguin a terme conductes discriminat\u00f2ries.","robots":{"index":"index","follow":"follow","max-snippet":"max-snippet:-1","max-image-preview":"max-image-preview:large","max-video-preview":"max-video-preview:-1"},"canonical":"https:\/\/www.sindicaturabarcelona.cat\/es\/tmb-debe-velar-por-que-sus-trabajadores-y-trabajadoras-no-lleven-a-cabo-conductas-discriminatorias\/","og_locale":"es_ES","og_type":"article","og_title":"TMB debe velar por que sus trabajadores y trabajadoras no lleven a cabo conductas discriminatorias - Sindicatura de Greuges de Barcelona","og_description":"TMB ha de vetllar perqu\u00e8 els seus treballadors i treballadores no duguin a terme conductes discriminat\u00f2ries.","og_url":"https:\/\/www.sindicaturabarcelona.cat\/es\/tmb-debe-velar-por-que-sus-trabajadores-y-trabajadoras-no-lleven-a-cabo-conductas-discriminatorias\/","og_site_name":"Sindicatura de Greuges de Barcelona","article_published_time":"2023-03-24T13:25:24+00:00","article_modified_time":"2023-05-09T14:31:25+00:00","og_image":[{"width":800,"height":534,"url":"https:\/\/www.sindicaturabarcelona.cat\/wp-content\/uploads\/interior-de-la-cabina-del-conductor-a.jpg","type":"image\/jpeg"}],"author":"Pablo","twitter_card":"summary_large_image","twitter_creator":"@sindicbarcelona","twitter_site":"@sindicbarcelona","twitter_misc":{"Escrito por":"Pablo","Tiempo de lectura":"3 minutos"},"schema":{"@context":"https:\/\/schema.org","@graph":[{"@type":"Article","@id":"https:\/\/www.sindicaturabarcelona.cat\/es\/tmb-debe-velar-por-que-sus-trabajadores-y-trabajadoras-no-lleven-a-cabo-conductas-discriminatorias\/#article","isPartOf":{"@id":"https:\/\/www.sindicaturabarcelona.cat\/es\/tmb-debe-velar-por-que-sus-trabajadores-y-trabajadoras-no-lleven-a-cabo-conductas-discriminatorias\/"},"author":{"name":"Pablo","@id":"https:\/\/www.sindicaturabarcelona.cat\/es\/#\/schema\/person\/0e5acffc350ffdbc97578159322c9452"},"headline":"TMB debe velar por que sus trabajadores y trabajadoras no lleven a cabo conductas discriminatorias","datePublished":"2023-03-24T13:25:24+00:00","dateModified":"2023-05-09T14:31:25+00:00","mainEntityOfPage":{"@id":"https:\/\/www.sindicaturabarcelona.cat\/es\/tmb-debe-velar-por-que-sus-trabajadores-y-trabajadoras-no-lleven-a-cabo-conductas-discriminatorias\/"},"wordCount":606,"publisher":{"@id":"https:\/\/www.sindicaturabarcelona.cat\/es\/#organization"},"image":{"@id":"https:\/\/www.sindicaturabarcelona.cat\/es\/tmb-debe-velar-por-que-sus-trabajadores-y-trabajadoras-no-lleven-a-cabo-conductas-discriminatorias\/#primaryimage"},"thumbnailUrl":"https:\/\/www.sindicaturabarcelona.cat\/wp-content\/uploads\/interior-de-la-cabina-del-conductor-a.jpg","keywords":["Seguridad y convivencia"],"articleSection":["Seguridad y convivencia"],"inLanguage":"es"},{"@type":"WebPage","@id":"https:\/\/www.sindicaturabarcelona.cat\/es\/tmb-debe-velar-por-que-sus-trabajadores-y-trabajadoras-no-lleven-a-cabo-conductas-discriminatorias\/","url":"https:\/\/www.sindicaturabarcelona.cat\/es\/tmb-debe-velar-por-que-sus-trabajadores-y-trabajadoras-no-lleven-a-cabo-conductas-discriminatorias\/","name":"TMB debe velar por que sus trabajadores y trabajadoras no lleven a cabo conductas discriminatorias - Sindicatura de Greuges de Barcelona","isPartOf":{"@id":"https:\/\/www.sindicaturabarcelona.cat\/es\/#website"},"primaryImageOfPage":{"@id":"https:\/\/www.sindicaturabarcelona.cat\/es\/tmb-debe-velar-por-que-sus-trabajadores-y-trabajadoras-no-lleven-a-cabo-conductas-discriminatorias\/#primaryimage"},"image":{"@id":"https:\/\/www.sindicaturabarcelona.cat\/es\/tmb-debe-velar-por-que-sus-trabajadores-y-trabajadoras-no-lleven-a-cabo-conductas-discriminatorias\/#primaryimage"},"thumbnailUrl":"https:\/\/www.sindicaturabarcelona.cat\/wp-content\/uploads\/interior-de-la-cabina-del-conductor-a.jpg","datePublished":"2023-03-24T13:25:24+00:00","dateModified":"2023-05-09T14:31:25+00:00","description":"TMB ha de vetllar perqu\u00e8 els seus treballadors i treballadores no duguin a terme conductes discriminat\u00f2ries.","breadcrumb":{"@id":"https:\/\/www.sindicaturabarcelona.cat\/es\/tmb-debe-velar-por-que-sus-trabajadores-y-trabajadoras-no-lleven-a-cabo-conductas-discriminatorias\/#breadcrumb"},"inLanguage":"es","potentialAction":[{"@type":"ReadAction","target":["https:\/\/www.sindicaturabarcelona.cat\/es\/tmb-debe-velar-por-que-sus-trabajadores-y-trabajadoras-no-lleven-a-cabo-conductas-discriminatorias\/"]}]},{"@type":"ImageObject","inLanguage":"es","@id":"https:\/\/www.sindicaturabarcelona.cat\/es\/tmb-debe-velar-por-que-sus-trabajadores-y-trabajadoras-no-lleven-a-cabo-conductas-discriminatorias\/#primaryimage","url":"https:\/\/www.sindicaturabarcelona.cat\/wp-content\/uploads\/interior-de-la-cabina-del-conductor-a.jpg","contentUrl":"https:\/\/www.sindicaturabarcelona.cat\/wp-content\/uploads\/interior-de-la-cabina-del-conductor-a.jpg","width":800,"height":534,"caption":"Cabina conductor autobus"},{"@type":"BreadcrumbList","@id":"https:\/\/www.sindicaturabarcelona.cat\/es\/tmb-debe-velar-por-que-sus-trabajadores-y-trabajadoras-no-lleven-a-cabo-conductas-discriminatorias\/#breadcrumb","itemListElement":[{"@type":"ListItem","position":1,"name":"Inici","item":"https:\/\/www.sindicaturabarcelona.cat\/es\/"},{"@type":"ListItem","position":2,"name":"TMB debe velar por que sus trabajadores y trabajadoras no lleven a cabo conductas discriminatorias"}]},{"@type":"WebSite","@id":"https:\/\/www.sindicaturabarcelona.cat\/es\/#website","url":"https:\/\/www.sindicaturabarcelona.cat\/es\/","name":"Sindicatura de Greuges de Barcelona","description":"La defensoria dels teus drets","publisher":{"@id":"https:\/\/www.sindicaturabarcelona.cat\/es\/#organization"},"potentialAction":[{"@type":"SearchAction","target":{"@type":"EntryPoint","urlTemplate":"https:\/\/www.sindicaturabarcelona.cat\/es\/?s={search_term_string}"},"query-input":{"@type":"PropertyValueSpecification","valueRequired":true,"valueName":"search_term_string"}}],"inLanguage":"es"},{"@type":"Organization","@id":"https:\/\/www.sindicaturabarcelona.cat\/es\/#organization","name":"Sindicatura de Greuges de Barcelona","url":"https:\/\/www.sindicaturabarcelona.cat\/es\/","logo":{"@type":"ImageObject","inLanguage":"es","@id":"https:\/\/www.sindicaturabarcelona.cat\/es\/#\/schema\/logo\/image\/","url":"https:\/\/www.sindicaturabarcelona.cat\/wp-content\/uploads\/2023\/02\/logo_sindicatura.svg","contentUrl":"https:\/\/www.sindicaturabarcelona.cat\/wp-content\/uploads\/2023\/02\/logo_sindicatura.svg","caption":"Sindicatura de Greuges de Barcelona"},"image":{"@id":"https:\/\/www.sindicaturabarcelona.cat\/es\/#\/schema\/logo\/image\/"},"sameAs":["https:\/\/x.com\/sindicbarcelona","https:\/\/www.instagram.com\/sindicbarcelona\/","https:\/\/www.tiktok.com\/@sindicaturabcn","https:\/\/t.me\/sindicaturabarcelona"]},{"@type":"Person","@id":"https:\/\/www.sindicaturabarcelona.cat\/es\/#\/schema\/person\/0e5acffc350ffdbc97578159322c9452","name":"Pablo","image":{"@type":"ImageObject","inLanguage":"es","@id":"https:\/\/secure.gravatar.com\/avatar\/c948169b402ef9492afde705c3dfd5e90e1a6a84ef6840a91124f805a25a480f?s=96&d=mm&r=g","url":"https:\/\/secure.gravatar.com\/avatar\/c948169b402ef9492afde705c3dfd5e90e1a6a84ef6840a91124f805a25a480f?s=96&d=mm&r=g","contentUrl":"https:\/\/secure.gravatar.com\/avatar\/c948169b402ef9492afde705c3dfd5e90e1a6a84ef6840a91124f805a25a480f?s=96&d=mm&r=g","caption":"Pablo"},"url":"https:\/\/www.sindicaturabarcelona.cat\/es\/author\/pablo\/"}]}},"_links":{"self":[{"href":"https:\/\/www.sindicaturabarcelona.cat\/es\/wp-json\/wp\/v2\/posts\/16004","targetHints":{"allow":["GET"]}}],"collection":[{"href":"https:\/\/www.sindicaturabarcelona.cat\/es\/wp-json\/wp\/v2\/posts"}],"about":[{"href":"https:\/\/www.sindicaturabarcelona.cat\/es\/wp-json\/wp\/v2\/types\/post"}],"author":[{"embeddable":true,"href":"https:\/\/www.sindicaturabarcelona.cat\/es\/wp-json\/wp\/v2\/users\/2"}],"replies":[{"embeddable":true,"href":"https:\/\/www.sindicaturabarcelona.cat\/es\/wp-json\/wp\/v2\/comments?post=16004"}],"version-history":[{"count":0,"href":"https:\/\/www.sindicaturabarcelona.cat\/es\/wp-json\/wp\/v2\/posts\/16004\/revisions"}],"wp:featuredmedia":[{"embeddable":true,"href":"https:\/\/www.sindicaturabarcelona.cat\/es\/wp-json\/wp\/v2\/media\/16001"}],"wp:attachment":[{"href":"https:\/\/www.sindicaturabarcelona.cat\/es\/wp-json\/wp\/v2\/media?parent=16004"}],"wp:term":[{"taxonomy":"post_tag","embeddable":true,"href":"https:\/\/www.sindicaturabarcelona.cat\/es\/wp-json\/wp\/v2\/tags?post=16004"},{"taxonomy":"drets","embeddable":true,"href":"https:\/\/www.sindicaturabarcelona.cat\/es\/wp-json\/wp\/v2\/drets?post=16004"}],"curies":[{"name":"wp","href":"https:\/\/api.w.org\/{rel}","templated":true}]}}