{"id":15986,"date":"2023-03-16T14:03:21","date_gmt":"2023-03-16T12:03:21","guid":{"rendered":"https:\/\/www.sindicaturabarcelona.cat\/?p=15986"},"modified":"2023-05-09T16:32:06","modified_gmt":"2023-05-09T14:32:06","slug":"el-servicio-de-atencion-domiciliaria-debe-mejorar-su-calidad-y-coordinacion-interna","status":"publish","type":"post","link":"https:\/\/www.sindicaturabarcelona.cat\/es\/el-servicio-de-atencion-domiciliaria-debe-mejorar-su-calidad-y-coordinacion-interna\/","title":{"rendered":"El servicio de atenci\u00f3n domiciliaria debe mejorar su calidad y coordinaci\u00f3n interna"},"content":{"rendered":"\n<figure class=\"wp-block-pullquote\"><blockquote><p>El Instituto Municipal de Servicios Sociales (IMSS) debe velar por el cumplimiento del Servicio de Atenci\u00f3n Domiciliaria (SAD) que prestan diferentes empresas en la ciudad.<\/p><\/blockquote><\/figure>\n\n\n\n<p>\u00c9sta es la principal conclusi\u00f3n de una de las \u00faltimas resoluciones de la Sindicatura ante<a href=\"https:\/\/www.sindicaturabarcelona.cat\/wp-content\/uploads\/2023\/03\/202303_Drets-de-la-gent-gran-i-dret-als-serveis-de-proteccio-social.pdf\" class=\"ek-link\"> la queja de un ciudadano con discapacidad que estuvo semanas sin recibir esta asistencia por una falta de control<\/a>. Una situaci\u00f3n que repercute en la autonom\u00eda personal y en la calidad de vida de una persona que, como beneficiaria del <a href=\"https:\/\/ajuntament.barcelona.cat\/personesgrans\/es\/canal\/atencio-domiciliaria\" class=\"ek-link\">SAD<\/a>, est\u00e1 bastante condicionada.<\/p>\n\n\n\n<p class=\"has-medium-font-size\"><strong>Un ciudadano desatendido<\/strong><\/p>\n\n\n\n<p>El caso concreto denunciado ante la Sindicatura es el de <strong>un hombre con discapacidad reconocida del 70% y movilidad reducida que estuvo semanas sin recibir el servicio de asistencia domiciliaria <\/strong>del que era beneficiario desde hac\u00eda a\u00f1os, con incidencias a lo largo del tiempo.<\/p>\n\n\n\n<p>Ante una falta de entendimiento y confianza en la trabajadora familiar que ten\u00eda asignada, llam\u00f3 a la empresa prestadora del servicio para pedir un cambio de profesional y \u00e9sta dej\u00f3 de asistir al domicilio. Entre silencios y una falta de control suficiente, su queja qued\u00f3 desatendida y nadie se percat\u00f3 de que la trabajadora familiar no cubr\u00eda el servicio hasta que pas\u00f3 m\u00e1s de un mes.<\/p>\n\n\n\n<p>Por \u00faltimo, le pidieron disculpas, ofreciendo recuperar las horas no prestadas, se reanud\u00f3 el servicio y se le abri\u00f3 un proceso de an\u00e1lisis y posible sanci\u00f3n a la trabajadora, ya que el servicio segu\u00eda asignado a ella a pesar de la queja del usuario.<\/p>\n\n\n\n<p class=\"has-medium-font-size\"><strong>La responsabilidad p\u00fablica del servicio<\/strong><\/p>\n\n\n\n<p>Los hechos probados demuestran la<strong> existencia de fallos importantes en el control del servicio y su coordinaci\u00f3n<\/strong>. Problemas atribuibles a la empresa prestadora del servicio en primera instancia, pero tambi\u00e9n al IMSS, como responsable \u00faltimo de la prestaci\u00f3n del SAD, que debe garantizar la prestaci\u00f3n del servicio de atenci\u00f3n domiciliaria y su calidad.<\/p>\n\n\n\n<p>Ante esta situaci\u00f3n, <strong>la Sindicatura de Greuges advierte al IMSS de su responsabilidad p\u00fablica para garantizar un servicio de atenci\u00f3n de calidad<\/strong> siempre que sea necesario.<\/p>\n","protected":false},"excerpt":{"rendered":"<p>El Instituto Municipal de Servicios Sociales (IMSS) debe velar por el cumplimiento del Servicio de Atenci\u00f3n Domiciliaria (SAD) que prestan diferentes empresas en la ciudad. \u00c9sta es la principal conclusi\u00f3n [&hellip;]<\/p>\n","protected":false},"author":2,"featured_media":15984,"comment_status":"closed","ping_status":"closed","sticky":false,"template":"","format":"standard","meta":{"_acf_changed":false,"footnotes":""},"tags":[],"drets":[1475,1476],"class_list":["post-15986","post","type-post","status-publish","format-standard","has-post-thumbnail","hentry","drets-ciudad-equitativa","drets-derecho-a-los-servicios-de-proteccion-social"],"acf":[],"yoast_head":"<!-- This site is optimized with the Yoast SEO plugin v27.5 - https:\/\/yoast.com\/product\/yoast-seo-wordpress\/ -->\n<title>El servicio de atenci\u00f3n domiciliaria debe mejorar su calidad y coordinaci\u00f3n interna - Sindicatura de Greuges de Barcelona<\/title>\n<meta name=\"robots\" content=\"index, follow, max-snippet:-1, max-image-preview:large, max-video-preview:-1\" \/>\n<link rel=\"canonical\" href=\"https:\/\/www.sindicaturabarcelona.cat\/es\/el-servicio-de-atencion-domiciliaria-debe-mejorar-su-calidad-y-coordinacion-interna\/\" \/>\n<meta property=\"og:locale\" content=\"es_ES\" \/>\n<meta property=\"og:type\" content=\"article\" \/>\n<meta property=\"og:title\" content=\"El servicio de atenci\u00f3n domiciliaria debe mejorar su calidad y coordinaci\u00f3n interna - Sindicatura de Greuges de Barcelona\" \/>\n<meta property=\"og:description\" content=\"El Instituto Municipal de Servicios Sociales (IMSS) debe velar por el cumplimiento del Servicio de Atenci\u00f3n Domiciliaria (SAD) que prestan diferentes empresas en la ciudad. \u00c9sta es la principal conclusi\u00f3n [&hellip;]\" \/>\n<meta property=\"og:url\" content=\"https:\/\/www.sindicaturabarcelona.cat\/es\/el-servicio-de-atencion-domiciliaria-debe-mejorar-su-calidad-y-coordinacion-interna\/\" \/>\n<meta property=\"og:site_name\" content=\"Sindicatura de Greuges de Barcelona\" \/>\n<meta property=\"article:published_time\" content=\"2023-03-16T12:03:21+00:00\" \/>\n<meta property=\"article:modified_time\" content=\"2023-05-09T14:32:06+00:00\" \/>\n<meta property=\"og:image\" content=\"https:\/\/www.sindicaturabarcelona.cat\/wp-content\/uploads\/treballadora-del-servei-datencio-dom.jpg\" \/>\n\t<meta property=\"og:image:width\" content=\"1200\" \/>\n\t<meta property=\"og:image:height\" content=\"800\" \/>\n\t<meta property=\"og:image:type\" content=\"image\/jpeg\" \/>\n<meta name=\"author\" content=\"Pablo\" \/>\n<meta name=\"twitter:card\" content=\"summary_large_image\" \/>\n<meta name=\"twitter:creator\" content=\"@sindicbarcelona\" \/>\n<meta name=\"twitter:site\" content=\"@sindicbarcelona\" \/>\n<meta name=\"twitter:label1\" content=\"Escrito por\" \/>\n\t<meta name=\"twitter:data1\" content=\"Pablo\" \/>\n<script type=\"application\/ld+json\" class=\"yoast-schema-graph\">{\"@context\":\"https:\\\/\\\/schema.org\",\"@graph\":[{\"@type\":\"Article\",\"@id\":\"https:\\\/\\\/www.sindicaturabarcelona.cat\\\/es\\\/el-servicio-de-atencion-domiciliaria-debe-mejorar-su-calidad-y-coordinacion-interna\\\/#article\",\"isPartOf\":{\"@id\":\"https:\\\/\\\/www.sindicaturabarcelona.cat\\\/es\\\/el-servicio-de-atencion-domiciliaria-debe-mejorar-su-calidad-y-coordinacion-interna\\\/\"},\"author\":{\"name\":\"Pablo\",\"@id\":\"https:\\\/\\\/www.sindicaturabarcelona.cat\\\/es\\\/#\\\/schema\\\/person\\\/0e5acffc350ffdbc97578159322c9452\"},\"headline\":\"El servicio de atenci\u00f3n domiciliaria debe mejorar su calidad y coordinaci\u00f3n interna\",\"datePublished\":\"2023-03-16T12:03:21+00:00\",\"dateModified\":\"2023-05-09T14:32:06+00:00\",\"mainEntityOfPage\":{\"@id\":\"https:\\\/\\\/www.sindicaturabarcelona.cat\\\/es\\\/el-servicio-de-atencion-domiciliaria-debe-mejorar-su-calidad-y-coordinacion-interna\\\/\"},\"wordCount\":359,\"publisher\":{\"@id\":\"https:\\\/\\\/www.sindicaturabarcelona.cat\\\/es\\\/#organization\"},\"image\":{\"@id\":\"https:\\\/\\\/www.sindicaturabarcelona.cat\\\/es\\\/el-servicio-de-atencion-domiciliaria-debe-mejorar-su-calidad-y-coordinacion-interna\\\/#primaryimage\"},\"thumbnailUrl\":\"https:\\\/\\\/www.sindicaturabarcelona.cat\\\/wp-content\\\/uploads\\\/treballadora-del-servei-datencio-dom.jpg\",\"articleSection\":[\"Servicios sociales\"],\"inLanguage\":\"es\"},{\"@type\":\"WebPage\",\"@id\":\"https:\\\/\\\/www.sindicaturabarcelona.cat\\\/es\\\/el-servicio-de-atencion-domiciliaria-debe-mejorar-su-calidad-y-coordinacion-interna\\\/\",\"url\":\"https:\\\/\\\/www.sindicaturabarcelona.cat\\\/es\\\/el-servicio-de-atencion-domiciliaria-debe-mejorar-su-calidad-y-coordinacion-interna\\\/\",\"name\":\"El servicio de atenci\u00f3n domiciliaria debe mejorar su calidad y coordinaci\u00f3n interna - Sindicatura de Greuges de Barcelona\",\"isPartOf\":{\"@id\":\"https:\\\/\\\/www.sindicaturabarcelona.cat\\\/es\\\/#website\"},\"primaryImageOfPage\":{\"@id\":\"https:\\\/\\\/www.sindicaturabarcelona.cat\\\/es\\\/el-servicio-de-atencion-domiciliaria-debe-mejorar-su-calidad-y-coordinacion-interna\\\/#primaryimage\"},\"image\":{\"@id\":\"https:\\\/\\\/www.sindicaturabarcelona.cat\\\/es\\\/el-servicio-de-atencion-domiciliaria-debe-mejorar-su-calidad-y-coordinacion-interna\\\/#primaryimage\"},\"thumbnailUrl\":\"https:\\\/\\\/www.sindicaturabarcelona.cat\\\/wp-content\\\/uploads\\\/treballadora-del-servei-datencio-dom.jpg\",\"datePublished\":\"2023-03-16T12:03:21+00:00\",\"dateModified\":\"2023-05-09T14:32:06+00:00\",\"breadcrumb\":{\"@id\":\"https:\\\/\\\/www.sindicaturabarcelona.cat\\\/es\\\/el-servicio-de-atencion-domiciliaria-debe-mejorar-su-calidad-y-coordinacion-interna\\\/#breadcrumb\"},\"inLanguage\":\"es\",\"potentialAction\":[{\"@type\":\"ReadAction\",\"target\":[\"https:\\\/\\\/www.sindicaturabarcelona.cat\\\/es\\\/el-servicio-de-atencion-domiciliaria-debe-mejorar-su-calidad-y-coordinacion-interna\\\/\"]}]},{\"@type\":\"ImageObject\",\"inLanguage\":\"es\",\"@id\":\"https:\\\/\\\/www.sindicaturabarcelona.cat\\\/es\\\/el-servicio-de-atencion-domiciliaria-debe-mejorar-su-calidad-y-coordinacion-interna\\\/#primaryimage\",\"url\":\"https:\\\/\\\/www.sindicaturabarcelona.cat\\\/wp-content\\\/uploads\\\/treballadora-del-servei-datencio-dom.jpg\",\"contentUrl\":\"https:\\\/\\\/www.sindicaturabarcelona.cat\\\/wp-content\\\/uploads\\\/treballadora-del-servei-datencio-dom.jpg\",\"width\":1200,\"height\":800,\"caption\":\"Treballadora del Servei d'Atenci\u00f3 Domicili\u00e0ria\"},{\"@type\":\"BreadcrumbList\",\"@id\":\"https:\\\/\\\/www.sindicaturabarcelona.cat\\\/es\\\/el-servicio-de-atencion-domiciliaria-debe-mejorar-su-calidad-y-coordinacion-interna\\\/#breadcrumb\",\"itemListElement\":[{\"@type\":\"ListItem\",\"position\":1,\"name\":\"Inici\",\"item\":\"https:\\\/\\\/www.sindicaturabarcelona.cat\\\/es\\\/\"},{\"@type\":\"ListItem\",\"position\":2,\"name\":\"El servicio de atenci\u00f3n domiciliaria debe mejorar su calidad y coordinaci\u00f3n interna\"}]},{\"@type\":\"WebSite\",\"@id\":\"https:\\\/\\\/www.sindicaturabarcelona.cat\\\/es\\\/#website\",\"url\":\"https:\\\/\\\/www.sindicaturabarcelona.cat\\\/es\\\/\",\"name\":\"Sindicatura de Greuges de Barcelona\",\"description\":\"La defensoria dels teus drets\",\"publisher\":{\"@id\":\"https:\\\/\\\/www.sindicaturabarcelona.cat\\\/es\\\/#organization\"},\"potentialAction\":[{\"@type\":\"SearchAction\",\"target\":{\"@type\":\"EntryPoint\",\"urlTemplate\":\"https:\\\/\\\/www.sindicaturabarcelona.cat\\\/es\\\/?s={search_term_string}\"},\"query-input\":{\"@type\":\"PropertyValueSpecification\",\"valueRequired\":true,\"valueName\":\"search_term_string\"}}],\"inLanguage\":\"es\"},{\"@type\":\"Organization\",\"@id\":\"https:\\\/\\\/www.sindicaturabarcelona.cat\\\/es\\\/#organization\",\"name\":\"Sindicatura de Greuges de Barcelona\",\"url\":\"https:\\\/\\\/www.sindicaturabarcelona.cat\\\/es\\\/\",\"logo\":{\"@type\":\"ImageObject\",\"inLanguage\":\"es\",\"@id\":\"https:\\\/\\\/www.sindicaturabarcelona.cat\\\/es\\\/#\\\/schema\\\/logo\\\/image\\\/\",\"url\":\"https:\\\/\\\/www.sindicaturabarcelona.cat\\\/wp-content\\\/uploads\\\/2023\\\/02\\\/logo_sindicatura.svg\",\"contentUrl\":\"https:\\\/\\\/www.sindicaturabarcelona.cat\\\/wp-content\\\/uploads\\\/2023\\\/02\\\/logo_sindicatura.svg\",\"caption\":\"Sindicatura de Greuges de Barcelona\"},\"image\":{\"@id\":\"https:\\\/\\\/www.sindicaturabarcelona.cat\\\/es\\\/#\\\/schema\\\/logo\\\/image\\\/\"},\"sameAs\":[\"https:\\\/\\\/x.com\\\/sindicbarcelona\",\"https:\\\/\\\/www.instagram.com\\\/sindicbarcelona\\\/\",\"https:\\\/\\\/www.tiktok.com\\\/@sindicaturabcn\",\"https:\\\/\\\/t.me\\\/sindicaturabarcelona\"]},{\"@type\":\"Person\",\"@id\":\"https:\\\/\\\/www.sindicaturabarcelona.cat\\\/es\\\/#\\\/schema\\\/person\\\/0e5acffc350ffdbc97578159322c9452\",\"name\":\"Pablo\",\"image\":{\"@type\":\"ImageObject\",\"inLanguage\":\"es\",\"@id\":\"https:\\\/\\\/secure.gravatar.com\\\/avatar\\\/c948169b402ef9492afde705c3dfd5e90e1a6a84ef6840a91124f805a25a480f?s=96&d=mm&r=g\",\"url\":\"https:\\\/\\\/secure.gravatar.com\\\/avatar\\\/c948169b402ef9492afde705c3dfd5e90e1a6a84ef6840a91124f805a25a480f?s=96&d=mm&r=g\",\"contentUrl\":\"https:\\\/\\\/secure.gravatar.com\\\/avatar\\\/c948169b402ef9492afde705c3dfd5e90e1a6a84ef6840a91124f805a25a480f?s=96&d=mm&r=g\",\"caption\":\"Pablo\"},\"url\":\"https:\\\/\\\/www.sindicaturabarcelona.cat\\\/es\\\/author\\\/pablo\\\/\"}]}<\/script>\n<!-- \/ Yoast SEO plugin. -->","yoast_head_json":{"title":"El servicio de atenci\u00f3n domiciliaria debe mejorar su calidad y coordinaci\u00f3n interna - Sindicatura de Greuges de Barcelona","robots":{"index":"index","follow":"follow","max-snippet":"max-snippet:-1","max-image-preview":"max-image-preview:large","max-video-preview":"max-video-preview:-1"},"canonical":"https:\/\/www.sindicaturabarcelona.cat\/es\/el-servicio-de-atencion-domiciliaria-debe-mejorar-su-calidad-y-coordinacion-interna\/","og_locale":"es_ES","og_type":"article","og_title":"El servicio de atenci\u00f3n domiciliaria debe mejorar su calidad y coordinaci\u00f3n interna - Sindicatura de Greuges de Barcelona","og_description":"El Instituto Municipal de Servicios Sociales (IMSS) debe velar por el cumplimiento del Servicio de Atenci\u00f3n Domiciliaria (SAD) que prestan diferentes empresas en la ciudad. \u00c9sta es la principal conclusi\u00f3n [&hellip;]","og_url":"https:\/\/www.sindicaturabarcelona.cat\/es\/el-servicio-de-atencion-domiciliaria-debe-mejorar-su-calidad-y-coordinacion-interna\/","og_site_name":"Sindicatura de Greuges de Barcelona","article_published_time":"2023-03-16T12:03:21+00:00","article_modified_time":"2023-05-09T14:32:06+00:00","og_image":[{"width":1200,"height":800,"url":"https:\/\/www.sindicaturabarcelona.cat\/wp-content\/uploads\/treballadora-del-servei-datencio-dom.jpg","type":"image\/jpeg"}],"author":"Pablo","twitter_card":"summary_large_image","twitter_creator":"@sindicbarcelona","twitter_site":"@sindicbarcelona","twitter_misc":{"Escrito por":"Pablo"},"schema":{"@context":"https:\/\/schema.org","@graph":[{"@type":"Article","@id":"https:\/\/www.sindicaturabarcelona.cat\/es\/el-servicio-de-atencion-domiciliaria-debe-mejorar-su-calidad-y-coordinacion-interna\/#article","isPartOf":{"@id":"https:\/\/www.sindicaturabarcelona.cat\/es\/el-servicio-de-atencion-domiciliaria-debe-mejorar-su-calidad-y-coordinacion-interna\/"},"author":{"name":"Pablo","@id":"https:\/\/www.sindicaturabarcelona.cat\/es\/#\/schema\/person\/0e5acffc350ffdbc97578159322c9452"},"headline":"El servicio de atenci\u00f3n domiciliaria debe mejorar su calidad y coordinaci\u00f3n interna","datePublished":"2023-03-16T12:03:21+00:00","dateModified":"2023-05-09T14:32:06+00:00","mainEntityOfPage":{"@id":"https:\/\/www.sindicaturabarcelona.cat\/es\/el-servicio-de-atencion-domiciliaria-debe-mejorar-su-calidad-y-coordinacion-interna\/"},"wordCount":359,"publisher":{"@id":"https:\/\/www.sindicaturabarcelona.cat\/es\/#organization"},"image":{"@id":"https:\/\/www.sindicaturabarcelona.cat\/es\/el-servicio-de-atencion-domiciliaria-debe-mejorar-su-calidad-y-coordinacion-interna\/#primaryimage"},"thumbnailUrl":"https:\/\/www.sindicaturabarcelona.cat\/wp-content\/uploads\/treballadora-del-servei-datencio-dom.jpg","articleSection":["Servicios sociales"],"inLanguage":"es"},{"@type":"WebPage","@id":"https:\/\/www.sindicaturabarcelona.cat\/es\/el-servicio-de-atencion-domiciliaria-debe-mejorar-su-calidad-y-coordinacion-interna\/","url":"https:\/\/www.sindicaturabarcelona.cat\/es\/el-servicio-de-atencion-domiciliaria-debe-mejorar-su-calidad-y-coordinacion-interna\/","name":"El servicio de atenci\u00f3n domiciliaria debe mejorar su calidad y coordinaci\u00f3n interna - Sindicatura de Greuges de Barcelona","isPartOf":{"@id":"https:\/\/www.sindicaturabarcelona.cat\/es\/#website"},"primaryImageOfPage":{"@id":"https:\/\/www.sindicaturabarcelona.cat\/es\/el-servicio-de-atencion-domiciliaria-debe-mejorar-su-calidad-y-coordinacion-interna\/#primaryimage"},"image":{"@id":"https:\/\/www.sindicaturabarcelona.cat\/es\/el-servicio-de-atencion-domiciliaria-debe-mejorar-su-calidad-y-coordinacion-interna\/#primaryimage"},"thumbnailUrl":"https:\/\/www.sindicaturabarcelona.cat\/wp-content\/uploads\/treballadora-del-servei-datencio-dom.jpg","datePublished":"2023-03-16T12:03:21+00:00","dateModified":"2023-05-09T14:32:06+00:00","breadcrumb":{"@id":"https:\/\/www.sindicaturabarcelona.cat\/es\/el-servicio-de-atencion-domiciliaria-debe-mejorar-su-calidad-y-coordinacion-interna\/#breadcrumb"},"inLanguage":"es","potentialAction":[{"@type":"ReadAction","target":["https:\/\/www.sindicaturabarcelona.cat\/es\/el-servicio-de-atencion-domiciliaria-debe-mejorar-su-calidad-y-coordinacion-interna\/"]}]},{"@type":"ImageObject","inLanguage":"es","@id":"https:\/\/www.sindicaturabarcelona.cat\/es\/el-servicio-de-atencion-domiciliaria-debe-mejorar-su-calidad-y-coordinacion-interna\/#primaryimage","url":"https:\/\/www.sindicaturabarcelona.cat\/wp-content\/uploads\/treballadora-del-servei-datencio-dom.jpg","contentUrl":"https:\/\/www.sindicaturabarcelona.cat\/wp-content\/uploads\/treballadora-del-servei-datencio-dom.jpg","width":1200,"height":800,"caption":"Treballadora del Servei d'Atenci\u00f3 Domicili\u00e0ria"},{"@type":"BreadcrumbList","@id":"https:\/\/www.sindicaturabarcelona.cat\/es\/el-servicio-de-atencion-domiciliaria-debe-mejorar-su-calidad-y-coordinacion-interna\/#breadcrumb","itemListElement":[{"@type":"ListItem","position":1,"name":"Inici","item":"https:\/\/www.sindicaturabarcelona.cat\/es\/"},{"@type":"ListItem","position":2,"name":"El servicio de atenci\u00f3n domiciliaria debe mejorar su calidad y coordinaci\u00f3n interna"}]},{"@type":"WebSite","@id":"https:\/\/www.sindicaturabarcelona.cat\/es\/#website","url":"https:\/\/www.sindicaturabarcelona.cat\/es\/","name":"Sindicatura de Greuges de Barcelona","description":"La defensoria dels teus drets","publisher":{"@id":"https:\/\/www.sindicaturabarcelona.cat\/es\/#organization"},"potentialAction":[{"@type":"SearchAction","target":{"@type":"EntryPoint","urlTemplate":"https:\/\/www.sindicaturabarcelona.cat\/es\/?s={search_term_string}"},"query-input":{"@type":"PropertyValueSpecification","valueRequired":true,"valueName":"search_term_string"}}],"inLanguage":"es"},{"@type":"Organization","@id":"https:\/\/www.sindicaturabarcelona.cat\/es\/#organization","name":"Sindicatura de Greuges de Barcelona","url":"https:\/\/www.sindicaturabarcelona.cat\/es\/","logo":{"@type":"ImageObject","inLanguage":"es","@id":"https:\/\/www.sindicaturabarcelona.cat\/es\/#\/schema\/logo\/image\/","url":"https:\/\/www.sindicaturabarcelona.cat\/wp-content\/uploads\/2023\/02\/logo_sindicatura.svg","contentUrl":"https:\/\/www.sindicaturabarcelona.cat\/wp-content\/uploads\/2023\/02\/logo_sindicatura.svg","caption":"Sindicatura de Greuges de Barcelona"},"image":{"@id":"https:\/\/www.sindicaturabarcelona.cat\/es\/#\/schema\/logo\/image\/"},"sameAs":["https:\/\/x.com\/sindicbarcelona","https:\/\/www.instagram.com\/sindicbarcelona\/","https:\/\/www.tiktok.com\/@sindicaturabcn","https:\/\/t.me\/sindicaturabarcelona"]},{"@type":"Person","@id":"https:\/\/www.sindicaturabarcelona.cat\/es\/#\/schema\/person\/0e5acffc350ffdbc97578159322c9452","name":"Pablo","image":{"@type":"ImageObject","inLanguage":"es","@id":"https:\/\/secure.gravatar.com\/avatar\/c948169b402ef9492afde705c3dfd5e90e1a6a84ef6840a91124f805a25a480f?s=96&d=mm&r=g","url":"https:\/\/secure.gravatar.com\/avatar\/c948169b402ef9492afde705c3dfd5e90e1a6a84ef6840a91124f805a25a480f?s=96&d=mm&r=g","contentUrl":"https:\/\/secure.gravatar.com\/avatar\/c948169b402ef9492afde705c3dfd5e90e1a6a84ef6840a91124f805a25a480f?s=96&d=mm&r=g","caption":"Pablo"},"url":"https:\/\/www.sindicaturabarcelona.cat\/es\/author\/pablo\/"}]}},"_links":{"self":[{"href":"https:\/\/www.sindicaturabarcelona.cat\/es\/wp-json\/wp\/v2\/posts\/15986","targetHints":{"allow":["GET"]}}],"collection":[{"href":"https:\/\/www.sindicaturabarcelona.cat\/es\/wp-json\/wp\/v2\/posts"}],"about":[{"href":"https:\/\/www.sindicaturabarcelona.cat\/es\/wp-json\/wp\/v2\/types\/post"}],"author":[{"embeddable":true,"href":"https:\/\/www.sindicaturabarcelona.cat\/es\/wp-json\/wp\/v2\/users\/2"}],"replies":[{"embeddable":true,"href":"https:\/\/www.sindicaturabarcelona.cat\/es\/wp-json\/wp\/v2\/comments?post=15986"}],"version-history":[{"count":0,"href":"https:\/\/www.sindicaturabarcelona.cat\/es\/wp-json\/wp\/v2\/posts\/15986\/revisions"}],"wp:featuredmedia":[{"embeddable":true,"href":"https:\/\/www.sindicaturabarcelona.cat\/es\/wp-json\/wp\/v2\/media\/15984"}],"wp:attachment":[{"href":"https:\/\/www.sindicaturabarcelona.cat\/es\/wp-json\/wp\/v2\/media?parent=15986"}],"wp:term":[{"taxonomy":"post_tag","embeddable":true,"href":"https:\/\/www.sindicaturabarcelona.cat\/es\/wp-json\/wp\/v2\/tags?post=15986"},{"taxonomy":"drets","embeddable":true,"href":"https:\/\/www.sindicaturabarcelona.cat\/es\/wp-json\/wp\/v2\/drets?post=15986"}],"curies":[{"name":"wp","href":"https:\/\/api.w.org\/{rel}","templated":true}]}}