{"id":15874,"date":"2023-02-08T13:30:33","date_gmt":"2023-02-08T11:30:33","guid":{"rendered":"https:\/\/www.sindicaturabarcelona.cat\/?p=15874"},"modified":"2023-03-21T13:41:10","modified_gmt":"2023-03-21T11:41:10","slug":"la-sindicatura-de-greuges-de-barcelona-y-la-sindica-de-greuges-de-catalunya-colaboran-para-atender-presencialmente-la-ciudadania-barcelonesa","status":"publish","type":"post","link":"https:\/\/www.sindicaturabarcelona.cat\/es\/la-sindicatura-de-greuges-de-barcelona-y-la-sindica-de-greuges-de-catalunya-colaboran-para-atender-presencialmente-la-ciudadania-barcelonesa\/","title":{"rendered":"La Sindicatura de Greuges de Barcelona y la S\u00edndica de Greuges de Catalunya colaboran para atender presencialmente la ciudadan\u00eda barcelonesa"},"content":{"rendered":"\n<figure class=\"wp-block-pullquote\"><blockquote><p><strong>El 8 de febrero, de 9.30 a 17 h en el barrio de Horta, ha tenido lugar la primera de las cuatro acciones conjuntas del a\u00f1o 2023.<\/strong><\/p><\/blockquote><\/figure>\n\n\n\n<p class=\"has-text-align-justify\">El mi\u00e9rcoles <strong>8 de febrero, de 9.30 a 17 h<\/strong>, la Sindicatura de Greuges de Barcelona y la S\u00edndica de Greuges de Catalunya han estado en la <strong><a href=\"https:\/\/ajuntament.barcelona.cat\/biblioteques\/bibcanmariner\/es\" target=\"_blank\" aria-label=\"Biblioteca Horta-Can Mariner (opens in a new tab)\" rel=\"noreferrer noopener\" class=\"ek-link\">Biblioteca Horta-Can Mariner<\/a> para atender las quejas y las demandas de la ciudadan\u00eda<\/strong>.<\/p>\n\n\n\n<p class=\"has-text-align-justify\">Las sindicaturas han escuchado las demandas de los vecinos y vecinas sobre actuaciones de la administraci\u00f3n p\u00fablica. La Sindicatura de Greuges de Barcelona ha centrado sus intervenciones en las quejas con origen en la administraci\u00f3n municipal, y la S\u00edndica de Greuges de Catalunya, en las quejas que hacen referencia a servicios vinculados a la Generalitat y a empresas que prestan servicios de inter\u00e9s general (luz, agua, gas, etc.).<\/p>\n\n\n\n<p class=\"has-text-align-justify\">La Sindicatura de Greuges de Barcelona ha atendido quejas de los vecinos y vecinas, relacionadas con la superilla de Horta, contaminaci\u00f3n ac\u00fastica, derecho al descanso y uso del espacio p\u00fablico.<\/p>\n\n\n\n<p class=\"has-text-align-justify\">Esta ha sido la <strong>primera acci\u00f3n de atenci\u00f3n presencial de las dos defensor\u00edas<\/strong>, que desde el a\u00f1o 2022 colaboran m\u00e1s estrechamente en la garant\u00eda de los derechos humanos de proximidad de la ciudadan\u00eda barcelonesa. <strong>Durante el a\u00f1o 2023 se organizar\u00e1n un total de cuatro iniciativas de atenci\u00f3n al vecindario de Barcelona<\/strong>:<\/p>\n\n\n\n<figure class=\"wp-block-table\"><table><tbody><tr><td><strong>Febrero<\/strong><\/td><td>Horta<\/td><\/tr><tr><td><strong>Mayo<\/strong><\/td><td>Sagrada Fam\u00edlia<\/td><\/tr><tr><td><strong>Octubre<\/strong><\/td><td>Sant Mart\u00ed<\/td><\/tr><tr><td><strong>Diciembre<\/strong><\/td><td>Sants<\/td><\/tr><\/tbody><\/table><\/figure>\n\n\n\n<p><strong><span style=\"text-decoration: underline;\" class=\"ek-underline\">A\u00f1o 2022: primera resoluci\u00f3n conjunta Barcelona-Catalunya<\/span><\/strong><\/p>\n\n\n\n<p class=\"has-text-align-justify\">Hay que recordar que <a href=\"https:\/\/www.sindicaturabarcelona.cat\/es\/2022\/03\/24\/sindicatura-bcn-sindic-catalunya-reclaman-plan-accion-integral-centro-acogida-baix-guinardo\/\" target=\"_blank\" rel=\"noreferrer noopener\"><strong>el mes de marzo de 2022 se elabor\u00f3 la primera resoluci\u00f3n conjunta entre las dos instituciones: el pronunciamiento sobre el centro de acogida para la recuperaci\u00f3n de personas sin hogar con adicciones.<\/strong><\/a><\/p>\n\n\n\n<p class=\"has-text-align-justify\">La ubicaci\u00f3n de este equipamiento junto a un centro escolar suscit\u00f3 la preocupaci\u00f3n del vecindario, la AFA y la direcci\u00f3n de la escuela. En el marco del <em>programa La Sindicatura, a pie de calle<\/em>, la defensor\u00eda barcelonesa visit\u00f3 la zona y estableci\u00f3 contactos con todos los actores implicados, con los cuales trabaj\u00f3 durante meses.<\/p>\n\n\n\n<p class=\"has-text-align-justify\">Esta intervenci\u00f3n contribuy\u00f3 a facilitar el di\u00e1logo entre ellos y el Ayuntamiento, y <strong>dio paso al primer pronunciamiento conjunto entre las sindicaturas de Barcelona y de Catalunya<\/strong>, que tramitaron las quejas que recibieron de manera conjunta, con la voluntad de optimizar los recursos p\u00fablicos.<\/p>\n\n\n\n<p><strong><span style=\"text-decoration: underline;\" class=\"ek-underline\">Estudio sobre la atenci\u00f3n a las familias de las personas presas<\/span><\/strong><\/p>\n\n\n\n<p>El a\u00f1o 2023 la Sindicatura de Greuges de Barcelona, la S\u00edndica de Greuges de Catalunya, y las <a href=\"https:\/\/www.sindicatureslocals.cat\/\" target=\"_blank\" rel=\"noreferrer noopener\" class=\"ek-link\">defensor\u00edas locales del territorio catal\u00e1n<\/a> presentar\u00e1n un informe monogr\u00e1fico conjunto, en el que analizan la atenci\u00f3n que se ofrece a las familias de las personas pesas en centros penitenciarios. Pr\u00f3ximamente, informaremos de la fecha de presentaci\u00f3n de este estudio.<\/p>\n\n\n\n<p><strong><span style=\"text-decoration: underline;\" class=\"ek-underline\">La Sindicatura, muy presente en el territorio<\/span><\/strong><\/p>\n\n\n\n<p class=\"has-text-align-justify\">La Sindicatura de Greuges de Barcelona no es una ubicaci\u00f3n est\u00e1tica, sino que est\u00e1 presente en el territorio. Es una instituci\u00f3n en movimiento que, de manera peri\u00f3dica, se traslada a un equipamiento de proximidad con el objetivo de recoger las quejas de la ciudadan\u00eda, sin necesidad de que esta se desplace a nuestra sede.<\/p>\n","protected":false},"excerpt":{"rendered":"<p>El 8 de febrero, de 9.30 a 17 h en el barrio de Horta, ha tenido lugar la primera de las cuatro acciones conjuntas del a\u00f1o 2023. El mi\u00e9rcoles 8 [&hellip;]<\/p>\n","protected":false},"author":3,"featured_media":18057,"comment_status":"closed","ping_status":"open","sticky":false,"template":"","format":"standard","meta":{"_acf_changed":false,"footnotes":""},"tags":[],"drets":[],"class_list":["post-15874","post","type-post","status-publish","format-standard","has-post-thumbnail","hentry"],"acf":[],"yoast_head":"<!-- This site is optimized with the Yoast SEO plugin v27.5 - https:\/\/yoast.com\/product\/yoast-seo-wordpress\/ -->\n<title>La Sindicatura de Greuges de Barcelona y la S\u00edndica de Greuges de Catalunya colaboran para atender presencialmente la ciudadan\u00eda barcelonesa - Sindicatura de Greuges de Barcelona<\/title>\n<meta name=\"description\" content=\"Esta ha sido la primera acci\u00f3n de atenci\u00f3n presencial de las dos defensor\u00edas, que desde el a\u00f1o 2022 colaboran m\u00e1s estrechamente en...\" \/>\n<meta name=\"robots\" content=\"index, follow, max-snippet:-1, max-image-preview:large, max-video-preview:-1\" \/>\n<link rel=\"canonical\" href=\"https:\/\/www.sindicaturabarcelona.cat\/es\/la-sindicatura-de-greuges-de-barcelona-y-la-sindica-de-greuges-de-catalunya-colaboran-para-atender-presencialmente-la-ciudadania-barcelonesa\/\" \/>\n<meta property=\"og:locale\" content=\"es_ES\" \/>\n<meta property=\"og:type\" content=\"article\" \/>\n<meta property=\"og:title\" content=\"La Sindicatura de Greuges de Barcelona y la S\u00edndica de Greuges de Catalunya colaboran para atender presencialmente la ciudadan\u00eda barcelonesa - Sindicatura de Greuges de Barcelona\" \/>\n<meta property=\"og:description\" content=\"Esta ha sido la primera acci\u00f3n de atenci\u00f3n presencial de las dos defensor\u00edas, que desde el a\u00f1o 2022 colaboran m\u00e1s estrechamente en...\" \/>\n<meta property=\"og:url\" content=\"https:\/\/www.sindicaturabarcelona.cat\/es\/la-sindicatura-de-greuges-de-barcelona-y-la-sindica-de-greuges-de-catalunya-colaboran-para-atender-presencialmente-la-ciudadania-barcelonesa\/\" \/>\n<meta property=\"og:site_name\" content=\"Sindicatura de Greuges de Barcelona\" \/>\n<meta property=\"article:published_time\" content=\"2023-02-08T11:30:33+00:00\" \/>\n<meta property=\"article:modified_time\" content=\"2023-03-21T11:41:10+00:00\" \/>\n<meta property=\"og:image\" content=\"https:\/\/www.sindicaturabarcelona.cat\/wp-content\/uploads\/P1300195-scaled-1.jpg\" \/>\n\t<meta property=\"og:image:width\" content=\"2560\" \/>\n\t<meta property=\"og:image:height\" content=\"1441\" \/>\n\t<meta property=\"og:image:type\" content=\"image\/jpeg\" \/>\n<meta name=\"author\" content=\"pimpampum\" \/>\n<meta name=\"twitter:card\" content=\"summary_large_image\" \/>\n<meta name=\"twitter:creator\" content=\"@sindicbarcelona\" \/>\n<meta name=\"twitter:site\" content=\"@sindicbarcelona\" \/>\n<meta name=\"twitter:label1\" content=\"Escrito por\" \/>\n\t<meta name=\"twitter:data1\" content=\"pimpampum\" \/>\n\t<meta name=\"twitter:label2\" content=\"Tiempo de lectura\" \/>\n\t<meta name=\"twitter:data2\" content=\"3 minutos\" \/>\n<script type=\"application\/ld+json\" class=\"yoast-schema-graph\">{\"@context\":\"https:\\\/\\\/schema.org\",\"@graph\":[{\"@type\":\"Article\",\"@id\":\"https:\\\/\\\/www.sindicaturabarcelona.cat\\\/es\\\/la-sindicatura-de-greuges-de-barcelona-y-la-sindica-de-greuges-de-catalunya-colaboran-para-atender-presencialmente-la-ciudadania-barcelonesa\\\/#article\",\"isPartOf\":{\"@id\":\"https:\\\/\\\/www.sindicaturabarcelona.cat\\\/es\\\/la-sindicatura-de-greuges-de-barcelona-y-la-sindica-de-greuges-de-catalunya-colaboran-para-atender-presencialmente-la-ciudadania-barcelonesa\\\/\"},\"author\":{\"name\":\"pimpampum\",\"@id\":\"https:\\\/\\\/www.sindicaturabarcelona.cat\\\/es\\\/#\\\/schema\\\/person\\\/c59ed89663074658008f0ca9a8865afd\"},\"headline\":\"La Sindicatura de Greuges de Barcelona y la S\u00edndica de Greuges de Catalunya colaboran para atender presencialmente la ciudadan\u00eda barcelonesa\",\"datePublished\":\"2023-02-08T11:30:33+00:00\",\"dateModified\":\"2023-03-21T11:41:10+00:00\",\"mainEntityOfPage\":{\"@id\":\"https:\\\/\\\/www.sindicaturabarcelona.cat\\\/es\\\/la-sindicatura-de-greuges-de-barcelona-y-la-sindica-de-greuges-de-catalunya-colaboran-para-atender-presencialmente-la-ciudadania-barcelonesa\\\/\"},\"wordCount\":553,\"publisher\":{\"@id\":\"https:\\\/\\\/www.sindicaturabarcelona.cat\\\/es\\\/#organization\"},\"image\":{\"@id\":\"https:\\\/\\\/www.sindicaturabarcelona.cat\\\/es\\\/la-sindicatura-de-greuges-de-barcelona-y-la-sindica-de-greuges-de-catalunya-colaboran-para-atender-presencialmente-la-ciudadania-barcelonesa\\\/#primaryimage\"},\"thumbnailUrl\":\"https:\\\/\\\/www.sindicaturabarcelona.cat\\\/wp-content\\\/uploads\\\/P1300195-scaled-1.jpg\",\"articleSection\":[\"Institucional\"],\"inLanguage\":\"es\"},{\"@type\":\"WebPage\",\"@id\":\"https:\\\/\\\/www.sindicaturabarcelona.cat\\\/es\\\/la-sindicatura-de-greuges-de-barcelona-y-la-sindica-de-greuges-de-catalunya-colaboran-para-atender-presencialmente-la-ciudadania-barcelonesa\\\/\",\"url\":\"https:\\\/\\\/www.sindicaturabarcelona.cat\\\/es\\\/la-sindicatura-de-greuges-de-barcelona-y-la-sindica-de-greuges-de-catalunya-colaboran-para-atender-presencialmente-la-ciudadania-barcelonesa\\\/\",\"name\":\"La Sindicatura de Greuges de Barcelona y la S\u00edndica de Greuges de Catalunya colaboran para atender presencialmente la ciudadan\u00eda barcelonesa - Sindicatura de Greuges de Barcelona\",\"isPartOf\":{\"@id\":\"https:\\\/\\\/www.sindicaturabarcelona.cat\\\/es\\\/#website\"},\"primaryImageOfPage\":{\"@id\":\"https:\\\/\\\/www.sindicaturabarcelona.cat\\\/es\\\/la-sindicatura-de-greuges-de-barcelona-y-la-sindica-de-greuges-de-catalunya-colaboran-para-atender-presencialmente-la-ciudadania-barcelonesa\\\/#primaryimage\"},\"image\":{\"@id\":\"https:\\\/\\\/www.sindicaturabarcelona.cat\\\/es\\\/la-sindicatura-de-greuges-de-barcelona-y-la-sindica-de-greuges-de-catalunya-colaboran-para-atender-presencialmente-la-ciudadania-barcelonesa\\\/#primaryimage\"},\"thumbnailUrl\":\"https:\\\/\\\/www.sindicaturabarcelona.cat\\\/wp-content\\\/uploads\\\/P1300195-scaled-1.jpg\",\"datePublished\":\"2023-02-08T11:30:33+00:00\",\"dateModified\":\"2023-03-21T11:41:10+00:00\",\"description\":\"Esta ha sido la primera acci\u00f3n de atenci\u00f3n presencial de las dos defensor\u00edas, que desde el a\u00f1o 2022 colaboran m\u00e1s estrechamente en...\",\"breadcrumb\":{\"@id\":\"https:\\\/\\\/www.sindicaturabarcelona.cat\\\/es\\\/la-sindicatura-de-greuges-de-barcelona-y-la-sindica-de-greuges-de-catalunya-colaboran-para-atender-presencialmente-la-ciudadania-barcelonesa\\\/#breadcrumb\"},\"inLanguage\":\"es\",\"potentialAction\":[{\"@type\":\"ReadAction\",\"target\":[\"https:\\\/\\\/www.sindicaturabarcelona.cat\\\/es\\\/la-sindicatura-de-greuges-de-barcelona-y-la-sindica-de-greuges-de-catalunya-colaboran-para-atender-presencialmente-la-ciudadania-barcelonesa\\\/\"]}]},{\"@type\":\"ImageObject\",\"inLanguage\":\"es\",\"@id\":\"https:\\\/\\\/www.sindicaturabarcelona.cat\\\/es\\\/la-sindicatura-de-greuges-de-barcelona-y-la-sindica-de-greuges-de-catalunya-colaboran-para-atender-presencialmente-la-ciudadania-barcelonesa\\\/#primaryimage\",\"url\":\"https:\\\/\\\/www.sindicaturabarcelona.cat\\\/wp-content\\\/uploads\\\/P1300195-scaled-1.jpg\",\"contentUrl\":\"https:\\\/\\\/www.sindicaturabarcelona.cat\\\/wp-content\\\/uploads\\\/P1300195-scaled-1.jpg\",\"width\":2560,\"height\":1441},{\"@type\":\"BreadcrumbList\",\"@id\":\"https:\\\/\\\/www.sindicaturabarcelona.cat\\\/es\\\/la-sindicatura-de-greuges-de-barcelona-y-la-sindica-de-greuges-de-catalunya-colaboran-para-atender-presencialmente-la-ciudadania-barcelonesa\\\/#breadcrumb\",\"itemListElement\":[{\"@type\":\"ListItem\",\"position\":1,\"name\":\"Inici\",\"item\":\"https:\\\/\\\/www.sindicaturabarcelona.cat\\\/es\\\/\"},{\"@type\":\"ListItem\",\"position\":2,\"name\":\"La Sindicatura de Greuges de Barcelona y la S\u00edndica de Greuges de Catalunya colaboran para atender presencialmente la ciudadan\u00eda barcelonesa\"}]},{\"@type\":\"WebSite\",\"@id\":\"https:\\\/\\\/www.sindicaturabarcelona.cat\\\/es\\\/#website\",\"url\":\"https:\\\/\\\/www.sindicaturabarcelona.cat\\\/es\\\/\",\"name\":\"Sindicatura de Greuges de Barcelona\",\"description\":\"La defensoria dels teus drets\",\"publisher\":{\"@id\":\"https:\\\/\\\/www.sindicaturabarcelona.cat\\\/es\\\/#organization\"},\"potentialAction\":[{\"@type\":\"SearchAction\",\"target\":{\"@type\":\"EntryPoint\",\"urlTemplate\":\"https:\\\/\\\/www.sindicaturabarcelona.cat\\\/es\\\/?s={search_term_string}\"},\"query-input\":{\"@type\":\"PropertyValueSpecification\",\"valueRequired\":true,\"valueName\":\"search_term_string\"}}],\"inLanguage\":\"es\"},{\"@type\":\"Organization\",\"@id\":\"https:\\\/\\\/www.sindicaturabarcelona.cat\\\/es\\\/#organization\",\"name\":\"Sindicatura de Greuges de Barcelona\",\"url\":\"https:\\\/\\\/www.sindicaturabarcelona.cat\\\/es\\\/\",\"logo\":{\"@type\":\"ImageObject\",\"inLanguage\":\"es\",\"@id\":\"https:\\\/\\\/www.sindicaturabarcelona.cat\\\/es\\\/#\\\/schema\\\/logo\\\/image\\\/\",\"url\":\"https:\\\/\\\/www.sindicaturabarcelona.cat\\\/wp-content\\\/uploads\\\/2023\\\/02\\\/logo_sindicatura.svg\",\"contentUrl\":\"https:\\\/\\\/www.sindicaturabarcelona.cat\\\/wp-content\\\/uploads\\\/2023\\\/02\\\/logo_sindicatura.svg\",\"caption\":\"Sindicatura de Greuges de Barcelona\"},\"image\":{\"@id\":\"https:\\\/\\\/www.sindicaturabarcelona.cat\\\/es\\\/#\\\/schema\\\/logo\\\/image\\\/\"},\"sameAs\":[\"https:\\\/\\\/x.com\\\/sindicbarcelona\",\"https:\\\/\\\/www.instagram.com\\\/sindicbarcelona\\\/\",\"https:\\\/\\\/www.tiktok.com\\\/@sindicaturabcn\",\"https:\\\/\\\/t.me\\\/sindicaturabarcelona\"]},{\"@type\":\"Person\",\"@id\":\"https:\\\/\\\/www.sindicaturabarcelona.cat\\\/es\\\/#\\\/schema\\\/person\\\/c59ed89663074658008f0ca9a8865afd\",\"name\":\"pimpampum\",\"image\":{\"@type\":\"ImageObject\",\"inLanguage\":\"es\",\"@id\":\"https:\\\/\\\/secure.gravatar.com\\\/avatar\\\/0d03f560c3fabe6b313e752c4968ec2013544e170b12d7d70838d2667cf54815?s=96&d=mm&r=g\",\"url\":\"https:\\\/\\\/secure.gravatar.com\\\/avatar\\\/0d03f560c3fabe6b313e752c4968ec2013544e170b12d7d70838d2667cf54815?s=96&d=mm&r=g\",\"contentUrl\":\"https:\\\/\\\/secure.gravatar.com\\\/avatar\\\/0d03f560c3fabe6b313e752c4968ec2013544e170b12d7d70838d2667cf54815?s=96&d=mm&r=g\",\"caption\":\"pimpampum\"},\"url\":\"https:\\\/\\\/www.sindicaturabarcelona.cat\\\/es\\\/author\\\/pimpampum\\\/\"}]}<\/script>\n<!-- \/ Yoast SEO plugin. -->","yoast_head_json":{"title":"La Sindicatura de Greuges de Barcelona y la S\u00edndica de Greuges de Catalunya colaboran para atender presencialmente la ciudadan\u00eda barcelonesa - Sindicatura de Greuges de Barcelona","description":"Esta ha sido la primera acci\u00f3n de atenci\u00f3n presencial de las dos defensor\u00edas, que desde el a\u00f1o 2022 colaboran m\u00e1s estrechamente en...","robots":{"index":"index","follow":"follow","max-snippet":"max-snippet:-1","max-image-preview":"max-image-preview:large","max-video-preview":"max-video-preview:-1"},"canonical":"https:\/\/www.sindicaturabarcelona.cat\/es\/la-sindicatura-de-greuges-de-barcelona-y-la-sindica-de-greuges-de-catalunya-colaboran-para-atender-presencialmente-la-ciudadania-barcelonesa\/","og_locale":"es_ES","og_type":"article","og_title":"La Sindicatura de Greuges de Barcelona y la S\u00edndica de Greuges de Catalunya colaboran para atender presencialmente la ciudadan\u00eda barcelonesa - Sindicatura de Greuges de Barcelona","og_description":"Esta ha sido la primera acci\u00f3n de atenci\u00f3n presencial de las dos defensor\u00edas, que desde el a\u00f1o 2022 colaboran m\u00e1s estrechamente en...","og_url":"https:\/\/www.sindicaturabarcelona.cat\/es\/la-sindicatura-de-greuges-de-barcelona-y-la-sindica-de-greuges-de-catalunya-colaboran-para-atender-presencialmente-la-ciudadania-barcelonesa\/","og_site_name":"Sindicatura de Greuges de Barcelona","article_published_time":"2023-02-08T11:30:33+00:00","article_modified_time":"2023-03-21T11:41:10+00:00","og_image":[{"width":2560,"height":1441,"url":"https:\/\/www.sindicaturabarcelona.cat\/wp-content\/uploads\/P1300195-scaled-1.jpg","type":"image\/jpeg"}],"author":"pimpampum","twitter_card":"summary_large_image","twitter_creator":"@sindicbarcelona","twitter_site":"@sindicbarcelona","twitter_misc":{"Escrito por":"pimpampum","Tiempo de lectura":"3 minutos"},"schema":{"@context":"https:\/\/schema.org","@graph":[{"@type":"Article","@id":"https:\/\/www.sindicaturabarcelona.cat\/es\/la-sindicatura-de-greuges-de-barcelona-y-la-sindica-de-greuges-de-catalunya-colaboran-para-atender-presencialmente-la-ciudadania-barcelonesa\/#article","isPartOf":{"@id":"https:\/\/www.sindicaturabarcelona.cat\/es\/la-sindicatura-de-greuges-de-barcelona-y-la-sindica-de-greuges-de-catalunya-colaboran-para-atender-presencialmente-la-ciudadania-barcelonesa\/"},"author":{"name":"pimpampum","@id":"https:\/\/www.sindicaturabarcelona.cat\/es\/#\/schema\/person\/c59ed89663074658008f0ca9a8865afd"},"headline":"La Sindicatura de Greuges de Barcelona y la S\u00edndica de Greuges de Catalunya colaboran para atender presencialmente la ciudadan\u00eda barcelonesa","datePublished":"2023-02-08T11:30:33+00:00","dateModified":"2023-03-21T11:41:10+00:00","mainEntityOfPage":{"@id":"https:\/\/www.sindicaturabarcelona.cat\/es\/la-sindicatura-de-greuges-de-barcelona-y-la-sindica-de-greuges-de-catalunya-colaboran-para-atender-presencialmente-la-ciudadania-barcelonesa\/"},"wordCount":553,"publisher":{"@id":"https:\/\/www.sindicaturabarcelona.cat\/es\/#organization"},"image":{"@id":"https:\/\/www.sindicaturabarcelona.cat\/es\/la-sindicatura-de-greuges-de-barcelona-y-la-sindica-de-greuges-de-catalunya-colaboran-para-atender-presencialmente-la-ciudadania-barcelonesa\/#primaryimage"},"thumbnailUrl":"https:\/\/www.sindicaturabarcelona.cat\/wp-content\/uploads\/P1300195-scaled-1.jpg","articleSection":["Institucional"],"inLanguage":"es"},{"@type":"WebPage","@id":"https:\/\/www.sindicaturabarcelona.cat\/es\/la-sindicatura-de-greuges-de-barcelona-y-la-sindica-de-greuges-de-catalunya-colaboran-para-atender-presencialmente-la-ciudadania-barcelonesa\/","url":"https:\/\/www.sindicaturabarcelona.cat\/es\/la-sindicatura-de-greuges-de-barcelona-y-la-sindica-de-greuges-de-catalunya-colaboran-para-atender-presencialmente-la-ciudadania-barcelonesa\/","name":"La Sindicatura de Greuges de Barcelona y la S\u00edndica de Greuges de Catalunya colaboran para atender presencialmente la ciudadan\u00eda barcelonesa - Sindicatura de Greuges de Barcelona","isPartOf":{"@id":"https:\/\/www.sindicaturabarcelona.cat\/es\/#website"},"primaryImageOfPage":{"@id":"https:\/\/www.sindicaturabarcelona.cat\/es\/la-sindicatura-de-greuges-de-barcelona-y-la-sindica-de-greuges-de-catalunya-colaboran-para-atender-presencialmente-la-ciudadania-barcelonesa\/#primaryimage"},"image":{"@id":"https:\/\/www.sindicaturabarcelona.cat\/es\/la-sindicatura-de-greuges-de-barcelona-y-la-sindica-de-greuges-de-catalunya-colaboran-para-atender-presencialmente-la-ciudadania-barcelonesa\/#primaryimage"},"thumbnailUrl":"https:\/\/www.sindicaturabarcelona.cat\/wp-content\/uploads\/P1300195-scaled-1.jpg","datePublished":"2023-02-08T11:30:33+00:00","dateModified":"2023-03-21T11:41:10+00:00","description":"Esta ha sido la primera acci\u00f3n de atenci\u00f3n presencial de las dos defensor\u00edas, que desde el a\u00f1o 2022 colaboran m\u00e1s estrechamente en...","breadcrumb":{"@id":"https:\/\/www.sindicaturabarcelona.cat\/es\/la-sindicatura-de-greuges-de-barcelona-y-la-sindica-de-greuges-de-catalunya-colaboran-para-atender-presencialmente-la-ciudadania-barcelonesa\/#breadcrumb"},"inLanguage":"es","potentialAction":[{"@type":"ReadAction","target":["https:\/\/www.sindicaturabarcelona.cat\/es\/la-sindicatura-de-greuges-de-barcelona-y-la-sindica-de-greuges-de-catalunya-colaboran-para-atender-presencialmente-la-ciudadania-barcelonesa\/"]}]},{"@type":"ImageObject","inLanguage":"es","@id":"https:\/\/www.sindicaturabarcelona.cat\/es\/la-sindicatura-de-greuges-de-barcelona-y-la-sindica-de-greuges-de-catalunya-colaboran-para-atender-presencialmente-la-ciudadania-barcelonesa\/#primaryimage","url":"https:\/\/www.sindicaturabarcelona.cat\/wp-content\/uploads\/P1300195-scaled-1.jpg","contentUrl":"https:\/\/www.sindicaturabarcelona.cat\/wp-content\/uploads\/P1300195-scaled-1.jpg","width":2560,"height":1441},{"@type":"BreadcrumbList","@id":"https:\/\/www.sindicaturabarcelona.cat\/es\/la-sindicatura-de-greuges-de-barcelona-y-la-sindica-de-greuges-de-catalunya-colaboran-para-atender-presencialmente-la-ciudadania-barcelonesa\/#breadcrumb","itemListElement":[{"@type":"ListItem","position":1,"name":"Inici","item":"https:\/\/www.sindicaturabarcelona.cat\/es\/"},{"@type":"ListItem","position":2,"name":"La Sindicatura de Greuges de Barcelona y la S\u00edndica de Greuges de Catalunya colaboran para atender presencialmente la ciudadan\u00eda barcelonesa"}]},{"@type":"WebSite","@id":"https:\/\/www.sindicaturabarcelona.cat\/es\/#website","url":"https:\/\/www.sindicaturabarcelona.cat\/es\/","name":"Sindicatura de Greuges de Barcelona","description":"La defensoria dels teus drets","publisher":{"@id":"https:\/\/www.sindicaturabarcelona.cat\/es\/#organization"},"potentialAction":[{"@type":"SearchAction","target":{"@type":"EntryPoint","urlTemplate":"https:\/\/www.sindicaturabarcelona.cat\/es\/?s={search_term_string}"},"query-input":{"@type":"PropertyValueSpecification","valueRequired":true,"valueName":"search_term_string"}}],"inLanguage":"es"},{"@type":"Organization","@id":"https:\/\/www.sindicaturabarcelona.cat\/es\/#organization","name":"Sindicatura de Greuges de Barcelona","url":"https:\/\/www.sindicaturabarcelona.cat\/es\/","logo":{"@type":"ImageObject","inLanguage":"es","@id":"https:\/\/www.sindicaturabarcelona.cat\/es\/#\/schema\/logo\/image\/","url":"https:\/\/www.sindicaturabarcelona.cat\/wp-content\/uploads\/2023\/02\/logo_sindicatura.svg","contentUrl":"https:\/\/www.sindicaturabarcelona.cat\/wp-content\/uploads\/2023\/02\/logo_sindicatura.svg","caption":"Sindicatura de Greuges de Barcelona"},"image":{"@id":"https:\/\/www.sindicaturabarcelona.cat\/es\/#\/schema\/logo\/image\/"},"sameAs":["https:\/\/x.com\/sindicbarcelona","https:\/\/www.instagram.com\/sindicbarcelona\/","https:\/\/www.tiktok.com\/@sindicaturabcn","https:\/\/t.me\/sindicaturabarcelona"]},{"@type":"Person","@id":"https:\/\/www.sindicaturabarcelona.cat\/es\/#\/schema\/person\/c59ed89663074658008f0ca9a8865afd","name":"pimpampum","image":{"@type":"ImageObject","inLanguage":"es","@id":"https:\/\/secure.gravatar.com\/avatar\/0d03f560c3fabe6b313e752c4968ec2013544e170b12d7d70838d2667cf54815?s=96&d=mm&r=g","url":"https:\/\/secure.gravatar.com\/avatar\/0d03f560c3fabe6b313e752c4968ec2013544e170b12d7d70838d2667cf54815?s=96&d=mm&r=g","contentUrl":"https:\/\/secure.gravatar.com\/avatar\/0d03f560c3fabe6b313e752c4968ec2013544e170b12d7d70838d2667cf54815?s=96&d=mm&r=g","caption":"pimpampum"},"url":"https:\/\/www.sindicaturabarcelona.cat\/es\/author\/pimpampum\/"}]}},"_links":{"self":[{"href":"https:\/\/www.sindicaturabarcelona.cat\/es\/wp-json\/wp\/v2\/posts\/15874","targetHints":{"allow":["GET"]}}],"collection":[{"href":"https:\/\/www.sindicaturabarcelona.cat\/es\/wp-json\/wp\/v2\/posts"}],"about":[{"href":"https:\/\/www.sindicaturabarcelona.cat\/es\/wp-json\/wp\/v2\/types\/post"}],"author":[{"embeddable":true,"href":"https:\/\/www.sindicaturabarcelona.cat\/es\/wp-json\/wp\/v2\/users\/3"}],"replies":[{"embeddable":true,"href":"https:\/\/www.sindicaturabarcelona.cat\/es\/wp-json\/wp\/v2\/comments?post=15874"}],"version-history":[{"count":0,"href":"https:\/\/www.sindicaturabarcelona.cat\/es\/wp-json\/wp\/v2\/posts\/15874\/revisions"}],"wp:featuredmedia":[{"embeddable":true,"href":"https:\/\/www.sindicaturabarcelona.cat\/es\/wp-json\/wp\/v2\/media\/18057"}],"wp:attachment":[{"href":"https:\/\/www.sindicaturabarcelona.cat\/es\/wp-json\/wp\/v2\/media?parent=15874"}],"wp:term":[{"taxonomy":"post_tag","embeddable":true,"href":"https:\/\/www.sindicaturabarcelona.cat\/es\/wp-json\/wp\/v2\/tags?post=15874"},{"taxonomy":"drets","embeddable":true,"href":"https:\/\/www.sindicaturabarcelona.cat\/es\/wp-json\/wp\/v2\/drets?post=15874"}],"curies":[{"name":"wp","href":"https:\/\/api.w.org\/{rel}","templated":true}]}}