{"id":15720,"date":"2023-01-10T16:29:52","date_gmt":"2023-01-10T14:29:52","guid":{"rendered":"https:\/\/www.sindicaturabarcelona.cat\/?p=15720"},"modified":"2023-03-21T13:44:15","modified_gmt":"2023-03-21T11:44:15","slug":"la-sindicatura-resuelve-dos-quejas-ciudadanas-vinculadas-a-actuaciones-de-la-guardia-urbana","status":"publish","type":"post","link":"https:\/\/www.sindicaturabarcelona.cat\/es\/la-sindicatura-resuelve-dos-quejas-ciudadanas-vinculadas-a-actuaciones-de-la-guardia-urbana\/","title":{"rendered":"La Sindicatura resuelve dos quejas ciudadanas vinculadas a actuaciones de la Guardia Urbana"},"content":{"rendered":"\n<p class=\"has-text-align-justify\">La <a href=\"https:\/\/www.sindicaturabarcelona.cat\/es\/\" target=\"_blank\" aria-label=\"Sindicatura de Greuges de Barcelona (opens in a new tab)\" rel=\"noreferrer noopener\" class=\"ek-link\">Sindicatura de Greuges de Barcelona<\/a> ha analizado dos intervenciones de la Guardia Urbana, despu\u00e9s de que dos personas formalizaran quejas en las que mostraban su disconformidad con la actuaci\u00f3n de la polic\u00eda municipal.<\/p>\n\n\n\n<p><strong><span style=\"text-decoration: underline;\" class=\"ek-underline\">Identificaci\u00f3n de una joven desaparecida sin ofrecer la protecci\u00f3n adecuada<\/span><\/strong><\/p>\n\n\n\n<p class=\"has-text-align-justify\">Una madre denunci\u00f3 a los Mossos d&#8217;Esquadra la desaparici\u00f3n de su hija de la residencia donde viv\u00eda. La chica es mayor de edad y tiene un grado de discapacidad del 79%. Tres d\u00edas despu\u00e9s, la Guardia Urbana la localiz\u00f3 en la plaza de la Virreina y la denunci\u00f3 por consumir alcohol en el espacio p\u00fablico.<\/p>\n\n\n\n<p class=\"has-text-align-justify\"><strong>La madre detalla a la Sindicatura que los agentes de la polic\u00eda municipal, cuando la identificaron y denunciaron, no hicieron caso de la alerta de desaparici\u00f3n<\/strong>: no contactaron con ella como tutora de su hija, ni con la residencia, ni con los Mossos d&#8217;Esquadra. Seg\u00fan la madre, en aquel momento la joven ya explic\u00f3 a la Guardia Urbana que se hab\u00eda escapado del centro. Los agentes contradicen este \u00faltimo punto.<\/p>\n\n\n\n<p class=\"has-text-align-justify\">Hay que tener en cuenta que las personas con deterioro cognitivo forman parte de los grupos especialmente vulnerables. <strong>En el caso objeto de estudio, existe una doble circunstancia importante<\/strong>: se trata de una persona desaparecida, y a la vez afectada por una discapacidad intelectual por la cual se la ha incapacitado judicialmente.<\/p>\n\n\n\n<p class=\"has-text-align-justify\">Por estos motivos, la Sindicatura quiere hacer un inciso en los <strong>mecanismos de coordinaci\u00f3n de los cuerpos policiales<\/strong>. La <a href=\"https:\/\/www.lamoncloa.gob.es\/serviciosdeprensa\/notasprensa\/interior\/Documents\/2022\/090322_I_Plan_Estrategico_Personas_Desaparecidas_22-24.pdf\" target=\"_blank\" rel=\"noreferrer noopener\" class=\"ek-link\">Instrucci\u00f3n 3\/2019 de la Secretar\u00eda de Estado de Seguridad<\/a> desglosa c\u00f3mo debe ser el <strong>protocolo policial ante la desaparici\u00f3n de personas<\/strong>, establece medidas para <strong>homogeneizar un procedimiento policial com\u00fan<\/strong>, e impulsa <strong>acciones de cooperaci\u00f3n y colaboraci\u00f3n entre las diversas polic\u00edas<\/strong>.<\/p>\n\n\n\n<p class=\"has-text-align-justify\">En el contexto de esta coordinaci\u00f3n, hay que destacar que la <strong>Guardia Urbana de Barcelona tiene acceso al Sistema de Informaci\u00f3n Policial (SIP). El nivel m\u00e1s b\u00e1sico de esta herramienta ya incluye los datos de personas desaparecidas. Por lo tanto, cuando identificaron la joven por consumo de alcohol en el espacio p\u00fablico, los agentes de la Guardia Urbana deber\u00edan haber recibido un aviso de incidencia por la desaparici\u00f3n de esta persona.<\/strong><\/p>\n\n\n\n<p class=\"has-text-align-justify\">La Sindicatura de Greuges de Barcelona <strong>considera que la Guardia Urbana no prest\u00f3 la protecci\u00f3n adecuada a la joven, a pesar de disponer de los mecanismos de alerta para comprobar que se trataba de una persona desaparecida<\/strong>. Su actuaci\u00f3n fue \u00fanicamente punitiva.<\/p>\n\n\n\n<p><strong><span style=\"text-decoration: underline;\" class=\"ek-underline\">Actuaci\u00f3n ajustada a derecho despu\u00e9s del ataque de un animal<\/span><\/strong><\/p>\n\n\n\n<p class=\"has-text-align-justify\">Otra queja ciudadana recibida en la Sindicatura denunciaba el ataque de un perro a su hija, por el cual requiri\u00f3 atenci\u00f3n m\u00e9dica. Una vez en su domicilio, pidieron la presencia de una patrulla para explicar los hechos. <strong>La polic\u00eda certific\u00f3 el ataque y los da\u00f1os, pero la persona promotora de la queja lamenta que los agentes se negaron a identificar la persona propietaria del perro agresor<\/strong>, a pesar de que les transmiti\u00f3 que podr\u00eda recordar la finca donde vive.<\/p>\n\n\n\n<p class=\"has-text-align-justify\">En estas situaciones, es esencial identificar la persona propietaria del animal agresor, puesto que se la considera responsable de los hechos. La identificaci\u00f3n se acostumbra a llevar a cabo en el momento en el que se produce el ataque, pero en este caso la comprobaci\u00f3n de la persona responsable no pudo hacerse en aquel momento.<\/p>\n\n\n\n<p class=\"has-text-align-justify\">Cuando una persona sufre el ataque de un animal en el espacio p\u00fablico, es importante contactar inmediatamente con los cuerpos policiales, que deben auxiliar a la v\u00edctima, identificar a la persona responsable de los da\u00f1os y comprobar que act\u00faa conforme a la <a href=\"https:\/\/cido.diba.cat\/normativa_local\/69012\/ordenanca-sobre-la-proteccio-la-tinenca-i-la-venda-danimals-ajuntament-de-barcelona\" target=\"_blank\" rel=\"noreferrer noopener\" class=\"ek-link\">Ordenanza municipal sobre la protecci\u00f3n, la tenencia y la venta de animales<\/a>.<\/p>\n\n\n\n<p class=\"has-text-align-justify\">Seg\u00fan el relato de los agentes de la Guardia Urbana, la persona interesada requiri\u00f3 su presencia cuando ya estaba en casa y hab\u00eda abandonado el lugar de los hechos. Los agentes manifestaron las dificultades para poder localizar a la persona propietaria del perro, puesto que no dispon\u00edan de datos domiciliarios y tampoco las pod\u00edan obtener de la aplicaci\u00f3n del censo de los animales. Aun as\u00ed, los agentes patrullaron por la zona pr\u00f3xima del ataque y del te\u00f3rico domicilio de la persona, sin conseguir identificarla.<\/p>\n\n\n\n<p class=\"has-text-align-justify\">Los agentes centraron su intervenci\u00f3n en procurar una atenci\u00f3n a la v\u00edctima, en cuanto a la asistencia m\u00e9dica y el asesoramiento de las actuaciones a tener en cuenta para llevar a cabo una posible reclamaci\u00f3n de responsabilidad patrimonial. Por lo tanto, han cumplido con los principios de la actuaci\u00f3n policial previstos en la Ley 16\/1991 de las polic\u00edas locales.<\/p>\n\n\n\n<p class=\"has-text-align-justify\"><strong>La Sindicatura entiende la percepci\u00f3n de desatenci\u00f3n de la ciudadana, pero considera que la actuaci\u00f3n de la Guardia Urbana fue proporcional y ajustada a derecho, puesto que prest\u00f3 un auxilio adecuado a la v\u00edctima.<\/strong><\/p>\n","protected":false},"excerpt":{"rendered":"<p>La Sindicatura de Greuges de Barcelona ha analizado dos intervenciones de la Guardia Urbana, despu\u00e9s de que dos personas formalizaran quejas en las que mostraban su disconformidad con la actuaci\u00f3n [&hellip;]<\/p>\n","protected":false},"author":3,"featured_media":18836,"comment_status":"closed","ping_status":"open","sticky":false,"template":"","format":"standard","meta":{"_acf_changed":false,"footnotes":""},"tags":[],"drets":[],"class_list":["post-15720","post","type-post","status-publish","format-standard","has-post-thumbnail","hentry"],"acf":[],"yoast_head":"<!-- This site is optimized with the Yoast SEO plugin v27.5 - https:\/\/yoast.com\/product\/yoast-seo-wordpress\/ -->\n<title>La Sindicatura resuelve dos quejas ciudadanas vinculadas a actuaciones de la Guardia Urbana - Sindicatura de Greuges de Barcelona<\/title>\n<meta name=\"description\" content=\"La defensor\u00eda ha analizado dos actuaciones de la Guardia Urbana, despu\u00e9s de que dos personas formalizaran quejas en las que mostraban...\" \/>\n<meta name=\"robots\" content=\"index, follow, max-snippet:-1, max-image-preview:large, max-video-preview:-1\" \/>\n<link rel=\"canonical\" href=\"https:\/\/www.sindicaturabarcelona.cat\/es\/la-sindicatura-resuelve-dos-quejas-ciudadanas-vinculadas-a-actuaciones-de-la-guardia-urbana\/\" \/>\n<meta property=\"og:locale\" content=\"es_ES\" \/>\n<meta property=\"og:type\" content=\"article\" \/>\n<meta property=\"og:title\" content=\"La Sindicatura resuelve dos quejas ciudadanas vinculadas a actuaciones de la Guardia Urbana - Sindicatura de Greuges de Barcelona\" \/>\n<meta property=\"og:description\" content=\"La defensor\u00eda ha analizado dos actuaciones de la Guardia Urbana, despu\u00e9s de que dos personas formalizaran quejas en las que mostraban...\" \/>\n<meta property=\"og:url\" content=\"https:\/\/www.sindicaturabarcelona.cat\/es\/la-sindicatura-resuelve-dos-quejas-ciudadanas-vinculadas-a-actuaciones-de-la-guardia-urbana\/\" \/>\n<meta property=\"og:site_name\" content=\"Sindicatura de Greuges de Barcelona\" \/>\n<meta property=\"article:published_time\" content=\"2023-01-10T14:29:52+00:00\" \/>\n<meta property=\"article:modified_time\" content=\"2023-03-21T11:44:15+00:00\" \/>\n<meta property=\"og:image\" content=\"https:\/\/www.sindicaturabarcelona.cat\/wp-content\/uploads\/22953_211203_AF_BenvingudaPromocioGUBAnyPassat_020.jpg\" \/>\n\t<meta property=\"og:image:width\" content=\"1533\" \/>\n\t<meta property=\"og:image:height\" content=\"1024\" \/>\n\t<meta property=\"og:image:type\" content=\"image\/jpeg\" \/>\n<meta name=\"author\" content=\"pimpampum\" \/>\n<meta name=\"twitter:card\" content=\"summary_large_image\" \/>\n<meta name=\"twitter:creator\" content=\"@sindicbarcelona\" \/>\n<meta name=\"twitter:site\" content=\"@sindicbarcelona\" \/>\n<meta name=\"twitter:label1\" content=\"Escrito por\" \/>\n\t<meta name=\"twitter:data1\" content=\"pimpampum\" \/>\n\t<meta name=\"twitter:label2\" content=\"Tiempo de lectura\" \/>\n\t<meta name=\"twitter:data2\" content=\"5 minutos\" \/>\n<script type=\"application\/ld+json\" class=\"yoast-schema-graph\">{\"@context\":\"https:\\\/\\\/schema.org\",\"@graph\":[{\"@type\":\"Article\",\"@id\":\"https:\\\/\\\/www.sindicaturabarcelona.cat\\\/es\\\/la-sindicatura-resuelve-dos-quejas-ciudadanas-vinculadas-a-actuaciones-de-la-guardia-urbana\\\/#article\",\"isPartOf\":{\"@id\":\"https:\\\/\\\/www.sindicaturabarcelona.cat\\\/es\\\/la-sindicatura-resuelve-dos-quejas-ciudadanas-vinculadas-a-actuaciones-de-la-guardia-urbana\\\/\"},\"author\":{\"name\":\"pimpampum\",\"@id\":\"https:\\\/\\\/www.sindicaturabarcelona.cat\\\/es\\\/#\\\/schema\\\/person\\\/c59ed89663074658008f0ca9a8865afd\"},\"headline\":\"La Sindicatura resuelve dos quejas ciudadanas vinculadas a actuaciones de la Guardia Urbana\",\"datePublished\":\"2023-01-10T14:29:52+00:00\",\"dateModified\":\"2023-03-21T11:44:15+00:00\",\"mainEntityOfPage\":{\"@id\":\"https:\\\/\\\/www.sindicaturabarcelona.cat\\\/es\\\/la-sindicatura-resuelve-dos-quejas-ciudadanas-vinculadas-a-actuaciones-de-la-guardia-urbana\\\/\"},\"wordCount\":844,\"publisher\":{\"@id\":\"https:\\\/\\\/www.sindicaturabarcelona.cat\\\/es\\\/#organization\"},\"image\":{\"@id\":\"https:\\\/\\\/www.sindicaturabarcelona.cat\\\/es\\\/la-sindicatura-resuelve-dos-quejas-ciudadanas-vinculadas-a-actuaciones-de-la-guardia-urbana\\\/#primaryimage\"},\"thumbnailUrl\":\"https:\\\/\\\/www.sindicaturabarcelona.cat\\\/wp-content\\\/uploads\\\/22953_211203_AF_BenvingudaPromocioGUBAnyPassat_020.jpg\",\"articleSection\":[\"Seguridad y convivencia\"],\"inLanguage\":\"es\"},{\"@type\":\"WebPage\",\"@id\":\"https:\\\/\\\/www.sindicaturabarcelona.cat\\\/es\\\/la-sindicatura-resuelve-dos-quejas-ciudadanas-vinculadas-a-actuaciones-de-la-guardia-urbana\\\/\",\"url\":\"https:\\\/\\\/www.sindicaturabarcelona.cat\\\/es\\\/la-sindicatura-resuelve-dos-quejas-ciudadanas-vinculadas-a-actuaciones-de-la-guardia-urbana\\\/\",\"name\":\"La Sindicatura resuelve dos quejas ciudadanas vinculadas a actuaciones de la Guardia Urbana - Sindicatura de Greuges de Barcelona\",\"isPartOf\":{\"@id\":\"https:\\\/\\\/www.sindicaturabarcelona.cat\\\/es\\\/#website\"},\"primaryImageOfPage\":{\"@id\":\"https:\\\/\\\/www.sindicaturabarcelona.cat\\\/es\\\/la-sindicatura-resuelve-dos-quejas-ciudadanas-vinculadas-a-actuaciones-de-la-guardia-urbana\\\/#primaryimage\"},\"image\":{\"@id\":\"https:\\\/\\\/www.sindicaturabarcelona.cat\\\/es\\\/la-sindicatura-resuelve-dos-quejas-ciudadanas-vinculadas-a-actuaciones-de-la-guardia-urbana\\\/#primaryimage\"},\"thumbnailUrl\":\"https:\\\/\\\/www.sindicaturabarcelona.cat\\\/wp-content\\\/uploads\\\/22953_211203_AF_BenvingudaPromocioGUBAnyPassat_020.jpg\",\"datePublished\":\"2023-01-10T14:29:52+00:00\",\"dateModified\":\"2023-03-21T11:44:15+00:00\",\"description\":\"La defensor\u00eda ha analizado dos actuaciones de la Guardia Urbana, despu\u00e9s de que dos personas formalizaran quejas en las que mostraban...\",\"breadcrumb\":{\"@id\":\"https:\\\/\\\/www.sindicaturabarcelona.cat\\\/es\\\/la-sindicatura-resuelve-dos-quejas-ciudadanas-vinculadas-a-actuaciones-de-la-guardia-urbana\\\/#breadcrumb\"},\"inLanguage\":\"es\",\"potentialAction\":[{\"@type\":\"ReadAction\",\"target\":[\"https:\\\/\\\/www.sindicaturabarcelona.cat\\\/es\\\/la-sindicatura-resuelve-dos-quejas-ciudadanas-vinculadas-a-actuaciones-de-la-guardia-urbana\\\/\"]}]},{\"@type\":\"ImageObject\",\"inLanguage\":\"es\",\"@id\":\"https:\\\/\\\/www.sindicaturabarcelona.cat\\\/es\\\/la-sindicatura-resuelve-dos-quejas-ciudadanas-vinculadas-a-actuaciones-de-la-guardia-urbana\\\/#primaryimage\",\"url\":\"https:\\\/\\\/www.sindicaturabarcelona.cat\\\/wp-content\\\/uploads\\\/22953_211203_AF_BenvingudaPromocioGUBAnyPassat_020.jpg\",\"contentUrl\":\"https:\\\/\\\/www.sindicaturabarcelona.cat\\\/wp-content\\\/uploads\\\/22953_211203_AF_BenvingudaPromocioGUBAnyPassat_020.jpg\",\"width\":1533,\"height\":1024},{\"@type\":\"BreadcrumbList\",\"@id\":\"https:\\\/\\\/www.sindicaturabarcelona.cat\\\/es\\\/la-sindicatura-resuelve-dos-quejas-ciudadanas-vinculadas-a-actuaciones-de-la-guardia-urbana\\\/#breadcrumb\",\"itemListElement\":[{\"@type\":\"ListItem\",\"position\":1,\"name\":\"Inici\",\"item\":\"https:\\\/\\\/www.sindicaturabarcelona.cat\\\/es\\\/\"},{\"@type\":\"ListItem\",\"position\":2,\"name\":\"La Sindicatura resuelve dos quejas ciudadanas vinculadas a actuaciones de la Guardia Urbana\"}]},{\"@type\":\"WebSite\",\"@id\":\"https:\\\/\\\/www.sindicaturabarcelona.cat\\\/es\\\/#website\",\"url\":\"https:\\\/\\\/www.sindicaturabarcelona.cat\\\/es\\\/\",\"name\":\"Sindicatura de Greuges de Barcelona\",\"description\":\"La defensoria dels teus drets\",\"publisher\":{\"@id\":\"https:\\\/\\\/www.sindicaturabarcelona.cat\\\/es\\\/#organization\"},\"potentialAction\":[{\"@type\":\"SearchAction\",\"target\":{\"@type\":\"EntryPoint\",\"urlTemplate\":\"https:\\\/\\\/www.sindicaturabarcelona.cat\\\/es\\\/?s={search_term_string}\"},\"query-input\":{\"@type\":\"PropertyValueSpecification\",\"valueRequired\":true,\"valueName\":\"search_term_string\"}}],\"inLanguage\":\"es\"},{\"@type\":\"Organization\",\"@id\":\"https:\\\/\\\/www.sindicaturabarcelona.cat\\\/es\\\/#organization\",\"name\":\"Sindicatura de Greuges de Barcelona\",\"url\":\"https:\\\/\\\/www.sindicaturabarcelona.cat\\\/es\\\/\",\"logo\":{\"@type\":\"ImageObject\",\"inLanguage\":\"es\",\"@id\":\"https:\\\/\\\/www.sindicaturabarcelona.cat\\\/es\\\/#\\\/schema\\\/logo\\\/image\\\/\",\"url\":\"https:\\\/\\\/www.sindicaturabarcelona.cat\\\/wp-content\\\/uploads\\\/2023\\\/02\\\/logo_sindicatura.svg\",\"contentUrl\":\"https:\\\/\\\/www.sindicaturabarcelona.cat\\\/wp-content\\\/uploads\\\/2023\\\/02\\\/logo_sindicatura.svg\",\"caption\":\"Sindicatura de Greuges de Barcelona\"},\"image\":{\"@id\":\"https:\\\/\\\/www.sindicaturabarcelona.cat\\\/es\\\/#\\\/schema\\\/logo\\\/image\\\/\"},\"sameAs\":[\"https:\\\/\\\/x.com\\\/sindicbarcelona\",\"https:\\\/\\\/www.instagram.com\\\/sindicbarcelona\\\/\",\"https:\\\/\\\/www.tiktok.com\\\/@sindicaturabcn\",\"https:\\\/\\\/t.me\\\/sindicaturabarcelona\"]},{\"@type\":\"Person\",\"@id\":\"https:\\\/\\\/www.sindicaturabarcelona.cat\\\/es\\\/#\\\/schema\\\/person\\\/c59ed89663074658008f0ca9a8865afd\",\"name\":\"pimpampum\",\"image\":{\"@type\":\"ImageObject\",\"inLanguage\":\"es\",\"@id\":\"https:\\\/\\\/secure.gravatar.com\\\/avatar\\\/0d03f560c3fabe6b313e752c4968ec2013544e170b12d7d70838d2667cf54815?s=96&d=mm&r=g\",\"url\":\"https:\\\/\\\/secure.gravatar.com\\\/avatar\\\/0d03f560c3fabe6b313e752c4968ec2013544e170b12d7d70838d2667cf54815?s=96&d=mm&r=g\",\"contentUrl\":\"https:\\\/\\\/secure.gravatar.com\\\/avatar\\\/0d03f560c3fabe6b313e752c4968ec2013544e170b12d7d70838d2667cf54815?s=96&d=mm&r=g\",\"caption\":\"pimpampum\"},\"url\":\"https:\\\/\\\/www.sindicaturabarcelona.cat\\\/es\\\/author\\\/pimpampum\\\/\"}]}<\/script>\n<!-- \/ Yoast SEO plugin. -->","yoast_head_json":{"title":"La Sindicatura resuelve dos quejas ciudadanas vinculadas a actuaciones de la Guardia Urbana - Sindicatura de Greuges de Barcelona","description":"La defensor\u00eda ha analizado dos actuaciones de la Guardia Urbana, despu\u00e9s de que dos personas formalizaran quejas en las que mostraban...","robots":{"index":"index","follow":"follow","max-snippet":"max-snippet:-1","max-image-preview":"max-image-preview:large","max-video-preview":"max-video-preview:-1"},"canonical":"https:\/\/www.sindicaturabarcelona.cat\/es\/la-sindicatura-resuelve-dos-quejas-ciudadanas-vinculadas-a-actuaciones-de-la-guardia-urbana\/","og_locale":"es_ES","og_type":"article","og_title":"La Sindicatura resuelve dos quejas ciudadanas vinculadas a actuaciones de la Guardia Urbana - Sindicatura de Greuges de Barcelona","og_description":"La defensor\u00eda ha analizado dos actuaciones de la Guardia Urbana, despu\u00e9s de que dos personas formalizaran quejas en las que mostraban...","og_url":"https:\/\/www.sindicaturabarcelona.cat\/es\/la-sindicatura-resuelve-dos-quejas-ciudadanas-vinculadas-a-actuaciones-de-la-guardia-urbana\/","og_site_name":"Sindicatura de Greuges de Barcelona","article_published_time":"2023-01-10T14:29:52+00:00","article_modified_time":"2023-03-21T11:44:15+00:00","og_image":[{"width":1533,"height":1024,"url":"https:\/\/www.sindicaturabarcelona.cat\/wp-content\/uploads\/22953_211203_AF_BenvingudaPromocioGUBAnyPassat_020.jpg","type":"image\/jpeg"}],"author":"pimpampum","twitter_card":"summary_large_image","twitter_creator":"@sindicbarcelona","twitter_site":"@sindicbarcelona","twitter_misc":{"Escrito por":"pimpampum","Tiempo de lectura":"5 minutos"},"schema":{"@context":"https:\/\/schema.org","@graph":[{"@type":"Article","@id":"https:\/\/www.sindicaturabarcelona.cat\/es\/la-sindicatura-resuelve-dos-quejas-ciudadanas-vinculadas-a-actuaciones-de-la-guardia-urbana\/#article","isPartOf":{"@id":"https:\/\/www.sindicaturabarcelona.cat\/es\/la-sindicatura-resuelve-dos-quejas-ciudadanas-vinculadas-a-actuaciones-de-la-guardia-urbana\/"},"author":{"name":"pimpampum","@id":"https:\/\/www.sindicaturabarcelona.cat\/es\/#\/schema\/person\/c59ed89663074658008f0ca9a8865afd"},"headline":"La Sindicatura resuelve dos quejas ciudadanas vinculadas a actuaciones de la Guardia Urbana","datePublished":"2023-01-10T14:29:52+00:00","dateModified":"2023-03-21T11:44:15+00:00","mainEntityOfPage":{"@id":"https:\/\/www.sindicaturabarcelona.cat\/es\/la-sindicatura-resuelve-dos-quejas-ciudadanas-vinculadas-a-actuaciones-de-la-guardia-urbana\/"},"wordCount":844,"publisher":{"@id":"https:\/\/www.sindicaturabarcelona.cat\/es\/#organization"},"image":{"@id":"https:\/\/www.sindicaturabarcelona.cat\/es\/la-sindicatura-resuelve-dos-quejas-ciudadanas-vinculadas-a-actuaciones-de-la-guardia-urbana\/#primaryimage"},"thumbnailUrl":"https:\/\/www.sindicaturabarcelona.cat\/wp-content\/uploads\/22953_211203_AF_BenvingudaPromocioGUBAnyPassat_020.jpg","articleSection":["Seguridad y convivencia"],"inLanguage":"es"},{"@type":"WebPage","@id":"https:\/\/www.sindicaturabarcelona.cat\/es\/la-sindicatura-resuelve-dos-quejas-ciudadanas-vinculadas-a-actuaciones-de-la-guardia-urbana\/","url":"https:\/\/www.sindicaturabarcelona.cat\/es\/la-sindicatura-resuelve-dos-quejas-ciudadanas-vinculadas-a-actuaciones-de-la-guardia-urbana\/","name":"La Sindicatura resuelve dos quejas ciudadanas vinculadas a actuaciones de la Guardia Urbana - Sindicatura de Greuges de Barcelona","isPartOf":{"@id":"https:\/\/www.sindicaturabarcelona.cat\/es\/#website"},"primaryImageOfPage":{"@id":"https:\/\/www.sindicaturabarcelona.cat\/es\/la-sindicatura-resuelve-dos-quejas-ciudadanas-vinculadas-a-actuaciones-de-la-guardia-urbana\/#primaryimage"},"image":{"@id":"https:\/\/www.sindicaturabarcelona.cat\/es\/la-sindicatura-resuelve-dos-quejas-ciudadanas-vinculadas-a-actuaciones-de-la-guardia-urbana\/#primaryimage"},"thumbnailUrl":"https:\/\/www.sindicaturabarcelona.cat\/wp-content\/uploads\/22953_211203_AF_BenvingudaPromocioGUBAnyPassat_020.jpg","datePublished":"2023-01-10T14:29:52+00:00","dateModified":"2023-03-21T11:44:15+00:00","description":"La defensor\u00eda ha analizado dos actuaciones de la Guardia Urbana, despu\u00e9s de que dos personas formalizaran quejas en las que mostraban...","breadcrumb":{"@id":"https:\/\/www.sindicaturabarcelona.cat\/es\/la-sindicatura-resuelve-dos-quejas-ciudadanas-vinculadas-a-actuaciones-de-la-guardia-urbana\/#breadcrumb"},"inLanguage":"es","potentialAction":[{"@type":"ReadAction","target":["https:\/\/www.sindicaturabarcelona.cat\/es\/la-sindicatura-resuelve-dos-quejas-ciudadanas-vinculadas-a-actuaciones-de-la-guardia-urbana\/"]}]},{"@type":"ImageObject","inLanguage":"es","@id":"https:\/\/www.sindicaturabarcelona.cat\/es\/la-sindicatura-resuelve-dos-quejas-ciudadanas-vinculadas-a-actuaciones-de-la-guardia-urbana\/#primaryimage","url":"https:\/\/www.sindicaturabarcelona.cat\/wp-content\/uploads\/22953_211203_AF_BenvingudaPromocioGUBAnyPassat_020.jpg","contentUrl":"https:\/\/www.sindicaturabarcelona.cat\/wp-content\/uploads\/22953_211203_AF_BenvingudaPromocioGUBAnyPassat_020.jpg","width":1533,"height":1024},{"@type":"BreadcrumbList","@id":"https:\/\/www.sindicaturabarcelona.cat\/es\/la-sindicatura-resuelve-dos-quejas-ciudadanas-vinculadas-a-actuaciones-de-la-guardia-urbana\/#breadcrumb","itemListElement":[{"@type":"ListItem","position":1,"name":"Inici","item":"https:\/\/www.sindicaturabarcelona.cat\/es\/"},{"@type":"ListItem","position":2,"name":"La Sindicatura resuelve dos quejas ciudadanas vinculadas a actuaciones de la Guardia Urbana"}]},{"@type":"WebSite","@id":"https:\/\/www.sindicaturabarcelona.cat\/es\/#website","url":"https:\/\/www.sindicaturabarcelona.cat\/es\/","name":"Sindicatura de Greuges de Barcelona","description":"La defensoria dels teus drets","publisher":{"@id":"https:\/\/www.sindicaturabarcelona.cat\/es\/#organization"},"potentialAction":[{"@type":"SearchAction","target":{"@type":"EntryPoint","urlTemplate":"https:\/\/www.sindicaturabarcelona.cat\/es\/?s={search_term_string}"},"query-input":{"@type":"PropertyValueSpecification","valueRequired":true,"valueName":"search_term_string"}}],"inLanguage":"es"},{"@type":"Organization","@id":"https:\/\/www.sindicaturabarcelona.cat\/es\/#organization","name":"Sindicatura de Greuges de Barcelona","url":"https:\/\/www.sindicaturabarcelona.cat\/es\/","logo":{"@type":"ImageObject","inLanguage":"es","@id":"https:\/\/www.sindicaturabarcelona.cat\/es\/#\/schema\/logo\/image\/","url":"https:\/\/www.sindicaturabarcelona.cat\/wp-content\/uploads\/2023\/02\/logo_sindicatura.svg","contentUrl":"https:\/\/www.sindicaturabarcelona.cat\/wp-content\/uploads\/2023\/02\/logo_sindicatura.svg","caption":"Sindicatura de Greuges de Barcelona"},"image":{"@id":"https:\/\/www.sindicaturabarcelona.cat\/es\/#\/schema\/logo\/image\/"},"sameAs":["https:\/\/x.com\/sindicbarcelona","https:\/\/www.instagram.com\/sindicbarcelona\/","https:\/\/www.tiktok.com\/@sindicaturabcn","https:\/\/t.me\/sindicaturabarcelona"]},{"@type":"Person","@id":"https:\/\/www.sindicaturabarcelona.cat\/es\/#\/schema\/person\/c59ed89663074658008f0ca9a8865afd","name":"pimpampum","image":{"@type":"ImageObject","inLanguage":"es","@id":"https:\/\/secure.gravatar.com\/avatar\/0d03f560c3fabe6b313e752c4968ec2013544e170b12d7d70838d2667cf54815?s=96&d=mm&r=g","url":"https:\/\/secure.gravatar.com\/avatar\/0d03f560c3fabe6b313e752c4968ec2013544e170b12d7d70838d2667cf54815?s=96&d=mm&r=g","contentUrl":"https:\/\/secure.gravatar.com\/avatar\/0d03f560c3fabe6b313e752c4968ec2013544e170b12d7d70838d2667cf54815?s=96&d=mm&r=g","caption":"pimpampum"},"url":"https:\/\/www.sindicaturabarcelona.cat\/es\/author\/pimpampum\/"}]}},"_links":{"self":[{"href":"https:\/\/www.sindicaturabarcelona.cat\/es\/wp-json\/wp\/v2\/posts\/15720","targetHints":{"allow":["GET"]}}],"collection":[{"href":"https:\/\/www.sindicaturabarcelona.cat\/es\/wp-json\/wp\/v2\/posts"}],"about":[{"href":"https:\/\/www.sindicaturabarcelona.cat\/es\/wp-json\/wp\/v2\/types\/post"}],"author":[{"embeddable":true,"href":"https:\/\/www.sindicaturabarcelona.cat\/es\/wp-json\/wp\/v2\/users\/3"}],"replies":[{"embeddable":true,"href":"https:\/\/www.sindicaturabarcelona.cat\/es\/wp-json\/wp\/v2\/comments?post=15720"}],"version-history":[{"count":0,"href":"https:\/\/www.sindicaturabarcelona.cat\/es\/wp-json\/wp\/v2\/posts\/15720\/revisions"}],"wp:featuredmedia":[{"embeddable":true,"href":"https:\/\/www.sindicaturabarcelona.cat\/es\/wp-json\/wp\/v2\/media\/18836"}],"wp:attachment":[{"href":"https:\/\/www.sindicaturabarcelona.cat\/es\/wp-json\/wp\/v2\/media?parent=15720"}],"wp:term":[{"taxonomy":"post_tag","embeddable":true,"href":"https:\/\/www.sindicaturabarcelona.cat\/es\/wp-json\/wp\/v2\/tags?post=15720"},{"taxonomy":"drets","embeddable":true,"href":"https:\/\/www.sindicaturabarcelona.cat\/es\/wp-json\/wp\/v2\/drets?post=15720"}],"curies":[{"name":"wp","href":"https:\/\/api.w.org\/{rel}","templated":true}]}}