{"id":15617,"date":"2022-12-23T00:02:00","date_gmt":"2022-12-22T22:02:00","guid":{"rendered":"https:\/\/www.sindicaturabarcelona.cat\/?p=15617"},"modified":"2023-03-21T13:44:46","modified_gmt":"2023-03-21T11:44:46","slug":"que-derechos-otorgan-los-tramites-vinculados-a-una-mudanza-en-la-ciudad-de-barcelona","status":"publish","type":"post","link":"https:\/\/www.sindicaturabarcelona.cat\/es\/que-derechos-otorgan-los-tramites-vinculados-a-una-mudanza-en-la-ciudad-de-barcelona\/","title":{"rendered":"Qu\u00e9 derechos otorgan los tr\u00e1mites vinculados a una mudanza en la ciudad de Barcelona"},"content":{"rendered":"\n<p class=\"has-text-align-justify\">A ra\u00edz de varias quejas ciudadanas, y <strong>constatando que se trata de una problem\u00e1tica generalizada en la ciudad, <a href=\"https:\/\/www.sindicaturabarcelona.cat\/wp-content\/uploads\/2022\/11\/11_Dret-a-una-bona-administracio-4.pdf\" target=\"_blank\" aria-label=\"la Sindicatura ha analizado los tr\u00e1mites vinculados a la ejecuci\u00f3n de una mudanza en Barcelona. (opens in a new tab)\" rel=\"noreferrer noopener\" class=\"ek-link\">la Sindicatura ha analizado los tr\u00e1mites vinculados a la ejecuci\u00f3n de una mudanza en Barcelona.<\/a> <\/strong>En especial, ha investigado los <a href=\"https:\/\/seuelectronica.ajuntament.barcelona.cat\/oficinavirtual\/ca\/tramit\/20200001422\" target=\"_blank\" rel=\"noreferrer noopener\" class=\"ek-link\">permisos de ocupaci\u00f3n del espacio p\u00fablico<\/a>, las tasas exigidas, y los derechos vinculados.<\/p>\n\n\n\n<p><strong><span style=\"text-decoration: underline;\" class=\"ek-underline\"><span class=\"uppercase\">Qu\u00e9 modalidad de mudanzas se pueden hacer<\/span><\/span><\/strong><\/p>\n\n\n\n<p class=\"has-text-align-justify\">El Ayuntamiento distingue entre dos modalidades: la enterada y la no enterada.<\/p>\n\n\n\n<p class=\"has-text-align-justify\">La <strong>enterada<\/strong> es la que se lleva a cabo con veh\u00edculos de inferior volumen. Esta tipolog\u00eda acostumbra a realizarla la ciudadan\u00eda mediante <strong>recursos propios<\/strong> y genera el <strong>pago de una tasa: la tasa de ocupaci\u00f3n del espacio p\u00fablico. No implica reserva de estacionamiento.<\/strong><\/p>\n\n\n\n<p class=\"has-text-align-justify\">La <strong>no enterada es la que requiere los servicios de una empresa<\/strong>, puesto que se utilizan elementos t\u00e9cnicos como gr\u00faas elevadoras y pueden afectar el tr\u00e1fico. <strong>Exige<\/strong> el pago de la <a href=\"https:\/\/identitats-dr.aoc.cat\/o\/oauth2\/auth?lang=ca&amp;approval_prompt=auto&amp;access_type=online&amp;response_type=code&amp;client_id=tramits.ajbcn_2.cat&amp;redirect_uri=https:\/\/seuelectronica.ajuntament.barcelona.cat\/valid\/auth\/2\/&amp;scope=autenticacio_usuari&amp;state\" target=\"_blank\" rel=\"noreferrer noopener\" class=\"ek-link\">tasa de ocupaci\u00f3n del espacio p\u00fablico<\/a>, la <a href=\"https:\/\/seuelectronica.ajuntament.barcelona.cat\/oficinavirtual\/ca\/tramit\/20160001210\" target=\"_blank\" rel=\"noreferrer noopener\" class=\"ek-link\">tasa por tramitaci\u00f3n de permiso de ocupaci\u00f3n del espacio p\u00fablico<\/a>, y si fuera el caso, deber\u00eda abonar la prestaci\u00f3n de servicios de la Guardia Urbana (si se tiene que cortar la calle). <strong>Incluye reserva de estacionamiento previa se\u00f1alizaci\u00f3n.<\/strong><\/p>\n\n\n\n<p><strong><span style=\"text-decoration: underline;\" class=\"ek-underline\"><span class=\"uppercase\">La informaci\u00f3n sobre mudanzas a disposici\u00f3n de la ciudadan\u00eda<\/span><\/span><\/strong><\/p>\n\n\n\n<p class=\"has-text-align-justify\">La ciudadana que ha presentado una queja a la Sindicatura llev\u00f3 a cabo una mudanza enterada, con la expectativa de disponer de una reserva de estacionamiento. Las personas promotoras de las quejas mostraron c\u00f3mo <strong>la informaci\u00f3n municipal disponible en el momento de la tramitaci\u00f3n no aclaraba este aspecto<\/strong>.<\/p>\n\n\n\n<p class=\"has-text-align-justify\">Despu\u00e9s de analizar el <a href=\"https:\/\/seuelectronica.ajuntament.barcelona.cat\/oficinavirtual\/ca\/tramit\/20160001210\" target=\"_blank\" rel=\"noreferrer noopener\" class=\"ek-link\">Portal de Tr\u00e1mites municipal<\/a>, la <a href=\"https:\/\/www.sindicaturabarcelona.cat\/es\/\" target=\"_blank\" aria-label=\"Sindicatura de Greuges de Barcelona (opens in a new tab)\" rel=\"noreferrer noopener\" class=\"ek-link\">Sindicatura de Greuges de Barcelona<\/a> constat\u00f3 que esta herramienta solo detallaba la forma de tramitaci\u00f3n, pero no dec\u00eda nada sobre la manera c\u00f3mo se ten\u00edan que llevar a cabo los trabajos en el espacio p\u00fablico.<\/p>\n\n\n\n<p class=\"has-text-align-justify\">En esta l\u00ednea, <strong>uno de los problemas vinculados a los tr\u00e1mites para hacer una mudanza es la insuficiente informaci\u00f3n en el web municipal<\/strong>. La Sindicatura pone de manifiesto que la ciudadan\u00eda acostumbra a hacer las mudanzas enteradas con recursos propios y, por lo tanto, es necesario que disponga de toda la informaci\u00f3n para ejecutarla en \u00f3ptimas condiciones.<\/p>\n\n\n\n<p class=\"has-text-align-justify\"><strong>A ra\u00edz de la actuaci\u00f3n de la Sindicatura, el Ayuntamiento ha sido consciente de este hecho y, desde octubre de 2022, ha ampliado la informaci\u00f3n en el Portal de Tr\u00e1mites<\/strong>, que ya aclara la posibilidad de reserva de estacionamiento seg\u00fan modalidad de mudanza, y c\u00f3mo se debe llevar a cabo.<\/p>\n\n\n\n<p><strong><span style=\"text-decoration: underline;\" class=\"ek-underline\"><span class=\"uppercase\">Derechos generados por la tasa de ocupaci\u00f3n del espacio p\u00fablico<\/span><\/span><\/strong><\/p>\n\n\n\n<p class=\"has-text-align-justify\">Teniendo en cuenta que la autorizaci\u00f3n de mudanza enterada genera una tasa de ocupaci\u00f3n del espacio p\u00fablico, la ciudadan\u00eda podr\u00eda entender que tiene garantizado el uso del espacio p\u00fablico necesario para llevar a cabo la mudanza. Como por ejemplo podr\u00edan ser el uso de la acera y un estacionamiento pr\u00f3ximo.<\/p>\n\n\n\n<p><strong>Sin embargo, esta tasa no garantiza un estacionamiento pr\u00f3ximo, sino que \u00fanicamente autoriza a<\/strong> aparcar en las plazas pr\u00f3ximas sin abonar el precio, siempre que est\u00e9n disponibles.<\/p>\n\n\n\n<p class=\"has-text-align-justify\">Si se analiza la <a href=\"https:\/\/bcnroc.ajuntament.barcelona.cat\/jspui\/bitstream\/11703\/88844\/8\/12767.pdf\" target=\"_blank\" rel=\"noreferrer noopener\" class=\"ek-link\">Ordenanza fiscal general<\/a>, esta establece que el hecho imponible de las tasas municipales es la utilizaci\u00f3n privativa del dominio p\u00fablico que beneficie la persona obligada a pagar el tributo.<\/p>\n\n\n\n<p class=\"has-text-align-justify\"><strong>En el caso de la tasa analizada, la Sindicatura considera que el hecho imponible es la ocupaci\u00f3n del espacio p\u00fablico necesario para hacer la mudanza. Consecuentemente, entiende que si no se produce esta ocupaci\u00f3n, no nace la obligaci\u00f3n tributaria.<\/strong><\/p>\n\n\n\n<p class=\"has-text-align-justify\">Tambi\u00e9n se ha profundizado en la <a href=\"https:\/\/ajuntament.barcelona.cat\/transparencia\/sites\/default\/files\/38_text_sotmes_of_3_10.pdf\" target=\"_blank\" aria-label=\" (opens in a new tab)\" rel=\"noreferrer noopener\" class=\"ek-link\">Ordenanza fiscal 3.10, de tasas para la utilizaci\u00f3n privativa del dominio p\u00fablico municipal<\/a>. De esta Ordenanza se desprende que la tasa da derecho a utilizar el espacio p\u00fablico para tareas de carga y descarga, <strong>pero el Ayuntamiento hace una interpretaci\u00f3n m\u00e1s restrictiva y no permite la reserva previa de estacionamiento.<\/strong><\/p>\n\n\n\n<p class=\"has-text-align-justify\"><strong>La Sindicatura comprende que la ciudadan\u00eda tenga la percepci\u00f3n leg\u00edtima que no ha hecho un uso privativo del espacio p\u00fablico<\/strong>, puesto que llevan a cabo las mudanzas enteradas de manera precaria y sin una zona de estacionamiento que permita ejecutar el trabajo con comodidad.<\/p>\n\n\n\n<p><strong><span style=\"text-decoration: underline;\" class=\"ek-underline\"><span class=\"uppercase\">Comparaci\u00f3n del importe de las tasas de mudanzas enteradas y no enteradas<\/span><\/span><\/strong><\/p>\n\n\n\n<p class=\"has-text-align-justify\">Seg\u00fan la informaci\u00f3n del Portal de Tr\u00e1mites, <strong>el importe de la tasa vinculada a una mudanza no enterada es de 40,79 euros<\/strong>. <strong>Adem\u00e1s de la reserva de estacionamiento, el pago de esta tasa permite ocupar la acera e, incluso, la calzada<\/strong>. Adem\u00e1s de este pago, en las mudanzas no enteradas tambi\u00e9n se debe abonar <a href=\"https:\/\/seuelectronica.ajuntament.barcelona.cat\/oficinavirtual\/ca\/tramit\/20160001210\" target=\"_blank\" rel=\"noreferrer noopener\" class=\"ek-link\">la tasa por tramitaci\u00f3n de permiso de ocupaci\u00f3n del espacio p\u00fablico<\/a>.<\/p>\n\n\n\n<p class=\"has-text-align-justify\">La persona promotora de la queja detall\u00f3 que ella <strong>hab\u00eda pagado 44,70 euros en la tasa vinculada a una mudanza enterada<\/strong>. Hay que recordar que esta tasa no garantiza de manera efectiva el derecho a ocupar el espacio p\u00fablico para estacionar el veh\u00edculo.<\/p>\n\n\n\n<p class=\"has-text-align-justify\">Finalmente, si solo valoramos el abono de la tasa de permiso de ocupaci\u00f3n del espacio p\u00fablico (requisito para las dos tipolog\u00edas de mudanzas), <strong>la Sindicatura concluye que es poco proporcional y coherente que los permisos de una mudanza no enterada tengan un importe m\u00e1s bajo y ofrezcan unos derechos muy superiores sobre el espacio p\u00fablico.<\/strong><\/p>\n","protected":false},"excerpt":{"rendered":"<p>A ra\u00edz de varias quejas ciudadanas, y constatando que se trata de una problem\u00e1tica generalizada en la ciudad, la Sindicatura ha analizado los tr\u00e1mites vinculados a la ejecuci\u00f3n de una [&hellip;]<\/p>\n","protected":false},"author":3,"featured_media":18840,"comment_status":"closed","ping_status":"open","sticky":false,"template":"","format":"standard","meta":{"_acf_changed":false,"footnotes":""},"tags":[],"drets":[],"class_list":["post-15617","post","type-post","status-publish","format-standard","has-post-thumbnail","hentry"],"acf":[],"yoast_head":"<!-- This site is optimized with the Yoast SEO plugin v27.5 - https:\/\/yoast.com\/product\/yoast-seo-wordpress\/ -->\n<title>Qu\u00e9 derechos otorgan los tr\u00e1mites vinculados a una mudanza en la ciudad de Barcelona - Sindicatura de Greuges de Barcelona<\/title>\n<meta name=\"description\" content=\"Constatando que se trata de una problem\u00e1tica generalizada en la ciudad, la Sindicatura ha analizado los tr\u00e1mites vinculados a una mudanza...\" \/>\n<meta name=\"robots\" content=\"index, follow, max-snippet:-1, max-image-preview:large, max-video-preview:-1\" \/>\n<link rel=\"canonical\" href=\"https:\/\/www.sindicaturabarcelona.cat\/es\/que-derechos-otorgan-los-tramites-vinculados-a-una-mudanza-en-la-ciudad-de-barcelona\/\" \/>\n<meta property=\"og:locale\" content=\"es_ES\" \/>\n<meta property=\"og:type\" content=\"article\" \/>\n<meta property=\"og:title\" content=\"Qu\u00e9 derechos otorgan los tr\u00e1mites vinculados a una mudanza en la ciudad de Barcelona - Sindicatura de Greuges de Barcelona\" \/>\n<meta property=\"og:description\" content=\"Constatando que se trata de una problem\u00e1tica generalizada en la ciudad, la Sindicatura ha analizado los tr\u00e1mites vinculados a una mudanza...\" \/>\n<meta property=\"og:url\" content=\"https:\/\/www.sindicaturabarcelona.cat\/es\/que-derechos-otorgan-los-tramites-vinculados-a-una-mudanza-en-la-ciudad-de-barcelona\/\" \/>\n<meta property=\"og:site_name\" content=\"Sindicatura de Greuges de Barcelona\" \/>\n<meta property=\"article:published_time\" content=\"2022-12-22T22:02:00+00:00\" \/>\n<meta property=\"article:modified_time\" content=\"2023-03-21T11:44:46+00:00\" \/>\n<meta property=\"og:image\" content=\"https:\/\/www.sindicaturabarcelona.cat\/wp-content\/uploads\/Mudanca.jpg\" \/>\n\t<meta property=\"og:image:width\" content=\"1024\" \/>\n\t<meta property=\"og:image:height\" content=\"576\" \/>\n\t<meta property=\"og:image:type\" content=\"image\/jpeg\" \/>\n<meta name=\"author\" content=\"pimpampum\" \/>\n<meta name=\"twitter:card\" content=\"summary_large_image\" \/>\n<meta name=\"twitter:creator\" content=\"@sindicbarcelona\" \/>\n<meta name=\"twitter:site\" content=\"@sindicbarcelona\" \/>\n<meta name=\"twitter:label1\" content=\"Escrito por\" \/>\n\t<meta name=\"twitter:data1\" content=\"pimpampum\" \/>\n\t<meta name=\"twitter:label2\" content=\"Tiempo de lectura\" \/>\n\t<meta name=\"twitter:data2\" content=\"5 minutos\" \/>\n<script type=\"application\/ld+json\" class=\"yoast-schema-graph\">{\"@context\":\"https:\\\/\\\/schema.org\",\"@graph\":[{\"@type\":\"Article\",\"@id\":\"https:\\\/\\\/www.sindicaturabarcelona.cat\\\/es\\\/que-derechos-otorgan-los-tramites-vinculados-a-una-mudanza-en-la-ciudad-de-barcelona\\\/#article\",\"isPartOf\":{\"@id\":\"https:\\\/\\\/www.sindicaturabarcelona.cat\\\/es\\\/que-derechos-otorgan-los-tramites-vinculados-a-una-mudanza-en-la-ciudad-de-barcelona\\\/\"},\"author\":{\"name\":\"pimpampum\",\"@id\":\"https:\\\/\\\/www.sindicaturabarcelona.cat\\\/es\\\/#\\\/schema\\\/person\\\/c59ed89663074658008f0ca9a8865afd\"},\"headline\":\"Qu\u00e9 derechos otorgan los tr\u00e1mites vinculados a una mudanza en la ciudad de Barcelona\",\"datePublished\":\"2022-12-22T22:02:00+00:00\",\"dateModified\":\"2023-03-21T11:44:46+00:00\",\"mainEntityOfPage\":{\"@id\":\"https:\\\/\\\/www.sindicaturabarcelona.cat\\\/es\\\/que-derechos-otorgan-los-tramites-vinculados-a-una-mudanza-en-la-ciudad-de-barcelona\\\/\"},\"wordCount\":936,\"publisher\":{\"@id\":\"https:\\\/\\\/www.sindicaturabarcelona.cat\\\/es\\\/#organization\"},\"image\":{\"@id\":\"https:\\\/\\\/www.sindicaturabarcelona.cat\\\/es\\\/que-derechos-otorgan-los-tramites-vinculados-a-una-mudanza-en-la-ciudad-de-barcelona\\\/#primaryimage\"},\"thumbnailUrl\":\"https:\\\/\\\/www.sindicaturabarcelona.cat\\\/wp-content\\\/uploads\\\/Mudanca.jpg\",\"articleSection\":[\"Buen gobierno\",\"Espacio p\u00fablico\"],\"inLanguage\":\"es\"},{\"@type\":\"WebPage\",\"@id\":\"https:\\\/\\\/www.sindicaturabarcelona.cat\\\/es\\\/que-derechos-otorgan-los-tramites-vinculados-a-una-mudanza-en-la-ciudad-de-barcelona\\\/\",\"url\":\"https:\\\/\\\/www.sindicaturabarcelona.cat\\\/es\\\/que-derechos-otorgan-los-tramites-vinculados-a-una-mudanza-en-la-ciudad-de-barcelona\\\/\",\"name\":\"Qu\u00e9 derechos otorgan los tr\u00e1mites vinculados a una mudanza en la ciudad de Barcelona - Sindicatura de Greuges de Barcelona\",\"isPartOf\":{\"@id\":\"https:\\\/\\\/www.sindicaturabarcelona.cat\\\/es\\\/#website\"},\"primaryImageOfPage\":{\"@id\":\"https:\\\/\\\/www.sindicaturabarcelona.cat\\\/es\\\/que-derechos-otorgan-los-tramites-vinculados-a-una-mudanza-en-la-ciudad-de-barcelona\\\/#primaryimage\"},\"image\":{\"@id\":\"https:\\\/\\\/www.sindicaturabarcelona.cat\\\/es\\\/que-derechos-otorgan-los-tramites-vinculados-a-una-mudanza-en-la-ciudad-de-barcelona\\\/#primaryimage\"},\"thumbnailUrl\":\"https:\\\/\\\/www.sindicaturabarcelona.cat\\\/wp-content\\\/uploads\\\/Mudanca.jpg\",\"datePublished\":\"2022-12-22T22:02:00+00:00\",\"dateModified\":\"2023-03-21T11:44:46+00:00\",\"description\":\"Constatando que se trata de una problem\u00e1tica generalizada en la ciudad, la Sindicatura ha analizado los tr\u00e1mites vinculados a una mudanza...\",\"breadcrumb\":{\"@id\":\"https:\\\/\\\/www.sindicaturabarcelona.cat\\\/es\\\/que-derechos-otorgan-los-tramites-vinculados-a-una-mudanza-en-la-ciudad-de-barcelona\\\/#breadcrumb\"},\"inLanguage\":\"es\",\"potentialAction\":[{\"@type\":\"ReadAction\",\"target\":[\"https:\\\/\\\/www.sindicaturabarcelona.cat\\\/es\\\/que-derechos-otorgan-los-tramites-vinculados-a-una-mudanza-en-la-ciudad-de-barcelona\\\/\"]}]},{\"@type\":\"ImageObject\",\"inLanguage\":\"es\",\"@id\":\"https:\\\/\\\/www.sindicaturabarcelona.cat\\\/es\\\/que-derechos-otorgan-los-tramites-vinculados-a-una-mudanza-en-la-ciudad-de-barcelona\\\/#primaryimage\",\"url\":\"https:\\\/\\\/www.sindicaturabarcelona.cat\\\/wp-content\\\/uploads\\\/Mudanca.jpg\",\"contentUrl\":\"https:\\\/\\\/www.sindicaturabarcelona.cat\\\/wp-content\\\/uploads\\\/Mudanca.jpg\",\"width\":1024,\"height\":576},{\"@type\":\"BreadcrumbList\",\"@id\":\"https:\\\/\\\/www.sindicaturabarcelona.cat\\\/es\\\/que-derechos-otorgan-los-tramites-vinculados-a-una-mudanza-en-la-ciudad-de-barcelona\\\/#breadcrumb\",\"itemListElement\":[{\"@type\":\"ListItem\",\"position\":1,\"name\":\"Inici\",\"item\":\"https:\\\/\\\/www.sindicaturabarcelona.cat\\\/es\\\/\"},{\"@type\":\"ListItem\",\"position\":2,\"name\":\"Qu\u00e9 derechos otorgan los tr\u00e1mites vinculados a una mudanza en la ciudad de Barcelona\"}]},{\"@type\":\"WebSite\",\"@id\":\"https:\\\/\\\/www.sindicaturabarcelona.cat\\\/es\\\/#website\",\"url\":\"https:\\\/\\\/www.sindicaturabarcelona.cat\\\/es\\\/\",\"name\":\"Sindicatura de Greuges de Barcelona\",\"description\":\"La defensoria dels teus drets\",\"publisher\":{\"@id\":\"https:\\\/\\\/www.sindicaturabarcelona.cat\\\/es\\\/#organization\"},\"potentialAction\":[{\"@type\":\"SearchAction\",\"target\":{\"@type\":\"EntryPoint\",\"urlTemplate\":\"https:\\\/\\\/www.sindicaturabarcelona.cat\\\/es\\\/?s={search_term_string}\"},\"query-input\":{\"@type\":\"PropertyValueSpecification\",\"valueRequired\":true,\"valueName\":\"search_term_string\"}}],\"inLanguage\":\"es\"},{\"@type\":\"Organization\",\"@id\":\"https:\\\/\\\/www.sindicaturabarcelona.cat\\\/es\\\/#organization\",\"name\":\"Sindicatura de Greuges de Barcelona\",\"url\":\"https:\\\/\\\/www.sindicaturabarcelona.cat\\\/es\\\/\",\"logo\":{\"@type\":\"ImageObject\",\"inLanguage\":\"es\",\"@id\":\"https:\\\/\\\/www.sindicaturabarcelona.cat\\\/es\\\/#\\\/schema\\\/logo\\\/image\\\/\",\"url\":\"https:\\\/\\\/www.sindicaturabarcelona.cat\\\/wp-content\\\/uploads\\\/2023\\\/02\\\/logo_sindicatura.svg\",\"contentUrl\":\"https:\\\/\\\/www.sindicaturabarcelona.cat\\\/wp-content\\\/uploads\\\/2023\\\/02\\\/logo_sindicatura.svg\",\"caption\":\"Sindicatura de Greuges de Barcelona\"},\"image\":{\"@id\":\"https:\\\/\\\/www.sindicaturabarcelona.cat\\\/es\\\/#\\\/schema\\\/logo\\\/image\\\/\"},\"sameAs\":[\"https:\\\/\\\/x.com\\\/sindicbarcelona\",\"https:\\\/\\\/www.instagram.com\\\/sindicbarcelona\\\/\",\"https:\\\/\\\/www.tiktok.com\\\/@sindicaturabcn\",\"https:\\\/\\\/t.me\\\/sindicaturabarcelona\"]},{\"@type\":\"Person\",\"@id\":\"https:\\\/\\\/www.sindicaturabarcelona.cat\\\/es\\\/#\\\/schema\\\/person\\\/c59ed89663074658008f0ca9a8865afd\",\"name\":\"pimpampum\",\"image\":{\"@type\":\"ImageObject\",\"inLanguage\":\"es\",\"@id\":\"https:\\\/\\\/secure.gravatar.com\\\/avatar\\\/0d03f560c3fabe6b313e752c4968ec2013544e170b12d7d70838d2667cf54815?s=96&d=mm&r=g\",\"url\":\"https:\\\/\\\/secure.gravatar.com\\\/avatar\\\/0d03f560c3fabe6b313e752c4968ec2013544e170b12d7d70838d2667cf54815?s=96&d=mm&r=g\",\"contentUrl\":\"https:\\\/\\\/secure.gravatar.com\\\/avatar\\\/0d03f560c3fabe6b313e752c4968ec2013544e170b12d7d70838d2667cf54815?s=96&d=mm&r=g\",\"caption\":\"pimpampum\"},\"url\":\"https:\\\/\\\/www.sindicaturabarcelona.cat\\\/es\\\/author\\\/pimpampum\\\/\"}]}<\/script>\n<!-- \/ Yoast SEO plugin. -->","yoast_head_json":{"title":"Qu\u00e9 derechos otorgan los tr\u00e1mites vinculados a una mudanza en la ciudad de Barcelona - Sindicatura de Greuges de Barcelona","description":"Constatando que se trata de una problem\u00e1tica generalizada en la ciudad, la Sindicatura ha analizado los tr\u00e1mites vinculados a una mudanza...","robots":{"index":"index","follow":"follow","max-snippet":"max-snippet:-1","max-image-preview":"max-image-preview:large","max-video-preview":"max-video-preview:-1"},"canonical":"https:\/\/www.sindicaturabarcelona.cat\/es\/que-derechos-otorgan-los-tramites-vinculados-a-una-mudanza-en-la-ciudad-de-barcelona\/","og_locale":"es_ES","og_type":"article","og_title":"Qu\u00e9 derechos otorgan los tr\u00e1mites vinculados a una mudanza en la ciudad de Barcelona - Sindicatura de Greuges de Barcelona","og_description":"Constatando que se trata de una problem\u00e1tica generalizada en la ciudad, la Sindicatura ha analizado los tr\u00e1mites vinculados a una mudanza...","og_url":"https:\/\/www.sindicaturabarcelona.cat\/es\/que-derechos-otorgan-los-tramites-vinculados-a-una-mudanza-en-la-ciudad-de-barcelona\/","og_site_name":"Sindicatura de Greuges de Barcelona","article_published_time":"2022-12-22T22:02:00+00:00","article_modified_time":"2023-03-21T11:44:46+00:00","og_image":[{"width":1024,"height":576,"url":"https:\/\/www.sindicaturabarcelona.cat\/wp-content\/uploads\/Mudanca.jpg","type":"image\/jpeg"}],"author":"pimpampum","twitter_card":"summary_large_image","twitter_creator":"@sindicbarcelona","twitter_site":"@sindicbarcelona","twitter_misc":{"Escrito por":"pimpampum","Tiempo de lectura":"5 minutos"},"schema":{"@context":"https:\/\/schema.org","@graph":[{"@type":"Article","@id":"https:\/\/www.sindicaturabarcelona.cat\/es\/que-derechos-otorgan-los-tramites-vinculados-a-una-mudanza-en-la-ciudad-de-barcelona\/#article","isPartOf":{"@id":"https:\/\/www.sindicaturabarcelona.cat\/es\/que-derechos-otorgan-los-tramites-vinculados-a-una-mudanza-en-la-ciudad-de-barcelona\/"},"author":{"name":"pimpampum","@id":"https:\/\/www.sindicaturabarcelona.cat\/es\/#\/schema\/person\/c59ed89663074658008f0ca9a8865afd"},"headline":"Qu\u00e9 derechos otorgan los tr\u00e1mites vinculados a una mudanza en la ciudad de Barcelona","datePublished":"2022-12-22T22:02:00+00:00","dateModified":"2023-03-21T11:44:46+00:00","mainEntityOfPage":{"@id":"https:\/\/www.sindicaturabarcelona.cat\/es\/que-derechos-otorgan-los-tramites-vinculados-a-una-mudanza-en-la-ciudad-de-barcelona\/"},"wordCount":936,"publisher":{"@id":"https:\/\/www.sindicaturabarcelona.cat\/es\/#organization"},"image":{"@id":"https:\/\/www.sindicaturabarcelona.cat\/es\/que-derechos-otorgan-los-tramites-vinculados-a-una-mudanza-en-la-ciudad-de-barcelona\/#primaryimage"},"thumbnailUrl":"https:\/\/www.sindicaturabarcelona.cat\/wp-content\/uploads\/Mudanca.jpg","articleSection":["Buen gobierno","Espacio p\u00fablico"],"inLanguage":"es"},{"@type":"WebPage","@id":"https:\/\/www.sindicaturabarcelona.cat\/es\/que-derechos-otorgan-los-tramites-vinculados-a-una-mudanza-en-la-ciudad-de-barcelona\/","url":"https:\/\/www.sindicaturabarcelona.cat\/es\/que-derechos-otorgan-los-tramites-vinculados-a-una-mudanza-en-la-ciudad-de-barcelona\/","name":"Qu\u00e9 derechos otorgan los tr\u00e1mites vinculados a una mudanza en la ciudad de Barcelona - Sindicatura de Greuges de Barcelona","isPartOf":{"@id":"https:\/\/www.sindicaturabarcelona.cat\/es\/#website"},"primaryImageOfPage":{"@id":"https:\/\/www.sindicaturabarcelona.cat\/es\/que-derechos-otorgan-los-tramites-vinculados-a-una-mudanza-en-la-ciudad-de-barcelona\/#primaryimage"},"image":{"@id":"https:\/\/www.sindicaturabarcelona.cat\/es\/que-derechos-otorgan-los-tramites-vinculados-a-una-mudanza-en-la-ciudad-de-barcelona\/#primaryimage"},"thumbnailUrl":"https:\/\/www.sindicaturabarcelona.cat\/wp-content\/uploads\/Mudanca.jpg","datePublished":"2022-12-22T22:02:00+00:00","dateModified":"2023-03-21T11:44:46+00:00","description":"Constatando que se trata de una problem\u00e1tica generalizada en la ciudad, la Sindicatura ha analizado los tr\u00e1mites vinculados a una mudanza...","breadcrumb":{"@id":"https:\/\/www.sindicaturabarcelona.cat\/es\/que-derechos-otorgan-los-tramites-vinculados-a-una-mudanza-en-la-ciudad-de-barcelona\/#breadcrumb"},"inLanguage":"es","potentialAction":[{"@type":"ReadAction","target":["https:\/\/www.sindicaturabarcelona.cat\/es\/que-derechos-otorgan-los-tramites-vinculados-a-una-mudanza-en-la-ciudad-de-barcelona\/"]}]},{"@type":"ImageObject","inLanguage":"es","@id":"https:\/\/www.sindicaturabarcelona.cat\/es\/que-derechos-otorgan-los-tramites-vinculados-a-una-mudanza-en-la-ciudad-de-barcelona\/#primaryimage","url":"https:\/\/www.sindicaturabarcelona.cat\/wp-content\/uploads\/Mudanca.jpg","contentUrl":"https:\/\/www.sindicaturabarcelona.cat\/wp-content\/uploads\/Mudanca.jpg","width":1024,"height":576},{"@type":"BreadcrumbList","@id":"https:\/\/www.sindicaturabarcelona.cat\/es\/que-derechos-otorgan-los-tramites-vinculados-a-una-mudanza-en-la-ciudad-de-barcelona\/#breadcrumb","itemListElement":[{"@type":"ListItem","position":1,"name":"Inici","item":"https:\/\/www.sindicaturabarcelona.cat\/es\/"},{"@type":"ListItem","position":2,"name":"Qu\u00e9 derechos otorgan los tr\u00e1mites vinculados a una mudanza en la ciudad de Barcelona"}]},{"@type":"WebSite","@id":"https:\/\/www.sindicaturabarcelona.cat\/es\/#website","url":"https:\/\/www.sindicaturabarcelona.cat\/es\/","name":"Sindicatura de Greuges de Barcelona","description":"La defensoria dels teus drets","publisher":{"@id":"https:\/\/www.sindicaturabarcelona.cat\/es\/#organization"},"potentialAction":[{"@type":"SearchAction","target":{"@type":"EntryPoint","urlTemplate":"https:\/\/www.sindicaturabarcelona.cat\/es\/?s={search_term_string}"},"query-input":{"@type":"PropertyValueSpecification","valueRequired":true,"valueName":"search_term_string"}}],"inLanguage":"es"},{"@type":"Organization","@id":"https:\/\/www.sindicaturabarcelona.cat\/es\/#organization","name":"Sindicatura de Greuges de Barcelona","url":"https:\/\/www.sindicaturabarcelona.cat\/es\/","logo":{"@type":"ImageObject","inLanguage":"es","@id":"https:\/\/www.sindicaturabarcelona.cat\/es\/#\/schema\/logo\/image\/","url":"https:\/\/www.sindicaturabarcelona.cat\/wp-content\/uploads\/2023\/02\/logo_sindicatura.svg","contentUrl":"https:\/\/www.sindicaturabarcelona.cat\/wp-content\/uploads\/2023\/02\/logo_sindicatura.svg","caption":"Sindicatura de Greuges de Barcelona"},"image":{"@id":"https:\/\/www.sindicaturabarcelona.cat\/es\/#\/schema\/logo\/image\/"},"sameAs":["https:\/\/x.com\/sindicbarcelona","https:\/\/www.instagram.com\/sindicbarcelona\/","https:\/\/www.tiktok.com\/@sindicaturabcn","https:\/\/t.me\/sindicaturabarcelona"]},{"@type":"Person","@id":"https:\/\/www.sindicaturabarcelona.cat\/es\/#\/schema\/person\/c59ed89663074658008f0ca9a8865afd","name":"pimpampum","image":{"@type":"ImageObject","inLanguage":"es","@id":"https:\/\/secure.gravatar.com\/avatar\/0d03f560c3fabe6b313e752c4968ec2013544e170b12d7d70838d2667cf54815?s=96&d=mm&r=g","url":"https:\/\/secure.gravatar.com\/avatar\/0d03f560c3fabe6b313e752c4968ec2013544e170b12d7d70838d2667cf54815?s=96&d=mm&r=g","contentUrl":"https:\/\/secure.gravatar.com\/avatar\/0d03f560c3fabe6b313e752c4968ec2013544e170b12d7d70838d2667cf54815?s=96&d=mm&r=g","caption":"pimpampum"},"url":"https:\/\/www.sindicaturabarcelona.cat\/es\/author\/pimpampum\/"}]}},"_links":{"self":[{"href":"https:\/\/www.sindicaturabarcelona.cat\/es\/wp-json\/wp\/v2\/posts\/15617","targetHints":{"allow":["GET"]}}],"collection":[{"href":"https:\/\/www.sindicaturabarcelona.cat\/es\/wp-json\/wp\/v2\/posts"}],"about":[{"href":"https:\/\/www.sindicaturabarcelona.cat\/es\/wp-json\/wp\/v2\/types\/post"}],"author":[{"embeddable":true,"href":"https:\/\/www.sindicaturabarcelona.cat\/es\/wp-json\/wp\/v2\/users\/3"}],"replies":[{"embeddable":true,"href":"https:\/\/www.sindicaturabarcelona.cat\/es\/wp-json\/wp\/v2\/comments?post=15617"}],"version-history":[{"count":0,"href":"https:\/\/www.sindicaturabarcelona.cat\/es\/wp-json\/wp\/v2\/posts\/15617\/revisions"}],"wp:featuredmedia":[{"embeddable":true,"href":"https:\/\/www.sindicaturabarcelona.cat\/es\/wp-json\/wp\/v2\/media\/18840"}],"wp:attachment":[{"href":"https:\/\/www.sindicaturabarcelona.cat\/es\/wp-json\/wp\/v2\/media?parent=15617"}],"wp:term":[{"taxonomy":"post_tag","embeddable":true,"href":"https:\/\/www.sindicaturabarcelona.cat\/es\/wp-json\/wp\/v2\/tags?post=15617"},{"taxonomy":"drets","embeddable":true,"href":"https:\/\/www.sindicaturabarcelona.cat\/es\/wp-json\/wp\/v2\/drets?post=15617"}],"curies":[{"name":"wp","href":"https:\/\/api.w.org\/{rel}","templated":true}]}}