{"id":15519,"date":"2022-11-25T09:00:00","date_gmt":"2022-11-25T07:00:00","guid":{"rendered":"https:\/\/www.sindicaturabarcelona.cat\/?p=15519"},"modified":"2022-11-25T10:39:24","modified_gmt":"2022-11-25T08:39:24","slug":"la-sindicatura-esta-preocupada-por-la-falta-de-monitores-de-apoyo-en-las-actividades-para-infancia-con-diversidad-funcional","status":"publish","type":"post","link":"https:\/\/www.sindicaturabarcelona.cat\/es\/la-sindicatura-esta-preocupada-por-la-falta-de-monitores-de-apoyo-en-las-actividades-para-infancia-con-diversidad-funcional\/","title":{"rendered":"La Sindicatura est\u00e1 preocupada por la falta de monitores de apoyo en las actividades para infancia con diversidad funcional"},"content":{"rendered":"\n<p class=\"has-text-align-justify\">A ra\u00edz de una queja ciudadana, la Sindicatura de Greuges <a href=\"https:\/\/www.sindicaturabarcelona.cat\/wp-content\/uploads\/2022\/11\/11_Dret-accessibilitat-i-inclusivitat-2.pdf\" target=\"_blank\" rel=\"noreferrer noopener\" class=\"ek-link\">ha analizado la carencia de monitores y monitoras de apoyo en las actividades para infancia con diversidad funcional, y ha trasladado al Institut Barcelona Esports (IBE) una serie de recomendaciones para que no se vulneren los derechos de estas personas.<\/a><\/p>\n\n\n\n<p><strong><span style=\"text-decoration: underline;\" class=\"ek-underline\">Sin monitores\/as de apoyo en la actividad de piscina<\/span><\/strong><\/p>\n\n\n\n<p class=\"has-text-align-justify\">Una <strong>familia barcelonesa present\u00f3 una queja en la Sindicatura de Greuges para exponer su disconformidad por la no asignaci\u00f3n de monitores\/as de apoyo para su hija en la actividad de piscina<\/strong> de un Centro Deportivo Municipal (CEM) de la ciudad.<\/p>\n\n\n\n<p class=\"has-text-align-justify\">La ni\u00f1a de nueve a\u00f1os tiene reconocida una discapacidad del 41% por un trastorno gen\u00e9tico raro que le genera problemas de desarrollo, de lenguaje y cognitivos. Por este motivo, es necesario un apoyo para llevar a cabo las actividades en iguales condiciones que otras ni\u00f1as y ni\u00f1os de su edad.<\/p>\n\n\n\n<p class=\"has-text-align-justify\">Dispone de <strong>dictamen que reconoce que tiene necesidades educativas especiales (NEE)<\/strong>, por las cuales en el entorno escolar necesita apoyo a la integraci\u00f3n y educaci\u00f3n especial. <strong>Tambi\u00e9n tiene reconocido el derecho a monitor\/a de apoyo en actividades<\/strong> de piscina o los casales de verano del Ayuntamiento de Barcelona.<\/p>\n\n\n\n<p class=\"has-text-align-justify\">Hay constancia que este <strong>no es un caso aislado<\/strong>. Se han hecho p\u00fablicas otras situaciones de ni\u00f1os que no pueden ir a la piscina en horario escolar o no pueden hacer la actividad extraescolar por falta de monitores\/as.<\/p>\n\n\n\n<p><strong><span style=\"text-decoration: underline;\" class=\"ek-underline\">La Sindicatura se dirige al Ayuntamiento<\/span><\/strong><\/p>\n\n\n\n<p class=\"has-text-align-justify\">El IBE ha detallado que <strong>actualmente tienen 265 peticiones de monitorizaci\u00f3n de apoyo en actividades deportivas para ni\u00f1os y ni\u00f1as, de las cuales el 13% est\u00e1 en lista de espera <\/strong>para iniciar el apoyo (229 solicitudes se han cubierto).<\/p>\n\n\n\n<p class=\"has-text-align-justify\"><strong>En cuanto a la tem\u00e1tica concreta de la queja recibida<\/strong>, el IBE ha manifestado que se encuentra con una doble problem\u00e1tica: la entidad organizadora de la actividad no dispone de personal para garantizar la inclusi\u00f3n del ni\u00f1o, y las entidades espec\u00edficas no cuentan con el personal adecuado durante el d\u00eda, la hora y el espacio de la actividad deportiva. El IBE ha asegurado que, en el momento en el que se encuentre el personal adecuado, la ni\u00f1a podr\u00e1 empezar la actividad, pero no hay previsi\u00f3n de cuando se podr\u00e1 resolver la situaci\u00f3n.<\/p>\n\n\n\n<p class=\"has-text-align-justify\">Sin embargo, <strong>la Sindicatura ha insistido en la necesidad de buscar alternativas mientras dure la falta de monitores y monitoras de apoyo<\/strong>. Atendiendo al n\u00famero de personas y familias afectadas (un 13% del total de solicitantes), y mientras se buscan maneras de prever y evitar situaciones como la actual, <strong>es necesario abordar la situaci\u00f3n como urgente y facilitar una soluci\u00f3n provisional, a efectos de no vulnerar los derechos de los ni\u00f1os afectados<\/strong>. Hay que explorar las alternativas que puedan ser viables para ofrecer una soluci\u00f3n; si hace falta, conjuntamente con las familias y el Instituto Municipal de Personas con Discapacidad.<\/p>\n\n\n\n<p><strong><span style=\"text-decoration: underline;\" class=\"ek-underline\">Camino por recorrer en la garant\u00eda de la pr\u00e1ctica deportiva inclusiva<\/span><\/strong><\/p>\n\n\n\n<p class=\"has-text-align-justify\"><strong>La Ley 13\/2014 de accesibilidad define el apoyo personal<\/strong> como la persona preparada para facilitar o garantizar el uso de productos y servicios, la comunicaci\u00f3n o la movilidad a las personas con discapacidad, como por ejemplo el int\u00e9rprete de la lengua de signos, el gu\u00eda int\u00e9rprete o el asistente personal.<\/p>\n\n\n\n<p class=\"has-text-align-justify\">En esta l\u00ednea, la Sindicatura quiere poner \u00e9nfasis en el hecho de que el programa <em>Barcelona Esport Inclou<\/em> hace a\u00f1os que est\u00e1 puesto en marcha. Por lo tanto, se entiende que <strong>deber\u00edan existir los mecanismos necesarios para garantizar la disponibilidad de personas preparadas para apoyar en las actividades deportivas<\/strong> (formaci\u00f3n directa o indirecta de personal, contratos con entidades gestoras de los CEM, subvenciones a entidades organizadoras o espec\u00edficas, etc.).<\/p>\n\n\n\n<p class=\"has-text-align-justify\">Por este motivo, <strong>es necesario impulsar las medidas para ampliar el n\u00famero de personas con la formaci\u00f3n adecuada en monitorizaci\u00f3n de apoyo para ni\u00f1os con diversidad funcional.<\/strong><\/p>\n\n\n\n<p><strong><span style=\"text-decoration: underline;\" class=\"ek-underline\">Hay que mejorar la informaci\u00f3n de estos servicios municipales<\/span><\/strong><\/p>\n\n\n\n<p class=\"has-text-align-justify\">La Ley de accesibilidad tambi\u00e9n establece que las administraciones p\u00fablicas y los proveedores de servicios p\u00fablicos deben informar en sus webs sobre las condiciones de accesibilidad de los servicios que ofrecen y de los medios de apoyo disponibles.<\/p>\n\n\n\n<p>Despu\u00e9s de analizar cu\u00e1l es la informaci\u00f3n municipal que el consistorio aporta a la ciudadan\u00eda y qu\u00e9 comunicaci\u00f3n se ha llevado a cabo con la familia promotora de la queja, la Sindicatura ha concluido que no se est\u00e1 cumpliendo con la Ley 13\/2014 de accesibilidad.<\/p>\n\n\n\n<p class=\"has-text-align-justify\">La Sindicatura considera que la informaci\u00f3n web del CEM objeto de queja no se corresponde con lo que prev\u00e9 la ley, puesto que solo incluye la definici\u00f3n del servicio y la manera de solicitarlo, y no hace referencia a las condiciones de acceso o a la disponibilidad. <strong>Hay que explicitar el funcionamiento del circuito y las posibilidades de obtener una respuesta y acceder al monitor en un periodo de tiempo concreto.<\/strong><\/p>\n\n\n\n<p class=\"has-text-align-justify\">En cuanto al caso concreto, la familia expuso que no dispon\u00eda de informaci\u00f3n directa por parte del <a href=\"https:\/\/ajuntament.barcelona.cat\/esports\/es\" target=\"_blank\" aria-label=\"Institut Barcelona Esports (opens in a new tab)\" rel=\"noreferrer noopener\" class=\"ek-link\">Institut Barcelona Esports<\/a> y que el responsable del CEM no les facilitaba informaci\u00f3n precisa. La investigaci\u00f3n de la Sindicatura constata este hecho, al cual se debe a\u00f1adir que la familia est\u00e1 recibiendo la informaci\u00f3n de manera verbal, una pr\u00e1ctica que puede condicionar el contenido.<\/p>\n\n\n\n<p class=\"has-text-align-justify\">Es importante que las familias afectadas puedan efectuar directamente la solicitud (con los apoyos necesarios cuando sea necesario) y, especialmente, conseguir respuesta escrita, con toda la informaci\u00f3n adecuada. En este sentido, <strong>la defensor\u00eda recomienda al IBE que revise este circuito y que permita a las personas o familias recibir una informaci\u00f3n directa y clara de la situaci\u00f3n.<\/strong><\/p>\n","protected":false},"excerpt":{"rendered":"<p>A ra\u00edz de una queja ciudadana, la Sindicatura de Greuges ha analizado la carencia de monitores y monitoras de apoyo en las actividades para infancia con diversidad funcional, y ha [&hellip;]<\/p>\n","protected":false},"author":2,"featured_media":15517,"comment_status":"closed","ping_status":"open","sticky":false,"template":"","format":"standard","meta":{"_acf_changed":false,"footnotes":""},"tags":[],"drets":[1475,1477],"class_list":["post-15519","post","type-post","status-publish","format-standard","has-post-thumbnail","hentry","drets-ciudad-equitativa","drets-ciudad-habitable-y-sostenible"],"acf":[],"yoast_head":"<!-- This site is optimized with the Yoast SEO plugin v27.5 - https:\/\/yoast.com\/product\/yoast-seo-wordpress\/ -->\n<title>La Sindicatura est\u00e1 preocupada por la falta de monitores de apoyo en las actividades para infancia con diversidad funcional - Sindicatura de Greuges de Barcelona<\/title>\n<meta name=\"description\" content=\"Una familia barcelonesa present\u00f3 una queja en la Sindicatura de Greuges para exponer su disconformidad por la no asignaci\u00f3n de monitores...\" \/>\n<meta name=\"robots\" content=\"index, follow, max-snippet:-1, max-image-preview:large, max-video-preview:-1\" \/>\n<link rel=\"canonical\" href=\"https:\/\/www.sindicaturabarcelona.cat\/es\/la-sindicatura-esta-preocupada-por-la-falta-de-monitores-de-apoyo-en-las-actividades-para-infancia-con-diversidad-funcional\/\" \/>\n<meta property=\"og:locale\" content=\"es_ES\" \/>\n<meta property=\"og:type\" content=\"article\" \/>\n<meta property=\"og:title\" content=\"La Sindicatura est\u00e1 preocupada por la falta de monitores de apoyo en las actividades para infancia con diversidad funcional - Sindicatura de Greuges de Barcelona\" \/>\n<meta property=\"og:description\" content=\"Una familia barcelonesa present\u00f3 una queja en la Sindicatura de Greuges para exponer su disconformidad por la no asignaci\u00f3n de monitores...\" \/>\n<meta property=\"og:url\" content=\"https:\/\/www.sindicaturabarcelona.cat\/es\/la-sindicatura-esta-preocupada-por-la-falta-de-monitores-de-apoyo-en-las-actividades-para-infancia-con-diversidad-funcional\/\" \/>\n<meta property=\"og:site_name\" content=\"Sindicatura de Greuges de Barcelona\" \/>\n<meta property=\"article:published_time\" content=\"2022-11-25T07:00:00+00:00\" \/>\n<meta property=\"article:modified_time\" content=\"2022-11-25T08:39:24+00:00\" \/>\n<meta property=\"og:image\" content=\"https:\/\/www.sindicaturabarcelona.cat\/wp-content\/uploads\/2022\/11\/Piscina.jpg\" \/>\n\t<meta property=\"og:image:width\" content=\"900\" \/>\n\t<meta property=\"og:image:height\" content=\"601\" \/>\n\t<meta property=\"og:image:type\" content=\"image\/jpeg\" \/>\n<meta name=\"author\" content=\"Pablo\" \/>\n<meta name=\"twitter:card\" content=\"summary_large_image\" \/>\n<meta name=\"twitter:creator\" content=\"@sindicbarcelona\" \/>\n<meta name=\"twitter:site\" content=\"@sindicbarcelona\" \/>\n<meta name=\"twitter:label1\" content=\"Escrito por\" \/>\n\t<meta name=\"twitter:data1\" content=\"Pablo\" \/>\n\t<meta name=\"twitter:label2\" content=\"Tiempo de lectura\" \/>\n\t<meta name=\"twitter:data2\" content=\"5 minutos\" \/>\n<script type=\"application\/ld+json\" class=\"yoast-schema-graph\">{\"@context\":\"https:\\\/\\\/schema.org\",\"@graph\":[{\"@type\":\"Article\",\"@id\":\"https:\\\/\\\/www.sindicaturabarcelona.cat\\\/es\\\/la-sindicatura-esta-preocupada-por-la-falta-de-monitores-de-apoyo-en-las-actividades-para-infancia-con-diversidad-funcional\\\/#article\",\"isPartOf\":{\"@id\":\"https:\\\/\\\/www.sindicaturabarcelona.cat\\\/es\\\/la-sindicatura-esta-preocupada-por-la-falta-de-monitores-de-apoyo-en-las-actividades-para-infancia-con-diversidad-funcional\\\/\"},\"author\":{\"name\":\"Pablo\",\"@id\":\"https:\\\/\\\/www.sindicaturabarcelona.cat\\\/es\\\/#\\\/schema\\\/person\\\/0e5acffc350ffdbc97578159322c9452\"},\"headline\":\"La Sindicatura est\u00e1 preocupada por la falta de monitores de apoyo en las actividades para infancia con diversidad funcional\",\"datePublished\":\"2022-11-25T07:00:00+00:00\",\"dateModified\":\"2022-11-25T08:39:24+00:00\",\"mainEntityOfPage\":{\"@id\":\"https:\\\/\\\/www.sindicaturabarcelona.cat\\\/es\\\/la-sindicatura-esta-preocupada-por-la-falta-de-monitores-de-apoyo-en-las-actividades-para-infancia-con-diversidad-funcional\\\/\"},\"wordCount\":992,\"publisher\":{\"@id\":\"https:\\\/\\\/www.sindicaturabarcelona.cat\\\/es\\\/#organization\"},\"image\":{\"@id\":\"https:\\\/\\\/www.sindicaturabarcelona.cat\\\/es\\\/la-sindicatura-esta-preocupada-por-la-falta-de-monitores-de-apoyo-en-las-actividades-para-infancia-con-diversidad-funcional\\\/#primaryimage\"},\"thumbnailUrl\":\"https:\\\/\\\/www.sindicaturabarcelona.cat\\\/wp-content\\\/uploads\\\/2022\\\/11\\\/Piscina.jpg\",\"articleSection\":[\"General\"],\"inLanguage\":\"es\"},{\"@type\":\"WebPage\",\"@id\":\"https:\\\/\\\/www.sindicaturabarcelona.cat\\\/es\\\/la-sindicatura-esta-preocupada-por-la-falta-de-monitores-de-apoyo-en-las-actividades-para-infancia-con-diversidad-funcional\\\/\",\"url\":\"https:\\\/\\\/www.sindicaturabarcelona.cat\\\/es\\\/la-sindicatura-esta-preocupada-por-la-falta-de-monitores-de-apoyo-en-las-actividades-para-infancia-con-diversidad-funcional\\\/\",\"name\":\"La Sindicatura est\u00e1 preocupada por la falta de monitores de apoyo en las actividades para infancia con diversidad funcional - Sindicatura de Greuges de Barcelona\",\"isPartOf\":{\"@id\":\"https:\\\/\\\/www.sindicaturabarcelona.cat\\\/es\\\/#website\"},\"primaryImageOfPage\":{\"@id\":\"https:\\\/\\\/www.sindicaturabarcelona.cat\\\/es\\\/la-sindicatura-esta-preocupada-por-la-falta-de-monitores-de-apoyo-en-las-actividades-para-infancia-con-diversidad-funcional\\\/#primaryimage\"},\"image\":{\"@id\":\"https:\\\/\\\/www.sindicaturabarcelona.cat\\\/es\\\/la-sindicatura-esta-preocupada-por-la-falta-de-monitores-de-apoyo-en-las-actividades-para-infancia-con-diversidad-funcional\\\/#primaryimage\"},\"thumbnailUrl\":\"https:\\\/\\\/www.sindicaturabarcelona.cat\\\/wp-content\\\/uploads\\\/2022\\\/11\\\/Piscina.jpg\",\"datePublished\":\"2022-11-25T07:00:00+00:00\",\"dateModified\":\"2022-11-25T08:39:24+00:00\",\"description\":\"Una familia barcelonesa present\u00f3 una queja en la Sindicatura de Greuges para exponer su disconformidad por la no asignaci\u00f3n de monitores...\",\"breadcrumb\":{\"@id\":\"https:\\\/\\\/www.sindicaturabarcelona.cat\\\/es\\\/la-sindicatura-esta-preocupada-por-la-falta-de-monitores-de-apoyo-en-las-actividades-para-infancia-con-diversidad-funcional\\\/#breadcrumb\"},\"inLanguage\":\"es\",\"potentialAction\":[{\"@type\":\"ReadAction\",\"target\":[\"https:\\\/\\\/www.sindicaturabarcelona.cat\\\/es\\\/la-sindicatura-esta-preocupada-por-la-falta-de-monitores-de-apoyo-en-las-actividades-para-infancia-con-diversidad-funcional\\\/\"]}]},{\"@type\":\"ImageObject\",\"inLanguage\":\"es\",\"@id\":\"https:\\\/\\\/www.sindicaturabarcelona.cat\\\/es\\\/la-sindicatura-esta-preocupada-por-la-falta-de-monitores-de-apoyo-en-las-actividades-para-infancia-con-diversidad-funcional\\\/#primaryimage\",\"url\":\"https:\\\/\\\/www.sindicaturabarcelona.cat\\\/wp-content\\\/uploads\\\/2022\\\/11\\\/Piscina.jpg\",\"contentUrl\":\"https:\\\/\\\/www.sindicaturabarcelona.cat\\\/wp-content\\\/uploads\\\/2022\\\/11\\\/Piscina.jpg\",\"width\":900,\"height\":601,\"caption\":\"Infants amb diversitat funcional\"},{\"@type\":\"BreadcrumbList\",\"@id\":\"https:\\\/\\\/www.sindicaturabarcelona.cat\\\/es\\\/la-sindicatura-esta-preocupada-por-la-falta-de-monitores-de-apoyo-en-las-actividades-para-infancia-con-diversidad-funcional\\\/#breadcrumb\",\"itemListElement\":[{\"@type\":\"ListItem\",\"position\":1,\"name\":\"Inici\",\"item\":\"https:\\\/\\\/www.sindicaturabarcelona.cat\\\/es\\\/\"},{\"@type\":\"ListItem\",\"position\":2,\"name\":\"La Sindicatura est\u00e1 preocupada por la falta de monitores de apoyo en las actividades para infancia con diversidad funcional\"}]},{\"@type\":\"WebSite\",\"@id\":\"https:\\\/\\\/www.sindicaturabarcelona.cat\\\/es\\\/#website\",\"url\":\"https:\\\/\\\/www.sindicaturabarcelona.cat\\\/es\\\/\",\"name\":\"Sindicatura de Greuges de Barcelona\",\"description\":\"La defensoria dels teus drets\",\"publisher\":{\"@id\":\"https:\\\/\\\/www.sindicaturabarcelona.cat\\\/es\\\/#organization\"},\"potentialAction\":[{\"@type\":\"SearchAction\",\"target\":{\"@type\":\"EntryPoint\",\"urlTemplate\":\"https:\\\/\\\/www.sindicaturabarcelona.cat\\\/es\\\/?s={search_term_string}\"},\"query-input\":{\"@type\":\"PropertyValueSpecification\",\"valueRequired\":true,\"valueName\":\"search_term_string\"}}],\"inLanguage\":\"es\"},{\"@type\":\"Organization\",\"@id\":\"https:\\\/\\\/www.sindicaturabarcelona.cat\\\/es\\\/#organization\",\"name\":\"Sindicatura de Greuges de Barcelona\",\"url\":\"https:\\\/\\\/www.sindicaturabarcelona.cat\\\/es\\\/\",\"logo\":{\"@type\":\"ImageObject\",\"inLanguage\":\"es\",\"@id\":\"https:\\\/\\\/www.sindicaturabarcelona.cat\\\/es\\\/#\\\/schema\\\/logo\\\/image\\\/\",\"url\":\"https:\\\/\\\/www.sindicaturabarcelona.cat\\\/wp-content\\\/uploads\\\/2023\\\/02\\\/logo_sindicatura.svg\",\"contentUrl\":\"https:\\\/\\\/www.sindicaturabarcelona.cat\\\/wp-content\\\/uploads\\\/2023\\\/02\\\/logo_sindicatura.svg\",\"caption\":\"Sindicatura de Greuges de Barcelona\"},\"image\":{\"@id\":\"https:\\\/\\\/www.sindicaturabarcelona.cat\\\/es\\\/#\\\/schema\\\/logo\\\/image\\\/\"},\"sameAs\":[\"https:\\\/\\\/x.com\\\/sindicbarcelona\",\"https:\\\/\\\/www.instagram.com\\\/sindicbarcelona\\\/\",\"https:\\\/\\\/www.tiktok.com\\\/@sindicaturabcn\",\"https:\\\/\\\/t.me\\\/sindicaturabarcelona\"]},{\"@type\":\"Person\",\"@id\":\"https:\\\/\\\/www.sindicaturabarcelona.cat\\\/es\\\/#\\\/schema\\\/person\\\/0e5acffc350ffdbc97578159322c9452\",\"name\":\"Pablo\",\"image\":{\"@type\":\"ImageObject\",\"inLanguage\":\"es\",\"@id\":\"https:\\\/\\\/secure.gravatar.com\\\/avatar\\\/c948169b402ef9492afde705c3dfd5e90e1a6a84ef6840a91124f805a25a480f?s=96&d=mm&r=g\",\"url\":\"https:\\\/\\\/secure.gravatar.com\\\/avatar\\\/c948169b402ef9492afde705c3dfd5e90e1a6a84ef6840a91124f805a25a480f?s=96&d=mm&r=g\",\"contentUrl\":\"https:\\\/\\\/secure.gravatar.com\\\/avatar\\\/c948169b402ef9492afde705c3dfd5e90e1a6a84ef6840a91124f805a25a480f?s=96&d=mm&r=g\",\"caption\":\"Pablo\"},\"url\":\"https:\\\/\\\/www.sindicaturabarcelona.cat\\\/es\\\/author\\\/pablo\\\/\"}]}<\/script>\n<!-- \/ Yoast SEO plugin. -->","yoast_head_json":{"title":"La Sindicatura est\u00e1 preocupada por la falta de monitores de apoyo en las actividades para infancia con diversidad funcional - Sindicatura de Greuges de Barcelona","description":"Una familia barcelonesa present\u00f3 una queja en la Sindicatura de Greuges para exponer su disconformidad por la no asignaci\u00f3n de monitores...","robots":{"index":"index","follow":"follow","max-snippet":"max-snippet:-1","max-image-preview":"max-image-preview:large","max-video-preview":"max-video-preview:-1"},"canonical":"https:\/\/www.sindicaturabarcelona.cat\/es\/la-sindicatura-esta-preocupada-por-la-falta-de-monitores-de-apoyo-en-las-actividades-para-infancia-con-diversidad-funcional\/","og_locale":"es_ES","og_type":"article","og_title":"La Sindicatura est\u00e1 preocupada por la falta de monitores de apoyo en las actividades para infancia con diversidad funcional - Sindicatura de Greuges de Barcelona","og_description":"Una familia barcelonesa present\u00f3 una queja en la Sindicatura de Greuges para exponer su disconformidad por la no asignaci\u00f3n de monitores...","og_url":"https:\/\/www.sindicaturabarcelona.cat\/es\/la-sindicatura-esta-preocupada-por-la-falta-de-monitores-de-apoyo-en-las-actividades-para-infancia-con-diversidad-funcional\/","og_site_name":"Sindicatura de Greuges de Barcelona","article_published_time":"2022-11-25T07:00:00+00:00","article_modified_time":"2022-11-25T08:39:24+00:00","og_image":[{"width":900,"height":601,"url":"https:\/\/www.sindicaturabarcelona.cat\/wp-content\/uploads\/2022\/11\/Piscina.jpg","type":"image\/jpeg"}],"author":"Pablo","twitter_card":"summary_large_image","twitter_creator":"@sindicbarcelona","twitter_site":"@sindicbarcelona","twitter_misc":{"Escrito por":"Pablo","Tiempo de lectura":"5 minutos"},"schema":{"@context":"https:\/\/schema.org","@graph":[{"@type":"Article","@id":"https:\/\/www.sindicaturabarcelona.cat\/es\/la-sindicatura-esta-preocupada-por-la-falta-de-monitores-de-apoyo-en-las-actividades-para-infancia-con-diversidad-funcional\/#article","isPartOf":{"@id":"https:\/\/www.sindicaturabarcelona.cat\/es\/la-sindicatura-esta-preocupada-por-la-falta-de-monitores-de-apoyo-en-las-actividades-para-infancia-con-diversidad-funcional\/"},"author":{"name":"Pablo","@id":"https:\/\/www.sindicaturabarcelona.cat\/es\/#\/schema\/person\/0e5acffc350ffdbc97578159322c9452"},"headline":"La Sindicatura est\u00e1 preocupada por la falta de monitores de apoyo en las actividades para infancia con diversidad funcional","datePublished":"2022-11-25T07:00:00+00:00","dateModified":"2022-11-25T08:39:24+00:00","mainEntityOfPage":{"@id":"https:\/\/www.sindicaturabarcelona.cat\/es\/la-sindicatura-esta-preocupada-por-la-falta-de-monitores-de-apoyo-en-las-actividades-para-infancia-con-diversidad-funcional\/"},"wordCount":992,"publisher":{"@id":"https:\/\/www.sindicaturabarcelona.cat\/es\/#organization"},"image":{"@id":"https:\/\/www.sindicaturabarcelona.cat\/es\/la-sindicatura-esta-preocupada-por-la-falta-de-monitores-de-apoyo-en-las-actividades-para-infancia-con-diversidad-funcional\/#primaryimage"},"thumbnailUrl":"https:\/\/www.sindicaturabarcelona.cat\/wp-content\/uploads\/2022\/11\/Piscina.jpg","articleSection":["General"],"inLanguage":"es"},{"@type":"WebPage","@id":"https:\/\/www.sindicaturabarcelona.cat\/es\/la-sindicatura-esta-preocupada-por-la-falta-de-monitores-de-apoyo-en-las-actividades-para-infancia-con-diversidad-funcional\/","url":"https:\/\/www.sindicaturabarcelona.cat\/es\/la-sindicatura-esta-preocupada-por-la-falta-de-monitores-de-apoyo-en-las-actividades-para-infancia-con-diversidad-funcional\/","name":"La Sindicatura est\u00e1 preocupada por la falta de monitores de apoyo en las actividades para infancia con diversidad funcional - Sindicatura de Greuges de Barcelona","isPartOf":{"@id":"https:\/\/www.sindicaturabarcelona.cat\/es\/#website"},"primaryImageOfPage":{"@id":"https:\/\/www.sindicaturabarcelona.cat\/es\/la-sindicatura-esta-preocupada-por-la-falta-de-monitores-de-apoyo-en-las-actividades-para-infancia-con-diversidad-funcional\/#primaryimage"},"image":{"@id":"https:\/\/www.sindicaturabarcelona.cat\/es\/la-sindicatura-esta-preocupada-por-la-falta-de-monitores-de-apoyo-en-las-actividades-para-infancia-con-diversidad-funcional\/#primaryimage"},"thumbnailUrl":"https:\/\/www.sindicaturabarcelona.cat\/wp-content\/uploads\/2022\/11\/Piscina.jpg","datePublished":"2022-11-25T07:00:00+00:00","dateModified":"2022-11-25T08:39:24+00:00","description":"Una familia barcelonesa present\u00f3 una queja en la Sindicatura de Greuges para exponer su disconformidad por la no asignaci\u00f3n de monitores...","breadcrumb":{"@id":"https:\/\/www.sindicaturabarcelona.cat\/es\/la-sindicatura-esta-preocupada-por-la-falta-de-monitores-de-apoyo-en-las-actividades-para-infancia-con-diversidad-funcional\/#breadcrumb"},"inLanguage":"es","potentialAction":[{"@type":"ReadAction","target":["https:\/\/www.sindicaturabarcelona.cat\/es\/la-sindicatura-esta-preocupada-por-la-falta-de-monitores-de-apoyo-en-las-actividades-para-infancia-con-diversidad-funcional\/"]}]},{"@type":"ImageObject","inLanguage":"es","@id":"https:\/\/www.sindicaturabarcelona.cat\/es\/la-sindicatura-esta-preocupada-por-la-falta-de-monitores-de-apoyo-en-las-actividades-para-infancia-con-diversidad-funcional\/#primaryimage","url":"https:\/\/www.sindicaturabarcelona.cat\/wp-content\/uploads\/2022\/11\/Piscina.jpg","contentUrl":"https:\/\/www.sindicaturabarcelona.cat\/wp-content\/uploads\/2022\/11\/Piscina.jpg","width":900,"height":601,"caption":"Infants amb diversitat funcional"},{"@type":"BreadcrumbList","@id":"https:\/\/www.sindicaturabarcelona.cat\/es\/la-sindicatura-esta-preocupada-por-la-falta-de-monitores-de-apoyo-en-las-actividades-para-infancia-con-diversidad-funcional\/#breadcrumb","itemListElement":[{"@type":"ListItem","position":1,"name":"Inici","item":"https:\/\/www.sindicaturabarcelona.cat\/es\/"},{"@type":"ListItem","position":2,"name":"La Sindicatura est\u00e1 preocupada por la falta de monitores de apoyo en las actividades para infancia con diversidad funcional"}]},{"@type":"WebSite","@id":"https:\/\/www.sindicaturabarcelona.cat\/es\/#website","url":"https:\/\/www.sindicaturabarcelona.cat\/es\/","name":"Sindicatura de Greuges de Barcelona","description":"La defensoria dels teus drets","publisher":{"@id":"https:\/\/www.sindicaturabarcelona.cat\/es\/#organization"},"potentialAction":[{"@type":"SearchAction","target":{"@type":"EntryPoint","urlTemplate":"https:\/\/www.sindicaturabarcelona.cat\/es\/?s={search_term_string}"},"query-input":{"@type":"PropertyValueSpecification","valueRequired":true,"valueName":"search_term_string"}}],"inLanguage":"es"},{"@type":"Organization","@id":"https:\/\/www.sindicaturabarcelona.cat\/es\/#organization","name":"Sindicatura de Greuges de Barcelona","url":"https:\/\/www.sindicaturabarcelona.cat\/es\/","logo":{"@type":"ImageObject","inLanguage":"es","@id":"https:\/\/www.sindicaturabarcelona.cat\/es\/#\/schema\/logo\/image\/","url":"https:\/\/www.sindicaturabarcelona.cat\/wp-content\/uploads\/2023\/02\/logo_sindicatura.svg","contentUrl":"https:\/\/www.sindicaturabarcelona.cat\/wp-content\/uploads\/2023\/02\/logo_sindicatura.svg","caption":"Sindicatura de Greuges de Barcelona"},"image":{"@id":"https:\/\/www.sindicaturabarcelona.cat\/es\/#\/schema\/logo\/image\/"},"sameAs":["https:\/\/x.com\/sindicbarcelona","https:\/\/www.instagram.com\/sindicbarcelona\/","https:\/\/www.tiktok.com\/@sindicaturabcn","https:\/\/t.me\/sindicaturabarcelona"]},{"@type":"Person","@id":"https:\/\/www.sindicaturabarcelona.cat\/es\/#\/schema\/person\/0e5acffc350ffdbc97578159322c9452","name":"Pablo","image":{"@type":"ImageObject","inLanguage":"es","@id":"https:\/\/secure.gravatar.com\/avatar\/c948169b402ef9492afde705c3dfd5e90e1a6a84ef6840a91124f805a25a480f?s=96&d=mm&r=g","url":"https:\/\/secure.gravatar.com\/avatar\/c948169b402ef9492afde705c3dfd5e90e1a6a84ef6840a91124f805a25a480f?s=96&d=mm&r=g","contentUrl":"https:\/\/secure.gravatar.com\/avatar\/c948169b402ef9492afde705c3dfd5e90e1a6a84ef6840a91124f805a25a480f?s=96&d=mm&r=g","caption":"Pablo"},"url":"https:\/\/www.sindicaturabarcelona.cat\/es\/author\/pablo\/"}]}},"_links":{"self":[{"href":"https:\/\/www.sindicaturabarcelona.cat\/es\/wp-json\/wp\/v2\/posts\/15519","targetHints":{"allow":["GET"]}}],"collection":[{"href":"https:\/\/www.sindicaturabarcelona.cat\/es\/wp-json\/wp\/v2\/posts"}],"about":[{"href":"https:\/\/www.sindicaturabarcelona.cat\/es\/wp-json\/wp\/v2\/types\/post"}],"author":[{"embeddable":true,"href":"https:\/\/www.sindicaturabarcelona.cat\/es\/wp-json\/wp\/v2\/users\/2"}],"replies":[{"embeddable":true,"href":"https:\/\/www.sindicaturabarcelona.cat\/es\/wp-json\/wp\/v2\/comments?post=15519"}],"version-history":[{"count":0,"href":"https:\/\/www.sindicaturabarcelona.cat\/es\/wp-json\/wp\/v2\/posts\/15519\/revisions"}],"wp:featuredmedia":[{"embeddable":true,"href":"https:\/\/www.sindicaturabarcelona.cat\/es\/wp-json\/wp\/v2\/media\/15517"}],"wp:attachment":[{"href":"https:\/\/www.sindicaturabarcelona.cat\/es\/wp-json\/wp\/v2\/media?parent=15519"}],"wp:term":[{"taxonomy":"post_tag","embeddable":true,"href":"https:\/\/www.sindicaturabarcelona.cat\/es\/wp-json\/wp\/v2\/tags?post=15519"},{"taxonomy":"drets","embeddable":true,"href":"https:\/\/www.sindicaturabarcelona.cat\/es\/wp-json\/wp\/v2\/drets?post=15519"}],"curies":[{"name":"wp","href":"https:\/\/api.w.org\/{rel}","templated":true}]}}