{"id":15401,"date":"2022-11-17T16:19:37","date_gmt":"2022-11-17T14:19:37","guid":{"rendered":"https:\/\/www.sindicaturabarcelona.cat\/?p=15401"},"modified":"2022-11-17T16:26:19","modified_gmt":"2022-11-17T14:26:19","slug":"la-fiscalia-pide-dos-anos-de-prision-para-la-autora-de-noticias-falsas-sobre-jovenes-migrantes-sin-referentes-familiares-que-la-sindicatura-puso-en-su-conocimiento-en-julio-de-2019","status":"publish","type":"post","link":"https:\/\/www.sindicaturabarcelona.cat\/es\/la-fiscalia-pide-dos-anos-de-prision-para-la-autora-de-noticias-falsas-sobre-jovenes-migrantes-sin-referentes-familiares-que-la-sindicatura-puso-en-su-conocimiento-en-julio-de-2019\/","title":{"rendered":"La Fiscal\u00eda pide dos a\u00f1os de prisi\u00f3n para la autora de noticias falsas sobre j\u00f3venes migrantes sin referentes familiares que la Sindicatura puso en su conocimiento en julio de 2019"},"content":{"rendered":"\n<p class=\"has-text-align-justify\">La Fiscal\u00eda de Delitos de Odio ha hecho p\u00fablica la petici\u00f3n de dos a\u00f1os de prisi\u00f3n para una internauta, que ser\u00e1 juzgada en abril de 2023, por difundir en Twitter una noticia falsa con el objetivo de difamar a los j\u00f3venes migrantes sin referentes familiares.<\/p>\n\n\n\n<p class=\"has-text-align-justify\">En el escrito de acusaci\u00f3n, la Fiscal\u00eda de Delitos de Odio considera que la internauta cometi\u00f3 un delito contra los derechos fundamentales, en concreto, una lesi\u00f3n de la dignidad de las personas por motivos de discriminaci\u00f3n por origen. M\u00e1s all\u00e1 de los dos a\u00f1os de prisi\u00f3n, tambi\u00e9n pide que se la multe con 6.570 euros y que se la inhabilite durante cinco a\u00f1os para la educaci\u00f3n en el \u00e1mbito docente, deportivo y de ocio.<\/p>\n\n\n\n<p><strong><span style=\"text-decoration: underline;\" class=\"ek-underline\">La Sindicatura es el origen de la primera iniciativa legal contra las <em>fake news<\/em> en Espa\u00f1a<\/span><\/strong><\/p>\n\n\n\n<p class=\"has-text-align-justify\">Fue en julio de 2019 cuando la Sindicatura de Greuges de Barcelona recibi\u00f3 un video que se estaba difundiendo en redes sociales y Whatsapp, con un contenido que presuntamente podr\u00eda ser una incitaci\u00f3n al odio contra el colectivo de j\u00f3venes migrantes sin referentes familiares.<\/p>\n\n\n\n<p class=\"has-text-align-justify\"><strong>La Sindicatura traslad\u00f3 este tema a la <a href=\"https:\/\/www.fiscal.es\/ca\/-\/fiscalia-provincial-de-barcelona\" target=\"_blank\" aria-label=\"Fiscal\u00eda de Barcelona (opens in a new tab)\" rel=\"noreferrer noopener\" class=\"ek-link\">Fiscal\u00eda de Barcelona<\/a><\/strong> porque consider\u00f3 que las im\u00e1genes y el texto de esta publicaci\u00f3n pod\u00edan fomentar y promocionar la discriminaci\u00f3n y el odio contra un grupo. Este tipo de acciones est\u00e1n consideradas delitos, seg\u00fan el C\u00f3digo Penal. Concretamente, en el video se observaba una clase de escuela con menores de edad que provocaban incidentes en el mobiliario y que no respetaban la autoridad de la profesora. El texto que acompa\u00f1aba el video era el siguiente: \u201cMando un video de un centro educativo para los emigrantes menores de edad que entran ilegalmente el Espa\u00f1a. Ruego difusi\u00f3n para que Espa\u00f1a se entere de una vez como noes agradecen que los acojamos\u201d.<\/p>\n\n\n\n<p class=\"has-text-align-justify\"><strong>En febrero de 2020 se hizo p\u00fablica la querella que la Fiscal\u00eda de Barcelona<\/strong> present\u00f3 contra esta internauta acusada de difundir este video con las falsas atribuciones a un grupo de j\u00f3venes migrantes sin referentes familiares. Despu\u00e9s de las investigaciones de los Mossos d&#8217;Esquadra, se demostr\u00f3 que este video correspond\u00eda a una clase de Brasil y que la atribuci\u00f3n a este grupo de j\u00f3venes migrantes sin referentes familiares era falsa. <strong><a href=\"https:\/\/www.sindicaturabarcelona.cat\/src\/pdf\/nota_241582809293.pdf\" target=\"_blank\" rel=\"noreferrer noopener\" class=\"ek-link\">La Sindicatura de Greuges de Barcelona celebr\u00f3 que el traslado de esta informaci\u00f3n a la Fiscal\u00eda de Barcelona se convirtiera en la primera iniciativa legal del Ministerio P\u00fablico contra las fake news en Espa\u00f1a.<\/a><\/strong><\/p>\n\n\n\n<p class=\"has-text-align-justify\">A pesar de que esta fue la primera iniciativa legal contra las noticias falsas, ya existe un precedente muy reciente de condena por difusi\u00f3n de <em>fake news<\/em> en Espa\u00f1a. La pasada semana, el 8 de noviembre de 2022, un hombre fue condenado por subir en julio del 2019 un video de una brutal agresi\u00f3n a una chica, con el cual hizo creer que se trataba de im\u00e1genes de una violaci\u00f3n que hab\u00eda pasado en Canet de Mar para atribuirla a j\u00f3venes migrantes sin referentes familiares, a pesar de que los hechos hab\u00edan pasado en China.<\/p>\n\n\n\n<p><strong><span style=\"text-decoration: underline;\" class=\"ek-underline\">La Sindicatura ha propuesto acciones al Ayuntamiento para garantizar los derechos de los j\u00f3venes migrantes sin referentes familiares<\/span><\/strong><\/p>\n\n\n\n<p class=\"has-text-align-justify\">En mayo de 2022 la Sindicatura de Greuges de Barcelona present\u00f3 el\u00a0<a href=\"https:\/\/www.sindicaturabarcelona.cat\/wp-content\/uploads\/2022\/05\/Informe-JMSRF.pdf\" target=\"_blank\" rel=\"noreferrer noopener\" class=\"ek-link\"><strong>\u2018La situaci\u00f3 de joves migrants sense referents familiars a la ciutat de Barcelona\u2019<\/strong><\/a>, con el prop\u00f3sito de abordar la realidad de este colectivo vulnerabilizado desde la perspectiva de la garant\u00eda de derechos.<\/p>\n\n\n\n<p class=\"has-text-align-justify\">Desde el a\u00f1o 2015, unos 9.000 ni\u00f1os y j\u00f3venes migrantes sin referentes familiares han llegado a Catalu\u00f1a por una amalgama de razones que explican su decisi\u00f3n de emprender este viaje sin ning\u00fan acompa\u00f1amiento familiar.&nbsp;<strong>En el sistema estatal de atenci\u00f3n a la infancia y la juventud, estas personas son acogidas, tuteladas y atendidas por las comunidades aut\u00f3nomas. Cuando logran la mayor\u00eda de edad, finaliza la tutela administrativa y el escenario es menos regulado y m\u00e1s diversificado.<\/strong><\/p>\n\n\n\n<p class=\"has-text-align-justify\">Se trata de un colectivo que precisa un apoyo y un acompa\u00f1amiento espec\u00edfico para ayudarlos a desarrollar su proyecto de vida. El estudio de la Sindicatura presta una especial atenci\u00f3n a los adolescentes y j\u00f3venes de 18 a 23 a\u00f1os, que se enfrentan solos y solas a una edad adulta registral, pero no siempre real.&nbsp;<strong>El objetivo es identificar c\u00f3mo mejorar y facilitar la transici\u00f3n a la edad adulta en condiciones de igualdad y equidad, promoviendo lo respecto a los derechos y libertades garantizados a cualquier persona ciudadana de Barcelona.<\/strong><\/p>\n\n\n\n<p><strong><span style=\"text-decoration: underline;\" class=\"ek-underline\">Las propuestas de la Sindicatura<\/span><\/strong><\/p>\n\n\n\n<p class=\"has-text-align-justify\">Para mejorar la atenci\u00f3n a los j\u00f3venes migrantes sin referentes familiares en la ciudad,&nbsp;<strong>la Sindicatura de Greuges de Barcelona ha elaborado una serie de propuestas<\/strong>, de las cuales destacaremos algunas de ellas desde diferentes dimensiones:<\/p>\n\n\n\n<p><span style=\"text-decoration: underline;\" class=\"ek-underline\">Dimensi\u00f3n jur\u00eddica<\/span><\/p>\n\n\n\n<ul class=\"wp-block-list\"><li>Dar seguimiento a la&nbsp;<strong>aplicaci\u00f3n de la reforma del reglamento de extranjer\u00eda<\/strong>&nbsp;para garantizar que los y las j\u00f3venes llegan a la mayor\u00eda de edad con toda la documentaci\u00f3n requerida y para reforzar el trabajo en sus itinerarios de emancipaci\u00f3n.<\/li><\/ul>\n\n\n\n<ul class=\"wp-block-list\"><li>Reforzar los espacios de atenci\u00f3n de las personas j\u00f3venes migrantes sin referentes familiares en el \u00e1mbito de la&nbsp;<strong>detecci\u00f3n o el acompa\u00f1amiento, o en la defensa de sus derechos<\/strong>, a trav\u00e9s de instrumentos como: asesoramiento y atenci\u00f3n especializada, la cl\u00ednica jur\u00eddica local, la figura de la persona referente o mentora, o el refuerzo de los equipos educadores de calle para mejorar la detecci\u00f3n de los y las j\u00f3venes.<\/li><\/ul>\n\n\n\n<p><span style=\"text-decoration: underline;\" class=\"ek-underline\">Dimensi\u00f3n socioecon\u00f3mica<\/span><\/p>\n\n\n\n<ul class=\"wp-block-list\"><li>Refuerzo de las&nbsp;<strong>alternativas residenciales<\/strong>, atendiendo al desajuste entre necesidades y recursos en el \u00e1mbito de la vivienda. Por este motivo, se deber\u00edan explorar otras opciones, como la acogida, que servir\u00eda no solo para superar la situaci\u00f3n de la falta de vivienda, sino que tambi\u00e9n favorecer\u00eda la creaci\u00f3n de v\u00ednculos entre j\u00f3venes y la sociedad de acogida.<\/li><\/ul>\n\n\n\n<ul class=\"wp-block-list\"><li>Refuerzo de&nbsp;<strong>la atenci\u00f3n en salud mental<\/strong>, estableciendo un protocolo de atenci\u00f3n y acompa\u00f1amiento psicol\u00f3gico, y de atenci\u00f3n en el estr\u00e9s postraum\u00e1tico, a trav\u00e9s del desarrollo de un espacio sociosanitario para personas en situaci\u00f3n de riesgo de exclusi\u00f3n social, ampliando la cobertura de programas de convalecencia y psiquiatr\u00eda de calle. Esta actuaci\u00f3n requiere coordinaci\u00f3n interadministrativa.<\/li><\/ul>\n\n\n\n<ul class=\"wp-block-list\"><li>Reforzar la&nbsp;<strong>formaci\u00f3n y capacitaci\u00f3n ling\u00fc\u00edstica<\/strong>&nbsp;de los y las j\u00f3venes, y garantizar la continuidad de la formaci\u00f3n de este colectivo, facilitando tambi\u00e9n su&nbsp;<strong>acceso a los estudios superiores<\/strong>. Tambi\u00e9n es importante evitar que se generen desigualdades digitales vinculadas a estas personas j\u00f3venes.<\/li><\/ul>\n\n\n\n<p><span style=\"text-decoration: underline;\" class=\"ek-underline\">Dimensi\u00f3n comunitaria<\/span><\/p>\n\n\n\n<ul class=\"wp-block-list\"><li>Fomentar la participaci\u00f3n del colectivo sin referentes familiares mediante la creaci\u00f3n de espacios donde se fortalezcan las&nbsp;<strong>redes relacionales con la ciudadan\u00eda<\/strong>, y haciendo programas de acompa\u00f1amiento y mejora de su sentimiento de pertenencia.<\/li><\/ul>\n\n\n\n<ul class=\"wp-block-list\"><li>Implementar campa\u00f1as de&nbsp;<strong>sensibilizaci\u00f3n<\/strong>&nbsp;dirigidas a la&nbsp;<strong>sociedad de acogida<\/strong>&nbsp;para evitar narrativas y discursos negativos hacia el colectivo.<\/li><\/ul>\n\n\n\n<p><span style=\"text-decoration: underline;\" class=\"ek-underline\">Dimensi\u00f3n de gobernanza<\/span><\/p>\n\n\n\n<ul class=\"wp-block-list\"><li>Asegurar una&nbsp;<strong>coordinaci\u00f3n multinivel y multisectorial<\/strong>&nbsp;entre las diversas administraciones y \u00e1reas que tienen competencias vinculadas al colectivo.<\/li><\/ul>\n\n\n\n<ul class=\"wp-block-list\"><li>Fortalecer la&nbsp;<strong>formaci\u00f3n especializada<\/strong>&nbsp;y el dise\u00f1o de protocolos que faciliten la actuaci\u00f3n de los diferentes actores de los procesos de atenci\u00f3n, cura e inclusi\u00f3n de estos j\u00f3venes.<\/li><\/ul>\n\n\n\n<ul class=\"wp-block-list\"><li>Mejorar la&nbsp;<strong>recogida y tratamiento de datos<\/strong>, especialmente cuando no han formado parte del sistema de tutela y acogida durante su minor\u00eda de edad.<\/li><\/ul>\n\n\n\n<ul class=\"wp-block-list\"><li>Incorporar la&nbsp;<strong>perspectiva de g\u00e9nero<\/strong>&nbsp;en el dise\u00f1o y en la implementaci\u00f3n y evaluaci\u00f3n de las diferentes actuaciones y servicios.<\/li><\/ul>\n\n\n\n<ul class=\"wp-block-list\"><li><strong>Fortalecer<\/strong>&nbsp;el rol de&nbsp;<strong>XBcn<\/strong>&nbsp;para llevar a cabo una coordinaci\u00f3n m\u00e1s generalizada y estructurada del trabajo de todos los actores involucrados, con el objetivo de evitar el riesgo de duplicidades en algunas \u00e1reas, y escasez de recursos en otras.<\/li><\/ul>\n\n\n\n<ul class=\"wp-block-list\"><li>Fortalecer mecanismos de&nbsp;<strong>evaluaci\u00f3n y seguimiento de los diferentes programas<\/strong>&nbsp;a fin de mejorar las actuaciones y servicios, identificando buenas pr\u00e1cticas y experiencias que se puedan compartir con otras ciudades del entorno.<\/li><\/ul>\n\n\n\n<p class=\"has-text-align-justify\">Finalmente, la Sindicatura recalca que es precisamente en la mayor\u00eda de edad de los y las j\u00f3venes migrantes sin referentes familiares donde el Ayuntamiento tiene m\u00e1s margen de actuaci\u00f3n, puesto que se trata de j\u00f3venes residentes en la ciudad. Ahora bien, garantizar un proceso de emancipaci\u00f3n exitoso requiere un trabajo continuado desde el primer momento.<\/p>\n","protected":false},"excerpt":{"rendered":"<p>La Fiscal\u00eda de Delitos de Odio ha hecho p\u00fablica la petici\u00f3n de dos a\u00f1os de prisi\u00f3n para una internauta, que ser\u00e1 juzgada en abril de 2023, por difundir en Twitter [&hellip;]<\/p>\n","protected":false},"author":2,"featured_media":15398,"comment_status":"closed","ping_status":"open","sticky":false,"template":"","format":"standard","meta":{"_acf_changed":false,"footnotes":""},"tags":[],"drets":[1475],"class_list":["post-15401","post","type-post","status-publish","format-standard","has-post-thumbnail","hentry","drets-ciudad-equitativa"],"acf":[],"yoast_head":"<!-- This site is optimized with the Yoast SEO plugin v27.5 - https:\/\/yoast.com\/product\/yoast-seo-wordpress\/ -->\n<title>La Fiscal\u00eda pide dos a\u00f1os de prisi\u00f3n para la autora de noticias falsas sobre j\u00f3venes migrantes sin referentes familiares que la Sindicatura puso en su conocimiento en julio de 2019 - Sindicatura de Greuges de Barcelona<\/title>\n<meta name=\"description\" content=\"Fue en julio de 2019 cuando la Sindicatura de Greuges de Barcelona recibi\u00f3 un video que se estaba difundiendo en redes sociales y Whatsapp..\" \/>\n<meta name=\"robots\" content=\"index, follow, max-snippet:-1, max-image-preview:large, max-video-preview:-1\" \/>\n<link rel=\"canonical\" href=\"https:\/\/www.sindicaturabarcelona.cat\/es\/la-fiscalia-pide-dos-anos-de-prision-para-la-autora-de-noticias-falsas-sobre-jovenes-migrantes-sin-referentes-familiares-que-la-sindicatura-puso-en-su-conocimiento-en-julio-de-2019\/\" \/>\n<meta property=\"og:locale\" content=\"es_ES\" \/>\n<meta property=\"og:type\" content=\"article\" \/>\n<meta property=\"og:title\" content=\"La Fiscal\u00eda pide dos a\u00f1os de prisi\u00f3n para la autora de noticias falsas sobre j\u00f3venes migrantes sin referentes familiares que la Sindicatura puso en su conocimiento en julio de 2019 - Sindicatura de Greuges de Barcelona\" \/>\n<meta property=\"og:description\" content=\"Fue en julio de 2019 cuando la Sindicatura de Greuges de Barcelona recibi\u00f3 un video que se estaba difundiendo en redes sociales y Whatsapp..\" \/>\n<meta property=\"og:url\" content=\"https:\/\/www.sindicaturabarcelona.cat\/es\/la-fiscalia-pide-dos-anos-de-prision-para-la-autora-de-noticias-falsas-sobre-jovenes-migrantes-sin-referentes-familiares-que-la-sindicatura-puso-en-su-conocimiento-en-julio-de-2019\/\" \/>\n<meta property=\"og:site_name\" content=\"Sindicatura de Greuges de Barcelona\" \/>\n<meta property=\"article:published_time\" content=\"2022-11-17T14:19:37+00:00\" \/>\n<meta property=\"article:modified_time\" content=\"2022-11-17T14:26:19+00:00\" \/>\n<meta property=\"og:image\" content=\"https:\/\/www.sindicaturabarcelona.cat\/wp-content\/uploads\/2022\/11\/JMSRF-scaled.jpg\" \/>\n\t<meta property=\"og:image:width\" content=\"2560\" \/>\n\t<meta property=\"og:image:height\" content=\"1915\" \/>\n\t<meta property=\"og:image:type\" content=\"image\/jpeg\" \/>\n<meta name=\"author\" content=\"Pablo\" \/>\n<meta name=\"twitter:card\" content=\"summary_large_image\" \/>\n<meta name=\"twitter:creator\" content=\"@sindicbarcelona\" \/>\n<meta name=\"twitter:site\" content=\"@sindicbarcelona\" \/>\n<meta name=\"twitter:label1\" content=\"Escrito por\" \/>\n\t<meta name=\"twitter:data1\" content=\"Pablo\" \/>\n\t<meta name=\"twitter:label2\" content=\"Tiempo de lectura\" \/>\n\t<meta name=\"twitter:data2\" content=\"8 minutos\" \/>\n<script type=\"application\/ld+json\" class=\"yoast-schema-graph\">{\"@context\":\"https:\\\/\\\/schema.org\",\"@graph\":[{\"@type\":\"Article\",\"@id\":\"https:\\\/\\\/www.sindicaturabarcelona.cat\\\/es\\\/la-fiscalia-pide-dos-anos-de-prision-para-la-autora-de-noticias-falsas-sobre-jovenes-migrantes-sin-referentes-familiares-que-la-sindicatura-puso-en-su-conocimiento-en-julio-de-2019\\\/#article\",\"isPartOf\":{\"@id\":\"https:\\\/\\\/www.sindicaturabarcelona.cat\\\/es\\\/la-fiscalia-pide-dos-anos-de-prision-para-la-autora-de-noticias-falsas-sobre-jovenes-migrantes-sin-referentes-familiares-que-la-sindicatura-puso-en-su-conocimiento-en-julio-de-2019\\\/\"},\"author\":{\"name\":\"Pablo\",\"@id\":\"https:\\\/\\\/www.sindicaturabarcelona.cat\\\/es\\\/#\\\/schema\\\/person\\\/0e5acffc350ffdbc97578159322c9452\"},\"headline\":\"La Fiscal\u00eda pide dos a\u00f1os de prisi\u00f3n para la autora de noticias falsas sobre j\u00f3venes migrantes sin referentes familiares que la Sindicatura puso en su conocimiento en julio de 2019\",\"datePublished\":\"2022-11-17T14:19:37+00:00\",\"dateModified\":\"2022-11-17T14:26:19+00:00\",\"mainEntityOfPage\":{\"@id\":\"https:\\\/\\\/www.sindicaturabarcelona.cat\\\/es\\\/la-fiscalia-pide-dos-anos-de-prision-para-la-autora-de-noticias-falsas-sobre-jovenes-migrantes-sin-referentes-familiares-que-la-sindicatura-puso-en-su-conocimiento-en-julio-de-2019\\\/\"},\"wordCount\":1508,\"publisher\":{\"@id\":\"https:\\\/\\\/www.sindicaturabarcelona.cat\\\/es\\\/#organization\"},\"image\":{\"@id\":\"https:\\\/\\\/www.sindicaturabarcelona.cat\\\/es\\\/la-fiscalia-pide-dos-anos-de-prision-para-la-autora-de-noticias-falsas-sobre-jovenes-migrantes-sin-referentes-familiares-que-la-sindicatura-puso-en-su-conocimiento-en-julio-de-2019\\\/#primaryimage\"},\"thumbnailUrl\":\"https:\\\/\\\/www.sindicaturabarcelona.cat\\\/wp-content\\\/uploads\\\/2022\\\/11\\\/JMSRF-scaled.jpg\",\"articleSection\":[\"General\"],\"inLanguage\":\"es\"},{\"@type\":\"WebPage\",\"@id\":\"https:\\\/\\\/www.sindicaturabarcelona.cat\\\/es\\\/la-fiscalia-pide-dos-anos-de-prision-para-la-autora-de-noticias-falsas-sobre-jovenes-migrantes-sin-referentes-familiares-que-la-sindicatura-puso-en-su-conocimiento-en-julio-de-2019\\\/\",\"url\":\"https:\\\/\\\/www.sindicaturabarcelona.cat\\\/es\\\/la-fiscalia-pide-dos-anos-de-prision-para-la-autora-de-noticias-falsas-sobre-jovenes-migrantes-sin-referentes-familiares-que-la-sindicatura-puso-en-su-conocimiento-en-julio-de-2019\\\/\",\"name\":\"La Fiscal\u00eda pide dos a\u00f1os de prisi\u00f3n para la autora de noticias falsas sobre j\u00f3venes migrantes sin referentes familiares que la Sindicatura puso en su conocimiento en julio de 2019 - Sindicatura de Greuges de Barcelona\",\"isPartOf\":{\"@id\":\"https:\\\/\\\/www.sindicaturabarcelona.cat\\\/es\\\/#website\"},\"primaryImageOfPage\":{\"@id\":\"https:\\\/\\\/www.sindicaturabarcelona.cat\\\/es\\\/la-fiscalia-pide-dos-anos-de-prision-para-la-autora-de-noticias-falsas-sobre-jovenes-migrantes-sin-referentes-familiares-que-la-sindicatura-puso-en-su-conocimiento-en-julio-de-2019\\\/#primaryimage\"},\"image\":{\"@id\":\"https:\\\/\\\/www.sindicaturabarcelona.cat\\\/es\\\/la-fiscalia-pide-dos-anos-de-prision-para-la-autora-de-noticias-falsas-sobre-jovenes-migrantes-sin-referentes-familiares-que-la-sindicatura-puso-en-su-conocimiento-en-julio-de-2019\\\/#primaryimage\"},\"thumbnailUrl\":\"https:\\\/\\\/www.sindicaturabarcelona.cat\\\/wp-content\\\/uploads\\\/2022\\\/11\\\/JMSRF-scaled.jpg\",\"datePublished\":\"2022-11-17T14:19:37+00:00\",\"dateModified\":\"2022-11-17T14:26:19+00:00\",\"description\":\"Fue en julio de 2019 cuando la Sindicatura de Greuges de Barcelona recibi\u00f3 un video que se estaba difundiendo en redes sociales y Whatsapp..\",\"breadcrumb\":{\"@id\":\"https:\\\/\\\/www.sindicaturabarcelona.cat\\\/es\\\/la-fiscalia-pide-dos-anos-de-prision-para-la-autora-de-noticias-falsas-sobre-jovenes-migrantes-sin-referentes-familiares-que-la-sindicatura-puso-en-su-conocimiento-en-julio-de-2019\\\/#breadcrumb\"},\"inLanguage\":\"es\",\"potentialAction\":[{\"@type\":\"ReadAction\",\"target\":[\"https:\\\/\\\/www.sindicaturabarcelona.cat\\\/es\\\/la-fiscalia-pide-dos-anos-de-prision-para-la-autora-de-noticias-falsas-sobre-jovenes-migrantes-sin-referentes-familiares-que-la-sindicatura-puso-en-su-conocimiento-en-julio-de-2019\\\/\"]}]},{\"@type\":\"ImageObject\",\"inLanguage\":\"es\",\"@id\":\"https:\\\/\\\/www.sindicaturabarcelona.cat\\\/es\\\/la-fiscalia-pide-dos-anos-de-prision-para-la-autora-de-noticias-falsas-sobre-jovenes-migrantes-sin-referentes-familiares-que-la-sindicatura-puso-en-su-conocimiento-en-julio-de-2019\\\/#primaryimage\",\"url\":\"https:\\\/\\\/www.sindicaturabarcelona.cat\\\/wp-content\\\/uploads\\\/2022\\\/11\\\/JMSRF-scaled.jpg\",\"contentUrl\":\"https:\\\/\\\/www.sindicaturabarcelona.cat\\\/wp-content\\\/uploads\\\/2022\\\/11\\\/JMSRF-scaled.jpg\",\"width\":2560,\"height\":1915,\"caption\":\"Not\u00edcies falses JMSRF\"},{\"@type\":\"BreadcrumbList\",\"@id\":\"https:\\\/\\\/www.sindicaturabarcelona.cat\\\/es\\\/la-fiscalia-pide-dos-anos-de-prision-para-la-autora-de-noticias-falsas-sobre-jovenes-migrantes-sin-referentes-familiares-que-la-sindicatura-puso-en-su-conocimiento-en-julio-de-2019\\\/#breadcrumb\",\"itemListElement\":[{\"@type\":\"ListItem\",\"position\":1,\"name\":\"Inici\",\"item\":\"https:\\\/\\\/www.sindicaturabarcelona.cat\\\/es\\\/\"},{\"@type\":\"ListItem\",\"position\":2,\"name\":\"La Fiscal\u00eda pide dos a\u00f1os de prisi\u00f3n para la autora de noticias falsas sobre j\u00f3venes migrantes sin referentes familiares que la Sindicatura puso en su conocimiento en julio de 2019\"}]},{\"@type\":\"WebSite\",\"@id\":\"https:\\\/\\\/www.sindicaturabarcelona.cat\\\/es\\\/#website\",\"url\":\"https:\\\/\\\/www.sindicaturabarcelona.cat\\\/es\\\/\",\"name\":\"Sindicatura de Greuges de Barcelona\",\"description\":\"La defensoria dels teus drets\",\"publisher\":{\"@id\":\"https:\\\/\\\/www.sindicaturabarcelona.cat\\\/es\\\/#organization\"},\"potentialAction\":[{\"@type\":\"SearchAction\",\"target\":{\"@type\":\"EntryPoint\",\"urlTemplate\":\"https:\\\/\\\/www.sindicaturabarcelona.cat\\\/es\\\/?s={search_term_string}\"},\"query-input\":{\"@type\":\"PropertyValueSpecification\",\"valueRequired\":true,\"valueName\":\"search_term_string\"}}],\"inLanguage\":\"es\"},{\"@type\":\"Organization\",\"@id\":\"https:\\\/\\\/www.sindicaturabarcelona.cat\\\/es\\\/#organization\",\"name\":\"Sindicatura de Greuges de Barcelona\",\"url\":\"https:\\\/\\\/www.sindicaturabarcelona.cat\\\/es\\\/\",\"logo\":{\"@type\":\"ImageObject\",\"inLanguage\":\"es\",\"@id\":\"https:\\\/\\\/www.sindicaturabarcelona.cat\\\/es\\\/#\\\/schema\\\/logo\\\/image\\\/\",\"url\":\"https:\\\/\\\/www.sindicaturabarcelona.cat\\\/wp-content\\\/uploads\\\/2023\\\/02\\\/logo_sindicatura.svg\",\"contentUrl\":\"https:\\\/\\\/www.sindicaturabarcelona.cat\\\/wp-content\\\/uploads\\\/2023\\\/02\\\/logo_sindicatura.svg\",\"caption\":\"Sindicatura de Greuges de Barcelona\"},\"image\":{\"@id\":\"https:\\\/\\\/www.sindicaturabarcelona.cat\\\/es\\\/#\\\/schema\\\/logo\\\/image\\\/\"},\"sameAs\":[\"https:\\\/\\\/x.com\\\/sindicbarcelona\",\"https:\\\/\\\/www.instagram.com\\\/sindicbarcelona\\\/\",\"https:\\\/\\\/www.tiktok.com\\\/@sindicaturabcn\",\"https:\\\/\\\/t.me\\\/sindicaturabarcelona\"]},{\"@type\":\"Person\",\"@id\":\"https:\\\/\\\/www.sindicaturabarcelona.cat\\\/es\\\/#\\\/schema\\\/person\\\/0e5acffc350ffdbc97578159322c9452\",\"name\":\"Pablo\",\"image\":{\"@type\":\"ImageObject\",\"inLanguage\":\"es\",\"@id\":\"https:\\\/\\\/secure.gravatar.com\\\/avatar\\\/c948169b402ef9492afde705c3dfd5e90e1a6a84ef6840a91124f805a25a480f?s=96&d=mm&r=g\",\"url\":\"https:\\\/\\\/secure.gravatar.com\\\/avatar\\\/c948169b402ef9492afde705c3dfd5e90e1a6a84ef6840a91124f805a25a480f?s=96&d=mm&r=g\",\"contentUrl\":\"https:\\\/\\\/secure.gravatar.com\\\/avatar\\\/c948169b402ef9492afde705c3dfd5e90e1a6a84ef6840a91124f805a25a480f?s=96&d=mm&r=g\",\"caption\":\"Pablo\"},\"url\":\"https:\\\/\\\/www.sindicaturabarcelona.cat\\\/es\\\/author\\\/pablo\\\/\"}]}<\/script>\n<!-- \/ Yoast SEO plugin. -->","yoast_head_json":{"title":"La Fiscal\u00eda pide dos a\u00f1os de prisi\u00f3n para la autora de noticias falsas sobre j\u00f3venes migrantes sin referentes familiares que la Sindicatura puso en su conocimiento en julio de 2019 - Sindicatura de Greuges de Barcelona","description":"Fue en julio de 2019 cuando la Sindicatura de Greuges de Barcelona recibi\u00f3 un video que se estaba difundiendo en redes sociales y Whatsapp..","robots":{"index":"index","follow":"follow","max-snippet":"max-snippet:-1","max-image-preview":"max-image-preview:large","max-video-preview":"max-video-preview:-1"},"canonical":"https:\/\/www.sindicaturabarcelona.cat\/es\/la-fiscalia-pide-dos-anos-de-prision-para-la-autora-de-noticias-falsas-sobre-jovenes-migrantes-sin-referentes-familiares-que-la-sindicatura-puso-en-su-conocimiento-en-julio-de-2019\/","og_locale":"es_ES","og_type":"article","og_title":"La Fiscal\u00eda pide dos a\u00f1os de prisi\u00f3n para la autora de noticias falsas sobre j\u00f3venes migrantes sin referentes familiares que la Sindicatura puso en su conocimiento en julio de 2019 - Sindicatura de Greuges de Barcelona","og_description":"Fue en julio de 2019 cuando la Sindicatura de Greuges de Barcelona recibi\u00f3 un video que se estaba difundiendo en redes sociales y Whatsapp..","og_url":"https:\/\/www.sindicaturabarcelona.cat\/es\/la-fiscalia-pide-dos-anos-de-prision-para-la-autora-de-noticias-falsas-sobre-jovenes-migrantes-sin-referentes-familiares-que-la-sindicatura-puso-en-su-conocimiento-en-julio-de-2019\/","og_site_name":"Sindicatura de Greuges de Barcelona","article_published_time":"2022-11-17T14:19:37+00:00","article_modified_time":"2022-11-17T14:26:19+00:00","og_image":[{"width":2560,"height":1915,"url":"https:\/\/www.sindicaturabarcelona.cat\/wp-content\/uploads\/2022\/11\/JMSRF-scaled.jpg","type":"image\/jpeg"}],"author":"Pablo","twitter_card":"summary_large_image","twitter_creator":"@sindicbarcelona","twitter_site":"@sindicbarcelona","twitter_misc":{"Escrito por":"Pablo","Tiempo de lectura":"8 minutos"},"schema":{"@context":"https:\/\/schema.org","@graph":[{"@type":"Article","@id":"https:\/\/www.sindicaturabarcelona.cat\/es\/la-fiscalia-pide-dos-anos-de-prision-para-la-autora-de-noticias-falsas-sobre-jovenes-migrantes-sin-referentes-familiares-que-la-sindicatura-puso-en-su-conocimiento-en-julio-de-2019\/#article","isPartOf":{"@id":"https:\/\/www.sindicaturabarcelona.cat\/es\/la-fiscalia-pide-dos-anos-de-prision-para-la-autora-de-noticias-falsas-sobre-jovenes-migrantes-sin-referentes-familiares-que-la-sindicatura-puso-en-su-conocimiento-en-julio-de-2019\/"},"author":{"name":"Pablo","@id":"https:\/\/www.sindicaturabarcelona.cat\/es\/#\/schema\/person\/0e5acffc350ffdbc97578159322c9452"},"headline":"La Fiscal\u00eda pide dos a\u00f1os de prisi\u00f3n para la autora de noticias falsas sobre j\u00f3venes migrantes sin referentes familiares que la Sindicatura puso en su conocimiento en julio de 2019","datePublished":"2022-11-17T14:19:37+00:00","dateModified":"2022-11-17T14:26:19+00:00","mainEntityOfPage":{"@id":"https:\/\/www.sindicaturabarcelona.cat\/es\/la-fiscalia-pide-dos-anos-de-prision-para-la-autora-de-noticias-falsas-sobre-jovenes-migrantes-sin-referentes-familiares-que-la-sindicatura-puso-en-su-conocimiento-en-julio-de-2019\/"},"wordCount":1508,"publisher":{"@id":"https:\/\/www.sindicaturabarcelona.cat\/es\/#organization"},"image":{"@id":"https:\/\/www.sindicaturabarcelona.cat\/es\/la-fiscalia-pide-dos-anos-de-prision-para-la-autora-de-noticias-falsas-sobre-jovenes-migrantes-sin-referentes-familiares-que-la-sindicatura-puso-en-su-conocimiento-en-julio-de-2019\/#primaryimage"},"thumbnailUrl":"https:\/\/www.sindicaturabarcelona.cat\/wp-content\/uploads\/2022\/11\/JMSRF-scaled.jpg","articleSection":["General"],"inLanguage":"es"},{"@type":"WebPage","@id":"https:\/\/www.sindicaturabarcelona.cat\/es\/la-fiscalia-pide-dos-anos-de-prision-para-la-autora-de-noticias-falsas-sobre-jovenes-migrantes-sin-referentes-familiares-que-la-sindicatura-puso-en-su-conocimiento-en-julio-de-2019\/","url":"https:\/\/www.sindicaturabarcelona.cat\/es\/la-fiscalia-pide-dos-anos-de-prision-para-la-autora-de-noticias-falsas-sobre-jovenes-migrantes-sin-referentes-familiares-que-la-sindicatura-puso-en-su-conocimiento-en-julio-de-2019\/","name":"La Fiscal\u00eda pide dos a\u00f1os de prisi\u00f3n para la autora de noticias falsas sobre j\u00f3venes migrantes sin referentes familiares que la Sindicatura puso en su conocimiento en julio de 2019 - Sindicatura de Greuges de Barcelona","isPartOf":{"@id":"https:\/\/www.sindicaturabarcelona.cat\/es\/#website"},"primaryImageOfPage":{"@id":"https:\/\/www.sindicaturabarcelona.cat\/es\/la-fiscalia-pide-dos-anos-de-prision-para-la-autora-de-noticias-falsas-sobre-jovenes-migrantes-sin-referentes-familiares-que-la-sindicatura-puso-en-su-conocimiento-en-julio-de-2019\/#primaryimage"},"image":{"@id":"https:\/\/www.sindicaturabarcelona.cat\/es\/la-fiscalia-pide-dos-anos-de-prision-para-la-autora-de-noticias-falsas-sobre-jovenes-migrantes-sin-referentes-familiares-que-la-sindicatura-puso-en-su-conocimiento-en-julio-de-2019\/#primaryimage"},"thumbnailUrl":"https:\/\/www.sindicaturabarcelona.cat\/wp-content\/uploads\/2022\/11\/JMSRF-scaled.jpg","datePublished":"2022-11-17T14:19:37+00:00","dateModified":"2022-11-17T14:26:19+00:00","description":"Fue en julio de 2019 cuando la Sindicatura de Greuges de Barcelona recibi\u00f3 un video que se estaba difundiendo en redes sociales y Whatsapp..","breadcrumb":{"@id":"https:\/\/www.sindicaturabarcelona.cat\/es\/la-fiscalia-pide-dos-anos-de-prision-para-la-autora-de-noticias-falsas-sobre-jovenes-migrantes-sin-referentes-familiares-que-la-sindicatura-puso-en-su-conocimiento-en-julio-de-2019\/#breadcrumb"},"inLanguage":"es","potentialAction":[{"@type":"ReadAction","target":["https:\/\/www.sindicaturabarcelona.cat\/es\/la-fiscalia-pide-dos-anos-de-prision-para-la-autora-de-noticias-falsas-sobre-jovenes-migrantes-sin-referentes-familiares-que-la-sindicatura-puso-en-su-conocimiento-en-julio-de-2019\/"]}]},{"@type":"ImageObject","inLanguage":"es","@id":"https:\/\/www.sindicaturabarcelona.cat\/es\/la-fiscalia-pide-dos-anos-de-prision-para-la-autora-de-noticias-falsas-sobre-jovenes-migrantes-sin-referentes-familiares-que-la-sindicatura-puso-en-su-conocimiento-en-julio-de-2019\/#primaryimage","url":"https:\/\/www.sindicaturabarcelona.cat\/wp-content\/uploads\/2022\/11\/JMSRF-scaled.jpg","contentUrl":"https:\/\/www.sindicaturabarcelona.cat\/wp-content\/uploads\/2022\/11\/JMSRF-scaled.jpg","width":2560,"height":1915,"caption":"Not\u00edcies falses JMSRF"},{"@type":"BreadcrumbList","@id":"https:\/\/www.sindicaturabarcelona.cat\/es\/la-fiscalia-pide-dos-anos-de-prision-para-la-autora-de-noticias-falsas-sobre-jovenes-migrantes-sin-referentes-familiares-que-la-sindicatura-puso-en-su-conocimiento-en-julio-de-2019\/#breadcrumb","itemListElement":[{"@type":"ListItem","position":1,"name":"Inici","item":"https:\/\/www.sindicaturabarcelona.cat\/es\/"},{"@type":"ListItem","position":2,"name":"La Fiscal\u00eda pide dos a\u00f1os de prisi\u00f3n para la autora de noticias falsas sobre j\u00f3venes migrantes sin referentes familiares que la Sindicatura puso en su conocimiento en julio de 2019"}]},{"@type":"WebSite","@id":"https:\/\/www.sindicaturabarcelona.cat\/es\/#website","url":"https:\/\/www.sindicaturabarcelona.cat\/es\/","name":"Sindicatura de Greuges de Barcelona","description":"La defensoria dels teus drets","publisher":{"@id":"https:\/\/www.sindicaturabarcelona.cat\/es\/#organization"},"potentialAction":[{"@type":"SearchAction","target":{"@type":"EntryPoint","urlTemplate":"https:\/\/www.sindicaturabarcelona.cat\/es\/?s={search_term_string}"},"query-input":{"@type":"PropertyValueSpecification","valueRequired":true,"valueName":"search_term_string"}}],"inLanguage":"es"},{"@type":"Organization","@id":"https:\/\/www.sindicaturabarcelona.cat\/es\/#organization","name":"Sindicatura de Greuges de Barcelona","url":"https:\/\/www.sindicaturabarcelona.cat\/es\/","logo":{"@type":"ImageObject","inLanguage":"es","@id":"https:\/\/www.sindicaturabarcelona.cat\/es\/#\/schema\/logo\/image\/","url":"https:\/\/www.sindicaturabarcelona.cat\/wp-content\/uploads\/2023\/02\/logo_sindicatura.svg","contentUrl":"https:\/\/www.sindicaturabarcelona.cat\/wp-content\/uploads\/2023\/02\/logo_sindicatura.svg","caption":"Sindicatura de Greuges de Barcelona"},"image":{"@id":"https:\/\/www.sindicaturabarcelona.cat\/es\/#\/schema\/logo\/image\/"},"sameAs":["https:\/\/x.com\/sindicbarcelona","https:\/\/www.instagram.com\/sindicbarcelona\/","https:\/\/www.tiktok.com\/@sindicaturabcn","https:\/\/t.me\/sindicaturabarcelona"]},{"@type":"Person","@id":"https:\/\/www.sindicaturabarcelona.cat\/es\/#\/schema\/person\/0e5acffc350ffdbc97578159322c9452","name":"Pablo","image":{"@type":"ImageObject","inLanguage":"es","@id":"https:\/\/secure.gravatar.com\/avatar\/c948169b402ef9492afde705c3dfd5e90e1a6a84ef6840a91124f805a25a480f?s=96&d=mm&r=g","url":"https:\/\/secure.gravatar.com\/avatar\/c948169b402ef9492afde705c3dfd5e90e1a6a84ef6840a91124f805a25a480f?s=96&d=mm&r=g","contentUrl":"https:\/\/secure.gravatar.com\/avatar\/c948169b402ef9492afde705c3dfd5e90e1a6a84ef6840a91124f805a25a480f?s=96&d=mm&r=g","caption":"Pablo"},"url":"https:\/\/www.sindicaturabarcelona.cat\/es\/author\/pablo\/"}]}},"_links":{"self":[{"href":"https:\/\/www.sindicaturabarcelona.cat\/es\/wp-json\/wp\/v2\/posts\/15401","targetHints":{"allow":["GET"]}}],"collection":[{"href":"https:\/\/www.sindicaturabarcelona.cat\/es\/wp-json\/wp\/v2\/posts"}],"about":[{"href":"https:\/\/www.sindicaturabarcelona.cat\/es\/wp-json\/wp\/v2\/types\/post"}],"author":[{"embeddable":true,"href":"https:\/\/www.sindicaturabarcelona.cat\/es\/wp-json\/wp\/v2\/users\/2"}],"replies":[{"embeddable":true,"href":"https:\/\/www.sindicaturabarcelona.cat\/es\/wp-json\/wp\/v2\/comments?post=15401"}],"version-history":[{"count":0,"href":"https:\/\/www.sindicaturabarcelona.cat\/es\/wp-json\/wp\/v2\/posts\/15401\/revisions"}],"wp:featuredmedia":[{"embeddable":true,"href":"https:\/\/www.sindicaturabarcelona.cat\/es\/wp-json\/wp\/v2\/media\/15398"}],"wp:attachment":[{"href":"https:\/\/www.sindicaturabarcelona.cat\/es\/wp-json\/wp\/v2\/media?parent=15401"}],"wp:term":[{"taxonomy":"post_tag","embeddable":true,"href":"https:\/\/www.sindicaturabarcelona.cat\/es\/wp-json\/wp\/v2\/tags?post=15401"},{"taxonomy":"drets","embeddable":true,"href":"https:\/\/www.sindicaturabarcelona.cat\/es\/wp-json\/wp\/v2\/drets?post=15401"}],"curies":[{"name":"wp","href":"https:\/\/api.w.org\/{rel}","templated":true}]}}