{"id":15321,"date":"2022-11-03T17:17:51","date_gmt":"2022-11-03T15:17:51","guid":{"rendered":"https:\/\/www.sindicaturabarcelona.cat\/?p=15321"},"modified":"2022-11-03T17:17:53","modified_gmt":"2022-11-03T15:17:53","slug":"a-pie-de-calle-la-sindicatura-visita-el-clot-camp-de-larpa","status":"publish","type":"post","link":"https:\/\/www.sindicaturabarcelona.cat\/es\/a-pie-de-calle-la-sindicatura-visita-el-clot-camp-de-larpa\/","title":{"rendered":"A pie de calle: la Sindicatura visita el Clot-Camp de l&#8217;Arpa"},"content":{"rendered":"\n<p class=\"has-text-align-justify\">En una nueva edici\u00f3n del proyecto <em>A pie de calle<\/em>, la Sindicatura de Greuges de Barcelona recorri\u00f3 el Clot \u2013 Camp de l\u2019Arpa para atender las propuestas, reclamos y preocupaciones del movimiento vecinal y asociativo de la zona.<\/p>\n\n\n\n<p class=\"has-text-align-justify\">La jornada empez\u00f3 con un encuentro con la <strong>Asociaci\u00f3n de Vecinas y Vecinos de Clot \u2013 Camp de l\u2019Arpa<\/strong>, con quien se trat\u00f3 el Plan de protecci\u00f3n patrimonial del Clot; la situaci\u00f3n de la ejecuci\u00f3n de las obras de la Torre del Fang o Can Miralletes; los usos que tendr\u00e1 el equipamiento de la F\u00e0brica del Plom, y otros temas objeto de queja a la Sindicatura.<\/p>\n\n\n\n<p class=\"has-text-align-justify\">Posteriormente, el equipo de la Sindicatura de Greuges de Barcelona, encabezado por el s\u00edndic Bondia, se desplaz\u00f3 al entorno de Glories, para evaluar la incidencia de las obras, las posibles molestias ocasionadas por el edicto ubicado en Llacuna-Gran V\u00eda, o la afectaci\u00f3n en la Escuela Casas, entre otras.<\/p>\n\n\n\n<p class=\"has-text-align-justify\">Antes de iniciar la tarde, tuvo lugar una reuni\u00f3n con la <strong>Federaci\u00f3n de Entidades del Clot \u2013 Camp de l\u2019Arpa<\/strong>, la coordinadora que re\u00fane a 43 entidades del barrio. Desde la federaci\u00f3n nos trasladaron su preocupaci\u00f3n por el uso del espacio p\u00fablico, por el futuro de la gesti\u00f3n comunitaria del patrimonio ciudadano, y por los equipamientos pendientes.<\/p>\n\n\n\n<p class=\"has-text-align-justify\"><em>A pie de calle<\/em> en Clot \u2013 Camp de l\u2019Arpa concluy\u00f3 con un \u00faltimo encuentro con el <strong>Orfe\u00f3 Martinenc<\/strong>, la entidad sociocultural que promueve la cultura popular del barrio y facilita espacios a muchas entidades de la zona. Los representantes del Orfe\u00f3 manifestaron su inquietud por la complicada situaci\u00f3n que sufren los ateneos en Barcelona.<\/p>\n\n\n\n<p class=\"has-text-align-justify\">En este primer a\u00f1o del per\u00edodo 2021-2026, la defensor\u00eda ya ha estado presente en los barrios de <a href=\"https:\/\/www.sindicaturabarcelona.cat\/2022\/02\/01\/sindic-barcelona-engega-a-peu-de-carrer\/\" target=\"_blank\" rel=\"noreferrer noopener\">Sant Mart\u00ed de Proven\u00e7als; la Verneda i la Pau<\/a>; <a href=\"https:\/\/www.sindicaturabarcelona.cat\/2022\/04\/28\/sindicatura-trasllada-recomanacions-a-ajuntament-envers-llosa-ronda-sant-antoni\/\" target=\"_blank\" rel=\"noreferrer noopener\">Sant Antoni<\/a>; <a href=\"https:\/\/www.sindicaturabarcelona.cat\/2022\/03\/01\/sindic-visita-baix-guinardo-i-raval-a-peu-de-carrer\/\">el Baix Guinard\u00f3; el Raval<\/a>; <a href=\"https:\/\/beteve.cat\/societat\/ruta-sindic-barcelona-un-barri-setmana\/\" target=\"_blank\" rel=\"noreferrer noopener\">Vallvidrera, Tibidabo i Les Planes<\/a>; <a href=\"https:\/\/twitter.com\/sindicbarcelona\/status\/1517211406529146881?s=20&amp;t=9rx43LrSHJJV1i_NtYbiAg\" target=\"_blank\" rel=\"noreferrer noopener\">Bon Pastor<\/a>; <a href=\"https:\/\/www.sindicaturabarcelona.cat\/2022\/09\/22\/nova-edicio-del-sindic-a-prop-teu-a-ciutat-meridiana-torre-baro-i-vallbona\/\" target=\"_blank\" rel=\"noreferrer noopener\">Torre Bar\u00f3; Ciutat Meridiana; Vallbona<\/a>; <a href=\"https:\/\/www.sindicaturabarcelona.cat\/2022\/06\/14\/la-sindicatura-de-greuges-de-barcelona-du-a-terme-una-visita-a-dues-zones-doci-nocturn-a-lespai-public-el-forum-i-el-triangle-golfo\/\" target=\"_blank\" rel=\"noreferrer noopener\">Diagonal Mar-Front Mar\u00edtim del Poblenou; el Bes\u00f2s i el Maresme<\/a>; <a href=\"https:\/\/www.sindicaturabarcelona.cat\/2022\/08\/05\/el-barri-de-la-barceloneta-la-darrera-visita-a-peu-de-carrer-de-la-sindicatura-de-greuges-de-barcelona\/\" target=\"_blank\" rel=\"noreferrer noopener\">Barceloneta<\/a>; <a href=\"https:\/\/diarieljardi.cat\/la-sindicatura-de-greuges-fa-seguiment-presencial-de-nit-del-porta-a-porta-a-sarria\/\" target=\"_blank\" rel=\"noreferrer noopener\">Sarri\u00e0; Sant Andreu<\/a>, y <a href=\"https:\/\/twitter.com\/sindicbarcelona\/status\/1580500087188299776?s=20&amp;t=wl6eIUqCdUWiEBzdzUQCgw\" target=\"_blank\" rel=\"noreferrer noopener\">Les Corts<\/a>.<\/p>\n\n\n\n<p class=\"has-text-align-justify\">Antes de cerrar el a\u00f1o, la Sindicatura tiene previsto desplazarse a Horta; el G\u00f2tic; la Marina, y la Marina del Prat Vermell, entre otros.<\/p>\n","protected":false},"excerpt":{"rendered":"<p>En una nueva edici\u00f3n del proyecto A pie de calle, la Sindicatura de Greuges de Barcelona recorri\u00f3 el Clot \u2013 Camp de l\u2019Arpa para atender las propuestas, reclamos y preocupaciones [&hellip;]<\/p>\n","protected":false},"author":2,"featured_media":15319,"comment_status":"closed","ping_status":"open","sticky":false,"template":"","format":"standard","meta":{"_acf_changed":false,"footnotes":""},"tags":[],"drets":[],"class_list":["post-15321","post","type-post","status-publish","format-standard","has-post-thumbnail","hentry"],"acf":[],"yoast_head":"<!-- This site is optimized with the Yoast SEO plugin v27.5 - https:\/\/yoast.com\/product\/yoast-seo-wordpress\/ -->\n<title>A pie de calle: la Sindicatura visita el Clot-Camp de l&#039;Arpa - Sindicatura de Greuges de Barcelona<\/title>\n<meta name=\"description\" content=\"En una nueva edici\u00f3n de A pie de calle, la Sindicatura recorri\u00f3 el Clot \u2013 Camp de l\u2019Arpa para atender las propuestas, reclamos y preocupaciones...\" \/>\n<meta name=\"robots\" content=\"index, follow, max-snippet:-1, max-image-preview:large, max-video-preview:-1\" \/>\n<link rel=\"canonical\" href=\"https:\/\/www.sindicaturabarcelona.cat\/es\/a-pie-de-calle-la-sindicatura-visita-el-clot-camp-de-larpa\/\" \/>\n<meta property=\"og:locale\" content=\"es_ES\" \/>\n<meta property=\"og:type\" content=\"article\" \/>\n<meta property=\"og:title\" content=\"A pie de calle: la Sindicatura visita el Clot-Camp de l&#039;Arpa - Sindicatura de Greuges de Barcelona\" \/>\n<meta property=\"og:description\" content=\"En una nueva edici\u00f3n de A pie de calle, la Sindicatura recorri\u00f3 el Clot \u2013 Camp de l\u2019Arpa para atender las propuestas, reclamos y preocupaciones...\" \/>\n<meta property=\"og:url\" content=\"https:\/\/www.sindicaturabarcelona.cat\/es\/a-pie-de-calle-la-sindicatura-visita-el-clot-camp-de-larpa\/\" \/>\n<meta property=\"og:site_name\" content=\"Sindicatura de Greuges de Barcelona\" \/>\n<meta property=\"article:published_time\" content=\"2022-11-03T15:17:51+00:00\" \/>\n<meta property=\"article:modified_time\" content=\"2022-11-03T15:17:53+00:00\" \/>\n<meta property=\"og:image\" content=\"https:\/\/www.sindicaturabarcelona.cat\/wp-content\/uploads\/2022\/11\/7D9A8685-scaled.jpg\" \/>\n\t<meta property=\"og:image:width\" content=\"2560\" \/>\n\t<meta property=\"og:image:height\" content=\"1707\" \/>\n\t<meta property=\"og:image:type\" content=\"image\/jpeg\" \/>\n<meta name=\"author\" content=\"Pablo\" \/>\n<meta name=\"twitter:card\" content=\"summary_large_image\" \/>\n<meta name=\"twitter:creator\" content=\"@sindicbarcelona\" \/>\n<meta name=\"twitter:site\" content=\"@sindicbarcelona\" \/>\n<meta name=\"twitter:label1\" content=\"Escrito por\" \/>\n\t<meta name=\"twitter:data1\" content=\"Pablo\" \/>\n\t<meta name=\"twitter:label2\" content=\"Tiempo de lectura\" \/>\n\t<meta name=\"twitter:data2\" content=\"2 minutos\" \/>\n<script type=\"application\/ld+json\" class=\"yoast-schema-graph\">{\"@context\":\"https:\\\/\\\/schema.org\",\"@graph\":[{\"@type\":\"Article\",\"@id\":\"https:\\\/\\\/www.sindicaturabarcelona.cat\\\/es\\\/a-pie-de-calle-la-sindicatura-visita-el-clot-camp-de-larpa\\\/#article\",\"isPartOf\":{\"@id\":\"https:\\\/\\\/www.sindicaturabarcelona.cat\\\/es\\\/a-pie-de-calle-la-sindicatura-visita-el-clot-camp-de-larpa\\\/\"},\"author\":{\"name\":\"Pablo\",\"@id\":\"https:\\\/\\\/www.sindicaturabarcelona.cat\\\/es\\\/#\\\/schema\\\/person\\\/0e5acffc350ffdbc97578159322c9452\"},\"headline\":\"A pie de calle: la Sindicatura visita el Clot-Camp de l&#8217;Arpa\",\"datePublished\":\"2022-11-03T15:17:51+00:00\",\"dateModified\":\"2022-11-03T15:17:53+00:00\",\"mainEntityOfPage\":{\"@id\":\"https:\\\/\\\/www.sindicaturabarcelona.cat\\\/es\\\/a-pie-de-calle-la-sindicatura-visita-el-clot-camp-de-larpa\\\/\"},\"wordCount\":386,\"publisher\":{\"@id\":\"https:\\\/\\\/www.sindicaturabarcelona.cat\\\/es\\\/#organization\"},\"image\":{\"@id\":\"https:\\\/\\\/www.sindicaturabarcelona.cat\\\/es\\\/a-pie-de-calle-la-sindicatura-visita-el-clot-camp-de-larpa\\\/#primaryimage\"},\"thumbnailUrl\":\"https:\\\/\\\/www.sindicaturabarcelona.cat\\\/wp-content\\\/uploads\\\/2022\\\/11\\\/7D9A8685-scaled.jpg\",\"inLanguage\":\"es\"},{\"@type\":\"WebPage\",\"@id\":\"https:\\\/\\\/www.sindicaturabarcelona.cat\\\/es\\\/a-pie-de-calle-la-sindicatura-visita-el-clot-camp-de-larpa\\\/\",\"url\":\"https:\\\/\\\/www.sindicaturabarcelona.cat\\\/es\\\/a-pie-de-calle-la-sindicatura-visita-el-clot-camp-de-larpa\\\/\",\"name\":\"A pie de calle: la Sindicatura visita el Clot-Camp de l'Arpa - Sindicatura de Greuges de Barcelona\",\"isPartOf\":{\"@id\":\"https:\\\/\\\/www.sindicaturabarcelona.cat\\\/es\\\/#website\"},\"primaryImageOfPage\":{\"@id\":\"https:\\\/\\\/www.sindicaturabarcelona.cat\\\/es\\\/a-pie-de-calle-la-sindicatura-visita-el-clot-camp-de-larpa\\\/#primaryimage\"},\"image\":{\"@id\":\"https:\\\/\\\/www.sindicaturabarcelona.cat\\\/es\\\/a-pie-de-calle-la-sindicatura-visita-el-clot-camp-de-larpa\\\/#primaryimage\"},\"thumbnailUrl\":\"https:\\\/\\\/www.sindicaturabarcelona.cat\\\/wp-content\\\/uploads\\\/2022\\\/11\\\/7D9A8685-scaled.jpg\",\"datePublished\":\"2022-11-03T15:17:51+00:00\",\"dateModified\":\"2022-11-03T15:17:53+00:00\",\"description\":\"En una nueva edici\u00f3n de A pie de calle, la Sindicatura recorri\u00f3 el Clot \u2013 Camp de l\u2019Arpa para atender las propuestas, reclamos y preocupaciones...\",\"breadcrumb\":{\"@id\":\"https:\\\/\\\/www.sindicaturabarcelona.cat\\\/es\\\/a-pie-de-calle-la-sindicatura-visita-el-clot-camp-de-larpa\\\/#breadcrumb\"},\"inLanguage\":\"es\",\"potentialAction\":[{\"@type\":\"ReadAction\",\"target\":[\"https:\\\/\\\/www.sindicaturabarcelona.cat\\\/es\\\/a-pie-de-calle-la-sindicatura-visita-el-clot-camp-de-larpa\\\/\"]}]},{\"@type\":\"ImageObject\",\"inLanguage\":\"es\",\"@id\":\"https:\\\/\\\/www.sindicaturabarcelona.cat\\\/es\\\/a-pie-de-calle-la-sindicatura-visita-el-clot-camp-de-larpa\\\/#primaryimage\",\"url\":\"https:\\\/\\\/www.sindicaturabarcelona.cat\\\/wp-content\\\/uploads\\\/2022\\\/11\\\/7D9A8685-scaled.jpg\",\"contentUrl\":\"https:\\\/\\\/www.sindicaturabarcelona.cat\\\/wp-content\\\/uploads\\\/2022\\\/11\\\/7D9A8685-scaled.jpg\",\"width\":2560,\"height\":1707,\"caption\":\"Clot-Camp de l'Arpa\"},{\"@type\":\"BreadcrumbList\",\"@id\":\"https:\\\/\\\/www.sindicaturabarcelona.cat\\\/es\\\/a-pie-de-calle-la-sindicatura-visita-el-clot-camp-de-larpa\\\/#breadcrumb\",\"itemListElement\":[{\"@type\":\"ListItem\",\"position\":1,\"name\":\"Inici\",\"item\":\"https:\\\/\\\/www.sindicaturabarcelona.cat\\\/es\\\/\"},{\"@type\":\"ListItem\",\"position\":2,\"name\":\"A pie de calle: la Sindicatura visita el Clot-Camp de l&#8217;Arpa\"}]},{\"@type\":\"WebSite\",\"@id\":\"https:\\\/\\\/www.sindicaturabarcelona.cat\\\/es\\\/#website\",\"url\":\"https:\\\/\\\/www.sindicaturabarcelona.cat\\\/es\\\/\",\"name\":\"Sindicatura de Greuges de Barcelona\",\"description\":\"La defensoria dels teus drets\",\"publisher\":{\"@id\":\"https:\\\/\\\/www.sindicaturabarcelona.cat\\\/es\\\/#organization\"},\"potentialAction\":[{\"@type\":\"SearchAction\",\"target\":{\"@type\":\"EntryPoint\",\"urlTemplate\":\"https:\\\/\\\/www.sindicaturabarcelona.cat\\\/es\\\/?s={search_term_string}\"},\"query-input\":{\"@type\":\"PropertyValueSpecification\",\"valueRequired\":true,\"valueName\":\"search_term_string\"}}],\"inLanguage\":\"es\"},{\"@type\":\"Organization\",\"@id\":\"https:\\\/\\\/www.sindicaturabarcelona.cat\\\/es\\\/#organization\",\"name\":\"Sindicatura de Greuges de Barcelona\",\"url\":\"https:\\\/\\\/www.sindicaturabarcelona.cat\\\/es\\\/\",\"logo\":{\"@type\":\"ImageObject\",\"inLanguage\":\"es\",\"@id\":\"https:\\\/\\\/www.sindicaturabarcelona.cat\\\/es\\\/#\\\/schema\\\/logo\\\/image\\\/\",\"url\":\"https:\\\/\\\/www.sindicaturabarcelona.cat\\\/wp-content\\\/uploads\\\/2023\\\/02\\\/logo_sindicatura.svg\",\"contentUrl\":\"https:\\\/\\\/www.sindicaturabarcelona.cat\\\/wp-content\\\/uploads\\\/2023\\\/02\\\/logo_sindicatura.svg\",\"caption\":\"Sindicatura de Greuges de Barcelona\"},\"image\":{\"@id\":\"https:\\\/\\\/www.sindicaturabarcelona.cat\\\/es\\\/#\\\/schema\\\/logo\\\/image\\\/\"},\"sameAs\":[\"https:\\\/\\\/x.com\\\/sindicbarcelona\",\"https:\\\/\\\/www.instagram.com\\\/sindicbarcelona\\\/\",\"https:\\\/\\\/www.tiktok.com\\\/@sindicaturabcn\",\"https:\\\/\\\/t.me\\\/sindicaturabarcelona\"]},{\"@type\":\"Person\",\"@id\":\"https:\\\/\\\/www.sindicaturabarcelona.cat\\\/es\\\/#\\\/schema\\\/person\\\/0e5acffc350ffdbc97578159322c9452\",\"name\":\"Pablo\",\"image\":{\"@type\":\"ImageObject\",\"inLanguage\":\"es\",\"@id\":\"https:\\\/\\\/secure.gravatar.com\\\/avatar\\\/c948169b402ef9492afde705c3dfd5e90e1a6a84ef6840a91124f805a25a480f?s=96&d=mm&r=g\",\"url\":\"https:\\\/\\\/secure.gravatar.com\\\/avatar\\\/c948169b402ef9492afde705c3dfd5e90e1a6a84ef6840a91124f805a25a480f?s=96&d=mm&r=g\",\"contentUrl\":\"https:\\\/\\\/secure.gravatar.com\\\/avatar\\\/c948169b402ef9492afde705c3dfd5e90e1a6a84ef6840a91124f805a25a480f?s=96&d=mm&r=g\",\"caption\":\"Pablo\"},\"url\":\"https:\\\/\\\/www.sindicaturabarcelona.cat\\\/es\\\/author\\\/pablo\\\/\"}]}<\/script>\n<!-- \/ Yoast SEO plugin. -->","yoast_head_json":{"title":"A pie de calle: la Sindicatura visita el Clot-Camp de l'Arpa - Sindicatura de Greuges de Barcelona","description":"En una nueva edici\u00f3n de A pie de calle, la Sindicatura recorri\u00f3 el Clot \u2013 Camp de l\u2019Arpa para atender las propuestas, reclamos y preocupaciones...","robots":{"index":"index","follow":"follow","max-snippet":"max-snippet:-1","max-image-preview":"max-image-preview:large","max-video-preview":"max-video-preview:-1"},"canonical":"https:\/\/www.sindicaturabarcelona.cat\/es\/a-pie-de-calle-la-sindicatura-visita-el-clot-camp-de-larpa\/","og_locale":"es_ES","og_type":"article","og_title":"A pie de calle: la Sindicatura visita el Clot-Camp de l'Arpa - Sindicatura de Greuges de Barcelona","og_description":"En una nueva edici\u00f3n de A pie de calle, la Sindicatura recorri\u00f3 el Clot \u2013 Camp de l\u2019Arpa para atender las propuestas, reclamos y preocupaciones...","og_url":"https:\/\/www.sindicaturabarcelona.cat\/es\/a-pie-de-calle-la-sindicatura-visita-el-clot-camp-de-larpa\/","og_site_name":"Sindicatura de Greuges de Barcelona","article_published_time":"2022-11-03T15:17:51+00:00","article_modified_time":"2022-11-03T15:17:53+00:00","og_image":[{"width":2560,"height":1707,"url":"https:\/\/www.sindicaturabarcelona.cat\/wp-content\/uploads\/2022\/11\/7D9A8685-scaled.jpg","type":"image\/jpeg"}],"author":"Pablo","twitter_card":"summary_large_image","twitter_creator":"@sindicbarcelona","twitter_site":"@sindicbarcelona","twitter_misc":{"Escrito por":"Pablo","Tiempo de lectura":"2 minutos"},"schema":{"@context":"https:\/\/schema.org","@graph":[{"@type":"Article","@id":"https:\/\/www.sindicaturabarcelona.cat\/es\/a-pie-de-calle-la-sindicatura-visita-el-clot-camp-de-larpa\/#article","isPartOf":{"@id":"https:\/\/www.sindicaturabarcelona.cat\/es\/a-pie-de-calle-la-sindicatura-visita-el-clot-camp-de-larpa\/"},"author":{"name":"Pablo","@id":"https:\/\/www.sindicaturabarcelona.cat\/es\/#\/schema\/person\/0e5acffc350ffdbc97578159322c9452"},"headline":"A pie de calle: la Sindicatura visita el Clot-Camp de l&#8217;Arpa","datePublished":"2022-11-03T15:17:51+00:00","dateModified":"2022-11-03T15:17:53+00:00","mainEntityOfPage":{"@id":"https:\/\/www.sindicaturabarcelona.cat\/es\/a-pie-de-calle-la-sindicatura-visita-el-clot-camp-de-larpa\/"},"wordCount":386,"publisher":{"@id":"https:\/\/www.sindicaturabarcelona.cat\/es\/#organization"},"image":{"@id":"https:\/\/www.sindicaturabarcelona.cat\/es\/a-pie-de-calle-la-sindicatura-visita-el-clot-camp-de-larpa\/#primaryimage"},"thumbnailUrl":"https:\/\/www.sindicaturabarcelona.cat\/wp-content\/uploads\/2022\/11\/7D9A8685-scaled.jpg","inLanguage":"es"},{"@type":"WebPage","@id":"https:\/\/www.sindicaturabarcelona.cat\/es\/a-pie-de-calle-la-sindicatura-visita-el-clot-camp-de-larpa\/","url":"https:\/\/www.sindicaturabarcelona.cat\/es\/a-pie-de-calle-la-sindicatura-visita-el-clot-camp-de-larpa\/","name":"A pie de calle: la Sindicatura visita el Clot-Camp de l'Arpa - Sindicatura de Greuges de Barcelona","isPartOf":{"@id":"https:\/\/www.sindicaturabarcelona.cat\/es\/#website"},"primaryImageOfPage":{"@id":"https:\/\/www.sindicaturabarcelona.cat\/es\/a-pie-de-calle-la-sindicatura-visita-el-clot-camp-de-larpa\/#primaryimage"},"image":{"@id":"https:\/\/www.sindicaturabarcelona.cat\/es\/a-pie-de-calle-la-sindicatura-visita-el-clot-camp-de-larpa\/#primaryimage"},"thumbnailUrl":"https:\/\/www.sindicaturabarcelona.cat\/wp-content\/uploads\/2022\/11\/7D9A8685-scaled.jpg","datePublished":"2022-11-03T15:17:51+00:00","dateModified":"2022-11-03T15:17:53+00:00","description":"En una nueva edici\u00f3n de A pie de calle, la Sindicatura recorri\u00f3 el Clot \u2013 Camp de l\u2019Arpa para atender las propuestas, reclamos y preocupaciones...","breadcrumb":{"@id":"https:\/\/www.sindicaturabarcelona.cat\/es\/a-pie-de-calle-la-sindicatura-visita-el-clot-camp-de-larpa\/#breadcrumb"},"inLanguage":"es","potentialAction":[{"@type":"ReadAction","target":["https:\/\/www.sindicaturabarcelona.cat\/es\/a-pie-de-calle-la-sindicatura-visita-el-clot-camp-de-larpa\/"]}]},{"@type":"ImageObject","inLanguage":"es","@id":"https:\/\/www.sindicaturabarcelona.cat\/es\/a-pie-de-calle-la-sindicatura-visita-el-clot-camp-de-larpa\/#primaryimage","url":"https:\/\/www.sindicaturabarcelona.cat\/wp-content\/uploads\/2022\/11\/7D9A8685-scaled.jpg","contentUrl":"https:\/\/www.sindicaturabarcelona.cat\/wp-content\/uploads\/2022\/11\/7D9A8685-scaled.jpg","width":2560,"height":1707,"caption":"Clot-Camp de l'Arpa"},{"@type":"BreadcrumbList","@id":"https:\/\/www.sindicaturabarcelona.cat\/es\/a-pie-de-calle-la-sindicatura-visita-el-clot-camp-de-larpa\/#breadcrumb","itemListElement":[{"@type":"ListItem","position":1,"name":"Inici","item":"https:\/\/www.sindicaturabarcelona.cat\/es\/"},{"@type":"ListItem","position":2,"name":"A pie de calle: la Sindicatura visita el Clot-Camp de l&#8217;Arpa"}]},{"@type":"WebSite","@id":"https:\/\/www.sindicaturabarcelona.cat\/es\/#website","url":"https:\/\/www.sindicaturabarcelona.cat\/es\/","name":"Sindicatura de Greuges de Barcelona","description":"La defensoria dels teus drets","publisher":{"@id":"https:\/\/www.sindicaturabarcelona.cat\/es\/#organization"},"potentialAction":[{"@type":"SearchAction","target":{"@type":"EntryPoint","urlTemplate":"https:\/\/www.sindicaturabarcelona.cat\/es\/?s={search_term_string}"},"query-input":{"@type":"PropertyValueSpecification","valueRequired":true,"valueName":"search_term_string"}}],"inLanguage":"es"},{"@type":"Organization","@id":"https:\/\/www.sindicaturabarcelona.cat\/es\/#organization","name":"Sindicatura de Greuges de Barcelona","url":"https:\/\/www.sindicaturabarcelona.cat\/es\/","logo":{"@type":"ImageObject","inLanguage":"es","@id":"https:\/\/www.sindicaturabarcelona.cat\/es\/#\/schema\/logo\/image\/","url":"https:\/\/www.sindicaturabarcelona.cat\/wp-content\/uploads\/2023\/02\/logo_sindicatura.svg","contentUrl":"https:\/\/www.sindicaturabarcelona.cat\/wp-content\/uploads\/2023\/02\/logo_sindicatura.svg","caption":"Sindicatura de Greuges de Barcelona"},"image":{"@id":"https:\/\/www.sindicaturabarcelona.cat\/es\/#\/schema\/logo\/image\/"},"sameAs":["https:\/\/x.com\/sindicbarcelona","https:\/\/www.instagram.com\/sindicbarcelona\/","https:\/\/www.tiktok.com\/@sindicaturabcn","https:\/\/t.me\/sindicaturabarcelona"]},{"@type":"Person","@id":"https:\/\/www.sindicaturabarcelona.cat\/es\/#\/schema\/person\/0e5acffc350ffdbc97578159322c9452","name":"Pablo","image":{"@type":"ImageObject","inLanguage":"es","@id":"https:\/\/secure.gravatar.com\/avatar\/c948169b402ef9492afde705c3dfd5e90e1a6a84ef6840a91124f805a25a480f?s=96&d=mm&r=g","url":"https:\/\/secure.gravatar.com\/avatar\/c948169b402ef9492afde705c3dfd5e90e1a6a84ef6840a91124f805a25a480f?s=96&d=mm&r=g","contentUrl":"https:\/\/secure.gravatar.com\/avatar\/c948169b402ef9492afde705c3dfd5e90e1a6a84ef6840a91124f805a25a480f?s=96&d=mm&r=g","caption":"Pablo"},"url":"https:\/\/www.sindicaturabarcelona.cat\/es\/author\/pablo\/"}]}},"_links":{"self":[{"href":"https:\/\/www.sindicaturabarcelona.cat\/es\/wp-json\/wp\/v2\/posts\/15321","targetHints":{"allow":["GET"]}}],"collection":[{"href":"https:\/\/www.sindicaturabarcelona.cat\/es\/wp-json\/wp\/v2\/posts"}],"about":[{"href":"https:\/\/www.sindicaturabarcelona.cat\/es\/wp-json\/wp\/v2\/types\/post"}],"author":[{"embeddable":true,"href":"https:\/\/www.sindicaturabarcelona.cat\/es\/wp-json\/wp\/v2\/users\/2"}],"replies":[{"embeddable":true,"href":"https:\/\/www.sindicaturabarcelona.cat\/es\/wp-json\/wp\/v2\/comments?post=15321"}],"version-history":[{"count":0,"href":"https:\/\/www.sindicaturabarcelona.cat\/es\/wp-json\/wp\/v2\/posts\/15321\/revisions"}],"wp:featuredmedia":[{"embeddable":true,"href":"https:\/\/www.sindicaturabarcelona.cat\/es\/wp-json\/wp\/v2\/media\/15319"}],"wp:attachment":[{"href":"https:\/\/www.sindicaturabarcelona.cat\/es\/wp-json\/wp\/v2\/media?parent=15321"}],"wp:term":[{"taxonomy":"post_tag","embeddable":true,"href":"https:\/\/www.sindicaturabarcelona.cat\/es\/wp-json\/wp\/v2\/tags?post=15321"},{"taxonomy":"drets","embeddable":true,"href":"https:\/\/www.sindicaturabarcelona.cat\/es\/wp-json\/wp\/v2\/drets?post=15321"}],"curies":[{"name":"wp","href":"https:\/\/api.w.org\/{rel}","templated":true}]}}