{"id":15286,"date":"2022-10-27T16:23:51","date_gmt":"2022-10-27T14:23:51","guid":{"rendered":"https:\/\/www.sindicaturabarcelona.cat\/?p=15286"},"modified":"2022-10-28T18:01:10","modified_gmt":"2022-10-28T16:01:10","slug":"la-sindicatura-de-greuges-de-barcelona-repasa-el-primer-ano-del-periodo-2021-2026","status":"publish","type":"post","link":"https:\/\/www.sindicaturabarcelona.cat\/es\/la-sindicatura-de-greuges-de-barcelona-repasa-el-primer-ano-del-periodo-2021-2026\/","title":{"rendered":"La Sindicatura de Greuges de Barcelona repasa el primer a\u00f1o del per\u00edodo 2021-2026"},"content":{"rendered":"\n<p class=\"has-text-align-justify\">El nuevo proyecto de la Sindicatura de Greuges de Barcelona para el periodo 2021-2026 empez\u00f3 un a\u00f1o atr\u00e1s, cuando David Bondia tom\u00f3 posesi\u00f3n como nuevo s\u00edndic de greuges de Barcelona el pasado mes de octubre de 2021.<\/p>\n\n\n\n<p class=\"has-text-align-justify\">La Sindicatura aprovecha esta efem\u00e9ride para repasar las iniciativas y las acciones llevadas a cabo desde la instituci\u00f3n en este primer a\u00f1o de nuevo proyecto.<\/p>\n\n\n\n<p><strong><span style=\"text-decoration: underline;\" class=\"ek-underline\">Una Sindicatura al lado de la de ciudadan\u00eda<\/span><\/strong><\/p>\n\n\n\n<p class=\"has-text-align-justify\">La ciudad es su gente, sus personas, su tejido social. Por esta raz\u00f3n, <strong>uno de los nuevos prop\u00f3sitos que persigue la Sindicatura es que la instituci\u00f3n est\u00e9 presente en los 73 barrios y los 10 distritos que conforman Barcelona<\/strong>. La Sindicatura de Greuges deber ser un territorio y no solo una ubicaci\u00f3n f\u00edsica. <strong>\u201cHay que trabajar de forma itinerante en el territorio para conocer y conectar con las problem\u00e1ticas de la ciudadan\u00eda vinculadas a los derechos humanos de proximidad\u201d<\/strong>, manifiesta David Bondia.<\/p>\n\n\n\n<p class=\"has-text-align-justify\">Mensualmente se llevan a cabo tres acciones presenciales para acercar la instituci\u00f3n a la ciudadan\u00eda:<\/p>\n\n\n\n<figure class=\"wp-block-table\"><table><tbody><tr><td><strong>Iniciativa<\/strong> <strong>&nbsp;<\/strong><\/td><td><strong>Breve descripci\u00f3n<\/strong><\/td><\/tr><tr><td><strong>La Sindicatura, a pie de calle<\/strong> &nbsp;<\/td><td>Visita y paseo por los diferentes barrios de la ciudad, acompa\u00f1adas de representantes de los movimientos vecinales, sectoriales, educativos, etc. &nbsp;<\/td><\/tr><tr><td><strong>La Sindicatura, cerca de ti<\/strong> &nbsp;<\/td><td>Organizaci\u00f3n de una audiencia del s\u00edndic y la adjunta en los diferentes barrios de la ciudad, con el objetivo de presentar la instituci\u00f3n a la ciudadan\u00eda, y que esta plantee las quejas m\u00e1s destacadas del barrio. &nbsp;<\/td><\/tr><tr><td><strong>Sindicatura itinerante<\/strong> &nbsp;<\/td><td>Miembros del equipo de la defensor\u00eda se trasladan a equipamientos de la ciudad para atender en primera persona a la ciudadan\u00eda que quiera hacer consultas o presentar quejas. &nbsp;<\/td><\/tr><\/tbody><\/table><\/figure>\n\n\n\n<p class=\"has-text-align-justify\">Actualmente, la Sindicatura ya ha estado presente en los barrios de <a href=\"https:\/\/www.sindicaturabarcelona.cat\/2022\/02\/01\/sindic-barcelona-engega-a-peu-de-carrer\/\" target=\"_blank\" rel=\"noreferrer noopener\">Sant Mart\u00ed de Proven\u00e7als; la Verneda i la Pau<\/a>; a <a href=\"https:\/\/www.sindicaturabarcelona.cat\/2022\/04\/28\/sindicatura-trasllada-recomanacions-a-ajuntament-envers-llosa-ronda-sant-antoni\/\" target=\"_blank\" rel=\"noreferrer noopener\">Sant Antoni<\/a>; <a href=\"https:\/\/www.sindicaturabarcelona.cat\/2022\/03\/01\/sindic-visita-baix-guinardo-i-raval-a-peu-de-carrer\/\">el Baix Guinard\u00f3; el Raval<\/a>; <a href=\"https:\/\/beteve.cat\/societat\/ruta-sindic-barcelona-un-barri-setmana\/\" target=\"_blank\" rel=\"noreferrer noopener\">Vallvidrera, Tibidabo i Les Planes<\/a>; <a href=\"https:\/\/twitter.com\/sindicbarcelona\/status\/1517211406529146881?s=20&amp;t=9rx43LrSHJJV1i_NtYbiAg\" target=\"_blank\" rel=\"noreferrer noopener\">Bon Pastor<\/a>; <a href=\"https:\/\/www.sindicaturabarcelona.cat\/2022\/09\/22\/nova-edicio-del-sindic-a-prop-teu-a-ciutat-meridiana-torre-baro-i-vallbona\/\" target=\"_blank\" rel=\"noreferrer noopener\">Torre Bar\u00f3; Ciutat Meridiana; Vallbona<\/a>; <a href=\"https:\/\/www.sindicaturabarcelona.cat\/2022\/06\/14\/la-sindicatura-de-greuges-de-barcelona-du-a-terme-una-visita-a-dues-zones-doci-nocturn-a-lespai-public-el-forum-i-el-triangle-golfo\/\" target=\"_blank\" rel=\"noreferrer noopener\">Diagonal Mar-Front Mar\u00edtim del Poblenou; el Bes\u00f2s i el Maresme<\/a>; <a href=\"https:\/\/www.sindicaturabarcelona.cat\/2022\/08\/05\/el-barri-de-la-barceloneta-la-darrera-visita-a-peu-de-carrer-de-la-sindicatura-de-greuges-de-barcelona\/\" target=\"_blank\" rel=\"noreferrer noopener\">Barceloneta<\/a>; <a href=\"https:\/\/diarieljardi.cat\/la-sindicatura-de-greuges-fa-seguiment-presencial-de-nit-del-porta-a-porta-a-sarria\/\" target=\"_blank\" rel=\"noreferrer noopener\">Sarri\u00e0; Sant Andreu<\/a>, <a href=\"https:\/\/twitter.com\/sindicbarcelona\/status\/1580500087188299776?s=20&amp;t=wl6eIUqCdUWiEBzdzUQCgw\" target=\"_blank\" rel=\"noreferrer noopener\">Les Corts<\/a> y <a href=\"https:\/\/twitter.com\/sindicbarcelona\/status\/1585589384019058688?s=20&amp;t=Hy8fhSgGNr9IOIPYysCAVw\" target=\"_blank\" aria-label=\"Clot-Camp de l'Arpa (opens in a new tab)\" rel=\"noreferrer noopener\" class=\"ek-link\">Clot-Camp de l&#8217;Arpa<\/a>. <\/p>\n\n\n\n<p class=\"has-text-align-justify\">Antes de finalizar el a\u00f1o, la Sindicatura se desplazar\u00e1 a Horta; el G\u00f2tic; la Marina, o la Marina del Prat Vermell, entre otros.<\/p>\n\n\n\n<p><strong><span style=\"text-decoration: underline;\" class=\"ek-underline\">Una Sindicatura que act\u00fae de manera proactiva<\/span><\/strong><\/p>\n\n\n\n<p class=\"has-text-align-justify\">El s\u00edndic de greuges de Barcelona, David Bondia, tambi\u00e9n destaca la importancia de tener una instituci\u00f3n proactiva, que act\u00fae en tiempo real para solucionar, o incluso anticipar, la vulneraci\u00f3n de derechos de las personas. Por este motivo<strong>, en este primer a\u00f1o del proyecto 2021-2026, la Sindicatura ha impulsado un total de 47 actuaciones de oficio<\/strong> que visibilizan las diferentes problem\u00e1ticas de la ciudad.<\/p>\n\n\n\n<p class=\"has-text-align-justify\">Entre otras, resaltan cuatro actuaciones de oficio, que se han convertido en informes monogr\u00e1ficos:<\/p>\n\n\n\n<ul class=\"wp-block-list\"><li><a href=\"https:\/\/www.sindicaturabarcelona.cat\/wp-content\/uploads\/2022\/03\/032022_Informe-Botellots_Sindicatura-de-Greuges-BCN.pdf\" target=\"_blank\" rel=\"noreferrer noopener\">El fenomen del botellot a Barcelona. Perspectives des de la joventut<\/a><\/li><li><a href=\"https:\/\/www.sindicaturabarcelona.cat\/2022\/05\/04\/sindicatura-presenta-informe-joves-migrants-sense-referents-familiars-a-barcelona\/\" target=\"_blank\" rel=\"noreferrer noopener\">La situaci\u00f3 dels joves migrants sense referents familiars a Barcelona<\/a><\/li><li><a href=\"https:\/\/www.sindicaturabarcelona.cat\/2022\/09\/15\/la-sindicatura-de-greuges-de-barcelona-actua-dofici-per-analitzar-lestat-i-el-funcionament-dels-equipaments-policials-de-la-guardia-urbana\/\" target=\"_blank\" rel=\"noreferrer noopener\">Gu\u00e0rdia Urbana i drets humans de proximitat: an\u00e0lisi d\u2019equipaments policials de la ciutat<\/a><\/li><li><a href=\"https:\/\/www.sindicaturabarcelona.cat\/2022\/10\/20\/la-sindicatura-de-greuges-de-barcelona-reclama-que-lacces-a-lenergia-sigui-considerat-un-dret-huma\/\" target=\"_blank\" rel=\"noreferrer noopener\">El dret hum\u00e0 a l\u2019energia: impacte de l\u2019increment de les tarifes de la llum a Barcelona<\/a><\/li><\/ul>\n\n\n\n<p class=\"has-text-align-justify\">En esta l\u00ednea, tambi\u00e9n hay que destacar otras intervenciones de oficio de la Sindicatura de Greuges de Barcelona (algunas de ellas a\u00fan en proceso de resoluci\u00f3n): <a href=\"https:\/\/www.sindicaturabarcelona.cat\/2022\/04\/28\/sindicatura-greuges-barcelona-obre-actuacio-ofici-condicions-cap-gotic-salut\/\" target=\"_blank\" rel=\"noreferrer noopener\">la falta de espacio en el CAP G\u00f2tic<\/a>, <a href=\"https:\/\/www.sindicaturabarcelona.cat\/wp-content\/uploads\/2022\/10\/202209_AO-Serveis-Socials.pdf\" target=\"_blank\" aria-label=\"el funcionamiento de los servicios sociales de la ciudad (opens in a new tab)\" rel=\"noreferrer noopener\" class=\"ek-link\">el funcionamiento de los servicios sociales de la ciudad<\/a>, o <a href=\"https:\/\/www.sindicaturabarcelona.cat\/2022\/06\/29\/la-sindicatura-de-greuges-de-barcelona-obre-una-actuacio-dofici-per-coneixer-lus-del-palauet-albeniz-i-les-despeses-a-carrec-del-pressupost-municipal\/\" target=\"_blank\" rel=\"noreferrer noopener\">el uso del Palauet Alb\u00e9niz y los gastos a cargo del presupuesto municipal<\/a>.<\/p>\n\n\n\n<p><strong><span style=\"text-decoration: underline;\" class=\"ek-underline\">M\u00e1s maneras de intervenir: mediaci\u00f3n administrativa y dictamen<\/span><\/strong><\/p>\n\n\n\n<p class=\"has-text-align-justify\">Durante este primer a\u00f1o, se han explorado <strong>otras v\u00edas de actuaci\u00f3n que se ajusten al reglamento de la Sindicatura de Greuges de Barcelona y que permitan ir m\u00e1s all\u00e1 en la defensa y la garant\u00eda de los derechos fundamentales y las libertades p\u00fablicas<\/strong> de la ciudadan\u00eda barcelonesa.<\/p>\n\n\n\n<p class=\"has-text-align-justify\">Entre otros, <strong>la Sindicatura ha iniciado el camino de la mediaci\u00f3n administrativa para trabajar la resoluci\u00f3n conflictos entre un ciudadano o ciudadana y la administraci\u00f3n municipal<\/strong>. Concretamente, lo ha hecho en <strong>dos casos<\/strong>: en la gesti\u00f3n del espacio p\u00fablico de la ronda Sant Antoni y en la nueva ubicaci\u00f3n de un centro de acogida para personas sin hogar con adicciones junto a una escuela.<\/p>\n\n\n\n<p class=\"has-text-align-justify\">En cuanto al primer caso, y despu\u00e9s de varios encuentros con el vecindario, las asociaciones de comercios y los representantes pol\u00edticos del consistorio, la Sindicatura de Greuges de Barcelona puso \u00e9nfasis en la necesidad de <a href=\"https:\/\/www.sindicaturabarcelona.cat\/2022\/04\/28\/sindicatura-trasllada-recomanacions-a-ajuntament-envers-llosa-ronda-sant-antoni\/\" target=\"_blank\" rel=\"noreferrer noopener\">encontrar una soluci\u00f3n participada en la gesti\u00f3n de la dinamizaci\u00f3n de la losa de la ronda Sant Antoni<\/a> hasta el momento de su retirada.<\/p>\n\n\n\n<p class=\"has-text-align-justify\">La otra situaci\u00f3n en la que la Sindicatura ha aplicado la mediaci\u00f3n administrativa ha sido en la preocupaci\u00f3n generada por la nueva ubicaci\u00f3n de un centro de acogida para personas sin hogar con adicciones junto a un centro escolar, que inquiet\u00f3 a algunas familias de la Escola Les Aig\u00fces. Este proceso de mediaci\u00f3n finaliz\u00f3 con una <a href=\"https:\/\/www.sindicaturabarcelona.cat\/2022\/03\/24\/sindicatura-bcn-sindic-catalunya-demanen-pla-accio-integral-centre-acollida-baix-guinardo\/\" target=\"_blank\" rel=\"noreferrer noopener\">resoluci\u00f3n conjunta de la Sindicatura de Greuges de Barcelona y el S\u00edndic de Greuges de Catalunya<\/a>.<\/p>\n\n\n\n<p class=\"has-text-align-justify\"><strong>En cuanto a otras v\u00edas de intervenci\u00f3n, la Sindicatura tambi\u00e9n emiti\u00f3 un dictamen<\/strong> despu\u00e9s de que el 12 de mayo de 2022 se publicara en el BOPB (Bolet\u00edn Oficial de la Provincia de Barcelona) el anuncio de informaci\u00f3n p\u00fablica del Instituto Municipal de Servicios Sociales (IMSS) sobre la aprobaci\u00f3n de la Ayuda de urgencia social para familias con ni\u00f1os de 0 a 16 a\u00f1os.<\/p>\n\n\n\n<p class=\"has-text-align-justify\">Ante el anuncio de presentar las solicitudes \u00fanicamente por medios electr\u00f3nicos, la Sindicatura record\u00f3 al IMSS que es necesario velar de manera efectiva por la equidad digital y posibilitar otras v\u00edas. <a href=\"https:\/\/www.sindicaturabarcelona.cat\/2022\/05\/26\/la-sindicatura-de-greuges-de-barcelona-elabora-un-dictamen-envers-lanunci-daprovacio-de-lajut-durgencia-social-per-a-families-amb-infants-de-0-a-16-anys\/\" target=\"_blank\" rel=\"noreferrer noopener\">En su dictamen<\/a>, la defensor\u00eda tambi\u00e9n recomend\u00f3 al IMSS que garantice la ampliaci\u00f3n de 4 millones de euros en el importe de la convocatoria, dado el agravio comparativo con ediciones anteriores.<\/p>\n\n\n\n<p><strong><span style=\"text-decoration: underline;\" class=\"ek-underline\">Creaci\u00f3n de un grupo de trabajo para abordar las violencias<\/span><\/strong><\/p>\n\n\n\n<p class=\"has-text-align-justify\">Por \u00faltimo, hay que destacar que la Sindicatura de Greuges de Barcelona ha impulsado la creaci\u00f3n del <a href=\"https:\/\/www.sindicaturabarcelona.cat\/2022\/01\/20\/abus-assetjament-sexual-dones-infancia-adolescencia\/\" target=\"_blank\" rel=\"noreferrer noopener\"><em>Grupo de Trabajo para abordar el abuso y el acoso sexual a mujeres, infancia y adolescencia<\/em><\/a>, con el objetivo de acontecer un espacio para tratar cu\u00e1l es el avance necesario en el tratamiento de estas situaciones por parte de los organismos p\u00fablicos locales, y contribuir al proceso de recuperaci\u00f3n de las secuelas generadas en las v\u00edctimas.<\/p>\n\n\n\n<p class=\"has-text-align-justify\"><strong>Este grupo de trabajo cuenta con la participaci\u00f3n de varios perfiles profesionales, con el objetivo de llevar a cabo un tratamiento hol\u00edstico <\/strong>de la situaci\u00f3n: el s\u00edndic de greuges de Barcelona, David Bondia; la abogada y crimin\u00f3loga experta en derecho penal y g\u00e9nero, Carla Vall; la actriz y vocal de la Academia del Cine Catal\u00e1n, Maria Molins; la psic\u00f3loga especializada en violencias machistas, Aina Troncoso; las periodistas de investigaci\u00f3n Nuria Juanico y Albert Llim\u00f3s; la fundadora de la Fundaci\u00f3n Vicki Bernadet, la misma Vicki Bernadet, y la psic\u00f3loga de la Asociaci\u00f3n in via, Patricia Ortu\u00f1o.<\/p>\n\n\n\n<p><strong><span style=\"text-decoration: underline;\" class=\"ek-underline\">Analizar la ciudad en funci\u00f3n de la afectaci\u00f3n de derechos<\/span><\/strong><\/p>\n\n\n\n<p class=\"has-text-align-justify\">Este a\u00f1o 2022, la Sindicatura de Greuges de Barcelona ha establecido una nueva metodolog\u00eda de clasificaci\u00f3n de sus intervenciones. En esta nueva organizaci\u00f3n, la instituci\u00f3n estructurar\u00e1 sus actuaciones en funci\u00f3n de los derechos afectados.<\/p>\n\n\n\n<p class=\"has-text-align-justify\">Concretamente, la Sindicatura ha establecido cuatro \u00e1mbitos de actuaci\u00f3n y un eje interseccional.<\/p>\n\n\n\n<figure class=\"wp-block-image size-large\"><img decoding=\"async\" src=\"https:\/\/www.sindicaturabarcelona.cat\/wp-content\/uploads\/2022\/10\/Twtitter-2-1024x512.png\" alt=\"\" class=\"wp-image-15287\"\/><\/figure>\n","protected":false},"excerpt":{"rendered":"<p>El nuevo proyecto de la Sindicatura de Greuges de Barcelona para el periodo 2021-2026 empez\u00f3 un a\u00f1o atr\u00e1s, cuando David Bondia tom\u00f3 posesi\u00f3n como nuevo s\u00edndic de greuges de Barcelona [&hellip;]<\/p>\n","protected":false},"author":2,"featured_media":15285,"comment_status":"closed","ping_status":"open","sticky":false,"template":"","format":"standard","meta":{"_acf_changed":false,"footnotes":""},"tags":[],"drets":[],"class_list":["post-15286","post","type-post","status-publish","format-standard","has-post-thumbnail","hentry"],"acf":[],"yoast_head":"<!-- This site is optimized with the Yoast SEO plugin v27.5 - https:\/\/yoast.com\/product\/yoast-seo-wordpress\/ -->\n<title>La Sindicatura de Greuges de Barcelona repasa el primer a\u00f1o del per\u00edodo 2021-2026 - Sindicatura de Greuges de Barcelona<\/title>\n<meta name=\"description\" content=\"El nuevo proyecto de la Sindicatura empez\u00f3 un a\u00f1o atr\u00e1s, cuando David Bondia tom\u00f3 posesi\u00f3n el pasado mes de octubre de 2021.\" \/>\n<meta name=\"robots\" content=\"index, follow, max-snippet:-1, max-image-preview:large, max-video-preview:-1\" \/>\n<link rel=\"canonical\" href=\"https:\/\/www.sindicaturabarcelona.cat\/es\/la-sindicatura-de-greuges-de-barcelona-repasa-el-primer-ano-del-periodo-2021-2026\/\" \/>\n<meta property=\"og:locale\" content=\"es_ES\" \/>\n<meta property=\"og:type\" content=\"article\" \/>\n<meta property=\"og:title\" content=\"La Sindicatura de Greuges de Barcelona repasa el primer a\u00f1o del per\u00edodo 2021-2026 - Sindicatura de Greuges de Barcelona\" \/>\n<meta property=\"og:description\" content=\"El nuevo proyecto de la Sindicatura empez\u00f3 un a\u00f1o atr\u00e1s, cuando David Bondia tom\u00f3 posesi\u00f3n el pasado mes de octubre de 2021.\" \/>\n<meta property=\"og:url\" content=\"https:\/\/www.sindicaturabarcelona.cat\/es\/la-sindicatura-de-greuges-de-barcelona-repasa-el-primer-ano-del-periodo-2021-2026\/\" \/>\n<meta property=\"og:site_name\" content=\"Sindicatura de Greuges de Barcelona\" \/>\n<meta property=\"article:published_time\" content=\"2022-10-27T14:23:51+00:00\" \/>\n<meta property=\"article:modified_time\" content=\"2022-10-28T16:01:10+00:00\" \/>\n<meta property=\"og:image\" content=\"https:\/\/www.sindicaturabarcelona.cat\/wp-content\/uploads\/2022\/10\/7D9A8351-scaled.jpg\" \/>\n\t<meta property=\"og:image:width\" content=\"2560\" \/>\n\t<meta property=\"og:image:height\" content=\"1707\" \/>\n\t<meta property=\"og:image:type\" content=\"image\/jpeg\" \/>\n<meta name=\"author\" content=\"Pablo\" \/>\n<meta name=\"twitter:card\" content=\"summary_large_image\" \/>\n<meta name=\"twitter:creator\" content=\"@sindicbarcelona\" \/>\n<meta name=\"twitter:site\" content=\"@sindicbarcelona\" \/>\n<meta name=\"twitter:label1\" content=\"Escrito por\" \/>\n\t<meta name=\"twitter:data1\" content=\"Pablo\" \/>\n\t<meta name=\"twitter:label2\" content=\"Tiempo de lectura\" \/>\n\t<meta name=\"twitter:data2\" content=\"7 minutos\" \/>\n<script type=\"application\/ld+json\" class=\"yoast-schema-graph\">{\"@context\":\"https:\\\/\\\/schema.org\",\"@graph\":[{\"@type\":\"Article\",\"@id\":\"https:\\\/\\\/www.sindicaturabarcelona.cat\\\/es\\\/la-sindicatura-de-greuges-de-barcelona-repasa-el-primer-ano-del-periodo-2021-2026\\\/#article\",\"isPartOf\":{\"@id\":\"https:\\\/\\\/www.sindicaturabarcelona.cat\\\/es\\\/la-sindicatura-de-greuges-de-barcelona-repasa-el-primer-ano-del-periodo-2021-2026\\\/\"},\"author\":{\"name\":\"Pablo\",\"@id\":\"https:\\\/\\\/www.sindicaturabarcelona.cat\\\/es\\\/#\\\/schema\\\/person\\\/0e5acffc350ffdbc97578159322c9452\"},\"headline\":\"La Sindicatura de Greuges de Barcelona repasa el primer a\u00f1o del per\u00edodo 2021-2026\",\"datePublished\":\"2022-10-27T14:23:51+00:00\",\"dateModified\":\"2022-10-28T16:01:10+00:00\",\"mainEntityOfPage\":{\"@id\":\"https:\\\/\\\/www.sindicaturabarcelona.cat\\\/es\\\/la-sindicatura-de-greuges-de-barcelona-repasa-el-primer-ano-del-periodo-2021-2026\\\/\"},\"wordCount\":1288,\"publisher\":{\"@id\":\"https:\\\/\\\/www.sindicaturabarcelona.cat\\\/es\\\/#organization\"},\"image\":{\"@id\":\"https:\\\/\\\/www.sindicaturabarcelona.cat\\\/es\\\/la-sindicatura-de-greuges-de-barcelona-repasa-el-primer-ano-del-periodo-2021-2026\\\/#primaryimage\"},\"thumbnailUrl\":\"https:\\\/\\\/www.sindicaturabarcelona.cat\\\/wp-content\\\/uploads\\\/2022\\\/10\\\/7D9A8351-scaled.jpg\",\"inLanguage\":\"es\"},{\"@type\":\"WebPage\",\"@id\":\"https:\\\/\\\/www.sindicaturabarcelona.cat\\\/es\\\/la-sindicatura-de-greuges-de-barcelona-repasa-el-primer-ano-del-periodo-2021-2026\\\/\",\"url\":\"https:\\\/\\\/www.sindicaturabarcelona.cat\\\/es\\\/la-sindicatura-de-greuges-de-barcelona-repasa-el-primer-ano-del-periodo-2021-2026\\\/\",\"name\":\"La Sindicatura de Greuges de Barcelona repasa el primer a\u00f1o del per\u00edodo 2021-2026 - Sindicatura de Greuges de Barcelona\",\"isPartOf\":{\"@id\":\"https:\\\/\\\/www.sindicaturabarcelona.cat\\\/es\\\/#website\"},\"primaryImageOfPage\":{\"@id\":\"https:\\\/\\\/www.sindicaturabarcelona.cat\\\/es\\\/la-sindicatura-de-greuges-de-barcelona-repasa-el-primer-ano-del-periodo-2021-2026\\\/#primaryimage\"},\"image\":{\"@id\":\"https:\\\/\\\/www.sindicaturabarcelona.cat\\\/es\\\/la-sindicatura-de-greuges-de-barcelona-repasa-el-primer-ano-del-periodo-2021-2026\\\/#primaryimage\"},\"thumbnailUrl\":\"https:\\\/\\\/www.sindicaturabarcelona.cat\\\/wp-content\\\/uploads\\\/2022\\\/10\\\/7D9A8351-scaled.jpg\",\"datePublished\":\"2022-10-27T14:23:51+00:00\",\"dateModified\":\"2022-10-28T16:01:10+00:00\",\"description\":\"El nuevo proyecto de la Sindicatura empez\u00f3 un a\u00f1o atr\u00e1s, cuando David Bondia tom\u00f3 posesi\u00f3n el pasado mes de octubre de 2021.\",\"breadcrumb\":{\"@id\":\"https:\\\/\\\/www.sindicaturabarcelona.cat\\\/es\\\/la-sindicatura-de-greuges-de-barcelona-repasa-el-primer-ano-del-periodo-2021-2026\\\/#breadcrumb\"},\"inLanguage\":\"es\",\"potentialAction\":[{\"@type\":\"ReadAction\",\"target\":[\"https:\\\/\\\/www.sindicaturabarcelona.cat\\\/es\\\/la-sindicatura-de-greuges-de-barcelona-repasa-el-primer-ano-del-periodo-2021-2026\\\/\"]}]},{\"@type\":\"ImageObject\",\"inLanguage\":\"es\",\"@id\":\"https:\\\/\\\/www.sindicaturabarcelona.cat\\\/es\\\/la-sindicatura-de-greuges-de-barcelona-repasa-el-primer-ano-del-periodo-2021-2026\\\/#primaryimage\",\"url\":\"https:\\\/\\\/www.sindicaturabarcelona.cat\\\/wp-content\\\/uploads\\\/2022\\\/10\\\/7D9A8351-scaled.jpg\",\"contentUrl\":\"https:\\\/\\\/www.sindicaturabarcelona.cat\\\/wp-content\\\/uploads\\\/2022\\\/10\\\/7D9A8351-scaled.jpg\",\"width\":2560,\"height\":1707},{\"@type\":\"BreadcrumbList\",\"@id\":\"https:\\\/\\\/www.sindicaturabarcelona.cat\\\/es\\\/la-sindicatura-de-greuges-de-barcelona-repasa-el-primer-ano-del-periodo-2021-2026\\\/#breadcrumb\",\"itemListElement\":[{\"@type\":\"ListItem\",\"position\":1,\"name\":\"Inici\",\"item\":\"https:\\\/\\\/www.sindicaturabarcelona.cat\\\/es\\\/\"},{\"@type\":\"ListItem\",\"position\":2,\"name\":\"La Sindicatura de Greuges de Barcelona repasa el primer a\u00f1o del per\u00edodo 2021-2026\"}]},{\"@type\":\"WebSite\",\"@id\":\"https:\\\/\\\/www.sindicaturabarcelona.cat\\\/es\\\/#website\",\"url\":\"https:\\\/\\\/www.sindicaturabarcelona.cat\\\/es\\\/\",\"name\":\"Sindicatura de Greuges de Barcelona\",\"description\":\"La defensoria dels teus drets\",\"publisher\":{\"@id\":\"https:\\\/\\\/www.sindicaturabarcelona.cat\\\/es\\\/#organization\"},\"potentialAction\":[{\"@type\":\"SearchAction\",\"target\":{\"@type\":\"EntryPoint\",\"urlTemplate\":\"https:\\\/\\\/www.sindicaturabarcelona.cat\\\/es\\\/?s={search_term_string}\"},\"query-input\":{\"@type\":\"PropertyValueSpecification\",\"valueRequired\":true,\"valueName\":\"search_term_string\"}}],\"inLanguage\":\"es\"},{\"@type\":\"Organization\",\"@id\":\"https:\\\/\\\/www.sindicaturabarcelona.cat\\\/es\\\/#organization\",\"name\":\"Sindicatura de Greuges de Barcelona\",\"url\":\"https:\\\/\\\/www.sindicaturabarcelona.cat\\\/es\\\/\",\"logo\":{\"@type\":\"ImageObject\",\"inLanguage\":\"es\",\"@id\":\"https:\\\/\\\/www.sindicaturabarcelona.cat\\\/es\\\/#\\\/schema\\\/logo\\\/image\\\/\",\"url\":\"https:\\\/\\\/www.sindicaturabarcelona.cat\\\/wp-content\\\/uploads\\\/2023\\\/02\\\/logo_sindicatura.svg\",\"contentUrl\":\"https:\\\/\\\/www.sindicaturabarcelona.cat\\\/wp-content\\\/uploads\\\/2023\\\/02\\\/logo_sindicatura.svg\",\"caption\":\"Sindicatura de Greuges de Barcelona\"},\"image\":{\"@id\":\"https:\\\/\\\/www.sindicaturabarcelona.cat\\\/es\\\/#\\\/schema\\\/logo\\\/image\\\/\"},\"sameAs\":[\"https:\\\/\\\/x.com\\\/sindicbarcelona\",\"https:\\\/\\\/www.instagram.com\\\/sindicbarcelona\\\/\",\"https:\\\/\\\/www.tiktok.com\\\/@sindicaturabcn\",\"https:\\\/\\\/t.me\\\/sindicaturabarcelona\"]},{\"@type\":\"Person\",\"@id\":\"https:\\\/\\\/www.sindicaturabarcelona.cat\\\/es\\\/#\\\/schema\\\/person\\\/0e5acffc350ffdbc97578159322c9452\",\"name\":\"Pablo\",\"image\":{\"@type\":\"ImageObject\",\"inLanguage\":\"es\",\"@id\":\"https:\\\/\\\/secure.gravatar.com\\\/avatar\\\/c948169b402ef9492afde705c3dfd5e90e1a6a84ef6840a91124f805a25a480f?s=96&d=mm&r=g\",\"url\":\"https:\\\/\\\/secure.gravatar.com\\\/avatar\\\/c948169b402ef9492afde705c3dfd5e90e1a6a84ef6840a91124f805a25a480f?s=96&d=mm&r=g\",\"contentUrl\":\"https:\\\/\\\/secure.gravatar.com\\\/avatar\\\/c948169b402ef9492afde705c3dfd5e90e1a6a84ef6840a91124f805a25a480f?s=96&d=mm&r=g\",\"caption\":\"Pablo\"},\"url\":\"https:\\\/\\\/www.sindicaturabarcelona.cat\\\/es\\\/author\\\/pablo\\\/\"}]}<\/script>\n<!-- \/ Yoast SEO plugin. -->","yoast_head_json":{"title":"La Sindicatura de Greuges de Barcelona repasa el primer a\u00f1o del per\u00edodo 2021-2026 - Sindicatura de Greuges de Barcelona","description":"El nuevo proyecto de la Sindicatura empez\u00f3 un a\u00f1o atr\u00e1s, cuando David Bondia tom\u00f3 posesi\u00f3n el pasado mes de octubre de 2021.","robots":{"index":"index","follow":"follow","max-snippet":"max-snippet:-1","max-image-preview":"max-image-preview:large","max-video-preview":"max-video-preview:-1"},"canonical":"https:\/\/www.sindicaturabarcelona.cat\/es\/la-sindicatura-de-greuges-de-barcelona-repasa-el-primer-ano-del-periodo-2021-2026\/","og_locale":"es_ES","og_type":"article","og_title":"La Sindicatura de Greuges de Barcelona repasa el primer a\u00f1o del per\u00edodo 2021-2026 - Sindicatura de Greuges de Barcelona","og_description":"El nuevo proyecto de la Sindicatura empez\u00f3 un a\u00f1o atr\u00e1s, cuando David Bondia tom\u00f3 posesi\u00f3n el pasado mes de octubre de 2021.","og_url":"https:\/\/www.sindicaturabarcelona.cat\/es\/la-sindicatura-de-greuges-de-barcelona-repasa-el-primer-ano-del-periodo-2021-2026\/","og_site_name":"Sindicatura de Greuges de Barcelona","article_published_time":"2022-10-27T14:23:51+00:00","article_modified_time":"2022-10-28T16:01:10+00:00","og_image":[{"width":2560,"height":1707,"url":"https:\/\/www.sindicaturabarcelona.cat\/wp-content\/uploads\/2022\/10\/7D9A8351-scaled.jpg","type":"image\/jpeg"}],"author":"Pablo","twitter_card":"summary_large_image","twitter_creator":"@sindicbarcelona","twitter_site":"@sindicbarcelona","twitter_misc":{"Escrito por":"Pablo","Tiempo de lectura":"7 minutos"},"schema":{"@context":"https:\/\/schema.org","@graph":[{"@type":"Article","@id":"https:\/\/www.sindicaturabarcelona.cat\/es\/la-sindicatura-de-greuges-de-barcelona-repasa-el-primer-ano-del-periodo-2021-2026\/#article","isPartOf":{"@id":"https:\/\/www.sindicaturabarcelona.cat\/es\/la-sindicatura-de-greuges-de-barcelona-repasa-el-primer-ano-del-periodo-2021-2026\/"},"author":{"name":"Pablo","@id":"https:\/\/www.sindicaturabarcelona.cat\/es\/#\/schema\/person\/0e5acffc350ffdbc97578159322c9452"},"headline":"La Sindicatura de Greuges de Barcelona repasa el primer a\u00f1o del per\u00edodo 2021-2026","datePublished":"2022-10-27T14:23:51+00:00","dateModified":"2022-10-28T16:01:10+00:00","mainEntityOfPage":{"@id":"https:\/\/www.sindicaturabarcelona.cat\/es\/la-sindicatura-de-greuges-de-barcelona-repasa-el-primer-ano-del-periodo-2021-2026\/"},"wordCount":1288,"publisher":{"@id":"https:\/\/www.sindicaturabarcelona.cat\/es\/#organization"},"image":{"@id":"https:\/\/www.sindicaturabarcelona.cat\/es\/la-sindicatura-de-greuges-de-barcelona-repasa-el-primer-ano-del-periodo-2021-2026\/#primaryimage"},"thumbnailUrl":"https:\/\/www.sindicaturabarcelona.cat\/wp-content\/uploads\/2022\/10\/7D9A8351-scaled.jpg","inLanguage":"es"},{"@type":"WebPage","@id":"https:\/\/www.sindicaturabarcelona.cat\/es\/la-sindicatura-de-greuges-de-barcelona-repasa-el-primer-ano-del-periodo-2021-2026\/","url":"https:\/\/www.sindicaturabarcelona.cat\/es\/la-sindicatura-de-greuges-de-barcelona-repasa-el-primer-ano-del-periodo-2021-2026\/","name":"La Sindicatura de Greuges de Barcelona repasa el primer a\u00f1o del per\u00edodo 2021-2026 - Sindicatura de Greuges de Barcelona","isPartOf":{"@id":"https:\/\/www.sindicaturabarcelona.cat\/es\/#website"},"primaryImageOfPage":{"@id":"https:\/\/www.sindicaturabarcelona.cat\/es\/la-sindicatura-de-greuges-de-barcelona-repasa-el-primer-ano-del-periodo-2021-2026\/#primaryimage"},"image":{"@id":"https:\/\/www.sindicaturabarcelona.cat\/es\/la-sindicatura-de-greuges-de-barcelona-repasa-el-primer-ano-del-periodo-2021-2026\/#primaryimage"},"thumbnailUrl":"https:\/\/www.sindicaturabarcelona.cat\/wp-content\/uploads\/2022\/10\/7D9A8351-scaled.jpg","datePublished":"2022-10-27T14:23:51+00:00","dateModified":"2022-10-28T16:01:10+00:00","description":"El nuevo proyecto de la Sindicatura empez\u00f3 un a\u00f1o atr\u00e1s, cuando David Bondia tom\u00f3 posesi\u00f3n el pasado mes de octubre de 2021.","breadcrumb":{"@id":"https:\/\/www.sindicaturabarcelona.cat\/es\/la-sindicatura-de-greuges-de-barcelona-repasa-el-primer-ano-del-periodo-2021-2026\/#breadcrumb"},"inLanguage":"es","potentialAction":[{"@type":"ReadAction","target":["https:\/\/www.sindicaturabarcelona.cat\/es\/la-sindicatura-de-greuges-de-barcelona-repasa-el-primer-ano-del-periodo-2021-2026\/"]}]},{"@type":"ImageObject","inLanguage":"es","@id":"https:\/\/www.sindicaturabarcelona.cat\/es\/la-sindicatura-de-greuges-de-barcelona-repasa-el-primer-ano-del-periodo-2021-2026\/#primaryimage","url":"https:\/\/www.sindicaturabarcelona.cat\/wp-content\/uploads\/2022\/10\/7D9A8351-scaled.jpg","contentUrl":"https:\/\/www.sindicaturabarcelona.cat\/wp-content\/uploads\/2022\/10\/7D9A8351-scaled.jpg","width":2560,"height":1707},{"@type":"BreadcrumbList","@id":"https:\/\/www.sindicaturabarcelona.cat\/es\/la-sindicatura-de-greuges-de-barcelona-repasa-el-primer-ano-del-periodo-2021-2026\/#breadcrumb","itemListElement":[{"@type":"ListItem","position":1,"name":"Inici","item":"https:\/\/www.sindicaturabarcelona.cat\/es\/"},{"@type":"ListItem","position":2,"name":"La Sindicatura de Greuges de Barcelona repasa el primer a\u00f1o del per\u00edodo 2021-2026"}]},{"@type":"WebSite","@id":"https:\/\/www.sindicaturabarcelona.cat\/es\/#website","url":"https:\/\/www.sindicaturabarcelona.cat\/es\/","name":"Sindicatura de Greuges de Barcelona","description":"La defensoria dels teus drets","publisher":{"@id":"https:\/\/www.sindicaturabarcelona.cat\/es\/#organization"},"potentialAction":[{"@type":"SearchAction","target":{"@type":"EntryPoint","urlTemplate":"https:\/\/www.sindicaturabarcelona.cat\/es\/?s={search_term_string}"},"query-input":{"@type":"PropertyValueSpecification","valueRequired":true,"valueName":"search_term_string"}}],"inLanguage":"es"},{"@type":"Organization","@id":"https:\/\/www.sindicaturabarcelona.cat\/es\/#organization","name":"Sindicatura de Greuges de Barcelona","url":"https:\/\/www.sindicaturabarcelona.cat\/es\/","logo":{"@type":"ImageObject","inLanguage":"es","@id":"https:\/\/www.sindicaturabarcelona.cat\/es\/#\/schema\/logo\/image\/","url":"https:\/\/www.sindicaturabarcelona.cat\/wp-content\/uploads\/2023\/02\/logo_sindicatura.svg","contentUrl":"https:\/\/www.sindicaturabarcelona.cat\/wp-content\/uploads\/2023\/02\/logo_sindicatura.svg","caption":"Sindicatura de Greuges de Barcelona"},"image":{"@id":"https:\/\/www.sindicaturabarcelona.cat\/es\/#\/schema\/logo\/image\/"},"sameAs":["https:\/\/x.com\/sindicbarcelona","https:\/\/www.instagram.com\/sindicbarcelona\/","https:\/\/www.tiktok.com\/@sindicaturabcn","https:\/\/t.me\/sindicaturabarcelona"]},{"@type":"Person","@id":"https:\/\/www.sindicaturabarcelona.cat\/es\/#\/schema\/person\/0e5acffc350ffdbc97578159322c9452","name":"Pablo","image":{"@type":"ImageObject","inLanguage":"es","@id":"https:\/\/secure.gravatar.com\/avatar\/c948169b402ef9492afde705c3dfd5e90e1a6a84ef6840a91124f805a25a480f?s=96&d=mm&r=g","url":"https:\/\/secure.gravatar.com\/avatar\/c948169b402ef9492afde705c3dfd5e90e1a6a84ef6840a91124f805a25a480f?s=96&d=mm&r=g","contentUrl":"https:\/\/secure.gravatar.com\/avatar\/c948169b402ef9492afde705c3dfd5e90e1a6a84ef6840a91124f805a25a480f?s=96&d=mm&r=g","caption":"Pablo"},"url":"https:\/\/www.sindicaturabarcelona.cat\/es\/author\/pablo\/"}]}},"_links":{"self":[{"href":"https:\/\/www.sindicaturabarcelona.cat\/es\/wp-json\/wp\/v2\/posts\/15286","targetHints":{"allow":["GET"]}}],"collection":[{"href":"https:\/\/www.sindicaturabarcelona.cat\/es\/wp-json\/wp\/v2\/posts"}],"about":[{"href":"https:\/\/www.sindicaturabarcelona.cat\/es\/wp-json\/wp\/v2\/types\/post"}],"author":[{"embeddable":true,"href":"https:\/\/www.sindicaturabarcelona.cat\/es\/wp-json\/wp\/v2\/users\/2"}],"replies":[{"embeddable":true,"href":"https:\/\/www.sindicaturabarcelona.cat\/es\/wp-json\/wp\/v2\/comments?post=15286"}],"version-history":[{"count":0,"href":"https:\/\/www.sindicaturabarcelona.cat\/es\/wp-json\/wp\/v2\/posts\/15286\/revisions"}],"wp:featuredmedia":[{"embeddable":true,"href":"https:\/\/www.sindicaturabarcelona.cat\/es\/wp-json\/wp\/v2\/media\/15285"}],"wp:attachment":[{"href":"https:\/\/www.sindicaturabarcelona.cat\/es\/wp-json\/wp\/v2\/media?parent=15286"}],"wp:term":[{"taxonomy":"post_tag","embeddable":true,"href":"https:\/\/www.sindicaturabarcelona.cat\/es\/wp-json\/wp\/v2\/tags?post=15286"},{"taxonomy":"drets","embeddable":true,"href":"https:\/\/www.sindicaturabarcelona.cat\/es\/wp-json\/wp\/v2\/drets?post=15286"}],"curies":[{"name":"wp","href":"https:\/\/api.w.org\/{rel}","templated":true}]}}