{"id":15251,"date":"2022-10-20T16:37:18","date_gmt":"2022-10-20T14:37:18","guid":{"rendered":"https:\/\/www.sindicaturabarcelona.cat\/?p=15251"},"modified":"2022-10-21T12:58:10","modified_gmt":"2022-10-21T10:58:10","slug":"la-sindicatura-de-greuges-de-barcelona-reclama-que-el-acceso-a-la-energia-sea-considerado-un-derecho-humano","status":"publish","type":"post","link":"https:\/\/www.sindicaturabarcelona.cat\/es\/la-sindicatura-de-greuges-de-barcelona-reclama-que-el-acceso-a-la-energia-sea-considerado-un-derecho-humano\/","title":{"rendered":"La Sindicatura de Greuges de Barcelona reclama que el acceso a la energ\u00eda sea considerado un derecho humano"},"content":{"rendered":"\n<figure class=\"wp-block-pullquote\"><blockquote><p><strong>Una nueva actuaci\u00f3n de oficio de la instituci\u00f3n defiende la necesidad de formular y concretar el derecho humano a la energ\u00eda para poder exigir jur\u00eddicamente su efectividad.<\/strong><\/p><p><strong>Despu\u00e9s de analizar el incremento del importe de las tarifas el\u00e9ctricas y las iniciativas p\u00fablicas, la Sindicatura ha trasladado veinte recomendaciones al Ayuntamiento de Barcelona.<\/strong><\/p><\/blockquote><\/figure>\n\n\n\n<p class=\"has-text-align-justify\">En el marco del D\u00eda Mundial del Ahorro de Energ\u00eda decretado por el\u00a0World\u00a0Energy\u00a0Forum, que se celebra ma\u00f1ana 21 de octubre, la Sindicatura de Greuges ha publicado el informe <a href=\"https:\/\/www.sindicaturabarcelona.cat\/wp-content\/uploads\/2022\/10\/Dret-Huma-Energia-Sindicatura-Barcelona.pdf\" target=\"_blank\" aria-label=\"El derecho humano en la energ\u00eda: impacto del incremento de las tarifas de la luz en Barcelona, (opens in a new tab)\" rel=\"noreferrer noopener\" class=\"ek-link\"><em>El derecho humano en la energ\u00eda: impacto del incremento de las tarifas de la luz en Barcelona<\/em>,<\/a> en el que <strong>se analiza el impacto del incremento de las tarifas el\u00e9ctricas en Barcelona, tanto en la ciudadan\u00eda como en el Ayuntamiento, y se exploran v\u00edas adecuadas para minimizar sus efectos<\/strong>.<\/p>\n\n\n\n<p class=\"has-text-align-justify\">A lo largo del 2021 y del primer semestre del 2022, se ha producido una subida hist\u00f3rica del precio de la electricidad en el mercado mayorista, que a principios de a\u00f1o rondaba los 50 \u20ac\/MWh&nbsp;y ha aumentado hasta superar los 500 \u20ac\/MWh&nbsp;con el inicio de la guerra de Ucrania. Por este motivo, <strong>la Sindicatura intervino de oficio<\/strong> para elaborar <em>El derecho humano a la energ\u00eda: impacto del incremento de las tarifas de la luz en Barcelona<\/em>, <strong>un informe que defiende la necesidad de abordar los asuntos relacionados con la energ\u00eda desde un enfoque basado en los derechos humanos<\/strong>.<\/p>\n\n\n\n<p class=\"has-text-align-justify\">La defensor\u00eda considera que hace falta un <strong>cambio de paradigma<\/strong>: dejar atr\u00e1s el concepto de las personas como meros clientes de una empresa suministradora, y conseguir que los ciudadanos y ciudadanas sean titulares de un derecho subjetivo a los suministros b\u00e1sicos a un precio asequible (y dentro de unos par\u00e1metros b\u00e1sicos y esenciales de consumo). Es conveniente recordar que, actualmente, el control sobre la energ\u00eda se concentra en manos de unos cu\u00e1ntos actores econ\u00f3micos, grandes oligopolios, con el visto bueno de las autoridades p\u00fablicas.<\/p>\n\n\n\n<p class=\"has-text-align-justify\"><strong>Revertir las l\u00f3gicas imperantes hoy en d\u00eda pasa por la formulaci\u00f3n y el reconocimiento del derecho humano a la energ\u00eda<\/strong>. En este estudio presentado por la Sindicatura, se identifica el marco jur\u00eddico protector del derecho a la energ\u00eda en el \u00e1mbito internacional, estatal y europeo, y se explica el modelo de protecci\u00f3n para las personas m\u00e1s&nbsp;vulnerabilizadas, a escala estatal, auton\u00f3mica y local. A continuaci\u00f3n, se detallan buenas pr\u00e1cticas y, finalmente, <strong>se presentan propuestas de actuaci\u00f3n y recomendaciones de la Sindicatura de Greuges al Ayuntamiento de Barcelona en esta materia.<\/strong><\/p>\n\n\n\n<p><strong><u>El derecho a la energ\u00eda debe ser considerado un nuevo derecho humano<\/u><\/strong><\/p>\n\n\n\n<p class=\"has-text-align-justify\">El derecho a la energ\u00eda todav\u00eda no ha sido reconocido expl\u00edcitamente por ning\u00fan instrumento internacional de derechos humanos. Hoy en d\u00eda se trata de un constructo pol\u00edtico impulsado desde la sociedad civil, que tiene el objetivo de <strong>conseguir que la energ\u00eda sea tratada como un bien esencial, m\u00e1s all\u00e1 del concepto actual de mercanc\u00eda<\/strong>. Se debe recordar que es un bien indispensable para atender las necesidades b\u00e1sicas de la vida diaria de una persona en una vivienda: luz,&nbsp;calefacci\u00f3n, refrigeraci\u00f3n, alimentaci\u00f3n, comunicaci\u00f3n, movilidad, etc.<\/p>\n\n\n\n<p class=\"has-text-align-justify\">La premisa de partida de este informe se basa en la necesidad y el reconocimiento del derecho a la energ\u00eda como un nuevo derecho humano. Ante la situaci\u00f3n actual de pobreza energ\u00e9tica, <strong>se han implementado estrategias estatales y auton\u00f3micas destinadas a hacer frente a los efectos de la crisis econ\u00f3mica en la poblaci\u00f3n m\u00e1s&nbsp;vulnerabilizada. A pesar de que son medidas necesarias, tambi\u00e9n son insuficientes, puesto que su fundamento se basa en el asistencialismo, pero persiste la carencia de obligaciones jur\u00eddicas vinculantes<\/strong>. Por este motivo, <strong>la Sindicatura considera imprescindible formular y concretar la necesidad de un derecho humano a la energ\u00eda para poder exigir jur\u00eddicamente su efectividad<\/strong>.<\/p>\n\n\n\n<p class=\"has-text-align-justify\">Por otro lado, el derecho a los suministros b\u00e1sicos s\u00ed que ha formado parte sustancial de otros derechos reconocidos internacionalmente. Pero hay que dar un paso m\u00e1s all\u00e1 para establecer un marco jur\u00eddico aut\u00f3nomo que sirva de herramienta para las propuestas e iniciativas legislativas que llevan a cabo para paliar la pobreza energ\u00e9tica.<\/p>\n\n\n\n<p class=\"has-text-align-justify\">En esta l\u00ednea, <strong>la formulaci\u00f3n del derecho humano a la energ\u00eda se engloba en el discurso renovador de los derechos humanos emergentes<\/strong>, que cuestionan y revolucionan el c\u00f3digo de valores utilizado hasta ahora, y adecuan las exigencias morales a nuevas circunstancias. La Sindicatura entiende que <strong>el derecho humano a la energ\u00eda se debe contextualizar en una triple dimensi\u00f3n<\/strong>: un derecho de la ciudadan\u00eda (acabar con la concepci\u00f3n que es un derecho del consumidor); un servicio p\u00fablico (dejar de entenderla como un bien privado y una fuente de lucro), y una base necesaria para la transici\u00f3n energ\u00e9tica hacia las energ\u00edas renovables.<\/p>\n\n\n\n<p class=\"has-text-align-justify\">Como ya se ha citado anteriormente, la concreci\u00f3n del derecho humano a la energ\u00eda permite articular un discurso centrado en la necesidad de <strong>concebir la energ\u00eda como un bien com\u00fan<\/strong>. El estudio de la Sindicatura ya se avanza a una posible reacci\u00f3n contraria a esta medida, que base los argumentos en su coste. Esta oposici\u00f3n puede ser rebatida de dos maneras: todos los derechos humanos son caros y la implementaci\u00f3n de los mismos no puede fijarse en funci\u00f3n de los gastos, sino de las necesidades.<\/p>\n\n\n\n<p class=\"has-text-align-justify\"><strong>\u201cNo ser\u00e1 una tarea f\u00e1cil, pero s\u00ed posible: solo hay que mirar atr\u00e1s y darnos cuenta del camino que ha recorrido hace pocos a\u00f1os el reconocimiento del derecho al agua potable y el saneamiento. La energ\u00eda tambi\u00e9n es indispensable para la vida de las personas\u201d<\/strong>, ha manifestado David Bondia, s\u00edndic de greuges de Barcelona.<\/p>\n\n\n\n<p>La formulaci\u00f3n del derecho humano a la energ\u00eda no puede quedar \u00fanicamente en manos de los juristas, puesto que hace falta un trabajo conjunto desde varias disciplinas (econom\u00eda, ingenier\u00eda, sociolog\u00eda, psicolog\u00eda,&nbsp;politolog\u00eda, etc.). Esta interacci\u00f3n entre los diversos \u00e1mbitos posibilita <strong>aplicar seis ejes de actuaci\u00f3n a la configuraci\u00f3n del derecho humano a la energ\u00eda<\/strong>: disponibilidad; accesibilidad; asequibilidad y aceptabilidad; calidad; participaci\u00f3n, y sostenibilidad.<\/p>\n\n\n\n<p class=\"has-text-align-justify\">Tambi\u00e9n se debe determinar la estructura interna del derecho humano a la energ\u00eda, la titularidad y el objeto de protecci\u00f3n. Ante el dilema de si es un derecho individual o un derecho colectivo, <strong>la Sindicatura conviene que es un derecho de titularidad individual que protege intereses comunes<\/strong>. Por lo tanto, su exigibilidad ante las administraciones puede hacerse de manera individual (derecho inherente a la persona o familia) o colectiva (garant\u00eda de bienes comunes), sin que una forma excluya la otra.<\/p>\n\n\n\n<p><strong><u>Las medidas impulsadas contra la pobreza energ\u00e9tica en Barcelona<\/u><\/strong><\/p>\n\n\n\n<p class=\"has-text-align-justify\">A diferencia de lo que pasa con el suministro de agua, en el que la competencia es de car\u00e1cter municipal, en el caso del suministro el\u00e9ctrico, el marco competencial del que disponen las entidades locales es m\u00e1s reducido. Sin embargo, actualmente est\u00e1n asumiendo funciones relevantes y, probablemente, todav\u00eda podr\u00edan desarrollar m\u00e1s.<\/p>\n\n\n\n<p class=\"has-text-align-justify\">Tambi\u00e9n hay que recordar que <strong>una parte importante de la aplicaci\u00f3n de las medidas previstas por la legislaci\u00f3n estatal y auton\u00f3mica depende de informes y documentos emitidos desde las instituciones municipales, generalmente los servicios sociales<\/strong>.<\/p>\n\n\n\n<p class=\"has-text-align-justify\">Entre otras acciones, <strong>en Barcelona hay que destacar la creaci\u00f3n de una red extensa de <a href=\"https:\/\/ajuntament.barcelona.cat\/dretssocials\/es\/innovacion-social\/pae-puntos-de-asesoramiento-energ%C3%A9tico\" target=\"_blank\" aria-label=\"puntos de asesoramiento energ\u00e9tico (PAE) (opens in a new tab)\" rel=\"noreferrer noopener\" class=\"ek-link\">puntos de asesoramiento energ\u00e9tico (PAE)<\/a>.<\/strong> Dan servicio a todos los distritos de Barcelona desde enero del 2017 y tienen 12 oficinas distribuidas por todo el territorio de la ciudad. Su objetivo es combatir la pobreza energ\u00e9tica, concretamente garantizando los derechos que prev\u00e9 la legislaci\u00f3n vigente en cuanto al acceso a los suministros b\u00e1sicos, y mejorar la eficiencia de los hogares de la ciudad de Barcelona, priorizando las m\u00e1s&nbsp;vulnerabilizadas. El servicio es de <strong>titularidad municipal<\/strong> y lo gestionan un conjunto de entidades sociales.<\/p>\n\n\n\n<figure class=\"wp-block-table\"><table><tbody><tr><td><strong>Personas atendidas<\/strong><\/td><td><strong>2019<\/strong><\/td><td><strong>2020<\/strong><\/td><td><strong>2021 (enero-septiembre)<\/strong><\/td><\/tr><tr><td><strong>Mujeres<\/strong><\/td><td>8.037<\/td><td>8.942<\/td><td>12.549<\/td><\/tr><tr><td><strong>Hombres<\/strong><\/td><td>4.034<\/td><td>4.407<\/td><td>6.662<\/td><\/tr><tr><td><strong>Personas con otras identidades de g\u00e9nero<\/strong><\/td><td>8<\/td><td>2<\/td><td>11<\/td><\/tr><tr><td><strong>Total de personas atendidas<\/strong><\/td><td><strong>12.079<\/strong><\/td><td><strong>13.351<\/strong><\/td><td><strong>19.222<\/strong><\/td><\/tr><\/tbody><\/table><figcaption>Datos facilitados por el Servicio PAE<\/figcaption><\/figure>\n\n\n\n<p class=\"has-text-align-justify\">Teniendo en cuenta la situaci\u00f3n excepcional vivida durante el a\u00f1o 2020, puede observarse un incremento notable de los casos gestionados por los&nbsp;PAE&nbsp;de la ciudad si comparamos los primeros nueve meses de 2021 en relaci\u00f3n con el 2019.<\/p>\n\n\n\n<p><strong><u>El gasto del Ayuntamiento de Barcelona en suministro el\u00e9ctrico<\/u><\/strong><\/p>\n\n\n\n<p class=\"has-text-align-justify\">El Ayuntamiento ha informado a la Sindicatura de Greuges de Barcelona que el 100% del suministro el\u00e9ctrico del consistorio y los organismos municipales est\u00e1 certificado por la Comisi\u00f3n Nacional del Mercado y de la Competencia (CNMC)&nbsp;conforme procede de fuentes renovables. A\u00f1ade que se exige a la comercializadora que el 100% de la energ\u00eda el\u00e9ctrica que provee sea con garant\u00eda de origen de energ\u00eda verde.<\/p>\n\n\n\n<p class=\"has-text-align-justify\">Tambi\u00e9n hay que indicar que la escala de precios de la energ\u00eda no ha tenido efecto en el precio que paga el Ayuntamiento de Barcelona durante el ejercicio 2021, puesto que tiene concertado un precio fijo anual en el precio unitario de la energ\u00eda para el conjunto de suministros el\u00e9ctricos municipales y los organismos asociados.<\/p>\n\n\n\n<figure class=\"wp-block-image size-full\"><img loading=\"lazy\" decoding=\"async\" width=\"681\" height=\"356\" src=\"https:\/\/www.sindicaturabarcelona.cat\/wp-content\/uploads\/2022\/10\/Despesa-municipal-en-subministrament-ele\u0300ctric-1.png\" alt=\"\" class=\"wp-image-15255\"\/><\/figure>\n\n\n\n<p><strong><u>Conclusiones y propuestas de actuaci\u00f3n en el \u00e1mbito local<\/u><\/strong><\/p>\n\n\n\n<p>A pesar de que las competencias en el \u00e1mbito municipal para promover un cambio sist\u00e9mico o revertir las tendencias alcistas de los precios son limitadas, <strong>desde el sector local se pueden hacer grandes pasos para aminorar los impactos en la ciudadan\u00eda, reducir la vulnerabilidad de las personas e incrementar su capacidad de resiliencia:<\/strong><\/p>\n\n\n\n<ul class=\"wp-block-list\"><li><strong>Comunicaci\u00f3n y transparencia<\/strong>. Es un momento clave para explicar y discernir entre el sistema energ\u00e9tico y el sistema el\u00e9ctrico (crisis del gas&nbsp;vs. subida de los precios de la electricidad), o discernir entre la distribuidora y la comercializadora que nos vende la energ\u00eda. En paralelo a la informaci\u00f3n y la comunicaci\u00f3n, hay que impulsar la transparencia y la participaci\u00f3n real y efectiva, que vaya m\u00e1s all\u00e1 de la protecci\u00f3n de los \u201clibres consumidores\u201d, y promover campa\u00f1as dirigidas a toda la ciudadan\u00eda sobre el contexto, los impactos y las acciones que se lleven a cabo.<\/li><\/ul>\n\n\n\n<ul class=\"wp-block-list\"><li><strong>Impulso de las energ\u00edas renovables<\/strong>. Hay que hacer esfuerzos, orientar recursos como los fondos europeos&nbsp;<em>Next&nbsp;Generation<\/em>, y promover la actividad de peque\u00f1as y medianas empresas y de econom\u00eda social y solidaria en el campo de las renovables, con el objetivo de identificar, acompa\u00f1ar y asesorar un proceso exhaustivo de transici\u00f3n energ\u00e9tica en la ciudad mediante autoconsumo y autoconsumo compartido.<\/li><\/ul>\n\n\n\n<ul class=\"wp-block-list\"><li><strong>Justicia social y clim\u00e1tica<\/strong>. Se deben repartir los costes de la crisis energ\u00e9tica actual de manera justa. Las decisiones normativas y pol\u00edticas determinan como se asignan los costes de la energ\u00eda a trav\u00e9s de las facturas de la ciudadan\u00eda. Es fundamental que la transici\u00f3n energ\u00e9tica ineludible no requiera un gasto o un esfuerzo m\u00e1s grande para las personas afectadas por la pobreza energ\u00e9tica.<\/li><\/ul>\n\n\n\n<ul class=\"wp-block-list\"><li><strong>Transici\u00f3n energ\u00e9tica socialmente justa<\/strong>. Es imprescindible acompa\u00f1ar los procesos de regeneraci\u00f3n urbana con proyectos de transici\u00f3n energ\u00e9tica. Se deben reforzar los programas y orientar los fondos (tipo&nbsp;<em>Next&nbsp;Generation<\/em>)&nbsp;a identificar proactivamente zonas&nbsp;vulnerabilizadas&nbsp;donde hay que dinamizar el autoconsumo y la generaci\u00f3n renovable. Se debe proveer de procesos de mediaci\u00f3n las fincas de vecindario y buscar soluciones econ\u00f3micamente aceptables. En este sentido, es un impedimento el hecho de que para participar en el asesoramiento y la instalaci\u00f3n que ofrece Barcelona Energ\u00eda, las familias pierdan el bono social al verse obligadas a cambiar de compa\u00f1\u00eda comercializadora.<\/li><\/ul>\n\n\n\n<ul class=\"wp-block-list\"><li><strong>Poner freno a la gesti\u00f3n privada de los servicios b\u00e1sicos<\/strong>. Varios estudios elaborados por la Federaci\u00f3n Europea de Sindicatos de Servicios P\u00fablicos -EPSU&nbsp;muestran el encarecimiento de los precios de bienes privatizados. Varios relatores especiales de las Naciones Unidas (Heller,&nbsp;Alston&nbsp;o&nbsp;Arrojo)&nbsp;han constatado con mucha preocupaci\u00f3n esta realidad. La dependencia de la volatilidad de los mercados y la orientaci\u00f3n a la maximizaci\u00f3n de los beneficios econ\u00f3micos en forma de dividendos tiene como consecuencia el crecimiento de la pobreza energ\u00e9tica, la carencia de respuestas ante contextos como el actual, cortes de luz a personas&nbsp;vulnerabilizadas&nbsp;o facturas elevadas con la contrataci\u00f3n de servicios de mantenimiento, entre otros. Hay que promover desde el mundo municipal una gesti\u00f3n p\u00fablica y comunitaria de la energ\u00eda, en la medida que se trata de un bien p\u00fablico y priorizando su funci\u00f3n social.<\/li><\/ul>\n\n\n\n<ul class=\"wp-block-list\"><li><strong>B\u00fasqueda de consenso y frente com\u00fan entre diferentes actores y escalas de actuaci\u00f3n, para impulsar pol\u00edticas energ\u00e9ticas con vertiente social<\/strong>. Los pa\u00edses de la UE son, en gran parte, responsables de sus pol\u00edticas energ\u00e9ticas nacionales, y las normas de la UE les permiten tomar medidas de emergencia para proteger a los consumidores de los costes m\u00e1s elevados. Es necesario que las administraciones presionen para que estas medidas sean urgentes, eficaces y equitativas.<\/li><\/ul>\n\n\n\n<ul class=\"wp-block-list\"><li><strong>Apoyo a diferentes actores para reducir la dependencia de los combustibles f\u00f3siles<\/strong>. Es conveniente apoyar y acompa\u00f1ar el tejido empresarial y la econom\u00eda local para un viraje hacia una dependencia menor de los combustibles f\u00f3siles y su precio vol\u00e1til. Por ejemplo, impulsando las pol\u00edticas encaminadas a reducir la demanda y a firmar acuerdos de compra de energ\u00eda renovable, iniciando propuestas de agregaci\u00f3n de la demanda entre las peque\u00f1as empresas para que firmen conjuntamente estos contratos, etc.<\/li><\/ul>\n\n\n\n<ul class=\"wp-block-list\"><li><strong>Tareas de fiscalizaci\u00f3n y control de las empresas para la defensa del derecho a la energ\u00eda<\/strong>. Se pueden articular alianzas con otras escalas territoriales de gobierno para activar varias v\u00edas judiciales con el prop\u00f3sito de impulsar litigios estrat\u00e9gicos que aspiren a cambiar el marco normativo o una determinada interpretaci\u00f3n del derecho, con efectos generales que transciendan el caso concreto.<\/li><\/ul>\n\n\n\n<p><strong><u>Las 20 recomendaciones de la Sindicatura al Ayuntamiento<\/u><\/strong><\/p>\n\n\n\n<ul class=\"wp-block-list\"><li><strong>Mantener y reforzar los puntos de asesoramiento energ\u00e9tico (PAE)&nbsp;como una pol\u00edtica estable al Ayuntamiento de Barcelona<\/strong>, y ampliar algunos de sus servicios, puesto que han mejorado el acceso a la informaci\u00f3n y el empoderamiento de la ciudadan\u00eda en materia de derechos energ\u00e9ticos.<\/li><\/ul>\n\n\n\n<ul class=\"wp-block-list\"><li><strong>Recuperar la presencialidad de los&nbsp;PAE<\/strong>. M\u00e1s all\u00e1 de que se contin\u00fae con el servicio de cita previa, hay que recuperar la atenci\u00f3n presencial y sin cita para las personas que tengan una urgencia (por ejemplo, un corte de suministro).<\/li><\/ul>\n\n\n\n<ul class=\"wp-block-list\"><li>Incorporar un servicio nuevo de asesor\u00eda espec\u00edfica en el \u00e1mbito de la rehabilitaci\u00f3n como las <strong>\u201cOne&nbsp;stop&nbsp;shops\u201d&nbsp;o atenci\u00f3n en ventanilla \u00fanica<\/strong>, basado en ejemplos otras ciudades europeas.<\/li><\/ul>\n\n\n\n<ul class=\"wp-block-list\"><li><strong>Continuar y reforzar las auditor\u00edas energ\u00e9ticas a los hogares m\u00e1s vulnerables<\/strong> para contribuir a que las personas&nbsp;vulnerabilizadas&nbsp;hagan un uso digno de sus suministros, puesto que, en muchos casos, su consumo est\u00e1 por debajo del necesario para vivir dignamente.<\/li><\/ul>\n\n\n\n<ul class=\"wp-block-list\"><li><strong>Identificar los colectivos m\u00e1s vulnerables a la pobreza energ\u00e9tica<\/strong>. Varios estudios hechos en la ciudad de Barcelona muestran que el g\u00e9nero es un factor de riesgo, o que la infancia y las personas mayores son m\u00e1s vulnerables. Es necesario que el Ayuntamiento desarrolle programas espec\u00edficos de atenci\u00f3n a estos colectivos m\u00e1s vulnerables implicando a los&nbsp;PAE, los servicios sociales, las escuelas, la atenci\u00f3n primaria y las redes vecinales, entre otras.<\/li><\/ul>\n\n\n\n<ul class=\"wp-block-list\"><li><strong>Prestar una atenci\u00f3n m\u00e1s integral a las personas que sufren pobreza energ\u00e9tica<\/strong>. Es necesario reforzar su seguimiento y acompa\u00f1amiento, no solo por parte de los&nbsp;PAE, sino tambi\u00e9n en coordinaci\u00f3n con Servicios Sociales y otros servicios especializados. En muchos casos, sufren otras vulnerabilidades, m\u00e1s all\u00e1 de la pobreza energ\u00e9tica.<\/li><\/ul>\n\n\n\n<ul class=\"wp-block-list\"><li><strong>Establecer ayudas para la rehabilitaci\u00f3n de edificios a familias&nbsp;vulnerabilizadas&nbsp;e identificar proactivamente los edificios y los hogares m\u00e1s necesitados<\/strong> a trav\u00e9s de mediadores comunitarios que, a su vez, faciliten la gesti\u00f3n de estos proyectos con el vecindario. Estas ayudas deben llegar a las personas m\u00e1s&nbsp;vulnerabilizadas&nbsp;priorizando criterios de renta y estableciendo mecanismos para facilitar el acceso mediante la eliminaci\u00f3n de las barreras burocr\u00e1ticas.<\/li><\/ul>\n\n\n\n<ul class=\"wp-block-list\"><li><strong>Organizar formaciones y sesiones divulgativas sobre optimizaci\u00f3n de facturas, ayudas a las cuales acogerse y derechos energ\u00e9ticos<\/strong>. Algunas de estas formaciones ya se hacen desde los&nbsp;PAE, pero el objetivo es que transciendan m\u00e1s all\u00e1 de estos espacios y lleguen a toda la ciudadan\u00eda. Se propone que se puedan impartir en espacios como por ejemplo las bibliotecas, centros c\u00edvicos, consejos de barrio, etc.<\/li><\/ul>\n\n\n\n<ul class=\"wp-block-list\"><li><strong>Instar al Gobierno central para que todas las comercializadoras puedan ofrecer descuentos<\/strong> a las familias en situaci\u00f3n de vulnerabilidad y conseguir una aplicaci\u00f3n eficaz de las ayudas, principalmente en funci\u00f3n de las rentas.<\/li><\/ul>\n\n\n\n<ul class=\"wp-block-list\"><li><strong>Llevar a cabo una diagnosis de la demanda energ\u00e9tica a trav\u00e9s de una auditor\u00eda para establecer cu\u00e1les son los grandes consumidores de energ\u00eda de la ciudad<\/strong>, y poder reducir o ahorrar aquellos consumos de los cuales se puede prescindir. En el \u00e1mbito dom\u00e9stico hay que detectar donde se produce un consumo m\u00e1s elevado de la energ\u00eda y ofrecer formaciones para orientar las personas sobre la necesidad de un cambio en sus h\u00e1bitos de consumo.<\/li><\/ul>\n\n\n\n<ul class=\"wp-block-list\"><li><strong>Mantener la comercializadora p\u00fablica como servicio municipal que contribuye a un cambio de modelo<\/strong> orientado a entender la energ\u00eda como un servicio p\u00fablico y un derecho de la ciudadan\u00eda.<\/li><\/ul>\n\n\n\n<ul class=\"wp-block-list\"><li><strong>Impulsar comunidades energ\u00e9ticas en todos los barrios y distritos de la ciudad ofreciendo tejados y equipamientos p\u00fablicos para que la ciudadan\u00eda los pueda gestionar<\/strong>, o bien apoyando a iniciativas entre particulares (como ya se hace en Sant Mart\u00ed, el&nbsp;Guinard\u00f3&nbsp;o Sants). Hay que potenciar el rol de la econom\u00eda social y solidaria en estos procesos, as\u00ed como propiciar mecanismos para que las personas en situaci\u00f3n de vulnerabilidad energ\u00e9tica puedan participar de manera vinculante en estas comunidades energ\u00e9ticas como miembros de pleno derecho.<\/li><\/ul>\n\n\n\n<ul class=\"wp-block-list\"><li><strong>Elaborar una gu\u00eda para la implementaci\u00f3n de placas solares en la ciudad de Barcelona con el objetivo de fomentar el autoconsumo a escala particular.<\/strong> Esta gu\u00eda debe tener en cuenta e informar sobre la tipolog\u00eda de edificios y las normativas aplicables, con el prop\u00f3sito de impulsar el autoconsumo.<\/li><\/ul>\n\n\n\n<ul class=\"wp-block-list\"><li><strong>Incrementar el autoconsumo colectivo de proximidad (escuelas, institutos, gimnasios y otros edificios municipales).<\/strong> Potenciar las comunidades energ\u00e9ticas locales mediante la cesi\u00f3n de tejados municipales para poder crear espacios colectivos de generaci\u00f3n de energ\u00eda fuera del mercado que tambi\u00e9n puedan contribuir a reducir la pobreza energ\u00e9tica en la ciudad.<\/li><\/ul>\n\n\n\n<ul class=\"wp-block-list\"><li><strong>Impulsar una campa\u00f1a comunicativa<\/strong> que d\u00e9 a conocer programas como el \u00abCarrega\u2019t d\u2019energia\u00bb para llegar a la ciudadan\u00eda y hacerlos part\u00edcipes de las diferentes iniciativas que contribuyen a ampliar su cultura energ\u00e9tica.<\/li><\/ul>\n\n\n\n<ul class=\"wp-block-list\"><li><strong>Promover iniciativas de impulso del autoconsumo compartido en el sector empresarial<\/strong>, como las que ya se llevan a cabo desde BCN Energ\u00eda y el Ayuntamiento; <strong>incentivar las peque\u00f1as y medianas empresas del sector de las renovables; acordar procesos de transici\u00f3n energ\u00e9tica<\/strong>, como el que se trabaja actualmente en la Zona Franca, y <strong>buscar proactivamente la eficiencia en consumo, pero tambi\u00e9n econ\u00f3mica, en los contratos de luz de este sector<\/strong>.<\/li><\/ul>\n\n\n\n<ul class=\"wp-block-list\"><li><strong>Mejorar la eficiencia energ\u00e9tica del patrimonio municipal<\/strong>. Es necesario que los edificios, las instalaciones y los espacios p\u00fablicos reduzcan todav\u00eda m\u00e1s los costes de los suministros municipales y de las entidades que dependen.<\/li><\/ul>\n\n\n\n<ul class=\"wp-block-list\"><li><strong>Avanzar en otras formas de generaci\u00f3n renovable en la ciudad<\/strong>, como por ejemplo la e\u00f3lica y la fotovoltaica.<\/li><\/ul>\n\n\n\n<ul class=\"wp-block-list\"><li><strong>Reforzar los refugios clim\u00e1ticos y garantizar la apertura<\/strong>, con el fin de conseguir el confort t\u00e9rmico de la ciudadan\u00eda en situaciones de temperaturas extremas y a lo largo de todo el territorio.<\/li><\/ul>\n\n\n\n<ul class=\"wp-block-list\"><li><strong>Hacer m\u00e1xima publicidad y difusi\u00f3n de todas las medidas<\/strong> que se lleven a cabo en la ciudad para reducir el impacto del incremento de las tarifas de la luz sobre la ciudadan\u00eda, con el objetivo de garantizar el derecho humano a la energ\u00eda.<\/li><\/ul>\n","protected":false},"excerpt":{"rendered":"<p>Una nueva actuaci\u00f3n de oficio de la instituci\u00f3n defiende la necesidad de formular y concretar el derecho humano a la energ\u00eda para poder exigir jur\u00eddicamente su efectividad. Despu\u00e9s de analizar [&hellip;]<\/p>\n","protected":false},"author":2,"featured_media":15257,"comment_status":"closed","ping_status":"open","sticky":false,"template":"","format":"standard","meta":{"_acf_changed":false,"footnotes":""},"tags":[],"drets":[],"class_list":["post-15251","post","type-post","status-publish","format-standard","has-post-thumbnail","hentry"],"acf":[],"yoast_head":"<!-- This site is optimized with the Yoast SEO plugin v27.5 - https:\/\/yoast.com\/product\/yoast-seo-wordpress\/ -->\n<title>La Sindicatura de Greuges de Barcelona reclama que el acceso a la energ\u00eda sea considerado un derecho humano - Sindicatura de Greuges de Barcelona<\/title>\n<meta name=\"description\" content=\"Una nueva actuaci\u00f3n de oficio de la instituci\u00f3n defiende la necesidad de formular el derecho humano a la energ\u00eda para poder exigir jur\u00eddicamente...\" \/>\n<meta name=\"robots\" content=\"index, follow, max-snippet:-1, max-image-preview:large, max-video-preview:-1\" \/>\n<link rel=\"canonical\" href=\"https:\/\/www.sindicaturabarcelona.cat\/es\/la-sindicatura-de-greuges-de-barcelona-reclama-que-el-acceso-a-la-energia-sea-considerado-un-derecho-humano\/\" \/>\n<meta property=\"og:locale\" content=\"es_ES\" \/>\n<meta property=\"og:type\" content=\"article\" \/>\n<meta property=\"og:title\" content=\"La Sindicatura de Greuges de Barcelona reclama que el acceso a la energ\u00eda sea considerado un derecho humano - Sindicatura de Greuges de Barcelona\" \/>\n<meta property=\"og:description\" content=\"Una nueva actuaci\u00f3n de oficio de la instituci\u00f3n defiende la necesidad de formular el derecho humano a la energ\u00eda para poder exigir jur\u00eddicamente...\" \/>\n<meta property=\"og:url\" content=\"https:\/\/www.sindicaturabarcelona.cat\/es\/la-sindicatura-de-greuges-de-barcelona-reclama-que-el-acceso-a-la-energia-sea-considerado-un-derecho-humano\/\" \/>\n<meta property=\"og:site_name\" content=\"Sindicatura de Greuges de Barcelona\" \/>\n<meta property=\"article:published_time\" content=\"2022-10-20T14:37:18+00:00\" \/>\n<meta property=\"article:modified_time\" content=\"2022-10-21T10:58:10+00:00\" \/>\n<meta property=\"og:image\" content=\"https:\/\/www.sindicaturabarcelona.cat\/wp-content\/uploads\/2022\/10\/10520_DISE-Oficines-al-22@-4-3-14-VZ-58-1.jpg\" \/>\n\t<meta property=\"og:image:width\" content=\"1024\" \/>\n\t<meta property=\"og:image:height\" content=\"683\" \/>\n\t<meta property=\"og:image:type\" content=\"image\/jpeg\" \/>\n<meta name=\"author\" content=\"Pablo\" \/>\n<meta name=\"twitter:card\" content=\"summary_large_image\" \/>\n<meta name=\"twitter:creator\" content=\"@sindicbarcelona\" \/>\n<meta name=\"twitter:site\" content=\"@sindicbarcelona\" \/>\n<meta name=\"twitter:label1\" content=\"Escrito por\" \/>\n\t<meta name=\"twitter:data1\" content=\"Pablo\" \/>\n\t<meta name=\"twitter:label2\" content=\"Tiempo de lectura\" \/>\n\t<meta name=\"twitter:data2\" content=\"18 minutos\" \/>\n<script type=\"application\/ld+json\" class=\"yoast-schema-graph\">{\"@context\":\"https:\\\/\\\/schema.org\",\"@graph\":[{\"@type\":\"Article\",\"@id\":\"https:\\\/\\\/www.sindicaturabarcelona.cat\\\/es\\\/la-sindicatura-de-greuges-de-barcelona-reclama-que-el-acceso-a-la-energia-sea-considerado-un-derecho-humano\\\/#article\",\"isPartOf\":{\"@id\":\"https:\\\/\\\/www.sindicaturabarcelona.cat\\\/es\\\/la-sindicatura-de-greuges-de-barcelona-reclama-que-el-acceso-a-la-energia-sea-considerado-un-derecho-humano\\\/\"},\"author\":{\"name\":\"Pablo\",\"@id\":\"https:\\\/\\\/www.sindicaturabarcelona.cat\\\/es\\\/#\\\/schema\\\/person\\\/0e5acffc350ffdbc97578159322c9452\"},\"headline\":\"La Sindicatura de Greuges de Barcelona reclama que el acceso a la energ\u00eda sea considerado un derecho humano\",\"datePublished\":\"2022-10-20T14:37:18+00:00\",\"dateModified\":\"2022-10-21T10:58:10+00:00\",\"mainEntityOfPage\":{\"@id\":\"https:\\\/\\\/www.sindicaturabarcelona.cat\\\/es\\\/la-sindicatura-de-greuges-de-barcelona-reclama-que-el-acceso-a-la-energia-sea-considerado-un-derecho-humano\\\/\"},\"wordCount\":3470,\"publisher\":{\"@id\":\"https:\\\/\\\/www.sindicaturabarcelona.cat\\\/es\\\/#organization\"},\"image\":{\"@id\":\"https:\\\/\\\/www.sindicaturabarcelona.cat\\\/es\\\/la-sindicatura-de-greuges-de-barcelona-reclama-que-el-acceso-a-la-energia-sea-considerado-un-derecho-humano\\\/#primaryimage\"},\"thumbnailUrl\":\"https:\\\/\\\/www.sindicaturabarcelona.cat\\\/wp-content\\\/uploads\\\/2022\\\/10\\\/10520_DISE-Oficines-al-22@-4-3-14-VZ-58-1.jpg\",\"articleSection\":[\"Buen gobierno\",\"Institucional\",\"Medio ambiente y salud p\u00fablica\"],\"inLanguage\":\"es\"},{\"@type\":\"WebPage\",\"@id\":\"https:\\\/\\\/www.sindicaturabarcelona.cat\\\/es\\\/la-sindicatura-de-greuges-de-barcelona-reclama-que-el-acceso-a-la-energia-sea-considerado-un-derecho-humano\\\/\",\"url\":\"https:\\\/\\\/www.sindicaturabarcelona.cat\\\/es\\\/la-sindicatura-de-greuges-de-barcelona-reclama-que-el-acceso-a-la-energia-sea-considerado-un-derecho-humano\\\/\",\"name\":\"La Sindicatura de Greuges de Barcelona reclama que el acceso a la energ\u00eda sea considerado un derecho humano - Sindicatura de Greuges de Barcelona\",\"isPartOf\":{\"@id\":\"https:\\\/\\\/www.sindicaturabarcelona.cat\\\/es\\\/#website\"},\"primaryImageOfPage\":{\"@id\":\"https:\\\/\\\/www.sindicaturabarcelona.cat\\\/es\\\/la-sindicatura-de-greuges-de-barcelona-reclama-que-el-acceso-a-la-energia-sea-considerado-un-derecho-humano\\\/#primaryimage\"},\"image\":{\"@id\":\"https:\\\/\\\/www.sindicaturabarcelona.cat\\\/es\\\/la-sindicatura-de-greuges-de-barcelona-reclama-que-el-acceso-a-la-energia-sea-considerado-un-derecho-humano\\\/#primaryimage\"},\"thumbnailUrl\":\"https:\\\/\\\/www.sindicaturabarcelona.cat\\\/wp-content\\\/uploads\\\/2022\\\/10\\\/10520_DISE-Oficines-al-22@-4-3-14-VZ-58-1.jpg\",\"datePublished\":\"2022-10-20T14:37:18+00:00\",\"dateModified\":\"2022-10-21T10:58:10+00:00\",\"description\":\"Una nueva actuaci\u00f3n de oficio de la instituci\u00f3n defiende la necesidad de formular el derecho humano a la energ\u00eda para poder exigir jur\u00eddicamente...\",\"breadcrumb\":{\"@id\":\"https:\\\/\\\/www.sindicaturabarcelona.cat\\\/es\\\/la-sindicatura-de-greuges-de-barcelona-reclama-que-el-acceso-a-la-energia-sea-considerado-un-derecho-humano\\\/#breadcrumb\"},\"inLanguage\":\"es\",\"potentialAction\":[{\"@type\":\"ReadAction\",\"target\":[\"https:\\\/\\\/www.sindicaturabarcelona.cat\\\/es\\\/la-sindicatura-de-greuges-de-barcelona-reclama-que-el-acceso-a-la-energia-sea-considerado-un-derecho-humano\\\/\"]}]},{\"@type\":\"ImageObject\",\"inLanguage\":\"es\",\"@id\":\"https:\\\/\\\/www.sindicaturabarcelona.cat\\\/es\\\/la-sindicatura-de-greuges-de-barcelona-reclama-que-el-acceso-a-la-energia-sea-considerado-un-derecho-humano\\\/#primaryimage\",\"url\":\"https:\\\/\\\/www.sindicaturabarcelona.cat\\\/wp-content\\\/uploads\\\/2022\\\/10\\\/10520_DISE-Oficines-al-22@-4-3-14-VZ-58-1.jpg\",\"contentUrl\":\"https:\\\/\\\/www.sindicaturabarcelona.cat\\\/wp-content\\\/uploads\\\/2022\\\/10\\\/10520_DISE-Oficines-al-22@-4-3-14-VZ-58-1.jpg\",\"width\":1024,\"height\":683},{\"@type\":\"BreadcrumbList\",\"@id\":\"https:\\\/\\\/www.sindicaturabarcelona.cat\\\/es\\\/la-sindicatura-de-greuges-de-barcelona-reclama-que-el-acceso-a-la-energia-sea-considerado-un-derecho-humano\\\/#breadcrumb\",\"itemListElement\":[{\"@type\":\"ListItem\",\"position\":1,\"name\":\"Inici\",\"item\":\"https:\\\/\\\/www.sindicaturabarcelona.cat\\\/es\\\/\"},{\"@type\":\"ListItem\",\"position\":2,\"name\":\"La Sindicatura de Greuges de Barcelona reclama que el acceso a la energ\u00eda sea considerado un derecho humano\"}]},{\"@type\":\"WebSite\",\"@id\":\"https:\\\/\\\/www.sindicaturabarcelona.cat\\\/es\\\/#website\",\"url\":\"https:\\\/\\\/www.sindicaturabarcelona.cat\\\/es\\\/\",\"name\":\"Sindicatura de Greuges de Barcelona\",\"description\":\"La defensoria dels teus drets\",\"publisher\":{\"@id\":\"https:\\\/\\\/www.sindicaturabarcelona.cat\\\/es\\\/#organization\"},\"potentialAction\":[{\"@type\":\"SearchAction\",\"target\":{\"@type\":\"EntryPoint\",\"urlTemplate\":\"https:\\\/\\\/www.sindicaturabarcelona.cat\\\/es\\\/?s={search_term_string}\"},\"query-input\":{\"@type\":\"PropertyValueSpecification\",\"valueRequired\":true,\"valueName\":\"search_term_string\"}}],\"inLanguage\":\"es\"},{\"@type\":\"Organization\",\"@id\":\"https:\\\/\\\/www.sindicaturabarcelona.cat\\\/es\\\/#organization\",\"name\":\"Sindicatura de Greuges de Barcelona\",\"url\":\"https:\\\/\\\/www.sindicaturabarcelona.cat\\\/es\\\/\",\"logo\":{\"@type\":\"ImageObject\",\"inLanguage\":\"es\",\"@id\":\"https:\\\/\\\/www.sindicaturabarcelona.cat\\\/es\\\/#\\\/schema\\\/logo\\\/image\\\/\",\"url\":\"https:\\\/\\\/www.sindicaturabarcelona.cat\\\/wp-content\\\/uploads\\\/2023\\\/02\\\/logo_sindicatura.svg\",\"contentUrl\":\"https:\\\/\\\/www.sindicaturabarcelona.cat\\\/wp-content\\\/uploads\\\/2023\\\/02\\\/logo_sindicatura.svg\",\"caption\":\"Sindicatura de Greuges de Barcelona\"},\"image\":{\"@id\":\"https:\\\/\\\/www.sindicaturabarcelona.cat\\\/es\\\/#\\\/schema\\\/logo\\\/image\\\/\"},\"sameAs\":[\"https:\\\/\\\/x.com\\\/sindicbarcelona\",\"https:\\\/\\\/www.instagram.com\\\/sindicbarcelona\\\/\",\"https:\\\/\\\/www.tiktok.com\\\/@sindicaturabcn\",\"https:\\\/\\\/t.me\\\/sindicaturabarcelona\"]},{\"@type\":\"Person\",\"@id\":\"https:\\\/\\\/www.sindicaturabarcelona.cat\\\/es\\\/#\\\/schema\\\/person\\\/0e5acffc350ffdbc97578159322c9452\",\"name\":\"Pablo\",\"image\":{\"@type\":\"ImageObject\",\"inLanguage\":\"es\",\"@id\":\"https:\\\/\\\/secure.gravatar.com\\\/avatar\\\/c948169b402ef9492afde705c3dfd5e90e1a6a84ef6840a91124f805a25a480f?s=96&d=mm&r=g\",\"url\":\"https:\\\/\\\/secure.gravatar.com\\\/avatar\\\/c948169b402ef9492afde705c3dfd5e90e1a6a84ef6840a91124f805a25a480f?s=96&d=mm&r=g\",\"contentUrl\":\"https:\\\/\\\/secure.gravatar.com\\\/avatar\\\/c948169b402ef9492afde705c3dfd5e90e1a6a84ef6840a91124f805a25a480f?s=96&d=mm&r=g\",\"caption\":\"Pablo\"},\"url\":\"https:\\\/\\\/www.sindicaturabarcelona.cat\\\/es\\\/author\\\/pablo\\\/\"}]}<\/script>\n<!-- \/ Yoast SEO plugin. -->","yoast_head_json":{"title":"La Sindicatura de Greuges de Barcelona reclama que el acceso a la energ\u00eda sea considerado un derecho humano - Sindicatura de Greuges de Barcelona","description":"Una nueva actuaci\u00f3n de oficio de la instituci\u00f3n defiende la necesidad de formular el derecho humano a la energ\u00eda para poder exigir jur\u00eddicamente...","robots":{"index":"index","follow":"follow","max-snippet":"max-snippet:-1","max-image-preview":"max-image-preview:large","max-video-preview":"max-video-preview:-1"},"canonical":"https:\/\/www.sindicaturabarcelona.cat\/es\/la-sindicatura-de-greuges-de-barcelona-reclama-que-el-acceso-a-la-energia-sea-considerado-un-derecho-humano\/","og_locale":"es_ES","og_type":"article","og_title":"La Sindicatura de Greuges de Barcelona reclama que el acceso a la energ\u00eda sea considerado un derecho humano - Sindicatura de Greuges de Barcelona","og_description":"Una nueva actuaci\u00f3n de oficio de la instituci\u00f3n defiende la necesidad de formular el derecho humano a la energ\u00eda para poder exigir jur\u00eddicamente...","og_url":"https:\/\/www.sindicaturabarcelona.cat\/es\/la-sindicatura-de-greuges-de-barcelona-reclama-que-el-acceso-a-la-energia-sea-considerado-un-derecho-humano\/","og_site_name":"Sindicatura de Greuges de Barcelona","article_published_time":"2022-10-20T14:37:18+00:00","article_modified_time":"2022-10-21T10:58:10+00:00","og_image":[{"width":1024,"height":683,"url":"https:\/\/www.sindicaturabarcelona.cat\/wp-content\/uploads\/2022\/10\/10520_DISE-Oficines-al-22@-4-3-14-VZ-58-1.jpg","type":"image\/jpeg"}],"author":"Pablo","twitter_card":"summary_large_image","twitter_creator":"@sindicbarcelona","twitter_site":"@sindicbarcelona","twitter_misc":{"Escrito por":"Pablo","Tiempo de lectura":"18 minutos"},"schema":{"@context":"https:\/\/schema.org","@graph":[{"@type":"Article","@id":"https:\/\/www.sindicaturabarcelona.cat\/es\/la-sindicatura-de-greuges-de-barcelona-reclama-que-el-acceso-a-la-energia-sea-considerado-un-derecho-humano\/#article","isPartOf":{"@id":"https:\/\/www.sindicaturabarcelona.cat\/es\/la-sindicatura-de-greuges-de-barcelona-reclama-que-el-acceso-a-la-energia-sea-considerado-un-derecho-humano\/"},"author":{"name":"Pablo","@id":"https:\/\/www.sindicaturabarcelona.cat\/es\/#\/schema\/person\/0e5acffc350ffdbc97578159322c9452"},"headline":"La Sindicatura de Greuges de Barcelona reclama que el acceso a la energ\u00eda sea considerado un derecho humano","datePublished":"2022-10-20T14:37:18+00:00","dateModified":"2022-10-21T10:58:10+00:00","mainEntityOfPage":{"@id":"https:\/\/www.sindicaturabarcelona.cat\/es\/la-sindicatura-de-greuges-de-barcelona-reclama-que-el-acceso-a-la-energia-sea-considerado-un-derecho-humano\/"},"wordCount":3470,"publisher":{"@id":"https:\/\/www.sindicaturabarcelona.cat\/es\/#organization"},"image":{"@id":"https:\/\/www.sindicaturabarcelona.cat\/es\/la-sindicatura-de-greuges-de-barcelona-reclama-que-el-acceso-a-la-energia-sea-considerado-un-derecho-humano\/#primaryimage"},"thumbnailUrl":"https:\/\/www.sindicaturabarcelona.cat\/wp-content\/uploads\/2022\/10\/10520_DISE-Oficines-al-22@-4-3-14-VZ-58-1.jpg","articleSection":["Buen gobierno","Institucional","Medio ambiente y salud p\u00fablica"],"inLanguage":"es"},{"@type":"WebPage","@id":"https:\/\/www.sindicaturabarcelona.cat\/es\/la-sindicatura-de-greuges-de-barcelona-reclama-que-el-acceso-a-la-energia-sea-considerado-un-derecho-humano\/","url":"https:\/\/www.sindicaturabarcelona.cat\/es\/la-sindicatura-de-greuges-de-barcelona-reclama-que-el-acceso-a-la-energia-sea-considerado-un-derecho-humano\/","name":"La Sindicatura de Greuges de Barcelona reclama que el acceso a la energ\u00eda sea considerado un derecho humano - Sindicatura de Greuges de Barcelona","isPartOf":{"@id":"https:\/\/www.sindicaturabarcelona.cat\/es\/#website"},"primaryImageOfPage":{"@id":"https:\/\/www.sindicaturabarcelona.cat\/es\/la-sindicatura-de-greuges-de-barcelona-reclama-que-el-acceso-a-la-energia-sea-considerado-un-derecho-humano\/#primaryimage"},"image":{"@id":"https:\/\/www.sindicaturabarcelona.cat\/es\/la-sindicatura-de-greuges-de-barcelona-reclama-que-el-acceso-a-la-energia-sea-considerado-un-derecho-humano\/#primaryimage"},"thumbnailUrl":"https:\/\/www.sindicaturabarcelona.cat\/wp-content\/uploads\/2022\/10\/10520_DISE-Oficines-al-22@-4-3-14-VZ-58-1.jpg","datePublished":"2022-10-20T14:37:18+00:00","dateModified":"2022-10-21T10:58:10+00:00","description":"Una nueva actuaci\u00f3n de oficio de la instituci\u00f3n defiende la necesidad de formular el derecho humano a la energ\u00eda para poder exigir jur\u00eddicamente...","breadcrumb":{"@id":"https:\/\/www.sindicaturabarcelona.cat\/es\/la-sindicatura-de-greuges-de-barcelona-reclama-que-el-acceso-a-la-energia-sea-considerado-un-derecho-humano\/#breadcrumb"},"inLanguage":"es","potentialAction":[{"@type":"ReadAction","target":["https:\/\/www.sindicaturabarcelona.cat\/es\/la-sindicatura-de-greuges-de-barcelona-reclama-que-el-acceso-a-la-energia-sea-considerado-un-derecho-humano\/"]}]},{"@type":"ImageObject","inLanguage":"es","@id":"https:\/\/www.sindicaturabarcelona.cat\/es\/la-sindicatura-de-greuges-de-barcelona-reclama-que-el-acceso-a-la-energia-sea-considerado-un-derecho-humano\/#primaryimage","url":"https:\/\/www.sindicaturabarcelona.cat\/wp-content\/uploads\/2022\/10\/10520_DISE-Oficines-al-22@-4-3-14-VZ-58-1.jpg","contentUrl":"https:\/\/www.sindicaturabarcelona.cat\/wp-content\/uploads\/2022\/10\/10520_DISE-Oficines-al-22@-4-3-14-VZ-58-1.jpg","width":1024,"height":683},{"@type":"BreadcrumbList","@id":"https:\/\/www.sindicaturabarcelona.cat\/es\/la-sindicatura-de-greuges-de-barcelona-reclama-que-el-acceso-a-la-energia-sea-considerado-un-derecho-humano\/#breadcrumb","itemListElement":[{"@type":"ListItem","position":1,"name":"Inici","item":"https:\/\/www.sindicaturabarcelona.cat\/es\/"},{"@type":"ListItem","position":2,"name":"La Sindicatura de Greuges de Barcelona reclama que el acceso a la energ\u00eda sea considerado un derecho humano"}]},{"@type":"WebSite","@id":"https:\/\/www.sindicaturabarcelona.cat\/es\/#website","url":"https:\/\/www.sindicaturabarcelona.cat\/es\/","name":"Sindicatura de Greuges de Barcelona","description":"La defensoria dels teus drets","publisher":{"@id":"https:\/\/www.sindicaturabarcelona.cat\/es\/#organization"},"potentialAction":[{"@type":"SearchAction","target":{"@type":"EntryPoint","urlTemplate":"https:\/\/www.sindicaturabarcelona.cat\/es\/?s={search_term_string}"},"query-input":{"@type":"PropertyValueSpecification","valueRequired":true,"valueName":"search_term_string"}}],"inLanguage":"es"},{"@type":"Organization","@id":"https:\/\/www.sindicaturabarcelona.cat\/es\/#organization","name":"Sindicatura de Greuges de Barcelona","url":"https:\/\/www.sindicaturabarcelona.cat\/es\/","logo":{"@type":"ImageObject","inLanguage":"es","@id":"https:\/\/www.sindicaturabarcelona.cat\/es\/#\/schema\/logo\/image\/","url":"https:\/\/www.sindicaturabarcelona.cat\/wp-content\/uploads\/2023\/02\/logo_sindicatura.svg","contentUrl":"https:\/\/www.sindicaturabarcelona.cat\/wp-content\/uploads\/2023\/02\/logo_sindicatura.svg","caption":"Sindicatura de Greuges de Barcelona"},"image":{"@id":"https:\/\/www.sindicaturabarcelona.cat\/es\/#\/schema\/logo\/image\/"},"sameAs":["https:\/\/x.com\/sindicbarcelona","https:\/\/www.instagram.com\/sindicbarcelona\/","https:\/\/www.tiktok.com\/@sindicaturabcn","https:\/\/t.me\/sindicaturabarcelona"]},{"@type":"Person","@id":"https:\/\/www.sindicaturabarcelona.cat\/es\/#\/schema\/person\/0e5acffc350ffdbc97578159322c9452","name":"Pablo","image":{"@type":"ImageObject","inLanguage":"es","@id":"https:\/\/secure.gravatar.com\/avatar\/c948169b402ef9492afde705c3dfd5e90e1a6a84ef6840a91124f805a25a480f?s=96&d=mm&r=g","url":"https:\/\/secure.gravatar.com\/avatar\/c948169b402ef9492afde705c3dfd5e90e1a6a84ef6840a91124f805a25a480f?s=96&d=mm&r=g","contentUrl":"https:\/\/secure.gravatar.com\/avatar\/c948169b402ef9492afde705c3dfd5e90e1a6a84ef6840a91124f805a25a480f?s=96&d=mm&r=g","caption":"Pablo"},"url":"https:\/\/www.sindicaturabarcelona.cat\/es\/author\/pablo\/"}]}},"_links":{"self":[{"href":"https:\/\/www.sindicaturabarcelona.cat\/es\/wp-json\/wp\/v2\/posts\/15251","targetHints":{"allow":["GET"]}}],"collection":[{"href":"https:\/\/www.sindicaturabarcelona.cat\/es\/wp-json\/wp\/v2\/posts"}],"about":[{"href":"https:\/\/www.sindicaturabarcelona.cat\/es\/wp-json\/wp\/v2\/types\/post"}],"author":[{"embeddable":true,"href":"https:\/\/www.sindicaturabarcelona.cat\/es\/wp-json\/wp\/v2\/users\/2"}],"replies":[{"embeddable":true,"href":"https:\/\/www.sindicaturabarcelona.cat\/es\/wp-json\/wp\/v2\/comments?post=15251"}],"version-history":[{"count":0,"href":"https:\/\/www.sindicaturabarcelona.cat\/es\/wp-json\/wp\/v2\/posts\/15251\/revisions"}],"wp:featuredmedia":[{"embeddable":true,"href":"https:\/\/www.sindicaturabarcelona.cat\/es\/wp-json\/wp\/v2\/media\/15257"}],"wp:attachment":[{"href":"https:\/\/www.sindicaturabarcelona.cat\/es\/wp-json\/wp\/v2\/media?parent=15251"}],"wp:term":[{"taxonomy":"post_tag","embeddable":true,"href":"https:\/\/www.sindicaturabarcelona.cat\/es\/wp-json\/wp\/v2\/tags?post=15251"},{"taxonomy":"drets","embeddable":true,"href":"https:\/\/www.sindicaturabarcelona.cat\/es\/wp-json\/wp\/v2\/drets?post=15251"}],"curies":[{"name":"wp","href":"https:\/\/api.w.org\/{rel}","templated":true}]}}