{"id":15077,"date":"2022-10-03T14:13:34","date_gmt":"2022-10-03T12:13:34","guid":{"rendered":"https:\/\/www.sindicaturabarcelona.cat\/?p=15077"},"modified":"2022-10-03T14:24:07","modified_gmt":"2022-10-03T12:24:07","slug":"la-sindicatura-ya-alerto-al-ayuntamiento-por-las-aglomeraciones-en-la-avenida-maria-cristina-durante-la-merce-2019%ef%bf%bc","status":"publish","type":"post","link":"https:\/\/www.sindicaturabarcelona.cat\/es\/la-sindicatura-ya-alerto-al-ayuntamiento-por-las-aglomeraciones-en-la-avenida-maria-cristina-durante-la-merce-2019%ef%bf%bc\/","title":{"rendered":"La Sindicatura ya alert\u00f3 al Ayuntamiento por las aglomeraciones en la avenida Maria Cristina durante La Merc\u00e8 2019"},"content":{"rendered":"\n<figure class=\"wp-block-pullquote\"><blockquote><p><strong>Aunque el Ayuntamiento acept\u00f3 las recomendaciones de la Sindicatura de Greuges de Barcelona de 2019, tres a\u00f1os despu\u00e9s persiste el problema de las aglomeraciones durante la Fiesta de la Merc\u00e8.<\/strong><\/p><\/blockquote><\/figure>\n\n\n\n<p class=\"has-text-align-justify\">La <a href=\"https:\/\/www.sindicaturabarcelona.cat\/es\/\" target=\"_blank\" aria-label=\"Sindicatura de Greuges de Barcelona (opens in a new tab)\" rel=\"noreferrer noopener\" class=\"ek-link\">Sindicatura de Greuges de Barcelona<\/a> ha constado que en la edici\u00f3n de este a\u00f1o de la Fiesta de la Merc\u00e8 se han repetido algunas incidencias que ya motivaron la apertura de una actuaci\u00f3n de oficio en 2019. El motivo principal de la actuaci\u00f3n de oficio llevada a cabo tres a\u00f1os atr\u00e1s fue el elevado n\u00famero de personas concentradas en la avenida Maria Cristina, con los consiguientes riesgos de avalancha y escenas de ansiedad entre quien quer\u00eda salir de la aglomeraci\u00f3n y no pod\u00eda.<\/p>\n\n\n\n<p class=\"has-text-align-justify\">La actuaci\u00f3n de oficio concluy\u00f3, entre otras, con tres recomendaciones de la Sindicatura al Ayuntamiento que continuar\u00edan siendo vigentes actualmente: <strong>velar de forma m\u00e1s proactiva<\/strong> por la seguridad en los actos de gran formato en el espacio p\u00fablico; <strong>planificar futuros actos con otros formatos<\/strong> que permitan diversificar la oferta y la asistencia, y <strong>tomar medidas oportunas para controlar los aforos<\/strong> en los acontecimientos en el espacio p\u00fablico.<\/p>\n\n\n\n<p><strong><span style=\"text-decoration: underline;\" class=\"ek-underline\">El aforo de la avenida Maria Cristina<\/span><\/strong><\/p>\n\n\n\n<p class=\"has-text-align-justify\">El a\u00f1o 2019, el Ayuntamiento inform\u00f3 a la Sindicatura de Greuges de Barcelona que el <strong>aforo m\u00e1ximo del espacio delimitado para el concierto (avenida Maria Cristina hasta las Torres Venecianas) era de 20.640 personas<\/strong>. El mismo Ayuntamiento inform\u00f3 que <strong>la noche del 23 de septiembre del 2019 se lleg\u00f3 a superar el aforo de 40.000 personas<\/strong>, motivo por el cual se ocup\u00f3 la plaza Espa\u00f1a y parte del Parque Joan Mir\u00f3. Las cifras son similares a las de los a\u00f1os anteriores (se hab\u00eda llegado a las 50.000 personas en 2017 y a las 55.000 en 2018 ). El consistorio a\u00f1adi\u00f3 que no se llev\u00f3 a cabo control de aforo, \u201cpuesto que era un concierto en la v\u00eda p\u00fablica y en un espacio de acceso libre, igual que el resto de actividades de la Fiesta de la Merc\u00e8\u201d.<\/p>\n\n\n\n<p class=\"has-text-align-justify\">El gran n\u00famero de asistentes en la avenida Maria Cristina provoca que este sea un espacio de referencia a\u00f1o tras a\u00f1o. Por lo tanto, <strong>la Sindicatura de Greuges de Barcelona considera que ni la masiva afluencia ni el hecho que se trate de p\u00fablico joven es nuevo para la organizaci\u00f3n<\/strong>. En esta l\u00ednea, <strong>la Sindicatura quiere destacar que desde el a\u00f1o 2019 ya se dispon\u00eda de informaci\u00f3n previa suficiente para poder realizar la prevenci\u00f3n necesaria que evitara aglomeraciones y situaciones de riesgo en futuras ediciones<\/strong>.<\/p>\n\n\n\n<p class=\"has-text-align-justify\"><strong>En 2019 la asistencia a los conciertos de la avenida Maria Cristina dobl\u00f3 el valor previsto como aforo m\u00e1ximo. Este hecho resulta particularmente grave por la concurrencia de dos circunstancias<\/strong>: hab\u00eda antecedentes de a\u00f1os anteriores en los que tambi\u00e9n se hab\u00edan alcanzado e incluso superado estas cifras, y, adem\u00e1s, el informe municipal de 2019 no aportaba ning\u00fan dato que demostrara que quer\u00eda evitarse esta masiva afluencia en la avenida Maria Cristina.<\/p>\n\n\n\n<p class=\"has-text-align-justify\">Es importante destacar que el art\u00edculo 14 de la Ordenanza de medidas para fomentar y garantizar la convivencia ciudadana en el espacio p\u00fablico de Barcelona establece que los organizadores de actos celebrados en los espacios p\u00fablicos deben garantizar la seguridad de las personas y los bienes. As\u00ed mismo, la Ordenanza dice que el <a href=\"https:\/\/www.barcelona.cat\/es\/\" target=\"_blank\" aria-label=\"Ayuntamiento (opens in a new tab)\" rel=\"noreferrer noopener\" class=\"ek-link\">Ayuntamiento<\/a> no otorgar\u00e1 autorizaciones para la celebraci\u00f3n de acontecimientos en el espacio p\u00fablico cuando la previsi\u00f3n de p\u00fablico asistente, entre otros, pueda poner en peligro la seguridad, la convivencia o el civismo. <strong>En el caso del evento en la avenida Maria Cristina en 2019, la Sindicatura de Greuges de Barcelona cuestion\u00f3 si se hab\u00eda cumplido con rigor lo que prev\u00e9 la normativa, y m\u00e1s teniendo en cuenta que se trata de un acto que organiza el mismo consistorio.<\/strong><\/p>\n\n\n\n<p><strong><span style=\"text-decoration: underline;\" class=\"ek-underline\">An\u00e1lisis de riesgos y propuestas para futuras ediciones<\/span><\/strong><\/p>\n\n\n\n<p class=\"has-text-align-justify\">En el marco de La Merc\u00e8 2019, el gobierno municipal tambi\u00e9n comunic\u00f3 a la Sindicatura que se hab\u00edan producido <strong>reuniones de valoraci\u00f3n despu\u00e9s de la noche del 23 de septiembre de 2019, en las cuales se constat\u00f3 que no hab\u00eda tenido lugar ninguna situaci\u00f3n de emergencia<\/strong>. Seg\u00fan el informe del Ayuntamiento, \u201chubo un exceso de aforo, que provoc\u00f3 varias situaciones de molestias entre el p\u00fablico asistente, ya que la movilidad era muy dif\u00edcil\u201d. Por parte de los servicios sanitarios, en estas reuniones de valoraci\u00f3n tambi\u00e9n se hizo constar la problem\u00e1tica de las botellas de vidrio, puesto que la mayor\u00eda de intervenciones fueron por cortes producidos por restos de botellas rotas.<\/p>\n\n\n\n<p class=\"has-text-align-justify\">La Sindicatura de Greuges de Barcelona consider\u00f3 que este aforo ya constitu\u00eda por s\u00ed mismo un peligro, dada la objetividad que introduce el dato del aforo previsto en la ficha de identificaci\u00f3n del acto. Por otro lado, tambi\u00e9n resulta poco acertado que el informe municipal califique de \u201cmolestias\u201d hechos que, seg\u00fan pudo comprobar la Sindicatura, elevaban la situaci\u00f3n a la categor\u00eda de peligro o situaci\u00f3n de emergencia.<\/p>\n\n\n\n<p class=\"has-text-align-justify\">Una de las acciones municipales en 2019 fue la organizaci\u00f3n de una mesa para revisar el planteamiento de la fiesta en la avenida Maria Cristina; el an\u00e1lisis de la programaci\u00f3n para este espacio; la posibilidad de mejorar la ubicaci\u00f3n del escenario y las barras, y el control de la entrada de vidrio.<\/p>\n\n\n\n<p class=\"has-text-align-justify\">Por otro lado, una alternativa que propuso la Sindicatura de Greuges de Barcelona en 2019 fue la de <strong>desarrollar actos similares a la vez, pero en formato m\u00e1s peque\u00f1o<\/strong>. Dirigidos al mismo p\u00fablico, pero en diferentes puntos de la ciudad, con el objetivo de desconcentrar la gran afluencia en un \u00fanico acto. Por \u00faltimo, la defensor\u00eda tambi\u00e9n puso sobre la mesa <strong>la conveniencia de controlar los aforos en los actos en los espacios p\u00fablicos<\/strong>.<\/p>\n\n\n\n<p><strong><span style=\"text-decoration: underline;\" class=\"ek-underline\">La respuesta del Ayuntamiento en las recomendaciones de la Sindicatura<\/span><\/strong><\/p>\n\n\n\n<p class=\"has-text-align-justify\">Uno de los organismos municipales implicados en las recomendaciones de la Sindicatura, <strong>el Institut de Cultura de Barcelona (ICUB), coincidi\u00f3 en la necesidad de revisar el planteamiento del espacio de Maria Cristina en cinco puntos<\/strong>: limitar la programaci\u00f3n en el espacio y hacerla siempre en concurrencia con otros espacios de conciertos de gran formato; estudiar formas de cortar el acceso en caso de aforo excesivo; estudiar la manera de impedir la entrada de vidrio; repensar la ubicaci\u00f3n del escenario, la circulaci\u00f3n del p\u00fablico y las salidas de emergencia, y por \u00faltimo, valorar la posibilidad de buscar espacios alternativos en la ciudad.<\/p>\n\n\n\n<p class=\"has-text-align-justify\"><strong>Aunque el Ayuntamiento acept\u00f3 las recomendaciones de la Sindicatura de Greuges de Barcelona en 2019, persiste el problema de aglomeraciones durante la Fiesta de la Merc\u00e8.<\/strong><strong><\/strong><\/p>\n","protected":false},"excerpt":{"rendered":"<p>Aunque el Ayuntamiento acept\u00f3 las recomendaciones de la Sindicatura de Greuges de Barcelona de 2019, tres a\u00f1os despu\u00e9s persiste el problema de las aglomeraciones durante la Fiesta de la Merc\u00e8. [&hellip;]<\/p>\n","protected":false},"author":2,"featured_media":15078,"comment_status":"closed","ping_status":"open","sticky":false,"template":"","format":"standard","meta":{"_acf_changed":false,"footnotes":""},"tags":[],"drets":[1475],"class_list":["post-15077","post","type-post","status-publish","format-standard","has-post-thumbnail","hentry","drets-ciudad-equitativa"],"acf":[],"yoast_head":"<!-- This site is optimized with the Yoast SEO plugin v27.5 - https:\/\/yoast.com\/product\/yoast-seo-wordpress\/ -->\n<title>La Sindicatura ya alert\u00f3 al Ayuntamiento por las aglomeraciones en la avenida Maria Cristina durante La Merc\u00e8 2019 - Sindicatura de Greuges de Barcelona<\/title>\n<meta name=\"description\" content=\"Aunque el Ayuntamiento acept\u00f3 las recomendaciones de la Sindicatura en 2019, persiste el problema de aglomeraciones...\" \/>\n<meta name=\"robots\" content=\"index, follow, max-snippet:-1, max-image-preview:large, max-video-preview:-1\" \/>\n<link rel=\"canonical\" href=\"https:\/\/www.sindicaturabarcelona.cat\/es\/la-sindicatura-ya-alerto-al-ayuntamiento-por-las-aglomeraciones-en-la-avenida-maria-cristina-durante-la-merce-2019%ef%bf%bc\/\" \/>\n<meta property=\"og:locale\" content=\"es_ES\" \/>\n<meta property=\"og:type\" content=\"article\" \/>\n<meta property=\"og:title\" content=\"La Sindicatura ya alert\u00f3 al Ayuntamiento por las aglomeraciones en la avenida Maria Cristina durante La Merc\u00e8 2019 - Sindicatura de Greuges de Barcelona\" \/>\n<meta property=\"og:description\" content=\"Aunque el Ayuntamiento acept\u00f3 las recomendaciones de la Sindicatura en 2019, persiste el problema de aglomeraciones...\" \/>\n<meta property=\"og:url\" content=\"https:\/\/www.sindicaturabarcelona.cat\/es\/la-sindicatura-ya-alerto-al-ayuntamiento-por-las-aglomeraciones-en-la-avenida-maria-cristina-durante-la-merce-2019%ef%bf%bc\/\" \/>\n<meta property=\"og:site_name\" content=\"Sindicatura de Greuges de Barcelona\" \/>\n<meta property=\"article:published_time\" content=\"2022-10-03T12:13:34+00:00\" \/>\n<meta property=\"article:modified_time\" content=\"2022-10-03T12:24:07+00:00\" \/>\n<meta property=\"og:image\" content=\"https:\/\/www.sindicaturabarcelona.cat\/wp-content\/uploads\/2022\/10\/av_reina_m_cristina.760x428.9a1e11a1-1.jpg\" \/>\n\t<meta property=\"og:image:width\" content=\"760\" \/>\n\t<meta property=\"og:image:height\" content=\"428\" \/>\n\t<meta property=\"og:image:type\" content=\"image\/jpeg\" \/>\n<meta name=\"author\" content=\"Pablo\" \/>\n<meta name=\"twitter:card\" content=\"summary_large_image\" \/>\n<meta name=\"twitter:creator\" content=\"@sindicbarcelona\" \/>\n<meta name=\"twitter:site\" content=\"@sindicbarcelona\" \/>\n<meta name=\"twitter:label1\" content=\"Escrito por\" \/>\n\t<meta name=\"twitter:data1\" content=\"Pablo\" \/>\n\t<meta name=\"twitter:label2\" content=\"Tiempo de lectura\" \/>\n\t<meta name=\"twitter:data2\" content=\"6 minutos\" \/>\n<script type=\"application\/ld+json\" class=\"yoast-schema-graph\">{\"@context\":\"https:\\\/\\\/schema.org\",\"@graph\":[{\"@type\":\"Article\",\"@id\":\"https:\\\/\\\/www.sindicaturabarcelona.cat\\\/es\\\/la-sindicatura-ya-alerto-al-ayuntamiento-por-las-aglomeraciones-en-la-avenida-maria-cristina-durante-la-merce-2019%ef%bf%bc\\\/#article\",\"isPartOf\":{\"@id\":\"https:\\\/\\\/www.sindicaturabarcelona.cat\\\/es\\\/la-sindicatura-ya-alerto-al-ayuntamiento-por-las-aglomeraciones-en-la-avenida-maria-cristina-durante-la-merce-2019%ef%bf%bc\\\/\"},\"author\":{\"name\":\"Pablo\",\"@id\":\"https:\\\/\\\/www.sindicaturabarcelona.cat\\\/es\\\/#\\\/schema\\\/person\\\/0e5acffc350ffdbc97578159322c9452\"},\"headline\":\"La Sindicatura ya alert\u00f3 al Ayuntamiento por las aglomeraciones en la avenida Maria Cristina durante La Merc\u00e8 2019\",\"datePublished\":\"2022-10-03T12:13:34+00:00\",\"dateModified\":\"2022-10-03T12:24:07+00:00\",\"mainEntityOfPage\":{\"@id\":\"https:\\\/\\\/www.sindicaturabarcelona.cat\\\/es\\\/la-sindicatura-ya-alerto-al-ayuntamiento-por-las-aglomeraciones-en-la-avenida-maria-cristina-durante-la-merce-2019%ef%bf%bc\\\/\"},\"wordCount\":1141,\"publisher\":{\"@id\":\"https:\\\/\\\/www.sindicaturabarcelona.cat\\\/es\\\/#organization\"},\"image\":{\"@id\":\"https:\\\/\\\/www.sindicaturabarcelona.cat\\\/es\\\/la-sindicatura-ya-alerto-al-ayuntamiento-por-las-aglomeraciones-en-la-avenida-maria-cristina-durante-la-merce-2019%ef%bf%bc\\\/#primaryimage\"},\"thumbnailUrl\":\"https:\\\/\\\/www.sindicaturabarcelona.cat\\\/wp-content\\\/uploads\\\/2022\\\/10\\\/av_reina_m_cristina.760x428.9a1e11a1-1.jpg\",\"articleSection\":[\"General\"],\"inLanguage\":\"es\"},{\"@type\":\"WebPage\",\"@id\":\"https:\\\/\\\/www.sindicaturabarcelona.cat\\\/es\\\/la-sindicatura-ya-alerto-al-ayuntamiento-por-las-aglomeraciones-en-la-avenida-maria-cristina-durante-la-merce-2019%ef%bf%bc\\\/\",\"url\":\"https:\\\/\\\/www.sindicaturabarcelona.cat\\\/es\\\/la-sindicatura-ya-alerto-al-ayuntamiento-por-las-aglomeraciones-en-la-avenida-maria-cristina-durante-la-merce-2019%ef%bf%bc\\\/\",\"name\":\"La Sindicatura ya alert\u00f3 al Ayuntamiento por las aglomeraciones en la avenida Maria Cristina durante La Merc\u00e8 2019 - Sindicatura de Greuges de Barcelona\",\"isPartOf\":{\"@id\":\"https:\\\/\\\/www.sindicaturabarcelona.cat\\\/es\\\/#website\"},\"primaryImageOfPage\":{\"@id\":\"https:\\\/\\\/www.sindicaturabarcelona.cat\\\/es\\\/la-sindicatura-ya-alerto-al-ayuntamiento-por-las-aglomeraciones-en-la-avenida-maria-cristina-durante-la-merce-2019%ef%bf%bc\\\/#primaryimage\"},\"image\":{\"@id\":\"https:\\\/\\\/www.sindicaturabarcelona.cat\\\/es\\\/la-sindicatura-ya-alerto-al-ayuntamiento-por-las-aglomeraciones-en-la-avenida-maria-cristina-durante-la-merce-2019%ef%bf%bc\\\/#primaryimage\"},\"thumbnailUrl\":\"https:\\\/\\\/www.sindicaturabarcelona.cat\\\/wp-content\\\/uploads\\\/2022\\\/10\\\/av_reina_m_cristina.760x428.9a1e11a1-1.jpg\",\"datePublished\":\"2022-10-03T12:13:34+00:00\",\"dateModified\":\"2022-10-03T12:24:07+00:00\",\"description\":\"Aunque el Ayuntamiento acept\u00f3 las recomendaciones de la Sindicatura en 2019, persiste el problema de aglomeraciones...\",\"breadcrumb\":{\"@id\":\"https:\\\/\\\/www.sindicaturabarcelona.cat\\\/es\\\/la-sindicatura-ya-alerto-al-ayuntamiento-por-las-aglomeraciones-en-la-avenida-maria-cristina-durante-la-merce-2019%ef%bf%bc\\\/#breadcrumb\"},\"inLanguage\":\"es\",\"potentialAction\":[{\"@type\":\"ReadAction\",\"target\":[\"https:\\\/\\\/www.sindicaturabarcelona.cat\\\/es\\\/la-sindicatura-ya-alerto-al-ayuntamiento-por-las-aglomeraciones-en-la-avenida-maria-cristina-durante-la-merce-2019%ef%bf%bc\\\/\"]}]},{\"@type\":\"ImageObject\",\"inLanguage\":\"es\",\"@id\":\"https:\\\/\\\/www.sindicaturabarcelona.cat\\\/es\\\/la-sindicatura-ya-alerto-al-ayuntamiento-por-las-aglomeraciones-en-la-avenida-maria-cristina-durante-la-merce-2019%ef%bf%bc\\\/#primaryimage\",\"url\":\"https:\\\/\\\/www.sindicaturabarcelona.cat\\\/wp-content\\\/uploads\\\/2022\\\/10\\\/av_reina_m_cristina.760x428.9a1e11a1-1.jpg\",\"contentUrl\":\"https:\\\/\\\/www.sindicaturabarcelona.cat\\\/wp-content\\\/uploads\\\/2022\\\/10\\\/av_reina_m_cristina.760x428.9a1e11a1-1.jpg\",\"width\":760,\"height\":428,\"caption\":\"Avenida Maria Cristina\"},{\"@type\":\"BreadcrumbList\",\"@id\":\"https:\\\/\\\/www.sindicaturabarcelona.cat\\\/es\\\/la-sindicatura-ya-alerto-al-ayuntamiento-por-las-aglomeraciones-en-la-avenida-maria-cristina-durante-la-merce-2019%ef%bf%bc\\\/#breadcrumb\",\"itemListElement\":[{\"@type\":\"ListItem\",\"position\":1,\"name\":\"Inici\",\"item\":\"https:\\\/\\\/www.sindicaturabarcelona.cat\\\/es\\\/\"},{\"@type\":\"ListItem\",\"position\":2,\"name\":\"La Sindicatura ya alert\u00f3 al Ayuntamiento por las aglomeraciones en la avenida Maria Cristina durante La Merc\u00e8 2019\"}]},{\"@type\":\"WebSite\",\"@id\":\"https:\\\/\\\/www.sindicaturabarcelona.cat\\\/es\\\/#website\",\"url\":\"https:\\\/\\\/www.sindicaturabarcelona.cat\\\/es\\\/\",\"name\":\"Sindicatura de Greuges de Barcelona\",\"description\":\"La defensoria dels teus drets\",\"publisher\":{\"@id\":\"https:\\\/\\\/www.sindicaturabarcelona.cat\\\/es\\\/#organization\"},\"potentialAction\":[{\"@type\":\"SearchAction\",\"target\":{\"@type\":\"EntryPoint\",\"urlTemplate\":\"https:\\\/\\\/www.sindicaturabarcelona.cat\\\/es\\\/?s={search_term_string}\"},\"query-input\":{\"@type\":\"PropertyValueSpecification\",\"valueRequired\":true,\"valueName\":\"search_term_string\"}}],\"inLanguage\":\"es\"},{\"@type\":\"Organization\",\"@id\":\"https:\\\/\\\/www.sindicaturabarcelona.cat\\\/es\\\/#organization\",\"name\":\"Sindicatura de Greuges de Barcelona\",\"url\":\"https:\\\/\\\/www.sindicaturabarcelona.cat\\\/es\\\/\",\"logo\":{\"@type\":\"ImageObject\",\"inLanguage\":\"es\",\"@id\":\"https:\\\/\\\/www.sindicaturabarcelona.cat\\\/es\\\/#\\\/schema\\\/logo\\\/image\\\/\",\"url\":\"https:\\\/\\\/www.sindicaturabarcelona.cat\\\/wp-content\\\/uploads\\\/2023\\\/02\\\/logo_sindicatura.svg\",\"contentUrl\":\"https:\\\/\\\/www.sindicaturabarcelona.cat\\\/wp-content\\\/uploads\\\/2023\\\/02\\\/logo_sindicatura.svg\",\"caption\":\"Sindicatura de Greuges de Barcelona\"},\"image\":{\"@id\":\"https:\\\/\\\/www.sindicaturabarcelona.cat\\\/es\\\/#\\\/schema\\\/logo\\\/image\\\/\"},\"sameAs\":[\"https:\\\/\\\/x.com\\\/sindicbarcelona\",\"https:\\\/\\\/www.instagram.com\\\/sindicbarcelona\\\/\",\"https:\\\/\\\/www.tiktok.com\\\/@sindicaturabcn\",\"https:\\\/\\\/t.me\\\/sindicaturabarcelona\"]},{\"@type\":\"Person\",\"@id\":\"https:\\\/\\\/www.sindicaturabarcelona.cat\\\/es\\\/#\\\/schema\\\/person\\\/0e5acffc350ffdbc97578159322c9452\",\"name\":\"Pablo\",\"image\":{\"@type\":\"ImageObject\",\"inLanguage\":\"es\",\"@id\":\"https:\\\/\\\/secure.gravatar.com\\\/avatar\\\/c948169b402ef9492afde705c3dfd5e90e1a6a84ef6840a91124f805a25a480f?s=96&d=mm&r=g\",\"url\":\"https:\\\/\\\/secure.gravatar.com\\\/avatar\\\/c948169b402ef9492afde705c3dfd5e90e1a6a84ef6840a91124f805a25a480f?s=96&d=mm&r=g\",\"contentUrl\":\"https:\\\/\\\/secure.gravatar.com\\\/avatar\\\/c948169b402ef9492afde705c3dfd5e90e1a6a84ef6840a91124f805a25a480f?s=96&d=mm&r=g\",\"caption\":\"Pablo\"},\"url\":\"https:\\\/\\\/www.sindicaturabarcelona.cat\\\/es\\\/author\\\/pablo\\\/\"}]}<\/script>\n<!-- \/ Yoast SEO plugin. -->","yoast_head_json":{"title":"La Sindicatura ya alert\u00f3 al Ayuntamiento por las aglomeraciones en la avenida Maria Cristina durante La Merc\u00e8 2019 - Sindicatura de Greuges de Barcelona","description":"Aunque el Ayuntamiento acept\u00f3 las recomendaciones de la Sindicatura en 2019, persiste el problema de aglomeraciones...","robots":{"index":"index","follow":"follow","max-snippet":"max-snippet:-1","max-image-preview":"max-image-preview:large","max-video-preview":"max-video-preview:-1"},"canonical":"https:\/\/www.sindicaturabarcelona.cat\/es\/la-sindicatura-ya-alerto-al-ayuntamiento-por-las-aglomeraciones-en-la-avenida-maria-cristina-durante-la-merce-2019%ef%bf%bc\/","og_locale":"es_ES","og_type":"article","og_title":"La Sindicatura ya alert\u00f3 al Ayuntamiento por las aglomeraciones en la avenida Maria Cristina durante La Merc\u00e8 2019 - Sindicatura de Greuges de Barcelona","og_description":"Aunque el Ayuntamiento acept\u00f3 las recomendaciones de la Sindicatura en 2019, persiste el problema de aglomeraciones...","og_url":"https:\/\/www.sindicaturabarcelona.cat\/es\/la-sindicatura-ya-alerto-al-ayuntamiento-por-las-aglomeraciones-en-la-avenida-maria-cristina-durante-la-merce-2019%ef%bf%bc\/","og_site_name":"Sindicatura de Greuges de Barcelona","article_published_time":"2022-10-03T12:13:34+00:00","article_modified_time":"2022-10-03T12:24:07+00:00","og_image":[{"width":760,"height":428,"url":"https:\/\/www.sindicaturabarcelona.cat\/wp-content\/uploads\/2022\/10\/av_reina_m_cristina.760x428.9a1e11a1-1.jpg","type":"image\/jpeg"}],"author":"Pablo","twitter_card":"summary_large_image","twitter_creator":"@sindicbarcelona","twitter_site":"@sindicbarcelona","twitter_misc":{"Escrito por":"Pablo","Tiempo de lectura":"6 minutos"},"schema":{"@context":"https:\/\/schema.org","@graph":[{"@type":"Article","@id":"https:\/\/www.sindicaturabarcelona.cat\/es\/la-sindicatura-ya-alerto-al-ayuntamiento-por-las-aglomeraciones-en-la-avenida-maria-cristina-durante-la-merce-2019%ef%bf%bc\/#article","isPartOf":{"@id":"https:\/\/www.sindicaturabarcelona.cat\/es\/la-sindicatura-ya-alerto-al-ayuntamiento-por-las-aglomeraciones-en-la-avenida-maria-cristina-durante-la-merce-2019%ef%bf%bc\/"},"author":{"name":"Pablo","@id":"https:\/\/www.sindicaturabarcelona.cat\/es\/#\/schema\/person\/0e5acffc350ffdbc97578159322c9452"},"headline":"La Sindicatura ya alert\u00f3 al Ayuntamiento por las aglomeraciones en la avenida Maria Cristina durante La Merc\u00e8 2019","datePublished":"2022-10-03T12:13:34+00:00","dateModified":"2022-10-03T12:24:07+00:00","mainEntityOfPage":{"@id":"https:\/\/www.sindicaturabarcelona.cat\/es\/la-sindicatura-ya-alerto-al-ayuntamiento-por-las-aglomeraciones-en-la-avenida-maria-cristina-durante-la-merce-2019%ef%bf%bc\/"},"wordCount":1141,"publisher":{"@id":"https:\/\/www.sindicaturabarcelona.cat\/es\/#organization"},"image":{"@id":"https:\/\/www.sindicaturabarcelona.cat\/es\/la-sindicatura-ya-alerto-al-ayuntamiento-por-las-aglomeraciones-en-la-avenida-maria-cristina-durante-la-merce-2019%ef%bf%bc\/#primaryimage"},"thumbnailUrl":"https:\/\/www.sindicaturabarcelona.cat\/wp-content\/uploads\/2022\/10\/av_reina_m_cristina.760x428.9a1e11a1-1.jpg","articleSection":["General"],"inLanguage":"es"},{"@type":"WebPage","@id":"https:\/\/www.sindicaturabarcelona.cat\/es\/la-sindicatura-ya-alerto-al-ayuntamiento-por-las-aglomeraciones-en-la-avenida-maria-cristina-durante-la-merce-2019%ef%bf%bc\/","url":"https:\/\/www.sindicaturabarcelona.cat\/es\/la-sindicatura-ya-alerto-al-ayuntamiento-por-las-aglomeraciones-en-la-avenida-maria-cristina-durante-la-merce-2019%ef%bf%bc\/","name":"La Sindicatura ya alert\u00f3 al Ayuntamiento por las aglomeraciones en la avenida Maria Cristina durante La Merc\u00e8 2019 - Sindicatura de Greuges de Barcelona","isPartOf":{"@id":"https:\/\/www.sindicaturabarcelona.cat\/es\/#website"},"primaryImageOfPage":{"@id":"https:\/\/www.sindicaturabarcelona.cat\/es\/la-sindicatura-ya-alerto-al-ayuntamiento-por-las-aglomeraciones-en-la-avenida-maria-cristina-durante-la-merce-2019%ef%bf%bc\/#primaryimage"},"image":{"@id":"https:\/\/www.sindicaturabarcelona.cat\/es\/la-sindicatura-ya-alerto-al-ayuntamiento-por-las-aglomeraciones-en-la-avenida-maria-cristina-durante-la-merce-2019%ef%bf%bc\/#primaryimage"},"thumbnailUrl":"https:\/\/www.sindicaturabarcelona.cat\/wp-content\/uploads\/2022\/10\/av_reina_m_cristina.760x428.9a1e11a1-1.jpg","datePublished":"2022-10-03T12:13:34+00:00","dateModified":"2022-10-03T12:24:07+00:00","description":"Aunque el Ayuntamiento acept\u00f3 las recomendaciones de la Sindicatura en 2019, persiste el problema de aglomeraciones...","breadcrumb":{"@id":"https:\/\/www.sindicaturabarcelona.cat\/es\/la-sindicatura-ya-alerto-al-ayuntamiento-por-las-aglomeraciones-en-la-avenida-maria-cristina-durante-la-merce-2019%ef%bf%bc\/#breadcrumb"},"inLanguage":"es","potentialAction":[{"@type":"ReadAction","target":["https:\/\/www.sindicaturabarcelona.cat\/es\/la-sindicatura-ya-alerto-al-ayuntamiento-por-las-aglomeraciones-en-la-avenida-maria-cristina-durante-la-merce-2019%ef%bf%bc\/"]}]},{"@type":"ImageObject","inLanguage":"es","@id":"https:\/\/www.sindicaturabarcelona.cat\/es\/la-sindicatura-ya-alerto-al-ayuntamiento-por-las-aglomeraciones-en-la-avenida-maria-cristina-durante-la-merce-2019%ef%bf%bc\/#primaryimage","url":"https:\/\/www.sindicaturabarcelona.cat\/wp-content\/uploads\/2022\/10\/av_reina_m_cristina.760x428.9a1e11a1-1.jpg","contentUrl":"https:\/\/www.sindicaturabarcelona.cat\/wp-content\/uploads\/2022\/10\/av_reina_m_cristina.760x428.9a1e11a1-1.jpg","width":760,"height":428,"caption":"Avenida Maria Cristina"},{"@type":"BreadcrumbList","@id":"https:\/\/www.sindicaturabarcelona.cat\/es\/la-sindicatura-ya-alerto-al-ayuntamiento-por-las-aglomeraciones-en-la-avenida-maria-cristina-durante-la-merce-2019%ef%bf%bc\/#breadcrumb","itemListElement":[{"@type":"ListItem","position":1,"name":"Inici","item":"https:\/\/www.sindicaturabarcelona.cat\/es\/"},{"@type":"ListItem","position":2,"name":"La Sindicatura ya alert\u00f3 al Ayuntamiento por las aglomeraciones en la avenida Maria Cristina durante La Merc\u00e8 2019"}]},{"@type":"WebSite","@id":"https:\/\/www.sindicaturabarcelona.cat\/es\/#website","url":"https:\/\/www.sindicaturabarcelona.cat\/es\/","name":"Sindicatura de Greuges de Barcelona","description":"La defensoria dels teus drets","publisher":{"@id":"https:\/\/www.sindicaturabarcelona.cat\/es\/#organization"},"potentialAction":[{"@type":"SearchAction","target":{"@type":"EntryPoint","urlTemplate":"https:\/\/www.sindicaturabarcelona.cat\/es\/?s={search_term_string}"},"query-input":{"@type":"PropertyValueSpecification","valueRequired":true,"valueName":"search_term_string"}}],"inLanguage":"es"},{"@type":"Organization","@id":"https:\/\/www.sindicaturabarcelona.cat\/es\/#organization","name":"Sindicatura de Greuges de Barcelona","url":"https:\/\/www.sindicaturabarcelona.cat\/es\/","logo":{"@type":"ImageObject","inLanguage":"es","@id":"https:\/\/www.sindicaturabarcelona.cat\/es\/#\/schema\/logo\/image\/","url":"https:\/\/www.sindicaturabarcelona.cat\/wp-content\/uploads\/2023\/02\/logo_sindicatura.svg","contentUrl":"https:\/\/www.sindicaturabarcelona.cat\/wp-content\/uploads\/2023\/02\/logo_sindicatura.svg","caption":"Sindicatura de Greuges de Barcelona"},"image":{"@id":"https:\/\/www.sindicaturabarcelona.cat\/es\/#\/schema\/logo\/image\/"},"sameAs":["https:\/\/x.com\/sindicbarcelona","https:\/\/www.instagram.com\/sindicbarcelona\/","https:\/\/www.tiktok.com\/@sindicaturabcn","https:\/\/t.me\/sindicaturabarcelona"]},{"@type":"Person","@id":"https:\/\/www.sindicaturabarcelona.cat\/es\/#\/schema\/person\/0e5acffc350ffdbc97578159322c9452","name":"Pablo","image":{"@type":"ImageObject","inLanguage":"es","@id":"https:\/\/secure.gravatar.com\/avatar\/c948169b402ef9492afde705c3dfd5e90e1a6a84ef6840a91124f805a25a480f?s=96&d=mm&r=g","url":"https:\/\/secure.gravatar.com\/avatar\/c948169b402ef9492afde705c3dfd5e90e1a6a84ef6840a91124f805a25a480f?s=96&d=mm&r=g","contentUrl":"https:\/\/secure.gravatar.com\/avatar\/c948169b402ef9492afde705c3dfd5e90e1a6a84ef6840a91124f805a25a480f?s=96&d=mm&r=g","caption":"Pablo"},"url":"https:\/\/www.sindicaturabarcelona.cat\/es\/author\/pablo\/"}]}},"_links":{"self":[{"href":"https:\/\/www.sindicaturabarcelona.cat\/es\/wp-json\/wp\/v2\/posts\/15077","targetHints":{"allow":["GET"]}}],"collection":[{"href":"https:\/\/www.sindicaturabarcelona.cat\/es\/wp-json\/wp\/v2\/posts"}],"about":[{"href":"https:\/\/www.sindicaturabarcelona.cat\/es\/wp-json\/wp\/v2\/types\/post"}],"author":[{"embeddable":true,"href":"https:\/\/www.sindicaturabarcelona.cat\/es\/wp-json\/wp\/v2\/users\/2"}],"replies":[{"embeddable":true,"href":"https:\/\/www.sindicaturabarcelona.cat\/es\/wp-json\/wp\/v2\/comments?post=15077"}],"version-history":[{"count":0,"href":"https:\/\/www.sindicaturabarcelona.cat\/es\/wp-json\/wp\/v2\/posts\/15077\/revisions"}],"wp:featuredmedia":[{"embeddable":true,"href":"https:\/\/www.sindicaturabarcelona.cat\/es\/wp-json\/wp\/v2\/media\/15078"}],"wp:attachment":[{"href":"https:\/\/www.sindicaturabarcelona.cat\/es\/wp-json\/wp\/v2\/media?parent=15077"}],"wp:term":[{"taxonomy":"post_tag","embeddable":true,"href":"https:\/\/www.sindicaturabarcelona.cat\/es\/wp-json\/wp\/v2\/tags?post=15077"},{"taxonomy":"drets","embeddable":true,"href":"https:\/\/www.sindicaturabarcelona.cat\/es\/wp-json\/wp\/v2\/drets?post=15077"}],"curies":[{"name":"wp","href":"https:\/\/api.w.org\/{rel}","templated":true}]}}