{"id":15007,"date":"2022-09-27T11:30:00","date_gmt":"2022-09-27T09:30:00","guid":{"rendered":"https:\/\/www.sindicaturabarcelona.cat\/?p=15007"},"modified":"2022-09-27T11:42:15","modified_gmt":"2022-09-27T09:42:15","slug":"sindicatura-itinerante-el-29-de-septiembre-inicia-el-nuevo-proyecto-de-la-defensoria-de-la-ciudadania-barcelonesa","status":"publish","type":"post","link":"https:\/\/www.sindicaturabarcelona.cat\/es\/sindicatura-itinerante-el-29-de-septiembre-inicia-el-nuevo-proyecto-de-la-defensoria-de-la-ciudadania-barcelonesa\/","title":{"rendered":"\u2018Sindicatura itinerante\u2019: el 29 de septiembre inicia el nuevo proyecto de la defensor\u00eda de la ciudadan\u00eda barcelonesa"},"content":{"rendered":"\n<p class=\"has-text-align-justify\">La <a aria-label=\"Sindicatura de Greuges de Barcelona (opens in a new tab)\" href=\"https:\/\/www.sindicaturabarcelona.cat\/es\/\" target=\"_blank\" rel=\"noreferrer noopener\" class=\"ek-link\">Sindicatura de Greuges de Barcelona<\/a> iniciar\u00e1, el pr\u00f3ximo jueves 29 de septiembre, el proyecto \u2018Sindicatura itinerante\u2019, en el que<strong> miembros del equipo de la defensor\u00eda se trasladar\u00e1n a equipamientos de la ciudad para atender en primera persona a la ciudadan\u00eda<\/strong> que desee hacer consultas o presentar quejas.<\/p>\n\n\n\n<p class=\"has-text-align-justify\">Esta nueva iniciativa arrancar\u00e1 en la <a href=\"https:\/\/ajuntament.barcelona.cat\/biblioteques\/es\/bibgarciamarquez\" target=\"_blank\" aria-label=\"Biblioteca Garc\u00eda M\u00e1rquez (opens in a new tab)\" rel=\"noreferrer noopener\" class=\"ek-link\">Biblioteca Garc\u00eda M\u00e1rquez<\/a> de Sant Mart\u00ed de Proven\u00e7als de 10 a 13 h y de 15 a 18 h. El equipo de la Sindicatura de Greuges de Barcelona estar\u00e1 ubicado en la planta -1 de este equipamiento municipal con el objetivo de escuchar a los ciudadanos y ciudadanas que quieran exponer vulneraciones de derechos o disconformidad con alg\u00fan servicio municipal.<\/p>\n\n\n\n<p class=\"has-text-align-justify\"><strong>\u201cEstrenamos uno de los proyectos que ya ten\u00eda en mi programa de 7 ejes y 33 propuestas, que permitir\u00e1 crear una Sindicatura itinerante, que sea un territorio y no solo una ubicaci\u00f3n\u201d<\/strong>, ha manifestado el s\u00edndic de greuges de Barcelona, David Bondia. En la l\u00ednea de acercar la instituci\u00f3n a los barceloneses y barcelonesas, la finalidad del proyecto &#8216;Sindicatura itinerante&#8217; es estar presente en los 73 barrios de la ciudad para garantizar la defensa de los derechos humanos de proximidad al vecindario de la ciudad. <\/p>\n\n\n\n<p class=\"has-text-align-justify\">La \u00faltima visita de la Sindicatura al Distrito de Sant Mart\u00ed se produjo el pasado 25 de enero de 2022, en el contexto de la iniciativa \u2018A pie de calle\u2019 y en la que el s\u00edndic se reuni\u00f3 con la AVV de Sant Mart\u00ed de Proven\u00e7als, la Coordinadora de Entidades VERN, la Escuela de Adultos de la Verneda y la Asociaci\u00f3n Sant Mart\u00ed Esport.<\/p>\n\n\n\n<div class=\"wp-block-image\"><figure class=\"aligncenter size-large\"><img decoding=\"async\" src=\"https:\/\/www.sindicaturabarcelona.cat\/wp-content\/uploads\/2022\/09\/Sindicatura-itinerant2-1-724x1024.png\" alt=\"\" class=\"wp-image-15020\"\/><\/figure><\/div>\n","protected":false},"excerpt":{"rendered":"<p>La Sindicatura de Greuges de Barcelona iniciar\u00e1, el pr\u00f3ximo jueves 29 de septiembre, el proyecto \u2018Sindicatura itinerante\u2019, en el que miembros del equipo de la defensor\u00eda se trasladar\u00e1n a equipamientos [&hellip;]<\/p>\n","protected":false},"author":2,"featured_media":15005,"comment_status":"closed","ping_status":"open","sticky":false,"template":"","format":"standard","meta":{"_acf_changed":false,"footnotes":""},"tags":[],"drets":[],"class_list":["post-15007","post","type-post","status-publish","format-standard","has-post-thumbnail","hentry"],"acf":[],"yoast_head":"<!-- This site is optimized with the Yoast SEO plugin v27.5 - https:\/\/yoast.com\/product\/yoast-seo-wordpress\/ -->\n<title>\u2018Sindicatura itinerante\u2019: el 29 de septiembre inicia el nuevo proyecto de la defensor\u00eda de la ciudadan\u00eda barcelonesa - Sindicatura de Greuges de Barcelona<\/title>\n<meta name=\"description\" content=\"El equipo de la Sindicatura se trasladar\u00e1 a equipamientos de la ciudad para atender en primera persona la ciudadan\u00eda que desee hacer...\" \/>\n<meta name=\"robots\" content=\"index, follow, max-snippet:-1, max-image-preview:large, max-video-preview:-1\" \/>\n<link rel=\"canonical\" href=\"https:\/\/www.sindicaturabarcelona.cat\/es\/sindicatura-itinerante-el-29-de-septiembre-inicia-el-nuevo-proyecto-de-la-defensoria-de-la-ciudadania-barcelonesa\/\" \/>\n<meta property=\"og:locale\" content=\"es_ES\" \/>\n<meta property=\"og:type\" content=\"article\" \/>\n<meta property=\"og:title\" content=\"\u2018Sindicatura itinerante\u2019: el 29 de septiembre inicia el nuevo proyecto de la defensor\u00eda de la ciudadan\u00eda barcelonesa - Sindicatura de Greuges de Barcelona\" \/>\n<meta property=\"og:description\" content=\"El equipo de la Sindicatura se trasladar\u00e1 a equipamientos de la ciudad para atender en primera persona la ciudadan\u00eda que desee hacer...\" \/>\n<meta property=\"og:url\" content=\"https:\/\/www.sindicaturabarcelona.cat\/es\/sindicatura-itinerante-el-29-de-septiembre-inicia-el-nuevo-proyecto-de-la-defensoria-de-la-ciudadania-barcelonesa\/\" \/>\n<meta property=\"og:site_name\" content=\"Sindicatura de Greuges de Barcelona\" \/>\n<meta property=\"article:published_time\" content=\"2022-09-27T09:30:00+00:00\" \/>\n<meta property=\"article:modified_time\" content=\"2022-09-27T09:42:15+00:00\" \/>\n<meta property=\"og:image\" content=\"https:\/\/www.sindicaturabarcelona.cat\/wp-content\/uploads\/2022\/09\/7D9A7668-scaled.jpg\" \/>\n\t<meta property=\"og:image:width\" content=\"2560\" \/>\n\t<meta property=\"og:image:height\" content=\"1707\" \/>\n\t<meta property=\"og:image:type\" content=\"image\/jpeg\" \/>\n<meta name=\"author\" content=\"Pablo\" \/>\n<meta name=\"twitter:card\" content=\"summary_large_image\" \/>\n<meta name=\"twitter:creator\" content=\"@sindicbarcelona\" \/>\n<meta name=\"twitter:site\" content=\"@sindicbarcelona\" \/>\n<meta name=\"twitter:label1\" content=\"Escrito por\" \/>\n\t<meta name=\"twitter:data1\" content=\"Pablo\" \/>\n\t<meta name=\"twitter:label2\" content=\"Tiempo de lectura\" \/>\n\t<meta name=\"twitter:data2\" content=\"2 minutos\" \/>\n<script type=\"application\/ld+json\" class=\"yoast-schema-graph\">{\"@context\":\"https:\\\/\\\/schema.org\",\"@graph\":[{\"@type\":\"Article\",\"@id\":\"https:\\\/\\\/www.sindicaturabarcelona.cat\\\/es\\\/sindicatura-itinerante-el-29-de-septiembre-inicia-el-nuevo-proyecto-de-la-defensoria-de-la-ciudadania-barcelonesa\\\/#article\",\"isPartOf\":{\"@id\":\"https:\\\/\\\/www.sindicaturabarcelona.cat\\\/es\\\/sindicatura-itinerante-el-29-de-septiembre-inicia-el-nuevo-proyecto-de-la-defensoria-de-la-ciudadania-barcelonesa\\\/\"},\"author\":{\"name\":\"Pablo\",\"@id\":\"https:\\\/\\\/www.sindicaturabarcelona.cat\\\/es\\\/#\\\/schema\\\/person\\\/0e5acffc350ffdbc97578159322c9452\"},\"headline\":\"\u2018Sindicatura itinerante\u2019: el 29 de septiembre inicia el nuevo proyecto de la defensor\u00eda de la ciudadan\u00eda barcelonesa\",\"datePublished\":\"2022-09-27T09:30:00+00:00\",\"dateModified\":\"2022-09-27T09:42:15+00:00\",\"mainEntityOfPage\":{\"@id\":\"https:\\\/\\\/www.sindicaturabarcelona.cat\\\/es\\\/sindicatura-itinerante-el-29-de-septiembre-inicia-el-nuevo-proyecto-de-la-defensoria-de-la-ciudadania-barcelonesa\\\/\"},\"wordCount\":287,\"publisher\":{\"@id\":\"https:\\\/\\\/www.sindicaturabarcelona.cat\\\/es\\\/#organization\"},\"image\":{\"@id\":\"https:\\\/\\\/www.sindicaturabarcelona.cat\\\/es\\\/sindicatura-itinerante-el-29-de-septiembre-inicia-el-nuevo-proyecto-de-la-defensoria-de-la-ciudadania-barcelonesa\\\/#primaryimage\"},\"thumbnailUrl\":\"https:\\\/\\\/www.sindicaturabarcelona.cat\\\/wp-content\\\/uploads\\\/2022\\\/09\\\/7D9A7668-scaled.jpg\",\"inLanguage\":\"es\"},{\"@type\":\"WebPage\",\"@id\":\"https:\\\/\\\/www.sindicaturabarcelona.cat\\\/es\\\/sindicatura-itinerante-el-29-de-septiembre-inicia-el-nuevo-proyecto-de-la-defensoria-de-la-ciudadania-barcelonesa\\\/\",\"url\":\"https:\\\/\\\/www.sindicaturabarcelona.cat\\\/es\\\/sindicatura-itinerante-el-29-de-septiembre-inicia-el-nuevo-proyecto-de-la-defensoria-de-la-ciudadania-barcelonesa\\\/\",\"name\":\"\u2018Sindicatura itinerante\u2019: el 29 de septiembre inicia el nuevo proyecto de la defensor\u00eda de la ciudadan\u00eda barcelonesa - Sindicatura de Greuges de Barcelona\",\"isPartOf\":{\"@id\":\"https:\\\/\\\/www.sindicaturabarcelona.cat\\\/es\\\/#website\"},\"primaryImageOfPage\":{\"@id\":\"https:\\\/\\\/www.sindicaturabarcelona.cat\\\/es\\\/sindicatura-itinerante-el-29-de-septiembre-inicia-el-nuevo-proyecto-de-la-defensoria-de-la-ciudadania-barcelonesa\\\/#primaryimage\"},\"image\":{\"@id\":\"https:\\\/\\\/www.sindicaturabarcelona.cat\\\/es\\\/sindicatura-itinerante-el-29-de-septiembre-inicia-el-nuevo-proyecto-de-la-defensoria-de-la-ciudadania-barcelonesa\\\/#primaryimage\"},\"thumbnailUrl\":\"https:\\\/\\\/www.sindicaturabarcelona.cat\\\/wp-content\\\/uploads\\\/2022\\\/09\\\/7D9A7668-scaled.jpg\",\"datePublished\":\"2022-09-27T09:30:00+00:00\",\"dateModified\":\"2022-09-27T09:42:15+00:00\",\"description\":\"El equipo de la Sindicatura se trasladar\u00e1 a equipamientos de la ciudad para atender en primera persona la ciudadan\u00eda que desee hacer...\",\"breadcrumb\":{\"@id\":\"https:\\\/\\\/www.sindicaturabarcelona.cat\\\/es\\\/sindicatura-itinerante-el-29-de-septiembre-inicia-el-nuevo-proyecto-de-la-defensoria-de-la-ciudadania-barcelonesa\\\/#breadcrumb\"},\"inLanguage\":\"es\",\"potentialAction\":[{\"@type\":\"ReadAction\",\"target\":[\"https:\\\/\\\/www.sindicaturabarcelona.cat\\\/es\\\/sindicatura-itinerante-el-29-de-septiembre-inicia-el-nuevo-proyecto-de-la-defensoria-de-la-ciudadania-barcelonesa\\\/\"]}]},{\"@type\":\"ImageObject\",\"inLanguage\":\"es\",\"@id\":\"https:\\\/\\\/www.sindicaturabarcelona.cat\\\/es\\\/sindicatura-itinerante-el-29-de-septiembre-inicia-el-nuevo-proyecto-de-la-defensoria-de-la-ciudadania-barcelonesa\\\/#primaryimage\",\"url\":\"https:\\\/\\\/www.sindicaturabarcelona.cat\\\/wp-content\\\/uploads\\\/2022\\\/09\\\/7D9A7668-scaled.jpg\",\"contentUrl\":\"https:\\\/\\\/www.sindicaturabarcelona.cat\\\/wp-content\\\/uploads\\\/2022\\\/09\\\/7D9A7668-scaled.jpg\",\"width\":2560,\"height\":1707,\"caption\":\"Sindicatura itinerant\"},{\"@type\":\"BreadcrumbList\",\"@id\":\"https:\\\/\\\/www.sindicaturabarcelona.cat\\\/es\\\/sindicatura-itinerante-el-29-de-septiembre-inicia-el-nuevo-proyecto-de-la-defensoria-de-la-ciudadania-barcelonesa\\\/#breadcrumb\",\"itemListElement\":[{\"@type\":\"ListItem\",\"position\":1,\"name\":\"Inici\",\"item\":\"https:\\\/\\\/www.sindicaturabarcelona.cat\\\/es\\\/\"},{\"@type\":\"ListItem\",\"position\":2,\"name\":\"\u2018Sindicatura itinerante\u2019: el 29 de septiembre inicia el nuevo proyecto de la defensor\u00eda de la ciudadan\u00eda barcelonesa\"}]},{\"@type\":\"WebSite\",\"@id\":\"https:\\\/\\\/www.sindicaturabarcelona.cat\\\/es\\\/#website\",\"url\":\"https:\\\/\\\/www.sindicaturabarcelona.cat\\\/es\\\/\",\"name\":\"Sindicatura de Greuges de Barcelona\",\"description\":\"La defensoria dels teus drets\",\"publisher\":{\"@id\":\"https:\\\/\\\/www.sindicaturabarcelona.cat\\\/es\\\/#organization\"},\"potentialAction\":[{\"@type\":\"SearchAction\",\"target\":{\"@type\":\"EntryPoint\",\"urlTemplate\":\"https:\\\/\\\/www.sindicaturabarcelona.cat\\\/es\\\/?s={search_term_string}\"},\"query-input\":{\"@type\":\"PropertyValueSpecification\",\"valueRequired\":true,\"valueName\":\"search_term_string\"}}],\"inLanguage\":\"es\"},{\"@type\":\"Organization\",\"@id\":\"https:\\\/\\\/www.sindicaturabarcelona.cat\\\/es\\\/#organization\",\"name\":\"Sindicatura de Greuges de Barcelona\",\"url\":\"https:\\\/\\\/www.sindicaturabarcelona.cat\\\/es\\\/\",\"logo\":{\"@type\":\"ImageObject\",\"inLanguage\":\"es\",\"@id\":\"https:\\\/\\\/www.sindicaturabarcelona.cat\\\/es\\\/#\\\/schema\\\/logo\\\/image\\\/\",\"url\":\"https:\\\/\\\/www.sindicaturabarcelona.cat\\\/wp-content\\\/uploads\\\/2023\\\/02\\\/logo_sindicatura.svg\",\"contentUrl\":\"https:\\\/\\\/www.sindicaturabarcelona.cat\\\/wp-content\\\/uploads\\\/2023\\\/02\\\/logo_sindicatura.svg\",\"caption\":\"Sindicatura de Greuges de Barcelona\"},\"image\":{\"@id\":\"https:\\\/\\\/www.sindicaturabarcelona.cat\\\/es\\\/#\\\/schema\\\/logo\\\/image\\\/\"},\"sameAs\":[\"https:\\\/\\\/x.com\\\/sindicbarcelona\",\"https:\\\/\\\/www.instagram.com\\\/sindicbarcelona\\\/\",\"https:\\\/\\\/www.tiktok.com\\\/@sindicaturabcn\",\"https:\\\/\\\/t.me\\\/sindicaturabarcelona\"]},{\"@type\":\"Person\",\"@id\":\"https:\\\/\\\/www.sindicaturabarcelona.cat\\\/es\\\/#\\\/schema\\\/person\\\/0e5acffc350ffdbc97578159322c9452\",\"name\":\"Pablo\",\"image\":{\"@type\":\"ImageObject\",\"inLanguage\":\"es\",\"@id\":\"https:\\\/\\\/secure.gravatar.com\\\/avatar\\\/c948169b402ef9492afde705c3dfd5e90e1a6a84ef6840a91124f805a25a480f?s=96&d=mm&r=g\",\"url\":\"https:\\\/\\\/secure.gravatar.com\\\/avatar\\\/c948169b402ef9492afde705c3dfd5e90e1a6a84ef6840a91124f805a25a480f?s=96&d=mm&r=g\",\"contentUrl\":\"https:\\\/\\\/secure.gravatar.com\\\/avatar\\\/c948169b402ef9492afde705c3dfd5e90e1a6a84ef6840a91124f805a25a480f?s=96&d=mm&r=g\",\"caption\":\"Pablo\"},\"url\":\"https:\\\/\\\/www.sindicaturabarcelona.cat\\\/es\\\/author\\\/pablo\\\/\"}]}<\/script>\n<!-- \/ Yoast SEO plugin. -->","yoast_head_json":{"title":"\u2018Sindicatura itinerante\u2019: el 29 de septiembre inicia el nuevo proyecto de la defensor\u00eda de la ciudadan\u00eda barcelonesa - Sindicatura de Greuges de Barcelona","description":"El equipo de la Sindicatura se trasladar\u00e1 a equipamientos de la ciudad para atender en primera persona la ciudadan\u00eda que desee hacer...","robots":{"index":"index","follow":"follow","max-snippet":"max-snippet:-1","max-image-preview":"max-image-preview:large","max-video-preview":"max-video-preview:-1"},"canonical":"https:\/\/www.sindicaturabarcelona.cat\/es\/sindicatura-itinerante-el-29-de-septiembre-inicia-el-nuevo-proyecto-de-la-defensoria-de-la-ciudadania-barcelonesa\/","og_locale":"es_ES","og_type":"article","og_title":"\u2018Sindicatura itinerante\u2019: el 29 de septiembre inicia el nuevo proyecto de la defensor\u00eda de la ciudadan\u00eda barcelonesa - Sindicatura de Greuges de Barcelona","og_description":"El equipo de la Sindicatura se trasladar\u00e1 a equipamientos de la ciudad para atender en primera persona la ciudadan\u00eda que desee hacer...","og_url":"https:\/\/www.sindicaturabarcelona.cat\/es\/sindicatura-itinerante-el-29-de-septiembre-inicia-el-nuevo-proyecto-de-la-defensoria-de-la-ciudadania-barcelonesa\/","og_site_name":"Sindicatura de Greuges de Barcelona","article_published_time":"2022-09-27T09:30:00+00:00","article_modified_time":"2022-09-27T09:42:15+00:00","og_image":[{"width":2560,"height":1707,"url":"https:\/\/www.sindicaturabarcelona.cat\/wp-content\/uploads\/2022\/09\/7D9A7668-scaled.jpg","type":"image\/jpeg"}],"author":"Pablo","twitter_card":"summary_large_image","twitter_creator":"@sindicbarcelona","twitter_site":"@sindicbarcelona","twitter_misc":{"Escrito por":"Pablo","Tiempo de lectura":"2 minutos"},"schema":{"@context":"https:\/\/schema.org","@graph":[{"@type":"Article","@id":"https:\/\/www.sindicaturabarcelona.cat\/es\/sindicatura-itinerante-el-29-de-septiembre-inicia-el-nuevo-proyecto-de-la-defensoria-de-la-ciudadania-barcelonesa\/#article","isPartOf":{"@id":"https:\/\/www.sindicaturabarcelona.cat\/es\/sindicatura-itinerante-el-29-de-septiembre-inicia-el-nuevo-proyecto-de-la-defensoria-de-la-ciudadania-barcelonesa\/"},"author":{"name":"Pablo","@id":"https:\/\/www.sindicaturabarcelona.cat\/es\/#\/schema\/person\/0e5acffc350ffdbc97578159322c9452"},"headline":"\u2018Sindicatura itinerante\u2019: el 29 de septiembre inicia el nuevo proyecto de la defensor\u00eda de la ciudadan\u00eda barcelonesa","datePublished":"2022-09-27T09:30:00+00:00","dateModified":"2022-09-27T09:42:15+00:00","mainEntityOfPage":{"@id":"https:\/\/www.sindicaturabarcelona.cat\/es\/sindicatura-itinerante-el-29-de-septiembre-inicia-el-nuevo-proyecto-de-la-defensoria-de-la-ciudadania-barcelonesa\/"},"wordCount":287,"publisher":{"@id":"https:\/\/www.sindicaturabarcelona.cat\/es\/#organization"},"image":{"@id":"https:\/\/www.sindicaturabarcelona.cat\/es\/sindicatura-itinerante-el-29-de-septiembre-inicia-el-nuevo-proyecto-de-la-defensoria-de-la-ciudadania-barcelonesa\/#primaryimage"},"thumbnailUrl":"https:\/\/www.sindicaturabarcelona.cat\/wp-content\/uploads\/2022\/09\/7D9A7668-scaled.jpg","inLanguage":"es"},{"@type":"WebPage","@id":"https:\/\/www.sindicaturabarcelona.cat\/es\/sindicatura-itinerante-el-29-de-septiembre-inicia-el-nuevo-proyecto-de-la-defensoria-de-la-ciudadania-barcelonesa\/","url":"https:\/\/www.sindicaturabarcelona.cat\/es\/sindicatura-itinerante-el-29-de-septiembre-inicia-el-nuevo-proyecto-de-la-defensoria-de-la-ciudadania-barcelonesa\/","name":"\u2018Sindicatura itinerante\u2019: el 29 de septiembre inicia el nuevo proyecto de la defensor\u00eda de la ciudadan\u00eda barcelonesa - Sindicatura de Greuges de Barcelona","isPartOf":{"@id":"https:\/\/www.sindicaturabarcelona.cat\/es\/#website"},"primaryImageOfPage":{"@id":"https:\/\/www.sindicaturabarcelona.cat\/es\/sindicatura-itinerante-el-29-de-septiembre-inicia-el-nuevo-proyecto-de-la-defensoria-de-la-ciudadania-barcelonesa\/#primaryimage"},"image":{"@id":"https:\/\/www.sindicaturabarcelona.cat\/es\/sindicatura-itinerante-el-29-de-septiembre-inicia-el-nuevo-proyecto-de-la-defensoria-de-la-ciudadania-barcelonesa\/#primaryimage"},"thumbnailUrl":"https:\/\/www.sindicaturabarcelona.cat\/wp-content\/uploads\/2022\/09\/7D9A7668-scaled.jpg","datePublished":"2022-09-27T09:30:00+00:00","dateModified":"2022-09-27T09:42:15+00:00","description":"El equipo de la Sindicatura se trasladar\u00e1 a equipamientos de la ciudad para atender en primera persona la ciudadan\u00eda que desee hacer...","breadcrumb":{"@id":"https:\/\/www.sindicaturabarcelona.cat\/es\/sindicatura-itinerante-el-29-de-septiembre-inicia-el-nuevo-proyecto-de-la-defensoria-de-la-ciudadania-barcelonesa\/#breadcrumb"},"inLanguage":"es","potentialAction":[{"@type":"ReadAction","target":["https:\/\/www.sindicaturabarcelona.cat\/es\/sindicatura-itinerante-el-29-de-septiembre-inicia-el-nuevo-proyecto-de-la-defensoria-de-la-ciudadania-barcelonesa\/"]}]},{"@type":"ImageObject","inLanguage":"es","@id":"https:\/\/www.sindicaturabarcelona.cat\/es\/sindicatura-itinerante-el-29-de-septiembre-inicia-el-nuevo-proyecto-de-la-defensoria-de-la-ciudadania-barcelonesa\/#primaryimage","url":"https:\/\/www.sindicaturabarcelona.cat\/wp-content\/uploads\/2022\/09\/7D9A7668-scaled.jpg","contentUrl":"https:\/\/www.sindicaturabarcelona.cat\/wp-content\/uploads\/2022\/09\/7D9A7668-scaled.jpg","width":2560,"height":1707,"caption":"Sindicatura itinerant"},{"@type":"BreadcrumbList","@id":"https:\/\/www.sindicaturabarcelona.cat\/es\/sindicatura-itinerante-el-29-de-septiembre-inicia-el-nuevo-proyecto-de-la-defensoria-de-la-ciudadania-barcelonesa\/#breadcrumb","itemListElement":[{"@type":"ListItem","position":1,"name":"Inici","item":"https:\/\/www.sindicaturabarcelona.cat\/es\/"},{"@type":"ListItem","position":2,"name":"\u2018Sindicatura itinerante\u2019: el 29 de septiembre inicia el nuevo proyecto de la defensor\u00eda de la ciudadan\u00eda barcelonesa"}]},{"@type":"WebSite","@id":"https:\/\/www.sindicaturabarcelona.cat\/es\/#website","url":"https:\/\/www.sindicaturabarcelona.cat\/es\/","name":"Sindicatura de Greuges de Barcelona","description":"La defensoria dels teus drets","publisher":{"@id":"https:\/\/www.sindicaturabarcelona.cat\/es\/#organization"},"potentialAction":[{"@type":"SearchAction","target":{"@type":"EntryPoint","urlTemplate":"https:\/\/www.sindicaturabarcelona.cat\/es\/?s={search_term_string}"},"query-input":{"@type":"PropertyValueSpecification","valueRequired":true,"valueName":"search_term_string"}}],"inLanguage":"es"},{"@type":"Organization","@id":"https:\/\/www.sindicaturabarcelona.cat\/es\/#organization","name":"Sindicatura de Greuges de Barcelona","url":"https:\/\/www.sindicaturabarcelona.cat\/es\/","logo":{"@type":"ImageObject","inLanguage":"es","@id":"https:\/\/www.sindicaturabarcelona.cat\/es\/#\/schema\/logo\/image\/","url":"https:\/\/www.sindicaturabarcelona.cat\/wp-content\/uploads\/2023\/02\/logo_sindicatura.svg","contentUrl":"https:\/\/www.sindicaturabarcelona.cat\/wp-content\/uploads\/2023\/02\/logo_sindicatura.svg","caption":"Sindicatura de Greuges de Barcelona"},"image":{"@id":"https:\/\/www.sindicaturabarcelona.cat\/es\/#\/schema\/logo\/image\/"},"sameAs":["https:\/\/x.com\/sindicbarcelona","https:\/\/www.instagram.com\/sindicbarcelona\/","https:\/\/www.tiktok.com\/@sindicaturabcn","https:\/\/t.me\/sindicaturabarcelona"]},{"@type":"Person","@id":"https:\/\/www.sindicaturabarcelona.cat\/es\/#\/schema\/person\/0e5acffc350ffdbc97578159322c9452","name":"Pablo","image":{"@type":"ImageObject","inLanguage":"es","@id":"https:\/\/secure.gravatar.com\/avatar\/c948169b402ef9492afde705c3dfd5e90e1a6a84ef6840a91124f805a25a480f?s=96&d=mm&r=g","url":"https:\/\/secure.gravatar.com\/avatar\/c948169b402ef9492afde705c3dfd5e90e1a6a84ef6840a91124f805a25a480f?s=96&d=mm&r=g","contentUrl":"https:\/\/secure.gravatar.com\/avatar\/c948169b402ef9492afde705c3dfd5e90e1a6a84ef6840a91124f805a25a480f?s=96&d=mm&r=g","caption":"Pablo"},"url":"https:\/\/www.sindicaturabarcelona.cat\/es\/author\/pablo\/"}]}},"_links":{"self":[{"href":"https:\/\/www.sindicaturabarcelona.cat\/es\/wp-json\/wp\/v2\/posts\/15007","targetHints":{"allow":["GET"]}}],"collection":[{"href":"https:\/\/www.sindicaturabarcelona.cat\/es\/wp-json\/wp\/v2\/posts"}],"about":[{"href":"https:\/\/www.sindicaturabarcelona.cat\/es\/wp-json\/wp\/v2\/types\/post"}],"author":[{"embeddable":true,"href":"https:\/\/www.sindicaturabarcelona.cat\/es\/wp-json\/wp\/v2\/users\/2"}],"replies":[{"embeddable":true,"href":"https:\/\/www.sindicaturabarcelona.cat\/es\/wp-json\/wp\/v2\/comments?post=15007"}],"version-history":[{"count":0,"href":"https:\/\/www.sindicaturabarcelona.cat\/es\/wp-json\/wp\/v2\/posts\/15007\/revisions"}],"wp:featuredmedia":[{"embeddable":true,"href":"https:\/\/www.sindicaturabarcelona.cat\/es\/wp-json\/wp\/v2\/media\/15005"}],"wp:attachment":[{"href":"https:\/\/www.sindicaturabarcelona.cat\/es\/wp-json\/wp\/v2\/media?parent=15007"}],"wp:term":[{"taxonomy":"post_tag","embeddable":true,"href":"https:\/\/www.sindicaturabarcelona.cat\/es\/wp-json\/wp\/v2\/tags?post=15007"},{"taxonomy":"drets","embeddable":true,"href":"https:\/\/www.sindicaturabarcelona.cat\/es\/wp-json\/wp\/v2\/drets?post=15007"}],"curies":[{"name":"wp","href":"https:\/\/api.w.org\/{rel}","templated":true}]}}