{"id":14996,"date":"2022-09-23T12:51:00","date_gmt":"2022-09-23T10:51:00","guid":{"rendered":"https:\/\/www.sindicaturabarcelona.cat\/?p=14996"},"modified":"2022-09-29T17:03:46","modified_gmt":"2022-09-29T15:03:46","slug":"la-sindicatura-de-greuges-de-barcelona-acompana-al-observatori-contra-lhomofobia-en-la-atencion-a-las-victimas-de-lgtbi-fobia-durante-la-festa-de-la-merce","status":"publish","type":"post","link":"https:\/\/www.sindicaturabarcelona.cat\/es\/la-sindicatura-de-greuges-de-barcelona-acompana-al-observatori-contra-lhomofobia-en-la-atencion-a-las-victimas-de-lgtbi-fobia-durante-la-festa-de-la-merce\/","title":{"rendered":"La Sindicatura de Greuges de Barcelona acompa\u00f1a al Observatori contra l\u2019Homof\u00f2bia en la atenci\u00f3n a las v\u00edctimas de LGTBI-fobia durante la Festa de la Merc\u00e8"},"content":{"rendered":"\n<p class=\"has-text-align-justify\">La <a aria-label=\"Sindicatura de Greuges de Barcelona (opens in a new tab)\" href=\"https:\/\/www.sindicaturabarcelona.cat\/es\/\" target=\"_blank\" rel=\"noreferrer noopener\" class=\"ek-link\">Sindicatura de Greuges de Barcelona<\/a> ha acompa\u00f1ado el viernes 23 de septiembre (de 22 a 1 h) al Observatori contra l\u2019Homof\u00f2bia en la atenci\u00f3n a posibles violencias lgtbi-f\u00f3bicas durante la Festa de la Merc\u00e8.<\/p>\n\n\n\n<p class=\"has-text-align-justify\">Esta atenci\u00f3n se ha producido de manera telef\u00f3nica, <strong>v\u00eda whatsapp, en el 699 90 16 51<\/strong>. A pesar de que este a\u00f1o ha sido el primero en el que colabora la Sindicatura de Greuges de Barcelona, es la tercera edici\u00f3n en la que el Observatori pone en marcha este servicio. Este a\u00f1o tambi\u00e9n se ha contado con la colaboraci\u00f3n de la Guardia Urbana de Barcelona.<\/p>\n\n\n\n<p class=\"has-text-align-justify\">A causa del estigma que todav\u00eda comportan los temas relativos a la orientaci\u00f3n sexual y la identidad de g\u00e9nero, <strong>la violencia y la discriminaci\u00f3n contra las personas LGTBI+ queda frecuentemente sin denunciar<\/strong>, sin documentar y, en consecuencia, sin castigar. <strong>\u201cQueremos poner facilidades al colectivo para que, si se produce una incidencia, tengan un servicio a su alcance que les permita denunciarlo de manera sencilla y segura\u201d<\/strong>, ha explicado el s\u00edndic de greuges de Barcelona, David Bondia.<\/p>\n\n\n\n<p class=\"has-text-align-justify\"><strong>Esta lucha nos interpela a todas y todos. Es una lucha de derechos humanos, desde una perspectiva interseccional.<\/strong> El argumento a favor de extender a las personas LGTBI+ los mismos derechos de los cuales disfrutan el resto de personas no es radical ni complicado. Se basa en dos principios que fundamentan las normas nacionales e internacionales de derechos humanos: <strong>igualdad y no discriminaci\u00f3n<\/strong>.<\/p>\n\n\n\n<p class=\"has-text-align-justify\">Sin embargo, todav\u00eda persisten discursos y actuaciones que pretenden justificar la desigualdad, y estigmatizar y preservar un determinado <em>statu quo<\/em>. Ante esto, debemos reivindicar que <strong>la lucha por la dignidad de los derechos del colectivo LGTBI+ es una lucha por una humanidad diversa de la cual todos y todas formamos parte.<\/strong><\/p>\n\n\n\n<p class=\"has-text-align-justify\"><strong>Desde las <a href=\"https:\/\/www.sindicatureslocals.cat\/\" target=\"_blank\" aria-label=\"sindicaturas locales (opens in a new tab)\" rel=\"noreferrer noopener\" class=\"ek-link\">sindicaturas locales<\/a>, ante el auge de las acciones y los silencios negacionistas, tendr\u00edamos que dar un paso adelante para acompa\u00f1ar los itinerarios de las personas que denuncian agresiones y discriminaciones lgtbi-f\u00f3bicas<\/strong>. Nuestros principales objetivos, trabajando de forma coordinada con entidades y otras instituciones para evitar revictimizaciones, deben buscar la forma de reparar la dignidad de la persona, combatir estas violencias y fomentar la prevenci\u00f3n y la sensibilizaci\u00f3n para evitar su naturalizaci\u00f3n.<\/p>\n\n\n\n<figure class=\"wp-block-image size-large\"><img decoding=\"async\" src=\"https:\/\/www.sindicaturabarcelona.cat\/wp-content\/uploads\/2022\/09\/OCH-Sindicatura-Festes-Merce-1-1024x576.jpg\" alt=\"\" class=\"wp-image-15001\"\/><\/figure>\n","protected":false},"excerpt":{"rendered":"<p>La Sindicatura de Greuges de Barcelona ha acompa\u00f1ado el viernes 23 de septiembre (de 22 a 1 h) al Observatori contra l\u2019Homof\u00f2bia en la atenci\u00f3n a posibles violencias lgtbi-f\u00f3bicas durante [&hellip;]<\/p>\n","protected":false},"author":2,"featured_media":15042,"comment_status":"closed","ping_status":"open","sticky":false,"template":"","format":"standard","meta":{"_acf_changed":false,"footnotes":""},"tags":[],"drets":[1475],"class_list":["post-14996","post","type-post","status-publish","format-standard","has-post-thumbnail","hentry","drets-ciudad-equitativa"],"acf":[],"yoast_head":"<!-- This site is optimized with the Yoast SEO plugin v27.5 - https:\/\/yoast.com\/product\/yoast-seo-wordpress\/ -->\n<title>La Sindicatura de Greuges de Barcelona acompa\u00f1a al Observatori contra l\u2019Homof\u00f2bia en la atenci\u00f3n a las v\u00edctimas de LGTBI-fobia durante la Festa de la Merc\u00e8 - Sindicatura de Greuges de Barcelona<\/title>\n<meta name=\"description\" content=\"La Sindicatura acompa\u00f1ar\u00e1 el 23 de septiembre (de 22 a 1 h) al Observatori contra l&#039;Homof\u00f2bia en la atenci\u00f3n a incidencias hom\u00f3fobas.\" \/>\n<meta name=\"robots\" content=\"index, follow, max-snippet:-1, max-image-preview:large, max-video-preview:-1\" \/>\n<link rel=\"canonical\" href=\"https:\/\/www.sindicaturabarcelona.cat\/es\/la-sindicatura-de-greuges-de-barcelona-acompana-al-observatori-contra-lhomofobia-en-la-atencion-a-las-victimas-de-lgtbi-fobia-durante-la-festa-de-la-merce\/\" \/>\n<meta property=\"og:locale\" content=\"es_ES\" \/>\n<meta property=\"og:type\" content=\"article\" \/>\n<meta property=\"og:title\" content=\"La Sindicatura de Greuges de Barcelona acompa\u00f1a al Observatori contra l\u2019Homof\u00f2bia en la atenci\u00f3n a las v\u00edctimas de LGTBI-fobia durante la Festa de la Merc\u00e8 - Sindicatura de Greuges de Barcelona\" \/>\n<meta property=\"og:description\" content=\"La Sindicatura acompa\u00f1ar\u00e1 el 23 de septiembre (de 22 a 1 h) al Observatori contra l&#039;Homof\u00f2bia en la atenci\u00f3n a incidencias hom\u00f3fobas.\" \/>\n<meta property=\"og:url\" content=\"https:\/\/www.sindicaturabarcelona.cat\/es\/la-sindicatura-de-greuges-de-barcelona-acompana-al-observatori-contra-lhomofobia-en-la-atencion-a-las-victimas-de-lgtbi-fobia-durante-la-festa-de-la-merce\/\" \/>\n<meta property=\"og:site_name\" content=\"Sindicatura de Greuges de Barcelona\" \/>\n<meta property=\"article:published_time\" content=\"2022-09-23T10:51:00+00:00\" \/>\n<meta property=\"article:modified_time\" content=\"2022-09-29T15:03:46+00:00\" \/>\n<meta property=\"og:image\" content=\"https:\/\/www.sindicaturabarcelona.cat\/wp-content\/uploads\/2022\/09\/Dispositiu-violencies-LGTBI-1.jpeg\" \/>\n\t<meta property=\"og:image:width\" content=\"2000\" \/>\n\t<meta property=\"og:image:height\" content=\"1500\" \/>\n\t<meta property=\"og:image:type\" content=\"image\/jpeg\" \/>\n<meta name=\"author\" content=\"Pablo\" \/>\n<meta name=\"twitter:card\" content=\"summary_large_image\" \/>\n<meta name=\"twitter:creator\" content=\"@sindicbarcelona\" \/>\n<meta name=\"twitter:site\" content=\"@sindicbarcelona\" \/>\n<meta name=\"twitter:label1\" content=\"Escrito por\" \/>\n\t<meta name=\"twitter:data1\" content=\"Pablo\" \/>\n\t<meta name=\"twitter:label2\" content=\"Tiempo de lectura\" \/>\n\t<meta name=\"twitter:data2\" content=\"3 minutos\" \/>\n<script type=\"application\/ld+json\" class=\"yoast-schema-graph\">{\"@context\":\"https:\\\/\\\/schema.org\",\"@graph\":[{\"@type\":\"Article\",\"@id\":\"https:\\\/\\\/www.sindicaturabarcelona.cat\\\/es\\\/la-sindicatura-de-greuges-de-barcelona-acompana-al-observatori-contra-lhomofobia-en-la-atencion-a-las-victimas-de-lgtbi-fobia-durante-la-festa-de-la-merce\\\/#article\",\"isPartOf\":{\"@id\":\"https:\\\/\\\/www.sindicaturabarcelona.cat\\\/es\\\/la-sindicatura-de-greuges-de-barcelona-acompana-al-observatori-contra-lhomofobia-en-la-atencion-a-las-victimas-de-lgtbi-fobia-durante-la-festa-de-la-merce\\\/\"},\"author\":{\"name\":\"Pablo\",\"@id\":\"https:\\\/\\\/www.sindicaturabarcelona.cat\\\/es\\\/#\\\/schema\\\/person\\\/0e5acffc350ffdbc97578159322c9452\"},\"headline\":\"La Sindicatura de Greuges de Barcelona acompa\u00f1a al Observatori contra l\u2019Homof\u00f2bia en la atenci\u00f3n a las v\u00edctimas de LGTBI-fobia durante la Festa de la Merc\u00e8\",\"datePublished\":\"2022-09-23T10:51:00+00:00\",\"dateModified\":\"2022-09-29T15:03:46+00:00\",\"mainEntityOfPage\":{\"@id\":\"https:\\\/\\\/www.sindicaturabarcelona.cat\\\/es\\\/la-sindicatura-de-greuges-de-barcelona-acompana-al-observatori-contra-lhomofobia-en-la-atencion-a-las-victimas-de-lgtbi-fobia-durante-la-festa-de-la-merce\\\/\"},\"wordCount\":412,\"publisher\":{\"@id\":\"https:\\\/\\\/www.sindicaturabarcelona.cat\\\/es\\\/#organization\"},\"image\":{\"@id\":\"https:\\\/\\\/www.sindicaturabarcelona.cat\\\/es\\\/la-sindicatura-de-greuges-de-barcelona-acompana-al-observatori-contra-lhomofobia-en-la-atencion-a-las-victimas-de-lgtbi-fobia-durante-la-festa-de-la-merce\\\/#primaryimage\"},\"thumbnailUrl\":\"https:\\\/\\\/www.sindicaturabarcelona.cat\\\/wp-content\\\/uploads\\\/2022\\\/09\\\/Dispositiu-violencies-LGTBI-1.jpeg\",\"articleSection\":[\"General\"],\"inLanguage\":\"es\"},{\"@type\":\"WebPage\",\"@id\":\"https:\\\/\\\/www.sindicaturabarcelona.cat\\\/es\\\/la-sindicatura-de-greuges-de-barcelona-acompana-al-observatori-contra-lhomofobia-en-la-atencion-a-las-victimas-de-lgtbi-fobia-durante-la-festa-de-la-merce\\\/\",\"url\":\"https:\\\/\\\/www.sindicaturabarcelona.cat\\\/es\\\/la-sindicatura-de-greuges-de-barcelona-acompana-al-observatori-contra-lhomofobia-en-la-atencion-a-las-victimas-de-lgtbi-fobia-durante-la-festa-de-la-merce\\\/\",\"name\":\"La Sindicatura de Greuges de Barcelona acompa\u00f1a al Observatori contra l\u2019Homof\u00f2bia en la atenci\u00f3n a las v\u00edctimas de LGTBI-fobia durante la Festa de la Merc\u00e8 - Sindicatura de Greuges de Barcelona\",\"isPartOf\":{\"@id\":\"https:\\\/\\\/www.sindicaturabarcelona.cat\\\/es\\\/#website\"},\"primaryImageOfPage\":{\"@id\":\"https:\\\/\\\/www.sindicaturabarcelona.cat\\\/es\\\/la-sindicatura-de-greuges-de-barcelona-acompana-al-observatori-contra-lhomofobia-en-la-atencion-a-las-victimas-de-lgtbi-fobia-durante-la-festa-de-la-merce\\\/#primaryimage\"},\"image\":{\"@id\":\"https:\\\/\\\/www.sindicaturabarcelona.cat\\\/es\\\/la-sindicatura-de-greuges-de-barcelona-acompana-al-observatori-contra-lhomofobia-en-la-atencion-a-las-victimas-de-lgtbi-fobia-durante-la-festa-de-la-merce\\\/#primaryimage\"},\"thumbnailUrl\":\"https:\\\/\\\/www.sindicaturabarcelona.cat\\\/wp-content\\\/uploads\\\/2022\\\/09\\\/Dispositiu-violencies-LGTBI-1.jpeg\",\"datePublished\":\"2022-09-23T10:51:00+00:00\",\"dateModified\":\"2022-09-29T15:03:46+00:00\",\"description\":\"La Sindicatura acompa\u00f1ar\u00e1 el 23 de septiembre (de 22 a 1 h) al Observatori contra l'Homof\u00f2bia en la atenci\u00f3n a incidencias hom\u00f3fobas.\",\"breadcrumb\":{\"@id\":\"https:\\\/\\\/www.sindicaturabarcelona.cat\\\/es\\\/la-sindicatura-de-greuges-de-barcelona-acompana-al-observatori-contra-lhomofobia-en-la-atencion-a-las-victimas-de-lgtbi-fobia-durante-la-festa-de-la-merce\\\/#breadcrumb\"},\"inLanguage\":\"es\",\"potentialAction\":[{\"@type\":\"ReadAction\",\"target\":[\"https:\\\/\\\/www.sindicaturabarcelona.cat\\\/es\\\/la-sindicatura-de-greuges-de-barcelona-acompana-al-observatori-contra-lhomofobia-en-la-atencion-a-las-victimas-de-lgtbi-fobia-durante-la-festa-de-la-merce\\\/\"]}]},{\"@type\":\"ImageObject\",\"inLanguage\":\"es\",\"@id\":\"https:\\\/\\\/www.sindicaturabarcelona.cat\\\/es\\\/la-sindicatura-de-greuges-de-barcelona-acompana-al-observatori-contra-lhomofobia-en-la-atencion-a-las-victimas-de-lgtbi-fobia-durante-la-festa-de-la-merce\\\/#primaryimage\",\"url\":\"https:\\\/\\\/www.sindicaturabarcelona.cat\\\/wp-content\\\/uploads\\\/2022\\\/09\\\/Dispositiu-violencies-LGTBI-1.jpeg\",\"contentUrl\":\"https:\\\/\\\/www.sindicaturabarcelona.cat\\\/wp-content\\\/uploads\\\/2022\\\/09\\\/Dispositiu-violencies-LGTBI-1.jpeg\",\"width\":2000,\"height\":1500},{\"@type\":\"BreadcrumbList\",\"@id\":\"https:\\\/\\\/www.sindicaturabarcelona.cat\\\/es\\\/la-sindicatura-de-greuges-de-barcelona-acompana-al-observatori-contra-lhomofobia-en-la-atencion-a-las-victimas-de-lgtbi-fobia-durante-la-festa-de-la-merce\\\/#breadcrumb\",\"itemListElement\":[{\"@type\":\"ListItem\",\"position\":1,\"name\":\"Inici\",\"item\":\"https:\\\/\\\/www.sindicaturabarcelona.cat\\\/es\\\/\"},{\"@type\":\"ListItem\",\"position\":2,\"name\":\"La Sindicatura de Greuges de Barcelona acompa\u00f1a al Observatori contra l\u2019Homof\u00f2bia en la atenci\u00f3n a las v\u00edctimas de LGTBI-fobia durante la Festa de la Merc\u00e8\"}]},{\"@type\":\"WebSite\",\"@id\":\"https:\\\/\\\/www.sindicaturabarcelona.cat\\\/es\\\/#website\",\"url\":\"https:\\\/\\\/www.sindicaturabarcelona.cat\\\/es\\\/\",\"name\":\"Sindicatura de Greuges de Barcelona\",\"description\":\"La defensoria dels teus drets\",\"publisher\":{\"@id\":\"https:\\\/\\\/www.sindicaturabarcelona.cat\\\/es\\\/#organization\"},\"potentialAction\":[{\"@type\":\"SearchAction\",\"target\":{\"@type\":\"EntryPoint\",\"urlTemplate\":\"https:\\\/\\\/www.sindicaturabarcelona.cat\\\/es\\\/?s={search_term_string}\"},\"query-input\":{\"@type\":\"PropertyValueSpecification\",\"valueRequired\":true,\"valueName\":\"search_term_string\"}}],\"inLanguage\":\"es\"},{\"@type\":\"Organization\",\"@id\":\"https:\\\/\\\/www.sindicaturabarcelona.cat\\\/es\\\/#organization\",\"name\":\"Sindicatura de Greuges de Barcelona\",\"url\":\"https:\\\/\\\/www.sindicaturabarcelona.cat\\\/es\\\/\",\"logo\":{\"@type\":\"ImageObject\",\"inLanguage\":\"es\",\"@id\":\"https:\\\/\\\/www.sindicaturabarcelona.cat\\\/es\\\/#\\\/schema\\\/logo\\\/image\\\/\",\"url\":\"https:\\\/\\\/www.sindicaturabarcelona.cat\\\/wp-content\\\/uploads\\\/2023\\\/02\\\/logo_sindicatura.svg\",\"contentUrl\":\"https:\\\/\\\/www.sindicaturabarcelona.cat\\\/wp-content\\\/uploads\\\/2023\\\/02\\\/logo_sindicatura.svg\",\"caption\":\"Sindicatura de Greuges de Barcelona\"},\"image\":{\"@id\":\"https:\\\/\\\/www.sindicaturabarcelona.cat\\\/es\\\/#\\\/schema\\\/logo\\\/image\\\/\"},\"sameAs\":[\"https:\\\/\\\/x.com\\\/sindicbarcelona\",\"https:\\\/\\\/www.instagram.com\\\/sindicbarcelona\\\/\",\"https:\\\/\\\/www.tiktok.com\\\/@sindicaturabcn\",\"https:\\\/\\\/t.me\\\/sindicaturabarcelona\"]},{\"@type\":\"Person\",\"@id\":\"https:\\\/\\\/www.sindicaturabarcelona.cat\\\/es\\\/#\\\/schema\\\/person\\\/0e5acffc350ffdbc97578159322c9452\",\"name\":\"Pablo\",\"image\":{\"@type\":\"ImageObject\",\"inLanguage\":\"es\",\"@id\":\"https:\\\/\\\/secure.gravatar.com\\\/avatar\\\/c948169b402ef9492afde705c3dfd5e90e1a6a84ef6840a91124f805a25a480f?s=96&d=mm&r=g\",\"url\":\"https:\\\/\\\/secure.gravatar.com\\\/avatar\\\/c948169b402ef9492afde705c3dfd5e90e1a6a84ef6840a91124f805a25a480f?s=96&d=mm&r=g\",\"contentUrl\":\"https:\\\/\\\/secure.gravatar.com\\\/avatar\\\/c948169b402ef9492afde705c3dfd5e90e1a6a84ef6840a91124f805a25a480f?s=96&d=mm&r=g\",\"caption\":\"Pablo\"},\"url\":\"https:\\\/\\\/www.sindicaturabarcelona.cat\\\/es\\\/author\\\/pablo\\\/\"}]}<\/script>\n<!-- \/ Yoast SEO plugin. -->","yoast_head_json":{"title":"La Sindicatura de Greuges de Barcelona acompa\u00f1a al Observatori contra l\u2019Homof\u00f2bia en la atenci\u00f3n a las v\u00edctimas de LGTBI-fobia durante la Festa de la Merc\u00e8 - Sindicatura de Greuges de Barcelona","description":"La Sindicatura acompa\u00f1ar\u00e1 el 23 de septiembre (de 22 a 1 h) al Observatori contra l'Homof\u00f2bia en la atenci\u00f3n a incidencias hom\u00f3fobas.","robots":{"index":"index","follow":"follow","max-snippet":"max-snippet:-1","max-image-preview":"max-image-preview:large","max-video-preview":"max-video-preview:-1"},"canonical":"https:\/\/www.sindicaturabarcelona.cat\/es\/la-sindicatura-de-greuges-de-barcelona-acompana-al-observatori-contra-lhomofobia-en-la-atencion-a-las-victimas-de-lgtbi-fobia-durante-la-festa-de-la-merce\/","og_locale":"es_ES","og_type":"article","og_title":"La Sindicatura de Greuges de Barcelona acompa\u00f1a al Observatori contra l\u2019Homof\u00f2bia en la atenci\u00f3n a las v\u00edctimas de LGTBI-fobia durante la Festa de la Merc\u00e8 - Sindicatura de Greuges de Barcelona","og_description":"La Sindicatura acompa\u00f1ar\u00e1 el 23 de septiembre (de 22 a 1 h) al Observatori contra l'Homof\u00f2bia en la atenci\u00f3n a incidencias hom\u00f3fobas.","og_url":"https:\/\/www.sindicaturabarcelona.cat\/es\/la-sindicatura-de-greuges-de-barcelona-acompana-al-observatori-contra-lhomofobia-en-la-atencion-a-las-victimas-de-lgtbi-fobia-durante-la-festa-de-la-merce\/","og_site_name":"Sindicatura de Greuges de Barcelona","article_published_time":"2022-09-23T10:51:00+00:00","article_modified_time":"2022-09-29T15:03:46+00:00","og_image":[{"width":2000,"height":1500,"url":"https:\/\/www.sindicaturabarcelona.cat\/wp-content\/uploads\/2022\/09\/Dispositiu-violencies-LGTBI-1.jpeg","type":"image\/jpeg"}],"author":"Pablo","twitter_card":"summary_large_image","twitter_creator":"@sindicbarcelona","twitter_site":"@sindicbarcelona","twitter_misc":{"Escrito por":"Pablo","Tiempo de lectura":"3 minutos"},"schema":{"@context":"https:\/\/schema.org","@graph":[{"@type":"Article","@id":"https:\/\/www.sindicaturabarcelona.cat\/es\/la-sindicatura-de-greuges-de-barcelona-acompana-al-observatori-contra-lhomofobia-en-la-atencion-a-las-victimas-de-lgtbi-fobia-durante-la-festa-de-la-merce\/#article","isPartOf":{"@id":"https:\/\/www.sindicaturabarcelona.cat\/es\/la-sindicatura-de-greuges-de-barcelona-acompana-al-observatori-contra-lhomofobia-en-la-atencion-a-las-victimas-de-lgtbi-fobia-durante-la-festa-de-la-merce\/"},"author":{"name":"Pablo","@id":"https:\/\/www.sindicaturabarcelona.cat\/es\/#\/schema\/person\/0e5acffc350ffdbc97578159322c9452"},"headline":"La Sindicatura de Greuges de Barcelona acompa\u00f1a al Observatori contra l\u2019Homof\u00f2bia en la atenci\u00f3n a las v\u00edctimas de LGTBI-fobia durante la Festa de la Merc\u00e8","datePublished":"2022-09-23T10:51:00+00:00","dateModified":"2022-09-29T15:03:46+00:00","mainEntityOfPage":{"@id":"https:\/\/www.sindicaturabarcelona.cat\/es\/la-sindicatura-de-greuges-de-barcelona-acompana-al-observatori-contra-lhomofobia-en-la-atencion-a-las-victimas-de-lgtbi-fobia-durante-la-festa-de-la-merce\/"},"wordCount":412,"publisher":{"@id":"https:\/\/www.sindicaturabarcelona.cat\/es\/#organization"},"image":{"@id":"https:\/\/www.sindicaturabarcelona.cat\/es\/la-sindicatura-de-greuges-de-barcelona-acompana-al-observatori-contra-lhomofobia-en-la-atencion-a-las-victimas-de-lgtbi-fobia-durante-la-festa-de-la-merce\/#primaryimage"},"thumbnailUrl":"https:\/\/www.sindicaturabarcelona.cat\/wp-content\/uploads\/2022\/09\/Dispositiu-violencies-LGTBI-1.jpeg","articleSection":["General"],"inLanguage":"es"},{"@type":"WebPage","@id":"https:\/\/www.sindicaturabarcelona.cat\/es\/la-sindicatura-de-greuges-de-barcelona-acompana-al-observatori-contra-lhomofobia-en-la-atencion-a-las-victimas-de-lgtbi-fobia-durante-la-festa-de-la-merce\/","url":"https:\/\/www.sindicaturabarcelona.cat\/es\/la-sindicatura-de-greuges-de-barcelona-acompana-al-observatori-contra-lhomofobia-en-la-atencion-a-las-victimas-de-lgtbi-fobia-durante-la-festa-de-la-merce\/","name":"La Sindicatura de Greuges de Barcelona acompa\u00f1a al Observatori contra l\u2019Homof\u00f2bia en la atenci\u00f3n a las v\u00edctimas de LGTBI-fobia durante la Festa de la Merc\u00e8 - Sindicatura de Greuges de Barcelona","isPartOf":{"@id":"https:\/\/www.sindicaturabarcelona.cat\/es\/#website"},"primaryImageOfPage":{"@id":"https:\/\/www.sindicaturabarcelona.cat\/es\/la-sindicatura-de-greuges-de-barcelona-acompana-al-observatori-contra-lhomofobia-en-la-atencion-a-las-victimas-de-lgtbi-fobia-durante-la-festa-de-la-merce\/#primaryimage"},"image":{"@id":"https:\/\/www.sindicaturabarcelona.cat\/es\/la-sindicatura-de-greuges-de-barcelona-acompana-al-observatori-contra-lhomofobia-en-la-atencion-a-las-victimas-de-lgtbi-fobia-durante-la-festa-de-la-merce\/#primaryimage"},"thumbnailUrl":"https:\/\/www.sindicaturabarcelona.cat\/wp-content\/uploads\/2022\/09\/Dispositiu-violencies-LGTBI-1.jpeg","datePublished":"2022-09-23T10:51:00+00:00","dateModified":"2022-09-29T15:03:46+00:00","description":"La Sindicatura acompa\u00f1ar\u00e1 el 23 de septiembre (de 22 a 1 h) al Observatori contra l'Homof\u00f2bia en la atenci\u00f3n a incidencias hom\u00f3fobas.","breadcrumb":{"@id":"https:\/\/www.sindicaturabarcelona.cat\/es\/la-sindicatura-de-greuges-de-barcelona-acompana-al-observatori-contra-lhomofobia-en-la-atencion-a-las-victimas-de-lgtbi-fobia-durante-la-festa-de-la-merce\/#breadcrumb"},"inLanguage":"es","potentialAction":[{"@type":"ReadAction","target":["https:\/\/www.sindicaturabarcelona.cat\/es\/la-sindicatura-de-greuges-de-barcelona-acompana-al-observatori-contra-lhomofobia-en-la-atencion-a-las-victimas-de-lgtbi-fobia-durante-la-festa-de-la-merce\/"]}]},{"@type":"ImageObject","inLanguage":"es","@id":"https:\/\/www.sindicaturabarcelona.cat\/es\/la-sindicatura-de-greuges-de-barcelona-acompana-al-observatori-contra-lhomofobia-en-la-atencion-a-las-victimas-de-lgtbi-fobia-durante-la-festa-de-la-merce\/#primaryimage","url":"https:\/\/www.sindicaturabarcelona.cat\/wp-content\/uploads\/2022\/09\/Dispositiu-violencies-LGTBI-1.jpeg","contentUrl":"https:\/\/www.sindicaturabarcelona.cat\/wp-content\/uploads\/2022\/09\/Dispositiu-violencies-LGTBI-1.jpeg","width":2000,"height":1500},{"@type":"BreadcrumbList","@id":"https:\/\/www.sindicaturabarcelona.cat\/es\/la-sindicatura-de-greuges-de-barcelona-acompana-al-observatori-contra-lhomofobia-en-la-atencion-a-las-victimas-de-lgtbi-fobia-durante-la-festa-de-la-merce\/#breadcrumb","itemListElement":[{"@type":"ListItem","position":1,"name":"Inici","item":"https:\/\/www.sindicaturabarcelona.cat\/es\/"},{"@type":"ListItem","position":2,"name":"La Sindicatura de Greuges de Barcelona acompa\u00f1a al Observatori contra l\u2019Homof\u00f2bia en la atenci\u00f3n a las v\u00edctimas de LGTBI-fobia durante la Festa de la Merc\u00e8"}]},{"@type":"WebSite","@id":"https:\/\/www.sindicaturabarcelona.cat\/es\/#website","url":"https:\/\/www.sindicaturabarcelona.cat\/es\/","name":"Sindicatura de Greuges de Barcelona","description":"La defensoria dels teus drets","publisher":{"@id":"https:\/\/www.sindicaturabarcelona.cat\/es\/#organization"},"potentialAction":[{"@type":"SearchAction","target":{"@type":"EntryPoint","urlTemplate":"https:\/\/www.sindicaturabarcelona.cat\/es\/?s={search_term_string}"},"query-input":{"@type":"PropertyValueSpecification","valueRequired":true,"valueName":"search_term_string"}}],"inLanguage":"es"},{"@type":"Organization","@id":"https:\/\/www.sindicaturabarcelona.cat\/es\/#organization","name":"Sindicatura de Greuges de Barcelona","url":"https:\/\/www.sindicaturabarcelona.cat\/es\/","logo":{"@type":"ImageObject","inLanguage":"es","@id":"https:\/\/www.sindicaturabarcelona.cat\/es\/#\/schema\/logo\/image\/","url":"https:\/\/www.sindicaturabarcelona.cat\/wp-content\/uploads\/2023\/02\/logo_sindicatura.svg","contentUrl":"https:\/\/www.sindicaturabarcelona.cat\/wp-content\/uploads\/2023\/02\/logo_sindicatura.svg","caption":"Sindicatura de Greuges de Barcelona"},"image":{"@id":"https:\/\/www.sindicaturabarcelona.cat\/es\/#\/schema\/logo\/image\/"},"sameAs":["https:\/\/x.com\/sindicbarcelona","https:\/\/www.instagram.com\/sindicbarcelona\/","https:\/\/www.tiktok.com\/@sindicaturabcn","https:\/\/t.me\/sindicaturabarcelona"]},{"@type":"Person","@id":"https:\/\/www.sindicaturabarcelona.cat\/es\/#\/schema\/person\/0e5acffc350ffdbc97578159322c9452","name":"Pablo","image":{"@type":"ImageObject","inLanguage":"es","@id":"https:\/\/secure.gravatar.com\/avatar\/c948169b402ef9492afde705c3dfd5e90e1a6a84ef6840a91124f805a25a480f?s=96&d=mm&r=g","url":"https:\/\/secure.gravatar.com\/avatar\/c948169b402ef9492afde705c3dfd5e90e1a6a84ef6840a91124f805a25a480f?s=96&d=mm&r=g","contentUrl":"https:\/\/secure.gravatar.com\/avatar\/c948169b402ef9492afde705c3dfd5e90e1a6a84ef6840a91124f805a25a480f?s=96&d=mm&r=g","caption":"Pablo"},"url":"https:\/\/www.sindicaturabarcelona.cat\/es\/author\/pablo\/"}]}},"_links":{"self":[{"href":"https:\/\/www.sindicaturabarcelona.cat\/es\/wp-json\/wp\/v2\/posts\/14996","targetHints":{"allow":["GET"]}}],"collection":[{"href":"https:\/\/www.sindicaturabarcelona.cat\/es\/wp-json\/wp\/v2\/posts"}],"about":[{"href":"https:\/\/www.sindicaturabarcelona.cat\/es\/wp-json\/wp\/v2\/types\/post"}],"author":[{"embeddable":true,"href":"https:\/\/www.sindicaturabarcelona.cat\/es\/wp-json\/wp\/v2\/users\/2"}],"replies":[{"embeddable":true,"href":"https:\/\/www.sindicaturabarcelona.cat\/es\/wp-json\/wp\/v2\/comments?post=14996"}],"version-history":[{"count":0,"href":"https:\/\/www.sindicaturabarcelona.cat\/es\/wp-json\/wp\/v2\/posts\/14996\/revisions"}],"wp:featuredmedia":[{"embeddable":true,"href":"https:\/\/www.sindicaturabarcelona.cat\/es\/wp-json\/wp\/v2\/media\/15042"}],"wp:attachment":[{"href":"https:\/\/www.sindicaturabarcelona.cat\/es\/wp-json\/wp\/v2\/media?parent=14996"}],"wp:term":[{"taxonomy":"post_tag","embeddable":true,"href":"https:\/\/www.sindicaturabarcelona.cat\/es\/wp-json\/wp\/v2\/tags?post=14996"},{"taxonomy":"drets","embeddable":true,"href":"https:\/\/www.sindicaturabarcelona.cat\/es\/wp-json\/wp\/v2\/drets?post=14996"}],"curies":[{"name":"wp","href":"https:\/\/api.w.org\/{rel}","templated":true}]}}