{"id":14732,"date":"2022-08-10T11:25:45","date_gmt":"2022-08-10T09:25:45","guid":{"rendered":"https:\/\/www.sindicaturabarcelona.cat\/?p=14732"},"modified":"2022-08-10T11:42:25","modified_gmt":"2022-08-10T09:42:25","slug":"detengamos-la-lgtbi-fobia","status":"publish","type":"post","link":"https:\/\/www.sindicaturabarcelona.cat\/es\/detengamos-la-lgtbi-fobia\/","title":{"rendered":"Detengamos la LGTBI-fobia"},"content":{"rendered":"\n<p class=\"has-text-align-justify\">Nos encontramos ante una nueva agresi\u00f3n hom\u00f3foba en nuestra ciudad. Una m\u00e1s. Ayer 9 de agosto del 2022, a las dos del mediod\u00eda en el barrio del Eixample Esquerra. Seg\u00fan datos del <a href=\"https:\/\/och.cat\/\" target=\"_blank\" aria-label=\"Observatorio contra la Homofobia (opens in a new tab)\" rel=\"noreferrer noopener\" class=\"ek-link\">Observatorio contra la Homofobia<\/a>, <strong>durante el primer semestre de este a\u00f1o se han producido 117 incidencias por lgtbi-fobia, un 34,5% m\u00e1s que las 87 del primer semestre del a\u00f1o 2021<\/strong>.<\/p>\n\n\n\n<p class=\"has-text-align-justify\"><strong>La <a href=\"https:\/\/www.sindicaturabarcelona.cat\/es\/\" target=\"_blank\" aria-label=\"Sindicatura de Greuges de Barcelona (opens in a new tab)\" rel=\"noreferrer noopener\" class=\"ek-link\">Sindicatura de Greuges de Barcelona<\/a> condena rotundamente estos hechos y desea compartir unas cu\u00e1ntas reflexiones alrededor de la violencia que sufren las personas LGTBI+<\/strong>. Una sola agresi\u00f3n, una sola discriminaci\u00f3n hacia el colectivo LGTBI+ nos deber\u00eda preocupar mucho. Pero es que la agresi\u00f3n de ayer, como demuestran las cifras, no es un hecho aislado. Es necesario activar todas las alarmas posibles y actuar de manera firme contra estas violencias.<\/p>\n\n\n\n<p class=\"has-text-align-justify\">Lamentablemente, esto es solo la punta de un iceberg. A causa del estigma que todav\u00eda comportan los temas relativos a la orientaci\u00f3n sexual y la identidad de g\u00e9nero, <strong>la violencia y la discriminaci\u00f3n contra las personas LGTBI+ queda frecuentemente sin denunciar, sin documentar y, en consecuencia, sin castigar<\/strong>. No ha sucedido en este caso, en el que una persona vecina s\u00ed que captur\u00f3 las im\u00e1genes con su tel\u00e9fono m\u00f3vil y los cuerpos de seguridad pudieron intervenir.<\/p>\n\n\n\n<p class=\"has-text-align-justify\">La intensificaci\u00f3n del trabajo de concienciaci\u00f3n sobre los niveles de violencia y discriminaci\u00f3n a los cuales las personas lesbianas, gays, bisexuales, transg\u00e9nero y de g\u00e9nero no conforme se ven sometidas cada d\u00eda es, en ella misma, una medida esencial para hacer frente a este flagelo. El trabajo de acabar con esta violencia y discriminaci\u00f3n es dif\u00edcil y lento. B\u00e1sicamente porque <strong>la reclamaci\u00f3n de estos derechos no ha sido dirigida muchas veces por instituciones que lo deber\u00edan haber hecho, sino que se han visto lideradas por un movimiento de reclamaci\u00f3n de derechos de abajo hacia arriba, por la presi\u00f3n de movimientos y grupos sociales hacia instituciones locales, nacionales e internacionales<\/strong>.<\/p>\n\n\n\n<p class=\"has-text-align-justify\"><strong>Esta lucha nos interpela a todas y todos. Es una lucha de derechos humanos desde una perspectiva interseccional<\/strong>. El argumento a favor de extender a las personas LGTBI+ los mismos derechos de los cuales disfrutan el resto de personas no es radical ni complicado. Se basa en dos principios que fundamentan las normas nacionales e internacionales de derechos humanos: <strong>igualdad y no discriminaci\u00f3n<\/strong>.<\/p>\n\n\n\n<p class=\"has-text-align-justify\">Sin embargo, todav\u00eda persisten discursos y actuaciones que pretenden justificar la desigualdad, y estigmatizar y preservar un determinado statu quo. Frente a esto, es necesario reivindicar que <strong>la lucha por la dignidad de los derechos del colectivo LGTBI+ es una lucha por una humanidad diversa de la cual todos y todas formamos parte<\/strong>.<\/p>\n\n\n\n<p class=\"has-text-align-justify\"><strong>Desde las sindicaturas locales, ante el auge de las acciones y de los silencios negacionistas, deber\u00edamos dar un paso adelante para acompa\u00f1ar los itinerarios de las personas que denuncian agresiones y discriminaciones lgtbi-f\u00f3bicas<\/strong>. Nuestros principales objetivos, trabajando de forma coordinada con entidades y otras instituciones para evitar revictimizaciones, tendr\u00edan que buscar la forma de reparar la dignidad de la persona, combatir estas violencias, y fomentar la prevenci\u00f3n y la sensibilizaci\u00f3n para evitar su naturalizaci\u00f3n.<\/p>\n","protected":false},"excerpt":{"rendered":"<p>Nos encontramos ante una nueva agresi\u00f3n hom\u00f3foba en nuestra ciudad. Una m\u00e1s. Ayer 9 de agosto del 2022, a las dos del mediod\u00eda en el barrio del Eixample Esquerra. Seg\u00fan [&hellip;]<\/p>\n","protected":false},"author":2,"featured_media":14728,"comment_status":"closed","ping_status":"open","sticky":false,"template":"","format":"standard","meta":{"_acf_changed":false,"footnotes":""},"tags":[],"drets":[],"class_list":["post-14732","post","type-post","status-publish","format-standard","has-post-thumbnail","hentry"],"acf":[],"yoast_head":"<!-- This site is optimized with the Yoast SEO plugin v27.5 - https:\/\/yoast.com\/product\/yoast-seo-wordpress\/ -->\n<title>Detengamos la LGTBI-fobia - Sindicatura de Greuges de Barcelona<\/title>\n<meta name=\"description\" content=\"Nos encontramos ante una nueva agresi\u00f3n hom\u00f3foba en nuestra ciudad. La Sindicatura desea compartir unas reflexiones sobre la violencia que sufren las personas LGTBI+.\" \/>\n<meta name=\"robots\" content=\"index, follow, max-snippet:-1, max-image-preview:large, max-video-preview:-1\" \/>\n<link rel=\"canonical\" href=\"https:\/\/www.sindicaturabarcelona.cat\/es\/detengamos-la-lgtbi-fobia\/\" \/>\n<meta property=\"og:locale\" content=\"es_ES\" \/>\n<meta property=\"og:type\" content=\"article\" \/>\n<meta property=\"og:title\" content=\"Detengamos la LGTBI-fobia - Sindicatura de Greuges de Barcelona\" \/>\n<meta property=\"og:description\" content=\"Nos encontramos ante una nueva agresi\u00f3n hom\u00f3foba en nuestra ciudad. La Sindicatura desea compartir unas reflexiones sobre la violencia que sufren las personas LGTBI+.\" \/>\n<meta property=\"og:url\" content=\"https:\/\/www.sindicaturabarcelona.cat\/es\/detengamos-la-lgtbi-fobia\/\" \/>\n<meta property=\"og:site_name\" content=\"Sindicatura de Greuges de Barcelona\" \/>\n<meta property=\"article:published_time\" content=\"2022-08-10T09:25:45+00:00\" \/>\n<meta property=\"article:modified_time\" content=\"2022-08-10T09:42:25+00:00\" \/>\n<meta property=\"og:image\" content=\"https:\/\/www.sindicaturabarcelona.cat\/wp-content\/uploads\/2022\/08\/LGTBIfobia.jpg\" \/>\n\t<meta property=\"og:image:width\" content=\"1820\" \/>\n\t<meta property=\"og:image:height\" content=\"1024\" \/>\n\t<meta property=\"og:image:type\" content=\"image\/jpeg\" \/>\n<meta name=\"author\" content=\"Pablo\" \/>\n<meta name=\"twitter:card\" content=\"summary_large_image\" \/>\n<meta name=\"twitter:creator\" content=\"@sindicbarcelona\" \/>\n<meta name=\"twitter:site\" content=\"@sindicbarcelona\" \/>\n<meta name=\"twitter:label1\" content=\"Escrito por\" \/>\n\t<meta name=\"twitter:data1\" content=\"Pablo\" \/>\n\t<meta name=\"twitter:label2\" content=\"Tiempo de lectura\" \/>\n\t<meta name=\"twitter:data2\" content=\"3 minutos\" \/>\n<script type=\"application\/ld+json\" class=\"yoast-schema-graph\">{\"@context\":\"https:\\\/\\\/schema.org\",\"@graph\":[{\"@type\":\"Article\",\"@id\":\"https:\\\/\\\/www.sindicaturabarcelona.cat\\\/es\\\/detengamos-la-lgtbi-fobia\\\/#article\",\"isPartOf\":{\"@id\":\"https:\\\/\\\/www.sindicaturabarcelona.cat\\\/es\\\/detengamos-la-lgtbi-fobia\\\/\"},\"author\":{\"name\":\"Pablo\",\"@id\":\"https:\\\/\\\/www.sindicaturabarcelona.cat\\\/es\\\/#\\\/schema\\\/person\\\/0e5acffc350ffdbc97578159322c9452\"},\"headline\":\"Detengamos la LGTBI-fobia\",\"datePublished\":\"2022-08-10T09:25:45+00:00\",\"dateModified\":\"2022-08-10T09:42:25+00:00\",\"mainEntityOfPage\":{\"@id\":\"https:\\\/\\\/www.sindicaturabarcelona.cat\\\/es\\\/detengamos-la-lgtbi-fobia\\\/\"},\"wordCount\":546,\"publisher\":{\"@id\":\"https:\\\/\\\/www.sindicaturabarcelona.cat\\\/es\\\/#organization\"},\"image\":{\"@id\":\"https:\\\/\\\/www.sindicaturabarcelona.cat\\\/es\\\/detengamos-la-lgtbi-fobia\\\/#primaryimage\"},\"thumbnailUrl\":\"https:\\\/\\\/www.sindicaturabarcelona.cat\\\/wp-content\\\/uploads\\\/2022\\\/08\\\/LGTBIfobia.jpg\",\"articleSection\":[\"General\"],\"inLanguage\":\"es\"},{\"@type\":\"WebPage\",\"@id\":\"https:\\\/\\\/www.sindicaturabarcelona.cat\\\/es\\\/detengamos-la-lgtbi-fobia\\\/\",\"url\":\"https:\\\/\\\/www.sindicaturabarcelona.cat\\\/es\\\/detengamos-la-lgtbi-fobia\\\/\",\"name\":\"Detengamos la LGTBI-fobia - Sindicatura de Greuges de Barcelona\",\"isPartOf\":{\"@id\":\"https:\\\/\\\/www.sindicaturabarcelona.cat\\\/es\\\/#website\"},\"primaryImageOfPage\":{\"@id\":\"https:\\\/\\\/www.sindicaturabarcelona.cat\\\/es\\\/detengamos-la-lgtbi-fobia\\\/#primaryimage\"},\"image\":{\"@id\":\"https:\\\/\\\/www.sindicaturabarcelona.cat\\\/es\\\/detengamos-la-lgtbi-fobia\\\/#primaryimage\"},\"thumbnailUrl\":\"https:\\\/\\\/www.sindicaturabarcelona.cat\\\/wp-content\\\/uploads\\\/2022\\\/08\\\/LGTBIfobia.jpg\",\"datePublished\":\"2022-08-10T09:25:45+00:00\",\"dateModified\":\"2022-08-10T09:42:25+00:00\",\"description\":\"Nos encontramos ante una nueva agresi\u00f3n hom\u00f3foba en nuestra ciudad. La Sindicatura desea compartir unas reflexiones sobre la violencia que sufren las personas LGTBI+.\",\"breadcrumb\":{\"@id\":\"https:\\\/\\\/www.sindicaturabarcelona.cat\\\/es\\\/detengamos-la-lgtbi-fobia\\\/#breadcrumb\"},\"inLanguage\":\"es\",\"potentialAction\":[{\"@type\":\"ReadAction\",\"target\":[\"https:\\\/\\\/www.sindicaturabarcelona.cat\\\/es\\\/detengamos-la-lgtbi-fobia\\\/\"]}]},{\"@type\":\"ImageObject\",\"inLanguage\":\"es\",\"@id\":\"https:\\\/\\\/www.sindicaturabarcelona.cat\\\/es\\\/detengamos-la-lgtbi-fobia\\\/#primaryimage\",\"url\":\"https:\\\/\\\/www.sindicaturabarcelona.cat\\\/wp-content\\\/uploads\\\/2022\\\/08\\\/LGTBIfobia.jpg\",\"contentUrl\":\"https:\\\/\\\/www.sindicaturabarcelona.cat\\\/wp-content\\\/uploads\\\/2022\\\/08\\\/LGTBIfobia.jpg\",\"width\":1820,\"height\":1024,\"caption\":\"LGTBIfobia\"},{\"@type\":\"BreadcrumbList\",\"@id\":\"https:\\\/\\\/www.sindicaturabarcelona.cat\\\/es\\\/detengamos-la-lgtbi-fobia\\\/#breadcrumb\",\"itemListElement\":[{\"@type\":\"ListItem\",\"position\":1,\"name\":\"Inici\",\"item\":\"https:\\\/\\\/www.sindicaturabarcelona.cat\\\/es\\\/\"},{\"@type\":\"ListItem\",\"position\":2,\"name\":\"Detengamos la LGTBI-fobia\"}]},{\"@type\":\"WebSite\",\"@id\":\"https:\\\/\\\/www.sindicaturabarcelona.cat\\\/es\\\/#website\",\"url\":\"https:\\\/\\\/www.sindicaturabarcelona.cat\\\/es\\\/\",\"name\":\"Sindicatura de Greuges de Barcelona\",\"description\":\"La defensoria dels teus drets\",\"publisher\":{\"@id\":\"https:\\\/\\\/www.sindicaturabarcelona.cat\\\/es\\\/#organization\"},\"potentialAction\":[{\"@type\":\"SearchAction\",\"target\":{\"@type\":\"EntryPoint\",\"urlTemplate\":\"https:\\\/\\\/www.sindicaturabarcelona.cat\\\/es\\\/?s={search_term_string}\"},\"query-input\":{\"@type\":\"PropertyValueSpecification\",\"valueRequired\":true,\"valueName\":\"search_term_string\"}}],\"inLanguage\":\"es\"},{\"@type\":\"Organization\",\"@id\":\"https:\\\/\\\/www.sindicaturabarcelona.cat\\\/es\\\/#organization\",\"name\":\"Sindicatura de Greuges de Barcelona\",\"url\":\"https:\\\/\\\/www.sindicaturabarcelona.cat\\\/es\\\/\",\"logo\":{\"@type\":\"ImageObject\",\"inLanguage\":\"es\",\"@id\":\"https:\\\/\\\/www.sindicaturabarcelona.cat\\\/es\\\/#\\\/schema\\\/logo\\\/image\\\/\",\"url\":\"https:\\\/\\\/www.sindicaturabarcelona.cat\\\/wp-content\\\/uploads\\\/2023\\\/02\\\/logo_sindicatura.svg\",\"contentUrl\":\"https:\\\/\\\/www.sindicaturabarcelona.cat\\\/wp-content\\\/uploads\\\/2023\\\/02\\\/logo_sindicatura.svg\",\"caption\":\"Sindicatura de Greuges de Barcelona\"},\"image\":{\"@id\":\"https:\\\/\\\/www.sindicaturabarcelona.cat\\\/es\\\/#\\\/schema\\\/logo\\\/image\\\/\"},\"sameAs\":[\"https:\\\/\\\/x.com\\\/sindicbarcelona\",\"https:\\\/\\\/www.instagram.com\\\/sindicbarcelona\\\/\",\"https:\\\/\\\/www.tiktok.com\\\/@sindicaturabcn\",\"https:\\\/\\\/t.me\\\/sindicaturabarcelona\"]},{\"@type\":\"Person\",\"@id\":\"https:\\\/\\\/www.sindicaturabarcelona.cat\\\/es\\\/#\\\/schema\\\/person\\\/0e5acffc350ffdbc97578159322c9452\",\"name\":\"Pablo\",\"image\":{\"@type\":\"ImageObject\",\"inLanguage\":\"es\",\"@id\":\"https:\\\/\\\/secure.gravatar.com\\\/avatar\\\/c948169b402ef9492afde705c3dfd5e90e1a6a84ef6840a91124f805a25a480f?s=96&d=mm&r=g\",\"url\":\"https:\\\/\\\/secure.gravatar.com\\\/avatar\\\/c948169b402ef9492afde705c3dfd5e90e1a6a84ef6840a91124f805a25a480f?s=96&d=mm&r=g\",\"contentUrl\":\"https:\\\/\\\/secure.gravatar.com\\\/avatar\\\/c948169b402ef9492afde705c3dfd5e90e1a6a84ef6840a91124f805a25a480f?s=96&d=mm&r=g\",\"caption\":\"Pablo\"},\"url\":\"https:\\\/\\\/www.sindicaturabarcelona.cat\\\/es\\\/author\\\/pablo\\\/\"}]}<\/script>\n<!-- \/ Yoast SEO plugin. -->","yoast_head_json":{"title":"Detengamos la LGTBI-fobia - Sindicatura de Greuges de Barcelona","description":"Nos encontramos ante una nueva agresi\u00f3n hom\u00f3foba en nuestra ciudad. La Sindicatura desea compartir unas reflexiones sobre la violencia que sufren las personas LGTBI+.","robots":{"index":"index","follow":"follow","max-snippet":"max-snippet:-1","max-image-preview":"max-image-preview:large","max-video-preview":"max-video-preview:-1"},"canonical":"https:\/\/www.sindicaturabarcelona.cat\/es\/detengamos-la-lgtbi-fobia\/","og_locale":"es_ES","og_type":"article","og_title":"Detengamos la LGTBI-fobia - Sindicatura de Greuges de Barcelona","og_description":"Nos encontramos ante una nueva agresi\u00f3n hom\u00f3foba en nuestra ciudad. La Sindicatura desea compartir unas reflexiones sobre la violencia que sufren las personas LGTBI+.","og_url":"https:\/\/www.sindicaturabarcelona.cat\/es\/detengamos-la-lgtbi-fobia\/","og_site_name":"Sindicatura de Greuges de Barcelona","article_published_time":"2022-08-10T09:25:45+00:00","article_modified_time":"2022-08-10T09:42:25+00:00","og_image":[{"width":1820,"height":1024,"url":"https:\/\/www.sindicaturabarcelona.cat\/wp-content\/uploads\/2022\/08\/LGTBIfobia.jpg","type":"image\/jpeg"}],"author":"Pablo","twitter_card":"summary_large_image","twitter_creator":"@sindicbarcelona","twitter_site":"@sindicbarcelona","twitter_misc":{"Escrito por":"Pablo","Tiempo de lectura":"3 minutos"},"schema":{"@context":"https:\/\/schema.org","@graph":[{"@type":"Article","@id":"https:\/\/www.sindicaturabarcelona.cat\/es\/detengamos-la-lgtbi-fobia\/#article","isPartOf":{"@id":"https:\/\/www.sindicaturabarcelona.cat\/es\/detengamos-la-lgtbi-fobia\/"},"author":{"name":"Pablo","@id":"https:\/\/www.sindicaturabarcelona.cat\/es\/#\/schema\/person\/0e5acffc350ffdbc97578159322c9452"},"headline":"Detengamos la LGTBI-fobia","datePublished":"2022-08-10T09:25:45+00:00","dateModified":"2022-08-10T09:42:25+00:00","mainEntityOfPage":{"@id":"https:\/\/www.sindicaturabarcelona.cat\/es\/detengamos-la-lgtbi-fobia\/"},"wordCount":546,"publisher":{"@id":"https:\/\/www.sindicaturabarcelona.cat\/es\/#organization"},"image":{"@id":"https:\/\/www.sindicaturabarcelona.cat\/es\/detengamos-la-lgtbi-fobia\/#primaryimage"},"thumbnailUrl":"https:\/\/www.sindicaturabarcelona.cat\/wp-content\/uploads\/2022\/08\/LGTBIfobia.jpg","articleSection":["General"],"inLanguage":"es"},{"@type":"WebPage","@id":"https:\/\/www.sindicaturabarcelona.cat\/es\/detengamos-la-lgtbi-fobia\/","url":"https:\/\/www.sindicaturabarcelona.cat\/es\/detengamos-la-lgtbi-fobia\/","name":"Detengamos la LGTBI-fobia - Sindicatura de Greuges de Barcelona","isPartOf":{"@id":"https:\/\/www.sindicaturabarcelona.cat\/es\/#website"},"primaryImageOfPage":{"@id":"https:\/\/www.sindicaturabarcelona.cat\/es\/detengamos-la-lgtbi-fobia\/#primaryimage"},"image":{"@id":"https:\/\/www.sindicaturabarcelona.cat\/es\/detengamos-la-lgtbi-fobia\/#primaryimage"},"thumbnailUrl":"https:\/\/www.sindicaturabarcelona.cat\/wp-content\/uploads\/2022\/08\/LGTBIfobia.jpg","datePublished":"2022-08-10T09:25:45+00:00","dateModified":"2022-08-10T09:42:25+00:00","description":"Nos encontramos ante una nueva agresi\u00f3n hom\u00f3foba en nuestra ciudad. La Sindicatura desea compartir unas reflexiones sobre la violencia que sufren las personas LGTBI+.","breadcrumb":{"@id":"https:\/\/www.sindicaturabarcelona.cat\/es\/detengamos-la-lgtbi-fobia\/#breadcrumb"},"inLanguage":"es","potentialAction":[{"@type":"ReadAction","target":["https:\/\/www.sindicaturabarcelona.cat\/es\/detengamos-la-lgtbi-fobia\/"]}]},{"@type":"ImageObject","inLanguage":"es","@id":"https:\/\/www.sindicaturabarcelona.cat\/es\/detengamos-la-lgtbi-fobia\/#primaryimage","url":"https:\/\/www.sindicaturabarcelona.cat\/wp-content\/uploads\/2022\/08\/LGTBIfobia.jpg","contentUrl":"https:\/\/www.sindicaturabarcelona.cat\/wp-content\/uploads\/2022\/08\/LGTBIfobia.jpg","width":1820,"height":1024,"caption":"LGTBIfobia"},{"@type":"BreadcrumbList","@id":"https:\/\/www.sindicaturabarcelona.cat\/es\/detengamos-la-lgtbi-fobia\/#breadcrumb","itemListElement":[{"@type":"ListItem","position":1,"name":"Inici","item":"https:\/\/www.sindicaturabarcelona.cat\/es\/"},{"@type":"ListItem","position":2,"name":"Detengamos la LGTBI-fobia"}]},{"@type":"WebSite","@id":"https:\/\/www.sindicaturabarcelona.cat\/es\/#website","url":"https:\/\/www.sindicaturabarcelona.cat\/es\/","name":"Sindicatura de Greuges de Barcelona","description":"La defensoria dels teus drets","publisher":{"@id":"https:\/\/www.sindicaturabarcelona.cat\/es\/#organization"},"potentialAction":[{"@type":"SearchAction","target":{"@type":"EntryPoint","urlTemplate":"https:\/\/www.sindicaturabarcelona.cat\/es\/?s={search_term_string}"},"query-input":{"@type":"PropertyValueSpecification","valueRequired":true,"valueName":"search_term_string"}}],"inLanguage":"es"},{"@type":"Organization","@id":"https:\/\/www.sindicaturabarcelona.cat\/es\/#organization","name":"Sindicatura de Greuges de Barcelona","url":"https:\/\/www.sindicaturabarcelona.cat\/es\/","logo":{"@type":"ImageObject","inLanguage":"es","@id":"https:\/\/www.sindicaturabarcelona.cat\/es\/#\/schema\/logo\/image\/","url":"https:\/\/www.sindicaturabarcelona.cat\/wp-content\/uploads\/2023\/02\/logo_sindicatura.svg","contentUrl":"https:\/\/www.sindicaturabarcelona.cat\/wp-content\/uploads\/2023\/02\/logo_sindicatura.svg","caption":"Sindicatura de Greuges de Barcelona"},"image":{"@id":"https:\/\/www.sindicaturabarcelona.cat\/es\/#\/schema\/logo\/image\/"},"sameAs":["https:\/\/x.com\/sindicbarcelona","https:\/\/www.instagram.com\/sindicbarcelona\/","https:\/\/www.tiktok.com\/@sindicaturabcn","https:\/\/t.me\/sindicaturabarcelona"]},{"@type":"Person","@id":"https:\/\/www.sindicaturabarcelona.cat\/es\/#\/schema\/person\/0e5acffc350ffdbc97578159322c9452","name":"Pablo","image":{"@type":"ImageObject","inLanguage":"es","@id":"https:\/\/secure.gravatar.com\/avatar\/c948169b402ef9492afde705c3dfd5e90e1a6a84ef6840a91124f805a25a480f?s=96&d=mm&r=g","url":"https:\/\/secure.gravatar.com\/avatar\/c948169b402ef9492afde705c3dfd5e90e1a6a84ef6840a91124f805a25a480f?s=96&d=mm&r=g","contentUrl":"https:\/\/secure.gravatar.com\/avatar\/c948169b402ef9492afde705c3dfd5e90e1a6a84ef6840a91124f805a25a480f?s=96&d=mm&r=g","caption":"Pablo"},"url":"https:\/\/www.sindicaturabarcelona.cat\/es\/author\/pablo\/"}]}},"_links":{"self":[{"href":"https:\/\/www.sindicaturabarcelona.cat\/es\/wp-json\/wp\/v2\/posts\/14732","targetHints":{"allow":["GET"]}}],"collection":[{"href":"https:\/\/www.sindicaturabarcelona.cat\/es\/wp-json\/wp\/v2\/posts"}],"about":[{"href":"https:\/\/www.sindicaturabarcelona.cat\/es\/wp-json\/wp\/v2\/types\/post"}],"author":[{"embeddable":true,"href":"https:\/\/www.sindicaturabarcelona.cat\/es\/wp-json\/wp\/v2\/users\/2"}],"replies":[{"embeddable":true,"href":"https:\/\/www.sindicaturabarcelona.cat\/es\/wp-json\/wp\/v2\/comments?post=14732"}],"version-history":[{"count":0,"href":"https:\/\/www.sindicaturabarcelona.cat\/es\/wp-json\/wp\/v2\/posts\/14732\/revisions"}],"wp:featuredmedia":[{"embeddable":true,"href":"https:\/\/www.sindicaturabarcelona.cat\/es\/wp-json\/wp\/v2\/media\/14728"}],"wp:attachment":[{"href":"https:\/\/www.sindicaturabarcelona.cat\/es\/wp-json\/wp\/v2\/media?parent=14732"}],"wp:term":[{"taxonomy":"post_tag","embeddable":true,"href":"https:\/\/www.sindicaturabarcelona.cat\/es\/wp-json\/wp\/v2\/tags?post=14732"},{"taxonomy":"drets","embeddable":true,"href":"https:\/\/www.sindicaturabarcelona.cat\/es\/wp-json\/wp\/v2\/drets?post=14732"}],"curies":[{"name":"wp","href":"https:\/\/api.w.org\/{rel}","templated":true}]}}