{"id":14637,"date":"2022-08-05T13:21:04","date_gmt":"2022-08-05T11:21:04","guid":{"rendered":"https:\/\/www.sindicaturabarcelona.cat\/?p=14637"},"modified":"2022-08-05T13:21:05","modified_gmt":"2022-08-05T11:21:05","slug":"el-barrio-de-la-barceloneta-la-ultima-visita-a-pie-de-calle-de-la-sindicatura-de-greuges-de-barcelona","status":"publish","type":"post","link":"https:\/\/www.sindicaturabarcelona.cat\/es\/el-barrio-de-la-barceloneta-la-ultima-visita-a-pie-de-calle-de-la-sindicatura-de-greuges-de-barcelona\/","title":{"rendered":"El barrio de la Barceloneta, la \u00faltima visita &#8216;A pie de calle&#8217; de la Sindicatura de Greuges de Barcelona"},"content":{"rendered":"\n<p class=\"has-text-align-justify\">El s\u00edndic de greuges de Barcelona, David Bondia, y miembros de su equipo, han visitado el barrio marinero de la Barceloneta a finales de julio para captar las principales demandas de la zona.<\/p>\n\n\n\n<p class=\"has-text-align-justify\"><strong>Esta visita de la <a href=\"https:\/\/www.sindicaturabarcelona.cat\/es\/\" target=\"_blank\" aria-label=\"Sindicatura (opens in a new tab)\" rel=\"noreferrer noopener\" class=\"ek-link\">Sindicatura<\/a> est\u00e1 enmarcada en el proyecto <em>A pie de calle<\/em><\/strong>, iniciativa implementada desde este a\u00f1o 2022. <strong>Este programa tiene los objetivos de acercar la instituci\u00f3n al vecindario de los 73 barrios de la ciudad y hacer una Sindicatura itinerante<\/strong>, que se acerque a la ciudadan\u00eda, al tejido asociativo y al tejido empresarial, puesto que es la manera de conocer e intervenir en las problem\u00e1ticas de los vecinos y vecinas de la ciudad.<\/p>\n\n\n\n<p class=\"has-text-align-justify\">La jornada ha empezado con un paseo por el barrio con las representantes vecinales de la\u00a0<strong><a href=\"http:\/\/www.aavvbarceloneta.cat\/es\" target=\"_blank\" aria-label=\"AVV\u00a0Barceloneta (opens in a new tab)\" rel=\"noreferrer noopener\" class=\"ek-link\">AVV\u00a0Barceloneta<\/a><\/strong>: Carme Piera (presidenta), Manel Mart\u00ednez (vicepresidente) y Carme Tom\u00e0s (vocal). En primer t\u00e9rmino, han mostrado una serie de <strong>edificios en mal estado de conservaci\u00f3n y sin uso: el<\/strong> edificio de la antigua Cl\u00ednica Barceloneta; la antigua escuela de la calle Rector Bruguera; la edificaci\u00f3n de la Escuela San Juan Baptista, y la antigua Cooperativa del Siglo XX de la calle Ginebra. En este \u00faltimo, recientemente se ha empezado a trabajar.<\/p>\n\n\n\n<p class=\"has-text-align-justify\">Desde el\u00a0AVV\u00a0Barceloneta tambi\u00e9n reclaman dos acciones municipales desde hace a\u00f1os: la <strong>ampliaci\u00f3n del bus de barrio n\u00famero 120<\/strong> con el objetivo que llegue hasta el ambulatorio actual (prevista desde el a\u00f1o 2012), y la <strong>construcci\u00f3n del nuevo ambulatorio<\/strong>, ya que denuncian que el Distrito no lo prioriza y avanza la ejecuci\u00f3n otros proyectos antes de que este.<\/p>\n\n\n\n<p class=\"has-text-align-justify\">Por \u00faltimo, las representantes vecinales han trasladado un <strong>listado de temas que preocupan a los habitantes del barrio<\/strong>: el estado de los pavimentos de calles, plazas y parques; la suciedad originada por los comportamientos inc\u00edvicos; la ausencia de lavabos p\u00fablicos; la contaminaci\u00f3n ac\u00fastica causada por los\u00a0botellones; el repunte actual de las viviendas de uso tur\u00edstico; la gesti\u00f3n del turismo en el espacio p\u00fablico; la p\u00e9rdida del comercio local en el barrio, y la falta de viviendas sociales para las personas vecinas de la Barceloneta.<\/p>\n\n\n\n<p class=\"has-text-align-justify\"><em>A pie de calle<\/em> concluy\u00f3 con un encuentro con la <strong><a href=\"https:\/\/www.cpbarna.com\/es\/\" target=\"_blank\" aria-label=\"Cofrad\u00eda de Pescadores (opens in a new tab)\" rel=\"noreferrer noopener\" class=\"ek-link\">Cofrad\u00eda de Pescadores<\/a><\/strong> en el Moll del Rellotge. Los representantes de este sector <strong>reivindican m\u00e1s implicaci\u00f3n del consistorio en la visibilizaci\u00f3n de la pesca y de la marca del pescado de Barcelona, y la intervenci\u00f3n municipal en la gesti\u00f3n de los residuos que hay en medio del mar<\/strong>, y que actualmente se hacen cargo las mismas embarcaciones de pesca.<\/p>\n\n\n\n<p class=\"has-text-align-justify\">La Sindicatura de Greuges de Barcelona analizar\u00e1 todas estas demandas de mejora y emitir\u00e1 un informe de barrio al Distrito de Ciutat Vella, con el objetivo de saber cu\u00e1l es la actual estrategia de actuaci\u00f3n en estos \u00e1mbitos y poder encontrar soluciones y respuestas a los reclamos vecinales de la Barceloneta.<\/p>\n","protected":false},"excerpt":{"rendered":"<p>El s\u00edndic de greuges de Barcelona, David Bondia, y miembros de su equipo, han visitado el barrio marinero de la Barceloneta a finales de julio para captar las principales demandas [&hellip;]<\/p>\n","protected":false},"author":2,"featured_media":14634,"comment_status":"closed","ping_status":"open","sticky":false,"template":"","format":"standard","meta":{"_acf_changed":false,"footnotes":""},"tags":[],"drets":[],"class_list":["post-14637","post","type-post","status-publish","format-standard","has-post-thumbnail","hentry"],"acf":[],"yoast_head":"<!-- This site is optimized with the Yoast SEO plugin v27.5 - https:\/\/yoast.com\/product\/yoast-seo-wordpress\/ -->\n<title>El barrio de la Barceloneta, la \u00faltima visita &#039;A pie de calle&#039; de la Sindicatura de Greuges de Barcelona - Sindicatura de Greuges de Barcelona<\/title>\n<meta name=\"description\" content=\"David Bondia y miembros del equipo han visitado el barrio marinero de la Barceloneta para captar las principales demandas de la zona.\" \/>\n<meta name=\"robots\" content=\"index, follow, max-snippet:-1, max-image-preview:large, max-video-preview:-1\" \/>\n<link rel=\"canonical\" href=\"https:\/\/www.sindicaturabarcelona.cat\/es\/el-barrio-de-la-barceloneta-la-ultima-visita-a-pie-de-calle-de-la-sindicatura-de-greuges-de-barcelona\/\" \/>\n<meta property=\"og:locale\" content=\"es_ES\" \/>\n<meta property=\"og:type\" content=\"article\" \/>\n<meta property=\"og:title\" content=\"El barrio de la Barceloneta, la \u00faltima visita &#039;A pie de calle&#039; de la Sindicatura de Greuges de Barcelona - Sindicatura de Greuges de Barcelona\" \/>\n<meta property=\"og:description\" content=\"David Bondia y miembros del equipo han visitado el barrio marinero de la Barceloneta para captar las principales demandas de la zona.\" \/>\n<meta property=\"og:url\" content=\"https:\/\/www.sindicaturabarcelona.cat\/es\/el-barrio-de-la-barceloneta-la-ultima-visita-a-pie-de-calle-de-la-sindicatura-de-greuges-de-barcelona\/\" \/>\n<meta property=\"og:site_name\" content=\"Sindicatura de Greuges de Barcelona\" \/>\n<meta property=\"article:published_time\" content=\"2022-08-05T11:21:04+00:00\" \/>\n<meta property=\"article:modified_time\" content=\"2022-08-05T11:21:05+00:00\" \/>\n<meta property=\"og:image\" content=\"https:\/\/www.sindicaturabarcelona.cat\/wp-content\/uploads\/2022\/08\/FYu6KunXoAAJzWF.jpeg\" \/>\n\t<meta property=\"og:image:width\" content=\"2048\" \/>\n\t<meta property=\"og:image:height\" content=\"1365\" \/>\n\t<meta property=\"og:image:type\" content=\"image\/jpeg\" \/>\n<meta name=\"author\" content=\"Pablo\" \/>\n<meta name=\"twitter:card\" content=\"summary_large_image\" \/>\n<meta name=\"twitter:creator\" content=\"@sindicbarcelona\" \/>\n<meta name=\"twitter:site\" content=\"@sindicbarcelona\" \/>\n<meta name=\"twitter:label1\" content=\"Escrito por\" \/>\n\t<meta name=\"twitter:data1\" content=\"Pablo\" \/>\n\t<meta name=\"twitter:label2\" content=\"Tiempo de lectura\" \/>\n\t<meta name=\"twitter:data2\" content=\"3 minutos\" \/>\n<script type=\"application\/ld+json\" class=\"yoast-schema-graph\">{\"@context\":\"https:\\\/\\\/schema.org\",\"@graph\":[{\"@type\":\"Article\",\"@id\":\"https:\\\/\\\/www.sindicaturabarcelona.cat\\\/es\\\/el-barrio-de-la-barceloneta-la-ultima-visita-a-pie-de-calle-de-la-sindicatura-de-greuges-de-barcelona\\\/#article\",\"isPartOf\":{\"@id\":\"https:\\\/\\\/www.sindicaturabarcelona.cat\\\/es\\\/el-barrio-de-la-barceloneta-la-ultima-visita-a-pie-de-calle-de-la-sindicatura-de-greuges-de-barcelona\\\/\"},\"author\":{\"name\":\"Pablo\",\"@id\":\"https:\\\/\\\/www.sindicaturabarcelona.cat\\\/es\\\/#\\\/schema\\\/person\\\/0e5acffc350ffdbc97578159322c9452\"},\"headline\":\"El barrio de la Barceloneta, la \u00faltima visita &#8216;A pie de calle&#8217; de la Sindicatura de Greuges de Barcelona\",\"datePublished\":\"2022-08-05T11:21:04+00:00\",\"dateModified\":\"2022-08-05T11:21:05+00:00\",\"mainEntityOfPage\":{\"@id\":\"https:\\\/\\\/www.sindicaturabarcelona.cat\\\/es\\\/el-barrio-de-la-barceloneta-la-ultima-visita-a-pie-de-calle-de-la-sindicatura-de-greuges-de-barcelona\\\/\"},\"wordCount\":510,\"publisher\":{\"@id\":\"https:\\\/\\\/www.sindicaturabarcelona.cat\\\/es\\\/#organization\"},\"image\":{\"@id\":\"https:\\\/\\\/www.sindicaturabarcelona.cat\\\/es\\\/el-barrio-de-la-barceloneta-la-ultima-visita-a-pie-de-calle-de-la-sindicatura-de-greuges-de-barcelona\\\/#primaryimage\"},\"thumbnailUrl\":\"https:\\\/\\\/www.sindicaturabarcelona.cat\\\/wp-content\\\/uploads\\\/2022\\\/08\\\/FYu6KunXoAAJzWF.jpeg\",\"inLanguage\":\"es\"},{\"@type\":\"WebPage\",\"@id\":\"https:\\\/\\\/www.sindicaturabarcelona.cat\\\/es\\\/el-barrio-de-la-barceloneta-la-ultima-visita-a-pie-de-calle-de-la-sindicatura-de-greuges-de-barcelona\\\/\",\"url\":\"https:\\\/\\\/www.sindicaturabarcelona.cat\\\/es\\\/el-barrio-de-la-barceloneta-la-ultima-visita-a-pie-de-calle-de-la-sindicatura-de-greuges-de-barcelona\\\/\",\"name\":\"El barrio de la Barceloneta, la \u00faltima visita 'A pie de calle' de la Sindicatura de Greuges de Barcelona - Sindicatura de Greuges de Barcelona\",\"isPartOf\":{\"@id\":\"https:\\\/\\\/www.sindicaturabarcelona.cat\\\/es\\\/#website\"},\"primaryImageOfPage\":{\"@id\":\"https:\\\/\\\/www.sindicaturabarcelona.cat\\\/es\\\/el-barrio-de-la-barceloneta-la-ultima-visita-a-pie-de-calle-de-la-sindicatura-de-greuges-de-barcelona\\\/#primaryimage\"},\"image\":{\"@id\":\"https:\\\/\\\/www.sindicaturabarcelona.cat\\\/es\\\/el-barrio-de-la-barceloneta-la-ultima-visita-a-pie-de-calle-de-la-sindicatura-de-greuges-de-barcelona\\\/#primaryimage\"},\"thumbnailUrl\":\"https:\\\/\\\/www.sindicaturabarcelona.cat\\\/wp-content\\\/uploads\\\/2022\\\/08\\\/FYu6KunXoAAJzWF.jpeg\",\"datePublished\":\"2022-08-05T11:21:04+00:00\",\"dateModified\":\"2022-08-05T11:21:05+00:00\",\"description\":\"David Bondia y miembros del equipo han visitado el barrio marinero de la Barceloneta para captar las principales demandas de la zona.\",\"breadcrumb\":{\"@id\":\"https:\\\/\\\/www.sindicaturabarcelona.cat\\\/es\\\/el-barrio-de-la-barceloneta-la-ultima-visita-a-pie-de-calle-de-la-sindicatura-de-greuges-de-barcelona\\\/#breadcrumb\"},\"inLanguage\":\"es\",\"potentialAction\":[{\"@type\":\"ReadAction\",\"target\":[\"https:\\\/\\\/www.sindicaturabarcelona.cat\\\/es\\\/el-barrio-de-la-barceloneta-la-ultima-visita-a-pie-de-calle-de-la-sindicatura-de-greuges-de-barcelona\\\/\"]}]},{\"@type\":\"ImageObject\",\"inLanguage\":\"es\",\"@id\":\"https:\\\/\\\/www.sindicaturabarcelona.cat\\\/es\\\/el-barrio-de-la-barceloneta-la-ultima-visita-a-pie-de-calle-de-la-sindicatura-de-greuges-de-barcelona\\\/#primaryimage\",\"url\":\"https:\\\/\\\/www.sindicaturabarcelona.cat\\\/wp-content\\\/uploads\\\/2022\\\/08\\\/FYu6KunXoAAJzWF.jpeg\",\"contentUrl\":\"https:\\\/\\\/www.sindicaturabarcelona.cat\\\/wp-content\\\/uploads\\\/2022\\\/08\\\/FYu6KunXoAAJzWF.jpeg\",\"width\":2048,\"height\":1365,\"caption\":\"A peu de carrer Barceloneta\"},{\"@type\":\"BreadcrumbList\",\"@id\":\"https:\\\/\\\/www.sindicaturabarcelona.cat\\\/es\\\/el-barrio-de-la-barceloneta-la-ultima-visita-a-pie-de-calle-de-la-sindicatura-de-greuges-de-barcelona\\\/#breadcrumb\",\"itemListElement\":[{\"@type\":\"ListItem\",\"position\":1,\"name\":\"Inici\",\"item\":\"https:\\\/\\\/www.sindicaturabarcelona.cat\\\/es\\\/\"},{\"@type\":\"ListItem\",\"position\":2,\"name\":\"El barrio de la Barceloneta, la \u00faltima visita &#8216;A pie de calle&#8217; de la Sindicatura de Greuges de Barcelona\"}]},{\"@type\":\"WebSite\",\"@id\":\"https:\\\/\\\/www.sindicaturabarcelona.cat\\\/es\\\/#website\",\"url\":\"https:\\\/\\\/www.sindicaturabarcelona.cat\\\/es\\\/\",\"name\":\"Sindicatura de Greuges de Barcelona\",\"description\":\"La defensoria dels teus drets\",\"publisher\":{\"@id\":\"https:\\\/\\\/www.sindicaturabarcelona.cat\\\/es\\\/#organization\"},\"potentialAction\":[{\"@type\":\"SearchAction\",\"target\":{\"@type\":\"EntryPoint\",\"urlTemplate\":\"https:\\\/\\\/www.sindicaturabarcelona.cat\\\/es\\\/?s={search_term_string}\"},\"query-input\":{\"@type\":\"PropertyValueSpecification\",\"valueRequired\":true,\"valueName\":\"search_term_string\"}}],\"inLanguage\":\"es\"},{\"@type\":\"Organization\",\"@id\":\"https:\\\/\\\/www.sindicaturabarcelona.cat\\\/es\\\/#organization\",\"name\":\"Sindicatura de Greuges de Barcelona\",\"url\":\"https:\\\/\\\/www.sindicaturabarcelona.cat\\\/es\\\/\",\"logo\":{\"@type\":\"ImageObject\",\"inLanguage\":\"es\",\"@id\":\"https:\\\/\\\/www.sindicaturabarcelona.cat\\\/es\\\/#\\\/schema\\\/logo\\\/image\\\/\",\"url\":\"https:\\\/\\\/www.sindicaturabarcelona.cat\\\/wp-content\\\/uploads\\\/2023\\\/02\\\/logo_sindicatura.svg\",\"contentUrl\":\"https:\\\/\\\/www.sindicaturabarcelona.cat\\\/wp-content\\\/uploads\\\/2023\\\/02\\\/logo_sindicatura.svg\",\"caption\":\"Sindicatura de Greuges de Barcelona\"},\"image\":{\"@id\":\"https:\\\/\\\/www.sindicaturabarcelona.cat\\\/es\\\/#\\\/schema\\\/logo\\\/image\\\/\"},\"sameAs\":[\"https:\\\/\\\/x.com\\\/sindicbarcelona\",\"https:\\\/\\\/www.instagram.com\\\/sindicbarcelona\\\/\",\"https:\\\/\\\/www.tiktok.com\\\/@sindicaturabcn\",\"https:\\\/\\\/t.me\\\/sindicaturabarcelona\"]},{\"@type\":\"Person\",\"@id\":\"https:\\\/\\\/www.sindicaturabarcelona.cat\\\/es\\\/#\\\/schema\\\/person\\\/0e5acffc350ffdbc97578159322c9452\",\"name\":\"Pablo\",\"image\":{\"@type\":\"ImageObject\",\"inLanguage\":\"es\",\"@id\":\"https:\\\/\\\/secure.gravatar.com\\\/avatar\\\/c948169b402ef9492afde705c3dfd5e90e1a6a84ef6840a91124f805a25a480f?s=96&d=mm&r=g\",\"url\":\"https:\\\/\\\/secure.gravatar.com\\\/avatar\\\/c948169b402ef9492afde705c3dfd5e90e1a6a84ef6840a91124f805a25a480f?s=96&d=mm&r=g\",\"contentUrl\":\"https:\\\/\\\/secure.gravatar.com\\\/avatar\\\/c948169b402ef9492afde705c3dfd5e90e1a6a84ef6840a91124f805a25a480f?s=96&d=mm&r=g\",\"caption\":\"Pablo\"},\"url\":\"https:\\\/\\\/www.sindicaturabarcelona.cat\\\/es\\\/author\\\/pablo\\\/\"}]}<\/script>\n<!-- \/ Yoast SEO plugin. -->","yoast_head_json":{"title":"El barrio de la Barceloneta, la \u00faltima visita 'A pie de calle' de la Sindicatura de Greuges de Barcelona - Sindicatura de Greuges de Barcelona","description":"David Bondia y miembros del equipo han visitado el barrio marinero de la Barceloneta para captar las principales demandas de la zona.","robots":{"index":"index","follow":"follow","max-snippet":"max-snippet:-1","max-image-preview":"max-image-preview:large","max-video-preview":"max-video-preview:-1"},"canonical":"https:\/\/www.sindicaturabarcelona.cat\/es\/el-barrio-de-la-barceloneta-la-ultima-visita-a-pie-de-calle-de-la-sindicatura-de-greuges-de-barcelona\/","og_locale":"es_ES","og_type":"article","og_title":"El barrio de la Barceloneta, la \u00faltima visita 'A pie de calle' de la Sindicatura de Greuges de Barcelona - Sindicatura de Greuges de Barcelona","og_description":"David Bondia y miembros del equipo han visitado el barrio marinero de la Barceloneta para captar las principales demandas de la zona.","og_url":"https:\/\/www.sindicaturabarcelona.cat\/es\/el-barrio-de-la-barceloneta-la-ultima-visita-a-pie-de-calle-de-la-sindicatura-de-greuges-de-barcelona\/","og_site_name":"Sindicatura de Greuges de Barcelona","article_published_time":"2022-08-05T11:21:04+00:00","article_modified_time":"2022-08-05T11:21:05+00:00","og_image":[{"width":2048,"height":1365,"url":"https:\/\/www.sindicaturabarcelona.cat\/wp-content\/uploads\/2022\/08\/FYu6KunXoAAJzWF.jpeg","type":"image\/jpeg"}],"author":"Pablo","twitter_card":"summary_large_image","twitter_creator":"@sindicbarcelona","twitter_site":"@sindicbarcelona","twitter_misc":{"Escrito por":"Pablo","Tiempo de lectura":"3 minutos"},"schema":{"@context":"https:\/\/schema.org","@graph":[{"@type":"Article","@id":"https:\/\/www.sindicaturabarcelona.cat\/es\/el-barrio-de-la-barceloneta-la-ultima-visita-a-pie-de-calle-de-la-sindicatura-de-greuges-de-barcelona\/#article","isPartOf":{"@id":"https:\/\/www.sindicaturabarcelona.cat\/es\/el-barrio-de-la-barceloneta-la-ultima-visita-a-pie-de-calle-de-la-sindicatura-de-greuges-de-barcelona\/"},"author":{"name":"Pablo","@id":"https:\/\/www.sindicaturabarcelona.cat\/es\/#\/schema\/person\/0e5acffc350ffdbc97578159322c9452"},"headline":"El barrio de la Barceloneta, la \u00faltima visita &#8216;A pie de calle&#8217; de la Sindicatura de Greuges de Barcelona","datePublished":"2022-08-05T11:21:04+00:00","dateModified":"2022-08-05T11:21:05+00:00","mainEntityOfPage":{"@id":"https:\/\/www.sindicaturabarcelona.cat\/es\/el-barrio-de-la-barceloneta-la-ultima-visita-a-pie-de-calle-de-la-sindicatura-de-greuges-de-barcelona\/"},"wordCount":510,"publisher":{"@id":"https:\/\/www.sindicaturabarcelona.cat\/es\/#organization"},"image":{"@id":"https:\/\/www.sindicaturabarcelona.cat\/es\/el-barrio-de-la-barceloneta-la-ultima-visita-a-pie-de-calle-de-la-sindicatura-de-greuges-de-barcelona\/#primaryimage"},"thumbnailUrl":"https:\/\/www.sindicaturabarcelona.cat\/wp-content\/uploads\/2022\/08\/FYu6KunXoAAJzWF.jpeg","inLanguage":"es"},{"@type":"WebPage","@id":"https:\/\/www.sindicaturabarcelona.cat\/es\/el-barrio-de-la-barceloneta-la-ultima-visita-a-pie-de-calle-de-la-sindicatura-de-greuges-de-barcelona\/","url":"https:\/\/www.sindicaturabarcelona.cat\/es\/el-barrio-de-la-barceloneta-la-ultima-visita-a-pie-de-calle-de-la-sindicatura-de-greuges-de-barcelona\/","name":"El barrio de la Barceloneta, la \u00faltima visita 'A pie de calle' de la Sindicatura de Greuges de Barcelona - Sindicatura de Greuges de Barcelona","isPartOf":{"@id":"https:\/\/www.sindicaturabarcelona.cat\/es\/#website"},"primaryImageOfPage":{"@id":"https:\/\/www.sindicaturabarcelona.cat\/es\/el-barrio-de-la-barceloneta-la-ultima-visita-a-pie-de-calle-de-la-sindicatura-de-greuges-de-barcelona\/#primaryimage"},"image":{"@id":"https:\/\/www.sindicaturabarcelona.cat\/es\/el-barrio-de-la-barceloneta-la-ultima-visita-a-pie-de-calle-de-la-sindicatura-de-greuges-de-barcelona\/#primaryimage"},"thumbnailUrl":"https:\/\/www.sindicaturabarcelona.cat\/wp-content\/uploads\/2022\/08\/FYu6KunXoAAJzWF.jpeg","datePublished":"2022-08-05T11:21:04+00:00","dateModified":"2022-08-05T11:21:05+00:00","description":"David Bondia y miembros del equipo han visitado el barrio marinero de la Barceloneta para captar las principales demandas de la zona.","breadcrumb":{"@id":"https:\/\/www.sindicaturabarcelona.cat\/es\/el-barrio-de-la-barceloneta-la-ultima-visita-a-pie-de-calle-de-la-sindicatura-de-greuges-de-barcelona\/#breadcrumb"},"inLanguage":"es","potentialAction":[{"@type":"ReadAction","target":["https:\/\/www.sindicaturabarcelona.cat\/es\/el-barrio-de-la-barceloneta-la-ultima-visita-a-pie-de-calle-de-la-sindicatura-de-greuges-de-barcelona\/"]}]},{"@type":"ImageObject","inLanguage":"es","@id":"https:\/\/www.sindicaturabarcelona.cat\/es\/el-barrio-de-la-barceloneta-la-ultima-visita-a-pie-de-calle-de-la-sindicatura-de-greuges-de-barcelona\/#primaryimage","url":"https:\/\/www.sindicaturabarcelona.cat\/wp-content\/uploads\/2022\/08\/FYu6KunXoAAJzWF.jpeg","contentUrl":"https:\/\/www.sindicaturabarcelona.cat\/wp-content\/uploads\/2022\/08\/FYu6KunXoAAJzWF.jpeg","width":2048,"height":1365,"caption":"A peu de carrer Barceloneta"},{"@type":"BreadcrumbList","@id":"https:\/\/www.sindicaturabarcelona.cat\/es\/el-barrio-de-la-barceloneta-la-ultima-visita-a-pie-de-calle-de-la-sindicatura-de-greuges-de-barcelona\/#breadcrumb","itemListElement":[{"@type":"ListItem","position":1,"name":"Inici","item":"https:\/\/www.sindicaturabarcelona.cat\/es\/"},{"@type":"ListItem","position":2,"name":"El barrio de la Barceloneta, la \u00faltima visita &#8216;A pie de calle&#8217; de la Sindicatura de Greuges de Barcelona"}]},{"@type":"WebSite","@id":"https:\/\/www.sindicaturabarcelona.cat\/es\/#website","url":"https:\/\/www.sindicaturabarcelona.cat\/es\/","name":"Sindicatura de Greuges de Barcelona","description":"La defensoria dels teus drets","publisher":{"@id":"https:\/\/www.sindicaturabarcelona.cat\/es\/#organization"},"potentialAction":[{"@type":"SearchAction","target":{"@type":"EntryPoint","urlTemplate":"https:\/\/www.sindicaturabarcelona.cat\/es\/?s={search_term_string}"},"query-input":{"@type":"PropertyValueSpecification","valueRequired":true,"valueName":"search_term_string"}}],"inLanguage":"es"},{"@type":"Organization","@id":"https:\/\/www.sindicaturabarcelona.cat\/es\/#organization","name":"Sindicatura de Greuges de Barcelona","url":"https:\/\/www.sindicaturabarcelona.cat\/es\/","logo":{"@type":"ImageObject","inLanguage":"es","@id":"https:\/\/www.sindicaturabarcelona.cat\/es\/#\/schema\/logo\/image\/","url":"https:\/\/www.sindicaturabarcelona.cat\/wp-content\/uploads\/2023\/02\/logo_sindicatura.svg","contentUrl":"https:\/\/www.sindicaturabarcelona.cat\/wp-content\/uploads\/2023\/02\/logo_sindicatura.svg","caption":"Sindicatura de Greuges de Barcelona"},"image":{"@id":"https:\/\/www.sindicaturabarcelona.cat\/es\/#\/schema\/logo\/image\/"},"sameAs":["https:\/\/x.com\/sindicbarcelona","https:\/\/www.instagram.com\/sindicbarcelona\/","https:\/\/www.tiktok.com\/@sindicaturabcn","https:\/\/t.me\/sindicaturabarcelona"]},{"@type":"Person","@id":"https:\/\/www.sindicaturabarcelona.cat\/es\/#\/schema\/person\/0e5acffc350ffdbc97578159322c9452","name":"Pablo","image":{"@type":"ImageObject","inLanguage":"es","@id":"https:\/\/secure.gravatar.com\/avatar\/c948169b402ef9492afde705c3dfd5e90e1a6a84ef6840a91124f805a25a480f?s=96&d=mm&r=g","url":"https:\/\/secure.gravatar.com\/avatar\/c948169b402ef9492afde705c3dfd5e90e1a6a84ef6840a91124f805a25a480f?s=96&d=mm&r=g","contentUrl":"https:\/\/secure.gravatar.com\/avatar\/c948169b402ef9492afde705c3dfd5e90e1a6a84ef6840a91124f805a25a480f?s=96&d=mm&r=g","caption":"Pablo"},"url":"https:\/\/www.sindicaturabarcelona.cat\/es\/author\/pablo\/"}]}},"_links":{"self":[{"href":"https:\/\/www.sindicaturabarcelona.cat\/es\/wp-json\/wp\/v2\/posts\/14637","targetHints":{"allow":["GET"]}}],"collection":[{"href":"https:\/\/www.sindicaturabarcelona.cat\/es\/wp-json\/wp\/v2\/posts"}],"about":[{"href":"https:\/\/www.sindicaturabarcelona.cat\/es\/wp-json\/wp\/v2\/types\/post"}],"author":[{"embeddable":true,"href":"https:\/\/www.sindicaturabarcelona.cat\/es\/wp-json\/wp\/v2\/users\/2"}],"replies":[{"embeddable":true,"href":"https:\/\/www.sindicaturabarcelona.cat\/es\/wp-json\/wp\/v2\/comments?post=14637"}],"version-history":[{"count":0,"href":"https:\/\/www.sindicaturabarcelona.cat\/es\/wp-json\/wp\/v2\/posts\/14637\/revisions"}],"wp:featuredmedia":[{"embeddable":true,"href":"https:\/\/www.sindicaturabarcelona.cat\/es\/wp-json\/wp\/v2\/media\/14634"}],"wp:attachment":[{"href":"https:\/\/www.sindicaturabarcelona.cat\/es\/wp-json\/wp\/v2\/media?parent=14637"}],"wp:term":[{"taxonomy":"post_tag","embeddable":true,"href":"https:\/\/www.sindicaturabarcelona.cat\/es\/wp-json\/wp\/v2\/tags?post=14637"},{"taxonomy":"drets","embeddable":true,"href":"https:\/\/www.sindicaturabarcelona.cat\/es\/wp-json\/wp\/v2\/drets?post=14637"}],"curies":[{"name":"wp","href":"https:\/\/api.w.org\/{rel}","templated":true}]}}