{"id":14608,"date":"2022-07-20T17:07:12","date_gmt":"2022-07-20T15:07:12","guid":{"rendered":"https:\/\/www.sindicaturabarcelona.cat\/?p=14608"},"modified":"2022-07-21T11:16:49","modified_gmt":"2022-07-21T09:16:49","slug":"david-bondia-modera-una-de-las-sesiones-de-la-jornada-el-reto-de-la-vivienda-en-barcelona-en-clave-metropolitana-organizada-por-ecas","status":"publish","type":"post","link":"https:\/\/www.sindicaturabarcelona.cat\/es\/david-bondia-modera-una-de-las-sesiones-de-la-jornada-el-reto-de-la-vivienda-en-barcelona-en-clave-metropolitana-organizada-por-ecas\/","title":{"rendered":"David Bondia modera una de las sesiones de la jornada \u2018El reto de la vivienda en Barcelona en clave metropolitana\u2019, organizada por ECAS"},"content":{"rendered":"\n<p class=\"has-text-align-justify\">El <a href=\"https:\/\/www.sindicaturabarcelona.cat\/es\/\" target=\"_blank\" aria-label=\"s\u00edndic de greuges de Barcelona (opens in a new tab)\" rel=\"noreferrer noopener\" class=\"ek-link\">s\u00edndic de greuges de Barcelona<\/a>, David Bondia, ha moderado la mesa <em>Experiencias desde los entes locales, el tercer sector social y el activismo por el derecho a la vivienda<\/em>, en el marco de la jornada \u2018El reto de la vivienda en Barcelona en clave metropolitana\u2019, organizada por <a href=\"https:\/\/acciosocial.org\/es\/home-espanol\/\" target=\"_blank\" aria-label=\"Entidades Catalanas de Acci\u00f3n Social (ECAS). (opens in a new tab)\" rel=\"noreferrer noopener\" class=\"ek-link\">Entidades Catalanas de Acci\u00f3n Social (ECAS).<\/a><\/p>\n\n\n\n<p class=\"has-text-align-justify\">La mesa ha estado formada por Francesc Hern\u00e1ndez, jefe del Servicio de Apoyo a los Servicios Sociales B\u00e1sicos de la Diputaci\u00f3n de Barcelona; Sonia Lacalle, responsable de la Asesor\u00eda Jur\u00eddica Social de C\u00e1ritas Diocesana de Barcelona; Ivo Recoder, coordinador jur\u00eddico de la Asociaci\u00f3n Oasiurb\u00e0, y Enric Aragon\u00e8s, portavoz del Sindicat de Llogateres.<\/p>\n\n\n\n<p class=\"has-text-align-justify\">La jornada ha perseguido el objetivo de debatir alrededor del reto que supone garantizar el derecho a la vivienda desde los municipios con pol\u00edticas p\u00fablicas concebidas en clave metropolitana. La sesi\u00f3n ha contado con los diferentes niveles administrativos con competencias en este \u00e1mbito, y tambi\u00e9n con el tercer sector social, el movimiento vecinal y activista por el derecho a la vivienda, las instituciones u organizaciones que velan por el cumplimiento de los derechos sociales, y el mundo acad\u00e9mico.<\/p>\n\n\n\n<p class=\"has-text-align-justify\">David Bondia ha incidido en la defensa del derecho a la vivienda: <strong>\u201cEl derecho a una vivienda digna tiene que ser reconocido y ejecutable como derecho humano fundamental<\/strong>. Consideramos que no tener garantizado el derecho a una vivienda digna sin tener que hacer un esfuerzo econ\u00f3mico desproporcionado tiene unos efectos psicosociales profundos, puesto que impide realizar otros aspectos de la vida, como por ejemplo la independencia y la formaci\u00f3n personal, el acceso al trabajo y el acceso al ocio y a la cultura, y formar una familia con los miembros que se desee. <strong>Las dificultades para acceder a una vivienda estable aumentan el riesgo de pobreza y exclusi\u00f3n social y crean un c\u00edrculo dif\u00edcil de romper\u201d.<\/strong><\/p>\n","protected":false},"excerpt":{"rendered":"<p>El s\u00edndic de greuges de Barcelona, David Bondia, ha moderado la mesa Experiencias desde los entes locales, el tercer sector social y el activismo por el derecho a la vivienda, [&hellip;]<\/p>\n","protected":false},"author":2,"featured_media":14598,"comment_status":"closed","ping_status":"open","sticky":false,"template":"","format":"standard","meta":{"_acf_changed":false,"footnotes":""},"tags":[],"drets":[1475],"class_list":["post-14608","post","type-post","status-publish","format-standard","has-post-thumbnail","hentry","drets-ciudad-equitativa"],"acf":[],"yoast_head":"<!-- This site is optimized with the Yoast SEO plugin v27.5 - https:\/\/yoast.com\/product\/yoast-seo-wordpress\/ -->\n<title>David Bondia modera una de las sesiones de la jornada \u2018El reto de la vivienda en Barcelona en clave metropolitana\u2019, organizada por ECAS - Sindicatura de Greuges de Barcelona<\/title>\n<meta name=\"description\" content=\"El s\u00edndic ha defendido que el derecho a la vivienda tiene que ser reconocido y ejecutable como derecho humano fundamental.\" \/>\n<meta name=\"robots\" content=\"index, follow, max-snippet:-1, max-image-preview:large, max-video-preview:-1\" \/>\n<link rel=\"canonical\" href=\"https:\/\/www.sindicaturabarcelona.cat\/es\/david-bondia-modera-una-de-las-sesiones-de-la-jornada-el-reto-de-la-vivienda-en-barcelona-en-clave-metropolitana-organizada-por-ecas\/\" \/>\n<meta property=\"og:locale\" content=\"es_ES\" \/>\n<meta property=\"og:type\" content=\"article\" \/>\n<meta property=\"og:title\" content=\"David Bondia modera una de las sesiones de la jornada \u2018El reto de la vivienda en Barcelona en clave metropolitana\u2019, organizada por ECAS - Sindicatura de Greuges de Barcelona\" \/>\n<meta property=\"og:description\" content=\"El s\u00edndic ha defendido que el derecho a la vivienda tiene que ser reconocido y ejecutable como derecho humano fundamental.\" \/>\n<meta property=\"og:url\" content=\"https:\/\/www.sindicaturabarcelona.cat\/es\/david-bondia-modera-una-de-las-sesiones-de-la-jornada-el-reto-de-la-vivienda-en-barcelona-en-clave-metropolitana-organizada-por-ecas\/\" \/>\n<meta property=\"og:site_name\" content=\"Sindicatura de Greuges de Barcelona\" \/>\n<meta property=\"article:published_time\" content=\"2022-07-20T15:07:12+00:00\" \/>\n<meta property=\"article:modified_time\" content=\"2022-07-21T09:16:49+00:00\" \/>\n<meta property=\"og:image\" content=\"https:\/\/www.sindicaturabarcelona.cat\/wp-content\/uploads\/2022\/07\/MG_2235-scaled.jpg\" \/>\n\t<meta property=\"og:image:width\" content=\"2560\" \/>\n\t<meta property=\"og:image:height\" content=\"1707\" \/>\n\t<meta property=\"og:image:type\" content=\"image\/jpeg\" \/>\n<meta name=\"author\" content=\"Pablo\" \/>\n<meta name=\"twitter:card\" content=\"summary_large_image\" \/>\n<meta name=\"twitter:creator\" content=\"@sindicbarcelona\" \/>\n<meta name=\"twitter:site\" content=\"@sindicbarcelona\" \/>\n<meta name=\"twitter:label1\" content=\"Escrito por\" \/>\n\t<meta name=\"twitter:data1\" content=\"Pablo\" \/>\n\t<meta name=\"twitter:label2\" content=\"Tiempo de lectura\" \/>\n\t<meta name=\"twitter:data2\" content=\"2 minutos\" \/>\n<script type=\"application\/ld+json\" class=\"yoast-schema-graph\">{\"@context\":\"https:\\\/\\\/schema.org\",\"@graph\":[{\"@type\":\"Article\",\"@id\":\"https:\\\/\\\/www.sindicaturabarcelona.cat\\\/es\\\/david-bondia-modera-una-de-las-sesiones-de-la-jornada-el-reto-de-la-vivienda-en-barcelona-en-clave-metropolitana-organizada-por-ecas\\\/#article\",\"isPartOf\":{\"@id\":\"https:\\\/\\\/www.sindicaturabarcelona.cat\\\/es\\\/david-bondia-modera-una-de-las-sesiones-de-la-jornada-el-reto-de-la-vivienda-en-barcelona-en-clave-metropolitana-organizada-por-ecas\\\/\"},\"author\":{\"name\":\"Pablo\",\"@id\":\"https:\\\/\\\/www.sindicaturabarcelona.cat\\\/es\\\/#\\\/schema\\\/person\\\/0e5acffc350ffdbc97578159322c9452\"},\"headline\":\"David Bondia modera una de las sesiones de la jornada \u2018El reto de la vivienda en Barcelona en clave metropolitana\u2019, organizada por ECAS\",\"datePublished\":\"2022-07-20T15:07:12+00:00\",\"dateModified\":\"2022-07-21T09:16:49+00:00\",\"mainEntityOfPage\":{\"@id\":\"https:\\\/\\\/www.sindicaturabarcelona.cat\\\/es\\\/david-bondia-modera-una-de-las-sesiones-de-la-jornada-el-reto-de-la-vivienda-en-barcelona-en-clave-metropolitana-organizada-por-ecas\\\/\"},\"wordCount\":344,\"publisher\":{\"@id\":\"https:\\\/\\\/www.sindicaturabarcelona.cat\\\/es\\\/#organization\"},\"image\":{\"@id\":\"https:\\\/\\\/www.sindicaturabarcelona.cat\\\/es\\\/david-bondia-modera-una-de-las-sesiones-de-la-jornada-el-reto-de-la-vivienda-en-barcelona-en-clave-metropolitana-organizada-por-ecas\\\/#primaryimage\"},\"thumbnailUrl\":\"https:\\\/\\\/www.sindicaturabarcelona.cat\\\/wp-content\\\/uploads\\\/2022\\\/07\\\/MG_2235-scaled.jpg\",\"articleSection\":[\"General\"],\"inLanguage\":\"es\"},{\"@type\":\"WebPage\",\"@id\":\"https:\\\/\\\/www.sindicaturabarcelona.cat\\\/es\\\/david-bondia-modera-una-de-las-sesiones-de-la-jornada-el-reto-de-la-vivienda-en-barcelona-en-clave-metropolitana-organizada-por-ecas\\\/\",\"url\":\"https:\\\/\\\/www.sindicaturabarcelona.cat\\\/es\\\/david-bondia-modera-una-de-las-sesiones-de-la-jornada-el-reto-de-la-vivienda-en-barcelona-en-clave-metropolitana-organizada-por-ecas\\\/\",\"name\":\"David Bondia modera una de las sesiones de la jornada \u2018El reto de la vivienda en Barcelona en clave metropolitana\u2019, organizada por ECAS - Sindicatura de Greuges de Barcelona\",\"isPartOf\":{\"@id\":\"https:\\\/\\\/www.sindicaturabarcelona.cat\\\/es\\\/#website\"},\"primaryImageOfPage\":{\"@id\":\"https:\\\/\\\/www.sindicaturabarcelona.cat\\\/es\\\/david-bondia-modera-una-de-las-sesiones-de-la-jornada-el-reto-de-la-vivienda-en-barcelona-en-clave-metropolitana-organizada-por-ecas\\\/#primaryimage\"},\"image\":{\"@id\":\"https:\\\/\\\/www.sindicaturabarcelona.cat\\\/es\\\/david-bondia-modera-una-de-las-sesiones-de-la-jornada-el-reto-de-la-vivienda-en-barcelona-en-clave-metropolitana-organizada-por-ecas\\\/#primaryimage\"},\"thumbnailUrl\":\"https:\\\/\\\/www.sindicaturabarcelona.cat\\\/wp-content\\\/uploads\\\/2022\\\/07\\\/MG_2235-scaled.jpg\",\"datePublished\":\"2022-07-20T15:07:12+00:00\",\"dateModified\":\"2022-07-21T09:16:49+00:00\",\"description\":\"El s\u00edndic ha defendido que el derecho a la vivienda tiene que ser reconocido y ejecutable como derecho humano fundamental.\",\"breadcrumb\":{\"@id\":\"https:\\\/\\\/www.sindicaturabarcelona.cat\\\/es\\\/david-bondia-modera-una-de-las-sesiones-de-la-jornada-el-reto-de-la-vivienda-en-barcelona-en-clave-metropolitana-organizada-por-ecas\\\/#breadcrumb\"},\"inLanguage\":\"es\",\"potentialAction\":[{\"@type\":\"ReadAction\",\"target\":[\"https:\\\/\\\/www.sindicaturabarcelona.cat\\\/es\\\/david-bondia-modera-una-de-las-sesiones-de-la-jornada-el-reto-de-la-vivienda-en-barcelona-en-clave-metropolitana-organizada-por-ecas\\\/\"]}]},{\"@type\":\"ImageObject\",\"inLanguage\":\"es\",\"@id\":\"https:\\\/\\\/www.sindicaturabarcelona.cat\\\/es\\\/david-bondia-modera-una-de-las-sesiones-de-la-jornada-el-reto-de-la-vivienda-en-barcelona-en-clave-metropolitana-organizada-por-ecas\\\/#primaryimage\",\"url\":\"https:\\\/\\\/www.sindicaturabarcelona.cat\\\/wp-content\\\/uploads\\\/2022\\\/07\\\/MG_2235-scaled.jpg\",\"contentUrl\":\"https:\\\/\\\/www.sindicaturabarcelona.cat\\\/wp-content\\\/uploads\\\/2022\\\/07\\\/MG_2235-scaled.jpg\",\"width\":2560,\"height\":1707},{\"@type\":\"BreadcrumbList\",\"@id\":\"https:\\\/\\\/www.sindicaturabarcelona.cat\\\/es\\\/david-bondia-modera-una-de-las-sesiones-de-la-jornada-el-reto-de-la-vivienda-en-barcelona-en-clave-metropolitana-organizada-por-ecas\\\/#breadcrumb\",\"itemListElement\":[{\"@type\":\"ListItem\",\"position\":1,\"name\":\"Inici\",\"item\":\"https:\\\/\\\/www.sindicaturabarcelona.cat\\\/es\\\/\"},{\"@type\":\"ListItem\",\"position\":2,\"name\":\"David Bondia modera una de las sesiones de la jornada \u2018El reto de la vivienda en Barcelona en clave metropolitana\u2019, organizada por ECAS\"}]},{\"@type\":\"WebSite\",\"@id\":\"https:\\\/\\\/www.sindicaturabarcelona.cat\\\/es\\\/#website\",\"url\":\"https:\\\/\\\/www.sindicaturabarcelona.cat\\\/es\\\/\",\"name\":\"Sindicatura de Greuges de Barcelona\",\"description\":\"La defensoria dels teus drets\",\"publisher\":{\"@id\":\"https:\\\/\\\/www.sindicaturabarcelona.cat\\\/es\\\/#organization\"},\"potentialAction\":[{\"@type\":\"SearchAction\",\"target\":{\"@type\":\"EntryPoint\",\"urlTemplate\":\"https:\\\/\\\/www.sindicaturabarcelona.cat\\\/es\\\/?s={search_term_string}\"},\"query-input\":{\"@type\":\"PropertyValueSpecification\",\"valueRequired\":true,\"valueName\":\"search_term_string\"}}],\"inLanguage\":\"es\"},{\"@type\":\"Organization\",\"@id\":\"https:\\\/\\\/www.sindicaturabarcelona.cat\\\/es\\\/#organization\",\"name\":\"Sindicatura de Greuges de Barcelona\",\"url\":\"https:\\\/\\\/www.sindicaturabarcelona.cat\\\/es\\\/\",\"logo\":{\"@type\":\"ImageObject\",\"inLanguage\":\"es\",\"@id\":\"https:\\\/\\\/www.sindicaturabarcelona.cat\\\/es\\\/#\\\/schema\\\/logo\\\/image\\\/\",\"url\":\"https:\\\/\\\/www.sindicaturabarcelona.cat\\\/wp-content\\\/uploads\\\/2023\\\/02\\\/logo_sindicatura.svg\",\"contentUrl\":\"https:\\\/\\\/www.sindicaturabarcelona.cat\\\/wp-content\\\/uploads\\\/2023\\\/02\\\/logo_sindicatura.svg\",\"caption\":\"Sindicatura de Greuges de Barcelona\"},\"image\":{\"@id\":\"https:\\\/\\\/www.sindicaturabarcelona.cat\\\/es\\\/#\\\/schema\\\/logo\\\/image\\\/\"},\"sameAs\":[\"https:\\\/\\\/x.com\\\/sindicbarcelona\",\"https:\\\/\\\/www.instagram.com\\\/sindicbarcelona\\\/\",\"https:\\\/\\\/www.tiktok.com\\\/@sindicaturabcn\",\"https:\\\/\\\/t.me\\\/sindicaturabarcelona\"]},{\"@type\":\"Person\",\"@id\":\"https:\\\/\\\/www.sindicaturabarcelona.cat\\\/es\\\/#\\\/schema\\\/person\\\/0e5acffc350ffdbc97578159322c9452\",\"name\":\"Pablo\",\"image\":{\"@type\":\"ImageObject\",\"inLanguage\":\"es\",\"@id\":\"https:\\\/\\\/secure.gravatar.com\\\/avatar\\\/c948169b402ef9492afde705c3dfd5e90e1a6a84ef6840a91124f805a25a480f?s=96&d=mm&r=g\",\"url\":\"https:\\\/\\\/secure.gravatar.com\\\/avatar\\\/c948169b402ef9492afde705c3dfd5e90e1a6a84ef6840a91124f805a25a480f?s=96&d=mm&r=g\",\"contentUrl\":\"https:\\\/\\\/secure.gravatar.com\\\/avatar\\\/c948169b402ef9492afde705c3dfd5e90e1a6a84ef6840a91124f805a25a480f?s=96&d=mm&r=g\",\"caption\":\"Pablo\"},\"url\":\"https:\\\/\\\/www.sindicaturabarcelona.cat\\\/es\\\/author\\\/pablo\\\/\"}]}<\/script>\n<!-- \/ Yoast SEO plugin. -->","yoast_head_json":{"title":"David Bondia modera una de las sesiones de la jornada \u2018El reto de la vivienda en Barcelona en clave metropolitana\u2019, organizada por ECAS - Sindicatura de Greuges de Barcelona","description":"El s\u00edndic ha defendido que el derecho a la vivienda tiene que ser reconocido y ejecutable como derecho humano fundamental.","robots":{"index":"index","follow":"follow","max-snippet":"max-snippet:-1","max-image-preview":"max-image-preview:large","max-video-preview":"max-video-preview:-1"},"canonical":"https:\/\/www.sindicaturabarcelona.cat\/es\/david-bondia-modera-una-de-las-sesiones-de-la-jornada-el-reto-de-la-vivienda-en-barcelona-en-clave-metropolitana-organizada-por-ecas\/","og_locale":"es_ES","og_type":"article","og_title":"David Bondia modera una de las sesiones de la jornada \u2018El reto de la vivienda en Barcelona en clave metropolitana\u2019, organizada por ECAS - Sindicatura de Greuges de Barcelona","og_description":"El s\u00edndic ha defendido que el derecho a la vivienda tiene que ser reconocido y ejecutable como derecho humano fundamental.","og_url":"https:\/\/www.sindicaturabarcelona.cat\/es\/david-bondia-modera-una-de-las-sesiones-de-la-jornada-el-reto-de-la-vivienda-en-barcelona-en-clave-metropolitana-organizada-por-ecas\/","og_site_name":"Sindicatura de Greuges de Barcelona","article_published_time":"2022-07-20T15:07:12+00:00","article_modified_time":"2022-07-21T09:16:49+00:00","og_image":[{"width":2560,"height":1707,"url":"https:\/\/www.sindicaturabarcelona.cat\/wp-content\/uploads\/2022\/07\/MG_2235-scaled.jpg","type":"image\/jpeg"}],"author":"Pablo","twitter_card":"summary_large_image","twitter_creator":"@sindicbarcelona","twitter_site":"@sindicbarcelona","twitter_misc":{"Escrito por":"Pablo","Tiempo de lectura":"2 minutos"},"schema":{"@context":"https:\/\/schema.org","@graph":[{"@type":"Article","@id":"https:\/\/www.sindicaturabarcelona.cat\/es\/david-bondia-modera-una-de-las-sesiones-de-la-jornada-el-reto-de-la-vivienda-en-barcelona-en-clave-metropolitana-organizada-por-ecas\/#article","isPartOf":{"@id":"https:\/\/www.sindicaturabarcelona.cat\/es\/david-bondia-modera-una-de-las-sesiones-de-la-jornada-el-reto-de-la-vivienda-en-barcelona-en-clave-metropolitana-organizada-por-ecas\/"},"author":{"name":"Pablo","@id":"https:\/\/www.sindicaturabarcelona.cat\/es\/#\/schema\/person\/0e5acffc350ffdbc97578159322c9452"},"headline":"David Bondia modera una de las sesiones de la jornada \u2018El reto de la vivienda en Barcelona en clave metropolitana\u2019, organizada por ECAS","datePublished":"2022-07-20T15:07:12+00:00","dateModified":"2022-07-21T09:16:49+00:00","mainEntityOfPage":{"@id":"https:\/\/www.sindicaturabarcelona.cat\/es\/david-bondia-modera-una-de-las-sesiones-de-la-jornada-el-reto-de-la-vivienda-en-barcelona-en-clave-metropolitana-organizada-por-ecas\/"},"wordCount":344,"publisher":{"@id":"https:\/\/www.sindicaturabarcelona.cat\/es\/#organization"},"image":{"@id":"https:\/\/www.sindicaturabarcelona.cat\/es\/david-bondia-modera-una-de-las-sesiones-de-la-jornada-el-reto-de-la-vivienda-en-barcelona-en-clave-metropolitana-organizada-por-ecas\/#primaryimage"},"thumbnailUrl":"https:\/\/www.sindicaturabarcelona.cat\/wp-content\/uploads\/2022\/07\/MG_2235-scaled.jpg","articleSection":["General"],"inLanguage":"es"},{"@type":"WebPage","@id":"https:\/\/www.sindicaturabarcelona.cat\/es\/david-bondia-modera-una-de-las-sesiones-de-la-jornada-el-reto-de-la-vivienda-en-barcelona-en-clave-metropolitana-organizada-por-ecas\/","url":"https:\/\/www.sindicaturabarcelona.cat\/es\/david-bondia-modera-una-de-las-sesiones-de-la-jornada-el-reto-de-la-vivienda-en-barcelona-en-clave-metropolitana-organizada-por-ecas\/","name":"David Bondia modera una de las sesiones de la jornada \u2018El reto de la vivienda en Barcelona en clave metropolitana\u2019, organizada por ECAS - Sindicatura de Greuges de Barcelona","isPartOf":{"@id":"https:\/\/www.sindicaturabarcelona.cat\/es\/#website"},"primaryImageOfPage":{"@id":"https:\/\/www.sindicaturabarcelona.cat\/es\/david-bondia-modera-una-de-las-sesiones-de-la-jornada-el-reto-de-la-vivienda-en-barcelona-en-clave-metropolitana-organizada-por-ecas\/#primaryimage"},"image":{"@id":"https:\/\/www.sindicaturabarcelona.cat\/es\/david-bondia-modera-una-de-las-sesiones-de-la-jornada-el-reto-de-la-vivienda-en-barcelona-en-clave-metropolitana-organizada-por-ecas\/#primaryimage"},"thumbnailUrl":"https:\/\/www.sindicaturabarcelona.cat\/wp-content\/uploads\/2022\/07\/MG_2235-scaled.jpg","datePublished":"2022-07-20T15:07:12+00:00","dateModified":"2022-07-21T09:16:49+00:00","description":"El s\u00edndic ha defendido que el derecho a la vivienda tiene que ser reconocido y ejecutable como derecho humano fundamental.","breadcrumb":{"@id":"https:\/\/www.sindicaturabarcelona.cat\/es\/david-bondia-modera-una-de-las-sesiones-de-la-jornada-el-reto-de-la-vivienda-en-barcelona-en-clave-metropolitana-organizada-por-ecas\/#breadcrumb"},"inLanguage":"es","potentialAction":[{"@type":"ReadAction","target":["https:\/\/www.sindicaturabarcelona.cat\/es\/david-bondia-modera-una-de-las-sesiones-de-la-jornada-el-reto-de-la-vivienda-en-barcelona-en-clave-metropolitana-organizada-por-ecas\/"]}]},{"@type":"ImageObject","inLanguage":"es","@id":"https:\/\/www.sindicaturabarcelona.cat\/es\/david-bondia-modera-una-de-las-sesiones-de-la-jornada-el-reto-de-la-vivienda-en-barcelona-en-clave-metropolitana-organizada-por-ecas\/#primaryimage","url":"https:\/\/www.sindicaturabarcelona.cat\/wp-content\/uploads\/2022\/07\/MG_2235-scaled.jpg","contentUrl":"https:\/\/www.sindicaturabarcelona.cat\/wp-content\/uploads\/2022\/07\/MG_2235-scaled.jpg","width":2560,"height":1707},{"@type":"BreadcrumbList","@id":"https:\/\/www.sindicaturabarcelona.cat\/es\/david-bondia-modera-una-de-las-sesiones-de-la-jornada-el-reto-de-la-vivienda-en-barcelona-en-clave-metropolitana-organizada-por-ecas\/#breadcrumb","itemListElement":[{"@type":"ListItem","position":1,"name":"Inici","item":"https:\/\/www.sindicaturabarcelona.cat\/es\/"},{"@type":"ListItem","position":2,"name":"David Bondia modera una de las sesiones de la jornada \u2018El reto de la vivienda en Barcelona en clave metropolitana\u2019, organizada por ECAS"}]},{"@type":"WebSite","@id":"https:\/\/www.sindicaturabarcelona.cat\/es\/#website","url":"https:\/\/www.sindicaturabarcelona.cat\/es\/","name":"Sindicatura de Greuges de Barcelona","description":"La defensoria dels teus drets","publisher":{"@id":"https:\/\/www.sindicaturabarcelona.cat\/es\/#organization"},"potentialAction":[{"@type":"SearchAction","target":{"@type":"EntryPoint","urlTemplate":"https:\/\/www.sindicaturabarcelona.cat\/es\/?s={search_term_string}"},"query-input":{"@type":"PropertyValueSpecification","valueRequired":true,"valueName":"search_term_string"}}],"inLanguage":"es"},{"@type":"Organization","@id":"https:\/\/www.sindicaturabarcelona.cat\/es\/#organization","name":"Sindicatura de Greuges de Barcelona","url":"https:\/\/www.sindicaturabarcelona.cat\/es\/","logo":{"@type":"ImageObject","inLanguage":"es","@id":"https:\/\/www.sindicaturabarcelona.cat\/es\/#\/schema\/logo\/image\/","url":"https:\/\/www.sindicaturabarcelona.cat\/wp-content\/uploads\/2023\/02\/logo_sindicatura.svg","contentUrl":"https:\/\/www.sindicaturabarcelona.cat\/wp-content\/uploads\/2023\/02\/logo_sindicatura.svg","caption":"Sindicatura de Greuges de Barcelona"},"image":{"@id":"https:\/\/www.sindicaturabarcelona.cat\/es\/#\/schema\/logo\/image\/"},"sameAs":["https:\/\/x.com\/sindicbarcelona","https:\/\/www.instagram.com\/sindicbarcelona\/","https:\/\/www.tiktok.com\/@sindicaturabcn","https:\/\/t.me\/sindicaturabarcelona"]},{"@type":"Person","@id":"https:\/\/www.sindicaturabarcelona.cat\/es\/#\/schema\/person\/0e5acffc350ffdbc97578159322c9452","name":"Pablo","image":{"@type":"ImageObject","inLanguage":"es","@id":"https:\/\/secure.gravatar.com\/avatar\/c948169b402ef9492afde705c3dfd5e90e1a6a84ef6840a91124f805a25a480f?s=96&d=mm&r=g","url":"https:\/\/secure.gravatar.com\/avatar\/c948169b402ef9492afde705c3dfd5e90e1a6a84ef6840a91124f805a25a480f?s=96&d=mm&r=g","contentUrl":"https:\/\/secure.gravatar.com\/avatar\/c948169b402ef9492afde705c3dfd5e90e1a6a84ef6840a91124f805a25a480f?s=96&d=mm&r=g","caption":"Pablo"},"url":"https:\/\/www.sindicaturabarcelona.cat\/es\/author\/pablo\/"}]}},"_links":{"self":[{"href":"https:\/\/www.sindicaturabarcelona.cat\/es\/wp-json\/wp\/v2\/posts\/14608","targetHints":{"allow":["GET"]}}],"collection":[{"href":"https:\/\/www.sindicaturabarcelona.cat\/es\/wp-json\/wp\/v2\/posts"}],"about":[{"href":"https:\/\/www.sindicaturabarcelona.cat\/es\/wp-json\/wp\/v2\/types\/post"}],"author":[{"embeddable":true,"href":"https:\/\/www.sindicaturabarcelona.cat\/es\/wp-json\/wp\/v2\/users\/2"}],"replies":[{"embeddable":true,"href":"https:\/\/www.sindicaturabarcelona.cat\/es\/wp-json\/wp\/v2\/comments?post=14608"}],"version-history":[{"count":0,"href":"https:\/\/www.sindicaturabarcelona.cat\/es\/wp-json\/wp\/v2\/posts\/14608\/revisions"}],"wp:featuredmedia":[{"embeddable":true,"href":"https:\/\/www.sindicaturabarcelona.cat\/es\/wp-json\/wp\/v2\/media\/14598"}],"wp:attachment":[{"href":"https:\/\/www.sindicaturabarcelona.cat\/es\/wp-json\/wp\/v2\/media?parent=14608"}],"wp:term":[{"taxonomy":"post_tag","embeddable":true,"href":"https:\/\/www.sindicaturabarcelona.cat\/es\/wp-json\/wp\/v2\/tags?post=14608"},{"taxonomy":"drets","embeddable":true,"href":"https:\/\/www.sindicaturabarcelona.cat\/es\/wp-json\/wp\/v2\/drets?post=14608"}],"curies":[{"name":"wp","href":"https:\/\/api.w.org\/{rel}","templated":true}]}}