{"id":14588,"date":"2022-07-14T10:03:42","date_gmt":"2022-07-14T08:03:42","guid":{"rendered":"https:\/\/www.sindicaturabarcelona.cat\/?p=14588"},"modified":"2022-07-14T10:03:43","modified_gmt":"2022-07-14T08:03:43","slug":"una-delegacion-de-la-sindicatura-se-desplaza-a-sevilla-para-llevar-a-cabo-una-sesion-de-intercambio-tecnico-con-el-defensor-del-pueblo-andaluz","status":"publish","type":"post","link":"https:\/\/www.sindicaturabarcelona.cat\/es\/una-delegacion-de-la-sindicatura-se-desplaza-a-sevilla-para-llevar-a-cabo-una-sesion-de-intercambio-tecnico-con-el-defensor-del-pueblo-andaluz\/","title":{"rendered":"Una delegaci\u00f3n de la Sindicatura se desplaza a Sevilla para llevar a cabo una sesi\u00f3n de intercambio t\u00e9cnico con el Defensor del Pueblo Andaluz"},"content":{"rendered":"\n<p class=\"has-text-align-justify\">Una delegaci\u00f3n de la Sindicatura de Greuges de Barcelona se ha desplazado a Sevilla para llevar a cabo una sesi\u00f3n de intercambio t\u00e9cnico sobre mediaci\u00f3n y asentamientos informales con el Defensor del Pueblo Andaluz. A este encuentro han asistido el s\u00edndic de greuges de Barcelona, David Bondia, la adjunta al s\u00edndic, Eva Garcia Chueca, y Maria Jos\u00e9 Nu\u00f1ez, asesora t\u00e9cnica de la Sindicatura.<\/p>\n\n\n\n<p class=\"has-text-align-justify\">La jornada ha iniciado con la responsable del \u00e1rea de mediaci\u00f3n, Marina Otero, y una asesora de su equipo, Maria Jos\u00e9 Ruiz, explicando la estructuraci\u00f3n del departamento; qu\u00e9 tipo de mediaci\u00f3n hacen; c\u00f3mo es el registro de un expediente de mediaci\u00f3n, y casos reales de intervenci\u00f3n. Desde su implantaci\u00f3n en 2015, con 57 mediaciones anuales, el servicio de mediaci\u00f3n del <a href=\"https:\/\/defensordelpuebloandaluz.es\/\" target=\"_blank\" aria-label=\"Defensor del Pueblo Andaluz (opens in a new tab)\" rel=\"noreferrer noopener\" class=\"ek-link\">Defensor del Pueblo Andaluz<\/a> ha crecido hasta las 350 mediaciones con las que cerr\u00f3 el 2021.<\/p>\n\n\n\n<p class=\"has-text-align-justify\">En esta l\u00ednea, la Sindicatura de Greuges de Barcelona est\u00e1 explorando de qu\u00e9 manera puede incorporar la mediaci\u00f3n y la resoluci\u00f3n pac\u00edfica de conflictos a su tarea de defensa y garant\u00eda de los derechos humanos de proximidad.<\/p>\n\n\n\n<p class=\"has-text-align-justify\">Posteriormente, el \u00e1mbito de trabajo se ha centrado en la situaci\u00f3n de las personas que residen en asentamientos informales. La Sindicatura se ha reunido con la persona responsable del \u00e1rea de extranjer\u00eda, seguridad ciudadana, prisiones y administraci\u00f3n de justicia, Ana Vinuesa, y la responsable del \u00e1rea de vivienda, urbanismo, transportes e igualdad de g\u00e9nero, Amparo Arguisjuela, para conocer cu\u00e1les son las pr\u00e1cticas habituales y las principales recomendaciones que emiten. <\/p>\n\n\n\n<p class=\"has-text-align-justify\">Esta segunda sesi\u00f3n ha finalizado con la incorporaci\u00f3n de la persona responsable del \u00e1rea de infancia, educaci\u00f3n, cultura y deporte, Mayte Salces, a quien hemos trasladado las conclusiones m\u00e1s destacadas del <a href=\"https:\/\/www.sindicaturabarcelona.cat\/wp-content\/uploads\/2022\/05\/Informe-JMSRF.pdf\" target=\"_blank\" aria-label=\" (opens in a new tab)\" rel=\"noreferrer noopener\" class=\"ek-link\">informe de la Sindicatura de Greuges de Barcelona, <em>J\u00f3venes migrantes sin referentes familiares en la ciudad de Barcelona<\/em><\/a>.<\/p>\n","protected":false},"excerpt":{"rendered":"<p>Una delegaci\u00f3n de la Sindicatura de Greuges de Barcelona se ha desplazado a Sevilla para llevar a cabo una sesi\u00f3n de intercambio t\u00e9cnico sobre mediaci\u00f3n y asentamientos informales con el [&hellip;]<\/p>\n","protected":false},"author":2,"featured_media":14587,"comment_status":"closed","ping_status":"open","sticky":false,"template":"","format":"standard","meta":{"_acf_changed":false,"footnotes":""},"tags":[],"drets":[],"class_list":["post-14588","post","type-post","status-publish","format-standard","has-post-thumbnail","hentry"],"acf":[],"yoast_head":"<!-- This site is optimized with the Yoast SEO plugin v27.5 - https:\/\/yoast.com\/product\/yoast-seo-wordpress\/ -->\n<title>Una delegaci\u00f3n de la Sindicatura se desplaza a Sevilla para llevar a cabo una sesi\u00f3n de intercambio t\u00e9cnico con el Defensor del Pueblo Andaluz - Sindicatura de Greuges de Barcelona<\/title>\n<meta name=\"description\" content=\"La defensor\u00eda barcelonesa est\u00e1 explorando de qu\u00e9 manera puede incorporar la mediaci\u00f3n y la resoluci\u00f3n pac\u00edfica de conflictos a su tarea de defensa...\" \/>\n<meta name=\"robots\" content=\"index, follow, max-snippet:-1, max-image-preview:large, max-video-preview:-1\" \/>\n<link rel=\"canonical\" href=\"https:\/\/www.sindicaturabarcelona.cat\/es\/una-delegacion-de-la-sindicatura-se-desplaza-a-sevilla-para-llevar-a-cabo-una-sesion-de-intercambio-tecnico-con-el-defensor-del-pueblo-andaluz\/\" \/>\n<meta property=\"og:locale\" content=\"es_ES\" \/>\n<meta property=\"og:type\" content=\"article\" \/>\n<meta property=\"og:title\" content=\"Una delegaci\u00f3n de la Sindicatura se desplaza a Sevilla para llevar a cabo una sesi\u00f3n de intercambio t\u00e9cnico con el Defensor del Pueblo Andaluz - Sindicatura de Greuges de Barcelona\" \/>\n<meta property=\"og:description\" content=\"La defensor\u00eda barcelonesa est\u00e1 explorando de qu\u00e9 manera puede incorporar la mediaci\u00f3n y la resoluci\u00f3n pac\u00edfica de conflictos a su tarea de defensa...\" \/>\n<meta property=\"og:url\" content=\"https:\/\/www.sindicaturabarcelona.cat\/es\/una-delegacion-de-la-sindicatura-se-desplaza-a-sevilla-para-llevar-a-cabo-una-sesion-de-intercambio-tecnico-con-el-defensor-del-pueblo-andaluz\/\" \/>\n<meta property=\"og:site_name\" content=\"Sindicatura de Greuges de Barcelona\" \/>\n<meta property=\"article:published_time\" content=\"2022-07-14T08:03:42+00:00\" \/>\n<meta property=\"article:modified_time\" content=\"2022-07-14T08:03:43+00:00\" \/>\n<meta property=\"og:image\" content=\"https:\/\/www.sindicaturabarcelona.cat\/wp-content\/uploads\/2022\/07\/WhatsApp-Image-2022-07-12-at-15.22.05-2.jpeg\" \/>\n\t<meta property=\"og:image:width\" content=\"768\" \/>\n\t<meta property=\"og:image:height\" content=\"1024\" \/>\n\t<meta property=\"og:image:type\" content=\"image\/jpeg\" \/>\n<meta name=\"author\" content=\"Pablo\" \/>\n<meta name=\"twitter:card\" content=\"summary_large_image\" \/>\n<meta name=\"twitter:creator\" content=\"@sindicbarcelona\" \/>\n<meta name=\"twitter:site\" content=\"@sindicbarcelona\" \/>\n<meta name=\"twitter:label1\" content=\"Escrito por\" \/>\n\t<meta name=\"twitter:data1\" content=\"Pablo\" \/>\n\t<meta name=\"twitter:label2\" content=\"Tiempo de lectura\" \/>\n\t<meta name=\"twitter:data2\" content=\"2 minutos\" \/>\n<script type=\"application\/ld+json\" class=\"yoast-schema-graph\">{\"@context\":\"https:\\\/\\\/schema.org\",\"@graph\":[{\"@type\":\"Article\",\"@id\":\"https:\\\/\\\/www.sindicaturabarcelona.cat\\\/es\\\/una-delegacion-de-la-sindicatura-se-desplaza-a-sevilla-para-llevar-a-cabo-una-sesion-de-intercambio-tecnico-con-el-defensor-del-pueblo-andaluz\\\/#article\",\"isPartOf\":{\"@id\":\"https:\\\/\\\/www.sindicaturabarcelona.cat\\\/es\\\/una-delegacion-de-la-sindicatura-se-desplaza-a-sevilla-para-llevar-a-cabo-una-sesion-de-intercambio-tecnico-con-el-defensor-del-pueblo-andaluz\\\/\"},\"author\":{\"name\":\"Pablo\",\"@id\":\"https:\\\/\\\/www.sindicaturabarcelona.cat\\\/es\\\/#\\\/schema\\\/person\\\/0e5acffc350ffdbc97578159322c9452\"},\"headline\":\"Una delegaci\u00f3n de la Sindicatura se desplaza a Sevilla para llevar a cabo una sesi\u00f3n de intercambio t\u00e9cnico con el Defensor del Pueblo Andaluz\",\"datePublished\":\"2022-07-14T08:03:42+00:00\",\"dateModified\":\"2022-07-14T08:03:43+00:00\",\"mainEntityOfPage\":{\"@id\":\"https:\\\/\\\/www.sindicaturabarcelona.cat\\\/es\\\/una-delegacion-de-la-sindicatura-se-desplaza-a-sevilla-para-llevar-a-cabo-una-sesion-de-intercambio-tecnico-con-el-defensor-del-pueblo-andaluz\\\/\"},\"wordCount\":349,\"publisher\":{\"@id\":\"https:\\\/\\\/www.sindicaturabarcelona.cat\\\/es\\\/#organization\"},\"image\":{\"@id\":\"https:\\\/\\\/www.sindicaturabarcelona.cat\\\/es\\\/una-delegacion-de-la-sindicatura-se-desplaza-a-sevilla-para-llevar-a-cabo-una-sesion-de-intercambio-tecnico-con-el-defensor-del-pueblo-andaluz\\\/#primaryimage\"},\"thumbnailUrl\":\"https:\\\/\\\/www.sindicaturabarcelona.cat\\\/wp-content\\\/uploads\\\/2022\\\/07\\\/WhatsApp-Image-2022-07-12-at-15.22.05-2.jpeg\",\"inLanguage\":\"es\"},{\"@type\":\"WebPage\",\"@id\":\"https:\\\/\\\/www.sindicaturabarcelona.cat\\\/es\\\/una-delegacion-de-la-sindicatura-se-desplaza-a-sevilla-para-llevar-a-cabo-una-sesion-de-intercambio-tecnico-con-el-defensor-del-pueblo-andaluz\\\/\",\"url\":\"https:\\\/\\\/www.sindicaturabarcelona.cat\\\/es\\\/una-delegacion-de-la-sindicatura-se-desplaza-a-sevilla-para-llevar-a-cabo-una-sesion-de-intercambio-tecnico-con-el-defensor-del-pueblo-andaluz\\\/\",\"name\":\"Una delegaci\u00f3n de la Sindicatura se desplaza a Sevilla para llevar a cabo una sesi\u00f3n de intercambio t\u00e9cnico con el Defensor del Pueblo Andaluz - Sindicatura de Greuges de Barcelona\",\"isPartOf\":{\"@id\":\"https:\\\/\\\/www.sindicaturabarcelona.cat\\\/es\\\/#website\"},\"primaryImageOfPage\":{\"@id\":\"https:\\\/\\\/www.sindicaturabarcelona.cat\\\/es\\\/una-delegacion-de-la-sindicatura-se-desplaza-a-sevilla-para-llevar-a-cabo-una-sesion-de-intercambio-tecnico-con-el-defensor-del-pueblo-andaluz\\\/#primaryimage\"},\"image\":{\"@id\":\"https:\\\/\\\/www.sindicaturabarcelona.cat\\\/es\\\/una-delegacion-de-la-sindicatura-se-desplaza-a-sevilla-para-llevar-a-cabo-una-sesion-de-intercambio-tecnico-con-el-defensor-del-pueblo-andaluz\\\/#primaryimage\"},\"thumbnailUrl\":\"https:\\\/\\\/www.sindicaturabarcelona.cat\\\/wp-content\\\/uploads\\\/2022\\\/07\\\/WhatsApp-Image-2022-07-12-at-15.22.05-2.jpeg\",\"datePublished\":\"2022-07-14T08:03:42+00:00\",\"dateModified\":\"2022-07-14T08:03:43+00:00\",\"description\":\"La defensor\u00eda barcelonesa est\u00e1 explorando de qu\u00e9 manera puede incorporar la mediaci\u00f3n y la resoluci\u00f3n pac\u00edfica de conflictos a su tarea de defensa...\",\"breadcrumb\":{\"@id\":\"https:\\\/\\\/www.sindicaturabarcelona.cat\\\/es\\\/una-delegacion-de-la-sindicatura-se-desplaza-a-sevilla-para-llevar-a-cabo-una-sesion-de-intercambio-tecnico-con-el-defensor-del-pueblo-andaluz\\\/#breadcrumb\"},\"inLanguage\":\"es\",\"potentialAction\":[{\"@type\":\"ReadAction\",\"target\":[\"https:\\\/\\\/www.sindicaturabarcelona.cat\\\/es\\\/una-delegacion-de-la-sindicatura-se-desplaza-a-sevilla-para-llevar-a-cabo-una-sesion-de-intercambio-tecnico-con-el-defensor-del-pueblo-andaluz\\\/\"]}]},{\"@type\":\"ImageObject\",\"inLanguage\":\"es\",\"@id\":\"https:\\\/\\\/www.sindicaturabarcelona.cat\\\/es\\\/una-delegacion-de-la-sindicatura-se-desplaza-a-sevilla-para-llevar-a-cabo-una-sesion-de-intercambio-tecnico-con-el-defensor-del-pueblo-andaluz\\\/#primaryimage\",\"url\":\"https:\\\/\\\/www.sindicaturabarcelona.cat\\\/wp-content\\\/uploads\\\/2022\\\/07\\\/WhatsApp-Image-2022-07-12-at-15.22.05-2.jpeg\",\"contentUrl\":\"https:\\\/\\\/www.sindicaturabarcelona.cat\\\/wp-content\\\/uploads\\\/2022\\\/07\\\/WhatsApp-Image-2022-07-12-at-15.22.05-2.jpeg\",\"width\":768,\"height\":1024},{\"@type\":\"BreadcrumbList\",\"@id\":\"https:\\\/\\\/www.sindicaturabarcelona.cat\\\/es\\\/una-delegacion-de-la-sindicatura-se-desplaza-a-sevilla-para-llevar-a-cabo-una-sesion-de-intercambio-tecnico-con-el-defensor-del-pueblo-andaluz\\\/#breadcrumb\",\"itemListElement\":[{\"@type\":\"ListItem\",\"position\":1,\"name\":\"Inici\",\"item\":\"https:\\\/\\\/www.sindicaturabarcelona.cat\\\/es\\\/\"},{\"@type\":\"ListItem\",\"position\":2,\"name\":\"Una delegaci\u00f3n de la Sindicatura se desplaza a Sevilla para llevar a cabo una sesi\u00f3n de intercambio t\u00e9cnico con el Defensor del Pueblo Andaluz\"}]},{\"@type\":\"WebSite\",\"@id\":\"https:\\\/\\\/www.sindicaturabarcelona.cat\\\/es\\\/#website\",\"url\":\"https:\\\/\\\/www.sindicaturabarcelona.cat\\\/es\\\/\",\"name\":\"Sindicatura de Greuges de Barcelona\",\"description\":\"La defensoria dels teus drets\",\"publisher\":{\"@id\":\"https:\\\/\\\/www.sindicaturabarcelona.cat\\\/es\\\/#organization\"},\"potentialAction\":[{\"@type\":\"SearchAction\",\"target\":{\"@type\":\"EntryPoint\",\"urlTemplate\":\"https:\\\/\\\/www.sindicaturabarcelona.cat\\\/es\\\/?s={search_term_string}\"},\"query-input\":{\"@type\":\"PropertyValueSpecification\",\"valueRequired\":true,\"valueName\":\"search_term_string\"}}],\"inLanguage\":\"es\"},{\"@type\":\"Organization\",\"@id\":\"https:\\\/\\\/www.sindicaturabarcelona.cat\\\/es\\\/#organization\",\"name\":\"Sindicatura de Greuges de Barcelona\",\"url\":\"https:\\\/\\\/www.sindicaturabarcelona.cat\\\/es\\\/\",\"logo\":{\"@type\":\"ImageObject\",\"inLanguage\":\"es\",\"@id\":\"https:\\\/\\\/www.sindicaturabarcelona.cat\\\/es\\\/#\\\/schema\\\/logo\\\/image\\\/\",\"url\":\"https:\\\/\\\/www.sindicaturabarcelona.cat\\\/wp-content\\\/uploads\\\/2023\\\/02\\\/logo_sindicatura.svg\",\"contentUrl\":\"https:\\\/\\\/www.sindicaturabarcelona.cat\\\/wp-content\\\/uploads\\\/2023\\\/02\\\/logo_sindicatura.svg\",\"caption\":\"Sindicatura de Greuges de Barcelona\"},\"image\":{\"@id\":\"https:\\\/\\\/www.sindicaturabarcelona.cat\\\/es\\\/#\\\/schema\\\/logo\\\/image\\\/\"},\"sameAs\":[\"https:\\\/\\\/x.com\\\/sindicbarcelona\",\"https:\\\/\\\/www.instagram.com\\\/sindicbarcelona\\\/\",\"https:\\\/\\\/www.tiktok.com\\\/@sindicaturabcn\",\"https:\\\/\\\/t.me\\\/sindicaturabarcelona\"]},{\"@type\":\"Person\",\"@id\":\"https:\\\/\\\/www.sindicaturabarcelona.cat\\\/es\\\/#\\\/schema\\\/person\\\/0e5acffc350ffdbc97578159322c9452\",\"name\":\"Pablo\",\"image\":{\"@type\":\"ImageObject\",\"inLanguage\":\"es\",\"@id\":\"https:\\\/\\\/secure.gravatar.com\\\/avatar\\\/c948169b402ef9492afde705c3dfd5e90e1a6a84ef6840a91124f805a25a480f?s=96&d=mm&r=g\",\"url\":\"https:\\\/\\\/secure.gravatar.com\\\/avatar\\\/c948169b402ef9492afde705c3dfd5e90e1a6a84ef6840a91124f805a25a480f?s=96&d=mm&r=g\",\"contentUrl\":\"https:\\\/\\\/secure.gravatar.com\\\/avatar\\\/c948169b402ef9492afde705c3dfd5e90e1a6a84ef6840a91124f805a25a480f?s=96&d=mm&r=g\",\"caption\":\"Pablo\"},\"url\":\"https:\\\/\\\/www.sindicaturabarcelona.cat\\\/es\\\/author\\\/pablo\\\/\"}]}<\/script>\n<!-- \/ Yoast SEO plugin. -->","yoast_head_json":{"title":"Una delegaci\u00f3n de la Sindicatura se desplaza a Sevilla para llevar a cabo una sesi\u00f3n de intercambio t\u00e9cnico con el Defensor del Pueblo Andaluz - Sindicatura de Greuges de Barcelona","description":"La defensor\u00eda barcelonesa est\u00e1 explorando de qu\u00e9 manera puede incorporar la mediaci\u00f3n y la resoluci\u00f3n pac\u00edfica de conflictos a su tarea de defensa...","robots":{"index":"index","follow":"follow","max-snippet":"max-snippet:-1","max-image-preview":"max-image-preview:large","max-video-preview":"max-video-preview:-1"},"canonical":"https:\/\/www.sindicaturabarcelona.cat\/es\/una-delegacion-de-la-sindicatura-se-desplaza-a-sevilla-para-llevar-a-cabo-una-sesion-de-intercambio-tecnico-con-el-defensor-del-pueblo-andaluz\/","og_locale":"es_ES","og_type":"article","og_title":"Una delegaci\u00f3n de la Sindicatura se desplaza a Sevilla para llevar a cabo una sesi\u00f3n de intercambio t\u00e9cnico con el Defensor del Pueblo Andaluz - Sindicatura de Greuges de Barcelona","og_description":"La defensor\u00eda barcelonesa est\u00e1 explorando de qu\u00e9 manera puede incorporar la mediaci\u00f3n y la resoluci\u00f3n pac\u00edfica de conflictos a su tarea de defensa...","og_url":"https:\/\/www.sindicaturabarcelona.cat\/es\/una-delegacion-de-la-sindicatura-se-desplaza-a-sevilla-para-llevar-a-cabo-una-sesion-de-intercambio-tecnico-con-el-defensor-del-pueblo-andaluz\/","og_site_name":"Sindicatura de Greuges de Barcelona","article_published_time":"2022-07-14T08:03:42+00:00","article_modified_time":"2022-07-14T08:03:43+00:00","og_image":[{"width":768,"height":1024,"url":"https:\/\/www.sindicaturabarcelona.cat\/wp-content\/uploads\/2022\/07\/WhatsApp-Image-2022-07-12-at-15.22.05-2.jpeg","type":"image\/jpeg"}],"author":"Pablo","twitter_card":"summary_large_image","twitter_creator":"@sindicbarcelona","twitter_site":"@sindicbarcelona","twitter_misc":{"Escrito por":"Pablo","Tiempo de lectura":"2 minutos"},"schema":{"@context":"https:\/\/schema.org","@graph":[{"@type":"Article","@id":"https:\/\/www.sindicaturabarcelona.cat\/es\/una-delegacion-de-la-sindicatura-se-desplaza-a-sevilla-para-llevar-a-cabo-una-sesion-de-intercambio-tecnico-con-el-defensor-del-pueblo-andaluz\/#article","isPartOf":{"@id":"https:\/\/www.sindicaturabarcelona.cat\/es\/una-delegacion-de-la-sindicatura-se-desplaza-a-sevilla-para-llevar-a-cabo-una-sesion-de-intercambio-tecnico-con-el-defensor-del-pueblo-andaluz\/"},"author":{"name":"Pablo","@id":"https:\/\/www.sindicaturabarcelona.cat\/es\/#\/schema\/person\/0e5acffc350ffdbc97578159322c9452"},"headline":"Una delegaci\u00f3n de la Sindicatura se desplaza a Sevilla para llevar a cabo una sesi\u00f3n de intercambio t\u00e9cnico con el Defensor del Pueblo Andaluz","datePublished":"2022-07-14T08:03:42+00:00","dateModified":"2022-07-14T08:03:43+00:00","mainEntityOfPage":{"@id":"https:\/\/www.sindicaturabarcelona.cat\/es\/una-delegacion-de-la-sindicatura-se-desplaza-a-sevilla-para-llevar-a-cabo-una-sesion-de-intercambio-tecnico-con-el-defensor-del-pueblo-andaluz\/"},"wordCount":349,"publisher":{"@id":"https:\/\/www.sindicaturabarcelona.cat\/es\/#organization"},"image":{"@id":"https:\/\/www.sindicaturabarcelona.cat\/es\/una-delegacion-de-la-sindicatura-se-desplaza-a-sevilla-para-llevar-a-cabo-una-sesion-de-intercambio-tecnico-con-el-defensor-del-pueblo-andaluz\/#primaryimage"},"thumbnailUrl":"https:\/\/www.sindicaturabarcelona.cat\/wp-content\/uploads\/2022\/07\/WhatsApp-Image-2022-07-12-at-15.22.05-2.jpeg","inLanguage":"es"},{"@type":"WebPage","@id":"https:\/\/www.sindicaturabarcelona.cat\/es\/una-delegacion-de-la-sindicatura-se-desplaza-a-sevilla-para-llevar-a-cabo-una-sesion-de-intercambio-tecnico-con-el-defensor-del-pueblo-andaluz\/","url":"https:\/\/www.sindicaturabarcelona.cat\/es\/una-delegacion-de-la-sindicatura-se-desplaza-a-sevilla-para-llevar-a-cabo-una-sesion-de-intercambio-tecnico-con-el-defensor-del-pueblo-andaluz\/","name":"Una delegaci\u00f3n de la Sindicatura se desplaza a Sevilla para llevar a cabo una sesi\u00f3n de intercambio t\u00e9cnico con el Defensor del Pueblo Andaluz - Sindicatura de Greuges de Barcelona","isPartOf":{"@id":"https:\/\/www.sindicaturabarcelona.cat\/es\/#website"},"primaryImageOfPage":{"@id":"https:\/\/www.sindicaturabarcelona.cat\/es\/una-delegacion-de-la-sindicatura-se-desplaza-a-sevilla-para-llevar-a-cabo-una-sesion-de-intercambio-tecnico-con-el-defensor-del-pueblo-andaluz\/#primaryimage"},"image":{"@id":"https:\/\/www.sindicaturabarcelona.cat\/es\/una-delegacion-de-la-sindicatura-se-desplaza-a-sevilla-para-llevar-a-cabo-una-sesion-de-intercambio-tecnico-con-el-defensor-del-pueblo-andaluz\/#primaryimage"},"thumbnailUrl":"https:\/\/www.sindicaturabarcelona.cat\/wp-content\/uploads\/2022\/07\/WhatsApp-Image-2022-07-12-at-15.22.05-2.jpeg","datePublished":"2022-07-14T08:03:42+00:00","dateModified":"2022-07-14T08:03:43+00:00","description":"La defensor\u00eda barcelonesa est\u00e1 explorando de qu\u00e9 manera puede incorporar la mediaci\u00f3n y la resoluci\u00f3n pac\u00edfica de conflictos a su tarea de defensa...","breadcrumb":{"@id":"https:\/\/www.sindicaturabarcelona.cat\/es\/una-delegacion-de-la-sindicatura-se-desplaza-a-sevilla-para-llevar-a-cabo-una-sesion-de-intercambio-tecnico-con-el-defensor-del-pueblo-andaluz\/#breadcrumb"},"inLanguage":"es","potentialAction":[{"@type":"ReadAction","target":["https:\/\/www.sindicaturabarcelona.cat\/es\/una-delegacion-de-la-sindicatura-se-desplaza-a-sevilla-para-llevar-a-cabo-una-sesion-de-intercambio-tecnico-con-el-defensor-del-pueblo-andaluz\/"]}]},{"@type":"ImageObject","inLanguage":"es","@id":"https:\/\/www.sindicaturabarcelona.cat\/es\/una-delegacion-de-la-sindicatura-se-desplaza-a-sevilla-para-llevar-a-cabo-una-sesion-de-intercambio-tecnico-con-el-defensor-del-pueblo-andaluz\/#primaryimage","url":"https:\/\/www.sindicaturabarcelona.cat\/wp-content\/uploads\/2022\/07\/WhatsApp-Image-2022-07-12-at-15.22.05-2.jpeg","contentUrl":"https:\/\/www.sindicaturabarcelona.cat\/wp-content\/uploads\/2022\/07\/WhatsApp-Image-2022-07-12-at-15.22.05-2.jpeg","width":768,"height":1024},{"@type":"BreadcrumbList","@id":"https:\/\/www.sindicaturabarcelona.cat\/es\/una-delegacion-de-la-sindicatura-se-desplaza-a-sevilla-para-llevar-a-cabo-una-sesion-de-intercambio-tecnico-con-el-defensor-del-pueblo-andaluz\/#breadcrumb","itemListElement":[{"@type":"ListItem","position":1,"name":"Inici","item":"https:\/\/www.sindicaturabarcelona.cat\/es\/"},{"@type":"ListItem","position":2,"name":"Una delegaci\u00f3n de la Sindicatura se desplaza a Sevilla para llevar a cabo una sesi\u00f3n de intercambio t\u00e9cnico con el Defensor del Pueblo Andaluz"}]},{"@type":"WebSite","@id":"https:\/\/www.sindicaturabarcelona.cat\/es\/#website","url":"https:\/\/www.sindicaturabarcelona.cat\/es\/","name":"Sindicatura de Greuges de Barcelona","description":"La defensoria dels teus drets","publisher":{"@id":"https:\/\/www.sindicaturabarcelona.cat\/es\/#organization"},"potentialAction":[{"@type":"SearchAction","target":{"@type":"EntryPoint","urlTemplate":"https:\/\/www.sindicaturabarcelona.cat\/es\/?s={search_term_string}"},"query-input":{"@type":"PropertyValueSpecification","valueRequired":true,"valueName":"search_term_string"}}],"inLanguage":"es"},{"@type":"Organization","@id":"https:\/\/www.sindicaturabarcelona.cat\/es\/#organization","name":"Sindicatura de Greuges de Barcelona","url":"https:\/\/www.sindicaturabarcelona.cat\/es\/","logo":{"@type":"ImageObject","inLanguage":"es","@id":"https:\/\/www.sindicaturabarcelona.cat\/es\/#\/schema\/logo\/image\/","url":"https:\/\/www.sindicaturabarcelona.cat\/wp-content\/uploads\/2023\/02\/logo_sindicatura.svg","contentUrl":"https:\/\/www.sindicaturabarcelona.cat\/wp-content\/uploads\/2023\/02\/logo_sindicatura.svg","caption":"Sindicatura de Greuges de Barcelona"},"image":{"@id":"https:\/\/www.sindicaturabarcelona.cat\/es\/#\/schema\/logo\/image\/"},"sameAs":["https:\/\/x.com\/sindicbarcelona","https:\/\/www.instagram.com\/sindicbarcelona\/","https:\/\/www.tiktok.com\/@sindicaturabcn","https:\/\/t.me\/sindicaturabarcelona"]},{"@type":"Person","@id":"https:\/\/www.sindicaturabarcelona.cat\/es\/#\/schema\/person\/0e5acffc350ffdbc97578159322c9452","name":"Pablo","image":{"@type":"ImageObject","inLanguage":"es","@id":"https:\/\/secure.gravatar.com\/avatar\/c948169b402ef9492afde705c3dfd5e90e1a6a84ef6840a91124f805a25a480f?s=96&d=mm&r=g","url":"https:\/\/secure.gravatar.com\/avatar\/c948169b402ef9492afde705c3dfd5e90e1a6a84ef6840a91124f805a25a480f?s=96&d=mm&r=g","contentUrl":"https:\/\/secure.gravatar.com\/avatar\/c948169b402ef9492afde705c3dfd5e90e1a6a84ef6840a91124f805a25a480f?s=96&d=mm&r=g","caption":"Pablo"},"url":"https:\/\/www.sindicaturabarcelona.cat\/es\/author\/pablo\/"}]}},"_links":{"self":[{"href":"https:\/\/www.sindicaturabarcelona.cat\/es\/wp-json\/wp\/v2\/posts\/14588","targetHints":{"allow":["GET"]}}],"collection":[{"href":"https:\/\/www.sindicaturabarcelona.cat\/es\/wp-json\/wp\/v2\/posts"}],"about":[{"href":"https:\/\/www.sindicaturabarcelona.cat\/es\/wp-json\/wp\/v2\/types\/post"}],"author":[{"embeddable":true,"href":"https:\/\/www.sindicaturabarcelona.cat\/es\/wp-json\/wp\/v2\/users\/2"}],"replies":[{"embeddable":true,"href":"https:\/\/www.sindicaturabarcelona.cat\/es\/wp-json\/wp\/v2\/comments?post=14588"}],"version-history":[{"count":0,"href":"https:\/\/www.sindicaturabarcelona.cat\/es\/wp-json\/wp\/v2\/posts\/14588\/revisions"}],"wp:featuredmedia":[{"embeddable":true,"href":"https:\/\/www.sindicaturabarcelona.cat\/es\/wp-json\/wp\/v2\/media\/14587"}],"wp:attachment":[{"href":"https:\/\/www.sindicaturabarcelona.cat\/es\/wp-json\/wp\/v2\/media?parent=14588"}],"wp:term":[{"taxonomy":"post_tag","embeddable":true,"href":"https:\/\/www.sindicaturabarcelona.cat\/es\/wp-json\/wp\/v2\/tags?post=14588"},{"taxonomy":"drets","embeddable":true,"href":"https:\/\/www.sindicaturabarcelona.cat\/es\/wp-json\/wp\/v2\/drets?post=14588"}],"curies":[{"name":"wp","href":"https:\/\/api.w.org\/{rel}","templated":true}]}}