{"id":14471,"date":"2022-06-29T16:35:23","date_gmt":"2022-06-29T14:35:23","guid":{"rendered":"https:\/\/www.sindicaturabarcelona.cat\/?p=14471"},"modified":"2022-06-30T08:58:27","modified_gmt":"2022-06-30T06:58:27","slug":"la-sindicatura-de-greuges-de-barcelona-abre-una-actuacion-de-oficio-para-conocer-el-uso-del-palauet-albeniz-y-los-gastos-a-cargo-del-presupuesto-municipal","status":"publish","type":"post","link":"https:\/\/www.sindicaturabarcelona.cat\/es\/la-sindicatura-de-greuges-de-barcelona-abre-una-actuacion-de-oficio-para-conocer-el-uso-del-palauet-albeniz-y-los-gastos-a-cargo-del-presupuesto-municipal\/","title":{"rendered":"La Sindicatura de Greuges de Barcelona abre una actuaci\u00f3n de oficio para conocer el uso del Palauet Alb\u00e9niz y los gastos a cargo del presupuesto municipal"},"content":{"rendered":"\n<p class=\"has-text-align-justify\">La <a href=\"https:\/\/www.sindicaturabarcelona.cat\/es\/\" target=\"_blank\" aria-label=\"Sindicatura de Greuges de Barcelona (opens in a new tab)\" rel=\"noreferrer noopener\" class=\"ek-link\">Sindicatura de Greuges de Barcelona<\/a> ha iniciado una <strong>actuaci\u00f3n de oficio<\/strong> despu\u00e9s de tener conocimiento de que las <strong>estancias de la Casa Real espa\u00f1ola en el Palauet Alb\u00e9niz han supuesto un gasto para las arcas municipales<\/strong> durante los \u00faltimos a\u00f1os.<\/p>\n\n\n\n<p class=\"has-text-align-justify\">Sin embargo, <strong>las cuentas del consistorio no reflejan una partida concreta que permita constatar los gastos ocasionados durante estas estancias<\/strong> ni los generados por el mantenimiento del recinto. Por otro lado, la Sindicatura es conocedora de la existencia de un <strong>convenio de cesi\u00f3n de uso del Palauet a favor del jefe de estado y su familia, subscrito entre el Ayuntamiento y Patrimonio Nacional, al cual no ha podido tener acceso a trav\u00e9s del portal de transparencia.<\/strong><\/p>\n\n\n\n<p><strong><span style=\"text-decoration: underline;\" class=\"ek-underline\">El Palauet Alb\u00e9niz<\/span><\/strong><\/p>\n\n\n\n<p class=\"has-text-align-justify\">El Pabell\u00f3n Real de Montjuic, conocido como Palauet Alb\u00e9niz, es un <strong>edificio ubicado en la ciudad y catalogado como propiedad del <a href=\"https:\/\/www.barcelona.cat\/es\/\" target=\"_blank\" aria-label=\"Ayuntamiento de Barcelona (opens in a new tab)\" rel=\"noreferrer noopener\" class=\"ek-link\">Ayuntamiento de Barcelona<\/a><\/strong>. Figura en la relaci\u00f3n del inventario de bienes inmuebles municipales, de fecha 31 de diciembre de 2020 (n\u00famero de bien 20045) y publicado en el portal de transparencia. El Palauet se utiliza de manera ocasional para actos p\u00fablicos de car\u00e1cter institucional y como residencia del rey de Espa\u00f1a en sus visitas oficiales en la ciudad.<\/p>\n\n\n\n<p><strong><span style=\"text-decoration: underline;\" class=\"ek-underline\">La Sindicatura se dirige al Ayuntamiento<\/span><\/strong><\/p>\n\n\n\n<p class=\"has-text-align-justify\">En el marco de esta actuaci\u00f3n de oficio, <strong>la Sindicatura se ha dirigido al Ayuntamiento de Barcelona para conocer el uso y actividades que se han llevado a cabo en el Palauet Alb\u00e9niz, y los gastos a cargo del presupuesto municipal<\/strong> ocasionados por este uso. <\/p>\n\n\n\n<p class=\"has-text-align-justify\">Concretamente, la defensor\u00eda de la ciudadan\u00eda barcelonesa tiene los objetivos de: conocer el contenido del convenio de cesi\u00f3n de uso del Palauet Alb\u00e9niz a la Casa Real; constatar el n\u00famero de estancias desde el a\u00f1o 2017 y los gastos municipales ocasionados en las visitas de la Casa Real a Barcelona (tanto en el Palauet como en cualquier inmueble municipal); saber cu\u00e1les han sido los gastos de mantenimiento del Palauet; comprobar las ocasiones en las que el inmueble se ha destinado a usos ciudadanos y municipales, as\u00ed como los gastos asociados a cargo del presupuesto; identificar el n\u00famero de peticiones de uso del Palauet por parte de entidades ciudadanas y cu\u00e1l ha sido la respuesta del Ayuntamiento, y por \u00faltimo, conocer cu\u00e1les son las previsiones del consistorio para abrir este espacio a la ciudadan\u00eda.<\/p>\n","protected":false},"excerpt":{"rendered":"<p>La Sindicatura de Greuges de Barcelona ha iniciado una actuaci\u00f3n de oficio despu\u00e9s de tener conocimiento de que las estancias de la Casa Real espa\u00f1ola en el Palauet Alb\u00e9niz han [&hellip;]<\/p>\n","protected":false},"author":2,"featured_media":14469,"comment_status":"closed","ping_status":"open","sticky":false,"template":"","format":"standard","meta":{"_acf_changed":false,"footnotes":""},"tags":[],"drets":[],"class_list":["post-14471","post","type-post","status-publish","format-standard","has-post-thumbnail","hentry"],"acf":[],"yoast_head":"<!-- This site is optimized with the Yoast SEO plugin v27.5 - https:\/\/yoast.com\/product\/yoast-seo-wordpress\/ -->\n<title>La Sindicatura de Greuges de Barcelona abre una actuaci\u00f3n de oficio para conocer el uso del Palauet Alb\u00e9niz y los gastos a cargo del presupuesto municipal - Sindicatura de Greuges de Barcelona<\/title>\n<meta name=\"description\" content=\"La defensor\u00eda ha tenido conocimiento que las estancias de la Casa Real en el Palauet Alb\u00e9niz han supuesto un gasto para las arcas municipales...\" \/>\n<meta name=\"robots\" content=\"index, follow, max-snippet:-1, max-image-preview:large, max-video-preview:-1\" \/>\n<link rel=\"canonical\" href=\"https:\/\/www.sindicaturabarcelona.cat\/es\/la-sindicatura-de-greuges-de-barcelona-abre-una-actuacion-de-oficio-para-conocer-el-uso-del-palauet-albeniz-y-los-gastos-a-cargo-del-presupuesto-municipal\/\" \/>\n<meta property=\"og:locale\" content=\"es_ES\" \/>\n<meta property=\"og:type\" content=\"article\" \/>\n<meta property=\"og:title\" content=\"La Sindicatura de Greuges de Barcelona abre una actuaci\u00f3n de oficio para conocer el uso del Palauet Alb\u00e9niz y los gastos a cargo del presupuesto municipal - Sindicatura de Greuges de Barcelona\" \/>\n<meta property=\"og:description\" content=\"La defensor\u00eda ha tenido conocimiento que las estancias de la Casa Real en el Palauet Alb\u00e9niz han supuesto un gasto para las arcas municipales...\" \/>\n<meta property=\"og:url\" content=\"https:\/\/www.sindicaturabarcelona.cat\/es\/la-sindicatura-de-greuges-de-barcelona-abre-una-actuacion-de-oficio-para-conocer-el-uso-del-palauet-albeniz-y-los-gastos-a-cargo-del-presupuesto-municipal\/\" \/>\n<meta property=\"og:site_name\" content=\"Sindicatura de Greuges de Barcelona\" \/>\n<meta property=\"article:published_time\" content=\"2022-06-29T14:35:23+00:00\" \/>\n<meta property=\"article:modified_time\" content=\"2022-06-30T06:58:27+00:00\" \/>\n<meta property=\"og:image\" content=\"https:\/\/www.sindicaturabarcelona.cat\/wp-content\/uploads\/2022\/06\/7658_DISE-Palauet-Albeniz-23-7-15-VZ-33.jpg\" \/>\n\t<meta property=\"og:image:width\" content=\"1024\" \/>\n\t<meta property=\"og:image:height\" content=\"575\" \/>\n\t<meta property=\"og:image:type\" content=\"image\/jpeg\" \/>\n<meta name=\"author\" content=\"Pablo\" \/>\n<meta name=\"twitter:card\" content=\"summary_large_image\" \/>\n<meta name=\"twitter:creator\" content=\"@sindicbarcelona\" \/>\n<meta name=\"twitter:site\" content=\"@sindicbarcelona\" \/>\n<meta name=\"twitter:label1\" content=\"Escrito por\" \/>\n\t<meta name=\"twitter:data1\" content=\"Pablo\" \/>\n\t<meta name=\"twitter:label2\" content=\"Tiempo de lectura\" \/>\n\t<meta name=\"twitter:data2\" content=\"3 minutos\" \/>\n<script type=\"application\/ld+json\" class=\"yoast-schema-graph\">{\"@context\":\"https:\\\/\\\/schema.org\",\"@graph\":[{\"@type\":\"Article\",\"@id\":\"https:\\\/\\\/www.sindicaturabarcelona.cat\\\/es\\\/la-sindicatura-de-greuges-de-barcelona-abre-una-actuacion-de-oficio-para-conocer-el-uso-del-palauet-albeniz-y-los-gastos-a-cargo-del-presupuesto-municipal\\\/#article\",\"isPartOf\":{\"@id\":\"https:\\\/\\\/www.sindicaturabarcelona.cat\\\/es\\\/la-sindicatura-de-greuges-de-barcelona-abre-una-actuacion-de-oficio-para-conocer-el-uso-del-palauet-albeniz-y-los-gastos-a-cargo-del-presupuesto-municipal\\\/\"},\"author\":{\"name\":\"Pablo\",\"@id\":\"https:\\\/\\\/www.sindicaturabarcelona.cat\\\/es\\\/#\\\/schema\\\/person\\\/0e5acffc350ffdbc97578159322c9452\"},\"headline\":\"La Sindicatura de Greuges de Barcelona abre una actuaci\u00f3n de oficio para conocer el uso del Palauet Alb\u00e9niz y los gastos a cargo del presupuesto municipal\",\"datePublished\":\"2022-06-29T14:35:23+00:00\",\"dateModified\":\"2022-06-30T06:58:27+00:00\",\"mainEntityOfPage\":{\"@id\":\"https:\\\/\\\/www.sindicaturabarcelona.cat\\\/es\\\/la-sindicatura-de-greuges-de-barcelona-abre-una-actuacion-de-oficio-para-conocer-el-uso-del-palauet-albeniz-y-los-gastos-a-cargo-del-presupuesto-municipal\\\/\"},\"wordCount\":435,\"publisher\":{\"@id\":\"https:\\\/\\\/www.sindicaturabarcelona.cat\\\/es\\\/#organization\"},\"image\":{\"@id\":\"https:\\\/\\\/www.sindicaturabarcelona.cat\\\/es\\\/la-sindicatura-de-greuges-de-barcelona-abre-una-actuacion-de-oficio-para-conocer-el-uso-del-palauet-albeniz-y-los-gastos-a-cargo-del-presupuesto-municipal\\\/#primaryimage\"},\"thumbnailUrl\":\"https:\\\/\\\/www.sindicaturabarcelona.cat\\\/wp-content\\\/uploads\\\/2022\\\/06\\\/7658_DISE-Palauet-Albeniz-23-7-15-VZ-33.jpg\",\"articleSection\":[\"General\"],\"inLanguage\":\"es\"},{\"@type\":\"WebPage\",\"@id\":\"https:\\\/\\\/www.sindicaturabarcelona.cat\\\/es\\\/la-sindicatura-de-greuges-de-barcelona-abre-una-actuacion-de-oficio-para-conocer-el-uso-del-palauet-albeniz-y-los-gastos-a-cargo-del-presupuesto-municipal\\\/\",\"url\":\"https:\\\/\\\/www.sindicaturabarcelona.cat\\\/es\\\/la-sindicatura-de-greuges-de-barcelona-abre-una-actuacion-de-oficio-para-conocer-el-uso-del-palauet-albeniz-y-los-gastos-a-cargo-del-presupuesto-municipal\\\/\",\"name\":\"La Sindicatura de Greuges de Barcelona abre una actuaci\u00f3n de oficio para conocer el uso del Palauet Alb\u00e9niz y los gastos a cargo del presupuesto municipal - Sindicatura de Greuges de Barcelona\",\"isPartOf\":{\"@id\":\"https:\\\/\\\/www.sindicaturabarcelona.cat\\\/es\\\/#website\"},\"primaryImageOfPage\":{\"@id\":\"https:\\\/\\\/www.sindicaturabarcelona.cat\\\/es\\\/la-sindicatura-de-greuges-de-barcelona-abre-una-actuacion-de-oficio-para-conocer-el-uso-del-palauet-albeniz-y-los-gastos-a-cargo-del-presupuesto-municipal\\\/#primaryimage\"},\"image\":{\"@id\":\"https:\\\/\\\/www.sindicaturabarcelona.cat\\\/es\\\/la-sindicatura-de-greuges-de-barcelona-abre-una-actuacion-de-oficio-para-conocer-el-uso-del-palauet-albeniz-y-los-gastos-a-cargo-del-presupuesto-municipal\\\/#primaryimage\"},\"thumbnailUrl\":\"https:\\\/\\\/www.sindicaturabarcelona.cat\\\/wp-content\\\/uploads\\\/2022\\\/06\\\/7658_DISE-Palauet-Albeniz-23-7-15-VZ-33.jpg\",\"datePublished\":\"2022-06-29T14:35:23+00:00\",\"dateModified\":\"2022-06-30T06:58:27+00:00\",\"description\":\"La defensor\u00eda ha tenido conocimiento que las estancias de la Casa Real en el Palauet Alb\u00e9niz han supuesto un gasto para las arcas municipales...\",\"breadcrumb\":{\"@id\":\"https:\\\/\\\/www.sindicaturabarcelona.cat\\\/es\\\/la-sindicatura-de-greuges-de-barcelona-abre-una-actuacion-de-oficio-para-conocer-el-uso-del-palauet-albeniz-y-los-gastos-a-cargo-del-presupuesto-municipal\\\/#breadcrumb\"},\"inLanguage\":\"es\",\"potentialAction\":[{\"@type\":\"ReadAction\",\"target\":[\"https:\\\/\\\/www.sindicaturabarcelona.cat\\\/es\\\/la-sindicatura-de-greuges-de-barcelona-abre-una-actuacion-de-oficio-para-conocer-el-uso-del-palauet-albeniz-y-los-gastos-a-cargo-del-presupuesto-municipal\\\/\"]}]},{\"@type\":\"ImageObject\",\"inLanguage\":\"es\",\"@id\":\"https:\\\/\\\/www.sindicaturabarcelona.cat\\\/es\\\/la-sindicatura-de-greuges-de-barcelona-abre-una-actuacion-de-oficio-para-conocer-el-uso-del-palauet-albeniz-y-los-gastos-a-cargo-del-presupuesto-municipal\\\/#primaryimage\",\"url\":\"https:\\\/\\\/www.sindicaturabarcelona.cat\\\/wp-content\\\/uploads\\\/2022\\\/06\\\/7658_DISE-Palauet-Albeniz-23-7-15-VZ-33.jpg\",\"contentUrl\":\"https:\\\/\\\/www.sindicaturabarcelona.cat\\\/wp-content\\\/uploads\\\/2022\\\/06\\\/7658_DISE-Palauet-Albeniz-23-7-15-VZ-33.jpg\",\"width\":1024,\"height\":575,\"caption\":\"Palauet Alb\u00e9niz\"},{\"@type\":\"BreadcrumbList\",\"@id\":\"https:\\\/\\\/www.sindicaturabarcelona.cat\\\/es\\\/la-sindicatura-de-greuges-de-barcelona-abre-una-actuacion-de-oficio-para-conocer-el-uso-del-palauet-albeniz-y-los-gastos-a-cargo-del-presupuesto-municipal\\\/#breadcrumb\",\"itemListElement\":[{\"@type\":\"ListItem\",\"position\":1,\"name\":\"Inici\",\"item\":\"https:\\\/\\\/www.sindicaturabarcelona.cat\\\/es\\\/\"},{\"@type\":\"ListItem\",\"position\":2,\"name\":\"La Sindicatura de Greuges de Barcelona abre una actuaci\u00f3n de oficio para conocer el uso del Palauet Alb\u00e9niz y los gastos a cargo del presupuesto municipal\"}]},{\"@type\":\"WebSite\",\"@id\":\"https:\\\/\\\/www.sindicaturabarcelona.cat\\\/es\\\/#website\",\"url\":\"https:\\\/\\\/www.sindicaturabarcelona.cat\\\/es\\\/\",\"name\":\"Sindicatura de Greuges de Barcelona\",\"description\":\"La defensoria dels teus drets\",\"publisher\":{\"@id\":\"https:\\\/\\\/www.sindicaturabarcelona.cat\\\/es\\\/#organization\"},\"potentialAction\":[{\"@type\":\"SearchAction\",\"target\":{\"@type\":\"EntryPoint\",\"urlTemplate\":\"https:\\\/\\\/www.sindicaturabarcelona.cat\\\/es\\\/?s={search_term_string}\"},\"query-input\":{\"@type\":\"PropertyValueSpecification\",\"valueRequired\":true,\"valueName\":\"search_term_string\"}}],\"inLanguage\":\"es\"},{\"@type\":\"Organization\",\"@id\":\"https:\\\/\\\/www.sindicaturabarcelona.cat\\\/es\\\/#organization\",\"name\":\"Sindicatura de Greuges de Barcelona\",\"url\":\"https:\\\/\\\/www.sindicaturabarcelona.cat\\\/es\\\/\",\"logo\":{\"@type\":\"ImageObject\",\"inLanguage\":\"es\",\"@id\":\"https:\\\/\\\/www.sindicaturabarcelona.cat\\\/es\\\/#\\\/schema\\\/logo\\\/image\\\/\",\"url\":\"https:\\\/\\\/www.sindicaturabarcelona.cat\\\/wp-content\\\/uploads\\\/2023\\\/02\\\/logo_sindicatura.svg\",\"contentUrl\":\"https:\\\/\\\/www.sindicaturabarcelona.cat\\\/wp-content\\\/uploads\\\/2023\\\/02\\\/logo_sindicatura.svg\",\"caption\":\"Sindicatura de Greuges de Barcelona\"},\"image\":{\"@id\":\"https:\\\/\\\/www.sindicaturabarcelona.cat\\\/es\\\/#\\\/schema\\\/logo\\\/image\\\/\"},\"sameAs\":[\"https:\\\/\\\/x.com\\\/sindicbarcelona\",\"https:\\\/\\\/www.instagram.com\\\/sindicbarcelona\\\/\",\"https:\\\/\\\/www.tiktok.com\\\/@sindicaturabcn\",\"https:\\\/\\\/t.me\\\/sindicaturabarcelona\"]},{\"@type\":\"Person\",\"@id\":\"https:\\\/\\\/www.sindicaturabarcelona.cat\\\/es\\\/#\\\/schema\\\/person\\\/0e5acffc350ffdbc97578159322c9452\",\"name\":\"Pablo\",\"image\":{\"@type\":\"ImageObject\",\"inLanguage\":\"es\",\"@id\":\"https:\\\/\\\/secure.gravatar.com\\\/avatar\\\/c948169b402ef9492afde705c3dfd5e90e1a6a84ef6840a91124f805a25a480f?s=96&d=mm&r=g\",\"url\":\"https:\\\/\\\/secure.gravatar.com\\\/avatar\\\/c948169b402ef9492afde705c3dfd5e90e1a6a84ef6840a91124f805a25a480f?s=96&d=mm&r=g\",\"contentUrl\":\"https:\\\/\\\/secure.gravatar.com\\\/avatar\\\/c948169b402ef9492afde705c3dfd5e90e1a6a84ef6840a91124f805a25a480f?s=96&d=mm&r=g\",\"caption\":\"Pablo\"},\"url\":\"https:\\\/\\\/www.sindicaturabarcelona.cat\\\/es\\\/author\\\/pablo\\\/\"}]}<\/script>\n<!-- \/ Yoast SEO plugin. -->","yoast_head_json":{"title":"La Sindicatura de Greuges de Barcelona abre una actuaci\u00f3n de oficio para conocer el uso del Palauet Alb\u00e9niz y los gastos a cargo del presupuesto municipal - Sindicatura de Greuges de Barcelona","description":"La defensor\u00eda ha tenido conocimiento que las estancias de la Casa Real en el Palauet Alb\u00e9niz han supuesto un gasto para las arcas municipales...","robots":{"index":"index","follow":"follow","max-snippet":"max-snippet:-1","max-image-preview":"max-image-preview:large","max-video-preview":"max-video-preview:-1"},"canonical":"https:\/\/www.sindicaturabarcelona.cat\/es\/la-sindicatura-de-greuges-de-barcelona-abre-una-actuacion-de-oficio-para-conocer-el-uso-del-palauet-albeniz-y-los-gastos-a-cargo-del-presupuesto-municipal\/","og_locale":"es_ES","og_type":"article","og_title":"La Sindicatura de Greuges de Barcelona abre una actuaci\u00f3n de oficio para conocer el uso del Palauet Alb\u00e9niz y los gastos a cargo del presupuesto municipal - Sindicatura de Greuges de Barcelona","og_description":"La defensor\u00eda ha tenido conocimiento que las estancias de la Casa Real en el Palauet Alb\u00e9niz han supuesto un gasto para las arcas municipales...","og_url":"https:\/\/www.sindicaturabarcelona.cat\/es\/la-sindicatura-de-greuges-de-barcelona-abre-una-actuacion-de-oficio-para-conocer-el-uso-del-palauet-albeniz-y-los-gastos-a-cargo-del-presupuesto-municipal\/","og_site_name":"Sindicatura de Greuges de Barcelona","article_published_time":"2022-06-29T14:35:23+00:00","article_modified_time":"2022-06-30T06:58:27+00:00","og_image":[{"width":1024,"height":575,"url":"https:\/\/www.sindicaturabarcelona.cat\/wp-content\/uploads\/2022\/06\/7658_DISE-Palauet-Albeniz-23-7-15-VZ-33.jpg","type":"image\/jpeg"}],"author":"Pablo","twitter_card":"summary_large_image","twitter_creator":"@sindicbarcelona","twitter_site":"@sindicbarcelona","twitter_misc":{"Escrito por":"Pablo","Tiempo de lectura":"3 minutos"},"schema":{"@context":"https:\/\/schema.org","@graph":[{"@type":"Article","@id":"https:\/\/www.sindicaturabarcelona.cat\/es\/la-sindicatura-de-greuges-de-barcelona-abre-una-actuacion-de-oficio-para-conocer-el-uso-del-palauet-albeniz-y-los-gastos-a-cargo-del-presupuesto-municipal\/#article","isPartOf":{"@id":"https:\/\/www.sindicaturabarcelona.cat\/es\/la-sindicatura-de-greuges-de-barcelona-abre-una-actuacion-de-oficio-para-conocer-el-uso-del-palauet-albeniz-y-los-gastos-a-cargo-del-presupuesto-municipal\/"},"author":{"name":"Pablo","@id":"https:\/\/www.sindicaturabarcelona.cat\/es\/#\/schema\/person\/0e5acffc350ffdbc97578159322c9452"},"headline":"La Sindicatura de Greuges de Barcelona abre una actuaci\u00f3n de oficio para conocer el uso del Palauet Alb\u00e9niz y los gastos a cargo del presupuesto municipal","datePublished":"2022-06-29T14:35:23+00:00","dateModified":"2022-06-30T06:58:27+00:00","mainEntityOfPage":{"@id":"https:\/\/www.sindicaturabarcelona.cat\/es\/la-sindicatura-de-greuges-de-barcelona-abre-una-actuacion-de-oficio-para-conocer-el-uso-del-palauet-albeniz-y-los-gastos-a-cargo-del-presupuesto-municipal\/"},"wordCount":435,"publisher":{"@id":"https:\/\/www.sindicaturabarcelona.cat\/es\/#organization"},"image":{"@id":"https:\/\/www.sindicaturabarcelona.cat\/es\/la-sindicatura-de-greuges-de-barcelona-abre-una-actuacion-de-oficio-para-conocer-el-uso-del-palauet-albeniz-y-los-gastos-a-cargo-del-presupuesto-municipal\/#primaryimage"},"thumbnailUrl":"https:\/\/www.sindicaturabarcelona.cat\/wp-content\/uploads\/2022\/06\/7658_DISE-Palauet-Albeniz-23-7-15-VZ-33.jpg","articleSection":["General"],"inLanguage":"es"},{"@type":"WebPage","@id":"https:\/\/www.sindicaturabarcelona.cat\/es\/la-sindicatura-de-greuges-de-barcelona-abre-una-actuacion-de-oficio-para-conocer-el-uso-del-palauet-albeniz-y-los-gastos-a-cargo-del-presupuesto-municipal\/","url":"https:\/\/www.sindicaturabarcelona.cat\/es\/la-sindicatura-de-greuges-de-barcelona-abre-una-actuacion-de-oficio-para-conocer-el-uso-del-palauet-albeniz-y-los-gastos-a-cargo-del-presupuesto-municipal\/","name":"La Sindicatura de Greuges de Barcelona abre una actuaci\u00f3n de oficio para conocer el uso del Palauet Alb\u00e9niz y los gastos a cargo del presupuesto municipal - Sindicatura de Greuges de Barcelona","isPartOf":{"@id":"https:\/\/www.sindicaturabarcelona.cat\/es\/#website"},"primaryImageOfPage":{"@id":"https:\/\/www.sindicaturabarcelona.cat\/es\/la-sindicatura-de-greuges-de-barcelona-abre-una-actuacion-de-oficio-para-conocer-el-uso-del-palauet-albeniz-y-los-gastos-a-cargo-del-presupuesto-municipal\/#primaryimage"},"image":{"@id":"https:\/\/www.sindicaturabarcelona.cat\/es\/la-sindicatura-de-greuges-de-barcelona-abre-una-actuacion-de-oficio-para-conocer-el-uso-del-palauet-albeniz-y-los-gastos-a-cargo-del-presupuesto-municipal\/#primaryimage"},"thumbnailUrl":"https:\/\/www.sindicaturabarcelona.cat\/wp-content\/uploads\/2022\/06\/7658_DISE-Palauet-Albeniz-23-7-15-VZ-33.jpg","datePublished":"2022-06-29T14:35:23+00:00","dateModified":"2022-06-30T06:58:27+00:00","description":"La defensor\u00eda ha tenido conocimiento que las estancias de la Casa Real en el Palauet Alb\u00e9niz han supuesto un gasto para las arcas municipales...","breadcrumb":{"@id":"https:\/\/www.sindicaturabarcelona.cat\/es\/la-sindicatura-de-greuges-de-barcelona-abre-una-actuacion-de-oficio-para-conocer-el-uso-del-palauet-albeniz-y-los-gastos-a-cargo-del-presupuesto-municipal\/#breadcrumb"},"inLanguage":"es","potentialAction":[{"@type":"ReadAction","target":["https:\/\/www.sindicaturabarcelona.cat\/es\/la-sindicatura-de-greuges-de-barcelona-abre-una-actuacion-de-oficio-para-conocer-el-uso-del-palauet-albeniz-y-los-gastos-a-cargo-del-presupuesto-municipal\/"]}]},{"@type":"ImageObject","inLanguage":"es","@id":"https:\/\/www.sindicaturabarcelona.cat\/es\/la-sindicatura-de-greuges-de-barcelona-abre-una-actuacion-de-oficio-para-conocer-el-uso-del-palauet-albeniz-y-los-gastos-a-cargo-del-presupuesto-municipal\/#primaryimage","url":"https:\/\/www.sindicaturabarcelona.cat\/wp-content\/uploads\/2022\/06\/7658_DISE-Palauet-Albeniz-23-7-15-VZ-33.jpg","contentUrl":"https:\/\/www.sindicaturabarcelona.cat\/wp-content\/uploads\/2022\/06\/7658_DISE-Palauet-Albeniz-23-7-15-VZ-33.jpg","width":1024,"height":575,"caption":"Palauet Alb\u00e9niz"},{"@type":"BreadcrumbList","@id":"https:\/\/www.sindicaturabarcelona.cat\/es\/la-sindicatura-de-greuges-de-barcelona-abre-una-actuacion-de-oficio-para-conocer-el-uso-del-palauet-albeniz-y-los-gastos-a-cargo-del-presupuesto-municipal\/#breadcrumb","itemListElement":[{"@type":"ListItem","position":1,"name":"Inici","item":"https:\/\/www.sindicaturabarcelona.cat\/es\/"},{"@type":"ListItem","position":2,"name":"La Sindicatura de Greuges de Barcelona abre una actuaci\u00f3n de oficio para conocer el uso del Palauet Alb\u00e9niz y los gastos a cargo del presupuesto municipal"}]},{"@type":"WebSite","@id":"https:\/\/www.sindicaturabarcelona.cat\/es\/#website","url":"https:\/\/www.sindicaturabarcelona.cat\/es\/","name":"Sindicatura de Greuges de Barcelona","description":"La defensoria dels teus drets","publisher":{"@id":"https:\/\/www.sindicaturabarcelona.cat\/es\/#organization"},"potentialAction":[{"@type":"SearchAction","target":{"@type":"EntryPoint","urlTemplate":"https:\/\/www.sindicaturabarcelona.cat\/es\/?s={search_term_string}"},"query-input":{"@type":"PropertyValueSpecification","valueRequired":true,"valueName":"search_term_string"}}],"inLanguage":"es"},{"@type":"Organization","@id":"https:\/\/www.sindicaturabarcelona.cat\/es\/#organization","name":"Sindicatura de Greuges de Barcelona","url":"https:\/\/www.sindicaturabarcelona.cat\/es\/","logo":{"@type":"ImageObject","inLanguage":"es","@id":"https:\/\/www.sindicaturabarcelona.cat\/es\/#\/schema\/logo\/image\/","url":"https:\/\/www.sindicaturabarcelona.cat\/wp-content\/uploads\/2023\/02\/logo_sindicatura.svg","contentUrl":"https:\/\/www.sindicaturabarcelona.cat\/wp-content\/uploads\/2023\/02\/logo_sindicatura.svg","caption":"Sindicatura de Greuges de Barcelona"},"image":{"@id":"https:\/\/www.sindicaturabarcelona.cat\/es\/#\/schema\/logo\/image\/"},"sameAs":["https:\/\/x.com\/sindicbarcelona","https:\/\/www.instagram.com\/sindicbarcelona\/","https:\/\/www.tiktok.com\/@sindicaturabcn","https:\/\/t.me\/sindicaturabarcelona"]},{"@type":"Person","@id":"https:\/\/www.sindicaturabarcelona.cat\/es\/#\/schema\/person\/0e5acffc350ffdbc97578159322c9452","name":"Pablo","image":{"@type":"ImageObject","inLanguage":"es","@id":"https:\/\/secure.gravatar.com\/avatar\/c948169b402ef9492afde705c3dfd5e90e1a6a84ef6840a91124f805a25a480f?s=96&d=mm&r=g","url":"https:\/\/secure.gravatar.com\/avatar\/c948169b402ef9492afde705c3dfd5e90e1a6a84ef6840a91124f805a25a480f?s=96&d=mm&r=g","contentUrl":"https:\/\/secure.gravatar.com\/avatar\/c948169b402ef9492afde705c3dfd5e90e1a6a84ef6840a91124f805a25a480f?s=96&d=mm&r=g","caption":"Pablo"},"url":"https:\/\/www.sindicaturabarcelona.cat\/es\/author\/pablo\/"}]}},"_links":{"self":[{"href":"https:\/\/www.sindicaturabarcelona.cat\/es\/wp-json\/wp\/v2\/posts\/14471","targetHints":{"allow":["GET"]}}],"collection":[{"href":"https:\/\/www.sindicaturabarcelona.cat\/es\/wp-json\/wp\/v2\/posts"}],"about":[{"href":"https:\/\/www.sindicaturabarcelona.cat\/es\/wp-json\/wp\/v2\/types\/post"}],"author":[{"embeddable":true,"href":"https:\/\/www.sindicaturabarcelona.cat\/es\/wp-json\/wp\/v2\/users\/2"}],"replies":[{"embeddable":true,"href":"https:\/\/www.sindicaturabarcelona.cat\/es\/wp-json\/wp\/v2\/comments?post=14471"}],"version-history":[{"count":0,"href":"https:\/\/www.sindicaturabarcelona.cat\/es\/wp-json\/wp\/v2\/posts\/14471\/revisions"}],"wp:featuredmedia":[{"embeddable":true,"href":"https:\/\/www.sindicaturabarcelona.cat\/es\/wp-json\/wp\/v2\/media\/14469"}],"wp:attachment":[{"href":"https:\/\/www.sindicaturabarcelona.cat\/es\/wp-json\/wp\/v2\/media?parent=14471"}],"wp:term":[{"taxonomy":"post_tag","embeddable":true,"href":"https:\/\/www.sindicaturabarcelona.cat\/es\/wp-json\/wp\/v2\/tags?post=14471"},{"taxonomy":"drets","embeddable":true,"href":"https:\/\/www.sindicaturabarcelona.cat\/es\/wp-json\/wp\/v2\/drets?post=14471"}],"curies":[{"name":"wp","href":"https:\/\/api.w.org\/{rel}","templated":true}]}}