{"id":14460,"date":"2022-06-19T22:38:47","date_gmt":"2022-06-19T20:38:47","guid":{"rendered":"https:\/\/www.sindicaturabarcelona.cat\/?p=14460"},"modified":"2022-06-19T22:45:37","modified_gmt":"2022-06-19T20:45:37","slug":"la-caducidad-de-un-derecho-funerario-cuando-se-produce-y-que-supone","status":"publish","type":"post","link":"https:\/\/www.sindicaturabarcelona.cat\/es\/la-caducidad-de-un-derecho-funerario-cuando-se-produce-y-que-supone\/","title":{"rendered":"La caducidad de un derecho funerario: cu\u00e1ndo se produce y qu\u00e9 supone"},"content":{"rendered":"\n<p class=\"has-text-align-justify\">Hist\u00f3ricamente, la <a href=\"https:\/\/www.sindicaturabarcelona.cat\/es\/\" target=\"_blank\" aria-label=\"Sindicatura de Greuges de Barcelona (opens in a new tab)\" rel=\"noreferrer noopener\" class=\"ek-link\">Sindicatura de Greuges de Barcelona<\/a> ha sido conocedora y receptora de reclamaciones de la ciudadan\u00eda ante la tramitaci\u00f3n de un expediente de caducidad de un derecho funerario. Es necesario recordar que los <strong>derechos funerarios en la ciudad est\u00e1n regulados por la<\/strong> <a href=\"https:\/\/www.cbsa.cat\/wp-content\/uploads\/2018\/02\/Ordenan%C3%A7a-2017.pdf\" target=\"_blank\" rel=\"noreferrer noopener\" class=\"ek-link\"><strong>Ordenanza de cementerios<\/strong><\/a> del Ayuntamiento de Barcelona (las \u00faltimas modificaciones se aprobaron el 24 de noviembre del 2017 por parte del Plenario del Consejo Municipal).<\/p>\n\n\n\n<p><strong><span style=\"text-decoration: underline;\" class=\"ek-underline\">\u00bfCu\u00e1ndo caduca un derecho funerario y qu\u00e9 implica?<\/span><\/strong><\/p>\n\n\n\n<p class=\"has-text-align-justify\">La Ordenanza establece que <strong>se considera abandono de la sepultura el transcurso de 20 a\u00f1os seguidos desde el \u00faltimo pago de los derechos de conservaci\u00f3n<\/strong>. En conformidad con los art\u00edculos 69.b y 70.4, <strong>despu\u00e9s del abandono de la sepultura, se podr\u00e1 declarar la caducidad<\/strong> y esta revertir\u00e1 en el Ayuntamiento. Si se tramita el expediente de declaraci\u00f3n de caducidad de una sepultura, <strong>esto comporta el desahucio del nicho y el traslado de los restos a un&nbsp;osario com\u00fan<\/strong>, del cual es imposible recuperarlas.<\/p>\n\n\n\n<p class=\"has-text-align-justify\">Otros motivos para declarar la caducidad de un derecho funerario son los siguientes: por el estado ruinoso de la construcci\u00f3n cuando esta sea particular; por el transcurso del plazo de concesi\u00f3n temporal sin producirse el ejercicio del derecho de adquisici\u00f3n preferente o pr\u00f3rroga, o por impago de cualquier de los plazos a su vencimiento en las sepulturas adjudicadas a plazos.<\/p>\n\n\n\n<p class=\"has-text-align-justify\">En la declaraci\u00f3n de caducidad de los derechos funerarios, Cementerios de Barcelona, SA (CBSA)\u00a0aplica el protocolo interno denominado <a href=\"https:\/\/www.cbsa.cat\/docs-transparencia\/Procediment%20caducitat%20de%20dret%20funerari%20mar%C3%A7%202018.pdf\" target=\"_blank\" rel=\"noreferrer noopener\" class=\"ek-link\"><em>Proc\u00e9s <\/em><\/a><em><a href=\"https:\/\/www.cbsa.cat\/docs-transparencia\/Procediment%20caducitat%20de%20dret%20funerari%20mar%C3%A7%202018.pdf\" target=\"_blank\" rel=\"noreferrer noopener\" class=\"ek-link\">seguit<\/a><\/em><a href=\"https:\/\/www.cbsa.cat\/docs-transparencia\/Procediment%20caducitat%20de%20dret%20funerari%20mar%C3%A7%202018.pdf\" target=\"_blank\" rel=\"noreferrer noopener\" class=\"ek-link\"><em> en la caducitat dels drets funeraris per aband\u00f3 de la sepultura<\/em><\/a><em> (2020)<\/em>. Este <strong>protocolo incorpora algunas medidas propuestas por esta Sindicatura en 2019 para reforzar las garant\u00edas de las personas titulares de los derechos funerarios<\/strong>, despu\u00e9s de estudiar varias quejas sobre este asunto.<br>El apartado 6 de este protocolo establece el siguiente:<\/p>\n\n\n\n<p class=\"has-text-align-justify\"><em>Un cop declarada ferma la caducitat del dret funerari es fa una comprovaci\u00f3 presencial de l\u2019estat del n\u00ednxol. Si el n\u00ednxol es troba en bon estat de conservaci\u00f3 (relativament net, flors fresques, fotografies recents, etc.) queda susp\u00e8s el procediment del trasllat de restes a l\u2019ossera general.<\/em><\/p>\n\n\n\n<p class=\"has-text-align-justify\"><em>En aquests casos s\u2019adherir\u00e0 a la sepultura un av\u00eds (visible per\u00f2 discret) on s\u2019indicar\u00e0 -Es prega a la persona titular d\u2019aquesta sepultura, successors, o interessats, que acudeixin a l\u2019Administraci\u00f3 del cementiri, truquin al tel\u00e8fon 934841999 o escriguin a cbsa@cbsa.cat per una gesti\u00f3 del seu inter\u00e8s.<\/em><\/p>\n\n\n\n<p class=\"has-text-align-justify\">De la lectura de este extracto, la Sindicatura de Greuges de Barcelona concluye que <strong>el estado de conservaci\u00f3n de la sepultura es un elemento determinante para ejecutar el desahucio. Por lo tanto, considera imprescindible que el expediente administrativo de caducidad contenga prueba de esta circunstancia.<\/strong> En algunas de las quejas recibidas em la Sindicatura, esta informaci\u00f3n no se refer\u00eda en el expediente de declaraci\u00f3n de caducidad de una sepultura.<\/p>\n\n\n\n<p class=\"has-text-align-justify\">En este proceso de declaraci\u00f3n de caducidad del derecho funerario, la defensor\u00eda de la ciudadan\u00eda barcelonesa tambi\u00e9n estima necesario referirse a la pr\u00e1ctica de notificaci\u00f3n. En ocasiones, ha comprobado que la notificaci\u00f3n se estaba dirigiendo a la persona inhumada en aquella sepultura, porque era la persona titular del derecho funerario. Por este motivo, la Sindicatura se\u00f1ala que el registro de la titularidad no est\u00e1 suficientemente actualizado y ser\u00eda necesario plantear mejoras para regularizar la situaci\u00f3n de titularidad del derecho funerario.<\/p>\n\n\n\n<p class=\"has-text-align-justify\">La Sindicatura de Greuges de Barcelona considera que las consecuencias de la ejecuci\u00f3n de una declaraci\u00f3n de <strong>caducidad de un derecho funerario pueden tener un impacto moral muy importante sobre las personas afectadas, puesto que el traslado de restos al osario es una actuaci\u00f3n irreversible<\/strong>. Por este motivo, hay que tener una cautela especial y extremar las precauciones porque la desaparici\u00f3n de los restos de personas que fueron estimadas en vida supone da\u00f1os morales.<\/p>\n\n\n\n<p class=\"has-text-align-justify\">Durante el primer semestre del a\u00f1o 2022, se han publicado en el BOPB (Bolet\u00edn Oficial de la Provincia de Barcelona) un total de 4.390 anuncios para que las personas citadas regularicen la situaci\u00f3n de la sepultura e inform\u00e1ndoles del inicio de la tramitaci\u00f3n del expediente de la caducidad. <strong>\u201cEs una cifra elevada, que afecta a los diferentes cementerios de la ciudad. Se deber\u00eda valorar la posibilidad de informar la ciudadan\u00eda a trav\u00e9s otros medios m\u00e1s efectivos\u201d<\/strong>, ha manifestado el s\u00edndic de greuges de Barcelona, David Bondia.<\/p>\n","protected":false},"excerpt":{"rendered":"<p>Hist\u00f3ricamente, la Sindicatura de Greuges de Barcelona ha sido conocedora y receptora de reclamaciones de la ciudadan\u00eda ante la tramitaci\u00f3n de un expediente de caducidad de un derecho funerario. Es [&hellip;]<\/p>\n","protected":false},"author":2,"featured_media":14456,"comment_status":"closed","ping_status":"open","sticky":false,"template":"","format":"standard","meta":{"_acf_changed":false,"footnotes":""},"tags":[],"drets":[],"class_list":["post-14460","post","type-post","status-publish","format-standard","has-post-thumbnail","hentry"],"acf":[],"yoast_head":"<!-- This site is optimized with the Yoast SEO plugin v27.5 - https:\/\/yoast.com\/product\/yoast-seo-wordpress\/ -->\n<title>La caducidad de un derecho funerario: cu\u00e1ndo se produce y qu\u00e9 supone - Sindicatura de Greuges de Barcelona<\/title>\n<meta name=\"description\" content=\"Si se tramita el expediente de declaraci\u00f3n de caducidad de una sepultura, este comporta el desahucio del nicho y el traslado de los...\" \/>\n<meta name=\"robots\" content=\"index, follow, max-snippet:-1, max-image-preview:large, max-video-preview:-1\" \/>\n<link rel=\"canonical\" href=\"https:\/\/www.sindicaturabarcelona.cat\/es\/la-caducidad-de-un-derecho-funerario-cuando-se-produce-y-que-supone\/\" \/>\n<meta property=\"og:locale\" content=\"es_ES\" \/>\n<meta property=\"og:type\" content=\"article\" \/>\n<meta property=\"og:title\" content=\"La caducidad de un derecho funerario: cu\u00e1ndo se produce y qu\u00e9 supone - Sindicatura de Greuges de Barcelona\" \/>\n<meta property=\"og:description\" content=\"Si se tramita el expediente de declaraci\u00f3n de caducidad de una sepultura, este comporta el desahucio del nicho y el traslado de los...\" \/>\n<meta property=\"og:url\" content=\"https:\/\/www.sindicaturabarcelona.cat\/es\/la-caducidad-de-un-derecho-funerario-cuando-se-produce-y-que-supone\/\" \/>\n<meta property=\"og:site_name\" content=\"Sindicatura de Greuges de Barcelona\" \/>\n<meta property=\"article:published_time\" content=\"2022-06-19T20:38:47+00:00\" \/>\n<meta property=\"article:modified_time\" content=\"2022-06-19T20:45:37+00:00\" \/>\n<meta property=\"og:image\" content=\"https:\/\/www.sindicaturabarcelona.cat\/wp-content\/uploads\/2022\/06\/8576_DISE-Cementiri-de-Montjui\u0308c-14-12-14-VZ-44.jpg\" \/>\n\t<meta property=\"og:image:width\" content=\"1024\" \/>\n\t<meta property=\"og:image:height\" content=\"683\" \/>\n\t<meta property=\"og:image:type\" content=\"image\/jpeg\" \/>\n<meta name=\"author\" content=\"Pablo\" \/>\n<meta name=\"twitter:card\" content=\"summary_large_image\" \/>\n<meta name=\"twitter:creator\" content=\"@sindicbarcelona\" \/>\n<meta name=\"twitter:site\" content=\"@sindicbarcelona\" \/>\n<meta name=\"twitter:label1\" content=\"Escrito por\" \/>\n\t<meta name=\"twitter:data1\" content=\"Pablo\" \/>\n\t<meta name=\"twitter:label2\" content=\"Tiempo de lectura\" \/>\n\t<meta name=\"twitter:data2\" content=\"4 minutos\" \/>\n<script type=\"application\/ld+json\" class=\"yoast-schema-graph\">{\"@context\":\"https:\\\/\\\/schema.org\",\"@graph\":[{\"@type\":\"Article\",\"@id\":\"https:\\\/\\\/www.sindicaturabarcelona.cat\\\/es\\\/la-caducidad-de-un-derecho-funerario-cuando-se-produce-y-que-supone\\\/#article\",\"isPartOf\":{\"@id\":\"https:\\\/\\\/www.sindicaturabarcelona.cat\\\/es\\\/la-caducidad-de-un-derecho-funerario-cuando-se-produce-y-que-supone\\\/\"},\"author\":{\"name\":\"Pablo\",\"@id\":\"https:\\\/\\\/www.sindicaturabarcelona.cat\\\/es\\\/#\\\/schema\\\/person\\\/0e5acffc350ffdbc97578159322c9452\"},\"headline\":\"La caducidad de un derecho funerario: cu\u00e1ndo se produce y qu\u00e9 supone\",\"datePublished\":\"2022-06-19T20:38:47+00:00\",\"dateModified\":\"2022-06-19T20:45:37+00:00\",\"mainEntityOfPage\":{\"@id\":\"https:\\\/\\\/www.sindicaturabarcelona.cat\\\/es\\\/la-caducidad-de-un-derecho-funerario-cuando-se-produce-y-que-supone\\\/\"},\"wordCount\":758,\"publisher\":{\"@id\":\"https:\\\/\\\/www.sindicaturabarcelona.cat\\\/es\\\/#organization\"},\"image\":{\"@id\":\"https:\\\/\\\/www.sindicaturabarcelona.cat\\\/es\\\/la-caducidad-de-un-derecho-funerario-cuando-se-produce-y-que-supone\\\/#primaryimage\"},\"thumbnailUrl\":\"https:\\\/\\\/www.sindicaturabarcelona.cat\\\/wp-content\\\/uploads\\\/2022\\\/06\\\/8576_DISE-Cementiri-de-Montjui\u0308c-14-12-14-VZ-44.jpg\",\"articleSection\":[\"General\"],\"inLanguage\":\"es\"},{\"@type\":\"WebPage\",\"@id\":\"https:\\\/\\\/www.sindicaturabarcelona.cat\\\/es\\\/la-caducidad-de-un-derecho-funerario-cuando-se-produce-y-que-supone\\\/\",\"url\":\"https:\\\/\\\/www.sindicaturabarcelona.cat\\\/es\\\/la-caducidad-de-un-derecho-funerario-cuando-se-produce-y-que-supone\\\/\",\"name\":\"La caducidad de un derecho funerario: cu\u00e1ndo se produce y qu\u00e9 supone - Sindicatura de Greuges de Barcelona\",\"isPartOf\":{\"@id\":\"https:\\\/\\\/www.sindicaturabarcelona.cat\\\/es\\\/#website\"},\"primaryImageOfPage\":{\"@id\":\"https:\\\/\\\/www.sindicaturabarcelona.cat\\\/es\\\/la-caducidad-de-un-derecho-funerario-cuando-se-produce-y-que-supone\\\/#primaryimage\"},\"image\":{\"@id\":\"https:\\\/\\\/www.sindicaturabarcelona.cat\\\/es\\\/la-caducidad-de-un-derecho-funerario-cuando-se-produce-y-que-supone\\\/#primaryimage\"},\"thumbnailUrl\":\"https:\\\/\\\/www.sindicaturabarcelona.cat\\\/wp-content\\\/uploads\\\/2022\\\/06\\\/8576_DISE-Cementiri-de-Montjui\u0308c-14-12-14-VZ-44.jpg\",\"datePublished\":\"2022-06-19T20:38:47+00:00\",\"dateModified\":\"2022-06-19T20:45:37+00:00\",\"description\":\"Si se tramita el expediente de declaraci\u00f3n de caducidad de una sepultura, este comporta el desahucio del nicho y el traslado de los...\",\"breadcrumb\":{\"@id\":\"https:\\\/\\\/www.sindicaturabarcelona.cat\\\/es\\\/la-caducidad-de-un-derecho-funerario-cuando-se-produce-y-que-supone\\\/#breadcrumb\"},\"inLanguage\":\"es\",\"potentialAction\":[{\"@type\":\"ReadAction\",\"target\":[\"https:\\\/\\\/www.sindicaturabarcelona.cat\\\/es\\\/la-caducidad-de-un-derecho-funerario-cuando-se-produce-y-que-supone\\\/\"]}]},{\"@type\":\"ImageObject\",\"inLanguage\":\"es\",\"@id\":\"https:\\\/\\\/www.sindicaturabarcelona.cat\\\/es\\\/la-caducidad-de-un-derecho-funerario-cuando-se-produce-y-que-supone\\\/#primaryimage\",\"url\":\"https:\\\/\\\/www.sindicaturabarcelona.cat\\\/wp-content\\\/uploads\\\/2022\\\/06\\\/8576_DISE-Cementiri-de-Montjui\u0308c-14-12-14-VZ-44.jpg\",\"contentUrl\":\"https:\\\/\\\/www.sindicaturabarcelona.cat\\\/wp-content\\\/uploads\\\/2022\\\/06\\\/8576_DISE-Cementiri-de-Montjui\u0308c-14-12-14-VZ-44.jpg\",\"width\":1024,\"height\":683,\"caption\":\"Dret funerari\"},{\"@type\":\"BreadcrumbList\",\"@id\":\"https:\\\/\\\/www.sindicaturabarcelona.cat\\\/es\\\/la-caducidad-de-un-derecho-funerario-cuando-se-produce-y-que-supone\\\/#breadcrumb\",\"itemListElement\":[{\"@type\":\"ListItem\",\"position\":1,\"name\":\"Inici\",\"item\":\"https:\\\/\\\/www.sindicaturabarcelona.cat\\\/es\\\/\"},{\"@type\":\"ListItem\",\"position\":2,\"name\":\"La caducidad de un derecho funerario: cu\u00e1ndo se produce y qu\u00e9 supone\"}]},{\"@type\":\"WebSite\",\"@id\":\"https:\\\/\\\/www.sindicaturabarcelona.cat\\\/es\\\/#website\",\"url\":\"https:\\\/\\\/www.sindicaturabarcelona.cat\\\/es\\\/\",\"name\":\"Sindicatura de Greuges de Barcelona\",\"description\":\"La defensoria dels teus drets\",\"publisher\":{\"@id\":\"https:\\\/\\\/www.sindicaturabarcelona.cat\\\/es\\\/#organization\"},\"potentialAction\":[{\"@type\":\"SearchAction\",\"target\":{\"@type\":\"EntryPoint\",\"urlTemplate\":\"https:\\\/\\\/www.sindicaturabarcelona.cat\\\/es\\\/?s={search_term_string}\"},\"query-input\":{\"@type\":\"PropertyValueSpecification\",\"valueRequired\":true,\"valueName\":\"search_term_string\"}}],\"inLanguage\":\"es\"},{\"@type\":\"Organization\",\"@id\":\"https:\\\/\\\/www.sindicaturabarcelona.cat\\\/es\\\/#organization\",\"name\":\"Sindicatura de Greuges de Barcelona\",\"url\":\"https:\\\/\\\/www.sindicaturabarcelona.cat\\\/es\\\/\",\"logo\":{\"@type\":\"ImageObject\",\"inLanguage\":\"es\",\"@id\":\"https:\\\/\\\/www.sindicaturabarcelona.cat\\\/es\\\/#\\\/schema\\\/logo\\\/image\\\/\",\"url\":\"https:\\\/\\\/www.sindicaturabarcelona.cat\\\/wp-content\\\/uploads\\\/2023\\\/02\\\/logo_sindicatura.svg\",\"contentUrl\":\"https:\\\/\\\/www.sindicaturabarcelona.cat\\\/wp-content\\\/uploads\\\/2023\\\/02\\\/logo_sindicatura.svg\",\"caption\":\"Sindicatura de Greuges de Barcelona\"},\"image\":{\"@id\":\"https:\\\/\\\/www.sindicaturabarcelona.cat\\\/es\\\/#\\\/schema\\\/logo\\\/image\\\/\"},\"sameAs\":[\"https:\\\/\\\/x.com\\\/sindicbarcelona\",\"https:\\\/\\\/www.instagram.com\\\/sindicbarcelona\\\/\",\"https:\\\/\\\/www.tiktok.com\\\/@sindicaturabcn\",\"https:\\\/\\\/t.me\\\/sindicaturabarcelona\"]},{\"@type\":\"Person\",\"@id\":\"https:\\\/\\\/www.sindicaturabarcelona.cat\\\/es\\\/#\\\/schema\\\/person\\\/0e5acffc350ffdbc97578159322c9452\",\"name\":\"Pablo\",\"image\":{\"@type\":\"ImageObject\",\"inLanguage\":\"es\",\"@id\":\"https:\\\/\\\/secure.gravatar.com\\\/avatar\\\/c948169b402ef9492afde705c3dfd5e90e1a6a84ef6840a91124f805a25a480f?s=96&d=mm&r=g\",\"url\":\"https:\\\/\\\/secure.gravatar.com\\\/avatar\\\/c948169b402ef9492afde705c3dfd5e90e1a6a84ef6840a91124f805a25a480f?s=96&d=mm&r=g\",\"contentUrl\":\"https:\\\/\\\/secure.gravatar.com\\\/avatar\\\/c948169b402ef9492afde705c3dfd5e90e1a6a84ef6840a91124f805a25a480f?s=96&d=mm&r=g\",\"caption\":\"Pablo\"},\"url\":\"https:\\\/\\\/www.sindicaturabarcelona.cat\\\/es\\\/author\\\/pablo\\\/\"}]}<\/script>\n<!-- \/ Yoast SEO plugin. -->","yoast_head_json":{"title":"La caducidad de un derecho funerario: cu\u00e1ndo se produce y qu\u00e9 supone - Sindicatura de Greuges de Barcelona","description":"Si se tramita el expediente de declaraci\u00f3n de caducidad de una sepultura, este comporta el desahucio del nicho y el traslado de los...","robots":{"index":"index","follow":"follow","max-snippet":"max-snippet:-1","max-image-preview":"max-image-preview:large","max-video-preview":"max-video-preview:-1"},"canonical":"https:\/\/www.sindicaturabarcelona.cat\/es\/la-caducidad-de-un-derecho-funerario-cuando-se-produce-y-que-supone\/","og_locale":"es_ES","og_type":"article","og_title":"La caducidad de un derecho funerario: cu\u00e1ndo se produce y qu\u00e9 supone - Sindicatura de Greuges de Barcelona","og_description":"Si se tramita el expediente de declaraci\u00f3n de caducidad de una sepultura, este comporta el desahucio del nicho y el traslado de los...","og_url":"https:\/\/www.sindicaturabarcelona.cat\/es\/la-caducidad-de-un-derecho-funerario-cuando-se-produce-y-que-supone\/","og_site_name":"Sindicatura de Greuges de Barcelona","article_published_time":"2022-06-19T20:38:47+00:00","article_modified_time":"2022-06-19T20:45:37+00:00","og_image":[{"width":1024,"height":683,"url":"https:\/\/www.sindicaturabarcelona.cat\/wp-content\/uploads\/2022\/06\/8576_DISE-Cementiri-de-Montjui\u0308c-14-12-14-VZ-44.jpg","type":"image\/jpeg"}],"author":"Pablo","twitter_card":"summary_large_image","twitter_creator":"@sindicbarcelona","twitter_site":"@sindicbarcelona","twitter_misc":{"Escrito por":"Pablo","Tiempo de lectura":"4 minutos"},"schema":{"@context":"https:\/\/schema.org","@graph":[{"@type":"Article","@id":"https:\/\/www.sindicaturabarcelona.cat\/es\/la-caducidad-de-un-derecho-funerario-cuando-se-produce-y-que-supone\/#article","isPartOf":{"@id":"https:\/\/www.sindicaturabarcelona.cat\/es\/la-caducidad-de-un-derecho-funerario-cuando-se-produce-y-que-supone\/"},"author":{"name":"Pablo","@id":"https:\/\/www.sindicaturabarcelona.cat\/es\/#\/schema\/person\/0e5acffc350ffdbc97578159322c9452"},"headline":"La caducidad de un derecho funerario: cu\u00e1ndo se produce y qu\u00e9 supone","datePublished":"2022-06-19T20:38:47+00:00","dateModified":"2022-06-19T20:45:37+00:00","mainEntityOfPage":{"@id":"https:\/\/www.sindicaturabarcelona.cat\/es\/la-caducidad-de-un-derecho-funerario-cuando-se-produce-y-que-supone\/"},"wordCount":758,"publisher":{"@id":"https:\/\/www.sindicaturabarcelona.cat\/es\/#organization"},"image":{"@id":"https:\/\/www.sindicaturabarcelona.cat\/es\/la-caducidad-de-un-derecho-funerario-cuando-se-produce-y-que-supone\/#primaryimage"},"thumbnailUrl":"https:\/\/www.sindicaturabarcelona.cat\/wp-content\/uploads\/2022\/06\/8576_DISE-Cementiri-de-Montjui\u0308c-14-12-14-VZ-44.jpg","articleSection":["General"],"inLanguage":"es"},{"@type":"WebPage","@id":"https:\/\/www.sindicaturabarcelona.cat\/es\/la-caducidad-de-un-derecho-funerario-cuando-se-produce-y-que-supone\/","url":"https:\/\/www.sindicaturabarcelona.cat\/es\/la-caducidad-de-un-derecho-funerario-cuando-se-produce-y-que-supone\/","name":"La caducidad de un derecho funerario: cu\u00e1ndo se produce y qu\u00e9 supone - Sindicatura de Greuges de Barcelona","isPartOf":{"@id":"https:\/\/www.sindicaturabarcelona.cat\/es\/#website"},"primaryImageOfPage":{"@id":"https:\/\/www.sindicaturabarcelona.cat\/es\/la-caducidad-de-un-derecho-funerario-cuando-se-produce-y-que-supone\/#primaryimage"},"image":{"@id":"https:\/\/www.sindicaturabarcelona.cat\/es\/la-caducidad-de-un-derecho-funerario-cuando-se-produce-y-que-supone\/#primaryimage"},"thumbnailUrl":"https:\/\/www.sindicaturabarcelona.cat\/wp-content\/uploads\/2022\/06\/8576_DISE-Cementiri-de-Montjui\u0308c-14-12-14-VZ-44.jpg","datePublished":"2022-06-19T20:38:47+00:00","dateModified":"2022-06-19T20:45:37+00:00","description":"Si se tramita el expediente de declaraci\u00f3n de caducidad de una sepultura, este comporta el desahucio del nicho y el traslado de los...","breadcrumb":{"@id":"https:\/\/www.sindicaturabarcelona.cat\/es\/la-caducidad-de-un-derecho-funerario-cuando-se-produce-y-que-supone\/#breadcrumb"},"inLanguage":"es","potentialAction":[{"@type":"ReadAction","target":["https:\/\/www.sindicaturabarcelona.cat\/es\/la-caducidad-de-un-derecho-funerario-cuando-se-produce-y-que-supone\/"]}]},{"@type":"ImageObject","inLanguage":"es","@id":"https:\/\/www.sindicaturabarcelona.cat\/es\/la-caducidad-de-un-derecho-funerario-cuando-se-produce-y-que-supone\/#primaryimage","url":"https:\/\/www.sindicaturabarcelona.cat\/wp-content\/uploads\/2022\/06\/8576_DISE-Cementiri-de-Montjui\u0308c-14-12-14-VZ-44.jpg","contentUrl":"https:\/\/www.sindicaturabarcelona.cat\/wp-content\/uploads\/2022\/06\/8576_DISE-Cementiri-de-Montjui\u0308c-14-12-14-VZ-44.jpg","width":1024,"height":683,"caption":"Dret funerari"},{"@type":"BreadcrumbList","@id":"https:\/\/www.sindicaturabarcelona.cat\/es\/la-caducidad-de-un-derecho-funerario-cuando-se-produce-y-que-supone\/#breadcrumb","itemListElement":[{"@type":"ListItem","position":1,"name":"Inici","item":"https:\/\/www.sindicaturabarcelona.cat\/es\/"},{"@type":"ListItem","position":2,"name":"La caducidad de un derecho funerario: cu\u00e1ndo se produce y qu\u00e9 supone"}]},{"@type":"WebSite","@id":"https:\/\/www.sindicaturabarcelona.cat\/es\/#website","url":"https:\/\/www.sindicaturabarcelona.cat\/es\/","name":"Sindicatura de Greuges de Barcelona","description":"La defensoria dels teus drets","publisher":{"@id":"https:\/\/www.sindicaturabarcelona.cat\/es\/#organization"},"potentialAction":[{"@type":"SearchAction","target":{"@type":"EntryPoint","urlTemplate":"https:\/\/www.sindicaturabarcelona.cat\/es\/?s={search_term_string}"},"query-input":{"@type":"PropertyValueSpecification","valueRequired":true,"valueName":"search_term_string"}}],"inLanguage":"es"},{"@type":"Organization","@id":"https:\/\/www.sindicaturabarcelona.cat\/es\/#organization","name":"Sindicatura de Greuges de Barcelona","url":"https:\/\/www.sindicaturabarcelona.cat\/es\/","logo":{"@type":"ImageObject","inLanguage":"es","@id":"https:\/\/www.sindicaturabarcelona.cat\/es\/#\/schema\/logo\/image\/","url":"https:\/\/www.sindicaturabarcelona.cat\/wp-content\/uploads\/2023\/02\/logo_sindicatura.svg","contentUrl":"https:\/\/www.sindicaturabarcelona.cat\/wp-content\/uploads\/2023\/02\/logo_sindicatura.svg","caption":"Sindicatura de Greuges de Barcelona"},"image":{"@id":"https:\/\/www.sindicaturabarcelona.cat\/es\/#\/schema\/logo\/image\/"},"sameAs":["https:\/\/x.com\/sindicbarcelona","https:\/\/www.instagram.com\/sindicbarcelona\/","https:\/\/www.tiktok.com\/@sindicaturabcn","https:\/\/t.me\/sindicaturabarcelona"]},{"@type":"Person","@id":"https:\/\/www.sindicaturabarcelona.cat\/es\/#\/schema\/person\/0e5acffc350ffdbc97578159322c9452","name":"Pablo","image":{"@type":"ImageObject","inLanguage":"es","@id":"https:\/\/secure.gravatar.com\/avatar\/c948169b402ef9492afde705c3dfd5e90e1a6a84ef6840a91124f805a25a480f?s=96&d=mm&r=g","url":"https:\/\/secure.gravatar.com\/avatar\/c948169b402ef9492afde705c3dfd5e90e1a6a84ef6840a91124f805a25a480f?s=96&d=mm&r=g","contentUrl":"https:\/\/secure.gravatar.com\/avatar\/c948169b402ef9492afde705c3dfd5e90e1a6a84ef6840a91124f805a25a480f?s=96&d=mm&r=g","caption":"Pablo"},"url":"https:\/\/www.sindicaturabarcelona.cat\/es\/author\/pablo\/"}]}},"_links":{"self":[{"href":"https:\/\/www.sindicaturabarcelona.cat\/es\/wp-json\/wp\/v2\/posts\/14460","targetHints":{"allow":["GET"]}}],"collection":[{"href":"https:\/\/www.sindicaturabarcelona.cat\/es\/wp-json\/wp\/v2\/posts"}],"about":[{"href":"https:\/\/www.sindicaturabarcelona.cat\/es\/wp-json\/wp\/v2\/types\/post"}],"author":[{"embeddable":true,"href":"https:\/\/www.sindicaturabarcelona.cat\/es\/wp-json\/wp\/v2\/users\/2"}],"replies":[{"embeddable":true,"href":"https:\/\/www.sindicaturabarcelona.cat\/es\/wp-json\/wp\/v2\/comments?post=14460"}],"version-history":[{"count":0,"href":"https:\/\/www.sindicaturabarcelona.cat\/es\/wp-json\/wp\/v2\/posts\/14460\/revisions"}],"wp:featuredmedia":[{"embeddable":true,"href":"https:\/\/www.sindicaturabarcelona.cat\/es\/wp-json\/wp\/v2\/media\/14456"}],"wp:attachment":[{"href":"https:\/\/www.sindicaturabarcelona.cat\/es\/wp-json\/wp\/v2\/media?parent=14460"}],"wp:term":[{"taxonomy":"post_tag","embeddable":true,"href":"https:\/\/www.sindicaturabarcelona.cat\/es\/wp-json\/wp\/v2\/tags?post=14460"},{"taxonomy":"drets","embeddable":true,"href":"https:\/\/www.sindicaturabarcelona.cat\/es\/wp-json\/wp\/v2\/drets?post=14460"}],"curies":[{"name":"wp","href":"https:\/\/api.w.org\/{rel}","templated":true}]}}